{"id":10110,"date":"2020-08-18T11:00:30","date_gmt":"2020-08-18T10:00:30","guid":{"rendered":"http:\/\/revistadospneus.com\/pt\/?p=10110"},"modified":"2020-08-18T10:43:17","modified_gmt":"2020-08-18T09:43:17","slug":"a-gama-diversificada-permitiu-nos-suportar-melhor-o-abrandamento-de-vendas-luis-aniceto-s-jose-logistica-de-pneus","status":"publish","type":"post","link":"https:\/\/revistadospneus.com\/pt\/2020\/08\/18\/a-gama-diversificada-permitiu-nos-suportar-melhor-o-abrandamento-de-vendas-luis-aniceto-s-jose-logistica-de-pneus\/","title":{"rendered":"\u201cA gama diversificada permitiu-nos suportar melhor o abrandamento de vendas\u201d, Lu\u00eds Aniceto, S. Jos\u00e9 Log\u00edstica de Pneus"},"content":{"rendered":"<p><strong><img loading=\"lazy\" decoding=\"async\" class=\"alignnone wp-image-10113 size-full\" src=\"https:\/\/revistadospneus.com\/pt\/wp-content\/uploads\/2020\/08\/Lui\u0301s-Aniceto-administrador-da-S.-Jose\u0301-Logi\u0301stica-de-Pneus.jpg\" alt=\"08 - Lui\u0301s-Aniceto-administrador-da-S.-Jose\u0301-Logi\u0301stica-de-Pneus\" width=\"1024\" height=\"581\" srcset=\"https:\/\/revistadospneus.com\/pt\/wp-content\/uploads\/2020\/08\/Lui\u0301s-Aniceto-administrador-da-S.-Jose\u0301-Logi\u0301stica-de-Pneus.jpg 1024w, https:\/\/revistadospneus.com\/pt\/wp-content\/uploads\/2020\/08\/Lui\u0301s-Aniceto-administrador-da-S.-Jose\u0301-Logi\u0301stica-de-Pneus-300x170.jpg 300w, https:\/\/revistadospneus.com\/pt\/wp-content\/uploads\/2020\/08\/Lui\u0301s-Aniceto-administrador-da-S.-Jose\u0301-Logi\u0301stica-de-Pneus-150x85.jpg 150w, https:\/\/revistadospneus.com\/pt\/wp-content\/uploads\/2020\/08\/Lui\u0301s-Aniceto-administrador-da-S.-Jose\u0301-Logi\u0301stica-de-Pneus-768x436.jpg 768w\" sizes=\"auto, (max-width: 1024px) 100vw, 1024px\" \/><\/strong><\/p>\n<p><strong>A S. Jos\u00e9 Pneus continua empenhada na importante miss\u00e3o de garantir o fornecimento aos profissionais do setor, para que estes possam assegurar os servi\u00e7os m\u00ednimos.<\/strong><\/p>\n<p>Como possui uma gama diversificada, que vai desde o pneu de turismo ao cami\u00e3o e ainda todo o tipo de pneus de fora de estrada, tem suportado melhor o abrandamento de vendas mais sentido no mercado de pneus ligeiros, com vendas na gama de cami\u00e3o e na gama agroindustrial, j\u00e1 que sendo a log\u00edstica e a agricultura e produ\u00e7\u00e3o de bens uma atividade essencial, tamb\u00e9m aqui \u00e9 importante continuar a fornecer estes profissionais.<\/p>\n<p><strong>O que mudou na atividade da S. Jos\u00e9 Log\u00edstica de Pneus?<br \/>\n<\/strong>A S. Jos\u00e9 Pneus adaptou-se rapidamente a todas as altera\u00e7\u00f5es atrav\u00e9s da implementa\u00e7\u00e3o de um plano de conting\u00eancia que visa manter todas as atividades, refor\u00e7ando a seguran\u00e7a e a sa\u00fade dos nossos colaboradores.<\/p>\n<p><strong>Como est\u00e1 a necessidade de isolamento social a impactar na atividade da S. Jos\u00e9 Log\u00edstica de Pneus?<br \/>\n<\/strong>Atualmente trabalhamos com equipas distintas que permitem garantir todas as necessidades do mercado e temos alguns colaboradores em teletrabalho.<\/p>\n<p><strong>Que meios utilizam para manter o contacto com os clientes?<br \/>\n<\/strong>A S. Jos\u00e9 Pneus continua a privilegiar o canal online, atrav\u00e9s do seu portal de vendas, o atendimento telef\u00f3nico atrav\u00e9s do call center e a comunica\u00e7\u00e3o por e-mail.<\/p>\n<p><strong>Como est\u00e3o a apoiar os vossos clientes neste momento dif\u00edcil que o mercado est\u00e1 a viver?<br \/>\n<\/strong>Refor\u00e7amos que continuamos ao lado dos nossos clientes e que os apoiamos nas suas necessidades, que s\u00e3o de v\u00e1ria ordem.<\/p>\n<p><strong>Que boas pr\u00e1ticas est\u00e3o a ser implementadas pela S. Jos\u00e9 Log\u00edstica de Pneus para conseguir manter a atividade em seguran\u00e7a?<br \/>\n<\/strong>Como referido anteriormente, o primeiro passo foi criar um plano de conting\u00eancia apresentado a todos os colaboradores no sentido de os alertar e sensibilizar para a import\u00e2ncia vital de manter uma atitude preventiva e que foi bem recebido entre toda a equipa. As boas pr\u00e1ticas ao n\u00edvel da higiene foram desde logo iniciadas e dispomos de \u00e1lcool gel e m\u00e1scaras e viseiras. Para refor\u00e7ar a seguran\u00e7a de todos os nossos colaboradores, as nossas instala\u00e7\u00f5es deixaram de receber clientes ou fornecedores e privilegi\u00e1mos, desde logo, os canais digitais.<\/p>\n<p><strong>\u00c9 poss\u00edvel contabilizar j\u00e1 os preju\u00edzos causados pela Covid-19?<br \/>\n<\/strong>O mercado est\u00e1 a ressentir-se, pois a circula\u00e7\u00e3o reduzida faz com que existam menos pessoas na rua, menos ve\u00edculos a circular e investimentos suspensos, o que est\u00e1 a fazer o neg\u00f3cio abrandar colateralmente. Estamos atentos e a agir preventivamente!<\/p>\n<p><strong>Para quando antev\u00ea a retoma do setor? E de que forma?<br \/>\n<\/strong>O setor ir\u00e1 retomar gradualmente a sua atividade, mas nunca antes de Julho\/Agosto.<\/p>\n<p><strong>Na sua opini\u00e3o, o que vai acontecer ao setor dos pneus em Portugal p\u00f3s Covid-19?<br \/>\n<\/strong>O setor vai passar por uma fase cr\u00edtica, j\u00e1 que durante este ano a previs\u00e3o \u00e9 que n\u00e3o se vai voltar aos n\u00edveis de vendas anteriores a esta crise. O poder de compra baixou e tardar\u00e1 em recuperar, haver\u00e1 ajustes no modus vivendi da popula\u00e7\u00e3o e o setor vai ter de se ajustar a essa nova realidade. Ser\u00e1 dif\u00edcil manter os n\u00edveis de emprego se n\u00e3o se aumentar a oferta de servi\u00e7os. At\u00e9 ao final de ano, com custos fixos iguais e receitas em menor valor, v\u00e3o aumentar as dificuldades de tesouraria das empresas do setor, com tudo o que isso significa.<\/p>\n<p><strong>Que mensagem deseja transmitir ao setor para o futuro?<br \/>\n<\/strong>Acima de tudo pensamos que esta crise servir\u00e1 para nos readaptarmos, olharmos para os meios digitais como meios de comunica\u00e7\u00e3o principal e, acima de tudo, continuarmos a vender, mesmo com todos os desafios que nos s\u00e3o colocados. Temos de nos reinventar e continuar a manter a economia a funcionar, mesmo que a um ritmo mais lento.<\/p>\n<p>&nbsp;<\/p>\n<!-- AddThis Advanced Settings generic via filter on the_content --><!-- AddThis Share Buttons generic via filter on the_content -->","protected":false},"excerpt":{"rendered":"<p>A S. Jos\u00e9 Pneus continua empenhada na importante miss\u00e3o&#8230;<!-- AddThis Advanced Settings generic via filter on get_the_excerpt --><!-- AddThis Share Buttons generic via filter on get_the_excerpt --><\/p>\n","protected":false},"author":9,"featured_media":10113,"comment_status":"closed","ping_status":"closed","sticky":false,"template":"","format":"standard","meta":{"footnotes":""},"categories":[38],"tags":[912,942],"class_list":["post-10110","post","type-post","status-publish","format-standard","has-post-thumbnail","hentry","category-entrevistas","tag-revista-dos-pneus","tag-s-jose-logistica-de-pneus"],"yoast_head":"<!-- This site is optimized with the Yoast SEO plugin v27.5 - https:\/\/yoast.com\/product\/yoast-seo-wordpress\/ -->\n<title>\u201cA gama diversificada permitiu-nos suportar melhor o abrandamento de vendas\u201d, Lu\u00eds Aniceto, S. Jos\u00e9 Log\u00edstica de Pneus - Revista dos Pneus<\/title>\n<meta name=\"robots\" content=\"index, follow, max-snippet:-1, max-image-preview:large, max-video-preview:-1\" \/>\n<link rel=\"canonical\" href=\"https:\/\/revistadospneus.com\/pt\/2020\/08\/18\/a-gama-diversificada-permitiu-nos-suportar-melhor-o-abrandamento-de-vendas-luis-aniceto-s-jose-logistica-de-pneus\/\" \/>\n<meta property=\"og:locale\" content=\"pt_PT\" \/>\n<meta property=\"og:type\" content=\"article\" \/>\n<meta property=\"og:title\" content=\"\u201cA gama diversificada permitiu-nos suportar melhor o abrandamento de vendas\u201d, Lu\u00eds Aniceto, S. Jos\u00e9 Log\u00edstica de Pneus - Revista dos Pneus\" \/>\n<meta property=\"og:description\" content=\"A S. Jos\u00e9 Pneus continua empenhada na importante miss\u00e3o...\" \/>\n<meta property=\"og:url\" content=\"https:\/\/revistadospneus.com\/pt\/2020\/08\/18\/a-gama-diversificada-permitiu-nos-suportar-melhor-o-abrandamento-de-vendas-luis-aniceto-s-jose-logistica-de-pneus\/\" \/>\n<meta property=\"og:site_name\" content=\"Revista dos Pneus\" \/>\n<meta property=\"article:publisher\" content=\"https:\/\/www.facebook.com\/revistapneus\" \/>\n<meta property=\"article:published_time\" content=\"2020-08-18T10:00:30+00:00\" \/>\n<meta property=\"og:image\" content=\"https:\/\/revistadospneus.com\/pt\/wp-content\/uploads\/2020\/08\/Lui\u0301s-Aniceto-administrador-da-S.-Jose\u0301-Logi\u0301stica-de-Pneus.jpg\" \/>\n\t<meta property=\"og:image:width\" content=\"1024\" \/>\n\t<meta property=\"og:image:height\" content=\"581\" \/>\n\t<meta property=\"og:image:type\" content=\"image\/jpeg\" \/>\n<meta name=\"author\" content=\"Jo\u00e3o Vieira\" \/>\n<meta name=\"twitter:card\" content=\"summary_large_image\" \/>\n<meta name=\"twitter:creator\" content=\"@revistapneus\" \/>\n<meta name=\"twitter:site\" content=\"@revistapneus\" \/>\n<meta name=\"twitter:label1\" content=\"Escrito por\" \/>\n\t<meta name=\"twitter:data1\" content=\"Jo\u00e3o Vieira\" \/>\n\t<meta name=\"twitter:label2\" content=\"Tempo estimado de leitura\" \/>\n\t<meta name=\"twitter:data2\" content=\"3 minutos\" \/>\n<script type=\"application\/ld+json\" class=\"yoast-schema-graph\">{\"@context\":\"https:\\\/\\\/schema.org\",\"@graph\":[{\"@type\":\"Article\",\"@id\":\"https:\\\/\\\/revistadospneus.com\\\/pt\\\/2020\\\/08\\\/18\\\/a-gama-diversificada-permitiu-nos-suportar-melhor-o-abrandamento-de-vendas-luis-aniceto-s-jose-logistica-de-pneus\\\/#article\",\"isPartOf\":{\"@id\":\"https:\\\/\\\/revistadospneus.com\\\/pt\\\/2020\\\/08\\\/18\\\/a-gama-diversificada-permitiu-nos-suportar-melhor-o-abrandamento-de-vendas-luis-aniceto-s-jose-logistica-de-pneus\\\/\"},\"author\":{\"name\":\"Jo\u00e3o Vieira\",\"@id\":\"https:\\\/\\\/revistadospneus.com\\\/pt\\\/#\\\/schema\\\/person\\\/d145387c983f10ff81c1598f59ccd8b2\"},\"headline\":\"\u201cA gama diversificada permitiu-nos suportar melhor o abrandamento de vendas\u201d, Lu\u00eds Aniceto, S. Jos\u00e9 Log\u00edstica de Pneus\",\"datePublished\":\"2020-08-18T10:00:30+00:00\",\"mainEntityOfPage\":{\"@id\":\"https:\\\/\\\/revistadospneus.com\\\/pt\\\/2020\\\/08\\\/18\\\/a-gama-diversificada-permitiu-nos-suportar-melhor-o-abrandamento-de-vendas-luis-aniceto-s-jose-logistica-de-pneus\\\/\"},\"wordCount\":689,\"publisher\":{\"@id\":\"https:\\\/\\\/revistadospneus.com\\\/pt\\\/#organization\"},\"image\":{\"@id\":\"https:\\\/\\\/revistadospneus.com\\\/pt\\\/2020\\\/08\\\/18\\\/a-gama-diversificada-permitiu-nos-suportar-melhor-o-abrandamento-de-vendas-luis-aniceto-s-jose-logistica-de-pneus\\\/#primaryimage\"},\"thumbnailUrl\":\"https:\\\/\\\/revistadospneus.com\\\/pt\\\/wp-content\\\/uploads\\\/2020\\\/08\\\/Lui\u0301s-Aniceto-administrador-da-S.-Jose\u0301-Logi\u0301stica-de-Pneus.jpg\",\"keywords\":[\"Revista dos Pneus\",\"S. Jos\u00e9 Log\u00edstica de Pneus\"],\"articleSection\":[\"Entrevistas\"],\"inLanguage\":\"pt-PT\"},{\"@type\":\"WebPage\",\"@id\":\"https:\\\/\\\/revistadospneus.com\\\/pt\\\/2020\\\/08\\\/18\\\/a-gama-diversificada-permitiu-nos-suportar-melhor-o-abrandamento-de-vendas-luis-aniceto-s-jose-logistica-de-pneus\\\/\",\"url\":\"https:\\\/\\\/revistadospneus.com\\\/pt\\\/2020\\\/08\\\/18\\\/a-gama-diversificada-permitiu-nos-suportar-melhor-o-abrandamento-de-vendas-luis-aniceto-s-jose-logistica-de-pneus\\\/\",\"name\":\"\u201cA gama diversificada permitiu-nos suportar melhor o abrandamento de vendas\u201d, Lu\u00eds Aniceto, S. Jos\u00e9 Log\u00edstica de Pneus - Revista dos Pneus\",\"isPartOf\":{\"@id\":\"https:\\\/\\\/revistadospneus.com\\\/pt\\\/#website\"},\"primaryImageOfPage\":{\"@id\":\"https:\\\/\\\/revistadospneus.com\\\/pt\\\/2020\\\/08\\\/18\\\/a-gama-diversificada-permitiu-nos-suportar-melhor-o-abrandamento-de-vendas-luis-aniceto-s-jose-logistica-de-pneus\\\/#primaryimage\"},\"image\":{\"@id\":\"https:\\\/\\\/revistadospneus.com\\\/pt\\\/2020\\\/08\\\/18\\\/a-gama-diversificada-permitiu-nos-suportar-melhor-o-abrandamento-de-vendas-luis-aniceto-s-jose-logistica-de-pneus\\\/#primaryimage\"},\"thumbnailUrl\":\"https:\\\/\\\/revistadospneus.com\\\/pt\\\/wp-content\\\/uploads\\\/2020\\\/08\\\/Lui\u0301s-Aniceto-administrador-da-S.-Jose\u0301-Logi\u0301stica-de-Pneus.jpg\",\"datePublished\":\"2020-08-18T10:00:30+00:00\",\"breadcrumb\":{\"@id\":\"https:\\\/\\\/revistadospneus.com\\\/pt\\\/2020\\\/08\\\/18\\\/a-gama-diversificada-permitiu-nos-suportar-melhor-o-abrandamento-de-vendas-luis-aniceto-s-jose-logistica-de-pneus\\\/#breadcrumb\"},\"inLanguage\":\"pt-PT\",\"potentialAction\":[{\"@type\":\"ReadAction\",\"target\":[\"https:\\\/\\\/revistadospneus.com\\\/pt\\\/2020\\\/08\\\/18\\\/a-gama-diversificada-permitiu-nos-suportar-melhor-o-abrandamento-de-vendas-luis-aniceto-s-jose-logistica-de-pneus\\\/\"]}]},{\"@type\":\"ImageObject\",\"inLanguage\":\"pt-PT\",\"@id\":\"https:\\\/\\\/revistadospneus.com\\\/pt\\\/2020\\\/08\\\/18\\\/a-gama-diversificada-permitiu-nos-suportar-melhor-o-abrandamento-de-vendas-luis-aniceto-s-jose-logistica-de-pneus\\\/#primaryimage\",\"url\":\"https:\\\/\\\/revistadospneus.com\\\/pt\\\/wp-content\\\/uploads\\\/2020\\\/08\\\/Lui\u0301s-Aniceto-administrador-da-S.-Jose\u0301-Logi\u0301stica-de-Pneus.jpg\",\"contentUrl\":\"https:\\\/\\\/revistadospneus.com\\\/pt\\\/wp-content\\\/uploads\\\/2020\\\/08\\\/Lui\u0301s-Aniceto-administrador-da-S.-Jose\u0301-Logi\u0301stica-de-Pneus.jpg\",\"width\":1024,\"height\":581,\"caption\":\"08 - Lui\u0301s-Aniceto-administrador-da-S.-Jose\u0301-Logi\u0301stica-de-Pneus\"},{\"@type\":\"BreadcrumbList\",\"@id\":\"https:\\\/\\\/revistadospneus.com\\\/pt\\\/2020\\\/08\\\/18\\\/a-gama-diversificada-permitiu-nos-suportar-melhor-o-abrandamento-de-vendas-luis-aniceto-s-jose-logistica-de-pneus\\\/#breadcrumb\",\"itemListElement\":[{\"@type\":\"ListItem\",\"position\":1,\"name\":\"In\u00edcio\",\"item\":\"https:\\\/\\\/revistadospneus.com\\\/pt\\\/\"},{\"@type\":\"ListItem\",\"position\":2,\"name\":\"\u201cA gama diversificada permitiu-nos suportar melhor o abrandamento de vendas\u201d, Lu\u00eds Aniceto, S. Jos\u00e9 Log\u00edstica de Pneus\"}]},{\"@type\":\"WebSite\",\"@id\":\"https:\\\/\\\/revistadospneus.com\\\/pt\\\/#website\",\"url\":\"https:\\\/\\\/revistadospneus.com\\\/pt\\\/\",\"name\":\"Revista dos Pneus\",\"description\":\"Revista independente de pneus e servi\u00e7os r\u00e1pidos\",\"publisher\":{\"@id\":\"https:\\\/\\\/revistadospneus.com\\\/pt\\\/#organization\"},\"potentialAction\":[{\"@type\":\"SearchAction\",\"target\":{\"@type\":\"EntryPoint\",\"urlTemplate\":\"https:\\\/\\\/revistadospneus.com\\\/pt\\\/?s={search_term_string}\"},\"query-input\":{\"@type\":\"PropertyValueSpecification\",\"valueRequired\":true,\"valueName\":\"search_term_string\"}}],\"inLanguage\":\"pt-PT\"},{\"@type\":\"Organization\",\"@id\":\"https:\\\/\\\/revistadospneus.com\\\/pt\\\/#organization\",\"name\":\"Revista dos Pneus\",\"url\":\"https:\\\/\\\/revistadospneus.com\\\/pt\\\/\",\"logo\":{\"@type\":\"ImageObject\",\"inLanguage\":\"pt-PT\",\"@id\":\"https:\\\/\\\/revistadospneus.com\\\/pt\\\/#\\\/schema\\\/logo\\\/image\\\/\",\"url\":\"https:\\\/\\\/revistadospneus.com\\\/pt\\\/wp-content\\\/uploads\\\/logo2-1.png\",\"contentUrl\":\"https:\\\/\\\/revistadospneus.com\\\/pt\\\/wp-content\\\/uploads\\\/logo2-1.png\",\"width\":216,\"height\":70,\"caption\":\"Revista dos Pneus\"},\"image\":{\"@id\":\"https:\\\/\\\/revistadospneus.com\\\/pt\\\/#\\\/schema\\\/logo\\\/image\\\/\"},\"sameAs\":[\"https:\\\/\\\/www.facebook.com\\\/revistapneus\",\"https:\\\/\\\/x.com\\\/revistapneus\",\"https:\\\/\\\/www.linkedin.com\\\/company\\\/jornal-das-oficinas\\\/\",\"https:\\\/\\\/www.youtube.com\\\/channel\\\/UCbQZBqtcvV-oSQrr7RzINGg\"]},{\"@type\":\"Person\",\"@id\":\"https:\\\/\\\/revistadospneus.com\\\/pt\\\/#\\\/schema\\\/person\\\/d145387c983f10ff81c1598f59ccd8b2\",\"name\":\"Jo\u00e3o Vieira\",\"image\":{\"@type\":\"ImageObject\",\"inLanguage\":\"pt-PT\",\"@id\":\"https:\\\/\\\/secure.gravatar.com\\\/avatar\\\/441adcd63c03ba65286942d287eb8208a031ac45c48eecb30d63bf4cc7f790ee?s=96&d=wp_user_avatar&r=g\",\"url\":\"https:\\\/\\\/secure.gravatar.com\\\/avatar\\\/441adcd63c03ba65286942d287eb8208a031ac45c48eecb30d63bf4cc7f790ee?s=96&d=wp_user_avatar&r=g\",\"contentUrl\":\"https:\\\/\\\/secure.gravatar.com\\\/avatar\\\/441adcd63c03ba65286942d287eb8208a031ac45c48eecb30d63bf4cc7f790ee?s=96&d=wp_user_avatar&r=g\",\"caption\":\"Jo\u00e3o Vieira\"},\"url\":\"https:\\\/\\\/revistadospneus.com\\\/pt\\\/author\\\/joaovieira\\\/\"}]}<\/script>\n<!-- \/ Yoast SEO plugin. -->","yoast_head_json":{"title":"\u201cA gama diversificada permitiu-nos suportar melhor o abrandamento de vendas\u201d, Lu\u00eds Aniceto, S. Jos\u00e9 Log\u00edstica de Pneus - Revista dos Pneus","robots":{"index":"index","follow":"follow","max-snippet":"max-snippet:-1","max-image-preview":"max-image-preview:large","max-video-preview":"max-video-preview:-1"},"canonical":"https:\/\/revistadospneus.com\/pt\/2020\/08\/18\/a-gama-diversificada-permitiu-nos-suportar-melhor-o-abrandamento-de-vendas-luis-aniceto-s-jose-logistica-de-pneus\/","og_locale":"pt_PT","og_type":"article","og_title":"\u201cA gama diversificada permitiu-nos suportar melhor o abrandamento de vendas\u201d, Lu\u00eds Aniceto, S. Jos\u00e9 Log\u00edstica de Pneus - Revista dos Pneus","og_description":"A S. Jos\u00e9 Pneus continua empenhada na importante miss\u00e3o...","og_url":"https:\/\/revistadospneus.com\/pt\/2020\/08\/18\/a-gama-diversificada-permitiu-nos-suportar-melhor-o-abrandamento-de-vendas-luis-aniceto-s-jose-logistica-de-pneus\/","og_site_name":"Revista dos Pneus","article_publisher":"https:\/\/www.facebook.com\/revistapneus","article_published_time":"2020-08-18T10:00:30+00:00","og_image":[{"width":1024,"height":581,"url":"https:\/\/revistadospneus.com\/pt\/wp-content\/uploads\/2020\/08\/Lui\u0301s-Aniceto-administrador-da-S.-Jose\u0301-Logi\u0301stica-de-Pneus.jpg","type":"image\/jpeg"}],"author":"Jo\u00e3o Vieira","twitter_card":"summary_large_image","twitter_creator":"@revistapneus","twitter_site":"@revistapneus","twitter_misc":{"Escrito por":"Jo\u00e3o Vieira","Tempo estimado de leitura":"3 minutos"},"schema":{"@context":"https:\/\/schema.org","@graph":[{"@type":"Article","@id":"https:\/\/revistadospneus.com\/pt\/2020\/08\/18\/a-gama-diversificada-permitiu-nos-suportar-melhor-o-abrandamento-de-vendas-luis-aniceto-s-jose-logistica-de-pneus\/#article","isPartOf":{"@id":"https:\/\/revistadospneus.com\/pt\/2020\/08\/18\/a-gama-diversificada-permitiu-nos-suportar-melhor-o-abrandamento-de-vendas-luis-aniceto-s-jose-logistica-de-pneus\/"},"author":{"name":"Jo\u00e3o Vieira","@id":"https:\/\/revistadospneus.com\/pt\/#\/schema\/person\/d145387c983f10ff81c1598f59ccd8b2"},"headline":"\u201cA gama diversificada permitiu-nos suportar melhor o abrandamento de vendas\u201d, Lu\u00eds Aniceto, S. Jos\u00e9 Log\u00edstica de Pneus","datePublished":"2020-08-18T10:00:30+00:00","mainEntityOfPage":{"@id":"https:\/\/revistadospneus.com\/pt\/2020\/08\/18\/a-gama-diversificada-permitiu-nos-suportar-melhor-o-abrandamento-de-vendas-luis-aniceto-s-jose-logistica-de-pneus\/"},"wordCount":689,"publisher":{"@id":"https:\/\/revistadospneus.com\/pt\/#organization"},"image":{"@id":"https:\/\/revistadospneus.com\/pt\/2020\/08\/18\/a-gama-diversificada-permitiu-nos-suportar-melhor-o-abrandamento-de-vendas-luis-aniceto-s-jose-logistica-de-pneus\/#primaryimage"},"thumbnailUrl":"https:\/\/revistadospneus.com\/pt\/wp-content\/uploads\/2020\/08\/Lui\u0301s-Aniceto-administrador-da-S.-Jose\u0301-Logi\u0301stica-de-Pneus.jpg","keywords":["Revista dos Pneus","S. Jos\u00e9 Log\u00edstica de Pneus"],"articleSection":["Entrevistas"],"inLanguage":"pt-PT"},{"@type":"WebPage","@id":"https:\/\/revistadospneus.com\/pt\/2020\/08\/18\/a-gama-diversificada-permitiu-nos-suportar-melhor-o-abrandamento-de-vendas-luis-aniceto-s-jose-logistica-de-pneus\/","url":"https:\/\/revistadospneus.com\/pt\/2020\/08\/18\/a-gama-diversificada-permitiu-nos-suportar-melhor-o-abrandamento-de-vendas-luis-aniceto-s-jose-logistica-de-pneus\/","name":"\u201cA gama diversificada permitiu-nos suportar melhor o abrandamento de vendas\u201d, Lu\u00eds Aniceto, S. Jos\u00e9 Log\u00edstica de Pneus - Revista dos Pneus","isPartOf":{"@id":"https:\/\/revistadospneus.com\/pt\/#website"},"primaryImageOfPage":{"@id":"https:\/\/revistadospneus.com\/pt\/2020\/08\/18\/a-gama-diversificada-permitiu-nos-suportar-melhor-o-abrandamento-de-vendas-luis-aniceto-s-jose-logistica-de-pneus\/#primaryimage"},"image":{"@id":"https:\/\/revistadospneus.com\/pt\/2020\/08\/18\/a-gama-diversificada-permitiu-nos-suportar-melhor-o-abrandamento-de-vendas-luis-aniceto-s-jose-logistica-de-pneus\/#primaryimage"},"thumbnailUrl":"https:\/\/revistadospneus.com\/pt\/wp-content\/uploads\/2020\/08\/Lui\u0301s-Aniceto-administrador-da-S.-Jose\u0301-Logi\u0301stica-de-Pneus.jpg","datePublished":"2020-08-18T10:00:30+00:00","breadcrumb":{"@id":"https:\/\/revistadospneus.com\/pt\/2020\/08\/18\/a-gama-diversificada-permitiu-nos-suportar-melhor-o-abrandamento-de-vendas-luis-aniceto-s-jose-logistica-de-pneus\/#breadcrumb"},"inLanguage":"pt-PT","potentialAction":[{"@type":"ReadAction","target":["https:\/\/revistadospneus.com\/pt\/2020\/08\/18\/a-gama-diversificada-permitiu-nos-suportar-melhor-o-abrandamento-de-vendas-luis-aniceto-s-jose-logistica-de-pneus\/"]}]},{"@type":"ImageObject","inLanguage":"pt-PT","@id":"https:\/\/revistadospneus.com\/pt\/2020\/08\/18\/a-gama-diversificada-permitiu-nos-suportar-melhor-o-abrandamento-de-vendas-luis-aniceto-s-jose-logistica-de-pneus\/#primaryimage","url":"https:\/\/revistadospneus.com\/pt\/wp-content\/uploads\/2020\/08\/Lui\u0301s-Aniceto-administrador-da-S.-Jose\u0301-Logi\u0301stica-de-Pneus.jpg","contentUrl":"https:\/\/revistadospneus.com\/pt\/wp-content\/uploads\/2020\/08\/Lui\u0301s-Aniceto-administrador-da-S.-Jose\u0301-Logi\u0301stica-de-Pneus.jpg","width":1024,"height":581,"caption":"08 - Lui\u0301s-Aniceto-administrador-da-S.-Jose\u0301-Logi\u0301stica-de-Pneus"},{"@type":"BreadcrumbList","@id":"https:\/\/revistadospneus.com\/pt\/2020\/08\/18\/a-gama-diversificada-permitiu-nos-suportar-melhor-o-abrandamento-de-vendas-luis-aniceto-s-jose-logistica-de-pneus\/#breadcrumb","itemListElement":[{"@type":"ListItem","position":1,"name":"In\u00edcio","item":"https:\/\/revistadospneus.com\/pt\/"},{"@type":"ListItem","position":2,"name":"\u201cA gama diversificada permitiu-nos suportar melhor o abrandamento de vendas\u201d, Lu\u00eds Aniceto, S. Jos\u00e9 Log\u00edstica de Pneus"}]},{"@type":"WebSite","@id":"https:\/\/revistadospneus.com\/pt\/#website","url":"https:\/\/revistadospneus.com\/pt\/","name":"Revista dos Pneus","description":"Revista independente de pneus e servi\u00e7os r\u00e1pidos","publisher":{"@id":"https:\/\/revistadospneus.com\/pt\/#organization"},"potentialAction":[{"@type":"SearchAction","target":{"@type":"EntryPoint","urlTemplate":"https:\/\/revistadospneus.com\/pt\/?s={search_term_string}"},"query-input":{"@type":"PropertyValueSpecification","valueRequired":true,"valueName":"search_term_string"}}],"inLanguage":"pt-PT"},{"@type":"Organization","@id":"https:\/\/revistadospneus.com\/pt\/#organization","name":"Revista dos Pneus","url":"https:\/\/revistadospneus.com\/pt\/","logo":{"@type":"ImageObject","inLanguage":"pt-PT","@id":"https:\/\/revistadospneus.com\/pt\/#\/schema\/logo\/image\/","url":"https:\/\/revistadospneus.com\/pt\/wp-content\/uploads\/logo2-1.png","contentUrl":"https:\/\/revistadospneus.com\/pt\/wp-content\/uploads\/logo2-1.png","width":216,"height":70,"caption":"Revista dos Pneus"},"image":{"@id":"https:\/\/revistadospneus.com\/pt\/#\/schema\/logo\/image\/"},"sameAs":["https:\/\/www.facebook.com\/revistapneus","https:\/\/x.com\/revistapneus","https:\/\/www.linkedin.com\/company\/jornal-das-oficinas\/","https:\/\/www.youtube.com\/channel\/UCbQZBqtcvV-oSQrr7RzINGg"]},{"@type":"Person","@id":"https:\/\/revistadospneus.com\/pt\/#\/schema\/person\/d145387c983f10ff81c1598f59ccd8b2","name":"Jo\u00e3o Vieira","image":{"@type":"ImageObject","inLanguage":"pt-PT","@id":"https:\/\/secure.gravatar.com\/avatar\/441adcd63c03ba65286942d287eb8208a031ac45c48eecb30d63bf4cc7f790ee?s=96&d=wp_user_avatar&r=g","url":"https:\/\/secure.gravatar.com\/avatar\/441adcd63c03ba65286942d287eb8208a031ac45c48eecb30d63bf4cc7f790ee?s=96&d=wp_user_avatar&r=g","contentUrl":"https:\/\/secure.gravatar.com\/avatar\/441adcd63c03ba65286942d287eb8208a031ac45c48eecb30d63bf4cc7f790ee?s=96&d=wp_user_avatar&r=g","caption":"Jo\u00e3o Vieira"},"url":"https:\/\/revistadospneus.com\/pt\/author\/joaovieira\/"}]}},"_links":{"self":[{"href":"https:\/\/revistadospneus.com\/pt\/wp-json\/wp\/v2\/posts\/10110","targetHints":{"allow":["GET"]}}],"collection":[{"href":"https:\/\/revistadospneus.com\/pt\/wp-json\/wp\/v2\/posts"}],"about":[{"href":"https:\/\/revistadospneus.com\/pt\/wp-json\/wp\/v2\/types\/post"}],"author":[{"embeddable":true,"href":"https:\/\/revistadospneus.com\/pt\/wp-json\/wp\/v2\/users\/9"}],"replies":[{"embeddable":true,"href":"https:\/\/revistadospneus.com\/pt\/wp-json\/wp\/v2\/comments?post=10110"}],"version-history":[{"count":0,"href":"https:\/\/revistadospneus.com\/pt\/wp-json\/wp\/v2\/posts\/10110\/revisions"}],"wp:featuredmedia":[{"embeddable":true,"href":"https:\/\/revistadospneus.com\/pt\/wp-json\/wp\/v2\/media\/10113"}],"wp:attachment":[{"href":"https:\/\/revistadospneus.com\/pt\/wp-json\/wp\/v2\/media?parent=10110"}],"wp:term":[{"taxonomy":"category","embeddable":true,"href":"https:\/\/revistadospneus.com\/pt\/wp-json\/wp\/v2\/categories?post=10110"},{"taxonomy":"post_tag","embeddable":true,"href":"https:\/\/revistadospneus.com\/pt\/wp-json\/wp\/v2\/tags?post=10110"}],"curies":[{"name":"wp","href":"https:\/\/api.w.org\/{rel}","templated":true}]}}