{"id":10136,"date":"2020-08-25T12:00:27","date_gmt":"2020-08-25T11:00:27","guid":{"rendered":"http:\/\/revistadospneus.com\/pt\/?p=10136"},"modified":"2020-08-25T09:01:26","modified_gmt":"2020-08-25T08:01:26","slug":"bridgestone-anuncia-mudanca-na-estrutura-de-vendas","status":"publish","type":"post","link":"https:\/\/revistadospneus.com\/pt\/2020\/08\/25\/bridgestone-anuncia-mudanca-na-estrutura-de-vendas\/","title":{"rendered":"Bridgestone anuncia mudan\u00e7a na estrutura de vendas"},"content":{"rendered":"<p><strong><img loading=\"lazy\" decoding=\"async\" class=\"alignnone wp-image-10126 size-full\" src=\"https:\/\/revistadospneus.com\/pt\/wp-content\/uploads\/2020\/08\/Bridgestone-anuncia.jpg\" alt=\"08 - Bridgestone-anuncia\" width=\"1024\" height=\"581\" srcset=\"https:\/\/revistadospneus.com\/pt\/wp-content\/uploads\/2020\/08\/Bridgestone-anuncia.jpg 1024w, https:\/\/revistadospneus.com\/pt\/wp-content\/uploads\/2020\/08\/Bridgestone-anuncia-300x170.jpg 300w, https:\/\/revistadospneus.com\/pt\/wp-content\/uploads\/2020\/08\/Bridgestone-anuncia-150x85.jpg 150w, https:\/\/revistadospneus.com\/pt\/wp-content\/uploads\/2020\/08\/Bridgestone-anuncia-768x436.jpg 768w\" sizes=\"auto, (max-width: 1024px) 100vw, 1024px\" \/><\/strong><\/p>\n<p><strong>Na sua jornada para se tornar uma empresa que fornece solu\u00e7\u00f5es avan\u00e7adas de mobilidade, a Bridgestone EMIA (Europa, M\u00e9dio Oriente, \u00cdndia e \u00c1frica) colocou um forte foco no crescimento e capacita\u00e7\u00e3o da sua talentosa equipa global.<\/strong><\/p>\n<p>Num novo movimento para colocar esse foco em a\u00e7\u00e3o, a empresa anunciou mudan\u00e7as internas na sua estrutura de lideran\u00e7a de vendas.<\/p>\n<p>O atual Vice-Presidente da Bridgestone EMIA para a \u00e1rea de Produtos Comerciais de Reposi\u00e7\u00e3o e EO, Steven De Bock, ir\u00e1 tornar-se Vice-Presidente da EMIA da \u00e1rea de Produtos de Consumo de Reposi\u00e7\u00e3o e EO.<\/p>\n<p>Desde 2002 que integra a Bridgestone, De Bock ocupou v\u00e1rios cargos ao longo do tempo na empresa, incluindo ser respons\u00e1vel pelos neg\u00f3cios de pneus para ve\u00edculos pesados e recauchutagem. Nos \u00faltimos anos, De Bock e a sua equipa contribu\u00edram significativamente para o sucesso da divis\u00e3o comercial da Bridgestone no crescimento da posi\u00e7\u00e3o da empresa nos segmentos de cami\u00f5es e autocarros, ve\u00edculos agr\u00edcolas e off-the-road. A mudan\u00e7a foi feita pela empresa para aprimorar e implantar ainda mais as suas prioridades estrat\u00e9gicas de ponta a ponta na \u00e1rea de Neg\u00f3cio do Consumidor.<\/p>\n<p>Al\u00e9m disso, o atual Vice-Presidente EMIA da \u00e1rea de Produtos de Consumo de Reposi\u00e7\u00e3o e EO, Mark Tejedor, foi nomeado Vice-Presidente EMIA para a \u00e1rea de Produtos Comerciais de Reposi\u00e7\u00e3o e EO. Tejedor ingressou na Bridgestone em 2014 como Vice-Presidente da Regi\u00e3o Sudoeste, antes de assumir o seu cargo atual. Na \u00e1rea de Produtos de Consumo de Reposi\u00e7\u00e3o e EO, foi fundamental no estabelecimento de uma estrat\u00e9gia EO sustent\u00e1vel de m\u00e9dio\/longo prazo para os neg\u00f3cios na EMIA, que incluiu o foco em segmentos de mix estrat\u00e9gico, garantindo valor de ponta a ponta e salvaguardando o futuro do neg\u00f3cio de reposi\u00e7\u00e3o da Bridgestone.<\/p>\n<p>Tamb\u00e9m Mirella Cielo, que tem sido fundamental na organiza\u00e7\u00e3o da \u00e1rea de Produtos Comerciais de Reposi\u00e7\u00e3o da Bridgestone EMIA ao longo dos seus tr\u00eas anos no neg\u00f3cio, parte para a Bridgestone Am\u00e9ricas para se tornar Presidente de Vendas de Pneus de Substitui\u00e7\u00e3o para o Consumidor, nos EUA e Canad\u00e1.<\/p>\n<p>Sobre estas mudan\u00e7as, Daniel Giroud, Diretor de Vendas da Bridgestone EMIA, refere: \u201cEstou muito contente em ver o Steven e o Mark a progredirem nas suas respetivas posi\u00e7\u00f5es. \u00c9 importante que n\u00f3s, como empresa, reconhe\u00e7amos e recompensemos o talento e o trabalho \u00e1rduo. Ambos desempenharam pap\u00e9is de destaque desde que chegaram ao neg\u00f3cio e continuar\u00e3o a faz\u00ea-lo \u00e0 medida que o nosso neg\u00f3cio se transforma de um neg\u00f3cio de pneus premium para l\u00edderes em solu\u00e7\u00f5es de mobilidade. Embora estejamos tristes por ver a Mirella deixar a regi\u00e3o, ela continua a ser uma parte importante da Bridgestone; os nossos colegas na Am\u00e9rica do Norte t\u00eam muita sorte em t\u00ea-la.\u201d<\/p>\n<!-- AddThis Advanced Settings generic via filter on the_content --><!-- AddThis Share Buttons generic via filter on the_content -->","protected":false},"excerpt":{"rendered":"<p>Na sua jornada para se tornar uma empresa que&#8230;<!-- AddThis Advanced Settings generic via filter on get_the_excerpt --><!-- AddThis Share Buttons generic via filter on get_the_excerpt --><\/p>\n","protected":false},"author":9,"featured_media":10126,"comment_status":"closed","ping_status":"closed","sticky":false,"template":"","format":"standard","meta":{"footnotes":""},"categories":[29],"tags":[917],"class_list":["post-10136","post","type-post","status-publish","format-standard","has-post-thumbnail","hentry","category-empresas","tag-bridgestone"],"yoast_head":"<!-- This site is optimized with the Yoast SEO plugin v27.4 - https:\/\/yoast.com\/product\/yoast-seo-wordpress\/ -->\n<title>Bridgestone anuncia mudan\u00e7a na estrutura de vendas - Revista dos Pneus<\/title>\n<meta name=\"robots\" content=\"index, follow, max-snippet:-1, max-image-preview:large, max-video-preview:-1\" \/>\n<link rel=\"canonical\" href=\"https:\/\/revistadospneus.com\/pt\/2020\/08\/25\/bridgestone-anuncia-mudanca-na-estrutura-de-vendas\/\" \/>\n<meta property=\"og:locale\" content=\"pt_PT\" \/>\n<meta property=\"og:type\" content=\"article\" \/>\n<meta property=\"og:title\" content=\"Bridgestone anuncia mudan\u00e7a na estrutura de vendas - Revista dos Pneus\" \/>\n<meta property=\"og:description\" content=\"Na sua jornada para se tornar uma empresa que...\" \/>\n<meta property=\"og:url\" content=\"https:\/\/revistadospneus.com\/pt\/2020\/08\/25\/bridgestone-anuncia-mudanca-na-estrutura-de-vendas\/\" \/>\n<meta property=\"og:site_name\" content=\"Revista dos Pneus\" \/>\n<meta property=\"article:publisher\" content=\"https:\/\/www.facebook.com\/revistapneus\" \/>\n<meta property=\"article:published_time\" content=\"2020-08-25T11:00:27+00:00\" \/>\n<meta property=\"og:image\" content=\"https:\/\/revistadospneus.com\/pt\/wp-content\/uploads\/2020\/08\/Bridgestone-anuncia.jpg\" \/>\n\t<meta property=\"og:image:width\" content=\"1024\" \/>\n\t<meta property=\"og:image:height\" content=\"581\" \/>\n\t<meta property=\"og:image:type\" content=\"image\/jpeg\" \/>\n<meta name=\"author\" content=\"Jo\u00e3o Vieira\" \/>\n<meta name=\"twitter:card\" content=\"summary_large_image\" \/>\n<meta name=\"twitter:creator\" content=\"@revistapneus\" \/>\n<meta name=\"twitter:site\" content=\"@revistapneus\" \/>\n<meta name=\"twitter:label1\" content=\"Escrito por\" \/>\n\t<meta name=\"twitter:data1\" content=\"Jo\u00e3o Vieira\" \/>\n\t<meta name=\"twitter:label2\" content=\"Tempo estimado de leitura\" \/>\n\t<meta name=\"twitter:data2\" content=\"2 minutos\" \/>\n<script type=\"application\/ld+json\" class=\"yoast-schema-graph\">{\"@context\":\"https:\\\/\\\/schema.org\",\"@graph\":[{\"@type\":\"Article\",\"@id\":\"https:\\\/\\\/revistadospneus.com\\\/pt\\\/2020\\\/08\\\/25\\\/bridgestone-anuncia-mudanca-na-estrutura-de-vendas\\\/#article\",\"isPartOf\":{\"@id\":\"https:\\\/\\\/revistadospneus.com\\\/pt\\\/2020\\\/08\\\/25\\\/bridgestone-anuncia-mudanca-na-estrutura-de-vendas\\\/\"},\"author\":{\"name\":\"Jo\u00e3o Vieira\",\"@id\":\"https:\\\/\\\/revistadospneus.com\\\/pt\\\/#\\\/schema\\\/person\\\/d145387c983f10ff81c1598f59ccd8b2\"},\"headline\":\"Bridgestone anuncia mudan\u00e7a na estrutura de vendas\",\"datePublished\":\"2020-08-25T11:00:27+00:00\",\"mainEntityOfPage\":{\"@id\":\"https:\\\/\\\/revistadospneus.com\\\/pt\\\/2020\\\/08\\\/25\\\/bridgestone-anuncia-mudanca-na-estrutura-de-vendas\\\/\"},\"wordCount\":502,\"publisher\":{\"@id\":\"https:\\\/\\\/revistadospneus.com\\\/pt\\\/#organization\"},\"image\":{\"@id\":\"https:\\\/\\\/revistadospneus.com\\\/pt\\\/2020\\\/08\\\/25\\\/bridgestone-anuncia-mudanca-na-estrutura-de-vendas\\\/#primaryimage\"},\"thumbnailUrl\":\"https:\\\/\\\/revistadospneus.com\\\/pt\\\/wp-content\\\/uploads\\\/2020\\\/08\\\/Bridgestone-anuncia.jpg\",\"keywords\":[\"Bridgestone\"],\"articleSection\":[\"Empresas\"],\"inLanguage\":\"pt-PT\"},{\"@type\":\"WebPage\",\"@id\":\"https:\\\/\\\/revistadospneus.com\\\/pt\\\/2020\\\/08\\\/25\\\/bridgestone-anuncia-mudanca-na-estrutura-de-vendas\\\/\",\"url\":\"https:\\\/\\\/revistadospneus.com\\\/pt\\\/2020\\\/08\\\/25\\\/bridgestone-anuncia-mudanca-na-estrutura-de-vendas\\\/\",\"name\":\"Bridgestone anuncia mudan\u00e7a na estrutura de vendas - Revista dos Pneus\",\"isPartOf\":{\"@id\":\"https:\\\/\\\/revistadospneus.com\\\/pt\\\/#website\"},\"primaryImageOfPage\":{\"@id\":\"https:\\\/\\\/revistadospneus.com\\\/pt\\\/2020\\\/08\\\/25\\\/bridgestone-anuncia-mudanca-na-estrutura-de-vendas\\\/#primaryimage\"},\"image\":{\"@id\":\"https:\\\/\\\/revistadospneus.com\\\/pt\\\/2020\\\/08\\\/25\\\/bridgestone-anuncia-mudanca-na-estrutura-de-vendas\\\/#primaryimage\"},\"thumbnailUrl\":\"https:\\\/\\\/revistadospneus.com\\\/pt\\\/wp-content\\\/uploads\\\/2020\\\/08\\\/Bridgestone-anuncia.jpg\",\"datePublished\":\"2020-08-25T11:00:27+00:00\",\"breadcrumb\":{\"@id\":\"https:\\\/\\\/revistadospneus.com\\\/pt\\\/2020\\\/08\\\/25\\\/bridgestone-anuncia-mudanca-na-estrutura-de-vendas\\\/#breadcrumb\"},\"inLanguage\":\"pt-PT\",\"potentialAction\":[{\"@type\":\"ReadAction\",\"target\":[\"https:\\\/\\\/revistadospneus.com\\\/pt\\\/2020\\\/08\\\/25\\\/bridgestone-anuncia-mudanca-na-estrutura-de-vendas\\\/\"]}]},{\"@type\":\"ImageObject\",\"inLanguage\":\"pt-PT\",\"@id\":\"https:\\\/\\\/revistadospneus.com\\\/pt\\\/2020\\\/08\\\/25\\\/bridgestone-anuncia-mudanca-na-estrutura-de-vendas\\\/#primaryimage\",\"url\":\"https:\\\/\\\/revistadospneus.com\\\/pt\\\/wp-content\\\/uploads\\\/2020\\\/08\\\/Bridgestone-anuncia.jpg\",\"contentUrl\":\"https:\\\/\\\/revistadospneus.com\\\/pt\\\/wp-content\\\/uploads\\\/2020\\\/08\\\/Bridgestone-anuncia.jpg\",\"width\":1024,\"height\":581,\"caption\":\"08 - Bridgestone-anuncia\"},{\"@type\":\"BreadcrumbList\",\"@id\":\"https:\\\/\\\/revistadospneus.com\\\/pt\\\/2020\\\/08\\\/25\\\/bridgestone-anuncia-mudanca-na-estrutura-de-vendas\\\/#breadcrumb\",\"itemListElement\":[{\"@type\":\"ListItem\",\"position\":1,\"name\":\"In\u00edcio\",\"item\":\"https:\\\/\\\/revistadospneus.com\\\/pt\\\/\"},{\"@type\":\"ListItem\",\"position\":2,\"name\":\"Bridgestone anuncia mudan\u00e7a na estrutura de vendas\"}]},{\"@type\":\"WebSite\",\"@id\":\"https:\\\/\\\/revistadospneus.com\\\/pt\\\/#website\",\"url\":\"https:\\\/\\\/revistadospneus.com\\\/pt\\\/\",\"name\":\"Revista dos Pneus\",\"description\":\"Revista independente de pneus e servi\u00e7os r\u00e1pidos\",\"publisher\":{\"@id\":\"https:\\\/\\\/revistadospneus.com\\\/pt\\\/#organization\"},\"potentialAction\":[{\"@type\":\"SearchAction\",\"target\":{\"@type\":\"EntryPoint\",\"urlTemplate\":\"https:\\\/\\\/revistadospneus.com\\\/pt\\\/?s={search_term_string}\"},\"query-input\":{\"@type\":\"PropertyValueSpecification\",\"valueRequired\":true,\"valueName\":\"search_term_string\"}}],\"inLanguage\":\"pt-PT\"},{\"@type\":\"Organization\",\"@id\":\"https:\\\/\\\/revistadospneus.com\\\/pt\\\/#organization\",\"name\":\"Revista dos Pneus\",\"url\":\"https:\\\/\\\/revistadospneus.com\\\/pt\\\/\",\"logo\":{\"@type\":\"ImageObject\",\"inLanguage\":\"pt-PT\",\"@id\":\"https:\\\/\\\/revistadospneus.com\\\/pt\\\/#\\\/schema\\\/logo\\\/image\\\/\",\"url\":\"https:\\\/\\\/revistadospneus.com\\\/pt\\\/wp-content\\\/uploads\\\/logo2-1.png\",\"contentUrl\":\"https:\\\/\\\/revistadospneus.com\\\/pt\\\/wp-content\\\/uploads\\\/logo2-1.png\",\"width\":216,\"height\":70,\"caption\":\"Revista dos Pneus\"},\"image\":{\"@id\":\"https:\\\/\\\/revistadospneus.com\\\/pt\\\/#\\\/schema\\\/logo\\\/image\\\/\"},\"sameAs\":[\"https:\\\/\\\/www.facebook.com\\\/revistapneus\",\"https:\\\/\\\/x.com\\\/revistapneus\",\"https:\\\/\\\/www.linkedin.com\\\/company\\\/jornal-das-oficinas\\\/\",\"https:\\\/\\\/www.youtube.com\\\/channel\\\/UCbQZBqtcvV-oSQrr7RzINGg\"]},{\"@type\":\"Person\",\"@id\":\"https:\\\/\\\/revistadospneus.com\\\/pt\\\/#\\\/schema\\\/person\\\/d145387c983f10ff81c1598f59ccd8b2\",\"name\":\"Jo\u00e3o Vieira\",\"image\":{\"@type\":\"ImageObject\",\"inLanguage\":\"pt-PT\",\"@id\":\"https:\\\/\\\/secure.gravatar.com\\\/avatar\\\/441adcd63c03ba65286942d287eb8208a031ac45c48eecb30d63bf4cc7f790ee?s=96&d=wp_user_avatar&r=g\",\"url\":\"https:\\\/\\\/secure.gravatar.com\\\/avatar\\\/441adcd63c03ba65286942d287eb8208a031ac45c48eecb30d63bf4cc7f790ee?s=96&d=wp_user_avatar&r=g\",\"contentUrl\":\"https:\\\/\\\/secure.gravatar.com\\\/avatar\\\/441adcd63c03ba65286942d287eb8208a031ac45c48eecb30d63bf4cc7f790ee?s=96&d=wp_user_avatar&r=g\",\"caption\":\"Jo\u00e3o Vieira\"},\"url\":\"https:\\\/\\\/revistadospneus.com\\\/pt\\\/author\\\/joaovieira\\\/\"}]}<\/script>\n<!-- \/ Yoast SEO plugin. -->","yoast_head_json":{"title":"Bridgestone anuncia mudan\u00e7a na estrutura de vendas - Revista dos Pneus","robots":{"index":"index","follow":"follow","max-snippet":"max-snippet:-1","max-image-preview":"max-image-preview:large","max-video-preview":"max-video-preview:-1"},"canonical":"https:\/\/revistadospneus.com\/pt\/2020\/08\/25\/bridgestone-anuncia-mudanca-na-estrutura-de-vendas\/","og_locale":"pt_PT","og_type":"article","og_title":"Bridgestone anuncia mudan\u00e7a na estrutura de vendas - Revista dos Pneus","og_description":"Na sua jornada para se tornar uma empresa que...","og_url":"https:\/\/revistadospneus.com\/pt\/2020\/08\/25\/bridgestone-anuncia-mudanca-na-estrutura-de-vendas\/","og_site_name":"Revista dos Pneus","article_publisher":"https:\/\/www.facebook.com\/revistapneus","article_published_time":"2020-08-25T11:00:27+00:00","og_image":[{"width":1024,"height":581,"url":"https:\/\/revistadospneus.com\/pt\/wp-content\/uploads\/2020\/08\/Bridgestone-anuncia.jpg","type":"image\/jpeg"}],"author":"Jo\u00e3o Vieira","twitter_card":"summary_large_image","twitter_creator":"@revistapneus","twitter_site":"@revistapneus","twitter_misc":{"Escrito por":"Jo\u00e3o Vieira","Tempo estimado de leitura":"2 minutos"},"schema":{"@context":"https:\/\/schema.org","@graph":[{"@type":"Article","@id":"https:\/\/revistadospneus.com\/pt\/2020\/08\/25\/bridgestone-anuncia-mudanca-na-estrutura-de-vendas\/#article","isPartOf":{"@id":"https:\/\/revistadospneus.com\/pt\/2020\/08\/25\/bridgestone-anuncia-mudanca-na-estrutura-de-vendas\/"},"author":{"name":"Jo\u00e3o Vieira","@id":"https:\/\/revistadospneus.com\/pt\/#\/schema\/person\/d145387c983f10ff81c1598f59ccd8b2"},"headline":"Bridgestone anuncia mudan\u00e7a na estrutura de vendas","datePublished":"2020-08-25T11:00:27+00:00","mainEntityOfPage":{"@id":"https:\/\/revistadospneus.com\/pt\/2020\/08\/25\/bridgestone-anuncia-mudanca-na-estrutura-de-vendas\/"},"wordCount":502,"publisher":{"@id":"https:\/\/revistadospneus.com\/pt\/#organization"},"image":{"@id":"https:\/\/revistadospneus.com\/pt\/2020\/08\/25\/bridgestone-anuncia-mudanca-na-estrutura-de-vendas\/#primaryimage"},"thumbnailUrl":"https:\/\/revistadospneus.com\/pt\/wp-content\/uploads\/2020\/08\/Bridgestone-anuncia.jpg","keywords":["Bridgestone"],"articleSection":["Empresas"],"inLanguage":"pt-PT"},{"@type":"WebPage","@id":"https:\/\/revistadospneus.com\/pt\/2020\/08\/25\/bridgestone-anuncia-mudanca-na-estrutura-de-vendas\/","url":"https:\/\/revistadospneus.com\/pt\/2020\/08\/25\/bridgestone-anuncia-mudanca-na-estrutura-de-vendas\/","name":"Bridgestone anuncia mudan\u00e7a na estrutura de vendas - Revista dos Pneus","isPartOf":{"@id":"https:\/\/revistadospneus.com\/pt\/#website"},"primaryImageOfPage":{"@id":"https:\/\/revistadospneus.com\/pt\/2020\/08\/25\/bridgestone-anuncia-mudanca-na-estrutura-de-vendas\/#primaryimage"},"image":{"@id":"https:\/\/revistadospneus.com\/pt\/2020\/08\/25\/bridgestone-anuncia-mudanca-na-estrutura-de-vendas\/#primaryimage"},"thumbnailUrl":"https:\/\/revistadospneus.com\/pt\/wp-content\/uploads\/2020\/08\/Bridgestone-anuncia.jpg","datePublished":"2020-08-25T11:00:27+00:00","breadcrumb":{"@id":"https:\/\/revistadospneus.com\/pt\/2020\/08\/25\/bridgestone-anuncia-mudanca-na-estrutura-de-vendas\/#breadcrumb"},"inLanguage":"pt-PT","potentialAction":[{"@type":"ReadAction","target":["https:\/\/revistadospneus.com\/pt\/2020\/08\/25\/bridgestone-anuncia-mudanca-na-estrutura-de-vendas\/"]}]},{"@type":"ImageObject","inLanguage":"pt-PT","@id":"https:\/\/revistadospneus.com\/pt\/2020\/08\/25\/bridgestone-anuncia-mudanca-na-estrutura-de-vendas\/#primaryimage","url":"https:\/\/revistadospneus.com\/pt\/wp-content\/uploads\/2020\/08\/Bridgestone-anuncia.jpg","contentUrl":"https:\/\/revistadospneus.com\/pt\/wp-content\/uploads\/2020\/08\/Bridgestone-anuncia.jpg","width":1024,"height":581,"caption":"08 - Bridgestone-anuncia"},{"@type":"BreadcrumbList","@id":"https:\/\/revistadospneus.com\/pt\/2020\/08\/25\/bridgestone-anuncia-mudanca-na-estrutura-de-vendas\/#breadcrumb","itemListElement":[{"@type":"ListItem","position":1,"name":"In\u00edcio","item":"https:\/\/revistadospneus.com\/pt\/"},{"@type":"ListItem","position":2,"name":"Bridgestone anuncia mudan\u00e7a na estrutura de vendas"}]},{"@type":"WebSite","@id":"https:\/\/revistadospneus.com\/pt\/#website","url":"https:\/\/revistadospneus.com\/pt\/","name":"Revista dos Pneus","description":"Revista independente de pneus e servi\u00e7os r\u00e1pidos","publisher":{"@id":"https:\/\/revistadospneus.com\/pt\/#organization"},"potentialAction":[{"@type":"SearchAction","target":{"@type":"EntryPoint","urlTemplate":"https:\/\/revistadospneus.com\/pt\/?s={search_term_string}"},"query-input":{"@type":"PropertyValueSpecification","valueRequired":true,"valueName":"search_term_string"}}],"inLanguage":"pt-PT"},{"@type":"Organization","@id":"https:\/\/revistadospneus.com\/pt\/#organization","name":"Revista dos Pneus","url":"https:\/\/revistadospneus.com\/pt\/","logo":{"@type":"ImageObject","inLanguage":"pt-PT","@id":"https:\/\/revistadospneus.com\/pt\/#\/schema\/logo\/image\/","url":"https:\/\/revistadospneus.com\/pt\/wp-content\/uploads\/logo2-1.png","contentUrl":"https:\/\/revistadospneus.com\/pt\/wp-content\/uploads\/logo2-1.png","width":216,"height":70,"caption":"Revista dos Pneus"},"image":{"@id":"https:\/\/revistadospneus.com\/pt\/#\/schema\/logo\/image\/"},"sameAs":["https:\/\/www.facebook.com\/revistapneus","https:\/\/x.com\/revistapneus","https:\/\/www.linkedin.com\/company\/jornal-das-oficinas\/","https:\/\/www.youtube.com\/channel\/UCbQZBqtcvV-oSQrr7RzINGg"]},{"@type":"Person","@id":"https:\/\/revistadospneus.com\/pt\/#\/schema\/person\/d145387c983f10ff81c1598f59ccd8b2","name":"Jo\u00e3o Vieira","image":{"@type":"ImageObject","inLanguage":"pt-PT","@id":"https:\/\/secure.gravatar.com\/avatar\/441adcd63c03ba65286942d287eb8208a031ac45c48eecb30d63bf4cc7f790ee?s=96&d=wp_user_avatar&r=g","url":"https:\/\/secure.gravatar.com\/avatar\/441adcd63c03ba65286942d287eb8208a031ac45c48eecb30d63bf4cc7f790ee?s=96&d=wp_user_avatar&r=g","contentUrl":"https:\/\/secure.gravatar.com\/avatar\/441adcd63c03ba65286942d287eb8208a031ac45c48eecb30d63bf4cc7f790ee?s=96&d=wp_user_avatar&r=g","caption":"Jo\u00e3o Vieira"},"url":"https:\/\/revistadospneus.com\/pt\/author\/joaovieira\/"}]}},"_links":{"self":[{"href":"https:\/\/revistadospneus.com\/pt\/wp-json\/wp\/v2\/posts\/10136","targetHints":{"allow":["GET"]}}],"collection":[{"href":"https:\/\/revistadospneus.com\/pt\/wp-json\/wp\/v2\/posts"}],"about":[{"href":"https:\/\/revistadospneus.com\/pt\/wp-json\/wp\/v2\/types\/post"}],"author":[{"embeddable":true,"href":"https:\/\/revistadospneus.com\/pt\/wp-json\/wp\/v2\/users\/9"}],"replies":[{"embeddable":true,"href":"https:\/\/revistadospneus.com\/pt\/wp-json\/wp\/v2\/comments?post=10136"}],"version-history":[{"count":0,"href":"https:\/\/revistadospneus.com\/pt\/wp-json\/wp\/v2\/posts\/10136\/revisions"}],"wp:featuredmedia":[{"embeddable":true,"href":"https:\/\/revistadospneus.com\/pt\/wp-json\/wp\/v2\/media\/10126"}],"wp:attachment":[{"href":"https:\/\/revistadospneus.com\/pt\/wp-json\/wp\/v2\/media?parent=10136"}],"wp:term":[{"taxonomy":"category","embeddable":true,"href":"https:\/\/revistadospneus.com\/pt\/wp-json\/wp\/v2\/categories?post=10136"},{"taxonomy":"post_tag","embeddable":true,"href":"https:\/\/revistadospneus.com\/pt\/wp-json\/wp\/v2\/tags?post=10136"}],"curies":[{"name":"wp","href":"https:\/\/api.w.org\/{rel}","templated":true}]}}