{"id":10198,"date":"2020-09-04T14:00:01","date_gmt":"2020-09-04T13:00:01","guid":{"rendered":"http:\/\/revistadospneus.com\/pt\/?p=10198"},"modified":"2020-09-03T11:07:30","modified_gmt":"2020-09-03T10:07:30","slug":"kenda-fortalece-equipa-com-novas-contratacoes","status":"publish","type":"post","link":"https:\/\/revistadospneus.com\/pt\/2020\/09\/04\/kenda-fortalece-equipa-com-novas-contratacoes\/","title":{"rendered":"KENDA fortalece equipa com novas contrata\u00e7\u00f5es"},"content":{"rendered":"<p><img loading=\"lazy\" decoding=\"async\" class=\"alignnone wp-image-10187 size-full\" src=\"https:\/\/revistadospneus.com\/pt\/wp-content\/uploads\/2020\/09\/KENDA-fortalece-equipa.png\" alt=\"09 - KENDA-fortalece-equipa\" width=\"1024\" height=\"581\" srcset=\"https:\/\/revistadospneus.com\/pt\/wp-content\/uploads\/2020\/09\/KENDA-fortalece-equipa.png 1024w, https:\/\/revistadospneus.com\/pt\/wp-content\/uploads\/2020\/09\/KENDA-fortalece-equipa-300x170.png 300w, https:\/\/revistadospneus.com\/pt\/wp-content\/uploads\/2020\/09\/KENDA-fortalece-equipa-150x85.png 150w, https:\/\/revistadospneus.com\/pt\/wp-content\/uploads\/2020\/09\/KENDA-fortalece-equipa-768x436.png 768w\" sizes=\"auto, (max-width: 1024px) 100vw, 1024px\" \/><\/p>\n<p><strong>A KENDA anunciou o fortalecimento da sua equipa global com duas novas contrata\u00e7\u00f5es, que trazem um excecional suporte de vendas para a Europa e agregam amplo know-how de engenharia ao KENDA European Technical Centre (KETC).<\/strong><\/p>\n<p>Michael Eckert ingressou como Diretor de Vendas e\u00a0 Engin \u00dcnal como Engenheiro respons\u00e1vel pelo departamento t\u00e9cnico, a partir de 1 de agosto. Michael Eckert tem um forte hist\u00f3rico de vendas e traz mais de 25 anos de experi\u00eancia com grandes empresas de pneus. Um percurso de sucesso fez com que Michael progredisse continuamente nas diversas fun\u00e7\u00f5es que desempenhou nas empresas por onde passou: \u201cTrabalhei durante muitos anos na ind\u00fastria europeia de pneus\u201d, diz Eckert, \u201ce constru\u00ed fortes liga\u00e7\u00f5es e experi\u00eancia em vendas, desenvolvimento de produtos e promo\u00e7\u00e3o de marcas. Portanto, estou ansioso para trazer meu conhecimento e experi\u00eancia para a equipa KENDA e para divulgar as novidades de nosso extenso portf\u00f3lio para a nossa base de clientes.\u201d<\/p>\n<p>De sua base em Gersthofen (perto de Munique) na Alemanha, Michael torna-se o Diretor de Vendas para pa\u00edses de l\u00edngua alem\u00e3, apoiando o marketing KENDA nas regi\u00f5es. \u201cO nosso objetivo \u00e9 aumentar a participa\u00e7\u00e3o de mercado da KENDA na Europa, levar a marca a novos patamares, ampliar a nossa base de clientes e trazer uma proposta de valor diferenciada para a nossa rede de revendedores. Este \u00e9 um momento emocionante para a empresa, e estou muito feliz por aqui estar. \u201d<\/p>\n<p>Enquanto Michael se ambienta \u00e0 sua nova fun\u00e7\u00e3o, a KENDA continua no caminho certo com seus planos para aumentar as capacidades de seu Centro T\u00e9cnico Europeu KENDA (KETC) em Winsen (Luhe). Engin \u00dcnal junta-se \u00e0 equipa como Engenheiro, onde se concentrar\u00e1 na no desenvolvimento de novos produtos, auxiliado pelo sistema de An\u00e1lise de Elementos Finitos (FEA).<\/p>\n<p>\u201cEstou muito animado para trazer a minha experi\u00eancia e conhecimentos para a KENDA\u201d, diz Engin. \u201cEsta \u00e9 uma empresa forte e ambiciosa, com um portef\u00f3lio diversificado com o qual tenho o prazer de trabalhar, desenvolvendo solu\u00e7\u00f5es inovadoras para os desafios que os automobilistas europeus enfrentam. Com a equipa e os recursos da KETC, espero ajudar a KENDA a concretizar os seus objetivos estrat\u00e9gicos, com a cria\u00e7\u00e3o de pneus que proporcionam desempenhos excecionais em todos os n\u00edveis.\u201d<\/p>\n<p>Ao dar as boas-vindas a ambas as novas contrata\u00e7\u00f5es a bordo, Jimmy Yang, Presidente da Kenda Global e Diretor Executivo da Kenda Europe, disse: \u201cEstamos muito satisfeitos que estes dois profissionais se tenham juntado \u00e0 fam\u00edlia KENDA. Como parte do nosso plano de crescimento cont\u00ednuo no mercado europeu, estas contrata\u00e7\u00f5es refor\u00e7am ainda mais o nosso compromisso com os distribuidores e clientes. Dou as boas-vindas a Michael e Engin, e tenho certeza que eles alcan\u00e7ar\u00e3o \u00f3timos resultados aqui no KENDA. \u201d<\/p>\n<!-- AddThis Advanced Settings generic via filter on the_content --><!-- AddThis Share Buttons generic via filter on the_content -->","protected":false},"excerpt":{"rendered":"<p>A KENDA anunciou o fortalecimento da sua equipa global&#8230;<!-- AddThis Advanced Settings generic via filter on get_the_excerpt --><!-- AddThis Share Buttons generic via filter on get_the_excerpt --><\/p>\n","protected":false},"author":9,"featured_media":10187,"comment_status":"closed","ping_status":"closed","sticky":false,"template":"","format":"standard","meta":{"footnotes":""},"categories":[29],"tags":[1119],"class_list":["post-10198","post","type-post","status-publish","format-standard","has-post-thumbnail","hentry","category-empresas","tag-kenda-tire"],"yoast_head":"<!-- This site is optimized with the Yoast SEO plugin v27.4 - https:\/\/yoast.com\/product\/yoast-seo-wordpress\/ -->\n<title>KENDA fortalece equipa com novas contrata\u00e7\u00f5es - Revista dos Pneus<\/title>\n<meta name=\"robots\" content=\"index, follow, max-snippet:-1, max-image-preview:large, max-video-preview:-1\" \/>\n<link rel=\"canonical\" href=\"https:\/\/revistadospneus.com\/pt\/2020\/09\/04\/kenda-fortalece-equipa-com-novas-contratacoes\/\" \/>\n<meta property=\"og:locale\" content=\"pt_PT\" \/>\n<meta property=\"og:type\" content=\"article\" \/>\n<meta property=\"og:title\" content=\"KENDA fortalece equipa com novas contrata\u00e7\u00f5es - Revista dos Pneus\" \/>\n<meta property=\"og:description\" content=\"A KENDA anunciou o fortalecimento da sua equipa global...\" \/>\n<meta property=\"og:url\" content=\"https:\/\/revistadospneus.com\/pt\/2020\/09\/04\/kenda-fortalece-equipa-com-novas-contratacoes\/\" \/>\n<meta property=\"og:site_name\" content=\"Revista dos Pneus\" \/>\n<meta property=\"article:publisher\" content=\"https:\/\/www.facebook.com\/revistapneus\" \/>\n<meta property=\"article:published_time\" content=\"2020-09-04T13:00:01+00:00\" \/>\n<meta property=\"og:image\" content=\"https:\/\/revistadospneus.com\/pt\/wp-content\/uploads\/2020\/09\/KENDA-fortalece-equipa.png\" \/>\n\t<meta property=\"og:image:width\" content=\"1024\" \/>\n\t<meta property=\"og:image:height\" content=\"581\" \/>\n\t<meta property=\"og:image:type\" content=\"image\/png\" \/>\n<meta name=\"author\" content=\"Jo\u00e3o Vieira\" \/>\n<meta name=\"twitter:card\" content=\"summary_large_image\" \/>\n<meta name=\"twitter:creator\" content=\"@revistapneus\" \/>\n<meta name=\"twitter:site\" content=\"@revistapneus\" \/>\n<meta name=\"twitter:label1\" content=\"Escrito por\" \/>\n\t<meta name=\"twitter:data1\" content=\"Jo\u00e3o Vieira\" \/>\n\t<meta name=\"twitter:label2\" content=\"Tempo estimado de leitura\" \/>\n\t<meta name=\"twitter:data2\" content=\"2 minutos\" \/>\n<script type=\"application\/ld+json\" class=\"yoast-schema-graph\">{\"@context\":\"https:\\\/\\\/schema.org\",\"@graph\":[{\"@type\":\"Article\",\"@id\":\"https:\\\/\\\/revistadospneus.com\\\/pt\\\/2020\\\/09\\\/04\\\/kenda-fortalece-equipa-com-novas-contratacoes\\\/#article\",\"isPartOf\":{\"@id\":\"https:\\\/\\\/revistadospneus.com\\\/pt\\\/2020\\\/09\\\/04\\\/kenda-fortalece-equipa-com-novas-contratacoes\\\/\"},\"author\":{\"name\":\"Jo\u00e3o Vieira\",\"@id\":\"https:\\\/\\\/revistadospneus.com\\\/pt\\\/#\\\/schema\\\/person\\\/d145387c983f10ff81c1598f59ccd8b2\"},\"headline\":\"KENDA fortalece equipa com novas contrata\u00e7\u00f5es\",\"datePublished\":\"2020-09-04T13:00:01+00:00\",\"mainEntityOfPage\":{\"@id\":\"https:\\\/\\\/revistadospneus.com\\\/pt\\\/2020\\\/09\\\/04\\\/kenda-fortalece-equipa-com-novas-contratacoes\\\/\"},\"wordCount\":474,\"publisher\":{\"@id\":\"https:\\\/\\\/revistadospneus.com\\\/pt\\\/#organization\"},\"image\":{\"@id\":\"https:\\\/\\\/revistadospneus.com\\\/pt\\\/2020\\\/09\\\/04\\\/kenda-fortalece-equipa-com-novas-contratacoes\\\/#primaryimage\"},\"thumbnailUrl\":\"https:\\\/\\\/revistadospneus.com\\\/pt\\\/wp-content\\\/uploads\\\/2020\\\/09\\\/KENDA-fortalece-equipa.png\",\"keywords\":[\"KENDA Tire\"],\"articleSection\":[\"Empresas\"],\"inLanguage\":\"pt-PT\"},{\"@type\":\"WebPage\",\"@id\":\"https:\\\/\\\/revistadospneus.com\\\/pt\\\/2020\\\/09\\\/04\\\/kenda-fortalece-equipa-com-novas-contratacoes\\\/\",\"url\":\"https:\\\/\\\/revistadospneus.com\\\/pt\\\/2020\\\/09\\\/04\\\/kenda-fortalece-equipa-com-novas-contratacoes\\\/\",\"name\":\"KENDA fortalece equipa com novas contrata\u00e7\u00f5es - Revista dos Pneus\",\"isPartOf\":{\"@id\":\"https:\\\/\\\/revistadospneus.com\\\/pt\\\/#website\"},\"primaryImageOfPage\":{\"@id\":\"https:\\\/\\\/revistadospneus.com\\\/pt\\\/2020\\\/09\\\/04\\\/kenda-fortalece-equipa-com-novas-contratacoes\\\/#primaryimage\"},\"image\":{\"@id\":\"https:\\\/\\\/revistadospneus.com\\\/pt\\\/2020\\\/09\\\/04\\\/kenda-fortalece-equipa-com-novas-contratacoes\\\/#primaryimage\"},\"thumbnailUrl\":\"https:\\\/\\\/revistadospneus.com\\\/pt\\\/wp-content\\\/uploads\\\/2020\\\/09\\\/KENDA-fortalece-equipa.png\",\"datePublished\":\"2020-09-04T13:00:01+00:00\",\"breadcrumb\":{\"@id\":\"https:\\\/\\\/revistadospneus.com\\\/pt\\\/2020\\\/09\\\/04\\\/kenda-fortalece-equipa-com-novas-contratacoes\\\/#breadcrumb\"},\"inLanguage\":\"pt-PT\",\"potentialAction\":[{\"@type\":\"ReadAction\",\"target\":[\"https:\\\/\\\/revistadospneus.com\\\/pt\\\/2020\\\/09\\\/04\\\/kenda-fortalece-equipa-com-novas-contratacoes\\\/\"]}]},{\"@type\":\"ImageObject\",\"inLanguage\":\"pt-PT\",\"@id\":\"https:\\\/\\\/revistadospneus.com\\\/pt\\\/2020\\\/09\\\/04\\\/kenda-fortalece-equipa-com-novas-contratacoes\\\/#primaryimage\",\"url\":\"https:\\\/\\\/revistadospneus.com\\\/pt\\\/wp-content\\\/uploads\\\/2020\\\/09\\\/KENDA-fortalece-equipa.png\",\"contentUrl\":\"https:\\\/\\\/revistadospneus.com\\\/pt\\\/wp-content\\\/uploads\\\/2020\\\/09\\\/KENDA-fortalece-equipa.png\",\"width\":1024,\"height\":581,\"caption\":\"09 - KENDA-fortalece-equipa\"},{\"@type\":\"BreadcrumbList\",\"@id\":\"https:\\\/\\\/revistadospneus.com\\\/pt\\\/2020\\\/09\\\/04\\\/kenda-fortalece-equipa-com-novas-contratacoes\\\/#breadcrumb\",\"itemListElement\":[{\"@type\":\"ListItem\",\"position\":1,\"name\":\"In\u00edcio\",\"item\":\"https:\\\/\\\/revistadospneus.com\\\/pt\\\/\"},{\"@type\":\"ListItem\",\"position\":2,\"name\":\"KENDA fortalece equipa com novas contrata\u00e7\u00f5es\"}]},{\"@type\":\"WebSite\",\"@id\":\"https:\\\/\\\/revistadospneus.com\\\/pt\\\/#website\",\"url\":\"https:\\\/\\\/revistadospneus.com\\\/pt\\\/\",\"name\":\"Revista dos Pneus\",\"description\":\"Revista independente de pneus e servi\u00e7os r\u00e1pidos\",\"publisher\":{\"@id\":\"https:\\\/\\\/revistadospneus.com\\\/pt\\\/#organization\"},\"potentialAction\":[{\"@type\":\"SearchAction\",\"target\":{\"@type\":\"EntryPoint\",\"urlTemplate\":\"https:\\\/\\\/revistadospneus.com\\\/pt\\\/?s={search_term_string}\"},\"query-input\":{\"@type\":\"PropertyValueSpecification\",\"valueRequired\":true,\"valueName\":\"search_term_string\"}}],\"inLanguage\":\"pt-PT\"},{\"@type\":\"Organization\",\"@id\":\"https:\\\/\\\/revistadospneus.com\\\/pt\\\/#organization\",\"name\":\"Revista dos Pneus\",\"url\":\"https:\\\/\\\/revistadospneus.com\\\/pt\\\/\",\"logo\":{\"@type\":\"ImageObject\",\"inLanguage\":\"pt-PT\",\"@id\":\"https:\\\/\\\/revistadospneus.com\\\/pt\\\/#\\\/schema\\\/logo\\\/image\\\/\",\"url\":\"https:\\\/\\\/revistadospneus.com\\\/pt\\\/wp-content\\\/uploads\\\/logo2-1.png\",\"contentUrl\":\"https:\\\/\\\/revistadospneus.com\\\/pt\\\/wp-content\\\/uploads\\\/logo2-1.png\",\"width\":216,\"height\":70,\"caption\":\"Revista dos Pneus\"},\"image\":{\"@id\":\"https:\\\/\\\/revistadospneus.com\\\/pt\\\/#\\\/schema\\\/logo\\\/image\\\/\"},\"sameAs\":[\"https:\\\/\\\/www.facebook.com\\\/revistapneus\",\"https:\\\/\\\/x.com\\\/revistapneus\",\"https:\\\/\\\/www.linkedin.com\\\/company\\\/jornal-das-oficinas\\\/\",\"https:\\\/\\\/www.youtube.com\\\/channel\\\/UCbQZBqtcvV-oSQrr7RzINGg\"]},{\"@type\":\"Person\",\"@id\":\"https:\\\/\\\/revistadospneus.com\\\/pt\\\/#\\\/schema\\\/person\\\/d145387c983f10ff81c1598f59ccd8b2\",\"name\":\"Jo\u00e3o Vieira\",\"image\":{\"@type\":\"ImageObject\",\"inLanguage\":\"pt-PT\",\"@id\":\"https:\\\/\\\/secure.gravatar.com\\\/avatar\\\/441adcd63c03ba65286942d287eb8208a031ac45c48eecb30d63bf4cc7f790ee?s=96&d=wp_user_avatar&r=g\",\"url\":\"https:\\\/\\\/secure.gravatar.com\\\/avatar\\\/441adcd63c03ba65286942d287eb8208a031ac45c48eecb30d63bf4cc7f790ee?s=96&d=wp_user_avatar&r=g\",\"contentUrl\":\"https:\\\/\\\/secure.gravatar.com\\\/avatar\\\/441adcd63c03ba65286942d287eb8208a031ac45c48eecb30d63bf4cc7f790ee?s=96&d=wp_user_avatar&r=g\",\"caption\":\"Jo\u00e3o Vieira\"},\"url\":\"https:\\\/\\\/revistadospneus.com\\\/pt\\\/author\\\/joaovieira\\\/\"}]}<\/script>\n<!-- \/ Yoast SEO plugin. -->","yoast_head_json":{"title":"KENDA fortalece equipa com novas contrata\u00e7\u00f5es - Revista dos Pneus","robots":{"index":"index","follow":"follow","max-snippet":"max-snippet:-1","max-image-preview":"max-image-preview:large","max-video-preview":"max-video-preview:-1"},"canonical":"https:\/\/revistadospneus.com\/pt\/2020\/09\/04\/kenda-fortalece-equipa-com-novas-contratacoes\/","og_locale":"pt_PT","og_type":"article","og_title":"KENDA fortalece equipa com novas contrata\u00e7\u00f5es - Revista dos Pneus","og_description":"A KENDA anunciou o fortalecimento da sua equipa global...","og_url":"https:\/\/revistadospneus.com\/pt\/2020\/09\/04\/kenda-fortalece-equipa-com-novas-contratacoes\/","og_site_name":"Revista dos Pneus","article_publisher":"https:\/\/www.facebook.com\/revistapneus","article_published_time":"2020-09-04T13:00:01+00:00","og_image":[{"width":1024,"height":581,"url":"https:\/\/revistadospneus.com\/pt\/wp-content\/uploads\/2020\/09\/KENDA-fortalece-equipa.png","type":"image\/png"}],"author":"Jo\u00e3o Vieira","twitter_card":"summary_large_image","twitter_creator":"@revistapneus","twitter_site":"@revistapneus","twitter_misc":{"Escrito por":"Jo\u00e3o Vieira","Tempo estimado de leitura":"2 minutos"},"schema":{"@context":"https:\/\/schema.org","@graph":[{"@type":"Article","@id":"https:\/\/revistadospneus.com\/pt\/2020\/09\/04\/kenda-fortalece-equipa-com-novas-contratacoes\/#article","isPartOf":{"@id":"https:\/\/revistadospneus.com\/pt\/2020\/09\/04\/kenda-fortalece-equipa-com-novas-contratacoes\/"},"author":{"name":"Jo\u00e3o Vieira","@id":"https:\/\/revistadospneus.com\/pt\/#\/schema\/person\/d145387c983f10ff81c1598f59ccd8b2"},"headline":"KENDA fortalece equipa com novas contrata\u00e7\u00f5es","datePublished":"2020-09-04T13:00:01+00:00","mainEntityOfPage":{"@id":"https:\/\/revistadospneus.com\/pt\/2020\/09\/04\/kenda-fortalece-equipa-com-novas-contratacoes\/"},"wordCount":474,"publisher":{"@id":"https:\/\/revistadospneus.com\/pt\/#organization"},"image":{"@id":"https:\/\/revistadospneus.com\/pt\/2020\/09\/04\/kenda-fortalece-equipa-com-novas-contratacoes\/#primaryimage"},"thumbnailUrl":"https:\/\/revistadospneus.com\/pt\/wp-content\/uploads\/2020\/09\/KENDA-fortalece-equipa.png","keywords":["KENDA Tire"],"articleSection":["Empresas"],"inLanguage":"pt-PT"},{"@type":"WebPage","@id":"https:\/\/revistadospneus.com\/pt\/2020\/09\/04\/kenda-fortalece-equipa-com-novas-contratacoes\/","url":"https:\/\/revistadospneus.com\/pt\/2020\/09\/04\/kenda-fortalece-equipa-com-novas-contratacoes\/","name":"KENDA fortalece equipa com novas contrata\u00e7\u00f5es - Revista dos Pneus","isPartOf":{"@id":"https:\/\/revistadospneus.com\/pt\/#website"},"primaryImageOfPage":{"@id":"https:\/\/revistadospneus.com\/pt\/2020\/09\/04\/kenda-fortalece-equipa-com-novas-contratacoes\/#primaryimage"},"image":{"@id":"https:\/\/revistadospneus.com\/pt\/2020\/09\/04\/kenda-fortalece-equipa-com-novas-contratacoes\/#primaryimage"},"thumbnailUrl":"https:\/\/revistadospneus.com\/pt\/wp-content\/uploads\/2020\/09\/KENDA-fortalece-equipa.png","datePublished":"2020-09-04T13:00:01+00:00","breadcrumb":{"@id":"https:\/\/revistadospneus.com\/pt\/2020\/09\/04\/kenda-fortalece-equipa-com-novas-contratacoes\/#breadcrumb"},"inLanguage":"pt-PT","potentialAction":[{"@type":"ReadAction","target":["https:\/\/revistadospneus.com\/pt\/2020\/09\/04\/kenda-fortalece-equipa-com-novas-contratacoes\/"]}]},{"@type":"ImageObject","inLanguage":"pt-PT","@id":"https:\/\/revistadospneus.com\/pt\/2020\/09\/04\/kenda-fortalece-equipa-com-novas-contratacoes\/#primaryimage","url":"https:\/\/revistadospneus.com\/pt\/wp-content\/uploads\/2020\/09\/KENDA-fortalece-equipa.png","contentUrl":"https:\/\/revistadospneus.com\/pt\/wp-content\/uploads\/2020\/09\/KENDA-fortalece-equipa.png","width":1024,"height":581,"caption":"09 - KENDA-fortalece-equipa"},{"@type":"BreadcrumbList","@id":"https:\/\/revistadospneus.com\/pt\/2020\/09\/04\/kenda-fortalece-equipa-com-novas-contratacoes\/#breadcrumb","itemListElement":[{"@type":"ListItem","position":1,"name":"In\u00edcio","item":"https:\/\/revistadospneus.com\/pt\/"},{"@type":"ListItem","position":2,"name":"KENDA fortalece equipa com novas contrata\u00e7\u00f5es"}]},{"@type":"WebSite","@id":"https:\/\/revistadospneus.com\/pt\/#website","url":"https:\/\/revistadospneus.com\/pt\/","name":"Revista dos Pneus","description":"Revista independente de pneus e servi\u00e7os r\u00e1pidos","publisher":{"@id":"https:\/\/revistadospneus.com\/pt\/#organization"},"potentialAction":[{"@type":"SearchAction","target":{"@type":"EntryPoint","urlTemplate":"https:\/\/revistadospneus.com\/pt\/?s={search_term_string}"},"query-input":{"@type":"PropertyValueSpecification","valueRequired":true,"valueName":"search_term_string"}}],"inLanguage":"pt-PT"},{"@type":"Organization","@id":"https:\/\/revistadospneus.com\/pt\/#organization","name":"Revista dos Pneus","url":"https:\/\/revistadospneus.com\/pt\/","logo":{"@type":"ImageObject","inLanguage":"pt-PT","@id":"https:\/\/revistadospneus.com\/pt\/#\/schema\/logo\/image\/","url":"https:\/\/revistadospneus.com\/pt\/wp-content\/uploads\/logo2-1.png","contentUrl":"https:\/\/revistadospneus.com\/pt\/wp-content\/uploads\/logo2-1.png","width":216,"height":70,"caption":"Revista dos Pneus"},"image":{"@id":"https:\/\/revistadospneus.com\/pt\/#\/schema\/logo\/image\/"},"sameAs":["https:\/\/www.facebook.com\/revistapneus","https:\/\/x.com\/revistapneus","https:\/\/www.linkedin.com\/company\/jornal-das-oficinas\/","https:\/\/www.youtube.com\/channel\/UCbQZBqtcvV-oSQrr7RzINGg"]},{"@type":"Person","@id":"https:\/\/revistadospneus.com\/pt\/#\/schema\/person\/d145387c983f10ff81c1598f59ccd8b2","name":"Jo\u00e3o Vieira","image":{"@type":"ImageObject","inLanguage":"pt-PT","@id":"https:\/\/secure.gravatar.com\/avatar\/441adcd63c03ba65286942d287eb8208a031ac45c48eecb30d63bf4cc7f790ee?s=96&d=wp_user_avatar&r=g","url":"https:\/\/secure.gravatar.com\/avatar\/441adcd63c03ba65286942d287eb8208a031ac45c48eecb30d63bf4cc7f790ee?s=96&d=wp_user_avatar&r=g","contentUrl":"https:\/\/secure.gravatar.com\/avatar\/441adcd63c03ba65286942d287eb8208a031ac45c48eecb30d63bf4cc7f790ee?s=96&d=wp_user_avatar&r=g","caption":"Jo\u00e3o Vieira"},"url":"https:\/\/revistadospneus.com\/pt\/author\/joaovieira\/"}]}},"_links":{"self":[{"href":"https:\/\/revistadospneus.com\/pt\/wp-json\/wp\/v2\/posts\/10198","targetHints":{"allow":["GET"]}}],"collection":[{"href":"https:\/\/revistadospneus.com\/pt\/wp-json\/wp\/v2\/posts"}],"about":[{"href":"https:\/\/revistadospneus.com\/pt\/wp-json\/wp\/v2\/types\/post"}],"author":[{"embeddable":true,"href":"https:\/\/revistadospneus.com\/pt\/wp-json\/wp\/v2\/users\/9"}],"replies":[{"embeddable":true,"href":"https:\/\/revistadospneus.com\/pt\/wp-json\/wp\/v2\/comments?post=10198"}],"version-history":[{"count":0,"href":"https:\/\/revistadospneus.com\/pt\/wp-json\/wp\/v2\/posts\/10198\/revisions"}],"wp:featuredmedia":[{"embeddable":true,"href":"https:\/\/revistadospneus.com\/pt\/wp-json\/wp\/v2\/media\/10187"}],"wp:attachment":[{"href":"https:\/\/revistadospneus.com\/pt\/wp-json\/wp\/v2\/media?parent=10198"}],"wp:term":[{"taxonomy":"category","embeddable":true,"href":"https:\/\/revistadospneus.com\/pt\/wp-json\/wp\/v2\/categories?post=10198"},{"taxonomy":"post_tag","embeddable":true,"href":"https:\/\/revistadospneus.com\/pt\/wp-json\/wp\/v2\/tags?post=10198"}],"curies":[{"name":"wp","href":"https:\/\/api.w.org\/{rel}","templated":true}]}}