{"id":10242,"date":"2020-09-08T14:30:35","date_gmt":"2020-09-08T13:30:35","guid":{"rendered":"http:\/\/revistadospneus.com\/pt\/?p=10242"},"modified":"2020-09-08T13:43:19","modified_gmt":"2020-09-08T12:43:19","slug":"temos-de-apreender-a-viver-neste-novo-normal-o-mais-rapido-possivel-jose-azevedo-da-mota-pneurama","status":"publish","type":"post","link":"https:\/\/revistadospneus.com\/pt\/2020\/09\/08\/temos-de-apreender-a-viver-neste-novo-normal-o-mais-rapido-possivel-jose-azevedo-da-mota-pneurama\/","title":{"rendered":"\u201cTemos de apreender a viver neste novo normal o mais r\u00e1pido poss\u00edvel\u201d, Jos\u00e9 Azevedo da Mota, Pneurama"},"content":{"rendered":"<p><strong><img loading=\"lazy\" decoding=\"async\" class=\"alignnone wp-image-10238 size-full\" src=\"https:\/\/revistadospneus.com\/pt\/wp-content\/uploads\/2020\/09\/Jose\u0301-Azevedo-Mota-diretor-geral-da-Pneurama.png\" alt=\"09 - Jose\u0301-Azevedo-Mota-diretor-geral-da-Pneurama\" width=\"1024\" height=\"581\" srcset=\"https:\/\/revistadospneus.com\/pt\/wp-content\/uploads\/2020\/09\/Jose\u0301-Azevedo-Mota-diretor-geral-da-Pneurama.png 1024w, https:\/\/revistadospneus.com\/pt\/wp-content\/uploads\/2020\/09\/Jose\u0301-Azevedo-Mota-diretor-geral-da-Pneurama-300x170.png 300w, https:\/\/revistadospneus.com\/pt\/wp-content\/uploads\/2020\/09\/Jose\u0301-Azevedo-Mota-diretor-geral-da-Pneurama-150x85.png 150w, https:\/\/revistadospneus.com\/pt\/wp-content\/uploads\/2020\/09\/Jose\u0301-Azevedo-Mota-diretor-geral-da-Pneurama-768x436.png 768w\" sizes=\"auto, (max-width: 1024px) 100vw, 1024px\" \/><\/strong><\/p>\n<p><strong>A Pneurama, ativou um plano de conting\u00eancia com medidas de m\u00e1xima preven\u00e7\u00e3o de higiene para evitar qualquer cont\u00e1gio. Numa fase inicial, as equipas comerciais estiveram em teletrabalho e, nas instala\u00e7\u00f5es, a equipa foi dividida em tr\u00eas grupos.<\/strong><\/p>\n<p>Devido a um enorme esfor\u00e7o de adapta\u00e7\u00e3o da equipa, a empresa conseguiu manter a qualidade do servi\u00e7o. O compromisso que assumiu de ter um stock muito forte, permitiu satisfazer as necessidades dos clientes. No entanto, devido ao confinamento, teve uma enorme perda<\/p>\n<p>de receita, principalmente em abril. Publicou um comunicado, no in\u00edcio do Estado de Emerg\u00eancia, com a seguinte mensagem: \u2018Viver em seguran\u00e7a, mas continuar a viver\u2019, porque considera que tanto o isolamento social como o confinamento v\u00e3o ter um enorme impacto na vida da sociedade e que temos de apreender a viver neste \u2018novo normal\u2019 o mais r\u00e1pido poss\u00edvel.<\/p>\n<p><strong>Que meios utilizam para manter o contacto com os clientes?<br \/>\n<\/strong>O lema da Pneurama \u00e9 \u201cConstruindo Rela\u00e7\u00f5es Fortes\u201d, logo t\u00ednhamos sempre de dar prioridade ao contacto com clientes. Dito isto numa primeira fase as equipas comerciais estavam em contacto por telefone e e-mail. Numa segunda fase em que houve maior liberdade de movimentos continuamos a contatar os nossos clientes por telefone e email, no entanto come\u00e7amos a fazer visitas presenciais sempre que necess\u00e1rio respeitando todas as regras de higieniza\u00e7\u00e3o. Temos stock de equipamento sanit\u00e1rio muito completo e se for preciso compramos mais.<\/p>\n<p><strong>Como est\u00e3o a apoiar os vossos clientes neste momento dif\u00edcil que o mercado est\u00e1 a viver?<br \/>\n<\/strong>A Pneurama sempre teve um mandato de ter um servi\u00e7o premium para os nossos clientes. Que passa por entregas r\u00e1pidas, flexibilidade total \u00e1 necessidade do cliente e boas praticas comerciais. Nesta crise, estes valores n\u00e3o se alterar\u00e3o.<\/p>\n<p><strong>Que boas pr\u00e1ticas est\u00e3o a ser implementadas pela Pneurama\u00a0para conseguir manter a atividade em seguran\u00e7a?<br \/>\n<\/strong>A Pneurama tem bastante equipamento de prote\u00e7\u00e3o sanit\u00e1ria para toda a sua equipa, no entanto se for preciso compramos mais. No in\u00edcio da crise sanit\u00e1ria discutimos boas praticas de seguran\u00e7a no nosso comportamento neste momento temos todos bastante consci\u00eancia do que devemos fazer para nos protegermos a n\u00f3s e aos que nos s\u00e3o pr\u00f3ximos.<\/p>\n<p><strong>\u00c9 poss\u00edvel contabilizar j\u00e1 os preju\u00edzos causados pela Covid-19?<br \/>\n<\/strong>\u00c9 poss\u00edvel dizer que o m\u00eas de abril sofreu uma quebra de volume de neg\u00f3cio muito anormal. No entanto tamb\u00e9m aproveitamos esse per\u00edodo para fazer melhoramentos aos nossos processos operativos, \u00e0 sele\u00e7\u00e3o de marcas a gamas de produtos que possam melhorar o produto oferecido pela Pneurama e arrancamos uma 2\u00aa fase do processo de digitaliza\u00e7\u00e3o que ser\u00e1 muito importante no nosso futuro.<\/p>\n<p><strong>Para quando antev\u00ea a retoma do setor? E de que forma?<br \/>\n<\/strong>Primeiro queremos confirmar que a Pneurama est\u00e1 preparada para uma retoma r\u00e1pida ou lenta. Por um lado, temos um stock muito forte para poder fornecer o nossos clientes no imediato, por outro lado tamb\u00e9m temos uma disciplina financeira que nos pode permitir aguentar um lenta recupera\u00e7\u00e3o da economia. A nossa previs\u00e3o \u00e9 que haja uma recupera\u00e7\u00e3o gradual da economia muito indexada ao desconfinamento. E \u00e9 poss\u00edvel que haja um melhoramento da atividade econ\u00f3mica do nosso sector em setembro de 2020 quando as escolas abrirem. Principalmente pelo fato de haver a necessidade de mobilidade de cerca de 1 milh\u00e3o de crian\u00e7as.<\/p>\n<p><strong>Na sua opini\u00e3o, o que vai acontecer ao setor dos pneus em Portugal p\u00f3s Covid-19?<br \/>\n<\/strong>No p\u00f3s Covid-19 a procura de pneus pode sofrer um quebra por 2 fatores uma menor mobilidade dos portugueses devido ao teletrabalho e uma redu\u00e7\u00e3o no poder de compra. Na nossa opini\u00e3o gradualmente o tamanho do mercado recuperar\u00e1 os n\u00edveis pr\u00e9-covid em 18 a 24 meses.<\/p>\n<p><strong>Que mensagem deseja transmitir ao setor para o futuro?<br \/>\n<\/strong>Viver em seguran\u00e7a, mas continuar a viver. Precisamos de aprender a viver com as novas regras de higiene e no entanto trabalhar o mais normal poss\u00edvel.<\/p>\n<!-- AddThis Advanced Settings generic via filter on the_content --><!-- AddThis Share Buttons generic via filter on the_content -->","protected":false},"excerpt":{"rendered":"<p>A Pneurama, ativou um plano de conting\u00eancia com medidas&#8230;<!-- AddThis Advanced Settings generic via filter on get_the_excerpt --><!-- AddThis Share Buttons generic via filter on get_the_excerpt --><\/p>\n","protected":false},"author":9,"featured_media":10238,"comment_status":"closed","ping_status":"closed","sticky":false,"template":"","format":"standard","meta":{"footnotes":""},"categories":[38],"tags":[1048],"class_list":["post-10242","post","type-post","status-publish","format-standard","has-post-thumbnail","hentry","category-entrevistas","tag-pneurama"],"yoast_head":"<!-- This site is optimized with the Yoast SEO plugin v27.5 - https:\/\/yoast.com\/product\/yoast-seo-wordpress\/ -->\n<title>\u201cTemos de apreender a viver neste novo normal o mais r\u00e1pido poss\u00edvel\u201d, Jos\u00e9 Azevedo da Mota, Pneurama - Revista dos Pneus<\/title>\n<meta name=\"robots\" content=\"index, follow, max-snippet:-1, max-image-preview:large, max-video-preview:-1\" \/>\n<link rel=\"canonical\" href=\"https:\/\/revistadospneus.com\/pt\/2020\/09\/08\/temos-de-apreender-a-viver-neste-novo-normal-o-mais-rapido-possivel-jose-azevedo-da-mota-pneurama\/\" \/>\n<meta property=\"og:locale\" content=\"pt_PT\" \/>\n<meta property=\"og:type\" content=\"article\" \/>\n<meta property=\"og:title\" content=\"\u201cTemos de apreender a viver neste novo normal o mais r\u00e1pido poss\u00edvel\u201d, Jos\u00e9 Azevedo da Mota, Pneurama - Revista dos Pneus\" \/>\n<meta property=\"og:description\" content=\"A Pneurama, ativou um plano de conting\u00eancia com medidas...\" \/>\n<meta property=\"og:url\" content=\"https:\/\/revistadospneus.com\/pt\/2020\/09\/08\/temos-de-apreender-a-viver-neste-novo-normal-o-mais-rapido-possivel-jose-azevedo-da-mota-pneurama\/\" \/>\n<meta property=\"og:site_name\" content=\"Revista dos Pneus\" \/>\n<meta property=\"article:publisher\" content=\"https:\/\/www.facebook.com\/revistapneus\" \/>\n<meta property=\"article:published_time\" content=\"2020-09-08T13:30:35+00:00\" \/>\n<meta property=\"og:image\" content=\"https:\/\/revistadospneus.com\/pt\/wp-content\/uploads\/2020\/09\/Jose\u0301-Azevedo-Mota-diretor-geral-da-Pneurama.png\" \/>\n\t<meta property=\"og:image:width\" content=\"1024\" \/>\n\t<meta property=\"og:image:height\" content=\"581\" \/>\n\t<meta property=\"og:image:type\" content=\"image\/png\" \/>\n<meta name=\"author\" content=\"Jo\u00e3o Vieira\" \/>\n<meta name=\"twitter:card\" content=\"summary_large_image\" \/>\n<meta name=\"twitter:creator\" content=\"@revistapneus\" \/>\n<meta name=\"twitter:site\" content=\"@revistapneus\" \/>\n<meta name=\"twitter:label1\" content=\"Escrito por\" \/>\n\t<meta name=\"twitter:data1\" content=\"Jo\u00e3o Vieira\" \/>\n\t<meta name=\"twitter:label2\" content=\"Tempo estimado de leitura\" \/>\n\t<meta name=\"twitter:data2\" content=\"3 minutos\" \/>\n<script type=\"application\/ld+json\" class=\"yoast-schema-graph\">{\"@context\":\"https:\\\/\\\/schema.org\",\"@graph\":[{\"@type\":\"Article\",\"@id\":\"https:\\\/\\\/revistadospneus.com\\\/pt\\\/2020\\\/09\\\/08\\\/temos-de-apreender-a-viver-neste-novo-normal-o-mais-rapido-possivel-jose-azevedo-da-mota-pneurama\\\/#article\",\"isPartOf\":{\"@id\":\"https:\\\/\\\/revistadospneus.com\\\/pt\\\/2020\\\/09\\\/08\\\/temos-de-apreender-a-viver-neste-novo-normal-o-mais-rapido-possivel-jose-azevedo-da-mota-pneurama\\\/\"},\"author\":{\"name\":\"Jo\u00e3o Vieira\",\"@id\":\"https:\\\/\\\/revistadospneus.com\\\/pt\\\/#\\\/schema\\\/person\\\/d145387c983f10ff81c1598f59ccd8b2\"},\"headline\":\"\u201cTemos de apreender a viver neste novo normal o mais r\u00e1pido poss\u00edvel\u201d, Jos\u00e9 Azevedo da Mota, Pneurama\",\"datePublished\":\"2020-09-08T13:30:35+00:00\",\"mainEntityOfPage\":{\"@id\":\"https:\\\/\\\/revistadospneus.com\\\/pt\\\/2020\\\/09\\\/08\\\/temos-de-apreender-a-viver-neste-novo-normal-o-mais-rapido-possivel-jose-azevedo-da-mota-pneurama\\\/\"},\"wordCount\":702,\"publisher\":{\"@id\":\"https:\\\/\\\/revistadospneus.com\\\/pt\\\/#organization\"},\"image\":{\"@id\":\"https:\\\/\\\/revistadospneus.com\\\/pt\\\/2020\\\/09\\\/08\\\/temos-de-apreender-a-viver-neste-novo-normal-o-mais-rapido-possivel-jose-azevedo-da-mota-pneurama\\\/#primaryimage\"},\"thumbnailUrl\":\"https:\\\/\\\/revistadospneus.com\\\/pt\\\/wp-content\\\/uploads\\\/2020\\\/09\\\/Jose\u0301-Azevedo-Mota-diretor-geral-da-Pneurama.png\",\"keywords\":[\"Pneurama\"],\"articleSection\":[\"Entrevistas\"],\"inLanguage\":\"pt-PT\"},{\"@type\":\"WebPage\",\"@id\":\"https:\\\/\\\/revistadospneus.com\\\/pt\\\/2020\\\/09\\\/08\\\/temos-de-apreender-a-viver-neste-novo-normal-o-mais-rapido-possivel-jose-azevedo-da-mota-pneurama\\\/\",\"url\":\"https:\\\/\\\/revistadospneus.com\\\/pt\\\/2020\\\/09\\\/08\\\/temos-de-apreender-a-viver-neste-novo-normal-o-mais-rapido-possivel-jose-azevedo-da-mota-pneurama\\\/\",\"name\":\"\u201cTemos de apreender a viver neste novo normal o mais r\u00e1pido poss\u00edvel\u201d, Jos\u00e9 Azevedo da Mota, Pneurama - Revista dos Pneus\",\"isPartOf\":{\"@id\":\"https:\\\/\\\/revistadospneus.com\\\/pt\\\/#website\"},\"primaryImageOfPage\":{\"@id\":\"https:\\\/\\\/revistadospneus.com\\\/pt\\\/2020\\\/09\\\/08\\\/temos-de-apreender-a-viver-neste-novo-normal-o-mais-rapido-possivel-jose-azevedo-da-mota-pneurama\\\/#primaryimage\"},\"image\":{\"@id\":\"https:\\\/\\\/revistadospneus.com\\\/pt\\\/2020\\\/09\\\/08\\\/temos-de-apreender-a-viver-neste-novo-normal-o-mais-rapido-possivel-jose-azevedo-da-mota-pneurama\\\/#primaryimage\"},\"thumbnailUrl\":\"https:\\\/\\\/revistadospneus.com\\\/pt\\\/wp-content\\\/uploads\\\/2020\\\/09\\\/Jose\u0301-Azevedo-Mota-diretor-geral-da-Pneurama.png\",\"datePublished\":\"2020-09-08T13:30:35+00:00\",\"breadcrumb\":{\"@id\":\"https:\\\/\\\/revistadospneus.com\\\/pt\\\/2020\\\/09\\\/08\\\/temos-de-apreender-a-viver-neste-novo-normal-o-mais-rapido-possivel-jose-azevedo-da-mota-pneurama\\\/#breadcrumb\"},\"inLanguage\":\"pt-PT\",\"potentialAction\":[{\"@type\":\"ReadAction\",\"target\":[\"https:\\\/\\\/revistadospneus.com\\\/pt\\\/2020\\\/09\\\/08\\\/temos-de-apreender-a-viver-neste-novo-normal-o-mais-rapido-possivel-jose-azevedo-da-mota-pneurama\\\/\"]}]},{\"@type\":\"ImageObject\",\"inLanguage\":\"pt-PT\",\"@id\":\"https:\\\/\\\/revistadospneus.com\\\/pt\\\/2020\\\/09\\\/08\\\/temos-de-apreender-a-viver-neste-novo-normal-o-mais-rapido-possivel-jose-azevedo-da-mota-pneurama\\\/#primaryimage\",\"url\":\"https:\\\/\\\/revistadospneus.com\\\/pt\\\/wp-content\\\/uploads\\\/2020\\\/09\\\/Jose\u0301-Azevedo-Mota-diretor-geral-da-Pneurama.png\",\"contentUrl\":\"https:\\\/\\\/revistadospneus.com\\\/pt\\\/wp-content\\\/uploads\\\/2020\\\/09\\\/Jose\u0301-Azevedo-Mota-diretor-geral-da-Pneurama.png\",\"width\":1024,\"height\":581,\"caption\":\"09 - Jose\u0301-Azevedo-Mota-diretor-geral-da-Pneurama\"},{\"@type\":\"BreadcrumbList\",\"@id\":\"https:\\\/\\\/revistadospneus.com\\\/pt\\\/2020\\\/09\\\/08\\\/temos-de-apreender-a-viver-neste-novo-normal-o-mais-rapido-possivel-jose-azevedo-da-mota-pneurama\\\/#breadcrumb\",\"itemListElement\":[{\"@type\":\"ListItem\",\"position\":1,\"name\":\"In\u00edcio\",\"item\":\"https:\\\/\\\/revistadospneus.com\\\/pt\\\/\"},{\"@type\":\"ListItem\",\"position\":2,\"name\":\"\u201cTemos de apreender a viver neste novo normal o mais r\u00e1pido poss\u00edvel\u201d, Jos\u00e9 Azevedo da Mota, Pneurama\"}]},{\"@type\":\"WebSite\",\"@id\":\"https:\\\/\\\/revistadospneus.com\\\/pt\\\/#website\",\"url\":\"https:\\\/\\\/revistadospneus.com\\\/pt\\\/\",\"name\":\"Revista dos Pneus\",\"description\":\"Revista independente de pneus e servi\u00e7os r\u00e1pidos\",\"publisher\":{\"@id\":\"https:\\\/\\\/revistadospneus.com\\\/pt\\\/#organization\"},\"potentialAction\":[{\"@type\":\"SearchAction\",\"target\":{\"@type\":\"EntryPoint\",\"urlTemplate\":\"https:\\\/\\\/revistadospneus.com\\\/pt\\\/?s={search_term_string}\"},\"query-input\":{\"@type\":\"PropertyValueSpecification\",\"valueRequired\":true,\"valueName\":\"search_term_string\"}}],\"inLanguage\":\"pt-PT\"},{\"@type\":\"Organization\",\"@id\":\"https:\\\/\\\/revistadospneus.com\\\/pt\\\/#organization\",\"name\":\"Revista dos Pneus\",\"url\":\"https:\\\/\\\/revistadospneus.com\\\/pt\\\/\",\"logo\":{\"@type\":\"ImageObject\",\"inLanguage\":\"pt-PT\",\"@id\":\"https:\\\/\\\/revistadospneus.com\\\/pt\\\/#\\\/schema\\\/logo\\\/image\\\/\",\"url\":\"https:\\\/\\\/revistadospneus.com\\\/pt\\\/wp-content\\\/uploads\\\/logo2-1.png\",\"contentUrl\":\"https:\\\/\\\/revistadospneus.com\\\/pt\\\/wp-content\\\/uploads\\\/logo2-1.png\",\"width\":216,\"height\":70,\"caption\":\"Revista dos Pneus\"},\"image\":{\"@id\":\"https:\\\/\\\/revistadospneus.com\\\/pt\\\/#\\\/schema\\\/logo\\\/image\\\/\"},\"sameAs\":[\"https:\\\/\\\/www.facebook.com\\\/revistapneus\",\"https:\\\/\\\/x.com\\\/revistapneus\",\"https:\\\/\\\/www.linkedin.com\\\/company\\\/jornal-das-oficinas\\\/\",\"https:\\\/\\\/www.youtube.com\\\/channel\\\/UCbQZBqtcvV-oSQrr7RzINGg\"]},{\"@type\":\"Person\",\"@id\":\"https:\\\/\\\/revistadospneus.com\\\/pt\\\/#\\\/schema\\\/person\\\/d145387c983f10ff81c1598f59ccd8b2\",\"name\":\"Jo\u00e3o Vieira\",\"image\":{\"@type\":\"ImageObject\",\"inLanguage\":\"pt-PT\",\"@id\":\"https:\\\/\\\/secure.gravatar.com\\\/avatar\\\/441adcd63c03ba65286942d287eb8208a031ac45c48eecb30d63bf4cc7f790ee?s=96&d=wp_user_avatar&r=g\",\"url\":\"https:\\\/\\\/secure.gravatar.com\\\/avatar\\\/441adcd63c03ba65286942d287eb8208a031ac45c48eecb30d63bf4cc7f790ee?s=96&d=wp_user_avatar&r=g\",\"contentUrl\":\"https:\\\/\\\/secure.gravatar.com\\\/avatar\\\/441adcd63c03ba65286942d287eb8208a031ac45c48eecb30d63bf4cc7f790ee?s=96&d=wp_user_avatar&r=g\",\"caption\":\"Jo\u00e3o Vieira\"},\"url\":\"https:\\\/\\\/revistadospneus.com\\\/pt\\\/author\\\/joaovieira\\\/\"}]}<\/script>\n<!-- \/ Yoast SEO plugin. -->","yoast_head_json":{"title":"\u201cTemos de apreender a viver neste novo normal o mais r\u00e1pido poss\u00edvel\u201d, Jos\u00e9 Azevedo da Mota, Pneurama - Revista dos Pneus","robots":{"index":"index","follow":"follow","max-snippet":"max-snippet:-1","max-image-preview":"max-image-preview:large","max-video-preview":"max-video-preview:-1"},"canonical":"https:\/\/revistadospneus.com\/pt\/2020\/09\/08\/temos-de-apreender-a-viver-neste-novo-normal-o-mais-rapido-possivel-jose-azevedo-da-mota-pneurama\/","og_locale":"pt_PT","og_type":"article","og_title":"\u201cTemos de apreender a viver neste novo normal o mais r\u00e1pido poss\u00edvel\u201d, Jos\u00e9 Azevedo da Mota, Pneurama - Revista dos Pneus","og_description":"A Pneurama, ativou um plano de conting\u00eancia com medidas...","og_url":"https:\/\/revistadospneus.com\/pt\/2020\/09\/08\/temos-de-apreender-a-viver-neste-novo-normal-o-mais-rapido-possivel-jose-azevedo-da-mota-pneurama\/","og_site_name":"Revista dos Pneus","article_publisher":"https:\/\/www.facebook.com\/revistapneus","article_published_time":"2020-09-08T13:30:35+00:00","og_image":[{"width":1024,"height":581,"url":"https:\/\/revistadospneus.com\/pt\/wp-content\/uploads\/2020\/09\/Jose\u0301-Azevedo-Mota-diretor-geral-da-Pneurama.png","type":"image\/png"}],"author":"Jo\u00e3o Vieira","twitter_card":"summary_large_image","twitter_creator":"@revistapneus","twitter_site":"@revistapneus","twitter_misc":{"Escrito por":"Jo\u00e3o Vieira","Tempo estimado de leitura":"3 minutos"},"schema":{"@context":"https:\/\/schema.org","@graph":[{"@type":"Article","@id":"https:\/\/revistadospneus.com\/pt\/2020\/09\/08\/temos-de-apreender-a-viver-neste-novo-normal-o-mais-rapido-possivel-jose-azevedo-da-mota-pneurama\/#article","isPartOf":{"@id":"https:\/\/revistadospneus.com\/pt\/2020\/09\/08\/temos-de-apreender-a-viver-neste-novo-normal-o-mais-rapido-possivel-jose-azevedo-da-mota-pneurama\/"},"author":{"name":"Jo\u00e3o Vieira","@id":"https:\/\/revistadospneus.com\/pt\/#\/schema\/person\/d145387c983f10ff81c1598f59ccd8b2"},"headline":"\u201cTemos de apreender a viver neste novo normal o mais r\u00e1pido poss\u00edvel\u201d, Jos\u00e9 Azevedo da Mota, Pneurama","datePublished":"2020-09-08T13:30:35+00:00","mainEntityOfPage":{"@id":"https:\/\/revistadospneus.com\/pt\/2020\/09\/08\/temos-de-apreender-a-viver-neste-novo-normal-o-mais-rapido-possivel-jose-azevedo-da-mota-pneurama\/"},"wordCount":702,"publisher":{"@id":"https:\/\/revistadospneus.com\/pt\/#organization"},"image":{"@id":"https:\/\/revistadospneus.com\/pt\/2020\/09\/08\/temos-de-apreender-a-viver-neste-novo-normal-o-mais-rapido-possivel-jose-azevedo-da-mota-pneurama\/#primaryimage"},"thumbnailUrl":"https:\/\/revistadospneus.com\/pt\/wp-content\/uploads\/2020\/09\/Jose\u0301-Azevedo-Mota-diretor-geral-da-Pneurama.png","keywords":["Pneurama"],"articleSection":["Entrevistas"],"inLanguage":"pt-PT"},{"@type":"WebPage","@id":"https:\/\/revistadospneus.com\/pt\/2020\/09\/08\/temos-de-apreender-a-viver-neste-novo-normal-o-mais-rapido-possivel-jose-azevedo-da-mota-pneurama\/","url":"https:\/\/revistadospneus.com\/pt\/2020\/09\/08\/temos-de-apreender-a-viver-neste-novo-normal-o-mais-rapido-possivel-jose-azevedo-da-mota-pneurama\/","name":"\u201cTemos de apreender a viver neste novo normal o mais r\u00e1pido poss\u00edvel\u201d, Jos\u00e9 Azevedo da Mota, Pneurama - Revista dos Pneus","isPartOf":{"@id":"https:\/\/revistadospneus.com\/pt\/#website"},"primaryImageOfPage":{"@id":"https:\/\/revistadospneus.com\/pt\/2020\/09\/08\/temos-de-apreender-a-viver-neste-novo-normal-o-mais-rapido-possivel-jose-azevedo-da-mota-pneurama\/#primaryimage"},"image":{"@id":"https:\/\/revistadospneus.com\/pt\/2020\/09\/08\/temos-de-apreender-a-viver-neste-novo-normal-o-mais-rapido-possivel-jose-azevedo-da-mota-pneurama\/#primaryimage"},"thumbnailUrl":"https:\/\/revistadospneus.com\/pt\/wp-content\/uploads\/2020\/09\/Jose\u0301-Azevedo-Mota-diretor-geral-da-Pneurama.png","datePublished":"2020-09-08T13:30:35+00:00","breadcrumb":{"@id":"https:\/\/revistadospneus.com\/pt\/2020\/09\/08\/temos-de-apreender-a-viver-neste-novo-normal-o-mais-rapido-possivel-jose-azevedo-da-mota-pneurama\/#breadcrumb"},"inLanguage":"pt-PT","potentialAction":[{"@type":"ReadAction","target":["https:\/\/revistadospneus.com\/pt\/2020\/09\/08\/temos-de-apreender-a-viver-neste-novo-normal-o-mais-rapido-possivel-jose-azevedo-da-mota-pneurama\/"]}]},{"@type":"ImageObject","inLanguage":"pt-PT","@id":"https:\/\/revistadospneus.com\/pt\/2020\/09\/08\/temos-de-apreender-a-viver-neste-novo-normal-o-mais-rapido-possivel-jose-azevedo-da-mota-pneurama\/#primaryimage","url":"https:\/\/revistadospneus.com\/pt\/wp-content\/uploads\/2020\/09\/Jose\u0301-Azevedo-Mota-diretor-geral-da-Pneurama.png","contentUrl":"https:\/\/revistadospneus.com\/pt\/wp-content\/uploads\/2020\/09\/Jose\u0301-Azevedo-Mota-diretor-geral-da-Pneurama.png","width":1024,"height":581,"caption":"09 - Jose\u0301-Azevedo-Mota-diretor-geral-da-Pneurama"},{"@type":"BreadcrumbList","@id":"https:\/\/revistadospneus.com\/pt\/2020\/09\/08\/temos-de-apreender-a-viver-neste-novo-normal-o-mais-rapido-possivel-jose-azevedo-da-mota-pneurama\/#breadcrumb","itemListElement":[{"@type":"ListItem","position":1,"name":"In\u00edcio","item":"https:\/\/revistadospneus.com\/pt\/"},{"@type":"ListItem","position":2,"name":"\u201cTemos de apreender a viver neste novo normal o mais r\u00e1pido poss\u00edvel\u201d, Jos\u00e9 Azevedo da Mota, Pneurama"}]},{"@type":"WebSite","@id":"https:\/\/revistadospneus.com\/pt\/#website","url":"https:\/\/revistadospneus.com\/pt\/","name":"Revista dos Pneus","description":"Revista independente de pneus e servi\u00e7os r\u00e1pidos","publisher":{"@id":"https:\/\/revistadospneus.com\/pt\/#organization"},"potentialAction":[{"@type":"SearchAction","target":{"@type":"EntryPoint","urlTemplate":"https:\/\/revistadospneus.com\/pt\/?s={search_term_string}"},"query-input":{"@type":"PropertyValueSpecification","valueRequired":true,"valueName":"search_term_string"}}],"inLanguage":"pt-PT"},{"@type":"Organization","@id":"https:\/\/revistadospneus.com\/pt\/#organization","name":"Revista dos Pneus","url":"https:\/\/revistadospneus.com\/pt\/","logo":{"@type":"ImageObject","inLanguage":"pt-PT","@id":"https:\/\/revistadospneus.com\/pt\/#\/schema\/logo\/image\/","url":"https:\/\/revistadospneus.com\/pt\/wp-content\/uploads\/logo2-1.png","contentUrl":"https:\/\/revistadospneus.com\/pt\/wp-content\/uploads\/logo2-1.png","width":216,"height":70,"caption":"Revista dos Pneus"},"image":{"@id":"https:\/\/revistadospneus.com\/pt\/#\/schema\/logo\/image\/"},"sameAs":["https:\/\/www.facebook.com\/revistapneus","https:\/\/x.com\/revistapneus","https:\/\/www.linkedin.com\/company\/jornal-das-oficinas\/","https:\/\/www.youtube.com\/channel\/UCbQZBqtcvV-oSQrr7RzINGg"]},{"@type":"Person","@id":"https:\/\/revistadospneus.com\/pt\/#\/schema\/person\/d145387c983f10ff81c1598f59ccd8b2","name":"Jo\u00e3o Vieira","image":{"@type":"ImageObject","inLanguage":"pt-PT","@id":"https:\/\/secure.gravatar.com\/avatar\/441adcd63c03ba65286942d287eb8208a031ac45c48eecb30d63bf4cc7f790ee?s=96&d=wp_user_avatar&r=g","url":"https:\/\/secure.gravatar.com\/avatar\/441adcd63c03ba65286942d287eb8208a031ac45c48eecb30d63bf4cc7f790ee?s=96&d=wp_user_avatar&r=g","contentUrl":"https:\/\/secure.gravatar.com\/avatar\/441adcd63c03ba65286942d287eb8208a031ac45c48eecb30d63bf4cc7f790ee?s=96&d=wp_user_avatar&r=g","caption":"Jo\u00e3o Vieira"},"url":"https:\/\/revistadospneus.com\/pt\/author\/joaovieira\/"}]}},"_links":{"self":[{"href":"https:\/\/revistadospneus.com\/pt\/wp-json\/wp\/v2\/posts\/10242","targetHints":{"allow":["GET"]}}],"collection":[{"href":"https:\/\/revistadospneus.com\/pt\/wp-json\/wp\/v2\/posts"}],"about":[{"href":"https:\/\/revistadospneus.com\/pt\/wp-json\/wp\/v2\/types\/post"}],"author":[{"embeddable":true,"href":"https:\/\/revistadospneus.com\/pt\/wp-json\/wp\/v2\/users\/9"}],"replies":[{"embeddable":true,"href":"https:\/\/revistadospneus.com\/pt\/wp-json\/wp\/v2\/comments?post=10242"}],"version-history":[{"count":0,"href":"https:\/\/revistadospneus.com\/pt\/wp-json\/wp\/v2\/posts\/10242\/revisions"}],"wp:featuredmedia":[{"embeddable":true,"href":"https:\/\/revistadospneus.com\/pt\/wp-json\/wp\/v2\/media\/10238"}],"wp:attachment":[{"href":"https:\/\/revistadospneus.com\/pt\/wp-json\/wp\/v2\/media?parent=10242"}],"wp:term":[{"taxonomy":"category","embeddable":true,"href":"https:\/\/revistadospneus.com\/pt\/wp-json\/wp\/v2\/categories?post=10242"},{"taxonomy":"post_tag","embeddable":true,"href":"https:\/\/revistadospneus.com\/pt\/wp-json\/wp\/v2\/tags?post=10242"}],"curies":[{"name":"wp","href":"https:\/\/api.w.org\/{rel}","templated":true}]}}