{"id":10293,"date":"2020-09-15T12:00:27","date_gmt":"2020-09-15T11:00:27","guid":{"rendered":"http:\/\/revistadospneus.com\/pt\/?p=10293"},"modified":"2020-09-12T12:41:41","modified_gmt":"2020-09-12T11:41:41","slug":"bkt-e-s-jose-pneus-juntam-se-na-oferta-de-bicicletas","status":"publish","type":"post","link":"https:\/\/revistadospneus.com\/pt\/2020\/09\/15\/bkt-e-s-jose-pneus-juntam-se-na-oferta-de-bicicletas\/","title":{"rendered":"BKT e S. Jos\u00e9 Pneus juntam-se na oferta de bicicletas"},"content":{"rendered":"<p><strong><img loading=\"lazy\" decoding=\"async\" class=\"alignnone wp-image-10269 size-full\" src=\"https:\/\/revistadospneus.com\/pt\/wp-content\/uploads\/2020\/09\/BKT-e-S.-Jose\u0301-Pneus-juntam-se-na-oferta-de-bicicletas-.jpg\" alt=\"09 - BKT-e-S.-Jose\u0301-Pneus-juntam-se-na-oferta-de-bicicletas-\" width=\"1024\" height=\"581\" srcset=\"https:\/\/revistadospneus.com\/pt\/wp-content\/uploads\/2020\/09\/BKT-e-S.-Jose\u0301-Pneus-juntam-se-na-oferta-de-bicicletas-.jpg 1024w, https:\/\/revistadospneus.com\/pt\/wp-content\/uploads\/2020\/09\/BKT-e-S.-Jose\u0301-Pneus-juntam-se-na-oferta-de-bicicletas--300x170.jpg 300w, https:\/\/revistadospneus.com\/pt\/wp-content\/uploads\/2020\/09\/BKT-e-S.-Jose\u0301-Pneus-juntam-se-na-oferta-de-bicicletas--150x85.jpg 150w, https:\/\/revistadospneus.com\/pt\/wp-content\/uploads\/2020\/09\/BKT-e-S.-Jose\u0301-Pneus-juntam-se-na-oferta-de-bicicletas--768x436.jpg 768w\" sizes=\"auto, (max-width: 1024px) 100vw, 1024px\" \/><\/strong><\/p>\n<p><strong>A S. Jos\u00e9 Pneus em colabora\u00e7\u00e3o com a BKT juntaram-se numa campanha sustent\u00e1vel com o objetivo de oferecer bicicletas, a quem se registe no site, para utilizar em trabalho ou em lazer.<\/strong><\/p>\n<p>A sustentabilidade \u00e9 para a <a href=\"https:\/\/www.bkt-tires.com\/pt\/pt\/\" target=\"_blank\" rel=\"noopener noreferrer\">BKT<\/a> e para a S. <a href=\"https:\/\/sjosepneus.com\/en\/\" target=\"_blank\" rel=\"noopener noreferrer\">Jos\u00e9 Pneus<\/a>, o \u00fanico instrumento que permite assegurar o futuro e o das pr\u00f3ximas gera\u00e7\u00f5es. O tema da sustentabilidade para a BKT est\u00e1 presente n\u00e3o s\u00f3 no tipo de mat\u00e9rias-primas utilizadas e processos de produ\u00e7\u00e3o de pneus, como no objetivo final de desenvolver produtos resistentes, duradouros e que respeitem o solo.<\/p>\n<p>Um pneu com uma maior dura\u00e7\u00e3o n\u00e3o precisa de ser substitu\u00eddo com tanta frequ\u00eancia, o que tem um efeito positivo na efici\u00eancia e no ambiente.<\/p>\n<p>A BKT, permanentemente focada na promo\u00e7\u00e3o da sua marca e sempre na vanguarda das tend\u00eancias de marketing e respeito pelo meio ambiente, lan\u00e7a uma super campanha de oferta de bicicletas destinada aos clientes finais.<\/p>\n<p>Neste sentido, a S. Jos\u00e9 Pneus em colabora\u00e7\u00e3o com a BKT junta-se a esta causa contribuindo para um ambiente mais sustent\u00e1vel com a oferta de bicicletas, para utilizar em trabalho ou em lazer.<\/p>\n<p>A mec\u00e2nica \u00e9 muito simples! Basta o cliente comprar pneus radiais BKT , tirar uma fotografia com os pneus montados no trator ou equipamento e registar a sua compra no site oficial da marca.<\/p>\n<p>A campanha \u00e9 v\u00e1lida at\u00e9 31 de dezembro, salvo rutura de stock.<\/p>\n<!-- AddThis Advanced Settings generic via filter on the_content --><!-- AddThis Share Buttons generic via filter on the_content -->","protected":false},"excerpt":{"rendered":"<p>A S. Jos\u00e9 Pneus em colabora\u00e7\u00e3o com a BKT&#8230;<!-- AddThis Advanced Settings generic via filter on get_the_excerpt --><!-- AddThis Share Buttons generic via filter on get_the_excerpt --><\/p>\n","protected":false},"author":9,"featured_media":10269,"comment_status":"closed","ping_status":"closed","sticky":false,"template":"","format":"standard","meta":{"footnotes":""},"categories":[29],"tags":[989,1047],"class_list":["post-10293","post","type-post","status-publish","format-standard","has-post-thumbnail","hentry","category-empresas","tag-bkt","tag-s-jose-peus"],"yoast_head":"<!-- This site is optimized with the Yoast SEO plugin v27.4 - https:\/\/yoast.com\/product\/yoast-seo-wordpress\/ -->\n<title>BKT e S. Jos\u00e9 Pneus juntam-se na oferta de bicicletas - Revista dos Pneus<\/title>\n<meta name=\"robots\" content=\"index, follow, max-snippet:-1, max-image-preview:large, max-video-preview:-1\" \/>\n<link rel=\"canonical\" href=\"https:\/\/revistadospneus.com\/pt\/2020\/09\/15\/bkt-e-s-jose-pneus-juntam-se-na-oferta-de-bicicletas\/\" \/>\n<meta property=\"og:locale\" content=\"pt_PT\" \/>\n<meta property=\"og:type\" content=\"article\" \/>\n<meta property=\"og:title\" content=\"BKT e S. Jos\u00e9 Pneus juntam-se na oferta de bicicletas - Revista dos Pneus\" \/>\n<meta property=\"og:description\" content=\"A S. Jos\u00e9 Pneus em colabora\u00e7\u00e3o com a BKT...\" \/>\n<meta property=\"og:url\" content=\"https:\/\/revistadospneus.com\/pt\/2020\/09\/15\/bkt-e-s-jose-pneus-juntam-se-na-oferta-de-bicicletas\/\" \/>\n<meta property=\"og:site_name\" content=\"Revista dos Pneus\" \/>\n<meta property=\"article:publisher\" content=\"https:\/\/www.facebook.com\/revistapneus\" \/>\n<meta property=\"article:published_time\" content=\"2020-09-15T11:00:27+00:00\" \/>\n<meta property=\"og:image\" content=\"https:\/\/revistadospneus.com\/pt\/wp-content\/uploads\/2020\/09\/BKT-e-S.-Jose\u0301-Pneus-juntam-se-na-oferta-de-bicicletas-.jpg\" \/>\n\t<meta property=\"og:image:width\" content=\"1024\" \/>\n\t<meta property=\"og:image:height\" content=\"581\" \/>\n\t<meta property=\"og:image:type\" content=\"image\/jpeg\" \/>\n<meta name=\"author\" content=\"Jo\u00e3o Vieira\" \/>\n<meta name=\"twitter:card\" content=\"summary_large_image\" \/>\n<meta name=\"twitter:creator\" content=\"@revistapneus\" \/>\n<meta name=\"twitter:site\" content=\"@revistapneus\" \/>\n<meta name=\"twitter:label1\" content=\"Escrito por\" \/>\n\t<meta name=\"twitter:data1\" content=\"Jo\u00e3o Vieira\" \/>\n\t<meta name=\"twitter:label2\" content=\"Tempo estimado de leitura\" \/>\n\t<meta name=\"twitter:data2\" content=\"1 minuto\" \/>\n<script type=\"application\/ld+json\" class=\"yoast-schema-graph\">{\"@context\":\"https:\\\/\\\/schema.org\",\"@graph\":[{\"@type\":\"Article\",\"@id\":\"https:\\\/\\\/revistadospneus.com\\\/pt\\\/2020\\\/09\\\/15\\\/bkt-e-s-jose-pneus-juntam-se-na-oferta-de-bicicletas\\\/#article\",\"isPartOf\":{\"@id\":\"https:\\\/\\\/revistadospneus.com\\\/pt\\\/2020\\\/09\\\/15\\\/bkt-e-s-jose-pneus-juntam-se-na-oferta-de-bicicletas\\\/\"},\"author\":{\"name\":\"Jo\u00e3o Vieira\",\"@id\":\"https:\\\/\\\/revistadospneus.com\\\/pt\\\/#\\\/schema\\\/person\\\/d145387c983f10ff81c1598f59ccd8b2\"},\"headline\":\"BKT e S. Jos\u00e9 Pneus juntam-se na oferta de bicicletas\",\"datePublished\":\"2020-09-15T11:00:27+00:00\",\"mainEntityOfPage\":{\"@id\":\"https:\\\/\\\/revistadospneus.com\\\/pt\\\/2020\\\/09\\\/15\\\/bkt-e-s-jose-pneus-juntam-se-na-oferta-de-bicicletas\\\/\"},\"wordCount\":255,\"publisher\":{\"@id\":\"https:\\\/\\\/revistadospneus.com\\\/pt\\\/#organization\"},\"image\":{\"@id\":\"https:\\\/\\\/revistadospneus.com\\\/pt\\\/2020\\\/09\\\/15\\\/bkt-e-s-jose-pneus-juntam-se-na-oferta-de-bicicletas\\\/#primaryimage\"},\"thumbnailUrl\":\"https:\\\/\\\/revistadospneus.com\\\/pt\\\/wp-content\\\/uploads\\\/2020\\\/09\\\/BKT-e-S.-Jose\u0301-Pneus-juntam-se-na-oferta-de-bicicletas-.jpg\",\"keywords\":[\"BKT\",\"S. Jos\u00e9 Peus\"],\"articleSection\":[\"Empresas\"],\"inLanguage\":\"pt-PT\"},{\"@type\":\"WebPage\",\"@id\":\"https:\\\/\\\/revistadospneus.com\\\/pt\\\/2020\\\/09\\\/15\\\/bkt-e-s-jose-pneus-juntam-se-na-oferta-de-bicicletas\\\/\",\"url\":\"https:\\\/\\\/revistadospneus.com\\\/pt\\\/2020\\\/09\\\/15\\\/bkt-e-s-jose-pneus-juntam-se-na-oferta-de-bicicletas\\\/\",\"name\":\"BKT e S. Jos\u00e9 Pneus juntam-se na oferta de bicicletas - Revista dos Pneus\",\"isPartOf\":{\"@id\":\"https:\\\/\\\/revistadospneus.com\\\/pt\\\/#website\"},\"primaryImageOfPage\":{\"@id\":\"https:\\\/\\\/revistadospneus.com\\\/pt\\\/2020\\\/09\\\/15\\\/bkt-e-s-jose-pneus-juntam-se-na-oferta-de-bicicletas\\\/#primaryimage\"},\"image\":{\"@id\":\"https:\\\/\\\/revistadospneus.com\\\/pt\\\/2020\\\/09\\\/15\\\/bkt-e-s-jose-pneus-juntam-se-na-oferta-de-bicicletas\\\/#primaryimage\"},\"thumbnailUrl\":\"https:\\\/\\\/revistadospneus.com\\\/pt\\\/wp-content\\\/uploads\\\/2020\\\/09\\\/BKT-e-S.-Jose\u0301-Pneus-juntam-se-na-oferta-de-bicicletas-.jpg\",\"datePublished\":\"2020-09-15T11:00:27+00:00\",\"breadcrumb\":{\"@id\":\"https:\\\/\\\/revistadospneus.com\\\/pt\\\/2020\\\/09\\\/15\\\/bkt-e-s-jose-pneus-juntam-se-na-oferta-de-bicicletas\\\/#breadcrumb\"},\"inLanguage\":\"pt-PT\",\"potentialAction\":[{\"@type\":\"ReadAction\",\"target\":[\"https:\\\/\\\/revistadospneus.com\\\/pt\\\/2020\\\/09\\\/15\\\/bkt-e-s-jose-pneus-juntam-se-na-oferta-de-bicicletas\\\/\"]}]},{\"@type\":\"ImageObject\",\"inLanguage\":\"pt-PT\",\"@id\":\"https:\\\/\\\/revistadospneus.com\\\/pt\\\/2020\\\/09\\\/15\\\/bkt-e-s-jose-pneus-juntam-se-na-oferta-de-bicicletas\\\/#primaryimage\",\"url\":\"https:\\\/\\\/revistadospneus.com\\\/pt\\\/wp-content\\\/uploads\\\/2020\\\/09\\\/BKT-e-S.-Jose\u0301-Pneus-juntam-se-na-oferta-de-bicicletas-.jpg\",\"contentUrl\":\"https:\\\/\\\/revistadospneus.com\\\/pt\\\/wp-content\\\/uploads\\\/2020\\\/09\\\/BKT-e-S.-Jose\u0301-Pneus-juntam-se-na-oferta-de-bicicletas-.jpg\",\"width\":1024,\"height\":581,\"caption\":\"09 - BKT-e-S.-Jose\u0301-Pneus-juntam-se-na-oferta-de-bicicletas-\"},{\"@type\":\"BreadcrumbList\",\"@id\":\"https:\\\/\\\/revistadospneus.com\\\/pt\\\/2020\\\/09\\\/15\\\/bkt-e-s-jose-pneus-juntam-se-na-oferta-de-bicicletas\\\/#breadcrumb\",\"itemListElement\":[{\"@type\":\"ListItem\",\"position\":1,\"name\":\"In\u00edcio\",\"item\":\"https:\\\/\\\/revistadospneus.com\\\/pt\\\/\"},{\"@type\":\"ListItem\",\"position\":2,\"name\":\"BKT e S. Jos\u00e9 Pneus juntam-se na oferta de bicicletas\"}]},{\"@type\":\"WebSite\",\"@id\":\"https:\\\/\\\/revistadospneus.com\\\/pt\\\/#website\",\"url\":\"https:\\\/\\\/revistadospneus.com\\\/pt\\\/\",\"name\":\"Revista dos Pneus\",\"description\":\"Revista independente de pneus e servi\u00e7os r\u00e1pidos\",\"publisher\":{\"@id\":\"https:\\\/\\\/revistadospneus.com\\\/pt\\\/#organization\"},\"potentialAction\":[{\"@type\":\"SearchAction\",\"target\":{\"@type\":\"EntryPoint\",\"urlTemplate\":\"https:\\\/\\\/revistadospneus.com\\\/pt\\\/?s={search_term_string}\"},\"query-input\":{\"@type\":\"PropertyValueSpecification\",\"valueRequired\":true,\"valueName\":\"search_term_string\"}}],\"inLanguage\":\"pt-PT\"},{\"@type\":\"Organization\",\"@id\":\"https:\\\/\\\/revistadospneus.com\\\/pt\\\/#organization\",\"name\":\"Revista dos Pneus\",\"url\":\"https:\\\/\\\/revistadospneus.com\\\/pt\\\/\",\"logo\":{\"@type\":\"ImageObject\",\"inLanguage\":\"pt-PT\",\"@id\":\"https:\\\/\\\/revistadospneus.com\\\/pt\\\/#\\\/schema\\\/logo\\\/image\\\/\",\"url\":\"https:\\\/\\\/revistadospneus.com\\\/pt\\\/wp-content\\\/uploads\\\/logo2-1.png\",\"contentUrl\":\"https:\\\/\\\/revistadospneus.com\\\/pt\\\/wp-content\\\/uploads\\\/logo2-1.png\",\"width\":216,\"height\":70,\"caption\":\"Revista dos Pneus\"},\"image\":{\"@id\":\"https:\\\/\\\/revistadospneus.com\\\/pt\\\/#\\\/schema\\\/logo\\\/image\\\/\"},\"sameAs\":[\"https:\\\/\\\/www.facebook.com\\\/revistapneus\",\"https:\\\/\\\/x.com\\\/revistapneus\",\"https:\\\/\\\/www.linkedin.com\\\/company\\\/jornal-das-oficinas\\\/\",\"https:\\\/\\\/www.youtube.com\\\/channel\\\/UCbQZBqtcvV-oSQrr7RzINGg\"]},{\"@type\":\"Person\",\"@id\":\"https:\\\/\\\/revistadospneus.com\\\/pt\\\/#\\\/schema\\\/person\\\/d145387c983f10ff81c1598f59ccd8b2\",\"name\":\"Jo\u00e3o Vieira\",\"image\":{\"@type\":\"ImageObject\",\"inLanguage\":\"pt-PT\",\"@id\":\"https:\\\/\\\/secure.gravatar.com\\\/avatar\\\/441adcd63c03ba65286942d287eb8208a031ac45c48eecb30d63bf4cc7f790ee?s=96&d=wp_user_avatar&r=g\",\"url\":\"https:\\\/\\\/secure.gravatar.com\\\/avatar\\\/441adcd63c03ba65286942d287eb8208a031ac45c48eecb30d63bf4cc7f790ee?s=96&d=wp_user_avatar&r=g\",\"contentUrl\":\"https:\\\/\\\/secure.gravatar.com\\\/avatar\\\/441adcd63c03ba65286942d287eb8208a031ac45c48eecb30d63bf4cc7f790ee?s=96&d=wp_user_avatar&r=g\",\"caption\":\"Jo\u00e3o Vieira\"},\"url\":\"https:\\\/\\\/revistadospneus.com\\\/pt\\\/author\\\/joaovieira\\\/\"}]}<\/script>\n<!-- \/ Yoast SEO plugin. -->","yoast_head_json":{"title":"BKT e S. Jos\u00e9 Pneus juntam-se na oferta de bicicletas - Revista dos Pneus","robots":{"index":"index","follow":"follow","max-snippet":"max-snippet:-1","max-image-preview":"max-image-preview:large","max-video-preview":"max-video-preview:-1"},"canonical":"https:\/\/revistadospneus.com\/pt\/2020\/09\/15\/bkt-e-s-jose-pneus-juntam-se-na-oferta-de-bicicletas\/","og_locale":"pt_PT","og_type":"article","og_title":"BKT e S. Jos\u00e9 Pneus juntam-se na oferta de bicicletas - Revista dos Pneus","og_description":"A S. Jos\u00e9 Pneus em colabora\u00e7\u00e3o com a BKT...","og_url":"https:\/\/revistadospneus.com\/pt\/2020\/09\/15\/bkt-e-s-jose-pneus-juntam-se-na-oferta-de-bicicletas\/","og_site_name":"Revista dos Pneus","article_publisher":"https:\/\/www.facebook.com\/revistapneus","article_published_time":"2020-09-15T11:00:27+00:00","og_image":[{"width":1024,"height":581,"url":"https:\/\/revistadospneus.com\/pt\/wp-content\/uploads\/2020\/09\/BKT-e-S.-Jose\u0301-Pneus-juntam-se-na-oferta-de-bicicletas-.jpg","type":"image\/jpeg"}],"author":"Jo\u00e3o Vieira","twitter_card":"summary_large_image","twitter_creator":"@revistapneus","twitter_site":"@revistapneus","twitter_misc":{"Escrito por":"Jo\u00e3o Vieira","Tempo estimado de leitura":"1 minuto"},"schema":{"@context":"https:\/\/schema.org","@graph":[{"@type":"Article","@id":"https:\/\/revistadospneus.com\/pt\/2020\/09\/15\/bkt-e-s-jose-pneus-juntam-se-na-oferta-de-bicicletas\/#article","isPartOf":{"@id":"https:\/\/revistadospneus.com\/pt\/2020\/09\/15\/bkt-e-s-jose-pneus-juntam-se-na-oferta-de-bicicletas\/"},"author":{"name":"Jo\u00e3o Vieira","@id":"https:\/\/revistadospneus.com\/pt\/#\/schema\/person\/d145387c983f10ff81c1598f59ccd8b2"},"headline":"BKT e S. Jos\u00e9 Pneus juntam-se na oferta de bicicletas","datePublished":"2020-09-15T11:00:27+00:00","mainEntityOfPage":{"@id":"https:\/\/revistadospneus.com\/pt\/2020\/09\/15\/bkt-e-s-jose-pneus-juntam-se-na-oferta-de-bicicletas\/"},"wordCount":255,"publisher":{"@id":"https:\/\/revistadospneus.com\/pt\/#organization"},"image":{"@id":"https:\/\/revistadospneus.com\/pt\/2020\/09\/15\/bkt-e-s-jose-pneus-juntam-se-na-oferta-de-bicicletas\/#primaryimage"},"thumbnailUrl":"https:\/\/revistadospneus.com\/pt\/wp-content\/uploads\/2020\/09\/BKT-e-S.-Jose\u0301-Pneus-juntam-se-na-oferta-de-bicicletas-.jpg","keywords":["BKT","S. Jos\u00e9 Peus"],"articleSection":["Empresas"],"inLanguage":"pt-PT"},{"@type":"WebPage","@id":"https:\/\/revistadospneus.com\/pt\/2020\/09\/15\/bkt-e-s-jose-pneus-juntam-se-na-oferta-de-bicicletas\/","url":"https:\/\/revistadospneus.com\/pt\/2020\/09\/15\/bkt-e-s-jose-pneus-juntam-se-na-oferta-de-bicicletas\/","name":"BKT e S. Jos\u00e9 Pneus juntam-se na oferta de bicicletas - Revista dos Pneus","isPartOf":{"@id":"https:\/\/revistadospneus.com\/pt\/#website"},"primaryImageOfPage":{"@id":"https:\/\/revistadospneus.com\/pt\/2020\/09\/15\/bkt-e-s-jose-pneus-juntam-se-na-oferta-de-bicicletas\/#primaryimage"},"image":{"@id":"https:\/\/revistadospneus.com\/pt\/2020\/09\/15\/bkt-e-s-jose-pneus-juntam-se-na-oferta-de-bicicletas\/#primaryimage"},"thumbnailUrl":"https:\/\/revistadospneus.com\/pt\/wp-content\/uploads\/2020\/09\/BKT-e-S.-Jose\u0301-Pneus-juntam-se-na-oferta-de-bicicletas-.jpg","datePublished":"2020-09-15T11:00:27+00:00","breadcrumb":{"@id":"https:\/\/revistadospneus.com\/pt\/2020\/09\/15\/bkt-e-s-jose-pneus-juntam-se-na-oferta-de-bicicletas\/#breadcrumb"},"inLanguage":"pt-PT","potentialAction":[{"@type":"ReadAction","target":["https:\/\/revistadospneus.com\/pt\/2020\/09\/15\/bkt-e-s-jose-pneus-juntam-se-na-oferta-de-bicicletas\/"]}]},{"@type":"ImageObject","inLanguage":"pt-PT","@id":"https:\/\/revistadospneus.com\/pt\/2020\/09\/15\/bkt-e-s-jose-pneus-juntam-se-na-oferta-de-bicicletas\/#primaryimage","url":"https:\/\/revistadospneus.com\/pt\/wp-content\/uploads\/2020\/09\/BKT-e-S.-Jose\u0301-Pneus-juntam-se-na-oferta-de-bicicletas-.jpg","contentUrl":"https:\/\/revistadospneus.com\/pt\/wp-content\/uploads\/2020\/09\/BKT-e-S.-Jose\u0301-Pneus-juntam-se-na-oferta-de-bicicletas-.jpg","width":1024,"height":581,"caption":"09 - BKT-e-S.-Jose\u0301-Pneus-juntam-se-na-oferta-de-bicicletas-"},{"@type":"BreadcrumbList","@id":"https:\/\/revistadospneus.com\/pt\/2020\/09\/15\/bkt-e-s-jose-pneus-juntam-se-na-oferta-de-bicicletas\/#breadcrumb","itemListElement":[{"@type":"ListItem","position":1,"name":"In\u00edcio","item":"https:\/\/revistadospneus.com\/pt\/"},{"@type":"ListItem","position":2,"name":"BKT e S. Jos\u00e9 Pneus juntam-se na oferta de bicicletas"}]},{"@type":"WebSite","@id":"https:\/\/revistadospneus.com\/pt\/#website","url":"https:\/\/revistadospneus.com\/pt\/","name":"Revista dos Pneus","description":"Revista independente de pneus e servi\u00e7os r\u00e1pidos","publisher":{"@id":"https:\/\/revistadospneus.com\/pt\/#organization"},"potentialAction":[{"@type":"SearchAction","target":{"@type":"EntryPoint","urlTemplate":"https:\/\/revistadospneus.com\/pt\/?s={search_term_string}"},"query-input":{"@type":"PropertyValueSpecification","valueRequired":true,"valueName":"search_term_string"}}],"inLanguage":"pt-PT"},{"@type":"Organization","@id":"https:\/\/revistadospneus.com\/pt\/#organization","name":"Revista dos Pneus","url":"https:\/\/revistadospneus.com\/pt\/","logo":{"@type":"ImageObject","inLanguage":"pt-PT","@id":"https:\/\/revistadospneus.com\/pt\/#\/schema\/logo\/image\/","url":"https:\/\/revistadospneus.com\/pt\/wp-content\/uploads\/logo2-1.png","contentUrl":"https:\/\/revistadospneus.com\/pt\/wp-content\/uploads\/logo2-1.png","width":216,"height":70,"caption":"Revista dos Pneus"},"image":{"@id":"https:\/\/revistadospneus.com\/pt\/#\/schema\/logo\/image\/"},"sameAs":["https:\/\/www.facebook.com\/revistapneus","https:\/\/x.com\/revistapneus","https:\/\/www.linkedin.com\/company\/jornal-das-oficinas\/","https:\/\/www.youtube.com\/channel\/UCbQZBqtcvV-oSQrr7RzINGg"]},{"@type":"Person","@id":"https:\/\/revistadospneus.com\/pt\/#\/schema\/person\/d145387c983f10ff81c1598f59ccd8b2","name":"Jo\u00e3o Vieira","image":{"@type":"ImageObject","inLanguage":"pt-PT","@id":"https:\/\/secure.gravatar.com\/avatar\/441adcd63c03ba65286942d287eb8208a031ac45c48eecb30d63bf4cc7f790ee?s=96&d=wp_user_avatar&r=g","url":"https:\/\/secure.gravatar.com\/avatar\/441adcd63c03ba65286942d287eb8208a031ac45c48eecb30d63bf4cc7f790ee?s=96&d=wp_user_avatar&r=g","contentUrl":"https:\/\/secure.gravatar.com\/avatar\/441adcd63c03ba65286942d287eb8208a031ac45c48eecb30d63bf4cc7f790ee?s=96&d=wp_user_avatar&r=g","caption":"Jo\u00e3o Vieira"},"url":"https:\/\/revistadospneus.com\/pt\/author\/joaovieira\/"}]}},"_links":{"self":[{"href":"https:\/\/revistadospneus.com\/pt\/wp-json\/wp\/v2\/posts\/10293","targetHints":{"allow":["GET"]}}],"collection":[{"href":"https:\/\/revistadospneus.com\/pt\/wp-json\/wp\/v2\/posts"}],"about":[{"href":"https:\/\/revistadospneus.com\/pt\/wp-json\/wp\/v2\/types\/post"}],"author":[{"embeddable":true,"href":"https:\/\/revistadospneus.com\/pt\/wp-json\/wp\/v2\/users\/9"}],"replies":[{"embeddable":true,"href":"https:\/\/revistadospneus.com\/pt\/wp-json\/wp\/v2\/comments?post=10293"}],"version-history":[{"count":0,"href":"https:\/\/revistadospneus.com\/pt\/wp-json\/wp\/v2\/posts\/10293\/revisions"}],"wp:featuredmedia":[{"embeddable":true,"href":"https:\/\/revistadospneus.com\/pt\/wp-json\/wp\/v2\/media\/10269"}],"wp:attachment":[{"href":"https:\/\/revistadospneus.com\/pt\/wp-json\/wp\/v2\/media?parent=10293"}],"wp:term":[{"taxonomy":"category","embeddable":true,"href":"https:\/\/revistadospneus.com\/pt\/wp-json\/wp\/v2\/categories?post=10293"},{"taxonomy":"post_tag","embeddable":true,"href":"https:\/\/revistadospneus.com\/pt\/wp-json\/wp\/v2\/tags?post=10293"}],"curies":[{"name":"wp","href":"https:\/\/api.w.org\/{rel}","templated":true}]}}