{"id":10383,"date":"2020-09-28T14:00:00","date_gmt":"2020-09-28T13:00:00","guid":{"rendered":"http:\/\/revistadospneus.com\/pt\/?p=10383"},"modified":"2023-08-24T10:45:06","modified_gmt":"2023-08-24T09:45:06","slug":"falken-ziex-ze310-ecorun-destaca-se-no-teste-de-verao","status":"publish","type":"post","link":"https:\/\/revistadospneus.com\/pt\/2020\/09\/28\/falken-ziex-ze310-ecorun-destaca-se-no-teste-de-verao\/","title":{"rendered":"FALKEN ZIEX ZE310 EcoRun destaca-se no teste de ver\u00e3o"},"content":{"rendered":"<p><strong><img loading=\"lazy\" decoding=\"async\" class=\"alignnone wp-image-10378 size-full\" src=\"https:\/\/revistadospneus.com\/pt\/wp-content\/uploads\/2020\/09\/FALKEN-ZIEX-ZE310.jpg\" alt=\"09 - FALKEN-ZIEX-ZE310\" width=\"1024\" height=\"581\" srcset=\"https:\/\/revistadospneus.com\/pt\/wp-content\/uploads\/2020\/09\/FALKEN-ZIEX-ZE310.jpg 1024w, https:\/\/revistadospneus.com\/pt\/wp-content\/uploads\/2020\/09\/FALKEN-ZIEX-ZE310-300x170.jpg 300w, https:\/\/revistadospneus.com\/pt\/wp-content\/uploads\/2020\/09\/FALKEN-ZIEX-ZE310-150x85.jpg 150w, https:\/\/revistadospneus.com\/pt\/wp-content\/uploads\/2020\/09\/FALKEN-ZIEX-ZE310-768x436.jpg 768w\" sizes=\"auto, (max-width: 1024px) 100vw, 1024px\" \/><\/strong><\/p>\n<p><strong>Os dados fornecidos pelo teste de ver\u00e3o da Tire Review permitem-nos concluir que o FALKEN ZIEX ZE310 EcoRun \u00e9, sem d\u00favida, a melhor escolha em rela\u00e7\u00e3o \u00e0 qualidade\/pre\u00e7o.<\/strong><\/p>\n<p>A Falken, subsidi\u00e1ria europeia da Sumitomo Rubber-Industries Ltd., ou o quinto maior fabricante de pneus do mundo, demonstrou recentemente o desempenho extraordin\u00e1rio dos seus produtos no teste comparativo de pneus de ver\u00e3o, realizado pela prestigiosa revista brit\u00e2nica, Tire Review. Assim, o FALKEN ZIEX ZE310 EcoRun alcan\u00e7ou a qualifica\u00e7\u00e3o de \u201cAltamente Recomendado\u201d, posicionando-se entre os tr\u00eas melhores pneus em teste, gra\u00e7as aos seus excelentes resultados em todas as categorias referendadas pela publica\u00e7\u00e3o.<\/p>\n<p>Para isso, a Tire Reviews selecionou pneus de 12 das marcas mais populares do mercado, incluindo seis premium, cinco quality e um budget, na dimens\u00e3o 205 \/ 55R16, escolhidos para o aro 16\u201d mais utilizado em todo o mundo. Testou-os em piso seco e molhado, travagem em piso molhado e seco, aquaplanning, consumo de combust\u00edvel, conforto, ru\u00eddo, pre\u00e7o e resist\u00eancia ao rolamento.<\/p>\n<p>Especificamente, na travagem em piso molhado, destacaram-se tr\u00eas pneus dos restantes, com a Falken na lideran\u00e7a e atingindo uma dist\u00e2ncia de travagem de at\u00e9 dois metros em rela\u00e7\u00e3o ao quarto classificado. Enquanto isso, em manobrabilidade, travagem em seco e hidroavi\u00e3o, o ZIEX ZE310 EcoRun oferece resultados que tamb\u00e9m o colocam no topo da prova, confirmando o seu excelente desempenho.<\/p>\n<!-- AddThis Advanced Settings generic via filter on the_content --><!-- AddThis Share Buttons generic via filter on the_content -->","protected":false},"excerpt":{"rendered":"<p>Os dados fornecidos pelo teste de ver\u00e3o da Tire&#8230;<!-- AddThis Advanced Settings generic via filter on get_the_excerpt --><!-- AddThis Share Buttons generic via filter on get_the_excerpt --><\/p>\n","protected":false},"author":9,"featured_media":10378,"comment_status":"closed","ping_status":"closed","sticky":false,"template":"","format":"standard","meta":{"footnotes":""},"categories":[29,4],"tags":[921],"class_list":["post-10383","post","type-post","status-publish","format-standard","has-post-thumbnail","hentry","category-empresas","category-ligeiros","tag-falken"],"yoast_head":"<!-- This site is optimized with the Yoast SEO plugin v27.5 - https:\/\/yoast.com\/product\/yoast-seo-wordpress\/ -->\n<title>FALKEN ZIEX ZE310 EcoRun destaca-se no teste de ver\u00e3o - Revista dos Pneus<\/title>\n<meta name=\"robots\" content=\"index, follow, max-snippet:-1, max-image-preview:large, max-video-preview:-1\" \/>\n<link rel=\"canonical\" href=\"https:\/\/revistadospneus.com\/pt\/2020\/09\/28\/falken-ziex-ze310-ecorun-destaca-se-no-teste-de-verao\/\" \/>\n<meta property=\"og:locale\" content=\"pt_PT\" \/>\n<meta property=\"og:type\" content=\"article\" \/>\n<meta property=\"og:title\" content=\"FALKEN ZIEX ZE310 EcoRun destaca-se no teste de ver\u00e3o - Revista dos Pneus\" \/>\n<meta property=\"og:description\" content=\"Os dados fornecidos pelo teste de ver\u00e3o da Tire...\" \/>\n<meta property=\"og:url\" content=\"https:\/\/revistadospneus.com\/pt\/2020\/09\/28\/falken-ziex-ze310-ecorun-destaca-se-no-teste-de-verao\/\" \/>\n<meta property=\"og:site_name\" content=\"Revista dos Pneus\" \/>\n<meta property=\"article:publisher\" content=\"https:\/\/www.facebook.com\/revistapneus\" \/>\n<meta property=\"article:published_time\" content=\"2020-09-28T13:00:00+00:00\" \/>\n<meta property=\"article:modified_time\" content=\"2023-08-24T09:45:06+00:00\" \/>\n<meta property=\"og:image\" content=\"https:\/\/revistadospneus.com\/pt\/wp-content\/uploads\/2020\/09\/FALKEN-ZIEX-ZE310.jpg\" \/>\n\t<meta property=\"og:image:width\" content=\"1024\" \/>\n\t<meta property=\"og:image:height\" content=\"581\" \/>\n\t<meta property=\"og:image:type\" content=\"image\/jpeg\" \/>\n<meta name=\"author\" content=\"Jo\u00e3o Vieira\" \/>\n<meta name=\"twitter:card\" content=\"summary_large_image\" \/>\n<meta name=\"twitter:creator\" content=\"@revistapneus\" \/>\n<meta name=\"twitter:site\" content=\"@revistapneus\" \/>\n<meta name=\"twitter:label1\" content=\"Escrito por\" \/>\n\t<meta name=\"twitter:data1\" content=\"Jo\u00e3o Vieira\" \/>\n\t<meta name=\"twitter:label2\" content=\"Tempo estimado de leitura\" \/>\n\t<meta name=\"twitter:data2\" content=\"1 minuto\" \/>\n<script type=\"application\/ld+json\" class=\"yoast-schema-graph\">{\"@context\":\"https:\\\/\\\/schema.org\",\"@graph\":[{\"@type\":\"Article\",\"@id\":\"https:\\\/\\\/revistadospneus.com\\\/pt\\\/2020\\\/09\\\/28\\\/falken-ziex-ze310-ecorun-destaca-se-no-teste-de-verao\\\/#article\",\"isPartOf\":{\"@id\":\"https:\\\/\\\/revistadospneus.com\\\/pt\\\/2020\\\/09\\\/28\\\/falken-ziex-ze310-ecorun-destaca-se-no-teste-de-verao\\\/\"},\"author\":{\"name\":\"Jo\u00e3o Vieira\",\"@id\":\"https:\\\/\\\/revistadospneus.com\\\/pt\\\/#\\\/schema\\\/person\\\/d145387c983f10ff81c1598f59ccd8b2\"},\"headline\":\"FALKEN ZIEX ZE310 EcoRun destaca-se no teste de ver\u00e3o\",\"datePublished\":\"2020-09-28T13:00:00+00:00\",\"dateModified\":\"2023-08-24T09:45:06+00:00\",\"mainEntityOfPage\":{\"@id\":\"https:\\\/\\\/revistadospneus.com\\\/pt\\\/2020\\\/09\\\/28\\\/falken-ziex-ze310-ecorun-destaca-se-no-teste-de-verao\\\/\"},\"wordCount\":249,\"publisher\":{\"@id\":\"https:\\\/\\\/revistadospneus.com\\\/pt\\\/#organization\"},\"image\":{\"@id\":\"https:\\\/\\\/revistadospneus.com\\\/pt\\\/2020\\\/09\\\/28\\\/falken-ziex-ze310-ecorun-destaca-se-no-teste-de-verao\\\/#primaryimage\"},\"thumbnailUrl\":\"https:\\\/\\\/revistadospneus.com\\\/pt\\\/wp-content\\\/uploads\\\/2020\\\/09\\\/FALKEN-ZIEX-ZE310.jpg\",\"keywords\":[\"Falken\"],\"articleSection\":[\"Empresas\",\"Ligeiros\"],\"inLanguage\":\"pt-PT\"},{\"@type\":\"WebPage\",\"@id\":\"https:\\\/\\\/revistadospneus.com\\\/pt\\\/2020\\\/09\\\/28\\\/falken-ziex-ze310-ecorun-destaca-se-no-teste-de-verao\\\/\",\"url\":\"https:\\\/\\\/revistadospneus.com\\\/pt\\\/2020\\\/09\\\/28\\\/falken-ziex-ze310-ecorun-destaca-se-no-teste-de-verao\\\/\",\"name\":\"FALKEN ZIEX ZE310 EcoRun destaca-se no teste de ver\u00e3o - Revista dos Pneus\",\"isPartOf\":{\"@id\":\"https:\\\/\\\/revistadospneus.com\\\/pt\\\/#website\"},\"primaryImageOfPage\":{\"@id\":\"https:\\\/\\\/revistadospneus.com\\\/pt\\\/2020\\\/09\\\/28\\\/falken-ziex-ze310-ecorun-destaca-se-no-teste-de-verao\\\/#primaryimage\"},\"image\":{\"@id\":\"https:\\\/\\\/revistadospneus.com\\\/pt\\\/2020\\\/09\\\/28\\\/falken-ziex-ze310-ecorun-destaca-se-no-teste-de-verao\\\/#primaryimage\"},\"thumbnailUrl\":\"https:\\\/\\\/revistadospneus.com\\\/pt\\\/wp-content\\\/uploads\\\/2020\\\/09\\\/FALKEN-ZIEX-ZE310.jpg\",\"datePublished\":\"2020-09-28T13:00:00+00:00\",\"dateModified\":\"2023-08-24T09:45:06+00:00\",\"breadcrumb\":{\"@id\":\"https:\\\/\\\/revistadospneus.com\\\/pt\\\/2020\\\/09\\\/28\\\/falken-ziex-ze310-ecorun-destaca-se-no-teste-de-verao\\\/#breadcrumb\"},\"inLanguage\":\"pt-PT\",\"potentialAction\":[{\"@type\":\"ReadAction\",\"target\":[\"https:\\\/\\\/revistadospneus.com\\\/pt\\\/2020\\\/09\\\/28\\\/falken-ziex-ze310-ecorun-destaca-se-no-teste-de-verao\\\/\"]}]},{\"@type\":\"ImageObject\",\"inLanguage\":\"pt-PT\",\"@id\":\"https:\\\/\\\/revistadospneus.com\\\/pt\\\/2020\\\/09\\\/28\\\/falken-ziex-ze310-ecorun-destaca-se-no-teste-de-verao\\\/#primaryimage\",\"url\":\"https:\\\/\\\/revistadospneus.com\\\/pt\\\/wp-content\\\/uploads\\\/2020\\\/09\\\/FALKEN-ZIEX-ZE310.jpg\",\"contentUrl\":\"https:\\\/\\\/revistadospneus.com\\\/pt\\\/wp-content\\\/uploads\\\/2020\\\/09\\\/FALKEN-ZIEX-ZE310.jpg\",\"width\":1024,\"height\":581,\"caption\":\"09 - FALKEN-ZIEX-ZE310\"},{\"@type\":\"BreadcrumbList\",\"@id\":\"https:\\\/\\\/revistadospneus.com\\\/pt\\\/2020\\\/09\\\/28\\\/falken-ziex-ze310-ecorun-destaca-se-no-teste-de-verao\\\/#breadcrumb\",\"itemListElement\":[{\"@type\":\"ListItem\",\"position\":1,\"name\":\"In\u00edcio\",\"item\":\"https:\\\/\\\/revistadospneus.com\\\/pt\\\/\"},{\"@type\":\"ListItem\",\"position\":2,\"name\":\"FALKEN ZIEX ZE310 EcoRun destaca-se no teste de ver\u00e3o\"}]},{\"@type\":\"WebSite\",\"@id\":\"https:\\\/\\\/revistadospneus.com\\\/pt\\\/#website\",\"url\":\"https:\\\/\\\/revistadospneus.com\\\/pt\\\/\",\"name\":\"Revista dos Pneus\",\"description\":\"Revista independente de pneus e servi\u00e7os r\u00e1pidos\",\"publisher\":{\"@id\":\"https:\\\/\\\/revistadospneus.com\\\/pt\\\/#organization\"},\"potentialAction\":[{\"@type\":\"SearchAction\",\"target\":{\"@type\":\"EntryPoint\",\"urlTemplate\":\"https:\\\/\\\/revistadospneus.com\\\/pt\\\/?s={search_term_string}\"},\"query-input\":{\"@type\":\"PropertyValueSpecification\",\"valueRequired\":true,\"valueName\":\"search_term_string\"}}],\"inLanguage\":\"pt-PT\"},{\"@type\":\"Organization\",\"@id\":\"https:\\\/\\\/revistadospneus.com\\\/pt\\\/#organization\",\"name\":\"Revista dos Pneus\",\"url\":\"https:\\\/\\\/revistadospneus.com\\\/pt\\\/\",\"logo\":{\"@type\":\"ImageObject\",\"inLanguage\":\"pt-PT\",\"@id\":\"https:\\\/\\\/revistadospneus.com\\\/pt\\\/#\\\/schema\\\/logo\\\/image\\\/\",\"url\":\"https:\\\/\\\/revistadospneus.com\\\/pt\\\/wp-content\\\/uploads\\\/logo2-1.png\",\"contentUrl\":\"https:\\\/\\\/revistadospneus.com\\\/pt\\\/wp-content\\\/uploads\\\/logo2-1.png\",\"width\":216,\"height\":70,\"caption\":\"Revista dos Pneus\"},\"image\":{\"@id\":\"https:\\\/\\\/revistadospneus.com\\\/pt\\\/#\\\/schema\\\/logo\\\/image\\\/\"},\"sameAs\":[\"https:\\\/\\\/www.facebook.com\\\/revistapneus\",\"https:\\\/\\\/x.com\\\/revistapneus\",\"https:\\\/\\\/www.linkedin.com\\\/company\\\/jornal-das-oficinas\\\/\",\"https:\\\/\\\/www.youtube.com\\\/channel\\\/UCbQZBqtcvV-oSQrr7RzINGg\"]},{\"@type\":\"Person\",\"@id\":\"https:\\\/\\\/revistadospneus.com\\\/pt\\\/#\\\/schema\\\/person\\\/d145387c983f10ff81c1598f59ccd8b2\",\"name\":\"Jo\u00e3o Vieira\",\"image\":{\"@type\":\"ImageObject\",\"inLanguage\":\"pt-PT\",\"@id\":\"https:\\\/\\\/secure.gravatar.com\\\/avatar\\\/441adcd63c03ba65286942d287eb8208a031ac45c48eecb30d63bf4cc7f790ee?s=96&d=wp_user_avatar&r=g\",\"url\":\"https:\\\/\\\/secure.gravatar.com\\\/avatar\\\/441adcd63c03ba65286942d287eb8208a031ac45c48eecb30d63bf4cc7f790ee?s=96&d=wp_user_avatar&r=g\",\"contentUrl\":\"https:\\\/\\\/secure.gravatar.com\\\/avatar\\\/441adcd63c03ba65286942d287eb8208a031ac45c48eecb30d63bf4cc7f790ee?s=96&d=wp_user_avatar&r=g\",\"caption\":\"Jo\u00e3o Vieira\"},\"url\":\"https:\\\/\\\/revistadospneus.com\\\/pt\\\/author\\\/joaovieira\\\/\"}]}<\/script>\n<!-- \/ Yoast SEO plugin. -->","yoast_head_json":{"title":"FALKEN ZIEX ZE310 EcoRun destaca-se no teste de ver\u00e3o - Revista dos Pneus","robots":{"index":"index","follow":"follow","max-snippet":"max-snippet:-1","max-image-preview":"max-image-preview:large","max-video-preview":"max-video-preview:-1"},"canonical":"https:\/\/revistadospneus.com\/pt\/2020\/09\/28\/falken-ziex-ze310-ecorun-destaca-se-no-teste-de-verao\/","og_locale":"pt_PT","og_type":"article","og_title":"FALKEN ZIEX ZE310 EcoRun destaca-se no teste de ver\u00e3o - Revista dos Pneus","og_description":"Os dados fornecidos pelo teste de ver\u00e3o da Tire...","og_url":"https:\/\/revistadospneus.com\/pt\/2020\/09\/28\/falken-ziex-ze310-ecorun-destaca-se-no-teste-de-verao\/","og_site_name":"Revista dos Pneus","article_publisher":"https:\/\/www.facebook.com\/revistapneus","article_published_time":"2020-09-28T13:00:00+00:00","article_modified_time":"2023-08-24T09:45:06+00:00","og_image":[{"width":1024,"height":581,"url":"https:\/\/revistadospneus.com\/pt\/wp-content\/uploads\/2020\/09\/FALKEN-ZIEX-ZE310.jpg","type":"image\/jpeg"}],"author":"Jo\u00e3o Vieira","twitter_card":"summary_large_image","twitter_creator":"@revistapneus","twitter_site":"@revistapneus","twitter_misc":{"Escrito por":"Jo\u00e3o Vieira","Tempo estimado de leitura":"1 minuto"},"schema":{"@context":"https:\/\/schema.org","@graph":[{"@type":"Article","@id":"https:\/\/revistadospneus.com\/pt\/2020\/09\/28\/falken-ziex-ze310-ecorun-destaca-se-no-teste-de-verao\/#article","isPartOf":{"@id":"https:\/\/revistadospneus.com\/pt\/2020\/09\/28\/falken-ziex-ze310-ecorun-destaca-se-no-teste-de-verao\/"},"author":{"name":"Jo\u00e3o Vieira","@id":"https:\/\/revistadospneus.com\/pt\/#\/schema\/person\/d145387c983f10ff81c1598f59ccd8b2"},"headline":"FALKEN ZIEX ZE310 EcoRun destaca-se no teste de ver\u00e3o","datePublished":"2020-09-28T13:00:00+00:00","dateModified":"2023-08-24T09:45:06+00:00","mainEntityOfPage":{"@id":"https:\/\/revistadospneus.com\/pt\/2020\/09\/28\/falken-ziex-ze310-ecorun-destaca-se-no-teste-de-verao\/"},"wordCount":249,"publisher":{"@id":"https:\/\/revistadospneus.com\/pt\/#organization"},"image":{"@id":"https:\/\/revistadospneus.com\/pt\/2020\/09\/28\/falken-ziex-ze310-ecorun-destaca-se-no-teste-de-verao\/#primaryimage"},"thumbnailUrl":"https:\/\/revistadospneus.com\/pt\/wp-content\/uploads\/2020\/09\/FALKEN-ZIEX-ZE310.jpg","keywords":["Falken"],"articleSection":["Empresas","Ligeiros"],"inLanguage":"pt-PT"},{"@type":"WebPage","@id":"https:\/\/revistadospneus.com\/pt\/2020\/09\/28\/falken-ziex-ze310-ecorun-destaca-se-no-teste-de-verao\/","url":"https:\/\/revistadospneus.com\/pt\/2020\/09\/28\/falken-ziex-ze310-ecorun-destaca-se-no-teste-de-verao\/","name":"FALKEN ZIEX ZE310 EcoRun destaca-se no teste de ver\u00e3o - Revista dos Pneus","isPartOf":{"@id":"https:\/\/revistadospneus.com\/pt\/#website"},"primaryImageOfPage":{"@id":"https:\/\/revistadospneus.com\/pt\/2020\/09\/28\/falken-ziex-ze310-ecorun-destaca-se-no-teste-de-verao\/#primaryimage"},"image":{"@id":"https:\/\/revistadospneus.com\/pt\/2020\/09\/28\/falken-ziex-ze310-ecorun-destaca-se-no-teste-de-verao\/#primaryimage"},"thumbnailUrl":"https:\/\/revistadospneus.com\/pt\/wp-content\/uploads\/2020\/09\/FALKEN-ZIEX-ZE310.jpg","datePublished":"2020-09-28T13:00:00+00:00","dateModified":"2023-08-24T09:45:06+00:00","breadcrumb":{"@id":"https:\/\/revistadospneus.com\/pt\/2020\/09\/28\/falken-ziex-ze310-ecorun-destaca-se-no-teste-de-verao\/#breadcrumb"},"inLanguage":"pt-PT","potentialAction":[{"@type":"ReadAction","target":["https:\/\/revistadospneus.com\/pt\/2020\/09\/28\/falken-ziex-ze310-ecorun-destaca-se-no-teste-de-verao\/"]}]},{"@type":"ImageObject","inLanguage":"pt-PT","@id":"https:\/\/revistadospneus.com\/pt\/2020\/09\/28\/falken-ziex-ze310-ecorun-destaca-se-no-teste-de-verao\/#primaryimage","url":"https:\/\/revistadospneus.com\/pt\/wp-content\/uploads\/2020\/09\/FALKEN-ZIEX-ZE310.jpg","contentUrl":"https:\/\/revistadospneus.com\/pt\/wp-content\/uploads\/2020\/09\/FALKEN-ZIEX-ZE310.jpg","width":1024,"height":581,"caption":"09 - FALKEN-ZIEX-ZE310"},{"@type":"BreadcrumbList","@id":"https:\/\/revistadospneus.com\/pt\/2020\/09\/28\/falken-ziex-ze310-ecorun-destaca-se-no-teste-de-verao\/#breadcrumb","itemListElement":[{"@type":"ListItem","position":1,"name":"In\u00edcio","item":"https:\/\/revistadospneus.com\/pt\/"},{"@type":"ListItem","position":2,"name":"FALKEN ZIEX ZE310 EcoRun destaca-se no teste de ver\u00e3o"}]},{"@type":"WebSite","@id":"https:\/\/revistadospneus.com\/pt\/#website","url":"https:\/\/revistadospneus.com\/pt\/","name":"Revista dos Pneus","description":"Revista independente de pneus e servi\u00e7os r\u00e1pidos","publisher":{"@id":"https:\/\/revistadospneus.com\/pt\/#organization"},"potentialAction":[{"@type":"SearchAction","target":{"@type":"EntryPoint","urlTemplate":"https:\/\/revistadospneus.com\/pt\/?s={search_term_string}"},"query-input":{"@type":"PropertyValueSpecification","valueRequired":true,"valueName":"search_term_string"}}],"inLanguage":"pt-PT"},{"@type":"Organization","@id":"https:\/\/revistadospneus.com\/pt\/#organization","name":"Revista dos Pneus","url":"https:\/\/revistadospneus.com\/pt\/","logo":{"@type":"ImageObject","inLanguage":"pt-PT","@id":"https:\/\/revistadospneus.com\/pt\/#\/schema\/logo\/image\/","url":"https:\/\/revistadospneus.com\/pt\/wp-content\/uploads\/logo2-1.png","contentUrl":"https:\/\/revistadospneus.com\/pt\/wp-content\/uploads\/logo2-1.png","width":216,"height":70,"caption":"Revista dos Pneus"},"image":{"@id":"https:\/\/revistadospneus.com\/pt\/#\/schema\/logo\/image\/"},"sameAs":["https:\/\/www.facebook.com\/revistapneus","https:\/\/x.com\/revistapneus","https:\/\/www.linkedin.com\/company\/jornal-das-oficinas\/","https:\/\/www.youtube.com\/channel\/UCbQZBqtcvV-oSQrr7RzINGg"]},{"@type":"Person","@id":"https:\/\/revistadospneus.com\/pt\/#\/schema\/person\/d145387c983f10ff81c1598f59ccd8b2","name":"Jo\u00e3o Vieira","image":{"@type":"ImageObject","inLanguage":"pt-PT","@id":"https:\/\/secure.gravatar.com\/avatar\/441adcd63c03ba65286942d287eb8208a031ac45c48eecb30d63bf4cc7f790ee?s=96&d=wp_user_avatar&r=g","url":"https:\/\/secure.gravatar.com\/avatar\/441adcd63c03ba65286942d287eb8208a031ac45c48eecb30d63bf4cc7f790ee?s=96&d=wp_user_avatar&r=g","contentUrl":"https:\/\/secure.gravatar.com\/avatar\/441adcd63c03ba65286942d287eb8208a031ac45c48eecb30d63bf4cc7f790ee?s=96&d=wp_user_avatar&r=g","caption":"Jo\u00e3o Vieira"},"url":"https:\/\/revistadospneus.com\/pt\/author\/joaovieira\/"}]}},"_links":{"self":[{"href":"https:\/\/revistadospneus.com\/pt\/wp-json\/wp\/v2\/posts\/10383","targetHints":{"allow":["GET"]}}],"collection":[{"href":"https:\/\/revistadospneus.com\/pt\/wp-json\/wp\/v2\/posts"}],"about":[{"href":"https:\/\/revistadospneus.com\/pt\/wp-json\/wp\/v2\/types\/post"}],"author":[{"embeddable":true,"href":"https:\/\/revistadospneus.com\/pt\/wp-json\/wp\/v2\/users\/9"}],"replies":[{"embeddable":true,"href":"https:\/\/revistadospneus.com\/pt\/wp-json\/wp\/v2\/comments?post=10383"}],"version-history":[{"count":0,"href":"https:\/\/revistadospneus.com\/pt\/wp-json\/wp\/v2\/posts\/10383\/revisions"}],"wp:featuredmedia":[{"embeddable":true,"href":"https:\/\/revistadospneus.com\/pt\/wp-json\/wp\/v2\/media\/10378"}],"wp:attachment":[{"href":"https:\/\/revistadospneus.com\/pt\/wp-json\/wp\/v2\/media?parent=10383"}],"wp:term":[{"taxonomy":"category","embeddable":true,"href":"https:\/\/revistadospneus.com\/pt\/wp-json\/wp\/v2\/categories?post=10383"},{"taxonomy":"post_tag","embeddable":true,"href":"https:\/\/revistadospneus.com\/pt\/wp-json\/wp\/v2\/tags?post=10383"}],"curies":[{"name":"wp","href":"https:\/\/api.w.org\/{rel}","templated":true}]}}