{"id":12453,"date":"2020-10-13T16:00:54","date_gmt":"2020-10-13T15:00:54","guid":{"rendered":"http:\/\/revistadospneus.com\/pt\/?p=12453"},"modified":"2020-10-12T15:03:08","modified_gmt":"2020-10-12T14:03:08","slug":"volta-trucks-anuncia-alianca-com-pneus-bridgestone","status":"publish","type":"post","link":"https:\/\/revistadospneus.com\/pt\/2020\/10\/13\/volta-trucks-anuncia-alianca-com-pneus-bridgestone\/","title":{"rendered":"Volta Trucks anuncia alian\u00e7a com pneus Bridgestone"},"content":{"rendered":"<p><strong><img loading=\"lazy\" decoding=\"async\" class=\"alignnone wp-image-12446 size-full\" src=\"https:\/\/revistadospneus.com\/pt\/wp-content\/uploads\/2020\/10\/Volta-Trucks.png\" alt=\"10 - Volta-Trucks\" width=\"1024\" height=\"581\" srcset=\"https:\/\/revistadospneus.com\/pt\/wp-content\/uploads\/2020\/10\/Volta-Trucks.png 1024w, https:\/\/revistadospneus.com\/pt\/wp-content\/uploads\/2020\/10\/Volta-Trucks-300x170.png 300w, https:\/\/revistadospneus.com\/pt\/wp-content\/uploads\/2020\/10\/Volta-Trucks-150x85.png 150w, https:\/\/revistadospneus.com\/pt\/wp-content\/uploads\/2020\/10\/Volta-Trucks-768x436.png 768w\" sizes=\"auto, (max-width: 1024px) 100vw, 1024px\" \/><\/strong><\/p>\n<p><strong>O Volta Zero de 16 toneladas, ir\u00e1 estar equipado com pneus Bridgestone, \u00e9 o primeiro ve\u00edculo totalmente el\u00e9trico projetado expressamente para a entrega de mercadorias na cidade, reduzindo o impacto ambiental das entregas nos centros urbanos.<\/strong><\/p>\n<p>Volta Trucks, a startup escandinava de ve\u00edculos totalmente el\u00e9tricos, anunciou a sua alian\u00e7a com a Bridgestone como o fornecedor oficial de pneus. O acordo abrange o lan\u00e7amento do primeiro ve\u00edculo e o fornecimento de pneus para os prot\u00f3tipos que v\u00e3o come\u00e7ar a ser avaliados pelos operadores de frotas no in\u00edcio de 2021.<\/p>\n<p>Para o Volta Zero, a Bridgestone forneceu o pneu 285\/70R19.5 146\/144M R-Steer 002 para os eixos dianteiro e traseiro. O padr\u00e3o direcional do pneu oferece um desempenho ideal para ve\u00edculos totalmente el\u00e9tricos com um torque alto e, gra\u00e7as ao design direcional do piso, o pneu R-Steer tamb\u00e9m oferece uma redu\u00e7\u00e3o significativa no ru\u00eddo provocado pelo pneu. Esta \u00e9 uma qualidade fundamental para o Volta Zero, projetado principalmente para uso em centros urbanos, com o seu sistema de propuls\u00e3o silencioso e totalmente el\u00e9trico que permite que seja dirigido em \u00e1reas urbanas 24 horas por dia, mesmo naquelas que seguem padr\u00f5es mais restritos de polui\u00e7\u00e3o sonora.<\/p>\n<p>Andrea Manenti, vice-presidente da Bridgestone para a Regi\u00e3o Norte, comentou esta colabora\u00e7\u00e3o: \u201cA ind\u00fastria dos transportes est\u00e1 a transformar-se rapidamente e os ve\u00edculos est\u00e3o a tornar-se mais CASE (conectados, aut\u00f3nomos, partilhados e el\u00e9tricos). Estamos orgulhosos da parceria com a Volta Trucks, um empolgante fabricante de ve\u00edculos el\u00e9tricos, cuja frota de prot\u00f3tipos Volta Zero foi para a estrada pela primeira vez. Como empresa, a Bridgestone est\u00e1 comprometida em trabalhar com parceiros-chave para contribuir para o futuro da mobilidade e criar novos valores para a sociedade. O<\/p>\n<p>trabalho que estamos a fazer com a Volta Trucks \u00e9 exatamente isso\u201d.<\/p>\n<p>Rob Fowler, CEO da Volta Trucks, acrescentou: \u201cEstou muito satisfeito com a parceria da Volta Trucks com a Bridgestone para fornecer pneus para o nosso ve\u00edculo de apresenta\u00e7\u00e3o e frota de prot\u00f3tipos. Como fabricantes do primeiro ve\u00edculo comercial el\u00e9trico de grande porte a n\u00edvel mundial, somos pioneiros na eletrifica\u00e7\u00e3o de ve\u00edculos comerciais e estou muito satisfeito por trabalhar lado a lado com uma empresa de pneus inovadora e de prest\u00edgio mundial como a Bridgestone, que pode apoiar os nossos objetivos\u201d.<\/p>\n<p>O Volta Zero de 16 toneladas \u00e9 o primeiro ve\u00edculo totalmente el\u00e9trico projetado expressamente para a entrega de mercadorias na cidade, reduzindo o impacto ambiental das entregas nos centros urbanos. Projetado desde o in\u00edcio para ter um alcance 100% el\u00e9trico de 150 a 200 quil\u00f3metros, o Volta Zero vai permitir uma redu\u00e7\u00e3o de aproximadamente 180.000 toneladas de CO 2 at\u00e9 2025.<\/p>\n<p>Al\u00e9m disso, a seguran\u00e7a tamb\u00e9m est\u00e1 no cerne da Volta Trucks, com o seu desejo de ser o fabricante mais seguro de ve\u00edculos comerciais pesados. O Volta Zero foi projetado como el\u00e9trico fora da caixa, facilitando uma mudan\u00e7a substancial na seguran\u00e7a dos ve\u00edculos e pe\u00f5es. Gra\u00e7as \u00e0 elimina\u00e7\u00e3o do motor de combust\u00e3o interna, o motorista de um Volta Zero pode sentar-se no centro, com uma altura de assento muito menor do que no caso de um cami\u00e3o convencional. Isso, juntamente com uma cabine pr\u00f3pria de vidro, d\u00e1 ao motorista uma ampla visibilidade de 220\u00ba, minimizando o risco de pontos cegos perigosos.<\/p>\n<p>O primeiro prot\u00f3tipo Volta Zero est\u00e1 atualmente em constru\u00e7\u00e3o e ser\u00e1 lan\u00e7ado ainda em 2020. Os primeiros ve\u00edculos do teste piloto come\u00e7ar\u00e3o a ser avaliados pelos clientes no primeiro trimestre de 2021.<\/p>\n<!-- AddThis Advanced Settings generic via filter on the_content --><!-- AddThis Share Buttons generic via filter on the_content -->","protected":false},"excerpt":{"rendered":"<p>O Volta Zero de 16 toneladas, ir\u00e1 estar equipado&#8230;<!-- AddThis Advanced Settings generic via filter on get_the_excerpt --><!-- AddThis Share Buttons generic via filter on get_the_excerpt --><\/p>\n","protected":false},"author":9,"featured_media":12446,"comment_status":"closed","ping_status":"closed","sticky":false,"template":"","format":"standard","meta":{"footnotes":""},"categories":[36],"tags":[917],"class_list":["post-12453","post","type-post","status-publish","format-standard","has-post-thumbnail","hentry","category-pesados","tag-bridgestone"],"yoast_head":"<!-- This site is optimized with the Yoast SEO plugin v27.5 - https:\/\/yoast.com\/product\/yoast-seo-wordpress\/ -->\n<title>Volta Trucks anuncia alian\u00e7a com pneus Bridgestone - Revista dos Pneus<\/title>\n<meta name=\"robots\" content=\"index, follow, max-snippet:-1, max-image-preview:large, max-video-preview:-1\" \/>\n<link rel=\"canonical\" href=\"https:\/\/revistadospneus.com\/pt\/2020\/10\/13\/volta-trucks-anuncia-alianca-com-pneus-bridgestone\/\" \/>\n<meta property=\"og:locale\" content=\"pt_PT\" \/>\n<meta property=\"og:type\" content=\"article\" \/>\n<meta property=\"og:title\" content=\"Volta Trucks anuncia alian\u00e7a com pneus Bridgestone - Revista dos Pneus\" \/>\n<meta property=\"og:description\" content=\"O Volta Zero de 16 toneladas, ir\u00e1 estar equipado...\" \/>\n<meta property=\"og:url\" content=\"https:\/\/revistadospneus.com\/pt\/2020\/10\/13\/volta-trucks-anuncia-alianca-com-pneus-bridgestone\/\" \/>\n<meta property=\"og:site_name\" content=\"Revista dos Pneus\" \/>\n<meta property=\"article:publisher\" content=\"https:\/\/www.facebook.com\/revistapneus\" \/>\n<meta property=\"article:published_time\" content=\"2020-10-13T15:00:54+00:00\" \/>\n<meta property=\"og:image\" content=\"https:\/\/revistadospneus.com\/pt\/wp-content\/uploads\/2020\/10\/Volta-Trucks.png\" \/>\n\t<meta property=\"og:image:width\" content=\"1024\" \/>\n\t<meta property=\"og:image:height\" content=\"581\" \/>\n\t<meta property=\"og:image:type\" content=\"image\/png\" \/>\n<meta name=\"author\" content=\"Jo\u00e3o Vieira\" \/>\n<meta name=\"twitter:card\" content=\"summary_large_image\" \/>\n<meta name=\"twitter:creator\" content=\"@revistapneus\" \/>\n<meta name=\"twitter:site\" content=\"@revistapneus\" \/>\n<meta name=\"twitter:label1\" content=\"Escrito por\" \/>\n\t<meta name=\"twitter:data1\" content=\"Jo\u00e3o Vieira\" \/>\n\t<meta name=\"twitter:label2\" content=\"Tempo estimado de leitura\" \/>\n\t<meta name=\"twitter:data2\" content=\"3 minutos\" \/>\n<script type=\"application\/ld+json\" class=\"yoast-schema-graph\">{\"@context\":\"https:\\\/\\\/schema.org\",\"@graph\":[{\"@type\":\"Article\",\"@id\":\"https:\\\/\\\/revistadospneus.com\\\/pt\\\/2020\\\/10\\\/13\\\/volta-trucks-anuncia-alianca-com-pneus-bridgestone\\\/#article\",\"isPartOf\":{\"@id\":\"https:\\\/\\\/revistadospneus.com\\\/pt\\\/2020\\\/10\\\/13\\\/volta-trucks-anuncia-alianca-com-pneus-bridgestone\\\/\"},\"author\":{\"name\":\"Jo\u00e3o Vieira\",\"@id\":\"https:\\\/\\\/revistadospneus.com\\\/pt\\\/#\\\/schema\\\/person\\\/d145387c983f10ff81c1598f59ccd8b2\"},\"headline\":\"Volta Trucks anuncia alian\u00e7a com pneus Bridgestone\",\"datePublished\":\"2020-10-13T15:00:54+00:00\",\"mainEntityOfPage\":{\"@id\":\"https:\\\/\\\/revistadospneus.com\\\/pt\\\/2020\\\/10\\\/13\\\/volta-trucks-anuncia-alianca-com-pneus-bridgestone\\\/\"},\"wordCount\":619,\"publisher\":{\"@id\":\"https:\\\/\\\/revistadospneus.com\\\/pt\\\/#organization\"},\"image\":{\"@id\":\"https:\\\/\\\/revistadospneus.com\\\/pt\\\/2020\\\/10\\\/13\\\/volta-trucks-anuncia-alianca-com-pneus-bridgestone\\\/#primaryimage\"},\"thumbnailUrl\":\"https:\\\/\\\/revistadospneus.com\\\/pt\\\/wp-content\\\/uploads\\\/2020\\\/10\\\/Volta-Trucks.png\",\"keywords\":[\"Bridgestone\"],\"articleSection\":[\"Pesados\"],\"inLanguage\":\"pt-PT\"},{\"@type\":\"WebPage\",\"@id\":\"https:\\\/\\\/revistadospneus.com\\\/pt\\\/2020\\\/10\\\/13\\\/volta-trucks-anuncia-alianca-com-pneus-bridgestone\\\/\",\"url\":\"https:\\\/\\\/revistadospneus.com\\\/pt\\\/2020\\\/10\\\/13\\\/volta-trucks-anuncia-alianca-com-pneus-bridgestone\\\/\",\"name\":\"Volta Trucks anuncia alian\u00e7a com pneus Bridgestone - Revista dos Pneus\",\"isPartOf\":{\"@id\":\"https:\\\/\\\/revistadospneus.com\\\/pt\\\/#website\"},\"primaryImageOfPage\":{\"@id\":\"https:\\\/\\\/revistadospneus.com\\\/pt\\\/2020\\\/10\\\/13\\\/volta-trucks-anuncia-alianca-com-pneus-bridgestone\\\/#primaryimage\"},\"image\":{\"@id\":\"https:\\\/\\\/revistadospneus.com\\\/pt\\\/2020\\\/10\\\/13\\\/volta-trucks-anuncia-alianca-com-pneus-bridgestone\\\/#primaryimage\"},\"thumbnailUrl\":\"https:\\\/\\\/revistadospneus.com\\\/pt\\\/wp-content\\\/uploads\\\/2020\\\/10\\\/Volta-Trucks.png\",\"datePublished\":\"2020-10-13T15:00:54+00:00\",\"breadcrumb\":{\"@id\":\"https:\\\/\\\/revistadospneus.com\\\/pt\\\/2020\\\/10\\\/13\\\/volta-trucks-anuncia-alianca-com-pneus-bridgestone\\\/#breadcrumb\"},\"inLanguage\":\"pt-PT\",\"potentialAction\":[{\"@type\":\"ReadAction\",\"target\":[\"https:\\\/\\\/revistadospneus.com\\\/pt\\\/2020\\\/10\\\/13\\\/volta-trucks-anuncia-alianca-com-pneus-bridgestone\\\/\"]}]},{\"@type\":\"ImageObject\",\"inLanguage\":\"pt-PT\",\"@id\":\"https:\\\/\\\/revistadospneus.com\\\/pt\\\/2020\\\/10\\\/13\\\/volta-trucks-anuncia-alianca-com-pneus-bridgestone\\\/#primaryimage\",\"url\":\"https:\\\/\\\/revistadospneus.com\\\/pt\\\/wp-content\\\/uploads\\\/2020\\\/10\\\/Volta-Trucks.png\",\"contentUrl\":\"https:\\\/\\\/revistadospneus.com\\\/pt\\\/wp-content\\\/uploads\\\/2020\\\/10\\\/Volta-Trucks.png\",\"width\":1024,\"height\":581,\"caption\":\"10 - Volta-Trucks\"},{\"@type\":\"BreadcrumbList\",\"@id\":\"https:\\\/\\\/revistadospneus.com\\\/pt\\\/2020\\\/10\\\/13\\\/volta-trucks-anuncia-alianca-com-pneus-bridgestone\\\/#breadcrumb\",\"itemListElement\":[{\"@type\":\"ListItem\",\"position\":1,\"name\":\"In\u00edcio\",\"item\":\"https:\\\/\\\/revistadospneus.com\\\/pt\\\/\"},{\"@type\":\"ListItem\",\"position\":2,\"name\":\"Volta Trucks anuncia alian\u00e7a com pneus Bridgestone\"}]},{\"@type\":\"WebSite\",\"@id\":\"https:\\\/\\\/revistadospneus.com\\\/pt\\\/#website\",\"url\":\"https:\\\/\\\/revistadospneus.com\\\/pt\\\/\",\"name\":\"Revista dos Pneus\",\"description\":\"Revista independente de pneus e servi\u00e7os r\u00e1pidos\",\"publisher\":{\"@id\":\"https:\\\/\\\/revistadospneus.com\\\/pt\\\/#organization\"},\"potentialAction\":[{\"@type\":\"SearchAction\",\"target\":{\"@type\":\"EntryPoint\",\"urlTemplate\":\"https:\\\/\\\/revistadospneus.com\\\/pt\\\/?s={search_term_string}\"},\"query-input\":{\"@type\":\"PropertyValueSpecification\",\"valueRequired\":true,\"valueName\":\"search_term_string\"}}],\"inLanguage\":\"pt-PT\"},{\"@type\":\"Organization\",\"@id\":\"https:\\\/\\\/revistadospneus.com\\\/pt\\\/#organization\",\"name\":\"Revista dos Pneus\",\"url\":\"https:\\\/\\\/revistadospneus.com\\\/pt\\\/\",\"logo\":{\"@type\":\"ImageObject\",\"inLanguage\":\"pt-PT\",\"@id\":\"https:\\\/\\\/revistadospneus.com\\\/pt\\\/#\\\/schema\\\/logo\\\/image\\\/\",\"url\":\"https:\\\/\\\/revistadospneus.com\\\/pt\\\/wp-content\\\/uploads\\\/logo2-1.png\",\"contentUrl\":\"https:\\\/\\\/revistadospneus.com\\\/pt\\\/wp-content\\\/uploads\\\/logo2-1.png\",\"width\":216,\"height\":70,\"caption\":\"Revista dos Pneus\"},\"image\":{\"@id\":\"https:\\\/\\\/revistadospneus.com\\\/pt\\\/#\\\/schema\\\/logo\\\/image\\\/\"},\"sameAs\":[\"https:\\\/\\\/www.facebook.com\\\/revistapneus\",\"https:\\\/\\\/x.com\\\/revistapneus\",\"https:\\\/\\\/www.linkedin.com\\\/company\\\/jornal-das-oficinas\\\/\",\"https:\\\/\\\/www.youtube.com\\\/channel\\\/UCbQZBqtcvV-oSQrr7RzINGg\"]},{\"@type\":\"Person\",\"@id\":\"https:\\\/\\\/revistadospneus.com\\\/pt\\\/#\\\/schema\\\/person\\\/d145387c983f10ff81c1598f59ccd8b2\",\"name\":\"Jo\u00e3o Vieira\",\"image\":{\"@type\":\"ImageObject\",\"inLanguage\":\"pt-PT\",\"@id\":\"https:\\\/\\\/secure.gravatar.com\\\/avatar\\\/441adcd63c03ba65286942d287eb8208a031ac45c48eecb30d63bf4cc7f790ee?s=96&d=wp_user_avatar&r=g\",\"url\":\"https:\\\/\\\/secure.gravatar.com\\\/avatar\\\/441adcd63c03ba65286942d287eb8208a031ac45c48eecb30d63bf4cc7f790ee?s=96&d=wp_user_avatar&r=g\",\"contentUrl\":\"https:\\\/\\\/secure.gravatar.com\\\/avatar\\\/441adcd63c03ba65286942d287eb8208a031ac45c48eecb30d63bf4cc7f790ee?s=96&d=wp_user_avatar&r=g\",\"caption\":\"Jo\u00e3o Vieira\"},\"url\":\"https:\\\/\\\/revistadospneus.com\\\/pt\\\/author\\\/joaovieira\\\/\"}]}<\/script>\n<!-- \/ Yoast SEO plugin. -->","yoast_head_json":{"title":"Volta Trucks anuncia alian\u00e7a com pneus Bridgestone - Revista dos Pneus","robots":{"index":"index","follow":"follow","max-snippet":"max-snippet:-1","max-image-preview":"max-image-preview:large","max-video-preview":"max-video-preview:-1"},"canonical":"https:\/\/revistadospneus.com\/pt\/2020\/10\/13\/volta-trucks-anuncia-alianca-com-pneus-bridgestone\/","og_locale":"pt_PT","og_type":"article","og_title":"Volta Trucks anuncia alian\u00e7a com pneus Bridgestone - Revista dos Pneus","og_description":"O Volta Zero de 16 toneladas, ir\u00e1 estar equipado...","og_url":"https:\/\/revistadospneus.com\/pt\/2020\/10\/13\/volta-trucks-anuncia-alianca-com-pneus-bridgestone\/","og_site_name":"Revista dos Pneus","article_publisher":"https:\/\/www.facebook.com\/revistapneus","article_published_time":"2020-10-13T15:00:54+00:00","og_image":[{"width":1024,"height":581,"url":"https:\/\/revistadospneus.com\/pt\/wp-content\/uploads\/2020\/10\/Volta-Trucks.png","type":"image\/png"}],"author":"Jo\u00e3o Vieira","twitter_card":"summary_large_image","twitter_creator":"@revistapneus","twitter_site":"@revistapneus","twitter_misc":{"Escrito por":"Jo\u00e3o Vieira","Tempo estimado de leitura":"3 minutos"},"schema":{"@context":"https:\/\/schema.org","@graph":[{"@type":"Article","@id":"https:\/\/revistadospneus.com\/pt\/2020\/10\/13\/volta-trucks-anuncia-alianca-com-pneus-bridgestone\/#article","isPartOf":{"@id":"https:\/\/revistadospneus.com\/pt\/2020\/10\/13\/volta-trucks-anuncia-alianca-com-pneus-bridgestone\/"},"author":{"name":"Jo\u00e3o Vieira","@id":"https:\/\/revistadospneus.com\/pt\/#\/schema\/person\/d145387c983f10ff81c1598f59ccd8b2"},"headline":"Volta Trucks anuncia alian\u00e7a com pneus Bridgestone","datePublished":"2020-10-13T15:00:54+00:00","mainEntityOfPage":{"@id":"https:\/\/revistadospneus.com\/pt\/2020\/10\/13\/volta-trucks-anuncia-alianca-com-pneus-bridgestone\/"},"wordCount":619,"publisher":{"@id":"https:\/\/revistadospneus.com\/pt\/#organization"},"image":{"@id":"https:\/\/revistadospneus.com\/pt\/2020\/10\/13\/volta-trucks-anuncia-alianca-com-pneus-bridgestone\/#primaryimage"},"thumbnailUrl":"https:\/\/revistadospneus.com\/pt\/wp-content\/uploads\/2020\/10\/Volta-Trucks.png","keywords":["Bridgestone"],"articleSection":["Pesados"],"inLanguage":"pt-PT"},{"@type":"WebPage","@id":"https:\/\/revistadospneus.com\/pt\/2020\/10\/13\/volta-trucks-anuncia-alianca-com-pneus-bridgestone\/","url":"https:\/\/revistadospneus.com\/pt\/2020\/10\/13\/volta-trucks-anuncia-alianca-com-pneus-bridgestone\/","name":"Volta Trucks anuncia alian\u00e7a com pneus Bridgestone - Revista dos Pneus","isPartOf":{"@id":"https:\/\/revistadospneus.com\/pt\/#website"},"primaryImageOfPage":{"@id":"https:\/\/revistadospneus.com\/pt\/2020\/10\/13\/volta-trucks-anuncia-alianca-com-pneus-bridgestone\/#primaryimage"},"image":{"@id":"https:\/\/revistadospneus.com\/pt\/2020\/10\/13\/volta-trucks-anuncia-alianca-com-pneus-bridgestone\/#primaryimage"},"thumbnailUrl":"https:\/\/revistadospneus.com\/pt\/wp-content\/uploads\/2020\/10\/Volta-Trucks.png","datePublished":"2020-10-13T15:00:54+00:00","breadcrumb":{"@id":"https:\/\/revistadospneus.com\/pt\/2020\/10\/13\/volta-trucks-anuncia-alianca-com-pneus-bridgestone\/#breadcrumb"},"inLanguage":"pt-PT","potentialAction":[{"@type":"ReadAction","target":["https:\/\/revistadospneus.com\/pt\/2020\/10\/13\/volta-trucks-anuncia-alianca-com-pneus-bridgestone\/"]}]},{"@type":"ImageObject","inLanguage":"pt-PT","@id":"https:\/\/revistadospneus.com\/pt\/2020\/10\/13\/volta-trucks-anuncia-alianca-com-pneus-bridgestone\/#primaryimage","url":"https:\/\/revistadospneus.com\/pt\/wp-content\/uploads\/2020\/10\/Volta-Trucks.png","contentUrl":"https:\/\/revistadospneus.com\/pt\/wp-content\/uploads\/2020\/10\/Volta-Trucks.png","width":1024,"height":581,"caption":"10 - Volta-Trucks"},{"@type":"BreadcrumbList","@id":"https:\/\/revistadospneus.com\/pt\/2020\/10\/13\/volta-trucks-anuncia-alianca-com-pneus-bridgestone\/#breadcrumb","itemListElement":[{"@type":"ListItem","position":1,"name":"In\u00edcio","item":"https:\/\/revistadospneus.com\/pt\/"},{"@type":"ListItem","position":2,"name":"Volta Trucks anuncia alian\u00e7a com pneus Bridgestone"}]},{"@type":"WebSite","@id":"https:\/\/revistadospneus.com\/pt\/#website","url":"https:\/\/revistadospneus.com\/pt\/","name":"Revista dos Pneus","description":"Revista independente de pneus e servi\u00e7os r\u00e1pidos","publisher":{"@id":"https:\/\/revistadospneus.com\/pt\/#organization"},"potentialAction":[{"@type":"SearchAction","target":{"@type":"EntryPoint","urlTemplate":"https:\/\/revistadospneus.com\/pt\/?s={search_term_string}"},"query-input":{"@type":"PropertyValueSpecification","valueRequired":true,"valueName":"search_term_string"}}],"inLanguage":"pt-PT"},{"@type":"Organization","@id":"https:\/\/revistadospneus.com\/pt\/#organization","name":"Revista dos Pneus","url":"https:\/\/revistadospneus.com\/pt\/","logo":{"@type":"ImageObject","inLanguage":"pt-PT","@id":"https:\/\/revistadospneus.com\/pt\/#\/schema\/logo\/image\/","url":"https:\/\/revistadospneus.com\/pt\/wp-content\/uploads\/logo2-1.png","contentUrl":"https:\/\/revistadospneus.com\/pt\/wp-content\/uploads\/logo2-1.png","width":216,"height":70,"caption":"Revista dos Pneus"},"image":{"@id":"https:\/\/revistadospneus.com\/pt\/#\/schema\/logo\/image\/"},"sameAs":["https:\/\/www.facebook.com\/revistapneus","https:\/\/x.com\/revistapneus","https:\/\/www.linkedin.com\/company\/jornal-das-oficinas\/","https:\/\/www.youtube.com\/channel\/UCbQZBqtcvV-oSQrr7RzINGg"]},{"@type":"Person","@id":"https:\/\/revistadospneus.com\/pt\/#\/schema\/person\/d145387c983f10ff81c1598f59ccd8b2","name":"Jo\u00e3o Vieira","image":{"@type":"ImageObject","inLanguage":"pt-PT","@id":"https:\/\/secure.gravatar.com\/avatar\/441adcd63c03ba65286942d287eb8208a031ac45c48eecb30d63bf4cc7f790ee?s=96&d=wp_user_avatar&r=g","url":"https:\/\/secure.gravatar.com\/avatar\/441adcd63c03ba65286942d287eb8208a031ac45c48eecb30d63bf4cc7f790ee?s=96&d=wp_user_avatar&r=g","contentUrl":"https:\/\/secure.gravatar.com\/avatar\/441adcd63c03ba65286942d287eb8208a031ac45c48eecb30d63bf4cc7f790ee?s=96&d=wp_user_avatar&r=g","caption":"Jo\u00e3o Vieira"},"url":"https:\/\/revistadospneus.com\/pt\/author\/joaovieira\/"}]}},"_links":{"self":[{"href":"https:\/\/revistadospneus.com\/pt\/wp-json\/wp\/v2\/posts\/12453","targetHints":{"allow":["GET"]}}],"collection":[{"href":"https:\/\/revistadospneus.com\/pt\/wp-json\/wp\/v2\/posts"}],"about":[{"href":"https:\/\/revistadospneus.com\/pt\/wp-json\/wp\/v2\/types\/post"}],"author":[{"embeddable":true,"href":"https:\/\/revistadospneus.com\/pt\/wp-json\/wp\/v2\/users\/9"}],"replies":[{"embeddable":true,"href":"https:\/\/revistadospneus.com\/pt\/wp-json\/wp\/v2\/comments?post=12453"}],"version-history":[{"count":0,"href":"https:\/\/revistadospneus.com\/pt\/wp-json\/wp\/v2\/posts\/12453\/revisions"}],"wp:featuredmedia":[{"embeddable":true,"href":"https:\/\/revistadospneus.com\/pt\/wp-json\/wp\/v2\/media\/12446"}],"wp:attachment":[{"href":"https:\/\/revistadospneus.com\/pt\/wp-json\/wp\/v2\/media?parent=12453"}],"wp:term":[{"taxonomy":"category","embeddable":true,"href":"https:\/\/revistadospneus.com\/pt\/wp-json\/wp\/v2\/categories?post=12453"},{"taxonomy":"post_tag","embeddable":true,"href":"https:\/\/revistadospneus.com\/pt\/wp-json\/wp\/v2\/tags?post=12453"}],"curies":[{"name":"wp","href":"https:\/\/api.w.org\/{rel}","templated":true}]}}