{"id":12562,"date":"2020-11-06T10:00:22","date_gmt":"2020-11-06T10:00:22","guid":{"rendered":"http:\/\/revistadospneus.com\/pt\/?p=12562"},"modified":"2020-11-05T15:15:29","modified_gmt":"2020-11-05T15:15:29","slug":"valorpneu-anuncia-5-distritos-com-novos-cr","status":"publish","type":"post","link":"https:\/\/revistadospneus.com\/pt\/2020\/11\/06\/valorpneu-anuncia-5-distritos-com-novos-cr\/","title":{"rendered":"Valorpneu anuncia 5 distritos com novos CR"},"content":{"rendered":"<p><strong><img loading=\"lazy\" decoding=\"async\" class=\"alignnone wp-image-12563 size-full\" src=\"https:\/\/revistadospneus.com\/pt\/wp-content\/uploads\/2020\/11\/Valorpneu-anuncia.png\" alt=\"11 - Valorpneu-anuncia\" width=\"1024\" height=\"581\" srcset=\"https:\/\/revistadospneus.com\/pt\/wp-content\/uploads\/2020\/11\/Valorpneu-anuncia.png 1024w, https:\/\/revistadospneus.com\/pt\/wp-content\/uploads\/2020\/11\/Valorpneu-anuncia-300x170.png 300w, https:\/\/revistadospneus.com\/pt\/wp-content\/uploads\/2020\/11\/Valorpneu-anuncia-150x85.png 150w, https:\/\/revistadospneus.com\/pt\/wp-content\/uploads\/2020\/11\/Valorpneu-anuncia-768x436.png 768w\" sizes=\"auto, (max-width: 1024px) 100vw, 1024px\" \/><\/strong><\/p>\n<p><strong>Bragan\u00e7a, Coimbra, Faro, Porto e Viana do Castelo foram os distritos abrangidos pelo concurso lan\u00e7ado pela Valorpneu para sele\u00e7\u00e3o de novos Centros de Rece\u00e7\u00e3o (CR) para refor\u00e7ar ou mesmo substituir a rede atual.<\/strong><\/p>\n<p>Durante o m\u00eas de julho foram apresentadas as candidaturas dos interessados em integrar a rede de recolha de pneus usados e em setembro foram realizadas as vistorias.<\/p>\n<p>No m\u00eas de dezembro entrar\u00e3o em funcionamento dois novos Centro de Rece\u00e7\u00e3o que em 2021 substituir\u00e3o a ALGAR no Algarve: Ambigroup Res\u00edduos, S.A. em Faro e a Renascimento &#8211; Gest\u00e3o e Reciclagem de Res\u00edduos, Lda. em Algoz. O distrito de Bragan\u00e7a tamb\u00e9m contar\u00e1 em breve com novo Centro de Rece\u00e7\u00e3o que substituir\u00e1 a Mirapapel em Mirandela.<\/p>\n<p>No distrito de Coimbra abriu portas mais um Centro de Rece\u00e7\u00e3o, a Valorizarpneu \u2013 Recolha e Triagem de pneus. Lda., em Condeixa-a-Nova, assim como suceder\u00e1 no distrito de Viana do Castelo que contar\u00e1 em novembro com a Reciclomais &#8211; Gest\u00e3o de Res\u00edduos, Lda..<\/p>\n<p>O distrito do Porto ter\u00e1 tamb\u00e9m em breve a rede de recolha de pneus usados refor\u00e7ada com tr\u00eas novos centros.<\/p>\n<p>A import\u00e2ncia de refor\u00e7ar a rede de CR da entidade gestora tem como base os resultados de um estudo promovido pela Valorpneu, resultante da iniciativa \u201cCircuito de Portugal\u201d, que decorreu durante em 2019. De relembrar que este estudo revelou que embora 94% dos detentores de pneus usados se considerem satisfeitos ou plenamente satisfeitos com o sistema, como principal necessidade, a maioria identificou um aumento no n\u00famero de centros de rece\u00e7\u00e3o.<\/p>\n<p>Embora esta lacuna j\u00e1 tivesse sido identificada pela Valorpneu, perante os resultados do estudo a entidade gestora realizou uma an\u00e1lise detalhada \u00e0 gera\u00e7\u00e3o de pneus usados por distrito e \u00e0 respetiva capacidade de armazenagem contratada nos diversos concelhos, de modo a identificar lacunas e prevenir zonas com potencial risco. Nesse sentido, foram ajustados os \u201cCrit\u00e9rios de Sele\u00e7\u00e3o de Centros de Rece\u00e7\u00e3o de Pneus Usados\u201d e foi lan\u00e7ado um concurso para refor\u00e7o da rede de recolha Valorpneu, durante o m\u00eas de julho de 2020.<\/p>\n<p>Os resultados, validados por uma entidade independente, j\u00e1 s\u00e3o conhecidos, com a integra\u00e7\u00e3o no sistema de mais oitos novos locais para detentores de pneus usados entregarem os seus pneus, dando-lhes o correto encaminhamento no \u00e2mbito de uma economia sustent\u00e1vel e circular.<\/p>\n<p>Atualmente, a rede de recolha da Valorpneu \u00e9 constitu\u00edda por\u00a040 Centros de Rece\u00e7\u00e3o no Continente, oito Centros de Rece\u00e7\u00e3o na R. A. dos A\u00e7ores e um Centro de Rece\u00e7\u00e3o na R. A. da Madeira.<\/p>\n<!-- AddThis Advanced Settings generic via filter on the_content --><!-- AddThis Share Buttons generic via filter on the_content -->","protected":false},"excerpt":{"rendered":"<p>Bragan\u00e7a, Coimbra, Faro, Porto e Viana do Castelo foram&#8230;<!-- AddThis Advanced Settings generic via filter on get_the_excerpt --><!-- AddThis Share Buttons generic via filter on get_the_excerpt --><\/p>\n","protected":false},"author":9,"featured_media":12563,"comment_status":"closed","ping_status":"closed","sticky":false,"template":"","format":"standard","meta":{"footnotes":""},"categories":[37],"tags":[943],"class_list":["post-12562","post","type-post","status-publish","format-standard","has-post-thumbnail","hentry","category-mercado","tag-valorpneu"],"yoast_head":"<!-- This site is optimized with the Yoast SEO plugin v27.5 - https:\/\/yoast.com\/product\/yoast-seo-wordpress\/ -->\n<title>Valorpneu anuncia 5 distritos com novos CR - Revista dos Pneus<\/title>\n<meta name=\"robots\" content=\"index, follow, max-snippet:-1, max-image-preview:large, max-video-preview:-1\" \/>\n<link rel=\"canonical\" href=\"https:\/\/revistadospneus.com\/pt\/2020\/11\/06\/valorpneu-anuncia-5-distritos-com-novos-cr\/\" \/>\n<meta property=\"og:locale\" content=\"pt_PT\" \/>\n<meta property=\"og:type\" content=\"article\" \/>\n<meta property=\"og:title\" content=\"Valorpneu anuncia 5 distritos com novos CR - Revista dos Pneus\" \/>\n<meta property=\"og:description\" content=\"Bragan\u00e7a, Coimbra, Faro, Porto e Viana do Castelo foram...\" \/>\n<meta property=\"og:url\" content=\"https:\/\/revistadospneus.com\/pt\/2020\/11\/06\/valorpneu-anuncia-5-distritos-com-novos-cr\/\" \/>\n<meta property=\"og:site_name\" content=\"Revista dos Pneus\" \/>\n<meta property=\"article:publisher\" content=\"https:\/\/www.facebook.com\/revistapneus\" \/>\n<meta property=\"article:published_time\" content=\"2020-11-06T10:00:22+00:00\" \/>\n<meta property=\"og:image\" content=\"https:\/\/revistadospneus.com\/pt\/wp-content\/uploads\/2020\/11\/Valorpneu-anuncia.png\" \/>\n\t<meta property=\"og:image:width\" content=\"1024\" \/>\n\t<meta property=\"og:image:height\" content=\"581\" \/>\n\t<meta property=\"og:image:type\" content=\"image\/png\" \/>\n<meta name=\"author\" content=\"Jo\u00e3o Vieira\" \/>\n<meta name=\"twitter:card\" content=\"summary_large_image\" \/>\n<meta name=\"twitter:creator\" content=\"@revistapneus\" \/>\n<meta name=\"twitter:site\" content=\"@revistapneus\" \/>\n<meta name=\"twitter:label1\" content=\"Escrito por\" \/>\n\t<meta name=\"twitter:data1\" content=\"Jo\u00e3o Vieira\" \/>\n\t<meta name=\"twitter:label2\" content=\"Tempo estimado de leitura\" \/>\n\t<meta name=\"twitter:data2\" content=\"2 minutos\" \/>\n<script type=\"application\/ld+json\" class=\"yoast-schema-graph\">{\"@context\":\"https:\\\/\\\/schema.org\",\"@graph\":[{\"@type\":\"Article\",\"@id\":\"https:\\\/\\\/revistadospneus.com\\\/pt\\\/2020\\\/11\\\/06\\\/valorpneu-anuncia-5-distritos-com-novos-cr\\\/#article\",\"isPartOf\":{\"@id\":\"https:\\\/\\\/revistadospneus.com\\\/pt\\\/2020\\\/11\\\/06\\\/valorpneu-anuncia-5-distritos-com-novos-cr\\\/\"},\"author\":{\"name\":\"Jo\u00e3o Vieira\",\"@id\":\"https:\\\/\\\/revistadospneus.com\\\/pt\\\/#\\\/schema\\\/person\\\/d145387c983f10ff81c1598f59ccd8b2\"},\"headline\":\"Valorpneu anuncia 5 distritos com novos CR\",\"datePublished\":\"2020-11-06T10:00:22+00:00\",\"mainEntityOfPage\":{\"@id\":\"https:\\\/\\\/revistadospneus.com\\\/pt\\\/2020\\\/11\\\/06\\\/valorpneu-anuncia-5-distritos-com-novos-cr\\\/\"},\"wordCount\":448,\"publisher\":{\"@id\":\"https:\\\/\\\/revistadospneus.com\\\/pt\\\/#organization\"},\"image\":{\"@id\":\"https:\\\/\\\/revistadospneus.com\\\/pt\\\/2020\\\/11\\\/06\\\/valorpneu-anuncia-5-distritos-com-novos-cr\\\/#primaryimage\"},\"thumbnailUrl\":\"https:\\\/\\\/revistadospneus.com\\\/pt\\\/wp-content\\\/uploads\\\/2020\\\/11\\\/Valorpneu-anuncia.png\",\"keywords\":[\"Valorpneu\"],\"articleSection\":[\"Mercado\"],\"inLanguage\":\"pt-PT\"},{\"@type\":\"WebPage\",\"@id\":\"https:\\\/\\\/revistadospneus.com\\\/pt\\\/2020\\\/11\\\/06\\\/valorpneu-anuncia-5-distritos-com-novos-cr\\\/\",\"url\":\"https:\\\/\\\/revistadospneus.com\\\/pt\\\/2020\\\/11\\\/06\\\/valorpneu-anuncia-5-distritos-com-novos-cr\\\/\",\"name\":\"Valorpneu anuncia 5 distritos com novos CR - Revista dos Pneus\",\"isPartOf\":{\"@id\":\"https:\\\/\\\/revistadospneus.com\\\/pt\\\/#website\"},\"primaryImageOfPage\":{\"@id\":\"https:\\\/\\\/revistadospneus.com\\\/pt\\\/2020\\\/11\\\/06\\\/valorpneu-anuncia-5-distritos-com-novos-cr\\\/#primaryimage\"},\"image\":{\"@id\":\"https:\\\/\\\/revistadospneus.com\\\/pt\\\/2020\\\/11\\\/06\\\/valorpneu-anuncia-5-distritos-com-novos-cr\\\/#primaryimage\"},\"thumbnailUrl\":\"https:\\\/\\\/revistadospneus.com\\\/pt\\\/wp-content\\\/uploads\\\/2020\\\/11\\\/Valorpneu-anuncia.png\",\"datePublished\":\"2020-11-06T10:00:22+00:00\",\"breadcrumb\":{\"@id\":\"https:\\\/\\\/revistadospneus.com\\\/pt\\\/2020\\\/11\\\/06\\\/valorpneu-anuncia-5-distritos-com-novos-cr\\\/#breadcrumb\"},\"inLanguage\":\"pt-PT\",\"potentialAction\":[{\"@type\":\"ReadAction\",\"target\":[\"https:\\\/\\\/revistadospneus.com\\\/pt\\\/2020\\\/11\\\/06\\\/valorpneu-anuncia-5-distritos-com-novos-cr\\\/\"]}]},{\"@type\":\"ImageObject\",\"inLanguage\":\"pt-PT\",\"@id\":\"https:\\\/\\\/revistadospneus.com\\\/pt\\\/2020\\\/11\\\/06\\\/valorpneu-anuncia-5-distritos-com-novos-cr\\\/#primaryimage\",\"url\":\"https:\\\/\\\/revistadospneus.com\\\/pt\\\/wp-content\\\/uploads\\\/2020\\\/11\\\/Valorpneu-anuncia.png\",\"contentUrl\":\"https:\\\/\\\/revistadospneus.com\\\/pt\\\/wp-content\\\/uploads\\\/2020\\\/11\\\/Valorpneu-anuncia.png\",\"width\":1024,\"height\":581,\"caption\":\"11 - Valorpneu-anuncia\"},{\"@type\":\"BreadcrumbList\",\"@id\":\"https:\\\/\\\/revistadospneus.com\\\/pt\\\/2020\\\/11\\\/06\\\/valorpneu-anuncia-5-distritos-com-novos-cr\\\/#breadcrumb\",\"itemListElement\":[{\"@type\":\"ListItem\",\"position\":1,\"name\":\"In\u00edcio\",\"item\":\"https:\\\/\\\/revistadospneus.com\\\/pt\\\/\"},{\"@type\":\"ListItem\",\"position\":2,\"name\":\"Valorpneu anuncia 5 distritos com novos CR\"}]},{\"@type\":\"WebSite\",\"@id\":\"https:\\\/\\\/revistadospneus.com\\\/pt\\\/#website\",\"url\":\"https:\\\/\\\/revistadospneus.com\\\/pt\\\/\",\"name\":\"Revista dos Pneus\",\"description\":\"Revista independente de pneus e servi\u00e7os r\u00e1pidos\",\"publisher\":{\"@id\":\"https:\\\/\\\/revistadospneus.com\\\/pt\\\/#organization\"},\"potentialAction\":[{\"@type\":\"SearchAction\",\"target\":{\"@type\":\"EntryPoint\",\"urlTemplate\":\"https:\\\/\\\/revistadospneus.com\\\/pt\\\/?s={search_term_string}\"},\"query-input\":{\"@type\":\"PropertyValueSpecification\",\"valueRequired\":true,\"valueName\":\"search_term_string\"}}],\"inLanguage\":\"pt-PT\"},{\"@type\":\"Organization\",\"@id\":\"https:\\\/\\\/revistadospneus.com\\\/pt\\\/#organization\",\"name\":\"Revista dos Pneus\",\"url\":\"https:\\\/\\\/revistadospneus.com\\\/pt\\\/\",\"logo\":{\"@type\":\"ImageObject\",\"inLanguage\":\"pt-PT\",\"@id\":\"https:\\\/\\\/revistadospneus.com\\\/pt\\\/#\\\/schema\\\/logo\\\/image\\\/\",\"url\":\"https:\\\/\\\/revistadospneus.com\\\/pt\\\/wp-content\\\/uploads\\\/logo2-1.png\",\"contentUrl\":\"https:\\\/\\\/revistadospneus.com\\\/pt\\\/wp-content\\\/uploads\\\/logo2-1.png\",\"width\":216,\"height\":70,\"caption\":\"Revista dos Pneus\"},\"image\":{\"@id\":\"https:\\\/\\\/revistadospneus.com\\\/pt\\\/#\\\/schema\\\/logo\\\/image\\\/\"},\"sameAs\":[\"https:\\\/\\\/www.facebook.com\\\/revistapneus\",\"https:\\\/\\\/x.com\\\/revistapneus\",\"https:\\\/\\\/www.linkedin.com\\\/company\\\/jornal-das-oficinas\\\/\",\"https:\\\/\\\/www.youtube.com\\\/channel\\\/UCbQZBqtcvV-oSQrr7RzINGg\"]},{\"@type\":\"Person\",\"@id\":\"https:\\\/\\\/revistadospneus.com\\\/pt\\\/#\\\/schema\\\/person\\\/d145387c983f10ff81c1598f59ccd8b2\",\"name\":\"Jo\u00e3o Vieira\",\"image\":{\"@type\":\"ImageObject\",\"inLanguage\":\"pt-PT\",\"@id\":\"https:\\\/\\\/secure.gravatar.com\\\/avatar\\\/441adcd63c03ba65286942d287eb8208a031ac45c48eecb30d63bf4cc7f790ee?s=96&d=wp_user_avatar&r=g\",\"url\":\"https:\\\/\\\/secure.gravatar.com\\\/avatar\\\/441adcd63c03ba65286942d287eb8208a031ac45c48eecb30d63bf4cc7f790ee?s=96&d=wp_user_avatar&r=g\",\"contentUrl\":\"https:\\\/\\\/secure.gravatar.com\\\/avatar\\\/441adcd63c03ba65286942d287eb8208a031ac45c48eecb30d63bf4cc7f790ee?s=96&d=wp_user_avatar&r=g\",\"caption\":\"Jo\u00e3o Vieira\"},\"url\":\"https:\\\/\\\/revistadospneus.com\\\/pt\\\/author\\\/joaovieira\\\/\"}]}<\/script>\n<!-- \/ Yoast SEO plugin. -->","yoast_head_json":{"title":"Valorpneu anuncia 5 distritos com novos CR - Revista dos Pneus","robots":{"index":"index","follow":"follow","max-snippet":"max-snippet:-1","max-image-preview":"max-image-preview:large","max-video-preview":"max-video-preview:-1"},"canonical":"https:\/\/revistadospneus.com\/pt\/2020\/11\/06\/valorpneu-anuncia-5-distritos-com-novos-cr\/","og_locale":"pt_PT","og_type":"article","og_title":"Valorpneu anuncia 5 distritos com novos CR - Revista dos Pneus","og_description":"Bragan\u00e7a, Coimbra, Faro, Porto e Viana do Castelo foram...","og_url":"https:\/\/revistadospneus.com\/pt\/2020\/11\/06\/valorpneu-anuncia-5-distritos-com-novos-cr\/","og_site_name":"Revista dos Pneus","article_publisher":"https:\/\/www.facebook.com\/revistapneus","article_published_time":"2020-11-06T10:00:22+00:00","og_image":[{"width":1024,"height":581,"url":"https:\/\/revistadospneus.com\/pt\/wp-content\/uploads\/2020\/11\/Valorpneu-anuncia.png","type":"image\/png"}],"author":"Jo\u00e3o Vieira","twitter_card":"summary_large_image","twitter_creator":"@revistapneus","twitter_site":"@revistapneus","twitter_misc":{"Escrito por":"Jo\u00e3o Vieira","Tempo estimado de leitura":"2 minutos"},"schema":{"@context":"https:\/\/schema.org","@graph":[{"@type":"Article","@id":"https:\/\/revistadospneus.com\/pt\/2020\/11\/06\/valorpneu-anuncia-5-distritos-com-novos-cr\/#article","isPartOf":{"@id":"https:\/\/revistadospneus.com\/pt\/2020\/11\/06\/valorpneu-anuncia-5-distritos-com-novos-cr\/"},"author":{"name":"Jo\u00e3o Vieira","@id":"https:\/\/revistadospneus.com\/pt\/#\/schema\/person\/d145387c983f10ff81c1598f59ccd8b2"},"headline":"Valorpneu anuncia 5 distritos com novos CR","datePublished":"2020-11-06T10:00:22+00:00","mainEntityOfPage":{"@id":"https:\/\/revistadospneus.com\/pt\/2020\/11\/06\/valorpneu-anuncia-5-distritos-com-novos-cr\/"},"wordCount":448,"publisher":{"@id":"https:\/\/revistadospneus.com\/pt\/#organization"},"image":{"@id":"https:\/\/revistadospneus.com\/pt\/2020\/11\/06\/valorpneu-anuncia-5-distritos-com-novos-cr\/#primaryimage"},"thumbnailUrl":"https:\/\/revistadospneus.com\/pt\/wp-content\/uploads\/2020\/11\/Valorpneu-anuncia.png","keywords":["Valorpneu"],"articleSection":["Mercado"],"inLanguage":"pt-PT"},{"@type":"WebPage","@id":"https:\/\/revistadospneus.com\/pt\/2020\/11\/06\/valorpneu-anuncia-5-distritos-com-novos-cr\/","url":"https:\/\/revistadospneus.com\/pt\/2020\/11\/06\/valorpneu-anuncia-5-distritos-com-novos-cr\/","name":"Valorpneu anuncia 5 distritos com novos CR - Revista dos Pneus","isPartOf":{"@id":"https:\/\/revistadospneus.com\/pt\/#website"},"primaryImageOfPage":{"@id":"https:\/\/revistadospneus.com\/pt\/2020\/11\/06\/valorpneu-anuncia-5-distritos-com-novos-cr\/#primaryimage"},"image":{"@id":"https:\/\/revistadospneus.com\/pt\/2020\/11\/06\/valorpneu-anuncia-5-distritos-com-novos-cr\/#primaryimage"},"thumbnailUrl":"https:\/\/revistadospneus.com\/pt\/wp-content\/uploads\/2020\/11\/Valorpneu-anuncia.png","datePublished":"2020-11-06T10:00:22+00:00","breadcrumb":{"@id":"https:\/\/revistadospneus.com\/pt\/2020\/11\/06\/valorpneu-anuncia-5-distritos-com-novos-cr\/#breadcrumb"},"inLanguage":"pt-PT","potentialAction":[{"@type":"ReadAction","target":["https:\/\/revistadospneus.com\/pt\/2020\/11\/06\/valorpneu-anuncia-5-distritos-com-novos-cr\/"]}]},{"@type":"ImageObject","inLanguage":"pt-PT","@id":"https:\/\/revistadospneus.com\/pt\/2020\/11\/06\/valorpneu-anuncia-5-distritos-com-novos-cr\/#primaryimage","url":"https:\/\/revistadospneus.com\/pt\/wp-content\/uploads\/2020\/11\/Valorpneu-anuncia.png","contentUrl":"https:\/\/revistadospneus.com\/pt\/wp-content\/uploads\/2020\/11\/Valorpneu-anuncia.png","width":1024,"height":581,"caption":"11 - Valorpneu-anuncia"},{"@type":"BreadcrumbList","@id":"https:\/\/revistadospneus.com\/pt\/2020\/11\/06\/valorpneu-anuncia-5-distritos-com-novos-cr\/#breadcrumb","itemListElement":[{"@type":"ListItem","position":1,"name":"In\u00edcio","item":"https:\/\/revistadospneus.com\/pt\/"},{"@type":"ListItem","position":2,"name":"Valorpneu anuncia 5 distritos com novos CR"}]},{"@type":"WebSite","@id":"https:\/\/revistadospneus.com\/pt\/#website","url":"https:\/\/revistadospneus.com\/pt\/","name":"Revista dos Pneus","description":"Revista independente de pneus e servi\u00e7os r\u00e1pidos","publisher":{"@id":"https:\/\/revistadospneus.com\/pt\/#organization"},"potentialAction":[{"@type":"SearchAction","target":{"@type":"EntryPoint","urlTemplate":"https:\/\/revistadospneus.com\/pt\/?s={search_term_string}"},"query-input":{"@type":"PropertyValueSpecification","valueRequired":true,"valueName":"search_term_string"}}],"inLanguage":"pt-PT"},{"@type":"Organization","@id":"https:\/\/revistadospneus.com\/pt\/#organization","name":"Revista dos Pneus","url":"https:\/\/revistadospneus.com\/pt\/","logo":{"@type":"ImageObject","inLanguage":"pt-PT","@id":"https:\/\/revistadospneus.com\/pt\/#\/schema\/logo\/image\/","url":"https:\/\/revistadospneus.com\/pt\/wp-content\/uploads\/logo2-1.png","contentUrl":"https:\/\/revistadospneus.com\/pt\/wp-content\/uploads\/logo2-1.png","width":216,"height":70,"caption":"Revista dos Pneus"},"image":{"@id":"https:\/\/revistadospneus.com\/pt\/#\/schema\/logo\/image\/"},"sameAs":["https:\/\/www.facebook.com\/revistapneus","https:\/\/x.com\/revistapneus","https:\/\/www.linkedin.com\/company\/jornal-das-oficinas\/","https:\/\/www.youtube.com\/channel\/UCbQZBqtcvV-oSQrr7RzINGg"]},{"@type":"Person","@id":"https:\/\/revistadospneus.com\/pt\/#\/schema\/person\/d145387c983f10ff81c1598f59ccd8b2","name":"Jo\u00e3o Vieira","image":{"@type":"ImageObject","inLanguage":"pt-PT","@id":"https:\/\/secure.gravatar.com\/avatar\/441adcd63c03ba65286942d287eb8208a031ac45c48eecb30d63bf4cc7f790ee?s=96&d=wp_user_avatar&r=g","url":"https:\/\/secure.gravatar.com\/avatar\/441adcd63c03ba65286942d287eb8208a031ac45c48eecb30d63bf4cc7f790ee?s=96&d=wp_user_avatar&r=g","contentUrl":"https:\/\/secure.gravatar.com\/avatar\/441adcd63c03ba65286942d287eb8208a031ac45c48eecb30d63bf4cc7f790ee?s=96&d=wp_user_avatar&r=g","caption":"Jo\u00e3o Vieira"},"url":"https:\/\/revistadospneus.com\/pt\/author\/joaovieira\/"}]}},"_links":{"self":[{"href":"https:\/\/revistadospneus.com\/pt\/wp-json\/wp\/v2\/posts\/12562","targetHints":{"allow":["GET"]}}],"collection":[{"href":"https:\/\/revistadospneus.com\/pt\/wp-json\/wp\/v2\/posts"}],"about":[{"href":"https:\/\/revistadospneus.com\/pt\/wp-json\/wp\/v2\/types\/post"}],"author":[{"embeddable":true,"href":"https:\/\/revistadospneus.com\/pt\/wp-json\/wp\/v2\/users\/9"}],"replies":[{"embeddable":true,"href":"https:\/\/revistadospneus.com\/pt\/wp-json\/wp\/v2\/comments?post=12562"}],"version-history":[{"count":0,"href":"https:\/\/revistadospneus.com\/pt\/wp-json\/wp\/v2\/posts\/12562\/revisions"}],"wp:featuredmedia":[{"embeddable":true,"href":"https:\/\/revistadospneus.com\/pt\/wp-json\/wp\/v2\/media\/12563"}],"wp:attachment":[{"href":"https:\/\/revistadospneus.com\/pt\/wp-json\/wp\/v2\/media?parent=12562"}],"wp:term":[{"taxonomy":"category","embeddable":true,"href":"https:\/\/revistadospneus.com\/pt\/wp-json\/wp\/v2\/categories?post=12562"},{"taxonomy":"post_tag","embeddable":true,"href":"https:\/\/revistadospneus.com\/pt\/wp-json\/wp\/v2\/tags?post=12562"}],"curies":[{"name":"wp","href":"https:\/\/api.w.org\/{rel}","templated":true}]}}