{"id":12565,"date":"2020-11-06T12:00:53","date_gmt":"2020-11-06T12:00:53","guid":{"rendered":"http:\/\/revistadospneus.com\/pt\/?p=12565"},"modified":"2020-11-06T08:51:44","modified_gmt":"2020-11-06T08:51:44","slug":"facam-da-resiliencia-a-vossa-forca-lucia-salmaso-ceo-bkt-europa","status":"publish","type":"post","link":"https:\/\/revistadospneus.com\/pt\/2020\/11\/06\/facam-da-resiliencia-a-vossa-forca-lucia-salmaso-ceo-bkt-europa\/","title":{"rendered":"\u201cFa\u00e7am da resili\u00eancia a vossa for\u00e7a\u201d, Lucia Salmaso, CEO BKT Europa"},"content":{"rendered":"<p><strong><img loading=\"lazy\" decoding=\"async\" class=\"alignnone wp-image-12547 size-full\" src=\"https:\/\/revistadospneus.com\/pt\/wp-content\/uploads\/2020\/11\/Fac\u0327am-da-resilie\u0302ncia.jpg\" alt=\"11 - Fac\u0327am-da-resilie\u0302ncia\" width=\"1024\" height=\"581\" srcset=\"https:\/\/revistadospneus.com\/pt\/wp-content\/uploads\/2020\/11\/Fac\u0327am-da-resilie\u0302ncia.jpg 1024w, https:\/\/revistadospneus.com\/pt\/wp-content\/uploads\/2020\/11\/Fac\u0327am-da-resilie\u0302ncia-300x170.jpg 300w, https:\/\/revistadospneus.com\/pt\/wp-content\/uploads\/2020\/11\/Fac\u0327am-da-resilie\u0302ncia-150x85.jpg 150w, https:\/\/revistadospneus.com\/pt\/wp-content\/uploads\/2020\/11\/Fac\u0327am-da-resilie\u0302ncia-768x436.jpg 768w\" sizes=\"auto, (max-width: 1024px) 100vw, 1024px\" \/><\/strong><\/p>\n<p><strong>O novo formato de TV da BKT est\u00e1 a dar in\u00edcio a uma edi\u00e7\u00e3o mensal de &#8220;Conversas que inspiram&#8221;. Desta vez vamos ficar a conhecer a CEO da BKT Europa, empres\u00e1ria e cidad\u00e3 do mundo, cuja inspira\u00e7\u00e3o di\u00e1ria est\u00e1 nos seus entes queridos.<\/strong><\/p>\n<p>O formato de TV digital da BKT, a BKT Network, j\u00e1 est\u00e1 a criar conte\u00fados novos. S\u00e3o muitos e variados os assuntos tratados: de forma\u00e7\u00e3o t\u00e9cnica a testemunhos em primeira m\u00e3o de utilizadores em todo o mundo, dos bastidores de patroc\u00ednios desportivos a exposi\u00e7\u00f5es e atividades de RCS. Al\u00e9m disso, emitir\u00e1 edi\u00e7\u00f5es especiais em que a multinacional indiana revelar\u00e1 curiosidades e informa\u00e7\u00f5es nunca antes publicadas, oferecendo um espa\u00e7o para os protagonistas do seu sucesso.<\/p>\n<p>Lucia Salmaso conta a sua hist\u00f3ria de forma simples mas profunda, demonstrando a sua abordagem din\u00e2mica como excelente profissional, mas tamb\u00e9m partilhando pormenores da sua vida pessoal atrav\u00e9s das suas viagens, livros preferidos, dos desenhos das netas e da m\u00fasica dos Queen.<\/p>\n<p><strong>De onde surge a sua inspira\u00e7\u00e3o?<br \/>\n<\/strong>A inspira\u00e7\u00e3o pode surgir do que nos rodeia, das pessoas. O meu pai foi a minha primeira fonte de inspira\u00e7\u00e3o. Sempre de sorriso rasgado, emp\u00e1tico e pronto a amar toda a gente.<\/p>\n<p>Tamb\u00e9m me senti inspirada por v\u00e1rios l\u00edderes empresariais. Entre eles, o que mais me influenciou foi, sem d\u00favida, Arvind Poddar, um dos fundadores da BKT.<\/p>\n<p>Quando o conheci, percebi de imediato a profundidade dos valores que nos uniam, e como est\u00e1vamos unidos pela nossa vis\u00e3o do futuro. Por isso \u00e9 que decidi trabalhar com a BKT h\u00e1 11 anos.<\/p>\n<p>Diariamente, uma fonte de inspira\u00e7\u00e3o \u00e9 o que recebo das minhas netas. Em casa e no escrit\u00f3rio, estou rodeada de desenhos maravilhosos. D\u00e3o cor \u00e0 minha vida! Acredito mesmo que as coisas simples podem mudar a nossa vida.<\/p>\n<p><strong>Como entrou no mundo dos pneus?<br \/>\n<\/strong>Na verdade, &#8220;cresci&#8221; com pneus. O meu pai trabalhou no setor dos pneus durante a maior parte da sua carreira. Depois de concluir a minha forma\u00e7\u00e3o, entrei rapidamente neste mundo e aqui estou h\u00e1 quase 40 anos.<\/p>\n<p>Um pneu n\u00e3o \u00e9 apenas um anel grande e preto. H\u00e1 uma hist\u00f3ria por tr\u00e1s de cada pneu, uma hist\u00f3ria com pessoas, a pessoa que o vai usar, e \u00e9 isso que me fascina.<\/p>\n<p><strong>Um mundo em que h\u00e1 s\u00f3 homens?<br \/>\n<\/strong>\u00c9 um mundo de homens, mas acentuar esse facto \u00e9 um estere\u00f3tipo em si mesmo. Quando existe um desafio, enquanto mulheres, sabemos estar \u00e0 altura da tarefa sem dificuldades, com uma estrat\u00e9gia \u00fanica e muito pr\u00f3pria. No entanto, o mais importante \u00e9 que os obst\u00e1culos nunca minem a for\u00e7a da nossa motiva\u00e7\u00e3o.<\/p>\n<p><strong>Viaja muito?<br \/>\n<\/strong>Antes da situa\u00e7\u00e3o atual, viajava muito. Temos parceiros em mais de 160 pa\u00edses e viajava at\u00e9 \u00e0 \u00cdndia de dois em dois meses. Isto sem mencionar as in\u00fameras iniciativas internacionais, como espet\u00e1culos e eventos associados aos nossos patroc\u00ednios desportivos. Costumava passar muito mais tempo em avi\u00f5es do que no escrit\u00f3rio. No futuro, veremos.<\/p>\n<p><strong>O que \u00e9 que as viagens significam para si?<br \/>\n<\/strong>Sempre senti fasc\u00ednio por outras culturas, por outras formas de viver a vida, prioridades diferentes. Penso que viajar significa abertura a outras pessoas, estar de olhos e ouvidos abertos, adotar uma mentalidade que aceite as diferen\u00e7as.<\/p>\n<p>Penso que esta tamb\u00e9m \u00e9 a melhor forma de lidar com a nossa vida profissional, partilhar metas com a equipa, por exemplo, ouvir os que outros pensam, mesmo que difira das nossas ideias. A diversidade pode gerar muita criatividade.<\/p>\n<p><strong>Como \u00e9 um dia normal para si?<br \/>\n<\/strong>Levanto-me muito cedo, \u00e0s seis. Bebo um ch\u00e1, leio os emails, as not\u00edcias sobre a empresa e come\u00e7o as primeiras chamadas para a \u00cdndia. \u00c0s oito, estou no escrit\u00f3rio, olho para as fotos das minhas netas e come\u00e7o o dia.<\/p>\n<p>O trabalho \u00e9 fren\u00e9tico, mas eu tenho muita energia e estou pronta para os desafios di\u00e1rios. Mesmo sabendo que a minha vida profissional ser\u00e1, digamos, menos intensa mais cedo ou mais tarde.<\/p>\n<p><strong>E no seu tempo livre?<br \/>\n<\/strong>Ler \u00e9 muito relaxante para mim. Acima de tudo, leio thrillers e romances hist\u00f3ricos. A minha casa tamb\u00e9m \u00e9 muito importante. Vivo na natureza, numa vila no lago Como. \u00c9 o meu pequeno pal\u00e1cio.<\/p>\n<p>E depois est\u00e3o os meus amigos e, claro, as minhas netas com quem passo um fim de semana por m\u00eas, porque n\u00e3o vivem perto.<\/p>\n<p><strong>Tem conselhos para as mulheres em in\u00edcio de carreira de gest\u00e3o ou administra\u00e7\u00e3o?<br \/>\n<\/strong>Fa\u00e7am da resili\u00eancia, que \u00e9 muito mais comum nas mulheres do que nos homens, a vossa mais-valia, a vossa for\u00e7a. E estejam dispostas a escutar a equipa, sem nunca esquecer as metas.<\/p>\n<p><strong>Uma \u00faltima pergunta: as suas paix\u00f5es (livros, s\u00e9ries de TV, filmes, etc.)?<br \/>\n<\/strong>Vivo as minhas paix\u00f5es todos os dias: o trabalho e as minhas netas. Se tivesse de recomendar um livro de que gosto mesmo, diria &#8220;Becoming \u2013 A Minha Hist\u00f3ria&#8221; de Michelle Obama, que nos mostra a for\u00e7a \u00fanica do universo feminino.<\/p>\n<p>S\u00e9ries de TV? Narcos. Filme? Bohemian Rhapsody. Sempre adorei os Queen.<\/p>\n<!-- AddThis Advanced Settings generic via filter on the_content --><!-- AddThis Share Buttons generic via filter on the_content -->","protected":false},"excerpt":{"rendered":"<p>O novo formato de TV da BKT est\u00e1 a&#8230;<!-- AddThis Advanced Settings generic via filter on get_the_excerpt --><!-- AddThis Share Buttons generic via filter on get_the_excerpt --><\/p>\n","protected":false},"author":9,"featured_media":12547,"comment_status":"closed","ping_status":"closed","sticky":false,"template":"","format":"standard","meta":{"footnotes":""},"categories":[38],"tags":[989],"class_list":["post-12565","post","type-post","status-publish","format-standard","has-post-thumbnail","hentry","category-entrevistas","tag-bkt"],"yoast_head":"<!-- This site is optimized with the Yoast SEO plugin v27.5 - https:\/\/yoast.com\/product\/yoast-seo-wordpress\/ -->\n<title>\u201cFa\u00e7am da resili\u00eancia a vossa for\u00e7a\u201d, Lucia Salmaso, CEO BKT Europa - Revista dos Pneus<\/title>\n<meta name=\"robots\" content=\"index, follow, max-snippet:-1, max-image-preview:large, max-video-preview:-1\" \/>\n<link rel=\"canonical\" href=\"https:\/\/revistadospneus.com\/pt\/2020\/11\/06\/facam-da-resiliencia-a-vossa-forca-lucia-salmaso-ceo-bkt-europa\/\" \/>\n<meta property=\"og:locale\" content=\"pt_PT\" \/>\n<meta property=\"og:type\" content=\"article\" \/>\n<meta property=\"og:title\" content=\"\u201cFa\u00e7am da resili\u00eancia a vossa for\u00e7a\u201d, Lucia Salmaso, CEO BKT Europa - Revista dos Pneus\" \/>\n<meta property=\"og:description\" content=\"O novo formato de TV da BKT est\u00e1 a...\" \/>\n<meta property=\"og:url\" content=\"https:\/\/revistadospneus.com\/pt\/2020\/11\/06\/facam-da-resiliencia-a-vossa-forca-lucia-salmaso-ceo-bkt-europa\/\" \/>\n<meta property=\"og:site_name\" content=\"Revista dos Pneus\" \/>\n<meta property=\"article:publisher\" content=\"https:\/\/www.facebook.com\/revistapneus\" \/>\n<meta property=\"article:published_time\" content=\"2020-11-06T12:00:53+00:00\" \/>\n<meta property=\"og:image\" content=\"https:\/\/revistadospneus.com\/pt\/wp-content\/uploads\/2020\/11\/Fac\u0327am-da-resilie\u0302ncia.jpg\" \/>\n\t<meta property=\"og:image:width\" content=\"1024\" \/>\n\t<meta property=\"og:image:height\" content=\"581\" \/>\n\t<meta property=\"og:image:type\" content=\"image\/jpeg\" \/>\n<meta name=\"author\" content=\"Jo\u00e3o Vieira\" \/>\n<meta name=\"twitter:card\" content=\"summary_large_image\" \/>\n<meta name=\"twitter:creator\" content=\"@revistapneus\" \/>\n<meta name=\"twitter:site\" content=\"@revistapneus\" \/>\n<meta name=\"twitter:label1\" content=\"Escrito por\" \/>\n\t<meta name=\"twitter:data1\" content=\"Jo\u00e3o Vieira\" \/>\n\t<meta name=\"twitter:label2\" content=\"Tempo estimado de leitura\" \/>\n\t<meta name=\"twitter:data2\" content=\"4 minutos\" \/>\n<script type=\"application\/ld+json\" class=\"yoast-schema-graph\">{\"@context\":\"https:\\\/\\\/schema.org\",\"@graph\":[{\"@type\":\"Article\",\"@id\":\"https:\\\/\\\/revistadospneus.com\\\/pt\\\/2020\\\/11\\\/06\\\/facam-da-resiliencia-a-vossa-forca-lucia-salmaso-ceo-bkt-europa\\\/#article\",\"isPartOf\":{\"@id\":\"https:\\\/\\\/revistadospneus.com\\\/pt\\\/2020\\\/11\\\/06\\\/facam-da-resiliencia-a-vossa-forca-lucia-salmaso-ceo-bkt-europa\\\/\"},\"author\":{\"name\":\"Jo\u00e3o Vieira\",\"@id\":\"https:\\\/\\\/revistadospneus.com\\\/pt\\\/#\\\/schema\\\/person\\\/d145387c983f10ff81c1598f59ccd8b2\"},\"headline\":\"\u201cFa\u00e7am da resili\u00eancia a vossa for\u00e7a\u201d, Lucia Salmaso, CEO BKT Europa\",\"datePublished\":\"2020-11-06T12:00:53+00:00\",\"mainEntityOfPage\":{\"@id\":\"https:\\\/\\\/revistadospneus.com\\\/pt\\\/2020\\\/11\\\/06\\\/facam-da-resiliencia-a-vossa-forca-lucia-salmaso-ceo-bkt-europa\\\/\"},\"wordCount\":891,\"publisher\":{\"@id\":\"https:\\\/\\\/revistadospneus.com\\\/pt\\\/#organization\"},\"image\":{\"@id\":\"https:\\\/\\\/revistadospneus.com\\\/pt\\\/2020\\\/11\\\/06\\\/facam-da-resiliencia-a-vossa-forca-lucia-salmaso-ceo-bkt-europa\\\/#primaryimage\"},\"thumbnailUrl\":\"https:\\\/\\\/revistadospneus.com\\\/pt\\\/wp-content\\\/uploads\\\/2020\\\/11\\\/Fac\u0327am-da-resilie\u0302ncia.jpg\",\"keywords\":[\"BKT\"],\"articleSection\":[\"Entrevistas\"],\"inLanguage\":\"pt-PT\"},{\"@type\":\"WebPage\",\"@id\":\"https:\\\/\\\/revistadospneus.com\\\/pt\\\/2020\\\/11\\\/06\\\/facam-da-resiliencia-a-vossa-forca-lucia-salmaso-ceo-bkt-europa\\\/\",\"url\":\"https:\\\/\\\/revistadospneus.com\\\/pt\\\/2020\\\/11\\\/06\\\/facam-da-resiliencia-a-vossa-forca-lucia-salmaso-ceo-bkt-europa\\\/\",\"name\":\"\u201cFa\u00e7am da resili\u00eancia a vossa for\u00e7a\u201d, Lucia Salmaso, CEO BKT Europa - Revista dos Pneus\",\"isPartOf\":{\"@id\":\"https:\\\/\\\/revistadospneus.com\\\/pt\\\/#website\"},\"primaryImageOfPage\":{\"@id\":\"https:\\\/\\\/revistadospneus.com\\\/pt\\\/2020\\\/11\\\/06\\\/facam-da-resiliencia-a-vossa-forca-lucia-salmaso-ceo-bkt-europa\\\/#primaryimage\"},\"image\":{\"@id\":\"https:\\\/\\\/revistadospneus.com\\\/pt\\\/2020\\\/11\\\/06\\\/facam-da-resiliencia-a-vossa-forca-lucia-salmaso-ceo-bkt-europa\\\/#primaryimage\"},\"thumbnailUrl\":\"https:\\\/\\\/revistadospneus.com\\\/pt\\\/wp-content\\\/uploads\\\/2020\\\/11\\\/Fac\u0327am-da-resilie\u0302ncia.jpg\",\"datePublished\":\"2020-11-06T12:00:53+00:00\",\"breadcrumb\":{\"@id\":\"https:\\\/\\\/revistadospneus.com\\\/pt\\\/2020\\\/11\\\/06\\\/facam-da-resiliencia-a-vossa-forca-lucia-salmaso-ceo-bkt-europa\\\/#breadcrumb\"},\"inLanguage\":\"pt-PT\",\"potentialAction\":[{\"@type\":\"ReadAction\",\"target\":[\"https:\\\/\\\/revistadospneus.com\\\/pt\\\/2020\\\/11\\\/06\\\/facam-da-resiliencia-a-vossa-forca-lucia-salmaso-ceo-bkt-europa\\\/\"]}]},{\"@type\":\"ImageObject\",\"inLanguage\":\"pt-PT\",\"@id\":\"https:\\\/\\\/revistadospneus.com\\\/pt\\\/2020\\\/11\\\/06\\\/facam-da-resiliencia-a-vossa-forca-lucia-salmaso-ceo-bkt-europa\\\/#primaryimage\",\"url\":\"https:\\\/\\\/revistadospneus.com\\\/pt\\\/wp-content\\\/uploads\\\/2020\\\/11\\\/Fac\u0327am-da-resilie\u0302ncia.jpg\",\"contentUrl\":\"https:\\\/\\\/revistadospneus.com\\\/pt\\\/wp-content\\\/uploads\\\/2020\\\/11\\\/Fac\u0327am-da-resilie\u0302ncia.jpg\",\"width\":1024,\"height\":581,\"caption\":\"11 - Fac\u0327am-da-resilie\u0302ncia\"},{\"@type\":\"BreadcrumbList\",\"@id\":\"https:\\\/\\\/revistadospneus.com\\\/pt\\\/2020\\\/11\\\/06\\\/facam-da-resiliencia-a-vossa-forca-lucia-salmaso-ceo-bkt-europa\\\/#breadcrumb\",\"itemListElement\":[{\"@type\":\"ListItem\",\"position\":1,\"name\":\"In\u00edcio\",\"item\":\"https:\\\/\\\/revistadospneus.com\\\/pt\\\/\"},{\"@type\":\"ListItem\",\"position\":2,\"name\":\"\u201cFa\u00e7am da resili\u00eancia a vossa for\u00e7a\u201d, Lucia Salmaso, CEO BKT Europa\"}]},{\"@type\":\"WebSite\",\"@id\":\"https:\\\/\\\/revistadospneus.com\\\/pt\\\/#website\",\"url\":\"https:\\\/\\\/revistadospneus.com\\\/pt\\\/\",\"name\":\"Revista dos Pneus\",\"description\":\"Revista independente de pneus e servi\u00e7os r\u00e1pidos\",\"publisher\":{\"@id\":\"https:\\\/\\\/revistadospneus.com\\\/pt\\\/#organization\"},\"potentialAction\":[{\"@type\":\"SearchAction\",\"target\":{\"@type\":\"EntryPoint\",\"urlTemplate\":\"https:\\\/\\\/revistadospneus.com\\\/pt\\\/?s={search_term_string}\"},\"query-input\":{\"@type\":\"PropertyValueSpecification\",\"valueRequired\":true,\"valueName\":\"search_term_string\"}}],\"inLanguage\":\"pt-PT\"},{\"@type\":\"Organization\",\"@id\":\"https:\\\/\\\/revistadospneus.com\\\/pt\\\/#organization\",\"name\":\"Revista dos Pneus\",\"url\":\"https:\\\/\\\/revistadospneus.com\\\/pt\\\/\",\"logo\":{\"@type\":\"ImageObject\",\"inLanguage\":\"pt-PT\",\"@id\":\"https:\\\/\\\/revistadospneus.com\\\/pt\\\/#\\\/schema\\\/logo\\\/image\\\/\",\"url\":\"https:\\\/\\\/revistadospneus.com\\\/pt\\\/wp-content\\\/uploads\\\/logo2-1.png\",\"contentUrl\":\"https:\\\/\\\/revistadospneus.com\\\/pt\\\/wp-content\\\/uploads\\\/logo2-1.png\",\"width\":216,\"height\":70,\"caption\":\"Revista dos Pneus\"},\"image\":{\"@id\":\"https:\\\/\\\/revistadospneus.com\\\/pt\\\/#\\\/schema\\\/logo\\\/image\\\/\"},\"sameAs\":[\"https:\\\/\\\/www.facebook.com\\\/revistapneus\",\"https:\\\/\\\/x.com\\\/revistapneus\",\"https:\\\/\\\/www.linkedin.com\\\/company\\\/jornal-das-oficinas\\\/\",\"https:\\\/\\\/www.youtube.com\\\/channel\\\/UCbQZBqtcvV-oSQrr7RzINGg\"]},{\"@type\":\"Person\",\"@id\":\"https:\\\/\\\/revistadospneus.com\\\/pt\\\/#\\\/schema\\\/person\\\/d145387c983f10ff81c1598f59ccd8b2\",\"name\":\"Jo\u00e3o Vieira\",\"image\":{\"@type\":\"ImageObject\",\"inLanguage\":\"pt-PT\",\"@id\":\"https:\\\/\\\/secure.gravatar.com\\\/avatar\\\/441adcd63c03ba65286942d287eb8208a031ac45c48eecb30d63bf4cc7f790ee?s=96&d=wp_user_avatar&r=g\",\"url\":\"https:\\\/\\\/secure.gravatar.com\\\/avatar\\\/441adcd63c03ba65286942d287eb8208a031ac45c48eecb30d63bf4cc7f790ee?s=96&d=wp_user_avatar&r=g\",\"contentUrl\":\"https:\\\/\\\/secure.gravatar.com\\\/avatar\\\/441adcd63c03ba65286942d287eb8208a031ac45c48eecb30d63bf4cc7f790ee?s=96&d=wp_user_avatar&r=g\",\"caption\":\"Jo\u00e3o Vieira\"},\"url\":\"https:\\\/\\\/revistadospneus.com\\\/pt\\\/author\\\/joaovieira\\\/\"}]}<\/script>\n<!-- \/ Yoast SEO plugin. -->","yoast_head_json":{"title":"\u201cFa\u00e7am da resili\u00eancia a vossa for\u00e7a\u201d, Lucia Salmaso, CEO BKT Europa - Revista dos Pneus","robots":{"index":"index","follow":"follow","max-snippet":"max-snippet:-1","max-image-preview":"max-image-preview:large","max-video-preview":"max-video-preview:-1"},"canonical":"https:\/\/revistadospneus.com\/pt\/2020\/11\/06\/facam-da-resiliencia-a-vossa-forca-lucia-salmaso-ceo-bkt-europa\/","og_locale":"pt_PT","og_type":"article","og_title":"\u201cFa\u00e7am da resili\u00eancia a vossa for\u00e7a\u201d, Lucia Salmaso, CEO BKT Europa - Revista dos Pneus","og_description":"O novo formato de TV da BKT est\u00e1 a...","og_url":"https:\/\/revistadospneus.com\/pt\/2020\/11\/06\/facam-da-resiliencia-a-vossa-forca-lucia-salmaso-ceo-bkt-europa\/","og_site_name":"Revista dos Pneus","article_publisher":"https:\/\/www.facebook.com\/revistapneus","article_published_time":"2020-11-06T12:00:53+00:00","og_image":[{"width":1024,"height":581,"url":"https:\/\/revistadospneus.com\/pt\/wp-content\/uploads\/2020\/11\/Fac\u0327am-da-resilie\u0302ncia.jpg","type":"image\/jpeg"}],"author":"Jo\u00e3o Vieira","twitter_card":"summary_large_image","twitter_creator":"@revistapneus","twitter_site":"@revistapneus","twitter_misc":{"Escrito por":"Jo\u00e3o Vieira","Tempo estimado de leitura":"4 minutos"},"schema":{"@context":"https:\/\/schema.org","@graph":[{"@type":"Article","@id":"https:\/\/revistadospneus.com\/pt\/2020\/11\/06\/facam-da-resiliencia-a-vossa-forca-lucia-salmaso-ceo-bkt-europa\/#article","isPartOf":{"@id":"https:\/\/revistadospneus.com\/pt\/2020\/11\/06\/facam-da-resiliencia-a-vossa-forca-lucia-salmaso-ceo-bkt-europa\/"},"author":{"name":"Jo\u00e3o Vieira","@id":"https:\/\/revistadospneus.com\/pt\/#\/schema\/person\/d145387c983f10ff81c1598f59ccd8b2"},"headline":"\u201cFa\u00e7am da resili\u00eancia a vossa for\u00e7a\u201d, Lucia Salmaso, CEO BKT Europa","datePublished":"2020-11-06T12:00:53+00:00","mainEntityOfPage":{"@id":"https:\/\/revistadospneus.com\/pt\/2020\/11\/06\/facam-da-resiliencia-a-vossa-forca-lucia-salmaso-ceo-bkt-europa\/"},"wordCount":891,"publisher":{"@id":"https:\/\/revistadospneus.com\/pt\/#organization"},"image":{"@id":"https:\/\/revistadospneus.com\/pt\/2020\/11\/06\/facam-da-resiliencia-a-vossa-forca-lucia-salmaso-ceo-bkt-europa\/#primaryimage"},"thumbnailUrl":"https:\/\/revistadospneus.com\/pt\/wp-content\/uploads\/2020\/11\/Fac\u0327am-da-resilie\u0302ncia.jpg","keywords":["BKT"],"articleSection":["Entrevistas"],"inLanguage":"pt-PT"},{"@type":"WebPage","@id":"https:\/\/revistadospneus.com\/pt\/2020\/11\/06\/facam-da-resiliencia-a-vossa-forca-lucia-salmaso-ceo-bkt-europa\/","url":"https:\/\/revistadospneus.com\/pt\/2020\/11\/06\/facam-da-resiliencia-a-vossa-forca-lucia-salmaso-ceo-bkt-europa\/","name":"\u201cFa\u00e7am da resili\u00eancia a vossa for\u00e7a\u201d, Lucia Salmaso, CEO BKT Europa - Revista dos Pneus","isPartOf":{"@id":"https:\/\/revistadospneus.com\/pt\/#website"},"primaryImageOfPage":{"@id":"https:\/\/revistadospneus.com\/pt\/2020\/11\/06\/facam-da-resiliencia-a-vossa-forca-lucia-salmaso-ceo-bkt-europa\/#primaryimage"},"image":{"@id":"https:\/\/revistadospneus.com\/pt\/2020\/11\/06\/facam-da-resiliencia-a-vossa-forca-lucia-salmaso-ceo-bkt-europa\/#primaryimage"},"thumbnailUrl":"https:\/\/revistadospneus.com\/pt\/wp-content\/uploads\/2020\/11\/Fac\u0327am-da-resilie\u0302ncia.jpg","datePublished":"2020-11-06T12:00:53+00:00","breadcrumb":{"@id":"https:\/\/revistadospneus.com\/pt\/2020\/11\/06\/facam-da-resiliencia-a-vossa-forca-lucia-salmaso-ceo-bkt-europa\/#breadcrumb"},"inLanguage":"pt-PT","potentialAction":[{"@type":"ReadAction","target":["https:\/\/revistadospneus.com\/pt\/2020\/11\/06\/facam-da-resiliencia-a-vossa-forca-lucia-salmaso-ceo-bkt-europa\/"]}]},{"@type":"ImageObject","inLanguage":"pt-PT","@id":"https:\/\/revistadospneus.com\/pt\/2020\/11\/06\/facam-da-resiliencia-a-vossa-forca-lucia-salmaso-ceo-bkt-europa\/#primaryimage","url":"https:\/\/revistadospneus.com\/pt\/wp-content\/uploads\/2020\/11\/Fac\u0327am-da-resilie\u0302ncia.jpg","contentUrl":"https:\/\/revistadospneus.com\/pt\/wp-content\/uploads\/2020\/11\/Fac\u0327am-da-resilie\u0302ncia.jpg","width":1024,"height":581,"caption":"11 - Fac\u0327am-da-resilie\u0302ncia"},{"@type":"BreadcrumbList","@id":"https:\/\/revistadospneus.com\/pt\/2020\/11\/06\/facam-da-resiliencia-a-vossa-forca-lucia-salmaso-ceo-bkt-europa\/#breadcrumb","itemListElement":[{"@type":"ListItem","position":1,"name":"In\u00edcio","item":"https:\/\/revistadospneus.com\/pt\/"},{"@type":"ListItem","position":2,"name":"\u201cFa\u00e7am da resili\u00eancia a vossa for\u00e7a\u201d, Lucia Salmaso, CEO BKT Europa"}]},{"@type":"WebSite","@id":"https:\/\/revistadospneus.com\/pt\/#website","url":"https:\/\/revistadospneus.com\/pt\/","name":"Revista dos Pneus","description":"Revista independente de pneus e servi\u00e7os r\u00e1pidos","publisher":{"@id":"https:\/\/revistadospneus.com\/pt\/#organization"},"potentialAction":[{"@type":"SearchAction","target":{"@type":"EntryPoint","urlTemplate":"https:\/\/revistadospneus.com\/pt\/?s={search_term_string}"},"query-input":{"@type":"PropertyValueSpecification","valueRequired":true,"valueName":"search_term_string"}}],"inLanguage":"pt-PT"},{"@type":"Organization","@id":"https:\/\/revistadospneus.com\/pt\/#organization","name":"Revista dos Pneus","url":"https:\/\/revistadospneus.com\/pt\/","logo":{"@type":"ImageObject","inLanguage":"pt-PT","@id":"https:\/\/revistadospneus.com\/pt\/#\/schema\/logo\/image\/","url":"https:\/\/revistadospneus.com\/pt\/wp-content\/uploads\/logo2-1.png","contentUrl":"https:\/\/revistadospneus.com\/pt\/wp-content\/uploads\/logo2-1.png","width":216,"height":70,"caption":"Revista dos Pneus"},"image":{"@id":"https:\/\/revistadospneus.com\/pt\/#\/schema\/logo\/image\/"},"sameAs":["https:\/\/www.facebook.com\/revistapneus","https:\/\/x.com\/revistapneus","https:\/\/www.linkedin.com\/company\/jornal-das-oficinas\/","https:\/\/www.youtube.com\/channel\/UCbQZBqtcvV-oSQrr7RzINGg"]},{"@type":"Person","@id":"https:\/\/revistadospneus.com\/pt\/#\/schema\/person\/d145387c983f10ff81c1598f59ccd8b2","name":"Jo\u00e3o Vieira","image":{"@type":"ImageObject","inLanguage":"pt-PT","@id":"https:\/\/secure.gravatar.com\/avatar\/441adcd63c03ba65286942d287eb8208a031ac45c48eecb30d63bf4cc7f790ee?s=96&d=wp_user_avatar&r=g","url":"https:\/\/secure.gravatar.com\/avatar\/441adcd63c03ba65286942d287eb8208a031ac45c48eecb30d63bf4cc7f790ee?s=96&d=wp_user_avatar&r=g","contentUrl":"https:\/\/secure.gravatar.com\/avatar\/441adcd63c03ba65286942d287eb8208a031ac45c48eecb30d63bf4cc7f790ee?s=96&d=wp_user_avatar&r=g","caption":"Jo\u00e3o Vieira"},"url":"https:\/\/revistadospneus.com\/pt\/author\/joaovieira\/"}]}},"_links":{"self":[{"href":"https:\/\/revistadospneus.com\/pt\/wp-json\/wp\/v2\/posts\/12565","targetHints":{"allow":["GET"]}}],"collection":[{"href":"https:\/\/revistadospneus.com\/pt\/wp-json\/wp\/v2\/posts"}],"about":[{"href":"https:\/\/revistadospneus.com\/pt\/wp-json\/wp\/v2\/types\/post"}],"author":[{"embeddable":true,"href":"https:\/\/revistadospneus.com\/pt\/wp-json\/wp\/v2\/users\/9"}],"replies":[{"embeddable":true,"href":"https:\/\/revistadospneus.com\/pt\/wp-json\/wp\/v2\/comments?post=12565"}],"version-history":[{"count":0,"href":"https:\/\/revistadospneus.com\/pt\/wp-json\/wp\/v2\/posts\/12565\/revisions"}],"wp:featuredmedia":[{"embeddable":true,"href":"https:\/\/revistadospneus.com\/pt\/wp-json\/wp\/v2\/media\/12547"}],"wp:attachment":[{"href":"https:\/\/revistadospneus.com\/pt\/wp-json\/wp\/v2\/media?parent=12565"}],"wp:term":[{"taxonomy":"category","embeddable":true,"href":"https:\/\/revistadospneus.com\/pt\/wp-json\/wp\/v2\/categories?post=12565"},{"taxonomy":"post_tag","embeddable":true,"href":"https:\/\/revistadospneus.com\/pt\/wp-json\/wp\/v2\/tags?post=12565"}],"curies":[{"name":"wp","href":"https:\/\/api.w.org\/{rel}","templated":true}]}}