{"id":13302,"date":"2021-02-12T14:00:54","date_gmt":"2021-02-12T14:00:54","guid":{"rendered":"http:\/\/revistadospneus.com\/pt\/?p=13302"},"modified":"2021-02-11T15:26:27","modified_gmt":"2021-02-11T15:26:27","slug":"continental-lanca-novo-pneu-com-indice-de-carga-hl","status":"publish","type":"post","link":"https:\/\/revistadospneus.com\/pt\/2021\/02\/12\/continental-lanca-novo-pneu-com-indice-de-carga-hl\/","title":{"rendered":"Continental lan\u00e7a novo pneu com \u00edndice de carga \u201cHL\u201d"},"content":{"rendered":"<p><strong><img loading=\"lazy\" decoding=\"async\" class=\"alignnone wp-image-13296 size-full\" src=\"https:\/\/revistadospneus.com\/pt\/wp-content\/uploads\/2021\/02\/Continental-lanc\u0327a-novo-pneu-com-i\u0301ndice-de-carga-HL.jpg\" alt=\"02 - Continental-lanc\u0327a-novo-pneu-com-i\u0301ndice-de-carga-HL\" width=\"1024\" height=\"581\" srcset=\"https:\/\/revistadospneus.com\/pt\/wp-content\/uploads\/2021\/02\/Continental-lanc\u0327a-novo-pneu-com-i\u0301ndice-de-carga-HL.jpg 1024w, https:\/\/revistadospneus.com\/pt\/wp-content\/uploads\/2021\/02\/Continental-lanc\u0327a-novo-pneu-com-i\u0301ndice-de-carga-HL-300x170.jpg 300w, https:\/\/revistadospneus.com\/pt\/wp-content\/uploads\/2021\/02\/Continental-lanc\u0327a-novo-pneu-com-i\u0301ndice-de-carga-HL-150x85.jpg 150w, https:\/\/revistadospneus.com\/pt\/wp-content\/uploads\/2021\/02\/Continental-lanc\u0327a-novo-pneu-com-i\u0301ndice-de-carga-HL-768x436.jpg 768w\" sizes=\"auto, (max-width: 1024px) 100vw, 1024px\" \/><\/strong><\/p>\n<p><strong>Os novos pneus continental com a sigla \u201cHL\u201d t\u00eam uma capacidade de carga um quarto mais elevada do que os pneus normais.<\/strong><\/p>\n<p>Os ve\u00edculos de grande volumetria e elevada pot\u00eancia, el\u00e9trico ou h\u00edbridos, s\u00e3o mais pesados que os seus hom\u00f3logos de combust\u00e3o interna. Ao mesmo tempo, estes ve\u00edculos mais pesados t\u00eam possibilidades limitadas, no que diz respeito a dimens\u00f5es alternativas com maior capacidade de carga.<\/p>\n<p>Em resposta, a Continental iniciou o fabrico do primeiro pneu para ligeiro de passageiros com o novo c\u00f3digo de \u00edndice de carga &#8220;HL&#8221;. Com a mesma press\u00e3o de enchimento, estes pneus t\u00eam uma capacidade de carga extra ainda mais elevada do que correspondente XL. Na parede lateral, os produtos com a nova capacidade extra de carga apresentam o c\u00f3digo HL antes do tamanho, como &#8220;HL 245\/45 R 19 101 Y XL&#8221;.<\/p>\n<p>A capacidade de carga extra deste pneu HL situa-se nos 825 kg (\u00edndice de carga 101), o que equivale a um aumento de 10 por cento em rela\u00e7\u00e3o \u00e0 norma XL familiar de 750 kg (\u00edndice de carga 98). Os pneus de passageiros deste tamanho, constru\u00eddos segundo a norma SL, adequados para muitos carros, at\u00e9 modelos de gama m\u00e9dia, inclusive, podem suportar uma carga m\u00e1xima de 670 kg (\u00edndice de carga 94). Isto torna a capacidade de carga dos novos pneus HL quase um quarto mais elevada do que os pneus normais. Quanto ao futuro, a Continental prev\u00ea uma procura crescente por parte dos construtores autom\u00f3veis de pneus com o novo c\u00f3digo HL.<\/p>\n<p>O aumento da capacidade de carga e, ao mesmo tempo, a cumprimentos dos requisitos exigentes dos construtores autom\u00f3veis exigiu uma s\u00e9rie de desenvolvimentos de novas tecnologias, tanto na constru\u00e7\u00e3o dos pneus, como nos materiais. &#8220;Est\u00e1vamos a lidar aqui com conflitos de desempenho que precisavam de ser resolvidos a um n\u00edvel muito elevado&#8221;, explica Stefan Habicht, que estava encarregado do projeto de desenvolvimento destes pneus. &#8220;Em termos de constru\u00e7\u00e3o, refor\u00e7\u00e1mos o tal\u00e3o e melhor\u00e1mos e a geometria do pneu para reduzir o ru\u00eddo pneu\/estrada. Ao mesmo tempo, otimiz\u00e1mos o composto do piso. Como resultado, conseguimos alcan\u00e7ar uma boa efici\u00eancia na poupan\u00e7a de combust\u00edvel, assegurar um controlo da dire\u00e7\u00e3o preciso e manter a durabilidade no seu elevado n\u00edvel habitual&#8221;.<\/p>\n<p>A Continental est\u00e1 atualmente a produzir os primeiros pneus da nova norma HL para o equipamento de origem, mas tamb\u00e9m estar\u00e3o dispon\u00edveis no mercado de substitui\u00e7\u00e3o.<\/p>\n<p>A\u00a0Continental\u00a0desenvolve tecnologias e servi\u00e7os pioneiros para a mobilidade sustent\u00e1vel e conectada de pessoas e dos seus bens. Fundada em 1871, a empresa de tecnologia oferece solu\u00e7\u00f5es seguras, eficientes, inteligentes e acess\u00edveis para ve\u00edculos, m\u00e1quinas, tr\u00e1fego e transporte. Em 2019, a Continental gerou vendas de \u20ac 44,5 mil milh\u00f5es e atualmente emprega mais de 233.000 pessoas em 59 pa\u00edses e mercados. Em 2021, a empresa celebra 150 anos.<\/p>\n<p>A\u00a0\u00e1rea de neg\u00f3cios de pneus\u00a0possui 24 unidades de produ\u00e7\u00e3o e desenvolvimento em todo o mundo. A Continental \u00e9 um dos principais fabricantes de pneus com mais de 56.000 funcion\u00e1rios e registou vendas de \u20ac 11,7 mil milh\u00f5es em 2019 nesta \u00e1rea de neg\u00f3cios. A Continental est\u00e1 entre os l\u00edderes em tecnologia na produ\u00e7\u00e3o de pneus e oferece uma ampla gama de produtos para autom\u00f3veis de passageiros, ve\u00edculos comerciais e especiais, bem como ve\u00edculos de duas rodas. Por meio de investimentos cont\u00ednuos em pesquisa e desenvolvimento, a Continental d\u00e1 uma grande contribui\u00e7\u00e3o para uma mobilidade segura, econ\u00f3mica e ecologicamente eficiente. O portf\u00f3lio da \u00e1rea de neg\u00f3cios dos pneus inclui servi\u00e7os para o com\u00e9rcio de pneus e aplica\u00e7\u00f5es de frota, bem como sistemas digitais de monitoriza\u00e7\u00e3o de pneus.<\/p>\n<!-- AddThis Advanced Settings generic via filter on the_content --><!-- AddThis Share Buttons generic via filter on the_content -->","protected":false},"excerpt":{"rendered":"<p>Os novos pneus continental com a sigla \u201cHL\u201d t\u00eam&#8230;<!-- AddThis Advanced Settings generic via filter on get_the_excerpt --><!-- AddThis Share Buttons generic via filter on get_the_excerpt --><\/p>\n","protected":false},"author":9,"featured_media":13296,"comment_status":"closed","ping_status":"closed","sticky":false,"template":"","format":"standard","meta":{"footnotes":""},"categories":[36],"tags":[58],"class_list":["post-13302","post","type-post","status-publish","format-standard","has-post-thumbnail","hentry","category-pesados","tag-continental"],"yoast_head":"<!-- This site is optimized with the Yoast SEO plugin v27.4 - https:\/\/yoast.com\/product\/yoast-seo-wordpress\/ -->\n<title>Continental lan\u00e7a novo pneu com \u00edndice de carga \u201cHL\u201d - Revista dos Pneus<\/title>\n<meta name=\"robots\" content=\"index, follow, max-snippet:-1, max-image-preview:large, max-video-preview:-1\" \/>\n<link rel=\"canonical\" href=\"https:\/\/revistadospneus.com\/pt\/2021\/02\/12\/continental-lanca-novo-pneu-com-indice-de-carga-hl\/\" \/>\n<meta property=\"og:locale\" content=\"pt_PT\" \/>\n<meta property=\"og:type\" content=\"article\" \/>\n<meta property=\"og:title\" content=\"Continental lan\u00e7a novo pneu com \u00edndice de carga \u201cHL\u201d - Revista dos Pneus\" \/>\n<meta property=\"og:description\" content=\"Os novos pneus continental com a sigla \u201cHL\u201d t\u00eam...\" \/>\n<meta property=\"og:url\" content=\"https:\/\/revistadospneus.com\/pt\/2021\/02\/12\/continental-lanca-novo-pneu-com-indice-de-carga-hl\/\" \/>\n<meta property=\"og:site_name\" content=\"Revista dos Pneus\" \/>\n<meta property=\"article:publisher\" content=\"https:\/\/www.facebook.com\/revistapneus\" \/>\n<meta property=\"article:published_time\" content=\"2021-02-12T14:00:54+00:00\" \/>\n<meta property=\"og:image\" content=\"https:\/\/revistadospneus.com\/pt\/wp-content\/uploads\/2021\/02\/Continental-lanc\u0327a-novo-pneu-com-i\u0301ndice-de-carga-HL.jpg\" \/>\n\t<meta property=\"og:image:width\" content=\"1024\" \/>\n\t<meta property=\"og:image:height\" content=\"581\" \/>\n\t<meta property=\"og:image:type\" content=\"image\/jpeg\" \/>\n<meta name=\"author\" content=\"Jo\u00e3o Vieira\" \/>\n<meta name=\"twitter:card\" content=\"summary_large_image\" \/>\n<meta name=\"twitter:creator\" content=\"@revistapneus\" \/>\n<meta name=\"twitter:site\" content=\"@revistapneus\" \/>\n<meta name=\"twitter:label1\" content=\"Escrito por\" \/>\n\t<meta name=\"twitter:data1\" content=\"Jo\u00e3o Vieira\" \/>\n\t<meta name=\"twitter:label2\" content=\"Tempo estimado de leitura\" \/>\n\t<meta name=\"twitter:data2\" content=\"3 minutos\" \/>\n<script type=\"application\/ld+json\" class=\"yoast-schema-graph\">{\"@context\":\"https:\\\/\\\/schema.org\",\"@graph\":[{\"@type\":\"Article\",\"@id\":\"https:\\\/\\\/revistadospneus.com\\\/pt\\\/2021\\\/02\\\/12\\\/continental-lanca-novo-pneu-com-indice-de-carga-hl\\\/#article\",\"isPartOf\":{\"@id\":\"https:\\\/\\\/revistadospneus.com\\\/pt\\\/2021\\\/02\\\/12\\\/continental-lanca-novo-pneu-com-indice-de-carga-hl\\\/\"},\"author\":{\"name\":\"Jo\u00e3o Vieira\",\"@id\":\"https:\\\/\\\/revistadospneus.com\\\/pt\\\/#\\\/schema\\\/person\\\/d145387c983f10ff81c1598f59ccd8b2\"},\"headline\":\"Continental lan\u00e7a novo pneu com \u00edndice de carga \u201cHL\u201d\",\"datePublished\":\"2021-02-12T14:00:54+00:00\",\"mainEntityOfPage\":{\"@id\":\"https:\\\/\\\/revistadospneus.com\\\/pt\\\/2021\\\/02\\\/12\\\/continental-lanca-novo-pneu-com-indice-de-carga-hl\\\/\"},\"wordCount\":645,\"publisher\":{\"@id\":\"https:\\\/\\\/revistadospneus.com\\\/pt\\\/#organization\"},\"image\":{\"@id\":\"https:\\\/\\\/revistadospneus.com\\\/pt\\\/2021\\\/02\\\/12\\\/continental-lanca-novo-pneu-com-indice-de-carga-hl\\\/#primaryimage\"},\"thumbnailUrl\":\"https:\\\/\\\/revistadospneus.com\\\/pt\\\/wp-content\\\/uploads\\\/2021\\\/02\\\/Continental-lanc\u0327a-novo-pneu-com-i\u0301ndice-de-carga-HL.jpg\",\"keywords\":[\"Continental\"],\"articleSection\":[\"Pesados\"],\"inLanguage\":\"pt-PT\"},{\"@type\":\"WebPage\",\"@id\":\"https:\\\/\\\/revistadospneus.com\\\/pt\\\/2021\\\/02\\\/12\\\/continental-lanca-novo-pneu-com-indice-de-carga-hl\\\/\",\"url\":\"https:\\\/\\\/revistadospneus.com\\\/pt\\\/2021\\\/02\\\/12\\\/continental-lanca-novo-pneu-com-indice-de-carga-hl\\\/\",\"name\":\"Continental lan\u00e7a novo pneu com \u00edndice de carga \u201cHL\u201d - Revista dos Pneus\",\"isPartOf\":{\"@id\":\"https:\\\/\\\/revistadospneus.com\\\/pt\\\/#website\"},\"primaryImageOfPage\":{\"@id\":\"https:\\\/\\\/revistadospneus.com\\\/pt\\\/2021\\\/02\\\/12\\\/continental-lanca-novo-pneu-com-indice-de-carga-hl\\\/#primaryimage\"},\"image\":{\"@id\":\"https:\\\/\\\/revistadospneus.com\\\/pt\\\/2021\\\/02\\\/12\\\/continental-lanca-novo-pneu-com-indice-de-carga-hl\\\/#primaryimage\"},\"thumbnailUrl\":\"https:\\\/\\\/revistadospneus.com\\\/pt\\\/wp-content\\\/uploads\\\/2021\\\/02\\\/Continental-lanc\u0327a-novo-pneu-com-i\u0301ndice-de-carga-HL.jpg\",\"datePublished\":\"2021-02-12T14:00:54+00:00\",\"breadcrumb\":{\"@id\":\"https:\\\/\\\/revistadospneus.com\\\/pt\\\/2021\\\/02\\\/12\\\/continental-lanca-novo-pneu-com-indice-de-carga-hl\\\/#breadcrumb\"},\"inLanguage\":\"pt-PT\",\"potentialAction\":[{\"@type\":\"ReadAction\",\"target\":[\"https:\\\/\\\/revistadospneus.com\\\/pt\\\/2021\\\/02\\\/12\\\/continental-lanca-novo-pneu-com-indice-de-carga-hl\\\/\"]}]},{\"@type\":\"ImageObject\",\"inLanguage\":\"pt-PT\",\"@id\":\"https:\\\/\\\/revistadospneus.com\\\/pt\\\/2021\\\/02\\\/12\\\/continental-lanca-novo-pneu-com-indice-de-carga-hl\\\/#primaryimage\",\"url\":\"https:\\\/\\\/revistadospneus.com\\\/pt\\\/wp-content\\\/uploads\\\/2021\\\/02\\\/Continental-lanc\u0327a-novo-pneu-com-i\u0301ndice-de-carga-HL.jpg\",\"contentUrl\":\"https:\\\/\\\/revistadospneus.com\\\/pt\\\/wp-content\\\/uploads\\\/2021\\\/02\\\/Continental-lanc\u0327a-novo-pneu-com-i\u0301ndice-de-carga-HL.jpg\",\"width\":1024,\"height\":581,\"caption\":\"02 - Continental-lanc\u0327a-novo-pneu-com-i\u0301ndice-de-carga-HL\"},{\"@type\":\"BreadcrumbList\",\"@id\":\"https:\\\/\\\/revistadospneus.com\\\/pt\\\/2021\\\/02\\\/12\\\/continental-lanca-novo-pneu-com-indice-de-carga-hl\\\/#breadcrumb\",\"itemListElement\":[{\"@type\":\"ListItem\",\"position\":1,\"name\":\"In\u00edcio\",\"item\":\"https:\\\/\\\/revistadospneus.com\\\/pt\\\/\"},{\"@type\":\"ListItem\",\"position\":2,\"name\":\"Continental lan\u00e7a novo pneu com \u00edndice de carga \u201cHL\u201d\"}]},{\"@type\":\"WebSite\",\"@id\":\"https:\\\/\\\/revistadospneus.com\\\/pt\\\/#website\",\"url\":\"https:\\\/\\\/revistadospneus.com\\\/pt\\\/\",\"name\":\"Revista dos Pneus\",\"description\":\"Revista independente de pneus e servi\u00e7os r\u00e1pidos\",\"publisher\":{\"@id\":\"https:\\\/\\\/revistadospneus.com\\\/pt\\\/#organization\"},\"potentialAction\":[{\"@type\":\"SearchAction\",\"target\":{\"@type\":\"EntryPoint\",\"urlTemplate\":\"https:\\\/\\\/revistadospneus.com\\\/pt\\\/?s={search_term_string}\"},\"query-input\":{\"@type\":\"PropertyValueSpecification\",\"valueRequired\":true,\"valueName\":\"search_term_string\"}}],\"inLanguage\":\"pt-PT\"},{\"@type\":\"Organization\",\"@id\":\"https:\\\/\\\/revistadospneus.com\\\/pt\\\/#organization\",\"name\":\"Revista dos Pneus\",\"url\":\"https:\\\/\\\/revistadospneus.com\\\/pt\\\/\",\"logo\":{\"@type\":\"ImageObject\",\"inLanguage\":\"pt-PT\",\"@id\":\"https:\\\/\\\/revistadospneus.com\\\/pt\\\/#\\\/schema\\\/logo\\\/image\\\/\",\"url\":\"https:\\\/\\\/revistadospneus.com\\\/pt\\\/wp-content\\\/uploads\\\/logo2-1.png\",\"contentUrl\":\"https:\\\/\\\/revistadospneus.com\\\/pt\\\/wp-content\\\/uploads\\\/logo2-1.png\",\"width\":216,\"height\":70,\"caption\":\"Revista dos Pneus\"},\"image\":{\"@id\":\"https:\\\/\\\/revistadospneus.com\\\/pt\\\/#\\\/schema\\\/logo\\\/image\\\/\"},\"sameAs\":[\"https:\\\/\\\/www.facebook.com\\\/revistapneus\",\"https:\\\/\\\/x.com\\\/revistapneus\",\"https:\\\/\\\/www.linkedin.com\\\/company\\\/jornal-das-oficinas\\\/\",\"https:\\\/\\\/www.youtube.com\\\/channel\\\/UCbQZBqtcvV-oSQrr7RzINGg\"]},{\"@type\":\"Person\",\"@id\":\"https:\\\/\\\/revistadospneus.com\\\/pt\\\/#\\\/schema\\\/person\\\/d145387c983f10ff81c1598f59ccd8b2\",\"name\":\"Jo\u00e3o Vieira\",\"image\":{\"@type\":\"ImageObject\",\"inLanguage\":\"pt-PT\",\"@id\":\"https:\\\/\\\/secure.gravatar.com\\\/avatar\\\/441adcd63c03ba65286942d287eb8208a031ac45c48eecb30d63bf4cc7f790ee?s=96&d=wp_user_avatar&r=g\",\"url\":\"https:\\\/\\\/secure.gravatar.com\\\/avatar\\\/441adcd63c03ba65286942d287eb8208a031ac45c48eecb30d63bf4cc7f790ee?s=96&d=wp_user_avatar&r=g\",\"contentUrl\":\"https:\\\/\\\/secure.gravatar.com\\\/avatar\\\/441adcd63c03ba65286942d287eb8208a031ac45c48eecb30d63bf4cc7f790ee?s=96&d=wp_user_avatar&r=g\",\"caption\":\"Jo\u00e3o Vieira\"},\"url\":\"https:\\\/\\\/revistadospneus.com\\\/pt\\\/author\\\/joaovieira\\\/\"}]}<\/script>\n<!-- \/ Yoast SEO plugin. -->","yoast_head_json":{"title":"Continental lan\u00e7a novo pneu com \u00edndice de carga \u201cHL\u201d - Revista dos Pneus","robots":{"index":"index","follow":"follow","max-snippet":"max-snippet:-1","max-image-preview":"max-image-preview:large","max-video-preview":"max-video-preview:-1"},"canonical":"https:\/\/revistadospneus.com\/pt\/2021\/02\/12\/continental-lanca-novo-pneu-com-indice-de-carga-hl\/","og_locale":"pt_PT","og_type":"article","og_title":"Continental lan\u00e7a novo pneu com \u00edndice de carga \u201cHL\u201d - Revista dos Pneus","og_description":"Os novos pneus continental com a sigla \u201cHL\u201d t\u00eam...","og_url":"https:\/\/revistadospneus.com\/pt\/2021\/02\/12\/continental-lanca-novo-pneu-com-indice-de-carga-hl\/","og_site_name":"Revista dos Pneus","article_publisher":"https:\/\/www.facebook.com\/revistapneus","article_published_time":"2021-02-12T14:00:54+00:00","og_image":[{"width":1024,"height":581,"url":"https:\/\/revistadospneus.com\/pt\/wp-content\/uploads\/2021\/02\/Continental-lanc\u0327a-novo-pneu-com-i\u0301ndice-de-carga-HL.jpg","type":"image\/jpeg"}],"author":"Jo\u00e3o Vieira","twitter_card":"summary_large_image","twitter_creator":"@revistapneus","twitter_site":"@revistapneus","twitter_misc":{"Escrito por":"Jo\u00e3o Vieira","Tempo estimado de leitura":"3 minutos"},"schema":{"@context":"https:\/\/schema.org","@graph":[{"@type":"Article","@id":"https:\/\/revistadospneus.com\/pt\/2021\/02\/12\/continental-lanca-novo-pneu-com-indice-de-carga-hl\/#article","isPartOf":{"@id":"https:\/\/revistadospneus.com\/pt\/2021\/02\/12\/continental-lanca-novo-pneu-com-indice-de-carga-hl\/"},"author":{"name":"Jo\u00e3o Vieira","@id":"https:\/\/revistadospneus.com\/pt\/#\/schema\/person\/d145387c983f10ff81c1598f59ccd8b2"},"headline":"Continental lan\u00e7a novo pneu com \u00edndice de carga \u201cHL\u201d","datePublished":"2021-02-12T14:00:54+00:00","mainEntityOfPage":{"@id":"https:\/\/revistadospneus.com\/pt\/2021\/02\/12\/continental-lanca-novo-pneu-com-indice-de-carga-hl\/"},"wordCount":645,"publisher":{"@id":"https:\/\/revistadospneus.com\/pt\/#organization"},"image":{"@id":"https:\/\/revistadospneus.com\/pt\/2021\/02\/12\/continental-lanca-novo-pneu-com-indice-de-carga-hl\/#primaryimage"},"thumbnailUrl":"https:\/\/revistadospneus.com\/pt\/wp-content\/uploads\/2021\/02\/Continental-lanc\u0327a-novo-pneu-com-i\u0301ndice-de-carga-HL.jpg","keywords":["Continental"],"articleSection":["Pesados"],"inLanguage":"pt-PT"},{"@type":"WebPage","@id":"https:\/\/revistadospneus.com\/pt\/2021\/02\/12\/continental-lanca-novo-pneu-com-indice-de-carga-hl\/","url":"https:\/\/revistadospneus.com\/pt\/2021\/02\/12\/continental-lanca-novo-pneu-com-indice-de-carga-hl\/","name":"Continental lan\u00e7a novo pneu com \u00edndice de carga \u201cHL\u201d - Revista dos Pneus","isPartOf":{"@id":"https:\/\/revistadospneus.com\/pt\/#website"},"primaryImageOfPage":{"@id":"https:\/\/revistadospneus.com\/pt\/2021\/02\/12\/continental-lanca-novo-pneu-com-indice-de-carga-hl\/#primaryimage"},"image":{"@id":"https:\/\/revistadospneus.com\/pt\/2021\/02\/12\/continental-lanca-novo-pneu-com-indice-de-carga-hl\/#primaryimage"},"thumbnailUrl":"https:\/\/revistadospneus.com\/pt\/wp-content\/uploads\/2021\/02\/Continental-lanc\u0327a-novo-pneu-com-i\u0301ndice-de-carga-HL.jpg","datePublished":"2021-02-12T14:00:54+00:00","breadcrumb":{"@id":"https:\/\/revistadospneus.com\/pt\/2021\/02\/12\/continental-lanca-novo-pneu-com-indice-de-carga-hl\/#breadcrumb"},"inLanguage":"pt-PT","potentialAction":[{"@type":"ReadAction","target":["https:\/\/revistadospneus.com\/pt\/2021\/02\/12\/continental-lanca-novo-pneu-com-indice-de-carga-hl\/"]}]},{"@type":"ImageObject","inLanguage":"pt-PT","@id":"https:\/\/revistadospneus.com\/pt\/2021\/02\/12\/continental-lanca-novo-pneu-com-indice-de-carga-hl\/#primaryimage","url":"https:\/\/revistadospneus.com\/pt\/wp-content\/uploads\/2021\/02\/Continental-lanc\u0327a-novo-pneu-com-i\u0301ndice-de-carga-HL.jpg","contentUrl":"https:\/\/revistadospneus.com\/pt\/wp-content\/uploads\/2021\/02\/Continental-lanc\u0327a-novo-pneu-com-i\u0301ndice-de-carga-HL.jpg","width":1024,"height":581,"caption":"02 - Continental-lanc\u0327a-novo-pneu-com-i\u0301ndice-de-carga-HL"},{"@type":"BreadcrumbList","@id":"https:\/\/revistadospneus.com\/pt\/2021\/02\/12\/continental-lanca-novo-pneu-com-indice-de-carga-hl\/#breadcrumb","itemListElement":[{"@type":"ListItem","position":1,"name":"In\u00edcio","item":"https:\/\/revistadospneus.com\/pt\/"},{"@type":"ListItem","position":2,"name":"Continental lan\u00e7a novo pneu com \u00edndice de carga \u201cHL\u201d"}]},{"@type":"WebSite","@id":"https:\/\/revistadospneus.com\/pt\/#website","url":"https:\/\/revistadospneus.com\/pt\/","name":"Revista dos Pneus","description":"Revista independente de pneus e servi\u00e7os r\u00e1pidos","publisher":{"@id":"https:\/\/revistadospneus.com\/pt\/#organization"},"potentialAction":[{"@type":"SearchAction","target":{"@type":"EntryPoint","urlTemplate":"https:\/\/revistadospneus.com\/pt\/?s={search_term_string}"},"query-input":{"@type":"PropertyValueSpecification","valueRequired":true,"valueName":"search_term_string"}}],"inLanguage":"pt-PT"},{"@type":"Organization","@id":"https:\/\/revistadospneus.com\/pt\/#organization","name":"Revista dos Pneus","url":"https:\/\/revistadospneus.com\/pt\/","logo":{"@type":"ImageObject","inLanguage":"pt-PT","@id":"https:\/\/revistadospneus.com\/pt\/#\/schema\/logo\/image\/","url":"https:\/\/revistadospneus.com\/pt\/wp-content\/uploads\/logo2-1.png","contentUrl":"https:\/\/revistadospneus.com\/pt\/wp-content\/uploads\/logo2-1.png","width":216,"height":70,"caption":"Revista dos Pneus"},"image":{"@id":"https:\/\/revistadospneus.com\/pt\/#\/schema\/logo\/image\/"},"sameAs":["https:\/\/www.facebook.com\/revistapneus","https:\/\/x.com\/revistapneus","https:\/\/www.linkedin.com\/company\/jornal-das-oficinas\/","https:\/\/www.youtube.com\/channel\/UCbQZBqtcvV-oSQrr7RzINGg"]},{"@type":"Person","@id":"https:\/\/revistadospneus.com\/pt\/#\/schema\/person\/d145387c983f10ff81c1598f59ccd8b2","name":"Jo\u00e3o Vieira","image":{"@type":"ImageObject","inLanguage":"pt-PT","@id":"https:\/\/secure.gravatar.com\/avatar\/441adcd63c03ba65286942d287eb8208a031ac45c48eecb30d63bf4cc7f790ee?s=96&d=wp_user_avatar&r=g","url":"https:\/\/secure.gravatar.com\/avatar\/441adcd63c03ba65286942d287eb8208a031ac45c48eecb30d63bf4cc7f790ee?s=96&d=wp_user_avatar&r=g","contentUrl":"https:\/\/secure.gravatar.com\/avatar\/441adcd63c03ba65286942d287eb8208a031ac45c48eecb30d63bf4cc7f790ee?s=96&d=wp_user_avatar&r=g","caption":"Jo\u00e3o Vieira"},"url":"https:\/\/revistadospneus.com\/pt\/author\/joaovieira\/"}]}},"_links":{"self":[{"href":"https:\/\/revistadospneus.com\/pt\/wp-json\/wp\/v2\/posts\/13302","targetHints":{"allow":["GET"]}}],"collection":[{"href":"https:\/\/revistadospneus.com\/pt\/wp-json\/wp\/v2\/posts"}],"about":[{"href":"https:\/\/revistadospneus.com\/pt\/wp-json\/wp\/v2\/types\/post"}],"author":[{"embeddable":true,"href":"https:\/\/revistadospneus.com\/pt\/wp-json\/wp\/v2\/users\/9"}],"replies":[{"embeddable":true,"href":"https:\/\/revistadospneus.com\/pt\/wp-json\/wp\/v2\/comments?post=13302"}],"version-history":[{"count":0,"href":"https:\/\/revistadospneus.com\/pt\/wp-json\/wp\/v2\/posts\/13302\/revisions"}],"wp:featuredmedia":[{"embeddable":true,"href":"https:\/\/revistadospneus.com\/pt\/wp-json\/wp\/v2\/media\/13296"}],"wp:attachment":[{"href":"https:\/\/revistadospneus.com\/pt\/wp-json\/wp\/v2\/media?parent=13302"}],"wp:term":[{"taxonomy":"category","embeddable":true,"href":"https:\/\/revistadospneus.com\/pt\/wp-json\/wp\/v2\/categories?post=13302"},{"taxonomy":"post_tag","embeddable":true,"href":"https:\/\/revistadospneus.com\/pt\/wp-json\/wp\/v2\/tags?post=13302"}],"curies":[{"name":"wp","href":"https:\/\/api.w.org\/{rel}","templated":true}]}}