{"id":13445,"date":"2021-03-01T10:00:21","date_gmt":"2021-03-01T10:00:21","guid":{"rendered":"http:\/\/revistadospneus.com\/pt\/?p=13445"},"modified":"2021-03-01T09:25:56","modified_gmt":"2021-03-01T09:25:56","slug":"pirelli-sottozero-ice-j1-estreia-do-rali-do-artico","status":"publish","type":"post","link":"https:\/\/revistadospneus.com\/pt\/2021\/03\/01\/pirelli-sottozero-ice-j1-estreia-do-rali-do-artico\/","title":{"rendered":"Pirelli Sottozero Ice J1 estreia do rali do \u00c1rtico"},"content":{"rendered":"<p><strong><img loading=\"lazy\" decoding=\"async\" class=\"alignnone wp-image-13443 size-full\" src=\"https:\/\/revistadospneus.com\/pt\/wp-content\/uploads\/2021\/03\/Pirelli-Sottozero-Ice-J1.jpg\" alt=\"03 - Pirelli-Sottozero-Ice-J1\" width=\"1024\" height=\"581\" srcset=\"https:\/\/revistadospneus.com\/pt\/wp-content\/uploads\/2021\/03\/Pirelli-Sottozero-Ice-J1.jpg 1024w, https:\/\/revistadospneus.com\/pt\/wp-content\/uploads\/2021\/03\/Pirelli-Sottozero-Ice-J1-300x170.jpg 300w, https:\/\/revistadospneus.com\/pt\/wp-content\/uploads\/2021\/03\/Pirelli-Sottozero-Ice-J1-150x85.jpg 150w, https:\/\/revistadospneus.com\/pt\/wp-content\/uploads\/2021\/03\/Pirelli-Sottozero-Ice-J1-768x436.jpg 768w\" sizes=\"auto, (max-width: 1024px) 100vw, 1024px\" \/><\/strong><\/p>\n<p><strong>O piloto da Hyundai Ott T\u00e4nak liderou o Rali do \u00c1rtico do in\u00edcio ao fim, prova que este ano substituiu o Rali da Su\u00e9cia. Kalle Rovanper\u00e4, da Toyota, com apenas 20 anos, terminou no segundo lugar da geral, o seu melhor resultado de sempre, e assumiu a lideran\u00e7a do campeonato.<\/strong><\/p>\n<p>O adolescente Oliver Solberg, piloto da Hyundai, fez uma excelente estreia no World Rally Car (com um novo copiloto) e conseguiu um fant\u00e1stico em s\u00e9timo posto.<\/p>\n<p><strong>O PNEU VENCEDOR<br \/>\n<\/strong>Em contraste com Monte-Carlo, os pilotos puderam contar apenas com um tipo de pneu: o Sottozero Ice J1A, com 384 pregos com ponta de tungst\u00eanio, colocados no pneu gra\u00e7as a um processo de vulcaniza\u00e7\u00e3o patenteado. No total, os pregos contam com 20 mil\u00edmetros de comprimento, com sete mil\u00edmetros de protuber\u00e2ncia, de acordo com os regulamentos da FIA. Estes pneus s\u00e3o projetados para o gelo e neve t\u00edpicos das etapas do Rali do \u00c1rtico, com uma grande capacidade de &#8220;morder&#8221; as superf\u00edcies cobertas de neve e de se &#8220;agarrar&#8221; ao gelo da camada inferior.<\/p>\n<p><strong>A ETAPA-CHAVE<br \/>\n<\/strong>Com todas as etapas com cerca de 20 quil\u00f3metros ou mais, algo incomum para um rali do campeonato mundial, todas acabaram por ter um papel importante no resultado final. Contudo, a Power Stage de 22 quil\u00f3metros de conclus\u00e3o do Rali foi particularmente crucial, pois foi a \u00fanica repeti\u00e7\u00e3o de outra etapa realizada no domingo, tornando-a especialmente desafiadora, al\u00e9m dos cinco pontos extra para o campeonato.<\/p>\n<p><strong>TERENZIO TESTONI, RESPONS\u00c1VEL PELAS ATIVIDADES DE RALI DA PIRELLI<br \/>\n<\/strong>\u201cHouve uma grande varia\u00e7\u00e3o de temperatura do teste pr\u00e9vio do evento at\u00e9 ao in\u00edcio do Rali: de quase 20 graus negativos, h\u00e1 cerca de uma semana, as condi\u00e7\u00f5es aqueceram consideravelmente para apenas uns graus abaixo de zero. Isto significa que assistimos a uma grande varia\u00e7\u00e3o: de gelo densamente compactado para neve misturada com cascalho. Em condi\u00e7\u00f5es de neve e gelo puras, os nossos pneus Sottozero registaram um desempenho perfeito sem perda de pregos, uma vez que essas s\u00e3o exatamente as condi\u00e7\u00f5es para as quais foram projetados. Na presen\u00e7a de cascalho, foi mais dif\u00edcil manter todos os pregos nos pneus e os pilotos tiveram de adaptar a condu\u00e7\u00e3o a essa situa\u00e7\u00e3o. Os pilotos que colocaram menos press\u00e3o nos pneus, nessas condi\u00e7\u00f5es, foram os grandes beneficiados. Parab\u00e9ns a Ott e tamb\u00e9m a Oliver: tendo participado numa prova do World Rally Car pela primeira vez connosco, no Bologna Motor Show, h\u00e1 tr\u00eas anos, \u00e9 fant\u00e1stico ver o Oliver a sair-se t\u00e3o bem na sua estreia no campeonato mundial, na classe principal, com os nossos pneus.\u201d<\/p>\n<p><strong>O MAIOR DESAFIO<br \/>\n<\/strong>Com o teste pr\u00e9vio e o reconhecimento a decorrer em condi\u00e7\u00f5es muito mais frias, foi dif\u00edcil para os pilotos relacionar o que experimentaram nessas ocasi\u00f5es com as condi\u00e7\u00f5es reais de competi\u00e7\u00e3o. Qualquer erro demonstrou ter grandes consequ\u00eancias, j\u00e1 que, tal como aconteceu em Monte Carlo, n\u00e3o houve espectadores para ajudar a tirar os pilotos dos bancos de neve.<\/p>\n<p><strong>OS VENCEDORES DA CLASSE<br \/>\n<\/strong>O ex-piloto de f\u00e1brica, Esapekka Lappi, ao volante de um Volkswagen Polo, regressou com uma presta\u00e7\u00e3o dominante para reclamar a vit\u00f3ria no WRC2 e a 10\u00aa posi\u00e7\u00e3o na geral. O piloto apenas n\u00e3o venceu duas etapas e terminou a uma dist\u00e2ncia de 45 segundos do Andreas Mikkelsen, piloto da Skoda, que terminou em segundo. O campe\u00e3o finland\u00eas, Teemu Asunmaa, ao volante de um Skoda, foi o vencedor no WRC3.<\/p>\n<p><strong>OTT T\u00c4NAK, O GRANDE VENCEDOR<br \/>\n<\/strong>\u201cAs condi\u00e7\u00f5es demonstraram ser muito desafiantes para os pneus. O que ajudou a fazer a diferen\u00e7a quando havia muito cascalho foi travar um pouco mais cedo. Sab\u00edamos que seria uma luta complicada e conquistamos o m\u00e1ximo de pontos da forma mais segura poss\u00edvel.\u201d<\/p>\n<!-- AddThis Advanced Settings generic via filter on the_content --><!-- AddThis Share Buttons generic via filter on the_content -->","protected":false},"excerpt":{"rendered":"<p>O piloto da Hyundai Ott T\u00e4nak liderou o Rali&#8230;<!-- AddThis Advanced Settings generic via filter on get_the_excerpt --><!-- AddThis Share Buttons generic via filter on get_the_excerpt --><\/p>\n","protected":false},"author":13,"featured_media":13443,"comment_status":"closed","ping_status":"closed","sticky":false,"template":"","format":"standard","meta":{"footnotes":""},"categories":[29],"tags":[109],"class_list":["post-13445","post","type-post","status-publish","format-standard","has-post-thumbnail","hentry","category-empresas","tag-pirelli"],"yoast_head":"<!-- This site is optimized with the Yoast SEO plugin v27.5 - https:\/\/yoast.com\/product\/yoast-seo-wordpress\/ -->\n<title>Pirelli Sottozero Ice J1 estreia do rali do \u00c1rtico - Revista dos Pneus<\/title>\n<meta name=\"robots\" content=\"index, follow, max-snippet:-1, max-image-preview:large, max-video-preview:-1\" \/>\n<link rel=\"canonical\" href=\"https:\/\/revistadospneus.com\/pt\/2021\/03\/01\/pirelli-sottozero-ice-j1-estreia-do-rali-do-artico\/\" \/>\n<meta property=\"og:locale\" content=\"pt_PT\" \/>\n<meta property=\"og:type\" content=\"article\" \/>\n<meta property=\"og:title\" content=\"Pirelli Sottozero Ice J1 estreia do rali do \u00c1rtico - Revista dos Pneus\" \/>\n<meta property=\"og:description\" content=\"O piloto da Hyundai Ott T\u00e4nak liderou o Rali...\" \/>\n<meta property=\"og:url\" content=\"https:\/\/revistadospneus.com\/pt\/2021\/03\/01\/pirelli-sottozero-ice-j1-estreia-do-rali-do-artico\/\" \/>\n<meta property=\"og:site_name\" content=\"Revista dos Pneus\" \/>\n<meta property=\"article:publisher\" content=\"https:\/\/www.facebook.com\/revistapneus\" \/>\n<meta property=\"article:published_time\" content=\"2021-03-01T10:00:21+00:00\" \/>\n<meta property=\"og:image\" content=\"https:\/\/revistadospneus.com\/pt\/wp-content\/uploads\/2021\/03\/Pirelli-Sottozero-Ice-J1.jpg\" \/>\n\t<meta property=\"og:image:width\" content=\"1024\" \/>\n\t<meta property=\"og:image:height\" content=\"581\" \/>\n\t<meta property=\"og:image:type\" content=\"image\/jpeg\" \/>\n<meta name=\"author\" content=\"Reda\u00e7\u00e3o RP\" \/>\n<meta name=\"twitter:card\" content=\"summary_large_image\" \/>\n<meta name=\"twitter:creator\" content=\"@revistapneus\" \/>\n<meta name=\"twitter:site\" content=\"@revistapneus\" \/>\n<meta name=\"twitter:label1\" content=\"Escrito por\" \/>\n\t<meta name=\"twitter:data1\" content=\"Reda\u00e7\u00e3o RP\" \/>\n\t<meta name=\"twitter:label2\" content=\"Tempo estimado de leitura\" \/>\n\t<meta name=\"twitter:data2\" content=\"3 minutos\" \/>\n<script type=\"application\/ld+json\" class=\"yoast-schema-graph\">{\"@context\":\"https:\\\/\\\/schema.org\",\"@graph\":[{\"@type\":\"Article\",\"@id\":\"https:\\\/\\\/revistadospneus.com\\\/pt\\\/2021\\\/03\\\/01\\\/pirelli-sottozero-ice-j1-estreia-do-rali-do-artico\\\/#article\",\"isPartOf\":{\"@id\":\"https:\\\/\\\/revistadospneus.com\\\/pt\\\/2021\\\/03\\\/01\\\/pirelli-sottozero-ice-j1-estreia-do-rali-do-artico\\\/\"},\"author\":{\"name\":\"Reda\u00e7\u00e3o RP\",\"@id\":\"https:\\\/\\\/revistadospneus.com\\\/pt\\\/#\\\/schema\\\/person\\\/9c602809538a614c26e5569d14ed6442\"},\"headline\":\"Pirelli Sottozero Ice J1 estreia do rali do \u00c1rtico\",\"datePublished\":\"2021-03-01T10:00:21+00:00\",\"mainEntityOfPage\":{\"@id\":\"https:\\\/\\\/revistadospneus.com\\\/pt\\\/2021\\\/03\\\/01\\\/pirelli-sottozero-ice-j1-estreia-do-rali-do-artico\\\/\"},\"wordCount\":665,\"publisher\":{\"@id\":\"https:\\\/\\\/revistadospneus.com\\\/pt\\\/#organization\"},\"image\":{\"@id\":\"https:\\\/\\\/revistadospneus.com\\\/pt\\\/2021\\\/03\\\/01\\\/pirelli-sottozero-ice-j1-estreia-do-rali-do-artico\\\/#primaryimage\"},\"thumbnailUrl\":\"https:\\\/\\\/revistadospneus.com\\\/pt\\\/wp-content\\\/uploads\\\/2021\\\/03\\\/Pirelli-Sottozero-Ice-J1.jpg\",\"keywords\":[\"Pirelli\"],\"articleSection\":[\"Empresas\"],\"inLanguage\":\"pt-PT\"},{\"@type\":\"WebPage\",\"@id\":\"https:\\\/\\\/revistadospneus.com\\\/pt\\\/2021\\\/03\\\/01\\\/pirelli-sottozero-ice-j1-estreia-do-rali-do-artico\\\/\",\"url\":\"https:\\\/\\\/revistadospneus.com\\\/pt\\\/2021\\\/03\\\/01\\\/pirelli-sottozero-ice-j1-estreia-do-rali-do-artico\\\/\",\"name\":\"Pirelli Sottozero Ice J1 estreia do rali do \u00c1rtico - Revista dos Pneus\",\"isPartOf\":{\"@id\":\"https:\\\/\\\/revistadospneus.com\\\/pt\\\/#website\"},\"primaryImageOfPage\":{\"@id\":\"https:\\\/\\\/revistadospneus.com\\\/pt\\\/2021\\\/03\\\/01\\\/pirelli-sottozero-ice-j1-estreia-do-rali-do-artico\\\/#primaryimage\"},\"image\":{\"@id\":\"https:\\\/\\\/revistadospneus.com\\\/pt\\\/2021\\\/03\\\/01\\\/pirelli-sottozero-ice-j1-estreia-do-rali-do-artico\\\/#primaryimage\"},\"thumbnailUrl\":\"https:\\\/\\\/revistadospneus.com\\\/pt\\\/wp-content\\\/uploads\\\/2021\\\/03\\\/Pirelli-Sottozero-Ice-J1.jpg\",\"datePublished\":\"2021-03-01T10:00:21+00:00\",\"breadcrumb\":{\"@id\":\"https:\\\/\\\/revistadospneus.com\\\/pt\\\/2021\\\/03\\\/01\\\/pirelli-sottozero-ice-j1-estreia-do-rali-do-artico\\\/#breadcrumb\"},\"inLanguage\":\"pt-PT\",\"potentialAction\":[{\"@type\":\"ReadAction\",\"target\":[\"https:\\\/\\\/revistadospneus.com\\\/pt\\\/2021\\\/03\\\/01\\\/pirelli-sottozero-ice-j1-estreia-do-rali-do-artico\\\/\"]}]},{\"@type\":\"ImageObject\",\"inLanguage\":\"pt-PT\",\"@id\":\"https:\\\/\\\/revistadospneus.com\\\/pt\\\/2021\\\/03\\\/01\\\/pirelli-sottozero-ice-j1-estreia-do-rali-do-artico\\\/#primaryimage\",\"url\":\"https:\\\/\\\/revistadospneus.com\\\/pt\\\/wp-content\\\/uploads\\\/2021\\\/03\\\/Pirelli-Sottozero-Ice-J1.jpg\",\"contentUrl\":\"https:\\\/\\\/revistadospneus.com\\\/pt\\\/wp-content\\\/uploads\\\/2021\\\/03\\\/Pirelli-Sottozero-Ice-J1.jpg\",\"width\":1024,\"height\":581,\"caption\":\"03 - Pirelli-Sottozero-Ice-J1\"},{\"@type\":\"BreadcrumbList\",\"@id\":\"https:\\\/\\\/revistadospneus.com\\\/pt\\\/2021\\\/03\\\/01\\\/pirelli-sottozero-ice-j1-estreia-do-rali-do-artico\\\/#breadcrumb\",\"itemListElement\":[{\"@type\":\"ListItem\",\"position\":1,\"name\":\"In\u00edcio\",\"item\":\"https:\\\/\\\/revistadospneus.com\\\/pt\\\/\"},{\"@type\":\"ListItem\",\"position\":2,\"name\":\"Pirelli Sottozero Ice J1 estreia do rali do \u00c1rtico\"}]},{\"@type\":\"WebSite\",\"@id\":\"https:\\\/\\\/revistadospneus.com\\\/pt\\\/#website\",\"url\":\"https:\\\/\\\/revistadospneus.com\\\/pt\\\/\",\"name\":\"Revista dos Pneus\",\"description\":\"Revista independente de pneus e servi\u00e7os r\u00e1pidos\",\"publisher\":{\"@id\":\"https:\\\/\\\/revistadospneus.com\\\/pt\\\/#organization\"},\"potentialAction\":[{\"@type\":\"SearchAction\",\"target\":{\"@type\":\"EntryPoint\",\"urlTemplate\":\"https:\\\/\\\/revistadospneus.com\\\/pt\\\/?s={search_term_string}\"},\"query-input\":{\"@type\":\"PropertyValueSpecification\",\"valueRequired\":true,\"valueName\":\"search_term_string\"}}],\"inLanguage\":\"pt-PT\"},{\"@type\":\"Organization\",\"@id\":\"https:\\\/\\\/revistadospneus.com\\\/pt\\\/#organization\",\"name\":\"Revista dos Pneus\",\"url\":\"https:\\\/\\\/revistadospneus.com\\\/pt\\\/\",\"logo\":{\"@type\":\"ImageObject\",\"inLanguage\":\"pt-PT\",\"@id\":\"https:\\\/\\\/revistadospneus.com\\\/pt\\\/#\\\/schema\\\/logo\\\/image\\\/\",\"url\":\"https:\\\/\\\/revistadospneus.com\\\/pt\\\/wp-content\\\/uploads\\\/logo2-1.png\",\"contentUrl\":\"https:\\\/\\\/revistadospneus.com\\\/pt\\\/wp-content\\\/uploads\\\/logo2-1.png\",\"width\":216,\"height\":70,\"caption\":\"Revista dos Pneus\"},\"image\":{\"@id\":\"https:\\\/\\\/revistadospneus.com\\\/pt\\\/#\\\/schema\\\/logo\\\/image\\\/\"},\"sameAs\":[\"https:\\\/\\\/www.facebook.com\\\/revistapneus\",\"https:\\\/\\\/x.com\\\/revistapneus\",\"https:\\\/\\\/www.linkedin.com\\\/company\\\/jornal-das-oficinas\\\/\",\"https:\\\/\\\/www.youtube.com\\\/channel\\\/UCbQZBqtcvV-oSQrr7RzINGg\"]},{\"@type\":\"Person\",\"@id\":\"https:\\\/\\\/revistadospneus.com\\\/pt\\\/#\\\/schema\\\/person\\\/9c602809538a614c26e5569d14ed6442\",\"name\":\"Reda\u00e7\u00e3o RP\",\"image\":{\"@type\":\"ImageObject\",\"inLanguage\":\"pt-PT\",\"@id\":\"https:\\\/\\\/secure.gravatar.com\\\/avatar\\\/71f2fa71737ad68a84fea94bc708ddac8ea5b0c4788dc2ad202f3ccb2887742f?s=96&d=wp_user_avatar&r=g\",\"url\":\"https:\\\/\\\/secure.gravatar.com\\\/avatar\\\/71f2fa71737ad68a84fea94bc708ddac8ea5b0c4788dc2ad202f3ccb2887742f?s=96&d=wp_user_avatar&r=g\",\"contentUrl\":\"https:\\\/\\\/secure.gravatar.com\\\/avatar\\\/71f2fa71737ad68a84fea94bc708ddac8ea5b0c4788dc2ad202f3ccb2887742f?s=96&d=wp_user_avatar&r=g\",\"caption\":\"Reda\u00e7\u00e3o RP\"},\"url\":\"https:\\\/\\\/revistadospneus.com\\\/pt\\\/author\\\/rpredacao\\\/\"}]}<\/script>\n<!-- \/ Yoast SEO plugin. -->","yoast_head_json":{"title":"Pirelli Sottozero Ice J1 estreia do rali do \u00c1rtico - Revista dos Pneus","robots":{"index":"index","follow":"follow","max-snippet":"max-snippet:-1","max-image-preview":"max-image-preview:large","max-video-preview":"max-video-preview:-1"},"canonical":"https:\/\/revistadospneus.com\/pt\/2021\/03\/01\/pirelli-sottozero-ice-j1-estreia-do-rali-do-artico\/","og_locale":"pt_PT","og_type":"article","og_title":"Pirelli Sottozero Ice J1 estreia do rali do \u00c1rtico - Revista dos Pneus","og_description":"O piloto da Hyundai Ott T\u00e4nak liderou o Rali...","og_url":"https:\/\/revistadospneus.com\/pt\/2021\/03\/01\/pirelli-sottozero-ice-j1-estreia-do-rali-do-artico\/","og_site_name":"Revista dos Pneus","article_publisher":"https:\/\/www.facebook.com\/revistapneus","article_published_time":"2021-03-01T10:00:21+00:00","og_image":[{"width":1024,"height":581,"url":"https:\/\/revistadospneus.com\/pt\/wp-content\/uploads\/2021\/03\/Pirelli-Sottozero-Ice-J1.jpg","type":"image\/jpeg"}],"author":"Reda\u00e7\u00e3o RP","twitter_card":"summary_large_image","twitter_creator":"@revistapneus","twitter_site":"@revistapneus","twitter_misc":{"Escrito por":"Reda\u00e7\u00e3o RP","Tempo estimado de leitura":"3 minutos"},"schema":{"@context":"https:\/\/schema.org","@graph":[{"@type":"Article","@id":"https:\/\/revistadospneus.com\/pt\/2021\/03\/01\/pirelli-sottozero-ice-j1-estreia-do-rali-do-artico\/#article","isPartOf":{"@id":"https:\/\/revistadospneus.com\/pt\/2021\/03\/01\/pirelli-sottozero-ice-j1-estreia-do-rali-do-artico\/"},"author":{"name":"Reda\u00e7\u00e3o RP","@id":"https:\/\/revistadospneus.com\/pt\/#\/schema\/person\/9c602809538a614c26e5569d14ed6442"},"headline":"Pirelli Sottozero Ice J1 estreia do rali do \u00c1rtico","datePublished":"2021-03-01T10:00:21+00:00","mainEntityOfPage":{"@id":"https:\/\/revistadospneus.com\/pt\/2021\/03\/01\/pirelli-sottozero-ice-j1-estreia-do-rali-do-artico\/"},"wordCount":665,"publisher":{"@id":"https:\/\/revistadospneus.com\/pt\/#organization"},"image":{"@id":"https:\/\/revistadospneus.com\/pt\/2021\/03\/01\/pirelli-sottozero-ice-j1-estreia-do-rali-do-artico\/#primaryimage"},"thumbnailUrl":"https:\/\/revistadospneus.com\/pt\/wp-content\/uploads\/2021\/03\/Pirelli-Sottozero-Ice-J1.jpg","keywords":["Pirelli"],"articleSection":["Empresas"],"inLanguage":"pt-PT"},{"@type":"WebPage","@id":"https:\/\/revistadospneus.com\/pt\/2021\/03\/01\/pirelli-sottozero-ice-j1-estreia-do-rali-do-artico\/","url":"https:\/\/revistadospneus.com\/pt\/2021\/03\/01\/pirelli-sottozero-ice-j1-estreia-do-rali-do-artico\/","name":"Pirelli Sottozero Ice J1 estreia do rali do \u00c1rtico - Revista dos Pneus","isPartOf":{"@id":"https:\/\/revistadospneus.com\/pt\/#website"},"primaryImageOfPage":{"@id":"https:\/\/revistadospneus.com\/pt\/2021\/03\/01\/pirelli-sottozero-ice-j1-estreia-do-rali-do-artico\/#primaryimage"},"image":{"@id":"https:\/\/revistadospneus.com\/pt\/2021\/03\/01\/pirelli-sottozero-ice-j1-estreia-do-rali-do-artico\/#primaryimage"},"thumbnailUrl":"https:\/\/revistadospneus.com\/pt\/wp-content\/uploads\/2021\/03\/Pirelli-Sottozero-Ice-J1.jpg","datePublished":"2021-03-01T10:00:21+00:00","breadcrumb":{"@id":"https:\/\/revistadospneus.com\/pt\/2021\/03\/01\/pirelli-sottozero-ice-j1-estreia-do-rali-do-artico\/#breadcrumb"},"inLanguage":"pt-PT","potentialAction":[{"@type":"ReadAction","target":["https:\/\/revistadospneus.com\/pt\/2021\/03\/01\/pirelli-sottozero-ice-j1-estreia-do-rali-do-artico\/"]}]},{"@type":"ImageObject","inLanguage":"pt-PT","@id":"https:\/\/revistadospneus.com\/pt\/2021\/03\/01\/pirelli-sottozero-ice-j1-estreia-do-rali-do-artico\/#primaryimage","url":"https:\/\/revistadospneus.com\/pt\/wp-content\/uploads\/2021\/03\/Pirelli-Sottozero-Ice-J1.jpg","contentUrl":"https:\/\/revistadospneus.com\/pt\/wp-content\/uploads\/2021\/03\/Pirelli-Sottozero-Ice-J1.jpg","width":1024,"height":581,"caption":"03 - Pirelli-Sottozero-Ice-J1"},{"@type":"BreadcrumbList","@id":"https:\/\/revistadospneus.com\/pt\/2021\/03\/01\/pirelli-sottozero-ice-j1-estreia-do-rali-do-artico\/#breadcrumb","itemListElement":[{"@type":"ListItem","position":1,"name":"In\u00edcio","item":"https:\/\/revistadospneus.com\/pt\/"},{"@type":"ListItem","position":2,"name":"Pirelli Sottozero Ice J1 estreia do rali do \u00c1rtico"}]},{"@type":"WebSite","@id":"https:\/\/revistadospneus.com\/pt\/#website","url":"https:\/\/revistadospneus.com\/pt\/","name":"Revista dos Pneus","description":"Revista independente de pneus e servi\u00e7os r\u00e1pidos","publisher":{"@id":"https:\/\/revistadospneus.com\/pt\/#organization"},"potentialAction":[{"@type":"SearchAction","target":{"@type":"EntryPoint","urlTemplate":"https:\/\/revistadospneus.com\/pt\/?s={search_term_string}"},"query-input":{"@type":"PropertyValueSpecification","valueRequired":true,"valueName":"search_term_string"}}],"inLanguage":"pt-PT"},{"@type":"Organization","@id":"https:\/\/revistadospneus.com\/pt\/#organization","name":"Revista dos Pneus","url":"https:\/\/revistadospneus.com\/pt\/","logo":{"@type":"ImageObject","inLanguage":"pt-PT","@id":"https:\/\/revistadospneus.com\/pt\/#\/schema\/logo\/image\/","url":"https:\/\/revistadospneus.com\/pt\/wp-content\/uploads\/logo2-1.png","contentUrl":"https:\/\/revistadospneus.com\/pt\/wp-content\/uploads\/logo2-1.png","width":216,"height":70,"caption":"Revista dos Pneus"},"image":{"@id":"https:\/\/revistadospneus.com\/pt\/#\/schema\/logo\/image\/"},"sameAs":["https:\/\/www.facebook.com\/revistapneus","https:\/\/x.com\/revistapneus","https:\/\/www.linkedin.com\/company\/jornal-das-oficinas\/","https:\/\/www.youtube.com\/channel\/UCbQZBqtcvV-oSQrr7RzINGg"]},{"@type":"Person","@id":"https:\/\/revistadospneus.com\/pt\/#\/schema\/person\/9c602809538a614c26e5569d14ed6442","name":"Reda\u00e7\u00e3o RP","image":{"@type":"ImageObject","inLanguage":"pt-PT","@id":"https:\/\/secure.gravatar.com\/avatar\/71f2fa71737ad68a84fea94bc708ddac8ea5b0c4788dc2ad202f3ccb2887742f?s=96&d=wp_user_avatar&r=g","url":"https:\/\/secure.gravatar.com\/avatar\/71f2fa71737ad68a84fea94bc708ddac8ea5b0c4788dc2ad202f3ccb2887742f?s=96&d=wp_user_avatar&r=g","contentUrl":"https:\/\/secure.gravatar.com\/avatar\/71f2fa71737ad68a84fea94bc708ddac8ea5b0c4788dc2ad202f3ccb2887742f?s=96&d=wp_user_avatar&r=g","caption":"Reda\u00e7\u00e3o RP"},"url":"https:\/\/revistadospneus.com\/pt\/author\/rpredacao\/"}]}},"_links":{"self":[{"href":"https:\/\/revistadospneus.com\/pt\/wp-json\/wp\/v2\/posts\/13445","targetHints":{"allow":["GET"]}}],"collection":[{"href":"https:\/\/revistadospneus.com\/pt\/wp-json\/wp\/v2\/posts"}],"about":[{"href":"https:\/\/revistadospneus.com\/pt\/wp-json\/wp\/v2\/types\/post"}],"author":[{"embeddable":true,"href":"https:\/\/revistadospneus.com\/pt\/wp-json\/wp\/v2\/users\/13"}],"replies":[{"embeddable":true,"href":"https:\/\/revistadospneus.com\/pt\/wp-json\/wp\/v2\/comments?post=13445"}],"version-history":[{"count":0,"href":"https:\/\/revistadospneus.com\/pt\/wp-json\/wp\/v2\/posts\/13445\/revisions"}],"wp:featuredmedia":[{"embeddable":true,"href":"https:\/\/revistadospneus.com\/pt\/wp-json\/wp\/v2\/media\/13443"}],"wp:attachment":[{"href":"https:\/\/revistadospneus.com\/pt\/wp-json\/wp\/v2\/media?parent=13445"}],"wp:term":[{"taxonomy":"category","embeddable":true,"href":"https:\/\/revistadospneus.com\/pt\/wp-json\/wp\/v2\/categories?post=13445"},{"taxonomy":"post_tag","embeddable":true,"href":"https:\/\/revistadospneus.com\/pt\/wp-json\/wp\/v2\/tags?post=13445"}],"curies":[{"name":"wp","href":"https:\/\/api.w.org\/{rel}","templated":true}]}}