{"id":13704,"date":"2021-04-12T12:00:57","date_gmt":"2021-04-12T11:00:57","guid":{"rendered":"http:\/\/revistadospneus.com\/pt\/?p=13704"},"modified":"2021-04-09T15:33:43","modified_gmt":"2021-04-09T14:33:43","slug":"denis-piccolo-da-bkt-nomeado-presidente-da-e-t-r-t-o","status":"publish","type":"post","link":"https:\/\/revistadospneus.com\/pt\/2021\/04\/12\/denis-piccolo-da-bkt-nomeado-presidente-da-e-t-r-t-o\/","title":{"rendered":"Denis Piccolo, da BKT, nomeado presidente da E.T.R.T.O."},"content":{"rendered":"<p><img loading=\"lazy\" decoding=\"async\" class=\"alignnone wp-image-13687 size-full\" src=\"https:\/\/revistadospneus.com\/pt\/wp-content\/uploads\/2021\/04\/Denis-Piccolo-da-BKT.jpg\" alt=\"04 - Denis-Piccolo-da-BKT\" width=\"1024\" height=\"581\" srcset=\"https:\/\/revistadospneus.com\/pt\/wp-content\/uploads\/2021\/04\/Denis-Piccolo-da-BKT.jpg 1024w, https:\/\/revistadospneus.com\/pt\/wp-content\/uploads\/2021\/04\/Denis-Piccolo-da-BKT-300x170.jpg 300w, https:\/\/revistadospneus.com\/pt\/wp-content\/uploads\/2021\/04\/Denis-Piccolo-da-BKT-150x85.jpg 150w, https:\/\/revistadospneus.com\/pt\/wp-content\/uploads\/2021\/04\/Denis-Piccolo-da-BKT-768x436.jpg 768w\" sizes=\"auto, (max-width: 1024px) 100vw, 1024px\" \/><\/p>\n<p>Denis Piccolo, gestor de produtos da BKT, foi designado presidente do subcomit\u00e9 para a agricultura da E.T.R.T.O..<\/p>\n<p>A E.T.R.T.O. (European Tyre and Rim Technical Organisation) \u00e9 uma organiza\u00e7\u00e3o que agrupa fabricantes de pneus, jantes e v\u00e1lvulas para ve\u00edculos de todos os tipos. Pretende harmonizar os tamanhos e as dimens\u00f5es dos pneus, de forma a evitar ambiguidades.<\/p>\n<p>A organiza\u00e7\u00e3o desempenha a fun\u00e7\u00e3o chave de estabelecer tamanhos t\u00e9cnicos e caracter\u00edsticas de press\u00e3o e carga comuns, bem como um s\u00f3 conjunto de diretrizes operacionais para ajudar os utilizadores finais a escolher o produto certo.<\/p>\n<p>Denis Piccolo representa a BKT na E.T.R.T.O. h\u00e1 muito tempo, e esta nomea\u00e7\u00e3o reconhece o seu compromisso constante com temas relacionados com o desenvolvimento de pneus agr\u00edcolas e respetivos regulamentos e seguran\u00e7a. &#8220;\u00c9 um orgulho ser nomeado&#8221;, afirma Denis Piccolo, &#8220;Cumprirei o meu dever com todo o compromisso.&#8221;<\/p>\n<p>Esta nomea\u00e7\u00e3o tamb\u00e9m confirma o peso cada vez maior da BKT nos mercados de todo o mundo, especialmente na Europa. Trata-se de um reconhecimento prestigioso que recompensa os esfor\u00e7os do grupo indiano de fabrico de pneus Off-Highway ao n\u00edvel da qualidade, inova\u00e7\u00e3o, apresenta\u00e7\u00e3o de respostas concretas \u00e0s necessidades dos clientes e foco nos seus requisitos.<\/p>\n<p>Denis Piccolo tem, assim, a tarefa de consolidar a posi\u00e7\u00e3o e transmitir feedback oficial da E.T.R.T.O. relativamente a pedidos sobre pneus agr\u00edcolas. \u00c9 tamb\u00e9m respons\u00e1vel pelas informa\u00e7\u00f5es no manual t\u00e9cnico (standard) e nas denominadas informa\u00e7\u00f5es de design de engenharia (Engineering Design Information), onde se encontram as indica\u00e7\u00f5es oficiais da E.T.R.T.O. para o setor agr\u00edcola.<\/p>\n<!-- AddThis Advanced Settings generic via filter on the_content --><!-- AddThis Share Buttons generic via filter on the_content -->","protected":false},"excerpt":{"rendered":"<p>Denis Piccolo, gestor de produtos da BKT, foi designado&#8230;<!-- AddThis Advanced Settings generic via filter on get_the_excerpt --><!-- AddThis Share Buttons generic via filter on get_the_excerpt --><\/p>\n","protected":false},"author":13,"featured_media":13687,"comment_status":"closed","ping_status":"closed","sticky":false,"template":"","format":"standard","meta":{"footnotes":""},"categories":[29],"tags":[989],"class_list":["post-13704","post","type-post","status-publish","format-standard","has-post-thumbnail","hentry","category-empresas","tag-bkt"],"yoast_head":"<!-- This site is optimized with the Yoast SEO plugin v27.5 - https:\/\/yoast.com\/product\/yoast-seo-wordpress\/ -->\n<title>Denis Piccolo, da BKT, nomeado presidente da E.T.R.T.O. - Revista dos Pneus<\/title>\n<meta name=\"robots\" content=\"index, follow, max-snippet:-1, max-image-preview:large, max-video-preview:-1\" \/>\n<link rel=\"canonical\" href=\"https:\/\/revistadospneus.com\/pt\/2021\/04\/12\/denis-piccolo-da-bkt-nomeado-presidente-da-e-t-r-t-o\/\" \/>\n<meta property=\"og:locale\" content=\"pt_PT\" \/>\n<meta property=\"og:type\" content=\"article\" \/>\n<meta property=\"og:title\" content=\"Denis Piccolo, da BKT, nomeado presidente da E.T.R.T.O. - Revista dos Pneus\" \/>\n<meta property=\"og:description\" content=\"Denis Piccolo, gestor de produtos da BKT, foi designado...\" \/>\n<meta property=\"og:url\" content=\"https:\/\/revistadospneus.com\/pt\/2021\/04\/12\/denis-piccolo-da-bkt-nomeado-presidente-da-e-t-r-t-o\/\" \/>\n<meta property=\"og:site_name\" content=\"Revista dos Pneus\" \/>\n<meta property=\"article:publisher\" content=\"https:\/\/www.facebook.com\/revistapneus\" \/>\n<meta property=\"article:published_time\" content=\"2021-04-12T11:00:57+00:00\" \/>\n<meta property=\"og:image\" content=\"https:\/\/revistadospneus.com\/pt\/wp-content\/uploads\/2021\/04\/Denis-Piccolo-da-BKT.jpg\" \/>\n\t<meta property=\"og:image:width\" content=\"1024\" \/>\n\t<meta property=\"og:image:height\" content=\"581\" \/>\n\t<meta property=\"og:image:type\" content=\"image\/jpeg\" \/>\n<meta name=\"author\" content=\"Reda\u00e7\u00e3o RP\" \/>\n<meta name=\"twitter:card\" content=\"summary_large_image\" \/>\n<meta name=\"twitter:creator\" content=\"@revistapneus\" \/>\n<meta name=\"twitter:site\" content=\"@revistapneus\" \/>\n<meta name=\"twitter:label1\" content=\"Escrito por\" \/>\n\t<meta name=\"twitter:data1\" content=\"Reda\u00e7\u00e3o RP\" \/>\n\t<meta name=\"twitter:label2\" content=\"Tempo estimado de leitura\" \/>\n\t<meta name=\"twitter:data2\" content=\"2 minutos\" \/>\n<script type=\"application\/ld+json\" class=\"yoast-schema-graph\">{\"@context\":\"https:\\\/\\\/schema.org\",\"@graph\":[{\"@type\":\"Article\",\"@id\":\"https:\\\/\\\/revistadospneus.com\\\/pt\\\/2021\\\/04\\\/12\\\/denis-piccolo-da-bkt-nomeado-presidente-da-e-t-r-t-o\\\/#article\",\"isPartOf\":{\"@id\":\"https:\\\/\\\/revistadospneus.com\\\/pt\\\/2021\\\/04\\\/12\\\/denis-piccolo-da-bkt-nomeado-presidente-da-e-t-r-t-o\\\/\"},\"author\":{\"name\":\"Reda\u00e7\u00e3o RP\",\"@id\":\"https:\\\/\\\/revistadospneus.com\\\/pt\\\/#\\\/schema\\\/person\\\/9c602809538a614c26e5569d14ed6442\"},\"headline\":\"Denis Piccolo, da BKT, nomeado presidente da E.T.R.T.O.\",\"datePublished\":\"2021-04-12T11:00:57+00:00\",\"mainEntityOfPage\":{\"@id\":\"https:\\\/\\\/revistadospneus.com\\\/pt\\\/2021\\\/04\\\/12\\\/denis-piccolo-da-bkt-nomeado-presidente-da-e-t-r-t-o\\\/\"},\"wordCount\":304,\"publisher\":{\"@id\":\"https:\\\/\\\/revistadospneus.com\\\/pt\\\/#organization\"},\"image\":{\"@id\":\"https:\\\/\\\/revistadospneus.com\\\/pt\\\/2021\\\/04\\\/12\\\/denis-piccolo-da-bkt-nomeado-presidente-da-e-t-r-t-o\\\/#primaryimage\"},\"thumbnailUrl\":\"https:\\\/\\\/revistadospneus.com\\\/pt\\\/wp-content\\\/uploads\\\/2021\\\/04\\\/Denis-Piccolo-da-BKT.jpg\",\"keywords\":[\"BKT\"],\"articleSection\":[\"Empresas\"],\"inLanguage\":\"pt-PT\"},{\"@type\":\"WebPage\",\"@id\":\"https:\\\/\\\/revistadospneus.com\\\/pt\\\/2021\\\/04\\\/12\\\/denis-piccolo-da-bkt-nomeado-presidente-da-e-t-r-t-o\\\/\",\"url\":\"https:\\\/\\\/revistadospneus.com\\\/pt\\\/2021\\\/04\\\/12\\\/denis-piccolo-da-bkt-nomeado-presidente-da-e-t-r-t-o\\\/\",\"name\":\"Denis Piccolo, da BKT, nomeado presidente da E.T.R.T.O. - Revista dos Pneus\",\"isPartOf\":{\"@id\":\"https:\\\/\\\/revistadospneus.com\\\/pt\\\/#website\"},\"primaryImageOfPage\":{\"@id\":\"https:\\\/\\\/revistadospneus.com\\\/pt\\\/2021\\\/04\\\/12\\\/denis-piccolo-da-bkt-nomeado-presidente-da-e-t-r-t-o\\\/#primaryimage\"},\"image\":{\"@id\":\"https:\\\/\\\/revistadospneus.com\\\/pt\\\/2021\\\/04\\\/12\\\/denis-piccolo-da-bkt-nomeado-presidente-da-e-t-r-t-o\\\/#primaryimage\"},\"thumbnailUrl\":\"https:\\\/\\\/revistadospneus.com\\\/pt\\\/wp-content\\\/uploads\\\/2021\\\/04\\\/Denis-Piccolo-da-BKT.jpg\",\"datePublished\":\"2021-04-12T11:00:57+00:00\",\"breadcrumb\":{\"@id\":\"https:\\\/\\\/revistadospneus.com\\\/pt\\\/2021\\\/04\\\/12\\\/denis-piccolo-da-bkt-nomeado-presidente-da-e-t-r-t-o\\\/#breadcrumb\"},\"inLanguage\":\"pt-PT\",\"potentialAction\":[{\"@type\":\"ReadAction\",\"target\":[\"https:\\\/\\\/revistadospneus.com\\\/pt\\\/2021\\\/04\\\/12\\\/denis-piccolo-da-bkt-nomeado-presidente-da-e-t-r-t-o\\\/\"]}]},{\"@type\":\"ImageObject\",\"inLanguage\":\"pt-PT\",\"@id\":\"https:\\\/\\\/revistadospneus.com\\\/pt\\\/2021\\\/04\\\/12\\\/denis-piccolo-da-bkt-nomeado-presidente-da-e-t-r-t-o\\\/#primaryimage\",\"url\":\"https:\\\/\\\/revistadospneus.com\\\/pt\\\/wp-content\\\/uploads\\\/2021\\\/04\\\/Denis-Piccolo-da-BKT.jpg\",\"contentUrl\":\"https:\\\/\\\/revistadospneus.com\\\/pt\\\/wp-content\\\/uploads\\\/2021\\\/04\\\/Denis-Piccolo-da-BKT.jpg\",\"width\":1024,\"height\":581,\"caption\":\"04 - Denis-Piccolo-da-BKT\"},{\"@type\":\"BreadcrumbList\",\"@id\":\"https:\\\/\\\/revistadospneus.com\\\/pt\\\/2021\\\/04\\\/12\\\/denis-piccolo-da-bkt-nomeado-presidente-da-e-t-r-t-o\\\/#breadcrumb\",\"itemListElement\":[{\"@type\":\"ListItem\",\"position\":1,\"name\":\"In\u00edcio\",\"item\":\"https:\\\/\\\/revistadospneus.com\\\/pt\\\/\"},{\"@type\":\"ListItem\",\"position\":2,\"name\":\"Denis Piccolo, da BKT, nomeado presidente da E.T.R.T.O.\"}]},{\"@type\":\"WebSite\",\"@id\":\"https:\\\/\\\/revistadospneus.com\\\/pt\\\/#website\",\"url\":\"https:\\\/\\\/revistadospneus.com\\\/pt\\\/\",\"name\":\"Revista dos Pneus\",\"description\":\"Revista independente de pneus e servi\u00e7os r\u00e1pidos\",\"publisher\":{\"@id\":\"https:\\\/\\\/revistadospneus.com\\\/pt\\\/#organization\"},\"potentialAction\":[{\"@type\":\"SearchAction\",\"target\":{\"@type\":\"EntryPoint\",\"urlTemplate\":\"https:\\\/\\\/revistadospneus.com\\\/pt\\\/?s={search_term_string}\"},\"query-input\":{\"@type\":\"PropertyValueSpecification\",\"valueRequired\":true,\"valueName\":\"search_term_string\"}}],\"inLanguage\":\"pt-PT\"},{\"@type\":\"Organization\",\"@id\":\"https:\\\/\\\/revistadospneus.com\\\/pt\\\/#organization\",\"name\":\"Revista dos Pneus\",\"url\":\"https:\\\/\\\/revistadospneus.com\\\/pt\\\/\",\"logo\":{\"@type\":\"ImageObject\",\"inLanguage\":\"pt-PT\",\"@id\":\"https:\\\/\\\/revistadospneus.com\\\/pt\\\/#\\\/schema\\\/logo\\\/image\\\/\",\"url\":\"https:\\\/\\\/revistadospneus.com\\\/pt\\\/wp-content\\\/uploads\\\/logo2-1.png\",\"contentUrl\":\"https:\\\/\\\/revistadospneus.com\\\/pt\\\/wp-content\\\/uploads\\\/logo2-1.png\",\"width\":216,\"height\":70,\"caption\":\"Revista dos Pneus\"},\"image\":{\"@id\":\"https:\\\/\\\/revistadospneus.com\\\/pt\\\/#\\\/schema\\\/logo\\\/image\\\/\"},\"sameAs\":[\"https:\\\/\\\/www.facebook.com\\\/revistapneus\",\"https:\\\/\\\/x.com\\\/revistapneus\",\"https:\\\/\\\/www.linkedin.com\\\/company\\\/jornal-das-oficinas\\\/\",\"https:\\\/\\\/www.youtube.com\\\/channel\\\/UCbQZBqtcvV-oSQrr7RzINGg\"]},{\"@type\":\"Person\",\"@id\":\"https:\\\/\\\/revistadospneus.com\\\/pt\\\/#\\\/schema\\\/person\\\/9c602809538a614c26e5569d14ed6442\",\"name\":\"Reda\u00e7\u00e3o RP\",\"image\":{\"@type\":\"ImageObject\",\"inLanguage\":\"pt-PT\",\"@id\":\"https:\\\/\\\/secure.gravatar.com\\\/avatar\\\/71f2fa71737ad68a84fea94bc708ddac8ea5b0c4788dc2ad202f3ccb2887742f?s=96&d=wp_user_avatar&r=g\",\"url\":\"https:\\\/\\\/secure.gravatar.com\\\/avatar\\\/71f2fa71737ad68a84fea94bc708ddac8ea5b0c4788dc2ad202f3ccb2887742f?s=96&d=wp_user_avatar&r=g\",\"contentUrl\":\"https:\\\/\\\/secure.gravatar.com\\\/avatar\\\/71f2fa71737ad68a84fea94bc708ddac8ea5b0c4788dc2ad202f3ccb2887742f?s=96&d=wp_user_avatar&r=g\",\"caption\":\"Reda\u00e7\u00e3o RP\"},\"url\":\"https:\\\/\\\/revistadospneus.com\\\/pt\\\/author\\\/rpredacao\\\/\"}]}<\/script>\n<!-- \/ Yoast SEO plugin. -->","yoast_head_json":{"title":"Denis Piccolo, da BKT, nomeado presidente da E.T.R.T.O. - Revista dos Pneus","robots":{"index":"index","follow":"follow","max-snippet":"max-snippet:-1","max-image-preview":"max-image-preview:large","max-video-preview":"max-video-preview:-1"},"canonical":"https:\/\/revistadospneus.com\/pt\/2021\/04\/12\/denis-piccolo-da-bkt-nomeado-presidente-da-e-t-r-t-o\/","og_locale":"pt_PT","og_type":"article","og_title":"Denis Piccolo, da BKT, nomeado presidente da E.T.R.T.O. - Revista dos Pneus","og_description":"Denis Piccolo, gestor de produtos da BKT, foi designado...","og_url":"https:\/\/revistadospneus.com\/pt\/2021\/04\/12\/denis-piccolo-da-bkt-nomeado-presidente-da-e-t-r-t-o\/","og_site_name":"Revista dos Pneus","article_publisher":"https:\/\/www.facebook.com\/revistapneus","article_published_time":"2021-04-12T11:00:57+00:00","og_image":[{"width":1024,"height":581,"url":"https:\/\/revistadospneus.com\/pt\/wp-content\/uploads\/2021\/04\/Denis-Piccolo-da-BKT.jpg","type":"image\/jpeg"}],"author":"Reda\u00e7\u00e3o RP","twitter_card":"summary_large_image","twitter_creator":"@revistapneus","twitter_site":"@revistapneus","twitter_misc":{"Escrito por":"Reda\u00e7\u00e3o RP","Tempo estimado de leitura":"2 minutos"},"schema":{"@context":"https:\/\/schema.org","@graph":[{"@type":"Article","@id":"https:\/\/revistadospneus.com\/pt\/2021\/04\/12\/denis-piccolo-da-bkt-nomeado-presidente-da-e-t-r-t-o\/#article","isPartOf":{"@id":"https:\/\/revistadospneus.com\/pt\/2021\/04\/12\/denis-piccolo-da-bkt-nomeado-presidente-da-e-t-r-t-o\/"},"author":{"name":"Reda\u00e7\u00e3o RP","@id":"https:\/\/revistadospneus.com\/pt\/#\/schema\/person\/9c602809538a614c26e5569d14ed6442"},"headline":"Denis Piccolo, da BKT, nomeado presidente da E.T.R.T.O.","datePublished":"2021-04-12T11:00:57+00:00","mainEntityOfPage":{"@id":"https:\/\/revistadospneus.com\/pt\/2021\/04\/12\/denis-piccolo-da-bkt-nomeado-presidente-da-e-t-r-t-o\/"},"wordCount":304,"publisher":{"@id":"https:\/\/revistadospneus.com\/pt\/#organization"},"image":{"@id":"https:\/\/revistadospneus.com\/pt\/2021\/04\/12\/denis-piccolo-da-bkt-nomeado-presidente-da-e-t-r-t-o\/#primaryimage"},"thumbnailUrl":"https:\/\/revistadospneus.com\/pt\/wp-content\/uploads\/2021\/04\/Denis-Piccolo-da-BKT.jpg","keywords":["BKT"],"articleSection":["Empresas"],"inLanguage":"pt-PT"},{"@type":"WebPage","@id":"https:\/\/revistadospneus.com\/pt\/2021\/04\/12\/denis-piccolo-da-bkt-nomeado-presidente-da-e-t-r-t-o\/","url":"https:\/\/revistadospneus.com\/pt\/2021\/04\/12\/denis-piccolo-da-bkt-nomeado-presidente-da-e-t-r-t-o\/","name":"Denis Piccolo, da BKT, nomeado presidente da E.T.R.T.O. - Revista dos Pneus","isPartOf":{"@id":"https:\/\/revistadospneus.com\/pt\/#website"},"primaryImageOfPage":{"@id":"https:\/\/revistadospneus.com\/pt\/2021\/04\/12\/denis-piccolo-da-bkt-nomeado-presidente-da-e-t-r-t-o\/#primaryimage"},"image":{"@id":"https:\/\/revistadospneus.com\/pt\/2021\/04\/12\/denis-piccolo-da-bkt-nomeado-presidente-da-e-t-r-t-o\/#primaryimage"},"thumbnailUrl":"https:\/\/revistadospneus.com\/pt\/wp-content\/uploads\/2021\/04\/Denis-Piccolo-da-BKT.jpg","datePublished":"2021-04-12T11:00:57+00:00","breadcrumb":{"@id":"https:\/\/revistadospneus.com\/pt\/2021\/04\/12\/denis-piccolo-da-bkt-nomeado-presidente-da-e-t-r-t-o\/#breadcrumb"},"inLanguage":"pt-PT","potentialAction":[{"@type":"ReadAction","target":["https:\/\/revistadospneus.com\/pt\/2021\/04\/12\/denis-piccolo-da-bkt-nomeado-presidente-da-e-t-r-t-o\/"]}]},{"@type":"ImageObject","inLanguage":"pt-PT","@id":"https:\/\/revistadospneus.com\/pt\/2021\/04\/12\/denis-piccolo-da-bkt-nomeado-presidente-da-e-t-r-t-o\/#primaryimage","url":"https:\/\/revistadospneus.com\/pt\/wp-content\/uploads\/2021\/04\/Denis-Piccolo-da-BKT.jpg","contentUrl":"https:\/\/revistadospneus.com\/pt\/wp-content\/uploads\/2021\/04\/Denis-Piccolo-da-BKT.jpg","width":1024,"height":581,"caption":"04 - Denis-Piccolo-da-BKT"},{"@type":"BreadcrumbList","@id":"https:\/\/revistadospneus.com\/pt\/2021\/04\/12\/denis-piccolo-da-bkt-nomeado-presidente-da-e-t-r-t-o\/#breadcrumb","itemListElement":[{"@type":"ListItem","position":1,"name":"In\u00edcio","item":"https:\/\/revistadospneus.com\/pt\/"},{"@type":"ListItem","position":2,"name":"Denis Piccolo, da BKT, nomeado presidente da E.T.R.T.O."}]},{"@type":"WebSite","@id":"https:\/\/revistadospneus.com\/pt\/#website","url":"https:\/\/revistadospneus.com\/pt\/","name":"Revista dos Pneus","description":"Revista independente de pneus e servi\u00e7os r\u00e1pidos","publisher":{"@id":"https:\/\/revistadospneus.com\/pt\/#organization"},"potentialAction":[{"@type":"SearchAction","target":{"@type":"EntryPoint","urlTemplate":"https:\/\/revistadospneus.com\/pt\/?s={search_term_string}"},"query-input":{"@type":"PropertyValueSpecification","valueRequired":true,"valueName":"search_term_string"}}],"inLanguage":"pt-PT"},{"@type":"Organization","@id":"https:\/\/revistadospneus.com\/pt\/#organization","name":"Revista dos Pneus","url":"https:\/\/revistadospneus.com\/pt\/","logo":{"@type":"ImageObject","inLanguage":"pt-PT","@id":"https:\/\/revistadospneus.com\/pt\/#\/schema\/logo\/image\/","url":"https:\/\/revistadospneus.com\/pt\/wp-content\/uploads\/logo2-1.png","contentUrl":"https:\/\/revistadospneus.com\/pt\/wp-content\/uploads\/logo2-1.png","width":216,"height":70,"caption":"Revista dos Pneus"},"image":{"@id":"https:\/\/revistadospneus.com\/pt\/#\/schema\/logo\/image\/"},"sameAs":["https:\/\/www.facebook.com\/revistapneus","https:\/\/x.com\/revistapneus","https:\/\/www.linkedin.com\/company\/jornal-das-oficinas\/","https:\/\/www.youtube.com\/channel\/UCbQZBqtcvV-oSQrr7RzINGg"]},{"@type":"Person","@id":"https:\/\/revistadospneus.com\/pt\/#\/schema\/person\/9c602809538a614c26e5569d14ed6442","name":"Reda\u00e7\u00e3o RP","image":{"@type":"ImageObject","inLanguage":"pt-PT","@id":"https:\/\/secure.gravatar.com\/avatar\/71f2fa71737ad68a84fea94bc708ddac8ea5b0c4788dc2ad202f3ccb2887742f?s=96&d=wp_user_avatar&r=g","url":"https:\/\/secure.gravatar.com\/avatar\/71f2fa71737ad68a84fea94bc708ddac8ea5b0c4788dc2ad202f3ccb2887742f?s=96&d=wp_user_avatar&r=g","contentUrl":"https:\/\/secure.gravatar.com\/avatar\/71f2fa71737ad68a84fea94bc708ddac8ea5b0c4788dc2ad202f3ccb2887742f?s=96&d=wp_user_avatar&r=g","caption":"Reda\u00e7\u00e3o RP"},"url":"https:\/\/revistadospneus.com\/pt\/author\/rpredacao\/"}]}},"_links":{"self":[{"href":"https:\/\/revistadospneus.com\/pt\/wp-json\/wp\/v2\/posts\/13704","targetHints":{"allow":["GET"]}}],"collection":[{"href":"https:\/\/revistadospneus.com\/pt\/wp-json\/wp\/v2\/posts"}],"about":[{"href":"https:\/\/revistadospneus.com\/pt\/wp-json\/wp\/v2\/types\/post"}],"author":[{"embeddable":true,"href":"https:\/\/revistadospneus.com\/pt\/wp-json\/wp\/v2\/users\/13"}],"replies":[{"embeddable":true,"href":"https:\/\/revistadospneus.com\/pt\/wp-json\/wp\/v2\/comments?post=13704"}],"version-history":[{"count":0,"href":"https:\/\/revistadospneus.com\/pt\/wp-json\/wp\/v2\/posts\/13704\/revisions"}],"wp:featuredmedia":[{"embeddable":true,"href":"https:\/\/revistadospneus.com\/pt\/wp-json\/wp\/v2\/media\/13687"}],"wp:attachment":[{"href":"https:\/\/revistadospneus.com\/pt\/wp-json\/wp\/v2\/media?parent=13704"}],"wp:term":[{"taxonomy":"category","embeddable":true,"href":"https:\/\/revistadospneus.com\/pt\/wp-json\/wp\/v2\/categories?post=13704"},{"taxonomy":"post_tag","embeddable":true,"href":"https:\/\/revistadospneus.com\/pt\/wp-json\/wp\/v2\/tags?post=13704"}],"curies":[{"name":"wp","href":"https:\/\/api.w.org\/{rel}","templated":true}]}}