{"id":13710,"date":"2021-04-13T08:00:28","date_gmt":"2021-04-13T07:00:28","guid":{"rendered":"http:\/\/revistadospneus.com\/pt\/?p=13710"},"modified":"2021-04-09T15:40:19","modified_gmt":"2021-04-09T14:40:19","slug":"apollo-vredestein-nomeia-novo-diretor-sudoeste-europa","status":"publish","type":"post","link":"https:\/\/revistadospneus.com\/pt\/2021\/04\/13\/apollo-vredestein-nomeia-novo-diretor-sudoeste-europa\/","title":{"rendered":"Apollo Vredestein nomeia novo diretor sudoeste Europa"},"content":{"rendered":"<p><img loading=\"lazy\" decoding=\"async\" class=\"alignnone wp-image-13705 size-full\" src=\"https:\/\/revistadospneus.com\/pt\/wp-content\/uploads\/2021\/04\/Apollo-Vredestein.jpg\" alt=\"04 - Apollo-Vredestein\" width=\"1024\" height=\"581\" srcset=\"https:\/\/revistadospneus.com\/pt\/wp-content\/uploads\/2021\/04\/Apollo-Vredestein.jpg 1024w, https:\/\/revistadospneus.com\/pt\/wp-content\/uploads\/2021\/04\/Apollo-Vredestein-300x170.jpg 300w, https:\/\/revistadospneus.com\/pt\/wp-content\/uploads\/2021\/04\/Apollo-Vredestein-150x85.jpg 150w, https:\/\/revistadospneus.com\/pt\/wp-content\/uploads\/2021\/04\/Apollo-Vredestein-768x436.jpg 768w\" sizes=\"auto, (max-width: 1024px) 100vw, 1024px\" \/><\/p>\n<p><strong>A Apollo Vredestein, um dos principais fabricantes europeus de pneus de qualidade superior, nomeou Domenico Gatti como novo diretor para o sudoeste da Europa e consolidou as suas opera\u00e7\u00f5es de apoio ao cliente em toda a regi\u00e3o.<\/strong><\/p>\n<p>Domenico Gatti traz uma vasta experi\u00eancia na \u00e1rea de gest\u00e3o de opera\u00e7\u00f5es comerciais no setor d pneu. Junta-se \u00e0 Apollo Vredestei vindo do FinTyre Group, onde ocupou v\u00e1rios cargos de administra\u00e7\u00e3o s\u00e9nior, recentemente como diretor de opera\u00e7\u00f5es da divis\u00e3o de vendas de pneus a retalho do Grupo. Antes de se juntar ao FinTyre, trabalhou na Prometeon, no Brasil, enquanto diretor comercial e, antes, esteve 18 anos na Pirelli, liderando opera\u00e7\u00f5es comerciais em v\u00e1rios mercados em crescimento cruciais na Am\u00e9rica do Sul e na Europa.<\/p>\n<p>A nova unidade de Apoio ao Cliente da Apollo Vredestein operar\u00e1 a partir dos escrit\u00f3rios da empresa em Barcelona, Espanha, e assumir\u00e1 as responsabilidades do apoio ao cliente das instala\u00e7\u00f5es existentes em Fran\u00e7a e It\u00e1lia. Esta reestrutura\u00e7\u00e3o entrar\u00e1 em vigor a partir de 1 de maio de 2021 e ir\u00e1 maximizar a qualidade, a consist\u00eancia e a velocidade de resposta para os clientes da Apollo Vredestein em todo o sudoeste europeu da empresa, que inclui Espanha, Portugal, It\u00e1lia e Fran\u00e7a.<\/p>\n<p>Como parte das mudan\u00e7as na regi\u00e3o, a Apollo Vredestein tamb\u00e9m ir\u00e1 criar um novo cargo: gestor de Atendimento ao Cliente do sudoeste da Europa. A partir de 1 de abril, Ludovic Billot, anterior gestor nacional de Espanha e Portugal, ir\u00e1 assumir este novo cargo, trazendo consigo uma vasta experi\u00eancia na gest\u00e3o de equipas e na presta\u00e7\u00e3o de uma excelente experi\u00eancia ao cliente em todos os segmentos de produtos.<\/p>\n<p>A Apollo Vredestein tamb\u00e9m d\u00e1 as boas-vindas a Simone Casetta enquanto gestor de vendas em Espanha e Portugal. Simone Casetta coordenar\u00e1 as atividades de vendas para Espanha e Portugal e trabalhar\u00e1 em colabora\u00e7\u00e3o com outras equipas de vendas locais, para desenvolver e cumprir objetivos de vendas a longo prazo.<\/p>\n<p>Domenico Gatti declarou: &#8220;Estou entusiasmado por enfrentar este novo desafio e implementar algumas mudan\u00e7as estruturais fundamentais, que melhorar\u00e3o a nossa efici\u00eancia e efic\u00e1cia nesta importante regi\u00e3o, fortalecendo as nossas oportunidades de crescimento estrat\u00e9gico. Em particular, a cria\u00e7\u00e3o de uma equipa central de Apoio ao Cliente, e o alinhamento dos departamentos de vendas e apoio ao cliente,n garantem que continuamos a fornecer os mais elevados n\u00edveis de servi\u00e7o aos nossos estimados clientes&#8221;.<\/p>\n<p>A Apollo Vredestein \u00e9 uma das principais empresas de pneus do mundo em termos de inova\u00e7\u00e3o, baseando-se em mais de um s\u00e9culo de lideran\u00e7a t\u00e9cnica para otimizar a seguran\u00e7a e o desempenho e melhorar a experi\u00eancia de condu\u00e7\u00e3o. A empresa est\u00e1 sediada nos Pa\u00edses Baixos e conta com uma orgulhosa hist\u00f3ria na conce\u00e7\u00e3o, teste e desenvolvimento de produtos na Europa. Com sede em Amesterd\u00e3o, a Apollo Vredestein realiza todas as opera\u00e7\u00f5es de I&amp;D na Europa, e fabrica todos os seus pneus em instala\u00e7\u00f5es de produ\u00e7\u00e3o de vanguarda nos Pa\u00edses Baixos e na Hungria.<\/p>\n<!-- AddThis Advanced Settings generic via filter on the_content --><!-- AddThis Share Buttons generic via filter on the_content -->","protected":false},"excerpt":{"rendered":"<p>A Apollo Vredestein, um dos principais fabricantes europeus de&#8230;<!-- AddThis Advanced Settings generic via filter on get_the_excerpt --><!-- AddThis Share Buttons generic via filter on get_the_excerpt --><\/p>\n","protected":false},"author":13,"featured_media":13705,"comment_status":"closed","ping_status":"closed","sticky":false,"template":"","format":"standard","meta":{"footnotes":""},"categories":[29],"tags":[1522],"class_list":["post-13710","post","type-post","status-publish","format-standard","has-post-thumbnail","hentry","category-empresas","tag-vredestein"],"yoast_head":"<!-- This site is optimized with the Yoast SEO plugin v27.5 - https:\/\/yoast.com\/product\/yoast-seo-wordpress\/ -->\n<title>Apollo Vredestein nomeia novo diretor sudoeste Europa - Revista dos Pneus<\/title>\n<meta name=\"robots\" content=\"index, follow, max-snippet:-1, max-image-preview:large, max-video-preview:-1\" \/>\n<link rel=\"canonical\" href=\"https:\/\/revistadospneus.com\/pt\/2021\/04\/13\/apollo-vredestein-nomeia-novo-diretor-sudoeste-europa\/\" \/>\n<meta property=\"og:locale\" content=\"pt_PT\" \/>\n<meta property=\"og:type\" content=\"article\" \/>\n<meta property=\"og:title\" content=\"Apollo Vredestein nomeia novo diretor sudoeste Europa - Revista dos Pneus\" \/>\n<meta property=\"og:description\" content=\"A Apollo Vredestein, um dos principais fabricantes europeus de...\" \/>\n<meta property=\"og:url\" content=\"https:\/\/revistadospneus.com\/pt\/2021\/04\/13\/apollo-vredestein-nomeia-novo-diretor-sudoeste-europa\/\" \/>\n<meta property=\"og:site_name\" content=\"Revista dos Pneus\" \/>\n<meta property=\"article:publisher\" content=\"https:\/\/www.facebook.com\/revistapneus\" \/>\n<meta property=\"article:published_time\" content=\"2021-04-13T07:00:28+00:00\" \/>\n<meta property=\"og:image\" content=\"https:\/\/revistadospneus.com\/pt\/wp-content\/uploads\/2021\/04\/Apollo-Vredestein.jpg\" \/>\n\t<meta property=\"og:image:width\" content=\"1024\" \/>\n\t<meta property=\"og:image:height\" content=\"581\" \/>\n\t<meta property=\"og:image:type\" content=\"image\/jpeg\" \/>\n<meta name=\"author\" content=\"Reda\u00e7\u00e3o RP\" \/>\n<meta name=\"twitter:card\" content=\"summary_large_image\" \/>\n<meta name=\"twitter:creator\" content=\"@revistapneus\" \/>\n<meta name=\"twitter:site\" content=\"@revistapneus\" \/>\n<meta name=\"twitter:label1\" content=\"Escrito por\" \/>\n\t<meta name=\"twitter:data1\" content=\"Reda\u00e7\u00e3o RP\" \/>\n\t<meta name=\"twitter:label2\" content=\"Tempo estimado de leitura\" \/>\n\t<meta name=\"twitter:data2\" content=\"3 minutos\" \/>\n<script type=\"application\/ld+json\" class=\"yoast-schema-graph\">{\"@context\":\"https:\\\/\\\/schema.org\",\"@graph\":[{\"@type\":\"Article\",\"@id\":\"https:\\\/\\\/revistadospneus.com\\\/pt\\\/2021\\\/04\\\/13\\\/apollo-vredestein-nomeia-novo-diretor-sudoeste-europa\\\/#article\",\"isPartOf\":{\"@id\":\"https:\\\/\\\/revistadospneus.com\\\/pt\\\/2021\\\/04\\\/13\\\/apollo-vredestein-nomeia-novo-diretor-sudoeste-europa\\\/\"},\"author\":{\"name\":\"Reda\u00e7\u00e3o RP\",\"@id\":\"https:\\\/\\\/revistadospneus.com\\\/pt\\\/#\\\/schema\\\/person\\\/9c602809538a614c26e5569d14ed6442\"},\"headline\":\"Apollo Vredestein nomeia novo diretor sudoeste Europa\",\"datePublished\":\"2021-04-13T07:00:28+00:00\",\"mainEntityOfPage\":{\"@id\":\"https:\\\/\\\/revistadospneus.com\\\/pt\\\/2021\\\/04\\\/13\\\/apollo-vredestein-nomeia-novo-diretor-sudoeste-europa\\\/\"},\"wordCount\":540,\"publisher\":{\"@id\":\"https:\\\/\\\/revistadospneus.com\\\/pt\\\/#organization\"},\"image\":{\"@id\":\"https:\\\/\\\/revistadospneus.com\\\/pt\\\/2021\\\/04\\\/13\\\/apollo-vredestein-nomeia-novo-diretor-sudoeste-europa\\\/#primaryimage\"},\"thumbnailUrl\":\"https:\\\/\\\/revistadospneus.com\\\/pt\\\/wp-content\\\/uploads\\\/2021\\\/04\\\/Apollo-Vredestein.jpg\",\"keywords\":[\"Vredestein\"],\"articleSection\":[\"Empresas\"],\"inLanguage\":\"pt-PT\"},{\"@type\":\"WebPage\",\"@id\":\"https:\\\/\\\/revistadospneus.com\\\/pt\\\/2021\\\/04\\\/13\\\/apollo-vredestein-nomeia-novo-diretor-sudoeste-europa\\\/\",\"url\":\"https:\\\/\\\/revistadospneus.com\\\/pt\\\/2021\\\/04\\\/13\\\/apollo-vredestein-nomeia-novo-diretor-sudoeste-europa\\\/\",\"name\":\"Apollo Vredestein nomeia novo diretor sudoeste Europa - Revista dos Pneus\",\"isPartOf\":{\"@id\":\"https:\\\/\\\/revistadospneus.com\\\/pt\\\/#website\"},\"primaryImageOfPage\":{\"@id\":\"https:\\\/\\\/revistadospneus.com\\\/pt\\\/2021\\\/04\\\/13\\\/apollo-vredestein-nomeia-novo-diretor-sudoeste-europa\\\/#primaryimage\"},\"image\":{\"@id\":\"https:\\\/\\\/revistadospneus.com\\\/pt\\\/2021\\\/04\\\/13\\\/apollo-vredestein-nomeia-novo-diretor-sudoeste-europa\\\/#primaryimage\"},\"thumbnailUrl\":\"https:\\\/\\\/revistadospneus.com\\\/pt\\\/wp-content\\\/uploads\\\/2021\\\/04\\\/Apollo-Vredestein.jpg\",\"datePublished\":\"2021-04-13T07:00:28+00:00\",\"breadcrumb\":{\"@id\":\"https:\\\/\\\/revistadospneus.com\\\/pt\\\/2021\\\/04\\\/13\\\/apollo-vredestein-nomeia-novo-diretor-sudoeste-europa\\\/#breadcrumb\"},\"inLanguage\":\"pt-PT\",\"potentialAction\":[{\"@type\":\"ReadAction\",\"target\":[\"https:\\\/\\\/revistadospneus.com\\\/pt\\\/2021\\\/04\\\/13\\\/apollo-vredestein-nomeia-novo-diretor-sudoeste-europa\\\/\"]}]},{\"@type\":\"ImageObject\",\"inLanguage\":\"pt-PT\",\"@id\":\"https:\\\/\\\/revistadospneus.com\\\/pt\\\/2021\\\/04\\\/13\\\/apollo-vredestein-nomeia-novo-diretor-sudoeste-europa\\\/#primaryimage\",\"url\":\"https:\\\/\\\/revistadospneus.com\\\/pt\\\/wp-content\\\/uploads\\\/2021\\\/04\\\/Apollo-Vredestein.jpg\",\"contentUrl\":\"https:\\\/\\\/revistadospneus.com\\\/pt\\\/wp-content\\\/uploads\\\/2021\\\/04\\\/Apollo-Vredestein.jpg\",\"width\":1024,\"height\":581,\"caption\":\"04 - Apollo-Vredestein\"},{\"@type\":\"BreadcrumbList\",\"@id\":\"https:\\\/\\\/revistadospneus.com\\\/pt\\\/2021\\\/04\\\/13\\\/apollo-vredestein-nomeia-novo-diretor-sudoeste-europa\\\/#breadcrumb\",\"itemListElement\":[{\"@type\":\"ListItem\",\"position\":1,\"name\":\"In\u00edcio\",\"item\":\"https:\\\/\\\/revistadospneus.com\\\/pt\\\/\"},{\"@type\":\"ListItem\",\"position\":2,\"name\":\"Apollo Vredestein nomeia novo diretor sudoeste Europa\"}]},{\"@type\":\"WebSite\",\"@id\":\"https:\\\/\\\/revistadospneus.com\\\/pt\\\/#website\",\"url\":\"https:\\\/\\\/revistadospneus.com\\\/pt\\\/\",\"name\":\"Revista dos Pneus\",\"description\":\"Revista independente de pneus e servi\u00e7os r\u00e1pidos\",\"publisher\":{\"@id\":\"https:\\\/\\\/revistadospneus.com\\\/pt\\\/#organization\"},\"potentialAction\":[{\"@type\":\"SearchAction\",\"target\":{\"@type\":\"EntryPoint\",\"urlTemplate\":\"https:\\\/\\\/revistadospneus.com\\\/pt\\\/?s={search_term_string}\"},\"query-input\":{\"@type\":\"PropertyValueSpecification\",\"valueRequired\":true,\"valueName\":\"search_term_string\"}}],\"inLanguage\":\"pt-PT\"},{\"@type\":\"Organization\",\"@id\":\"https:\\\/\\\/revistadospneus.com\\\/pt\\\/#organization\",\"name\":\"Revista dos Pneus\",\"url\":\"https:\\\/\\\/revistadospneus.com\\\/pt\\\/\",\"logo\":{\"@type\":\"ImageObject\",\"inLanguage\":\"pt-PT\",\"@id\":\"https:\\\/\\\/revistadospneus.com\\\/pt\\\/#\\\/schema\\\/logo\\\/image\\\/\",\"url\":\"https:\\\/\\\/revistadospneus.com\\\/pt\\\/wp-content\\\/uploads\\\/logo2-1.png\",\"contentUrl\":\"https:\\\/\\\/revistadospneus.com\\\/pt\\\/wp-content\\\/uploads\\\/logo2-1.png\",\"width\":216,\"height\":70,\"caption\":\"Revista dos Pneus\"},\"image\":{\"@id\":\"https:\\\/\\\/revistadospneus.com\\\/pt\\\/#\\\/schema\\\/logo\\\/image\\\/\"},\"sameAs\":[\"https:\\\/\\\/www.facebook.com\\\/revistapneus\",\"https:\\\/\\\/x.com\\\/revistapneus\",\"https:\\\/\\\/www.linkedin.com\\\/company\\\/jornal-das-oficinas\\\/\",\"https:\\\/\\\/www.youtube.com\\\/channel\\\/UCbQZBqtcvV-oSQrr7RzINGg\"]},{\"@type\":\"Person\",\"@id\":\"https:\\\/\\\/revistadospneus.com\\\/pt\\\/#\\\/schema\\\/person\\\/9c602809538a614c26e5569d14ed6442\",\"name\":\"Reda\u00e7\u00e3o RP\",\"image\":{\"@type\":\"ImageObject\",\"inLanguage\":\"pt-PT\",\"@id\":\"https:\\\/\\\/secure.gravatar.com\\\/avatar\\\/71f2fa71737ad68a84fea94bc708ddac8ea5b0c4788dc2ad202f3ccb2887742f?s=96&d=wp_user_avatar&r=g\",\"url\":\"https:\\\/\\\/secure.gravatar.com\\\/avatar\\\/71f2fa71737ad68a84fea94bc708ddac8ea5b0c4788dc2ad202f3ccb2887742f?s=96&d=wp_user_avatar&r=g\",\"contentUrl\":\"https:\\\/\\\/secure.gravatar.com\\\/avatar\\\/71f2fa71737ad68a84fea94bc708ddac8ea5b0c4788dc2ad202f3ccb2887742f?s=96&d=wp_user_avatar&r=g\",\"caption\":\"Reda\u00e7\u00e3o RP\"},\"url\":\"https:\\\/\\\/revistadospneus.com\\\/pt\\\/author\\\/rpredacao\\\/\"}]}<\/script>\n<!-- \/ Yoast SEO plugin. -->","yoast_head_json":{"title":"Apollo Vredestein nomeia novo diretor sudoeste Europa - Revista dos Pneus","robots":{"index":"index","follow":"follow","max-snippet":"max-snippet:-1","max-image-preview":"max-image-preview:large","max-video-preview":"max-video-preview:-1"},"canonical":"https:\/\/revistadospneus.com\/pt\/2021\/04\/13\/apollo-vredestein-nomeia-novo-diretor-sudoeste-europa\/","og_locale":"pt_PT","og_type":"article","og_title":"Apollo Vredestein nomeia novo diretor sudoeste Europa - Revista dos Pneus","og_description":"A Apollo Vredestein, um dos principais fabricantes europeus de...","og_url":"https:\/\/revistadospneus.com\/pt\/2021\/04\/13\/apollo-vredestein-nomeia-novo-diretor-sudoeste-europa\/","og_site_name":"Revista dos Pneus","article_publisher":"https:\/\/www.facebook.com\/revistapneus","article_published_time":"2021-04-13T07:00:28+00:00","og_image":[{"width":1024,"height":581,"url":"https:\/\/revistadospneus.com\/pt\/wp-content\/uploads\/2021\/04\/Apollo-Vredestein.jpg","type":"image\/jpeg"}],"author":"Reda\u00e7\u00e3o RP","twitter_card":"summary_large_image","twitter_creator":"@revistapneus","twitter_site":"@revistapneus","twitter_misc":{"Escrito por":"Reda\u00e7\u00e3o RP","Tempo estimado de leitura":"3 minutos"},"schema":{"@context":"https:\/\/schema.org","@graph":[{"@type":"Article","@id":"https:\/\/revistadospneus.com\/pt\/2021\/04\/13\/apollo-vredestein-nomeia-novo-diretor-sudoeste-europa\/#article","isPartOf":{"@id":"https:\/\/revistadospneus.com\/pt\/2021\/04\/13\/apollo-vredestein-nomeia-novo-diretor-sudoeste-europa\/"},"author":{"name":"Reda\u00e7\u00e3o RP","@id":"https:\/\/revistadospneus.com\/pt\/#\/schema\/person\/9c602809538a614c26e5569d14ed6442"},"headline":"Apollo Vredestein nomeia novo diretor sudoeste Europa","datePublished":"2021-04-13T07:00:28+00:00","mainEntityOfPage":{"@id":"https:\/\/revistadospneus.com\/pt\/2021\/04\/13\/apollo-vredestein-nomeia-novo-diretor-sudoeste-europa\/"},"wordCount":540,"publisher":{"@id":"https:\/\/revistadospneus.com\/pt\/#organization"},"image":{"@id":"https:\/\/revistadospneus.com\/pt\/2021\/04\/13\/apollo-vredestein-nomeia-novo-diretor-sudoeste-europa\/#primaryimage"},"thumbnailUrl":"https:\/\/revistadospneus.com\/pt\/wp-content\/uploads\/2021\/04\/Apollo-Vredestein.jpg","keywords":["Vredestein"],"articleSection":["Empresas"],"inLanguage":"pt-PT"},{"@type":"WebPage","@id":"https:\/\/revistadospneus.com\/pt\/2021\/04\/13\/apollo-vredestein-nomeia-novo-diretor-sudoeste-europa\/","url":"https:\/\/revistadospneus.com\/pt\/2021\/04\/13\/apollo-vredestein-nomeia-novo-diretor-sudoeste-europa\/","name":"Apollo Vredestein nomeia novo diretor sudoeste Europa - Revista dos Pneus","isPartOf":{"@id":"https:\/\/revistadospneus.com\/pt\/#website"},"primaryImageOfPage":{"@id":"https:\/\/revistadospneus.com\/pt\/2021\/04\/13\/apollo-vredestein-nomeia-novo-diretor-sudoeste-europa\/#primaryimage"},"image":{"@id":"https:\/\/revistadospneus.com\/pt\/2021\/04\/13\/apollo-vredestein-nomeia-novo-diretor-sudoeste-europa\/#primaryimage"},"thumbnailUrl":"https:\/\/revistadospneus.com\/pt\/wp-content\/uploads\/2021\/04\/Apollo-Vredestein.jpg","datePublished":"2021-04-13T07:00:28+00:00","breadcrumb":{"@id":"https:\/\/revistadospneus.com\/pt\/2021\/04\/13\/apollo-vredestein-nomeia-novo-diretor-sudoeste-europa\/#breadcrumb"},"inLanguage":"pt-PT","potentialAction":[{"@type":"ReadAction","target":["https:\/\/revistadospneus.com\/pt\/2021\/04\/13\/apollo-vredestein-nomeia-novo-diretor-sudoeste-europa\/"]}]},{"@type":"ImageObject","inLanguage":"pt-PT","@id":"https:\/\/revistadospneus.com\/pt\/2021\/04\/13\/apollo-vredestein-nomeia-novo-diretor-sudoeste-europa\/#primaryimage","url":"https:\/\/revistadospneus.com\/pt\/wp-content\/uploads\/2021\/04\/Apollo-Vredestein.jpg","contentUrl":"https:\/\/revistadospneus.com\/pt\/wp-content\/uploads\/2021\/04\/Apollo-Vredestein.jpg","width":1024,"height":581,"caption":"04 - Apollo-Vredestein"},{"@type":"BreadcrumbList","@id":"https:\/\/revistadospneus.com\/pt\/2021\/04\/13\/apollo-vredestein-nomeia-novo-diretor-sudoeste-europa\/#breadcrumb","itemListElement":[{"@type":"ListItem","position":1,"name":"In\u00edcio","item":"https:\/\/revistadospneus.com\/pt\/"},{"@type":"ListItem","position":2,"name":"Apollo Vredestein nomeia novo diretor sudoeste Europa"}]},{"@type":"WebSite","@id":"https:\/\/revistadospneus.com\/pt\/#website","url":"https:\/\/revistadospneus.com\/pt\/","name":"Revista dos Pneus","description":"Revista independente de pneus e servi\u00e7os r\u00e1pidos","publisher":{"@id":"https:\/\/revistadospneus.com\/pt\/#organization"},"potentialAction":[{"@type":"SearchAction","target":{"@type":"EntryPoint","urlTemplate":"https:\/\/revistadospneus.com\/pt\/?s={search_term_string}"},"query-input":{"@type":"PropertyValueSpecification","valueRequired":true,"valueName":"search_term_string"}}],"inLanguage":"pt-PT"},{"@type":"Organization","@id":"https:\/\/revistadospneus.com\/pt\/#organization","name":"Revista dos Pneus","url":"https:\/\/revistadospneus.com\/pt\/","logo":{"@type":"ImageObject","inLanguage":"pt-PT","@id":"https:\/\/revistadospneus.com\/pt\/#\/schema\/logo\/image\/","url":"https:\/\/revistadospneus.com\/pt\/wp-content\/uploads\/logo2-1.png","contentUrl":"https:\/\/revistadospneus.com\/pt\/wp-content\/uploads\/logo2-1.png","width":216,"height":70,"caption":"Revista dos Pneus"},"image":{"@id":"https:\/\/revistadospneus.com\/pt\/#\/schema\/logo\/image\/"},"sameAs":["https:\/\/www.facebook.com\/revistapneus","https:\/\/x.com\/revistapneus","https:\/\/www.linkedin.com\/company\/jornal-das-oficinas\/","https:\/\/www.youtube.com\/channel\/UCbQZBqtcvV-oSQrr7RzINGg"]},{"@type":"Person","@id":"https:\/\/revistadospneus.com\/pt\/#\/schema\/person\/9c602809538a614c26e5569d14ed6442","name":"Reda\u00e7\u00e3o RP","image":{"@type":"ImageObject","inLanguage":"pt-PT","@id":"https:\/\/secure.gravatar.com\/avatar\/71f2fa71737ad68a84fea94bc708ddac8ea5b0c4788dc2ad202f3ccb2887742f?s=96&d=wp_user_avatar&r=g","url":"https:\/\/secure.gravatar.com\/avatar\/71f2fa71737ad68a84fea94bc708ddac8ea5b0c4788dc2ad202f3ccb2887742f?s=96&d=wp_user_avatar&r=g","contentUrl":"https:\/\/secure.gravatar.com\/avatar\/71f2fa71737ad68a84fea94bc708ddac8ea5b0c4788dc2ad202f3ccb2887742f?s=96&d=wp_user_avatar&r=g","caption":"Reda\u00e7\u00e3o RP"},"url":"https:\/\/revistadospneus.com\/pt\/author\/rpredacao\/"}]}},"_links":{"self":[{"href":"https:\/\/revistadospneus.com\/pt\/wp-json\/wp\/v2\/posts\/13710","targetHints":{"allow":["GET"]}}],"collection":[{"href":"https:\/\/revistadospneus.com\/pt\/wp-json\/wp\/v2\/posts"}],"about":[{"href":"https:\/\/revistadospneus.com\/pt\/wp-json\/wp\/v2\/types\/post"}],"author":[{"embeddable":true,"href":"https:\/\/revistadospneus.com\/pt\/wp-json\/wp\/v2\/users\/13"}],"replies":[{"embeddable":true,"href":"https:\/\/revistadospneus.com\/pt\/wp-json\/wp\/v2\/comments?post=13710"}],"version-history":[{"count":0,"href":"https:\/\/revistadospneus.com\/pt\/wp-json\/wp\/v2\/posts\/13710\/revisions"}],"wp:featuredmedia":[{"embeddable":true,"href":"https:\/\/revistadospneus.com\/pt\/wp-json\/wp\/v2\/media\/13705"}],"wp:attachment":[{"href":"https:\/\/revistadospneus.com\/pt\/wp-json\/wp\/v2\/media?parent=13710"}],"wp:term":[{"taxonomy":"category","embeddable":true,"href":"https:\/\/revistadospneus.com\/pt\/wp-json\/wp\/v2\/categories?post=13710"},{"taxonomy":"post_tag","embeddable":true,"href":"https:\/\/revistadospneus.com\/pt\/wp-json\/wp\/v2\/tags?post=13710"}],"curies":[{"name":"wp","href":"https:\/\/api.w.org\/{rel}","templated":true}]}}