{"id":14266,"date":"2021-06-11T18:00:43","date_gmt":"2021-06-11T17:00:43","guid":{"rendered":"https:\/\/revistadospneus.com\/pt\/?p=14266"},"modified":"2023-08-24T10:43:34","modified_gmt":"2023-08-24T09:43:34","slug":"yokohama-equipa-suv-glb-da-mercedes-amg","status":"publish","type":"post","link":"https:\/\/revistadospneus.com\/pt\/2021\/06\/11\/yokohama-equipa-suv-glb-da-mercedes-amg\/","title":{"rendered":"Yokohama equipa SUV GLB da Mercedes-AMG"},"content":{"rendered":"<p><strong><img loading=\"lazy\" decoding=\"async\" class=\"alignnone wp-image-14249 size-full\" src=\"https:\/\/revistadospneus.com\/pt\/wp-content\/uploads\/2021\/06\/Yokohama-equipa-SUV.jpeg\" alt=\"06 - Yokohama-equipa-SUV\" width=\"1024\" height=\"581\" srcset=\"https:\/\/revistadospneus.com\/pt\/wp-content\/uploads\/2021\/06\/Yokohama-equipa-SUV.jpeg 1024w, https:\/\/revistadospneus.com\/pt\/wp-content\/uploads\/2021\/06\/Yokohama-equipa-SUV-300x170.jpeg 300w, https:\/\/revistadospneus.com\/pt\/wp-content\/uploads\/2021\/06\/Yokohama-equipa-SUV-150x85.jpeg 150w, https:\/\/revistadospneus.com\/pt\/wp-content\/uploads\/2021\/06\/Yokohama-equipa-SUV-768x436.jpeg 768w\" sizes=\"auto, (max-width: 1024px) 100vw, 1024px\" \/><\/strong><\/p>\n<p><strong>A Yokohama acaba de anunciar que o seu pneu ADVAN Sport V107 recebeu a certifica\u00e7\u00e3o t\u00e9cnica de equipamento original do novo SUV da Mercedes-AMG, o GLB 35 4MATIC, que iniciou as suas vendas na Europa em dezembro de 2019. O GLB 35 vem equipado com pneus de 21 polegadas, com a medida 255\/35ZR21 98Y, modelo ADVAN Sport V107<\/strong><\/p>\n<p>Os pneus ADVAN Sport V107 s\u00e3o os pneus de alto rendimento por excel\u00eancia da gama ADVAN da YOKOHAMA Rubber. A vers\u00e3o do ADVAN Sport V107 que recebeu a certifica\u00e7\u00e3o t\u00e9cnica para uso no GLB 35 foi desenvolvida conjuntamente com a Mercedes-AMG para conseguir o rendimento superior em superf\u00edcies secas e molhadas necess\u00e1rio a um SUV.<\/p>\n<p>O rendimento superior do pneu em piso molhado, que se alcan\u00e7ou ajustando a \u00e1rea da ranhura do desenho da banda de rodagem e utilizando um composto desenvolvido especificamente para o efeito, obteve a classifica\u00e7\u00e3o \u201cA\u201d, a mais alta do sistema de etiquetagem da EU. Al\u00e9m disso, a sua estrutura e o composto foram aperfei\u00e7oados ao ponto de proporcionar uma condu\u00e7\u00e3o superior e uma imperturb\u00e1vel estabilidade na dire\u00e7\u00e3o, carater\u00edstica essencial nos carros premium de alta pot\u00eancia.<\/p>\n<p>Em reconhecimento pelos altos padr\u00f5es de qualidade, a lateral do pneu ostenta a marca de aprova\u00e7\u00e3o \u201cMO1\u201d, do fabricante de autom\u00f3veis alem\u00e3o.<\/p>\n<p>O neg\u00f3cio dos pneus no novo plano de gest\u00e3o a m\u00e9dio prazo trienal (2021-2023) da Yokohama Rubber, o Yokohama Transformation 2023 (YX2023), tem como objetivo exponenciar o \u00edndice de vendas de pneus YOKOHAMA de alto valor acrescentado, ou seja, da gama ADVAN, da gama de pneus GEOLANDAR para SUV e Todo-o-terreno, bem como de v\u00e1rios pneus de inverno.<\/p>\n<p>Uma das principais iniciativas previstas nesta estrat\u00e9gia \u00e9 a de tornar os pneus ADVAN e GEOLANDAR equipamento original de um maior n\u00famero de novos autom\u00f3veis.<\/p>\n<!-- AddThis Advanced Settings generic via filter on the_content --><!-- AddThis Share Buttons generic via filter on the_content -->","protected":false},"excerpt":{"rendered":"<p>A Yokohama acaba de anunciar que o seu pneu&#8230;<!-- AddThis Advanced Settings generic via filter on get_the_excerpt --><!-- AddThis Share Buttons generic via filter on get_the_excerpt --><\/p>\n","protected":false},"author":13,"featured_media":14249,"comment_status":"closed","ping_status":"closed","sticky":false,"template":"","format":"standard","meta":{"footnotes":""},"categories":[29,4],"tags":[987],"class_list":["post-14266","post","type-post","status-publish","format-standard","has-post-thumbnail","hentry","category-empresas","category-ligeiros","tag-yokohama"],"yoast_head":"<!-- This site is optimized with the Yoast SEO plugin v27.5 - https:\/\/yoast.com\/product\/yoast-seo-wordpress\/ -->\n<title>Yokohama equipa SUV GLB da Mercedes-AMG - Revista dos Pneus<\/title>\n<meta name=\"robots\" content=\"index, follow, max-snippet:-1, max-image-preview:large, max-video-preview:-1\" \/>\n<link rel=\"canonical\" href=\"https:\/\/revistadospneus.com\/pt\/2021\/06\/11\/yokohama-equipa-suv-glb-da-mercedes-amg\/\" \/>\n<meta property=\"og:locale\" content=\"pt_PT\" \/>\n<meta property=\"og:type\" content=\"article\" \/>\n<meta property=\"og:title\" content=\"Yokohama equipa SUV GLB da Mercedes-AMG - Revista dos Pneus\" \/>\n<meta property=\"og:description\" content=\"A Yokohama acaba de anunciar que o seu pneu...\" \/>\n<meta property=\"og:url\" content=\"https:\/\/revistadospneus.com\/pt\/2021\/06\/11\/yokohama-equipa-suv-glb-da-mercedes-amg\/\" \/>\n<meta property=\"og:site_name\" content=\"Revista dos Pneus\" \/>\n<meta property=\"article:publisher\" content=\"https:\/\/www.facebook.com\/revistapneus\" \/>\n<meta property=\"article:published_time\" content=\"2021-06-11T17:00:43+00:00\" \/>\n<meta property=\"article:modified_time\" content=\"2023-08-24T09:43:34+00:00\" \/>\n<meta property=\"og:image\" content=\"https:\/\/revistadospneus.com\/pt\/wp-content\/uploads\/2021\/06\/Yokohama-equipa-SUV.jpeg\" \/>\n\t<meta property=\"og:image:width\" content=\"1024\" \/>\n\t<meta property=\"og:image:height\" content=\"581\" \/>\n\t<meta property=\"og:image:type\" content=\"image\/jpeg\" \/>\n<meta name=\"author\" content=\"Reda\u00e7\u00e3o RP\" \/>\n<meta name=\"twitter:card\" content=\"summary_large_image\" \/>\n<meta name=\"twitter:creator\" content=\"@revistapneus\" \/>\n<meta name=\"twitter:site\" content=\"@revistapneus\" \/>\n<meta name=\"twitter:label1\" content=\"Escrito por\" \/>\n\t<meta name=\"twitter:data1\" content=\"Reda\u00e7\u00e3o RP\" \/>\n\t<meta name=\"twitter:label2\" content=\"Tempo estimado de leitura\" \/>\n\t<meta name=\"twitter:data2\" content=\"2 minutos\" \/>\n<script type=\"application\/ld+json\" class=\"yoast-schema-graph\">{\"@context\":\"https:\\\/\\\/schema.org\",\"@graph\":[{\"@type\":\"Article\",\"@id\":\"https:\\\/\\\/revistadospneus.com\\\/pt\\\/2021\\\/06\\\/11\\\/yokohama-equipa-suv-glb-da-mercedes-amg\\\/#article\",\"isPartOf\":{\"@id\":\"https:\\\/\\\/revistadospneus.com\\\/pt\\\/2021\\\/06\\\/11\\\/yokohama-equipa-suv-glb-da-mercedes-amg\\\/\"},\"author\":{\"name\":\"Reda\u00e7\u00e3o RP\",\"@id\":\"https:\\\/\\\/revistadospneus.com\\\/pt\\\/#\\\/schema\\\/person\\\/9c602809538a614c26e5569d14ed6442\"},\"headline\":\"Yokohama equipa SUV GLB da Mercedes-AMG\",\"datePublished\":\"2021-06-11T17:00:43+00:00\",\"dateModified\":\"2023-08-24T09:43:34+00:00\",\"mainEntityOfPage\":{\"@id\":\"https:\\\/\\\/revistadospneus.com\\\/pt\\\/2021\\\/06\\\/11\\\/yokohama-equipa-suv-glb-da-mercedes-amg\\\/\"},\"wordCount\":321,\"publisher\":{\"@id\":\"https:\\\/\\\/revistadospneus.com\\\/pt\\\/#organization\"},\"image\":{\"@id\":\"https:\\\/\\\/revistadospneus.com\\\/pt\\\/2021\\\/06\\\/11\\\/yokohama-equipa-suv-glb-da-mercedes-amg\\\/#primaryimage\"},\"thumbnailUrl\":\"https:\\\/\\\/revistadospneus.com\\\/pt\\\/wp-content\\\/uploads\\\/2021\\\/06\\\/Yokohama-equipa-SUV.jpeg\",\"keywords\":[\"Yokohama\"],\"articleSection\":[\"Empresas\",\"Ligeiros\"],\"inLanguage\":\"pt-PT\"},{\"@type\":\"WebPage\",\"@id\":\"https:\\\/\\\/revistadospneus.com\\\/pt\\\/2021\\\/06\\\/11\\\/yokohama-equipa-suv-glb-da-mercedes-amg\\\/\",\"url\":\"https:\\\/\\\/revistadospneus.com\\\/pt\\\/2021\\\/06\\\/11\\\/yokohama-equipa-suv-glb-da-mercedes-amg\\\/\",\"name\":\"Yokohama equipa SUV GLB da Mercedes-AMG - Revista dos Pneus\",\"isPartOf\":{\"@id\":\"https:\\\/\\\/revistadospneus.com\\\/pt\\\/#website\"},\"primaryImageOfPage\":{\"@id\":\"https:\\\/\\\/revistadospneus.com\\\/pt\\\/2021\\\/06\\\/11\\\/yokohama-equipa-suv-glb-da-mercedes-amg\\\/#primaryimage\"},\"image\":{\"@id\":\"https:\\\/\\\/revistadospneus.com\\\/pt\\\/2021\\\/06\\\/11\\\/yokohama-equipa-suv-glb-da-mercedes-amg\\\/#primaryimage\"},\"thumbnailUrl\":\"https:\\\/\\\/revistadospneus.com\\\/pt\\\/wp-content\\\/uploads\\\/2021\\\/06\\\/Yokohama-equipa-SUV.jpeg\",\"datePublished\":\"2021-06-11T17:00:43+00:00\",\"dateModified\":\"2023-08-24T09:43:34+00:00\",\"breadcrumb\":{\"@id\":\"https:\\\/\\\/revistadospneus.com\\\/pt\\\/2021\\\/06\\\/11\\\/yokohama-equipa-suv-glb-da-mercedes-amg\\\/#breadcrumb\"},\"inLanguage\":\"pt-PT\",\"potentialAction\":[{\"@type\":\"ReadAction\",\"target\":[\"https:\\\/\\\/revistadospneus.com\\\/pt\\\/2021\\\/06\\\/11\\\/yokohama-equipa-suv-glb-da-mercedes-amg\\\/\"]}]},{\"@type\":\"ImageObject\",\"inLanguage\":\"pt-PT\",\"@id\":\"https:\\\/\\\/revistadospneus.com\\\/pt\\\/2021\\\/06\\\/11\\\/yokohama-equipa-suv-glb-da-mercedes-amg\\\/#primaryimage\",\"url\":\"https:\\\/\\\/revistadospneus.com\\\/pt\\\/wp-content\\\/uploads\\\/2021\\\/06\\\/Yokohama-equipa-SUV.jpeg\",\"contentUrl\":\"https:\\\/\\\/revistadospneus.com\\\/pt\\\/wp-content\\\/uploads\\\/2021\\\/06\\\/Yokohama-equipa-SUV.jpeg\",\"width\":1024,\"height\":581,\"caption\":\"06 - Yokohama-equipa-SUV\"},{\"@type\":\"BreadcrumbList\",\"@id\":\"https:\\\/\\\/revistadospneus.com\\\/pt\\\/2021\\\/06\\\/11\\\/yokohama-equipa-suv-glb-da-mercedes-amg\\\/#breadcrumb\",\"itemListElement\":[{\"@type\":\"ListItem\",\"position\":1,\"name\":\"In\u00edcio\",\"item\":\"https:\\\/\\\/revistadospneus.com\\\/pt\\\/\"},{\"@type\":\"ListItem\",\"position\":2,\"name\":\"Yokohama equipa SUV GLB da Mercedes-AMG\"}]},{\"@type\":\"WebSite\",\"@id\":\"https:\\\/\\\/revistadospneus.com\\\/pt\\\/#website\",\"url\":\"https:\\\/\\\/revistadospneus.com\\\/pt\\\/\",\"name\":\"Revista dos Pneus\",\"description\":\"Revista independente de pneus e servi\u00e7os r\u00e1pidos\",\"publisher\":{\"@id\":\"https:\\\/\\\/revistadospneus.com\\\/pt\\\/#organization\"},\"potentialAction\":[{\"@type\":\"SearchAction\",\"target\":{\"@type\":\"EntryPoint\",\"urlTemplate\":\"https:\\\/\\\/revistadospneus.com\\\/pt\\\/?s={search_term_string}\"},\"query-input\":{\"@type\":\"PropertyValueSpecification\",\"valueRequired\":true,\"valueName\":\"search_term_string\"}}],\"inLanguage\":\"pt-PT\"},{\"@type\":\"Organization\",\"@id\":\"https:\\\/\\\/revistadospneus.com\\\/pt\\\/#organization\",\"name\":\"Revista dos Pneus\",\"url\":\"https:\\\/\\\/revistadospneus.com\\\/pt\\\/\",\"logo\":{\"@type\":\"ImageObject\",\"inLanguage\":\"pt-PT\",\"@id\":\"https:\\\/\\\/revistadospneus.com\\\/pt\\\/#\\\/schema\\\/logo\\\/image\\\/\",\"url\":\"https:\\\/\\\/revistadospneus.com\\\/pt\\\/wp-content\\\/uploads\\\/logo2-1.png\",\"contentUrl\":\"https:\\\/\\\/revistadospneus.com\\\/pt\\\/wp-content\\\/uploads\\\/logo2-1.png\",\"width\":216,\"height\":70,\"caption\":\"Revista dos Pneus\"},\"image\":{\"@id\":\"https:\\\/\\\/revistadospneus.com\\\/pt\\\/#\\\/schema\\\/logo\\\/image\\\/\"},\"sameAs\":[\"https:\\\/\\\/www.facebook.com\\\/revistapneus\",\"https:\\\/\\\/x.com\\\/revistapneus\",\"https:\\\/\\\/www.linkedin.com\\\/company\\\/jornal-das-oficinas\\\/\",\"https:\\\/\\\/www.youtube.com\\\/channel\\\/UCbQZBqtcvV-oSQrr7RzINGg\"]},{\"@type\":\"Person\",\"@id\":\"https:\\\/\\\/revistadospneus.com\\\/pt\\\/#\\\/schema\\\/person\\\/9c602809538a614c26e5569d14ed6442\",\"name\":\"Reda\u00e7\u00e3o RP\",\"image\":{\"@type\":\"ImageObject\",\"inLanguage\":\"pt-PT\",\"@id\":\"https:\\\/\\\/secure.gravatar.com\\\/avatar\\\/71f2fa71737ad68a84fea94bc708ddac8ea5b0c4788dc2ad202f3ccb2887742f?s=96&d=wp_user_avatar&r=g\",\"url\":\"https:\\\/\\\/secure.gravatar.com\\\/avatar\\\/71f2fa71737ad68a84fea94bc708ddac8ea5b0c4788dc2ad202f3ccb2887742f?s=96&d=wp_user_avatar&r=g\",\"contentUrl\":\"https:\\\/\\\/secure.gravatar.com\\\/avatar\\\/71f2fa71737ad68a84fea94bc708ddac8ea5b0c4788dc2ad202f3ccb2887742f?s=96&d=wp_user_avatar&r=g\",\"caption\":\"Reda\u00e7\u00e3o RP\"},\"url\":\"https:\\\/\\\/revistadospneus.com\\\/pt\\\/author\\\/rpredacao\\\/\"}]}<\/script>\n<!-- \/ Yoast SEO plugin. -->","yoast_head_json":{"title":"Yokohama equipa SUV GLB da Mercedes-AMG - Revista dos Pneus","robots":{"index":"index","follow":"follow","max-snippet":"max-snippet:-1","max-image-preview":"max-image-preview:large","max-video-preview":"max-video-preview:-1"},"canonical":"https:\/\/revistadospneus.com\/pt\/2021\/06\/11\/yokohama-equipa-suv-glb-da-mercedes-amg\/","og_locale":"pt_PT","og_type":"article","og_title":"Yokohama equipa SUV GLB da Mercedes-AMG - Revista dos Pneus","og_description":"A Yokohama acaba de anunciar que o seu pneu...","og_url":"https:\/\/revistadospneus.com\/pt\/2021\/06\/11\/yokohama-equipa-suv-glb-da-mercedes-amg\/","og_site_name":"Revista dos Pneus","article_publisher":"https:\/\/www.facebook.com\/revistapneus","article_published_time":"2021-06-11T17:00:43+00:00","article_modified_time":"2023-08-24T09:43:34+00:00","og_image":[{"width":1024,"height":581,"url":"https:\/\/revistadospneus.com\/pt\/wp-content\/uploads\/2021\/06\/Yokohama-equipa-SUV.jpeg","type":"image\/jpeg"}],"author":"Reda\u00e7\u00e3o RP","twitter_card":"summary_large_image","twitter_creator":"@revistapneus","twitter_site":"@revistapneus","twitter_misc":{"Escrito por":"Reda\u00e7\u00e3o RP","Tempo estimado de leitura":"2 minutos"},"schema":{"@context":"https:\/\/schema.org","@graph":[{"@type":"Article","@id":"https:\/\/revistadospneus.com\/pt\/2021\/06\/11\/yokohama-equipa-suv-glb-da-mercedes-amg\/#article","isPartOf":{"@id":"https:\/\/revistadospneus.com\/pt\/2021\/06\/11\/yokohama-equipa-suv-glb-da-mercedes-amg\/"},"author":{"name":"Reda\u00e7\u00e3o RP","@id":"https:\/\/revistadospneus.com\/pt\/#\/schema\/person\/9c602809538a614c26e5569d14ed6442"},"headline":"Yokohama equipa SUV GLB da Mercedes-AMG","datePublished":"2021-06-11T17:00:43+00:00","dateModified":"2023-08-24T09:43:34+00:00","mainEntityOfPage":{"@id":"https:\/\/revistadospneus.com\/pt\/2021\/06\/11\/yokohama-equipa-suv-glb-da-mercedes-amg\/"},"wordCount":321,"publisher":{"@id":"https:\/\/revistadospneus.com\/pt\/#organization"},"image":{"@id":"https:\/\/revistadospneus.com\/pt\/2021\/06\/11\/yokohama-equipa-suv-glb-da-mercedes-amg\/#primaryimage"},"thumbnailUrl":"https:\/\/revistadospneus.com\/pt\/wp-content\/uploads\/2021\/06\/Yokohama-equipa-SUV.jpeg","keywords":["Yokohama"],"articleSection":["Empresas","Ligeiros"],"inLanguage":"pt-PT"},{"@type":"WebPage","@id":"https:\/\/revistadospneus.com\/pt\/2021\/06\/11\/yokohama-equipa-suv-glb-da-mercedes-amg\/","url":"https:\/\/revistadospneus.com\/pt\/2021\/06\/11\/yokohama-equipa-suv-glb-da-mercedes-amg\/","name":"Yokohama equipa SUV GLB da Mercedes-AMG - Revista dos Pneus","isPartOf":{"@id":"https:\/\/revistadospneus.com\/pt\/#website"},"primaryImageOfPage":{"@id":"https:\/\/revistadospneus.com\/pt\/2021\/06\/11\/yokohama-equipa-suv-glb-da-mercedes-amg\/#primaryimage"},"image":{"@id":"https:\/\/revistadospneus.com\/pt\/2021\/06\/11\/yokohama-equipa-suv-glb-da-mercedes-amg\/#primaryimage"},"thumbnailUrl":"https:\/\/revistadospneus.com\/pt\/wp-content\/uploads\/2021\/06\/Yokohama-equipa-SUV.jpeg","datePublished":"2021-06-11T17:00:43+00:00","dateModified":"2023-08-24T09:43:34+00:00","breadcrumb":{"@id":"https:\/\/revistadospneus.com\/pt\/2021\/06\/11\/yokohama-equipa-suv-glb-da-mercedes-amg\/#breadcrumb"},"inLanguage":"pt-PT","potentialAction":[{"@type":"ReadAction","target":["https:\/\/revistadospneus.com\/pt\/2021\/06\/11\/yokohama-equipa-suv-glb-da-mercedes-amg\/"]}]},{"@type":"ImageObject","inLanguage":"pt-PT","@id":"https:\/\/revistadospneus.com\/pt\/2021\/06\/11\/yokohama-equipa-suv-glb-da-mercedes-amg\/#primaryimage","url":"https:\/\/revistadospneus.com\/pt\/wp-content\/uploads\/2021\/06\/Yokohama-equipa-SUV.jpeg","contentUrl":"https:\/\/revistadospneus.com\/pt\/wp-content\/uploads\/2021\/06\/Yokohama-equipa-SUV.jpeg","width":1024,"height":581,"caption":"06 - Yokohama-equipa-SUV"},{"@type":"BreadcrumbList","@id":"https:\/\/revistadospneus.com\/pt\/2021\/06\/11\/yokohama-equipa-suv-glb-da-mercedes-amg\/#breadcrumb","itemListElement":[{"@type":"ListItem","position":1,"name":"In\u00edcio","item":"https:\/\/revistadospneus.com\/pt\/"},{"@type":"ListItem","position":2,"name":"Yokohama equipa SUV GLB da Mercedes-AMG"}]},{"@type":"WebSite","@id":"https:\/\/revistadospneus.com\/pt\/#website","url":"https:\/\/revistadospneus.com\/pt\/","name":"Revista dos Pneus","description":"Revista independente de pneus e servi\u00e7os r\u00e1pidos","publisher":{"@id":"https:\/\/revistadospneus.com\/pt\/#organization"},"potentialAction":[{"@type":"SearchAction","target":{"@type":"EntryPoint","urlTemplate":"https:\/\/revistadospneus.com\/pt\/?s={search_term_string}"},"query-input":{"@type":"PropertyValueSpecification","valueRequired":true,"valueName":"search_term_string"}}],"inLanguage":"pt-PT"},{"@type":"Organization","@id":"https:\/\/revistadospneus.com\/pt\/#organization","name":"Revista dos Pneus","url":"https:\/\/revistadospneus.com\/pt\/","logo":{"@type":"ImageObject","inLanguage":"pt-PT","@id":"https:\/\/revistadospneus.com\/pt\/#\/schema\/logo\/image\/","url":"https:\/\/revistadospneus.com\/pt\/wp-content\/uploads\/logo2-1.png","contentUrl":"https:\/\/revistadospneus.com\/pt\/wp-content\/uploads\/logo2-1.png","width":216,"height":70,"caption":"Revista dos Pneus"},"image":{"@id":"https:\/\/revistadospneus.com\/pt\/#\/schema\/logo\/image\/"},"sameAs":["https:\/\/www.facebook.com\/revistapneus","https:\/\/x.com\/revistapneus","https:\/\/www.linkedin.com\/company\/jornal-das-oficinas\/","https:\/\/www.youtube.com\/channel\/UCbQZBqtcvV-oSQrr7RzINGg"]},{"@type":"Person","@id":"https:\/\/revistadospneus.com\/pt\/#\/schema\/person\/9c602809538a614c26e5569d14ed6442","name":"Reda\u00e7\u00e3o RP","image":{"@type":"ImageObject","inLanguage":"pt-PT","@id":"https:\/\/secure.gravatar.com\/avatar\/71f2fa71737ad68a84fea94bc708ddac8ea5b0c4788dc2ad202f3ccb2887742f?s=96&d=wp_user_avatar&r=g","url":"https:\/\/secure.gravatar.com\/avatar\/71f2fa71737ad68a84fea94bc708ddac8ea5b0c4788dc2ad202f3ccb2887742f?s=96&d=wp_user_avatar&r=g","contentUrl":"https:\/\/secure.gravatar.com\/avatar\/71f2fa71737ad68a84fea94bc708ddac8ea5b0c4788dc2ad202f3ccb2887742f?s=96&d=wp_user_avatar&r=g","caption":"Reda\u00e7\u00e3o RP"},"url":"https:\/\/revistadospneus.com\/pt\/author\/rpredacao\/"}]}},"_links":{"self":[{"href":"https:\/\/revistadospneus.com\/pt\/wp-json\/wp\/v2\/posts\/14266","targetHints":{"allow":["GET"]}}],"collection":[{"href":"https:\/\/revistadospneus.com\/pt\/wp-json\/wp\/v2\/posts"}],"about":[{"href":"https:\/\/revistadospneus.com\/pt\/wp-json\/wp\/v2\/types\/post"}],"author":[{"embeddable":true,"href":"https:\/\/revistadospneus.com\/pt\/wp-json\/wp\/v2\/users\/13"}],"replies":[{"embeddable":true,"href":"https:\/\/revistadospneus.com\/pt\/wp-json\/wp\/v2\/comments?post=14266"}],"version-history":[{"count":0,"href":"https:\/\/revistadospneus.com\/pt\/wp-json\/wp\/v2\/posts\/14266\/revisions"}],"wp:featuredmedia":[{"embeddable":true,"href":"https:\/\/revistadospneus.com\/pt\/wp-json\/wp\/v2\/media\/14249"}],"wp:attachment":[{"href":"https:\/\/revistadospneus.com\/pt\/wp-json\/wp\/v2\/media?parent=14266"}],"wp:term":[{"taxonomy":"category","embeddable":true,"href":"https:\/\/revistadospneus.com\/pt\/wp-json\/wp\/v2\/categories?post=14266"},{"taxonomy":"post_tag","embeddable":true,"href":"https:\/\/revistadospneus.com\/pt\/wp-json\/wp\/v2\/tags?post=14266"}],"curies":[{"name":"wp","href":"https:\/\/api.w.org\/{rel}","templated":true}]}}