{"id":14297,"date":"2021-06-15T19:00:41","date_gmt":"2021-06-15T18:00:41","guid":{"rendered":"https:\/\/revistadospneus.com\/pt\/?p=14297"},"modified":"2021-06-15T10:45:47","modified_gmt":"2021-06-15T09:45:47","slug":"elevados-custos-das-importacoes-aldo-machado-nex-tyres","status":"publish","type":"post","link":"https:\/\/revistadospneus.com\/pt\/2021\/06\/15\/elevados-custos-das-importacoes-aldo-machado-nex-tyres\/","title":{"rendered":"Elevados custos das importa\u00e7\u00f5es, Aldo Machado, Nex Tyres"},"content":{"rendered":"<p><strong><img loading=\"lazy\" decoding=\"async\" class=\"alignnone wp-image-14298 size-full\" src=\"https:\/\/revistadospneus.com\/pt\/wp-content\/uploads\/2021\/06\/Aldo-Machado-Nex-Tyres.jpeg\" alt=\"06 - Aldo-Machado-Nex-Tyres\" width=\"1024\" height=\"581\" srcset=\"https:\/\/revistadospneus.com\/pt\/wp-content\/uploads\/2021\/06\/Aldo-Machado-Nex-Tyres.jpeg 1024w, https:\/\/revistadospneus.com\/pt\/wp-content\/uploads\/2021\/06\/Aldo-Machado-Nex-Tyres-300x170.jpeg 300w, https:\/\/revistadospneus.com\/pt\/wp-content\/uploads\/2021\/06\/Aldo-Machado-Nex-Tyres-150x85.jpeg 150w, https:\/\/revistadospneus.com\/pt\/wp-content\/uploads\/2021\/06\/Aldo-Machado-Nex-Tyres-768x436.jpeg 768w\" sizes=\"auto, (max-width: 1024px) 100vw, 1024px\" \/><\/strong><\/p>\n<p><strong>Um contentor de 40 p\u00e9s HC [um dos formatos mais utilizados] para a China custava, em Novembro de 2019, 1.550 d\u00f3lares, atualmente custa 4.375 d\u00f3lares. <\/strong><\/p>\n<p>Aldo Machado, Country Manager da Nex Tyres, contou \u00e0 Revista dos Pneus como tem a empresa lidado com a infla\u00e7\u00e3o dos custos de contentores, bem como a escassez dos mesmos.<\/p>\n<p><strong>\u00a0<\/strong><strong>Que efeitos est\u00e1 a ter o aumento do custo dos contentores para o neg\u00f3cio da sua empresa?<br \/>\n<\/strong>O impacto nos pre\u00e7os de custo tem sido enorme e est\u00e1 a provocar um fen\u00f3meno inflacionista nos pre\u00e7os das mercadorias provenientes dessa zona do globo. Isto para al\u00e9m dos enormes atrasos que, seja por via da falta de contentores ou dos constrangimentos provocados pelo bloqueio do Canal de Suez, levam a que os nossos stocks tenham oscila\u00e7\u00f5es importantes.<\/p>\n<p><strong>Considera que com este acr\u00e9scimo de custos a importa\u00e7\u00e3o de pneus vindos da \u00c1sia \/ China deixa de ser rent\u00e1vel?<br \/>\n<\/strong>Este impacto afeta tamb\u00e9m a produ\u00e7\u00e3o de pneus na Europa, visto que as mat\u00e9rias primas tamb\u00e9m s\u00e3o (em grande parte) provenientes da \u00c1sia, levando a que o fen\u00f3meno inflacionista se torne global (e n\u00e3o apenas neste sector, algo que come\u00e7a a elevar o n\u00edvel de alerta na economia mundial)<\/p>\n<p><strong>Que resposta os operadores do setor em Portugal\u00a0podem dar \u00e0 harmoniza\u00e7\u00e3o de pre\u00e7os na Europa e os riscos de exposi\u00e7\u00e3o aos grandes operadores europeus?<br \/>\n<\/strong>Creio que, na atual conjuntura, os operadores portugueses n\u00e3o se encontram sob amea\u00e7a, isto \u00e9, n\u00e3o se vislumbram movimentos relevantes dentro do sector que levem a que os grandes players do centro da Europa possam interferir de sobremaneira no funcionamento do (maduro) mercado portugu\u00eas.<\/p>\n<p><strong>Os carros el\u00e9tricos que est\u00e3o a ter um grande crescimento de vendas est\u00e3o equipados com pneus cada vez maiores e com tecnologia mais evolu\u00edda. Considera que vai ser um bom segmento de mercado para o com\u00e9rcio de pneus?<br \/>\n<\/strong>A tend\u00eancia de utiliza\u00e7\u00e3o de pneus com dimens\u00f5es superiores n\u00e3o \u00e9 exclusiva dos autom\u00f3veis el\u00e9tricos. Ainda assim, e porque h\u00e1 uma cada vez maior prolifera\u00e7\u00e3o de homologa\u00e7\u00f5es, modelos com equipamentos de redu\u00e7\u00e3o de ru\u00eddo, etc, consideramos que (uma vez mais) ser\u00e1 importante que o retalho confie no trabalho dos distribuidores grossistas de pneus j\u00e1 que ser\u00e1 tecnicamente imposs\u00edvel ter todas estas solu\u00e7\u00f5es em stock e o recurso ao parceiro de distribui\u00e7\u00e3o ser\u00e1 seguramente a \u201cchave\u201d para o sucesso na venda.<\/p>\n<!-- AddThis Advanced Settings generic via filter on the_content --><!-- AddThis Share Buttons generic via filter on the_content -->","protected":false},"excerpt":{"rendered":"<p>Um contentor de 40 p\u00e9s HC [um dos formatos&#8230;<!-- AddThis Advanced Settings generic via filter on get_the_excerpt --><!-- AddThis Share Buttons generic via filter on get_the_excerpt --><\/p>\n","protected":false},"author":13,"featured_media":14298,"comment_status":"closed","ping_status":"closed","sticky":false,"template":"","format":"standard","meta":{"footnotes":""},"categories":[38],"tags":[945],"class_list":["post-14297","post","type-post","status-publish","format-standard","has-post-thumbnail","hentry","category-entrevistas","tag-nex-tyres"],"yoast_head":"<!-- This site is optimized with the Yoast SEO plugin v27.5 - https:\/\/yoast.com\/product\/yoast-seo-wordpress\/ -->\n<title>Elevados custos das importa\u00e7\u00f5es, Aldo Machado, Nex Tyres - Revista dos Pneus<\/title>\n<meta name=\"robots\" content=\"index, follow, max-snippet:-1, max-image-preview:large, max-video-preview:-1\" \/>\n<link rel=\"canonical\" href=\"https:\/\/revistadospneus.com\/pt\/2021\/06\/15\/elevados-custos-das-importacoes-aldo-machado-nex-tyres\/\" \/>\n<meta property=\"og:locale\" content=\"pt_PT\" \/>\n<meta property=\"og:type\" content=\"article\" \/>\n<meta property=\"og:title\" content=\"Elevados custos das importa\u00e7\u00f5es, Aldo Machado, Nex Tyres - Revista dos Pneus\" \/>\n<meta property=\"og:description\" content=\"Um contentor de 40 p\u00e9s HC [um dos formatos...\" \/>\n<meta property=\"og:url\" content=\"https:\/\/revistadospneus.com\/pt\/2021\/06\/15\/elevados-custos-das-importacoes-aldo-machado-nex-tyres\/\" \/>\n<meta property=\"og:site_name\" content=\"Revista dos Pneus\" \/>\n<meta property=\"article:publisher\" content=\"https:\/\/www.facebook.com\/revistapneus\" \/>\n<meta property=\"article:published_time\" content=\"2021-06-15T18:00:41+00:00\" \/>\n<meta property=\"og:image\" content=\"https:\/\/revistadospneus.com\/pt\/wp-content\/uploads\/2021\/06\/Aldo-Machado-Nex-Tyres.jpeg\" \/>\n\t<meta property=\"og:image:width\" content=\"1024\" \/>\n\t<meta property=\"og:image:height\" content=\"581\" \/>\n\t<meta property=\"og:image:type\" content=\"image\/jpeg\" \/>\n<meta name=\"author\" content=\"Reda\u00e7\u00e3o RP\" \/>\n<meta name=\"twitter:card\" content=\"summary_large_image\" \/>\n<meta name=\"twitter:creator\" content=\"@revistapneus\" \/>\n<meta name=\"twitter:site\" content=\"@revistapneus\" \/>\n<meta name=\"twitter:label1\" content=\"Escrito por\" \/>\n\t<meta name=\"twitter:data1\" content=\"Reda\u00e7\u00e3o RP\" \/>\n\t<meta name=\"twitter:label2\" content=\"Tempo estimado de leitura\" \/>\n\t<meta name=\"twitter:data2\" content=\"2 minutos\" \/>\n<script type=\"application\/ld+json\" class=\"yoast-schema-graph\">{\"@context\":\"https:\\\/\\\/schema.org\",\"@graph\":[{\"@type\":\"Article\",\"@id\":\"https:\\\/\\\/revistadospneus.com\\\/pt\\\/2021\\\/06\\\/15\\\/elevados-custos-das-importacoes-aldo-machado-nex-tyres\\\/#article\",\"isPartOf\":{\"@id\":\"https:\\\/\\\/revistadospneus.com\\\/pt\\\/2021\\\/06\\\/15\\\/elevados-custos-das-importacoes-aldo-machado-nex-tyres\\\/\"},\"author\":{\"name\":\"Reda\u00e7\u00e3o RP\",\"@id\":\"https:\\\/\\\/revistadospneus.com\\\/pt\\\/#\\\/schema\\\/person\\\/9c602809538a614c26e5569d14ed6442\"},\"headline\":\"Elevados custos das importa\u00e7\u00f5es, Aldo Machado, Nex Tyres\",\"datePublished\":\"2021-06-15T18:00:41+00:00\",\"mainEntityOfPage\":{\"@id\":\"https:\\\/\\\/revistadospneus.com\\\/pt\\\/2021\\\/06\\\/15\\\/elevados-custos-das-importacoes-aldo-machado-nex-tyres\\\/\"},\"wordCount\":433,\"publisher\":{\"@id\":\"https:\\\/\\\/revistadospneus.com\\\/pt\\\/#organization\"},\"image\":{\"@id\":\"https:\\\/\\\/revistadospneus.com\\\/pt\\\/2021\\\/06\\\/15\\\/elevados-custos-das-importacoes-aldo-machado-nex-tyres\\\/#primaryimage\"},\"thumbnailUrl\":\"https:\\\/\\\/revistadospneus.com\\\/pt\\\/wp-content\\\/uploads\\\/2021\\\/06\\\/Aldo-Machado-Nex-Tyres.jpeg\",\"keywords\":[\"NEX Tyres\"],\"articleSection\":[\"Entrevistas\"],\"inLanguage\":\"pt-PT\"},{\"@type\":\"WebPage\",\"@id\":\"https:\\\/\\\/revistadospneus.com\\\/pt\\\/2021\\\/06\\\/15\\\/elevados-custos-das-importacoes-aldo-machado-nex-tyres\\\/\",\"url\":\"https:\\\/\\\/revistadospneus.com\\\/pt\\\/2021\\\/06\\\/15\\\/elevados-custos-das-importacoes-aldo-machado-nex-tyres\\\/\",\"name\":\"Elevados custos das importa\u00e7\u00f5es, Aldo Machado, Nex Tyres - Revista dos Pneus\",\"isPartOf\":{\"@id\":\"https:\\\/\\\/revistadospneus.com\\\/pt\\\/#website\"},\"primaryImageOfPage\":{\"@id\":\"https:\\\/\\\/revistadospneus.com\\\/pt\\\/2021\\\/06\\\/15\\\/elevados-custos-das-importacoes-aldo-machado-nex-tyres\\\/#primaryimage\"},\"image\":{\"@id\":\"https:\\\/\\\/revistadospneus.com\\\/pt\\\/2021\\\/06\\\/15\\\/elevados-custos-das-importacoes-aldo-machado-nex-tyres\\\/#primaryimage\"},\"thumbnailUrl\":\"https:\\\/\\\/revistadospneus.com\\\/pt\\\/wp-content\\\/uploads\\\/2021\\\/06\\\/Aldo-Machado-Nex-Tyres.jpeg\",\"datePublished\":\"2021-06-15T18:00:41+00:00\",\"breadcrumb\":{\"@id\":\"https:\\\/\\\/revistadospneus.com\\\/pt\\\/2021\\\/06\\\/15\\\/elevados-custos-das-importacoes-aldo-machado-nex-tyres\\\/#breadcrumb\"},\"inLanguage\":\"pt-PT\",\"potentialAction\":[{\"@type\":\"ReadAction\",\"target\":[\"https:\\\/\\\/revistadospneus.com\\\/pt\\\/2021\\\/06\\\/15\\\/elevados-custos-das-importacoes-aldo-machado-nex-tyres\\\/\"]}]},{\"@type\":\"ImageObject\",\"inLanguage\":\"pt-PT\",\"@id\":\"https:\\\/\\\/revistadospneus.com\\\/pt\\\/2021\\\/06\\\/15\\\/elevados-custos-das-importacoes-aldo-machado-nex-tyres\\\/#primaryimage\",\"url\":\"https:\\\/\\\/revistadospneus.com\\\/pt\\\/wp-content\\\/uploads\\\/2021\\\/06\\\/Aldo-Machado-Nex-Tyres.jpeg\",\"contentUrl\":\"https:\\\/\\\/revistadospneus.com\\\/pt\\\/wp-content\\\/uploads\\\/2021\\\/06\\\/Aldo-Machado-Nex-Tyres.jpeg\",\"width\":1024,\"height\":581,\"caption\":\"06 - Aldo-Machado-Nex-Tyres\"},{\"@type\":\"BreadcrumbList\",\"@id\":\"https:\\\/\\\/revistadospneus.com\\\/pt\\\/2021\\\/06\\\/15\\\/elevados-custos-das-importacoes-aldo-machado-nex-tyres\\\/#breadcrumb\",\"itemListElement\":[{\"@type\":\"ListItem\",\"position\":1,\"name\":\"In\u00edcio\",\"item\":\"https:\\\/\\\/revistadospneus.com\\\/pt\\\/\"},{\"@type\":\"ListItem\",\"position\":2,\"name\":\"Elevados custos das importa\u00e7\u00f5es, Aldo Machado, Nex Tyres\"}]},{\"@type\":\"WebSite\",\"@id\":\"https:\\\/\\\/revistadospneus.com\\\/pt\\\/#website\",\"url\":\"https:\\\/\\\/revistadospneus.com\\\/pt\\\/\",\"name\":\"Revista dos Pneus\",\"description\":\"Revista independente de pneus e servi\u00e7os r\u00e1pidos\",\"publisher\":{\"@id\":\"https:\\\/\\\/revistadospneus.com\\\/pt\\\/#organization\"},\"potentialAction\":[{\"@type\":\"SearchAction\",\"target\":{\"@type\":\"EntryPoint\",\"urlTemplate\":\"https:\\\/\\\/revistadospneus.com\\\/pt\\\/?s={search_term_string}\"},\"query-input\":{\"@type\":\"PropertyValueSpecification\",\"valueRequired\":true,\"valueName\":\"search_term_string\"}}],\"inLanguage\":\"pt-PT\"},{\"@type\":\"Organization\",\"@id\":\"https:\\\/\\\/revistadospneus.com\\\/pt\\\/#organization\",\"name\":\"Revista dos Pneus\",\"url\":\"https:\\\/\\\/revistadospneus.com\\\/pt\\\/\",\"logo\":{\"@type\":\"ImageObject\",\"inLanguage\":\"pt-PT\",\"@id\":\"https:\\\/\\\/revistadospneus.com\\\/pt\\\/#\\\/schema\\\/logo\\\/image\\\/\",\"url\":\"https:\\\/\\\/revistadospneus.com\\\/pt\\\/wp-content\\\/uploads\\\/logo2-1.png\",\"contentUrl\":\"https:\\\/\\\/revistadospneus.com\\\/pt\\\/wp-content\\\/uploads\\\/logo2-1.png\",\"width\":216,\"height\":70,\"caption\":\"Revista dos Pneus\"},\"image\":{\"@id\":\"https:\\\/\\\/revistadospneus.com\\\/pt\\\/#\\\/schema\\\/logo\\\/image\\\/\"},\"sameAs\":[\"https:\\\/\\\/www.facebook.com\\\/revistapneus\",\"https:\\\/\\\/x.com\\\/revistapneus\",\"https:\\\/\\\/www.linkedin.com\\\/company\\\/jornal-das-oficinas\\\/\",\"https:\\\/\\\/www.youtube.com\\\/channel\\\/UCbQZBqtcvV-oSQrr7RzINGg\"]},{\"@type\":\"Person\",\"@id\":\"https:\\\/\\\/revistadospneus.com\\\/pt\\\/#\\\/schema\\\/person\\\/9c602809538a614c26e5569d14ed6442\",\"name\":\"Reda\u00e7\u00e3o RP\",\"image\":{\"@type\":\"ImageObject\",\"inLanguage\":\"pt-PT\",\"@id\":\"https:\\\/\\\/secure.gravatar.com\\\/avatar\\\/71f2fa71737ad68a84fea94bc708ddac8ea5b0c4788dc2ad202f3ccb2887742f?s=96&d=wp_user_avatar&r=g\",\"url\":\"https:\\\/\\\/secure.gravatar.com\\\/avatar\\\/71f2fa71737ad68a84fea94bc708ddac8ea5b0c4788dc2ad202f3ccb2887742f?s=96&d=wp_user_avatar&r=g\",\"contentUrl\":\"https:\\\/\\\/secure.gravatar.com\\\/avatar\\\/71f2fa71737ad68a84fea94bc708ddac8ea5b0c4788dc2ad202f3ccb2887742f?s=96&d=wp_user_avatar&r=g\",\"caption\":\"Reda\u00e7\u00e3o RP\"},\"url\":\"https:\\\/\\\/revistadospneus.com\\\/pt\\\/author\\\/rpredacao\\\/\"}]}<\/script>\n<!-- \/ Yoast SEO plugin. -->","yoast_head_json":{"title":"Elevados custos das importa\u00e7\u00f5es, Aldo Machado, Nex Tyres - Revista dos Pneus","robots":{"index":"index","follow":"follow","max-snippet":"max-snippet:-1","max-image-preview":"max-image-preview:large","max-video-preview":"max-video-preview:-1"},"canonical":"https:\/\/revistadospneus.com\/pt\/2021\/06\/15\/elevados-custos-das-importacoes-aldo-machado-nex-tyres\/","og_locale":"pt_PT","og_type":"article","og_title":"Elevados custos das importa\u00e7\u00f5es, Aldo Machado, Nex Tyres - Revista dos Pneus","og_description":"Um contentor de 40 p\u00e9s HC [um dos formatos...","og_url":"https:\/\/revistadospneus.com\/pt\/2021\/06\/15\/elevados-custos-das-importacoes-aldo-machado-nex-tyres\/","og_site_name":"Revista dos Pneus","article_publisher":"https:\/\/www.facebook.com\/revistapneus","article_published_time":"2021-06-15T18:00:41+00:00","og_image":[{"width":1024,"height":581,"url":"https:\/\/revistadospneus.com\/pt\/wp-content\/uploads\/2021\/06\/Aldo-Machado-Nex-Tyres.jpeg","type":"image\/jpeg"}],"author":"Reda\u00e7\u00e3o RP","twitter_card":"summary_large_image","twitter_creator":"@revistapneus","twitter_site":"@revistapneus","twitter_misc":{"Escrito por":"Reda\u00e7\u00e3o RP","Tempo estimado de leitura":"2 minutos"},"schema":{"@context":"https:\/\/schema.org","@graph":[{"@type":"Article","@id":"https:\/\/revistadospneus.com\/pt\/2021\/06\/15\/elevados-custos-das-importacoes-aldo-machado-nex-tyres\/#article","isPartOf":{"@id":"https:\/\/revistadospneus.com\/pt\/2021\/06\/15\/elevados-custos-das-importacoes-aldo-machado-nex-tyres\/"},"author":{"name":"Reda\u00e7\u00e3o RP","@id":"https:\/\/revistadospneus.com\/pt\/#\/schema\/person\/9c602809538a614c26e5569d14ed6442"},"headline":"Elevados custos das importa\u00e7\u00f5es, Aldo Machado, Nex Tyres","datePublished":"2021-06-15T18:00:41+00:00","mainEntityOfPage":{"@id":"https:\/\/revistadospneus.com\/pt\/2021\/06\/15\/elevados-custos-das-importacoes-aldo-machado-nex-tyres\/"},"wordCount":433,"publisher":{"@id":"https:\/\/revistadospneus.com\/pt\/#organization"},"image":{"@id":"https:\/\/revistadospneus.com\/pt\/2021\/06\/15\/elevados-custos-das-importacoes-aldo-machado-nex-tyres\/#primaryimage"},"thumbnailUrl":"https:\/\/revistadospneus.com\/pt\/wp-content\/uploads\/2021\/06\/Aldo-Machado-Nex-Tyres.jpeg","keywords":["NEX Tyres"],"articleSection":["Entrevistas"],"inLanguage":"pt-PT"},{"@type":"WebPage","@id":"https:\/\/revistadospneus.com\/pt\/2021\/06\/15\/elevados-custos-das-importacoes-aldo-machado-nex-tyres\/","url":"https:\/\/revistadospneus.com\/pt\/2021\/06\/15\/elevados-custos-das-importacoes-aldo-machado-nex-tyres\/","name":"Elevados custos das importa\u00e7\u00f5es, Aldo Machado, Nex Tyres - Revista dos Pneus","isPartOf":{"@id":"https:\/\/revistadospneus.com\/pt\/#website"},"primaryImageOfPage":{"@id":"https:\/\/revistadospneus.com\/pt\/2021\/06\/15\/elevados-custos-das-importacoes-aldo-machado-nex-tyres\/#primaryimage"},"image":{"@id":"https:\/\/revistadospneus.com\/pt\/2021\/06\/15\/elevados-custos-das-importacoes-aldo-machado-nex-tyres\/#primaryimage"},"thumbnailUrl":"https:\/\/revistadospneus.com\/pt\/wp-content\/uploads\/2021\/06\/Aldo-Machado-Nex-Tyres.jpeg","datePublished":"2021-06-15T18:00:41+00:00","breadcrumb":{"@id":"https:\/\/revistadospneus.com\/pt\/2021\/06\/15\/elevados-custos-das-importacoes-aldo-machado-nex-tyres\/#breadcrumb"},"inLanguage":"pt-PT","potentialAction":[{"@type":"ReadAction","target":["https:\/\/revistadospneus.com\/pt\/2021\/06\/15\/elevados-custos-das-importacoes-aldo-machado-nex-tyres\/"]}]},{"@type":"ImageObject","inLanguage":"pt-PT","@id":"https:\/\/revistadospneus.com\/pt\/2021\/06\/15\/elevados-custos-das-importacoes-aldo-machado-nex-tyres\/#primaryimage","url":"https:\/\/revistadospneus.com\/pt\/wp-content\/uploads\/2021\/06\/Aldo-Machado-Nex-Tyres.jpeg","contentUrl":"https:\/\/revistadospneus.com\/pt\/wp-content\/uploads\/2021\/06\/Aldo-Machado-Nex-Tyres.jpeg","width":1024,"height":581,"caption":"06 - Aldo-Machado-Nex-Tyres"},{"@type":"BreadcrumbList","@id":"https:\/\/revistadospneus.com\/pt\/2021\/06\/15\/elevados-custos-das-importacoes-aldo-machado-nex-tyres\/#breadcrumb","itemListElement":[{"@type":"ListItem","position":1,"name":"In\u00edcio","item":"https:\/\/revistadospneus.com\/pt\/"},{"@type":"ListItem","position":2,"name":"Elevados custos das importa\u00e7\u00f5es, Aldo Machado, Nex Tyres"}]},{"@type":"WebSite","@id":"https:\/\/revistadospneus.com\/pt\/#website","url":"https:\/\/revistadospneus.com\/pt\/","name":"Revista dos Pneus","description":"Revista independente de pneus e servi\u00e7os r\u00e1pidos","publisher":{"@id":"https:\/\/revistadospneus.com\/pt\/#organization"},"potentialAction":[{"@type":"SearchAction","target":{"@type":"EntryPoint","urlTemplate":"https:\/\/revistadospneus.com\/pt\/?s={search_term_string}"},"query-input":{"@type":"PropertyValueSpecification","valueRequired":true,"valueName":"search_term_string"}}],"inLanguage":"pt-PT"},{"@type":"Organization","@id":"https:\/\/revistadospneus.com\/pt\/#organization","name":"Revista dos Pneus","url":"https:\/\/revistadospneus.com\/pt\/","logo":{"@type":"ImageObject","inLanguage":"pt-PT","@id":"https:\/\/revistadospneus.com\/pt\/#\/schema\/logo\/image\/","url":"https:\/\/revistadospneus.com\/pt\/wp-content\/uploads\/logo2-1.png","contentUrl":"https:\/\/revistadospneus.com\/pt\/wp-content\/uploads\/logo2-1.png","width":216,"height":70,"caption":"Revista dos Pneus"},"image":{"@id":"https:\/\/revistadospneus.com\/pt\/#\/schema\/logo\/image\/"},"sameAs":["https:\/\/www.facebook.com\/revistapneus","https:\/\/x.com\/revistapneus","https:\/\/www.linkedin.com\/company\/jornal-das-oficinas\/","https:\/\/www.youtube.com\/channel\/UCbQZBqtcvV-oSQrr7RzINGg"]},{"@type":"Person","@id":"https:\/\/revistadospneus.com\/pt\/#\/schema\/person\/9c602809538a614c26e5569d14ed6442","name":"Reda\u00e7\u00e3o RP","image":{"@type":"ImageObject","inLanguage":"pt-PT","@id":"https:\/\/secure.gravatar.com\/avatar\/71f2fa71737ad68a84fea94bc708ddac8ea5b0c4788dc2ad202f3ccb2887742f?s=96&d=wp_user_avatar&r=g","url":"https:\/\/secure.gravatar.com\/avatar\/71f2fa71737ad68a84fea94bc708ddac8ea5b0c4788dc2ad202f3ccb2887742f?s=96&d=wp_user_avatar&r=g","contentUrl":"https:\/\/secure.gravatar.com\/avatar\/71f2fa71737ad68a84fea94bc708ddac8ea5b0c4788dc2ad202f3ccb2887742f?s=96&d=wp_user_avatar&r=g","caption":"Reda\u00e7\u00e3o RP"},"url":"https:\/\/revistadospneus.com\/pt\/author\/rpredacao\/"}]}},"_links":{"self":[{"href":"https:\/\/revistadospneus.com\/pt\/wp-json\/wp\/v2\/posts\/14297","targetHints":{"allow":["GET"]}}],"collection":[{"href":"https:\/\/revistadospneus.com\/pt\/wp-json\/wp\/v2\/posts"}],"about":[{"href":"https:\/\/revistadospneus.com\/pt\/wp-json\/wp\/v2\/types\/post"}],"author":[{"embeddable":true,"href":"https:\/\/revistadospneus.com\/pt\/wp-json\/wp\/v2\/users\/13"}],"replies":[{"embeddable":true,"href":"https:\/\/revistadospneus.com\/pt\/wp-json\/wp\/v2\/comments?post=14297"}],"version-history":[{"count":0,"href":"https:\/\/revistadospneus.com\/pt\/wp-json\/wp\/v2\/posts\/14297\/revisions"}],"wp:featuredmedia":[{"embeddable":true,"href":"https:\/\/revistadospneus.com\/pt\/wp-json\/wp\/v2\/media\/14298"}],"wp:attachment":[{"href":"https:\/\/revistadospneus.com\/pt\/wp-json\/wp\/v2\/media?parent=14297"}],"wp:term":[{"taxonomy":"category","embeddable":true,"href":"https:\/\/revistadospneus.com\/pt\/wp-json\/wp\/v2\/categories?post=14297"},{"taxonomy":"post_tag","embeddable":true,"href":"https:\/\/revistadospneus.com\/pt\/wp-json\/wp\/v2\/tags?post=14297"}],"curies":[{"name":"wp","href":"https:\/\/api.w.org\/{rel}","templated":true}]}}