{"id":14528,"date":"2021-07-13T20:00:43","date_gmt":"2021-07-13T19:00:43","guid":{"rendered":"https:\/\/revistadospneus.com\/pt\/?p=14528"},"modified":"2021-07-13T16:57:38","modified_gmt":"2021-07-13T15:57:38","slug":"o-preco-dos-fretes-maritimos-tem-um-reflexo-negativo-no-preco-final-do-produto-rui-chorado-dispnal","status":"publish","type":"post","link":"https:\/\/revistadospneus.com\/pt\/2021\/07\/13\/o-preco-dos-fretes-maritimos-tem-um-reflexo-negativo-no-preco-final-do-produto-rui-chorado-dispnal\/","title":{"rendered":"&#8220;O pre\u00e7o dos fretes mar\u00edtimos tem um reflexo negativo no pre\u00e7o final do produto&#8221;, Rui Chorado, Dispnal"},"content":{"rendered":"<p><strong><img loading=\"lazy\" decoding=\"async\" class=\"alignnone wp-image-14526 size-full\" src=\"https:\/\/revistadospneus.com\/pt\/wp-content\/uploads\/2021\/07\/Rui-Chorado-Dispnal.jpeg\" alt=\"07 - Rui-Chorado-Dispnal\" width=\"1024\" height=\"581\" srcset=\"https:\/\/revistadospneus.com\/pt\/wp-content\/uploads\/2021\/07\/Rui-Chorado-Dispnal.jpeg 1024w, https:\/\/revistadospneus.com\/pt\/wp-content\/uploads\/2021\/07\/Rui-Chorado-Dispnal-300x170.jpeg 300w, https:\/\/revistadospneus.com\/pt\/wp-content\/uploads\/2021\/07\/Rui-Chorado-Dispnal-150x85.jpeg 150w, https:\/\/revistadospneus.com\/pt\/wp-content\/uploads\/2021\/07\/Rui-Chorado-Dispnal-768x436.jpeg 768w\" sizes=\"auto, (max-width: 1024px) 100vw, 1024px\" \/><\/strong><\/p>\n<p><strong>A Dispnal surgiu h\u00e1 22 anos sempre ligada \u00e0 comercializa\u00e7\u00e3o de pneus, jantes de cami\u00e3o e c\u00e2maras de ar. Desde a sua cria\u00e7\u00e3o que a empresa n\u00e3o se lembra de um aumento t\u00e3o significativo dos fretes mar\u00edtimos, o que por sua vez, leva ao aumento do pre\u00e7o final do produto. <\/strong><\/p>\n<p>Para fazer face a esta situa\u00e7\u00e3o, Rui Chorado, Diretor da empresa, explicou \u00e0 RP que a solu\u00e7\u00e3o passa por \u201cprocuramos adaptar tamb\u00e9m a nossa forma de trabalhar, tornando-nos mais eficientes, e atrav\u00e9s da promo\u00e7\u00e3o dos nossos produtos de forma ponderada e sustentada podermos alcan\u00e7ar os objetivos a que nos propomos no in\u00edcio de cada exerc\u00edcio\u201d.<\/p>\n<p><strong>Que efeitos est\u00e1 a ter o aumento do custo dos contentores para o neg\u00f3cio da sua empresa?<br \/>\n<\/strong>Desde logo, de referir que o aumento do pre\u00e7o dos fretes mar\u00edtimos \u00e0 escala global tem, necessariamente um reflexo negativo naquilo que \u00e9 o pre\u00e7o final do produto, quando este \u00e9 colocado no mercado. Penso que esta situa\u00e7\u00e3o ser\u00e1 comum a todo o tipo de mercadorias que s\u00e3o importadas do extremo oriente, uma vez que \u00e9 imposs\u00edvel para as empresas absorverem todos esses aumentos, sem que isso se fa\u00e7a sentir no pre\u00e7o final dos produtos. Al\u00e9m disso, a dificuldade em encontrar embarques e rotas de tr\u00e2nsito t\u00eam vindo a aumentar, o que constitui desde logo, para n\u00f3s, um desafio no sentido de encontrar disponibilidade, mesmo aos pre\u00e7os que s\u00e3o conhecidos no atual contexto de mercado.<\/p>\n<p><strong>\u00a0<\/strong><strong>Considera que com este acr\u00e9scimo de custos a importa\u00e7\u00e3o de pneus vindos da \u00c1sia \/ China deixa de ser rent\u00e1vel?<br \/>\n<\/strong>Considerando todas as variantes de neg\u00f3cio e aquilo que \u00e9 a procura por produtos das gamas em quest\u00e3o, nunca se pode afirmar que o produto \u00e9 ou deixa de ser rent\u00e1vel, pelo facto de termos mais custos associados. \u00c0 semelhan\u00e7a do que acontece noutros ramos de neg\u00f3cio, existe sempre procura por produto de valor mais baixo, como \u00e9 o caso destes produtos com origem no oriente, que mesmo com estes acr\u00e9scimos continuam situados num patamar abaixo dos produtos designados como \u201cpremium\u201d, at\u00e9 porque estes \u00faltimos tamb\u00e9m conhecem dificuldades, derivadas da situa\u00e7\u00e3o atual em que vivemos.<\/p>\n<p><strong>Que resposta os operadores do setor em Portugal\u00a0podem dar \u00e0 harmoniza\u00e7\u00e3o de pre\u00e7os na Europa e os riscos de exposi\u00e7\u00e3o aos grandes operadores europeus?<br \/>\n<\/strong>Aquilo que consideramos ser poss\u00edvel fazer nesta fase, passar\u00e1 essencialmente por encontrar formas de dinamizar o nosso modelo de trabalho e de neg\u00f3cio. Queremos com isto significar que al\u00e9m dos esfor\u00e7os que temos vindo a fazer para esbater ao m\u00e1ximo estes aumentos com os custos associados \u00e0s importa\u00e7\u00f5es, procuramos adaptar tamb\u00e9m a nossa forma de trabalhar, tornando-nos mais eficientes, e atrav\u00e9s da promo\u00e7\u00e3o dos nossos produtos de forma pondera e sustentada podermos alcan\u00e7ar os objetivos a que nos propomos no in\u00edcio de cada exerc\u00edcio. No caso concreto, a nossa equipa de trabalho tem, atrav\u00e9s desta filosofia, levado o barco a bom porto e superado os desafios com os quais temos sido confrontados.<\/p>\n<p><strong>Os carros el\u00e9tricos que est\u00e3o a ter um grande crescimento de vendas est\u00e3o equipados com pneus cada vez maiores e com tecnologia mais evolu\u00edda. Considera que vai ser um bom segmento de mercado para o com\u00e9rcio de pneus?<br \/>\n<\/strong>\u00c9 um facto que o atual panorama associado ao ramo autom\u00f3vel \u00e9, nos dias que correm, em tudo diferente daquilo que conhec\u00edamos desde h\u00e1 uns anos. O aparecimento de novas tecnologias associadas \u00e0 mobilidade, nomeadamente \u00e0 mobilidade el\u00e9trica, constitui, desde logo, um grande desafio no que concerne \u00e0 adapta\u00e7\u00e3o do fabrico de pneus a este tipo de autom\u00f3veis e outros ve\u00edculos que utilizam este tipo de energia como forma de movimento. Observa-se, por esta via, um aumento da pot\u00eancia dispon\u00edvel, na rela\u00e7\u00e3o com o tempo de resposta destes ve\u00edculos, o que exige muito mais capacidades dos compostos de borracha dos pneus e tamb\u00e9m de todos os par\u00e2metros que estes cont\u00eam, associados, quer seguran\u00e7a, quer \u00e0 efici\u00eancia energ\u00e9tica, os quais, cada vez mais representam um papel fundamental naquilo que s\u00e3o as exig\u00eancias dos reguladores e dos consumidores, que observamos serem, a cada dia, mais informados e preocupados com os referidos par\u00e2metros. Desta forma, consideramos que o futuro passar\u00e1 por um incremento neste segmento, de forma natural e gradual, e, por essa raz\u00e3o, existir\u00e1, com toda a certeza, uma correla\u00e7\u00e3o entre o aumento do parque autom\u00f3vel el\u00e9trico e o mercado de pneus, com express\u00f5es positivas, associadas a este tipo de ve\u00edculos.<\/p>\n<!-- AddThis Advanced Settings generic via filter on the_content --><!-- AddThis Share Buttons generic via filter on the_content -->","protected":false},"excerpt":{"rendered":"<p>A Dispnal surgiu h\u00e1 22 anos sempre ligada \u00e0&#8230;<!-- AddThis Advanced Settings generic via filter on get_the_excerpt --><!-- AddThis Share Buttons generic via filter on get_the_excerpt --><\/p>\n","protected":false},"author":13,"featured_media":14526,"comment_status":"closed","ping_status":"closed","sticky":false,"template":"","format":"standard","meta":{"footnotes":""},"categories":[38],"tags":[1045],"class_list":["post-14528","post","type-post","status-publish","format-standard","has-post-thumbnail","hentry","category-entrevistas","tag-dispnal"],"yoast_head":"<!-- This site is optimized with the Yoast SEO plugin v27.5 - https:\/\/yoast.com\/product\/yoast-seo-wordpress\/ -->\n<title>&quot;O pre\u00e7o dos fretes mar\u00edtimos tem um reflexo negativo no pre\u00e7o final do produto&quot;, Rui Chorado, Dispnal - Revista dos Pneus<\/title>\n<meta name=\"robots\" content=\"index, follow, max-snippet:-1, max-image-preview:large, max-video-preview:-1\" \/>\n<link rel=\"canonical\" href=\"https:\/\/revistadospneus.com\/pt\/2021\/07\/13\/o-preco-dos-fretes-maritimos-tem-um-reflexo-negativo-no-preco-final-do-produto-rui-chorado-dispnal\/\" \/>\n<meta property=\"og:locale\" content=\"pt_PT\" \/>\n<meta property=\"og:type\" content=\"article\" \/>\n<meta property=\"og:title\" content=\"&quot;O pre\u00e7o dos fretes mar\u00edtimos tem um reflexo negativo no pre\u00e7o final do produto&quot;, Rui Chorado, Dispnal - Revista dos Pneus\" \/>\n<meta property=\"og:description\" content=\"A Dispnal surgiu h\u00e1 22 anos sempre ligada \u00e0...\" \/>\n<meta property=\"og:url\" content=\"https:\/\/revistadospneus.com\/pt\/2021\/07\/13\/o-preco-dos-fretes-maritimos-tem-um-reflexo-negativo-no-preco-final-do-produto-rui-chorado-dispnal\/\" \/>\n<meta property=\"og:site_name\" content=\"Revista dos Pneus\" \/>\n<meta property=\"article:publisher\" content=\"https:\/\/www.facebook.com\/revistapneus\" \/>\n<meta property=\"article:published_time\" content=\"2021-07-13T19:00:43+00:00\" \/>\n<meta property=\"og:image\" content=\"https:\/\/revistadospneus.com\/pt\/wp-content\/uploads\/2021\/07\/Rui-Chorado-Dispnal.jpeg\" \/>\n\t<meta property=\"og:image:width\" content=\"1024\" \/>\n\t<meta property=\"og:image:height\" content=\"581\" \/>\n\t<meta property=\"og:image:type\" content=\"image\/jpeg\" \/>\n<meta name=\"author\" content=\"Reda\u00e7\u00e3o RP\" \/>\n<meta name=\"twitter:card\" content=\"summary_large_image\" \/>\n<meta name=\"twitter:creator\" content=\"@revistapneus\" \/>\n<meta name=\"twitter:site\" content=\"@revistapneus\" \/>\n<meta name=\"twitter:label1\" content=\"Escrito por\" \/>\n\t<meta name=\"twitter:data1\" content=\"Reda\u00e7\u00e3o RP\" \/>\n\t<meta name=\"twitter:label2\" content=\"Tempo estimado de leitura\" \/>\n\t<meta name=\"twitter:data2\" content=\"4 minutos\" \/>\n<script type=\"application\/ld+json\" class=\"yoast-schema-graph\">{\"@context\":\"https:\\\/\\\/schema.org\",\"@graph\":[{\"@type\":\"Article\",\"@id\":\"https:\\\/\\\/revistadospneus.com\\\/pt\\\/2021\\\/07\\\/13\\\/o-preco-dos-fretes-maritimos-tem-um-reflexo-negativo-no-preco-final-do-produto-rui-chorado-dispnal\\\/#article\",\"isPartOf\":{\"@id\":\"https:\\\/\\\/revistadospneus.com\\\/pt\\\/2021\\\/07\\\/13\\\/o-preco-dos-fretes-maritimos-tem-um-reflexo-negativo-no-preco-final-do-produto-rui-chorado-dispnal\\\/\"},\"author\":{\"name\":\"Reda\u00e7\u00e3o RP\",\"@id\":\"https:\\\/\\\/revistadospneus.com\\\/pt\\\/#\\\/schema\\\/person\\\/9c602809538a614c26e5569d14ed6442\"},\"headline\":\"&#8220;O pre\u00e7o dos fretes mar\u00edtimos tem um reflexo negativo no pre\u00e7o final do produto&#8221;, Rui Chorado, Dispnal\",\"datePublished\":\"2021-07-13T19:00:43+00:00\",\"mainEntityOfPage\":{\"@id\":\"https:\\\/\\\/revistadospneus.com\\\/pt\\\/2021\\\/07\\\/13\\\/o-preco-dos-fretes-maritimos-tem-um-reflexo-negativo-no-preco-final-do-produto-rui-chorado-dispnal\\\/\"},\"wordCount\":815,\"publisher\":{\"@id\":\"https:\\\/\\\/revistadospneus.com\\\/pt\\\/#organization\"},\"image\":{\"@id\":\"https:\\\/\\\/revistadospneus.com\\\/pt\\\/2021\\\/07\\\/13\\\/o-preco-dos-fretes-maritimos-tem-um-reflexo-negativo-no-preco-final-do-produto-rui-chorado-dispnal\\\/#primaryimage\"},\"thumbnailUrl\":\"https:\\\/\\\/revistadospneus.com\\\/pt\\\/wp-content\\\/uploads\\\/2021\\\/07\\\/Rui-Chorado-Dispnal.jpeg\",\"keywords\":[\"Dispnal\"],\"articleSection\":[\"Entrevistas\"],\"inLanguage\":\"pt-PT\"},{\"@type\":\"WebPage\",\"@id\":\"https:\\\/\\\/revistadospneus.com\\\/pt\\\/2021\\\/07\\\/13\\\/o-preco-dos-fretes-maritimos-tem-um-reflexo-negativo-no-preco-final-do-produto-rui-chorado-dispnal\\\/\",\"url\":\"https:\\\/\\\/revistadospneus.com\\\/pt\\\/2021\\\/07\\\/13\\\/o-preco-dos-fretes-maritimos-tem-um-reflexo-negativo-no-preco-final-do-produto-rui-chorado-dispnal\\\/\",\"name\":\"\\\"O pre\u00e7o dos fretes mar\u00edtimos tem um reflexo negativo no pre\u00e7o final do produto\\\", Rui Chorado, Dispnal - Revista dos Pneus\",\"isPartOf\":{\"@id\":\"https:\\\/\\\/revistadospneus.com\\\/pt\\\/#website\"},\"primaryImageOfPage\":{\"@id\":\"https:\\\/\\\/revistadospneus.com\\\/pt\\\/2021\\\/07\\\/13\\\/o-preco-dos-fretes-maritimos-tem-um-reflexo-negativo-no-preco-final-do-produto-rui-chorado-dispnal\\\/#primaryimage\"},\"image\":{\"@id\":\"https:\\\/\\\/revistadospneus.com\\\/pt\\\/2021\\\/07\\\/13\\\/o-preco-dos-fretes-maritimos-tem-um-reflexo-negativo-no-preco-final-do-produto-rui-chorado-dispnal\\\/#primaryimage\"},\"thumbnailUrl\":\"https:\\\/\\\/revistadospneus.com\\\/pt\\\/wp-content\\\/uploads\\\/2021\\\/07\\\/Rui-Chorado-Dispnal.jpeg\",\"datePublished\":\"2021-07-13T19:00:43+00:00\",\"breadcrumb\":{\"@id\":\"https:\\\/\\\/revistadospneus.com\\\/pt\\\/2021\\\/07\\\/13\\\/o-preco-dos-fretes-maritimos-tem-um-reflexo-negativo-no-preco-final-do-produto-rui-chorado-dispnal\\\/#breadcrumb\"},\"inLanguage\":\"pt-PT\",\"potentialAction\":[{\"@type\":\"ReadAction\",\"target\":[\"https:\\\/\\\/revistadospneus.com\\\/pt\\\/2021\\\/07\\\/13\\\/o-preco-dos-fretes-maritimos-tem-um-reflexo-negativo-no-preco-final-do-produto-rui-chorado-dispnal\\\/\"]}]},{\"@type\":\"ImageObject\",\"inLanguage\":\"pt-PT\",\"@id\":\"https:\\\/\\\/revistadospneus.com\\\/pt\\\/2021\\\/07\\\/13\\\/o-preco-dos-fretes-maritimos-tem-um-reflexo-negativo-no-preco-final-do-produto-rui-chorado-dispnal\\\/#primaryimage\",\"url\":\"https:\\\/\\\/revistadospneus.com\\\/pt\\\/wp-content\\\/uploads\\\/2021\\\/07\\\/Rui-Chorado-Dispnal.jpeg\",\"contentUrl\":\"https:\\\/\\\/revistadospneus.com\\\/pt\\\/wp-content\\\/uploads\\\/2021\\\/07\\\/Rui-Chorado-Dispnal.jpeg\",\"width\":1024,\"height\":581,\"caption\":\"07 - Rui-Chorado-Dispnal\"},{\"@type\":\"BreadcrumbList\",\"@id\":\"https:\\\/\\\/revistadospneus.com\\\/pt\\\/2021\\\/07\\\/13\\\/o-preco-dos-fretes-maritimos-tem-um-reflexo-negativo-no-preco-final-do-produto-rui-chorado-dispnal\\\/#breadcrumb\",\"itemListElement\":[{\"@type\":\"ListItem\",\"position\":1,\"name\":\"In\u00edcio\",\"item\":\"https:\\\/\\\/revistadospneus.com\\\/pt\\\/\"},{\"@type\":\"ListItem\",\"position\":2,\"name\":\"&#8220;O pre\u00e7o dos fretes mar\u00edtimos tem um reflexo negativo no pre\u00e7o final do produto&#8221;, Rui Chorado, Dispnal\"}]},{\"@type\":\"WebSite\",\"@id\":\"https:\\\/\\\/revistadospneus.com\\\/pt\\\/#website\",\"url\":\"https:\\\/\\\/revistadospneus.com\\\/pt\\\/\",\"name\":\"Revista dos Pneus\",\"description\":\"Revista independente de pneus e servi\u00e7os r\u00e1pidos\",\"publisher\":{\"@id\":\"https:\\\/\\\/revistadospneus.com\\\/pt\\\/#organization\"},\"potentialAction\":[{\"@type\":\"SearchAction\",\"target\":{\"@type\":\"EntryPoint\",\"urlTemplate\":\"https:\\\/\\\/revistadospneus.com\\\/pt\\\/?s={search_term_string}\"},\"query-input\":{\"@type\":\"PropertyValueSpecification\",\"valueRequired\":true,\"valueName\":\"search_term_string\"}}],\"inLanguage\":\"pt-PT\"},{\"@type\":\"Organization\",\"@id\":\"https:\\\/\\\/revistadospneus.com\\\/pt\\\/#organization\",\"name\":\"Revista dos Pneus\",\"url\":\"https:\\\/\\\/revistadospneus.com\\\/pt\\\/\",\"logo\":{\"@type\":\"ImageObject\",\"inLanguage\":\"pt-PT\",\"@id\":\"https:\\\/\\\/revistadospneus.com\\\/pt\\\/#\\\/schema\\\/logo\\\/image\\\/\",\"url\":\"https:\\\/\\\/revistadospneus.com\\\/pt\\\/wp-content\\\/uploads\\\/logo2-1.png\",\"contentUrl\":\"https:\\\/\\\/revistadospneus.com\\\/pt\\\/wp-content\\\/uploads\\\/logo2-1.png\",\"width\":216,\"height\":70,\"caption\":\"Revista dos Pneus\"},\"image\":{\"@id\":\"https:\\\/\\\/revistadospneus.com\\\/pt\\\/#\\\/schema\\\/logo\\\/image\\\/\"},\"sameAs\":[\"https:\\\/\\\/www.facebook.com\\\/revistapneus\",\"https:\\\/\\\/x.com\\\/revistapneus\",\"https:\\\/\\\/www.linkedin.com\\\/company\\\/jornal-das-oficinas\\\/\",\"https:\\\/\\\/www.youtube.com\\\/channel\\\/UCbQZBqtcvV-oSQrr7RzINGg\"]},{\"@type\":\"Person\",\"@id\":\"https:\\\/\\\/revistadospneus.com\\\/pt\\\/#\\\/schema\\\/person\\\/9c602809538a614c26e5569d14ed6442\",\"name\":\"Reda\u00e7\u00e3o RP\",\"image\":{\"@type\":\"ImageObject\",\"inLanguage\":\"pt-PT\",\"@id\":\"https:\\\/\\\/secure.gravatar.com\\\/avatar\\\/71f2fa71737ad68a84fea94bc708ddac8ea5b0c4788dc2ad202f3ccb2887742f?s=96&d=wp_user_avatar&r=g\",\"url\":\"https:\\\/\\\/secure.gravatar.com\\\/avatar\\\/71f2fa71737ad68a84fea94bc708ddac8ea5b0c4788dc2ad202f3ccb2887742f?s=96&d=wp_user_avatar&r=g\",\"contentUrl\":\"https:\\\/\\\/secure.gravatar.com\\\/avatar\\\/71f2fa71737ad68a84fea94bc708ddac8ea5b0c4788dc2ad202f3ccb2887742f?s=96&d=wp_user_avatar&r=g\",\"caption\":\"Reda\u00e7\u00e3o RP\"},\"url\":\"https:\\\/\\\/revistadospneus.com\\\/pt\\\/author\\\/rpredacao\\\/\"}]}<\/script>\n<!-- \/ Yoast SEO plugin. -->","yoast_head_json":{"title":"\"O pre\u00e7o dos fretes mar\u00edtimos tem um reflexo negativo no pre\u00e7o final do produto\", Rui Chorado, Dispnal - Revista dos Pneus","robots":{"index":"index","follow":"follow","max-snippet":"max-snippet:-1","max-image-preview":"max-image-preview:large","max-video-preview":"max-video-preview:-1"},"canonical":"https:\/\/revistadospneus.com\/pt\/2021\/07\/13\/o-preco-dos-fretes-maritimos-tem-um-reflexo-negativo-no-preco-final-do-produto-rui-chorado-dispnal\/","og_locale":"pt_PT","og_type":"article","og_title":"\"O pre\u00e7o dos fretes mar\u00edtimos tem um reflexo negativo no pre\u00e7o final do produto\", Rui Chorado, Dispnal - Revista dos Pneus","og_description":"A Dispnal surgiu h\u00e1 22 anos sempre ligada \u00e0...","og_url":"https:\/\/revistadospneus.com\/pt\/2021\/07\/13\/o-preco-dos-fretes-maritimos-tem-um-reflexo-negativo-no-preco-final-do-produto-rui-chorado-dispnal\/","og_site_name":"Revista dos Pneus","article_publisher":"https:\/\/www.facebook.com\/revistapneus","article_published_time":"2021-07-13T19:00:43+00:00","og_image":[{"width":1024,"height":581,"url":"https:\/\/revistadospneus.com\/pt\/wp-content\/uploads\/2021\/07\/Rui-Chorado-Dispnal.jpeg","type":"image\/jpeg"}],"author":"Reda\u00e7\u00e3o RP","twitter_card":"summary_large_image","twitter_creator":"@revistapneus","twitter_site":"@revistapneus","twitter_misc":{"Escrito por":"Reda\u00e7\u00e3o RP","Tempo estimado de leitura":"4 minutos"},"schema":{"@context":"https:\/\/schema.org","@graph":[{"@type":"Article","@id":"https:\/\/revistadospneus.com\/pt\/2021\/07\/13\/o-preco-dos-fretes-maritimos-tem-um-reflexo-negativo-no-preco-final-do-produto-rui-chorado-dispnal\/#article","isPartOf":{"@id":"https:\/\/revistadospneus.com\/pt\/2021\/07\/13\/o-preco-dos-fretes-maritimos-tem-um-reflexo-negativo-no-preco-final-do-produto-rui-chorado-dispnal\/"},"author":{"name":"Reda\u00e7\u00e3o RP","@id":"https:\/\/revistadospneus.com\/pt\/#\/schema\/person\/9c602809538a614c26e5569d14ed6442"},"headline":"&#8220;O pre\u00e7o dos fretes mar\u00edtimos tem um reflexo negativo no pre\u00e7o final do produto&#8221;, Rui Chorado, Dispnal","datePublished":"2021-07-13T19:00:43+00:00","mainEntityOfPage":{"@id":"https:\/\/revistadospneus.com\/pt\/2021\/07\/13\/o-preco-dos-fretes-maritimos-tem-um-reflexo-negativo-no-preco-final-do-produto-rui-chorado-dispnal\/"},"wordCount":815,"publisher":{"@id":"https:\/\/revistadospneus.com\/pt\/#organization"},"image":{"@id":"https:\/\/revistadospneus.com\/pt\/2021\/07\/13\/o-preco-dos-fretes-maritimos-tem-um-reflexo-negativo-no-preco-final-do-produto-rui-chorado-dispnal\/#primaryimage"},"thumbnailUrl":"https:\/\/revistadospneus.com\/pt\/wp-content\/uploads\/2021\/07\/Rui-Chorado-Dispnal.jpeg","keywords":["Dispnal"],"articleSection":["Entrevistas"],"inLanguage":"pt-PT"},{"@type":"WebPage","@id":"https:\/\/revistadospneus.com\/pt\/2021\/07\/13\/o-preco-dos-fretes-maritimos-tem-um-reflexo-negativo-no-preco-final-do-produto-rui-chorado-dispnal\/","url":"https:\/\/revistadospneus.com\/pt\/2021\/07\/13\/o-preco-dos-fretes-maritimos-tem-um-reflexo-negativo-no-preco-final-do-produto-rui-chorado-dispnal\/","name":"\"O pre\u00e7o dos fretes mar\u00edtimos tem um reflexo negativo no pre\u00e7o final do produto\", Rui Chorado, Dispnal - Revista dos Pneus","isPartOf":{"@id":"https:\/\/revistadospneus.com\/pt\/#website"},"primaryImageOfPage":{"@id":"https:\/\/revistadospneus.com\/pt\/2021\/07\/13\/o-preco-dos-fretes-maritimos-tem-um-reflexo-negativo-no-preco-final-do-produto-rui-chorado-dispnal\/#primaryimage"},"image":{"@id":"https:\/\/revistadospneus.com\/pt\/2021\/07\/13\/o-preco-dos-fretes-maritimos-tem-um-reflexo-negativo-no-preco-final-do-produto-rui-chorado-dispnal\/#primaryimage"},"thumbnailUrl":"https:\/\/revistadospneus.com\/pt\/wp-content\/uploads\/2021\/07\/Rui-Chorado-Dispnal.jpeg","datePublished":"2021-07-13T19:00:43+00:00","breadcrumb":{"@id":"https:\/\/revistadospneus.com\/pt\/2021\/07\/13\/o-preco-dos-fretes-maritimos-tem-um-reflexo-negativo-no-preco-final-do-produto-rui-chorado-dispnal\/#breadcrumb"},"inLanguage":"pt-PT","potentialAction":[{"@type":"ReadAction","target":["https:\/\/revistadospneus.com\/pt\/2021\/07\/13\/o-preco-dos-fretes-maritimos-tem-um-reflexo-negativo-no-preco-final-do-produto-rui-chorado-dispnal\/"]}]},{"@type":"ImageObject","inLanguage":"pt-PT","@id":"https:\/\/revistadospneus.com\/pt\/2021\/07\/13\/o-preco-dos-fretes-maritimos-tem-um-reflexo-negativo-no-preco-final-do-produto-rui-chorado-dispnal\/#primaryimage","url":"https:\/\/revistadospneus.com\/pt\/wp-content\/uploads\/2021\/07\/Rui-Chorado-Dispnal.jpeg","contentUrl":"https:\/\/revistadospneus.com\/pt\/wp-content\/uploads\/2021\/07\/Rui-Chorado-Dispnal.jpeg","width":1024,"height":581,"caption":"07 - Rui-Chorado-Dispnal"},{"@type":"BreadcrumbList","@id":"https:\/\/revistadospneus.com\/pt\/2021\/07\/13\/o-preco-dos-fretes-maritimos-tem-um-reflexo-negativo-no-preco-final-do-produto-rui-chorado-dispnal\/#breadcrumb","itemListElement":[{"@type":"ListItem","position":1,"name":"In\u00edcio","item":"https:\/\/revistadospneus.com\/pt\/"},{"@type":"ListItem","position":2,"name":"&#8220;O pre\u00e7o dos fretes mar\u00edtimos tem um reflexo negativo no pre\u00e7o final do produto&#8221;, Rui Chorado, Dispnal"}]},{"@type":"WebSite","@id":"https:\/\/revistadospneus.com\/pt\/#website","url":"https:\/\/revistadospneus.com\/pt\/","name":"Revista dos Pneus","description":"Revista independente de pneus e servi\u00e7os r\u00e1pidos","publisher":{"@id":"https:\/\/revistadospneus.com\/pt\/#organization"},"potentialAction":[{"@type":"SearchAction","target":{"@type":"EntryPoint","urlTemplate":"https:\/\/revistadospneus.com\/pt\/?s={search_term_string}"},"query-input":{"@type":"PropertyValueSpecification","valueRequired":true,"valueName":"search_term_string"}}],"inLanguage":"pt-PT"},{"@type":"Organization","@id":"https:\/\/revistadospneus.com\/pt\/#organization","name":"Revista dos Pneus","url":"https:\/\/revistadospneus.com\/pt\/","logo":{"@type":"ImageObject","inLanguage":"pt-PT","@id":"https:\/\/revistadospneus.com\/pt\/#\/schema\/logo\/image\/","url":"https:\/\/revistadospneus.com\/pt\/wp-content\/uploads\/logo2-1.png","contentUrl":"https:\/\/revistadospneus.com\/pt\/wp-content\/uploads\/logo2-1.png","width":216,"height":70,"caption":"Revista dos Pneus"},"image":{"@id":"https:\/\/revistadospneus.com\/pt\/#\/schema\/logo\/image\/"},"sameAs":["https:\/\/www.facebook.com\/revistapneus","https:\/\/x.com\/revistapneus","https:\/\/www.linkedin.com\/company\/jornal-das-oficinas\/","https:\/\/www.youtube.com\/channel\/UCbQZBqtcvV-oSQrr7RzINGg"]},{"@type":"Person","@id":"https:\/\/revistadospneus.com\/pt\/#\/schema\/person\/9c602809538a614c26e5569d14ed6442","name":"Reda\u00e7\u00e3o RP","image":{"@type":"ImageObject","inLanguage":"pt-PT","@id":"https:\/\/secure.gravatar.com\/avatar\/71f2fa71737ad68a84fea94bc708ddac8ea5b0c4788dc2ad202f3ccb2887742f?s=96&d=wp_user_avatar&r=g","url":"https:\/\/secure.gravatar.com\/avatar\/71f2fa71737ad68a84fea94bc708ddac8ea5b0c4788dc2ad202f3ccb2887742f?s=96&d=wp_user_avatar&r=g","contentUrl":"https:\/\/secure.gravatar.com\/avatar\/71f2fa71737ad68a84fea94bc708ddac8ea5b0c4788dc2ad202f3ccb2887742f?s=96&d=wp_user_avatar&r=g","caption":"Reda\u00e7\u00e3o RP"},"url":"https:\/\/revistadospneus.com\/pt\/author\/rpredacao\/"}]}},"_links":{"self":[{"href":"https:\/\/revistadospneus.com\/pt\/wp-json\/wp\/v2\/posts\/14528","targetHints":{"allow":["GET"]}}],"collection":[{"href":"https:\/\/revistadospneus.com\/pt\/wp-json\/wp\/v2\/posts"}],"about":[{"href":"https:\/\/revistadospneus.com\/pt\/wp-json\/wp\/v2\/types\/post"}],"author":[{"embeddable":true,"href":"https:\/\/revistadospneus.com\/pt\/wp-json\/wp\/v2\/users\/13"}],"replies":[{"embeddable":true,"href":"https:\/\/revistadospneus.com\/pt\/wp-json\/wp\/v2\/comments?post=14528"}],"version-history":[{"count":0,"href":"https:\/\/revistadospneus.com\/pt\/wp-json\/wp\/v2\/posts\/14528\/revisions"}],"wp:featuredmedia":[{"embeddable":true,"href":"https:\/\/revistadospneus.com\/pt\/wp-json\/wp\/v2\/media\/14526"}],"wp:attachment":[{"href":"https:\/\/revistadospneus.com\/pt\/wp-json\/wp\/v2\/media?parent=14528"}],"wp:term":[{"taxonomy":"category","embeddable":true,"href":"https:\/\/revistadospneus.com\/pt\/wp-json\/wp\/v2\/categories?post=14528"},{"taxonomy":"post_tag","embeddable":true,"href":"https:\/\/revistadospneus.com\/pt\/wp-json\/wp\/v2\/tags?post=14528"}],"curies":[{"name":"wp","href":"https:\/\/api.w.org\/{rel}","templated":true}]}}