{"id":14891,"date":"2021-09-02T18:00:02","date_gmt":"2021-09-02T17:00:02","guid":{"rendered":"https:\/\/revistadospneus.com\/pt\/?p=14891"},"modified":"2021-09-02T11:59:12","modified_gmt":"2021-09-02T10:59:12","slug":"goodyear-lanca-inquerito-ao-setor-dos-transportes","status":"publish","type":"post","link":"https:\/\/revistadospneus.com\/pt\/2021\/09\/02\/goodyear-lanca-inquerito-ao-setor-dos-transportes\/","title":{"rendered":"Goodyear lan\u00e7a inqu\u00e9rito ao setor dos transportes"},"content":{"rendered":"<p><strong><img loading=\"lazy\" decoding=\"async\" class=\"alignnone size-full wp-image-14885\" src=\"https:\/\/revistadospneus.com\/pt\/wp-content\/uploads\/2021\/09\/goodyear-lanca-inquerito.jpeg\" alt=\"09 - goodyear-lanca-inquerito\" width=\"1024\" height=\"581\" srcset=\"https:\/\/revistadospneus.com\/pt\/wp-content\/uploads\/2021\/09\/goodyear-lanca-inquerito.jpeg 1024w, https:\/\/revistadospneus.com\/pt\/wp-content\/uploads\/2021\/09\/goodyear-lanca-inquerito-300x170.jpeg 300w, https:\/\/revistadospneus.com\/pt\/wp-content\/uploads\/2021\/09\/goodyear-lanca-inquerito-150x85.jpeg 150w, https:\/\/revistadospneus.com\/pt\/wp-content\/uploads\/2021\/09\/goodyear-lanca-inquerito-768x436.jpeg 768w\" sizes=\"auto, (max-width: 1024px) 100vw, 1024px\" \/><\/strong><\/p>\n<p><strong>A Goodyear revela o Inqu\u00e9rito sobre a Realidade da Sustentabilidade, em que convida as empresas europeias de transporte e log\u00edstica a partilhar as suas ideais para contribuir para um transporte mais sustent\u00e1vel<\/strong><\/p>\n<p>As altera\u00e7\u00f5es clim\u00e1ticas e a sustentabilidade do meio ambiente ocupam um lugar importante na agenda tanto dos reguladores como dos agentes do sector. Em 2019, foi introduzido o &#8220;Green Deal&#8221; europeu, cujo objetivo \u00e9 reduzir em 90% as emiss\u00f5es de gases com efeito de estufa procedentes do transporte, por compara\u00e7\u00e3o com os n\u00edveis de 1990.Em 2020, a Estrat\u00e9gia de Mobilidade Sustent\u00e1vel e Inteligente da UE inclu\u00eda 82 iniciativas para os pr\u00f3ximos 4 anos. A estrat\u00e9gia apoia a transforma\u00e7\u00e3o ecol\u00f3gica e digital do ecossistema do transporte, ao mesmo tempo que o torna mais forte para fazer frente a futuras perturba\u00e7\u00f5es.<\/p>\n<p>No total, o transporte representa 25% das emiss\u00f5es de gases com efeito de estufa na Europa. O objetivo \u00e9 que as emiss\u00f5es de CO2 dos novos cami\u00f5es pesados sejam reduzidas em 15% a partir de 2025, e em 30% a partir de 2030, segundo as medi\u00e7\u00f5es da VECTO.<\/p>\n<p>Al\u00e9m da acelera\u00e7\u00e3o da agenda normativa, os clientes est\u00e3o a incluir mais requisitos &#8220;centrados no meio ambiente&#8221; nas suas peti\u00e7\u00f5es, e os consumidores finais querem comprar mais \u00e0s empresas que se preocupam com o planeta. Nas opera\u00e7\u00f5es di\u00e1rias das frotas industriais, a mudan\u00e7a para uma mobilidade mais ecol\u00f3gica, sem que estas deixem de ser competitivas e de garantir as entregas a tempo, requere uma estrat\u00e9gia clara e a\u00e7\u00f5es inteligentes.<\/p>\n<p>O Inqu\u00e9rito sobre a Realidade da Sustentabilidade, iniciado hoje pela Goodyear, \u00e9 uma investiga\u00e7\u00e3o direta relativa ao que os parceiros do transporte est\u00e3o a fazer atualmente para reduzir a pegada de carbono, assim como dos seus planos futuros. O seu objetivo \u00e9 revelar o que as frotas de cami\u00f5es e as empresas de transporte est\u00e3o a alcan\u00e7ar em termos de sustentabilidade, bem como os obst\u00e1culos comerciais quotidianos que encontram no seu caminho. N\u00e3o se trata de uma opera\u00e7\u00e3o de maquilhagem verde, mas de uma vis\u00e3o real da sustentabilidade na pr\u00e1tica. Em sinal de reconhecimento, por cada frota que responda ao inqu\u00e9rito, a Goodyear plantar\u00e1 uma \u00e1rvore em colabora\u00e7\u00e3o com a Tree-Nation, organiza\u00e7\u00e3o sem fins lucrativos que coordena os esfor\u00e7os de refloresta\u00e7\u00e3o de todo o mundo numa plataforma \u00fanica.<\/p>\n<!-- AddThis Advanced Settings generic via filter on the_content --><!-- AddThis Share Buttons generic via filter on the_content -->","protected":false},"excerpt":{"rendered":"<p>A Goodyear revela o Inqu\u00e9rito sobre a Realidade da&#8230;<!-- AddThis Advanced Settings generic via filter on get_the_excerpt --><!-- AddThis Share Buttons generic via filter on get_the_excerpt --><\/p>\n","protected":false},"author":13,"featured_media":14885,"comment_status":"closed","ping_status":"closed","sticky":false,"template":"","format":"standard","meta":{"footnotes":""},"categories":[36],"tags":[50],"class_list":["post-14891","post","type-post","status-publish","format-standard","has-post-thumbnail","hentry","category-pesados","tag-goodyear"],"yoast_head":"<!-- This site is optimized with the Yoast SEO plugin v27.5 - https:\/\/yoast.com\/product\/yoast-seo-wordpress\/ -->\n<title>Goodyear lan\u00e7a inqu\u00e9rito ao setor dos transportes - Revista dos Pneus<\/title>\n<meta name=\"robots\" content=\"index, follow, max-snippet:-1, max-image-preview:large, max-video-preview:-1\" \/>\n<link rel=\"canonical\" href=\"https:\/\/revistadospneus.com\/pt\/2021\/09\/02\/goodyear-lanca-inquerito-ao-setor-dos-transportes\/\" \/>\n<meta property=\"og:locale\" content=\"pt_PT\" \/>\n<meta property=\"og:type\" content=\"article\" \/>\n<meta property=\"og:title\" content=\"Goodyear lan\u00e7a inqu\u00e9rito ao setor dos transportes - Revista dos Pneus\" \/>\n<meta property=\"og:description\" content=\"A Goodyear revela o Inqu\u00e9rito sobre a Realidade da...\" \/>\n<meta property=\"og:url\" content=\"https:\/\/revistadospneus.com\/pt\/2021\/09\/02\/goodyear-lanca-inquerito-ao-setor-dos-transportes\/\" \/>\n<meta property=\"og:site_name\" content=\"Revista dos Pneus\" \/>\n<meta property=\"article:publisher\" content=\"https:\/\/www.facebook.com\/revistapneus\" \/>\n<meta property=\"article:published_time\" content=\"2021-09-02T17:00:02+00:00\" \/>\n<meta property=\"og:image\" content=\"https:\/\/revistadospneus.com\/pt\/wp-content\/uploads\/2021\/09\/goodyear-lanca-inquerito.jpeg\" \/>\n\t<meta property=\"og:image:width\" content=\"1024\" \/>\n\t<meta property=\"og:image:height\" content=\"581\" \/>\n\t<meta property=\"og:image:type\" content=\"image\/jpeg\" \/>\n<meta name=\"author\" content=\"Reda\u00e7\u00e3o RP\" \/>\n<meta name=\"twitter:card\" content=\"summary_large_image\" \/>\n<meta name=\"twitter:creator\" content=\"@revistapneus\" \/>\n<meta name=\"twitter:site\" content=\"@revistapneus\" \/>\n<meta name=\"twitter:label1\" content=\"Escrito por\" \/>\n\t<meta name=\"twitter:data1\" content=\"Reda\u00e7\u00e3o RP\" \/>\n\t<meta name=\"twitter:label2\" content=\"Tempo estimado de leitura\" \/>\n\t<meta name=\"twitter:data2\" content=\"2 minutos\" \/>\n<script type=\"application\/ld+json\" class=\"yoast-schema-graph\">{\"@context\":\"https:\\\/\\\/schema.org\",\"@graph\":[{\"@type\":\"Article\",\"@id\":\"https:\\\/\\\/revistadospneus.com\\\/pt\\\/2021\\\/09\\\/02\\\/goodyear-lanca-inquerito-ao-setor-dos-transportes\\\/#article\",\"isPartOf\":{\"@id\":\"https:\\\/\\\/revistadospneus.com\\\/pt\\\/2021\\\/09\\\/02\\\/goodyear-lanca-inquerito-ao-setor-dos-transportes\\\/\"},\"author\":{\"name\":\"Reda\u00e7\u00e3o RP\",\"@id\":\"https:\\\/\\\/revistadospneus.com\\\/pt\\\/#\\\/schema\\\/person\\\/9c602809538a614c26e5569d14ed6442\"},\"headline\":\"Goodyear lan\u00e7a inqu\u00e9rito ao setor dos transportes\",\"datePublished\":\"2021-09-02T17:00:02+00:00\",\"mainEntityOfPage\":{\"@id\":\"https:\\\/\\\/revistadospneus.com\\\/pt\\\/2021\\\/09\\\/02\\\/goodyear-lanca-inquerito-ao-setor-dos-transportes\\\/\"},\"wordCount\":417,\"publisher\":{\"@id\":\"https:\\\/\\\/revistadospneus.com\\\/pt\\\/#organization\"},\"image\":{\"@id\":\"https:\\\/\\\/revistadospneus.com\\\/pt\\\/2021\\\/09\\\/02\\\/goodyear-lanca-inquerito-ao-setor-dos-transportes\\\/#primaryimage\"},\"thumbnailUrl\":\"https:\\\/\\\/revistadospneus.com\\\/pt\\\/wp-content\\\/uploads\\\/2021\\\/09\\\/goodyear-lanca-inquerito.jpeg\",\"keywords\":[\"Goodyear\"],\"articleSection\":[\"Pesados\"],\"inLanguage\":\"pt-PT\"},{\"@type\":\"WebPage\",\"@id\":\"https:\\\/\\\/revistadospneus.com\\\/pt\\\/2021\\\/09\\\/02\\\/goodyear-lanca-inquerito-ao-setor-dos-transportes\\\/\",\"url\":\"https:\\\/\\\/revistadospneus.com\\\/pt\\\/2021\\\/09\\\/02\\\/goodyear-lanca-inquerito-ao-setor-dos-transportes\\\/\",\"name\":\"Goodyear lan\u00e7a inqu\u00e9rito ao setor dos transportes - Revista dos Pneus\",\"isPartOf\":{\"@id\":\"https:\\\/\\\/revistadospneus.com\\\/pt\\\/#website\"},\"primaryImageOfPage\":{\"@id\":\"https:\\\/\\\/revistadospneus.com\\\/pt\\\/2021\\\/09\\\/02\\\/goodyear-lanca-inquerito-ao-setor-dos-transportes\\\/#primaryimage\"},\"image\":{\"@id\":\"https:\\\/\\\/revistadospneus.com\\\/pt\\\/2021\\\/09\\\/02\\\/goodyear-lanca-inquerito-ao-setor-dos-transportes\\\/#primaryimage\"},\"thumbnailUrl\":\"https:\\\/\\\/revistadospneus.com\\\/pt\\\/wp-content\\\/uploads\\\/2021\\\/09\\\/goodyear-lanca-inquerito.jpeg\",\"datePublished\":\"2021-09-02T17:00:02+00:00\",\"breadcrumb\":{\"@id\":\"https:\\\/\\\/revistadospneus.com\\\/pt\\\/2021\\\/09\\\/02\\\/goodyear-lanca-inquerito-ao-setor-dos-transportes\\\/#breadcrumb\"},\"inLanguage\":\"pt-PT\",\"potentialAction\":[{\"@type\":\"ReadAction\",\"target\":[\"https:\\\/\\\/revistadospneus.com\\\/pt\\\/2021\\\/09\\\/02\\\/goodyear-lanca-inquerito-ao-setor-dos-transportes\\\/\"]}]},{\"@type\":\"ImageObject\",\"inLanguage\":\"pt-PT\",\"@id\":\"https:\\\/\\\/revistadospneus.com\\\/pt\\\/2021\\\/09\\\/02\\\/goodyear-lanca-inquerito-ao-setor-dos-transportes\\\/#primaryimage\",\"url\":\"https:\\\/\\\/revistadospneus.com\\\/pt\\\/wp-content\\\/uploads\\\/2021\\\/09\\\/goodyear-lanca-inquerito.jpeg\",\"contentUrl\":\"https:\\\/\\\/revistadospneus.com\\\/pt\\\/wp-content\\\/uploads\\\/2021\\\/09\\\/goodyear-lanca-inquerito.jpeg\",\"width\":1024,\"height\":581,\"caption\":\"09 - goodyear-lanca-inquerito\"},{\"@type\":\"BreadcrumbList\",\"@id\":\"https:\\\/\\\/revistadospneus.com\\\/pt\\\/2021\\\/09\\\/02\\\/goodyear-lanca-inquerito-ao-setor-dos-transportes\\\/#breadcrumb\",\"itemListElement\":[{\"@type\":\"ListItem\",\"position\":1,\"name\":\"In\u00edcio\",\"item\":\"https:\\\/\\\/revistadospneus.com\\\/pt\\\/\"},{\"@type\":\"ListItem\",\"position\":2,\"name\":\"Goodyear lan\u00e7a inqu\u00e9rito ao setor dos transportes\"}]},{\"@type\":\"WebSite\",\"@id\":\"https:\\\/\\\/revistadospneus.com\\\/pt\\\/#website\",\"url\":\"https:\\\/\\\/revistadospneus.com\\\/pt\\\/\",\"name\":\"Revista dos Pneus\",\"description\":\"Revista independente de pneus e servi\u00e7os r\u00e1pidos\",\"publisher\":{\"@id\":\"https:\\\/\\\/revistadospneus.com\\\/pt\\\/#organization\"},\"potentialAction\":[{\"@type\":\"SearchAction\",\"target\":{\"@type\":\"EntryPoint\",\"urlTemplate\":\"https:\\\/\\\/revistadospneus.com\\\/pt\\\/?s={search_term_string}\"},\"query-input\":{\"@type\":\"PropertyValueSpecification\",\"valueRequired\":true,\"valueName\":\"search_term_string\"}}],\"inLanguage\":\"pt-PT\"},{\"@type\":\"Organization\",\"@id\":\"https:\\\/\\\/revistadospneus.com\\\/pt\\\/#organization\",\"name\":\"Revista dos Pneus\",\"url\":\"https:\\\/\\\/revistadospneus.com\\\/pt\\\/\",\"logo\":{\"@type\":\"ImageObject\",\"inLanguage\":\"pt-PT\",\"@id\":\"https:\\\/\\\/revistadospneus.com\\\/pt\\\/#\\\/schema\\\/logo\\\/image\\\/\",\"url\":\"https:\\\/\\\/revistadospneus.com\\\/pt\\\/wp-content\\\/uploads\\\/logo2-1.png\",\"contentUrl\":\"https:\\\/\\\/revistadospneus.com\\\/pt\\\/wp-content\\\/uploads\\\/logo2-1.png\",\"width\":216,\"height\":70,\"caption\":\"Revista dos Pneus\"},\"image\":{\"@id\":\"https:\\\/\\\/revistadospneus.com\\\/pt\\\/#\\\/schema\\\/logo\\\/image\\\/\"},\"sameAs\":[\"https:\\\/\\\/www.facebook.com\\\/revistapneus\",\"https:\\\/\\\/x.com\\\/revistapneus\",\"https:\\\/\\\/www.linkedin.com\\\/company\\\/jornal-das-oficinas\\\/\",\"https:\\\/\\\/www.youtube.com\\\/channel\\\/UCbQZBqtcvV-oSQrr7RzINGg\"]},{\"@type\":\"Person\",\"@id\":\"https:\\\/\\\/revistadospneus.com\\\/pt\\\/#\\\/schema\\\/person\\\/9c602809538a614c26e5569d14ed6442\",\"name\":\"Reda\u00e7\u00e3o RP\",\"image\":{\"@type\":\"ImageObject\",\"inLanguage\":\"pt-PT\",\"@id\":\"https:\\\/\\\/secure.gravatar.com\\\/avatar\\\/71f2fa71737ad68a84fea94bc708ddac8ea5b0c4788dc2ad202f3ccb2887742f?s=96&d=wp_user_avatar&r=g\",\"url\":\"https:\\\/\\\/secure.gravatar.com\\\/avatar\\\/71f2fa71737ad68a84fea94bc708ddac8ea5b0c4788dc2ad202f3ccb2887742f?s=96&d=wp_user_avatar&r=g\",\"contentUrl\":\"https:\\\/\\\/secure.gravatar.com\\\/avatar\\\/71f2fa71737ad68a84fea94bc708ddac8ea5b0c4788dc2ad202f3ccb2887742f?s=96&d=wp_user_avatar&r=g\",\"caption\":\"Reda\u00e7\u00e3o RP\"},\"url\":\"https:\\\/\\\/revistadospneus.com\\\/pt\\\/author\\\/rpredacao\\\/\"}]}<\/script>\n<!-- \/ Yoast SEO plugin. -->","yoast_head_json":{"title":"Goodyear lan\u00e7a inqu\u00e9rito ao setor dos transportes - Revista dos Pneus","robots":{"index":"index","follow":"follow","max-snippet":"max-snippet:-1","max-image-preview":"max-image-preview:large","max-video-preview":"max-video-preview:-1"},"canonical":"https:\/\/revistadospneus.com\/pt\/2021\/09\/02\/goodyear-lanca-inquerito-ao-setor-dos-transportes\/","og_locale":"pt_PT","og_type":"article","og_title":"Goodyear lan\u00e7a inqu\u00e9rito ao setor dos transportes - Revista dos Pneus","og_description":"A Goodyear revela o Inqu\u00e9rito sobre a Realidade da...","og_url":"https:\/\/revistadospneus.com\/pt\/2021\/09\/02\/goodyear-lanca-inquerito-ao-setor-dos-transportes\/","og_site_name":"Revista dos Pneus","article_publisher":"https:\/\/www.facebook.com\/revistapneus","article_published_time":"2021-09-02T17:00:02+00:00","og_image":[{"width":1024,"height":581,"url":"https:\/\/revistadospneus.com\/pt\/wp-content\/uploads\/2021\/09\/goodyear-lanca-inquerito.jpeg","type":"image\/jpeg"}],"author":"Reda\u00e7\u00e3o RP","twitter_card":"summary_large_image","twitter_creator":"@revistapneus","twitter_site":"@revistapneus","twitter_misc":{"Escrito por":"Reda\u00e7\u00e3o RP","Tempo estimado de leitura":"2 minutos"},"schema":{"@context":"https:\/\/schema.org","@graph":[{"@type":"Article","@id":"https:\/\/revistadospneus.com\/pt\/2021\/09\/02\/goodyear-lanca-inquerito-ao-setor-dos-transportes\/#article","isPartOf":{"@id":"https:\/\/revistadospneus.com\/pt\/2021\/09\/02\/goodyear-lanca-inquerito-ao-setor-dos-transportes\/"},"author":{"name":"Reda\u00e7\u00e3o RP","@id":"https:\/\/revistadospneus.com\/pt\/#\/schema\/person\/9c602809538a614c26e5569d14ed6442"},"headline":"Goodyear lan\u00e7a inqu\u00e9rito ao setor dos transportes","datePublished":"2021-09-02T17:00:02+00:00","mainEntityOfPage":{"@id":"https:\/\/revistadospneus.com\/pt\/2021\/09\/02\/goodyear-lanca-inquerito-ao-setor-dos-transportes\/"},"wordCount":417,"publisher":{"@id":"https:\/\/revistadospneus.com\/pt\/#organization"},"image":{"@id":"https:\/\/revistadospneus.com\/pt\/2021\/09\/02\/goodyear-lanca-inquerito-ao-setor-dos-transportes\/#primaryimage"},"thumbnailUrl":"https:\/\/revistadospneus.com\/pt\/wp-content\/uploads\/2021\/09\/goodyear-lanca-inquerito.jpeg","keywords":["Goodyear"],"articleSection":["Pesados"],"inLanguage":"pt-PT"},{"@type":"WebPage","@id":"https:\/\/revistadospneus.com\/pt\/2021\/09\/02\/goodyear-lanca-inquerito-ao-setor-dos-transportes\/","url":"https:\/\/revistadospneus.com\/pt\/2021\/09\/02\/goodyear-lanca-inquerito-ao-setor-dos-transportes\/","name":"Goodyear lan\u00e7a inqu\u00e9rito ao setor dos transportes - Revista dos Pneus","isPartOf":{"@id":"https:\/\/revistadospneus.com\/pt\/#website"},"primaryImageOfPage":{"@id":"https:\/\/revistadospneus.com\/pt\/2021\/09\/02\/goodyear-lanca-inquerito-ao-setor-dos-transportes\/#primaryimage"},"image":{"@id":"https:\/\/revistadospneus.com\/pt\/2021\/09\/02\/goodyear-lanca-inquerito-ao-setor-dos-transportes\/#primaryimage"},"thumbnailUrl":"https:\/\/revistadospneus.com\/pt\/wp-content\/uploads\/2021\/09\/goodyear-lanca-inquerito.jpeg","datePublished":"2021-09-02T17:00:02+00:00","breadcrumb":{"@id":"https:\/\/revistadospneus.com\/pt\/2021\/09\/02\/goodyear-lanca-inquerito-ao-setor-dos-transportes\/#breadcrumb"},"inLanguage":"pt-PT","potentialAction":[{"@type":"ReadAction","target":["https:\/\/revistadospneus.com\/pt\/2021\/09\/02\/goodyear-lanca-inquerito-ao-setor-dos-transportes\/"]}]},{"@type":"ImageObject","inLanguage":"pt-PT","@id":"https:\/\/revistadospneus.com\/pt\/2021\/09\/02\/goodyear-lanca-inquerito-ao-setor-dos-transportes\/#primaryimage","url":"https:\/\/revistadospneus.com\/pt\/wp-content\/uploads\/2021\/09\/goodyear-lanca-inquerito.jpeg","contentUrl":"https:\/\/revistadospneus.com\/pt\/wp-content\/uploads\/2021\/09\/goodyear-lanca-inquerito.jpeg","width":1024,"height":581,"caption":"09 - goodyear-lanca-inquerito"},{"@type":"BreadcrumbList","@id":"https:\/\/revistadospneus.com\/pt\/2021\/09\/02\/goodyear-lanca-inquerito-ao-setor-dos-transportes\/#breadcrumb","itemListElement":[{"@type":"ListItem","position":1,"name":"In\u00edcio","item":"https:\/\/revistadospneus.com\/pt\/"},{"@type":"ListItem","position":2,"name":"Goodyear lan\u00e7a inqu\u00e9rito ao setor dos transportes"}]},{"@type":"WebSite","@id":"https:\/\/revistadospneus.com\/pt\/#website","url":"https:\/\/revistadospneus.com\/pt\/","name":"Revista dos Pneus","description":"Revista independente de pneus e servi\u00e7os r\u00e1pidos","publisher":{"@id":"https:\/\/revistadospneus.com\/pt\/#organization"},"potentialAction":[{"@type":"SearchAction","target":{"@type":"EntryPoint","urlTemplate":"https:\/\/revistadospneus.com\/pt\/?s={search_term_string}"},"query-input":{"@type":"PropertyValueSpecification","valueRequired":true,"valueName":"search_term_string"}}],"inLanguage":"pt-PT"},{"@type":"Organization","@id":"https:\/\/revistadospneus.com\/pt\/#organization","name":"Revista dos Pneus","url":"https:\/\/revistadospneus.com\/pt\/","logo":{"@type":"ImageObject","inLanguage":"pt-PT","@id":"https:\/\/revistadospneus.com\/pt\/#\/schema\/logo\/image\/","url":"https:\/\/revistadospneus.com\/pt\/wp-content\/uploads\/logo2-1.png","contentUrl":"https:\/\/revistadospneus.com\/pt\/wp-content\/uploads\/logo2-1.png","width":216,"height":70,"caption":"Revista dos Pneus"},"image":{"@id":"https:\/\/revistadospneus.com\/pt\/#\/schema\/logo\/image\/"},"sameAs":["https:\/\/www.facebook.com\/revistapneus","https:\/\/x.com\/revistapneus","https:\/\/www.linkedin.com\/company\/jornal-das-oficinas\/","https:\/\/www.youtube.com\/channel\/UCbQZBqtcvV-oSQrr7RzINGg"]},{"@type":"Person","@id":"https:\/\/revistadospneus.com\/pt\/#\/schema\/person\/9c602809538a614c26e5569d14ed6442","name":"Reda\u00e7\u00e3o RP","image":{"@type":"ImageObject","inLanguage":"pt-PT","@id":"https:\/\/secure.gravatar.com\/avatar\/71f2fa71737ad68a84fea94bc708ddac8ea5b0c4788dc2ad202f3ccb2887742f?s=96&d=wp_user_avatar&r=g","url":"https:\/\/secure.gravatar.com\/avatar\/71f2fa71737ad68a84fea94bc708ddac8ea5b0c4788dc2ad202f3ccb2887742f?s=96&d=wp_user_avatar&r=g","contentUrl":"https:\/\/secure.gravatar.com\/avatar\/71f2fa71737ad68a84fea94bc708ddac8ea5b0c4788dc2ad202f3ccb2887742f?s=96&d=wp_user_avatar&r=g","caption":"Reda\u00e7\u00e3o RP"},"url":"https:\/\/revistadospneus.com\/pt\/author\/rpredacao\/"}]}},"_links":{"self":[{"href":"https:\/\/revistadospneus.com\/pt\/wp-json\/wp\/v2\/posts\/14891","targetHints":{"allow":["GET"]}}],"collection":[{"href":"https:\/\/revistadospneus.com\/pt\/wp-json\/wp\/v2\/posts"}],"about":[{"href":"https:\/\/revistadospneus.com\/pt\/wp-json\/wp\/v2\/types\/post"}],"author":[{"embeddable":true,"href":"https:\/\/revistadospneus.com\/pt\/wp-json\/wp\/v2\/users\/13"}],"replies":[{"embeddable":true,"href":"https:\/\/revistadospneus.com\/pt\/wp-json\/wp\/v2\/comments?post=14891"}],"version-history":[{"count":0,"href":"https:\/\/revistadospneus.com\/pt\/wp-json\/wp\/v2\/posts\/14891\/revisions"}],"wp:featuredmedia":[{"embeddable":true,"href":"https:\/\/revistadospneus.com\/pt\/wp-json\/wp\/v2\/media\/14885"}],"wp:attachment":[{"href":"https:\/\/revistadospneus.com\/pt\/wp-json\/wp\/v2\/media?parent=14891"}],"wp:term":[{"taxonomy":"category","embeddable":true,"href":"https:\/\/revistadospneus.com\/pt\/wp-json\/wp\/v2\/categories?post=14891"},{"taxonomy":"post_tag","embeddable":true,"href":"https:\/\/revistadospneus.com\/pt\/wp-json\/wp\/v2\/tags?post=14891"}],"curies":[{"name":"wp","href":"https:\/\/api.w.org\/{rel}","templated":true}]}}