{"id":14954,"date":"2021-09-13T12:00:27","date_gmt":"2021-09-13T11:00:27","guid":{"rendered":"https:\/\/revistadospneus.com\/pt\/?p=14954"},"modified":"2021-09-13T08:56:03","modified_gmt":"2021-09-13T07:56:03","slug":"bkt-apresenta-setimo-episodio-de-growing-together","status":"publish","type":"post","link":"https:\/\/revistadospneus.com\/pt\/2021\/09\/13\/bkt-apresenta-setimo-episodio-de-growing-together\/","title":{"rendered":"BKT apresenta s\u00e9timo epis\u00f3dio de &#8220;Growing Together&#8221;"},"content":{"rendered":"<p><strong><img loading=\"lazy\" decoding=\"async\" class=\"alignnone size-full wp-image-14945\" src=\"https:\/\/revistadospneus.com\/pt\/wp-content\/uploads\/2021\/09\/BKT-apresenta-setimo.jpg\" alt=\"09 - BKT-apresenta-setimo\" width=\"1024\" height=\"581\" srcset=\"https:\/\/revistadospneus.com\/pt\/wp-content\/uploads\/2021\/09\/BKT-apresenta-setimo.jpg 1024w, https:\/\/revistadospneus.com\/pt\/wp-content\/uploads\/2021\/09\/BKT-apresenta-setimo-300x170.jpg 300w, https:\/\/revistadospneus.com\/pt\/wp-content\/uploads\/2021\/09\/BKT-apresenta-setimo-150x85.jpg 150w, https:\/\/revistadospneus.com\/pt\/wp-content\/uploads\/2021\/09\/BKT-apresenta-setimo-768x436.jpg 768w\" sizes=\"auto, (max-width: 1024px) 100vw, 1024px\" \/><\/strong><\/p>\n<p><strong>O s\u00e9timo epis\u00f3dio de &#8220;Growing Together&#8221;, o projeto televisivo lan\u00e7ado pela <a href=\"https:\/\/www.bkt-tires.com\/pt\/pt\/\" target=\"_blank\" rel=\"noopener\">BKT<\/a> e DAZN que re\u00fane os jovens talentos das equipas de futebol italianas na Serie BKT e os propriet\u00e1rios de start-ups locais apaixonados pela agricultura e pela alimenta\u00e7\u00e3o, j\u00e1 est\u00e1 online<\/strong><\/p>\n<p>O objetivo do formato \u00e9 replicar a for\u00e7a da equipa, o desejo de partilhar e crescer em conjunto, um princ\u00edpio e um pilar para a BKT, uma vez que a miss\u00e3o da empresa parte do conceito e valores da &#8220;equipa&#8221;.<\/p>\n<p>Em Puglia (no sul da It\u00e1lia), Pablo Rodriguez, um ponta de lan\u00e7a de 19 anos da equipa Lecce, encontra-se e conversa com o jovem empres\u00e1rio Giulio Apollonio, que fundou a start-up &#8220;Uovo Perfetto&#8221; (Ovo Perfeito). Apollonio remove as galinhas das explora\u00e7\u00f5es intensivas, para deix\u00e1-las viver num parque em Cutrofiano, na prov\u00edncia de Lecce, dedicando-as apenas \u00e0 produ\u00e7\u00e3o de ovos. A ideia tem por base o conceito de uma nova economia agr\u00edcola, a qual pode ter um impacto positivo no meio ambiente gra\u00e7as a uma vis\u00e3o de muito longo prazo, mas pondo imediatamente em pr\u00e1tica ideias para um futuro sustent\u00e1vel.<\/p>\n<p>&#8220;O segredo do ovo perfeito \u00e9 a felicidade da galinha. Produz ovos que refletem o seu estilo de vida na natureza e s\u00e3o, portanto, mais genu\u00ednos, mais nutritivos e mais saud\u00e1veis&#8221;, declara Giulio Apollonio. &#8220;O parque Uovo Perfetto est\u00e1 imerso no campo. Com 25\u00a0000 metros quadrados, \u00e9 o maior parque ao ar livre para galinhas da Europa. As galinhas t\u00eam todo o espa\u00e7o de que precisam para viver felizes, com comida, ar puro e muita luz do sol. At\u00e9 o seu estrume \u00e9 eliminado sob a forma de fertilizante natural.&#8221;<\/p>\n<p>Acreditar num projeto t\u00e3o \u00e9tico e sustent\u00e1vel \u00e9 uma das formas mais simples para a BKT investir num futuro que tamb\u00e9m pertence aos neg\u00f3cios.<\/p>\n<p>Para a BKT, um neg\u00f3cio significa acima de tudo trabalhar para e com as pessoas. Assim, apoiar e dar a conhecer start-ups como a de hoje significa demonstrar sem medo que para ser reconhecido como protagonista no seu mercado, o caminho certo \u00e9 o da responsabilidade corporativa integral.<\/p>\n<p>Veja mais informa\u00e7\u00e3o sobre Uovo Perfetto <a href=\"https:\/\/www.uovoperfetto.it\/uovo-perfetto\/\" target=\"_blank\" rel=\"noopener\"><strong>aqui<\/strong><\/a><\/p>\n<!-- AddThis Advanced Settings generic via filter on the_content --><!-- AddThis Share Buttons generic via filter on the_content -->","protected":false},"excerpt":{"rendered":"<p>O s\u00e9timo epis\u00f3dio de &#8220;Growing Together&#8221;, o projeto televisivo&#8230;<!-- AddThis Advanced Settings generic via filter on get_the_excerpt --><!-- AddThis Share Buttons generic via filter on get_the_excerpt --><\/p>\n","protected":false},"author":13,"featured_media":14945,"comment_status":"closed","ping_status":"closed","sticky":false,"template":"","format":"standard","meta":{"footnotes":""},"categories":[29],"tags":[989],"class_list":["post-14954","post","type-post","status-publish","format-standard","has-post-thumbnail","hentry","category-empresas","tag-bkt"],"yoast_head":"<!-- This site is optimized with the Yoast SEO plugin v27.5 - https:\/\/yoast.com\/product\/yoast-seo-wordpress\/ -->\n<title>BKT apresenta s\u00e9timo epis\u00f3dio de &quot;Growing Together&quot; - Revista dos Pneus<\/title>\n<meta name=\"robots\" content=\"index, follow, max-snippet:-1, max-image-preview:large, max-video-preview:-1\" \/>\n<link rel=\"canonical\" href=\"https:\/\/revistadospneus.com\/pt\/2021\/09\/13\/bkt-apresenta-setimo-episodio-de-growing-together\/\" \/>\n<meta property=\"og:locale\" content=\"pt_PT\" \/>\n<meta property=\"og:type\" content=\"article\" \/>\n<meta property=\"og:title\" content=\"BKT apresenta s\u00e9timo epis\u00f3dio de &quot;Growing Together&quot; - Revista dos Pneus\" \/>\n<meta property=\"og:description\" content=\"O s\u00e9timo epis\u00f3dio de &#8220;Growing Together&#8221;, o projeto televisivo...\" \/>\n<meta property=\"og:url\" content=\"https:\/\/revistadospneus.com\/pt\/2021\/09\/13\/bkt-apresenta-setimo-episodio-de-growing-together\/\" \/>\n<meta property=\"og:site_name\" content=\"Revista dos Pneus\" \/>\n<meta property=\"article:publisher\" content=\"https:\/\/www.facebook.com\/revistapneus\" \/>\n<meta property=\"article:published_time\" content=\"2021-09-13T11:00:27+00:00\" \/>\n<meta property=\"og:image\" content=\"https:\/\/revistadospneus.com\/pt\/wp-content\/uploads\/2021\/09\/BKT-apresenta-setimo.jpg\" \/>\n\t<meta property=\"og:image:width\" content=\"1024\" \/>\n\t<meta property=\"og:image:height\" content=\"581\" \/>\n\t<meta property=\"og:image:type\" content=\"image\/jpeg\" \/>\n<meta name=\"author\" content=\"Reda\u00e7\u00e3o RP\" \/>\n<meta name=\"twitter:card\" content=\"summary_large_image\" \/>\n<meta name=\"twitter:creator\" content=\"@revistapneus\" \/>\n<meta name=\"twitter:site\" content=\"@revistapneus\" \/>\n<meta name=\"twitter:label1\" content=\"Escrito por\" \/>\n\t<meta name=\"twitter:data1\" content=\"Reda\u00e7\u00e3o RP\" \/>\n\t<meta name=\"twitter:label2\" content=\"Tempo estimado de leitura\" \/>\n\t<meta name=\"twitter:data2\" content=\"2 minutos\" \/>\n<script type=\"application\/ld+json\" class=\"yoast-schema-graph\">{\"@context\":\"https:\\\/\\\/schema.org\",\"@graph\":[{\"@type\":\"Article\",\"@id\":\"https:\\\/\\\/revistadospneus.com\\\/pt\\\/2021\\\/09\\\/13\\\/bkt-apresenta-setimo-episodio-de-growing-together\\\/#article\",\"isPartOf\":{\"@id\":\"https:\\\/\\\/revistadospneus.com\\\/pt\\\/2021\\\/09\\\/13\\\/bkt-apresenta-setimo-episodio-de-growing-together\\\/\"},\"author\":{\"name\":\"Reda\u00e7\u00e3o RP\",\"@id\":\"https:\\\/\\\/revistadospneus.com\\\/pt\\\/#\\\/schema\\\/person\\\/9c602809538a614c26e5569d14ed6442\"},\"headline\":\"BKT apresenta s\u00e9timo epis\u00f3dio de &#8220;Growing Together&#8221;\",\"datePublished\":\"2021-09-13T11:00:27+00:00\",\"mainEntityOfPage\":{\"@id\":\"https:\\\/\\\/revistadospneus.com\\\/pt\\\/2021\\\/09\\\/13\\\/bkt-apresenta-setimo-episodio-de-growing-together\\\/\"},\"wordCount\":382,\"publisher\":{\"@id\":\"https:\\\/\\\/revistadospneus.com\\\/pt\\\/#organization\"},\"image\":{\"@id\":\"https:\\\/\\\/revistadospneus.com\\\/pt\\\/2021\\\/09\\\/13\\\/bkt-apresenta-setimo-episodio-de-growing-together\\\/#primaryimage\"},\"thumbnailUrl\":\"https:\\\/\\\/revistadospneus.com\\\/pt\\\/wp-content\\\/uploads\\\/2021\\\/09\\\/BKT-apresenta-setimo.jpg\",\"keywords\":[\"BKT\"],\"articleSection\":[\"Empresas\"],\"inLanguage\":\"pt-PT\"},{\"@type\":\"WebPage\",\"@id\":\"https:\\\/\\\/revistadospneus.com\\\/pt\\\/2021\\\/09\\\/13\\\/bkt-apresenta-setimo-episodio-de-growing-together\\\/\",\"url\":\"https:\\\/\\\/revistadospneus.com\\\/pt\\\/2021\\\/09\\\/13\\\/bkt-apresenta-setimo-episodio-de-growing-together\\\/\",\"name\":\"BKT apresenta s\u00e9timo epis\u00f3dio de \\\"Growing Together\\\" - Revista dos Pneus\",\"isPartOf\":{\"@id\":\"https:\\\/\\\/revistadospneus.com\\\/pt\\\/#website\"},\"primaryImageOfPage\":{\"@id\":\"https:\\\/\\\/revistadospneus.com\\\/pt\\\/2021\\\/09\\\/13\\\/bkt-apresenta-setimo-episodio-de-growing-together\\\/#primaryimage\"},\"image\":{\"@id\":\"https:\\\/\\\/revistadospneus.com\\\/pt\\\/2021\\\/09\\\/13\\\/bkt-apresenta-setimo-episodio-de-growing-together\\\/#primaryimage\"},\"thumbnailUrl\":\"https:\\\/\\\/revistadospneus.com\\\/pt\\\/wp-content\\\/uploads\\\/2021\\\/09\\\/BKT-apresenta-setimo.jpg\",\"datePublished\":\"2021-09-13T11:00:27+00:00\",\"breadcrumb\":{\"@id\":\"https:\\\/\\\/revistadospneus.com\\\/pt\\\/2021\\\/09\\\/13\\\/bkt-apresenta-setimo-episodio-de-growing-together\\\/#breadcrumb\"},\"inLanguage\":\"pt-PT\",\"potentialAction\":[{\"@type\":\"ReadAction\",\"target\":[\"https:\\\/\\\/revistadospneus.com\\\/pt\\\/2021\\\/09\\\/13\\\/bkt-apresenta-setimo-episodio-de-growing-together\\\/\"]}]},{\"@type\":\"ImageObject\",\"inLanguage\":\"pt-PT\",\"@id\":\"https:\\\/\\\/revistadospneus.com\\\/pt\\\/2021\\\/09\\\/13\\\/bkt-apresenta-setimo-episodio-de-growing-together\\\/#primaryimage\",\"url\":\"https:\\\/\\\/revistadospneus.com\\\/pt\\\/wp-content\\\/uploads\\\/2021\\\/09\\\/BKT-apresenta-setimo.jpg\",\"contentUrl\":\"https:\\\/\\\/revistadospneus.com\\\/pt\\\/wp-content\\\/uploads\\\/2021\\\/09\\\/BKT-apresenta-setimo.jpg\",\"width\":1024,\"height\":581,\"caption\":\"09 - BKT-apresenta-setimo\"},{\"@type\":\"BreadcrumbList\",\"@id\":\"https:\\\/\\\/revistadospneus.com\\\/pt\\\/2021\\\/09\\\/13\\\/bkt-apresenta-setimo-episodio-de-growing-together\\\/#breadcrumb\",\"itemListElement\":[{\"@type\":\"ListItem\",\"position\":1,\"name\":\"In\u00edcio\",\"item\":\"https:\\\/\\\/revistadospneus.com\\\/pt\\\/\"},{\"@type\":\"ListItem\",\"position\":2,\"name\":\"BKT apresenta s\u00e9timo epis\u00f3dio de &#8220;Growing Together&#8221;\"}]},{\"@type\":\"WebSite\",\"@id\":\"https:\\\/\\\/revistadospneus.com\\\/pt\\\/#website\",\"url\":\"https:\\\/\\\/revistadospneus.com\\\/pt\\\/\",\"name\":\"Revista dos Pneus\",\"description\":\"Revista independente de pneus e servi\u00e7os r\u00e1pidos\",\"publisher\":{\"@id\":\"https:\\\/\\\/revistadospneus.com\\\/pt\\\/#organization\"},\"potentialAction\":[{\"@type\":\"SearchAction\",\"target\":{\"@type\":\"EntryPoint\",\"urlTemplate\":\"https:\\\/\\\/revistadospneus.com\\\/pt\\\/?s={search_term_string}\"},\"query-input\":{\"@type\":\"PropertyValueSpecification\",\"valueRequired\":true,\"valueName\":\"search_term_string\"}}],\"inLanguage\":\"pt-PT\"},{\"@type\":\"Organization\",\"@id\":\"https:\\\/\\\/revistadospneus.com\\\/pt\\\/#organization\",\"name\":\"Revista dos Pneus\",\"url\":\"https:\\\/\\\/revistadospneus.com\\\/pt\\\/\",\"logo\":{\"@type\":\"ImageObject\",\"inLanguage\":\"pt-PT\",\"@id\":\"https:\\\/\\\/revistadospneus.com\\\/pt\\\/#\\\/schema\\\/logo\\\/image\\\/\",\"url\":\"https:\\\/\\\/revistadospneus.com\\\/pt\\\/wp-content\\\/uploads\\\/logo2-1.png\",\"contentUrl\":\"https:\\\/\\\/revistadospneus.com\\\/pt\\\/wp-content\\\/uploads\\\/logo2-1.png\",\"width\":216,\"height\":70,\"caption\":\"Revista dos Pneus\"},\"image\":{\"@id\":\"https:\\\/\\\/revistadospneus.com\\\/pt\\\/#\\\/schema\\\/logo\\\/image\\\/\"},\"sameAs\":[\"https:\\\/\\\/www.facebook.com\\\/revistapneus\",\"https:\\\/\\\/x.com\\\/revistapneus\",\"https:\\\/\\\/www.linkedin.com\\\/company\\\/jornal-das-oficinas\\\/\",\"https:\\\/\\\/www.youtube.com\\\/channel\\\/UCbQZBqtcvV-oSQrr7RzINGg\"]},{\"@type\":\"Person\",\"@id\":\"https:\\\/\\\/revistadospneus.com\\\/pt\\\/#\\\/schema\\\/person\\\/9c602809538a614c26e5569d14ed6442\",\"name\":\"Reda\u00e7\u00e3o RP\",\"image\":{\"@type\":\"ImageObject\",\"inLanguage\":\"pt-PT\",\"@id\":\"https:\\\/\\\/secure.gravatar.com\\\/avatar\\\/71f2fa71737ad68a84fea94bc708ddac8ea5b0c4788dc2ad202f3ccb2887742f?s=96&d=wp_user_avatar&r=g\",\"url\":\"https:\\\/\\\/secure.gravatar.com\\\/avatar\\\/71f2fa71737ad68a84fea94bc708ddac8ea5b0c4788dc2ad202f3ccb2887742f?s=96&d=wp_user_avatar&r=g\",\"contentUrl\":\"https:\\\/\\\/secure.gravatar.com\\\/avatar\\\/71f2fa71737ad68a84fea94bc708ddac8ea5b0c4788dc2ad202f3ccb2887742f?s=96&d=wp_user_avatar&r=g\",\"caption\":\"Reda\u00e7\u00e3o RP\"},\"url\":\"https:\\\/\\\/revistadospneus.com\\\/pt\\\/author\\\/rpredacao\\\/\"}]}<\/script>\n<!-- \/ Yoast SEO plugin. -->","yoast_head_json":{"title":"BKT apresenta s\u00e9timo epis\u00f3dio de \"Growing Together\" - Revista dos Pneus","robots":{"index":"index","follow":"follow","max-snippet":"max-snippet:-1","max-image-preview":"max-image-preview:large","max-video-preview":"max-video-preview:-1"},"canonical":"https:\/\/revistadospneus.com\/pt\/2021\/09\/13\/bkt-apresenta-setimo-episodio-de-growing-together\/","og_locale":"pt_PT","og_type":"article","og_title":"BKT apresenta s\u00e9timo epis\u00f3dio de \"Growing Together\" - Revista dos Pneus","og_description":"O s\u00e9timo epis\u00f3dio de &#8220;Growing Together&#8221;, o projeto televisivo...","og_url":"https:\/\/revistadospneus.com\/pt\/2021\/09\/13\/bkt-apresenta-setimo-episodio-de-growing-together\/","og_site_name":"Revista dos Pneus","article_publisher":"https:\/\/www.facebook.com\/revistapneus","article_published_time":"2021-09-13T11:00:27+00:00","og_image":[{"width":1024,"height":581,"url":"https:\/\/revistadospneus.com\/pt\/wp-content\/uploads\/2021\/09\/BKT-apresenta-setimo.jpg","type":"image\/jpeg"}],"author":"Reda\u00e7\u00e3o RP","twitter_card":"summary_large_image","twitter_creator":"@revistapneus","twitter_site":"@revistapneus","twitter_misc":{"Escrito por":"Reda\u00e7\u00e3o RP","Tempo estimado de leitura":"2 minutos"},"schema":{"@context":"https:\/\/schema.org","@graph":[{"@type":"Article","@id":"https:\/\/revistadospneus.com\/pt\/2021\/09\/13\/bkt-apresenta-setimo-episodio-de-growing-together\/#article","isPartOf":{"@id":"https:\/\/revistadospneus.com\/pt\/2021\/09\/13\/bkt-apresenta-setimo-episodio-de-growing-together\/"},"author":{"name":"Reda\u00e7\u00e3o RP","@id":"https:\/\/revistadospneus.com\/pt\/#\/schema\/person\/9c602809538a614c26e5569d14ed6442"},"headline":"BKT apresenta s\u00e9timo epis\u00f3dio de &#8220;Growing Together&#8221;","datePublished":"2021-09-13T11:00:27+00:00","mainEntityOfPage":{"@id":"https:\/\/revistadospneus.com\/pt\/2021\/09\/13\/bkt-apresenta-setimo-episodio-de-growing-together\/"},"wordCount":382,"publisher":{"@id":"https:\/\/revistadospneus.com\/pt\/#organization"},"image":{"@id":"https:\/\/revistadospneus.com\/pt\/2021\/09\/13\/bkt-apresenta-setimo-episodio-de-growing-together\/#primaryimage"},"thumbnailUrl":"https:\/\/revistadospneus.com\/pt\/wp-content\/uploads\/2021\/09\/BKT-apresenta-setimo.jpg","keywords":["BKT"],"articleSection":["Empresas"],"inLanguage":"pt-PT"},{"@type":"WebPage","@id":"https:\/\/revistadospneus.com\/pt\/2021\/09\/13\/bkt-apresenta-setimo-episodio-de-growing-together\/","url":"https:\/\/revistadospneus.com\/pt\/2021\/09\/13\/bkt-apresenta-setimo-episodio-de-growing-together\/","name":"BKT apresenta s\u00e9timo epis\u00f3dio de \"Growing Together\" - Revista dos Pneus","isPartOf":{"@id":"https:\/\/revistadospneus.com\/pt\/#website"},"primaryImageOfPage":{"@id":"https:\/\/revistadospneus.com\/pt\/2021\/09\/13\/bkt-apresenta-setimo-episodio-de-growing-together\/#primaryimage"},"image":{"@id":"https:\/\/revistadospneus.com\/pt\/2021\/09\/13\/bkt-apresenta-setimo-episodio-de-growing-together\/#primaryimage"},"thumbnailUrl":"https:\/\/revistadospneus.com\/pt\/wp-content\/uploads\/2021\/09\/BKT-apresenta-setimo.jpg","datePublished":"2021-09-13T11:00:27+00:00","breadcrumb":{"@id":"https:\/\/revistadospneus.com\/pt\/2021\/09\/13\/bkt-apresenta-setimo-episodio-de-growing-together\/#breadcrumb"},"inLanguage":"pt-PT","potentialAction":[{"@type":"ReadAction","target":["https:\/\/revistadospneus.com\/pt\/2021\/09\/13\/bkt-apresenta-setimo-episodio-de-growing-together\/"]}]},{"@type":"ImageObject","inLanguage":"pt-PT","@id":"https:\/\/revistadospneus.com\/pt\/2021\/09\/13\/bkt-apresenta-setimo-episodio-de-growing-together\/#primaryimage","url":"https:\/\/revistadospneus.com\/pt\/wp-content\/uploads\/2021\/09\/BKT-apresenta-setimo.jpg","contentUrl":"https:\/\/revistadospneus.com\/pt\/wp-content\/uploads\/2021\/09\/BKT-apresenta-setimo.jpg","width":1024,"height":581,"caption":"09 - BKT-apresenta-setimo"},{"@type":"BreadcrumbList","@id":"https:\/\/revistadospneus.com\/pt\/2021\/09\/13\/bkt-apresenta-setimo-episodio-de-growing-together\/#breadcrumb","itemListElement":[{"@type":"ListItem","position":1,"name":"In\u00edcio","item":"https:\/\/revistadospneus.com\/pt\/"},{"@type":"ListItem","position":2,"name":"BKT apresenta s\u00e9timo epis\u00f3dio de &#8220;Growing Together&#8221;"}]},{"@type":"WebSite","@id":"https:\/\/revistadospneus.com\/pt\/#website","url":"https:\/\/revistadospneus.com\/pt\/","name":"Revista dos Pneus","description":"Revista independente de pneus e servi\u00e7os r\u00e1pidos","publisher":{"@id":"https:\/\/revistadospneus.com\/pt\/#organization"},"potentialAction":[{"@type":"SearchAction","target":{"@type":"EntryPoint","urlTemplate":"https:\/\/revistadospneus.com\/pt\/?s={search_term_string}"},"query-input":{"@type":"PropertyValueSpecification","valueRequired":true,"valueName":"search_term_string"}}],"inLanguage":"pt-PT"},{"@type":"Organization","@id":"https:\/\/revistadospneus.com\/pt\/#organization","name":"Revista dos Pneus","url":"https:\/\/revistadospneus.com\/pt\/","logo":{"@type":"ImageObject","inLanguage":"pt-PT","@id":"https:\/\/revistadospneus.com\/pt\/#\/schema\/logo\/image\/","url":"https:\/\/revistadospneus.com\/pt\/wp-content\/uploads\/logo2-1.png","contentUrl":"https:\/\/revistadospneus.com\/pt\/wp-content\/uploads\/logo2-1.png","width":216,"height":70,"caption":"Revista dos Pneus"},"image":{"@id":"https:\/\/revistadospneus.com\/pt\/#\/schema\/logo\/image\/"},"sameAs":["https:\/\/www.facebook.com\/revistapneus","https:\/\/x.com\/revistapneus","https:\/\/www.linkedin.com\/company\/jornal-das-oficinas\/","https:\/\/www.youtube.com\/channel\/UCbQZBqtcvV-oSQrr7RzINGg"]},{"@type":"Person","@id":"https:\/\/revistadospneus.com\/pt\/#\/schema\/person\/9c602809538a614c26e5569d14ed6442","name":"Reda\u00e7\u00e3o RP","image":{"@type":"ImageObject","inLanguage":"pt-PT","@id":"https:\/\/secure.gravatar.com\/avatar\/71f2fa71737ad68a84fea94bc708ddac8ea5b0c4788dc2ad202f3ccb2887742f?s=96&d=wp_user_avatar&r=g","url":"https:\/\/secure.gravatar.com\/avatar\/71f2fa71737ad68a84fea94bc708ddac8ea5b0c4788dc2ad202f3ccb2887742f?s=96&d=wp_user_avatar&r=g","contentUrl":"https:\/\/secure.gravatar.com\/avatar\/71f2fa71737ad68a84fea94bc708ddac8ea5b0c4788dc2ad202f3ccb2887742f?s=96&d=wp_user_avatar&r=g","caption":"Reda\u00e7\u00e3o RP"},"url":"https:\/\/revistadospneus.com\/pt\/author\/rpredacao\/"}]}},"_links":{"self":[{"href":"https:\/\/revistadospneus.com\/pt\/wp-json\/wp\/v2\/posts\/14954","targetHints":{"allow":["GET"]}}],"collection":[{"href":"https:\/\/revistadospneus.com\/pt\/wp-json\/wp\/v2\/posts"}],"about":[{"href":"https:\/\/revistadospneus.com\/pt\/wp-json\/wp\/v2\/types\/post"}],"author":[{"embeddable":true,"href":"https:\/\/revistadospneus.com\/pt\/wp-json\/wp\/v2\/users\/13"}],"replies":[{"embeddable":true,"href":"https:\/\/revistadospneus.com\/pt\/wp-json\/wp\/v2\/comments?post=14954"}],"version-history":[{"count":0,"href":"https:\/\/revistadospneus.com\/pt\/wp-json\/wp\/v2\/posts\/14954\/revisions"}],"wp:featuredmedia":[{"embeddable":true,"href":"https:\/\/revistadospneus.com\/pt\/wp-json\/wp\/v2\/media\/14945"}],"wp:attachment":[{"href":"https:\/\/revistadospneus.com\/pt\/wp-json\/wp\/v2\/media?parent=14954"}],"wp:term":[{"taxonomy":"category","embeddable":true,"href":"https:\/\/revistadospneus.com\/pt\/wp-json\/wp\/v2\/categories?post=14954"},{"taxonomy":"post_tag","embeddable":true,"href":"https:\/\/revistadospneus.com\/pt\/wp-json\/wp\/v2\/tags?post=14954"}],"curies":[{"name":"wp","href":"https:\/\/api.w.org\/{rel}","templated":true}]}}