{"id":15092,"date":"2021-09-30T12:00:19","date_gmt":"2021-09-30T11:00:19","guid":{"rendered":"https:\/\/revistadospneus.com\/pt\/?p=15092"},"modified":"2021-09-30T11:31:06","modified_gmt":"2021-09-30T10:31:06","slug":"continental-nomeia-personalidades-para-o-federal-presidents-award","status":"publish","type":"post","link":"https:\/\/revistadospneus.com\/pt\/2021\/09\/30\/continental-nomeia-personalidades-para-o-federal-presidents-award\/","title":{"rendered":"Continental nomeia personalidades para o Federal President&#8217;s Award"},"content":{"rendered":"<p><strong><img loading=\"lazy\" decoding=\"async\" class=\"alignnone size-full wp-image-15095\" src=\"https:\/\/revistadospneus.com\/pt\/wp-content\/uploads\/2021\/09\/continental-nomeia-personalidades.jpg\" alt=\"09 - continental-nomeia-personalidades\" width=\"1024\" height=\"581\" srcset=\"https:\/\/revistadospneus.com\/pt\/wp-content\/uploads\/2021\/09\/continental-nomeia-personalidades.jpg 1024w, https:\/\/revistadospneus.com\/pt\/wp-content\/uploads\/2021\/09\/continental-nomeia-personalidades-300x170.jpg 300w, https:\/\/revistadospneus.com\/pt\/wp-content\/uploads\/2021\/09\/continental-nomeia-personalidades-150x85.jpg 150w, https:\/\/revistadospneus.com\/pt\/wp-content\/uploads\/2021\/09\/continental-nomeia-personalidades-768x436.jpg 768w\" sizes=\"auto, (max-width: 1024px) 100vw, 1024px\" \/><\/strong><\/p>\n<p><strong>Carla Recker (Continental), Dirk Pr\u00fcfer (Universidade de M\u00fcnster) e Christian Schulze Gronover (Instituto Fraunhofer de Biologia Molecular e Ecologia Aplicada IME) foram nomeados para o Federal President&#8217;s Award para a Tecnologia e Inova\u00e7\u00e3o 2021 (&#8220;Deutscher Zukunftspreis 2021&#8221;) com o seu projeto conjunto &#8220;Pneus sustent\u00e1veis a partir de dente-de-le\u00e3o &#8211; inova\u00e7\u00f5es da biologia, tecnologia e agricultura&#8221;<\/strong><\/p>\n<p>&#8220;A nomea\u00e7\u00e3o para este pr\u00e9mio \u00e9 uma grande honra para n\u00f3s. Confirma mais uma vez o potencial de uma nova fonte de mat\u00e9ria-prima para a borracha natural. Juntamente com a nossa rede de projetos, conseguimos fazer avan\u00e7ar significativamente a investiga\u00e7\u00e3o em toda a cadeia de valor do dente-de-le\u00e3o russo&#8221;, explica Carla Recker, Chefe do Departamento de Qu\u00edmica de Materiais de Campo Especializado em Pneus da Continental.<\/p>\n<p>&#8220;A industrializa\u00e7\u00e3o do cultivo do dente-de-le\u00e3o \u00e9 o objetivo do nosso projeto a longo prazo, onde a chave do sucesso \u00e9 a confian\u00e7a m\u00fatua e a perseveran\u00e7a&#8221;, acrescenta ela. &#8220;O nosso primeiro pneu de bicicleta produzido em s\u00e9rie com borracha de dente-de-le\u00e3o, o Taraxagum Urbano, mostra que os produtos comercializ\u00e1veis feitos de borracha natural da planta do dente-de-le\u00e3o s\u00e3o poss\u00edveis&#8221;.<\/p>\n<p>Desde 2011, que a equipa do projeto tem vindo a trabalhar em conjunto na extra\u00e7\u00e3o de borracha natural de dentes-de-le\u00e3o, em vez de a importar exclusivamente de regi\u00f5es tropicais long\u00ednquas &#8211; o que revela ser uma vantagem crucial deste projeto para Dirk Pr\u00fcfer, Professor de Biotecnologia Vegetal na Universidade de M\u00fcnster.<\/p>\n<p>&#8220;A prote\u00e7\u00e3o da nossa floresta tropical \u00e9 uma das principais prioridades na luta contra as altera\u00e7\u00f5es clim\u00e1ticas. Por esta raz\u00e3o, a ind\u00fastria de processamento de borracha natural tamb\u00e9m precisa de ser repensada. A nossa abordagem para ganhar de forma sustent\u00e1vel a borracha natural dos dentes-de-le\u00e3o pode contrariar muitos desafios socioecon\u00f3micos e ecol\u00f3gicos nestas regi\u00f5es,&#8221; sublinha o cientista de M\u00fcnster. A extra\u00e7\u00e3o de borracha natural de dentes-de-le\u00e3o permite que as mat\u00e9rias-primas sejam produzidas perto das f\u00e1bricas de pneus da Continental. Isto tamb\u00e9m permite reduzir as emiss\u00f5es de di\u00f3xido de carbono (CO2) causadas por longas rotas de transporte&#8221;.<\/p>\n<p>O caminho para o estabelecimento do dente-de-le\u00e3o russo como fonte de mat\u00e9ria-prima cultiv\u00e1vel colocou um grande desafio aos investigadores. &#8220;Atrav\u00e9s de uma a\u00e7\u00e3o consistente, baseada no conhecimento e com an\u00e1lises modernas, temos trabalhado com um criador de plantas para estabelecer plantas de alto rendimento e resistentes a partir do dente-de-le\u00e3o selvagem russo.<\/p>\n<p>Tamb\u00e9m desenvolvemos um processo amigo do ambiente para extrair borracha das ra\u00edzes das plantas&#8221;, explica o Dr. Christian Schulze Gronover, Chefe de Investiga\u00e7\u00e3o no Instituto Fraunhofer de Biologia Molecular e Ecologia Aplicada IME, M\u00fcnster. J\u00e1 toda a sociedade est\u00e1 a beneficiar destas inova\u00e7\u00f5es, por exemplo, os agricultores, log\u00edsticos, construtores de m\u00e1quinas e, naturalmente, ciclistas&#8221;.<\/p>\n<p>A rede alargada, que contribui significativamente para a implementa\u00e7\u00e3o do projeto, inclui tamb\u00e9m, entre outros, o Instituto Julius K\u00fchn e a empresa de melhoramento vegetal ESKUSA.<\/p>\n<p>O dente-de-le\u00e3o russo \u00e9 uma variedade do dente-de-le\u00e3o (Taraxacum). \u00c9 origin\u00e1rio principalmente do Cazaquist\u00e3o e \u00e9 particularmente adequado para a extra\u00e7\u00e3o de borracha natural. O dente-de-le\u00e3o russo cont\u00e9m mais borracha do que outras esp\u00e9cies de dentes-de-le\u00e3o, contudo a quantidade na planta selvagem ainda n\u00e3o \u00e9 suficiente para a produ\u00e7\u00e3o industrial. Al\u00e9m disso, as plantas selvagens n\u00e3o proporcionam rendimentos est\u00e1veis.<\/p>\n<p>O desenvolvimento dos chamados marcadores de ADN \u00e9 importante para a reprodu\u00e7\u00e3o. Tais marcadores s\u00e3o manchas naturalmente presentes no material gen\u00e9tico. Podem ser detetados em laborat\u00f3rio e aparecem em combina\u00e7\u00e3o com a sec\u00e7\u00e3o do genoma que gera uma propriedade espec\u00edfica desejada da planta. Um exemplo \u00e9 um teor de borracha mais elevado.<\/p>\n<p><strong>O Federal President&#8217;s Award para a Tecnologia e Inova\u00e7\u00e3o<br \/>\n<\/strong>O Federal President&#8217; Award tem sido atribu\u00eddo anualmente desde 1997 e \u00e9 um dos mais importantes pr\u00e9mios de inova\u00e7\u00e3o na Alemanha. Premeia realiza\u00e7\u00f5es t\u00e9cnicas, de engenharia e cient\u00edficas not\u00e1veis que conduzem a produtos prontos a serem utilizados. Ap\u00f3s uma revis\u00e3o intensiva, as principais associa\u00e7\u00f5es cient\u00edficas e empresariais alem\u00e3s prop\u00f5em desenvolvimentos inovadores para o pr\u00e9mio.<\/p>\n<p>Subsequentemente, o j\u00fari de primeira classe do Federal President&#8217;S Award seleciona tr\u00eas equipas de investigadores e a sua inova\u00e7\u00e3o a partir de um grande n\u00famero de projetos todos os anos, num processo de v\u00e1rias fases, at\u00e9 \u00e0 ronda final do pr\u00e9mio, o &#8220;Circle of the Best&#8221; (C\u00edrculo dos Melhores). Para al\u00e9m do desempenho inovador, o j\u00fari tamb\u00e9m avalia o potencial econ\u00f3mico e social do desenvolvimento. O Presidente Federal Frank-Walter Steinmeier ir\u00e1 apresentar o Federal President&#8217;s Award em Berlim, a 17 de novembro de 2021.<\/p>\n<!-- AddThis Advanced Settings generic via filter on the_content --><!-- AddThis Share Buttons generic via filter on the_content -->","protected":false},"excerpt":{"rendered":"<p>Carla Recker (Continental), Dirk Pr\u00fcfer (Universidade de M\u00fcnster) e&#8230;<!-- AddThis Advanced Settings generic via filter on get_the_excerpt --><!-- AddThis Share Buttons generic via filter on get_the_excerpt --><\/p>\n","protected":false},"author":13,"featured_media":15095,"comment_status":"closed","ping_status":"closed","sticky":false,"template":"","format":"standard","meta":{"footnotes":""},"categories":[29],"tags":[58],"class_list":["post-15092","post","type-post","status-publish","format-standard","has-post-thumbnail","hentry","category-empresas","tag-continental"],"yoast_head":"<!-- This site is optimized with the Yoast SEO plugin v27.5 - https:\/\/yoast.com\/product\/yoast-seo-wordpress\/ -->\n<title>Continental nomeia personalidades para o Federal President&#039;s Award - Revista dos Pneus<\/title>\n<meta name=\"robots\" content=\"index, follow, max-snippet:-1, max-image-preview:large, max-video-preview:-1\" \/>\n<link rel=\"canonical\" href=\"https:\/\/revistadospneus.com\/pt\/2021\/09\/30\/continental-nomeia-personalidades-para-o-federal-presidents-award\/\" \/>\n<meta property=\"og:locale\" content=\"pt_PT\" \/>\n<meta property=\"og:type\" content=\"article\" \/>\n<meta property=\"og:title\" content=\"Continental nomeia personalidades para o Federal President&#039;s Award - Revista dos Pneus\" \/>\n<meta property=\"og:description\" content=\"Carla Recker (Continental), Dirk Pr\u00fcfer (Universidade de M\u00fcnster) e...\" \/>\n<meta property=\"og:url\" content=\"https:\/\/revistadospneus.com\/pt\/2021\/09\/30\/continental-nomeia-personalidades-para-o-federal-presidents-award\/\" \/>\n<meta property=\"og:site_name\" content=\"Revista dos Pneus\" \/>\n<meta property=\"article:publisher\" content=\"https:\/\/www.facebook.com\/revistapneus\" \/>\n<meta property=\"article:published_time\" content=\"2021-09-30T11:00:19+00:00\" \/>\n<meta property=\"og:image\" content=\"https:\/\/revistadospneus.com\/pt\/wp-content\/uploads\/2021\/09\/continental-nomeia-personalidades.jpg\" \/>\n\t<meta property=\"og:image:width\" content=\"1024\" \/>\n\t<meta property=\"og:image:height\" content=\"581\" \/>\n\t<meta property=\"og:image:type\" content=\"image\/jpeg\" \/>\n<meta name=\"author\" content=\"Reda\u00e7\u00e3o RP\" \/>\n<meta name=\"twitter:card\" content=\"summary_large_image\" \/>\n<meta name=\"twitter:creator\" content=\"@revistapneus\" \/>\n<meta name=\"twitter:site\" content=\"@revistapneus\" \/>\n<meta name=\"twitter:label1\" content=\"Escrito por\" \/>\n\t<meta name=\"twitter:data1\" content=\"Reda\u00e7\u00e3o RP\" \/>\n\t<meta name=\"twitter:label2\" content=\"Tempo estimado de leitura\" \/>\n\t<meta name=\"twitter:data2\" content=\"4 minutos\" \/>\n<script type=\"application\/ld+json\" class=\"yoast-schema-graph\">{\"@context\":\"https:\\\/\\\/schema.org\",\"@graph\":[{\"@type\":\"Article\",\"@id\":\"https:\\\/\\\/revistadospneus.com\\\/pt\\\/2021\\\/09\\\/30\\\/continental-nomeia-personalidades-para-o-federal-presidents-award\\\/#article\",\"isPartOf\":{\"@id\":\"https:\\\/\\\/revistadospneus.com\\\/pt\\\/2021\\\/09\\\/30\\\/continental-nomeia-personalidades-para-o-federal-presidents-award\\\/\"},\"author\":{\"name\":\"Reda\u00e7\u00e3o RP\",\"@id\":\"https:\\\/\\\/revistadospneus.com\\\/pt\\\/#\\\/schema\\\/person\\\/9c602809538a614c26e5569d14ed6442\"},\"headline\":\"Continental nomeia personalidades para o Federal President&#8217;s Award\",\"datePublished\":\"2021-09-30T11:00:19+00:00\",\"mainEntityOfPage\":{\"@id\":\"https:\\\/\\\/revistadospneus.com\\\/pt\\\/2021\\\/09\\\/30\\\/continental-nomeia-personalidades-para-o-federal-presidents-award\\\/\"},\"wordCount\":827,\"publisher\":{\"@id\":\"https:\\\/\\\/revistadospneus.com\\\/pt\\\/#organization\"},\"image\":{\"@id\":\"https:\\\/\\\/revistadospneus.com\\\/pt\\\/2021\\\/09\\\/30\\\/continental-nomeia-personalidades-para-o-federal-presidents-award\\\/#primaryimage\"},\"thumbnailUrl\":\"https:\\\/\\\/revistadospneus.com\\\/pt\\\/wp-content\\\/uploads\\\/2021\\\/09\\\/continental-nomeia-personalidades.jpg\",\"keywords\":[\"Continental\"],\"articleSection\":[\"Empresas\"],\"inLanguage\":\"pt-PT\"},{\"@type\":\"WebPage\",\"@id\":\"https:\\\/\\\/revistadospneus.com\\\/pt\\\/2021\\\/09\\\/30\\\/continental-nomeia-personalidades-para-o-federal-presidents-award\\\/\",\"url\":\"https:\\\/\\\/revistadospneus.com\\\/pt\\\/2021\\\/09\\\/30\\\/continental-nomeia-personalidades-para-o-federal-presidents-award\\\/\",\"name\":\"Continental nomeia personalidades para o Federal President's Award - Revista dos Pneus\",\"isPartOf\":{\"@id\":\"https:\\\/\\\/revistadospneus.com\\\/pt\\\/#website\"},\"primaryImageOfPage\":{\"@id\":\"https:\\\/\\\/revistadospneus.com\\\/pt\\\/2021\\\/09\\\/30\\\/continental-nomeia-personalidades-para-o-federal-presidents-award\\\/#primaryimage\"},\"image\":{\"@id\":\"https:\\\/\\\/revistadospneus.com\\\/pt\\\/2021\\\/09\\\/30\\\/continental-nomeia-personalidades-para-o-federal-presidents-award\\\/#primaryimage\"},\"thumbnailUrl\":\"https:\\\/\\\/revistadospneus.com\\\/pt\\\/wp-content\\\/uploads\\\/2021\\\/09\\\/continental-nomeia-personalidades.jpg\",\"datePublished\":\"2021-09-30T11:00:19+00:00\",\"breadcrumb\":{\"@id\":\"https:\\\/\\\/revistadospneus.com\\\/pt\\\/2021\\\/09\\\/30\\\/continental-nomeia-personalidades-para-o-federal-presidents-award\\\/#breadcrumb\"},\"inLanguage\":\"pt-PT\",\"potentialAction\":[{\"@type\":\"ReadAction\",\"target\":[\"https:\\\/\\\/revistadospneus.com\\\/pt\\\/2021\\\/09\\\/30\\\/continental-nomeia-personalidades-para-o-federal-presidents-award\\\/\"]}]},{\"@type\":\"ImageObject\",\"inLanguage\":\"pt-PT\",\"@id\":\"https:\\\/\\\/revistadospneus.com\\\/pt\\\/2021\\\/09\\\/30\\\/continental-nomeia-personalidades-para-o-federal-presidents-award\\\/#primaryimage\",\"url\":\"https:\\\/\\\/revistadospneus.com\\\/pt\\\/wp-content\\\/uploads\\\/2021\\\/09\\\/continental-nomeia-personalidades.jpg\",\"contentUrl\":\"https:\\\/\\\/revistadospneus.com\\\/pt\\\/wp-content\\\/uploads\\\/2021\\\/09\\\/continental-nomeia-personalidades.jpg\",\"width\":1024,\"height\":581,\"caption\":\"09 - continental-nomeia-personalidades\"},{\"@type\":\"BreadcrumbList\",\"@id\":\"https:\\\/\\\/revistadospneus.com\\\/pt\\\/2021\\\/09\\\/30\\\/continental-nomeia-personalidades-para-o-federal-presidents-award\\\/#breadcrumb\",\"itemListElement\":[{\"@type\":\"ListItem\",\"position\":1,\"name\":\"In\u00edcio\",\"item\":\"https:\\\/\\\/revistadospneus.com\\\/pt\\\/\"},{\"@type\":\"ListItem\",\"position\":2,\"name\":\"Continental nomeia personalidades para o Federal President&#8217;s Award\"}]},{\"@type\":\"WebSite\",\"@id\":\"https:\\\/\\\/revistadospneus.com\\\/pt\\\/#website\",\"url\":\"https:\\\/\\\/revistadospneus.com\\\/pt\\\/\",\"name\":\"Revista dos Pneus\",\"description\":\"Revista independente de pneus e servi\u00e7os r\u00e1pidos\",\"publisher\":{\"@id\":\"https:\\\/\\\/revistadospneus.com\\\/pt\\\/#organization\"},\"potentialAction\":[{\"@type\":\"SearchAction\",\"target\":{\"@type\":\"EntryPoint\",\"urlTemplate\":\"https:\\\/\\\/revistadospneus.com\\\/pt\\\/?s={search_term_string}\"},\"query-input\":{\"@type\":\"PropertyValueSpecification\",\"valueRequired\":true,\"valueName\":\"search_term_string\"}}],\"inLanguage\":\"pt-PT\"},{\"@type\":\"Organization\",\"@id\":\"https:\\\/\\\/revistadospneus.com\\\/pt\\\/#organization\",\"name\":\"Revista dos Pneus\",\"url\":\"https:\\\/\\\/revistadospneus.com\\\/pt\\\/\",\"logo\":{\"@type\":\"ImageObject\",\"inLanguage\":\"pt-PT\",\"@id\":\"https:\\\/\\\/revistadospneus.com\\\/pt\\\/#\\\/schema\\\/logo\\\/image\\\/\",\"url\":\"https:\\\/\\\/revistadospneus.com\\\/pt\\\/wp-content\\\/uploads\\\/logo2-1.png\",\"contentUrl\":\"https:\\\/\\\/revistadospneus.com\\\/pt\\\/wp-content\\\/uploads\\\/logo2-1.png\",\"width\":216,\"height\":70,\"caption\":\"Revista dos Pneus\"},\"image\":{\"@id\":\"https:\\\/\\\/revistadospneus.com\\\/pt\\\/#\\\/schema\\\/logo\\\/image\\\/\"},\"sameAs\":[\"https:\\\/\\\/www.facebook.com\\\/revistapneus\",\"https:\\\/\\\/x.com\\\/revistapneus\",\"https:\\\/\\\/www.linkedin.com\\\/company\\\/jornal-das-oficinas\\\/\",\"https:\\\/\\\/www.youtube.com\\\/channel\\\/UCbQZBqtcvV-oSQrr7RzINGg\"]},{\"@type\":\"Person\",\"@id\":\"https:\\\/\\\/revistadospneus.com\\\/pt\\\/#\\\/schema\\\/person\\\/9c602809538a614c26e5569d14ed6442\",\"name\":\"Reda\u00e7\u00e3o RP\",\"image\":{\"@type\":\"ImageObject\",\"inLanguage\":\"pt-PT\",\"@id\":\"https:\\\/\\\/secure.gravatar.com\\\/avatar\\\/71f2fa71737ad68a84fea94bc708ddac8ea5b0c4788dc2ad202f3ccb2887742f?s=96&d=wp_user_avatar&r=g\",\"url\":\"https:\\\/\\\/secure.gravatar.com\\\/avatar\\\/71f2fa71737ad68a84fea94bc708ddac8ea5b0c4788dc2ad202f3ccb2887742f?s=96&d=wp_user_avatar&r=g\",\"contentUrl\":\"https:\\\/\\\/secure.gravatar.com\\\/avatar\\\/71f2fa71737ad68a84fea94bc708ddac8ea5b0c4788dc2ad202f3ccb2887742f?s=96&d=wp_user_avatar&r=g\",\"caption\":\"Reda\u00e7\u00e3o RP\"},\"url\":\"https:\\\/\\\/revistadospneus.com\\\/pt\\\/author\\\/rpredacao\\\/\"}]}<\/script>\n<!-- \/ Yoast SEO plugin. -->","yoast_head_json":{"title":"Continental nomeia personalidades para o Federal President's Award - Revista dos Pneus","robots":{"index":"index","follow":"follow","max-snippet":"max-snippet:-1","max-image-preview":"max-image-preview:large","max-video-preview":"max-video-preview:-1"},"canonical":"https:\/\/revistadospneus.com\/pt\/2021\/09\/30\/continental-nomeia-personalidades-para-o-federal-presidents-award\/","og_locale":"pt_PT","og_type":"article","og_title":"Continental nomeia personalidades para o Federal President's Award - Revista dos Pneus","og_description":"Carla Recker (Continental), Dirk Pr\u00fcfer (Universidade de M\u00fcnster) e...","og_url":"https:\/\/revistadospneus.com\/pt\/2021\/09\/30\/continental-nomeia-personalidades-para-o-federal-presidents-award\/","og_site_name":"Revista dos Pneus","article_publisher":"https:\/\/www.facebook.com\/revistapneus","article_published_time":"2021-09-30T11:00:19+00:00","og_image":[{"width":1024,"height":581,"url":"https:\/\/revistadospneus.com\/pt\/wp-content\/uploads\/2021\/09\/continental-nomeia-personalidades.jpg","type":"image\/jpeg"}],"author":"Reda\u00e7\u00e3o RP","twitter_card":"summary_large_image","twitter_creator":"@revistapneus","twitter_site":"@revistapneus","twitter_misc":{"Escrito por":"Reda\u00e7\u00e3o RP","Tempo estimado de leitura":"4 minutos"},"schema":{"@context":"https:\/\/schema.org","@graph":[{"@type":"Article","@id":"https:\/\/revistadospneus.com\/pt\/2021\/09\/30\/continental-nomeia-personalidades-para-o-federal-presidents-award\/#article","isPartOf":{"@id":"https:\/\/revistadospneus.com\/pt\/2021\/09\/30\/continental-nomeia-personalidades-para-o-federal-presidents-award\/"},"author":{"name":"Reda\u00e7\u00e3o RP","@id":"https:\/\/revistadospneus.com\/pt\/#\/schema\/person\/9c602809538a614c26e5569d14ed6442"},"headline":"Continental nomeia personalidades para o Federal President&#8217;s Award","datePublished":"2021-09-30T11:00:19+00:00","mainEntityOfPage":{"@id":"https:\/\/revistadospneus.com\/pt\/2021\/09\/30\/continental-nomeia-personalidades-para-o-federal-presidents-award\/"},"wordCount":827,"publisher":{"@id":"https:\/\/revistadospneus.com\/pt\/#organization"},"image":{"@id":"https:\/\/revistadospneus.com\/pt\/2021\/09\/30\/continental-nomeia-personalidades-para-o-federal-presidents-award\/#primaryimage"},"thumbnailUrl":"https:\/\/revistadospneus.com\/pt\/wp-content\/uploads\/2021\/09\/continental-nomeia-personalidades.jpg","keywords":["Continental"],"articleSection":["Empresas"],"inLanguage":"pt-PT"},{"@type":"WebPage","@id":"https:\/\/revistadospneus.com\/pt\/2021\/09\/30\/continental-nomeia-personalidades-para-o-federal-presidents-award\/","url":"https:\/\/revistadospneus.com\/pt\/2021\/09\/30\/continental-nomeia-personalidades-para-o-federal-presidents-award\/","name":"Continental nomeia personalidades para o Federal President's Award - Revista dos Pneus","isPartOf":{"@id":"https:\/\/revistadospneus.com\/pt\/#website"},"primaryImageOfPage":{"@id":"https:\/\/revistadospneus.com\/pt\/2021\/09\/30\/continental-nomeia-personalidades-para-o-federal-presidents-award\/#primaryimage"},"image":{"@id":"https:\/\/revistadospneus.com\/pt\/2021\/09\/30\/continental-nomeia-personalidades-para-o-federal-presidents-award\/#primaryimage"},"thumbnailUrl":"https:\/\/revistadospneus.com\/pt\/wp-content\/uploads\/2021\/09\/continental-nomeia-personalidades.jpg","datePublished":"2021-09-30T11:00:19+00:00","breadcrumb":{"@id":"https:\/\/revistadospneus.com\/pt\/2021\/09\/30\/continental-nomeia-personalidades-para-o-federal-presidents-award\/#breadcrumb"},"inLanguage":"pt-PT","potentialAction":[{"@type":"ReadAction","target":["https:\/\/revistadospneus.com\/pt\/2021\/09\/30\/continental-nomeia-personalidades-para-o-federal-presidents-award\/"]}]},{"@type":"ImageObject","inLanguage":"pt-PT","@id":"https:\/\/revistadospneus.com\/pt\/2021\/09\/30\/continental-nomeia-personalidades-para-o-federal-presidents-award\/#primaryimage","url":"https:\/\/revistadospneus.com\/pt\/wp-content\/uploads\/2021\/09\/continental-nomeia-personalidades.jpg","contentUrl":"https:\/\/revistadospneus.com\/pt\/wp-content\/uploads\/2021\/09\/continental-nomeia-personalidades.jpg","width":1024,"height":581,"caption":"09 - continental-nomeia-personalidades"},{"@type":"BreadcrumbList","@id":"https:\/\/revistadospneus.com\/pt\/2021\/09\/30\/continental-nomeia-personalidades-para-o-federal-presidents-award\/#breadcrumb","itemListElement":[{"@type":"ListItem","position":1,"name":"In\u00edcio","item":"https:\/\/revistadospneus.com\/pt\/"},{"@type":"ListItem","position":2,"name":"Continental nomeia personalidades para o Federal President&#8217;s Award"}]},{"@type":"WebSite","@id":"https:\/\/revistadospneus.com\/pt\/#website","url":"https:\/\/revistadospneus.com\/pt\/","name":"Revista dos Pneus","description":"Revista independente de pneus e servi\u00e7os r\u00e1pidos","publisher":{"@id":"https:\/\/revistadospneus.com\/pt\/#organization"},"potentialAction":[{"@type":"SearchAction","target":{"@type":"EntryPoint","urlTemplate":"https:\/\/revistadospneus.com\/pt\/?s={search_term_string}"},"query-input":{"@type":"PropertyValueSpecification","valueRequired":true,"valueName":"search_term_string"}}],"inLanguage":"pt-PT"},{"@type":"Organization","@id":"https:\/\/revistadospneus.com\/pt\/#organization","name":"Revista dos Pneus","url":"https:\/\/revistadospneus.com\/pt\/","logo":{"@type":"ImageObject","inLanguage":"pt-PT","@id":"https:\/\/revistadospneus.com\/pt\/#\/schema\/logo\/image\/","url":"https:\/\/revistadospneus.com\/pt\/wp-content\/uploads\/logo2-1.png","contentUrl":"https:\/\/revistadospneus.com\/pt\/wp-content\/uploads\/logo2-1.png","width":216,"height":70,"caption":"Revista dos Pneus"},"image":{"@id":"https:\/\/revistadospneus.com\/pt\/#\/schema\/logo\/image\/"},"sameAs":["https:\/\/www.facebook.com\/revistapneus","https:\/\/x.com\/revistapneus","https:\/\/www.linkedin.com\/company\/jornal-das-oficinas\/","https:\/\/www.youtube.com\/channel\/UCbQZBqtcvV-oSQrr7RzINGg"]},{"@type":"Person","@id":"https:\/\/revistadospneus.com\/pt\/#\/schema\/person\/9c602809538a614c26e5569d14ed6442","name":"Reda\u00e7\u00e3o RP","image":{"@type":"ImageObject","inLanguage":"pt-PT","@id":"https:\/\/secure.gravatar.com\/avatar\/71f2fa71737ad68a84fea94bc708ddac8ea5b0c4788dc2ad202f3ccb2887742f?s=96&d=wp_user_avatar&r=g","url":"https:\/\/secure.gravatar.com\/avatar\/71f2fa71737ad68a84fea94bc708ddac8ea5b0c4788dc2ad202f3ccb2887742f?s=96&d=wp_user_avatar&r=g","contentUrl":"https:\/\/secure.gravatar.com\/avatar\/71f2fa71737ad68a84fea94bc708ddac8ea5b0c4788dc2ad202f3ccb2887742f?s=96&d=wp_user_avatar&r=g","caption":"Reda\u00e7\u00e3o RP"},"url":"https:\/\/revistadospneus.com\/pt\/author\/rpredacao\/"}]}},"_links":{"self":[{"href":"https:\/\/revistadospneus.com\/pt\/wp-json\/wp\/v2\/posts\/15092","targetHints":{"allow":["GET"]}}],"collection":[{"href":"https:\/\/revistadospneus.com\/pt\/wp-json\/wp\/v2\/posts"}],"about":[{"href":"https:\/\/revistadospneus.com\/pt\/wp-json\/wp\/v2\/types\/post"}],"author":[{"embeddable":true,"href":"https:\/\/revistadospneus.com\/pt\/wp-json\/wp\/v2\/users\/13"}],"replies":[{"embeddable":true,"href":"https:\/\/revistadospneus.com\/pt\/wp-json\/wp\/v2\/comments?post=15092"}],"version-history":[{"count":0,"href":"https:\/\/revistadospneus.com\/pt\/wp-json\/wp\/v2\/posts\/15092\/revisions"}],"wp:featuredmedia":[{"embeddable":true,"href":"https:\/\/revistadospneus.com\/pt\/wp-json\/wp\/v2\/media\/15095"}],"wp:attachment":[{"href":"https:\/\/revistadospneus.com\/pt\/wp-json\/wp\/v2\/media?parent=15092"}],"wp:term":[{"taxonomy":"category","embeddable":true,"href":"https:\/\/revistadospneus.com\/pt\/wp-json\/wp\/v2\/categories?post=15092"},{"taxonomy":"post_tag","embeddable":true,"href":"https:\/\/revistadospneus.com\/pt\/wp-json\/wp\/v2\/tags?post=15092"}],"curies":[{"name":"wp","href":"https:\/\/api.w.org\/{rel}","templated":true}]}}