{"id":15406,"date":"2021-11-16T18:00:17","date_gmt":"2021-11-16T18:00:17","guid":{"rendered":"https:\/\/revistadospneus.com\/pt\/?p=15406"},"modified":"2021-11-16T10:29:26","modified_gmt":"2021-11-16T10:29:26","slug":"comercio-de-pneus-em-portugal","status":"publish","type":"post","link":"https:\/\/revistadospneus.com\/pt\/2021\/11\/16\/comercio-de-pneus-em-portugal\/","title":{"rendered":"Com\u00e9rcio de Pneus em Portugal"},"content":{"rendered":"<p><strong><img loading=\"lazy\" decoding=\"async\" class=\"alignnone size-full wp-image-15407\" src=\"https:\/\/revistadospneus.com\/pt\/wp-content\/uploads\/2021\/09\/atividade-sustentavel-Plateau-TV.jpeg\" alt=\"09 - atividade-sustentavel-Plateau-TV\" width=\"1024\" height=\"581\" srcset=\"https:\/\/revistadospneus.com\/pt\/wp-content\/uploads\/2021\/09\/atividade-sustentavel-Plateau-TV.jpeg 1024w, https:\/\/revistadospneus.com\/pt\/wp-content\/uploads\/2021\/09\/atividade-sustentavel-Plateau-TV-300x170.jpeg 300w, https:\/\/revistadospneus.com\/pt\/wp-content\/uploads\/2021\/09\/atividade-sustentavel-Plateau-TV-150x85.jpeg 150w, https:\/\/revistadospneus.com\/pt\/wp-content\/uploads\/2021\/09\/atividade-sustentavel-Plateau-TV-768x436.jpeg 768w\" sizes=\"auto, (max-width: 1024px) 100vw, 1024px\" \/><\/strong><\/p>\n<p><strong>A ind\u00fastria dos pneus \u00e9 uma atividade que est\u00e1 em permanente desenvolvimento, que passa por descobrir, desenvolver, desenhar, fabricar, ensaiar e produzir, com vista a melhorar as funcionalidades dos \u201cpneus\u201d quer no formato tradicional, quer noutros formatos mais radicais e, ainda, pela utiliza\u00e7\u00e3o de materiais amigos do ambiente. Existe uma grande preocupa\u00e7\u00e3o ambiental e de sustentabilidade dos produtores de pneus, pelo que a atividade de um fabricante na \u00e1rea da mobilidade \u00e9 grande<\/strong><\/p>\n<p>Ribeiro da Silva, Respons\u00e1vel da Comiss\u00e3o Especializada de Produtores de Pneus da DPAI\/ACAP come\u00e7ou por referir os efeitos da crise motivada pela pandemia Covid junto dos fabricantes: \u201cO impacto gerado inicialmente no primeiro lockdown n\u00e3o foi poss\u00edvel recuperar, ainda que se tenha assistido a alguma recupera\u00e7\u00e3o \u00e0 medida que nos fomos aproximando do final do ano.<\/p>\n<p>Cada marca na medida das suas possibilidades foi procurando ultrapassar as barreiras que se iam colocando na cadeia de produ\u00e7\u00e3o, pois dependemos fortemente de cadeias log\u00edsticas muito espec\u00edficas para que cada uma das mat\u00e9rias-primas possam chegar a cada um dos pontos de produ\u00e7\u00e3o, sendo cada um deles bastante distintos. As limita\u00e7\u00f5es estavam presentes em todos os pontos devido \u00e0s restri\u00e7\u00f5es de cada um dos pa\u00edses onde est\u00e3o implantadas as respetivas f\u00e1bricas e armaz\u00e9ns centrais, assim como as dificuldades na adjudica\u00e7\u00e3o de fretes mar\u00edtimos ou rodovi\u00e1rios\u201d.<\/p>\n<p>O trabalho da ACAP foi fundamental na disponibiliza\u00e7\u00e3o de informa\u00e7\u00e3o que foi sendo gerada pelo Governo e demais institui\u00e7\u00f5es estatais que contribu\u00edram para o esclarecimento de todas as medidas que deveriam ser adotadas pelas oficinas.<\/p>\n<p>Leia todo o artigo <a href=\"https:\/\/www.yumpu.com\/pt\/document\/read\/65935609\/jornal-das-oficinas-191\/20\" target=\"_blank\" rel=\"noopener\">aqui<\/a>.<\/p>\n<!-- AddThis Advanced Settings generic via filter on the_content --><!-- AddThis Share Buttons generic via filter on the_content -->","protected":false},"excerpt":{"rendered":"<p>A ind\u00fastria dos pneus \u00e9 uma atividade que est\u00e1&#8230;<!-- AddThis Advanced Settings generic via filter on get_the_excerpt --><!-- AddThis Share Buttons generic via filter on get_the_excerpt --><\/p>\n","protected":false},"author":13,"featured_media":15407,"comment_status":"closed","ping_status":"closed","sticky":false,"template":"","format":"standard","meta":{"footnotes":""},"categories":[1],"tags":[78,1546],"class_list":["post-15406","post","type-post","status-publish","format-standard","has-post-thumbnail","hentry","category-uncategorized","tag-expomecanica","tag-plateau-tv"],"yoast_head":"<!-- This site is optimized with the Yoast SEO plugin v27.5 - https:\/\/yoast.com\/product\/yoast-seo-wordpress\/ -->\n<title>Com\u00e9rcio de Pneus em Portugal - Revista dos Pneus<\/title>\n<meta name=\"robots\" content=\"index, follow, max-snippet:-1, max-image-preview:large, max-video-preview:-1\" \/>\n<link rel=\"canonical\" href=\"https:\/\/revistadospneus.com\/pt\/2021\/11\/16\/comercio-de-pneus-em-portugal\/\" \/>\n<meta property=\"og:locale\" content=\"pt_PT\" \/>\n<meta property=\"og:type\" content=\"article\" \/>\n<meta property=\"og:title\" content=\"Com\u00e9rcio de Pneus em Portugal - Revista dos Pneus\" \/>\n<meta property=\"og:description\" content=\"A ind\u00fastria dos pneus \u00e9 uma atividade que est\u00e1...\" \/>\n<meta property=\"og:url\" content=\"https:\/\/revistadospneus.com\/pt\/2021\/11\/16\/comercio-de-pneus-em-portugal\/\" \/>\n<meta property=\"og:site_name\" content=\"Revista dos Pneus\" \/>\n<meta property=\"article:publisher\" content=\"https:\/\/www.facebook.com\/revistapneus\" \/>\n<meta property=\"article:published_time\" content=\"2021-11-16T18:00:17+00:00\" \/>\n<meta property=\"og:image\" content=\"https:\/\/revistadospneus.com\/pt\/wp-content\/uploads\/2021\/09\/atividade-sustentavel-Plateau-TV.jpeg\" \/>\n\t<meta property=\"og:image:width\" content=\"1024\" \/>\n\t<meta property=\"og:image:height\" content=\"581\" \/>\n\t<meta property=\"og:image:type\" content=\"image\/jpeg\" \/>\n<meta name=\"author\" content=\"Reda\u00e7\u00e3o RP\" \/>\n<meta name=\"twitter:card\" content=\"summary_large_image\" \/>\n<meta name=\"twitter:creator\" content=\"@revistapneus\" \/>\n<meta name=\"twitter:site\" content=\"@revistapneus\" \/>\n<meta name=\"twitter:label1\" content=\"Escrito por\" \/>\n\t<meta name=\"twitter:data1\" content=\"Reda\u00e7\u00e3o RP\" \/>\n\t<meta name=\"twitter:label2\" content=\"Tempo estimado de leitura\" \/>\n\t<meta name=\"twitter:data2\" content=\"1 minuto\" \/>\n<script type=\"application\/ld+json\" class=\"yoast-schema-graph\">{\"@context\":\"https:\\\/\\\/schema.org\",\"@graph\":[{\"@type\":\"Article\",\"@id\":\"https:\\\/\\\/revistadospneus.com\\\/pt\\\/2021\\\/11\\\/16\\\/comercio-de-pneus-em-portugal\\\/#article\",\"isPartOf\":{\"@id\":\"https:\\\/\\\/revistadospneus.com\\\/pt\\\/2021\\\/11\\\/16\\\/comercio-de-pneus-em-portugal\\\/\"},\"author\":{\"name\":\"Reda\u00e7\u00e3o RP\",\"@id\":\"https:\\\/\\\/revistadospneus.com\\\/pt\\\/#\\\/schema\\\/person\\\/9c602809538a614c26e5569d14ed6442\"},\"headline\":\"Com\u00e9rcio de Pneus em Portugal\",\"datePublished\":\"2021-11-16T18:00:17+00:00\",\"mainEntityOfPage\":{\"@id\":\"https:\\\/\\\/revistadospneus.com\\\/pt\\\/2021\\\/11\\\/16\\\/comercio-de-pneus-em-portugal\\\/\"},\"wordCount\":285,\"publisher\":{\"@id\":\"https:\\\/\\\/revistadospneus.com\\\/pt\\\/#organization\"},\"image\":{\"@id\":\"https:\\\/\\\/revistadospneus.com\\\/pt\\\/2021\\\/11\\\/16\\\/comercio-de-pneus-em-portugal\\\/#primaryimage\"},\"thumbnailUrl\":\"https:\\\/\\\/revistadospneus.com\\\/pt\\\/wp-content\\\/uploads\\\/2021\\\/09\\\/atividade-sustentavel-Plateau-TV.jpeg\",\"keywords\":[\"expoMEC\u00c2NICA\",\"Plateau TV\"],\"articleSection\":[\"Uncategorized\"],\"inLanguage\":\"pt-PT\"},{\"@type\":\"WebPage\",\"@id\":\"https:\\\/\\\/revistadospneus.com\\\/pt\\\/2021\\\/11\\\/16\\\/comercio-de-pneus-em-portugal\\\/\",\"url\":\"https:\\\/\\\/revistadospneus.com\\\/pt\\\/2021\\\/11\\\/16\\\/comercio-de-pneus-em-portugal\\\/\",\"name\":\"Com\u00e9rcio de Pneus em Portugal - Revista dos Pneus\",\"isPartOf\":{\"@id\":\"https:\\\/\\\/revistadospneus.com\\\/pt\\\/#website\"},\"primaryImageOfPage\":{\"@id\":\"https:\\\/\\\/revistadospneus.com\\\/pt\\\/2021\\\/11\\\/16\\\/comercio-de-pneus-em-portugal\\\/#primaryimage\"},\"image\":{\"@id\":\"https:\\\/\\\/revistadospneus.com\\\/pt\\\/2021\\\/11\\\/16\\\/comercio-de-pneus-em-portugal\\\/#primaryimage\"},\"thumbnailUrl\":\"https:\\\/\\\/revistadospneus.com\\\/pt\\\/wp-content\\\/uploads\\\/2021\\\/09\\\/atividade-sustentavel-Plateau-TV.jpeg\",\"datePublished\":\"2021-11-16T18:00:17+00:00\",\"breadcrumb\":{\"@id\":\"https:\\\/\\\/revistadospneus.com\\\/pt\\\/2021\\\/11\\\/16\\\/comercio-de-pneus-em-portugal\\\/#breadcrumb\"},\"inLanguage\":\"pt-PT\",\"potentialAction\":[{\"@type\":\"ReadAction\",\"target\":[\"https:\\\/\\\/revistadospneus.com\\\/pt\\\/2021\\\/11\\\/16\\\/comercio-de-pneus-em-portugal\\\/\"]}]},{\"@type\":\"ImageObject\",\"inLanguage\":\"pt-PT\",\"@id\":\"https:\\\/\\\/revistadospneus.com\\\/pt\\\/2021\\\/11\\\/16\\\/comercio-de-pneus-em-portugal\\\/#primaryimage\",\"url\":\"https:\\\/\\\/revistadospneus.com\\\/pt\\\/wp-content\\\/uploads\\\/2021\\\/09\\\/atividade-sustentavel-Plateau-TV.jpeg\",\"contentUrl\":\"https:\\\/\\\/revistadospneus.com\\\/pt\\\/wp-content\\\/uploads\\\/2021\\\/09\\\/atividade-sustentavel-Plateau-TV.jpeg\",\"width\":1024,\"height\":581,\"caption\":\"09 - atividade-sustentavel-Plateau-TV\"},{\"@type\":\"BreadcrumbList\",\"@id\":\"https:\\\/\\\/revistadospneus.com\\\/pt\\\/2021\\\/11\\\/16\\\/comercio-de-pneus-em-portugal\\\/#breadcrumb\",\"itemListElement\":[{\"@type\":\"ListItem\",\"position\":1,\"name\":\"In\u00edcio\",\"item\":\"https:\\\/\\\/revistadospneus.com\\\/pt\\\/\"},{\"@type\":\"ListItem\",\"position\":2,\"name\":\"Com\u00e9rcio de Pneus em Portugal\"}]},{\"@type\":\"WebSite\",\"@id\":\"https:\\\/\\\/revistadospneus.com\\\/pt\\\/#website\",\"url\":\"https:\\\/\\\/revistadospneus.com\\\/pt\\\/\",\"name\":\"Revista dos Pneus\",\"description\":\"Revista independente de pneus e servi\u00e7os r\u00e1pidos\",\"publisher\":{\"@id\":\"https:\\\/\\\/revistadospneus.com\\\/pt\\\/#organization\"},\"potentialAction\":[{\"@type\":\"SearchAction\",\"target\":{\"@type\":\"EntryPoint\",\"urlTemplate\":\"https:\\\/\\\/revistadospneus.com\\\/pt\\\/?s={search_term_string}\"},\"query-input\":{\"@type\":\"PropertyValueSpecification\",\"valueRequired\":true,\"valueName\":\"search_term_string\"}}],\"inLanguage\":\"pt-PT\"},{\"@type\":\"Organization\",\"@id\":\"https:\\\/\\\/revistadospneus.com\\\/pt\\\/#organization\",\"name\":\"Revista dos Pneus\",\"url\":\"https:\\\/\\\/revistadospneus.com\\\/pt\\\/\",\"logo\":{\"@type\":\"ImageObject\",\"inLanguage\":\"pt-PT\",\"@id\":\"https:\\\/\\\/revistadospneus.com\\\/pt\\\/#\\\/schema\\\/logo\\\/image\\\/\",\"url\":\"https:\\\/\\\/revistadospneus.com\\\/pt\\\/wp-content\\\/uploads\\\/logo2-1.png\",\"contentUrl\":\"https:\\\/\\\/revistadospneus.com\\\/pt\\\/wp-content\\\/uploads\\\/logo2-1.png\",\"width\":216,\"height\":70,\"caption\":\"Revista dos Pneus\"},\"image\":{\"@id\":\"https:\\\/\\\/revistadospneus.com\\\/pt\\\/#\\\/schema\\\/logo\\\/image\\\/\"},\"sameAs\":[\"https:\\\/\\\/www.facebook.com\\\/revistapneus\",\"https:\\\/\\\/x.com\\\/revistapneus\",\"https:\\\/\\\/www.linkedin.com\\\/company\\\/jornal-das-oficinas\\\/\",\"https:\\\/\\\/www.youtube.com\\\/channel\\\/UCbQZBqtcvV-oSQrr7RzINGg\"]},{\"@type\":\"Person\",\"@id\":\"https:\\\/\\\/revistadospneus.com\\\/pt\\\/#\\\/schema\\\/person\\\/9c602809538a614c26e5569d14ed6442\",\"name\":\"Reda\u00e7\u00e3o RP\",\"image\":{\"@type\":\"ImageObject\",\"inLanguage\":\"pt-PT\",\"@id\":\"https:\\\/\\\/secure.gravatar.com\\\/avatar\\\/71f2fa71737ad68a84fea94bc708ddac8ea5b0c4788dc2ad202f3ccb2887742f?s=96&d=wp_user_avatar&r=g\",\"url\":\"https:\\\/\\\/secure.gravatar.com\\\/avatar\\\/71f2fa71737ad68a84fea94bc708ddac8ea5b0c4788dc2ad202f3ccb2887742f?s=96&d=wp_user_avatar&r=g\",\"contentUrl\":\"https:\\\/\\\/secure.gravatar.com\\\/avatar\\\/71f2fa71737ad68a84fea94bc708ddac8ea5b0c4788dc2ad202f3ccb2887742f?s=96&d=wp_user_avatar&r=g\",\"caption\":\"Reda\u00e7\u00e3o RP\"},\"url\":\"https:\\\/\\\/revistadospneus.com\\\/pt\\\/author\\\/rpredacao\\\/\"}]}<\/script>\n<!-- \/ Yoast SEO plugin. -->","yoast_head_json":{"title":"Com\u00e9rcio de Pneus em Portugal - Revista dos Pneus","robots":{"index":"index","follow":"follow","max-snippet":"max-snippet:-1","max-image-preview":"max-image-preview:large","max-video-preview":"max-video-preview:-1"},"canonical":"https:\/\/revistadospneus.com\/pt\/2021\/11\/16\/comercio-de-pneus-em-portugal\/","og_locale":"pt_PT","og_type":"article","og_title":"Com\u00e9rcio de Pneus em Portugal - Revista dos Pneus","og_description":"A ind\u00fastria dos pneus \u00e9 uma atividade que est\u00e1...","og_url":"https:\/\/revistadospneus.com\/pt\/2021\/11\/16\/comercio-de-pneus-em-portugal\/","og_site_name":"Revista dos Pneus","article_publisher":"https:\/\/www.facebook.com\/revistapneus","article_published_time":"2021-11-16T18:00:17+00:00","og_image":[{"width":1024,"height":581,"url":"https:\/\/revistadospneus.com\/pt\/wp-content\/uploads\/2021\/09\/atividade-sustentavel-Plateau-TV.jpeg","type":"image\/jpeg"}],"author":"Reda\u00e7\u00e3o RP","twitter_card":"summary_large_image","twitter_creator":"@revistapneus","twitter_site":"@revistapneus","twitter_misc":{"Escrito por":"Reda\u00e7\u00e3o RP","Tempo estimado de leitura":"1 minuto"},"schema":{"@context":"https:\/\/schema.org","@graph":[{"@type":"Article","@id":"https:\/\/revistadospneus.com\/pt\/2021\/11\/16\/comercio-de-pneus-em-portugal\/#article","isPartOf":{"@id":"https:\/\/revistadospneus.com\/pt\/2021\/11\/16\/comercio-de-pneus-em-portugal\/"},"author":{"name":"Reda\u00e7\u00e3o RP","@id":"https:\/\/revistadospneus.com\/pt\/#\/schema\/person\/9c602809538a614c26e5569d14ed6442"},"headline":"Com\u00e9rcio de Pneus em Portugal","datePublished":"2021-11-16T18:00:17+00:00","mainEntityOfPage":{"@id":"https:\/\/revistadospneus.com\/pt\/2021\/11\/16\/comercio-de-pneus-em-portugal\/"},"wordCount":285,"publisher":{"@id":"https:\/\/revistadospneus.com\/pt\/#organization"},"image":{"@id":"https:\/\/revistadospneus.com\/pt\/2021\/11\/16\/comercio-de-pneus-em-portugal\/#primaryimage"},"thumbnailUrl":"https:\/\/revistadospneus.com\/pt\/wp-content\/uploads\/2021\/09\/atividade-sustentavel-Plateau-TV.jpeg","keywords":["expoMEC\u00c2NICA","Plateau TV"],"articleSection":["Uncategorized"],"inLanguage":"pt-PT"},{"@type":"WebPage","@id":"https:\/\/revistadospneus.com\/pt\/2021\/11\/16\/comercio-de-pneus-em-portugal\/","url":"https:\/\/revistadospneus.com\/pt\/2021\/11\/16\/comercio-de-pneus-em-portugal\/","name":"Com\u00e9rcio de Pneus em Portugal - Revista dos Pneus","isPartOf":{"@id":"https:\/\/revistadospneus.com\/pt\/#website"},"primaryImageOfPage":{"@id":"https:\/\/revistadospneus.com\/pt\/2021\/11\/16\/comercio-de-pneus-em-portugal\/#primaryimage"},"image":{"@id":"https:\/\/revistadospneus.com\/pt\/2021\/11\/16\/comercio-de-pneus-em-portugal\/#primaryimage"},"thumbnailUrl":"https:\/\/revistadospneus.com\/pt\/wp-content\/uploads\/2021\/09\/atividade-sustentavel-Plateau-TV.jpeg","datePublished":"2021-11-16T18:00:17+00:00","breadcrumb":{"@id":"https:\/\/revistadospneus.com\/pt\/2021\/11\/16\/comercio-de-pneus-em-portugal\/#breadcrumb"},"inLanguage":"pt-PT","potentialAction":[{"@type":"ReadAction","target":["https:\/\/revistadospneus.com\/pt\/2021\/11\/16\/comercio-de-pneus-em-portugal\/"]}]},{"@type":"ImageObject","inLanguage":"pt-PT","@id":"https:\/\/revistadospneus.com\/pt\/2021\/11\/16\/comercio-de-pneus-em-portugal\/#primaryimage","url":"https:\/\/revistadospneus.com\/pt\/wp-content\/uploads\/2021\/09\/atividade-sustentavel-Plateau-TV.jpeg","contentUrl":"https:\/\/revistadospneus.com\/pt\/wp-content\/uploads\/2021\/09\/atividade-sustentavel-Plateau-TV.jpeg","width":1024,"height":581,"caption":"09 - atividade-sustentavel-Plateau-TV"},{"@type":"BreadcrumbList","@id":"https:\/\/revistadospneus.com\/pt\/2021\/11\/16\/comercio-de-pneus-em-portugal\/#breadcrumb","itemListElement":[{"@type":"ListItem","position":1,"name":"In\u00edcio","item":"https:\/\/revistadospneus.com\/pt\/"},{"@type":"ListItem","position":2,"name":"Com\u00e9rcio de Pneus em Portugal"}]},{"@type":"WebSite","@id":"https:\/\/revistadospneus.com\/pt\/#website","url":"https:\/\/revistadospneus.com\/pt\/","name":"Revista dos Pneus","description":"Revista independente de pneus e servi\u00e7os r\u00e1pidos","publisher":{"@id":"https:\/\/revistadospneus.com\/pt\/#organization"},"potentialAction":[{"@type":"SearchAction","target":{"@type":"EntryPoint","urlTemplate":"https:\/\/revistadospneus.com\/pt\/?s={search_term_string}"},"query-input":{"@type":"PropertyValueSpecification","valueRequired":true,"valueName":"search_term_string"}}],"inLanguage":"pt-PT"},{"@type":"Organization","@id":"https:\/\/revistadospneus.com\/pt\/#organization","name":"Revista dos Pneus","url":"https:\/\/revistadospneus.com\/pt\/","logo":{"@type":"ImageObject","inLanguage":"pt-PT","@id":"https:\/\/revistadospneus.com\/pt\/#\/schema\/logo\/image\/","url":"https:\/\/revistadospneus.com\/pt\/wp-content\/uploads\/logo2-1.png","contentUrl":"https:\/\/revistadospneus.com\/pt\/wp-content\/uploads\/logo2-1.png","width":216,"height":70,"caption":"Revista dos Pneus"},"image":{"@id":"https:\/\/revistadospneus.com\/pt\/#\/schema\/logo\/image\/"},"sameAs":["https:\/\/www.facebook.com\/revistapneus","https:\/\/x.com\/revistapneus","https:\/\/www.linkedin.com\/company\/jornal-das-oficinas\/","https:\/\/www.youtube.com\/channel\/UCbQZBqtcvV-oSQrr7RzINGg"]},{"@type":"Person","@id":"https:\/\/revistadospneus.com\/pt\/#\/schema\/person\/9c602809538a614c26e5569d14ed6442","name":"Reda\u00e7\u00e3o RP","image":{"@type":"ImageObject","inLanguage":"pt-PT","@id":"https:\/\/secure.gravatar.com\/avatar\/71f2fa71737ad68a84fea94bc708ddac8ea5b0c4788dc2ad202f3ccb2887742f?s=96&d=wp_user_avatar&r=g","url":"https:\/\/secure.gravatar.com\/avatar\/71f2fa71737ad68a84fea94bc708ddac8ea5b0c4788dc2ad202f3ccb2887742f?s=96&d=wp_user_avatar&r=g","contentUrl":"https:\/\/secure.gravatar.com\/avatar\/71f2fa71737ad68a84fea94bc708ddac8ea5b0c4788dc2ad202f3ccb2887742f?s=96&d=wp_user_avatar&r=g","caption":"Reda\u00e7\u00e3o RP"},"url":"https:\/\/revistadospneus.com\/pt\/author\/rpredacao\/"}]}},"_links":{"self":[{"href":"https:\/\/revistadospneus.com\/pt\/wp-json\/wp\/v2\/posts\/15406","targetHints":{"allow":["GET"]}}],"collection":[{"href":"https:\/\/revistadospneus.com\/pt\/wp-json\/wp\/v2\/posts"}],"about":[{"href":"https:\/\/revistadospneus.com\/pt\/wp-json\/wp\/v2\/types\/post"}],"author":[{"embeddable":true,"href":"https:\/\/revistadospneus.com\/pt\/wp-json\/wp\/v2\/users\/13"}],"replies":[{"embeddable":true,"href":"https:\/\/revistadospneus.com\/pt\/wp-json\/wp\/v2\/comments?post=15406"}],"version-history":[{"count":0,"href":"https:\/\/revistadospneus.com\/pt\/wp-json\/wp\/v2\/posts\/15406\/revisions"}],"wp:featuredmedia":[{"embeddable":true,"href":"https:\/\/revistadospneus.com\/pt\/wp-json\/wp\/v2\/media\/15407"}],"wp:attachment":[{"href":"https:\/\/revistadospneus.com\/pt\/wp-json\/wp\/v2\/media?parent=15406"}],"wp:term":[{"taxonomy":"category","embeddable":true,"href":"https:\/\/revistadospneus.com\/pt\/wp-json\/wp\/v2\/categories?post=15406"},{"taxonomy":"post_tag","embeddable":true,"href":"https:\/\/revistadospneus.com\/pt\/wp-json\/wp\/v2\/tags?post=15406"}],"curies":[{"name":"wp","href":"https:\/\/api.w.org\/{rel}","templated":true}]}}