{"id":16962,"date":"2022-05-03T14:00:51","date_gmt":"2022-05-03T13:00:51","guid":{"rendered":"https:\/\/revistadospneus.com\/pt\/?p=16962"},"modified":"2022-05-02T12:27:55","modified_gmt":"2022-05-02T11:27:55","slug":"michelin-presente-na-feira-internacional-de-maquinaria-agricola","status":"publish","type":"post","link":"https:\/\/revistadospneus.com\/pt\/2022\/05\/03\/michelin-presente-na-feira-internacional-de-maquinaria-agricola\/","title":{"rendered":"Michelin presente na Feira Internacional de Maquinaria Agr\u00edcola"},"content":{"rendered":"<p><img loading=\"lazy\" decoding=\"async\" class=\"alignnone size-full wp-image-16930\" src=\"https:\/\/revistadospneus.com\/pt\/wp-content\/uploads\/2022\/05\/Michelin-presente-na-Feira-Internacional-de-Maquinaria-Agri\u0301cola.jpg\" alt=\"05 - Michelin presente na Feira Internacional de Maquinaria Agri\u0301cola\" width=\"1024\" height=\"581\" srcset=\"https:\/\/revistadospneus.com\/pt\/wp-content\/uploads\/2022\/05\/Michelin-presente-na-Feira-Internacional-de-Maquinaria-Agri\u0301cola.jpg 1024w, https:\/\/revistadospneus.com\/pt\/wp-content\/uploads\/2022\/05\/Michelin-presente-na-Feira-Internacional-de-Maquinaria-Agri\u0301cola-300x170.jpg 300w, https:\/\/revistadospneus.com\/pt\/wp-content\/uploads\/2022\/05\/Michelin-presente-na-Feira-Internacional-de-Maquinaria-Agri\u0301cola-150x85.jpg 150w, https:\/\/revistadospneus.com\/pt\/wp-content\/uploads\/2022\/05\/Michelin-presente-na-Feira-Internacional-de-Maquinaria-Agri\u0301cola-768x436.jpg 768w\" sizes=\"auto, (max-width: 1024px) 100vw, 1024px\" \/><\/p>\n<p><strong>A Michelin marcou presen\u00e7a na 42\u00aa edi\u00e7\u00e3o da Feira Internacional da Maquinaria Agr\u00edcola (FIMA 2022), que se realizou em Sarago\u00e7a de 26 a 30 de abril<\/strong><\/p>\n<p>Os visitantes do certame poderam descobrir a gama de pneus e as solu\u00e7\u00f5es complementares da Michelin, desenvolvidas atrav\u00e9s da inova\u00e7\u00e3o e da estreita colabora\u00e7\u00e3o com os seus clientes, para ajudar o agricultor a produzir de forma eficiente, melhorando a produtividade com o m\u00ednimo impacto sobre o solo.<\/p>\n<p>No stand da Michelin na FIMA 2022, os visitantes poderam comprovar as carater\u00edsticas dos pneus\u00a0MICHELIN AXIOBIB 2\u00a0e\u00a0MICHELIN EVOBIB\u00a02, com as vantagens proporcionadas pela tecnologia MICHELIN ULTRAFLEX. Tamb\u00e9m em exposi\u00e7\u00e3o, o inovador\u00a0MICHELIN ROADBIB, agora com uma gama que amplia para sete as medidas dispon\u00edveis; e o novo\u00a0MICHELIN SPRAYBIB CFO, um pneu de muito baixa press\u00e3o, para pulverizadores automotrizes.<\/p>\n<p>Completam o stand da Michelin a gama\u00a0MICHELIN TRAILXBIB, pneus especificamente concebidos para maquinaria rebocada ou alfaias, que, no ano passado, viu a sua oferta ser alargada com sete novas medidas; e o\u00a0MICHELIN CEREXBIB 2, o pneu da Michelin concebido para grandes ceifeiras-debulhadoras.<\/p>\n<p>A Michelin exibe, tamb\u00e9m, na FIMA a sua\u00a0solu\u00e7\u00e3o de teleinsufla\u00e7\u00e3o PTG, galardoada com o \u201cPr\u00e9mio Inova\u00e7\u00e3o FIMA\u201d; e as solu\u00e7\u00f5es feitas sob medida propostas pela\u00a0Camso, com os seus inovadores sistemas de convers\u00e3o para lagartas.<div class='yrm-content yrm-content-1 yrm-content-hide  ' id='yrm-ZCHzG' data-id='1' data-show-status='false' data-after-action='' style=\"visibility: hidden;height: 0;\">\n\t\t\t<div id='yrm-inner-content-yrm-ZCHzG' class='yrm-inner-content-wrapper yrm-cntent-1'><\/p>\n<p><strong>MICHELIN AXIOBIB 2: o pneu polivalente para tratores de media e elevada pot\u00eancia<br \/>\n<\/strong>Uma capacidade de carga superior \u00e0 dos pneus standard, uma excelente capacidade de tra\u00e7\u00e3o no campo, e as marca\u00e7\u00f5es NRO e AIRSYSTEM READY, tornam o MICHELIN AXIOBIB 2 num pneu polivalente, destinado a tratores de media e elevada pot\u00eancia para trabalhos pesados e de transporte, oferecendo a melhor oferta para a prote\u00e7\u00e3o dos solos. Gra\u00e7as \u00e0s tecnologias utilizadas, o resultado final representa um benef\u00edcio de entre 7% e 10% da produtividade para a explora\u00e7\u00e3o agr\u00edcola, com uma melhoria da performance de at\u00e9 4% ao ano.<\/p>\n<p>Principais carater\u00edsticas do MICHELIN AXIOBIB 2:<\/p>\n<ul>\n<li>Tecnologia MICHELIN Ultraflex: carca\u00e7a muito flex\u00edvel, que permite at\u00e9 40% mais de capacidade de carga, ou at\u00e9 40% menos de press\u00e3o (at\u00e9 0,6 bar);<\/li>\n<li>Excelente capacidade de tra\u00e7\u00e3o: at\u00e9 19% de \u00e1rea de contacto adicional; melhorias de at\u00e9 35% na transmiss\u00e3o da pot\u00eancia ao solo;<\/li>\n<li>Superior velocidade de trabalho: poupan\u00e7as de tempo que permitem um aumento da produtividade de entre 7 e 11%;<\/li>\n<li>Marca\u00e7\u00e3o NRO (Narrow Rim Option): compat\u00edvel com jantes de menor largura do que as permitidas pelas normas ETRTO para pneu IF ou VF da mesma medida, o que permite que os pneus se possam adaptar a m\u00e1quinas mais antigas;<\/li>\n<li>Marca\u00e7\u00e3o AIRSYSTEM READY: compatibilidade com sistemas centralizados de insufla\u00e7\u00e3o, que permitem fazer descer a press\u00e3o at\u00e9 0,6 no campo (em fun\u00e7\u00e3o do solo e do trabalho a realizar), ou alcan\u00e7ar 2 bar para a sua utiliza\u00e7\u00e3o sobre asfalto, caso seja necess\u00e1rio;<\/li>\n<li>Dispon\u00edvel em 17 medidas.<\/li>\n<\/ul>\n<p><strong>\u00a0<\/strong><strong>MICHELIN EVOBIB 2: um pneu adaptativo para estrada e campo<br \/>\n<\/strong>Fabricado em Valladolid, o MICHELIN EVOBIB 2 \u00e9 o pneu destinado a tratores com uma pot\u00eancia de entre 200 e 300 CV equipados com sistemas CTIS de teleinsufla\u00e7\u00e3o, dirigido a agricultores e empresas de servi\u00e7os que n\u00e3o queiram comprometer a performance, seja na utiliza\u00e7\u00e3o em estrada ou no campo.<\/p>\n<p>A sua tecnologia adaptativa ADT permite maximizar a \u00e1rea de contacto com o solo, o que, juntamente com a estrutura de muito baixa press\u00e3o (MICHELIN Ultraflex), permite reduzir a compacta\u00e7\u00e3o do solo e melhorar a tra\u00e7\u00e3o no campo. Em estrada, a redu\u00e7\u00e3o da \u00e1rea de contacto com o solo, e o seu taco central cont\u00ednuo, reduzem a resist\u00eancia ao rolamento e o consumo de combust\u00edvel, contribuindo, ainda, para melhorar a estabilidade a alta velocidade e aumentar a dura\u00e7\u00e3o do pneu.<\/p>\n<p>Principais carater\u00edsticas do MICHELIN EVOBIB 2:<\/p>\n<ul>\n<li>Tecnologia MICHELIN Ultraflex, a qual, combinada com um sistema CTIS, permite trabalhar a muito baixa press\u00e3o no campo (prote\u00e7\u00e3o do solo), ou a maior press\u00e3o em estrada (poupan\u00e7a de combust\u00edvel e maior dura\u00e7\u00e3o);<\/li>\n<li>At\u00e9 47%1\u00a0de varia\u00e7\u00e3o da \u00e1rea de contacto com o solo entre a estrada e o campo, o dobro de um pneu VF de muito elevada flex\u00e3o, como o MICHELIN AXIOBIB 2, utilizando sistemas de teleinsufla\u00e7\u00e3o;<\/li>\n<li>Desenho da banda de rolamento otimizado e carca\u00e7a PFO (Pressure Field Operation), que permite diminuir a press\u00e3o no campo, aumentando a tra\u00e7\u00e3o e a prote\u00e7\u00e3o do solo;<\/li>\n<li>Aumento de 15% da tra\u00e7\u00e3o2\u00a0por compara\u00e7\u00e3o com outros pneus VF com desenho h\u00edbrido, mantendo a mesma capacidade de tra\u00e7\u00e3o que um pneu VF de tacos;<\/li>\n<li>Redu\u00e7\u00e3o do consumo de combust\u00edvel de at\u00e9 2 litros por hora por compara\u00e7\u00e3o com um pneu VF h\u00edbrido da concorr\u00eancia, e de 1 litro por hora por compara\u00e7\u00e3o com o MICHELIN AXIOBIB 2 com sistema de teleinsufla\u00e7\u00e3o;<\/li>\n<li>Estar\u00e3o dispon\u00edveis ao longo de 2022 duas medidas: VF 710\/70 R 42 e VF 600\/70 R 30;<\/li>\n<li>Novas dimens\u00f5es para tratores com mais de 300 CV a partir de 2023.<\/li>\n<\/ul>\n<p><strong>MICHELIN ROADBIB: a solu\u00e7\u00e3o para uso intensivo em terrenos duros e em estrada<br \/>\n<\/strong>A maioria da maquinaria das explora\u00e7\u00f5es agr\u00edcolas passa mais de 50% do tempo em estrada, o que equivale a 80% da dist\u00e2ncia total por si percorrida. O Michelin ROADBIB \u00e9 a solu\u00e7\u00e3o ideal para tratores com pot\u00eancias desde 160 CV a mais de 400 CV, que necessitam de pneus de alto desempenho, em termos de dura\u00e7\u00e3o e tra\u00e7\u00e3o, neste tipo de utiliza\u00e7\u00e3o, predominantemente em terrenos duros ou desloca\u00e7\u00f5es frequentes por estrada.<\/p>\n<p>As principais ventagens do MICHELIN ROADBIB, por compara\u00e7\u00e3o com um pneu convencional, s\u00e3o a melhoria do conforto, uma maior precis\u00e3o na condu\u00e7\u00e3o, e uma menor resist\u00eancia ao rolamento, o que se traduz em poupan\u00e7a de combust\u00edvel e numa maior dura\u00e7\u00e3o. A chave da sua excelente performance \u00e9 o desenho h\u00edbrido da banda de rolamento, com 52 blocos e um taco central cont\u00ednuo, que permitem 60% mais de borracha em contacto com o solo, por compara\u00e7\u00e3o com um pneu agr\u00edcola tradicional, ao mesmo tempo melhorando o conforto e ajudando a reduzir o consumo de combust\u00edvel.<\/p>\n<p>Principais caracter\u00edsticas do MICHELIN ROADBIB:<\/p>\n<ul>\n<li>Excelente conforto, gra\u00e7as ao desenho h\u00edbrido da banda de rolamento, com 52 blocos e um taco central cont\u00ednuo, que limita as vibra\u00e7\u00f5es da cabina;<\/li>\n<li>Inovador desenho h\u00edbrido tamb\u00e9m protege os solos do esmagamento e reduz os danos nos cultivos;<\/li>\n<li>Larga \u00e1rea de contacto com o solo, combinada com uma escultura pouco profunda, para uma baixa resist\u00eancia ao rolamento e um menor consumo de combust\u00edvel;<\/li>\n<li>Maior dura\u00e7\u00e3o gra\u00e7as a uma escultura com mais borracha em contacto com o solo;<\/li>\n<li>Dispon\u00edvel em 9 medidas, tanto enquanto equipamento original como de substitui\u00e7\u00e3o.<\/li>\n<\/ul>\n<p><strong>MICHELIN SPRAYBIB CFO: o pneu de muito baixa press\u00e3o para pulverizadores automotrizes<br \/>\n<\/strong>O novo MICHELIN SPRAYBIB CFO4\u00a0(Cyclical Field Operation) responde \u00e0s expetativas dos utilizadores dos novos pulverizadores automotrizes, que contam com dep\u00f3sitos cada vez maiores, e com barras de pulveriza\u00e7\u00e3o maiores, por isso necessitando de pneus capazes de suportar grandes cargas. Face ao seu predecessor, o MICHELIN SPRAYBIB, esta nova gama de pneus de muito baixa press\u00e3o contribui para o aumento da produtividade e para a prote\u00e7\u00e3o do solo, proporcionando um maior conforto para o condutor.<\/p>\n<p>Principais carater\u00edsticas do MICHELIN SPRAYBIB CFO:<\/p>\n<ul>\n<li>Carca\u00e7a refor\u00e7ada, proporciona at\u00e9 1,3 toneladas de capacidade de carga adicional por eixo (em fun\u00e7\u00e3o da medida). Permite incrementar a capacidade de carga at\u00e9 14%;<\/li>\n<li>Tra\u00e7\u00e3o melhorada em at\u00e9 20%6, gra\u00e7as \u00e0 sua capacidade para trabalhar a press\u00f5es ainda mais baixas;<\/li>\n<li>Maior vida \u00fatil, gra\u00e7as ao maior n\u00famero de tacos, com um desenho largo e refor\u00e7ado;<\/li>\n<li>Novo desenho da carca\u00e7a, que combina as normas VF7\u00a0e CFO4, o que permite reduzir 0,7 bar as press\u00f5es de trabalho para a sua utiliza\u00e7\u00e3o em cargas c\u00edclicas, para diminuir a compacta\u00e7\u00e3o do solo e minimizar os n\u00edveis de vibra\u00e7\u00e3o durante a condu\u00e7\u00e3o;<\/li>\n<li>Aumento da velocidade m\u00e1xima de transporte, com a introdu\u00e7\u00e3o do \u00edndice de velocidade E (at\u00e9 70 km\/h) em algumas medidas;<\/li>\n<li>Nova medida VF 420\/90 R34 dispon\u00edvel, que permite um aumento da capacidade de carga, ou uma diminui\u00e7\u00e3o da press\u00e3o de enchimento para proteger o solo.<\/li>\n<\/ul>\n<p><strong>MICHELIN TRAILXBIB: tecnologia inovadora para preservar o solo<br \/>\n<\/strong>Concebidos especificamente para maquinaria rebocada ou alfaias com rodas, o MICHELIN TRAILXBIB protege o solo, limitando a sua compacta\u00e7\u00e3o e garantindo um rendimento agr\u00edcola superior, gra\u00e7as \u00e0 sua capacidade para trabalhar a muito baixa press\u00e3o. Permite aos agricultores equiparem todo o seu parque rolante com pneus dotados de tecnologia MICHELIN ULTRAFLEX. Adicionalmente, a gama MICHELIN TRAILXBIB \u00e9 totalmente compat\u00edvel com os sistemas de teleinsufla\u00e7\u00e3o, gra\u00e7as \u00e0 marca\u00e7\u00e3o AIRSYSTEM READY, o que permite ao agricultor ajustar facilmente a press\u00e3o dos pneus, inclusivamente nos equipamentos rebocados, em tempo real e em fun\u00e7\u00e3o do tipo ou das condi\u00e7\u00f5es do solo.<\/p>\n<p>Principais caracter\u00edsticas do MICHELIN TRAILXBIB:<\/p>\n<ul>\n<li>Desenho da carca\u00e7a VF (Very high Flexion)\u00a0. Adicionalmente, para a carga recomendada, pode trabalhar a press\u00f5es mais baixas, o que permite uma melhor prote\u00e7\u00e3o do solo;<\/li>\n<li>Tecnologia MICHELIN ULTRAFLEX:\u00a0 grande resist\u00eancia aos danos, especialmente quando se trabalha com baixas press\u00f5es de enchimento, e distribui\u00e7\u00e3o uniforme do peso atrav\u00e9s da superf\u00edcie de contacto do pneu, o que garante elevados n\u00edveis de prote\u00e7\u00e3o do solo;<\/li>\n<li>Desenho da banda de rolamento com elevada capacidade de escoamento da lama; reduz a lama depositada nas estradas ap\u00f3s o trabalho no campo;<\/li>\n<li>Nervura central na banda de rolamento garante um desgaste regular e um comportamento seguro em estrada;<\/li>\n<li>Dispon\u00edvel em 9 medidas.<\/li>\n<\/ul>\n<p><strong>MICHELIN CEREXBIB 2: maior produtividade para grandes ceifeiras-debulhadoras<br \/>\n<\/strong>Concebido e desenvolvido para satisfazer as necessidades espec\u00edficas, em termos de tra\u00e7\u00e3o e flexibilidade, dos principais fabricantes de ceifeiras-debulhadoras, as tecnologias incorporadas no MICHELIN CEREXBIB 2 permitem uma maior produtividade, combinada com uma excelente prote\u00e7\u00e3o do solo, assim como uma elevada tra\u00e7\u00e3o em pendentes e solo h\u00famidos. Em concreto, a perfeita distribui\u00e7\u00e3o da \u00e1rea de contacto com o solo, e a capacidade de flex\u00e3o dos seus flancos, reduzem substancialmente a forma\u00e7\u00e3o de sulos e a compacta\u00e7\u00e3o. Adicionalmente, o MICHELIN CEREXBIB 2 \u00e9 compat\u00edvel com sistemas de teleinsufla\u00e7\u00e3o.<\/p>\n<p>Principais caracter\u00edsticas do MICHELIN CEREXBIB:<\/p>\n<ul>\n<li>Tecnologia MICHELIN ULTRAFLEX, que permite operar no campo a baixas press\u00f5es, com at\u00e9 15% mais de superf\u00edcie de contacto com o solo;<\/li>\n<li>Produtividade: a superior prote\u00e7\u00e3o do solo permite at\u00e9 mais 4% de rendimento ao ano, melhorando as futuras colheitas;<\/li>\n<li>Desenho da carca\u00e7a segundo a norma CFO+, permite transportar mais carga a 10 km\/h em opera\u00e7\u00f5es de campo c\u00edclicas, e operar com press\u00f5es de at\u00e9 45% menos relativamente a um pneu radial n\u00e3o CFO+ da mesma medida;<\/li>\n<li>AIR SYSTEMS READY: pneu compat\u00edvel com sistemas de teleinsufla\u00e7\u00e3o;<\/li>\n<li>Dispon\u00edvel em 19 medidas.<\/li>\n<\/ul>\n<p><strong>PTG: solu\u00e7\u00e3o de teleinsufla\u00e7\u00e3o desenvolvida em colabora\u00e7\u00e3o com os agricultores<br \/>\n<\/strong>O sistema de insufla\u00e7\u00e3o remota PTG da Michelin, que pode ser instalar tanto em tratores como em reboques, permite aos pneus agr\u00edcolas garantir uma maior prote\u00e7\u00e3o dos solos e um aumento da produtividade e das presta\u00e7\u00f5es em estrada, gra\u00e7as \u00e0 sua capacidade para ajustar a press\u00e3o dos pneus da maquinaria agr\u00edcola a partir da cabina, em qualquer momento, em fun\u00e7\u00e3o das necessidades.<\/p>\n<p>Baseado numa instala\u00e7\u00e3o de v\u00e1lvulas e acoplamentos rotativos, conectados a um circuito de ar, e gerido por uma unidade de controlo colocada na cabina, o sistema permite escolher uma baixa press\u00e3o, para proteger o solo e melhorar a produtividade dos trabalhos no campo, ou uma elevada press\u00e3o quando se circula sobre asfalto, para uma maior dura\u00e7\u00e3o e uma mais longa vida \u00fatil dos pneus. Desta forma, a teleinsufla\u00e7\u00e3o resolve o dif\u00edcil compromisso com que se deparam os agricultores cujos tratores realizam diversos trabalhos, e sobre distintos tipos ou condi\u00e7\u00f5es de solo.<\/p>\n<p><strong>Camso: solu\u00e7\u00f5es concebidas sob medida com sistemas de convers\u00e3o para lagartas<br \/>\n<\/strong>Ap\u00f3s unir as suas for\u00e7as, em 2018, para desenvolver solu\u00e7\u00f5es que permitam aos agricultores melhorar a prote\u00e7\u00e3o do solo e a produtividade dos cultivos, a associa\u00e7\u00e3o entre a Michelin e a Camso resultou no l\u00edder mundial em mobilidade OTR (opera\u00e7\u00f5es fora de estrada), com uma ampla gama de produtos. Os sistemas de convers\u00e3o para lagartas da Camso aumentam a mobilidade e a flexibilidade da maquinaria, para uma melhor desloca\u00e7\u00e3o sobre campos com solos brandos. A amplitude da \u00e1rea de contacto com diminui a compacta\u00e7\u00e3o do solo e aumenta a estabilidade, maximizando a efici\u00eancia e a qualidade do trabalho. Gra\u00e7as \u00e0 sua flexibilidade e adaptabilidade, estes sistemas podem ser utilizados em diferentes modelos de m\u00e1quinas, e para diferentes atividades.<\/p>\n<ul>\n<li>CTS Halftrack para tratores.\u00a0Aumento da performance, gra\u00e7as \u00e0 melhor compacta\u00e7\u00e3o do terreno e \u00e0 tra\u00e7\u00e3o, \u00e0 dura\u00e7\u00e3o e \u00e0 fiabilidade melhoradas, manuten\u00e7\u00e3o m\u00ednima, maior conforto e m\u00e1xima versatilidade, gra\u00e7as ao processo simples de montagem e desmontagem, s\u00e3o as principais vantagens dos tratores pequenos equipados com o CTS Halftrack, que permite aumentar o rendimento em at\u00e9 7%, gra\u00e7as a um custo acess\u00edvel \u2013 cerca de 30% do pre\u00e7o do trator \u2013, o que assegura a rentabilidade do investimento.<\/li>\n<li>CTS High Speed para ceifeiras-debulhadoras. Proporciona os benef\u00edcios das lagartas em termos de flexibilidade e tra\u00e7\u00e3o, permitindo velocidades de desloca\u00e7\u00e3o por estrada de at\u00e9 40 km\/h, similares \u00e0s de uma ceifeira-debulhadora com rodas. A redu\u00e7\u00e3o da press\u00e3o sobre o solo supera os 70%. Entre as suas vantagens, destacam-se os menores tempos em estrada, que permitem dispor de mais tempo para trabalhos no campo, al\u00e9m de uma superior estabilidade e conforto em termos de opera\u00e7\u00e3o.<\/li>\n<li>Camso TTS. Este sistema de lagartas de arrasto foi concebido para aumentar a performance dos equipamentos de aplica\u00e7\u00e3o agr\u00edcola de alta capacidade, como m\u00e1quinas plantadoras ou carros de fertilizantes. Por compara\u00e7\u00e3o com uma m\u00e1quina equipada com pneus, a sua grande superf\u00edcie de apoio distribui o peso e reduz a press\u00e3o sobre o solo entre 30% e 80%. <\/div>\n\t\t<\/div><div class='yrm-btn-wrapper yrm-btn-wrapper-1 yrm-more-button-wrapper  '\n\t\tdata-custom-more-class-name='' data-custom-less-class-name=''><span title='' data-less-title='' data-more-title='' class='yrm-toggle-expand  yrm-toggle-expand-1 ' data-rel='yrm-ZCHzG' data-more='Continue a ler' data-less='Menos texto'><span class='yrm-text-wrapper yrm-text-wrapper-custom-dimensions'><span class=\"yrm-button-text-1 yrm-button-text-span\">Continue a ler<\/span><\/span><\/span><\/div><strong><br \/>\n<\/strong><div class=\"wonderplugingallery-container\" id=\"wonderplugingallery-container-89\" style=\"max-width:960px;margin:0 auto;\"><div class=\"wonderplugingallery\" id=\"wonderplugingallery-89\" data-galleryid=\"89\" data-width=\"960\" data-height=\"540\" data-skin=\"gallery\" data-playsinline=\"false\" data-mutevideo=\"false\" data-random=\"false\" data-autoslide=\"false\" data-autoplayvideo=\"false\" data-schemamarkup=\"false\" data-stopallplaying=\"false\" data-reloadonvideoend=\"false\" data-donotuseposter=\"false\" data-enabletabindex=\"false\" data-loadnextonvideoend=\"false\" data-hidetitlewhenvideoisplaying=\"false\" data-disablehovereventontouch=\"false\" data-autoslideandplayafterfirstplayed=\"false\" data-html5player=\"true\" data-responsive=\"true\" data-fullwidth=\"false\" data-showtitle=\"true\" data-showdescription=\"true\" data-showplaybutton=\"true\" data-showfullscreenbutton=\"true\" data-showtimer=\"true\" data-showcarousel=\"true\" data-galleryshadow=\"false\" data-slideshadow=\"true\" data-thumbshowtitle=\"false\" data-thumbshowimage=\"true\" data-thumbshadow=\"true\" data-lightboxshowtitle=\"true\" data-lightboxshowdescription=\"true\" data-specifyid=\"true\" data-donotinit=\"false\" data-addinitscript=\"false\" data-triggerresize=\"false\" data-thumbcolumnsresponsive=\"false\" data-thumbverticalmiddle=\"true\" data-removeinlinecss=\"true\" data-switchonmouseover=\"false\" data-showcategory=\"true\" data-showimgtitle=\"false\" data-titlesmallscreen=\"false\" data-initsocial=\"true\" data-showsocial=\"false\" data-showemail=\"false\" data-showfacebook=\"true\" data-showtwitter=\"true\" data-showpinterest=\"true\" data-socialrotateeffect=\"true\" data-doshortcodeontext=\"false\" data-loop=\"0\" data-duration=\"1500\" data-slideduration=\"1000\" data-slideshowinterval=\"6000\" data-googleanalyticsaccount=\"\" data-resizemode=\"fill\" data-imagetoolboxmode=\"mouseover\" data-effect=\"fade\" data-padding=\"12\" data-bgcolor=\"\" data-bgimage=\"\" data-thumbwidth=\"120\" data-thumbheight=\"60\" data-thumbgap=\"8\" data-thumbrowgap=\"16\" data-lightboxtextheight=\"72\" data-lightboxtitlecss=\"{color:#333333; font:bold 12px Arial,Helvetica,sans-serif; overflow:hidden; white-space:normal; line-height:18px;}\" data-lightboxdescriptioncss=\"{color:#333333; font:normal 12px Arial,Helvetica,sans-serif; overflow:hidden; white-space:normal; line-height:14px;}\" data-titlecss=\"{color:#ffffff; font-size:14px; font-family:Armata, sans-serif, Arial; overflow:hidden; text-align:left; padding:10px 0px 10px 10px; background:rgb(102, 102, 102) transparent; background:rgba(102, 102, 102, 0.6);}\" data-descriptioncss=\"{color:#ffffff; font-size:13px; font-family:Armata, sans-serif, Arial; overflow:hidden; text-align:left; padding:0px 0px 10px 10px; background:rgb(102, 102, 102) transparent; background:rgba(102, 102, 102, 0.6);}\" data-titleheight=\"72\" data-titlesmallscreenwidth=\"640\" data-titleheightsmallscreen=\"148\" data-socialmode=\"mouseover\" data-socialposition=\"position:absolute;top:8px;right:8px;\" data-socialpositionlightbox=\"position:absolute;top:8px;right:8px;\" data-socialdirection=\"horizontal\" data-socialbuttonsize=\"32\" data-socialbuttonfontsize=\"18\" data-defaultvideovolume=\"1\" data-thumbtitleheight=\"24\" data-thumbmediumtitleheight=\"48\" data-thumbsmalltitleheight=\"72\" data-categoryheight=\"48\" data-categorydefault=\"all\" data-triggerresizedelay=\"100\" data-thumbmediumsize=\"800\" data-thumbsmallsize=\"480\" data-thumbmediumwidth=\"64\" data-thumbmediumheight=\"64\" data-thumbsmallwidth=\"48\" data-thumbsmallheight=\"48\" data-imgtitle=\"title\" data-categorystyle=\"dropdown\" data-categorylist=\"[{&quot;slug&quot;:&quot;all&quot;,&quot;caption&quot;:&quot;Show All&quot;}]\" data-jsfolder=\"https:\/\/revistadospneus.com\/pt\/wp-content\/plugins\/wonderplugin-gallery\/engine\/\" style=\"display:none;\" ><a class=\"html5galleryimglink\" href=\"https:\/\/revistadospneus.com\/pt\/wp-content\/uploads\/2022\/05\/Michelin-presente-Feira-Internacional-Maquinaria-Agri\u0301cola\/FIMA-2022_10-1024x480.jpg\" data-mediatype=1><img decoding=\"async\" class=\"html5galleryimg html5gallery-tn-image\" src=\"https:\/\/revistadospneus.com\/pt\/wp-content\/uploads\/2022\/05\/Michelin-presente-Feira-Internacional-Maquinaria-Agri\u0301cola\/FIMA-2022_10-1024x480.jpg\" alt=\"\"><\/a><div class=\"html5gallery-info\"><\/div><a class=\"html5galleryimglink\" href=\"https:\/\/revistadospneus.com\/pt\/wp-content\/uploads\/2022\/05\/Michelin-presente-Feira-Internacional-Maquinaria-Agri\u0301cola\/FIMA-2022_10-130x90.jpg\" data-mediatype=1><img decoding=\"async\" class=\"html5galleryimg html5gallery-tn-image\" src=\"https:\/\/revistadospneus.com\/pt\/wp-content\/uploads\/2022\/05\/Michelin-presente-Feira-Internacional-Maquinaria-Agri\u0301cola\/FIMA-2022_10-130x90.jpg\" alt=\"\"><\/a><div class=\"html5gallery-info\"><\/div><a class=\"html5galleryimglink\" href=\"https:\/\/revistadospneus.com\/pt\/wp-content\/uploads\/2022\/05\/Michelin-presente-Feira-Internacional-Maquinaria-Agri\u0301cola\/FIMA-2022_10-150x150.jpg\" data-mediatype=1><img decoding=\"async\" class=\"html5galleryimg html5gallery-tn-image\" src=\"https:\/\/revistadospneus.com\/pt\/wp-content\/uploads\/2022\/05\/Michelin-presente-Feira-Internacional-Maquinaria-Agri\u0301cola\/FIMA-2022_10-150x150.jpg\" alt=\"\"><\/a><div class=\"html5gallery-info\"><\/div><a class=\"html5galleryimglink\" href=\"https:\/\/revistadospneus.com\/pt\/wp-content\/uploads\/2022\/05\/Michelin-presente-Feira-Internacional-Maquinaria-Agri\u0301cola\/FIMA-2022_10-150x85.jpg\" data-mediatype=1><img decoding=\"async\" class=\"html5galleryimg html5gallery-tn-image\" src=\"https:\/\/revistadospneus.com\/pt\/wp-content\/uploads\/2022\/05\/Michelin-presente-Feira-Internacional-Maquinaria-Agri\u0301cola\/FIMA-2022_10-150x85.jpg\" alt=\"\"><\/a><div class=\"html5gallery-info\"><\/div><a class=\"html5galleryimglink\" href=\"https:\/\/revistadospneus.com\/pt\/wp-content\/uploads\/2022\/05\/Michelin-presente-Feira-Internacional-Maquinaria-Agri\u0301cola\/FIMA-2022_10-285x450.jpg\" data-mediatype=1><img decoding=\"async\" class=\"html5galleryimg html5gallery-tn-image\" src=\"https:\/\/revistadospneus.com\/pt\/wp-content\/uploads\/2022\/05\/Michelin-presente-Feira-Internacional-Maquinaria-Agri\u0301cola\/FIMA-2022_10-285x450.jpg\" alt=\"\"><\/a><div class=\"html5gallery-info\"><\/div><a class=\"html5galleryimglink\" href=\"https:\/\/revistadospneus.com\/pt\/wp-content\/uploads\/2022\/05\/Michelin-presente-Feira-Internacional-Maquinaria-Agri\u0301cola\/FIMA-2022_10-300x170.jpg\" data-mediatype=1><img decoding=\"async\" class=\"html5galleryimg html5gallery-tn-image\" src=\"https:\/\/revistadospneus.com\/pt\/wp-content\/uploads\/2022\/05\/Michelin-presente-Feira-Internacional-Maquinaria-Agri\u0301cola\/FIMA-2022_10-300x170.jpg\" alt=\"\"><\/a><div class=\"html5gallery-info\"><\/div><a class=\"html5galleryimglink\" href=\"https:\/\/revistadospneus.com\/pt\/wp-content\/uploads\/2022\/05\/Michelin-presente-Feira-Internacional-Maquinaria-Agri\u0301cola\/FIMA-2022_10-390x205.jpg\" data-mediatype=1><img decoding=\"async\" class=\"html5galleryimg html5gallery-tn-image\" src=\"https:\/\/revistadospneus.com\/pt\/wp-content\/uploads\/2022\/05\/Michelin-presente-Feira-Internacional-Maquinaria-Agri\u0301cola\/FIMA-2022_10-390x205.jpg\" alt=\"\"><\/a><div class=\"html5gallery-info\"><\/div><a class=\"html5galleryimglink\" href=\"https:\/\/revistadospneus.com\/pt\/wp-content\/uploads\/2022\/05\/Michelin-presente-Feira-Internacional-Maquinaria-Agri\u0301cola\/FIMA-2022_10-392x272.jpg\" data-mediatype=1><img decoding=\"async\" class=\"html5galleryimg html5gallery-tn-image\" src=\"https:\/\/revistadospneus.com\/pt\/wp-content\/uploads\/2022\/05\/Michelin-presente-Feira-Internacional-Maquinaria-Agri\u0301cola\/FIMA-2022_10-392x272.jpg\" alt=\"\"><\/a><div class=\"html5gallery-info\"><\/div><a class=\"html5galleryimglink\" href=\"https:\/\/revistadospneus.com\/pt\/wp-content\/uploads\/2022\/05\/Michelin-presente-Feira-Internacional-Maquinaria-Agri\u0301cola\/FIMA-2022_10-45x45.jpg\" data-mediatype=1><img decoding=\"async\" class=\"html5galleryimg html5gallery-tn-image\" src=\"https:\/\/revistadospneus.com\/pt\/wp-content\/uploads\/2022\/05\/Michelin-presente-Feira-Internacional-Maquinaria-Agri\u0301cola\/FIMA-2022_10-45x45.jpg\" alt=\"\"><\/a><div class=\"html5gallery-info\"><\/div><a class=\"html5galleryimglink\" href=\"https:\/\/revistadospneus.com\/pt\/wp-content\/uploads\/2022\/05\/Michelin-presente-Feira-Internacional-Maquinaria-Agri\u0301cola\/FIMA-2022_10-575x198.jpg\" data-mediatype=1><img decoding=\"async\" class=\"html5galleryimg html5gallery-tn-image\" src=\"https:\/\/revistadospneus.com\/pt\/wp-content\/uploads\/2022\/05\/Michelin-presente-Feira-Internacional-Maquinaria-Agri\u0301cola\/FIMA-2022_10-575x198.jpg\" alt=\"\"><\/a><div class=\"html5gallery-info\"><\/div><a class=\"html5galleryimglink\" href=\"https:\/\/revistadospneus.com\/pt\/wp-content\/uploads\/2022\/05\/Michelin-presente-Feira-Internacional-Maquinaria-Agri\u0301cola\/FIMA-2022_10-600x417.jpg\" data-mediatype=1><img decoding=\"async\" class=\"html5galleryimg html5gallery-tn-image\" src=\"https:\/\/revistadospneus.com\/pt\/wp-content\/uploads\/2022\/05\/Michelin-presente-Feira-Internacional-Maquinaria-Agri\u0301cola\/FIMA-2022_10-600x417.jpg\" alt=\"\"><\/a><div class=\"html5gallery-info\"><\/div><a class=\"html5galleryimglink\" href=\"https:\/\/revistadospneus.com\/pt\/wp-content\/uploads\/2022\/05\/Michelin-presente-Feira-Internacional-Maquinaria-Agri\u0301cola\/FIMA-2022_10-768x436.jpg\" data-mediatype=1><img decoding=\"async\" class=\"html5galleryimg html5gallery-tn-image\" src=\"https:\/\/revistadospneus.com\/pt\/wp-content\/uploads\/2022\/05\/Michelin-presente-Feira-Internacional-Maquinaria-Agri\u0301cola\/FIMA-2022_10-768x436.jpg\" alt=\"\"><\/a><div class=\"html5gallery-info\"><\/div><a class=\"html5galleryimglink\" href=\"https:\/\/revistadospneus.com\/pt\/wp-content\/uploads\/2022\/05\/Michelin-presente-Feira-Internacional-Maquinaria-Agri\u0301cola\/FIMA-2022_10-800x445.jpg\" data-mediatype=1><img decoding=\"async\" class=\"html5galleryimg html5gallery-tn-image\" src=\"https:\/\/revistadospneus.com\/pt\/wp-content\/uploads\/2022\/05\/Michelin-presente-Feira-Internacional-Maquinaria-Agri\u0301cola\/FIMA-2022_10-800x445.jpg\" alt=\"\"><\/a><div class=\"html5gallery-info\"><\/div><a class=\"html5galleryimglink\" href=\"https:\/\/revistadospneus.com\/pt\/wp-content\/uploads\/2022\/05\/Michelin-presente-Feira-Internacional-Maquinaria-Agri\u0301cola\/FIMA-2022_10.jpg\" data-mediatype=1><img decoding=\"async\" class=\"html5galleryimg html5gallery-tn-image\" src=\"https:\/\/revistadospneus.com\/pt\/wp-content\/uploads\/2022\/05\/Michelin-presente-Feira-Internacional-Maquinaria-Agri\u0301cola\/FIMA-2022_10.jpg\" alt=\"\"><\/a><div class=\"html5gallery-info\"><\/div><a class=\"html5galleryimglink\" href=\"https:\/\/revistadospneus.com\/pt\/wp-content\/uploads\/2022\/05\/Michelin-presente-Feira-Internacional-Maquinaria-Agri\u0301cola\/FIMA-2022_11-1024x480.jpg\" data-mediatype=1><img decoding=\"async\" class=\"html5galleryimg html5gallery-tn-image\" src=\"https:\/\/revistadospneus.com\/pt\/wp-content\/uploads\/2022\/05\/Michelin-presente-Feira-Internacional-Maquinaria-Agri\u0301cola\/FIMA-2022_11-1024x480.jpg\" alt=\"\"><\/a><div class=\"html5gallery-info\"><\/div><a class=\"html5galleryimglink\" href=\"https:\/\/revistadospneus.com\/pt\/wp-content\/uploads\/2022\/05\/Michelin-presente-Feira-Internacional-Maquinaria-Agri\u0301cola\/FIMA-2022_11-130x90.jpg\" data-mediatype=1><img decoding=\"async\" class=\"html5galleryimg html5gallery-tn-image\" src=\"https:\/\/revistadospneus.com\/pt\/wp-content\/uploads\/2022\/05\/Michelin-presente-Feira-Internacional-Maquinaria-Agri\u0301cola\/FIMA-2022_11-130x90.jpg\" alt=\"\"><\/a><div class=\"html5gallery-info\"><\/div><a class=\"html5galleryimglink\" href=\"https:\/\/revistadospneus.com\/pt\/wp-content\/uploads\/2022\/05\/Michelin-presente-Feira-Internacional-Maquinaria-Agri\u0301cola\/FIMA-2022_11-150x150.jpg\" data-mediatype=1><img decoding=\"async\" class=\"html5galleryimg html5gallery-tn-image\" src=\"https:\/\/revistadospneus.com\/pt\/wp-content\/uploads\/2022\/05\/Michelin-presente-Feira-Internacional-Maquinaria-Agri\u0301cola\/FIMA-2022_11-150x150.jpg\" alt=\"\"><\/a><div class=\"html5gallery-info\"><\/div><a class=\"html5galleryimglink\" href=\"https:\/\/revistadospneus.com\/pt\/wp-content\/uploads\/2022\/05\/Michelin-presente-Feira-Internacional-Maquinaria-Agri\u0301cola\/FIMA-2022_11-150x85.jpg\" data-mediatype=1><img decoding=\"async\" class=\"html5galleryimg html5gallery-tn-image\" src=\"https:\/\/revistadospneus.com\/pt\/wp-content\/uploads\/2022\/05\/Michelin-presente-Feira-Internacional-Maquinaria-Agri\u0301cola\/FIMA-2022_11-150x85.jpg\" alt=\"\"><\/a><div class=\"html5gallery-info\"><\/div><a class=\"html5galleryimglink\" href=\"https:\/\/revistadospneus.com\/pt\/wp-content\/uploads\/2022\/05\/Michelin-presente-Feira-Internacional-Maquinaria-Agri\u0301cola\/FIMA-2022_11-285x450.jpg\" data-mediatype=1><img decoding=\"async\" class=\"html5galleryimg html5gallery-tn-image\" src=\"https:\/\/revistadospneus.com\/pt\/wp-content\/uploads\/2022\/05\/Michelin-presente-Feira-Internacional-Maquinaria-Agri\u0301cola\/FIMA-2022_11-285x450.jpg\" alt=\"\"><\/a><div class=\"html5gallery-info\"><\/div><a class=\"html5galleryimglink\" href=\"https:\/\/revistadospneus.com\/pt\/wp-content\/uploads\/2022\/05\/Michelin-presente-Feira-Internacional-Maquinaria-Agri\u0301cola\/FIMA-2022_11-300x170.jpg\" data-mediatype=1><img decoding=\"async\" class=\"html5galleryimg html5gallery-tn-image\" src=\"https:\/\/revistadospneus.com\/pt\/wp-content\/uploads\/2022\/05\/Michelin-presente-Feira-Internacional-Maquinaria-Agri\u0301cola\/FIMA-2022_11-300x170.jpg\" alt=\"\"><\/a><div class=\"html5gallery-info\"><\/div><a class=\"html5galleryimglink\" href=\"https:\/\/revistadospneus.com\/pt\/wp-content\/uploads\/2022\/05\/Michelin-presente-Feira-Internacional-Maquinaria-Agri\u0301cola\/FIMA-2022_11-390x205.jpg\" data-mediatype=1><img decoding=\"async\" class=\"html5galleryimg html5gallery-tn-image\" src=\"https:\/\/revistadospneus.com\/pt\/wp-content\/uploads\/2022\/05\/Michelin-presente-Feira-Internacional-Maquinaria-Agri\u0301cola\/FIMA-2022_11-390x205.jpg\" alt=\"\"><\/a><div class=\"html5gallery-info\"><\/div><a class=\"html5galleryimglink\" href=\"https:\/\/revistadospneus.com\/pt\/wp-content\/uploads\/2022\/05\/Michelin-presente-Feira-Internacional-Maquinaria-Agri\u0301cola\/FIMA-2022_11-392x272.jpg\" data-mediatype=1><img decoding=\"async\" class=\"html5galleryimg html5gallery-tn-image\" src=\"https:\/\/revistadospneus.com\/pt\/wp-content\/uploads\/2022\/05\/Michelin-presente-Feira-Internacional-Maquinaria-Agri\u0301cola\/FIMA-2022_11-392x272.jpg\" alt=\"\"><\/a><div class=\"html5gallery-info\"><\/div><a class=\"html5galleryimglink\" href=\"https:\/\/revistadospneus.com\/pt\/wp-content\/uploads\/2022\/05\/Michelin-presente-Feira-Internacional-Maquinaria-Agri\u0301cola\/FIMA-2022_11-45x45.jpg\" data-mediatype=1><img decoding=\"async\" class=\"html5galleryimg html5gallery-tn-image\" src=\"https:\/\/revistadospneus.com\/pt\/wp-content\/uploads\/2022\/05\/Michelin-presente-Feira-Internacional-Maquinaria-Agri\u0301cola\/FIMA-2022_11-45x45.jpg\" alt=\"\"><\/a><div class=\"html5gallery-info\"><\/div><a class=\"html5galleryimglink\" href=\"https:\/\/revistadospneus.com\/pt\/wp-content\/uploads\/2022\/05\/Michelin-presente-Feira-Internacional-Maquinaria-Agri\u0301cola\/FIMA-2022_11-575x198.jpg\" data-mediatype=1><img decoding=\"async\" class=\"html5galleryimg html5gallery-tn-image\" src=\"https:\/\/revistadospneus.com\/pt\/wp-content\/uploads\/2022\/05\/Michelin-presente-Feira-Internacional-Maquinaria-Agri\u0301cola\/FIMA-2022_11-575x198.jpg\" alt=\"\"><\/a><div class=\"html5gallery-info\"><\/div><a class=\"html5galleryimglink\" href=\"https:\/\/revistadospneus.com\/pt\/wp-content\/uploads\/2022\/05\/Michelin-presente-Feira-Internacional-Maquinaria-Agri\u0301cola\/FIMA-2022_11-600x417.jpg\" data-mediatype=1><img decoding=\"async\" class=\"html5galleryimg html5gallery-tn-image\" src=\"https:\/\/revistadospneus.com\/pt\/wp-content\/uploads\/2022\/05\/Michelin-presente-Feira-Internacional-Maquinaria-Agri\u0301cola\/FIMA-2022_11-600x417.jpg\" alt=\"\"><\/a><div class=\"html5gallery-info\"><\/div><a class=\"html5galleryimglink\" href=\"https:\/\/revistadospneus.com\/pt\/wp-content\/uploads\/2022\/05\/Michelin-presente-Feira-Internacional-Maquinaria-Agri\u0301cola\/FIMA-2022_11-768x436.jpg\" data-mediatype=1><img decoding=\"async\" class=\"html5galleryimg html5gallery-tn-image\" src=\"https:\/\/revistadospneus.com\/pt\/wp-content\/uploads\/2022\/05\/Michelin-presente-Feira-Internacional-Maquinaria-Agri\u0301cola\/FIMA-2022_11-768x436.jpg\" alt=\"\"><\/a><div class=\"html5gallery-info\"><\/div><a class=\"html5galleryimglink\" href=\"https:\/\/revistadospneus.com\/pt\/wp-content\/uploads\/2022\/05\/Michelin-presente-Feira-Internacional-Maquinaria-Agri\u0301cola\/FIMA-2022_11-800x445.jpg\" data-mediatype=1><img decoding=\"async\" class=\"html5galleryimg html5gallery-tn-image\" src=\"https:\/\/revistadospneus.com\/pt\/wp-content\/uploads\/2022\/05\/Michelin-presente-Feira-Internacional-Maquinaria-Agri\u0301cola\/FIMA-2022_11-800x445.jpg\" alt=\"\"><\/a><div class=\"html5gallery-info\"><\/div><a class=\"html5galleryimglink\" href=\"https:\/\/revistadospneus.com\/pt\/wp-content\/uploads\/2022\/05\/Michelin-presente-Feira-Internacional-Maquinaria-Agri\u0301cola\/FIMA-2022_11.jpg\" data-mediatype=1><img decoding=\"async\" class=\"html5galleryimg html5gallery-tn-image\" src=\"https:\/\/revistadospneus.com\/pt\/wp-content\/uploads\/2022\/05\/Michelin-presente-Feira-Internacional-Maquinaria-Agri\u0301cola\/FIMA-2022_11.jpg\" alt=\"\"><\/a><div class=\"html5gallery-info\"><\/div><a class=\"html5galleryimglink\" href=\"https:\/\/revistadospneus.com\/pt\/wp-content\/uploads\/2022\/05\/Michelin-presente-Feira-Internacional-Maquinaria-Agri\u0301cola\/FIMA-2022_12-1024x480.jpg\" data-mediatype=1><img decoding=\"async\" class=\"html5galleryimg html5gallery-tn-image\" src=\"https:\/\/revistadospneus.com\/pt\/wp-content\/uploads\/2022\/05\/Michelin-presente-Feira-Internacional-Maquinaria-Agri\u0301cola\/FIMA-2022_12-1024x480.jpg\" alt=\"\"><\/a><div class=\"html5gallery-info\"><\/div><a class=\"html5galleryimglink\" href=\"https:\/\/revistadospneus.com\/pt\/wp-content\/uploads\/2022\/05\/Michelin-presente-Feira-Internacional-Maquinaria-Agri\u0301cola\/FIMA-2022_12-130x90.jpg\" data-mediatype=1><img decoding=\"async\" class=\"html5galleryimg html5gallery-tn-image\" src=\"https:\/\/revistadospneus.com\/pt\/wp-content\/uploads\/2022\/05\/Michelin-presente-Feira-Internacional-Maquinaria-Agri\u0301cola\/FIMA-2022_12-130x90.jpg\" alt=\"\"><\/a><div class=\"html5gallery-info\"><\/div><a class=\"html5galleryimglink\" href=\"https:\/\/revistadospneus.com\/pt\/wp-content\/uploads\/2022\/05\/Michelin-presente-Feira-Internacional-Maquinaria-Agri\u0301cola\/FIMA-2022_12-150x150.jpg\" data-mediatype=1><img decoding=\"async\" class=\"html5galleryimg html5gallery-tn-image\" src=\"https:\/\/revistadospneus.com\/pt\/wp-content\/uploads\/2022\/05\/Michelin-presente-Feira-Internacional-Maquinaria-Agri\u0301cola\/FIMA-2022_12-150x150.jpg\" alt=\"\"><\/a><div class=\"html5gallery-info\"><\/div><a class=\"html5galleryimglink\" href=\"https:\/\/revistadospneus.com\/pt\/wp-content\/uploads\/2022\/05\/Michelin-presente-Feira-Internacional-Maquinaria-Agri\u0301cola\/FIMA-2022_12-150x85.jpg\" data-mediatype=1><img decoding=\"async\" class=\"html5galleryimg html5gallery-tn-image\" src=\"https:\/\/revistadospneus.com\/pt\/wp-content\/uploads\/2022\/05\/Michelin-presente-Feira-Internacional-Maquinaria-Agri\u0301cola\/FIMA-2022_12-150x85.jpg\" alt=\"\"><\/a><div class=\"html5gallery-info\"><\/div><a class=\"html5galleryimglink\" href=\"https:\/\/revistadospneus.com\/pt\/wp-content\/uploads\/2022\/05\/Michelin-presente-Feira-Internacional-Maquinaria-Agri\u0301cola\/FIMA-2022_12-285x450.jpg\" data-mediatype=1><img decoding=\"async\" class=\"html5galleryimg html5gallery-tn-image\" src=\"https:\/\/revistadospneus.com\/pt\/wp-content\/uploads\/2022\/05\/Michelin-presente-Feira-Internacional-Maquinaria-Agri\u0301cola\/FIMA-2022_12-285x450.jpg\" alt=\"\"><\/a><div class=\"html5gallery-info\"><\/div><a class=\"html5galleryimglink\" href=\"https:\/\/revistadospneus.com\/pt\/wp-content\/uploads\/2022\/05\/Michelin-presente-Feira-Internacional-Maquinaria-Agri\u0301cola\/FIMA-2022_12-300x170.jpg\" data-mediatype=1><img decoding=\"async\" class=\"html5galleryimg html5gallery-tn-image\" src=\"https:\/\/revistadospneus.com\/pt\/wp-content\/uploads\/2022\/05\/Michelin-presente-Feira-Internacional-Maquinaria-Agri\u0301cola\/FIMA-2022_12-300x170.jpg\" alt=\"\"><\/a><div class=\"html5gallery-info\"><\/div><a class=\"html5galleryimglink\" href=\"https:\/\/revistadospneus.com\/pt\/wp-content\/uploads\/2022\/05\/Michelin-presente-Feira-Internacional-Maquinaria-Agri\u0301cola\/FIMA-2022_12-390x205.jpg\" data-mediatype=1><img decoding=\"async\" class=\"html5galleryimg html5gallery-tn-image\" src=\"https:\/\/revistadospneus.com\/pt\/wp-content\/uploads\/2022\/05\/Michelin-presente-Feira-Internacional-Maquinaria-Agri\u0301cola\/FIMA-2022_12-390x205.jpg\" alt=\"\"><\/a><div class=\"html5gallery-info\"><\/div><a class=\"html5galleryimglink\" href=\"https:\/\/revistadospneus.com\/pt\/wp-content\/uploads\/2022\/05\/Michelin-presente-Feira-Internacional-Maquinaria-Agri\u0301cola\/FIMA-2022_12-392x272.jpg\" data-mediatype=1><img decoding=\"async\" class=\"html5galleryimg html5gallery-tn-image\" src=\"https:\/\/revistadospneus.com\/pt\/wp-content\/uploads\/2022\/05\/Michelin-presente-Feira-Internacional-Maquinaria-Agri\u0301cola\/FIMA-2022_12-392x272.jpg\" alt=\"\"><\/a><div class=\"html5gallery-info\"><\/div><a class=\"html5galleryimglink\" href=\"https:\/\/revistadospneus.com\/pt\/wp-content\/uploads\/2022\/05\/Michelin-presente-Feira-Internacional-Maquinaria-Agri\u0301cola\/FIMA-2022_12-45x45.jpg\" data-mediatype=1><img decoding=\"async\" class=\"html5galleryimg html5gallery-tn-image\" src=\"https:\/\/revistadospneus.com\/pt\/wp-content\/uploads\/2022\/05\/Michelin-presente-Feira-Internacional-Maquinaria-Agri\u0301cola\/FIMA-2022_12-45x45.jpg\" alt=\"\"><\/a><div class=\"html5gallery-info\"><\/div><a class=\"html5galleryimglink\" href=\"https:\/\/revistadospneus.com\/pt\/wp-content\/uploads\/2022\/05\/Michelin-presente-Feira-Internacional-Maquinaria-Agri\u0301cola\/FIMA-2022_12-575x198.jpg\" data-mediatype=1><img decoding=\"async\" class=\"html5galleryimg html5gallery-tn-image\" src=\"https:\/\/revistadospneus.com\/pt\/wp-content\/uploads\/2022\/05\/Michelin-presente-Feira-Internacional-Maquinaria-Agri\u0301cola\/FIMA-2022_12-575x198.jpg\" alt=\"\"><\/a><div class=\"html5gallery-info\"><\/div><a class=\"html5galleryimglink\" href=\"https:\/\/revistadospneus.com\/pt\/wp-content\/uploads\/2022\/05\/Michelin-presente-Feira-Internacional-Maquinaria-Agri\u0301cola\/FIMA-2022_12-600x417.jpg\" data-mediatype=1><img decoding=\"async\" class=\"html5galleryimg html5gallery-tn-image\" src=\"https:\/\/revistadospneus.com\/pt\/wp-content\/uploads\/2022\/05\/Michelin-presente-Feira-Internacional-Maquinaria-Agri\u0301cola\/FIMA-2022_12-600x417.jpg\" alt=\"\"><\/a><div class=\"html5gallery-info\"><\/div><a class=\"html5galleryimglink\" href=\"https:\/\/revistadospneus.com\/pt\/wp-content\/uploads\/2022\/05\/Michelin-presente-Feira-Internacional-Maquinaria-Agri\u0301cola\/FIMA-2022_12-768x436.jpg\" data-mediatype=1><img decoding=\"async\" class=\"html5galleryimg html5gallery-tn-image\" src=\"https:\/\/revistadospneus.com\/pt\/wp-content\/uploads\/2022\/05\/Michelin-presente-Feira-Internacional-Maquinaria-Agri\u0301cola\/FIMA-2022_12-768x436.jpg\" alt=\"\"><\/a><div class=\"html5gallery-info\"><\/div><a class=\"html5galleryimglink\" href=\"https:\/\/revistadospneus.com\/pt\/wp-content\/uploads\/2022\/05\/Michelin-presente-Feira-Internacional-Maquinaria-Agri\u0301cola\/FIMA-2022_12-800x445.jpg\" data-mediatype=1><img decoding=\"async\" class=\"html5galleryimg html5gallery-tn-image\" src=\"https:\/\/revistadospneus.com\/pt\/wp-content\/uploads\/2022\/05\/Michelin-presente-Feira-Internacional-Maquinaria-Agri\u0301cola\/FIMA-2022_12-800x445.jpg\" alt=\"\"><\/a><div class=\"html5gallery-info\"><\/div><a class=\"html5galleryimglink\" href=\"https:\/\/revistadospneus.com\/pt\/wp-content\/uploads\/2022\/05\/Michelin-presente-Feira-Internacional-Maquinaria-Agri\u0301cola\/FIMA-2022_12.jpg\" data-mediatype=1><img decoding=\"async\" class=\"html5galleryimg html5gallery-tn-image\" src=\"https:\/\/revistadospneus.com\/pt\/wp-content\/uploads\/2022\/05\/Michelin-presente-Feira-Internacional-Maquinaria-Agri\u0301cola\/FIMA-2022_12.jpg\" alt=\"\"><\/a><div class=\"html5gallery-info\"><\/div><a class=\"html5galleryimglink\" href=\"https:\/\/revistadospneus.com\/pt\/wp-content\/uploads\/2022\/05\/Michelin-presente-Feira-Internacional-Maquinaria-Agri\u0301cola\/FIMA-2022_13-1024x480.jpg\" data-mediatype=1><img decoding=\"async\" class=\"html5galleryimg html5gallery-tn-image\" src=\"https:\/\/revistadospneus.com\/pt\/wp-content\/uploads\/2022\/05\/Michelin-presente-Feira-Internacional-Maquinaria-Agri\u0301cola\/FIMA-2022_13-1024x480.jpg\" alt=\"\"><\/a><div class=\"html5gallery-info\"><\/div><a class=\"html5galleryimglink\" href=\"https:\/\/revistadospneus.com\/pt\/wp-content\/uploads\/2022\/05\/Michelin-presente-Feira-Internacional-Maquinaria-Agri\u0301cola\/FIMA-2022_13-130x90.jpg\" data-mediatype=1><img decoding=\"async\" class=\"html5galleryimg html5gallery-tn-image\" src=\"https:\/\/revistadospneus.com\/pt\/wp-content\/uploads\/2022\/05\/Michelin-presente-Feira-Internacional-Maquinaria-Agri\u0301cola\/FIMA-2022_13-130x90.jpg\" alt=\"\"><\/a><div class=\"html5gallery-info\"><\/div><a class=\"html5galleryimglink\" href=\"https:\/\/revistadospneus.com\/pt\/wp-content\/uploads\/2022\/05\/Michelin-presente-Feira-Internacional-Maquinaria-Agri\u0301cola\/FIMA-2022_13-150x150.jpg\" data-mediatype=1><img decoding=\"async\" class=\"html5galleryimg html5gallery-tn-image\" src=\"https:\/\/revistadospneus.com\/pt\/wp-content\/uploads\/2022\/05\/Michelin-presente-Feira-Internacional-Maquinaria-Agri\u0301cola\/FIMA-2022_13-150x150.jpg\" alt=\"\"><\/a><div class=\"html5gallery-info\"><\/div><a class=\"html5galleryimglink\" href=\"https:\/\/revistadospneus.com\/pt\/wp-content\/uploads\/2022\/05\/Michelin-presente-Feira-Internacional-Maquinaria-Agri\u0301cola\/FIMA-2022_13-150x85.jpg\" data-mediatype=1><img decoding=\"async\" class=\"html5galleryimg html5gallery-tn-image\" src=\"https:\/\/revistadospneus.com\/pt\/wp-content\/uploads\/2022\/05\/Michelin-presente-Feira-Internacional-Maquinaria-Agri\u0301cola\/FIMA-2022_13-150x85.jpg\" alt=\"\"><\/a><div class=\"html5gallery-info\"><\/div><a class=\"html5galleryimglink\" href=\"https:\/\/revistadospneus.com\/pt\/wp-content\/uploads\/2022\/05\/Michelin-presente-Feira-Internacional-Maquinaria-Agri\u0301cola\/FIMA-2022_13-285x450.jpg\" data-mediatype=1><img decoding=\"async\" class=\"html5galleryimg html5gallery-tn-image\" src=\"https:\/\/revistadospneus.com\/pt\/wp-content\/uploads\/2022\/05\/Michelin-presente-Feira-Internacional-Maquinaria-Agri\u0301cola\/FIMA-2022_13-285x450.jpg\" alt=\"\"><\/a><div class=\"html5gallery-info\"><\/div><a class=\"html5galleryimglink\" href=\"https:\/\/revistadospneus.com\/pt\/wp-content\/uploads\/2022\/05\/Michelin-presente-Feira-Internacional-Maquinaria-Agri\u0301cola\/FIMA-2022_13-300x170.jpg\" data-mediatype=1><img decoding=\"async\" class=\"html5galleryimg html5gallery-tn-image\" src=\"https:\/\/revistadospneus.com\/pt\/wp-content\/uploads\/2022\/05\/Michelin-presente-Feira-Internacional-Maquinaria-Agri\u0301cola\/FIMA-2022_13-300x170.jpg\" alt=\"\"><\/a><div class=\"html5gallery-info\"><\/div><a class=\"html5galleryimglink\" href=\"https:\/\/revistadospneus.com\/pt\/wp-content\/uploads\/2022\/05\/Michelin-presente-Feira-Internacional-Maquinaria-Agri\u0301cola\/FIMA-2022_13-390x205.jpg\" data-mediatype=1><img decoding=\"async\" class=\"html5galleryimg html5gallery-tn-image\" src=\"https:\/\/revistadospneus.com\/pt\/wp-content\/uploads\/2022\/05\/Michelin-presente-Feira-Internacional-Maquinaria-Agri\u0301cola\/FIMA-2022_13-390x205.jpg\" alt=\"\"><\/a><div class=\"html5gallery-info\"><\/div><a class=\"html5galleryimglink\" href=\"https:\/\/revistadospneus.com\/pt\/wp-content\/uploads\/2022\/05\/Michelin-presente-Feira-Internacional-Maquinaria-Agri\u0301cola\/FIMA-2022_13-392x272.jpg\" data-mediatype=1><img decoding=\"async\" class=\"html5galleryimg html5gallery-tn-image\" src=\"https:\/\/revistadospneus.com\/pt\/wp-content\/uploads\/2022\/05\/Michelin-presente-Feira-Internacional-Maquinaria-Agri\u0301cola\/FIMA-2022_13-392x272.jpg\" alt=\"\"><\/a><div class=\"html5gallery-info\"><\/div><a class=\"html5galleryimglink\" href=\"https:\/\/revistadospneus.com\/pt\/wp-content\/uploads\/2022\/05\/Michelin-presente-Feira-Internacional-Maquinaria-Agri\u0301cola\/FIMA-2022_13-45x45.jpg\" data-mediatype=1><img decoding=\"async\" class=\"html5galleryimg html5gallery-tn-image\" src=\"https:\/\/revistadospneus.com\/pt\/wp-content\/uploads\/2022\/05\/Michelin-presente-Feira-Internacional-Maquinaria-Agri\u0301cola\/FIMA-2022_13-45x45.jpg\" alt=\"\"><\/a><div class=\"html5gallery-info\"><\/div><a class=\"html5galleryimglink\" href=\"https:\/\/revistadospneus.com\/pt\/wp-content\/uploads\/2022\/05\/Michelin-presente-Feira-Internacional-Maquinaria-Agri\u0301cola\/FIMA-2022_13-575x198.jpg\" data-mediatype=1><img decoding=\"async\" class=\"html5galleryimg html5gallery-tn-image\" src=\"https:\/\/revistadospneus.com\/pt\/wp-content\/uploads\/2022\/05\/Michelin-presente-Feira-Internacional-Maquinaria-Agri\u0301cola\/FIMA-2022_13-575x198.jpg\" alt=\"\"><\/a><div class=\"html5gallery-info\"><\/div><a class=\"html5galleryimglink\" href=\"https:\/\/revistadospneus.com\/pt\/wp-content\/uploads\/2022\/05\/Michelin-presente-Feira-Internacional-Maquinaria-Agri\u0301cola\/FIMA-2022_13-600x417.jpg\" data-mediatype=1><img decoding=\"async\" class=\"html5galleryimg html5gallery-tn-image\" src=\"https:\/\/revistadospneus.com\/pt\/wp-content\/uploads\/2022\/05\/Michelin-presente-Feira-Internacional-Maquinaria-Agri\u0301cola\/FIMA-2022_13-600x417.jpg\" alt=\"\"><\/a><div class=\"html5gallery-info\"><\/div><a class=\"html5galleryimglink\" href=\"https:\/\/revistadospneus.com\/pt\/wp-content\/uploads\/2022\/05\/Michelin-presente-Feira-Internacional-Maquinaria-Agri\u0301cola\/FIMA-2022_13-768x436.jpg\" data-mediatype=1><img decoding=\"async\" class=\"html5galleryimg html5gallery-tn-image\" src=\"https:\/\/revistadospneus.com\/pt\/wp-content\/uploads\/2022\/05\/Michelin-presente-Feira-Internacional-Maquinaria-Agri\u0301cola\/FIMA-2022_13-768x436.jpg\" alt=\"\"><\/a><div class=\"html5gallery-info\"><\/div><a class=\"html5galleryimglink\" href=\"https:\/\/revistadospneus.com\/pt\/wp-content\/uploads\/2022\/05\/Michelin-presente-Feira-Internacional-Maquinaria-Agri\u0301cola\/FIMA-2022_13-800x445.jpg\" data-mediatype=1><img decoding=\"async\" class=\"html5galleryimg html5gallery-tn-image\" src=\"https:\/\/revistadospneus.com\/pt\/wp-content\/uploads\/2022\/05\/Michelin-presente-Feira-Internacional-Maquinaria-Agri\u0301cola\/FIMA-2022_13-800x445.jpg\" alt=\"\"><\/a><div class=\"html5gallery-info\"><\/div><a class=\"html5galleryimglink\" href=\"https:\/\/revistadospneus.com\/pt\/wp-content\/uploads\/2022\/05\/Michelin-presente-Feira-Internacional-Maquinaria-Agri\u0301cola\/FIMA-2022_13.jpg\" data-mediatype=1><img decoding=\"async\" class=\"html5galleryimg html5gallery-tn-image\" src=\"https:\/\/revistadospneus.com\/pt\/wp-content\/uploads\/2022\/05\/Michelin-presente-Feira-Internacional-Maquinaria-Agri\u0301cola\/FIMA-2022_13.jpg\" alt=\"\"><\/a><div class=\"html5gallery-info\"><\/div><a class=\"html5galleryimglink\" href=\"https:\/\/revistadospneus.com\/pt\/wp-content\/uploads\/2022\/05\/Michelin-presente-Feira-Internacional-Maquinaria-Agri\u0301cola\/FIMA-2022_14-1024x480.jpg\" data-mediatype=1><img decoding=\"async\" class=\"html5galleryimg html5gallery-tn-image\" src=\"https:\/\/revistadospneus.com\/pt\/wp-content\/uploads\/2022\/05\/Michelin-presente-Feira-Internacional-Maquinaria-Agri\u0301cola\/FIMA-2022_14-1024x480.jpg\" alt=\"\"><\/a><div class=\"html5gallery-info\"><\/div><a class=\"html5galleryimglink\" href=\"https:\/\/revistadospneus.com\/pt\/wp-content\/uploads\/2022\/05\/Michelin-presente-Feira-Internacional-Maquinaria-Agri\u0301cola\/FIMA-2022_14-130x90.jpg\" data-mediatype=1><img decoding=\"async\" class=\"html5galleryimg html5gallery-tn-image\" src=\"https:\/\/revistadospneus.com\/pt\/wp-content\/uploads\/2022\/05\/Michelin-presente-Feira-Internacional-Maquinaria-Agri\u0301cola\/FIMA-2022_14-130x90.jpg\" alt=\"\"><\/a><div class=\"html5gallery-info\"><\/div><a class=\"html5galleryimglink\" href=\"https:\/\/revistadospneus.com\/pt\/wp-content\/uploads\/2022\/05\/Michelin-presente-Feira-Internacional-Maquinaria-Agri\u0301cola\/FIMA-2022_14-150x150.jpg\" data-mediatype=1><img decoding=\"async\" class=\"html5galleryimg html5gallery-tn-image\" src=\"https:\/\/revistadospneus.com\/pt\/wp-content\/uploads\/2022\/05\/Michelin-presente-Feira-Internacional-Maquinaria-Agri\u0301cola\/FIMA-2022_14-150x150.jpg\" alt=\"\"><\/a><div class=\"html5gallery-info\"><\/div><a class=\"html5galleryimglink\" href=\"https:\/\/revistadospneus.com\/pt\/wp-content\/uploads\/2022\/05\/Michelin-presente-Feira-Internacional-Maquinaria-Agri\u0301cola\/FIMA-2022_14-150x85.jpg\" data-mediatype=1><img decoding=\"async\" class=\"html5galleryimg html5gallery-tn-image\" src=\"https:\/\/revistadospneus.com\/pt\/wp-content\/uploads\/2022\/05\/Michelin-presente-Feira-Internacional-Maquinaria-Agri\u0301cola\/FIMA-2022_14-150x85.jpg\" alt=\"\"><\/a><div class=\"html5gallery-info\"><\/div><a class=\"html5galleryimglink\" href=\"https:\/\/revistadospneus.com\/pt\/wp-content\/uploads\/2022\/05\/Michelin-presente-Feira-Internacional-Maquinaria-Agri\u0301cola\/FIMA-2022_14-285x450.jpg\" data-mediatype=1><img decoding=\"async\" class=\"html5galleryimg html5gallery-tn-image\" src=\"https:\/\/revistadospneus.com\/pt\/wp-content\/uploads\/2022\/05\/Michelin-presente-Feira-Internacional-Maquinaria-Agri\u0301cola\/FIMA-2022_14-285x450.jpg\" alt=\"\"><\/a><div class=\"html5gallery-info\"><\/div><a class=\"html5galleryimglink\" href=\"https:\/\/revistadospneus.com\/pt\/wp-content\/uploads\/2022\/05\/Michelin-presente-Feira-Internacional-Maquinaria-Agri\u0301cola\/FIMA-2022_14-300x170.jpg\" data-mediatype=1><img decoding=\"async\" class=\"html5galleryimg html5gallery-tn-image\" src=\"https:\/\/revistadospneus.com\/pt\/wp-content\/uploads\/2022\/05\/Michelin-presente-Feira-Internacional-Maquinaria-Agri\u0301cola\/FIMA-2022_14-300x170.jpg\" alt=\"\"><\/a><div class=\"html5gallery-info\"><\/div><a class=\"html5galleryimglink\" href=\"https:\/\/revistadospneus.com\/pt\/wp-content\/uploads\/2022\/05\/Michelin-presente-Feira-Internacional-Maquinaria-Agri\u0301cola\/FIMA-2022_14-390x205.jpg\" data-mediatype=1><img decoding=\"async\" class=\"html5galleryimg html5gallery-tn-image\" src=\"https:\/\/revistadospneus.com\/pt\/wp-content\/uploads\/2022\/05\/Michelin-presente-Feira-Internacional-Maquinaria-Agri\u0301cola\/FIMA-2022_14-390x205.jpg\" alt=\"\"><\/a><div class=\"html5gallery-info\"><\/div><a class=\"html5galleryimglink\" href=\"https:\/\/revistadospneus.com\/pt\/wp-content\/uploads\/2022\/05\/Michelin-presente-Feira-Internacional-Maquinaria-Agri\u0301cola\/FIMA-2022_14-392x272.jpg\" data-mediatype=1><img decoding=\"async\" class=\"html5galleryimg html5gallery-tn-image\" src=\"https:\/\/revistadospneus.com\/pt\/wp-content\/uploads\/2022\/05\/Michelin-presente-Feira-Internacional-Maquinaria-Agri\u0301cola\/FIMA-2022_14-392x272.jpg\" alt=\"\"><\/a><div class=\"html5gallery-info\"><\/div><a class=\"html5galleryimglink\" href=\"https:\/\/revistadospneus.com\/pt\/wp-content\/uploads\/2022\/05\/Michelin-presente-Feira-Internacional-Maquinaria-Agri\u0301cola\/FIMA-2022_14-45x45.jpg\" data-mediatype=1><img decoding=\"async\" class=\"html5galleryimg html5gallery-tn-image\" src=\"https:\/\/revistadospneus.com\/pt\/wp-content\/uploads\/2022\/05\/Michelin-presente-Feira-Internacional-Maquinaria-Agri\u0301cola\/FIMA-2022_14-45x45.jpg\" alt=\"\"><\/a><div class=\"html5gallery-info\"><\/div><a class=\"html5galleryimglink\" href=\"https:\/\/revistadospneus.com\/pt\/wp-content\/uploads\/2022\/05\/Michelin-presente-Feira-Internacional-Maquinaria-Agri\u0301cola\/FIMA-2022_14-575x198.jpg\" data-mediatype=1><img decoding=\"async\" class=\"html5galleryimg html5gallery-tn-image\" src=\"https:\/\/revistadospneus.com\/pt\/wp-content\/uploads\/2022\/05\/Michelin-presente-Feira-Internacional-Maquinaria-Agri\u0301cola\/FIMA-2022_14-575x198.jpg\" alt=\"\"><\/a><div class=\"html5gallery-info\"><\/div><a class=\"html5galleryimglink\" href=\"https:\/\/revistadospneus.com\/pt\/wp-content\/uploads\/2022\/05\/Michelin-presente-Feira-Internacional-Maquinaria-Agri\u0301cola\/FIMA-2022_14-600x417.jpg\" data-mediatype=1><img decoding=\"async\" class=\"html5galleryimg html5gallery-tn-image\" src=\"https:\/\/revistadospneus.com\/pt\/wp-content\/uploads\/2022\/05\/Michelin-presente-Feira-Internacional-Maquinaria-Agri\u0301cola\/FIMA-2022_14-600x417.jpg\" alt=\"\"><\/a><div class=\"html5gallery-info\"><\/div><a class=\"html5galleryimglink\" href=\"https:\/\/revistadospneus.com\/pt\/wp-content\/uploads\/2022\/05\/Michelin-presente-Feira-Internacional-Maquinaria-Agri\u0301cola\/FIMA-2022_14-768x436.jpg\" data-mediatype=1><img decoding=\"async\" class=\"html5galleryimg html5gallery-tn-image\" src=\"https:\/\/revistadospneus.com\/pt\/wp-content\/uploads\/2022\/05\/Michelin-presente-Feira-Internacional-Maquinaria-Agri\u0301cola\/FIMA-2022_14-768x436.jpg\" alt=\"\"><\/a><div class=\"html5gallery-info\"><\/div><a class=\"html5galleryimglink\" href=\"https:\/\/revistadospneus.com\/pt\/wp-content\/uploads\/2022\/05\/Michelin-presente-Feira-Internacional-Maquinaria-Agri\u0301cola\/FIMA-2022_14-800x445.jpg\" data-mediatype=1><img decoding=\"async\" class=\"html5galleryimg html5gallery-tn-image\" src=\"https:\/\/revistadospneus.com\/pt\/wp-content\/uploads\/2022\/05\/Michelin-presente-Feira-Internacional-Maquinaria-Agri\u0301cola\/FIMA-2022_14-800x445.jpg\" alt=\"\"><\/a><div class=\"html5gallery-info\"><\/div><a class=\"html5galleryimglink\" href=\"https:\/\/revistadospneus.com\/pt\/wp-content\/uploads\/2022\/05\/Michelin-presente-Feira-Internacional-Maquinaria-Agri\u0301cola\/FIMA-2022_14.jpg\" data-mediatype=1><img decoding=\"async\" class=\"html5galleryimg html5gallery-tn-image\" src=\"https:\/\/revistadospneus.com\/pt\/wp-content\/uploads\/2022\/05\/Michelin-presente-Feira-Internacional-Maquinaria-Agri\u0301cola\/FIMA-2022_14.jpg\" alt=\"\"><\/a><div class=\"html5gallery-info\"><\/div><a class=\"html5galleryimglink\" href=\"https:\/\/revistadospneus.com\/pt\/wp-content\/uploads\/2022\/05\/Michelin-presente-Feira-Internacional-Maquinaria-Agri\u0301cola\/FIMA-2022_15-1024x480.jpg\" data-mediatype=1><img decoding=\"async\" class=\"html5galleryimg html5gallery-tn-image\" src=\"https:\/\/revistadospneus.com\/pt\/wp-content\/uploads\/2022\/05\/Michelin-presente-Feira-Internacional-Maquinaria-Agri\u0301cola\/FIMA-2022_15-1024x480.jpg\" alt=\"\"><\/a><div class=\"html5gallery-info\"><\/div><a class=\"html5galleryimglink\" href=\"https:\/\/revistadospneus.com\/pt\/wp-content\/uploads\/2022\/05\/Michelin-presente-Feira-Internacional-Maquinaria-Agri\u0301cola\/FIMA-2022_15-130x90.jpg\" data-mediatype=1><img decoding=\"async\" class=\"html5galleryimg html5gallery-tn-image\" src=\"https:\/\/revistadospneus.com\/pt\/wp-content\/uploads\/2022\/05\/Michelin-presente-Feira-Internacional-Maquinaria-Agri\u0301cola\/FIMA-2022_15-130x90.jpg\" alt=\"\"><\/a><div class=\"html5gallery-info\"><\/div><a class=\"html5galleryimglink\" href=\"https:\/\/revistadospneus.com\/pt\/wp-content\/uploads\/2022\/05\/Michelin-presente-Feira-Internacional-Maquinaria-Agri\u0301cola\/FIMA-2022_15-150x150.jpg\" data-mediatype=1><img decoding=\"async\" class=\"html5galleryimg html5gallery-tn-image\" src=\"https:\/\/revistadospneus.com\/pt\/wp-content\/uploads\/2022\/05\/Michelin-presente-Feira-Internacional-Maquinaria-Agri\u0301cola\/FIMA-2022_15-150x150.jpg\" alt=\"\"><\/a><div class=\"html5gallery-info\"><\/div><a class=\"html5galleryimglink\" href=\"https:\/\/revistadospneus.com\/pt\/wp-content\/uploads\/2022\/05\/Michelin-presente-Feira-Internacional-Maquinaria-Agri\u0301cola\/FIMA-2022_15-150x85.jpg\" data-mediatype=1><img decoding=\"async\" class=\"html5galleryimg html5gallery-tn-image\" src=\"https:\/\/revistadospneus.com\/pt\/wp-content\/uploads\/2022\/05\/Michelin-presente-Feira-Internacional-Maquinaria-Agri\u0301cola\/FIMA-2022_15-150x85.jpg\" alt=\"\"><\/a><div class=\"html5gallery-info\"><\/div><a class=\"html5galleryimglink\" href=\"https:\/\/revistadospneus.com\/pt\/wp-content\/uploads\/2022\/05\/Michelin-presente-Feira-Internacional-Maquinaria-Agri\u0301cola\/FIMA-2022_15-285x450.jpg\" data-mediatype=1><img decoding=\"async\" class=\"html5galleryimg html5gallery-tn-image\" src=\"https:\/\/revistadospneus.com\/pt\/wp-content\/uploads\/2022\/05\/Michelin-presente-Feira-Internacional-Maquinaria-Agri\u0301cola\/FIMA-2022_15-285x450.jpg\" alt=\"\"><\/a><div class=\"html5gallery-info\"><\/div><a class=\"html5galleryimglink\" href=\"https:\/\/revistadospneus.com\/pt\/wp-content\/uploads\/2022\/05\/Michelin-presente-Feira-Internacional-Maquinaria-Agri\u0301cola\/FIMA-2022_15-300x170.jpg\" data-mediatype=1><img decoding=\"async\" class=\"html5galleryimg html5gallery-tn-image\" src=\"https:\/\/revistadospneus.com\/pt\/wp-content\/uploads\/2022\/05\/Michelin-presente-Feira-Internacional-Maquinaria-Agri\u0301cola\/FIMA-2022_15-300x170.jpg\" alt=\"\"><\/a><div class=\"html5gallery-info\"><\/div><a class=\"html5galleryimglink\" href=\"https:\/\/revistadospneus.com\/pt\/wp-content\/uploads\/2022\/05\/Michelin-presente-Feira-Internacional-Maquinaria-Agri\u0301cola\/FIMA-2022_15-390x205.jpg\" data-mediatype=1><img decoding=\"async\" class=\"html5galleryimg html5gallery-tn-image\" src=\"https:\/\/revistadospneus.com\/pt\/wp-content\/uploads\/2022\/05\/Michelin-presente-Feira-Internacional-Maquinaria-Agri\u0301cola\/FIMA-2022_15-390x205.jpg\" alt=\"\"><\/a><div class=\"html5gallery-info\"><\/div><a class=\"html5galleryimglink\" href=\"https:\/\/revistadospneus.com\/pt\/wp-content\/uploads\/2022\/05\/Michelin-presente-Feira-Internacional-Maquinaria-Agri\u0301cola\/FIMA-2022_15-392x272.jpg\" data-mediatype=1><img decoding=\"async\" class=\"html5galleryimg html5gallery-tn-image\" src=\"https:\/\/revistadospneus.com\/pt\/wp-content\/uploads\/2022\/05\/Michelin-presente-Feira-Internacional-Maquinaria-Agri\u0301cola\/FIMA-2022_15-392x272.jpg\" alt=\"\"><\/a><div class=\"html5gallery-info\"><\/div><a class=\"html5galleryimglink\" href=\"https:\/\/revistadospneus.com\/pt\/wp-content\/uploads\/2022\/05\/Michelin-presente-Feira-Internacional-Maquinaria-Agri\u0301cola\/FIMA-2022_15-45x45.jpg\" data-mediatype=1><img decoding=\"async\" class=\"html5galleryimg html5gallery-tn-image\" src=\"https:\/\/revistadospneus.com\/pt\/wp-content\/uploads\/2022\/05\/Michelin-presente-Feira-Internacional-Maquinaria-Agri\u0301cola\/FIMA-2022_15-45x45.jpg\" alt=\"\"><\/a><div class=\"html5gallery-info\"><\/div><a class=\"html5galleryimglink\" href=\"https:\/\/revistadospneus.com\/pt\/wp-content\/uploads\/2022\/05\/Michelin-presente-Feira-Internacional-Maquinaria-Agri\u0301cola\/FIMA-2022_15-575x198.jpg\" data-mediatype=1><img decoding=\"async\" class=\"html5galleryimg html5gallery-tn-image\" src=\"https:\/\/revistadospneus.com\/pt\/wp-content\/uploads\/2022\/05\/Michelin-presente-Feira-Internacional-Maquinaria-Agri\u0301cola\/FIMA-2022_15-575x198.jpg\" alt=\"\"><\/a><div class=\"html5gallery-info\"><\/div><a class=\"html5galleryimglink\" href=\"https:\/\/revistadospneus.com\/pt\/wp-content\/uploads\/2022\/05\/Michelin-presente-Feira-Internacional-Maquinaria-Agri\u0301cola\/FIMA-2022_15-600x417.jpg\" data-mediatype=1><img decoding=\"async\" class=\"html5galleryimg html5gallery-tn-image\" src=\"https:\/\/revistadospneus.com\/pt\/wp-content\/uploads\/2022\/05\/Michelin-presente-Feira-Internacional-Maquinaria-Agri\u0301cola\/FIMA-2022_15-600x417.jpg\" alt=\"\"><\/a><div class=\"html5gallery-info\"><\/div><a class=\"html5galleryimglink\" href=\"https:\/\/revistadospneus.com\/pt\/wp-content\/uploads\/2022\/05\/Michelin-presente-Feira-Internacional-Maquinaria-Agri\u0301cola\/FIMA-2022_15-768x436.jpg\" data-mediatype=1><img decoding=\"async\" class=\"html5galleryimg html5gallery-tn-image\" src=\"https:\/\/revistadospneus.com\/pt\/wp-content\/uploads\/2022\/05\/Michelin-presente-Feira-Internacional-Maquinaria-Agri\u0301cola\/FIMA-2022_15-768x436.jpg\" alt=\"\"><\/a><div class=\"html5gallery-info\"><\/div><a class=\"html5galleryimglink\" href=\"https:\/\/revistadospneus.com\/pt\/wp-content\/uploads\/2022\/05\/Michelin-presente-Feira-Internacional-Maquinaria-Agri\u0301cola\/FIMA-2022_15-800x445.jpg\" data-mediatype=1><img decoding=\"async\" class=\"html5galleryimg html5gallery-tn-image\" src=\"https:\/\/revistadospneus.com\/pt\/wp-content\/uploads\/2022\/05\/Michelin-presente-Feira-Internacional-Maquinaria-Agri\u0301cola\/FIMA-2022_15-800x445.jpg\" alt=\"\"><\/a><div class=\"html5gallery-info\"><\/div><a class=\"html5galleryimglink\" href=\"https:\/\/revistadospneus.com\/pt\/wp-content\/uploads\/2022\/05\/Michelin-presente-Feira-Internacional-Maquinaria-Agri\u0301cola\/FIMA-2022_15.jpg\" data-mediatype=1><img decoding=\"async\" class=\"html5galleryimg html5gallery-tn-image\" src=\"https:\/\/revistadospneus.com\/pt\/wp-content\/uploads\/2022\/05\/Michelin-presente-Feira-Internacional-Maquinaria-Agri\u0301cola\/FIMA-2022_15.jpg\" alt=\"\"><\/a><div class=\"html5gallery-info\"><\/div><a class=\"html5galleryimglink\" href=\"https:\/\/revistadospneus.com\/pt\/wp-content\/uploads\/2022\/05\/Michelin-presente-Feira-Internacional-Maquinaria-Agri\u0301cola\/FIMA-2022_16-1024x480.jpg\" data-mediatype=1><img decoding=\"async\" class=\"html5galleryimg html5gallery-tn-image\" src=\"https:\/\/revistadospneus.com\/pt\/wp-content\/uploads\/2022\/05\/Michelin-presente-Feira-Internacional-Maquinaria-Agri\u0301cola\/FIMA-2022_16-1024x480.jpg\" alt=\"\"><\/a><div class=\"html5gallery-info\"><\/div><a class=\"html5galleryimglink\" href=\"https:\/\/revistadospneus.com\/pt\/wp-content\/uploads\/2022\/05\/Michelin-presente-Feira-Internacional-Maquinaria-Agri\u0301cola\/FIMA-2022_16-130x90.jpg\" data-mediatype=1><img decoding=\"async\" class=\"html5galleryimg html5gallery-tn-image\" src=\"https:\/\/revistadospneus.com\/pt\/wp-content\/uploads\/2022\/05\/Michelin-presente-Feira-Internacional-Maquinaria-Agri\u0301cola\/FIMA-2022_16-130x90.jpg\" alt=\"\"><\/a><div class=\"html5gallery-info\"><\/div><a class=\"html5galleryimglink\" href=\"https:\/\/revistadospneus.com\/pt\/wp-content\/uploads\/2022\/05\/Michelin-presente-Feira-Internacional-Maquinaria-Agri\u0301cola\/FIMA-2022_16-150x150.jpg\" data-mediatype=1><img decoding=\"async\" class=\"html5galleryimg html5gallery-tn-image\" src=\"https:\/\/revistadospneus.com\/pt\/wp-content\/uploads\/2022\/05\/Michelin-presente-Feira-Internacional-Maquinaria-Agri\u0301cola\/FIMA-2022_16-150x150.jpg\" alt=\"\"><\/a><div class=\"html5gallery-info\"><\/div><a class=\"html5galleryimglink\" href=\"https:\/\/revistadospneus.com\/pt\/wp-content\/uploads\/2022\/05\/Michelin-presente-Feira-Internacional-Maquinaria-Agri\u0301cola\/FIMA-2022_16-150x85.jpg\" data-mediatype=1><img decoding=\"async\" class=\"html5galleryimg html5gallery-tn-image\" src=\"https:\/\/revistadospneus.com\/pt\/wp-content\/uploads\/2022\/05\/Michelin-presente-Feira-Internacional-Maquinaria-Agri\u0301cola\/FIMA-2022_16-150x85.jpg\" alt=\"\"><\/a><div class=\"html5gallery-info\"><\/div><a class=\"html5galleryimglink\" href=\"https:\/\/revistadospneus.com\/pt\/wp-content\/uploads\/2022\/05\/Michelin-presente-Feira-Internacional-Maquinaria-Agri\u0301cola\/FIMA-2022_16-285x450.jpg\" data-mediatype=1><img decoding=\"async\" class=\"html5galleryimg html5gallery-tn-image\" src=\"https:\/\/revistadospneus.com\/pt\/wp-content\/uploads\/2022\/05\/Michelin-presente-Feira-Internacional-Maquinaria-Agri\u0301cola\/FIMA-2022_16-285x450.jpg\" alt=\"\"><\/a><div class=\"html5gallery-info\"><\/div><a class=\"html5galleryimglink\" href=\"https:\/\/revistadospneus.com\/pt\/wp-content\/uploads\/2022\/05\/Michelin-presente-Feira-Internacional-Maquinaria-Agri\u0301cola\/FIMA-2022_16-300x170.jpg\" data-mediatype=1><img decoding=\"async\" class=\"html5galleryimg html5gallery-tn-image\" src=\"https:\/\/revistadospneus.com\/pt\/wp-content\/uploads\/2022\/05\/Michelin-presente-Feira-Internacional-Maquinaria-Agri\u0301cola\/FIMA-2022_16-300x170.jpg\" alt=\"\"><\/a><div class=\"html5gallery-info\"><\/div><a class=\"html5galleryimglink\" href=\"https:\/\/revistadospneus.com\/pt\/wp-content\/uploads\/2022\/05\/Michelin-presente-Feira-Internacional-Maquinaria-Agri\u0301cola\/FIMA-2022_16-390x205.jpg\" data-mediatype=1><img decoding=\"async\" class=\"html5galleryimg html5gallery-tn-image\" src=\"https:\/\/revistadospneus.com\/pt\/wp-content\/uploads\/2022\/05\/Michelin-presente-Feira-Internacional-Maquinaria-Agri\u0301cola\/FIMA-2022_16-390x205.jpg\" alt=\"\"><\/a><div class=\"html5gallery-info\"><\/div><a class=\"html5galleryimglink\" href=\"https:\/\/revistadospneus.com\/pt\/wp-content\/uploads\/2022\/05\/Michelin-presente-Feira-Internacional-Maquinaria-Agri\u0301cola\/FIMA-2022_16-392x272.jpg\" data-mediatype=1><img decoding=\"async\" class=\"html5galleryimg html5gallery-tn-image\" src=\"https:\/\/revistadospneus.com\/pt\/wp-content\/uploads\/2022\/05\/Michelin-presente-Feira-Internacional-Maquinaria-Agri\u0301cola\/FIMA-2022_16-392x272.jpg\" alt=\"\"><\/a><div class=\"html5gallery-info\"><\/div><a class=\"html5galleryimglink\" href=\"https:\/\/revistadospneus.com\/pt\/wp-content\/uploads\/2022\/05\/Michelin-presente-Feira-Internacional-Maquinaria-Agri\u0301cola\/FIMA-2022_16-45x45.jpg\" data-mediatype=1><img decoding=\"async\" class=\"html5galleryimg html5gallery-tn-image\" src=\"https:\/\/revistadospneus.com\/pt\/wp-content\/uploads\/2022\/05\/Michelin-presente-Feira-Internacional-Maquinaria-Agri\u0301cola\/FIMA-2022_16-45x45.jpg\" alt=\"\"><\/a><div class=\"html5gallery-info\"><\/div><a class=\"html5galleryimglink\" href=\"https:\/\/revistadospneus.com\/pt\/wp-content\/uploads\/2022\/05\/Michelin-presente-Feira-Internacional-Maquinaria-Agri\u0301cola\/FIMA-2022_16-575x198.jpg\" data-mediatype=1><img decoding=\"async\" class=\"html5galleryimg html5gallery-tn-image\" src=\"https:\/\/revistadospneus.com\/pt\/wp-content\/uploads\/2022\/05\/Michelin-presente-Feira-Internacional-Maquinaria-Agri\u0301cola\/FIMA-2022_16-575x198.jpg\" alt=\"\"><\/a><div class=\"html5gallery-info\"><\/div><a class=\"html5galleryimglink\" href=\"https:\/\/revistadospneus.com\/pt\/wp-content\/uploads\/2022\/05\/Michelin-presente-Feira-Internacional-Maquinaria-Agri\u0301cola\/FIMA-2022_16-600x417.jpg\" data-mediatype=1><img decoding=\"async\" class=\"html5galleryimg html5gallery-tn-image\" src=\"https:\/\/revistadospneus.com\/pt\/wp-content\/uploads\/2022\/05\/Michelin-presente-Feira-Internacional-Maquinaria-Agri\u0301cola\/FIMA-2022_16-600x417.jpg\" alt=\"\"><\/a><div class=\"html5gallery-info\"><\/div><a class=\"html5galleryimglink\" href=\"https:\/\/revistadospneus.com\/pt\/wp-content\/uploads\/2022\/05\/Michelin-presente-Feira-Internacional-Maquinaria-Agri\u0301cola\/FIMA-2022_16-768x436.jpg\" data-mediatype=1><img decoding=\"async\" class=\"html5galleryimg html5gallery-tn-image\" src=\"https:\/\/revistadospneus.com\/pt\/wp-content\/uploads\/2022\/05\/Michelin-presente-Feira-Internacional-Maquinaria-Agri\u0301cola\/FIMA-2022_16-768x436.jpg\" alt=\"\"><\/a><div class=\"html5gallery-info\"><\/div><a class=\"html5galleryimglink\" href=\"https:\/\/revistadospneus.com\/pt\/wp-content\/uploads\/2022\/05\/Michelin-presente-Feira-Internacional-Maquinaria-Agri\u0301cola\/FIMA-2022_16-800x445.jpg\" data-mediatype=1><img decoding=\"async\" class=\"html5galleryimg html5gallery-tn-image\" src=\"https:\/\/revistadospneus.com\/pt\/wp-content\/uploads\/2022\/05\/Michelin-presente-Feira-Internacional-Maquinaria-Agri\u0301cola\/FIMA-2022_16-800x445.jpg\" alt=\"\"><\/a><div class=\"html5gallery-info\"><\/div><a class=\"html5galleryimglink\" href=\"https:\/\/revistadospneus.com\/pt\/wp-content\/uploads\/2022\/05\/Michelin-presente-Feira-Internacional-Maquinaria-Agri\u0301cola\/FIMA-2022_16.jpg\" data-mediatype=1><img decoding=\"async\" class=\"html5galleryimg html5gallery-tn-image\" src=\"https:\/\/revistadospneus.com\/pt\/wp-content\/uploads\/2022\/05\/Michelin-presente-Feira-Internacional-Maquinaria-Agri\u0301cola\/FIMA-2022_16.jpg\" alt=\"\"><\/a><div class=\"html5gallery-info\"><\/div><a class=\"html5galleryimglink\" href=\"https:\/\/revistadospneus.com\/pt\/wp-content\/uploads\/2022\/05\/Michelin-presente-Feira-Internacional-Maquinaria-Agri\u0301cola\/FIMA-2022_19-1024x480.jpg\" data-mediatype=1><img decoding=\"async\" class=\"html5galleryimg html5gallery-tn-image\" src=\"https:\/\/revistadospneus.com\/pt\/wp-content\/uploads\/2022\/05\/Michelin-presente-Feira-Internacional-Maquinaria-Agri\u0301cola\/FIMA-2022_19-1024x480.jpg\" alt=\"\"><\/a><div class=\"html5gallery-info\"><\/div><a class=\"html5galleryimglink\" href=\"https:\/\/revistadospneus.com\/pt\/wp-content\/uploads\/2022\/05\/Michelin-presente-Feira-Internacional-Maquinaria-Agri\u0301cola\/FIMA-2022_19-130x90.jpg\" data-mediatype=1><img decoding=\"async\" class=\"html5galleryimg html5gallery-tn-image\" src=\"https:\/\/revistadospneus.com\/pt\/wp-content\/uploads\/2022\/05\/Michelin-presente-Feira-Internacional-Maquinaria-Agri\u0301cola\/FIMA-2022_19-130x90.jpg\" alt=\"\"><\/a><div class=\"html5gallery-info\"><\/div><a class=\"html5galleryimglink\" href=\"https:\/\/revistadospneus.com\/pt\/wp-content\/uploads\/2022\/05\/Michelin-presente-Feira-Internacional-Maquinaria-Agri\u0301cola\/FIMA-2022_19-150x150.jpg\" data-mediatype=1><img decoding=\"async\" class=\"html5galleryimg html5gallery-tn-image\" src=\"https:\/\/revistadospneus.com\/pt\/wp-content\/uploads\/2022\/05\/Michelin-presente-Feira-Internacional-Maquinaria-Agri\u0301cola\/FIMA-2022_19-150x150.jpg\" alt=\"\"><\/a><div class=\"html5gallery-info\"><\/div><a class=\"html5galleryimglink\" href=\"https:\/\/revistadospneus.com\/pt\/wp-content\/uploads\/2022\/05\/Michelin-presente-Feira-Internacional-Maquinaria-Agri\u0301cola\/FIMA-2022_19-150x85.jpg\" data-mediatype=1><img decoding=\"async\" class=\"html5galleryimg html5gallery-tn-image\" src=\"https:\/\/revistadospneus.com\/pt\/wp-content\/uploads\/2022\/05\/Michelin-presente-Feira-Internacional-Maquinaria-Agri\u0301cola\/FIMA-2022_19-150x85.jpg\" alt=\"\"><\/a><div class=\"html5gallery-info\"><\/div><a class=\"html5galleryimglink\" href=\"https:\/\/revistadospneus.com\/pt\/wp-content\/uploads\/2022\/05\/Michelin-presente-Feira-Internacional-Maquinaria-Agri\u0301cola\/FIMA-2022_19-285x450.jpg\" data-mediatype=1><img decoding=\"async\" class=\"html5galleryimg html5gallery-tn-image\" src=\"https:\/\/revistadospneus.com\/pt\/wp-content\/uploads\/2022\/05\/Michelin-presente-Feira-Internacional-Maquinaria-Agri\u0301cola\/FIMA-2022_19-285x450.jpg\" alt=\"\"><\/a><div class=\"html5gallery-info\"><\/div><a class=\"html5galleryimglink\" href=\"https:\/\/revistadospneus.com\/pt\/wp-content\/uploads\/2022\/05\/Michelin-presente-Feira-Internacional-Maquinaria-Agri\u0301cola\/FIMA-2022_19-300x170.jpg\" data-mediatype=1><img decoding=\"async\" class=\"html5galleryimg html5gallery-tn-image\" src=\"https:\/\/revistadospneus.com\/pt\/wp-content\/uploads\/2022\/05\/Michelin-presente-Feira-Internacional-Maquinaria-Agri\u0301cola\/FIMA-2022_19-300x170.jpg\" alt=\"\"><\/a><div class=\"html5gallery-info\"><\/div><a class=\"html5galleryimglink\" href=\"https:\/\/revistadospneus.com\/pt\/wp-content\/uploads\/2022\/05\/Michelin-presente-Feira-Internacional-Maquinaria-Agri\u0301cola\/FIMA-2022_19-390x205.jpg\" data-mediatype=1><img decoding=\"async\" class=\"html5galleryimg html5gallery-tn-image\" src=\"https:\/\/revistadospneus.com\/pt\/wp-content\/uploads\/2022\/05\/Michelin-presente-Feira-Internacional-Maquinaria-Agri\u0301cola\/FIMA-2022_19-390x205.jpg\" alt=\"\"><\/a><div class=\"html5gallery-info\"><\/div><a class=\"html5galleryimglink\" href=\"https:\/\/revistadospneus.com\/pt\/wp-content\/uploads\/2022\/05\/Michelin-presente-Feira-Internacional-Maquinaria-Agri\u0301cola\/FIMA-2022_19-392x272.jpg\" data-mediatype=1><img decoding=\"async\" class=\"html5galleryimg html5gallery-tn-image\" src=\"https:\/\/revistadospneus.com\/pt\/wp-content\/uploads\/2022\/05\/Michelin-presente-Feira-Internacional-Maquinaria-Agri\u0301cola\/FIMA-2022_19-392x272.jpg\" alt=\"\"><\/a><div class=\"html5gallery-info\"><\/div><a class=\"html5galleryimglink\" href=\"https:\/\/revistadospneus.com\/pt\/wp-content\/uploads\/2022\/05\/Michelin-presente-Feira-Internacional-Maquinaria-Agri\u0301cola\/FIMA-2022_19-45x45.jpg\" data-mediatype=1><img decoding=\"async\" class=\"html5galleryimg html5gallery-tn-image\" src=\"https:\/\/revistadospneus.com\/pt\/wp-content\/uploads\/2022\/05\/Michelin-presente-Feira-Internacional-Maquinaria-Agri\u0301cola\/FIMA-2022_19-45x45.jpg\" alt=\"\"><\/a><div class=\"html5gallery-info\"><\/div><a class=\"html5galleryimglink\" href=\"https:\/\/revistadospneus.com\/pt\/wp-content\/uploads\/2022\/05\/Michelin-presente-Feira-Internacional-Maquinaria-Agri\u0301cola\/FIMA-2022_19-575x198.jpg\" data-mediatype=1><img decoding=\"async\" class=\"html5galleryimg html5gallery-tn-image\" src=\"https:\/\/revistadospneus.com\/pt\/wp-content\/uploads\/2022\/05\/Michelin-presente-Feira-Internacional-Maquinaria-Agri\u0301cola\/FIMA-2022_19-575x198.jpg\" alt=\"\"><\/a><div class=\"html5gallery-info\"><\/div><a class=\"html5galleryimglink\" href=\"https:\/\/revistadospneus.com\/pt\/wp-content\/uploads\/2022\/05\/Michelin-presente-Feira-Internacional-Maquinaria-Agri\u0301cola\/FIMA-2022_19-600x417.jpg\" data-mediatype=1><img decoding=\"async\" class=\"html5galleryimg html5gallery-tn-image\" src=\"https:\/\/revistadospneus.com\/pt\/wp-content\/uploads\/2022\/05\/Michelin-presente-Feira-Internacional-Maquinaria-Agri\u0301cola\/FIMA-2022_19-600x417.jpg\" alt=\"\"><\/a><div class=\"html5gallery-info\"><\/div><a class=\"html5galleryimglink\" href=\"https:\/\/revistadospneus.com\/pt\/wp-content\/uploads\/2022\/05\/Michelin-presente-Feira-Internacional-Maquinaria-Agri\u0301cola\/FIMA-2022_19-768x436.jpg\" data-mediatype=1><img decoding=\"async\" class=\"html5galleryimg html5gallery-tn-image\" src=\"https:\/\/revistadospneus.com\/pt\/wp-content\/uploads\/2022\/05\/Michelin-presente-Feira-Internacional-Maquinaria-Agri\u0301cola\/FIMA-2022_19-768x436.jpg\" alt=\"\"><\/a><div class=\"html5gallery-info\"><\/div><a class=\"html5galleryimglink\" href=\"https:\/\/revistadospneus.com\/pt\/wp-content\/uploads\/2022\/05\/Michelin-presente-Feira-Internacional-Maquinaria-Agri\u0301cola\/FIMA-2022_19-800x445.jpg\" data-mediatype=1><img decoding=\"async\" class=\"html5galleryimg html5gallery-tn-image\" src=\"https:\/\/revistadospneus.com\/pt\/wp-content\/uploads\/2022\/05\/Michelin-presente-Feira-Internacional-Maquinaria-Agri\u0301cola\/FIMA-2022_19-800x445.jpg\" alt=\"\"><\/a><div class=\"html5gallery-info\"><\/div><a class=\"html5galleryimglink\" href=\"https:\/\/revistadospneus.com\/pt\/wp-content\/uploads\/2022\/05\/Michelin-presente-Feira-Internacional-Maquinaria-Agri\u0301cola\/FIMA-2022_19.jpg\" data-mediatype=1><img decoding=\"async\" class=\"html5galleryimg html5gallery-tn-image\" src=\"https:\/\/revistadospneus.com\/pt\/wp-content\/uploads\/2022\/05\/Michelin-presente-Feira-Internacional-Maquinaria-Agri\u0301cola\/FIMA-2022_19.jpg\" alt=\"\"><\/a><div class=\"html5gallery-info\"><\/div><a class=\"html5galleryimglink\" href=\"https:\/\/revistadospneus.com\/pt\/wp-content\/uploads\/2022\/05\/Michelin-presente-Feira-Internacional-Maquinaria-Agri\u0301cola\/FIMA-2022_2-1024x480.jpg\" data-mediatype=1><img decoding=\"async\" class=\"html5galleryimg html5gallery-tn-image\" src=\"https:\/\/revistadospneus.com\/pt\/wp-content\/uploads\/2022\/05\/Michelin-presente-Feira-Internacional-Maquinaria-Agri\u0301cola\/FIMA-2022_2-1024x480.jpg\" alt=\"\"><\/a><div class=\"html5gallery-info\"><\/div><a class=\"html5galleryimglink\" href=\"https:\/\/revistadospneus.com\/pt\/wp-content\/uploads\/2022\/05\/Michelin-presente-Feira-Internacional-Maquinaria-Agri\u0301cola\/FIMA-2022_2-130x90.jpg\" data-mediatype=1><img decoding=\"async\" class=\"html5galleryimg html5gallery-tn-image\" src=\"https:\/\/revistadospneus.com\/pt\/wp-content\/uploads\/2022\/05\/Michelin-presente-Feira-Internacional-Maquinaria-Agri\u0301cola\/FIMA-2022_2-130x90.jpg\" alt=\"\"><\/a><div class=\"html5gallery-info\"><\/div><a class=\"html5galleryimglink\" href=\"https:\/\/revistadospneus.com\/pt\/wp-content\/uploads\/2022\/05\/Michelin-presente-Feira-Internacional-Maquinaria-Agri\u0301cola\/FIMA-2022_2-150x150.jpg\" data-mediatype=1><img decoding=\"async\" class=\"html5galleryimg html5gallery-tn-image\" src=\"https:\/\/revistadospneus.com\/pt\/wp-content\/uploads\/2022\/05\/Michelin-presente-Feira-Internacional-Maquinaria-Agri\u0301cola\/FIMA-2022_2-150x150.jpg\" alt=\"\"><\/a><div class=\"html5gallery-info\"><\/div><a class=\"html5galleryimglink\" href=\"https:\/\/revistadospneus.com\/pt\/wp-content\/uploads\/2022\/05\/Michelin-presente-Feira-Internacional-Maquinaria-Agri\u0301cola\/FIMA-2022_2-150x85.jpg\" data-mediatype=1><img decoding=\"async\" class=\"html5galleryimg html5gallery-tn-image\" src=\"https:\/\/revistadospneus.com\/pt\/wp-content\/uploads\/2022\/05\/Michelin-presente-Feira-Internacional-Maquinaria-Agri\u0301cola\/FIMA-2022_2-150x85.jpg\" alt=\"\"><\/a><div class=\"html5gallery-info\"><\/div><a class=\"html5galleryimglink\" href=\"https:\/\/revistadospneus.com\/pt\/wp-content\/uploads\/2022\/05\/Michelin-presente-Feira-Internacional-Maquinaria-Agri\u0301cola\/FIMA-2022_2-285x450.jpg\" data-mediatype=1><img decoding=\"async\" class=\"html5galleryimg html5gallery-tn-image\" src=\"https:\/\/revistadospneus.com\/pt\/wp-content\/uploads\/2022\/05\/Michelin-presente-Feira-Internacional-Maquinaria-Agri\u0301cola\/FIMA-2022_2-285x450.jpg\" alt=\"\"><\/a><div class=\"html5gallery-info\"><\/div><a class=\"html5galleryimglink\" href=\"https:\/\/revistadospneus.com\/pt\/wp-content\/uploads\/2022\/05\/Michelin-presente-Feira-Internacional-Maquinaria-Agri\u0301cola\/FIMA-2022_2-300x170.jpg\" data-mediatype=1><img decoding=\"async\" class=\"html5galleryimg html5gallery-tn-image\" src=\"https:\/\/revistadospneus.com\/pt\/wp-content\/uploads\/2022\/05\/Michelin-presente-Feira-Internacional-Maquinaria-Agri\u0301cola\/FIMA-2022_2-300x170.jpg\" alt=\"\"><\/a><div class=\"html5gallery-info\"><\/div><a class=\"html5galleryimglink\" href=\"https:\/\/revistadospneus.com\/pt\/wp-content\/uploads\/2022\/05\/Michelin-presente-Feira-Internacional-Maquinaria-Agri\u0301cola\/FIMA-2022_2-390x205.jpg\" data-mediatype=1><img decoding=\"async\" class=\"html5galleryimg html5gallery-tn-image\" src=\"https:\/\/revistadospneus.com\/pt\/wp-content\/uploads\/2022\/05\/Michelin-presente-Feira-Internacional-Maquinaria-Agri\u0301cola\/FIMA-2022_2-390x205.jpg\" alt=\"\"><\/a><div class=\"html5gallery-info\"><\/div><a class=\"html5galleryimglink\" href=\"https:\/\/revistadospneus.com\/pt\/wp-content\/uploads\/2022\/05\/Michelin-presente-Feira-Internacional-Maquinaria-Agri\u0301cola\/FIMA-2022_2-392x272.jpg\" data-mediatype=1><img decoding=\"async\" class=\"html5galleryimg html5gallery-tn-image\" src=\"https:\/\/revistadospneus.com\/pt\/wp-content\/uploads\/2022\/05\/Michelin-presente-Feira-Internacional-Maquinaria-Agri\u0301cola\/FIMA-2022_2-392x272.jpg\" alt=\"\"><\/a><div class=\"html5gallery-info\"><\/div><a class=\"html5galleryimglink\" href=\"https:\/\/revistadospneus.com\/pt\/wp-content\/uploads\/2022\/05\/Michelin-presente-Feira-Internacional-Maquinaria-Agri\u0301cola\/FIMA-2022_2-45x45.jpg\" data-mediatype=1><img decoding=\"async\" class=\"html5galleryimg html5gallery-tn-image\" src=\"https:\/\/revistadospneus.com\/pt\/wp-content\/uploads\/2022\/05\/Michelin-presente-Feira-Internacional-Maquinaria-Agri\u0301cola\/FIMA-2022_2-45x45.jpg\" alt=\"\"><\/a><div class=\"html5gallery-info\"><\/div><a class=\"html5galleryimglink\" href=\"https:\/\/revistadospneus.com\/pt\/wp-content\/uploads\/2022\/05\/Michelin-presente-Feira-Internacional-Maquinaria-Agri\u0301cola\/FIMA-2022_2-575x198.jpg\" data-mediatype=1><img decoding=\"async\" class=\"html5galleryimg html5gallery-tn-image\" src=\"https:\/\/revistadospneus.com\/pt\/wp-content\/uploads\/2022\/05\/Michelin-presente-Feira-Internacional-Maquinaria-Agri\u0301cola\/FIMA-2022_2-575x198.jpg\" alt=\"\"><\/a><div class=\"html5gallery-info\"><\/div><a class=\"html5galleryimglink\" href=\"https:\/\/revistadospneus.com\/pt\/wp-content\/uploads\/2022\/05\/Michelin-presente-Feira-Internacional-Maquinaria-Agri\u0301cola\/FIMA-2022_2-600x417.jpg\" data-mediatype=1><img decoding=\"async\" class=\"html5galleryimg html5gallery-tn-image\" src=\"https:\/\/revistadospneus.com\/pt\/wp-content\/uploads\/2022\/05\/Michelin-presente-Feira-Internacional-Maquinaria-Agri\u0301cola\/FIMA-2022_2-600x417.jpg\" alt=\"\"><\/a><div class=\"html5gallery-info\"><\/div><a class=\"html5galleryimglink\" href=\"https:\/\/revistadospneus.com\/pt\/wp-content\/uploads\/2022\/05\/Michelin-presente-Feira-Internacional-Maquinaria-Agri\u0301cola\/FIMA-2022_2-768x436.jpg\" data-mediatype=1><img decoding=\"async\" class=\"html5galleryimg html5gallery-tn-image\" src=\"https:\/\/revistadospneus.com\/pt\/wp-content\/uploads\/2022\/05\/Michelin-presente-Feira-Internacional-Maquinaria-Agri\u0301cola\/FIMA-2022_2-768x436.jpg\" alt=\"\"><\/a><div class=\"html5gallery-info\"><\/div><a class=\"html5galleryimglink\" href=\"https:\/\/revistadospneus.com\/pt\/wp-content\/uploads\/2022\/05\/Michelin-presente-Feira-Internacional-Maquinaria-Agri\u0301cola\/FIMA-2022_2-800x445.jpg\" data-mediatype=1><img decoding=\"async\" class=\"html5galleryimg html5gallery-tn-image\" src=\"https:\/\/revistadospneus.com\/pt\/wp-content\/uploads\/2022\/05\/Michelin-presente-Feira-Internacional-Maquinaria-Agri\u0301cola\/FIMA-2022_2-800x445.jpg\" alt=\"\"><\/a><div class=\"html5gallery-info\"><\/div><a class=\"html5galleryimglink\" href=\"https:\/\/revistadospneus.com\/pt\/wp-content\/uploads\/2022\/05\/Michelin-presente-Feira-Internacional-Maquinaria-Agri\u0301cola\/FIMA-2022_2.jpg\" data-mediatype=1><img decoding=\"async\" class=\"html5galleryimg html5gallery-tn-image\" src=\"https:\/\/revistadospneus.com\/pt\/wp-content\/uploads\/2022\/05\/Michelin-presente-Feira-Internacional-Maquinaria-Agri\u0301cola\/FIMA-2022_2.jpg\" alt=\"\"><\/a><div class=\"html5gallery-info\"><\/div><a class=\"html5galleryimglink\" href=\"https:\/\/revistadospneus.com\/pt\/wp-content\/uploads\/2022\/05\/Michelin-presente-Feira-Internacional-Maquinaria-Agri\u0301cola\/FIMA-2022_3-1024x480.jpg\" data-mediatype=1><img decoding=\"async\" class=\"html5galleryimg html5gallery-tn-image\" src=\"https:\/\/revistadospneus.com\/pt\/wp-content\/uploads\/2022\/05\/Michelin-presente-Feira-Internacional-Maquinaria-Agri\u0301cola\/FIMA-2022_3-1024x480.jpg\" alt=\"\"><\/a><div class=\"html5gallery-info\"><\/div><a class=\"html5galleryimglink\" href=\"https:\/\/revistadospneus.com\/pt\/wp-content\/uploads\/2022\/05\/Michelin-presente-Feira-Internacional-Maquinaria-Agri\u0301cola\/FIMA-2022_3-130x90.jpg\" data-mediatype=1><img decoding=\"async\" class=\"html5galleryimg html5gallery-tn-image\" src=\"https:\/\/revistadospneus.com\/pt\/wp-content\/uploads\/2022\/05\/Michelin-presente-Feira-Internacional-Maquinaria-Agri\u0301cola\/FIMA-2022_3-130x90.jpg\" alt=\"\"><\/a><div class=\"html5gallery-info\"><\/div><a class=\"html5galleryimglink\" href=\"https:\/\/revistadospneus.com\/pt\/wp-content\/uploads\/2022\/05\/Michelin-presente-Feira-Internacional-Maquinaria-Agri\u0301cola\/FIMA-2022_3-150x150.jpg\" data-mediatype=1><img decoding=\"async\" class=\"html5galleryimg html5gallery-tn-image\" src=\"https:\/\/revistadospneus.com\/pt\/wp-content\/uploads\/2022\/05\/Michelin-presente-Feira-Internacional-Maquinaria-Agri\u0301cola\/FIMA-2022_3-150x150.jpg\" alt=\"\"><\/a><div class=\"html5gallery-info\"><\/div><a class=\"html5galleryimglink\" href=\"https:\/\/revistadospneus.com\/pt\/wp-content\/uploads\/2022\/05\/Michelin-presente-Feira-Internacional-Maquinaria-Agri\u0301cola\/FIMA-2022_3-150x85.jpg\" data-mediatype=1><img decoding=\"async\" class=\"html5galleryimg html5gallery-tn-image\" src=\"https:\/\/revistadospneus.com\/pt\/wp-content\/uploads\/2022\/05\/Michelin-presente-Feira-Internacional-Maquinaria-Agri\u0301cola\/FIMA-2022_3-150x85.jpg\" alt=\"\"><\/a><div class=\"html5gallery-info\"><\/div><a class=\"html5galleryimglink\" href=\"https:\/\/revistadospneus.com\/pt\/wp-content\/uploads\/2022\/05\/Michelin-presente-Feira-Internacional-Maquinaria-Agri\u0301cola\/FIMA-2022_3-285x450.jpg\" data-mediatype=1><img decoding=\"async\" class=\"html5galleryimg html5gallery-tn-image\" src=\"https:\/\/revistadospneus.com\/pt\/wp-content\/uploads\/2022\/05\/Michelin-presente-Feira-Internacional-Maquinaria-Agri\u0301cola\/FIMA-2022_3-285x450.jpg\" alt=\"\"><\/a><div class=\"html5gallery-info\"><\/div><a class=\"html5galleryimglink\" href=\"https:\/\/revistadospneus.com\/pt\/wp-content\/uploads\/2022\/05\/Michelin-presente-Feira-Internacional-Maquinaria-Agri\u0301cola\/FIMA-2022_3-300x170.jpg\" data-mediatype=1><img decoding=\"async\" class=\"html5galleryimg html5gallery-tn-image\" src=\"https:\/\/revistadospneus.com\/pt\/wp-content\/uploads\/2022\/05\/Michelin-presente-Feira-Internacional-Maquinaria-Agri\u0301cola\/FIMA-2022_3-300x170.jpg\" alt=\"\"><\/a><div class=\"html5gallery-info\"><\/div><a class=\"html5galleryimglink\" href=\"https:\/\/revistadospneus.com\/pt\/wp-content\/uploads\/2022\/05\/Michelin-presente-Feira-Internacional-Maquinaria-Agri\u0301cola\/FIMA-2022_3-390x205.jpg\" data-mediatype=1><img decoding=\"async\" class=\"html5galleryimg html5gallery-tn-image\" src=\"https:\/\/revistadospneus.com\/pt\/wp-content\/uploads\/2022\/05\/Michelin-presente-Feira-Internacional-Maquinaria-Agri\u0301cola\/FIMA-2022_3-390x205.jpg\" alt=\"\"><\/a><div class=\"html5gallery-info\"><\/div><a class=\"html5galleryimglink\" href=\"https:\/\/revistadospneus.com\/pt\/wp-content\/uploads\/2022\/05\/Michelin-presente-Feira-Internacional-Maquinaria-Agri\u0301cola\/FIMA-2022_3-392x272.jpg\" data-mediatype=1><img decoding=\"async\" class=\"html5galleryimg html5gallery-tn-image\" src=\"https:\/\/revistadospneus.com\/pt\/wp-content\/uploads\/2022\/05\/Michelin-presente-Feira-Internacional-Maquinaria-Agri\u0301cola\/FIMA-2022_3-392x272.jpg\" alt=\"\"><\/a><div class=\"html5gallery-info\"><\/div><a class=\"html5galleryimglink\" href=\"https:\/\/revistadospneus.com\/pt\/wp-content\/uploads\/2022\/05\/Michelin-presente-Feira-Internacional-Maquinaria-Agri\u0301cola\/FIMA-2022_3-45x45.jpg\" data-mediatype=1><img decoding=\"async\" class=\"html5galleryimg html5gallery-tn-image\" src=\"https:\/\/revistadospneus.com\/pt\/wp-content\/uploads\/2022\/05\/Michelin-presente-Feira-Internacional-Maquinaria-Agri\u0301cola\/FIMA-2022_3-45x45.jpg\" alt=\"\"><\/a><div class=\"html5gallery-info\"><\/div><a class=\"html5galleryimglink\" href=\"https:\/\/revistadospneus.com\/pt\/wp-content\/uploads\/2022\/05\/Michelin-presente-Feira-Internacional-Maquinaria-Agri\u0301cola\/FIMA-2022_3-575x198.jpg\" data-mediatype=1><img decoding=\"async\" class=\"html5galleryimg html5gallery-tn-image\" src=\"https:\/\/revistadospneus.com\/pt\/wp-content\/uploads\/2022\/05\/Michelin-presente-Feira-Internacional-Maquinaria-Agri\u0301cola\/FIMA-2022_3-575x198.jpg\" alt=\"\"><\/a><div class=\"html5gallery-info\"><\/div><a class=\"html5galleryimglink\" href=\"https:\/\/revistadospneus.com\/pt\/wp-content\/uploads\/2022\/05\/Michelin-presente-Feira-Internacional-Maquinaria-Agri\u0301cola\/FIMA-2022_3-600x417.jpg\" data-mediatype=1><img decoding=\"async\" class=\"html5galleryimg html5gallery-tn-image\" src=\"https:\/\/revistadospneus.com\/pt\/wp-content\/uploads\/2022\/05\/Michelin-presente-Feira-Internacional-Maquinaria-Agri\u0301cola\/FIMA-2022_3-600x417.jpg\" alt=\"\"><\/a><div class=\"html5gallery-info\"><\/div><a class=\"html5galleryimglink\" href=\"https:\/\/revistadospneus.com\/pt\/wp-content\/uploads\/2022\/05\/Michelin-presente-Feira-Internacional-Maquinaria-Agri\u0301cola\/FIMA-2022_3-768x436.jpg\" data-mediatype=1><img decoding=\"async\" class=\"html5galleryimg html5gallery-tn-image\" src=\"https:\/\/revistadospneus.com\/pt\/wp-content\/uploads\/2022\/05\/Michelin-presente-Feira-Internacional-Maquinaria-Agri\u0301cola\/FIMA-2022_3-768x436.jpg\" alt=\"\"><\/a><div class=\"html5gallery-info\"><\/div><a class=\"html5galleryimglink\" href=\"https:\/\/revistadospneus.com\/pt\/wp-content\/uploads\/2022\/05\/Michelin-presente-Feira-Internacional-Maquinaria-Agri\u0301cola\/FIMA-2022_3-800x445.jpg\" data-mediatype=1><img decoding=\"async\" class=\"html5galleryimg html5gallery-tn-image\" src=\"https:\/\/revistadospneus.com\/pt\/wp-content\/uploads\/2022\/05\/Michelin-presente-Feira-Internacional-Maquinaria-Agri\u0301cola\/FIMA-2022_3-800x445.jpg\" alt=\"\"><\/a><div class=\"html5gallery-info\"><\/div><a class=\"html5galleryimglink\" href=\"https:\/\/revistadospneus.com\/pt\/wp-content\/uploads\/2022\/05\/Michelin-presente-Feira-Internacional-Maquinaria-Agri\u0301cola\/FIMA-2022_3.jpg\" data-mediatype=1><img decoding=\"async\" class=\"html5galleryimg html5gallery-tn-image\" src=\"https:\/\/revistadospneus.com\/pt\/wp-content\/uploads\/2022\/05\/Michelin-presente-Feira-Internacional-Maquinaria-Agri\u0301cola\/FIMA-2022_3.jpg\" alt=\"\"><\/a><div class=\"html5gallery-info\"><\/div><a class=\"html5galleryimglink\" href=\"https:\/\/revistadospneus.com\/pt\/wp-content\/uploads\/2022\/05\/Michelin-presente-Feira-Internacional-Maquinaria-Agri\u0301cola\/FIMA-2022_4-1024x480.jpg\" data-mediatype=1><img decoding=\"async\" class=\"html5galleryimg html5gallery-tn-image\" src=\"https:\/\/revistadospneus.com\/pt\/wp-content\/uploads\/2022\/05\/Michelin-presente-Feira-Internacional-Maquinaria-Agri\u0301cola\/FIMA-2022_4-1024x480.jpg\" alt=\"\"><\/a><div class=\"html5gallery-info\"><\/div><a class=\"html5galleryimglink\" href=\"https:\/\/revistadospneus.com\/pt\/wp-content\/uploads\/2022\/05\/Michelin-presente-Feira-Internacional-Maquinaria-Agri\u0301cola\/FIMA-2022_4-130x90.jpg\" data-mediatype=1><img decoding=\"async\" class=\"html5galleryimg html5gallery-tn-image\" src=\"https:\/\/revistadospneus.com\/pt\/wp-content\/uploads\/2022\/05\/Michelin-presente-Feira-Internacional-Maquinaria-Agri\u0301cola\/FIMA-2022_4-130x90.jpg\" alt=\"\"><\/a><div class=\"html5gallery-info\"><\/div><a class=\"html5galleryimglink\" href=\"https:\/\/revistadospneus.com\/pt\/wp-content\/uploads\/2022\/05\/Michelin-presente-Feira-Internacional-Maquinaria-Agri\u0301cola\/FIMA-2022_4-150x150.jpg\" data-mediatype=1><img decoding=\"async\" class=\"html5galleryimg html5gallery-tn-image\" src=\"https:\/\/revistadospneus.com\/pt\/wp-content\/uploads\/2022\/05\/Michelin-presente-Feira-Internacional-Maquinaria-Agri\u0301cola\/FIMA-2022_4-150x150.jpg\" alt=\"\"><\/a><div class=\"html5gallery-info\"><\/div><a class=\"html5galleryimglink\" href=\"https:\/\/revistadospneus.com\/pt\/wp-content\/uploads\/2022\/05\/Michelin-presente-Feira-Internacional-Maquinaria-Agri\u0301cola\/FIMA-2022_4-150x85.jpg\" data-mediatype=1><img decoding=\"async\" class=\"html5galleryimg html5gallery-tn-image\" src=\"https:\/\/revistadospneus.com\/pt\/wp-content\/uploads\/2022\/05\/Michelin-presente-Feira-Internacional-Maquinaria-Agri\u0301cola\/FIMA-2022_4-150x85.jpg\" alt=\"\"><\/a><div class=\"html5gallery-info\"><\/div><a class=\"html5galleryimglink\" href=\"https:\/\/revistadospneus.com\/pt\/wp-content\/uploads\/2022\/05\/Michelin-presente-Feira-Internacional-Maquinaria-Agri\u0301cola\/FIMA-2022_4-285x450.jpg\" data-mediatype=1><img decoding=\"async\" class=\"html5galleryimg html5gallery-tn-image\" src=\"https:\/\/revistadospneus.com\/pt\/wp-content\/uploads\/2022\/05\/Michelin-presente-Feira-Internacional-Maquinaria-Agri\u0301cola\/FIMA-2022_4-285x450.jpg\" alt=\"\"><\/a><div class=\"html5gallery-info\"><\/div><a class=\"html5galleryimglink\" href=\"https:\/\/revistadospneus.com\/pt\/wp-content\/uploads\/2022\/05\/Michelin-presente-Feira-Internacional-Maquinaria-Agri\u0301cola\/FIMA-2022_4-300x170.jpg\" data-mediatype=1><img decoding=\"async\" class=\"html5galleryimg html5gallery-tn-image\" src=\"https:\/\/revistadospneus.com\/pt\/wp-content\/uploads\/2022\/05\/Michelin-presente-Feira-Internacional-Maquinaria-Agri\u0301cola\/FIMA-2022_4-300x170.jpg\" alt=\"\"><\/a><div class=\"html5gallery-info\"><\/div><a class=\"html5galleryimglink\" href=\"https:\/\/revistadospneus.com\/pt\/wp-content\/uploads\/2022\/05\/Michelin-presente-Feira-Internacional-Maquinaria-Agri\u0301cola\/FIMA-2022_4-390x205.jpg\" data-mediatype=1><img decoding=\"async\" class=\"html5galleryimg html5gallery-tn-image\" src=\"https:\/\/revistadospneus.com\/pt\/wp-content\/uploads\/2022\/05\/Michelin-presente-Feira-Internacional-Maquinaria-Agri\u0301cola\/FIMA-2022_4-390x205.jpg\" alt=\"\"><\/a><div class=\"html5gallery-info\"><\/div><a class=\"html5galleryimglink\" href=\"https:\/\/revistadospneus.com\/pt\/wp-content\/uploads\/2022\/05\/Michelin-presente-Feira-Internacional-Maquinaria-Agri\u0301cola\/FIMA-2022_4-392x272.jpg\" data-mediatype=1><img decoding=\"async\" class=\"html5galleryimg html5gallery-tn-image\" src=\"https:\/\/revistadospneus.com\/pt\/wp-content\/uploads\/2022\/05\/Michelin-presente-Feira-Internacional-Maquinaria-Agri\u0301cola\/FIMA-2022_4-392x272.jpg\" alt=\"\"><\/a><div class=\"html5gallery-info\"><\/div><a class=\"html5galleryimglink\" href=\"https:\/\/revistadospneus.com\/pt\/wp-content\/uploads\/2022\/05\/Michelin-presente-Feira-Internacional-Maquinaria-Agri\u0301cola\/FIMA-2022_4-45x45.jpg\" data-mediatype=1><img decoding=\"async\" class=\"html5galleryimg html5gallery-tn-image\" src=\"https:\/\/revistadospneus.com\/pt\/wp-content\/uploads\/2022\/05\/Michelin-presente-Feira-Internacional-Maquinaria-Agri\u0301cola\/FIMA-2022_4-45x45.jpg\" alt=\"\"><\/a><div class=\"html5gallery-info\"><\/div><a class=\"html5galleryimglink\" href=\"https:\/\/revistadospneus.com\/pt\/wp-content\/uploads\/2022\/05\/Michelin-presente-Feira-Internacional-Maquinaria-Agri\u0301cola\/FIMA-2022_4-575x198.jpg\" data-mediatype=1><img decoding=\"async\" class=\"html5galleryimg html5gallery-tn-image\" src=\"https:\/\/revistadospneus.com\/pt\/wp-content\/uploads\/2022\/05\/Michelin-presente-Feira-Internacional-Maquinaria-Agri\u0301cola\/FIMA-2022_4-575x198.jpg\" alt=\"\"><\/a><div class=\"html5gallery-info\"><\/div><a class=\"html5galleryimglink\" href=\"https:\/\/revistadospneus.com\/pt\/wp-content\/uploads\/2022\/05\/Michelin-presente-Feira-Internacional-Maquinaria-Agri\u0301cola\/FIMA-2022_4-600x417.jpg\" data-mediatype=1><img decoding=\"async\" class=\"html5galleryimg html5gallery-tn-image\" src=\"https:\/\/revistadospneus.com\/pt\/wp-content\/uploads\/2022\/05\/Michelin-presente-Feira-Internacional-Maquinaria-Agri\u0301cola\/FIMA-2022_4-600x417.jpg\" alt=\"\"><\/a><div class=\"html5gallery-info\"><\/div><a class=\"html5galleryimglink\" href=\"https:\/\/revistadospneus.com\/pt\/wp-content\/uploads\/2022\/05\/Michelin-presente-Feira-Internacional-Maquinaria-Agri\u0301cola\/FIMA-2022_4-768x436.jpg\" data-mediatype=1><img decoding=\"async\" class=\"html5galleryimg html5gallery-tn-image\" src=\"https:\/\/revistadospneus.com\/pt\/wp-content\/uploads\/2022\/05\/Michelin-presente-Feira-Internacional-Maquinaria-Agri\u0301cola\/FIMA-2022_4-768x436.jpg\" alt=\"\"><\/a><div class=\"html5gallery-info\"><\/div><a class=\"html5galleryimglink\" href=\"https:\/\/revistadospneus.com\/pt\/wp-content\/uploads\/2022\/05\/Michelin-presente-Feira-Internacional-Maquinaria-Agri\u0301cola\/FIMA-2022_4-800x445.jpg\" data-mediatype=1><img decoding=\"async\" class=\"html5galleryimg html5gallery-tn-image\" src=\"https:\/\/revistadospneus.com\/pt\/wp-content\/uploads\/2022\/05\/Michelin-presente-Feira-Internacional-Maquinaria-Agri\u0301cola\/FIMA-2022_4-800x445.jpg\" alt=\"\"><\/a><div class=\"html5gallery-info\"><\/div><a class=\"html5galleryimglink\" href=\"https:\/\/revistadospneus.com\/pt\/wp-content\/uploads\/2022\/05\/Michelin-presente-Feira-Internacional-Maquinaria-Agri\u0301cola\/FIMA-2022_4.jpg\" data-mediatype=1><img decoding=\"async\" class=\"html5galleryimg html5gallery-tn-image\" src=\"https:\/\/revistadospneus.com\/pt\/wp-content\/uploads\/2022\/05\/Michelin-presente-Feira-Internacional-Maquinaria-Agri\u0301cola\/FIMA-2022_4.jpg\" alt=\"\"><\/a><div class=\"html5gallery-info\"><\/div><a class=\"html5galleryimglink\" href=\"https:\/\/revistadospneus.com\/pt\/wp-content\/uploads\/2022\/05\/Michelin-presente-Feira-Internacional-Maquinaria-Agri\u0301cola\/FIMA-2022_5-1024x480.jpg\" data-mediatype=1><img decoding=\"async\" class=\"html5galleryimg html5gallery-tn-image\" src=\"https:\/\/revistadospneus.com\/pt\/wp-content\/uploads\/2022\/05\/Michelin-presente-Feira-Internacional-Maquinaria-Agri\u0301cola\/FIMA-2022_5-1024x480.jpg\" alt=\"\"><\/a><div class=\"html5gallery-info\"><\/div><a class=\"html5galleryimglink\" href=\"https:\/\/revistadospneus.com\/pt\/wp-content\/uploads\/2022\/05\/Michelin-presente-Feira-Internacional-Maquinaria-Agri\u0301cola\/FIMA-2022_5-130x90.jpg\" data-mediatype=1><img decoding=\"async\" class=\"html5galleryimg html5gallery-tn-image\" src=\"https:\/\/revistadospneus.com\/pt\/wp-content\/uploads\/2022\/05\/Michelin-presente-Feira-Internacional-Maquinaria-Agri\u0301cola\/FIMA-2022_5-130x90.jpg\" alt=\"\"><\/a><div class=\"html5gallery-info\"><\/div><a class=\"html5galleryimglink\" href=\"https:\/\/revistadospneus.com\/pt\/wp-content\/uploads\/2022\/05\/Michelin-presente-Feira-Internacional-Maquinaria-Agri\u0301cola\/FIMA-2022_5-150x150.jpg\" data-mediatype=1><img decoding=\"async\" class=\"html5galleryimg html5gallery-tn-image\" src=\"https:\/\/revistadospneus.com\/pt\/wp-content\/uploads\/2022\/05\/Michelin-presente-Feira-Internacional-Maquinaria-Agri\u0301cola\/FIMA-2022_5-150x150.jpg\" alt=\"\"><\/a><div class=\"html5gallery-info\"><\/div><a class=\"html5galleryimglink\" href=\"https:\/\/revistadospneus.com\/pt\/wp-content\/uploads\/2022\/05\/Michelin-presente-Feira-Internacional-Maquinaria-Agri\u0301cola\/FIMA-2022_5-150x85.jpg\" data-mediatype=1><img decoding=\"async\" class=\"html5galleryimg html5gallery-tn-image\" src=\"https:\/\/revistadospneus.com\/pt\/wp-content\/uploads\/2022\/05\/Michelin-presente-Feira-Internacional-Maquinaria-Agri\u0301cola\/FIMA-2022_5-150x85.jpg\" alt=\"\"><\/a><div class=\"html5gallery-info\"><\/div><a class=\"html5galleryimglink\" href=\"https:\/\/revistadospneus.com\/pt\/wp-content\/uploads\/2022\/05\/Michelin-presente-Feira-Internacional-Maquinaria-Agri\u0301cola\/FIMA-2022_5-285x450.jpg\" data-mediatype=1><img decoding=\"async\" class=\"html5galleryimg html5gallery-tn-image\" src=\"https:\/\/revistadospneus.com\/pt\/wp-content\/uploads\/2022\/05\/Michelin-presente-Feira-Internacional-Maquinaria-Agri\u0301cola\/FIMA-2022_5-285x450.jpg\" alt=\"\"><\/a><div class=\"html5gallery-info\"><\/div><a class=\"html5galleryimglink\" href=\"https:\/\/revistadospneus.com\/pt\/wp-content\/uploads\/2022\/05\/Michelin-presente-Feira-Internacional-Maquinaria-Agri\u0301cola\/FIMA-2022_5-300x170.jpg\" data-mediatype=1><img decoding=\"async\" class=\"html5galleryimg html5gallery-tn-image\" src=\"https:\/\/revistadospneus.com\/pt\/wp-content\/uploads\/2022\/05\/Michelin-presente-Feira-Internacional-Maquinaria-Agri\u0301cola\/FIMA-2022_5-300x170.jpg\" alt=\"\"><\/a><div class=\"html5gallery-info\"><\/div><a class=\"html5galleryimglink\" href=\"https:\/\/revistadospneus.com\/pt\/wp-content\/uploads\/2022\/05\/Michelin-presente-Feira-Internacional-Maquinaria-Agri\u0301cola\/FIMA-2022_5-390x205.jpg\" data-mediatype=1><img decoding=\"async\" class=\"html5galleryimg html5gallery-tn-image\" src=\"https:\/\/revistadospneus.com\/pt\/wp-content\/uploads\/2022\/05\/Michelin-presente-Feira-Internacional-Maquinaria-Agri\u0301cola\/FIMA-2022_5-390x205.jpg\" alt=\"\"><\/a><div class=\"html5gallery-info\"><\/div><a class=\"html5galleryimglink\" href=\"https:\/\/revistadospneus.com\/pt\/wp-content\/uploads\/2022\/05\/Michelin-presente-Feira-Internacional-Maquinaria-Agri\u0301cola\/FIMA-2022_5-392x272.jpg\" data-mediatype=1><img decoding=\"async\" class=\"html5galleryimg html5gallery-tn-image\" src=\"https:\/\/revistadospneus.com\/pt\/wp-content\/uploads\/2022\/05\/Michelin-presente-Feira-Internacional-Maquinaria-Agri\u0301cola\/FIMA-2022_5-392x272.jpg\" alt=\"\"><\/a><div class=\"html5gallery-info\"><\/div><a class=\"html5galleryimglink\" href=\"https:\/\/revistadospneus.com\/pt\/wp-content\/uploads\/2022\/05\/Michelin-presente-Feira-Internacional-Maquinaria-Agri\u0301cola\/FIMA-2022_5-45x45.jpg\" data-mediatype=1><img decoding=\"async\" class=\"html5galleryimg html5gallery-tn-image\" src=\"https:\/\/revistadospneus.com\/pt\/wp-content\/uploads\/2022\/05\/Michelin-presente-Feira-Internacional-Maquinaria-Agri\u0301cola\/FIMA-2022_5-45x45.jpg\" alt=\"\"><\/a><div class=\"html5gallery-info\"><\/div><a class=\"html5galleryimglink\" href=\"https:\/\/revistadospneus.com\/pt\/wp-content\/uploads\/2022\/05\/Michelin-presente-Feira-Internacional-Maquinaria-Agri\u0301cola\/FIMA-2022_5-575x198.jpg\" data-mediatype=1><img decoding=\"async\" class=\"html5galleryimg html5gallery-tn-image\" src=\"https:\/\/revistadospneus.com\/pt\/wp-content\/uploads\/2022\/05\/Michelin-presente-Feira-Internacional-Maquinaria-Agri\u0301cola\/FIMA-2022_5-575x198.jpg\" alt=\"\"><\/a><div class=\"html5gallery-info\"><\/div><a class=\"html5galleryimglink\" href=\"https:\/\/revistadospneus.com\/pt\/wp-content\/uploads\/2022\/05\/Michelin-presente-Feira-Internacional-Maquinaria-Agri\u0301cola\/FIMA-2022_5-600x417.jpg\" data-mediatype=1><img decoding=\"async\" class=\"html5galleryimg html5gallery-tn-image\" src=\"https:\/\/revistadospneus.com\/pt\/wp-content\/uploads\/2022\/05\/Michelin-presente-Feira-Internacional-Maquinaria-Agri\u0301cola\/FIMA-2022_5-600x417.jpg\" alt=\"\"><\/a><div class=\"html5gallery-info\"><\/div><a class=\"html5galleryimglink\" href=\"https:\/\/revistadospneus.com\/pt\/wp-content\/uploads\/2022\/05\/Michelin-presente-Feira-Internacional-Maquinaria-Agri\u0301cola\/FIMA-2022_5-768x436.jpg\" data-mediatype=1><img decoding=\"async\" class=\"html5galleryimg html5gallery-tn-image\" src=\"https:\/\/revistadospneus.com\/pt\/wp-content\/uploads\/2022\/05\/Michelin-presente-Feira-Internacional-Maquinaria-Agri\u0301cola\/FIMA-2022_5-768x436.jpg\" alt=\"\"><\/a><div class=\"html5gallery-info\"><\/div><a class=\"html5galleryimglink\" href=\"https:\/\/revistadospneus.com\/pt\/wp-content\/uploads\/2022\/05\/Michelin-presente-Feira-Internacional-Maquinaria-Agri\u0301cola\/FIMA-2022_5-800x445.jpg\" data-mediatype=1><img decoding=\"async\" class=\"html5galleryimg html5gallery-tn-image\" src=\"https:\/\/revistadospneus.com\/pt\/wp-content\/uploads\/2022\/05\/Michelin-presente-Feira-Internacional-Maquinaria-Agri\u0301cola\/FIMA-2022_5-800x445.jpg\" alt=\"\"><\/a><div class=\"html5gallery-info\"><\/div><a class=\"html5galleryimglink\" href=\"https:\/\/revistadospneus.com\/pt\/wp-content\/uploads\/2022\/05\/Michelin-presente-Feira-Internacional-Maquinaria-Agri\u0301cola\/FIMA-2022_5.jpg\" data-mediatype=1><img decoding=\"async\" class=\"html5galleryimg html5gallery-tn-image\" src=\"https:\/\/revistadospneus.com\/pt\/wp-content\/uploads\/2022\/05\/Michelin-presente-Feira-Internacional-Maquinaria-Agri\u0301cola\/FIMA-2022_5.jpg\" alt=\"\"><\/a><div class=\"html5gallery-info\"><\/div><a class=\"html5galleryimglink\" href=\"https:\/\/revistadospneus.com\/pt\/wp-content\/uploads\/2022\/05\/Michelin-presente-Feira-Internacional-Maquinaria-Agri\u0301cola\/FIMA-2022_6-1024x480.jpg\" data-mediatype=1><img decoding=\"async\" class=\"html5galleryimg html5gallery-tn-image\" src=\"https:\/\/revistadospneus.com\/pt\/wp-content\/uploads\/2022\/05\/Michelin-presente-Feira-Internacional-Maquinaria-Agri\u0301cola\/FIMA-2022_6-1024x480.jpg\" alt=\"\"><\/a><div class=\"html5gallery-info\"><\/div><a class=\"html5galleryimglink\" href=\"https:\/\/revistadospneus.com\/pt\/wp-content\/uploads\/2022\/05\/Michelin-presente-Feira-Internacional-Maquinaria-Agri\u0301cola\/FIMA-2022_6-130x90.jpg\" data-mediatype=1><img decoding=\"async\" class=\"html5galleryimg html5gallery-tn-image\" src=\"https:\/\/revistadospneus.com\/pt\/wp-content\/uploads\/2022\/05\/Michelin-presente-Feira-Internacional-Maquinaria-Agri\u0301cola\/FIMA-2022_6-130x90.jpg\" alt=\"\"><\/a><div class=\"html5gallery-info\"><\/div><a class=\"html5galleryimglink\" href=\"https:\/\/revistadospneus.com\/pt\/wp-content\/uploads\/2022\/05\/Michelin-presente-Feira-Internacional-Maquinaria-Agri\u0301cola\/FIMA-2022_6-150x150.jpg\" data-mediatype=1><img decoding=\"async\" class=\"html5galleryimg html5gallery-tn-image\" src=\"https:\/\/revistadospneus.com\/pt\/wp-content\/uploads\/2022\/05\/Michelin-presente-Feira-Internacional-Maquinaria-Agri\u0301cola\/FIMA-2022_6-150x150.jpg\" alt=\"\"><\/a><div class=\"html5gallery-info\"><\/div><a class=\"html5galleryimglink\" href=\"https:\/\/revistadospneus.com\/pt\/wp-content\/uploads\/2022\/05\/Michelin-presente-Feira-Internacional-Maquinaria-Agri\u0301cola\/FIMA-2022_6-150x85.jpg\" data-mediatype=1><img decoding=\"async\" class=\"html5galleryimg html5gallery-tn-image\" src=\"https:\/\/revistadospneus.com\/pt\/wp-content\/uploads\/2022\/05\/Michelin-presente-Feira-Internacional-Maquinaria-Agri\u0301cola\/FIMA-2022_6-150x85.jpg\" alt=\"\"><\/a><div class=\"html5gallery-info\"><\/div><a class=\"html5galleryimglink\" href=\"https:\/\/revistadospneus.com\/pt\/wp-content\/uploads\/2022\/05\/Michelin-presente-Feira-Internacional-Maquinaria-Agri\u0301cola\/FIMA-2022_6-285x450.jpg\" data-mediatype=1><img decoding=\"async\" class=\"html5galleryimg html5gallery-tn-image\" src=\"https:\/\/revistadospneus.com\/pt\/wp-content\/uploads\/2022\/05\/Michelin-presente-Feira-Internacional-Maquinaria-Agri\u0301cola\/FIMA-2022_6-285x450.jpg\" alt=\"\"><\/a><div class=\"html5gallery-info\"><\/div><a class=\"html5galleryimglink\" href=\"https:\/\/revistadospneus.com\/pt\/wp-content\/uploads\/2022\/05\/Michelin-presente-Feira-Internacional-Maquinaria-Agri\u0301cola\/FIMA-2022_6-300x170.jpg\" data-mediatype=1><img decoding=\"async\" class=\"html5galleryimg html5gallery-tn-image\" src=\"https:\/\/revistadospneus.com\/pt\/wp-content\/uploads\/2022\/05\/Michelin-presente-Feira-Internacional-Maquinaria-Agri\u0301cola\/FIMA-2022_6-300x170.jpg\" alt=\"\"><\/a><div class=\"html5gallery-info\"><\/div><a class=\"html5galleryimglink\" href=\"https:\/\/revistadospneus.com\/pt\/wp-content\/uploads\/2022\/05\/Michelin-presente-Feira-Internacional-Maquinaria-Agri\u0301cola\/FIMA-2022_6-390x205.jpg\" data-mediatype=1><img decoding=\"async\" class=\"html5galleryimg html5gallery-tn-image\" src=\"https:\/\/revistadospneus.com\/pt\/wp-content\/uploads\/2022\/05\/Michelin-presente-Feira-Internacional-Maquinaria-Agri\u0301cola\/FIMA-2022_6-390x205.jpg\" alt=\"\"><\/a><div class=\"html5gallery-info\"><\/div><a class=\"html5galleryimglink\" href=\"https:\/\/revistadospneus.com\/pt\/wp-content\/uploads\/2022\/05\/Michelin-presente-Feira-Internacional-Maquinaria-Agri\u0301cola\/FIMA-2022_6-392x272.jpg\" data-mediatype=1><img decoding=\"async\" class=\"html5galleryimg html5gallery-tn-image\" src=\"https:\/\/revistadospneus.com\/pt\/wp-content\/uploads\/2022\/05\/Michelin-presente-Feira-Internacional-Maquinaria-Agri\u0301cola\/FIMA-2022_6-392x272.jpg\" alt=\"\"><\/a><div class=\"html5gallery-info\"><\/div><a class=\"html5galleryimglink\" href=\"https:\/\/revistadospneus.com\/pt\/wp-content\/uploads\/2022\/05\/Michelin-presente-Feira-Internacional-Maquinaria-Agri\u0301cola\/FIMA-2022_6-45x45.jpg\" data-mediatype=1><img decoding=\"async\" class=\"html5galleryimg html5gallery-tn-image\" src=\"https:\/\/revistadospneus.com\/pt\/wp-content\/uploads\/2022\/05\/Michelin-presente-Feira-Internacional-Maquinaria-Agri\u0301cola\/FIMA-2022_6-45x45.jpg\" alt=\"\"><\/a><div class=\"html5gallery-info\"><\/div><a class=\"html5galleryimglink\" href=\"https:\/\/revistadospneus.com\/pt\/wp-content\/uploads\/2022\/05\/Michelin-presente-Feira-Internacional-Maquinaria-Agri\u0301cola\/FIMA-2022_6-575x198.jpg\" data-mediatype=1><img decoding=\"async\" class=\"html5galleryimg html5gallery-tn-image\" src=\"https:\/\/revistadospneus.com\/pt\/wp-content\/uploads\/2022\/05\/Michelin-presente-Feira-Internacional-Maquinaria-Agri\u0301cola\/FIMA-2022_6-575x198.jpg\" alt=\"\"><\/a><div class=\"html5gallery-info\"><\/div><a class=\"html5galleryimglink\" href=\"https:\/\/revistadospneus.com\/pt\/wp-content\/uploads\/2022\/05\/Michelin-presente-Feira-Internacional-Maquinaria-Agri\u0301cola\/FIMA-2022_6-600x417.jpg\" data-mediatype=1><img decoding=\"async\" class=\"html5galleryimg html5gallery-tn-image\" src=\"https:\/\/revistadospneus.com\/pt\/wp-content\/uploads\/2022\/05\/Michelin-presente-Feira-Internacional-Maquinaria-Agri\u0301cola\/FIMA-2022_6-600x417.jpg\" alt=\"\"><\/a><div class=\"html5gallery-info\"><\/div><a class=\"html5galleryimglink\" href=\"https:\/\/revistadospneus.com\/pt\/wp-content\/uploads\/2022\/05\/Michelin-presente-Feira-Internacional-Maquinaria-Agri\u0301cola\/FIMA-2022_6-768x436.jpg\" data-mediatype=1><img decoding=\"async\" class=\"html5galleryimg html5gallery-tn-image\" src=\"https:\/\/revistadospneus.com\/pt\/wp-content\/uploads\/2022\/05\/Michelin-presente-Feira-Internacional-Maquinaria-Agri\u0301cola\/FIMA-2022_6-768x436.jpg\" alt=\"\"><\/a><div class=\"html5gallery-info\"><\/div><a class=\"html5galleryimglink\" href=\"https:\/\/revistadospneus.com\/pt\/wp-content\/uploads\/2022\/05\/Michelin-presente-Feira-Internacional-Maquinaria-Agri\u0301cola\/FIMA-2022_6-800x445.jpg\" data-mediatype=1><img decoding=\"async\" class=\"html5galleryimg html5gallery-tn-image\" src=\"https:\/\/revistadospneus.com\/pt\/wp-content\/uploads\/2022\/05\/Michelin-presente-Feira-Internacional-Maquinaria-Agri\u0301cola\/FIMA-2022_6-800x445.jpg\" alt=\"\"><\/a><div class=\"html5gallery-info\"><\/div><a class=\"html5galleryimglink\" href=\"https:\/\/revistadospneus.com\/pt\/wp-content\/uploads\/2022\/05\/Michelin-presente-Feira-Internacional-Maquinaria-Agri\u0301cola\/FIMA-2022_6.jpg\" data-mediatype=1><img decoding=\"async\" class=\"html5galleryimg html5gallery-tn-image\" src=\"https:\/\/revistadospneus.com\/pt\/wp-content\/uploads\/2022\/05\/Michelin-presente-Feira-Internacional-Maquinaria-Agri\u0301cola\/FIMA-2022_6.jpg\" alt=\"\"><\/a><div class=\"html5gallery-info\"><\/div><a class=\"html5galleryimglink\" href=\"https:\/\/revistadospneus.com\/pt\/wp-content\/uploads\/2022\/05\/Michelin-presente-Feira-Internacional-Maquinaria-Agri\u0301cola\/FIMA-2022_7-1024x480.jpg\" data-mediatype=1><img decoding=\"async\" class=\"html5galleryimg html5gallery-tn-image\" src=\"https:\/\/revistadospneus.com\/pt\/wp-content\/uploads\/2022\/05\/Michelin-presente-Feira-Internacional-Maquinaria-Agri\u0301cola\/FIMA-2022_7-1024x480.jpg\" alt=\"\"><\/a><div class=\"html5gallery-info\"><\/div><a class=\"html5galleryimglink\" href=\"https:\/\/revistadospneus.com\/pt\/wp-content\/uploads\/2022\/05\/Michelin-presente-Feira-Internacional-Maquinaria-Agri\u0301cola\/FIMA-2022_7-130x90.jpg\" data-mediatype=1><img decoding=\"async\" class=\"html5galleryimg html5gallery-tn-image\" src=\"https:\/\/revistadospneus.com\/pt\/wp-content\/uploads\/2022\/05\/Michelin-presente-Feira-Internacional-Maquinaria-Agri\u0301cola\/FIMA-2022_7-130x90.jpg\" alt=\"\"><\/a><div class=\"html5gallery-info\"><\/div><a class=\"html5galleryimglink\" href=\"https:\/\/revistadospneus.com\/pt\/wp-content\/uploads\/2022\/05\/Michelin-presente-Feira-Internacional-Maquinaria-Agri\u0301cola\/FIMA-2022_7-150x150.jpg\" data-mediatype=1><img decoding=\"async\" class=\"html5galleryimg html5gallery-tn-image\" src=\"https:\/\/revistadospneus.com\/pt\/wp-content\/uploads\/2022\/05\/Michelin-presente-Feira-Internacional-Maquinaria-Agri\u0301cola\/FIMA-2022_7-150x150.jpg\" alt=\"\"><\/a><div class=\"html5gallery-info\"><\/div><a class=\"html5galleryimglink\" href=\"https:\/\/revistadospneus.com\/pt\/wp-content\/uploads\/2022\/05\/Michelin-presente-Feira-Internacional-Maquinaria-Agri\u0301cola\/FIMA-2022_7-150x85.jpg\" data-mediatype=1><img decoding=\"async\" class=\"html5galleryimg html5gallery-tn-image\" src=\"https:\/\/revistadospneus.com\/pt\/wp-content\/uploads\/2022\/05\/Michelin-presente-Feira-Internacional-Maquinaria-Agri\u0301cola\/FIMA-2022_7-150x85.jpg\" alt=\"\"><\/a><div class=\"html5gallery-info\"><\/div><a class=\"html5galleryimglink\" href=\"https:\/\/revistadospneus.com\/pt\/wp-content\/uploads\/2022\/05\/Michelin-presente-Feira-Internacional-Maquinaria-Agri\u0301cola\/FIMA-2022_7-285x450.jpg\" data-mediatype=1><img decoding=\"async\" class=\"html5galleryimg html5gallery-tn-image\" src=\"https:\/\/revistadospneus.com\/pt\/wp-content\/uploads\/2022\/05\/Michelin-presente-Feira-Internacional-Maquinaria-Agri\u0301cola\/FIMA-2022_7-285x450.jpg\" alt=\"\"><\/a><div class=\"html5gallery-info\"><\/div><a class=\"html5galleryimglink\" href=\"https:\/\/revistadospneus.com\/pt\/wp-content\/uploads\/2022\/05\/Michelin-presente-Feira-Internacional-Maquinaria-Agri\u0301cola\/FIMA-2022_7-300x170.jpg\" data-mediatype=1><img decoding=\"async\" class=\"html5galleryimg html5gallery-tn-image\" src=\"https:\/\/revistadospneus.com\/pt\/wp-content\/uploads\/2022\/05\/Michelin-presente-Feira-Internacional-Maquinaria-Agri\u0301cola\/FIMA-2022_7-300x170.jpg\" alt=\"\"><\/a><div class=\"html5gallery-info\"><\/div><a class=\"html5galleryimglink\" href=\"https:\/\/revistadospneus.com\/pt\/wp-content\/uploads\/2022\/05\/Michelin-presente-Feira-Internacional-Maquinaria-Agri\u0301cola\/FIMA-2022_7-390x205.jpg\" data-mediatype=1><img decoding=\"async\" class=\"html5galleryimg html5gallery-tn-image\" src=\"https:\/\/revistadospneus.com\/pt\/wp-content\/uploads\/2022\/05\/Michelin-presente-Feira-Internacional-Maquinaria-Agri\u0301cola\/FIMA-2022_7-390x205.jpg\" alt=\"\"><\/a><div class=\"html5gallery-info\"><\/div><a class=\"html5galleryimglink\" href=\"https:\/\/revistadospneus.com\/pt\/wp-content\/uploads\/2022\/05\/Michelin-presente-Feira-Internacional-Maquinaria-Agri\u0301cola\/FIMA-2022_7-392x272.jpg\" data-mediatype=1><img decoding=\"async\" class=\"html5galleryimg html5gallery-tn-image\" src=\"https:\/\/revistadospneus.com\/pt\/wp-content\/uploads\/2022\/05\/Michelin-presente-Feira-Internacional-Maquinaria-Agri\u0301cola\/FIMA-2022_7-392x272.jpg\" alt=\"\"><\/a><div class=\"html5gallery-info\"><\/div><a class=\"html5galleryimglink\" href=\"https:\/\/revistadospneus.com\/pt\/wp-content\/uploads\/2022\/05\/Michelin-presente-Feira-Internacional-Maquinaria-Agri\u0301cola\/FIMA-2022_7-45x45.jpg\" data-mediatype=1><img decoding=\"async\" class=\"html5galleryimg html5gallery-tn-image\" src=\"https:\/\/revistadospneus.com\/pt\/wp-content\/uploads\/2022\/05\/Michelin-presente-Feira-Internacional-Maquinaria-Agri\u0301cola\/FIMA-2022_7-45x45.jpg\" alt=\"\"><\/a><div class=\"html5gallery-info\"><\/div><a class=\"html5galleryimglink\" href=\"https:\/\/revistadospneus.com\/pt\/wp-content\/uploads\/2022\/05\/Michelin-presente-Feira-Internacional-Maquinaria-Agri\u0301cola\/FIMA-2022_7-575x198.jpg\" data-mediatype=1><img decoding=\"async\" class=\"html5galleryimg html5gallery-tn-image\" src=\"https:\/\/revistadospneus.com\/pt\/wp-content\/uploads\/2022\/05\/Michelin-presente-Feira-Internacional-Maquinaria-Agri\u0301cola\/FIMA-2022_7-575x198.jpg\" alt=\"\"><\/a><div class=\"html5gallery-info\"><\/div><a class=\"html5galleryimglink\" href=\"https:\/\/revistadospneus.com\/pt\/wp-content\/uploads\/2022\/05\/Michelin-presente-Feira-Internacional-Maquinaria-Agri\u0301cola\/FIMA-2022_7-600x417.jpg\" data-mediatype=1><img decoding=\"async\" class=\"html5galleryimg html5gallery-tn-image\" src=\"https:\/\/revistadospneus.com\/pt\/wp-content\/uploads\/2022\/05\/Michelin-presente-Feira-Internacional-Maquinaria-Agri\u0301cola\/FIMA-2022_7-600x417.jpg\" alt=\"\"><\/a><div class=\"html5gallery-info\"><\/div><a class=\"html5galleryimglink\" href=\"https:\/\/revistadospneus.com\/pt\/wp-content\/uploads\/2022\/05\/Michelin-presente-Feira-Internacional-Maquinaria-Agri\u0301cola\/FIMA-2022_7-768x436.jpg\" data-mediatype=1><img decoding=\"async\" class=\"html5galleryimg html5gallery-tn-image\" src=\"https:\/\/revistadospneus.com\/pt\/wp-content\/uploads\/2022\/05\/Michelin-presente-Feira-Internacional-Maquinaria-Agri\u0301cola\/FIMA-2022_7-768x436.jpg\" alt=\"\"><\/a><div class=\"html5gallery-info\"><\/div><a class=\"html5galleryimglink\" href=\"https:\/\/revistadospneus.com\/pt\/wp-content\/uploads\/2022\/05\/Michelin-presente-Feira-Internacional-Maquinaria-Agri\u0301cola\/FIMA-2022_7-800x445.jpg\" data-mediatype=1><img decoding=\"async\" class=\"html5galleryimg html5gallery-tn-image\" src=\"https:\/\/revistadospneus.com\/pt\/wp-content\/uploads\/2022\/05\/Michelin-presente-Feira-Internacional-Maquinaria-Agri\u0301cola\/FIMA-2022_7-800x445.jpg\" alt=\"\"><\/a><div class=\"html5gallery-info\"><\/div><a class=\"html5galleryimglink\" href=\"https:\/\/revistadospneus.com\/pt\/wp-content\/uploads\/2022\/05\/Michelin-presente-Feira-Internacional-Maquinaria-Agri\u0301cola\/FIMA-2022_7.jpg\" data-mediatype=1><img decoding=\"async\" class=\"html5galleryimg html5gallery-tn-image\" src=\"https:\/\/revistadospneus.com\/pt\/wp-content\/uploads\/2022\/05\/Michelin-presente-Feira-Internacional-Maquinaria-Agri\u0301cola\/FIMA-2022_7.jpg\" alt=\"\"><\/a><div class=\"html5gallery-info\"><\/div><a class=\"html5galleryimglink\" href=\"https:\/\/revistadospneus.com\/pt\/wp-content\/uploads\/2022\/05\/Michelin-presente-Feira-Internacional-Maquinaria-Agri\u0301cola\/FIMA-2022_8-1024x480.jpg\" data-mediatype=1><img decoding=\"async\" class=\"html5galleryimg html5gallery-tn-image\" src=\"https:\/\/revistadospneus.com\/pt\/wp-content\/uploads\/2022\/05\/Michelin-presente-Feira-Internacional-Maquinaria-Agri\u0301cola\/FIMA-2022_8-1024x480.jpg\" alt=\"\"><\/a><div class=\"html5gallery-info\"><\/div><a class=\"html5galleryimglink\" href=\"https:\/\/revistadospneus.com\/pt\/wp-content\/uploads\/2022\/05\/Michelin-presente-Feira-Internacional-Maquinaria-Agri\u0301cola\/FIMA-2022_8-130x90.jpg\" data-mediatype=1><img decoding=\"async\" class=\"html5galleryimg html5gallery-tn-image\" src=\"https:\/\/revistadospneus.com\/pt\/wp-content\/uploads\/2022\/05\/Michelin-presente-Feira-Internacional-Maquinaria-Agri\u0301cola\/FIMA-2022_8-130x90.jpg\" alt=\"\"><\/a><div class=\"html5gallery-info\"><\/div><a class=\"html5galleryimglink\" href=\"https:\/\/revistadospneus.com\/pt\/wp-content\/uploads\/2022\/05\/Michelin-presente-Feira-Internacional-Maquinaria-Agri\u0301cola\/FIMA-2022_8-150x150.jpg\" data-mediatype=1><img decoding=\"async\" class=\"html5galleryimg html5gallery-tn-image\" src=\"https:\/\/revistadospneus.com\/pt\/wp-content\/uploads\/2022\/05\/Michelin-presente-Feira-Internacional-Maquinaria-Agri\u0301cola\/FIMA-2022_8-150x150.jpg\" alt=\"\"><\/a><div class=\"html5gallery-info\"><\/div><a class=\"html5galleryimglink\" href=\"https:\/\/revistadospneus.com\/pt\/wp-content\/uploads\/2022\/05\/Michelin-presente-Feira-Internacional-Maquinaria-Agri\u0301cola\/FIMA-2022_8-150x85.jpg\" data-mediatype=1><img decoding=\"async\" class=\"html5galleryimg html5gallery-tn-image\" src=\"https:\/\/revistadospneus.com\/pt\/wp-content\/uploads\/2022\/05\/Michelin-presente-Feira-Internacional-Maquinaria-Agri\u0301cola\/FIMA-2022_8-150x85.jpg\" alt=\"\"><\/a><div class=\"html5gallery-info\"><\/div><a class=\"html5galleryimglink\" href=\"https:\/\/revistadospneus.com\/pt\/wp-content\/uploads\/2022\/05\/Michelin-presente-Feira-Internacional-Maquinaria-Agri\u0301cola\/FIMA-2022_8-285x450.jpg\" data-mediatype=1><img decoding=\"async\" class=\"html5galleryimg html5gallery-tn-image\" src=\"https:\/\/revistadospneus.com\/pt\/wp-content\/uploads\/2022\/05\/Michelin-presente-Feira-Internacional-Maquinaria-Agri\u0301cola\/FIMA-2022_8-285x450.jpg\" alt=\"\"><\/a><div class=\"html5gallery-info\"><\/div><a class=\"html5galleryimglink\" href=\"https:\/\/revistadospneus.com\/pt\/wp-content\/uploads\/2022\/05\/Michelin-presente-Feira-Internacional-Maquinaria-Agri\u0301cola\/FIMA-2022_8-300x170.jpg\" data-mediatype=1><img decoding=\"async\" class=\"html5galleryimg html5gallery-tn-image\" src=\"https:\/\/revistadospneus.com\/pt\/wp-content\/uploads\/2022\/05\/Michelin-presente-Feira-Internacional-Maquinaria-Agri\u0301cola\/FIMA-2022_8-300x170.jpg\" alt=\"\"><\/a><div class=\"html5gallery-info\"><\/div><a class=\"html5galleryimglink\" href=\"https:\/\/revistadospneus.com\/pt\/wp-content\/uploads\/2022\/05\/Michelin-presente-Feira-Internacional-Maquinaria-Agri\u0301cola\/FIMA-2022_8-390x205.jpg\" data-mediatype=1><img decoding=\"async\" class=\"html5galleryimg html5gallery-tn-image\" src=\"https:\/\/revistadospneus.com\/pt\/wp-content\/uploads\/2022\/05\/Michelin-presente-Feira-Internacional-Maquinaria-Agri\u0301cola\/FIMA-2022_8-390x205.jpg\" alt=\"\"><\/a><div class=\"html5gallery-info\"><\/div><a class=\"html5galleryimglink\" href=\"https:\/\/revistadospneus.com\/pt\/wp-content\/uploads\/2022\/05\/Michelin-presente-Feira-Internacional-Maquinaria-Agri\u0301cola\/FIMA-2022_8-392x272.jpg\" data-mediatype=1><img decoding=\"async\" class=\"html5galleryimg html5gallery-tn-image\" src=\"https:\/\/revistadospneus.com\/pt\/wp-content\/uploads\/2022\/05\/Michelin-presente-Feira-Internacional-Maquinaria-Agri\u0301cola\/FIMA-2022_8-392x272.jpg\" alt=\"\"><\/a><div class=\"html5gallery-info\"><\/div><a class=\"html5galleryimglink\" href=\"https:\/\/revistadospneus.com\/pt\/wp-content\/uploads\/2022\/05\/Michelin-presente-Feira-Internacional-Maquinaria-Agri\u0301cola\/FIMA-2022_8-45x45.jpg\" data-mediatype=1><img decoding=\"async\" class=\"html5galleryimg html5gallery-tn-image\" src=\"https:\/\/revistadospneus.com\/pt\/wp-content\/uploads\/2022\/05\/Michelin-presente-Feira-Internacional-Maquinaria-Agri\u0301cola\/FIMA-2022_8-45x45.jpg\" alt=\"\"><\/a><div class=\"html5gallery-info\"><\/div><a class=\"html5galleryimglink\" href=\"https:\/\/revistadospneus.com\/pt\/wp-content\/uploads\/2022\/05\/Michelin-presente-Feira-Internacional-Maquinaria-Agri\u0301cola\/FIMA-2022_8-575x198.jpg\" data-mediatype=1><img decoding=\"async\" class=\"html5galleryimg html5gallery-tn-image\" src=\"https:\/\/revistadospneus.com\/pt\/wp-content\/uploads\/2022\/05\/Michelin-presente-Feira-Internacional-Maquinaria-Agri\u0301cola\/FIMA-2022_8-575x198.jpg\" alt=\"\"><\/a><div class=\"html5gallery-info\"><\/div><a class=\"html5galleryimglink\" href=\"https:\/\/revistadospneus.com\/pt\/wp-content\/uploads\/2022\/05\/Michelin-presente-Feira-Internacional-Maquinaria-Agri\u0301cola\/FIMA-2022_8-600x417.jpg\" data-mediatype=1><img decoding=\"async\" class=\"html5galleryimg html5gallery-tn-image\" src=\"https:\/\/revistadospneus.com\/pt\/wp-content\/uploads\/2022\/05\/Michelin-presente-Feira-Internacional-Maquinaria-Agri\u0301cola\/FIMA-2022_8-600x417.jpg\" alt=\"\"><\/a><div class=\"html5gallery-info\"><\/div><a class=\"html5galleryimglink\" href=\"https:\/\/revistadospneus.com\/pt\/wp-content\/uploads\/2022\/05\/Michelin-presente-Feira-Internacional-Maquinaria-Agri\u0301cola\/FIMA-2022_8-768x436.jpg\" data-mediatype=1><img decoding=\"async\" class=\"html5galleryimg html5gallery-tn-image\" src=\"https:\/\/revistadospneus.com\/pt\/wp-content\/uploads\/2022\/05\/Michelin-presente-Feira-Internacional-Maquinaria-Agri\u0301cola\/FIMA-2022_8-768x436.jpg\" alt=\"\"><\/a><div class=\"html5gallery-info\"><\/div><a class=\"html5galleryimglink\" href=\"https:\/\/revistadospneus.com\/pt\/wp-content\/uploads\/2022\/05\/Michelin-presente-Feira-Internacional-Maquinaria-Agri\u0301cola\/FIMA-2022_8-800x445.jpg\" data-mediatype=1><img decoding=\"async\" class=\"html5galleryimg html5gallery-tn-image\" src=\"https:\/\/revistadospneus.com\/pt\/wp-content\/uploads\/2022\/05\/Michelin-presente-Feira-Internacional-Maquinaria-Agri\u0301cola\/FIMA-2022_8-800x445.jpg\" alt=\"\"><\/a><div class=\"html5gallery-info\"><\/div><a class=\"html5galleryimglink\" href=\"https:\/\/revistadospneus.com\/pt\/wp-content\/uploads\/2022\/05\/Michelin-presente-Feira-Internacional-Maquinaria-Agri\u0301cola\/FIMA-2022_8.jpg\" data-mediatype=1><img decoding=\"async\" class=\"html5galleryimg html5gallery-tn-image\" src=\"https:\/\/revistadospneus.com\/pt\/wp-content\/uploads\/2022\/05\/Michelin-presente-Feira-Internacional-Maquinaria-Agri\u0301cola\/FIMA-2022_8.jpg\" alt=\"\"><\/a><div class=\"html5gallery-info\"><\/div><a class=\"html5galleryimglink\" href=\"https:\/\/revistadospneus.com\/pt\/wp-content\/uploads\/2022\/05\/Michelin-presente-Feira-Internacional-Maquinaria-Agri\u0301cola\/FIMA-2022_9-1024x480.jpg\" data-mediatype=1><img decoding=\"async\" class=\"html5galleryimg html5gallery-tn-image\" src=\"https:\/\/revistadospneus.com\/pt\/wp-content\/uploads\/2022\/05\/Michelin-presente-Feira-Internacional-Maquinaria-Agri\u0301cola\/FIMA-2022_9-1024x480.jpg\" alt=\"\"><\/a><div class=\"html5gallery-info\"><\/div><a class=\"html5galleryimglink\" href=\"https:\/\/revistadospneus.com\/pt\/wp-content\/uploads\/2022\/05\/Michelin-presente-Feira-Internacional-Maquinaria-Agri\u0301cola\/FIMA-2022_9-130x90.jpg\" data-mediatype=1><img decoding=\"async\" class=\"html5galleryimg html5gallery-tn-image\" src=\"https:\/\/revistadospneus.com\/pt\/wp-content\/uploads\/2022\/05\/Michelin-presente-Feira-Internacional-Maquinaria-Agri\u0301cola\/FIMA-2022_9-130x90.jpg\" alt=\"\"><\/a><div class=\"html5gallery-info\"><\/div><a class=\"html5galleryimglink\" href=\"https:\/\/revistadospneus.com\/pt\/wp-content\/uploads\/2022\/05\/Michelin-presente-Feira-Internacional-Maquinaria-Agri\u0301cola\/FIMA-2022_9-150x150.jpg\" data-mediatype=1><img decoding=\"async\" class=\"html5galleryimg html5gallery-tn-image\" src=\"https:\/\/revistadospneus.com\/pt\/wp-content\/uploads\/2022\/05\/Michelin-presente-Feira-Internacional-Maquinaria-Agri\u0301cola\/FIMA-2022_9-150x150.jpg\" alt=\"\"><\/a><div class=\"html5gallery-info\"><\/div><a class=\"html5galleryimglink\" href=\"https:\/\/revistadospneus.com\/pt\/wp-content\/uploads\/2022\/05\/Michelin-presente-Feira-Internacional-Maquinaria-Agri\u0301cola\/FIMA-2022_9-150x85.jpg\" data-mediatype=1><img decoding=\"async\" class=\"html5galleryimg html5gallery-tn-image\" src=\"https:\/\/revistadospneus.com\/pt\/wp-content\/uploads\/2022\/05\/Michelin-presente-Feira-Internacional-Maquinaria-Agri\u0301cola\/FIMA-2022_9-150x85.jpg\" alt=\"\"><\/a><div class=\"html5gallery-info\"><\/div><a class=\"html5galleryimglink\" href=\"https:\/\/revistadospneus.com\/pt\/wp-content\/uploads\/2022\/05\/Michelin-presente-Feira-Internacional-Maquinaria-Agri\u0301cola\/FIMA-2022_9-285x450.jpg\" data-mediatype=1><img decoding=\"async\" class=\"html5galleryimg html5gallery-tn-image\" src=\"https:\/\/revistadospneus.com\/pt\/wp-content\/uploads\/2022\/05\/Michelin-presente-Feira-Internacional-Maquinaria-Agri\u0301cola\/FIMA-2022_9-285x450.jpg\" alt=\"\"><\/a><div class=\"html5gallery-info\"><\/div><a class=\"html5galleryimglink\" href=\"https:\/\/revistadospneus.com\/pt\/wp-content\/uploads\/2022\/05\/Michelin-presente-Feira-Internacional-Maquinaria-Agri\u0301cola\/FIMA-2022_9-300x170.jpg\" data-mediatype=1><img decoding=\"async\" class=\"html5galleryimg html5gallery-tn-image\" src=\"https:\/\/revistadospneus.com\/pt\/wp-content\/uploads\/2022\/05\/Michelin-presente-Feira-Internacional-Maquinaria-Agri\u0301cola\/FIMA-2022_9-300x170.jpg\" alt=\"\"><\/a><div class=\"html5gallery-info\"><\/div><a class=\"html5galleryimglink\" href=\"https:\/\/revistadospneus.com\/pt\/wp-content\/uploads\/2022\/05\/Michelin-presente-Feira-Internacional-Maquinaria-Agri\u0301cola\/FIMA-2022_9-390x205.jpg\" data-mediatype=1><img decoding=\"async\" class=\"html5galleryimg html5gallery-tn-image\" src=\"https:\/\/revistadospneus.com\/pt\/wp-content\/uploads\/2022\/05\/Michelin-presente-Feira-Internacional-Maquinaria-Agri\u0301cola\/FIMA-2022_9-390x205.jpg\" alt=\"\"><\/a><div class=\"html5gallery-info\"><\/div><a class=\"html5galleryimglink\" href=\"https:\/\/revistadospneus.com\/pt\/wp-content\/uploads\/2022\/05\/Michelin-presente-Feira-Internacional-Maquinaria-Agri\u0301cola\/FIMA-2022_9-392x272.jpg\" data-mediatype=1><img decoding=\"async\" class=\"html5galleryimg html5gallery-tn-image\" src=\"https:\/\/revistadospneus.com\/pt\/wp-content\/uploads\/2022\/05\/Michelin-presente-Feira-Internacional-Maquinaria-Agri\u0301cola\/FIMA-2022_9-392x272.jpg\" alt=\"\"><\/a><div class=\"html5gallery-info\"><\/div><a class=\"html5galleryimglink\" href=\"https:\/\/revistadospneus.com\/pt\/wp-content\/uploads\/2022\/05\/Michelin-presente-Feira-Internacional-Maquinaria-Agri\u0301cola\/FIMA-2022_9-45x45.jpg\" data-mediatype=1><img decoding=\"async\" class=\"html5galleryimg html5gallery-tn-image\" src=\"https:\/\/revistadospneus.com\/pt\/wp-content\/uploads\/2022\/05\/Michelin-presente-Feira-Internacional-Maquinaria-Agri\u0301cola\/FIMA-2022_9-45x45.jpg\" alt=\"\"><\/a><div class=\"html5gallery-info\"><\/div><a class=\"html5galleryimglink\" href=\"https:\/\/revistadospneus.com\/pt\/wp-content\/uploads\/2022\/05\/Michelin-presente-Feira-Internacional-Maquinaria-Agri\u0301cola\/FIMA-2022_9-575x198.jpg\" data-mediatype=1><img decoding=\"async\" class=\"html5galleryimg html5gallery-tn-image\" src=\"https:\/\/revistadospneus.com\/pt\/wp-content\/uploads\/2022\/05\/Michelin-presente-Feira-Internacional-Maquinaria-Agri\u0301cola\/FIMA-2022_9-575x198.jpg\" alt=\"\"><\/a><div class=\"html5gallery-info\"><\/div><a class=\"html5galleryimglink\" href=\"https:\/\/revistadospneus.com\/pt\/wp-content\/uploads\/2022\/05\/Michelin-presente-Feira-Internacional-Maquinaria-Agri\u0301cola\/FIMA-2022_9-600x417.jpg\" data-mediatype=1><img decoding=\"async\" class=\"html5galleryimg html5gallery-tn-image\" src=\"https:\/\/revistadospneus.com\/pt\/wp-content\/uploads\/2022\/05\/Michelin-presente-Feira-Internacional-Maquinaria-Agri\u0301cola\/FIMA-2022_9-600x417.jpg\" alt=\"\"><\/a><div class=\"html5gallery-info\"><\/div><a class=\"html5galleryimglink\" href=\"https:\/\/revistadospneus.com\/pt\/wp-content\/uploads\/2022\/05\/Michelin-presente-Feira-Internacional-Maquinaria-Agri\u0301cola\/FIMA-2022_9-768x436.jpg\" data-mediatype=1><img decoding=\"async\" class=\"html5galleryimg html5gallery-tn-image\" src=\"https:\/\/revistadospneus.com\/pt\/wp-content\/uploads\/2022\/05\/Michelin-presente-Feira-Internacional-Maquinaria-Agri\u0301cola\/FIMA-2022_9-768x436.jpg\" alt=\"\"><\/a><div class=\"html5gallery-info\"><\/div><a class=\"html5galleryimglink\" href=\"https:\/\/revistadospneus.com\/pt\/wp-content\/uploads\/2022\/05\/Michelin-presente-Feira-Internacional-Maquinaria-Agri\u0301cola\/FIMA-2022_9-800x445.jpg\" data-mediatype=1><img decoding=\"async\" class=\"html5galleryimg html5gallery-tn-image\" src=\"https:\/\/revistadospneus.com\/pt\/wp-content\/uploads\/2022\/05\/Michelin-presente-Feira-Internacional-Maquinaria-Agri\u0301cola\/FIMA-2022_9-800x445.jpg\" alt=\"\"><\/a><div class=\"html5gallery-info\"><\/div><a class=\"html5galleryimglink\" href=\"https:\/\/revistadospneus.com\/pt\/wp-content\/uploads\/2022\/05\/Michelin-presente-Feira-Internacional-Maquinaria-Agri\u0301cola\/FIMA-2022_9.jpg\" data-mediatype=1><img decoding=\"async\" class=\"html5galleryimg html5gallery-tn-image\" src=\"https:\/\/revistadospneus.com\/pt\/wp-content\/uploads\/2022\/05\/Michelin-presente-Feira-Internacional-Maquinaria-Agri\u0301cola\/FIMA-2022_9.jpg\" alt=\"\"><\/a><div class=\"html5gallery-info\"><\/div><\/div><\/div><script>function wondergallery_89_appendcss(csscode) {var head=document.head || document.getElementsByTagName(\"head\")[0];var style=document.createElement(\"style\");head.appendChild(style);style.type=\"text\/css\";if (style.styleSheet){style.styleSheet.cssText=csscode;} else {style.appendChild(document.createTextNode(csscode));}};wondergallery_89_appendcss(\"#wonderplugingallery-89 .html5gallery-cat-selection-89 { \tbox-sizing: border-box; \ttext-align: center; }  #wonderplugingallery-89 .html5gallery-cat-selection-89 select { \tbox-sizing: border-box; \tmargin: 4px auto; }\");<\/script><\/li>\n<\/ul>\n<!-- AddThis Advanced Settings generic via filter on the_content --><!-- AddThis Share Buttons generic via filter on the_content -->","protected":false},"excerpt":{"rendered":"<p>A Michelin marcou presen\u00e7a na 42\u00aa edi\u00e7\u00e3o da Feira&#8230;<!-- AddThis Advanced Settings generic via filter on get_the_excerpt --><!-- AddThis Share Buttons generic via filter on get_the_excerpt --><\/p>\n","protected":false},"author":13,"featured_media":16930,"comment_status":"closed","ping_status":"closed","sticky":false,"template":"","format":"standard","meta":{"footnotes":""},"categories":[29],"tags":[48],"class_list":["post-16962","post","type-post","status-publish","format-standard","has-post-thumbnail","hentry","category-empresas","tag-michelin"],"yoast_head":"<!-- This site is optimized with the Yoast SEO plugin v27.5 - https:\/\/yoast.com\/product\/yoast-seo-wordpress\/ -->\n<title>Michelin presente na Feira Internacional de Maquinaria Agr\u00edcola - Revista dos Pneus<\/title>\n<meta name=\"robots\" content=\"index, follow, max-snippet:-1, max-image-preview:large, max-video-preview:-1\" \/>\n<link rel=\"canonical\" href=\"https:\/\/revistadospneus.com\/pt\/2022\/05\/03\/michelin-presente-na-feira-internacional-de-maquinaria-agricola\/\" \/>\n<meta property=\"og:locale\" content=\"pt_PT\" \/>\n<meta property=\"og:type\" content=\"article\" \/>\n<meta property=\"og:title\" content=\"Michelin presente na Feira Internacional de Maquinaria Agr\u00edcola - Revista dos Pneus\" \/>\n<meta property=\"og:description\" content=\"A Michelin marcou presen\u00e7a na 42\u00aa edi\u00e7\u00e3o da Feira...\" \/>\n<meta property=\"og:url\" content=\"https:\/\/revistadospneus.com\/pt\/2022\/05\/03\/michelin-presente-na-feira-internacional-de-maquinaria-agricola\/\" \/>\n<meta property=\"og:site_name\" content=\"Revista dos Pneus\" \/>\n<meta property=\"article:publisher\" content=\"https:\/\/www.facebook.com\/revistapneus\" \/>\n<meta property=\"article:published_time\" content=\"2022-05-03T13:00:51+00:00\" \/>\n<meta property=\"og:image\" content=\"https:\/\/revistadospneus.com\/pt\/wp-content\/uploads\/2022\/05\/Michelin-presente-na-Feira-Internacional-de-Maquinaria-Agri\u0301cola.jpg\" \/>\n\t<meta property=\"og:image:width\" content=\"1024\" \/>\n\t<meta property=\"og:image:height\" content=\"581\" \/>\n\t<meta property=\"og:image:type\" content=\"image\/jpeg\" \/>\n<meta name=\"author\" content=\"Reda\u00e7\u00e3o RP\" \/>\n<meta name=\"twitter:card\" content=\"summary_large_image\" \/>\n<meta name=\"twitter:creator\" content=\"@revistapneus\" \/>\n<meta name=\"twitter:site\" content=\"@revistapneus\" \/>\n<meta name=\"twitter:label1\" content=\"Escrito por\" \/>\n\t<meta name=\"twitter:data1\" content=\"Reda\u00e7\u00e3o RP\" \/>\n\t<meta name=\"twitter:label2\" content=\"Tempo estimado de leitura\" \/>\n\t<meta name=\"twitter:data2\" content=\"13 minutos\" \/>\n<script type=\"application\/ld+json\" class=\"yoast-schema-graph\">{\"@context\":\"https:\\\/\\\/schema.org\",\"@graph\":[{\"@type\":\"Article\",\"@id\":\"https:\\\/\\\/revistadospneus.com\\\/pt\\\/2022\\\/05\\\/03\\\/michelin-presente-na-feira-internacional-de-maquinaria-agricola\\\/#article\",\"isPartOf\":{\"@id\":\"https:\\\/\\\/revistadospneus.com\\\/pt\\\/2022\\\/05\\\/03\\\/michelin-presente-na-feira-internacional-de-maquinaria-agricola\\\/\"},\"author\":{\"name\":\"Reda\u00e7\u00e3o RP\",\"@id\":\"https:\\\/\\\/revistadospneus.com\\\/pt\\\/#\\\/schema\\\/person\\\/9c602809538a614c26e5569d14ed6442\"},\"headline\":\"Michelin presente na Feira Internacional de Maquinaria Agr\u00edcola\",\"datePublished\":\"2022-05-03T13:00:51+00:00\",\"mainEntityOfPage\":{\"@id\":\"https:\\\/\\\/revistadospneus.com\\\/pt\\\/2022\\\/05\\\/03\\\/michelin-presente-na-feira-internacional-de-maquinaria-agricola\\\/\"},\"wordCount\":2409,\"publisher\":{\"@id\":\"https:\\\/\\\/revistadospneus.com\\\/pt\\\/#organization\"},\"image\":{\"@id\":\"https:\\\/\\\/revistadospneus.com\\\/pt\\\/2022\\\/05\\\/03\\\/michelin-presente-na-feira-internacional-de-maquinaria-agricola\\\/#primaryimage\"},\"thumbnailUrl\":\"https:\\\/\\\/revistadospneus.com\\\/pt\\\/wp-content\\\/uploads\\\/2022\\\/05\\\/Michelin-presente-na-Feira-Internacional-de-Maquinaria-Agri\u0301cola.jpg\",\"keywords\":[\"Michelin\"],\"articleSection\":[\"Empresas\"],\"inLanguage\":\"pt-PT\"},{\"@type\":\"WebPage\",\"@id\":\"https:\\\/\\\/revistadospneus.com\\\/pt\\\/2022\\\/05\\\/03\\\/michelin-presente-na-feira-internacional-de-maquinaria-agricola\\\/\",\"url\":\"https:\\\/\\\/revistadospneus.com\\\/pt\\\/2022\\\/05\\\/03\\\/michelin-presente-na-feira-internacional-de-maquinaria-agricola\\\/\",\"name\":\"Michelin presente na Feira Internacional de Maquinaria Agr\u00edcola - Revista dos Pneus\",\"isPartOf\":{\"@id\":\"https:\\\/\\\/revistadospneus.com\\\/pt\\\/#website\"},\"primaryImageOfPage\":{\"@id\":\"https:\\\/\\\/revistadospneus.com\\\/pt\\\/2022\\\/05\\\/03\\\/michelin-presente-na-feira-internacional-de-maquinaria-agricola\\\/#primaryimage\"},\"image\":{\"@id\":\"https:\\\/\\\/revistadospneus.com\\\/pt\\\/2022\\\/05\\\/03\\\/michelin-presente-na-feira-internacional-de-maquinaria-agricola\\\/#primaryimage\"},\"thumbnailUrl\":\"https:\\\/\\\/revistadospneus.com\\\/pt\\\/wp-content\\\/uploads\\\/2022\\\/05\\\/Michelin-presente-na-Feira-Internacional-de-Maquinaria-Agri\u0301cola.jpg\",\"datePublished\":\"2022-05-03T13:00:51+00:00\",\"breadcrumb\":{\"@id\":\"https:\\\/\\\/revistadospneus.com\\\/pt\\\/2022\\\/05\\\/03\\\/michelin-presente-na-feira-internacional-de-maquinaria-agricola\\\/#breadcrumb\"},\"inLanguage\":\"pt-PT\",\"potentialAction\":[{\"@type\":\"ReadAction\",\"target\":[\"https:\\\/\\\/revistadospneus.com\\\/pt\\\/2022\\\/05\\\/03\\\/michelin-presente-na-feira-internacional-de-maquinaria-agricola\\\/\"]}]},{\"@type\":\"ImageObject\",\"inLanguage\":\"pt-PT\",\"@id\":\"https:\\\/\\\/revistadospneus.com\\\/pt\\\/2022\\\/05\\\/03\\\/michelin-presente-na-feira-internacional-de-maquinaria-agricola\\\/#primaryimage\",\"url\":\"https:\\\/\\\/revistadospneus.com\\\/pt\\\/wp-content\\\/uploads\\\/2022\\\/05\\\/Michelin-presente-na-Feira-Internacional-de-Maquinaria-Agri\u0301cola.jpg\",\"contentUrl\":\"https:\\\/\\\/revistadospneus.com\\\/pt\\\/wp-content\\\/uploads\\\/2022\\\/05\\\/Michelin-presente-na-Feira-Internacional-de-Maquinaria-Agri\u0301cola.jpg\",\"width\":1024,\"height\":581,\"caption\":\"05 - Michelin presente na Feira Internacional de Maquinaria Agri\u0301cola\"},{\"@type\":\"BreadcrumbList\",\"@id\":\"https:\\\/\\\/revistadospneus.com\\\/pt\\\/2022\\\/05\\\/03\\\/michelin-presente-na-feira-internacional-de-maquinaria-agricola\\\/#breadcrumb\",\"itemListElement\":[{\"@type\":\"ListItem\",\"position\":1,\"name\":\"In\u00edcio\",\"item\":\"https:\\\/\\\/revistadospneus.com\\\/pt\\\/\"},{\"@type\":\"ListItem\",\"position\":2,\"name\":\"Michelin presente na Feira Internacional de Maquinaria Agr\u00edcola\"}]},{\"@type\":\"WebSite\",\"@id\":\"https:\\\/\\\/revistadospneus.com\\\/pt\\\/#website\",\"url\":\"https:\\\/\\\/revistadospneus.com\\\/pt\\\/\",\"name\":\"Revista dos Pneus\",\"description\":\"Revista independente de pneus e servi\u00e7os r\u00e1pidos\",\"publisher\":{\"@id\":\"https:\\\/\\\/revistadospneus.com\\\/pt\\\/#organization\"},\"potentialAction\":[{\"@type\":\"SearchAction\",\"target\":{\"@type\":\"EntryPoint\",\"urlTemplate\":\"https:\\\/\\\/revistadospneus.com\\\/pt\\\/?s={search_term_string}\"},\"query-input\":{\"@type\":\"PropertyValueSpecification\",\"valueRequired\":true,\"valueName\":\"search_term_string\"}}],\"inLanguage\":\"pt-PT\"},{\"@type\":\"Organization\",\"@id\":\"https:\\\/\\\/revistadospneus.com\\\/pt\\\/#organization\",\"name\":\"Revista dos Pneus\",\"url\":\"https:\\\/\\\/revistadospneus.com\\\/pt\\\/\",\"logo\":{\"@type\":\"ImageObject\",\"inLanguage\":\"pt-PT\",\"@id\":\"https:\\\/\\\/revistadospneus.com\\\/pt\\\/#\\\/schema\\\/logo\\\/image\\\/\",\"url\":\"https:\\\/\\\/revistadospneus.com\\\/pt\\\/wp-content\\\/uploads\\\/logo2-1.png\",\"contentUrl\":\"https:\\\/\\\/revistadospneus.com\\\/pt\\\/wp-content\\\/uploads\\\/logo2-1.png\",\"width\":216,\"height\":70,\"caption\":\"Revista dos Pneus\"},\"image\":{\"@id\":\"https:\\\/\\\/revistadospneus.com\\\/pt\\\/#\\\/schema\\\/logo\\\/image\\\/\"},\"sameAs\":[\"https:\\\/\\\/www.facebook.com\\\/revistapneus\",\"https:\\\/\\\/x.com\\\/revistapneus\",\"https:\\\/\\\/www.linkedin.com\\\/company\\\/jornal-das-oficinas\\\/\",\"https:\\\/\\\/www.youtube.com\\\/channel\\\/UCbQZBqtcvV-oSQrr7RzINGg\"]},{\"@type\":\"Person\",\"@id\":\"https:\\\/\\\/revistadospneus.com\\\/pt\\\/#\\\/schema\\\/person\\\/9c602809538a614c26e5569d14ed6442\",\"name\":\"Reda\u00e7\u00e3o RP\",\"image\":{\"@type\":\"ImageObject\",\"inLanguage\":\"pt-PT\",\"@id\":\"https:\\\/\\\/secure.gravatar.com\\\/avatar\\\/71f2fa71737ad68a84fea94bc708ddac8ea5b0c4788dc2ad202f3ccb2887742f?s=96&d=wp_user_avatar&r=g\",\"url\":\"https:\\\/\\\/secure.gravatar.com\\\/avatar\\\/71f2fa71737ad68a84fea94bc708ddac8ea5b0c4788dc2ad202f3ccb2887742f?s=96&d=wp_user_avatar&r=g\",\"contentUrl\":\"https:\\\/\\\/secure.gravatar.com\\\/avatar\\\/71f2fa71737ad68a84fea94bc708ddac8ea5b0c4788dc2ad202f3ccb2887742f?s=96&d=wp_user_avatar&r=g\",\"caption\":\"Reda\u00e7\u00e3o RP\"},\"url\":\"https:\\\/\\\/revistadospneus.com\\\/pt\\\/author\\\/rpredacao\\\/\"}]}<\/script>\n<!-- \/ Yoast SEO plugin. -->","yoast_head_json":{"title":"Michelin presente na Feira Internacional de Maquinaria Agr\u00edcola - Revista dos Pneus","robots":{"index":"index","follow":"follow","max-snippet":"max-snippet:-1","max-image-preview":"max-image-preview:large","max-video-preview":"max-video-preview:-1"},"canonical":"https:\/\/revistadospneus.com\/pt\/2022\/05\/03\/michelin-presente-na-feira-internacional-de-maquinaria-agricola\/","og_locale":"pt_PT","og_type":"article","og_title":"Michelin presente na Feira Internacional de Maquinaria Agr\u00edcola - Revista dos Pneus","og_description":"A Michelin marcou presen\u00e7a na 42\u00aa edi\u00e7\u00e3o da Feira...","og_url":"https:\/\/revistadospneus.com\/pt\/2022\/05\/03\/michelin-presente-na-feira-internacional-de-maquinaria-agricola\/","og_site_name":"Revista dos Pneus","article_publisher":"https:\/\/www.facebook.com\/revistapneus","article_published_time":"2022-05-03T13:00:51+00:00","og_image":[{"width":1024,"height":581,"url":"https:\/\/revistadospneus.com\/pt\/wp-content\/uploads\/2022\/05\/Michelin-presente-na-Feira-Internacional-de-Maquinaria-Agri\u0301cola.jpg","type":"image\/jpeg"}],"author":"Reda\u00e7\u00e3o RP","twitter_card":"summary_large_image","twitter_creator":"@revistapneus","twitter_site":"@revistapneus","twitter_misc":{"Escrito por":"Reda\u00e7\u00e3o RP","Tempo estimado de leitura":"13 minutos"},"schema":{"@context":"https:\/\/schema.org","@graph":[{"@type":"Article","@id":"https:\/\/revistadospneus.com\/pt\/2022\/05\/03\/michelin-presente-na-feira-internacional-de-maquinaria-agricola\/#article","isPartOf":{"@id":"https:\/\/revistadospneus.com\/pt\/2022\/05\/03\/michelin-presente-na-feira-internacional-de-maquinaria-agricola\/"},"author":{"name":"Reda\u00e7\u00e3o RP","@id":"https:\/\/revistadospneus.com\/pt\/#\/schema\/person\/9c602809538a614c26e5569d14ed6442"},"headline":"Michelin presente na Feira Internacional de Maquinaria Agr\u00edcola","datePublished":"2022-05-03T13:00:51+00:00","mainEntityOfPage":{"@id":"https:\/\/revistadospneus.com\/pt\/2022\/05\/03\/michelin-presente-na-feira-internacional-de-maquinaria-agricola\/"},"wordCount":2409,"publisher":{"@id":"https:\/\/revistadospneus.com\/pt\/#organization"},"image":{"@id":"https:\/\/revistadospneus.com\/pt\/2022\/05\/03\/michelin-presente-na-feira-internacional-de-maquinaria-agricola\/#primaryimage"},"thumbnailUrl":"https:\/\/revistadospneus.com\/pt\/wp-content\/uploads\/2022\/05\/Michelin-presente-na-Feira-Internacional-de-Maquinaria-Agri\u0301cola.jpg","keywords":["Michelin"],"articleSection":["Empresas"],"inLanguage":"pt-PT"},{"@type":"WebPage","@id":"https:\/\/revistadospneus.com\/pt\/2022\/05\/03\/michelin-presente-na-feira-internacional-de-maquinaria-agricola\/","url":"https:\/\/revistadospneus.com\/pt\/2022\/05\/03\/michelin-presente-na-feira-internacional-de-maquinaria-agricola\/","name":"Michelin presente na Feira Internacional de Maquinaria Agr\u00edcola - Revista dos Pneus","isPartOf":{"@id":"https:\/\/revistadospneus.com\/pt\/#website"},"primaryImageOfPage":{"@id":"https:\/\/revistadospneus.com\/pt\/2022\/05\/03\/michelin-presente-na-feira-internacional-de-maquinaria-agricola\/#primaryimage"},"image":{"@id":"https:\/\/revistadospneus.com\/pt\/2022\/05\/03\/michelin-presente-na-feira-internacional-de-maquinaria-agricola\/#primaryimage"},"thumbnailUrl":"https:\/\/revistadospneus.com\/pt\/wp-content\/uploads\/2022\/05\/Michelin-presente-na-Feira-Internacional-de-Maquinaria-Agri\u0301cola.jpg","datePublished":"2022-05-03T13:00:51+00:00","breadcrumb":{"@id":"https:\/\/revistadospneus.com\/pt\/2022\/05\/03\/michelin-presente-na-feira-internacional-de-maquinaria-agricola\/#breadcrumb"},"inLanguage":"pt-PT","potentialAction":[{"@type":"ReadAction","target":["https:\/\/revistadospneus.com\/pt\/2022\/05\/03\/michelin-presente-na-feira-internacional-de-maquinaria-agricola\/"]}]},{"@type":"ImageObject","inLanguage":"pt-PT","@id":"https:\/\/revistadospneus.com\/pt\/2022\/05\/03\/michelin-presente-na-feira-internacional-de-maquinaria-agricola\/#primaryimage","url":"https:\/\/revistadospneus.com\/pt\/wp-content\/uploads\/2022\/05\/Michelin-presente-na-Feira-Internacional-de-Maquinaria-Agri\u0301cola.jpg","contentUrl":"https:\/\/revistadospneus.com\/pt\/wp-content\/uploads\/2022\/05\/Michelin-presente-na-Feira-Internacional-de-Maquinaria-Agri\u0301cola.jpg","width":1024,"height":581,"caption":"05 - Michelin presente na Feira Internacional de Maquinaria Agri\u0301cola"},{"@type":"BreadcrumbList","@id":"https:\/\/revistadospneus.com\/pt\/2022\/05\/03\/michelin-presente-na-feira-internacional-de-maquinaria-agricola\/#breadcrumb","itemListElement":[{"@type":"ListItem","position":1,"name":"In\u00edcio","item":"https:\/\/revistadospneus.com\/pt\/"},{"@type":"ListItem","position":2,"name":"Michelin presente na Feira Internacional de Maquinaria Agr\u00edcola"}]},{"@type":"WebSite","@id":"https:\/\/revistadospneus.com\/pt\/#website","url":"https:\/\/revistadospneus.com\/pt\/","name":"Revista dos Pneus","description":"Revista independente de pneus e servi\u00e7os r\u00e1pidos","publisher":{"@id":"https:\/\/revistadospneus.com\/pt\/#organization"},"potentialAction":[{"@type":"SearchAction","target":{"@type":"EntryPoint","urlTemplate":"https:\/\/revistadospneus.com\/pt\/?s={search_term_string}"},"query-input":{"@type":"PropertyValueSpecification","valueRequired":true,"valueName":"search_term_string"}}],"inLanguage":"pt-PT"},{"@type":"Organization","@id":"https:\/\/revistadospneus.com\/pt\/#organization","name":"Revista dos Pneus","url":"https:\/\/revistadospneus.com\/pt\/","logo":{"@type":"ImageObject","inLanguage":"pt-PT","@id":"https:\/\/revistadospneus.com\/pt\/#\/schema\/logo\/image\/","url":"https:\/\/revistadospneus.com\/pt\/wp-content\/uploads\/logo2-1.png","contentUrl":"https:\/\/revistadospneus.com\/pt\/wp-content\/uploads\/logo2-1.png","width":216,"height":70,"caption":"Revista dos Pneus"},"image":{"@id":"https:\/\/revistadospneus.com\/pt\/#\/schema\/logo\/image\/"},"sameAs":["https:\/\/www.facebook.com\/revistapneus","https:\/\/x.com\/revistapneus","https:\/\/www.linkedin.com\/company\/jornal-das-oficinas\/","https:\/\/www.youtube.com\/channel\/UCbQZBqtcvV-oSQrr7RzINGg"]},{"@type":"Person","@id":"https:\/\/revistadospneus.com\/pt\/#\/schema\/person\/9c602809538a614c26e5569d14ed6442","name":"Reda\u00e7\u00e3o RP","image":{"@type":"ImageObject","inLanguage":"pt-PT","@id":"https:\/\/secure.gravatar.com\/avatar\/71f2fa71737ad68a84fea94bc708ddac8ea5b0c4788dc2ad202f3ccb2887742f?s=96&d=wp_user_avatar&r=g","url":"https:\/\/secure.gravatar.com\/avatar\/71f2fa71737ad68a84fea94bc708ddac8ea5b0c4788dc2ad202f3ccb2887742f?s=96&d=wp_user_avatar&r=g","contentUrl":"https:\/\/secure.gravatar.com\/avatar\/71f2fa71737ad68a84fea94bc708ddac8ea5b0c4788dc2ad202f3ccb2887742f?s=96&d=wp_user_avatar&r=g","caption":"Reda\u00e7\u00e3o RP"},"url":"https:\/\/revistadospneus.com\/pt\/author\/rpredacao\/"}]}},"_links":{"self":[{"href":"https:\/\/revistadospneus.com\/pt\/wp-json\/wp\/v2\/posts\/16962","targetHints":{"allow":["GET"]}}],"collection":[{"href":"https:\/\/revistadospneus.com\/pt\/wp-json\/wp\/v2\/posts"}],"about":[{"href":"https:\/\/revistadospneus.com\/pt\/wp-json\/wp\/v2\/types\/post"}],"author":[{"embeddable":true,"href":"https:\/\/revistadospneus.com\/pt\/wp-json\/wp\/v2\/users\/13"}],"replies":[{"embeddable":true,"href":"https:\/\/revistadospneus.com\/pt\/wp-json\/wp\/v2\/comments?post=16962"}],"version-history":[{"count":0,"href":"https:\/\/revistadospneus.com\/pt\/wp-json\/wp\/v2\/posts\/16962\/revisions"}],"wp:featuredmedia":[{"embeddable":true,"href":"https:\/\/revistadospneus.com\/pt\/wp-json\/wp\/v2\/media\/16930"}],"wp:attachment":[{"href":"https:\/\/revistadospneus.com\/pt\/wp-json\/wp\/v2\/media?parent=16962"}],"wp:term":[{"taxonomy":"category","embeddable":true,"href":"https:\/\/revistadospneus.com\/pt\/wp-json\/wp\/v2\/categories?post=16962"},{"taxonomy":"post_tag","embeddable":true,"href":"https:\/\/revistadospneus.com\/pt\/wp-json\/wp\/v2\/tags?post=16962"}],"curies":[{"name":"wp","href":"https:\/\/api.w.org\/{rel}","templated":true}]}}