{"id":16968,"date":"2022-05-03T16:00:04","date_gmt":"2022-05-03T15:00:04","guid":{"rendered":"https:\/\/revistadospneus.com\/pt\/?p=16968"},"modified":"2022-05-02T12:33:11","modified_gmt":"2022-05-02T11:33:11","slug":"mitas-marcou-presenca-na-agrishow-em-sao-paulo","status":"publish","type":"post","link":"https:\/\/revistadospneus.com\/pt\/2022\/05\/03\/mitas-marcou-presenca-na-agrishow-em-sao-paulo\/","title":{"rendered":"Mitas marcou presen\u00e7a na Agrishow em S\u00e3o Paulo"},"content":{"rendered":"<p><strong><img loading=\"lazy\" decoding=\"async\" class=\"alignnone size-full wp-image-16931\" src=\"https:\/\/revistadospneus.com\/pt\/wp-content\/uploads\/2022\/05\/Mitas-marcou-presenc\u0327a-na-Agrishow-em-Sa\u0303o-Paulo.jpg\" alt=\"05 - Mitas marcou presenc\u0327a na Agrishow em Sa\u0303o Paulo\" width=\"1024\" height=\"581\" srcset=\"https:\/\/revistadospneus.com\/pt\/wp-content\/uploads\/2022\/05\/Mitas-marcou-presenc\u0327a-na-Agrishow-em-Sa\u0303o-Paulo.jpg 1024w, https:\/\/revistadospneus.com\/pt\/wp-content\/uploads\/2022\/05\/Mitas-marcou-presenc\u0327a-na-Agrishow-em-Sa\u0303o-Paulo-300x170.jpg 300w, https:\/\/revistadospneus.com\/pt\/wp-content\/uploads\/2022\/05\/Mitas-marcou-presenc\u0327a-na-Agrishow-em-Sa\u0303o-Paulo-150x85.jpg 150w, https:\/\/revistadospneus.com\/pt\/wp-content\/uploads\/2022\/05\/Mitas-marcou-presenc\u0327a-na-Agrishow-em-Sa\u0303o-Paulo-768x436.jpg 768w\" sizes=\"auto, (max-width: 1024px) 100vw, 1024px\" \/><\/strong><\/p>\n<p><strong>A <a href=\"https:\/\/mitas-tyres.com\/pt\" target=\"_blank\" rel=\"noopener\">Mitas<\/a> apresentou, na Agrishow em S\u00e3o Paulo, a sua linha de pneus desenvolvidos especialmente para aplica\u00e7\u00f5es agr\u00edcolas de cana-de-a\u00e7\u00facar, incluindo pneus radiais AGRITERRA 02, projetados para m\u00e1quinas agr\u00edcolas e cami\u00f5es de colheita de cana-de-a\u00e7\u00facar. Os pneus grandes, com se\u00e7\u00f5es de ombro arredondadas tocam suavemente tanto o solo quanto as pastagens, proporcionando maiores rendimentos<\/strong><\/p>\n<p>Dentro de outras linhas em exposi\u00e7\u00e3o estiveram o radial Mitas VF (Very High Flexion) HC 3000 para colheitas de alto desempenho, o pneu radial HC 1000 para pulverizadores agr\u00edcolas e trabalhos de colheita em linha e o pneu radial Mitas SFT (Super Flexion Tire).<\/p>\n<p>A constru\u00e7\u00e3o com tecnologia VF do pneu radial Mitas VF HC 3000 inclui uma parede lateral altamente flex\u00edvel para melhorar a tra\u00e7\u00e3o e permitir uma capacidade de carga at\u00e9 40% maior quando comparado a um pneu convencional.<\/p>\n<p>O Mitas SFT oferece excelente desempenho em aplica\u00e7\u00f5es de cana-de-a\u00e7\u00facar. Projetado principalmente para tratores de alto desempenho, sua parede lateral flex\u00edvel permite alta capacidade de carga, enquanto seu grande volume de ar ajuda a proteger o solo.<\/p>\n<p>Renata Muniz Santos, gerente de marketing para a Am\u00e9rica do Sul da Trelleborg Wheel Systems, comenta: &#8220;\u00c9 extremamente importante para a Mitas oferecer uma gama de pneus que atenda \u00e0s necessidades exclusivas dos mercados brasileiro e sul-americano. Na Agrishow 2022, mostr\u00e1mos uma variedade de pneus agr\u00edcolas e multiusos da Mitas que apoiam os agricultores e facilitam o seu trabalho di\u00e1rio.&#8221;<\/p>\n<!-- AddThis Advanced Settings generic via filter on the_content --><!-- AddThis Share Buttons generic via filter on the_content -->","protected":false},"excerpt":{"rendered":"<p>A Mitas apresentou, na Agrishow em S\u00e3o Paulo, a&#8230;<!-- AddThis Advanced Settings generic via filter on get_the_excerpt --><!-- AddThis Share Buttons generic via filter on get_the_excerpt --><\/p>\n","protected":false},"author":13,"featured_media":16931,"comment_status":"closed","ping_status":"closed","sticky":false,"template":"","format":"standard","meta":{"footnotes":""},"categories":[29],"tags":[1244],"class_list":["post-16968","post","type-post","status-publish","format-standard","has-post-thumbnail","hentry","category-empresas","tag-mitas"],"yoast_head":"<!-- This site is optimized with the Yoast SEO plugin v27.5 - https:\/\/yoast.com\/product\/yoast-seo-wordpress\/ -->\n<title>Mitas marcou presen\u00e7a na Agrishow em S\u00e3o Paulo - Revista dos Pneus<\/title>\n<meta name=\"robots\" content=\"index, follow, max-snippet:-1, max-image-preview:large, max-video-preview:-1\" \/>\n<link rel=\"canonical\" href=\"https:\/\/revistadospneus.com\/pt\/2022\/05\/03\/mitas-marcou-presenca-na-agrishow-em-sao-paulo\/\" \/>\n<meta property=\"og:locale\" content=\"pt_PT\" \/>\n<meta property=\"og:type\" content=\"article\" \/>\n<meta property=\"og:title\" content=\"Mitas marcou presen\u00e7a na Agrishow em S\u00e3o Paulo - Revista dos Pneus\" \/>\n<meta property=\"og:description\" content=\"A Mitas apresentou, na Agrishow em S\u00e3o Paulo, a...\" \/>\n<meta property=\"og:url\" content=\"https:\/\/revistadospneus.com\/pt\/2022\/05\/03\/mitas-marcou-presenca-na-agrishow-em-sao-paulo\/\" \/>\n<meta property=\"og:site_name\" content=\"Revista dos Pneus\" \/>\n<meta property=\"article:publisher\" content=\"https:\/\/www.facebook.com\/revistapneus\" \/>\n<meta property=\"article:published_time\" content=\"2022-05-03T15:00:04+00:00\" \/>\n<meta property=\"og:image\" content=\"https:\/\/revistadospneus.com\/pt\/wp-content\/uploads\/2022\/05\/Mitas-marcou-presenc\u0327a-na-Agrishow-em-Sa\u0303o-Paulo.jpg\" \/>\n\t<meta property=\"og:image:width\" content=\"1024\" \/>\n\t<meta property=\"og:image:height\" content=\"581\" \/>\n\t<meta property=\"og:image:type\" content=\"image\/jpeg\" \/>\n<meta name=\"author\" content=\"Reda\u00e7\u00e3o RP\" \/>\n<meta name=\"twitter:card\" content=\"summary_large_image\" \/>\n<meta name=\"twitter:creator\" content=\"@revistapneus\" \/>\n<meta name=\"twitter:site\" content=\"@revistapneus\" \/>\n<meta name=\"twitter:label1\" content=\"Escrito por\" \/>\n\t<meta name=\"twitter:data1\" content=\"Reda\u00e7\u00e3o RP\" \/>\n\t<meta name=\"twitter:label2\" content=\"Tempo estimado de leitura\" \/>\n\t<meta name=\"twitter:data2\" content=\"1 minuto\" \/>\n<script type=\"application\/ld+json\" class=\"yoast-schema-graph\">{\"@context\":\"https:\\\/\\\/schema.org\",\"@graph\":[{\"@type\":\"Article\",\"@id\":\"https:\\\/\\\/revistadospneus.com\\\/pt\\\/2022\\\/05\\\/03\\\/mitas-marcou-presenca-na-agrishow-em-sao-paulo\\\/#article\",\"isPartOf\":{\"@id\":\"https:\\\/\\\/revistadospneus.com\\\/pt\\\/2022\\\/05\\\/03\\\/mitas-marcou-presenca-na-agrishow-em-sao-paulo\\\/\"},\"author\":{\"name\":\"Reda\u00e7\u00e3o RP\",\"@id\":\"https:\\\/\\\/revistadospneus.com\\\/pt\\\/#\\\/schema\\\/person\\\/9c602809538a614c26e5569d14ed6442\"},\"headline\":\"Mitas marcou presen\u00e7a na Agrishow em S\u00e3o Paulo\",\"datePublished\":\"2022-05-03T15:00:04+00:00\",\"mainEntityOfPage\":{\"@id\":\"https:\\\/\\\/revistadospneus.com\\\/pt\\\/2022\\\/05\\\/03\\\/mitas-marcou-presenca-na-agrishow-em-sao-paulo\\\/\"},\"wordCount\":256,\"publisher\":{\"@id\":\"https:\\\/\\\/revistadospneus.com\\\/pt\\\/#organization\"},\"image\":{\"@id\":\"https:\\\/\\\/revistadospneus.com\\\/pt\\\/2022\\\/05\\\/03\\\/mitas-marcou-presenca-na-agrishow-em-sao-paulo\\\/#primaryimage\"},\"thumbnailUrl\":\"https:\\\/\\\/revistadospneus.com\\\/pt\\\/wp-content\\\/uploads\\\/2022\\\/05\\\/Mitas-marcou-presenc\u0327a-na-Agrishow-em-Sa\u0303o-Paulo.jpg\",\"keywords\":[\"Mitas\"],\"articleSection\":[\"Empresas\"],\"inLanguage\":\"pt-PT\"},{\"@type\":\"WebPage\",\"@id\":\"https:\\\/\\\/revistadospneus.com\\\/pt\\\/2022\\\/05\\\/03\\\/mitas-marcou-presenca-na-agrishow-em-sao-paulo\\\/\",\"url\":\"https:\\\/\\\/revistadospneus.com\\\/pt\\\/2022\\\/05\\\/03\\\/mitas-marcou-presenca-na-agrishow-em-sao-paulo\\\/\",\"name\":\"Mitas marcou presen\u00e7a na Agrishow em S\u00e3o Paulo - Revista dos Pneus\",\"isPartOf\":{\"@id\":\"https:\\\/\\\/revistadospneus.com\\\/pt\\\/#website\"},\"primaryImageOfPage\":{\"@id\":\"https:\\\/\\\/revistadospneus.com\\\/pt\\\/2022\\\/05\\\/03\\\/mitas-marcou-presenca-na-agrishow-em-sao-paulo\\\/#primaryimage\"},\"image\":{\"@id\":\"https:\\\/\\\/revistadospneus.com\\\/pt\\\/2022\\\/05\\\/03\\\/mitas-marcou-presenca-na-agrishow-em-sao-paulo\\\/#primaryimage\"},\"thumbnailUrl\":\"https:\\\/\\\/revistadospneus.com\\\/pt\\\/wp-content\\\/uploads\\\/2022\\\/05\\\/Mitas-marcou-presenc\u0327a-na-Agrishow-em-Sa\u0303o-Paulo.jpg\",\"datePublished\":\"2022-05-03T15:00:04+00:00\",\"breadcrumb\":{\"@id\":\"https:\\\/\\\/revistadospneus.com\\\/pt\\\/2022\\\/05\\\/03\\\/mitas-marcou-presenca-na-agrishow-em-sao-paulo\\\/#breadcrumb\"},\"inLanguage\":\"pt-PT\",\"potentialAction\":[{\"@type\":\"ReadAction\",\"target\":[\"https:\\\/\\\/revistadospneus.com\\\/pt\\\/2022\\\/05\\\/03\\\/mitas-marcou-presenca-na-agrishow-em-sao-paulo\\\/\"]}]},{\"@type\":\"ImageObject\",\"inLanguage\":\"pt-PT\",\"@id\":\"https:\\\/\\\/revistadospneus.com\\\/pt\\\/2022\\\/05\\\/03\\\/mitas-marcou-presenca-na-agrishow-em-sao-paulo\\\/#primaryimage\",\"url\":\"https:\\\/\\\/revistadospneus.com\\\/pt\\\/wp-content\\\/uploads\\\/2022\\\/05\\\/Mitas-marcou-presenc\u0327a-na-Agrishow-em-Sa\u0303o-Paulo.jpg\",\"contentUrl\":\"https:\\\/\\\/revistadospneus.com\\\/pt\\\/wp-content\\\/uploads\\\/2022\\\/05\\\/Mitas-marcou-presenc\u0327a-na-Agrishow-em-Sa\u0303o-Paulo.jpg\",\"width\":1024,\"height\":581,\"caption\":\"05 - Mitas marcou presenc\u0327a na Agrishow em Sa\u0303o Paulo\"},{\"@type\":\"BreadcrumbList\",\"@id\":\"https:\\\/\\\/revistadospneus.com\\\/pt\\\/2022\\\/05\\\/03\\\/mitas-marcou-presenca-na-agrishow-em-sao-paulo\\\/#breadcrumb\",\"itemListElement\":[{\"@type\":\"ListItem\",\"position\":1,\"name\":\"In\u00edcio\",\"item\":\"https:\\\/\\\/revistadospneus.com\\\/pt\\\/\"},{\"@type\":\"ListItem\",\"position\":2,\"name\":\"Mitas marcou presen\u00e7a na Agrishow em S\u00e3o Paulo\"}]},{\"@type\":\"WebSite\",\"@id\":\"https:\\\/\\\/revistadospneus.com\\\/pt\\\/#website\",\"url\":\"https:\\\/\\\/revistadospneus.com\\\/pt\\\/\",\"name\":\"Revista dos Pneus\",\"description\":\"Revista independente de pneus e servi\u00e7os r\u00e1pidos\",\"publisher\":{\"@id\":\"https:\\\/\\\/revistadospneus.com\\\/pt\\\/#organization\"},\"potentialAction\":[{\"@type\":\"SearchAction\",\"target\":{\"@type\":\"EntryPoint\",\"urlTemplate\":\"https:\\\/\\\/revistadospneus.com\\\/pt\\\/?s={search_term_string}\"},\"query-input\":{\"@type\":\"PropertyValueSpecification\",\"valueRequired\":true,\"valueName\":\"search_term_string\"}}],\"inLanguage\":\"pt-PT\"},{\"@type\":\"Organization\",\"@id\":\"https:\\\/\\\/revistadospneus.com\\\/pt\\\/#organization\",\"name\":\"Revista dos Pneus\",\"url\":\"https:\\\/\\\/revistadospneus.com\\\/pt\\\/\",\"logo\":{\"@type\":\"ImageObject\",\"inLanguage\":\"pt-PT\",\"@id\":\"https:\\\/\\\/revistadospneus.com\\\/pt\\\/#\\\/schema\\\/logo\\\/image\\\/\",\"url\":\"https:\\\/\\\/revistadospneus.com\\\/pt\\\/wp-content\\\/uploads\\\/logo2-1.png\",\"contentUrl\":\"https:\\\/\\\/revistadospneus.com\\\/pt\\\/wp-content\\\/uploads\\\/logo2-1.png\",\"width\":216,\"height\":70,\"caption\":\"Revista dos Pneus\"},\"image\":{\"@id\":\"https:\\\/\\\/revistadospneus.com\\\/pt\\\/#\\\/schema\\\/logo\\\/image\\\/\"},\"sameAs\":[\"https:\\\/\\\/www.facebook.com\\\/revistapneus\",\"https:\\\/\\\/x.com\\\/revistapneus\",\"https:\\\/\\\/www.linkedin.com\\\/company\\\/jornal-das-oficinas\\\/\",\"https:\\\/\\\/www.youtube.com\\\/channel\\\/UCbQZBqtcvV-oSQrr7RzINGg\"]},{\"@type\":\"Person\",\"@id\":\"https:\\\/\\\/revistadospneus.com\\\/pt\\\/#\\\/schema\\\/person\\\/9c602809538a614c26e5569d14ed6442\",\"name\":\"Reda\u00e7\u00e3o RP\",\"image\":{\"@type\":\"ImageObject\",\"inLanguage\":\"pt-PT\",\"@id\":\"https:\\\/\\\/secure.gravatar.com\\\/avatar\\\/71f2fa71737ad68a84fea94bc708ddac8ea5b0c4788dc2ad202f3ccb2887742f?s=96&d=wp_user_avatar&r=g\",\"url\":\"https:\\\/\\\/secure.gravatar.com\\\/avatar\\\/71f2fa71737ad68a84fea94bc708ddac8ea5b0c4788dc2ad202f3ccb2887742f?s=96&d=wp_user_avatar&r=g\",\"contentUrl\":\"https:\\\/\\\/secure.gravatar.com\\\/avatar\\\/71f2fa71737ad68a84fea94bc708ddac8ea5b0c4788dc2ad202f3ccb2887742f?s=96&d=wp_user_avatar&r=g\",\"caption\":\"Reda\u00e7\u00e3o RP\"},\"url\":\"https:\\\/\\\/revistadospneus.com\\\/pt\\\/author\\\/rpredacao\\\/\"}]}<\/script>\n<!-- \/ Yoast SEO plugin. -->","yoast_head_json":{"title":"Mitas marcou presen\u00e7a na Agrishow em S\u00e3o Paulo - Revista dos Pneus","robots":{"index":"index","follow":"follow","max-snippet":"max-snippet:-1","max-image-preview":"max-image-preview:large","max-video-preview":"max-video-preview:-1"},"canonical":"https:\/\/revistadospneus.com\/pt\/2022\/05\/03\/mitas-marcou-presenca-na-agrishow-em-sao-paulo\/","og_locale":"pt_PT","og_type":"article","og_title":"Mitas marcou presen\u00e7a na Agrishow em S\u00e3o Paulo - Revista dos Pneus","og_description":"A Mitas apresentou, na Agrishow em S\u00e3o Paulo, a...","og_url":"https:\/\/revistadospneus.com\/pt\/2022\/05\/03\/mitas-marcou-presenca-na-agrishow-em-sao-paulo\/","og_site_name":"Revista dos Pneus","article_publisher":"https:\/\/www.facebook.com\/revistapneus","article_published_time":"2022-05-03T15:00:04+00:00","og_image":[{"width":1024,"height":581,"url":"https:\/\/revistadospneus.com\/pt\/wp-content\/uploads\/2022\/05\/Mitas-marcou-presenc\u0327a-na-Agrishow-em-Sa\u0303o-Paulo.jpg","type":"image\/jpeg"}],"author":"Reda\u00e7\u00e3o RP","twitter_card":"summary_large_image","twitter_creator":"@revistapneus","twitter_site":"@revistapneus","twitter_misc":{"Escrito por":"Reda\u00e7\u00e3o RP","Tempo estimado de leitura":"1 minuto"},"schema":{"@context":"https:\/\/schema.org","@graph":[{"@type":"Article","@id":"https:\/\/revistadospneus.com\/pt\/2022\/05\/03\/mitas-marcou-presenca-na-agrishow-em-sao-paulo\/#article","isPartOf":{"@id":"https:\/\/revistadospneus.com\/pt\/2022\/05\/03\/mitas-marcou-presenca-na-agrishow-em-sao-paulo\/"},"author":{"name":"Reda\u00e7\u00e3o RP","@id":"https:\/\/revistadospneus.com\/pt\/#\/schema\/person\/9c602809538a614c26e5569d14ed6442"},"headline":"Mitas marcou presen\u00e7a na Agrishow em S\u00e3o Paulo","datePublished":"2022-05-03T15:00:04+00:00","mainEntityOfPage":{"@id":"https:\/\/revistadospneus.com\/pt\/2022\/05\/03\/mitas-marcou-presenca-na-agrishow-em-sao-paulo\/"},"wordCount":256,"publisher":{"@id":"https:\/\/revistadospneus.com\/pt\/#organization"},"image":{"@id":"https:\/\/revistadospneus.com\/pt\/2022\/05\/03\/mitas-marcou-presenca-na-agrishow-em-sao-paulo\/#primaryimage"},"thumbnailUrl":"https:\/\/revistadospneus.com\/pt\/wp-content\/uploads\/2022\/05\/Mitas-marcou-presenc\u0327a-na-Agrishow-em-Sa\u0303o-Paulo.jpg","keywords":["Mitas"],"articleSection":["Empresas"],"inLanguage":"pt-PT"},{"@type":"WebPage","@id":"https:\/\/revistadospneus.com\/pt\/2022\/05\/03\/mitas-marcou-presenca-na-agrishow-em-sao-paulo\/","url":"https:\/\/revistadospneus.com\/pt\/2022\/05\/03\/mitas-marcou-presenca-na-agrishow-em-sao-paulo\/","name":"Mitas marcou presen\u00e7a na Agrishow em S\u00e3o Paulo - Revista dos Pneus","isPartOf":{"@id":"https:\/\/revistadospneus.com\/pt\/#website"},"primaryImageOfPage":{"@id":"https:\/\/revistadospneus.com\/pt\/2022\/05\/03\/mitas-marcou-presenca-na-agrishow-em-sao-paulo\/#primaryimage"},"image":{"@id":"https:\/\/revistadospneus.com\/pt\/2022\/05\/03\/mitas-marcou-presenca-na-agrishow-em-sao-paulo\/#primaryimage"},"thumbnailUrl":"https:\/\/revistadospneus.com\/pt\/wp-content\/uploads\/2022\/05\/Mitas-marcou-presenc\u0327a-na-Agrishow-em-Sa\u0303o-Paulo.jpg","datePublished":"2022-05-03T15:00:04+00:00","breadcrumb":{"@id":"https:\/\/revistadospneus.com\/pt\/2022\/05\/03\/mitas-marcou-presenca-na-agrishow-em-sao-paulo\/#breadcrumb"},"inLanguage":"pt-PT","potentialAction":[{"@type":"ReadAction","target":["https:\/\/revistadospneus.com\/pt\/2022\/05\/03\/mitas-marcou-presenca-na-agrishow-em-sao-paulo\/"]}]},{"@type":"ImageObject","inLanguage":"pt-PT","@id":"https:\/\/revistadospneus.com\/pt\/2022\/05\/03\/mitas-marcou-presenca-na-agrishow-em-sao-paulo\/#primaryimage","url":"https:\/\/revistadospneus.com\/pt\/wp-content\/uploads\/2022\/05\/Mitas-marcou-presenc\u0327a-na-Agrishow-em-Sa\u0303o-Paulo.jpg","contentUrl":"https:\/\/revistadospneus.com\/pt\/wp-content\/uploads\/2022\/05\/Mitas-marcou-presenc\u0327a-na-Agrishow-em-Sa\u0303o-Paulo.jpg","width":1024,"height":581,"caption":"05 - Mitas marcou presenc\u0327a na Agrishow em Sa\u0303o Paulo"},{"@type":"BreadcrumbList","@id":"https:\/\/revistadospneus.com\/pt\/2022\/05\/03\/mitas-marcou-presenca-na-agrishow-em-sao-paulo\/#breadcrumb","itemListElement":[{"@type":"ListItem","position":1,"name":"In\u00edcio","item":"https:\/\/revistadospneus.com\/pt\/"},{"@type":"ListItem","position":2,"name":"Mitas marcou presen\u00e7a na Agrishow em S\u00e3o Paulo"}]},{"@type":"WebSite","@id":"https:\/\/revistadospneus.com\/pt\/#website","url":"https:\/\/revistadospneus.com\/pt\/","name":"Revista dos Pneus","description":"Revista independente de pneus e servi\u00e7os r\u00e1pidos","publisher":{"@id":"https:\/\/revistadospneus.com\/pt\/#organization"},"potentialAction":[{"@type":"SearchAction","target":{"@type":"EntryPoint","urlTemplate":"https:\/\/revistadospneus.com\/pt\/?s={search_term_string}"},"query-input":{"@type":"PropertyValueSpecification","valueRequired":true,"valueName":"search_term_string"}}],"inLanguage":"pt-PT"},{"@type":"Organization","@id":"https:\/\/revistadospneus.com\/pt\/#organization","name":"Revista dos Pneus","url":"https:\/\/revistadospneus.com\/pt\/","logo":{"@type":"ImageObject","inLanguage":"pt-PT","@id":"https:\/\/revistadospneus.com\/pt\/#\/schema\/logo\/image\/","url":"https:\/\/revistadospneus.com\/pt\/wp-content\/uploads\/logo2-1.png","contentUrl":"https:\/\/revistadospneus.com\/pt\/wp-content\/uploads\/logo2-1.png","width":216,"height":70,"caption":"Revista dos Pneus"},"image":{"@id":"https:\/\/revistadospneus.com\/pt\/#\/schema\/logo\/image\/"},"sameAs":["https:\/\/www.facebook.com\/revistapneus","https:\/\/x.com\/revistapneus","https:\/\/www.linkedin.com\/company\/jornal-das-oficinas\/","https:\/\/www.youtube.com\/channel\/UCbQZBqtcvV-oSQrr7RzINGg"]},{"@type":"Person","@id":"https:\/\/revistadospneus.com\/pt\/#\/schema\/person\/9c602809538a614c26e5569d14ed6442","name":"Reda\u00e7\u00e3o RP","image":{"@type":"ImageObject","inLanguage":"pt-PT","@id":"https:\/\/secure.gravatar.com\/avatar\/71f2fa71737ad68a84fea94bc708ddac8ea5b0c4788dc2ad202f3ccb2887742f?s=96&d=wp_user_avatar&r=g","url":"https:\/\/secure.gravatar.com\/avatar\/71f2fa71737ad68a84fea94bc708ddac8ea5b0c4788dc2ad202f3ccb2887742f?s=96&d=wp_user_avatar&r=g","contentUrl":"https:\/\/secure.gravatar.com\/avatar\/71f2fa71737ad68a84fea94bc708ddac8ea5b0c4788dc2ad202f3ccb2887742f?s=96&d=wp_user_avatar&r=g","caption":"Reda\u00e7\u00e3o RP"},"url":"https:\/\/revistadospneus.com\/pt\/author\/rpredacao\/"}]}},"_links":{"self":[{"href":"https:\/\/revistadospneus.com\/pt\/wp-json\/wp\/v2\/posts\/16968","targetHints":{"allow":["GET"]}}],"collection":[{"href":"https:\/\/revistadospneus.com\/pt\/wp-json\/wp\/v2\/posts"}],"about":[{"href":"https:\/\/revistadospneus.com\/pt\/wp-json\/wp\/v2\/types\/post"}],"author":[{"embeddable":true,"href":"https:\/\/revistadospneus.com\/pt\/wp-json\/wp\/v2\/users\/13"}],"replies":[{"embeddable":true,"href":"https:\/\/revistadospneus.com\/pt\/wp-json\/wp\/v2\/comments?post=16968"}],"version-history":[{"count":0,"href":"https:\/\/revistadospneus.com\/pt\/wp-json\/wp\/v2\/posts\/16968\/revisions"}],"wp:featuredmedia":[{"embeddable":true,"href":"https:\/\/revistadospneus.com\/pt\/wp-json\/wp\/v2\/media\/16931"}],"wp:attachment":[{"href":"https:\/\/revistadospneus.com\/pt\/wp-json\/wp\/v2\/media?parent=16968"}],"wp:term":[{"taxonomy":"category","embeddable":true,"href":"https:\/\/revistadospneus.com\/pt\/wp-json\/wp\/v2\/categories?post=16968"},{"taxonomy":"post_tag","embeddable":true,"href":"https:\/\/revistadospneus.com\/pt\/wp-json\/wp\/v2\/tags?post=16968"}],"curies":[{"name":"wp","href":"https:\/\/api.w.org\/{rel}","templated":true}]}}