{"id":17261,"date":"2022-06-03T12:00:10","date_gmt":"2022-06-03T11:00:10","guid":{"rendered":"https:\/\/revistadospneus.com\/pt\/?p=17261"},"modified":"2022-06-05T12:53:08","modified_gmt":"2022-06-05T11:53:08","slug":"valorpneu-arranca-com-a-2a-edicao-do-programa-nextlap","status":"publish","type":"post","link":"https:\/\/revistadospneus.com\/pt\/2022\/06\/03\/valorpneu-arranca-com-a-2a-edicao-do-programa-nextlap\/","title":{"rendered":"Valorpneu arranca com a 2\u00aa edi\u00e7\u00e3o do programa NextLap"},"content":{"rendered":"<p><img loading=\"lazy\" decoding=\"async\" class=\"alignnone size-full wp-image-17262\" src=\"https:\/\/revistadospneus.com\/pt\/wp-content\/uploads\/2022\/06\/Valorpneu-arranca-com-a-2a-edic\u0327a\u0303o.png\" alt=\"06 - Valorpneu arranca com a 2a edic\u0327a\u0303o\" width=\"1024\" height=\"581\" srcset=\"https:\/\/revistadospneus.com\/pt\/wp-content\/uploads\/2022\/06\/Valorpneu-arranca-com-a-2a-edic\u0327a\u0303o.png 1024w, https:\/\/revistadospneus.com\/pt\/wp-content\/uploads\/2022\/06\/Valorpneu-arranca-com-a-2a-edic\u0327a\u0303o-300x170.png 300w, https:\/\/revistadospneus.com\/pt\/wp-content\/uploads\/2022\/06\/Valorpneu-arranca-com-a-2a-edic\u0327a\u0303o-150x85.png 150w, https:\/\/revistadospneus.com\/pt\/wp-content\/uploads\/2022\/06\/Valorpneu-arranca-com-a-2a-edic\u0327a\u0303o-768x436.png 768w\" sizes=\"auto, (max-width: 1024px) 100vw, 1024px\" \/><\/p>\n<p><strong>A <a href=\"https:\/\/www.valorpneu.pt\/\" target=\"_blank\" rel=\"noopener\">Valorpneu<\/a>, em conjunto com a recicladora mundial dinamarquesa Genan e com a consultora Beta-i, realizam a 2\u00aa edi\u00e7\u00e3o do programa de inova\u00e7\u00e3o NextLap, at\u00e9 ao pr\u00f3ximo dia 5 de junho, que tem como objetivo sensibilizar cada vez mais para a sustentabilidade do planeta<\/strong><\/p>\n<p>O programa de inova\u00e7\u00e3o NextLap, tem como objetivo, o desenvolvimento de novas aplica\u00e7\u00f5es para os materiais resultantes do processo de reciclagem dos pneus em fim de vida (ELT) \u2013 granulados e p\u00f3s de borracha, t\u00eaxteis e a\u00e7o -, para que estes possam voltar a ser integrados na ind\u00fastria como mat\u00e9ria-prima para a produ\u00e7\u00e3o de novos produtos.<\/p>\n<p>Esta segunda edi\u00e7\u00e3o vai mais al\u00e9m, com uma nova abordagem que tem como foco a acelera\u00e7\u00e3o \u2013 NextLap Accelerator -, com o objetivo de apoiar o desenvolvimento de neg\u00f3cios \u2018early stage\u2019 ou em fases iniciais de monetiza\u00e7\u00e3o em neg\u00f3cios escal\u00e1veis e produtos em desenvolvimento, atrav\u00e9s de forma\u00e7\u00e3o, mentoria e acesso a empresas e especialistas da ind\u00fastria.<\/p>\n<p>O NextLap Accelerator tem as candidaturas abertas \u2013\u00a0https:\/\/nextlap-program.com\/\u00a0\u2013 para PMEs, \u2018startups\u2019, centros de investiga\u00e7\u00e3o e desenvolvedores de todo o mundo que contem com ideias de neg\u00f3cio ou solu\u00e7\u00f5es inovadoras que possam tratar, reutilizar e trazer novas aplica\u00e7\u00f5es para os pneus inteiros ou fragmentados \u2013 ou ainda, novas formas de reaproveitamento dos materiais derivados do pneu em fim de vida: granulado de borracha, fibras t\u00eaxteis e a\u00e7o.<\/p>\n<p>Durante quatro meses, os participantes contar\u00e3o com o apoio de parceiros de ind\u00fastria, tais como a multinacional do sector da constru\u00e7\u00e3o Pragosa, a empresa l\u00edder no mercado de artigos desportivos Decathlon, a Infraestruturas de Portugal e a empresa na \u00e1rea dos t\u00eaxteis t\u00e9cnicos TMG Automotive, para sess\u00f5es de mentoria e valida\u00e7\u00e3o de neg\u00f3cio, bem como com forma\u00e7\u00e3o e apoio de outros peritos t\u00e9cnicos para orientar o desenvolvimento de produtos.<\/p>\n<p>O programa de acelera\u00e7\u00e3o NextLap est\u00e1 tamb\u00e9m a receber manifesta\u00e7\u00f5es de outras empresas atuantes no sector, que tenham interesse em participar no programa enquanto parceiros para mentoria e forma\u00e7\u00e3o das melhores solu\u00e7\u00f5es identificadas no processo de an\u00e1lise e investiga\u00e7\u00e3o.<\/p>\n<p>Para apresentar as vantagens deste programa e os resultados da edi\u00e7\u00e3o passada foi realizado um \u2018webinar\u2019 \u201cA Circular Economy Journey: Challenges &amp; Lessons\u201d, no passado dia 25 de maio, que contou com a participa\u00e7\u00e3o da Decathlon, TMG Automotive, Pragosa e Beta-i como oradores. Depois de um debate seguiu-se uma sess\u00e3o informativa sobre a nova edi\u00e7\u00e3o do NextLap, conduzida por Thomas Ballegaard (CCO na Genan Holding), Paulo Silva (Dep. de Opera\u00e7\u00f5es e Log\u00edstica da Valorpneu) e Jos\u00e9 Carvalho (Materials Expert e fundador da JC Consulting Pte Ltd).<\/p>\n<p>&nbsp;<\/p>\n<!-- AddThis Advanced Settings generic via filter on the_content --><!-- AddThis Share Buttons generic via filter on the_content -->","protected":false},"excerpt":{"rendered":"<p>A Valorpneu, em conjunto com a recicladora mundial dinamarquesa&#8230;<!-- AddThis Advanced Settings generic via filter on get_the_excerpt --><!-- AddThis Share Buttons generic via filter on get_the_excerpt --><\/p>\n","protected":false},"author":13,"featured_media":17262,"comment_status":"closed","ping_status":"closed","sticky":false,"template":"","format":"standard","meta":{"footnotes":""},"categories":[29],"tags":[943],"class_list":["post-17261","post","type-post","status-publish","format-standard","has-post-thumbnail","hentry","category-empresas","tag-valorpneu"],"yoast_head":"<!-- This site is optimized with the Yoast SEO plugin v27.5 - https:\/\/yoast.com\/product\/yoast-seo-wordpress\/ -->\n<title>Valorpneu arranca com a 2\u00aa edi\u00e7\u00e3o do programa NextLap - Revista dos Pneus<\/title>\n<meta name=\"robots\" content=\"index, follow, max-snippet:-1, max-image-preview:large, max-video-preview:-1\" \/>\n<link rel=\"canonical\" href=\"https:\/\/revistadospneus.com\/pt\/2022\/06\/03\/valorpneu-arranca-com-a-2a-edicao-do-programa-nextlap\/\" \/>\n<meta property=\"og:locale\" content=\"pt_PT\" \/>\n<meta property=\"og:type\" content=\"article\" \/>\n<meta property=\"og:title\" content=\"Valorpneu arranca com a 2\u00aa edi\u00e7\u00e3o do programa NextLap - Revista dos Pneus\" \/>\n<meta property=\"og:description\" content=\"A Valorpneu, em conjunto com a recicladora mundial dinamarquesa...\" \/>\n<meta property=\"og:url\" content=\"https:\/\/revistadospneus.com\/pt\/2022\/06\/03\/valorpneu-arranca-com-a-2a-edicao-do-programa-nextlap\/\" \/>\n<meta property=\"og:site_name\" content=\"Revista dos Pneus\" \/>\n<meta property=\"article:publisher\" content=\"https:\/\/www.facebook.com\/revistapneus\" \/>\n<meta property=\"article:published_time\" content=\"2022-06-03T11:00:10+00:00\" \/>\n<meta property=\"article:modified_time\" content=\"2022-06-05T11:53:08+00:00\" \/>\n<meta property=\"og:image\" content=\"https:\/\/revistadospneus.com\/pt\/wp-content\/uploads\/2022\/06\/Valorpneu-arranca-com-a-2a-edic\u0327a\u0303o.png\" \/>\n\t<meta property=\"og:image:width\" content=\"1024\" \/>\n\t<meta property=\"og:image:height\" content=\"581\" \/>\n\t<meta property=\"og:image:type\" content=\"image\/png\" \/>\n<meta name=\"author\" content=\"Reda\u00e7\u00e3o RP\" \/>\n<meta name=\"twitter:card\" content=\"summary_large_image\" \/>\n<meta name=\"twitter:creator\" content=\"@revistapneus\" \/>\n<meta name=\"twitter:site\" content=\"@revistapneus\" \/>\n<meta name=\"twitter:label1\" content=\"Escrito por\" \/>\n\t<meta name=\"twitter:data1\" content=\"Reda\u00e7\u00e3o RP\" \/>\n\t<meta name=\"twitter:label2\" content=\"Tempo estimado de leitura\" \/>\n\t<meta name=\"twitter:data2\" content=\"2 minutos\" \/>\n<script type=\"application\/ld+json\" class=\"yoast-schema-graph\">{\"@context\":\"https:\\\/\\\/schema.org\",\"@graph\":[{\"@type\":\"Article\",\"@id\":\"https:\\\/\\\/revistadospneus.com\\\/pt\\\/2022\\\/06\\\/03\\\/valorpneu-arranca-com-a-2a-edicao-do-programa-nextlap\\\/#article\",\"isPartOf\":{\"@id\":\"https:\\\/\\\/revistadospneus.com\\\/pt\\\/2022\\\/06\\\/03\\\/valorpneu-arranca-com-a-2a-edicao-do-programa-nextlap\\\/\"},\"author\":{\"name\":\"Reda\u00e7\u00e3o RP\",\"@id\":\"https:\\\/\\\/revistadospneus.com\\\/pt\\\/#\\\/schema\\\/person\\\/9c602809538a614c26e5569d14ed6442\"},\"headline\":\"Valorpneu arranca com a 2\u00aa edi\u00e7\u00e3o do programa NextLap\",\"datePublished\":\"2022-06-03T11:00:10+00:00\",\"dateModified\":\"2022-06-05T11:53:08+00:00\",\"mainEntityOfPage\":{\"@id\":\"https:\\\/\\\/revistadospneus.com\\\/pt\\\/2022\\\/06\\\/03\\\/valorpneu-arranca-com-a-2a-edicao-do-programa-nextlap\\\/\"},\"wordCount\":473,\"publisher\":{\"@id\":\"https:\\\/\\\/revistadospneus.com\\\/pt\\\/#organization\"},\"image\":{\"@id\":\"https:\\\/\\\/revistadospneus.com\\\/pt\\\/2022\\\/06\\\/03\\\/valorpneu-arranca-com-a-2a-edicao-do-programa-nextlap\\\/#primaryimage\"},\"thumbnailUrl\":\"https:\\\/\\\/revistadospneus.com\\\/pt\\\/wp-content\\\/uploads\\\/2022\\\/06\\\/Valorpneu-arranca-com-a-2a-edic\u0327a\u0303o.png\",\"keywords\":[\"Valorpneu\"],\"articleSection\":[\"Empresas\"],\"inLanguage\":\"pt-PT\"},{\"@type\":\"WebPage\",\"@id\":\"https:\\\/\\\/revistadospneus.com\\\/pt\\\/2022\\\/06\\\/03\\\/valorpneu-arranca-com-a-2a-edicao-do-programa-nextlap\\\/\",\"url\":\"https:\\\/\\\/revistadospneus.com\\\/pt\\\/2022\\\/06\\\/03\\\/valorpneu-arranca-com-a-2a-edicao-do-programa-nextlap\\\/\",\"name\":\"Valorpneu arranca com a 2\u00aa edi\u00e7\u00e3o do programa NextLap - Revista dos Pneus\",\"isPartOf\":{\"@id\":\"https:\\\/\\\/revistadospneus.com\\\/pt\\\/#website\"},\"primaryImageOfPage\":{\"@id\":\"https:\\\/\\\/revistadospneus.com\\\/pt\\\/2022\\\/06\\\/03\\\/valorpneu-arranca-com-a-2a-edicao-do-programa-nextlap\\\/#primaryimage\"},\"image\":{\"@id\":\"https:\\\/\\\/revistadospneus.com\\\/pt\\\/2022\\\/06\\\/03\\\/valorpneu-arranca-com-a-2a-edicao-do-programa-nextlap\\\/#primaryimage\"},\"thumbnailUrl\":\"https:\\\/\\\/revistadospneus.com\\\/pt\\\/wp-content\\\/uploads\\\/2022\\\/06\\\/Valorpneu-arranca-com-a-2a-edic\u0327a\u0303o.png\",\"datePublished\":\"2022-06-03T11:00:10+00:00\",\"dateModified\":\"2022-06-05T11:53:08+00:00\",\"breadcrumb\":{\"@id\":\"https:\\\/\\\/revistadospneus.com\\\/pt\\\/2022\\\/06\\\/03\\\/valorpneu-arranca-com-a-2a-edicao-do-programa-nextlap\\\/#breadcrumb\"},\"inLanguage\":\"pt-PT\",\"potentialAction\":[{\"@type\":\"ReadAction\",\"target\":[\"https:\\\/\\\/revistadospneus.com\\\/pt\\\/2022\\\/06\\\/03\\\/valorpneu-arranca-com-a-2a-edicao-do-programa-nextlap\\\/\"]}]},{\"@type\":\"ImageObject\",\"inLanguage\":\"pt-PT\",\"@id\":\"https:\\\/\\\/revistadospneus.com\\\/pt\\\/2022\\\/06\\\/03\\\/valorpneu-arranca-com-a-2a-edicao-do-programa-nextlap\\\/#primaryimage\",\"url\":\"https:\\\/\\\/revistadospneus.com\\\/pt\\\/wp-content\\\/uploads\\\/2022\\\/06\\\/Valorpneu-arranca-com-a-2a-edic\u0327a\u0303o.png\",\"contentUrl\":\"https:\\\/\\\/revistadospneus.com\\\/pt\\\/wp-content\\\/uploads\\\/2022\\\/06\\\/Valorpneu-arranca-com-a-2a-edic\u0327a\u0303o.png\",\"width\":1024,\"height\":581,\"caption\":\"06 - Valorpneu arranca com a 2a edic\u0327a\u0303o\"},{\"@type\":\"BreadcrumbList\",\"@id\":\"https:\\\/\\\/revistadospneus.com\\\/pt\\\/2022\\\/06\\\/03\\\/valorpneu-arranca-com-a-2a-edicao-do-programa-nextlap\\\/#breadcrumb\",\"itemListElement\":[{\"@type\":\"ListItem\",\"position\":1,\"name\":\"In\u00edcio\",\"item\":\"https:\\\/\\\/revistadospneus.com\\\/pt\\\/\"},{\"@type\":\"ListItem\",\"position\":2,\"name\":\"Valorpneu arranca com a 2\u00aa edi\u00e7\u00e3o do programa NextLap\"}]},{\"@type\":\"WebSite\",\"@id\":\"https:\\\/\\\/revistadospneus.com\\\/pt\\\/#website\",\"url\":\"https:\\\/\\\/revistadospneus.com\\\/pt\\\/\",\"name\":\"Revista dos Pneus\",\"description\":\"Revista independente de pneus e servi\u00e7os r\u00e1pidos\",\"publisher\":{\"@id\":\"https:\\\/\\\/revistadospneus.com\\\/pt\\\/#organization\"},\"potentialAction\":[{\"@type\":\"SearchAction\",\"target\":{\"@type\":\"EntryPoint\",\"urlTemplate\":\"https:\\\/\\\/revistadospneus.com\\\/pt\\\/?s={search_term_string}\"},\"query-input\":{\"@type\":\"PropertyValueSpecification\",\"valueRequired\":true,\"valueName\":\"search_term_string\"}}],\"inLanguage\":\"pt-PT\"},{\"@type\":\"Organization\",\"@id\":\"https:\\\/\\\/revistadospneus.com\\\/pt\\\/#organization\",\"name\":\"Revista dos Pneus\",\"url\":\"https:\\\/\\\/revistadospneus.com\\\/pt\\\/\",\"logo\":{\"@type\":\"ImageObject\",\"inLanguage\":\"pt-PT\",\"@id\":\"https:\\\/\\\/revistadospneus.com\\\/pt\\\/#\\\/schema\\\/logo\\\/image\\\/\",\"url\":\"https:\\\/\\\/revistadospneus.com\\\/pt\\\/wp-content\\\/uploads\\\/logo2-1.png\",\"contentUrl\":\"https:\\\/\\\/revistadospneus.com\\\/pt\\\/wp-content\\\/uploads\\\/logo2-1.png\",\"width\":216,\"height\":70,\"caption\":\"Revista dos Pneus\"},\"image\":{\"@id\":\"https:\\\/\\\/revistadospneus.com\\\/pt\\\/#\\\/schema\\\/logo\\\/image\\\/\"},\"sameAs\":[\"https:\\\/\\\/www.facebook.com\\\/revistapneus\",\"https:\\\/\\\/x.com\\\/revistapneus\",\"https:\\\/\\\/www.linkedin.com\\\/company\\\/jornal-das-oficinas\\\/\",\"https:\\\/\\\/www.youtube.com\\\/channel\\\/UCbQZBqtcvV-oSQrr7RzINGg\"]},{\"@type\":\"Person\",\"@id\":\"https:\\\/\\\/revistadospneus.com\\\/pt\\\/#\\\/schema\\\/person\\\/9c602809538a614c26e5569d14ed6442\",\"name\":\"Reda\u00e7\u00e3o RP\",\"image\":{\"@type\":\"ImageObject\",\"inLanguage\":\"pt-PT\",\"@id\":\"https:\\\/\\\/secure.gravatar.com\\\/avatar\\\/71f2fa71737ad68a84fea94bc708ddac8ea5b0c4788dc2ad202f3ccb2887742f?s=96&d=wp_user_avatar&r=g\",\"url\":\"https:\\\/\\\/secure.gravatar.com\\\/avatar\\\/71f2fa71737ad68a84fea94bc708ddac8ea5b0c4788dc2ad202f3ccb2887742f?s=96&d=wp_user_avatar&r=g\",\"contentUrl\":\"https:\\\/\\\/secure.gravatar.com\\\/avatar\\\/71f2fa71737ad68a84fea94bc708ddac8ea5b0c4788dc2ad202f3ccb2887742f?s=96&d=wp_user_avatar&r=g\",\"caption\":\"Reda\u00e7\u00e3o RP\"},\"url\":\"https:\\\/\\\/revistadospneus.com\\\/pt\\\/author\\\/rpredacao\\\/\"}]}<\/script>\n<!-- \/ Yoast SEO plugin. -->","yoast_head_json":{"title":"Valorpneu arranca com a 2\u00aa edi\u00e7\u00e3o do programa NextLap - Revista dos Pneus","robots":{"index":"index","follow":"follow","max-snippet":"max-snippet:-1","max-image-preview":"max-image-preview:large","max-video-preview":"max-video-preview:-1"},"canonical":"https:\/\/revistadospneus.com\/pt\/2022\/06\/03\/valorpneu-arranca-com-a-2a-edicao-do-programa-nextlap\/","og_locale":"pt_PT","og_type":"article","og_title":"Valorpneu arranca com a 2\u00aa edi\u00e7\u00e3o do programa NextLap - Revista dos Pneus","og_description":"A Valorpneu, em conjunto com a recicladora mundial dinamarquesa...","og_url":"https:\/\/revistadospneus.com\/pt\/2022\/06\/03\/valorpneu-arranca-com-a-2a-edicao-do-programa-nextlap\/","og_site_name":"Revista dos Pneus","article_publisher":"https:\/\/www.facebook.com\/revistapneus","article_published_time":"2022-06-03T11:00:10+00:00","article_modified_time":"2022-06-05T11:53:08+00:00","og_image":[{"width":1024,"height":581,"url":"https:\/\/revistadospneus.com\/pt\/wp-content\/uploads\/2022\/06\/Valorpneu-arranca-com-a-2a-edic\u0327a\u0303o.png","type":"image\/png"}],"author":"Reda\u00e7\u00e3o RP","twitter_card":"summary_large_image","twitter_creator":"@revistapneus","twitter_site":"@revistapneus","twitter_misc":{"Escrito por":"Reda\u00e7\u00e3o RP","Tempo estimado de leitura":"2 minutos"},"schema":{"@context":"https:\/\/schema.org","@graph":[{"@type":"Article","@id":"https:\/\/revistadospneus.com\/pt\/2022\/06\/03\/valorpneu-arranca-com-a-2a-edicao-do-programa-nextlap\/#article","isPartOf":{"@id":"https:\/\/revistadospneus.com\/pt\/2022\/06\/03\/valorpneu-arranca-com-a-2a-edicao-do-programa-nextlap\/"},"author":{"name":"Reda\u00e7\u00e3o RP","@id":"https:\/\/revistadospneus.com\/pt\/#\/schema\/person\/9c602809538a614c26e5569d14ed6442"},"headline":"Valorpneu arranca com a 2\u00aa edi\u00e7\u00e3o do programa NextLap","datePublished":"2022-06-03T11:00:10+00:00","dateModified":"2022-06-05T11:53:08+00:00","mainEntityOfPage":{"@id":"https:\/\/revistadospneus.com\/pt\/2022\/06\/03\/valorpneu-arranca-com-a-2a-edicao-do-programa-nextlap\/"},"wordCount":473,"publisher":{"@id":"https:\/\/revistadospneus.com\/pt\/#organization"},"image":{"@id":"https:\/\/revistadospneus.com\/pt\/2022\/06\/03\/valorpneu-arranca-com-a-2a-edicao-do-programa-nextlap\/#primaryimage"},"thumbnailUrl":"https:\/\/revistadospneus.com\/pt\/wp-content\/uploads\/2022\/06\/Valorpneu-arranca-com-a-2a-edic\u0327a\u0303o.png","keywords":["Valorpneu"],"articleSection":["Empresas"],"inLanguage":"pt-PT"},{"@type":"WebPage","@id":"https:\/\/revistadospneus.com\/pt\/2022\/06\/03\/valorpneu-arranca-com-a-2a-edicao-do-programa-nextlap\/","url":"https:\/\/revistadospneus.com\/pt\/2022\/06\/03\/valorpneu-arranca-com-a-2a-edicao-do-programa-nextlap\/","name":"Valorpneu arranca com a 2\u00aa edi\u00e7\u00e3o do programa NextLap - Revista dos Pneus","isPartOf":{"@id":"https:\/\/revistadospneus.com\/pt\/#website"},"primaryImageOfPage":{"@id":"https:\/\/revistadospneus.com\/pt\/2022\/06\/03\/valorpneu-arranca-com-a-2a-edicao-do-programa-nextlap\/#primaryimage"},"image":{"@id":"https:\/\/revistadospneus.com\/pt\/2022\/06\/03\/valorpneu-arranca-com-a-2a-edicao-do-programa-nextlap\/#primaryimage"},"thumbnailUrl":"https:\/\/revistadospneus.com\/pt\/wp-content\/uploads\/2022\/06\/Valorpneu-arranca-com-a-2a-edic\u0327a\u0303o.png","datePublished":"2022-06-03T11:00:10+00:00","dateModified":"2022-06-05T11:53:08+00:00","breadcrumb":{"@id":"https:\/\/revistadospneus.com\/pt\/2022\/06\/03\/valorpneu-arranca-com-a-2a-edicao-do-programa-nextlap\/#breadcrumb"},"inLanguage":"pt-PT","potentialAction":[{"@type":"ReadAction","target":["https:\/\/revistadospneus.com\/pt\/2022\/06\/03\/valorpneu-arranca-com-a-2a-edicao-do-programa-nextlap\/"]}]},{"@type":"ImageObject","inLanguage":"pt-PT","@id":"https:\/\/revistadospneus.com\/pt\/2022\/06\/03\/valorpneu-arranca-com-a-2a-edicao-do-programa-nextlap\/#primaryimage","url":"https:\/\/revistadospneus.com\/pt\/wp-content\/uploads\/2022\/06\/Valorpneu-arranca-com-a-2a-edic\u0327a\u0303o.png","contentUrl":"https:\/\/revistadospneus.com\/pt\/wp-content\/uploads\/2022\/06\/Valorpneu-arranca-com-a-2a-edic\u0327a\u0303o.png","width":1024,"height":581,"caption":"06 - Valorpneu arranca com a 2a edic\u0327a\u0303o"},{"@type":"BreadcrumbList","@id":"https:\/\/revistadospneus.com\/pt\/2022\/06\/03\/valorpneu-arranca-com-a-2a-edicao-do-programa-nextlap\/#breadcrumb","itemListElement":[{"@type":"ListItem","position":1,"name":"In\u00edcio","item":"https:\/\/revistadospneus.com\/pt\/"},{"@type":"ListItem","position":2,"name":"Valorpneu arranca com a 2\u00aa edi\u00e7\u00e3o do programa NextLap"}]},{"@type":"WebSite","@id":"https:\/\/revistadospneus.com\/pt\/#website","url":"https:\/\/revistadospneus.com\/pt\/","name":"Revista dos Pneus","description":"Revista independente de pneus e servi\u00e7os r\u00e1pidos","publisher":{"@id":"https:\/\/revistadospneus.com\/pt\/#organization"},"potentialAction":[{"@type":"SearchAction","target":{"@type":"EntryPoint","urlTemplate":"https:\/\/revistadospneus.com\/pt\/?s={search_term_string}"},"query-input":{"@type":"PropertyValueSpecification","valueRequired":true,"valueName":"search_term_string"}}],"inLanguage":"pt-PT"},{"@type":"Organization","@id":"https:\/\/revistadospneus.com\/pt\/#organization","name":"Revista dos Pneus","url":"https:\/\/revistadospneus.com\/pt\/","logo":{"@type":"ImageObject","inLanguage":"pt-PT","@id":"https:\/\/revistadospneus.com\/pt\/#\/schema\/logo\/image\/","url":"https:\/\/revistadospneus.com\/pt\/wp-content\/uploads\/logo2-1.png","contentUrl":"https:\/\/revistadospneus.com\/pt\/wp-content\/uploads\/logo2-1.png","width":216,"height":70,"caption":"Revista dos Pneus"},"image":{"@id":"https:\/\/revistadospneus.com\/pt\/#\/schema\/logo\/image\/"},"sameAs":["https:\/\/www.facebook.com\/revistapneus","https:\/\/x.com\/revistapneus","https:\/\/www.linkedin.com\/company\/jornal-das-oficinas\/","https:\/\/www.youtube.com\/channel\/UCbQZBqtcvV-oSQrr7RzINGg"]},{"@type":"Person","@id":"https:\/\/revistadospneus.com\/pt\/#\/schema\/person\/9c602809538a614c26e5569d14ed6442","name":"Reda\u00e7\u00e3o RP","image":{"@type":"ImageObject","inLanguage":"pt-PT","@id":"https:\/\/secure.gravatar.com\/avatar\/71f2fa71737ad68a84fea94bc708ddac8ea5b0c4788dc2ad202f3ccb2887742f?s=96&d=wp_user_avatar&r=g","url":"https:\/\/secure.gravatar.com\/avatar\/71f2fa71737ad68a84fea94bc708ddac8ea5b0c4788dc2ad202f3ccb2887742f?s=96&d=wp_user_avatar&r=g","contentUrl":"https:\/\/secure.gravatar.com\/avatar\/71f2fa71737ad68a84fea94bc708ddac8ea5b0c4788dc2ad202f3ccb2887742f?s=96&d=wp_user_avatar&r=g","caption":"Reda\u00e7\u00e3o RP"},"url":"https:\/\/revistadospneus.com\/pt\/author\/rpredacao\/"}]}},"_links":{"self":[{"href":"https:\/\/revistadospneus.com\/pt\/wp-json\/wp\/v2\/posts\/17261","targetHints":{"allow":["GET"]}}],"collection":[{"href":"https:\/\/revistadospneus.com\/pt\/wp-json\/wp\/v2\/posts"}],"about":[{"href":"https:\/\/revistadospneus.com\/pt\/wp-json\/wp\/v2\/types\/post"}],"author":[{"embeddable":true,"href":"https:\/\/revistadospneus.com\/pt\/wp-json\/wp\/v2\/users\/13"}],"replies":[{"embeddable":true,"href":"https:\/\/revistadospneus.com\/pt\/wp-json\/wp\/v2\/comments?post=17261"}],"version-history":[{"count":0,"href":"https:\/\/revistadospneus.com\/pt\/wp-json\/wp\/v2\/posts\/17261\/revisions"}],"wp:featuredmedia":[{"embeddable":true,"href":"https:\/\/revistadospneus.com\/pt\/wp-json\/wp\/v2\/media\/17262"}],"wp:attachment":[{"href":"https:\/\/revistadospneus.com\/pt\/wp-json\/wp\/v2\/media?parent=17261"}],"wp:term":[{"taxonomy":"category","embeddable":true,"href":"https:\/\/revistadospneus.com\/pt\/wp-json\/wp\/v2\/categories?post=17261"},{"taxonomy":"post_tag","embeddable":true,"href":"https:\/\/revistadospneus.com\/pt\/wp-json\/wp\/v2\/tags?post=17261"}],"curies":[{"name":"wp","href":"https:\/\/api.w.org\/{rel}","templated":true}]}}