{"id":17350,"date":"2022-06-13T16:00:46","date_gmt":"2022-06-13T15:00:46","guid":{"rendered":"https:\/\/revistadospneus.com\/pt\/?p=17350"},"modified":"2022-06-13T18:24:19","modified_gmt":"2022-06-13T17:24:19","slug":"continental-faz-se-a-estrada-com-nova-webserie","status":"publish","type":"post","link":"https:\/\/revistadospneus.com\/pt\/2022\/06\/13\/continental-faz-se-a-estrada-com-nova-webserie\/","title":{"rendered":"Continental faz-se \u00e0 estrada com nova webs\u00e9rie"},"content":{"rendered":"<p><strong><img loading=\"lazy\" decoding=\"async\" class=\"alignnone size-full wp-image-17339\" src=\"https:\/\/revistadospneus.com\/pt\/wp-content\/uploads\/2022\/06\/Continental-faz-se-a\u0300-estrada-com-nova-webse\u0301rie.jpg\" alt=\"06 - Continental faz se a\u0300 estrada com nova webse\u0301rie\" width=\"1024\" height=\"581\" srcset=\"https:\/\/revistadospneus.com\/pt\/wp-content\/uploads\/2022\/06\/Continental-faz-se-a\u0300-estrada-com-nova-webse\u0301rie.jpg 1024w, https:\/\/revistadospneus.com\/pt\/wp-content\/uploads\/2022\/06\/Continental-faz-se-a\u0300-estrada-com-nova-webse\u0301rie-300x170.jpg 300w, https:\/\/revistadospneus.com\/pt\/wp-content\/uploads\/2022\/06\/Continental-faz-se-a\u0300-estrada-com-nova-webse\u0301rie-150x85.jpg 150w, https:\/\/revistadospneus.com\/pt\/wp-content\/uploads\/2022\/06\/Continental-faz-se-a\u0300-estrada-com-nova-webse\u0301rie-768x436.jpg 768w\" sizes=\"auto, (max-width: 1024px) 100vw, 1024px\" \/><\/strong><\/p>\n<p><strong>A Legendary People + Ideas, em parceria com a Raz\u00e3o Autom\u00f3vel, desenvolveu uma nova webs\u00e9rie do canal perito no setor autom\u00f3vel, onde se comprova a seguran\u00e7a e efic\u00e1cia dos pneus <a href=\"https:\/\/www.continental-pneus.pt\/ligeiros\" target=\"_blank\" rel=\"noopener\">Continental<\/a>. Os 3 epis\u00f3dios, com desafios e pr\u00e9mios, nascem de uma ideia de criar um formato distinto de entretenimento<\/strong><\/p>\n<p>9 de junho de 2022 &#8211; &#8220;Hit The Road\u201d \u00e9 a nova s\u00e9rie da Continental em parceria com a Raz\u00e3o Autom\u00f3vel, pensada e criada pela Legendary. Em cada epis\u00f3dio exploram-se temas relacionados com o mundo autom\u00f3vel, assim como uma variedade de pneus premium da fabricante alem\u00e3, atrav\u00e9s de uma abordagem divertida e emocionante &#8211; que caracteriza o canal de Youtube l\u00edder de audi\u00eancias em Portugal.<\/p>\n<p>Num modelo semelhante ao dos programas de entretenimento brit\u00e2nico, Diogo Teixeira e Guilherme Costa fazem-se \u00e0 estrada para descobrir os segredos que Portugal esconde. Percorrem-se quil\u00f3metros, cumprem-se desafios e lan\u00e7am-se passatempos. Em cada epis\u00f3dio de &#8220;Hit The Road&#8221;, inicia-se um novo concurso, onde os utilizadores s\u00e3o convidados a partilhar uma frase criativa para se habilitarem a receber o conjunto de pneus mencionado no epis\u00f3dio ou um voucher para compra de pneus da Continental.<\/p>\n<p>O primeiro v\u00eddeo da s\u00e9rie desenhada pela ag\u00eancia de publicidade visa promover, sempre numa perspetiva de entretenimento, os pneus EcoContact 6Q da Continental. Com foco na performance, economia e efic\u00e1cia nos consumos, o epis\u00f3dio apresenta e testa &#8220;o pneu que precisa de menos&#8221;. O segundo v\u00eddeo do canal tem lan\u00e7amento marcado para junho.<\/p>\n<p>A rela\u00e7\u00e3o da Legendary People + Ideas com a Continental n\u00e3o \u00e9 de agora, tendo colaborado no \u00e2mbito de outras campanhas. O \u201cHit the Road\u201d assinala o desenvolvimento de um projeto idealizado e executado de raiz pela ag\u00eancia.<\/p>\n<p>Mais informa\u00e7\u00f5es sobre a Legendary <a href=\"http:\/\/legendary.pt\/\" target=\"_blank\" rel=\"noopener\">aqui<\/a>.<\/p>\n<!-- AddThis Advanced Settings generic via filter on the_content --><!-- AddThis Share Buttons generic via filter on the_content -->","protected":false},"excerpt":{"rendered":"<p>A Legendary People + Ideas, em parceria com a&#8230;<!-- AddThis Advanced Settings generic via filter on get_the_excerpt --><!-- AddThis Share Buttons generic via filter on get_the_excerpt --><\/p>\n","protected":false},"author":13,"featured_media":17339,"comment_status":"closed","ping_status":"closed","sticky":false,"template":"","format":"standard","meta":{"footnotes":""},"categories":[29],"tags":[58],"class_list":["post-17350","post","type-post","status-publish","format-standard","has-post-thumbnail","hentry","category-empresas","tag-continental"],"yoast_head":"<!-- This site is optimized with the Yoast SEO plugin v27.5 - https:\/\/yoast.com\/product\/yoast-seo-wordpress\/ -->\n<title>Continental faz-se \u00e0 estrada com nova webs\u00e9rie - Revista dos Pneus<\/title>\n<meta name=\"robots\" content=\"index, follow, max-snippet:-1, max-image-preview:large, max-video-preview:-1\" \/>\n<link rel=\"canonical\" href=\"https:\/\/revistadospneus.com\/pt\/2022\/06\/13\/continental-faz-se-a-estrada-com-nova-webserie\/\" \/>\n<meta property=\"og:locale\" content=\"pt_PT\" \/>\n<meta property=\"og:type\" content=\"article\" \/>\n<meta property=\"og:title\" content=\"Continental faz-se \u00e0 estrada com nova webs\u00e9rie - Revista dos Pneus\" \/>\n<meta property=\"og:description\" content=\"A Legendary People + Ideas, em parceria com a...\" \/>\n<meta property=\"og:url\" content=\"https:\/\/revistadospneus.com\/pt\/2022\/06\/13\/continental-faz-se-a-estrada-com-nova-webserie\/\" \/>\n<meta property=\"og:site_name\" content=\"Revista dos Pneus\" \/>\n<meta property=\"article:publisher\" content=\"https:\/\/www.facebook.com\/revistapneus\" \/>\n<meta property=\"article:published_time\" content=\"2022-06-13T15:00:46+00:00\" \/>\n<meta property=\"article:modified_time\" content=\"2022-06-13T17:24:19+00:00\" \/>\n<meta property=\"og:image\" content=\"https:\/\/revistadospneus.com\/pt\/wp-content\/uploads\/2022\/06\/Continental-faz-se-a\u0300-estrada-com-nova-webse\u0301rie.jpg\" \/>\n\t<meta property=\"og:image:width\" content=\"1024\" \/>\n\t<meta property=\"og:image:height\" content=\"581\" \/>\n\t<meta property=\"og:image:type\" content=\"image\/jpeg\" \/>\n<meta name=\"author\" content=\"Reda\u00e7\u00e3o RP\" \/>\n<meta name=\"twitter:card\" content=\"summary_large_image\" \/>\n<meta name=\"twitter:creator\" content=\"@revistapneus\" \/>\n<meta name=\"twitter:site\" content=\"@revistapneus\" \/>\n<meta name=\"twitter:label1\" content=\"Escrito por\" \/>\n\t<meta name=\"twitter:data1\" content=\"Reda\u00e7\u00e3o RP\" \/>\n\t<meta name=\"twitter:label2\" content=\"Tempo estimado de leitura\" \/>\n\t<meta name=\"twitter:data2\" content=\"2 minutos\" \/>\n<script type=\"application\/ld+json\" class=\"yoast-schema-graph\">{\"@context\":\"https:\\\/\\\/schema.org\",\"@graph\":[{\"@type\":\"Article\",\"@id\":\"https:\\\/\\\/revistadospneus.com\\\/pt\\\/2022\\\/06\\\/13\\\/continental-faz-se-a-estrada-com-nova-webserie\\\/#article\",\"isPartOf\":{\"@id\":\"https:\\\/\\\/revistadospneus.com\\\/pt\\\/2022\\\/06\\\/13\\\/continental-faz-se-a-estrada-com-nova-webserie\\\/\"},\"author\":{\"name\":\"Reda\u00e7\u00e3o RP\",\"@id\":\"https:\\\/\\\/revistadospneus.com\\\/pt\\\/#\\\/schema\\\/person\\\/9c602809538a614c26e5569d14ed6442\"},\"headline\":\"Continental faz-se \u00e0 estrada com nova webs\u00e9rie\",\"datePublished\":\"2022-06-13T15:00:46+00:00\",\"dateModified\":\"2022-06-13T17:24:19+00:00\",\"mainEntityOfPage\":{\"@id\":\"https:\\\/\\\/revistadospneus.com\\\/pt\\\/2022\\\/06\\\/13\\\/continental-faz-se-a-estrada-com-nova-webserie\\\/\"},\"wordCount\":316,\"publisher\":{\"@id\":\"https:\\\/\\\/revistadospneus.com\\\/pt\\\/#organization\"},\"image\":{\"@id\":\"https:\\\/\\\/revistadospneus.com\\\/pt\\\/2022\\\/06\\\/13\\\/continental-faz-se-a-estrada-com-nova-webserie\\\/#primaryimage\"},\"thumbnailUrl\":\"https:\\\/\\\/revistadospneus.com\\\/pt\\\/wp-content\\\/uploads\\\/2022\\\/06\\\/Continental-faz-se-a\u0300-estrada-com-nova-webse\u0301rie.jpg\",\"keywords\":[\"Continental\"],\"articleSection\":[\"Empresas\"],\"inLanguage\":\"pt-PT\"},{\"@type\":\"WebPage\",\"@id\":\"https:\\\/\\\/revistadospneus.com\\\/pt\\\/2022\\\/06\\\/13\\\/continental-faz-se-a-estrada-com-nova-webserie\\\/\",\"url\":\"https:\\\/\\\/revistadospneus.com\\\/pt\\\/2022\\\/06\\\/13\\\/continental-faz-se-a-estrada-com-nova-webserie\\\/\",\"name\":\"Continental faz-se \u00e0 estrada com nova webs\u00e9rie - Revista dos Pneus\",\"isPartOf\":{\"@id\":\"https:\\\/\\\/revistadospneus.com\\\/pt\\\/#website\"},\"primaryImageOfPage\":{\"@id\":\"https:\\\/\\\/revistadospneus.com\\\/pt\\\/2022\\\/06\\\/13\\\/continental-faz-se-a-estrada-com-nova-webserie\\\/#primaryimage\"},\"image\":{\"@id\":\"https:\\\/\\\/revistadospneus.com\\\/pt\\\/2022\\\/06\\\/13\\\/continental-faz-se-a-estrada-com-nova-webserie\\\/#primaryimage\"},\"thumbnailUrl\":\"https:\\\/\\\/revistadospneus.com\\\/pt\\\/wp-content\\\/uploads\\\/2022\\\/06\\\/Continental-faz-se-a\u0300-estrada-com-nova-webse\u0301rie.jpg\",\"datePublished\":\"2022-06-13T15:00:46+00:00\",\"dateModified\":\"2022-06-13T17:24:19+00:00\",\"breadcrumb\":{\"@id\":\"https:\\\/\\\/revistadospneus.com\\\/pt\\\/2022\\\/06\\\/13\\\/continental-faz-se-a-estrada-com-nova-webserie\\\/#breadcrumb\"},\"inLanguage\":\"pt-PT\",\"potentialAction\":[{\"@type\":\"ReadAction\",\"target\":[\"https:\\\/\\\/revistadospneus.com\\\/pt\\\/2022\\\/06\\\/13\\\/continental-faz-se-a-estrada-com-nova-webserie\\\/\"]}]},{\"@type\":\"ImageObject\",\"inLanguage\":\"pt-PT\",\"@id\":\"https:\\\/\\\/revistadospneus.com\\\/pt\\\/2022\\\/06\\\/13\\\/continental-faz-se-a-estrada-com-nova-webserie\\\/#primaryimage\",\"url\":\"https:\\\/\\\/revistadospneus.com\\\/pt\\\/wp-content\\\/uploads\\\/2022\\\/06\\\/Continental-faz-se-a\u0300-estrada-com-nova-webse\u0301rie.jpg\",\"contentUrl\":\"https:\\\/\\\/revistadospneus.com\\\/pt\\\/wp-content\\\/uploads\\\/2022\\\/06\\\/Continental-faz-se-a\u0300-estrada-com-nova-webse\u0301rie.jpg\",\"width\":1024,\"height\":581,\"caption\":\"06 - Continental faz se a\u0300 estrada com nova webse\u0301rie\"},{\"@type\":\"BreadcrumbList\",\"@id\":\"https:\\\/\\\/revistadospneus.com\\\/pt\\\/2022\\\/06\\\/13\\\/continental-faz-se-a-estrada-com-nova-webserie\\\/#breadcrumb\",\"itemListElement\":[{\"@type\":\"ListItem\",\"position\":1,\"name\":\"In\u00edcio\",\"item\":\"https:\\\/\\\/revistadospneus.com\\\/pt\\\/\"},{\"@type\":\"ListItem\",\"position\":2,\"name\":\"Continental faz-se \u00e0 estrada com nova webs\u00e9rie\"}]},{\"@type\":\"WebSite\",\"@id\":\"https:\\\/\\\/revistadospneus.com\\\/pt\\\/#website\",\"url\":\"https:\\\/\\\/revistadospneus.com\\\/pt\\\/\",\"name\":\"Revista dos Pneus\",\"description\":\"Revista independente de pneus e servi\u00e7os r\u00e1pidos\",\"publisher\":{\"@id\":\"https:\\\/\\\/revistadospneus.com\\\/pt\\\/#organization\"},\"potentialAction\":[{\"@type\":\"SearchAction\",\"target\":{\"@type\":\"EntryPoint\",\"urlTemplate\":\"https:\\\/\\\/revistadospneus.com\\\/pt\\\/?s={search_term_string}\"},\"query-input\":{\"@type\":\"PropertyValueSpecification\",\"valueRequired\":true,\"valueName\":\"search_term_string\"}}],\"inLanguage\":\"pt-PT\"},{\"@type\":\"Organization\",\"@id\":\"https:\\\/\\\/revistadospneus.com\\\/pt\\\/#organization\",\"name\":\"Revista dos Pneus\",\"url\":\"https:\\\/\\\/revistadospneus.com\\\/pt\\\/\",\"logo\":{\"@type\":\"ImageObject\",\"inLanguage\":\"pt-PT\",\"@id\":\"https:\\\/\\\/revistadospneus.com\\\/pt\\\/#\\\/schema\\\/logo\\\/image\\\/\",\"url\":\"https:\\\/\\\/revistadospneus.com\\\/pt\\\/wp-content\\\/uploads\\\/logo2-1.png\",\"contentUrl\":\"https:\\\/\\\/revistadospneus.com\\\/pt\\\/wp-content\\\/uploads\\\/logo2-1.png\",\"width\":216,\"height\":70,\"caption\":\"Revista dos Pneus\"},\"image\":{\"@id\":\"https:\\\/\\\/revistadospneus.com\\\/pt\\\/#\\\/schema\\\/logo\\\/image\\\/\"},\"sameAs\":[\"https:\\\/\\\/www.facebook.com\\\/revistapneus\",\"https:\\\/\\\/x.com\\\/revistapneus\",\"https:\\\/\\\/www.linkedin.com\\\/company\\\/jornal-das-oficinas\\\/\",\"https:\\\/\\\/www.youtube.com\\\/channel\\\/UCbQZBqtcvV-oSQrr7RzINGg\"]},{\"@type\":\"Person\",\"@id\":\"https:\\\/\\\/revistadospneus.com\\\/pt\\\/#\\\/schema\\\/person\\\/9c602809538a614c26e5569d14ed6442\",\"name\":\"Reda\u00e7\u00e3o RP\",\"image\":{\"@type\":\"ImageObject\",\"inLanguage\":\"pt-PT\",\"@id\":\"https:\\\/\\\/secure.gravatar.com\\\/avatar\\\/71f2fa71737ad68a84fea94bc708ddac8ea5b0c4788dc2ad202f3ccb2887742f?s=96&d=wp_user_avatar&r=g\",\"url\":\"https:\\\/\\\/secure.gravatar.com\\\/avatar\\\/71f2fa71737ad68a84fea94bc708ddac8ea5b0c4788dc2ad202f3ccb2887742f?s=96&d=wp_user_avatar&r=g\",\"contentUrl\":\"https:\\\/\\\/secure.gravatar.com\\\/avatar\\\/71f2fa71737ad68a84fea94bc708ddac8ea5b0c4788dc2ad202f3ccb2887742f?s=96&d=wp_user_avatar&r=g\",\"caption\":\"Reda\u00e7\u00e3o RP\"},\"url\":\"https:\\\/\\\/revistadospneus.com\\\/pt\\\/author\\\/rpredacao\\\/\"}]}<\/script>\n<!-- \/ Yoast SEO plugin. -->","yoast_head_json":{"title":"Continental faz-se \u00e0 estrada com nova webs\u00e9rie - Revista dos Pneus","robots":{"index":"index","follow":"follow","max-snippet":"max-snippet:-1","max-image-preview":"max-image-preview:large","max-video-preview":"max-video-preview:-1"},"canonical":"https:\/\/revistadospneus.com\/pt\/2022\/06\/13\/continental-faz-se-a-estrada-com-nova-webserie\/","og_locale":"pt_PT","og_type":"article","og_title":"Continental faz-se \u00e0 estrada com nova webs\u00e9rie - Revista dos Pneus","og_description":"A Legendary People + Ideas, em parceria com a...","og_url":"https:\/\/revistadospneus.com\/pt\/2022\/06\/13\/continental-faz-se-a-estrada-com-nova-webserie\/","og_site_name":"Revista dos Pneus","article_publisher":"https:\/\/www.facebook.com\/revistapneus","article_published_time":"2022-06-13T15:00:46+00:00","article_modified_time":"2022-06-13T17:24:19+00:00","og_image":[{"width":1024,"height":581,"url":"https:\/\/revistadospneus.com\/pt\/wp-content\/uploads\/2022\/06\/Continental-faz-se-a\u0300-estrada-com-nova-webse\u0301rie.jpg","type":"image\/jpeg"}],"author":"Reda\u00e7\u00e3o RP","twitter_card":"summary_large_image","twitter_creator":"@revistapneus","twitter_site":"@revistapneus","twitter_misc":{"Escrito por":"Reda\u00e7\u00e3o RP","Tempo estimado de leitura":"2 minutos"},"schema":{"@context":"https:\/\/schema.org","@graph":[{"@type":"Article","@id":"https:\/\/revistadospneus.com\/pt\/2022\/06\/13\/continental-faz-se-a-estrada-com-nova-webserie\/#article","isPartOf":{"@id":"https:\/\/revistadospneus.com\/pt\/2022\/06\/13\/continental-faz-se-a-estrada-com-nova-webserie\/"},"author":{"name":"Reda\u00e7\u00e3o RP","@id":"https:\/\/revistadospneus.com\/pt\/#\/schema\/person\/9c602809538a614c26e5569d14ed6442"},"headline":"Continental faz-se \u00e0 estrada com nova webs\u00e9rie","datePublished":"2022-06-13T15:00:46+00:00","dateModified":"2022-06-13T17:24:19+00:00","mainEntityOfPage":{"@id":"https:\/\/revistadospneus.com\/pt\/2022\/06\/13\/continental-faz-se-a-estrada-com-nova-webserie\/"},"wordCount":316,"publisher":{"@id":"https:\/\/revistadospneus.com\/pt\/#organization"},"image":{"@id":"https:\/\/revistadospneus.com\/pt\/2022\/06\/13\/continental-faz-se-a-estrada-com-nova-webserie\/#primaryimage"},"thumbnailUrl":"https:\/\/revistadospneus.com\/pt\/wp-content\/uploads\/2022\/06\/Continental-faz-se-a\u0300-estrada-com-nova-webse\u0301rie.jpg","keywords":["Continental"],"articleSection":["Empresas"],"inLanguage":"pt-PT"},{"@type":"WebPage","@id":"https:\/\/revistadospneus.com\/pt\/2022\/06\/13\/continental-faz-se-a-estrada-com-nova-webserie\/","url":"https:\/\/revistadospneus.com\/pt\/2022\/06\/13\/continental-faz-se-a-estrada-com-nova-webserie\/","name":"Continental faz-se \u00e0 estrada com nova webs\u00e9rie - Revista dos Pneus","isPartOf":{"@id":"https:\/\/revistadospneus.com\/pt\/#website"},"primaryImageOfPage":{"@id":"https:\/\/revistadospneus.com\/pt\/2022\/06\/13\/continental-faz-se-a-estrada-com-nova-webserie\/#primaryimage"},"image":{"@id":"https:\/\/revistadospneus.com\/pt\/2022\/06\/13\/continental-faz-se-a-estrada-com-nova-webserie\/#primaryimage"},"thumbnailUrl":"https:\/\/revistadospneus.com\/pt\/wp-content\/uploads\/2022\/06\/Continental-faz-se-a\u0300-estrada-com-nova-webse\u0301rie.jpg","datePublished":"2022-06-13T15:00:46+00:00","dateModified":"2022-06-13T17:24:19+00:00","breadcrumb":{"@id":"https:\/\/revistadospneus.com\/pt\/2022\/06\/13\/continental-faz-se-a-estrada-com-nova-webserie\/#breadcrumb"},"inLanguage":"pt-PT","potentialAction":[{"@type":"ReadAction","target":["https:\/\/revistadospneus.com\/pt\/2022\/06\/13\/continental-faz-se-a-estrada-com-nova-webserie\/"]}]},{"@type":"ImageObject","inLanguage":"pt-PT","@id":"https:\/\/revistadospneus.com\/pt\/2022\/06\/13\/continental-faz-se-a-estrada-com-nova-webserie\/#primaryimage","url":"https:\/\/revistadospneus.com\/pt\/wp-content\/uploads\/2022\/06\/Continental-faz-se-a\u0300-estrada-com-nova-webse\u0301rie.jpg","contentUrl":"https:\/\/revistadospneus.com\/pt\/wp-content\/uploads\/2022\/06\/Continental-faz-se-a\u0300-estrada-com-nova-webse\u0301rie.jpg","width":1024,"height":581,"caption":"06 - Continental faz se a\u0300 estrada com nova webse\u0301rie"},{"@type":"BreadcrumbList","@id":"https:\/\/revistadospneus.com\/pt\/2022\/06\/13\/continental-faz-se-a-estrada-com-nova-webserie\/#breadcrumb","itemListElement":[{"@type":"ListItem","position":1,"name":"In\u00edcio","item":"https:\/\/revistadospneus.com\/pt\/"},{"@type":"ListItem","position":2,"name":"Continental faz-se \u00e0 estrada com nova webs\u00e9rie"}]},{"@type":"WebSite","@id":"https:\/\/revistadospneus.com\/pt\/#website","url":"https:\/\/revistadospneus.com\/pt\/","name":"Revista dos Pneus","description":"Revista independente de pneus e servi\u00e7os r\u00e1pidos","publisher":{"@id":"https:\/\/revistadospneus.com\/pt\/#organization"},"potentialAction":[{"@type":"SearchAction","target":{"@type":"EntryPoint","urlTemplate":"https:\/\/revistadospneus.com\/pt\/?s={search_term_string}"},"query-input":{"@type":"PropertyValueSpecification","valueRequired":true,"valueName":"search_term_string"}}],"inLanguage":"pt-PT"},{"@type":"Organization","@id":"https:\/\/revistadospneus.com\/pt\/#organization","name":"Revista dos Pneus","url":"https:\/\/revistadospneus.com\/pt\/","logo":{"@type":"ImageObject","inLanguage":"pt-PT","@id":"https:\/\/revistadospneus.com\/pt\/#\/schema\/logo\/image\/","url":"https:\/\/revistadospneus.com\/pt\/wp-content\/uploads\/logo2-1.png","contentUrl":"https:\/\/revistadospneus.com\/pt\/wp-content\/uploads\/logo2-1.png","width":216,"height":70,"caption":"Revista dos Pneus"},"image":{"@id":"https:\/\/revistadospneus.com\/pt\/#\/schema\/logo\/image\/"},"sameAs":["https:\/\/www.facebook.com\/revistapneus","https:\/\/x.com\/revistapneus","https:\/\/www.linkedin.com\/company\/jornal-das-oficinas\/","https:\/\/www.youtube.com\/channel\/UCbQZBqtcvV-oSQrr7RzINGg"]},{"@type":"Person","@id":"https:\/\/revistadospneus.com\/pt\/#\/schema\/person\/9c602809538a614c26e5569d14ed6442","name":"Reda\u00e7\u00e3o RP","image":{"@type":"ImageObject","inLanguage":"pt-PT","@id":"https:\/\/secure.gravatar.com\/avatar\/71f2fa71737ad68a84fea94bc708ddac8ea5b0c4788dc2ad202f3ccb2887742f?s=96&d=wp_user_avatar&r=g","url":"https:\/\/secure.gravatar.com\/avatar\/71f2fa71737ad68a84fea94bc708ddac8ea5b0c4788dc2ad202f3ccb2887742f?s=96&d=wp_user_avatar&r=g","contentUrl":"https:\/\/secure.gravatar.com\/avatar\/71f2fa71737ad68a84fea94bc708ddac8ea5b0c4788dc2ad202f3ccb2887742f?s=96&d=wp_user_avatar&r=g","caption":"Reda\u00e7\u00e3o RP"},"url":"https:\/\/revistadospneus.com\/pt\/author\/rpredacao\/"}]}},"_links":{"self":[{"href":"https:\/\/revistadospneus.com\/pt\/wp-json\/wp\/v2\/posts\/17350","targetHints":{"allow":["GET"]}}],"collection":[{"href":"https:\/\/revistadospneus.com\/pt\/wp-json\/wp\/v2\/posts"}],"about":[{"href":"https:\/\/revistadospneus.com\/pt\/wp-json\/wp\/v2\/types\/post"}],"author":[{"embeddable":true,"href":"https:\/\/revistadospneus.com\/pt\/wp-json\/wp\/v2\/users\/13"}],"replies":[{"embeddable":true,"href":"https:\/\/revistadospneus.com\/pt\/wp-json\/wp\/v2\/comments?post=17350"}],"version-history":[{"count":0,"href":"https:\/\/revistadospneus.com\/pt\/wp-json\/wp\/v2\/posts\/17350\/revisions"}],"wp:featuredmedia":[{"embeddable":true,"href":"https:\/\/revistadospneus.com\/pt\/wp-json\/wp\/v2\/media\/17339"}],"wp:attachment":[{"href":"https:\/\/revistadospneus.com\/pt\/wp-json\/wp\/v2\/media?parent=17350"}],"wp:term":[{"taxonomy":"category","embeddable":true,"href":"https:\/\/revistadospneus.com\/pt\/wp-json\/wp\/v2\/categories?post=17350"},{"taxonomy":"post_tag","embeddable":true,"href":"https:\/\/revistadospneus.com\/pt\/wp-json\/wp\/v2\/tags?post=17350"}],"curies":[{"name":"wp","href":"https:\/\/api.w.org\/{rel}","templated":true}]}}