{"id":17541,"date":"2022-07-11T08:00:22","date_gmt":"2022-07-11T07:00:22","guid":{"rendered":"https:\/\/revistadospneus.com\/pt\/?p=17541"},"modified":"2022-07-11T08:11:32","modified_gmt":"2022-07-11T07:11:32","slug":"michelin-marcou-presenca-no-salao-nacional-do-transporte","status":"publish","type":"post","link":"https:\/\/revistadospneus.com\/pt\/2022\/07\/11\/michelin-marcou-presenca-no-salao-nacional-do-transporte\/","title":{"rendered":"Michelin marcou presen\u00e7a no Sal\u00e3o Nacional do Transporte"},"content":{"rendered":"<p><img loading=\"lazy\" decoding=\"async\" class=\"alignnone size-full wp-image-17524\" src=\"https:\/\/revistadospneus.com\/pt\/wp-content\/uploads\/2022\/07\/Michelin-marcou-presenc\u0327a-no-Sala\u0303o-Nacional-do-Transporte.jpg\" alt=\"07 - Michelin marcou presenc\u0327a no Sala\u0303o Nacional do Transporte\" width=\"1024\" height=\"581\" srcset=\"https:\/\/revistadospneus.com\/pt\/wp-content\/uploads\/2022\/07\/Michelin-marcou-presenc\u0327a-no-Sala\u0303o-Nacional-do-Transporte.jpg 1024w, https:\/\/revistadospneus.com\/pt\/wp-content\/uploads\/2022\/07\/Michelin-marcou-presenc\u0327a-no-Sala\u0303o-Nacional-do-Transporte-300x170.jpg 300w, https:\/\/revistadospneus.com\/pt\/wp-content\/uploads\/2022\/07\/Michelin-marcou-presenc\u0327a-no-Sala\u0303o-Nacional-do-Transporte-150x85.jpg 150w, https:\/\/revistadospneus.com\/pt\/wp-content\/uploads\/2022\/07\/Michelin-marcou-presenc\u0327a-no-Sala\u0303o-Nacional-do-Transporte-768x436.jpg 768w\" sizes=\"auto, (max-width: 1024px) 100vw, 1024px\" \/><\/p>\n<p><strong>A <a href=\"https:\/\/www.michelin.pt\/\" target=\"_blank\" rel=\"noopener\">Michelin<\/a> marcou presen\u00e7a no Sal\u00e3o Nacional do Transporte, cuja quinta edi\u00e7\u00e3o se realizou no Pavilh\u00e3o Expocentro de Pombal, de 1 a 3 de julho. A Michelin foi um dos protagonistas do certame, dedicado exclusivamente ao sector do transporte rodovi\u00e1rio de mercadorias<\/strong><\/p>\n<p>E o Sal\u00e3o Nacional do Transporte, ponto de encontro para conhecer as \u00faltimas novidades do sector, foi o cen\u00e1rio ideal para destacar a proximidade da Michelin com o utilizador final, o transportador. Os visitantes do certame puderam, ainda, descobrir no stand da Michelin a sua vasta gama de pneus e o seu modelo multividas.<\/p>\n<p><strong>Gama Michelin para o transporte de mercadorias<br \/>\n<\/strong>A Michelin oferece aos transportadores uma ampla gama de produtos, com um pneu para cada necessidade, os quais favorecem a redu\u00e7\u00e3o de custos e ajudam a preservar os recursos do planeta. Um transporte mais eficiente e sustent\u00e1vel, para o qual os pneus Michelin aportam carater\u00edsticas t\u00e3o diferentes quanto indispens\u00e1veis para os transportadores: seguran\u00e7a na estrada, poupan\u00e7a de combust\u00edvel, comportamento, robustez, redu\u00e7\u00e3o do impacto ambiental e longevidade.<\/p>\n<p>Os pneus que a Michelin exibiu no seu stand no Sal\u00e3o Nacional do Transporte:<\/p>\n<ul>\n<li>GAMA X LINE ENERGY: pneus que oferecem a maior poupan\u00e7a de combust\u00edvel ao transportador, podendo percorrer uma maior dist\u00e2ncia com um consumo menor;<\/li>\n<\/ul>\n<ul>\n<li>GAMA X MULTI ENERGY: efici\u00eancia energ\u00e9tica com um elevado rendimento quilom\u00e9trico;<\/li>\n<\/ul>\n<ul>\n<li>GAMA X MULTI: Maior dura\u00e7\u00e3o e superior mobilidade em todas as condi\u00e7\u00f5es climat\u00e9ricas;<\/li>\n<\/ul>\n<ul>\n<li>GAMA AGILIS: pneus para ve\u00edculos comerciais ligeiros e furg\u00f5es, que combinam uma excelente seguran\u00e7a e dura\u00e7\u00e3o com a m\u00e1xima efici\u00eancia;<\/li>\n<\/ul>\n<p><strong>Modelo multividas:<\/strong><\/p>\n<ul>\n<li>Pneus REMIX: com a recauchutagem de Michelin, reduz-se a pegada ambiental e \u00e9 maximizada a rentabilidade do neg\u00f3cio;<\/li>\n<li>Pneus reescultur\u00e1veis: desde a etapa do design, o pneu Michelin \u00e9 concebido para utilizar at\u00e9 aos \u00faltimos mil\u00edmetros de borracha, o que oferece ao transportador um adicional de quilometragem, com o menor consumo de combust\u00edvel, e com um extra de seguran\u00e7a.<\/li>\n<\/ul>\n<div class=\"wonderplugingallery-container\" id=\"wonderplugingallery-container-102\" style=\"max-width:960px;margin:0 auto;\"><div class=\"wonderplugingallery\" id=\"wonderplugingallery-102\" data-galleryid=\"102\" data-width=\"960\" data-height=\"540\" data-skin=\"gallery\" data-playsinline=\"false\" data-mutevideo=\"false\" data-random=\"false\" data-autoslide=\"false\" data-autoplayvideo=\"false\" data-schemamarkup=\"false\" data-stopallplaying=\"false\" data-reloadonvideoend=\"false\" data-donotuseposter=\"false\" data-enabletabindex=\"false\" data-loadnextonvideoend=\"false\" data-hidetitlewhenvideoisplaying=\"false\" data-disablehovereventontouch=\"false\" data-autoslideandplayafterfirstplayed=\"false\" data-html5player=\"true\" data-responsive=\"true\" data-fullwidth=\"false\" data-showtitle=\"true\" data-showdescription=\"true\" data-showplaybutton=\"true\" data-showfullscreenbutton=\"true\" data-showtimer=\"true\" data-showcarousel=\"true\" data-galleryshadow=\"false\" data-slideshadow=\"true\" data-thumbshowtitle=\"false\" data-thumbshowimage=\"true\" data-thumbshadow=\"true\" data-lightboxshowtitle=\"true\" data-lightboxshowdescription=\"true\" data-specifyid=\"true\" data-donotinit=\"false\" data-addinitscript=\"false\" data-triggerresize=\"false\" data-thumbcolumnsresponsive=\"false\" data-thumbverticalmiddle=\"true\" data-removeinlinecss=\"true\" data-switchonmouseover=\"false\" data-showcategory=\"true\" data-showimgtitle=\"false\" data-titlesmallscreen=\"false\" data-initsocial=\"true\" data-showsocial=\"false\" data-showemail=\"false\" data-showfacebook=\"true\" data-showtwitter=\"true\" data-showpinterest=\"true\" data-socialrotateeffect=\"true\" data-doshortcodeontext=\"false\" data-loop=\"0\" data-duration=\"1500\" data-slideduration=\"1000\" data-slideshowinterval=\"6000\" data-googleanalyticsaccount=\"\" data-resizemode=\"fill\" data-imagetoolboxmode=\"mouseover\" data-effect=\"fade\" data-padding=\"12\" data-bgcolor=\"\" data-bgimage=\"\" data-thumbwidth=\"120\" data-thumbheight=\"60\" data-thumbgap=\"8\" data-thumbrowgap=\"16\" data-lightboxtextheight=\"72\" data-lightboxtitlecss=\"{color:#333333; font:bold 12px Arial,Helvetica,sans-serif; overflow:hidden; white-space:normal; line-height:18px;}\" data-lightboxdescriptioncss=\"{color:#333333; font:normal 12px Arial,Helvetica,sans-serif; overflow:hidden; white-space:normal; line-height:14px;}\" data-titlecss=\"{color:#ffffff; font-size:14px; font-family:Armata, sans-serif, Arial; overflow:hidden; text-align:left; padding:10px 0px 10px 10px; background:rgb(102, 102, 102) transparent; background:rgba(102, 102, 102, 0.6);}\" data-descriptioncss=\"{color:#ffffff; font-size:13px; font-family:Armata, sans-serif, Arial; overflow:hidden; text-align:left; padding:0px 0px 10px 10px; background:rgb(102, 102, 102) transparent; background:rgba(102, 102, 102, 0.6);}\" data-titleheight=\"72\" data-titlesmallscreenwidth=\"640\" data-titleheightsmallscreen=\"148\" data-socialmode=\"mouseover\" data-socialposition=\"position:absolute;top:8px;right:8px;\" data-socialpositionlightbox=\"position:absolute;top:8px;right:8px;\" data-socialdirection=\"horizontal\" data-socialbuttonsize=\"32\" data-socialbuttonfontsize=\"18\" data-defaultvideovolume=\"1\" data-thumbtitleheight=\"24\" data-thumbmediumtitleheight=\"48\" data-thumbsmalltitleheight=\"72\" data-categoryheight=\"48\" data-categorydefault=\"all\" data-triggerresizedelay=\"100\" data-thumbmediumsize=\"800\" data-thumbsmallsize=\"480\" data-thumbmediumwidth=\"64\" data-thumbmediumheight=\"64\" data-thumbsmallwidth=\"48\" data-thumbsmallheight=\"48\" data-imgtitle=\"title\" data-categorystyle=\"dropdown\" data-categorylist=\"[{&quot;slug&quot;:&quot;all&quot;,&quot;caption&quot;:&quot;Show All&quot;}]\" data-jsfolder=\"https:\/\/revistadospneus.com\/pt\/wp-content\/plugins\/wonderplugin-gallery\/engine\/\" style=\"display:none;\" ><a class=\"html5galleryimglink\" href=\"https:\/\/revistadospneus.com\/pt\/wp-content\/uploads\/2022\/07\/Michelin-Sala\u0303o-Nacional-Transporte\/20220701_174825.jpg\" data-mediatype=1><img decoding=\"async\" class=\"html5galleryimg html5gallery-tn-image\" src=\"https:\/\/revistadospneus.com\/pt\/wp-content\/uploads\/2022\/07\/Michelin-Sala\u0303o-Nacional-Transporte\/20220701_174825.jpg\" alt=\"\"><\/a><div class=\"html5gallery-info\"><\/div><a class=\"html5galleryimglink\" href=\"https:\/\/revistadospneus.com\/pt\/wp-content\/uploads\/2022\/07\/Michelin-Sala\u0303o-Nacional-Transporte\/20220701_185057.jpg\" data-mediatype=1><img decoding=\"async\" class=\"html5galleryimg html5gallery-tn-image\" src=\"https:\/\/revistadospneus.com\/pt\/wp-content\/uploads\/2022\/07\/Michelin-Sala\u0303o-Nacional-Transporte\/20220701_185057.jpg\" alt=\"\"><\/a><div class=\"html5gallery-info\"><\/div><a class=\"html5galleryimglink\" href=\"https:\/\/revistadospneus.com\/pt\/wp-content\/uploads\/2022\/07\/Michelin-Sala\u0303o-Nacional-Transporte\/20220701_185149.jpg\" data-mediatype=1><img decoding=\"async\" class=\"html5galleryimg html5gallery-tn-image\" src=\"https:\/\/revistadospneus.com\/pt\/wp-content\/uploads\/2022\/07\/Michelin-Sala\u0303o-Nacional-Transporte\/20220701_185149.jpg\" alt=\"\"><\/a><div class=\"html5gallery-info\"><\/div><a class=\"html5galleryimglink\" href=\"https:\/\/revistadospneus.com\/pt\/wp-content\/uploads\/2022\/07\/Michelin-Sala\u0303o-Nacional-Transporte\/20220701_185157.jpg\" data-mediatype=1><img decoding=\"async\" class=\"html5galleryimg html5gallery-tn-image\" src=\"https:\/\/revistadospneus.com\/pt\/wp-content\/uploads\/2022\/07\/Michelin-Sala\u0303o-Nacional-Transporte\/20220701_185157.jpg\" alt=\"\"><\/a><div class=\"html5gallery-info\"><\/div><a class=\"html5galleryimglink\" href=\"https:\/\/revistadospneus.com\/pt\/wp-content\/uploads\/2022\/07\/Michelin-Sala\u0303o-Nacional-Transporte\/20220701_191958.jpg\" data-mediatype=1><img decoding=\"async\" class=\"html5galleryimg html5gallery-tn-image\" src=\"https:\/\/revistadospneus.com\/pt\/wp-content\/uploads\/2022\/07\/Michelin-Sala\u0303o-Nacional-Transporte\/20220701_191958.jpg\" alt=\"\"><\/a><div class=\"html5gallery-info\"><\/div><a class=\"html5galleryimglink\" href=\"https:\/\/revistadospneus.com\/pt\/wp-content\/uploads\/2022\/07\/Michelin-Sala\u0303o-Nacional-Transporte\/20220701_192113.jpg\" data-mediatype=1><img decoding=\"async\" class=\"html5galleryimg html5gallery-tn-image\" src=\"https:\/\/revistadospneus.com\/pt\/wp-content\/uploads\/2022\/07\/Michelin-Sala\u0303o-Nacional-Transporte\/20220701_192113.jpg\" alt=\"\"><\/a><div class=\"html5gallery-info\"><\/div><a class=\"html5galleryimglink\" href=\"https:\/\/revistadospneus.com\/pt\/wp-content\/uploads\/2022\/07\/Michelin-Sala\u0303o-Nacional-Transporte\/20220701_192127.jpg\" data-mediatype=1><img decoding=\"async\" class=\"html5galleryimg html5gallery-tn-image\" src=\"https:\/\/revistadospneus.com\/pt\/wp-content\/uploads\/2022\/07\/Michelin-Sala\u0303o-Nacional-Transporte\/20220701_192127.jpg\" alt=\"\"><\/a><div class=\"html5gallery-info\"><\/div><a class=\"html5galleryimglink\" href=\"https:\/\/revistadospneus.com\/pt\/wp-content\/uploads\/2022\/07\/Michelin-Sala\u0303o-Nacional-Transporte\/20220701_192340.jpg\" data-mediatype=1><img decoding=\"async\" class=\"html5galleryimg html5gallery-tn-image\" src=\"https:\/\/revistadospneus.com\/pt\/wp-content\/uploads\/2022\/07\/Michelin-Sala\u0303o-Nacional-Transporte\/20220701_192340.jpg\" alt=\"\"><\/a><div class=\"html5gallery-info\"><\/div><\/div><\/div><script>function wondergallery_102_appendcss(csscode) {var head=document.head || document.getElementsByTagName(\"head\")[0];var style=document.createElement(\"style\");head.appendChild(style);style.type=\"text\/css\";if (style.styleSheet){style.styleSheet.cssText=csscode;} else {style.appendChild(document.createTextNode(csscode));}};wondergallery_102_appendcss(\"#wonderplugingallery-102 .html5gallery-cat-selection-102 { \tbox-sizing: border-box; \ttext-align: center; }  #wonderplugingallery-102 .html5gallery-cat-selection-102 select { \tbox-sizing: border-box; \tmargin: 4px auto; }\");<\/script>\n<p>&nbsp;<\/p>\n<p>&nbsp;<\/p>\n<p>&nbsp;<\/p>\n<!-- AddThis Advanced Settings generic via filter on the_content --><!-- AddThis Share Buttons generic via filter on the_content -->","protected":false},"excerpt":{"rendered":"<p>A Michelin marcou presen\u00e7a no Sal\u00e3o Nacional do Transporte,&#8230;<!-- AddThis Advanced Settings generic via filter on get_the_excerpt --><!-- AddThis Share Buttons generic via filter on get_the_excerpt --><\/p>\n","protected":false},"author":13,"featured_media":17524,"comment_status":"closed","ping_status":"closed","sticky":false,"template":"","format":"standard","meta":{"footnotes":""},"categories":[29],"tags":[48],"class_list":["post-17541","post","type-post","status-publish","format-standard","has-post-thumbnail","hentry","category-empresas","tag-michelin"],"yoast_head":"<!-- This site is optimized with the Yoast SEO plugin v27.5 - https:\/\/yoast.com\/product\/yoast-seo-wordpress\/ -->\n<title>Michelin marcou presen\u00e7a no Sal\u00e3o Nacional do Transporte - Revista dos Pneus<\/title>\n<meta name=\"robots\" content=\"index, follow, max-snippet:-1, max-image-preview:large, max-video-preview:-1\" \/>\n<link rel=\"canonical\" href=\"https:\/\/revistadospneus.com\/pt\/2022\/07\/11\/michelin-marcou-presenca-no-salao-nacional-do-transporte\/\" \/>\n<meta property=\"og:locale\" content=\"pt_PT\" \/>\n<meta property=\"og:type\" content=\"article\" \/>\n<meta property=\"og:title\" content=\"Michelin marcou presen\u00e7a no Sal\u00e3o Nacional do Transporte - Revista dos Pneus\" \/>\n<meta property=\"og:description\" content=\"A Michelin marcou presen\u00e7a no Sal\u00e3o Nacional do Transporte,...\" \/>\n<meta property=\"og:url\" content=\"https:\/\/revistadospneus.com\/pt\/2022\/07\/11\/michelin-marcou-presenca-no-salao-nacional-do-transporte\/\" \/>\n<meta property=\"og:site_name\" content=\"Revista dos Pneus\" \/>\n<meta property=\"article:publisher\" content=\"https:\/\/www.facebook.com\/revistapneus\" \/>\n<meta property=\"article:published_time\" content=\"2022-07-11T07:00:22+00:00\" \/>\n<meta property=\"article:modified_time\" content=\"2022-07-11T07:11:32+00:00\" \/>\n<meta property=\"og:image\" content=\"https:\/\/revistadospneus.com\/pt\/wp-content\/uploads\/2022\/07\/Michelin-marcou-presenc\u0327a-no-Sala\u0303o-Nacional-do-Transporte.jpg\" \/>\n\t<meta property=\"og:image:width\" content=\"1024\" \/>\n\t<meta property=\"og:image:height\" content=\"581\" \/>\n\t<meta property=\"og:image:type\" content=\"image\/jpeg\" \/>\n<meta name=\"author\" content=\"Reda\u00e7\u00e3o RP\" \/>\n<meta name=\"twitter:card\" content=\"summary_large_image\" \/>\n<meta name=\"twitter:creator\" content=\"@revistapneus\" \/>\n<meta name=\"twitter:site\" content=\"@revistapneus\" \/>\n<meta name=\"twitter:label1\" content=\"Escrito por\" \/>\n\t<meta name=\"twitter:data1\" content=\"Reda\u00e7\u00e3o RP\" \/>\n\t<meta name=\"twitter:label2\" content=\"Tempo estimado de leitura\" \/>\n\t<meta name=\"twitter:data2\" content=\"2 minutos\" \/>\n<script type=\"application\/ld+json\" class=\"yoast-schema-graph\">{\"@context\":\"https:\\\/\\\/schema.org\",\"@graph\":[{\"@type\":\"Article\",\"@id\":\"https:\\\/\\\/revistadospneus.com\\\/pt\\\/2022\\\/07\\\/11\\\/michelin-marcou-presenca-no-salao-nacional-do-transporte\\\/#article\",\"isPartOf\":{\"@id\":\"https:\\\/\\\/revistadospneus.com\\\/pt\\\/2022\\\/07\\\/11\\\/michelin-marcou-presenca-no-salao-nacional-do-transporte\\\/\"},\"author\":{\"name\":\"Reda\u00e7\u00e3o RP\",\"@id\":\"https:\\\/\\\/revistadospneus.com\\\/pt\\\/#\\\/schema\\\/person\\\/9c602809538a614c26e5569d14ed6442\"},\"headline\":\"Michelin marcou presen\u00e7a no Sal\u00e3o Nacional do Transporte\",\"datePublished\":\"2022-07-11T07:00:22+00:00\",\"dateModified\":\"2022-07-11T07:11:32+00:00\",\"mainEntityOfPage\":{\"@id\":\"https:\\\/\\\/revistadospneus.com\\\/pt\\\/2022\\\/07\\\/11\\\/michelin-marcou-presenca-no-salao-nacional-do-transporte\\\/\"},\"wordCount\":360,\"publisher\":{\"@id\":\"https:\\\/\\\/revistadospneus.com\\\/pt\\\/#organization\"},\"image\":{\"@id\":\"https:\\\/\\\/revistadospneus.com\\\/pt\\\/2022\\\/07\\\/11\\\/michelin-marcou-presenca-no-salao-nacional-do-transporte\\\/#primaryimage\"},\"thumbnailUrl\":\"https:\\\/\\\/revistadospneus.com\\\/pt\\\/wp-content\\\/uploads\\\/2022\\\/07\\\/Michelin-marcou-presenc\u0327a-no-Sala\u0303o-Nacional-do-Transporte.jpg\",\"keywords\":[\"Michelin\"],\"articleSection\":[\"Empresas\"],\"inLanguage\":\"pt-PT\"},{\"@type\":\"WebPage\",\"@id\":\"https:\\\/\\\/revistadospneus.com\\\/pt\\\/2022\\\/07\\\/11\\\/michelin-marcou-presenca-no-salao-nacional-do-transporte\\\/\",\"url\":\"https:\\\/\\\/revistadospneus.com\\\/pt\\\/2022\\\/07\\\/11\\\/michelin-marcou-presenca-no-salao-nacional-do-transporte\\\/\",\"name\":\"Michelin marcou presen\u00e7a no Sal\u00e3o Nacional do Transporte - Revista dos Pneus\",\"isPartOf\":{\"@id\":\"https:\\\/\\\/revistadospneus.com\\\/pt\\\/#website\"},\"primaryImageOfPage\":{\"@id\":\"https:\\\/\\\/revistadospneus.com\\\/pt\\\/2022\\\/07\\\/11\\\/michelin-marcou-presenca-no-salao-nacional-do-transporte\\\/#primaryimage\"},\"image\":{\"@id\":\"https:\\\/\\\/revistadospneus.com\\\/pt\\\/2022\\\/07\\\/11\\\/michelin-marcou-presenca-no-salao-nacional-do-transporte\\\/#primaryimage\"},\"thumbnailUrl\":\"https:\\\/\\\/revistadospneus.com\\\/pt\\\/wp-content\\\/uploads\\\/2022\\\/07\\\/Michelin-marcou-presenc\u0327a-no-Sala\u0303o-Nacional-do-Transporte.jpg\",\"datePublished\":\"2022-07-11T07:00:22+00:00\",\"dateModified\":\"2022-07-11T07:11:32+00:00\",\"breadcrumb\":{\"@id\":\"https:\\\/\\\/revistadospneus.com\\\/pt\\\/2022\\\/07\\\/11\\\/michelin-marcou-presenca-no-salao-nacional-do-transporte\\\/#breadcrumb\"},\"inLanguage\":\"pt-PT\",\"potentialAction\":[{\"@type\":\"ReadAction\",\"target\":[\"https:\\\/\\\/revistadospneus.com\\\/pt\\\/2022\\\/07\\\/11\\\/michelin-marcou-presenca-no-salao-nacional-do-transporte\\\/\"]}]},{\"@type\":\"ImageObject\",\"inLanguage\":\"pt-PT\",\"@id\":\"https:\\\/\\\/revistadospneus.com\\\/pt\\\/2022\\\/07\\\/11\\\/michelin-marcou-presenca-no-salao-nacional-do-transporte\\\/#primaryimage\",\"url\":\"https:\\\/\\\/revistadospneus.com\\\/pt\\\/wp-content\\\/uploads\\\/2022\\\/07\\\/Michelin-marcou-presenc\u0327a-no-Sala\u0303o-Nacional-do-Transporte.jpg\",\"contentUrl\":\"https:\\\/\\\/revistadospneus.com\\\/pt\\\/wp-content\\\/uploads\\\/2022\\\/07\\\/Michelin-marcou-presenc\u0327a-no-Sala\u0303o-Nacional-do-Transporte.jpg\",\"width\":1024,\"height\":581,\"caption\":\"07 - Michelin marcou presenc\u0327a no Sala\u0303o Nacional do Transporte\"},{\"@type\":\"BreadcrumbList\",\"@id\":\"https:\\\/\\\/revistadospneus.com\\\/pt\\\/2022\\\/07\\\/11\\\/michelin-marcou-presenca-no-salao-nacional-do-transporte\\\/#breadcrumb\",\"itemListElement\":[{\"@type\":\"ListItem\",\"position\":1,\"name\":\"In\u00edcio\",\"item\":\"https:\\\/\\\/revistadospneus.com\\\/pt\\\/\"},{\"@type\":\"ListItem\",\"position\":2,\"name\":\"Michelin marcou presen\u00e7a no Sal\u00e3o Nacional do Transporte\"}]},{\"@type\":\"WebSite\",\"@id\":\"https:\\\/\\\/revistadospneus.com\\\/pt\\\/#website\",\"url\":\"https:\\\/\\\/revistadospneus.com\\\/pt\\\/\",\"name\":\"Revista dos Pneus\",\"description\":\"Revista independente de pneus e servi\u00e7os r\u00e1pidos\",\"publisher\":{\"@id\":\"https:\\\/\\\/revistadospneus.com\\\/pt\\\/#organization\"},\"potentialAction\":[{\"@type\":\"SearchAction\",\"target\":{\"@type\":\"EntryPoint\",\"urlTemplate\":\"https:\\\/\\\/revistadospneus.com\\\/pt\\\/?s={search_term_string}\"},\"query-input\":{\"@type\":\"PropertyValueSpecification\",\"valueRequired\":true,\"valueName\":\"search_term_string\"}}],\"inLanguage\":\"pt-PT\"},{\"@type\":\"Organization\",\"@id\":\"https:\\\/\\\/revistadospneus.com\\\/pt\\\/#organization\",\"name\":\"Revista dos Pneus\",\"url\":\"https:\\\/\\\/revistadospneus.com\\\/pt\\\/\",\"logo\":{\"@type\":\"ImageObject\",\"inLanguage\":\"pt-PT\",\"@id\":\"https:\\\/\\\/revistadospneus.com\\\/pt\\\/#\\\/schema\\\/logo\\\/image\\\/\",\"url\":\"https:\\\/\\\/revistadospneus.com\\\/pt\\\/wp-content\\\/uploads\\\/logo2-1.png\",\"contentUrl\":\"https:\\\/\\\/revistadospneus.com\\\/pt\\\/wp-content\\\/uploads\\\/logo2-1.png\",\"width\":216,\"height\":70,\"caption\":\"Revista dos Pneus\"},\"image\":{\"@id\":\"https:\\\/\\\/revistadospneus.com\\\/pt\\\/#\\\/schema\\\/logo\\\/image\\\/\"},\"sameAs\":[\"https:\\\/\\\/www.facebook.com\\\/revistapneus\",\"https:\\\/\\\/x.com\\\/revistapneus\",\"https:\\\/\\\/www.linkedin.com\\\/company\\\/jornal-das-oficinas\\\/\",\"https:\\\/\\\/www.youtube.com\\\/channel\\\/UCbQZBqtcvV-oSQrr7RzINGg\"]},{\"@type\":\"Person\",\"@id\":\"https:\\\/\\\/revistadospneus.com\\\/pt\\\/#\\\/schema\\\/person\\\/9c602809538a614c26e5569d14ed6442\",\"name\":\"Reda\u00e7\u00e3o RP\",\"image\":{\"@type\":\"ImageObject\",\"inLanguage\":\"pt-PT\",\"@id\":\"https:\\\/\\\/secure.gravatar.com\\\/avatar\\\/71f2fa71737ad68a84fea94bc708ddac8ea5b0c4788dc2ad202f3ccb2887742f?s=96&d=wp_user_avatar&r=g\",\"url\":\"https:\\\/\\\/secure.gravatar.com\\\/avatar\\\/71f2fa71737ad68a84fea94bc708ddac8ea5b0c4788dc2ad202f3ccb2887742f?s=96&d=wp_user_avatar&r=g\",\"contentUrl\":\"https:\\\/\\\/secure.gravatar.com\\\/avatar\\\/71f2fa71737ad68a84fea94bc708ddac8ea5b0c4788dc2ad202f3ccb2887742f?s=96&d=wp_user_avatar&r=g\",\"caption\":\"Reda\u00e7\u00e3o RP\"},\"url\":\"https:\\\/\\\/revistadospneus.com\\\/pt\\\/author\\\/rpredacao\\\/\"}]}<\/script>\n<!-- \/ Yoast SEO plugin. -->","yoast_head_json":{"title":"Michelin marcou presen\u00e7a no Sal\u00e3o Nacional do Transporte - Revista dos Pneus","robots":{"index":"index","follow":"follow","max-snippet":"max-snippet:-1","max-image-preview":"max-image-preview:large","max-video-preview":"max-video-preview:-1"},"canonical":"https:\/\/revistadospneus.com\/pt\/2022\/07\/11\/michelin-marcou-presenca-no-salao-nacional-do-transporte\/","og_locale":"pt_PT","og_type":"article","og_title":"Michelin marcou presen\u00e7a no Sal\u00e3o Nacional do Transporte - Revista dos Pneus","og_description":"A Michelin marcou presen\u00e7a no Sal\u00e3o Nacional do Transporte,...","og_url":"https:\/\/revistadospneus.com\/pt\/2022\/07\/11\/michelin-marcou-presenca-no-salao-nacional-do-transporte\/","og_site_name":"Revista dos Pneus","article_publisher":"https:\/\/www.facebook.com\/revistapneus","article_published_time":"2022-07-11T07:00:22+00:00","article_modified_time":"2022-07-11T07:11:32+00:00","og_image":[{"width":1024,"height":581,"url":"https:\/\/revistadospneus.com\/pt\/wp-content\/uploads\/2022\/07\/Michelin-marcou-presenc\u0327a-no-Sala\u0303o-Nacional-do-Transporte.jpg","type":"image\/jpeg"}],"author":"Reda\u00e7\u00e3o RP","twitter_card":"summary_large_image","twitter_creator":"@revistapneus","twitter_site":"@revistapneus","twitter_misc":{"Escrito por":"Reda\u00e7\u00e3o RP","Tempo estimado de leitura":"2 minutos"},"schema":{"@context":"https:\/\/schema.org","@graph":[{"@type":"Article","@id":"https:\/\/revistadospneus.com\/pt\/2022\/07\/11\/michelin-marcou-presenca-no-salao-nacional-do-transporte\/#article","isPartOf":{"@id":"https:\/\/revistadospneus.com\/pt\/2022\/07\/11\/michelin-marcou-presenca-no-salao-nacional-do-transporte\/"},"author":{"name":"Reda\u00e7\u00e3o RP","@id":"https:\/\/revistadospneus.com\/pt\/#\/schema\/person\/9c602809538a614c26e5569d14ed6442"},"headline":"Michelin marcou presen\u00e7a no Sal\u00e3o Nacional do Transporte","datePublished":"2022-07-11T07:00:22+00:00","dateModified":"2022-07-11T07:11:32+00:00","mainEntityOfPage":{"@id":"https:\/\/revistadospneus.com\/pt\/2022\/07\/11\/michelin-marcou-presenca-no-salao-nacional-do-transporte\/"},"wordCount":360,"publisher":{"@id":"https:\/\/revistadospneus.com\/pt\/#organization"},"image":{"@id":"https:\/\/revistadospneus.com\/pt\/2022\/07\/11\/michelin-marcou-presenca-no-salao-nacional-do-transporte\/#primaryimage"},"thumbnailUrl":"https:\/\/revistadospneus.com\/pt\/wp-content\/uploads\/2022\/07\/Michelin-marcou-presenc\u0327a-no-Sala\u0303o-Nacional-do-Transporte.jpg","keywords":["Michelin"],"articleSection":["Empresas"],"inLanguage":"pt-PT"},{"@type":"WebPage","@id":"https:\/\/revistadospneus.com\/pt\/2022\/07\/11\/michelin-marcou-presenca-no-salao-nacional-do-transporte\/","url":"https:\/\/revistadospneus.com\/pt\/2022\/07\/11\/michelin-marcou-presenca-no-salao-nacional-do-transporte\/","name":"Michelin marcou presen\u00e7a no Sal\u00e3o Nacional do Transporte - Revista dos Pneus","isPartOf":{"@id":"https:\/\/revistadospneus.com\/pt\/#website"},"primaryImageOfPage":{"@id":"https:\/\/revistadospneus.com\/pt\/2022\/07\/11\/michelin-marcou-presenca-no-salao-nacional-do-transporte\/#primaryimage"},"image":{"@id":"https:\/\/revistadospneus.com\/pt\/2022\/07\/11\/michelin-marcou-presenca-no-salao-nacional-do-transporte\/#primaryimage"},"thumbnailUrl":"https:\/\/revistadospneus.com\/pt\/wp-content\/uploads\/2022\/07\/Michelin-marcou-presenc\u0327a-no-Sala\u0303o-Nacional-do-Transporte.jpg","datePublished":"2022-07-11T07:00:22+00:00","dateModified":"2022-07-11T07:11:32+00:00","breadcrumb":{"@id":"https:\/\/revistadospneus.com\/pt\/2022\/07\/11\/michelin-marcou-presenca-no-salao-nacional-do-transporte\/#breadcrumb"},"inLanguage":"pt-PT","potentialAction":[{"@type":"ReadAction","target":["https:\/\/revistadospneus.com\/pt\/2022\/07\/11\/michelin-marcou-presenca-no-salao-nacional-do-transporte\/"]}]},{"@type":"ImageObject","inLanguage":"pt-PT","@id":"https:\/\/revistadospneus.com\/pt\/2022\/07\/11\/michelin-marcou-presenca-no-salao-nacional-do-transporte\/#primaryimage","url":"https:\/\/revistadospneus.com\/pt\/wp-content\/uploads\/2022\/07\/Michelin-marcou-presenc\u0327a-no-Sala\u0303o-Nacional-do-Transporte.jpg","contentUrl":"https:\/\/revistadospneus.com\/pt\/wp-content\/uploads\/2022\/07\/Michelin-marcou-presenc\u0327a-no-Sala\u0303o-Nacional-do-Transporte.jpg","width":1024,"height":581,"caption":"07 - Michelin marcou presenc\u0327a no Sala\u0303o Nacional do Transporte"},{"@type":"BreadcrumbList","@id":"https:\/\/revistadospneus.com\/pt\/2022\/07\/11\/michelin-marcou-presenca-no-salao-nacional-do-transporte\/#breadcrumb","itemListElement":[{"@type":"ListItem","position":1,"name":"In\u00edcio","item":"https:\/\/revistadospneus.com\/pt\/"},{"@type":"ListItem","position":2,"name":"Michelin marcou presen\u00e7a no Sal\u00e3o Nacional do Transporte"}]},{"@type":"WebSite","@id":"https:\/\/revistadospneus.com\/pt\/#website","url":"https:\/\/revistadospneus.com\/pt\/","name":"Revista dos Pneus","description":"Revista independente de pneus e servi\u00e7os r\u00e1pidos","publisher":{"@id":"https:\/\/revistadospneus.com\/pt\/#organization"},"potentialAction":[{"@type":"SearchAction","target":{"@type":"EntryPoint","urlTemplate":"https:\/\/revistadospneus.com\/pt\/?s={search_term_string}"},"query-input":{"@type":"PropertyValueSpecification","valueRequired":true,"valueName":"search_term_string"}}],"inLanguage":"pt-PT"},{"@type":"Organization","@id":"https:\/\/revistadospneus.com\/pt\/#organization","name":"Revista dos Pneus","url":"https:\/\/revistadospneus.com\/pt\/","logo":{"@type":"ImageObject","inLanguage":"pt-PT","@id":"https:\/\/revistadospneus.com\/pt\/#\/schema\/logo\/image\/","url":"https:\/\/revistadospneus.com\/pt\/wp-content\/uploads\/logo2-1.png","contentUrl":"https:\/\/revistadospneus.com\/pt\/wp-content\/uploads\/logo2-1.png","width":216,"height":70,"caption":"Revista dos Pneus"},"image":{"@id":"https:\/\/revistadospneus.com\/pt\/#\/schema\/logo\/image\/"},"sameAs":["https:\/\/www.facebook.com\/revistapneus","https:\/\/x.com\/revistapneus","https:\/\/www.linkedin.com\/company\/jornal-das-oficinas\/","https:\/\/www.youtube.com\/channel\/UCbQZBqtcvV-oSQrr7RzINGg"]},{"@type":"Person","@id":"https:\/\/revistadospneus.com\/pt\/#\/schema\/person\/9c602809538a614c26e5569d14ed6442","name":"Reda\u00e7\u00e3o RP","image":{"@type":"ImageObject","inLanguage":"pt-PT","@id":"https:\/\/secure.gravatar.com\/avatar\/71f2fa71737ad68a84fea94bc708ddac8ea5b0c4788dc2ad202f3ccb2887742f?s=96&d=wp_user_avatar&r=g","url":"https:\/\/secure.gravatar.com\/avatar\/71f2fa71737ad68a84fea94bc708ddac8ea5b0c4788dc2ad202f3ccb2887742f?s=96&d=wp_user_avatar&r=g","contentUrl":"https:\/\/secure.gravatar.com\/avatar\/71f2fa71737ad68a84fea94bc708ddac8ea5b0c4788dc2ad202f3ccb2887742f?s=96&d=wp_user_avatar&r=g","caption":"Reda\u00e7\u00e3o RP"},"url":"https:\/\/revistadospneus.com\/pt\/author\/rpredacao\/"}]}},"_links":{"self":[{"href":"https:\/\/revistadospneus.com\/pt\/wp-json\/wp\/v2\/posts\/17541","targetHints":{"allow":["GET"]}}],"collection":[{"href":"https:\/\/revistadospneus.com\/pt\/wp-json\/wp\/v2\/posts"}],"about":[{"href":"https:\/\/revistadospneus.com\/pt\/wp-json\/wp\/v2\/types\/post"}],"author":[{"embeddable":true,"href":"https:\/\/revistadospneus.com\/pt\/wp-json\/wp\/v2\/users\/13"}],"replies":[{"embeddable":true,"href":"https:\/\/revistadospneus.com\/pt\/wp-json\/wp\/v2\/comments?post=17541"}],"version-history":[{"count":0,"href":"https:\/\/revistadospneus.com\/pt\/wp-json\/wp\/v2\/posts\/17541\/revisions"}],"wp:featuredmedia":[{"embeddable":true,"href":"https:\/\/revistadospneus.com\/pt\/wp-json\/wp\/v2\/media\/17524"}],"wp:attachment":[{"href":"https:\/\/revistadospneus.com\/pt\/wp-json\/wp\/v2\/media?parent=17541"}],"wp:term":[{"taxonomy":"category","embeddable":true,"href":"https:\/\/revistadospneus.com\/pt\/wp-json\/wp\/v2\/categories?post=17541"},{"taxonomy":"post_tag","embeddable":true,"href":"https:\/\/revistadospneus.com\/pt\/wp-json\/wp\/v2\/tags?post=17541"}],"curies":[{"name":"wp","href":"https:\/\/api.w.org\/{rel}","templated":true}]}}