{"id":17563,"date":"2022-07-12T14:00:09","date_gmt":"2022-07-12T13:00:09","guid":{"rendered":"https:\/\/revistadospneus.com\/pt\/?p=17563"},"modified":"2022-07-11T17:53:52","modified_gmt":"2022-07-11T16:53:52","slug":"faro-beja-e-lisboa-santarem-na-mira-da-valorpneu","status":"publish","type":"post","link":"https:\/\/revistadospneus.com\/pt\/2022\/07\/12\/faro-beja-e-lisboa-santarem-na-mira-da-valorpneu\/","title":{"rendered":"Faro, Beja e Lisboa\/Santar\u00e9m na mira da Valorpneu"},"content":{"rendered":"<p><strong><img loading=\"lazy\" decoding=\"async\" class=\"alignnone size-full wp-image-17553\" src=\"https:\/\/revistadospneus.com\/pt\/wp-content\/uploads\/2022\/07\/Faro-Beja-e-LisboaSantare\u0301m-na-mira-da-Valorpneu.png\" alt=\"07 - Faro Beja e LisboaSantare\u0301m na mira da Valorpneu\" width=\"1024\" height=\"581\" srcset=\"https:\/\/revistadospneus.com\/pt\/wp-content\/uploads\/2022\/07\/Faro-Beja-e-LisboaSantare\u0301m-na-mira-da-Valorpneu.png 1024w, https:\/\/revistadospneus.com\/pt\/wp-content\/uploads\/2022\/07\/Faro-Beja-e-LisboaSantare\u0301m-na-mira-da-Valorpneu-300x170.png 300w, https:\/\/revistadospneus.com\/pt\/wp-content\/uploads\/2022\/07\/Faro-Beja-e-LisboaSantare\u0301m-na-mira-da-Valorpneu-150x85.png 150w, https:\/\/revistadospneus.com\/pt\/wp-content\/uploads\/2022\/07\/Faro-Beja-e-LisboaSantare\u0301m-na-mira-da-Valorpneu-768x436.png 768w\" sizes=\"auto, (max-width: 1024px) 100vw, 1024px\" \/><\/strong><\/p>\n<p><strong>Faro, Beja e Lisboa\/Santar\u00e9m s\u00e3o os distritos alvos da <a href=\"https:\/\/www.valorpneu.pt\/\" target=\"_blank\" rel=\"noopener\">Valorpneu<\/a> para abertura de novos Centros de Rede de Recolha, para substitui\u00e7\u00e3o de alguns dos atuais operadores que ir\u00e3o deixar a sua atividade nesta \u00e1rea<\/strong><\/p>\n<p>Para suprimir esta lacuna, a Valorpneu acabou de lan\u00e7ar um concurso publicado no site da Valorpneu, com o an\u00fancio e o programa do concurso e os anexos a este programa que incluem as normas e crit\u00e9rios de sele\u00e7\u00e3o, o manual de normas e procedimentos de centros da rede de recolha e as minutas dos contratos. A rece\u00e7\u00e3o de candidaturas termina no final do m\u00eas de agosto.<\/p>\n<p>A concurso s\u00e3o admitidos Centros de Rece\u00e7\u00e3o, operadores licenciados para a armazenagem de pneus usados e Centros de Recolha, operadores n\u00e3o licenciados, mas que cumprem as \u201cNormas e Procedimentos para Centros de Recolha\u201d publicadas no site da APA no final do passado m\u00eas de abril.<\/p>\n<p>As \u201cNormas e Procedimentos para Centros de Recolha\u201d vieram dar resposta ao n.\u00ba 4 artigo 35.\u00ba do novo Regime Geral de Gest\u00e3o de Res\u00edduos, no qual foi clarificada a separa\u00e7\u00e3o entre as atividades de recolha de res\u00edduos e as atividades de tratamento de res\u00edduos, com obriga\u00e7\u00f5es distintas para cada uma:<\/p>\n<ul>\n<li>o tratamento de res\u00edduos s\u00f3 pode ser efetuado por operadores de tratamento autorizados;<\/li>\n<li>a recolha de res\u00edduos n\u00e3o carece de licenciamento, mas os recolhedores devem efetuar registo e declarar dados anualmente no Sistema Integrado de Registo Eletr\u00f3nico de Res\u00edduos (SIRER) bem como cumprir as normas t\u00e9cnicas a estabelecer pela ANR atendendo a crit\u00e9rios de qualidade t\u00e9cnica e efici\u00eancia, a publicar no seu s\u00edtio da Internet.<\/li>\n<\/ul>\n<p>Com novos Centros de Rede de Recolha nos distritos sinalizados, a Valorneu tem como objetivo assegurar a presta\u00e7\u00e3o de um servi\u00e7o eficaz e de qualidade da rede do SGPU em todo o territ\u00f3rio nacional. Segundo a Valorpneu torna-se necess\u00e1rio manter uma din\u00e2mica de gest\u00e3o que integre novos Centros de Rede de Recolha pelo pa\u00eds, locais onde os detentores de pneus usados (oficinas, retalhistas de pneus e outras entidades) possam depositar os pneus que retomam dos seus clientes.<\/p>\n<p>Atualmente, a rede de recolha da Valorpneu \u00e9 constitu\u00edda por 44 Centros da Rede de Recolha no Continente, 8 na R.A. dos A\u00e7ores e 1 na R.A. da Madeira.<\/p>\n<p>Toda a documenta\u00e7\u00e3o pode ser consultada em www.valorpneu.pt e o prazo para apresenta\u00e7\u00e3o das propostas termina a 31 de agosto de 2022.<\/p>\n<p>Para mais esclarecimentos, os interessados devem dirigir-se \u00e0 Valorpneu atrav\u00e9s do <a href=\"mailto:valorpneu@valorpneu.pt\" target=\"_blank\" rel=\"noopener\">endere\u00e7o de email.<\/a><\/p>\n<!-- AddThis Advanced Settings generic via filter on the_content --><!-- AddThis Share Buttons generic via filter on the_content -->","protected":false},"excerpt":{"rendered":"<p>Faro, Beja e Lisboa\/Santar\u00e9m s\u00e3o os distritos alvos da&#8230;<!-- AddThis Advanced Settings generic via filter on get_the_excerpt --><!-- AddThis Share Buttons generic via filter on get_the_excerpt --><\/p>\n","protected":false},"author":13,"featured_media":17553,"comment_status":"closed","ping_status":"closed","sticky":false,"template":"","format":"standard","meta":{"footnotes":""},"categories":[37],"tags":[943],"class_list":["post-17563","post","type-post","status-publish","format-standard","has-post-thumbnail","hentry","category-mercado","tag-valorpneu"],"yoast_head":"<!-- This site is optimized with the Yoast SEO plugin v27.5 - https:\/\/yoast.com\/product\/yoast-seo-wordpress\/ -->\n<title>Faro, Beja e Lisboa\/Santar\u00e9m na mira da Valorpneu - Revista dos Pneus<\/title>\n<meta name=\"robots\" content=\"index, follow, max-snippet:-1, max-image-preview:large, max-video-preview:-1\" \/>\n<link rel=\"canonical\" href=\"https:\/\/revistadospneus.com\/pt\/2022\/07\/12\/faro-beja-e-lisboa-santarem-na-mira-da-valorpneu\/\" \/>\n<meta property=\"og:locale\" content=\"pt_PT\" \/>\n<meta property=\"og:type\" content=\"article\" \/>\n<meta property=\"og:title\" content=\"Faro, Beja e Lisboa\/Santar\u00e9m na mira da Valorpneu - Revista dos Pneus\" \/>\n<meta property=\"og:description\" content=\"Faro, Beja e Lisboa\/Santar\u00e9m s\u00e3o os distritos alvos da...\" \/>\n<meta property=\"og:url\" content=\"https:\/\/revistadospneus.com\/pt\/2022\/07\/12\/faro-beja-e-lisboa-santarem-na-mira-da-valorpneu\/\" \/>\n<meta property=\"og:site_name\" content=\"Revista dos Pneus\" \/>\n<meta property=\"article:publisher\" content=\"https:\/\/www.facebook.com\/revistapneus\" \/>\n<meta property=\"article:published_time\" content=\"2022-07-12T13:00:09+00:00\" \/>\n<meta property=\"og:image\" content=\"https:\/\/revistadospneus.com\/pt\/wp-content\/uploads\/2022\/07\/Faro-Beja-e-LisboaSantare\u0301m-na-mira-da-Valorpneu.png\" \/>\n\t<meta property=\"og:image:width\" content=\"1024\" \/>\n\t<meta property=\"og:image:height\" content=\"581\" \/>\n\t<meta property=\"og:image:type\" content=\"image\/png\" \/>\n<meta name=\"author\" content=\"Reda\u00e7\u00e3o RP\" \/>\n<meta name=\"twitter:card\" content=\"summary_large_image\" \/>\n<meta name=\"twitter:creator\" content=\"@revistapneus\" \/>\n<meta name=\"twitter:site\" content=\"@revistapneus\" \/>\n<meta name=\"twitter:label1\" content=\"Escrito por\" \/>\n\t<meta name=\"twitter:data1\" content=\"Reda\u00e7\u00e3o RP\" \/>\n\t<meta name=\"twitter:label2\" content=\"Tempo estimado de leitura\" \/>\n\t<meta name=\"twitter:data2\" content=\"2 minutos\" \/>\n<script type=\"application\/ld+json\" class=\"yoast-schema-graph\">{\"@context\":\"https:\\\/\\\/schema.org\",\"@graph\":[{\"@type\":\"Article\",\"@id\":\"https:\\\/\\\/revistadospneus.com\\\/pt\\\/2022\\\/07\\\/12\\\/faro-beja-e-lisboa-santarem-na-mira-da-valorpneu\\\/#article\",\"isPartOf\":{\"@id\":\"https:\\\/\\\/revistadospneus.com\\\/pt\\\/2022\\\/07\\\/12\\\/faro-beja-e-lisboa-santarem-na-mira-da-valorpneu\\\/\"},\"author\":{\"name\":\"Reda\u00e7\u00e3o RP\",\"@id\":\"https:\\\/\\\/revistadospneus.com\\\/pt\\\/#\\\/schema\\\/person\\\/9c602809538a614c26e5569d14ed6442\"},\"headline\":\"Faro, Beja e Lisboa\\\/Santar\u00e9m na mira da Valorpneu\",\"datePublished\":\"2022-07-12T13:00:09+00:00\",\"mainEntityOfPage\":{\"@id\":\"https:\\\/\\\/revistadospneus.com\\\/pt\\\/2022\\\/07\\\/12\\\/faro-beja-e-lisboa-santarem-na-mira-da-valorpneu\\\/\"},\"wordCount\":451,\"publisher\":{\"@id\":\"https:\\\/\\\/revistadospneus.com\\\/pt\\\/#organization\"},\"image\":{\"@id\":\"https:\\\/\\\/revistadospneus.com\\\/pt\\\/2022\\\/07\\\/12\\\/faro-beja-e-lisboa-santarem-na-mira-da-valorpneu\\\/#primaryimage\"},\"thumbnailUrl\":\"https:\\\/\\\/revistadospneus.com\\\/pt\\\/wp-content\\\/uploads\\\/2022\\\/07\\\/Faro-Beja-e-LisboaSantare\u0301m-na-mira-da-Valorpneu.png\",\"keywords\":[\"Valorpneu\"],\"articleSection\":[\"Mercado\"],\"inLanguage\":\"pt-PT\"},{\"@type\":\"WebPage\",\"@id\":\"https:\\\/\\\/revistadospneus.com\\\/pt\\\/2022\\\/07\\\/12\\\/faro-beja-e-lisboa-santarem-na-mira-da-valorpneu\\\/\",\"url\":\"https:\\\/\\\/revistadospneus.com\\\/pt\\\/2022\\\/07\\\/12\\\/faro-beja-e-lisboa-santarem-na-mira-da-valorpneu\\\/\",\"name\":\"Faro, Beja e Lisboa\\\/Santar\u00e9m na mira da Valorpneu - Revista dos Pneus\",\"isPartOf\":{\"@id\":\"https:\\\/\\\/revistadospneus.com\\\/pt\\\/#website\"},\"primaryImageOfPage\":{\"@id\":\"https:\\\/\\\/revistadospneus.com\\\/pt\\\/2022\\\/07\\\/12\\\/faro-beja-e-lisboa-santarem-na-mira-da-valorpneu\\\/#primaryimage\"},\"image\":{\"@id\":\"https:\\\/\\\/revistadospneus.com\\\/pt\\\/2022\\\/07\\\/12\\\/faro-beja-e-lisboa-santarem-na-mira-da-valorpneu\\\/#primaryimage\"},\"thumbnailUrl\":\"https:\\\/\\\/revistadospneus.com\\\/pt\\\/wp-content\\\/uploads\\\/2022\\\/07\\\/Faro-Beja-e-LisboaSantare\u0301m-na-mira-da-Valorpneu.png\",\"datePublished\":\"2022-07-12T13:00:09+00:00\",\"breadcrumb\":{\"@id\":\"https:\\\/\\\/revistadospneus.com\\\/pt\\\/2022\\\/07\\\/12\\\/faro-beja-e-lisboa-santarem-na-mira-da-valorpneu\\\/#breadcrumb\"},\"inLanguage\":\"pt-PT\",\"potentialAction\":[{\"@type\":\"ReadAction\",\"target\":[\"https:\\\/\\\/revistadospneus.com\\\/pt\\\/2022\\\/07\\\/12\\\/faro-beja-e-lisboa-santarem-na-mira-da-valorpneu\\\/\"]}]},{\"@type\":\"ImageObject\",\"inLanguage\":\"pt-PT\",\"@id\":\"https:\\\/\\\/revistadospneus.com\\\/pt\\\/2022\\\/07\\\/12\\\/faro-beja-e-lisboa-santarem-na-mira-da-valorpneu\\\/#primaryimage\",\"url\":\"https:\\\/\\\/revistadospneus.com\\\/pt\\\/wp-content\\\/uploads\\\/2022\\\/07\\\/Faro-Beja-e-LisboaSantare\u0301m-na-mira-da-Valorpneu.png\",\"contentUrl\":\"https:\\\/\\\/revistadospneus.com\\\/pt\\\/wp-content\\\/uploads\\\/2022\\\/07\\\/Faro-Beja-e-LisboaSantare\u0301m-na-mira-da-Valorpneu.png\",\"width\":1024,\"height\":581,\"caption\":\"07 - Faro Beja e LisboaSantare\u0301m na mira da Valorpneu\"},{\"@type\":\"BreadcrumbList\",\"@id\":\"https:\\\/\\\/revistadospneus.com\\\/pt\\\/2022\\\/07\\\/12\\\/faro-beja-e-lisboa-santarem-na-mira-da-valorpneu\\\/#breadcrumb\",\"itemListElement\":[{\"@type\":\"ListItem\",\"position\":1,\"name\":\"In\u00edcio\",\"item\":\"https:\\\/\\\/revistadospneus.com\\\/pt\\\/\"},{\"@type\":\"ListItem\",\"position\":2,\"name\":\"Faro, Beja e Lisboa\\\/Santar\u00e9m na mira da Valorpneu\"}]},{\"@type\":\"WebSite\",\"@id\":\"https:\\\/\\\/revistadospneus.com\\\/pt\\\/#website\",\"url\":\"https:\\\/\\\/revistadospneus.com\\\/pt\\\/\",\"name\":\"Revista dos Pneus\",\"description\":\"Revista independente de pneus e servi\u00e7os r\u00e1pidos\",\"publisher\":{\"@id\":\"https:\\\/\\\/revistadospneus.com\\\/pt\\\/#organization\"},\"potentialAction\":[{\"@type\":\"SearchAction\",\"target\":{\"@type\":\"EntryPoint\",\"urlTemplate\":\"https:\\\/\\\/revistadospneus.com\\\/pt\\\/?s={search_term_string}\"},\"query-input\":{\"@type\":\"PropertyValueSpecification\",\"valueRequired\":true,\"valueName\":\"search_term_string\"}}],\"inLanguage\":\"pt-PT\"},{\"@type\":\"Organization\",\"@id\":\"https:\\\/\\\/revistadospneus.com\\\/pt\\\/#organization\",\"name\":\"Revista dos Pneus\",\"url\":\"https:\\\/\\\/revistadospneus.com\\\/pt\\\/\",\"logo\":{\"@type\":\"ImageObject\",\"inLanguage\":\"pt-PT\",\"@id\":\"https:\\\/\\\/revistadospneus.com\\\/pt\\\/#\\\/schema\\\/logo\\\/image\\\/\",\"url\":\"https:\\\/\\\/revistadospneus.com\\\/pt\\\/wp-content\\\/uploads\\\/logo2-1.png\",\"contentUrl\":\"https:\\\/\\\/revistadospneus.com\\\/pt\\\/wp-content\\\/uploads\\\/logo2-1.png\",\"width\":216,\"height\":70,\"caption\":\"Revista dos Pneus\"},\"image\":{\"@id\":\"https:\\\/\\\/revistadospneus.com\\\/pt\\\/#\\\/schema\\\/logo\\\/image\\\/\"},\"sameAs\":[\"https:\\\/\\\/www.facebook.com\\\/revistapneus\",\"https:\\\/\\\/x.com\\\/revistapneus\",\"https:\\\/\\\/www.linkedin.com\\\/company\\\/jornal-das-oficinas\\\/\",\"https:\\\/\\\/www.youtube.com\\\/channel\\\/UCbQZBqtcvV-oSQrr7RzINGg\"]},{\"@type\":\"Person\",\"@id\":\"https:\\\/\\\/revistadospneus.com\\\/pt\\\/#\\\/schema\\\/person\\\/9c602809538a614c26e5569d14ed6442\",\"name\":\"Reda\u00e7\u00e3o RP\",\"image\":{\"@type\":\"ImageObject\",\"inLanguage\":\"pt-PT\",\"@id\":\"https:\\\/\\\/secure.gravatar.com\\\/avatar\\\/71f2fa71737ad68a84fea94bc708ddac8ea5b0c4788dc2ad202f3ccb2887742f?s=96&d=wp_user_avatar&r=g\",\"url\":\"https:\\\/\\\/secure.gravatar.com\\\/avatar\\\/71f2fa71737ad68a84fea94bc708ddac8ea5b0c4788dc2ad202f3ccb2887742f?s=96&d=wp_user_avatar&r=g\",\"contentUrl\":\"https:\\\/\\\/secure.gravatar.com\\\/avatar\\\/71f2fa71737ad68a84fea94bc708ddac8ea5b0c4788dc2ad202f3ccb2887742f?s=96&d=wp_user_avatar&r=g\",\"caption\":\"Reda\u00e7\u00e3o RP\"},\"url\":\"https:\\\/\\\/revistadospneus.com\\\/pt\\\/author\\\/rpredacao\\\/\"}]}<\/script>\n<!-- \/ Yoast SEO plugin. -->","yoast_head_json":{"title":"Faro, Beja e Lisboa\/Santar\u00e9m na mira da Valorpneu - Revista dos Pneus","robots":{"index":"index","follow":"follow","max-snippet":"max-snippet:-1","max-image-preview":"max-image-preview:large","max-video-preview":"max-video-preview:-1"},"canonical":"https:\/\/revistadospneus.com\/pt\/2022\/07\/12\/faro-beja-e-lisboa-santarem-na-mira-da-valorpneu\/","og_locale":"pt_PT","og_type":"article","og_title":"Faro, Beja e Lisboa\/Santar\u00e9m na mira da Valorpneu - Revista dos Pneus","og_description":"Faro, Beja e Lisboa\/Santar\u00e9m s\u00e3o os distritos alvos da...","og_url":"https:\/\/revistadospneus.com\/pt\/2022\/07\/12\/faro-beja-e-lisboa-santarem-na-mira-da-valorpneu\/","og_site_name":"Revista dos Pneus","article_publisher":"https:\/\/www.facebook.com\/revistapneus","article_published_time":"2022-07-12T13:00:09+00:00","og_image":[{"width":1024,"height":581,"url":"https:\/\/revistadospneus.com\/pt\/wp-content\/uploads\/2022\/07\/Faro-Beja-e-LisboaSantare\u0301m-na-mira-da-Valorpneu.png","type":"image\/png"}],"author":"Reda\u00e7\u00e3o RP","twitter_card":"summary_large_image","twitter_creator":"@revistapneus","twitter_site":"@revistapneus","twitter_misc":{"Escrito por":"Reda\u00e7\u00e3o RP","Tempo estimado de leitura":"2 minutos"},"schema":{"@context":"https:\/\/schema.org","@graph":[{"@type":"Article","@id":"https:\/\/revistadospneus.com\/pt\/2022\/07\/12\/faro-beja-e-lisboa-santarem-na-mira-da-valorpneu\/#article","isPartOf":{"@id":"https:\/\/revistadospneus.com\/pt\/2022\/07\/12\/faro-beja-e-lisboa-santarem-na-mira-da-valorpneu\/"},"author":{"name":"Reda\u00e7\u00e3o RP","@id":"https:\/\/revistadospneus.com\/pt\/#\/schema\/person\/9c602809538a614c26e5569d14ed6442"},"headline":"Faro, Beja e Lisboa\/Santar\u00e9m na mira da Valorpneu","datePublished":"2022-07-12T13:00:09+00:00","mainEntityOfPage":{"@id":"https:\/\/revistadospneus.com\/pt\/2022\/07\/12\/faro-beja-e-lisboa-santarem-na-mira-da-valorpneu\/"},"wordCount":451,"publisher":{"@id":"https:\/\/revistadospneus.com\/pt\/#organization"},"image":{"@id":"https:\/\/revistadospneus.com\/pt\/2022\/07\/12\/faro-beja-e-lisboa-santarem-na-mira-da-valorpneu\/#primaryimage"},"thumbnailUrl":"https:\/\/revistadospneus.com\/pt\/wp-content\/uploads\/2022\/07\/Faro-Beja-e-LisboaSantare\u0301m-na-mira-da-Valorpneu.png","keywords":["Valorpneu"],"articleSection":["Mercado"],"inLanguage":"pt-PT"},{"@type":"WebPage","@id":"https:\/\/revistadospneus.com\/pt\/2022\/07\/12\/faro-beja-e-lisboa-santarem-na-mira-da-valorpneu\/","url":"https:\/\/revistadospneus.com\/pt\/2022\/07\/12\/faro-beja-e-lisboa-santarem-na-mira-da-valorpneu\/","name":"Faro, Beja e Lisboa\/Santar\u00e9m na mira da Valorpneu - Revista dos Pneus","isPartOf":{"@id":"https:\/\/revistadospneus.com\/pt\/#website"},"primaryImageOfPage":{"@id":"https:\/\/revistadospneus.com\/pt\/2022\/07\/12\/faro-beja-e-lisboa-santarem-na-mira-da-valorpneu\/#primaryimage"},"image":{"@id":"https:\/\/revistadospneus.com\/pt\/2022\/07\/12\/faro-beja-e-lisboa-santarem-na-mira-da-valorpneu\/#primaryimage"},"thumbnailUrl":"https:\/\/revistadospneus.com\/pt\/wp-content\/uploads\/2022\/07\/Faro-Beja-e-LisboaSantare\u0301m-na-mira-da-Valorpneu.png","datePublished":"2022-07-12T13:00:09+00:00","breadcrumb":{"@id":"https:\/\/revistadospneus.com\/pt\/2022\/07\/12\/faro-beja-e-lisboa-santarem-na-mira-da-valorpneu\/#breadcrumb"},"inLanguage":"pt-PT","potentialAction":[{"@type":"ReadAction","target":["https:\/\/revistadospneus.com\/pt\/2022\/07\/12\/faro-beja-e-lisboa-santarem-na-mira-da-valorpneu\/"]}]},{"@type":"ImageObject","inLanguage":"pt-PT","@id":"https:\/\/revistadospneus.com\/pt\/2022\/07\/12\/faro-beja-e-lisboa-santarem-na-mira-da-valorpneu\/#primaryimage","url":"https:\/\/revistadospneus.com\/pt\/wp-content\/uploads\/2022\/07\/Faro-Beja-e-LisboaSantare\u0301m-na-mira-da-Valorpneu.png","contentUrl":"https:\/\/revistadospneus.com\/pt\/wp-content\/uploads\/2022\/07\/Faro-Beja-e-LisboaSantare\u0301m-na-mira-da-Valorpneu.png","width":1024,"height":581,"caption":"07 - Faro Beja e LisboaSantare\u0301m na mira da Valorpneu"},{"@type":"BreadcrumbList","@id":"https:\/\/revistadospneus.com\/pt\/2022\/07\/12\/faro-beja-e-lisboa-santarem-na-mira-da-valorpneu\/#breadcrumb","itemListElement":[{"@type":"ListItem","position":1,"name":"In\u00edcio","item":"https:\/\/revistadospneus.com\/pt\/"},{"@type":"ListItem","position":2,"name":"Faro, Beja e Lisboa\/Santar\u00e9m na mira da Valorpneu"}]},{"@type":"WebSite","@id":"https:\/\/revistadospneus.com\/pt\/#website","url":"https:\/\/revistadospneus.com\/pt\/","name":"Revista dos Pneus","description":"Revista independente de pneus e servi\u00e7os r\u00e1pidos","publisher":{"@id":"https:\/\/revistadospneus.com\/pt\/#organization"},"potentialAction":[{"@type":"SearchAction","target":{"@type":"EntryPoint","urlTemplate":"https:\/\/revistadospneus.com\/pt\/?s={search_term_string}"},"query-input":{"@type":"PropertyValueSpecification","valueRequired":true,"valueName":"search_term_string"}}],"inLanguage":"pt-PT"},{"@type":"Organization","@id":"https:\/\/revistadospneus.com\/pt\/#organization","name":"Revista dos Pneus","url":"https:\/\/revistadospneus.com\/pt\/","logo":{"@type":"ImageObject","inLanguage":"pt-PT","@id":"https:\/\/revistadospneus.com\/pt\/#\/schema\/logo\/image\/","url":"https:\/\/revistadospneus.com\/pt\/wp-content\/uploads\/logo2-1.png","contentUrl":"https:\/\/revistadospneus.com\/pt\/wp-content\/uploads\/logo2-1.png","width":216,"height":70,"caption":"Revista dos Pneus"},"image":{"@id":"https:\/\/revistadospneus.com\/pt\/#\/schema\/logo\/image\/"},"sameAs":["https:\/\/www.facebook.com\/revistapneus","https:\/\/x.com\/revistapneus","https:\/\/www.linkedin.com\/company\/jornal-das-oficinas\/","https:\/\/www.youtube.com\/channel\/UCbQZBqtcvV-oSQrr7RzINGg"]},{"@type":"Person","@id":"https:\/\/revistadospneus.com\/pt\/#\/schema\/person\/9c602809538a614c26e5569d14ed6442","name":"Reda\u00e7\u00e3o RP","image":{"@type":"ImageObject","inLanguage":"pt-PT","@id":"https:\/\/secure.gravatar.com\/avatar\/71f2fa71737ad68a84fea94bc708ddac8ea5b0c4788dc2ad202f3ccb2887742f?s=96&d=wp_user_avatar&r=g","url":"https:\/\/secure.gravatar.com\/avatar\/71f2fa71737ad68a84fea94bc708ddac8ea5b0c4788dc2ad202f3ccb2887742f?s=96&d=wp_user_avatar&r=g","contentUrl":"https:\/\/secure.gravatar.com\/avatar\/71f2fa71737ad68a84fea94bc708ddac8ea5b0c4788dc2ad202f3ccb2887742f?s=96&d=wp_user_avatar&r=g","caption":"Reda\u00e7\u00e3o RP"},"url":"https:\/\/revistadospneus.com\/pt\/author\/rpredacao\/"}]}},"_links":{"self":[{"href":"https:\/\/revistadospneus.com\/pt\/wp-json\/wp\/v2\/posts\/17563","targetHints":{"allow":["GET"]}}],"collection":[{"href":"https:\/\/revistadospneus.com\/pt\/wp-json\/wp\/v2\/posts"}],"about":[{"href":"https:\/\/revistadospneus.com\/pt\/wp-json\/wp\/v2\/types\/post"}],"author":[{"embeddable":true,"href":"https:\/\/revistadospneus.com\/pt\/wp-json\/wp\/v2\/users\/13"}],"replies":[{"embeddable":true,"href":"https:\/\/revistadospneus.com\/pt\/wp-json\/wp\/v2\/comments?post=17563"}],"version-history":[{"count":0,"href":"https:\/\/revistadospneus.com\/pt\/wp-json\/wp\/v2\/posts\/17563\/revisions"}],"wp:featuredmedia":[{"embeddable":true,"href":"https:\/\/revistadospneus.com\/pt\/wp-json\/wp\/v2\/media\/17553"}],"wp:attachment":[{"href":"https:\/\/revistadospneus.com\/pt\/wp-json\/wp\/v2\/media?parent=17563"}],"wp:term":[{"taxonomy":"category","embeddable":true,"href":"https:\/\/revistadospneus.com\/pt\/wp-json\/wp\/v2\/categories?post=17563"},{"taxonomy":"post_tag","embeddable":true,"href":"https:\/\/revistadospneus.com\/pt\/wp-json\/wp\/v2\/tags?post=17563"}],"curies":[{"name":"wp","href":"https:\/\/api.w.org\/{rel}","templated":true}]}}