{"id":24958,"date":"2023-03-20T14:00:20","date_gmt":"2023-03-20T14:00:20","guid":{"rendered":"https:\/\/revistadospneus.com\/pt\/?p=24958"},"modified":"2023-03-20T11:26:07","modified_gmt":"2023-03-20T11:26:07","slug":"bkt-participa-no-salon-de-lagriculture-2023","status":"publish","type":"post","link":"https:\/\/revistadospneus.com\/pt\/2023\/03\/20\/bkt-participa-no-salon-de-lagriculture-2023\/","title":{"rendered":"BKT participa no SALON DE L&#8217;AGRICULTURE 2023"},"content":{"rendered":"<p><img loading=\"lazy\" decoding=\"async\" class=\"alignnone size-full wp-image-24946\" src=\"https:\/\/revistadospneus.com\/pt\/wp-content\/uploads\/2023\/03\/BKT-participa-no-SALON-DE-LAGRICULTURE-2023-1.jpg\" alt=\"03 - BKT participa no SALON DE LAGRICULTURE 2023 1\" width=\"1024\" height=\"581\" srcset=\"https:\/\/revistadospneus.com\/pt\/wp-content\/uploads\/2023\/03\/BKT-participa-no-SALON-DE-LAGRICULTURE-2023-1.jpg 1024w, https:\/\/revistadospneus.com\/pt\/wp-content\/uploads\/2023\/03\/BKT-participa-no-SALON-DE-LAGRICULTURE-2023-1-300x170.jpg 300w, https:\/\/revistadospneus.com\/pt\/wp-content\/uploads\/2023\/03\/BKT-participa-no-SALON-DE-LAGRICULTURE-2023-1-150x85.jpg 150w, https:\/\/revistadospneus.com\/pt\/wp-content\/uploads\/2023\/03\/BKT-participa-no-SALON-DE-LAGRICULTURE-2023-1-768x436.jpg 768w\" sizes=\"auto, (max-width: 1024px) 100vw, 1024px\" \/><\/p>\n<p><strong>A <a href=\"https:\/\/www.bkt-tires.com\/pt\/pt\/\" target=\"_blank\" rel=\"noopener\">BKT<\/a> participou pela primeira vez no <\/strong><strong>&#8220;SALON DE L&#8217;AGRICULTURE 2023&#8221;, <\/strong><strong>\u00a0para sensibilizar o p\u00fablico sobre o papel que os fabricantes de pneus desempenham na cadeia de abastecimento agr\u00edcola<\/strong><\/p>\n<p>A viagem dos alimentos at\u00e9 chegarem comodamente \u00e0s nossas casas atrav\u00e9s da cadeia de abastecimento agr\u00edcola \u00e9 mais estruturada do que poder\u00edamos pensar. A pr\u00f3pria cadeia de abastecimento \u00e9 muito longa e complexa. Al\u00e9m dos agricultores e criadores, inclui muitos outros intervenientes em que nem sempre pensamos mesmo quando estes t\u00eam um papel importante, como \u00e9 o caso dos fabricantes de pneus.<\/p>\n<p>Durante esses dias, estes intervenientes reuniram-se em Paris no <a href=\"https:\/\/www.salon-agriculture.com\/\" target=\"_blank\" rel=\"noopener\">Salon de l&#8217;Agriculture 2023<\/a>, um evento central do setor e tamb\u00e9m aberto ao p\u00fablico em geral. \u00c9 a primeira vez que a BKT participa nesta feira.<\/p>\n<p>O objetivo da nova experi\u00eancia da BKT em mostras foi principalmente real\u00e7ar o modo como os pneus s\u00e3o excelentes aliados dos agricultores e criadores. Com efeito, os pneus ajudam-nos a fazer o seu trabalho com as m\u00e1quinas de forma mais segura e c\u00f3moda. Por outro lado, ajudam a proteger o solo contra a compacta\u00e7\u00e3o e o empobrecimento org\u00e2nico. A reduzida compacta\u00e7\u00e3o do solo obtida atrav\u00e9s dos pneus da BKT possibilita uma melhor qualidade das culturas. Isto resulta igualmente num benef\u00edcio para o utilizador final que pode consumir produtos agr\u00edcolas de primeira qualidade.<\/p>\n<p>Como um dos principais fabricantes de pneus <em>off-highway<\/em>, a BKT aproveitou esta oportunidade para mostrar a sua longa experi\u00eancia a oferecer solu\u00e7\u00f5es sob medida para cada tipo espec\u00edfico de terra agr\u00edcola e em especial para opera\u00e7\u00f5es normais do setor pecu\u00e1rio. Isto \u00e9 poss\u00edvel gra\u00e7as \u00e0s \u00faltimas inova\u00e7\u00f5es tecnol\u00f3gicas desenvolvidas pelo seu Centro de Investiga\u00e7\u00e3o e Desenvolvimento, um dos mais importantes no setor dos pneus a n\u00edvel mundial.<\/p>\n<p>A prop\u00f3sito de inova\u00e7\u00e3o, uma das mais recentes inova\u00e7\u00f5es da BKT n\u00e3o passou despercebida em Paris, mais concretamente a s\u00e9rie 70 <a href=\"https:\/\/www.bkt-tires.com\/pt\/pt\/agrimaxfactor\" target=\"_blank\" rel=\"noopener\">AGRIMAXFACTOR<\/a> para tratores: um excelente pneu novo perfeito para uma s\u00e9rie de condi\u00e7\u00f5es de funcionamento, tanto no campo como na estrada.<\/p>\n<p>A combina\u00e7\u00e3o entre tecnologia e design est\u00e9tico deste novo pneu \u00e9 a prova do compromisso cont\u00ednuo da BKT em propor solu\u00e7\u00f5es inovadoras e responder \u00e0s necessidades de um mercado em constante evolu\u00e7\u00e3o. As caracter\u00edsticas especiais s\u00e3o uma excelente capacidade de condu\u00e7\u00e3o e manuseamento &#8211; aspetos que garantem quer estabilidade quer seguran\u00e7a. A robusta lona de carca\u00e7a em poli\u00e9ster garante ainda uma resposta mais r\u00e1pida ao manobrar, mesmo no caso de opera\u00e7\u00f5es a alta velocidade ou com cargas pesadas. Trata-se de requisitos espec\u00edficos das novas m\u00e1quinas, cada vez mais pesadas, e em particular no caso dos ve\u00edculos el\u00e9tricos. A parede lateral do pneu apresenta o log\u00f3tipo &#8220;E-READY&#8221;, o que sublinha o compromisso da BKT com a mobilidade el\u00e9trica.<\/p>\n<p>A AGRIMAXFACTOR foi literalmente o ator principal na feira, uma vez que os seus pneus foram montados no grande trator de plexiglas que a BKT gosta de mostrar nas suas \u00e1reas de exposi\u00e7\u00e3o em ocasi\u00f5es especiais.<\/p>\n<p>Todos os visitantes em Paris puderam compreender imediatamente que a presen\u00e7a da BKT na feira era uma ocasi\u00e3o especial. N\u00e3o s\u00f3 conheceram um gigante global da ind\u00fastria dos pneus, como tamb\u00e9m foram atra\u00eddos para uma s\u00e9rie de atividades de entretenimento que a BKT oferece em todas as ocasi\u00f5es p\u00fablicas: jogos e question\u00e1rios com perguntas sobre a BKT, mas tamb\u00e9m sobre a agricultura em geral. Estas atividades deram azo a desafios divertidos entre os visitantes e permitiram-lhes ganhar muitos presentes e gadgets.<\/p>\n<p>Estar em Fran\u00e7a foi finalmente mais uma oportunidade para mostrar o outro lado da BKT que, a par da paix\u00e3o pela inova\u00e7\u00e3o, vive com outro tipo de ritmo: o desporto. A BKT \u00e9 de facto o fornecedor oficial de pneus do Campeonato do Mundo de R\u00e2guebi de Fran\u00e7a em 2023. Na \u00e1rea de exposi\u00e7\u00f5es, foi assim reservado um espa\u00e7o para os f\u00e3s deste desporto \u00fanico, em que o &#8220;fair play&#8221; e a uni\u00e3o s\u00e3o fundamentais.<\/p>\n<p>Mais uma vez, as atividades desenvolvidas pela BKT no estande foram particularmente bem-sucedidas. De facto, mais de 13\u00a0500 pessoas decidiram participar ativamente nos question\u00e1rios ou tentar a sua sorte no r\u00e2guebi. Esta \u00faltima atividade em particular tem tido muito sucesso, atraindo a aten\u00e7\u00e3o de mais de 8700 pessoas.<\/p>\n<p>O conceito de uni\u00e3o, de ser uma equipa, \u00e9 essencial para a BKT. Por esse motivo, a empresa optou por patrocinar v\u00e1rias modalidades al\u00e9m do r\u00e2guebi e, para esse efeito, quer conhecer o seu p\u00fablico, crescer e criar fidelidade na sua comunidade, partilhando valores, entusiasmo, projetos e paix\u00f5es &#8211; como aconteceu em Paris.<\/p>\n<p>&#8220;A BKT, l\u00edder no mercado franc\u00eas de substitui\u00e7\u00e3o de pneus agr\u00edcolas, participou pela primeira vez no Salon International de l&#8217;Agriculture de 2023. Com a sua presen\u00e7a na aldeia AGRI&#8217;PRO no Sal\u00e3o 1, a BKT p\u00f4de acolher o p\u00fablico em geral e encontrar-se simultaneamente com profissionais do mundo da produ\u00e7\u00e3o animal.\u00a0 Para o p\u00fablico em geral, o Desafio BKT inspirado no Campeonato do Mundo de R\u00e2guebi de Fran\u00e7a de 2023, do qual a BKT \u00e9 o fornecedor oficial de pneus, bem como um question\u00e1rio centrado no mundo da agricultura, atra\u00edram v\u00e1rios milhares de visitantes que se puseram \u00e0 prova num jogo de per\u00edcia e sa\u00edram com gadgets como oferta. Deste modo, a reputa\u00e7\u00e3o da marca entre o p\u00fablico em geral p\u00f4de ser refor\u00e7ada de forma l\u00fadica.<\/p>\n<p>De um ponto de vista profissional, a BKT conheceu os criadores presentes na SIA, recebendo-os diariamente numa parte mais reservada do estande. O objetivo da SIA \u00e9 permitir aos visitantes profissionais, bem como aos criadores, o encontro com fornecedores do setor agr\u00edcola. A BKT concretizou este objetivo de forma brilhante, sem d\u00favida&#8221;,\u00a0 comentou Maxime Cholet, diretor de mercado do setor pecu\u00e1rio.<\/p>\n<p>Seguindo exatamente esta dire\u00e7\u00e3o empresarial, a BKT continua a aumentar o reconhecimento da sua marca e assinala a sua presen\u00e7a: demonstrando sempre a sua singularidade \u00e0s partes interessadas e transportando-nos a todos para o futuro da tecnologia, por vezes, e, outras, para o maravilhoso caos do est\u00e1dio de futebol. A mensagem a ser partilhada \u00e9 basicamente a mesma: emo\u00e7\u00f5es que criam la\u00e7os profundos e indissol\u00faveis &#8211; uma forte cren\u00e7a da BKT.<\/p>\n<!-- AddThis Advanced Settings generic via filter on the_content --><!-- AddThis Share Buttons generic via filter on the_content -->","protected":false},"excerpt":{"rendered":"<p>A BKT participou pela primeira vez no &#8220;SALON DE&#8230;<!-- AddThis Advanced Settings generic via filter on get_the_excerpt --><!-- AddThis Share Buttons generic via filter on get_the_excerpt --><\/p>\n","protected":false},"author":13,"featured_media":24946,"comment_status":"closed","ping_status":"closed","sticky":false,"template":"","format":"standard","meta":{"footnotes":""},"categories":[29],"tags":[1577,989,1960],"class_list":["post-24958","post","type-post","status-publish","format-standard","has-post-thumbnail","hentry","category-empresas","tag-agrimaxfactor","tag-bkt","tag-salon-de-lagriculture-2023"],"yoast_head":"<!-- This site is optimized with the Yoast SEO plugin v27.4 - https:\/\/yoast.com\/product\/yoast-seo-wordpress\/ -->\n<title>BKT participa no SALON DE L&#039;AGRICULTURE 2023 - Revista dos Pneus<\/title>\n<meta name=\"description\" content=\"A BKT participou pela primeira vez no &quot;SALON DE L&#039;AGRICULTURE 2023&quot;, \u00a0para sensibilizar o p\u00fablico sobre o papel que os fabricantes de pneus desempenham na cadeia de abastecimento agr\u00edcola\" \/>\n<meta name=\"robots\" content=\"index, follow, max-snippet:-1, max-image-preview:large, max-video-preview:-1\" \/>\n<link rel=\"canonical\" href=\"https:\/\/revistadospneus.com\/pt\/2023\/03\/20\/bkt-participa-no-salon-de-lagriculture-2023\/\" \/>\n<meta property=\"og:locale\" content=\"pt_PT\" \/>\n<meta property=\"og:type\" content=\"article\" \/>\n<meta property=\"og:title\" content=\"BKT participa no SALON DE L&#039;AGRICULTURE 2023 - Revista dos Pneus\" \/>\n<meta property=\"og:description\" content=\"A BKT participou pela primeira vez no &quot;SALON DE L&#039;AGRICULTURE 2023&quot;, \u00a0para sensibilizar o p\u00fablico sobre o papel que os fabricantes de pneus desempenham na cadeia de abastecimento agr\u00edcola\" \/>\n<meta property=\"og:url\" content=\"https:\/\/revistadospneus.com\/pt\/2023\/03\/20\/bkt-participa-no-salon-de-lagriculture-2023\/\" \/>\n<meta property=\"og:site_name\" content=\"Revista dos Pneus\" \/>\n<meta property=\"article:publisher\" content=\"https:\/\/www.facebook.com\/revistapneus\" \/>\n<meta property=\"article:published_time\" content=\"2023-03-20T14:00:20+00:00\" \/>\n<meta property=\"og:image\" content=\"https:\/\/revistadospneus.com\/pt\/wp-content\/uploads\/2023\/03\/BKT-participa-no-SALON-DE-LAGRICULTURE-2023-1.jpg\" \/>\n\t<meta property=\"og:image:width\" content=\"1024\" \/>\n\t<meta property=\"og:image:height\" content=\"581\" \/>\n\t<meta property=\"og:image:type\" content=\"image\/jpeg\" \/>\n<meta name=\"author\" content=\"Reda\u00e7\u00e3o RP\" \/>\n<meta name=\"twitter:card\" content=\"summary_large_image\" \/>\n<meta name=\"twitter:creator\" content=\"@revistapneus\" \/>\n<meta name=\"twitter:site\" content=\"@revistapneus\" \/>\n<meta name=\"twitter:label1\" content=\"Escrito por\" \/>\n\t<meta name=\"twitter:data1\" content=\"Reda\u00e7\u00e3o RP\" \/>\n\t<meta name=\"twitter:label2\" content=\"Tempo estimado de leitura\" \/>\n\t<meta name=\"twitter:data2\" content=\"6 minutos\" \/>\n<script type=\"application\/ld+json\" class=\"yoast-schema-graph\">{\"@context\":\"https:\\\/\\\/schema.org\",\"@graph\":[{\"@type\":\"Article\",\"@id\":\"https:\\\/\\\/revistadospneus.com\\\/pt\\\/2023\\\/03\\\/20\\\/bkt-participa-no-salon-de-lagriculture-2023\\\/#article\",\"isPartOf\":{\"@id\":\"https:\\\/\\\/revistadospneus.com\\\/pt\\\/2023\\\/03\\\/20\\\/bkt-participa-no-salon-de-lagriculture-2023\\\/\"},\"author\":{\"name\":\"Reda\u00e7\u00e3o RP\",\"@id\":\"https:\\\/\\\/revistadospneus.com\\\/pt\\\/#\\\/schema\\\/person\\\/9c602809538a614c26e5569d14ed6442\"},\"headline\":\"BKT participa no SALON DE L&#8217;AGRICULTURE 2023\",\"datePublished\":\"2023-03-20T14:00:20+00:00\",\"mainEntityOfPage\":{\"@id\":\"https:\\\/\\\/revistadospneus.com\\\/pt\\\/2023\\\/03\\\/20\\\/bkt-participa-no-salon-de-lagriculture-2023\\\/\"},\"wordCount\":1107,\"publisher\":{\"@id\":\"https:\\\/\\\/revistadospneus.com\\\/pt\\\/#organization\"},\"image\":{\"@id\":\"https:\\\/\\\/revistadospneus.com\\\/pt\\\/2023\\\/03\\\/20\\\/bkt-participa-no-salon-de-lagriculture-2023\\\/#primaryimage\"},\"thumbnailUrl\":\"https:\\\/\\\/revistadospneus.com\\\/pt\\\/wp-content\\\/uploads\\\/2023\\\/03\\\/BKT-participa-no-SALON-DE-LAGRICULTURE-2023-1.jpg\",\"keywords\":[\"AGRIMAXFACTOR\",\"BKT\",\"Salon de l'Agriculture 2023\"],\"articleSection\":[\"Empresas\"],\"inLanguage\":\"pt-PT\"},{\"@type\":\"WebPage\",\"@id\":\"https:\\\/\\\/revistadospneus.com\\\/pt\\\/2023\\\/03\\\/20\\\/bkt-participa-no-salon-de-lagriculture-2023\\\/\",\"url\":\"https:\\\/\\\/revistadospneus.com\\\/pt\\\/2023\\\/03\\\/20\\\/bkt-participa-no-salon-de-lagriculture-2023\\\/\",\"name\":\"BKT participa no SALON DE L'AGRICULTURE 2023 - Revista dos Pneus\",\"isPartOf\":{\"@id\":\"https:\\\/\\\/revistadospneus.com\\\/pt\\\/#website\"},\"primaryImageOfPage\":{\"@id\":\"https:\\\/\\\/revistadospneus.com\\\/pt\\\/2023\\\/03\\\/20\\\/bkt-participa-no-salon-de-lagriculture-2023\\\/#primaryimage\"},\"image\":{\"@id\":\"https:\\\/\\\/revistadospneus.com\\\/pt\\\/2023\\\/03\\\/20\\\/bkt-participa-no-salon-de-lagriculture-2023\\\/#primaryimage\"},\"thumbnailUrl\":\"https:\\\/\\\/revistadospneus.com\\\/pt\\\/wp-content\\\/uploads\\\/2023\\\/03\\\/BKT-participa-no-SALON-DE-LAGRICULTURE-2023-1.jpg\",\"datePublished\":\"2023-03-20T14:00:20+00:00\",\"description\":\"A BKT participou pela primeira vez no \\\"SALON DE L'AGRICULTURE 2023\\\", \u00a0para sensibilizar o p\u00fablico sobre o papel que os fabricantes de pneus desempenham na cadeia de abastecimento agr\u00edcola\",\"breadcrumb\":{\"@id\":\"https:\\\/\\\/revistadospneus.com\\\/pt\\\/2023\\\/03\\\/20\\\/bkt-participa-no-salon-de-lagriculture-2023\\\/#breadcrumb\"},\"inLanguage\":\"pt-PT\",\"potentialAction\":[{\"@type\":\"ReadAction\",\"target\":[\"https:\\\/\\\/revistadospneus.com\\\/pt\\\/2023\\\/03\\\/20\\\/bkt-participa-no-salon-de-lagriculture-2023\\\/\"]}]},{\"@type\":\"ImageObject\",\"inLanguage\":\"pt-PT\",\"@id\":\"https:\\\/\\\/revistadospneus.com\\\/pt\\\/2023\\\/03\\\/20\\\/bkt-participa-no-salon-de-lagriculture-2023\\\/#primaryimage\",\"url\":\"https:\\\/\\\/revistadospneus.com\\\/pt\\\/wp-content\\\/uploads\\\/2023\\\/03\\\/BKT-participa-no-SALON-DE-LAGRICULTURE-2023-1.jpg\",\"contentUrl\":\"https:\\\/\\\/revistadospneus.com\\\/pt\\\/wp-content\\\/uploads\\\/2023\\\/03\\\/BKT-participa-no-SALON-DE-LAGRICULTURE-2023-1.jpg\",\"width\":1024,\"height\":581,\"caption\":\"03 - BKT participa no SALON DE LAGRICULTURE 2023 1\"},{\"@type\":\"BreadcrumbList\",\"@id\":\"https:\\\/\\\/revistadospneus.com\\\/pt\\\/2023\\\/03\\\/20\\\/bkt-participa-no-salon-de-lagriculture-2023\\\/#breadcrumb\",\"itemListElement\":[{\"@type\":\"ListItem\",\"position\":1,\"name\":\"In\u00edcio\",\"item\":\"https:\\\/\\\/revistadospneus.com\\\/pt\\\/\"},{\"@type\":\"ListItem\",\"position\":2,\"name\":\"BKT participa no SALON DE L&#8217;AGRICULTURE 2023\"}]},{\"@type\":\"WebSite\",\"@id\":\"https:\\\/\\\/revistadospneus.com\\\/pt\\\/#website\",\"url\":\"https:\\\/\\\/revistadospneus.com\\\/pt\\\/\",\"name\":\"Revista dos Pneus\",\"description\":\"Revista independente de pneus e servi\u00e7os r\u00e1pidos\",\"publisher\":{\"@id\":\"https:\\\/\\\/revistadospneus.com\\\/pt\\\/#organization\"},\"potentialAction\":[{\"@type\":\"SearchAction\",\"target\":{\"@type\":\"EntryPoint\",\"urlTemplate\":\"https:\\\/\\\/revistadospneus.com\\\/pt\\\/?s={search_term_string}\"},\"query-input\":{\"@type\":\"PropertyValueSpecification\",\"valueRequired\":true,\"valueName\":\"search_term_string\"}}],\"inLanguage\":\"pt-PT\"},{\"@type\":\"Organization\",\"@id\":\"https:\\\/\\\/revistadospneus.com\\\/pt\\\/#organization\",\"name\":\"Revista dos Pneus\",\"url\":\"https:\\\/\\\/revistadospneus.com\\\/pt\\\/\",\"logo\":{\"@type\":\"ImageObject\",\"inLanguage\":\"pt-PT\",\"@id\":\"https:\\\/\\\/revistadospneus.com\\\/pt\\\/#\\\/schema\\\/logo\\\/image\\\/\",\"url\":\"https:\\\/\\\/revistadospneus.com\\\/pt\\\/wp-content\\\/uploads\\\/logo2-1.png\",\"contentUrl\":\"https:\\\/\\\/revistadospneus.com\\\/pt\\\/wp-content\\\/uploads\\\/logo2-1.png\",\"width\":216,\"height\":70,\"caption\":\"Revista dos Pneus\"},\"image\":{\"@id\":\"https:\\\/\\\/revistadospneus.com\\\/pt\\\/#\\\/schema\\\/logo\\\/image\\\/\"},\"sameAs\":[\"https:\\\/\\\/www.facebook.com\\\/revistapneus\",\"https:\\\/\\\/x.com\\\/revistapneus\",\"https:\\\/\\\/www.linkedin.com\\\/company\\\/jornal-das-oficinas\\\/\",\"https:\\\/\\\/www.youtube.com\\\/channel\\\/UCbQZBqtcvV-oSQrr7RzINGg\"]},{\"@type\":\"Person\",\"@id\":\"https:\\\/\\\/revistadospneus.com\\\/pt\\\/#\\\/schema\\\/person\\\/9c602809538a614c26e5569d14ed6442\",\"name\":\"Reda\u00e7\u00e3o RP\",\"image\":{\"@type\":\"ImageObject\",\"inLanguage\":\"pt-PT\",\"@id\":\"https:\\\/\\\/secure.gravatar.com\\\/avatar\\\/71f2fa71737ad68a84fea94bc708ddac8ea5b0c4788dc2ad202f3ccb2887742f?s=96&d=wp_user_avatar&r=g\",\"url\":\"https:\\\/\\\/secure.gravatar.com\\\/avatar\\\/71f2fa71737ad68a84fea94bc708ddac8ea5b0c4788dc2ad202f3ccb2887742f?s=96&d=wp_user_avatar&r=g\",\"contentUrl\":\"https:\\\/\\\/secure.gravatar.com\\\/avatar\\\/71f2fa71737ad68a84fea94bc708ddac8ea5b0c4788dc2ad202f3ccb2887742f?s=96&d=wp_user_avatar&r=g\",\"caption\":\"Reda\u00e7\u00e3o RP\"},\"url\":\"https:\\\/\\\/revistadospneus.com\\\/pt\\\/author\\\/rpredacao\\\/\"}]}<\/script>\n<!-- \/ Yoast SEO plugin. -->","yoast_head_json":{"title":"BKT participa no SALON DE L'AGRICULTURE 2023 - Revista dos Pneus","description":"A BKT participou pela primeira vez no \"SALON DE L'AGRICULTURE 2023\", \u00a0para sensibilizar o p\u00fablico sobre o papel que os fabricantes de pneus desempenham na cadeia de abastecimento agr\u00edcola","robots":{"index":"index","follow":"follow","max-snippet":"max-snippet:-1","max-image-preview":"max-image-preview:large","max-video-preview":"max-video-preview:-1"},"canonical":"https:\/\/revistadospneus.com\/pt\/2023\/03\/20\/bkt-participa-no-salon-de-lagriculture-2023\/","og_locale":"pt_PT","og_type":"article","og_title":"BKT participa no SALON DE L'AGRICULTURE 2023 - Revista dos Pneus","og_description":"A BKT participou pela primeira vez no \"SALON DE L'AGRICULTURE 2023\", \u00a0para sensibilizar o p\u00fablico sobre o papel que os fabricantes de pneus desempenham na cadeia de abastecimento agr\u00edcola","og_url":"https:\/\/revistadospneus.com\/pt\/2023\/03\/20\/bkt-participa-no-salon-de-lagriculture-2023\/","og_site_name":"Revista dos Pneus","article_publisher":"https:\/\/www.facebook.com\/revistapneus","article_published_time":"2023-03-20T14:00:20+00:00","og_image":[{"width":1024,"height":581,"url":"https:\/\/revistadospneus.com\/pt\/wp-content\/uploads\/2023\/03\/BKT-participa-no-SALON-DE-LAGRICULTURE-2023-1.jpg","type":"image\/jpeg"}],"author":"Reda\u00e7\u00e3o RP","twitter_card":"summary_large_image","twitter_creator":"@revistapneus","twitter_site":"@revistapneus","twitter_misc":{"Escrito por":"Reda\u00e7\u00e3o RP","Tempo estimado de leitura":"6 minutos"},"schema":{"@context":"https:\/\/schema.org","@graph":[{"@type":"Article","@id":"https:\/\/revistadospneus.com\/pt\/2023\/03\/20\/bkt-participa-no-salon-de-lagriculture-2023\/#article","isPartOf":{"@id":"https:\/\/revistadospneus.com\/pt\/2023\/03\/20\/bkt-participa-no-salon-de-lagriculture-2023\/"},"author":{"name":"Reda\u00e7\u00e3o RP","@id":"https:\/\/revistadospneus.com\/pt\/#\/schema\/person\/9c602809538a614c26e5569d14ed6442"},"headline":"BKT participa no SALON DE L&#8217;AGRICULTURE 2023","datePublished":"2023-03-20T14:00:20+00:00","mainEntityOfPage":{"@id":"https:\/\/revistadospneus.com\/pt\/2023\/03\/20\/bkt-participa-no-salon-de-lagriculture-2023\/"},"wordCount":1107,"publisher":{"@id":"https:\/\/revistadospneus.com\/pt\/#organization"},"image":{"@id":"https:\/\/revistadospneus.com\/pt\/2023\/03\/20\/bkt-participa-no-salon-de-lagriculture-2023\/#primaryimage"},"thumbnailUrl":"https:\/\/revistadospneus.com\/pt\/wp-content\/uploads\/2023\/03\/BKT-participa-no-SALON-DE-LAGRICULTURE-2023-1.jpg","keywords":["AGRIMAXFACTOR","BKT","Salon de l'Agriculture 2023"],"articleSection":["Empresas"],"inLanguage":"pt-PT"},{"@type":"WebPage","@id":"https:\/\/revistadospneus.com\/pt\/2023\/03\/20\/bkt-participa-no-salon-de-lagriculture-2023\/","url":"https:\/\/revistadospneus.com\/pt\/2023\/03\/20\/bkt-participa-no-salon-de-lagriculture-2023\/","name":"BKT participa no SALON DE L'AGRICULTURE 2023 - Revista dos Pneus","isPartOf":{"@id":"https:\/\/revistadospneus.com\/pt\/#website"},"primaryImageOfPage":{"@id":"https:\/\/revistadospneus.com\/pt\/2023\/03\/20\/bkt-participa-no-salon-de-lagriculture-2023\/#primaryimage"},"image":{"@id":"https:\/\/revistadospneus.com\/pt\/2023\/03\/20\/bkt-participa-no-salon-de-lagriculture-2023\/#primaryimage"},"thumbnailUrl":"https:\/\/revistadospneus.com\/pt\/wp-content\/uploads\/2023\/03\/BKT-participa-no-SALON-DE-LAGRICULTURE-2023-1.jpg","datePublished":"2023-03-20T14:00:20+00:00","description":"A BKT participou pela primeira vez no \"SALON DE L'AGRICULTURE 2023\", \u00a0para sensibilizar o p\u00fablico sobre o papel que os fabricantes de pneus desempenham na cadeia de abastecimento agr\u00edcola","breadcrumb":{"@id":"https:\/\/revistadospneus.com\/pt\/2023\/03\/20\/bkt-participa-no-salon-de-lagriculture-2023\/#breadcrumb"},"inLanguage":"pt-PT","potentialAction":[{"@type":"ReadAction","target":["https:\/\/revistadospneus.com\/pt\/2023\/03\/20\/bkt-participa-no-salon-de-lagriculture-2023\/"]}]},{"@type":"ImageObject","inLanguage":"pt-PT","@id":"https:\/\/revistadospneus.com\/pt\/2023\/03\/20\/bkt-participa-no-salon-de-lagriculture-2023\/#primaryimage","url":"https:\/\/revistadospneus.com\/pt\/wp-content\/uploads\/2023\/03\/BKT-participa-no-SALON-DE-LAGRICULTURE-2023-1.jpg","contentUrl":"https:\/\/revistadospneus.com\/pt\/wp-content\/uploads\/2023\/03\/BKT-participa-no-SALON-DE-LAGRICULTURE-2023-1.jpg","width":1024,"height":581,"caption":"03 - BKT participa no SALON DE LAGRICULTURE 2023 1"},{"@type":"BreadcrumbList","@id":"https:\/\/revistadospneus.com\/pt\/2023\/03\/20\/bkt-participa-no-salon-de-lagriculture-2023\/#breadcrumb","itemListElement":[{"@type":"ListItem","position":1,"name":"In\u00edcio","item":"https:\/\/revistadospneus.com\/pt\/"},{"@type":"ListItem","position":2,"name":"BKT participa no SALON DE L&#8217;AGRICULTURE 2023"}]},{"@type":"WebSite","@id":"https:\/\/revistadospneus.com\/pt\/#website","url":"https:\/\/revistadospneus.com\/pt\/","name":"Revista dos Pneus","description":"Revista independente de pneus e servi\u00e7os r\u00e1pidos","publisher":{"@id":"https:\/\/revistadospneus.com\/pt\/#organization"},"potentialAction":[{"@type":"SearchAction","target":{"@type":"EntryPoint","urlTemplate":"https:\/\/revistadospneus.com\/pt\/?s={search_term_string}"},"query-input":{"@type":"PropertyValueSpecification","valueRequired":true,"valueName":"search_term_string"}}],"inLanguage":"pt-PT"},{"@type":"Organization","@id":"https:\/\/revistadospneus.com\/pt\/#organization","name":"Revista dos Pneus","url":"https:\/\/revistadospneus.com\/pt\/","logo":{"@type":"ImageObject","inLanguage":"pt-PT","@id":"https:\/\/revistadospneus.com\/pt\/#\/schema\/logo\/image\/","url":"https:\/\/revistadospneus.com\/pt\/wp-content\/uploads\/logo2-1.png","contentUrl":"https:\/\/revistadospneus.com\/pt\/wp-content\/uploads\/logo2-1.png","width":216,"height":70,"caption":"Revista dos Pneus"},"image":{"@id":"https:\/\/revistadospneus.com\/pt\/#\/schema\/logo\/image\/"},"sameAs":["https:\/\/www.facebook.com\/revistapneus","https:\/\/x.com\/revistapneus","https:\/\/www.linkedin.com\/company\/jornal-das-oficinas\/","https:\/\/www.youtube.com\/channel\/UCbQZBqtcvV-oSQrr7RzINGg"]},{"@type":"Person","@id":"https:\/\/revistadospneus.com\/pt\/#\/schema\/person\/9c602809538a614c26e5569d14ed6442","name":"Reda\u00e7\u00e3o RP","image":{"@type":"ImageObject","inLanguage":"pt-PT","@id":"https:\/\/secure.gravatar.com\/avatar\/71f2fa71737ad68a84fea94bc708ddac8ea5b0c4788dc2ad202f3ccb2887742f?s=96&d=wp_user_avatar&r=g","url":"https:\/\/secure.gravatar.com\/avatar\/71f2fa71737ad68a84fea94bc708ddac8ea5b0c4788dc2ad202f3ccb2887742f?s=96&d=wp_user_avatar&r=g","contentUrl":"https:\/\/secure.gravatar.com\/avatar\/71f2fa71737ad68a84fea94bc708ddac8ea5b0c4788dc2ad202f3ccb2887742f?s=96&d=wp_user_avatar&r=g","caption":"Reda\u00e7\u00e3o RP"},"url":"https:\/\/revistadospneus.com\/pt\/author\/rpredacao\/"}]}},"_links":{"self":[{"href":"https:\/\/revistadospneus.com\/pt\/wp-json\/wp\/v2\/posts\/24958","targetHints":{"allow":["GET"]}}],"collection":[{"href":"https:\/\/revistadospneus.com\/pt\/wp-json\/wp\/v2\/posts"}],"about":[{"href":"https:\/\/revistadospneus.com\/pt\/wp-json\/wp\/v2\/types\/post"}],"author":[{"embeddable":true,"href":"https:\/\/revistadospneus.com\/pt\/wp-json\/wp\/v2\/users\/13"}],"replies":[{"embeddable":true,"href":"https:\/\/revistadospneus.com\/pt\/wp-json\/wp\/v2\/comments?post=24958"}],"version-history":[{"count":0,"href":"https:\/\/revistadospneus.com\/pt\/wp-json\/wp\/v2\/posts\/24958\/revisions"}],"wp:featuredmedia":[{"embeddable":true,"href":"https:\/\/revistadospneus.com\/pt\/wp-json\/wp\/v2\/media\/24946"}],"wp:attachment":[{"href":"https:\/\/revistadospneus.com\/pt\/wp-json\/wp\/v2\/media?parent=24958"}],"wp:term":[{"taxonomy":"category","embeddable":true,"href":"https:\/\/revistadospneus.com\/pt\/wp-json\/wp\/v2\/categories?post=24958"},{"taxonomy":"post_tag","embeddable":true,"href":"https:\/\/revistadospneus.com\/pt\/wp-json\/wp\/v2\/tags?post=24958"}],"curies":[{"name":"wp","href":"https:\/\/api.w.org\/{rel}","templated":true}]}}