{"id":24997,"date":"2023-03-22T10:00:34","date_gmt":"2023-03-22T10:00:34","guid":{"rendered":"https:\/\/revistadospneus.com\/pt\/?p=24997"},"modified":"2023-03-22T08:55:40","modified_gmt":"2023-03-22T08:55:40","slug":"domingos-morgado-regressa-ao-mercado-das-jantes","status":"publish","type":"post","link":"https:\/\/revistadospneus.com\/pt\/2023\/03\/22\/domingos-morgado-regressa-ao-mercado-das-jantes\/","title":{"rendered":"Domingos &#038; Morgado regressa ao mercado das Jantes"},"content":{"rendered":"<p><strong><img loading=\"lazy\" decoding=\"async\" class=\"alignnone size-full wp-image-24999\" src=\"https:\/\/revistadospneus.com\/pt\/wp-content\/uploads\/2023\/03\/Domingos-Morgado-regressa-ao-mercado-das-Jantes.jpg\" alt=\"03 - Domingos Morgado regressa ao mercado das Jantes\" width=\"1024\" height=\"581\" srcset=\"https:\/\/revistadospneus.com\/pt\/wp-content\/uploads\/2023\/03\/Domingos-Morgado-regressa-ao-mercado-das-Jantes.jpg 1024w, https:\/\/revistadospneus.com\/pt\/wp-content\/uploads\/2023\/03\/Domingos-Morgado-regressa-ao-mercado-das-Jantes-300x170.jpg 300w, https:\/\/revistadospneus.com\/pt\/wp-content\/uploads\/2023\/03\/Domingos-Morgado-regressa-ao-mercado-das-Jantes-150x85.jpg 150w, https:\/\/revistadospneus.com\/pt\/wp-content\/uploads\/2023\/03\/Domingos-Morgado-regressa-ao-mercado-das-Jantes-768x436.jpg 768w\" sizes=\"auto, (max-width: 1024px) 100vw, 1024px\" \/><\/strong><\/p>\n<p><strong>A <a href=\"https:\/\/www.domingos-morgado.pt\/\" target=\"_blank\" rel=\"noopener\">Domingos &amp; Morgado<\/a> est\u00e1 a regressar ao mercado das jantes de uma forma mais t\u00e9cnica e mais exigente conseguindo com isso estar j\u00e1 ligada ao Setor da OEM, com jantes muito t\u00e9cnicas, e ao setor do Aftermarket Autom\u00f3vel, com marcas de prest\u00edgio. \u00c9 o caso do sistema NPK, da <a href=\"https:\/\/www.makwheels.it\/en\/\" target=\"_blank\" rel=\"noopener\">MAK<\/a>, que visa suprir a aus\u00eancia de Pneu Suplente e que est\u00e1 em destaque este m\u00eas<\/strong><\/p>\n<p>A MAK, fabricante italiano de grande qualidade de fabrico e Design, que ap\u00f3s alguns anos de aus\u00eancia, desafiou a empresa a fazer parte do seu grupo restrito de distribuidores.<\/p>\n<p>\u201cPara assinalar este momento vamos come\u00e7ar a lan\u00e7ar algumas campanhas de jantes Mak, mas tamb\u00e9m de outros produtos existentes na t\u00e3o vasta gama de produtos MAK ligados ao setor das Jantes\u201d, referiu a Domingos &amp; Morgado.<\/p>\n<p>A Domingos &amp; Morgado, comemorando os seus 25 anos de exist\u00eancia, vai lan\u00e7ar ao longo do ano v\u00e1rias Campanhas para os seus clientes.<\/p>\n<p>Esta \u00e9 dedicada ao sistema NPK, da prestigiada marca MAK, que visa suprir uma falha da esmagadora maioria dos autom\u00f3veis atuais, que \u00e9 a aus\u00eancia de Pneu Suplente.<\/p>\n<p>Este Kit NPK \u00e9 constitu\u00eddo por uma roda suplente estreita de dimens\u00f5es semelhantes \u00e0s do autom\u00f3vel, macaco, chave de rodas, luvas de trabalho e ainda uma saca com al\u00e7as para manter o kit sempre em perfeito estado.<\/p>\n<!-- AddThis Advanced Settings generic via filter on the_content --><!-- AddThis Share Buttons generic via filter on the_content -->","protected":false},"excerpt":{"rendered":"<p>A Domingos &amp; Morgado est\u00e1 a regressar ao mercado&#8230;<!-- AddThis Advanced Settings generic via filter on get_the_excerpt --><!-- AddThis Share Buttons generic via filter on get_the_excerpt --><\/p>\n","protected":false},"author":13,"featured_media":24999,"comment_status":"closed","ping_status":"closed","sticky":false,"template":"","format":"standard","meta":{"footnotes":""},"categories":[29],"tags":[1967,964,1969,1968,1970,1966],"class_list":["post-24997","post","type-post","status-publish","format-standard","has-post-thumbnail","hentry","category-empresas","tag-aftermarket-automovel","tag-domingos-morgado","tag-mak","tag-npk","tag-pneu-suplente","tag-setor-da-oem"],"yoast_head":"<!-- This site is optimized with the Yoast SEO plugin v27.5 - https:\/\/yoast.com\/product\/yoast-seo-wordpress\/ -->\n<title>Domingos &amp; Morgado regressa ao mercado das Jantes - Revista dos Pneus<\/title>\n<meta name=\"description\" content=\"A Domingos &amp; Morgado est\u00e1 a regressar ao mercado das jantes de uma forma mais t\u00e9cnica e mais exigente ficando assim ligada ao Setor da OEM\" \/>\n<meta name=\"robots\" content=\"index, follow, max-snippet:-1, max-image-preview:large, max-video-preview:-1\" \/>\n<link rel=\"canonical\" href=\"https:\/\/revistadospneus.com\/pt\/2023\/03\/22\/domingos-morgado-regressa-ao-mercado-das-jantes\/\" \/>\n<meta property=\"og:locale\" content=\"pt_PT\" \/>\n<meta property=\"og:type\" content=\"article\" \/>\n<meta property=\"og:title\" content=\"Domingos &amp; Morgado regressa ao mercado das Jantes - Revista dos Pneus\" \/>\n<meta property=\"og:description\" content=\"A Domingos &amp; Morgado est\u00e1 a regressar ao mercado das jantes de uma forma mais t\u00e9cnica e mais exigente ficando assim ligada ao Setor da OEM\" \/>\n<meta property=\"og:url\" content=\"https:\/\/revistadospneus.com\/pt\/2023\/03\/22\/domingos-morgado-regressa-ao-mercado-das-jantes\/\" \/>\n<meta property=\"og:site_name\" content=\"Revista dos Pneus\" \/>\n<meta property=\"article:publisher\" content=\"https:\/\/www.facebook.com\/revistapneus\" \/>\n<meta property=\"article:published_time\" content=\"2023-03-22T10:00:34+00:00\" \/>\n<meta property=\"og:image\" content=\"https:\/\/revistadospneus.com\/pt\/wp-content\/uploads\/2023\/03\/Domingos-Morgado-regressa-ao-mercado-das-Jantes.jpg\" \/>\n\t<meta property=\"og:image:width\" content=\"1024\" \/>\n\t<meta property=\"og:image:height\" content=\"581\" \/>\n\t<meta property=\"og:image:type\" content=\"image\/jpeg\" \/>\n<meta name=\"author\" content=\"Reda\u00e7\u00e3o RP\" \/>\n<meta name=\"twitter:card\" content=\"summary_large_image\" \/>\n<meta name=\"twitter:creator\" content=\"@revistapneus\" \/>\n<meta name=\"twitter:site\" content=\"@revistapneus\" \/>\n<meta name=\"twitter:label1\" content=\"Escrito por\" \/>\n\t<meta name=\"twitter:data1\" content=\"Reda\u00e7\u00e3o RP\" \/>\n\t<meta name=\"twitter:label2\" content=\"Tempo estimado de leitura\" \/>\n\t<meta name=\"twitter:data2\" content=\"2 minutos\" \/>\n<script type=\"application\/ld+json\" class=\"yoast-schema-graph\">{\"@context\":\"https:\\\/\\\/schema.org\",\"@graph\":[{\"@type\":\"Article\",\"@id\":\"https:\\\/\\\/revistadospneus.com\\\/pt\\\/2023\\\/03\\\/22\\\/domingos-morgado-regressa-ao-mercado-das-jantes\\\/#article\",\"isPartOf\":{\"@id\":\"https:\\\/\\\/revistadospneus.com\\\/pt\\\/2023\\\/03\\\/22\\\/domingos-morgado-regressa-ao-mercado-das-jantes\\\/\"},\"author\":{\"name\":\"Reda\u00e7\u00e3o RP\",\"@id\":\"https:\\\/\\\/revistadospneus.com\\\/pt\\\/#\\\/schema\\\/person\\\/9c602809538a614c26e5569d14ed6442\"},\"headline\":\"Domingos &#038; Morgado regressa ao mercado das Jantes\",\"datePublished\":\"2023-03-22T10:00:34+00:00\",\"mainEntityOfPage\":{\"@id\":\"https:\\\/\\\/revistadospneus.com\\\/pt\\\/2023\\\/03\\\/22\\\/domingos-morgado-regressa-ao-mercado-das-jantes\\\/\"},\"wordCount\":242,\"publisher\":{\"@id\":\"https:\\\/\\\/revistadospneus.com\\\/pt\\\/#organization\"},\"image\":{\"@id\":\"https:\\\/\\\/revistadospneus.com\\\/pt\\\/2023\\\/03\\\/22\\\/domingos-morgado-regressa-ao-mercado-das-jantes\\\/#primaryimage\"},\"thumbnailUrl\":\"https:\\\/\\\/revistadospneus.com\\\/pt\\\/wp-content\\\/uploads\\\/2023\\\/03\\\/Domingos-Morgado-regressa-ao-mercado-das-Jantes.jpg\",\"keywords\":[\"Aftermarket Autom\u00f3vel\",\"Domingos &amp; Morgado\",\"MAK\",\"NPK\",\"Pneu Suplente\",\"Setor da OEM\"],\"articleSection\":[\"Empresas\"],\"inLanguage\":\"pt-PT\"},{\"@type\":\"WebPage\",\"@id\":\"https:\\\/\\\/revistadospneus.com\\\/pt\\\/2023\\\/03\\\/22\\\/domingos-morgado-regressa-ao-mercado-das-jantes\\\/\",\"url\":\"https:\\\/\\\/revistadospneus.com\\\/pt\\\/2023\\\/03\\\/22\\\/domingos-morgado-regressa-ao-mercado-das-jantes\\\/\",\"name\":\"Domingos & Morgado regressa ao mercado das Jantes - Revista dos Pneus\",\"isPartOf\":{\"@id\":\"https:\\\/\\\/revistadospneus.com\\\/pt\\\/#website\"},\"primaryImageOfPage\":{\"@id\":\"https:\\\/\\\/revistadospneus.com\\\/pt\\\/2023\\\/03\\\/22\\\/domingos-morgado-regressa-ao-mercado-das-jantes\\\/#primaryimage\"},\"image\":{\"@id\":\"https:\\\/\\\/revistadospneus.com\\\/pt\\\/2023\\\/03\\\/22\\\/domingos-morgado-regressa-ao-mercado-das-jantes\\\/#primaryimage\"},\"thumbnailUrl\":\"https:\\\/\\\/revistadospneus.com\\\/pt\\\/wp-content\\\/uploads\\\/2023\\\/03\\\/Domingos-Morgado-regressa-ao-mercado-das-Jantes.jpg\",\"datePublished\":\"2023-03-22T10:00:34+00:00\",\"description\":\"A Domingos & Morgado est\u00e1 a regressar ao mercado das jantes de uma forma mais t\u00e9cnica e mais exigente ficando assim ligada ao Setor da OEM\",\"breadcrumb\":{\"@id\":\"https:\\\/\\\/revistadospneus.com\\\/pt\\\/2023\\\/03\\\/22\\\/domingos-morgado-regressa-ao-mercado-das-jantes\\\/#breadcrumb\"},\"inLanguage\":\"pt-PT\",\"potentialAction\":[{\"@type\":\"ReadAction\",\"target\":[\"https:\\\/\\\/revistadospneus.com\\\/pt\\\/2023\\\/03\\\/22\\\/domingos-morgado-regressa-ao-mercado-das-jantes\\\/\"]}]},{\"@type\":\"ImageObject\",\"inLanguage\":\"pt-PT\",\"@id\":\"https:\\\/\\\/revistadospneus.com\\\/pt\\\/2023\\\/03\\\/22\\\/domingos-morgado-regressa-ao-mercado-das-jantes\\\/#primaryimage\",\"url\":\"https:\\\/\\\/revistadospneus.com\\\/pt\\\/wp-content\\\/uploads\\\/2023\\\/03\\\/Domingos-Morgado-regressa-ao-mercado-das-Jantes.jpg\",\"contentUrl\":\"https:\\\/\\\/revistadospneus.com\\\/pt\\\/wp-content\\\/uploads\\\/2023\\\/03\\\/Domingos-Morgado-regressa-ao-mercado-das-Jantes.jpg\",\"width\":1024,\"height\":581,\"caption\":\"03 - Domingos Morgado regressa ao mercado das Jantes\"},{\"@type\":\"BreadcrumbList\",\"@id\":\"https:\\\/\\\/revistadospneus.com\\\/pt\\\/2023\\\/03\\\/22\\\/domingos-morgado-regressa-ao-mercado-das-jantes\\\/#breadcrumb\",\"itemListElement\":[{\"@type\":\"ListItem\",\"position\":1,\"name\":\"In\u00edcio\",\"item\":\"https:\\\/\\\/revistadospneus.com\\\/pt\\\/\"},{\"@type\":\"ListItem\",\"position\":2,\"name\":\"Domingos &#038; Morgado regressa ao mercado das Jantes\"}]},{\"@type\":\"WebSite\",\"@id\":\"https:\\\/\\\/revistadospneus.com\\\/pt\\\/#website\",\"url\":\"https:\\\/\\\/revistadospneus.com\\\/pt\\\/\",\"name\":\"Revista dos Pneus\",\"description\":\"Revista independente de pneus e servi\u00e7os r\u00e1pidos\",\"publisher\":{\"@id\":\"https:\\\/\\\/revistadospneus.com\\\/pt\\\/#organization\"},\"potentialAction\":[{\"@type\":\"SearchAction\",\"target\":{\"@type\":\"EntryPoint\",\"urlTemplate\":\"https:\\\/\\\/revistadospneus.com\\\/pt\\\/?s={search_term_string}\"},\"query-input\":{\"@type\":\"PropertyValueSpecification\",\"valueRequired\":true,\"valueName\":\"search_term_string\"}}],\"inLanguage\":\"pt-PT\"},{\"@type\":\"Organization\",\"@id\":\"https:\\\/\\\/revistadospneus.com\\\/pt\\\/#organization\",\"name\":\"Revista dos Pneus\",\"url\":\"https:\\\/\\\/revistadospneus.com\\\/pt\\\/\",\"logo\":{\"@type\":\"ImageObject\",\"inLanguage\":\"pt-PT\",\"@id\":\"https:\\\/\\\/revistadospneus.com\\\/pt\\\/#\\\/schema\\\/logo\\\/image\\\/\",\"url\":\"https:\\\/\\\/revistadospneus.com\\\/pt\\\/wp-content\\\/uploads\\\/logo2-1.png\",\"contentUrl\":\"https:\\\/\\\/revistadospneus.com\\\/pt\\\/wp-content\\\/uploads\\\/logo2-1.png\",\"width\":216,\"height\":70,\"caption\":\"Revista dos Pneus\"},\"image\":{\"@id\":\"https:\\\/\\\/revistadospneus.com\\\/pt\\\/#\\\/schema\\\/logo\\\/image\\\/\"},\"sameAs\":[\"https:\\\/\\\/www.facebook.com\\\/revistapneus\",\"https:\\\/\\\/x.com\\\/revistapneus\",\"https:\\\/\\\/www.linkedin.com\\\/company\\\/jornal-das-oficinas\\\/\",\"https:\\\/\\\/www.youtube.com\\\/channel\\\/UCbQZBqtcvV-oSQrr7RzINGg\"]},{\"@type\":\"Person\",\"@id\":\"https:\\\/\\\/revistadospneus.com\\\/pt\\\/#\\\/schema\\\/person\\\/9c602809538a614c26e5569d14ed6442\",\"name\":\"Reda\u00e7\u00e3o RP\",\"image\":{\"@type\":\"ImageObject\",\"inLanguage\":\"pt-PT\",\"@id\":\"https:\\\/\\\/secure.gravatar.com\\\/avatar\\\/71f2fa71737ad68a84fea94bc708ddac8ea5b0c4788dc2ad202f3ccb2887742f?s=96&d=wp_user_avatar&r=g\",\"url\":\"https:\\\/\\\/secure.gravatar.com\\\/avatar\\\/71f2fa71737ad68a84fea94bc708ddac8ea5b0c4788dc2ad202f3ccb2887742f?s=96&d=wp_user_avatar&r=g\",\"contentUrl\":\"https:\\\/\\\/secure.gravatar.com\\\/avatar\\\/71f2fa71737ad68a84fea94bc708ddac8ea5b0c4788dc2ad202f3ccb2887742f?s=96&d=wp_user_avatar&r=g\",\"caption\":\"Reda\u00e7\u00e3o RP\"},\"url\":\"https:\\\/\\\/revistadospneus.com\\\/pt\\\/author\\\/rpredacao\\\/\"}]}<\/script>\n<!-- \/ Yoast SEO plugin. -->","yoast_head_json":{"title":"Domingos & Morgado regressa ao mercado das Jantes - Revista dos Pneus","description":"A Domingos & Morgado est\u00e1 a regressar ao mercado das jantes de uma forma mais t\u00e9cnica e mais exigente ficando assim ligada ao Setor da OEM","robots":{"index":"index","follow":"follow","max-snippet":"max-snippet:-1","max-image-preview":"max-image-preview:large","max-video-preview":"max-video-preview:-1"},"canonical":"https:\/\/revistadospneus.com\/pt\/2023\/03\/22\/domingos-morgado-regressa-ao-mercado-das-jantes\/","og_locale":"pt_PT","og_type":"article","og_title":"Domingos & Morgado regressa ao mercado das Jantes - Revista dos Pneus","og_description":"A Domingos & Morgado est\u00e1 a regressar ao mercado das jantes de uma forma mais t\u00e9cnica e mais exigente ficando assim ligada ao Setor da OEM","og_url":"https:\/\/revistadospneus.com\/pt\/2023\/03\/22\/domingos-morgado-regressa-ao-mercado-das-jantes\/","og_site_name":"Revista dos Pneus","article_publisher":"https:\/\/www.facebook.com\/revistapneus","article_published_time":"2023-03-22T10:00:34+00:00","og_image":[{"width":1024,"height":581,"url":"https:\/\/revistadospneus.com\/pt\/wp-content\/uploads\/2023\/03\/Domingos-Morgado-regressa-ao-mercado-das-Jantes.jpg","type":"image\/jpeg"}],"author":"Reda\u00e7\u00e3o RP","twitter_card":"summary_large_image","twitter_creator":"@revistapneus","twitter_site":"@revistapneus","twitter_misc":{"Escrito por":"Reda\u00e7\u00e3o RP","Tempo estimado de leitura":"2 minutos"},"schema":{"@context":"https:\/\/schema.org","@graph":[{"@type":"Article","@id":"https:\/\/revistadospneus.com\/pt\/2023\/03\/22\/domingos-morgado-regressa-ao-mercado-das-jantes\/#article","isPartOf":{"@id":"https:\/\/revistadospneus.com\/pt\/2023\/03\/22\/domingos-morgado-regressa-ao-mercado-das-jantes\/"},"author":{"name":"Reda\u00e7\u00e3o RP","@id":"https:\/\/revistadospneus.com\/pt\/#\/schema\/person\/9c602809538a614c26e5569d14ed6442"},"headline":"Domingos &#038; Morgado regressa ao mercado das Jantes","datePublished":"2023-03-22T10:00:34+00:00","mainEntityOfPage":{"@id":"https:\/\/revistadospneus.com\/pt\/2023\/03\/22\/domingos-morgado-regressa-ao-mercado-das-jantes\/"},"wordCount":242,"publisher":{"@id":"https:\/\/revistadospneus.com\/pt\/#organization"},"image":{"@id":"https:\/\/revistadospneus.com\/pt\/2023\/03\/22\/domingos-morgado-regressa-ao-mercado-das-jantes\/#primaryimage"},"thumbnailUrl":"https:\/\/revistadospneus.com\/pt\/wp-content\/uploads\/2023\/03\/Domingos-Morgado-regressa-ao-mercado-das-Jantes.jpg","keywords":["Aftermarket Autom\u00f3vel","Domingos &amp; Morgado","MAK","NPK","Pneu Suplente","Setor da OEM"],"articleSection":["Empresas"],"inLanguage":"pt-PT"},{"@type":"WebPage","@id":"https:\/\/revistadospneus.com\/pt\/2023\/03\/22\/domingos-morgado-regressa-ao-mercado-das-jantes\/","url":"https:\/\/revistadospneus.com\/pt\/2023\/03\/22\/domingos-morgado-regressa-ao-mercado-das-jantes\/","name":"Domingos & Morgado regressa ao mercado das Jantes - Revista dos Pneus","isPartOf":{"@id":"https:\/\/revistadospneus.com\/pt\/#website"},"primaryImageOfPage":{"@id":"https:\/\/revistadospneus.com\/pt\/2023\/03\/22\/domingos-morgado-regressa-ao-mercado-das-jantes\/#primaryimage"},"image":{"@id":"https:\/\/revistadospneus.com\/pt\/2023\/03\/22\/domingos-morgado-regressa-ao-mercado-das-jantes\/#primaryimage"},"thumbnailUrl":"https:\/\/revistadospneus.com\/pt\/wp-content\/uploads\/2023\/03\/Domingos-Morgado-regressa-ao-mercado-das-Jantes.jpg","datePublished":"2023-03-22T10:00:34+00:00","description":"A Domingos & Morgado est\u00e1 a regressar ao mercado das jantes de uma forma mais t\u00e9cnica e mais exigente ficando assim ligada ao Setor da OEM","breadcrumb":{"@id":"https:\/\/revistadospneus.com\/pt\/2023\/03\/22\/domingos-morgado-regressa-ao-mercado-das-jantes\/#breadcrumb"},"inLanguage":"pt-PT","potentialAction":[{"@type":"ReadAction","target":["https:\/\/revistadospneus.com\/pt\/2023\/03\/22\/domingos-morgado-regressa-ao-mercado-das-jantes\/"]}]},{"@type":"ImageObject","inLanguage":"pt-PT","@id":"https:\/\/revistadospneus.com\/pt\/2023\/03\/22\/domingos-morgado-regressa-ao-mercado-das-jantes\/#primaryimage","url":"https:\/\/revistadospneus.com\/pt\/wp-content\/uploads\/2023\/03\/Domingos-Morgado-regressa-ao-mercado-das-Jantes.jpg","contentUrl":"https:\/\/revistadospneus.com\/pt\/wp-content\/uploads\/2023\/03\/Domingos-Morgado-regressa-ao-mercado-das-Jantes.jpg","width":1024,"height":581,"caption":"03 - Domingos Morgado regressa ao mercado das Jantes"},{"@type":"BreadcrumbList","@id":"https:\/\/revistadospneus.com\/pt\/2023\/03\/22\/domingos-morgado-regressa-ao-mercado-das-jantes\/#breadcrumb","itemListElement":[{"@type":"ListItem","position":1,"name":"In\u00edcio","item":"https:\/\/revistadospneus.com\/pt\/"},{"@type":"ListItem","position":2,"name":"Domingos &#038; Morgado regressa ao mercado das Jantes"}]},{"@type":"WebSite","@id":"https:\/\/revistadospneus.com\/pt\/#website","url":"https:\/\/revistadospneus.com\/pt\/","name":"Revista dos Pneus","description":"Revista independente de pneus e servi\u00e7os r\u00e1pidos","publisher":{"@id":"https:\/\/revistadospneus.com\/pt\/#organization"},"potentialAction":[{"@type":"SearchAction","target":{"@type":"EntryPoint","urlTemplate":"https:\/\/revistadospneus.com\/pt\/?s={search_term_string}"},"query-input":{"@type":"PropertyValueSpecification","valueRequired":true,"valueName":"search_term_string"}}],"inLanguage":"pt-PT"},{"@type":"Organization","@id":"https:\/\/revistadospneus.com\/pt\/#organization","name":"Revista dos Pneus","url":"https:\/\/revistadospneus.com\/pt\/","logo":{"@type":"ImageObject","inLanguage":"pt-PT","@id":"https:\/\/revistadospneus.com\/pt\/#\/schema\/logo\/image\/","url":"https:\/\/revistadospneus.com\/pt\/wp-content\/uploads\/logo2-1.png","contentUrl":"https:\/\/revistadospneus.com\/pt\/wp-content\/uploads\/logo2-1.png","width":216,"height":70,"caption":"Revista dos Pneus"},"image":{"@id":"https:\/\/revistadospneus.com\/pt\/#\/schema\/logo\/image\/"},"sameAs":["https:\/\/www.facebook.com\/revistapneus","https:\/\/x.com\/revistapneus","https:\/\/www.linkedin.com\/company\/jornal-das-oficinas\/","https:\/\/www.youtube.com\/channel\/UCbQZBqtcvV-oSQrr7RzINGg"]},{"@type":"Person","@id":"https:\/\/revistadospneus.com\/pt\/#\/schema\/person\/9c602809538a614c26e5569d14ed6442","name":"Reda\u00e7\u00e3o RP","image":{"@type":"ImageObject","inLanguage":"pt-PT","@id":"https:\/\/secure.gravatar.com\/avatar\/71f2fa71737ad68a84fea94bc708ddac8ea5b0c4788dc2ad202f3ccb2887742f?s=96&d=wp_user_avatar&r=g","url":"https:\/\/secure.gravatar.com\/avatar\/71f2fa71737ad68a84fea94bc708ddac8ea5b0c4788dc2ad202f3ccb2887742f?s=96&d=wp_user_avatar&r=g","contentUrl":"https:\/\/secure.gravatar.com\/avatar\/71f2fa71737ad68a84fea94bc708ddac8ea5b0c4788dc2ad202f3ccb2887742f?s=96&d=wp_user_avatar&r=g","caption":"Reda\u00e7\u00e3o RP"},"url":"https:\/\/revistadospneus.com\/pt\/author\/rpredacao\/"}]}},"_links":{"self":[{"href":"https:\/\/revistadospneus.com\/pt\/wp-json\/wp\/v2\/posts\/24997","targetHints":{"allow":["GET"]}}],"collection":[{"href":"https:\/\/revistadospneus.com\/pt\/wp-json\/wp\/v2\/posts"}],"about":[{"href":"https:\/\/revistadospneus.com\/pt\/wp-json\/wp\/v2\/types\/post"}],"author":[{"embeddable":true,"href":"https:\/\/revistadospneus.com\/pt\/wp-json\/wp\/v2\/users\/13"}],"replies":[{"embeddable":true,"href":"https:\/\/revistadospneus.com\/pt\/wp-json\/wp\/v2\/comments?post=24997"}],"version-history":[{"count":0,"href":"https:\/\/revistadospneus.com\/pt\/wp-json\/wp\/v2\/posts\/24997\/revisions"}],"wp:featuredmedia":[{"embeddable":true,"href":"https:\/\/revistadospneus.com\/pt\/wp-json\/wp\/v2\/media\/24999"}],"wp:attachment":[{"href":"https:\/\/revistadospneus.com\/pt\/wp-json\/wp\/v2\/media?parent=24997"}],"wp:term":[{"taxonomy":"category","embeddable":true,"href":"https:\/\/revistadospneus.com\/pt\/wp-json\/wp\/v2\/categories?post=24997"},{"taxonomy":"post_tag","embeddable":true,"href":"https:\/\/revistadospneus.com\/pt\/wp-json\/wp\/v2\/tags?post=24997"}],"curies":[{"name":"wp","href":"https:\/\/api.w.org\/{rel}","templated":true}]}}