{"id":25589,"date":"2023-05-09T18:00:05","date_gmt":"2023-05-09T17:00:05","guid":{"rendered":"https:\/\/revistadospneus.com\/pt\/?p=25589"},"modified":"2023-05-09T16:00:43","modified_gmt":"2023-05-09T15:00:43","slug":"michelin-reestrutura-equipa","status":"publish","type":"post","link":"https:\/\/revistadospneus.com\/pt\/2023\/05\/09\/michelin-reestrutura-equipa\/","title":{"rendered":"Michelin reestrutura equipa"},"content":{"rendered":"<p><strong><img loading=\"lazy\" decoding=\"async\" class=\"alignnone size-full wp-image-25578\" src=\"https:\/\/revistadospneus.com\/pt\/wp-content\/uploads\/2023\/05\/Michelin-reestrutura-equipa.jpeg\" alt=\"05 - Michelin reestrutura equipa\" width=\"1024\" height=\"581\" srcset=\"https:\/\/revistadospneus.com\/pt\/wp-content\/uploads\/2023\/05\/Michelin-reestrutura-equipa.jpeg 1024w, https:\/\/revistadospneus.com\/pt\/wp-content\/uploads\/2023\/05\/Michelin-reestrutura-equipa-300x170.jpeg 300w, https:\/\/revistadospneus.com\/pt\/wp-content\/uploads\/2023\/05\/Michelin-reestrutura-equipa-150x85.jpeg 150w, https:\/\/revistadospneus.com\/pt\/wp-content\/uploads\/2023\/05\/Michelin-reestrutura-equipa-768x436.jpeg 768w\" sizes=\"auto, (max-width: 1024px) 100vw, 1024px\" \/><\/strong><\/p>\n<p><strong>A <a href=\"https:\/\/www.michelin.pt\/\" target=\"_blank\" rel=\"noopener\">Michelin<\/a> anuncia que David Udakiola, assumir\u00e1 a dire\u00e7\u00e3o da f\u00e1brica Michelin, de Vitoria, j\u00e1 a partir do pr\u00f3ximo dia 1 de julho de 2023. J\u00e1 Vicente Rodr\u00edguez, na mesma data, ocupar\u00e1 o lugar de Udakiola, enquanto diretor da f\u00e1brica Michelin, de Lasarte<\/strong><\/p>\n<p>Nascido em San Sebasti\u00e1n,\u00a0David Udakiola, engenheiro industrial pela Universidade de Navarra, ingressou na Michelin em 1998. Depois de ocupar diferentes postos nos dom\u00ednios da organiza\u00e7\u00e3o e do fabrico de neum\u00e1ticos agr\u00edcolas, na f\u00e1brica Michelin de Valladolid, Udakiola transferiu-se para a fabrica de Lasarte em 2004, onde desempenhou diversos cargos na \u00e1rea de produ\u00e7\u00e3o, nas atividades de pneus de moto e de turismo. Em 2008, entrou para a f\u00e1brica Michelin de Vitoria, para assumir a responsabilidade do Fabrico de refor\u00e7os met\u00e1licos para o pneu, para passar a integrar, em 2011, a dire\u00e7\u00e3o da atividade de Obras P\u00fablicas e Minera\u00e7\u00e3o. Udakiola voltou \u00e0 unidade de Lasarte, enquanto diretor da f\u00e1brica, em 2020. A partir do pr\u00f3ximo dia 1 de julho, regressar\u00e1 a Vitoria para assumir o posto de diretor da f\u00e1brica Michelin de Vitoria.<\/p>\n<p>Por sua vez,\u00a0Vicente Rodr\u00edguez\u00a0passar\u00e1 a assumir a dire\u00e7\u00e3o da f\u00e1brica Michelin de Lasarte a partir de 1 de julho. Natural de Oviedo, e engenheiro industrial pela Universidade de Valladolid, Vicente Rodr\u00edguez desenvolveu toda a sua carreira profissional na Michelin, desde 2002, desempenhando diferentes cargos nas \u00e1reas de engenharia, manuten\u00e7\u00e3o, qualidade e produ\u00e7\u00e3o, na f\u00e1brica de Vitoria, onde exerce a fun\u00e7\u00e3o de diretor de fabrico de Semiterminados desde 2016.<\/p>\n<p>O atual diretor da f\u00e1brica Michelin de Vitoria,\u00a0C\u00e9sar Mo\u00f1ux, assumir\u00e1, a partir do pr\u00f3ximo dia 1 de julho, o posto de diretor industrial de Produtos de Especialidades (Engenharia Civil, Agr\u00edcola, Moto e Avi\u00e3o) para a Europa, a partir da sede do grupo em Clermont Ferrand (Fran\u00e7a).<\/p>\n<!-- AddThis Advanced Settings generic via filter on the_content --><!-- AddThis Share Buttons generic via filter on the_content -->","protected":false},"excerpt":{"rendered":"<p>A Michelin anuncia que David Udakiola, assumir\u00e1 a dire\u00e7\u00e3o&#8230;<!-- AddThis Advanced Settings generic via filter on get_the_excerpt --><!-- AddThis Share Buttons generic via filter on get_the_excerpt --><\/p>\n","protected":false},"author":13,"featured_media":25578,"comment_status":"closed","ping_status":"closed","sticky":false,"template":"","format":"standard","meta":{"footnotes":""},"categories":[29],"tags":[2134,2137,48,2138,2135,2136],"class_list":["post-25589","post","type-post","status-publish","format-standard","has-post-thumbnail","hentry","category-empresas","tag-david-udakiola","tag-lasarte","tag-michelin","tag-reestrutura-equipa","tag-vicente-rodriguez","tag-vitoria"],"yoast_head":"<!-- This site is optimized with the Yoast SEO plugin v27.5 - https:\/\/yoast.com\/product\/yoast-seo-wordpress\/ -->\n<title>Michelin reestrutura equipa - Revista dos Pneus<\/title>\n<meta name=\"description\" content=\"A Michelin anuncia que David Udakiola, assumir\u00e1 a dire\u00e7\u00e3o da f\u00e1brica Michelin, de Vitoria, j\u00e1 a partir do pr\u00f3ximo dia 1 de julho de 2023\" \/>\n<meta name=\"robots\" content=\"index, follow, max-snippet:-1, max-image-preview:large, max-video-preview:-1\" \/>\n<link rel=\"canonical\" href=\"https:\/\/revistadospneus.com\/pt\/2023\/05\/09\/michelin-reestrutura-equipa\/\" \/>\n<meta property=\"og:locale\" content=\"pt_PT\" \/>\n<meta property=\"og:type\" content=\"article\" \/>\n<meta property=\"og:title\" content=\"Michelin reestrutura equipa - Revista dos Pneus\" \/>\n<meta property=\"og:description\" content=\"A Michelin anuncia que David Udakiola, assumir\u00e1 a dire\u00e7\u00e3o da f\u00e1brica Michelin, de Vitoria, j\u00e1 a partir do pr\u00f3ximo dia 1 de julho de 2023\" \/>\n<meta property=\"og:url\" content=\"https:\/\/revistadospneus.com\/pt\/2023\/05\/09\/michelin-reestrutura-equipa\/\" \/>\n<meta property=\"og:site_name\" content=\"Revista dos Pneus\" \/>\n<meta property=\"article:publisher\" content=\"https:\/\/www.facebook.com\/revistapneus\" \/>\n<meta property=\"article:published_time\" content=\"2023-05-09T17:00:05+00:00\" \/>\n<meta property=\"og:image\" content=\"https:\/\/revistadospneus.com\/pt\/wp-content\/uploads\/2023\/05\/Michelin-reestrutura-equipa.jpeg\" \/>\n\t<meta property=\"og:image:width\" content=\"1024\" \/>\n\t<meta property=\"og:image:height\" content=\"581\" \/>\n\t<meta property=\"og:image:type\" content=\"image\/jpeg\" \/>\n<meta name=\"author\" content=\"Reda\u00e7\u00e3o RP\" \/>\n<meta name=\"twitter:card\" content=\"summary_large_image\" \/>\n<meta name=\"twitter:creator\" content=\"@revistapneus\" \/>\n<meta name=\"twitter:site\" content=\"@revistapneus\" \/>\n<meta name=\"twitter:label1\" content=\"Escrito por\" \/>\n\t<meta name=\"twitter:data1\" content=\"Reda\u00e7\u00e3o RP\" \/>\n\t<meta name=\"twitter:label2\" content=\"Tempo estimado de leitura\" \/>\n\t<meta name=\"twitter:data2\" content=\"2 minutos\" \/>\n<script type=\"application\/ld+json\" class=\"yoast-schema-graph\">{\"@context\":\"https:\\\/\\\/schema.org\",\"@graph\":[{\"@type\":\"Article\",\"@id\":\"https:\\\/\\\/revistadospneus.com\\\/pt\\\/2023\\\/05\\\/09\\\/michelin-reestrutura-equipa\\\/#article\",\"isPartOf\":{\"@id\":\"https:\\\/\\\/revistadospneus.com\\\/pt\\\/2023\\\/05\\\/09\\\/michelin-reestrutura-equipa\\\/\"},\"author\":{\"name\":\"Reda\u00e7\u00e3o RP\",\"@id\":\"https:\\\/\\\/revistadospneus.com\\\/pt\\\/#\\\/schema\\\/person\\\/9c602809538a614c26e5569d14ed6442\"},\"headline\":\"Michelin reestrutura equipa\",\"datePublished\":\"2023-05-09T17:00:05+00:00\",\"mainEntityOfPage\":{\"@id\":\"https:\\\/\\\/revistadospneus.com\\\/pt\\\/2023\\\/05\\\/09\\\/michelin-reestrutura-equipa\\\/\"},\"wordCount\":319,\"publisher\":{\"@id\":\"https:\\\/\\\/revistadospneus.com\\\/pt\\\/#organization\"},\"image\":{\"@id\":\"https:\\\/\\\/revistadospneus.com\\\/pt\\\/2023\\\/05\\\/09\\\/michelin-reestrutura-equipa\\\/#primaryimage\"},\"thumbnailUrl\":\"https:\\\/\\\/revistadospneus.com\\\/pt\\\/wp-content\\\/uploads\\\/2023\\\/05\\\/Michelin-reestrutura-equipa.jpeg\",\"keywords\":[\"David Udakiola\",\"Lasarte\",\"Michelin\",\"reestrutura equipa\",\"Vicente Rodr\u00edguez\",\"Vitoria\"],\"articleSection\":[\"Empresas\"],\"inLanguage\":\"pt-PT\"},{\"@type\":\"WebPage\",\"@id\":\"https:\\\/\\\/revistadospneus.com\\\/pt\\\/2023\\\/05\\\/09\\\/michelin-reestrutura-equipa\\\/\",\"url\":\"https:\\\/\\\/revistadospneus.com\\\/pt\\\/2023\\\/05\\\/09\\\/michelin-reestrutura-equipa\\\/\",\"name\":\"Michelin reestrutura equipa - Revista dos Pneus\",\"isPartOf\":{\"@id\":\"https:\\\/\\\/revistadospneus.com\\\/pt\\\/#website\"},\"primaryImageOfPage\":{\"@id\":\"https:\\\/\\\/revistadospneus.com\\\/pt\\\/2023\\\/05\\\/09\\\/michelin-reestrutura-equipa\\\/#primaryimage\"},\"image\":{\"@id\":\"https:\\\/\\\/revistadospneus.com\\\/pt\\\/2023\\\/05\\\/09\\\/michelin-reestrutura-equipa\\\/#primaryimage\"},\"thumbnailUrl\":\"https:\\\/\\\/revistadospneus.com\\\/pt\\\/wp-content\\\/uploads\\\/2023\\\/05\\\/Michelin-reestrutura-equipa.jpeg\",\"datePublished\":\"2023-05-09T17:00:05+00:00\",\"description\":\"A Michelin anuncia que David Udakiola, assumir\u00e1 a dire\u00e7\u00e3o da f\u00e1brica Michelin, de Vitoria, j\u00e1 a partir do pr\u00f3ximo dia 1 de julho de 2023\",\"breadcrumb\":{\"@id\":\"https:\\\/\\\/revistadospneus.com\\\/pt\\\/2023\\\/05\\\/09\\\/michelin-reestrutura-equipa\\\/#breadcrumb\"},\"inLanguage\":\"pt-PT\",\"potentialAction\":[{\"@type\":\"ReadAction\",\"target\":[\"https:\\\/\\\/revistadospneus.com\\\/pt\\\/2023\\\/05\\\/09\\\/michelin-reestrutura-equipa\\\/\"]}]},{\"@type\":\"ImageObject\",\"inLanguage\":\"pt-PT\",\"@id\":\"https:\\\/\\\/revistadospneus.com\\\/pt\\\/2023\\\/05\\\/09\\\/michelin-reestrutura-equipa\\\/#primaryimage\",\"url\":\"https:\\\/\\\/revistadospneus.com\\\/pt\\\/wp-content\\\/uploads\\\/2023\\\/05\\\/Michelin-reestrutura-equipa.jpeg\",\"contentUrl\":\"https:\\\/\\\/revistadospneus.com\\\/pt\\\/wp-content\\\/uploads\\\/2023\\\/05\\\/Michelin-reestrutura-equipa.jpeg\",\"width\":1024,\"height\":581,\"caption\":\"05 - Michelin reestrutura equipa\"},{\"@type\":\"BreadcrumbList\",\"@id\":\"https:\\\/\\\/revistadospneus.com\\\/pt\\\/2023\\\/05\\\/09\\\/michelin-reestrutura-equipa\\\/#breadcrumb\",\"itemListElement\":[{\"@type\":\"ListItem\",\"position\":1,\"name\":\"In\u00edcio\",\"item\":\"https:\\\/\\\/revistadospneus.com\\\/pt\\\/\"},{\"@type\":\"ListItem\",\"position\":2,\"name\":\"Michelin reestrutura equipa\"}]},{\"@type\":\"WebSite\",\"@id\":\"https:\\\/\\\/revistadospneus.com\\\/pt\\\/#website\",\"url\":\"https:\\\/\\\/revistadospneus.com\\\/pt\\\/\",\"name\":\"Revista dos Pneus\",\"description\":\"Revista independente de pneus e servi\u00e7os r\u00e1pidos\",\"publisher\":{\"@id\":\"https:\\\/\\\/revistadospneus.com\\\/pt\\\/#organization\"},\"potentialAction\":[{\"@type\":\"SearchAction\",\"target\":{\"@type\":\"EntryPoint\",\"urlTemplate\":\"https:\\\/\\\/revistadospneus.com\\\/pt\\\/?s={search_term_string}\"},\"query-input\":{\"@type\":\"PropertyValueSpecification\",\"valueRequired\":true,\"valueName\":\"search_term_string\"}}],\"inLanguage\":\"pt-PT\"},{\"@type\":\"Organization\",\"@id\":\"https:\\\/\\\/revistadospneus.com\\\/pt\\\/#organization\",\"name\":\"Revista dos Pneus\",\"url\":\"https:\\\/\\\/revistadospneus.com\\\/pt\\\/\",\"logo\":{\"@type\":\"ImageObject\",\"inLanguage\":\"pt-PT\",\"@id\":\"https:\\\/\\\/revistadospneus.com\\\/pt\\\/#\\\/schema\\\/logo\\\/image\\\/\",\"url\":\"https:\\\/\\\/revistadospneus.com\\\/pt\\\/wp-content\\\/uploads\\\/logo2-1.png\",\"contentUrl\":\"https:\\\/\\\/revistadospneus.com\\\/pt\\\/wp-content\\\/uploads\\\/logo2-1.png\",\"width\":216,\"height\":70,\"caption\":\"Revista dos Pneus\"},\"image\":{\"@id\":\"https:\\\/\\\/revistadospneus.com\\\/pt\\\/#\\\/schema\\\/logo\\\/image\\\/\"},\"sameAs\":[\"https:\\\/\\\/www.facebook.com\\\/revistapneus\",\"https:\\\/\\\/x.com\\\/revistapneus\",\"https:\\\/\\\/www.linkedin.com\\\/company\\\/jornal-das-oficinas\\\/\",\"https:\\\/\\\/www.youtube.com\\\/channel\\\/UCbQZBqtcvV-oSQrr7RzINGg\"]},{\"@type\":\"Person\",\"@id\":\"https:\\\/\\\/revistadospneus.com\\\/pt\\\/#\\\/schema\\\/person\\\/9c602809538a614c26e5569d14ed6442\",\"name\":\"Reda\u00e7\u00e3o RP\",\"image\":{\"@type\":\"ImageObject\",\"inLanguage\":\"pt-PT\",\"@id\":\"https:\\\/\\\/secure.gravatar.com\\\/avatar\\\/71f2fa71737ad68a84fea94bc708ddac8ea5b0c4788dc2ad202f3ccb2887742f?s=96&d=wp_user_avatar&r=g\",\"url\":\"https:\\\/\\\/secure.gravatar.com\\\/avatar\\\/71f2fa71737ad68a84fea94bc708ddac8ea5b0c4788dc2ad202f3ccb2887742f?s=96&d=wp_user_avatar&r=g\",\"contentUrl\":\"https:\\\/\\\/secure.gravatar.com\\\/avatar\\\/71f2fa71737ad68a84fea94bc708ddac8ea5b0c4788dc2ad202f3ccb2887742f?s=96&d=wp_user_avatar&r=g\",\"caption\":\"Reda\u00e7\u00e3o RP\"},\"url\":\"https:\\\/\\\/revistadospneus.com\\\/pt\\\/author\\\/rpredacao\\\/\"}]}<\/script>\n<!-- \/ Yoast SEO plugin. -->","yoast_head_json":{"title":"Michelin reestrutura equipa - Revista dos Pneus","description":"A Michelin anuncia que David Udakiola, assumir\u00e1 a dire\u00e7\u00e3o da f\u00e1brica Michelin, de Vitoria, j\u00e1 a partir do pr\u00f3ximo dia 1 de julho de 2023","robots":{"index":"index","follow":"follow","max-snippet":"max-snippet:-1","max-image-preview":"max-image-preview:large","max-video-preview":"max-video-preview:-1"},"canonical":"https:\/\/revistadospneus.com\/pt\/2023\/05\/09\/michelin-reestrutura-equipa\/","og_locale":"pt_PT","og_type":"article","og_title":"Michelin reestrutura equipa - Revista dos Pneus","og_description":"A Michelin anuncia que David Udakiola, assumir\u00e1 a dire\u00e7\u00e3o da f\u00e1brica Michelin, de Vitoria, j\u00e1 a partir do pr\u00f3ximo dia 1 de julho de 2023","og_url":"https:\/\/revistadospneus.com\/pt\/2023\/05\/09\/michelin-reestrutura-equipa\/","og_site_name":"Revista dos Pneus","article_publisher":"https:\/\/www.facebook.com\/revistapneus","article_published_time":"2023-05-09T17:00:05+00:00","og_image":[{"width":1024,"height":581,"url":"https:\/\/revistadospneus.com\/pt\/wp-content\/uploads\/2023\/05\/Michelin-reestrutura-equipa.jpeg","type":"image\/jpeg"}],"author":"Reda\u00e7\u00e3o RP","twitter_card":"summary_large_image","twitter_creator":"@revistapneus","twitter_site":"@revistapneus","twitter_misc":{"Escrito por":"Reda\u00e7\u00e3o RP","Tempo estimado de leitura":"2 minutos"},"schema":{"@context":"https:\/\/schema.org","@graph":[{"@type":"Article","@id":"https:\/\/revistadospneus.com\/pt\/2023\/05\/09\/michelin-reestrutura-equipa\/#article","isPartOf":{"@id":"https:\/\/revistadospneus.com\/pt\/2023\/05\/09\/michelin-reestrutura-equipa\/"},"author":{"name":"Reda\u00e7\u00e3o RP","@id":"https:\/\/revistadospneus.com\/pt\/#\/schema\/person\/9c602809538a614c26e5569d14ed6442"},"headline":"Michelin reestrutura equipa","datePublished":"2023-05-09T17:00:05+00:00","mainEntityOfPage":{"@id":"https:\/\/revistadospneus.com\/pt\/2023\/05\/09\/michelin-reestrutura-equipa\/"},"wordCount":319,"publisher":{"@id":"https:\/\/revistadospneus.com\/pt\/#organization"},"image":{"@id":"https:\/\/revistadospneus.com\/pt\/2023\/05\/09\/michelin-reestrutura-equipa\/#primaryimage"},"thumbnailUrl":"https:\/\/revistadospneus.com\/pt\/wp-content\/uploads\/2023\/05\/Michelin-reestrutura-equipa.jpeg","keywords":["David Udakiola","Lasarte","Michelin","reestrutura equipa","Vicente Rodr\u00edguez","Vitoria"],"articleSection":["Empresas"],"inLanguage":"pt-PT"},{"@type":"WebPage","@id":"https:\/\/revistadospneus.com\/pt\/2023\/05\/09\/michelin-reestrutura-equipa\/","url":"https:\/\/revistadospneus.com\/pt\/2023\/05\/09\/michelin-reestrutura-equipa\/","name":"Michelin reestrutura equipa - Revista dos Pneus","isPartOf":{"@id":"https:\/\/revistadospneus.com\/pt\/#website"},"primaryImageOfPage":{"@id":"https:\/\/revistadospneus.com\/pt\/2023\/05\/09\/michelin-reestrutura-equipa\/#primaryimage"},"image":{"@id":"https:\/\/revistadospneus.com\/pt\/2023\/05\/09\/michelin-reestrutura-equipa\/#primaryimage"},"thumbnailUrl":"https:\/\/revistadospneus.com\/pt\/wp-content\/uploads\/2023\/05\/Michelin-reestrutura-equipa.jpeg","datePublished":"2023-05-09T17:00:05+00:00","description":"A Michelin anuncia que David Udakiola, assumir\u00e1 a dire\u00e7\u00e3o da f\u00e1brica Michelin, de Vitoria, j\u00e1 a partir do pr\u00f3ximo dia 1 de julho de 2023","breadcrumb":{"@id":"https:\/\/revistadospneus.com\/pt\/2023\/05\/09\/michelin-reestrutura-equipa\/#breadcrumb"},"inLanguage":"pt-PT","potentialAction":[{"@type":"ReadAction","target":["https:\/\/revistadospneus.com\/pt\/2023\/05\/09\/michelin-reestrutura-equipa\/"]}]},{"@type":"ImageObject","inLanguage":"pt-PT","@id":"https:\/\/revistadospneus.com\/pt\/2023\/05\/09\/michelin-reestrutura-equipa\/#primaryimage","url":"https:\/\/revistadospneus.com\/pt\/wp-content\/uploads\/2023\/05\/Michelin-reestrutura-equipa.jpeg","contentUrl":"https:\/\/revistadospneus.com\/pt\/wp-content\/uploads\/2023\/05\/Michelin-reestrutura-equipa.jpeg","width":1024,"height":581,"caption":"05 - Michelin reestrutura equipa"},{"@type":"BreadcrumbList","@id":"https:\/\/revistadospneus.com\/pt\/2023\/05\/09\/michelin-reestrutura-equipa\/#breadcrumb","itemListElement":[{"@type":"ListItem","position":1,"name":"In\u00edcio","item":"https:\/\/revistadospneus.com\/pt\/"},{"@type":"ListItem","position":2,"name":"Michelin reestrutura equipa"}]},{"@type":"WebSite","@id":"https:\/\/revistadospneus.com\/pt\/#website","url":"https:\/\/revistadospneus.com\/pt\/","name":"Revista dos Pneus","description":"Revista independente de pneus e servi\u00e7os r\u00e1pidos","publisher":{"@id":"https:\/\/revistadospneus.com\/pt\/#organization"},"potentialAction":[{"@type":"SearchAction","target":{"@type":"EntryPoint","urlTemplate":"https:\/\/revistadospneus.com\/pt\/?s={search_term_string}"},"query-input":{"@type":"PropertyValueSpecification","valueRequired":true,"valueName":"search_term_string"}}],"inLanguage":"pt-PT"},{"@type":"Organization","@id":"https:\/\/revistadospneus.com\/pt\/#organization","name":"Revista dos Pneus","url":"https:\/\/revistadospneus.com\/pt\/","logo":{"@type":"ImageObject","inLanguage":"pt-PT","@id":"https:\/\/revistadospneus.com\/pt\/#\/schema\/logo\/image\/","url":"https:\/\/revistadospneus.com\/pt\/wp-content\/uploads\/logo2-1.png","contentUrl":"https:\/\/revistadospneus.com\/pt\/wp-content\/uploads\/logo2-1.png","width":216,"height":70,"caption":"Revista dos Pneus"},"image":{"@id":"https:\/\/revistadospneus.com\/pt\/#\/schema\/logo\/image\/"},"sameAs":["https:\/\/www.facebook.com\/revistapneus","https:\/\/x.com\/revistapneus","https:\/\/www.linkedin.com\/company\/jornal-das-oficinas\/","https:\/\/www.youtube.com\/channel\/UCbQZBqtcvV-oSQrr7RzINGg"]},{"@type":"Person","@id":"https:\/\/revistadospneus.com\/pt\/#\/schema\/person\/9c602809538a614c26e5569d14ed6442","name":"Reda\u00e7\u00e3o RP","image":{"@type":"ImageObject","inLanguage":"pt-PT","@id":"https:\/\/secure.gravatar.com\/avatar\/71f2fa71737ad68a84fea94bc708ddac8ea5b0c4788dc2ad202f3ccb2887742f?s=96&d=wp_user_avatar&r=g","url":"https:\/\/secure.gravatar.com\/avatar\/71f2fa71737ad68a84fea94bc708ddac8ea5b0c4788dc2ad202f3ccb2887742f?s=96&d=wp_user_avatar&r=g","contentUrl":"https:\/\/secure.gravatar.com\/avatar\/71f2fa71737ad68a84fea94bc708ddac8ea5b0c4788dc2ad202f3ccb2887742f?s=96&d=wp_user_avatar&r=g","caption":"Reda\u00e7\u00e3o RP"},"url":"https:\/\/revistadospneus.com\/pt\/author\/rpredacao\/"}]}},"_links":{"self":[{"href":"https:\/\/revistadospneus.com\/pt\/wp-json\/wp\/v2\/posts\/25589","targetHints":{"allow":["GET"]}}],"collection":[{"href":"https:\/\/revistadospneus.com\/pt\/wp-json\/wp\/v2\/posts"}],"about":[{"href":"https:\/\/revistadospneus.com\/pt\/wp-json\/wp\/v2\/types\/post"}],"author":[{"embeddable":true,"href":"https:\/\/revistadospneus.com\/pt\/wp-json\/wp\/v2\/users\/13"}],"replies":[{"embeddable":true,"href":"https:\/\/revistadospneus.com\/pt\/wp-json\/wp\/v2\/comments?post=25589"}],"version-history":[{"count":0,"href":"https:\/\/revistadospneus.com\/pt\/wp-json\/wp\/v2\/posts\/25589\/revisions"}],"wp:featuredmedia":[{"embeddable":true,"href":"https:\/\/revistadospneus.com\/pt\/wp-json\/wp\/v2\/media\/25578"}],"wp:attachment":[{"href":"https:\/\/revistadospneus.com\/pt\/wp-json\/wp\/v2\/media?parent=25589"}],"wp:term":[{"taxonomy":"category","embeddable":true,"href":"https:\/\/revistadospneus.com\/pt\/wp-json\/wp\/v2\/categories?post=25589"},{"taxonomy":"post_tag","embeddable":true,"href":"https:\/\/revistadospneus.com\/pt\/wp-json\/wp\/v2\/tags?post=25589"}],"curies":[{"name":"wp","href":"https:\/\/api.w.org\/{rel}","templated":true}]}}