{"id":25652,"date":"2023-05-16T14:00:00","date_gmt":"2023-05-16T13:00:00","guid":{"rendered":"https:\/\/revistadospneus.com\/pt\/?p=25652"},"modified":"2023-05-16T12:28:07","modified_gmt":"2023-05-16T11:28:07","slug":"michelin-focada-no-campeonato-de-motoe","status":"publish","type":"post","link":"https:\/\/revistadospneus.com\/pt\/2023\/05\/16\/michelin-focada-no-campeonato-de-motoe\/","title":{"rendered":"Michelin focada no campeonato de MotoE"},"content":{"rendered":"<p><strong><img loading=\"lazy\" decoding=\"async\" class=\"alignnone size-full wp-image-25653\" src=\"https:\/\/revistadospneus.com\/pt\/wp-content\/uploads\/2023\/05\/Michelin-focada-no-campeonato-de-MotoE\u2122.jpeg\" alt=\"05 - Michelin focada no campeonato de MotoE\u2122\" width=\"1024\" height=\"581\" srcset=\"https:\/\/revistadospneus.com\/pt\/wp-content\/uploads\/2023\/05\/Michelin-focada-no-campeonato-de-MotoE\u2122.jpeg 1024w, https:\/\/revistadospneus.com\/pt\/wp-content\/uploads\/2023\/05\/Michelin-focada-no-campeonato-de-MotoE\u2122-300x170.jpeg 300w, https:\/\/revistadospneus.com\/pt\/wp-content\/uploads\/2023\/05\/Michelin-focada-no-campeonato-de-MotoE\u2122-150x85.jpeg 150w, https:\/\/revistadospneus.com\/pt\/wp-content\/uploads\/2023\/05\/Michelin-focada-no-campeonato-de-MotoE\u2122-768x436.jpeg 768w\" sizes=\"auto, (max-width: 1024px) 100vw, 1024px\" \/><\/strong><\/p>\n<p><strong>A <a href=\"https:\/\/www.michelin.pt\/\" target=\"_blank\" rel=\"noopener\">Michelin<\/a> desenvolveu uma nova gama de pneus, espec\u00edfica para a ta\u00e7a do Mundo, o MotoE\u2122, que este ano, passar\u00e1 a ser considerada Campeonato do Mundo da <a href=\"https:\/\/www.fim-moto.com\/en\/\" target=\"_blank\" rel=\"noopener\">FIM<\/a>. O novo pneu dianteiro \u00e9 mais leve, e incorpora uma nova carca\u00e7a, com o objetivo de melhorar a performance; ao passo que, no caso do novo composto traseiro, a propor\u00e7\u00e3o de materiais sustent\u00e1veis, renov\u00e1veis ou biol\u00f3gicos, foi aumentada at\u00e9 alcan\u00e7ar 52%<\/strong><\/p>\n<p>Entre estas mat\u00e9rias-primas incluem-se:<\/p>\n<ul>\n<li>L\u00e1tex de Hevea (borracha natural)<\/li>\n<li>Pneus usados de cami\u00f5es e autom\u00f3veis (Enviro rCB)<\/li>\n<li>Casca de laranja e lim\u00e3o<\/li>\n<li>Resina de pinheiro<\/li>\n<li>\u00d3leo de girassol<\/li>\n<li>A\u00e7o reciclado<\/li>\n<\/ul>\n<p>O uso destes materiais contribui de forma significativa para reduzir o impacto sobre os recursos do planeta, ao mesmo tempo proporcionando os elevados n\u00edveis de seguran\u00e7a e performance esperados dos pneus de competi\u00e7\u00e3o Michelin.<\/p>\n<p>\u201cO grupo Michelin comprometeu-se a utilizar exclusivamente materiais sustent\u00e1veis para fabricar todos os seus pneus at\u00e9 2050. O nosso objetivo \u00e9 acelerar o processo atrav\u00e9s da competi\u00e7\u00e3o, utilizando materiais de origem biol\u00f3gica, reciclados e recuperados\u201d,\u00a0explicou Piero Taramasso, diretor da Michelin Motorsport.\u00a0\u201cPara n\u00f3s, o MotoE\u2122 \u00e9 o cen\u00e1rio ideal para introduzir solu\u00e7\u00f5es inovadoras. Uma an\u00e1lise do ciclo de vida dos nossos pneus de MotoE\u2122, desde a sua conce\u00e7\u00e3o at\u00e9 \u00e0 reciclagem, revelou que 75% do seu impacto ambiental deve-se aos materiais com que s\u00e3o fabricados. Poder competir com pneus que incorporam materiais de origem biol\u00f3gica, reciclados e recuperados, sem efeitos adversos nos demais aspetos do seu ciclo de vida, \u00e9 uma ideia sensata. O facto de os tempos por volta virem baixando de ano para ano encorajou-nos a aumentar a propor\u00e7\u00e3o de materiais sustent\u00e1veis para 2023\u201d.<\/p>\n<p>Como em temporadas anteriores, a Michelin disponibilizar\u00e1 \u00e0s equipas de MotoE\u2122 um \u00fanico tipo de composto slick dianteiro e traseiro. Os pilotos poder\u00e3o utilizar at\u00e9 cinco pneus dianteiros, e seis traseiros, por fim-de-semana de corridas. Tamb\u00e9m \u00e9 colocado \u00e0 disposi\u00e7\u00e3o das equipas um pneu espec\u00edfico, e particularmente polivalente, para chuva; neste caso, poder\u00e3o ser utilizados tr\u00eas pneus dianteiros e quatro traseiros. As rondas do calend\u00e1rio de MotoE\u2122 ter\u00e3o lugar no \u00e2mbito dos Grandes Pr\u00e9mios de MotoGP, com duas corridas de aproximadamente 15 minutos (geralmente, oito voltas, dependendo do circuito), as quais t\u00eam lugar depois de tr\u00eas treinos livres e de uma sess\u00e3o de qualifica\u00e7\u00e3o.<\/p>\n<p>A grelha da temporada de 2023 de MotoE\u2122 contar\u00e1 com a participa\u00e7\u00e3o de nove equipas e dezoito pilotos. Entre eles encontra-se o duas vezes campe\u00e3o da categoria, Jordi Torres, que far\u00e1 parte da equipa Openbank Aspar Team. Estreantes a ter em conta ser\u00e3o Randy Krummenacher, depois de ter competido em 125 cc, Moto2, WorldSSP e WorldSBK, e o italiano Luca Salvadori.<\/p>\n<p>A temporada ter\u00e1 in\u00edcio com o Grande Pr\u00e9mio de Fran\u00e7a, no circuito de Le Mans, a 14 de maio. Depois, o campeonato visitar\u00e1 outros desafiantes tra\u00e7ados, como Mugello, Sachsenring, Assen, Silverstone, Spielberg, o Circuit de Barcelona-Catalunya e Misano, onde terminar\u00e1 a temporada, em setembro.<\/p>\n<p>\u201cEstamos encantados por ver como evolui o MotoE\u2122 em 2023, incluindo a introdu\u00e7\u00e3o de novas motos Ducati de alta performance\u201d, acrescentou Piero Taramasso.\u00a0\u201cA Michelin trabalhou, lado a lado, com a Ducati para oferecer um n\u00edvel de performance sem precedentes para este campeonato totalmente el\u00e9trico. Os testes de pr\u00e9-temporada, com pneus que cont\u00eam uma propor\u00e7\u00e3o ainda maior de materiais sustent\u00e1veis, confirmaram os progressos realizados, com uma redu\u00e7\u00e3o de tr\u00eas segundos nos tempos por volta em Jerez e em Barcelona. A temporada de 2023 de MotoE\u2122 promete ser muito intensa, com 16 corridas repartidas por oito fins de semana, e a participa\u00e7\u00e3o de equipas e pilotos de alto n\u00edvel\u201d.<\/p>\n<p><strong>Calend\u00e1rio de MotoE\u21222023<\/strong><\/p>\n<ol>\n<li>12-14 de maio de 2023 &#8211; Grande Pr\u00e9mio de Fran\u00e7a (Le Mans)<\/li>\n<li>9-11 de junho de 2023 \u2013 Grande Pr\u00e9mio de It\u00e1lia (Mugello)<\/li>\n<li>16-18 de junho de 2023 \u2013 Grande Pr\u00e9mio da Alemanha (Sachsenring)<\/li>\n<li>23-25 de junho de 2023 \u2013 Grande Pr\u00e9mio de Pa\u00edses Baixos (Assen)<\/li>\n<li>4-6 de agosto de 2023 \u2013 Grande Pr\u00e9mio da Gr\u00e3-Bretanha (Silverstone)<\/li>\n<li>18-20 de agosto de 2023 \u2013 Grande Pr\u00e9mio da \u00c1ustria (Spielberg)<\/li>\n<li>1-3 de setembro de 2023 \u2013 Grande Pr\u00e9mio da Catalunha (Circuit de Barcelona-Catalunya)<\/li>\n<li>8-10 de setembro de 2023 \u2013 Grande Pr\u00e9mio de San Marino e de la Rivera del Rimini (Misano)<\/li>\n<\/ol>\n<!-- AddThis Advanced Settings generic via filter on the_content --><!-- AddThis Share Buttons generic via filter on the_content -->","protected":false},"excerpt":{"rendered":"<p>A Michelin desenvolveu uma nova gama de pneus, espec\u00edfica&#8230;<!-- AddThis Advanced Settings generic via filter on get_the_excerpt --><!-- AddThis Share Buttons generic via filter on get_the_excerpt --><\/p>\n","protected":false},"author":13,"featured_media":25653,"comment_status":"closed","ping_status":"closed","sticky":false,"template":"","format":"standard","meta":{"footnotes":""},"categories":[39],"tags":[2152,48,2151,2150],"class_list":["post-25652","post","type-post","status-publish","format-standard","has-post-thumbnail","hentry","category-eventos","tag-campeonato-do-mundo-da-fim","tag-michelin","tag-motoe","tag-taca-do-mundo"],"yoast_head":"<!-- This site is optimized with the Yoast SEO plugin v27.4 - https:\/\/yoast.com\/product\/yoast-seo-wordpress\/ -->\n<title>Michelin focada no campeonato de MotoE - Revista dos Pneus<\/title>\n<meta name=\"description\" content=\"A Michelin desenvolveu uma nova gama de pneus, que este ano, passar\u00e1 a ser considerada Campeonato do Mundo da FIM\" \/>\n<meta name=\"robots\" content=\"index, follow, max-snippet:-1, max-image-preview:large, max-video-preview:-1\" \/>\n<link rel=\"canonical\" href=\"https:\/\/revistadospneus.com\/pt\/2023\/05\/16\/michelin-focada-no-campeonato-de-motoe\/\" \/>\n<meta property=\"og:locale\" content=\"pt_PT\" \/>\n<meta property=\"og:type\" content=\"article\" \/>\n<meta property=\"og:title\" content=\"Michelin focada no campeonato de MotoE - Revista dos Pneus\" \/>\n<meta property=\"og:description\" content=\"A Michelin desenvolveu uma nova gama de pneus, que este ano, passar\u00e1 a ser considerada Campeonato do Mundo da FIM\" \/>\n<meta property=\"og:url\" content=\"https:\/\/revistadospneus.com\/pt\/2023\/05\/16\/michelin-focada-no-campeonato-de-motoe\/\" \/>\n<meta property=\"og:site_name\" content=\"Revista dos Pneus\" \/>\n<meta property=\"article:publisher\" content=\"https:\/\/www.facebook.com\/revistapneus\" \/>\n<meta property=\"article:published_time\" content=\"2023-05-16T13:00:00+00:00\" \/>\n<meta property=\"og:image\" content=\"https:\/\/revistadospneus.com\/pt\/wp-content\/uploads\/2023\/05\/Michelin-focada-no-campeonato-de-MotoE\u2122.jpeg\" \/>\n\t<meta property=\"og:image:width\" content=\"1024\" \/>\n\t<meta property=\"og:image:height\" content=\"581\" \/>\n\t<meta property=\"og:image:type\" content=\"image\/jpeg\" \/>\n<meta name=\"author\" content=\"Reda\u00e7\u00e3o RP\" \/>\n<meta name=\"twitter:card\" content=\"summary_large_image\" \/>\n<meta name=\"twitter:creator\" content=\"@revistapneus\" \/>\n<meta name=\"twitter:site\" content=\"@revistapneus\" \/>\n<meta name=\"twitter:label1\" content=\"Escrito por\" \/>\n\t<meta name=\"twitter:data1\" content=\"Reda\u00e7\u00e3o RP\" \/>\n\t<meta name=\"twitter:label2\" content=\"Tempo estimado de leitura\" \/>\n\t<meta name=\"twitter:data2\" content=\"4 minutos\" \/>\n<script type=\"application\/ld+json\" class=\"yoast-schema-graph\">{\"@context\":\"https:\\\/\\\/schema.org\",\"@graph\":[{\"@type\":\"Article\",\"@id\":\"https:\\\/\\\/revistadospneus.com\\\/pt\\\/2023\\\/05\\\/16\\\/michelin-focada-no-campeonato-de-motoe\\\/#article\",\"isPartOf\":{\"@id\":\"https:\\\/\\\/revistadospneus.com\\\/pt\\\/2023\\\/05\\\/16\\\/michelin-focada-no-campeonato-de-motoe\\\/\"},\"author\":{\"name\":\"Reda\u00e7\u00e3o RP\",\"@id\":\"https:\\\/\\\/revistadospneus.com\\\/pt\\\/#\\\/schema\\\/person\\\/9c602809538a614c26e5569d14ed6442\"},\"headline\":\"Michelin focada no campeonato de MotoE\",\"datePublished\":\"2023-05-16T13:00:00+00:00\",\"mainEntityOfPage\":{\"@id\":\"https:\\\/\\\/revistadospneus.com\\\/pt\\\/2023\\\/05\\\/16\\\/michelin-focada-no-campeonato-de-motoe\\\/\"},\"wordCount\":736,\"publisher\":{\"@id\":\"https:\\\/\\\/revistadospneus.com\\\/pt\\\/#organization\"},\"image\":{\"@id\":\"https:\\\/\\\/revistadospneus.com\\\/pt\\\/2023\\\/05\\\/16\\\/michelin-focada-no-campeonato-de-motoe\\\/#primaryimage\"},\"thumbnailUrl\":\"https:\\\/\\\/revistadospneus.com\\\/pt\\\/wp-content\\\/uploads\\\/2023\\\/05\\\/Michelin-focada-no-campeonato-de-MotoE\u2122.jpeg\",\"keywords\":[\"Campeonato do Mundo da FIM\",\"Michelin\",\"MotoE\",\"ta\u00e7a do Mundo\"],\"articleSection\":[\"Eventos\"],\"inLanguage\":\"pt-PT\"},{\"@type\":\"WebPage\",\"@id\":\"https:\\\/\\\/revistadospneus.com\\\/pt\\\/2023\\\/05\\\/16\\\/michelin-focada-no-campeonato-de-motoe\\\/\",\"url\":\"https:\\\/\\\/revistadospneus.com\\\/pt\\\/2023\\\/05\\\/16\\\/michelin-focada-no-campeonato-de-motoe\\\/\",\"name\":\"Michelin focada no campeonato de MotoE - Revista dos Pneus\",\"isPartOf\":{\"@id\":\"https:\\\/\\\/revistadospneus.com\\\/pt\\\/#website\"},\"primaryImageOfPage\":{\"@id\":\"https:\\\/\\\/revistadospneus.com\\\/pt\\\/2023\\\/05\\\/16\\\/michelin-focada-no-campeonato-de-motoe\\\/#primaryimage\"},\"image\":{\"@id\":\"https:\\\/\\\/revistadospneus.com\\\/pt\\\/2023\\\/05\\\/16\\\/michelin-focada-no-campeonato-de-motoe\\\/#primaryimage\"},\"thumbnailUrl\":\"https:\\\/\\\/revistadospneus.com\\\/pt\\\/wp-content\\\/uploads\\\/2023\\\/05\\\/Michelin-focada-no-campeonato-de-MotoE\u2122.jpeg\",\"datePublished\":\"2023-05-16T13:00:00+00:00\",\"description\":\"A Michelin desenvolveu uma nova gama de pneus, que este ano, passar\u00e1 a ser considerada Campeonato do Mundo da FIM\",\"breadcrumb\":{\"@id\":\"https:\\\/\\\/revistadospneus.com\\\/pt\\\/2023\\\/05\\\/16\\\/michelin-focada-no-campeonato-de-motoe\\\/#breadcrumb\"},\"inLanguage\":\"pt-PT\",\"potentialAction\":[{\"@type\":\"ReadAction\",\"target\":[\"https:\\\/\\\/revistadospneus.com\\\/pt\\\/2023\\\/05\\\/16\\\/michelin-focada-no-campeonato-de-motoe\\\/\"]}]},{\"@type\":\"ImageObject\",\"inLanguage\":\"pt-PT\",\"@id\":\"https:\\\/\\\/revistadospneus.com\\\/pt\\\/2023\\\/05\\\/16\\\/michelin-focada-no-campeonato-de-motoe\\\/#primaryimage\",\"url\":\"https:\\\/\\\/revistadospneus.com\\\/pt\\\/wp-content\\\/uploads\\\/2023\\\/05\\\/Michelin-focada-no-campeonato-de-MotoE\u2122.jpeg\",\"contentUrl\":\"https:\\\/\\\/revistadospneus.com\\\/pt\\\/wp-content\\\/uploads\\\/2023\\\/05\\\/Michelin-focada-no-campeonato-de-MotoE\u2122.jpeg\",\"width\":1024,\"height\":581,\"caption\":\"05 - Michelin focada no campeonato de MotoE\u2122\"},{\"@type\":\"BreadcrumbList\",\"@id\":\"https:\\\/\\\/revistadospneus.com\\\/pt\\\/2023\\\/05\\\/16\\\/michelin-focada-no-campeonato-de-motoe\\\/#breadcrumb\",\"itemListElement\":[{\"@type\":\"ListItem\",\"position\":1,\"name\":\"In\u00edcio\",\"item\":\"https:\\\/\\\/revistadospneus.com\\\/pt\\\/\"},{\"@type\":\"ListItem\",\"position\":2,\"name\":\"Michelin focada no campeonato de MotoE\"}]},{\"@type\":\"WebSite\",\"@id\":\"https:\\\/\\\/revistadospneus.com\\\/pt\\\/#website\",\"url\":\"https:\\\/\\\/revistadospneus.com\\\/pt\\\/\",\"name\":\"Revista dos Pneus\",\"description\":\"Revista independente de pneus e servi\u00e7os r\u00e1pidos\",\"publisher\":{\"@id\":\"https:\\\/\\\/revistadospneus.com\\\/pt\\\/#organization\"},\"potentialAction\":[{\"@type\":\"SearchAction\",\"target\":{\"@type\":\"EntryPoint\",\"urlTemplate\":\"https:\\\/\\\/revistadospneus.com\\\/pt\\\/?s={search_term_string}\"},\"query-input\":{\"@type\":\"PropertyValueSpecification\",\"valueRequired\":true,\"valueName\":\"search_term_string\"}}],\"inLanguage\":\"pt-PT\"},{\"@type\":\"Organization\",\"@id\":\"https:\\\/\\\/revistadospneus.com\\\/pt\\\/#organization\",\"name\":\"Revista dos Pneus\",\"url\":\"https:\\\/\\\/revistadospneus.com\\\/pt\\\/\",\"logo\":{\"@type\":\"ImageObject\",\"inLanguage\":\"pt-PT\",\"@id\":\"https:\\\/\\\/revistadospneus.com\\\/pt\\\/#\\\/schema\\\/logo\\\/image\\\/\",\"url\":\"https:\\\/\\\/revistadospneus.com\\\/pt\\\/wp-content\\\/uploads\\\/logo2-1.png\",\"contentUrl\":\"https:\\\/\\\/revistadospneus.com\\\/pt\\\/wp-content\\\/uploads\\\/logo2-1.png\",\"width\":216,\"height\":70,\"caption\":\"Revista dos Pneus\"},\"image\":{\"@id\":\"https:\\\/\\\/revistadospneus.com\\\/pt\\\/#\\\/schema\\\/logo\\\/image\\\/\"},\"sameAs\":[\"https:\\\/\\\/www.facebook.com\\\/revistapneus\",\"https:\\\/\\\/x.com\\\/revistapneus\",\"https:\\\/\\\/www.linkedin.com\\\/company\\\/jornal-das-oficinas\\\/\",\"https:\\\/\\\/www.youtube.com\\\/channel\\\/UCbQZBqtcvV-oSQrr7RzINGg\"]},{\"@type\":\"Person\",\"@id\":\"https:\\\/\\\/revistadospneus.com\\\/pt\\\/#\\\/schema\\\/person\\\/9c602809538a614c26e5569d14ed6442\",\"name\":\"Reda\u00e7\u00e3o RP\",\"image\":{\"@type\":\"ImageObject\",\"inLanguage\":\"pt-PT\",\"@id\":\"https:\\\/\\\/secure.gravatar.com\\\/avatar\\\/71f2fa71737ad68a84fea94bc708ddac8ea5b0c4788dc2ad202f3ccb2887742f?s=96&d=wp_user_avatar&r=g\",\"url\":\"https:\\\/\\\/secure.gravatar.com\\\/avatar\\\/71f2fa71737ad68a84fea94bc708ddac8ea5b0c4788dc2ad202f3ccb2887742f?s=96&d=wp_user_avatar&r=g\",\"contentUrl\":\"https:\\\/\\\/secure.gravatar.com\\\/avatar\\\/71f2fa71737ad68a84fea94bc708ddac8ea5b0c4788dc2ad202f3ccb2887742f?s=96&d=wp_user_avatar&r=g\",\"caption\":\"Reda\u00e7\u00e3o RP\"},\"url\":\"https:\\\/\\\/revistadospneus.com\\\/pt\\\/author\\\/rpredacao\\\/\"}]}<\/script>\n<!-- \/ Yoast SEO plugin. -->","yoast_head_json":{"title":"Michelin focada no campeonato de MotoE - Revista dos Pneus","description":"A Michelin desenvolveu uma nova gama de pneus, que este ano, passar\u00e1 a ser considerada Campeonato do Mundo da FIM","robots":{"index":"index","follow":"follow","max-snippet":"max-snippet:-1","max-image-preview":"max-image-preview:large","max-video-preview":"max-video-preview:-1"},"canonical":"https:\/\/revistadospneus.com\/pt\/2023\/05\/16\/michelin-focada-no-campeonato-de-motoe\/","og_locale":"pt_PT","og_type":"article","og_title":"Michelin focada no campeonato de MotoE - Revista dos Pneus","og_description":"A Michelin desenvolveu uma nova gama de pneus, que este ano, passar\u00e1 a ser considerada Campeonato do Mundo da FIM","og_url":"https:\/\/revistadospneus.com\/pt\/2023\/05\/16\/michelin-focada-no-campeonato-de-motoe\/","og_site_name":"Revista dos Pneus","article_publisher":"https:\/\/www.facebook.com\/revistapneus","article_published_time":"2023-05-16T13:00:00+00:00","og_image":[{"width":1024,"height":581,"url":"https:\/\/revistadospneus.com\/pt\/wp-content\/uploads\/2023\/05\/Michelin-focada-no-campeonato-de-MotoE\u2122.jpeg","type":"image\/jpeg"}],"author":"Reda\u00e7\u00e3o RP","twitter_card":"summary_large_image","twitter_creator":"@revistapneus","twitter_site":"@revistapneus","twitter_misc":{"Escrito por":"Reda\u00e7\u00e3o RP","Tempo estimado de leitura":"4 minutos"},"schema":{"@context":"https:\/\/schema.org","@graph":[{"@type":"Article","@id":"https:\/\/revistadospneus.com\/pt\/2023\/05\/16\/michelin-focada-no-campeonato-de-motoe\/#article","isPartOf":{"@id":"https:\/\/revistadospneus.com\/pt\/2023\/05\/16\/michelin-focada-no-campeonato-de-motoe\/"},"author":{"name":"Reda\u00e7\u00e3o RP","@id":"https:\/\/revistadospneus.com\/pt\/#\/schema\/person\/9c602809538a614c26e5569d14ed6442"},"headline":"Michelin focada no campeonato de MotoE","datePublished":"2023-05-16T13:00:00+00:00","mainEntityOfPage":{"@id":"https:\/\/revistadospneus.com\/pt\/2023\/05\/16\/michelin-focada-no-campeonato-de-motoe\/"},"wordCount":736,"publisher":{"@id":"https:\/\/revistadospneus.com\/pt\/#organization"},"image":{"@id":"https:\/\/revistadospneus.com\/pt\/2023\/05\/16\/michelin-focada-no-campeonato-de-motoe\/#primaryimage"},"thumbnailUrl":"https:\/\/revistadospneus.com\/pt\/wp-content\/uploads\/2023\/05\/Michelin-focada-no-campeonato-de-MotoE\u2122.jpeg","keywords":["Campeonato do Mundo da FIM","Michelin","MotoE","ta\u00e7a do Mundo"],"articleSection":["Eventos"],"inLanguage":"pt-PT"},{"@type":"WebPage","@id":"https:\/\/revistadospneus.com\/pt\/2023\/05\/16\/michelin-focada-no-campeonato-de-motoe\/","url":"https:\/\/revistadospneus.com\/pt\/2023\/05\/16\/michelin-focada-no-campeonato-de-motoe\/","name":"Michelin focada no campeonato de MotoE - Revista dos Pneus","isPartOf":{"@id":"https:\/\/revistadospneus.com\/pt\/#website"},"primaryImageOfPage":{"@id":"https:\/\/revistadospneus.com\/pt\/2023\/05\/16\/michelin-focada-no-campeonato-de-motoe\/#primaryimage"},"image":{"@id":"https:\/\/revistadospneus.com\/pt\/2023\/05\/16\/michelin-focada-no-campeonato-de-motoe\/#primaryimage"},"thumbnailUrl":"https:\/\/revistadospneus.com\/pt\/wp-content\/uploads\/2023\/05\/Michelin-focada-no-campeonato-de-MotoE\u2122.jpeg","datePublished":"2023-05-16T13:00:00+00:00","description":"A Michelin desenvolveu uma nova gama de pneus, que este ano, passar\u00e1 a ser considerada Campeonato do Mundo da FIM","breadcrumb":{"@id":"https:\/\/revistadospneus.com\/pt\/2023\/05\/16\/michelin-focada-no-campeonato-de-motoe\/#breadcrumb"},"inLanguage":"pt-PT","potentialAction":[{"@type":"ReadAction","target":["https:\/\/revistadospneus.com\/pt\/2023\/05\/16\/michelin-focada-no-campeonato-de-motoe\/"]}]},{"@type":"ImageObject","inLanguage":"pt-PT","@id":"https:\/\/revistadospneus.com\/pt\/2023\/05\/16\/michelin-focada-no-campeonato-de-motoe\/#primaryimage","url":"https:\/\/revistadospneus.com\/pt\/wp-content\/uploads\/2023\/05\/Michelin-focada-no-campeonato-de-MotoE\u2122.jpeg","contentUrl":"https:\/\/revistadospneus.com\/pt\/wp-content\/uploads\/2023\/05\/Michelin-focada-no-campeonato-de-MotoE\u2122.jpeg","width":1024,"height":581,"caption":"05 - Michelin focada no campeonato de MotoE\u2122"},{"@type":"BreadcrumbList","@id":"https:\/\/revistadospneus.com\/pt\/2023\/05\/16\/michelin-focada-no-campeonato-de-motoe\/#breadcrumb","itemListElement":[{"@type":"ListItem","position":1,"name":"In\u00edcio","item":"https:\/\/revistadospneus.com\/pt\/"},{"@type":"ListItem","position":2,"name":"Michelin focada no campeonato de MotoE"}]},{"@type":"WebSite","@id":"https:\/\/revistadospneus.com\/pt\/#website","url":"https:\/\/revistadospneus.com\/pt\/","name":"Revista dos Pneus","description":"Revista independente de pneus e servi\u00e7os r\u00e1pidos","publisher":{"@id":"https:\/\/revistadospneus.com\/pt\/#organization"},"potentialAction":[{"@type":"SearchAction","target":{"@type":"EntryPoint","urlTemplate":"https:\/\/revistadospneus.com\/pt\/?s={search_term_string}"},"query-input":{"@type":"PropertyValueSpecification","valueRequired":true,"valueName":"search_term_string"}}],"inLanguage":"pt-PT"},{"@type":"Organization","@id":"https:\/\/revistadospneus.com\/pt\/#organization","name":"Revista dos Pneus","url":"https:\/\/revistadospneus.com\/pt\/","logo":{"@type":"ImageObject","inLanguage":"pt-PT","@id":"https:\/\/revistadospneus.com\/pt\/#\/schema\/logo\/image\/","url":"https:\/\/revistadospneus.com\/pt\/wp-content\/uploads\/logo2-1.png","contentUrl":"https:\/\/revistadospneus.com\/pt\/wp-content\/uploads\/logo2-1.png","width":216,"height":70,"caption":"Revista dos Pneus"},"image":{"@id":"https:\/\/revistadospneus.com\/pt\/#\/schema\/logo\/image\/"},"sameAs":["https:\/\/www.facebook.com\/revistapneus","https:\/\/x.com\/revistapneus","https:\/\/www.linkedin.com\/company\/jornal-das-oficinas\/","https:\/\/www.youtube.com\/channel\/UCbQZBqtcvV-oSQrr7RzINGg"]},{"@type":"Person","@id":"https:\/\/revistadospneus.com\/pt\/#\/schema\/person\/9c602809538a614c26e5569d14ed6442","name":"Reda\u00e7\u00e3o RP","image":{"@type":"ImageObject","inLanguage":"pt-PT","@id":"https:\/\/secure.gravatar.com\/avatar\/71f2fa71737ad68a84fea94bc708ddac8ea5b0c4788dc2ad202f3ccb2887742f?s=96&d=wp_user_avatar&r=g","url":"https:\/\/secure.gravatar.com\/avatar\/71f2fa71737ad68a84fea94bc708ddac8ea5b0c4788dc2ad202f3ccb2887742f?s=96&d=wp_user_avatar&r=g","contentUrl":"https:\/\/secure.gravatar.com\/avatar\/71f2fa71737ad68a84fea94bc708ddac8ea5b0c4788dc2ad202f3ccb2887742f?s=96&d=wp_user_avatar&r=g","caption":"Reda\u00e7\u00e3o RP"},"url":"https:\/\/revistadospneus.com\/pt\/author\/rpredacao\/"}]}},"_links":{"self":[{"href":"https:\/\/revistadospneus.com\/pt\/wp-json\/wp\/v2\/posts\/25652","targetHints":{"allow":["GET"]}}],"collection":[{"href":"https:\/\/revistadospneus.com\/pt\/wp-json\/wp\/v2\/posts"}],"about":[{"href":"https:\/\/revistadospneus.com\/pt\/wp-json\/wp\/v2\/types\/post"}],"author":[{"embeddable":true,"href":"https:\/\/revistadospneus.com\/pt\/wp-json\/wp\/v2\/users\/13"}],"replies":[{"embeddable":true,"href":"https:\/\/revistadospneus.com\/pt\/wp-json\/wp\/v2\/comments?post=25652"}],"version-history":[{"count":0,"href":"https:\/\/revistadospneus.com\/pt\/wp-json\/wp\/v2\/posts\/25652\/revisions"}],"wp:featuredmedia":[{"embeddable":true,"href":"https:\/\/revistadospneus.com\/pt\/wp-json\/wp\/v2\/media\/25653"}],"wp:attachment":[{"href":"https:\/\/revistadospneus.com\/pt\/wp-json\/wp\/v2\/media?parent=25652"}],"wp:term":[{"taxonomy":"category","embeddable":true,"href":"https:\/\/revistadospneus.com\/pt\/wp-json\/wp\/v2\/categories?post=25652"},{"taxonomy":"post_tag","embeddable":true,"href":"https:\/\/revistadospneus.com\/pt\/wp-json\/wp\/v2\/tags?post=25652"}],"curies":[{"name":"wp","href":"https:\/\/api.w.org\/{rel}","templated":true}]}}