{"id":26219,"date":"2023-07-04T12:00:10","date_gmt":"2023-07-04T11:00:10","guid":{"rendered":"https:\/\/revistadospneus.com\/pt\/?p=26219"},"modified":"2023-07-04T11:36:08","modified_gmt":"2023-07-04T10:36:08","slug":"michelin-estara-perto-dos-transportadores-e-distribuidores","status":"publish","type":"post","link":"https:\/\/revistadospneus.com\/pt\/2023\/07\/04\/michelin-estara-perto-dos-transportadores-e-distribuidores\/","title":{"rendered":"Michelin estar\u00e1 perto dos transportadores e distribuidores"},"content":{"rendered":"<p><strong><img loading=\"lazy\" decoding=\"async\" class=\"alignnone size-full wp-image-26226\" src=\"https:\/\/revistadospneus.com\/pt\/wp-content\/uploads\/2023\/07\/Michelin-estara-perto-dos-transportadores-e-distribuidores-1.jpeg\" alt=\"07 - Michelin estara perto dos transportadores e distribuidores 1\" width=\"1024\" height=\"581\" srcset=\"https:\/\/revistadospneus.com\/pt\/wp-content\/uploads\/2023\/07\/Michelin-estara-perto-dos-transportadores-e-distribuidores-1.jpeg 1024w, https:\/\/revistadospneus.com\/pt\/wp-content\/uploads\/2023\/07\/Michelin-estara-perto-dos-transportadores-e-distribuidores-1-300x170.jpeg 300w, https:\/\/revistadospneus.com\/pt\/wp-content\/uploads\/2023\/07\/Michelin-estara-perto-dos-transportadores-e-distribuidores-1-150x85.jpeg 150w, https:\/\/revistadospneus.com\/pt\/wp-content\/uploads\/2023\/07\/Michelin-estara-perto-dos-transportadores-e-distribuidores-1-768x436.jpeg 768w\" sizes=\"auto, (max-width: 1024px) 100vw, 1024px\" \/><\/strong><\/p>\n<p><strong>A <a href=\"https:\/\/www.michelin.pt\/\" target=\"_blank\" rel=\"noopener\">Michelin<\/a> esteve presente na sexta edi\u00e7\u00e3o do <a href=\"https:\/\/salaonacionaldotransporte.pt\/\" target=\"_blank\" rel=\"noopener\">Sal\u00e3o Nacional do Transporte<\/a>, o ponto de encontro dos profissionais do transporte rodovi\u00e1rio de mercadoria, que se realizou de 30 de junho a 2 de julho no Expocentro de Pombal. O stand da Michelin estar\u00e1 situado junto \u00e0 zona de exposi\u00e7\u00f5es din\u00e2micas<\/strong><\/p>\n<p>Para a Michelin, o certame \u00e9 um ponto de encontro ideal, que permite manter uma estreita colabora\u00e7\u00e3o com os transportadores, assim como com os distribuidores. Os visitantes poder\u00e3o descobrir a vasta gama de pneu Michelin, que contribuem para reduzir o TCO (Total Cost Ownership) das frotas, e ajudam a preservar os recursos do planeta; assim como as solu\u00e7\u00f5es desenvolvidas para garantir a mobilidade para al\u00e9m do pneu.<\/p>\n<p>Os pneus Michelin proporcionam benef\u00edcios indispens\u00e1veis aos transportadores: dura\u00e7\u00e3o, poupan\u00e7a de combust\u00edvel, conforto na condu\u00e7\u00e3o, robustez, redu\u00e7\u00e3o do impacto ambiental. No Sal\u00e3o Nacional do Transporte, a Michelin contar\u00e1 com uma completa representa\u00e7\u00e3o da sua gama X MULTI, concebida para durar mais quil\u00f3metros, poupar no or\u00e7amento de combust\u00edvel e reduzir as emiss\u00f5es de carbono, al\u00e9m da gama MICHELIN Agilis para comerciais ligeiros.<\/p>\n<ul>\n<li><strong>MICHELIN X MULTI HD D\/Z:\u00a0<\/strong>pneus para eixos de tra\u00e7\u00e3o, que oferecem maior robustez para uma utiliza\u00e7\u00e3o vers\u00e1til, gra\u00e7as \u00e0 sua elevada resist\u00eancia aos danos, \u00e0 sua elevada quilometragem, \u00e1 seguran\u00e7a que proporcionam durante todo o ano (marca\u00e7\u00f5es M+S e 3PMSF) e \u00e0 sua elevada capacidade de recauchutagem.<\/li>\n<li><strong>MICHELIN X MULTI F\/D\/Z\/T:\u00a0<\/strong>dispon\u00edveis para os eixos dianteiros e traseiros de tratores e tratores r\u00edgidos, e para os eixos de reboques, oferecem polival\u00eancia em estrada e autoestrada, e reduzem os custos operacionais ao melhorarem a quilometragem.<\/li>\n<li><strong>MICHELIN X MULTI HL T:\u00a0<\/strong>pneus para transporte regional, de longo curso e urbano, para cami\u00f5es pesados\/tratores, cami\u00f5es r\u00edgidos e reboques, destacam-se pela sua capacidade de carga e pela sua seguran\u00e7a superiores em qualquer condi\u00e7\u00e3o meteorol\u00f3gica.<\/li>\n<li><strong>GAMA AGILIS:<\/strong>pneus para ve\u00edculos comerciais ligeiros e furg\u00f5es, que combinam uma seguran\u00e7a e uma dura\u00e7\u00e3o excelentes com a m\u00e1xima efici\u00eancia.<\/li>\n<\/ul>\n<p>Ser\u00e3o apresentados no stand da Michelin os servi\u00e7os e solu\u00e7\u00f5es do\u00a0MICHELIN Connected Fleet,\u00a0concebidos para proporcionar aos operadores e gestores de frota as ferramentas e a informa\u00e7\u00e3o necess\u00e1rias para cumprir com os desafios em mat\u00e9ria de redu\u00e7\u00e3o de custos, para melhorar a produtividade, para manter a seguran\u00e7a dos motoristas e das mercadorias, e para gerir frotas mais sustent\u00e1veis. Com um portf\u00f3lio de solu\u00e7\u00f5es e servi\u00e7os para ve\u00edculos pesados com unidade tratora e trailer, e para ve\u00edculos ligeiros, que respondem a todas as necessidades das frotas, o MICHELIN Connected Fleet aporta um valor diferencial \u00fanico: a equipa de especialistas analistas de dados, que tiram o m\u00e1ximo partido dos dados de desempenho da frota.<\/p>\n<!-- AddThis Advanced Settings generic via filter on the_content --><!-- AddThis Share Buttons generic via filter on the_content -->","protected":false},"excerpt":{"rendered":"<p>A Michelin esteve presente na sexta edi\u00e7\u00e3o do Sal\u00e3o&#8230;<!-- AddThis Advanced Settings generic via filter on get_the_excerpt --><!-- AddThis Share Buttons generic via filter on get_the_excerpt --><\/p>\n","protected":false},"author":13,"featured_media":26226,"comment_status":"closed","ping_status":"closed","sticky":false,"template":"","format":"standard","meta":{"footnotes":""},"categories":[29],"tags":[2275,2276,48,2255],"class_list":["post-26219","post","type-post","status-publish","format-standard","has-post-thumbnail","hentry","category-empresas","tag-de-30-de-junho-a-2-de-julho","tag-expocentro-de-pombal","tag-michelin","tag-salao-nacional-do-transporte"],"yoast_head":"<!-- This site is optimized with the Yoast SEO plugin v27.5 - https:\/\/yoast.com\/product\/yoast-seo-wordpress\/ -->\n<title>Michelin estar\u00e1 perto dos transportadores e distribuidores - Revista dos Pneus<\/title>\n<meta name=\"description\" content=\"A Michelin esteve presente na 6.\u00aa edi\u00e7\u00e3o do Sal\u00e3o Nacional do Transporte, o ponto de encontro dos profissionais do transporte rodovi\u00e1rio de mercadoria\" \/>\n<meta name=\"robots\" content=\"index, follow, max-snippet:-1, max-image-preview:large, max-video-preview:-1\" \/>\n<link rel=\"canonical\" href=\"https:\/\/revistadospneus.com\/pt\/2023\/07\/04\/michelin-estara-perto-dos-transportadores-e-distribuidores\/\" \/>\n<meta property=\"og:locale\" content=\"pt_PT\" \/>\n<meta property=\"og:type\" content=\"article\" \/>\n<meta property=\"og:title\" content=\"Michelin estar\u00e1 perto dos transportadores e distribuidores - Revista dos Pneus\" \/>\n<meta property=\"og:description\" content=\"A Michelin esteve presente na 6.\u00aa edi\u00e7\u00e3o do Sal\u00e3o Nacional do Transporte, o ponto de encontro dos profissionais do transporte rodovi\u00e1rio de mercadoria\" \/>\n<meta property=\"og:url\" content=\"https:\/\/revistadospneus.com\/pt\/2023\/07\/04\/michelin-estara-perto-dos-transportadores-e-distribuidores\/\" \/>\n<meta property=\"og:site_name\" content=\"Revista dos Pneus\" \/>\n<meta property=\"article:publisher\" content=\"https:\/\/www.facebook.com\/revistapneus\" \/>\n<meta property=\"article:published_time\" content=\"2023-07-04T11:00:10+00:00\" \/>\n<meta property=\"og:image\" content=\"https:\/\/revistadospneus.com\/pt\/wp-content\/uploads\/2023\/07\/Michelin-estara-perto-dos-transportadores-e-distribuidores-1.jpeg\" \/>\n\t<meta property=\"og:image:width\" content=\"1024\" \/>\n\t<meta property=\"og:image:height\" content=\"581\" \/>\n\t<meta property=\"og:image:type\" content=\"image\/jpeg\" \/>\n<meta name=\"author\" content=\"Reda\u00e7\u00e3o RP\" \/>\n<meta name=\"twitter:card\" content=\"summary_large_image\" \/>\n<meta name=\"twitter:creator\" content=\"@revistapneus\" \/>\n<meta name=\"twitter:site\" content=\"@revistapneus\" \/>\n<meta name=\"twitter:label1\" content=\"Escrito por\" \/>\n\t<meta name=\"twitter:data1\" content=\"Reda\u00e7\u00e3o RP\" \/>\n\t<meta name=\"twitter:label2\" content=\"Tempo estimado de leitura\" \/>\n\t<meta name=\"twitter:data2\" content=\"3 minutos\" \/>\n<script type=\"application\/ld+json\" class=\"yoast-schema-graph\">{\"@context\":\"https:\\\/\\\/schema.org\",\"@graph\":[{\"@type\":\"Article\",\"@id\":\"https:\\\/\\\/revistadospneus.com\\\/pt\\\/2023\\\/07\\\/04\\\/michelin-estara-perto-dos-transportadores-e-distribuidores\\\/#article\",\"isPartOf\":{\"@id\":\"https:\\\/\\\/revistadospneus.com\\\/pt\\\/2023\\\/07\\\/04\\\/michelin-estara-perto-dos-transportadores-e-distribuidores\\\/\"},\"author\":{\"name\":\"Reda\u00e7\u00e3o RP\",\"@id\":\"https:\\\/\\\/revistadospneus.com\\\/pt\\\/#\\\/schema\\\/person\\\/9c602809538a614c26e5569d14ed6442\"},\"headline\":\"Michelin estar\u00e1 perto dos transportadores e distribuidores\",\"datePublished\":\"2023-07-04T11:00:10+00:00\",\"mainEntityOfPage\":{\"@id\":\"https:\\\/\\\/revistadospneus.com\\\/pt\\\/2023\\\/07\\\/04\\\/michelin-estara-perto-dos-transportadores-e-distribuidores\\\/\"},\"wordCount\":498,\"publisher\":{\"@id\":\"https:\\\/\\\/revistadospneus.com\\\/pt\\\/#organization\"},\"image\":{\"@id\":\"https:\\\/\\\/revistadospneus.com\\\/pt\\\/2023\\\/07\\\/04\\\/michelin-estara-perto-dos-transportadores-e-distribuidores\\\/#primaryimage\"},\"thumbnailUrl\":\"https:\\\/\\\/revistadospneus.com\\\/pt\\\/wp-content\\\/uploads\\\/2023\\\/07\\\/Michelin-estara-perto-dos-transportadores-e-distribuidores-1.jpeg\",\"keywords\":[\"de 30 de junho a 2 de julho\",\"Expocentro de Pombal\",\"Michelin\",\"Sal\u00e3o Nacional do Transporte\"],\"articleSection\":[\"Empresas\"],\"inLanguage\":\"pt-PT\"},{\"@type\":\"WebPage\",\"@id\":\"https:\\\/\\\/revistadospneus.com\\\/pt\\\/2023\\\/07\\\/04\\\/michelin-estara-perto-dos-transportadores-e-distribuidores\\\/\",\"url\":\"https:\\\/\\\/revistadospneus.com\\\/pt\\\/2023\\\/07\\\/04\\\/michelin-estara-perto-dos-transportadores-e-distribuidores\\\/\",\"name\":\"Michelin estar\u00e1 perto dos transportadores e distribuidores - Revista dos Pneus\",\"isPartOf\":{\"@id\":\"https:\\\/\\\/revistadospneus.com\\\/pt\\\/#website\"},\"primaryImageOfPage\":{\"@id\":\"https:\\\/\\\/revistadospneus.com\\\/pt\\\/2023\\\/07\\\/04\\\/michelin-estara-perto-dos-transportadores-e-distribuidores\\\/#primaryimage\"},\"image\":{\"@id\":\"https:\\\/\\\/revistadospneus.com\\\/pt\\\/2023\\\/07\\\/04\\\/michelin-estara-perto-dos-transportadores-e-distribuidores\\\/#primaryimage\"},\"thumbnailUrl\":\"https:\\\/\\\/revistadospneus.com\\\/pt\\\/wp-content\\\/uploads\\\/2023\\\/07\\\/Michelin-estara-perto-dos-transportadores-e-distribuidores-1.jpeg\",\"datePublished\":\"2023-07-04T11:00:10+00:00\",\"description\":\"A Michelin esteve presente na 6.\u00aa edi\u00e7\u00e3o do Sal\u00e3o Nacional do Transporte, o ponto de encontro dos profissionais do transporte rodovi\u00e1rio de mercadoria\",\"breadcrumb\":{\"@id\":\"https:\\\/\\\/revistadospneus.com\\\/pt\\\/2023\\\/07\\\/04\\\/michelin-estara-perto-dos-transportadores-e-distribuidores\\\/#breadcrumb\"},\"inLanguage\":\"pt-PT\",\"potentialAction\":[{\"@type\":\"ReadAction\",\"target\":[\"https:\\\/\\\/revistadospneus.com\\\/pt\\\/2023\\\/07\\\/04\\\/michelin-estara-perto-dos-transportadores-e-distribuidores\\\/\"]}]},{\"@type\":\"ImageObject\",\"inLanguage\":\"pt-PT\",\"@id\":\"https:\\\/\\\/revistadospneus.com\\\/pt\\\/2023\\\/07\\\/04\\\/michelin-estara-perto-dos-transportadores-e-distribuidores\\\/#primaryimage\",\"url\":\"https:\\\/\\\/revistadospneus.com\\\/pt\\\/wp-content\\\/uploads\\\/2023\\\/07\\\/Michelin-estara-perto-dos-transportadores-e-distribuidores-1.jpeg\",\"contentUrl\":\"https:\\\/\\\/revistadospneus.com\\\/pt\\\/wp-content\\\/uploads\\\/2023\\\/07\\\/Michelin-estara-perto-dos-transportadores-e-distribuidores-1.jpeg\",\"width\":1024,\"height\":581,\"caption\":\"07 - Michelin estara perto dos transportadores e distribuidores 1\"},{\"@type\":\"BreadcrumbList\",\"@id\":\"https:\\\/\\\/revistadospneus.com\\\/pt\\\/2023\\\/07\\\/04\\\/michelin-estara-perto-dos-transportadores-e-distribuidores\\\/#breadcrumb\",\"itemListElement\":[{\"@type\":\"ListItem\",\"position\":1,\"name\":\"In\u00edcio\",\"item\":\"https:\\\/\\\/revistadospneus.com\\\/pt\\\/\"},{\"@type\":\"ListItem\",\"position\":2,\"name\":\"Michelin estar\u00e1 perto dos transportadores e distribuidores\"}]},{\"@type\":\"WebSite\",\"@id\":\"https:\\\/\\\/revistadospneus.com\\\/pt\\\/#website\",\"url\":\"https:\\\/\\\/revistadospneus.com\\\/pt\\\/\",\"name\":\"Revista dos Pneus\",\"description\":\"Revista independente de pneus e servi\u00e7os r\u00e1pidos\",\"publisher\":{\"@id\":\"https:\\\/\\\/revistadospneus.com\\\/pt\\\/#organization\"},\"potentialAction\":[{\"@type\":\"SearchAction\",\"target\":{\"@type\":\"EntryPoint\",\"urlTemplate\":\"https:\\\/\\\/revistadospneus.com\\\/pt\\\/?s={search_term_string}\"},\"query-input\":{\"@type\":\"PropertyValueSpecification\",\"valueRequired\":true,\"valueName\":\"search_term_string\"}}],\"inLanguage\":\"pt-PT\"},{\"@type\":\"Organization\",\"@id\":\"https:\\\/\\\/revistadospneus.com\\\/pt\\\/#organization\",\"name\":\"Revista dos Pneus\",\"url\":\"https:\\\/\\\/revistadospneus.com\\\/pt\\\/\",\"logo\":{\"@type\":\"ImageObject\",\"inLanguage\":\"pt-PT\",\"@id\":\"https:\\\/\\\/revistadospneus.com\\\/pt\\\/#\\\/schema\\\/logo\\\/image\\\/\",\"url\":\"https:\\\/\\\/revistadospneus.com\\\/pt\\\/wp-content\\\/uploads\\\/logo2-1.png\",\"contentUrl\":\"https:\\\/\\\/revistadospneus.com\\\/pt\\\/wp-content\\\/uploads\\\/logo2-1.png\",\"width\":216,\"height\":70,\"caption\":\"Revista dos Pneus\"},\"image\":{\"@id\":\"https:\\\/\\\/revistadospneus.com\\\/pt\\\/#\\\/schema\\\/logo\\\/image\\\/\"},\"sameAs\":[\"https:\\\/\\\/www.facebook.com\\\/revistapneus\",\"https:\\\/\\\/x.com\\\/revistapneus\",\"https:\\\/\\\/www.linkedin.com\\\/company\\\/jornal-das-oficinas\\\/\",\"https:\\\/\\\/www.youtube.com\\\/channel\\\/UCbQZBqtcvV-oSQrr7RzINGg\"]},{\"@type\":\"Person\",\"@id\":\"https:\\\/\\\/revistadospneus.com\\\/pt\\\/#\\\/schema\\\/person\\\/9c602809538a614c26e5569d14ed6442\",\"name\":\"Reda\u00e7\u00e3o RP\",\"image\":{\"@type\":\"ImageObject\",\"inLanguage\":\"pt-PT\",\"@id\":\"https:\\\/\\\/secure.gravatar.com\\\/avatar\\\/71f2fa71737ad68a84fea94bc708ddac8ea5b0c4788dc2ad202f3ccb2887742f?s=96&d=wp_user_avatar&r=g\",\"url\":\"https:\\\/\\\/secure.gravatar.com\\\/avatar\\\/71f2fa71737ad68a84fea94bc708ddac8ea5b0c4788dc2ad202f3ccb2887742f?s=96&d=wp_user_avatar&r=g\",\"contentUrl\":\"https:\\\/\\\/secure.gravatar.com\\\/avatar\\\/71f2fa71737ad68a84fea94bc708ddac8ea5b0c4788dc2ad202f3ccb2887742f?s=96&d=wp_user_avatar&r=g\",\"caption\":\"Reda\u00e7\u00e3o RP\"},\"url\":\"https:\\\/\\\/revistadospneus.com\\\/pt\\\/author\\\/rpredacao\\\/\"}]}<\/script>\n<!-- \/ Yoast SEO plugin. -->","yoast_head_json":{"title":"Michelin estar\u00e1 perto dos transportadores e distribuidores - Revista dos Pneus","description":"A Michelin esteve presente na 6.\u00aa edi\u00e7\u00e3o do Sal\u00e3o Nacional do Transporte, o ponto de encontro dos profissionais do transporte rodovi\u00e1rio de mercadoria","robots":{"index":"index","follow":"follow","max-snippet":"max-snippet:-1","max-image-preview":"max-image-preview:large","max-video-preview":"max-video-preview:-1"},"canonical":"https:\/\/revistadospneus.com\/pt\/2023\/07\/04\/michelin-estara-perto-dos-transportadores-e-distribuidores\/","og_locale":"pt_PT","og_type":"article","og_title":"Michelin estar\u00e1 perto dos transportadores e distribuidores - Revista dos Pneus","og_description":"A Michelin esteve presente na 6.\u00aa edi\u00e7\u00e3o do Sal\u00e3o Nacional do Transporte, o ponto de encontro dos profissionais do transporte rodovi\u00e1rio de mercadoria","og_url":"https:\/\/revistadospneus.com\/pt\/2023\/07\/04\/michelin-estara-perto-dos-transportadores-e-distribuidores\/","og_site_name":"Revista dos Pneus","article_publisher":"https:\/\/www.facebook.com\/revistapneus","article_published_time":"2023-07-04T11:00:10+00:00","og_image":[{"width":1024,"height":581,"url":"https:\/\/revistadospneus.com\/pt\/wp-content\/uploads\/2023\/07\/Michelin-estara-perto-dos-transportadores-e-distribuidores-1.jpeg","type":"image\/jpeg"}],"author":"Reda\u00e7\u00e3o RP","twitter_card":"summary_large_image","twitter_creator":"@revistapneus","twitter_site":"@revistapneus","twitter_misc":{"Escrito por":"Reda\u00e7\u00e3o RP","Tempo estimado de leitura":"3 minutos"},"schema":{"@context":"https:\/\/schema.org","@graph":[{"@type":"Article","@id":"https:\/\/revistadospneus.com\/pt\/2023\/07\/04\/michelin-estara-perto-dos-transportadores-e-distribuidores\/#article","isPartOf":{"@id":"https:\/\/revistadospneus.com\/pt\/2023\/07\/04\/michelin-estara-perto-dos-transportadores-e-distribuidores\/"},"author":{"name":"Reda\u00e7\u00e3o RP","@id":"https:\/\/revistadospneus.com\/pt\/#\/schema\/person\/9c602809538a614c26e5569d14ed6442"},"headline":"Michelin estar\u00e1 perto dos transportadores e distribuidores","datePublished":"2023-07-04T11:00:10+00:00","mainEntityOfPage":{"@id":"https:\/\/revistadospneus.com\/pt\/2023\/07\/04\/michelin-estara-perto-dos-transportadores-e-distribuidores\/"},"wordCount":498,"publisher":{"@id":"https:\/\/revistadospneus.com\/pt\/#organization"},"image":{"@id":"https:\/\/revistadospneus.com\/pt\/2023\/07\/04\/michelin-estara-perto-dos-transportadores-e-distribuidores\/#primaryimage"},"thumbnailUrl":"https:\/\/revistadospneus.com\/pt\/wp-content\/uploads\/2023\/07\/Michelin-estara-perto-dos-transportadores-e-distribuidores-1.jpeg","keywords":["de 30 de junho a 2 de julho","Expocentro de Pombal","Michelin","Sal\u00e3o Nacional do Transporte"],"articleSection":["Empresas"],"inLanguage":"pt-PT"},{"@type":"WebPage","@id":"https:\/\/revistadospneus.com\/pt\/2023\/07\/04\/michelin-estara-perto-dos-transportadores-e-distribuidores\/","url":"https:\/\/revistadospneus.com\/pt\/2023\/07\/04\/michelin-estara-perto-dos-transportadores-e-distribuidores\/","name":"Michelin estar\u00e1 perto dos transportadores e distribuidores - Revista dos Pneus","isPartOf":{"@id":"https:\/\/revistadospneus.com\/pt\/#website"},"primaryImageOfPage":{"@id":"https:\/\/revistadospneus.com\/pt\/2023\/07\/04\/michelin-estara-perto-dos-transportadores-e-distribuidores\/#primaryimage"},"image":{"@id":"https:\/\/revistadospneus.com\/pt\/2023\/07\/04\/michelin-estara-perto-dos-transportadores-e-distribuidores\/#primaryimage"},"thumbnailUrl":"https:\/\/revistadospneus.com\/pt\/wp-content\/uploads\/2023\/07\/Michelin-estara-perto-dos-transportadores-e-distribuidores-1.jpeg","datePublished":"2023-07-04T11:00:10+00:00","description":"A Michelin esteve presente na 6.\u00aa edi\u00e7\u00e3o do Sal\u00e3o Nacional do Transporte, o ponto de encontro dos profissionais do transporte rodovi\u00e1rio de mercadoria","breadcrumb":{"@id":"https:\/\/revistadospneus.com\/pt\/2023\/07\/04\/michelin-estara-perto-dos-transportadores-e-distribuidores\/#breadcrumb"},"inLanguage":"pt-PT","potentialAction":[{"@type":"ReadAction","target":["https:\/\/revistadospneus.com\/pt\/2023\/07\/04\/michelin-estara-perto-dos-transportadores-e-distribuidores\/"]}]},{"@type":"ImageObject","inLanguage":"pt-PT","@id":"https:\/\/revistadospneus.com\/pt\/2023\/07\/04\/michelin-estara-perto-dos-transportadores-e-distribuidores\/#primaryimage","url":"https:\/\/revistadospneus.com\/pt\/wp-content\/uploads\/2023\/07\/Michelin-estara-perto-dos-transportadores-e-distribuidores-1.jpeg","contentUrl":"https:\/\/revistadospneus.com\/pt\/wp-content\/uploads\/2023\/07\/Michelin-estara-perto-dos-transportadores-e-distribuidores-1.jpeg","width":1024,"height":581,"caption":"07 - Michelin estara perto dos transportadores e distribuidores 1"},{"@type":"BreadcrumbList","@id":"https:\/\/revistadospneus.com\/pt\/2023\/07\/04\/michelin-estara-perto-dos-transportadores-e-distribuidores\/#breadcrumb","itemListElement":[{"@type":"ListItem","position":1,"name":"In\u00edcio","item":"https:\/\/revistadospneus.com\/pt\/"},{"@type":"ListItem","position":2,"name":"Michelin estar\u00e1 perto dos transportadores e distribuidores"}]},{"@type":"WebSite","@id":"https:\/\/revistadospneus.com\/pt\/#website","url":"https:\/\/revistadospneus.com\/pt\/","name":"Revista dos Pneus","description":"Revista independente de pneus e servi\u00e7os r\u00e1pidos","publisher":{"@id":"https:\/\/revistadospneus.com\/pt\/#organization"},"potentialAction":[{"@type":"SearchAction","target":{"@type":"EntryPoint","urlTemplate":"https:\/\/revistadospneus.com\/pt\/?s={search_term_string}"},"query-input":{"@type":"PropertyValueSpecification","valueRequired":true,"valueName":"search_term_string"}}],"inLanguage":"pt-PT"},{"@type":"Organization","@id":"https:\/\/revistadospneus.com\/pt\/#organization","name":"Revista dos Pneus","url":"https:\/\/revistadospneus.com\/pt\/","logo":{"@type":"ImageObject","inLanguage":"pt-PT","@id":"https:\/\/revistadospneus.com\/pt\/#\/schema\/logo\/image\/","url":"https:\/\/revistadospneus.com\/pt\/wp-content\/uploads\/logo2-1.png","contentUrl":"https:\/\/revistadospneus.com\/pt\/wp-content\/uploads\/logo2-1.png","width":216,"height":70,"caption":"Revista dos Pneus"},"image":{"@id":"https:\/\/revistadospneus.com\/pt\/#\/schema\/logo\/image\/"},"sameAs":["https:\/\/www.facebook.com\/revistapneus","https:\/\/x.com\/revistapneus","https:\/\/www.linkedin.com\/company\/jornal-das-oficinas\/","https:\/\/www.youtube.com\/channel\/UCbQZBqtcvV-oSQrr7RzINGg"]},{"@type":"Person","@id":"https:\/\/revistadospneus.com\/pt\/#\/schema\/person\/9c602809538a614c26e5569d14ed6442","name":"Reda\u00e7\u00e3o RP","image":{"@type":"ImageObject","inLanguage":"pt-PT","@id":"https:\/\/secure.gravatar.com\/avatar\/71f2fa71737ad68a84fea94bc708ddac8ea5b0c4788dc2ad202f3ccb2887742f?s=96&d=wp_user_avatar&r=g","url":"https:\/\/secure.gravatar.com\/avatar\/71f2fa71737ad68a84fea94bc708ddac8ea5b0c4788dc2ad202f3ccb2887742f?s=96&d=wp_user_avatar&r=g","contentUrl":"https:\/\/secure.gravatar.com\/avatar\/71f2fa71737ad68a84fea94bc708ddac8ea5b0c4788dc2ad202f3ccb2887742f?s=96&d=wp_user_avatar&r=g","caption":"Reda\u00e7\u00e3o RP"},"url":"https:\/\/revistadospneus.com\/pt\/author\/rpredacao\/"}]}},"_links":{"self":[{"href":"https:\/\/revistadospneus.com\/pt\/wp-json\/wp\/v2\/posts\/26219","targetHints":{"allow":["GET"]}}],"collection":[{"href":"https:\/\/revistadospneus.com\/pt\/wp-json\/wp\/v2\/posts"}],"about":[{"href":"https:\/\/revistadospneus.com\/pt\/wp-json\/wp\/v2\/types\/post"}],"author":[{"embeddable":true,"href":"https:\/\/revistadospneus.com\/pt\/wp-json\/wp\/v2\/users\/13"}],"replies":[{"embeddable":true,"href":"https:\/\/revistadospneus.com\/pt\/wp-json\/wp\/v2\/comments?post=26219"}],"version-history":[{"count":0,"href":"https:\/\/revistadospneus.com\/pt\/wp-json\/wp\/v2\/posts\/26219\/revisions"}],"wp:featuredmedia":[{"embeddable":true,"href":"https:\/\/revistadospneus.com\/pt\/wp-json\/wp\/v2\/media\/26226"}],"wp:attachment":[{"href":"https:\/\/revistadospneus.com\/pt\/wp-json\/wp\/v2\/media?parent=26219"}],"wp:term":[{"taxonomy":"category","embeddable":true,"href":"https:\/\/revistadospneus.com\/pt\/wp-json\/wp\/v2\/categories?post=26219"},{"taxonomy":"post_tag","embeddable":true,"href":"https:\/\/revistadospneus.com\/pt\/wp-json\/wp\/v2\/tags?post=26219"}],"curies":[{"name":"wp","href":"https:\/\/api.w.org\/{rel}","templated":true}]}}