{"id":26334,"date":"2023-07-12T13:00:48","date_gmt":"2023-07-12T12:00:48","guid":{"rendered":"https:\/\/revistadospneus.com\/pt\/?p=26334"},"modified":"2023-07-12T09:15:08","modified_gmt":"2023-07-12T08:15:08","slug":"goodyear-celebra-125-anos-em-monza-com-nova-imagem","status":"publish","type":"post","link":"https:\/\/revistadospneus.com\/pt\/2023\/07\/12\/goodyear-celebra-125-anos-em-monza-com-nova-imagem\/","title":{"rendered":"Goodyear celebra 125 anos em Monza com nova imagem"},"content":{"rendered":"<p><strong><img loading=\"lazy\" decoding=\"async\" class=\"alignnone size-full wp-image-26280\" src=\"https:\/\/revistadospneus.com\/pt\/wp-content\/uploads\/2023\/07\/Goodyear-celebra-125-anos-em-Monza-com-nova-imagem.png\" alt=\"07 - Goodyear celebra 125 anos em Monza com nova imagem\" width=\"1024\" height=\"581\" srcset=\"https:\/\/revistadospneus.com\/pt\/wp-content\/uploads\/2023\/07\/Goodyear-celebra-125-anos-em-Monza-com-nova-imagem.png 1024w, https:\/\/revistadospneus.com\/pt\/wp-content\/uploads\/2023\/07\/Goodyear-celebra-125-anos-em-Monza-com-nova-imagem-300x170.png 300w, https:\/\/revistadospneus.com\/pt\/wp-content\/uploads\/2023\/07\/Goodyear-celebra-125-anos-em-Monza-com-nova-imagem-150x85.png 150w, https:\/\/revistadospneus.com\/pt\/wp-content\/uploads\/2023\/07\/Goodyear-celebra-125-anos-em-Monza-com-nova-imagem-768x436.png 768w\" sizes=\"auto, (max-width: 1024px) 100vw, 1024px\" \/><\/strong><\/p>\n<p><strong>No passado fim de semana, o <a href=\"https:\/\/www.fiawec.com\/\" target=\"_blank\" rel=\"noopener\">Campeonato do Mundo de Resist\u00eancia da FIA<\/a> esteve em Monza na quinta ronda da temporada. A <a href=\"https:\/\/www.goodyear.eu\/pt_pt\/consumer.html\" target=\"_blank\" rel=\"noopener\">Goodyear<\/a> celebrou o seu 125 anivers\u00e1rio no hist\u00f3rico circuito italiano com uma mudan\u00e7a de imagem muito especial, recuperando a primeira vers\u00e3o do seu log\u00f3tipo Wingfoot<\/strong><\/p>\n<p><strong>\u00a0<\/strong>Desde a sua funda\u00e7\u00e3o em 1898, a Goodyear Tire &amp; Rubber Company tem desempenhado um papel fundamental na hist\u00f3ria do desporto motorizado, com o maior n\u00famero de vit\u00f3rias na F\u00f3rmula 1 e em Le Mans, al\u00e9m de ser o parceiro e patrocinador mais antigo na hist\u00f3ria da NASCAR. Saiba mais sobre a hist\u00f3ria da Goodyear com a nova s\u00e9rie documental \u201dGoodyear: 125 anos em movimento\u201d, que j\u00e1 pode ser vista no YouTube.<\/p>\n<p>A Goodyear renovou recentemente o seu compromisso com as corridas de resist\u00eancia a n\u00edvel internacional, com a muito aguardada incorpora\u00e7\u00e3o dos LMGT3 no WEC em 2024, em que ser\u00e1 o fornecedor exclusivo de pneus da categoria.<\/p>\n<p><strong>&#8220;Goodyear ter\u00e1 um aspeto um pouco diferente em Monza&#8221;<br \/>\n<\/strong>A marca habitual, que adorna o flanco do pneu, e a decora\u00e7\u00e3o em pista, ser\u00e3o substitu\u00eddas, para o fim de semana de Monza, pelo primeiro log\u00f3tipo Wingfoot da Goodyear, originalmente criado em 1898. A mudan\u00e7a faz parte de uma s\u00e9rie de celebra\u00e7\u00f5es a levar acabo em todo o mundo, a prop\u00f3sito do 125 anivers\u00e1rio da Goodyear.<\/p>\n<p>O circuito de Monza, tamb\u00e9m carregado de hist\u00f3ria, \u00e9 o mais antigo do atual calend\u00e1rio do WEC, tendo-se ali realizado a primeira corrida em 1922. Em abril, a Goodyear submeteu-se a uma mudan\u00e7a de imagem similar para as Goodyear 400 da NASCAR, em Darlington Raceway. Na Europa, voltar\u00e1 a faz\u00ea-lo na NLS5 de N\u00fcrburgring, no mesmo dia de Monza, e na ronda de Donington Park do Campeonato Brit\u00e2nico de Turismos, em agosto.<\/p>\n<p>O \u00edcone do p\u00e9 alado remonta aos tempos da mitologia grega. Merc\u00fario era o mensageiro dos deuses, e a sua imagem inspirou o cofundador da Goodyear, Frank Seiberling, que sugeriu que seria um emblema adequado para a empresa.<\/p>\n<p>Hoje em dia, a vers\u00e3o moderna do Wingfoot \u00e9 sin\u00f3nimo de Goodyear, representando a forma como a marca impulsionou uma s\u00e9rie de avan\u00e7os tecnol\u00f3gicos, e continua a faz\u00ea-lo atualmente.<\/p>\n<p>O pr\u00e9mio Wingfoot, atribu\u00eddo em cada corrida do WEC ao piloto de LMP2 com o tempo m\u00e9dio por volta mais r\u00e1pido em stints consecutivos, encarna este tema. Em Le Mans, o Idec Sport com o n\u00famero 48, nas m\u00e3os de Paul-Loup Chatin, estabeleceu um tempo m\u00e9dio por volta de 3m38,498s, mais de seis d\u00e9cimas de segundo mais r\u00e1pido que o vencedor final da classe LMP2, o carro da Inter Europol com o n\u00famero 34, pilotado por Albert Costa.<\/p>\n<p>&#8220;\u00c9 seguro afirmar que a Goodyear ter\u00e1 um aspeto um pouco diferente em Monza&#8221;, afirmou com entusiasmado, Ben Crawley, Diretor da Goodyear Motorsport EMEA. &#8220;As altera\u00e7\u00f5es nos flancos, e a presen\u00e7a da marca imagem em pista, tratar\u00e3o ao circuito uma forte presen\u00e7a da hist\u00f3ria da Goodyear. Estamos imensamente orgulhosos do legado da Goodyear nos desportos motorizados, e isto \u00e9 um reflexo do tempo passado ao mais alto n\u00edvel do desporto. Todos os membros da fam\u00edlia Goodyear contribu\u00edram para o nosso \u00eaxito, e estou ansioso por ver o que o futuro nos reserva&#8221;, concluiu.<\/p>\n<!-- AddThis Advanced Settings generic via filter on the_content --><!-- AddThis Share Buttons generic via filter on the_content -->","protected":false},"excerpt":{"rendered":"<p>No passado fim de semana, o Campeonato do Mundo&#8230;<!-- AddThis Advanced Settings generic via filter on get_the_excerpt --><!-- AddThis Share Buttons generic via filter on get_the_excerpt --><\/p>\n","protected":false},"author":13,"featured_media":26280,"comment_status":"closed","ping_status":"closed","sticky":false,"template":"","format":"standard","meta":{"footnotes":""},"categories":[29],"tags":[50,2301],"class_list":["post-26334","post","type-post","status-publish","format-standard","has-post-thumbnail","hentry","category-empresas","tag-goodyear","tag-monza"],"yoast_head":"<!-- This site is optimized with the Yoast SEO plugin v27.4 - https:\/\/yoast.com\/product\/yoast-seo-wordpress\/ -->\n<title>Goodyear celebra 125 anos em Monza com nova imagem - Revista dos Pneus<\/title>\n<meta name=\"description\" content=\"No pr\u00f3ximo fim de semana, o No passado fim de semana, o Campeonato do Mundo de Resist\u00eancia da FIA esteve em Monza\" \/>\n<meta name=\"robots\" content=\"index, follow, max-snippet:-1, max-image-preview:large, max-video-preview:-1\" \/>\n<link rel=\"canonical\" href=\"https:\/\/revistadospneus.com\/pt\/2023\/07\/12\/goodyear-celebra-125-anos-em-monza-com-nova-imagem\/\" \/>\n<meta property=\"og:locale\" content=\"pt_PT\" \/>\n<meta property=\"og:type\" content=\"article\" \/>\n<meta property=\"og:title\" content=\"Goodyear celebra 125 anos em Monza com nova imagem - Revista dos Pneus\" \/>\n<meta property=\"og:description\" content=\"No pr\u00f3ximo fim de semana, o No passado fim de semana, o Campeonato do Mundo de Resist\u00eancia da FIA esteve em Monza\" \/>\n<meta property=\"og:url\" content=\"https:\/\/revistadospneus.com\/pt\/2023\/07\/12\/goodyear-celebra-125-anos-em-monza-com-nova-imagem\/\" \/>\n<meta property=\"og:site_name\" content=\"Revista dos Pneus\" \/>\n<meta property=\"article:publisher\" content=\"https:\/\/www.facebook.com\/revistapneus\" \/>\n<meta property=\"article:published_time\" content=\"2023-07-12T12:00:48+00:00\" \/>\n<meta property=\"og:image\" content=\"https:\/\/revistadospneus.com\/pt\/wp-content\/uploads\/2023\/07\/Goodyear-celebra-125-anos-em-Monza-com-nova-imagem.png\" \/>\n\t<meta property=\"og:image:width\" content=\"1024\" \/>\n\t<meta property=\"og:image:height\" content=\"581\" \/>\n\t<meta property=\"og:image:type\" content=\"image\/png\" \/>\n<meta name=\"author\" content=\"Reda\u00e7\u00e3o RP\" \/>\n<meta name=\"twitter:card\" content=\"summary_large_image\" \/>\n<meta name=\"twitter:creator\" content=\"@revistapneus\" \/>\n<meta name=\"twitter:site\" content=\"@revistapneus\" \/>\n<meta name=\"twitter:label1\" content=\"Escrito por\" \/>\n\t<meta name=\"twitter:data1\" content=\"Reda\u00e7\u00e3o RP\" \/>\n\t<meta name=\"twitter:label2\" content=\"Tempo estimado de leitura\" \/>\n\t<meta name=\"twitter:data2\" content=\"4 minutos\" \/>\n<script type=\"application\/ld+json\" class=\"yoast-schema-graph\">{\"@context\":\"https:\\\/\\\/schema.org\",\"@graph\":[{\"@type\":\"Article\",\"@id\":\"https:\\\/\\\/revistadospneus.com\\\/pt\\\/2023\\\/07\\\/12\\\/goodyear-celebra-125-anos-em-monza-com-nova-imagem\\\/#article\",\"isPartOf\":{\"@id\":\"https:\\\/\\\/revistadospneus.com\\\/pt\\\/2023\\\/07\\\/12\\\/goodyear-celebra-125-anos-em-monza-com-nova-imagem\\\/\"},\"author\":{\"name\":\"Reda\u00e7\u00e3o RP\",\"@id\":\"https:\\\/\\\/revistadospneus.com\\\/pt\\\/#\\\/schema\\\/person\\\/9c602809538a614c26e5569d14ed6442\"},\"headline\":\"Goodyear celebra 125 anos em Monza com nova imagem\",\"datePublished\":\"2023-07-12T12:00:48+00:00\",\"mainEntityOfPage\":{\"@id\":\"https:\\\/\\\/revistadospneus.com\\\/pt\\\/2023\\\/07\\\/12\\\/goodyear-celebra-125-anos-em-monza-com-nova-imagem\\\/\"},\"wordCount\":583,\"publisher\":{\"@id\":\"https:\\\/\\\/revistadospneus.com\\\/pt\\\/#organization\"},\"image\":{\"@id\":\"https:\\\/\\\/revistadospneus.com\\\/pt\\\/2023\\\/07\\\/12\\\/goodyear-celebra-125-anos-em-monza-com-nova-imagem\\\/#primaryimage\"},\"thumbnailUrl\":\"https:\\\/\\\/revistadospneus.com\\\/pt\\\/wp-content\\\/uploads\\\/2023\\\/07\\\/Goodyear-celebra-125-anos-em-Monza-com-nova-imagem.png\",\"keywords\":[\"Goodyear\",\"Monza\"],\"articleSection\":[\"Empresas\"],\"inLanguage\":\"pt-PT\"},{\"@type\":\"WebPage\",\"@id\":\"https:\\\/\\\/revistadospneus.com\\\/pt\\\/2023\\\/07\\\/12\\\/goodyear-celebra-125-anos-em-monza-com-nova-imagem\\\/\",\"url\":\"https:\\\/\\\/revistadospneus.com\\\/pt\\\/2023\\\/07\\\/12\\\/goodyear-celebra-125-anos-em-monza-com-nova-imagem\\\/\",\"name\":\"Goodyear celebra 125 anos em Monza com nova imagem - Revista dos Pneus\",\"isPartOf\":{\"@id\":\"https:\\\/\\\/revistadospneus.com\\\/pt\\\/#website\"},\"primaryImageOfPage\":{\"@id\":\"https:\\\/\\\/revistadospneus.com\\\/pt\\\/2023\\\/07\\\/12\\\/goodyear-celebra-125-anos-em-monza-com-nova-imagem\\\/#primaryimage\"},\"image\":{\"@id\":\"https:\\\/\\\/revistadospneus.com\\\/pt\\\/2023\\\/07\\\/12\\\/goodyear-celebra-125-anos-em-monza-com-nova-imagem\\\/#primaryimage\"},\"thumbnailUrl\":\"https:\\\/\\\/revistadospneus.com\\\/pt\\\/wp-content\\\/uploads\\\/2023\\\/07\\\/Goodyear-celebra-125-anos-em-Monza-com-nova-imagem.png\",\"datePublished\":\"2023-07-12T12:00:48+00:00\",\"description\":\"No pr\u00f3ximo fim de semana, o No passado fim de semana, o Campeonato do Mundo de Resist\u00eancia da FIA esteve em Monza\",\"breadcrumb\":{\"@id\":\"https:\\\/\\\/revistadospneus.com\\\/pt\\\/2023\\\/07\\\/12\\\/goodyear-celebra-125-anos-em-monza-com-nova-imagem\\\/#breadcrumb\"},\"inLanguage\":\"pt-PT\",\"potentialAction\":[{\"@type\":\"ReadAction\",\"target\":[\"https:\\\/\\\/revistadospneus.com\\\/pt\\\/2023\\\/07\\\/12\\\/goodyear-celebra-125-anos-em-monza-com-nova-imagem\\\/\"]}]},{\"@type\":\"ImageObject\",\"inLanguage\":\"pt-PT\",\"@id\":\"https:\\\/\\\/revistadospneus.com\\\/pt\\\/2023\\\/07\\\/12\\\/goodyear-celebra-125-anos-em-monza-com-nova-imagem\\\/#primaryimage\",\"url\":\"https:\\\/\\\/revistadospneus.com\\\/pt\\\/wp-content\\\/uploads\\\/2023\\\/07\\\/Goodyear-celebra-125-anos-em-Monza-com-nova-imagem.png\",\"contentUrl\":\"https:\\\/\\\/revistadospneus.com\\\/pt\\\/wp-content\\\/uploads\\\/2023\\\/07\\\/Goodyear-celebra-125-anos-em-Monza-com-nova-imagem.png\",\"width\":1024,\"height\":581,\"caption\":\"07 - Goodyear celebra 125 anos em Monza com nova imagem\"},{\"@type\":\"BreadcrumbList\",\"@id\":\"https:\\\/\\\/revistadospneus.com\\\/pt\\\/2023\\\/07\\\/12\\\/goodyear-celebra-125-anos-em-monza-com-nova-imagem\\\/#breadcrumb\",\"itemListElement\":[{\"@type\":\"ListItem\",\"position\":1,\"name\":\"In\u00edcio\",\"item\":\"https:\\\/\\\/revistadospneus.com\\\/pt\\\/\"},{\"@type\":\"ListItem\",\"position\":2,\"name\":\"Goodyear celebra 125 anos em Monza com nova imagem\"}]},{\"@type\":\"WebSite\",\"@id\":\"https:\\\/\\\/revistadospneus.com\\\/pt\\\/#website\",\"url\":\"https:\\\/\\\/revistadospneus.com\\\/pt\\\/\",\"name\":\"Revista dos Pneus\",\"description\":\"Revista independente de pneus e servi\u00e7os r\u00e1pidos\",\"publisher\":{\"@id\":\"https:\\\/\\\/revistadospneus.com\\\/pt\\\/#organization\"},\"potentialAction\":[{\"@type\":\"SearchAction\",\"target\":{\"@type\":\"EntryPoint\",\"urlTemplate\":\"https:\\\/\\\/revistadospneus.com\\\/pt\\\/?s={search_term_string}\"},\"query-input\":{\"@type\":\"PropertyValueSpecification\",\"valueRequired\":true,\"valueName\":\"search_term_string\"}}],\"inLanguage\":\"pt-PT\"},{\"@type\":\"Organization\",\"@id\":\"https:\\\/\\\/revistadospneus.com\\\/pt\\\/#organization\",\"name\":\"Revista dos Pneus\",\"url\":\"https:\\\/\\\/revistadospneus.com\\\/pt\\\/\",\"logo\":{\"@type\":\"ImageObject\",\"inLanguage\":\"pt-PT\",\"@id\":\"https:\\\/\\\/revistadospneus.com\\\/pt\\\/#\\\/schema\\\/logo\\\/image\\\/\",\"url\":\"https:\\\/\\\/revistadospneus.com\\\/pt\\\/wp-content\\\/uploads\\\/logo2-1.png\",\"contentUrl\":\"https:\\\/\\\/revistadospneus.com\\\/pt\\\/wp-content\\\/uploads\\\/logo2-1.png\",\"width\":216,\"height\":70,\"caption\":\"Revista dos Pneus\"},\"image\":{\"@id\":\"https:\\\/\\\/revistadospneus.com\\\/pt\\\/#\\\/schema\\\/logo\\\/image\\\/\"},\"sameAs\":[\"https:\\\/\\\/www.facebook.com\\\/revistapneus\",\"https:\\\/\\\/x.com\\\/revistapneus\",\"https:\\\/\\\/www.linkedin.com\\\/company\\\/jornal-das-oficinas\\\/\",\"https:\\\/\\\/www.youtube.com\\\/channel\\\/UCbQZBqtcvV-oSQrr7RzINGg\"]},{\"@type\":\"Person\",\"@id\":\"https:\\\/\\\/revistadospneus.com\\\/pt\\\/#\\\/schema\\\/person\\\/9c602809538a614c26e5569d14ed6442\",\"name\":\"Reda\u00e7\u00e3o RP\",\"image\":{\"@type\":\"ImageObject\",\"inLanguage\":\"pt-PT\",\"@id\":\"https:\\\/\\\/secure.gravatar.com\\\/avatar\\\/71f2fa71737ad68a84fea94bc708ddac8ea5b0c4788dc2ad202f3ccb2887742f?s=96&d=wp_user_avatar&r=g\",\"url\":\"https:\\\/\\\/secure.gravatar.com\\\/avatar\\\/71f2fa71737ad68a84fea94bc708ddac8ea5b0c4788dc2ad202f3ccb2887742f?s=96&d=wp_user_avatar&r=g\",\"contentUrl\":\"https:\\\/\\\/secure.gravatar.com\\\/avatar\\\/71f2fa71737ad68a84fea94bc708ddac8ea5b0c4788dc2ad202f3ccb2887742f?s=96&d=wp_user_avatar&r=g\",\"caption\":\"Reda\u00e7\u00e3o RP\"},\"url\":\"https:\\\/\\\/revistadospneus.com\\\/pt\\\/author\\\/rpredacao\\\/\"}]}<\/script>\n<!-- \/ Yoast SEO plugin. -->","yoast_head_json":{"title":"Goodyear celebra 125 anos em Monza com nova imagem - Revista dos Pneus","description":"No pr\u00f3ximo fim de semana, o No passado fim de semana, o Campeonato do Mundo de Resist\u00eancia da FIA esteve em Monza","robots":{"index":"index","follow":"follow","max-snippet":"max-snippet:-1","max-image-preview":"max-image-preview:large","max-video-preview":"max-video-preview:-1"},"canonical":"https:\/\/revistadospneus.com\/pt\/2023\/07\/12\/goodyear-celebra-125-anos-em-monza-com-nova-imagem\/","og_locale":"pt_PT","og_type":"article","og_title":"Goodyear celebra 125 anos em Monza com nova imagem - Revista dos Pneus","og_description":"No pr\u00f3ximo fim de semana, o No passado fim de semana, o Campeonato do Mundo de Resist\u00eancia da FIA esteve em Monza","og_url":"https:\/\/revistadospneus.com\/pt\/2023\/07\/12\/goodyear-celebra-125-anos-em-monza-com-nova-imagem\/","og_site_name":"Revista dos Pneus","article_publisher":"https:\/\/www.facebook.com\/revistapneus","article_published_time":"2023-07-12T12:00:48+00:00","og_image":[{"width":1024,"height":581,"url":"https:\/\/revistadospneus.com\/pt\/wp-content\/uploads\/2023\/07\/Goodyear-celebra-125-anos-em-Monza-com-nova-imagem.png","type":"image\/png"}],"author":"Reda\u00e7\u00e3o RP","twitter_card":"summary_large_image","twitter_creator":"@revistapneus","twitter_site":"@revistapneus","twitter_misc":{"Escrito por":"Reda\u00e7\u00e3o RP","Tempo estimado de leitura":"4 minutos"},"schema":{"@context":"https:\/\/schema.org","@graph":[{"@type":"Article","@id":"https:\/\/revistadospneus.com\/pt\/2023\/07\/12\/goodyear-celebra-125-anos-em-monza-com-nova-imagem\/#article","isPartOf":{"@id":"https:\/\/revistadospneus.com\/pt\/2023\/07\/12\/goodyear-celebra-125-anos-em-monza-com-nova-imagem\/"},"author":{"name":"Reda\u00e7\u00e3o RP","@id":"https:\/\/revistadospneus.com\/pt\/#\/schema\/person\/9c602809538a614c26e5569d14ed6442"},"headline":"Goodyear celebra 125 anos em Monza com nova imagem","datePublished":"2023-07-12T12:00:48+00:00","mainEntityOfPage":{"@id":"https:\/\/revistadospneus.com\/pt\/2023\/07\/12\/goodyear-celebra-125-anos-em-monza-com-nova-imagem\/"},"wordCount":583,"publisher":{"@id":"https:\/\/revistadospneus.com\/pt\/#organization"},"image":{"@id":"https:\/\/revistadospneus.com\/pt\/2023\/07\/12\/goodyear-celebra-125-anos-em-monza-com-nova-imagem\/#primaryimage"},"thumbnailUrl":"https:\/\/revistadospneus.com\/pt\/wp-content\/uploads\/2023\/07\/Goodyear-celebra-125-anos-em-Monza-com-nova-imagem.png","keywords":["Goodyear","Monza"],"articleSection":["Empresas"],"inLanguage":"pt-PT"},{"@type":"WebPage","@id":"https:\/\/revistadospneus.com\/pt\/2023\/07\/12\/goodyear-celebra-125-anos-em-monza-com-nova-imagem\/","url":"https:\/\/revistadospneus.com\/pt\/2023\/07\/12\/goodyear-celebra-125-anos-em-monza-com-nova-imagem\/","name":"Goodyear celebra 125 anos em Monza com nova imagem - Revista dos Pneus","isPartOf":{"@id":"https:\/\/revistadospneus.com\/pt\/#website"},"primaryImageOfPage":{"@id":"https:\/\/revistadospneus.com\/pt\/2023\/07\/12\/goodyear-celebra-125-anos-em-monza-com-nova-imagem\/#primaryimage"},"image":{"@id":"https:\/\/revistadospneus.com\/pt\/2023\/07\/12\/goodyear-celebra-125-anos-em-monza-com-nova-imagem\/#primaryimage"},"thumbnailUrl":"https:\/\/revistadospneus.com\/pt\/wp-content\/uploads\/2023\/07\/Goodyear-celebra-125-anos-em-Monza-com-nova-imagem.png","datePublished":"2023-07-12T12:00:48+00:00","description":"No pr\u00f3ximo fim de semana, o No passado fim de semana, o Campeonato do Mundo de Resist\u00eancia da FIA esteve em Monza","breadcrumb":{"@id":"https:\/\/revistadospneus.com\/pt\/2023\/07\/12\/goodyear-celebra-125-anos-em-monza-com-nova-imagem\/#breadcrumb"},"inLanguage":"pt-PT","potentialAction":[{"@type":"ReadAction","target":["https:\/\/revistadospneus.com\/pt\/2023\/07\/12\/goodyear-celebra-125-anos-em-monza-com-nova-imagem\/"]}]},{"@type":"ImageObject","inLanguage":"pt-PT","@id":"https:\/\/revistadospneus.com\/pt\/2023\/07\/12\/goodyear-celebra-125-anos-em-monza-com-nova-imagem\/#primaryimage","url":"https:\/\/revistadospneus.com\/pt\/wp-content\/uploads\/2023\/07\/Goodyear-celebra-125-anos-em-Monza-com-nova-imagem.png","contentUrl":"https:\/\/revistadospneus.com\/pt\/wp-content\/uploads\/2023\/07\/Goodyear-celebra-125-anos-em-Monza-com-nova-imagem.png","width":1024,"height":581,"caption":"07 - Goodyear celebra 125 anos em Monza com nova imagem"},{"@type":"BreadcrumbList","@id":"https:\/\/revistadospneus.com\/pt\/2023\/07\/12\/goodyear-celebra-125-anos-em-monza-com-nova-imagem\/#breadcrumb","itemListElement":[{"@type":"ListItem","position":1,"name":"In\u00edcio","item":"https:\/\/revistadospneus.com\/pt\/"},{"@type":"ListItem","position":2,"name":"Goodyear celebra 125 anos em Monza com nova imagem"}]},{"@type":"WebSite","@id":"https:\/\/revistadospneus.com\/pt\/#website","url":"https:\/\/revistadospneus.com\/pt\/","name":"Revista dos Pneus","description":"Revista independente de pneus e servi\u00e7os r\u00e1pidos","publisher":{"@id":"https:\/\/revistadospneus.com\/pt\/#organization"},"potentialAction":[{"@type":"SearchAction","target":{"@type":"EntryPoint","urlTemplate":"https:\/\/revistadospneus.com\/pt\/?s={search_term_string}"},"query-input":{"@type":"PropertyValueSpecification","valueRequired":true,"valueName":"search_term_string"}}],"inLanguage":"pt-PT"},{"@type":"Organization","@id":"https:\/\/revistadospneus.com\/pt\/#organization","name":"Revista dos Pneus","url":"https:\/\/revistadospneus.com\/pt\/","logo":{"@type":"ImageObject","inLanguage":"pt-PT","@id":"https:\/\/revistadospneus.com\/pt\/#\/schema\/logo\/image\/","url":"https:\/\/revistadospneus.com\/pt\/wp-content\/uploads\/logo2-1.png","contentUrl":"https:\/\/revistadospneus.com\/pt\/wp-content\/uploads\/logo2-1.png","width":216,"height":70,"caption":"Revista dos Pneus"},"image":{"@id":"https:\/\/revistadospneus.com\/pt\/#\/schema\/logo\/image\/"},"sameAs":["https:\/\/www.facebook.com\/revistapneus","https:\/\/x.com\/revistapneus","https:\/\/www.linkedin.com\/company\/jornal-das-oficinas\/","https:\/\/www.youtube.com\/channel\/UCbQZBqtcvV-oSQrr7RzINGg"]},{"@type":"Person","@id":"https:\/\/revistadospneus.com\/pt\/#\/schema\/person\/9c602809538a614c26e5569d14ed6442","name":"Reda\u00e7\u00e3o RP","image":{"@type":"ImageObject","inLanguage":"pt-PT","@id":"https:\/\/secure.gravatar.com\/avatar\/71f2fa71737ad68a84fea94bc708ddac8ea5b0c4788dc2ad202f3ccb2887742f?s=96&d=wp_user_avatar&r=g","url":"https:\/\/secure.gravatar.com\/avatar\/71f2fa71737ad68a84fea94bc708ddac8ea5b0c4788dc2ad202f3ccb2887742f?s=96&d=wp_user_avatar&r=g","contentUrl":"https:\/\/secure.gravatar.com\/avatar\/71f2fa71737ad68a84fea94bc708ddac8ea5b0c4788dc2ad202f3ccb2887742f?s=96&d=wp_user_avatar&r=g","caption":"Reda\u00e7\u00e3o RP"},"url":"https:\/\/revistadospneus.com\/pt\/author\/rpredacao\/"}]}},"_links":{"self":[{"href":"https:\/\/revistadospneus.com\/pt\/wp-json\/wp\/v2\/posts\/26334","targetHints":{"allow":["GET"]}}],"collection":[{"href":"https:\/\/revistadospneus.com\/pt\/wp-json\/wp\/v2\/posts"}],"about":[{"href":"https:\/\/revistadospneus.com\/pt\/wp-json\/wp\/v2\/types\/post"}],"author":[{"embeddable":true,"href":"https:\/\/revistadospneus.com\/pt\/wp-json\/wp\/v2\/users\/13"}],"replies":[{"embeddable":true,"href":"https:\/\/revistadospneus.com\/pt\/wp-json\/wp\/v2\/comments?post=26334"}],"version-history":[{"count":0,"href":"https:\/\/revistadospneus.com\/pt\/wp-json\/wp\/v2\/posts\/26334\/revisions"}],"wp:featuredmedia":[{"embeddable":true,"href":"https:\/\/revistadospneus.com\/pt\/wp-json\/wp\/v2\/media\/26280"}],"wp:attachment":[{"href":"https:\/\/revistadospneus.com\/pt\/wp-json\/wp\/v2\/media?parent=26334"}],"wp:term":[{"taxonomy":"category","embeddable":true,"href":"https:\/\/revistadospneus.com\/pt\/wp-json\/wp\/v2\/categories?post=26334"},{"taxonomy":"post_tag","embeddable":true,"href":"https:\/\/revistadospneus.com\/pt\/wp-json\/wp\/v2\/tags?post=26334"}],"curies":[{"name":"wp","href":"https:\/\/api.w.org\/{rel}","templated":true}]}}