{"id":68584,"date":"2023-09-01T11:00:08","date_gmt":"2023-09-01T10:00:08","guid":{"rendered":"https:\/\/revistadospneus.com\/pt\/?p=68584"},"modified":"2023-09-01T11:01:34","modified_gmt":"2023-09-01T10:01:34","slug":"ab-tyres-leva-ceat-specialty-a-agroglobal","status":"publish","type":"post","link":"https:\/\/revistadospneus.com\/pt\/2023\/09\/01\/ab-tyres-leva-ceat-specialty-a-agroglobal\/","title":{"rendered":"AB Tyres leva CEAT Specialty \u00e0 Agroglobal"},"content":{"rendered":"<p><strong><img loading=\"lazy\" decoding=\"async\" class=\"alignnone size-full wp-image-68585\" src=\"https:\/\/revistadospneus.com\/pt\/wp-content\/uploads\/2023\/09\/AB-Tyres-leva-CEAT-Specialty-a-Agroglobal.jpg\" alt=\"09 - AB Tyres leva CEAT Specialty a Agroglobal\" width=\"1024\" height=\"581\" srcset=\"https:\/\/revistadospneus.com\/pt\/wp-content\/uploads\/2023\/09\/AB-Tyres-leva-CEAT-Specialty-a-Agroglobal.jpg 1024w, https:\/\/revistadospneus.com\/pt\/wp-content\/uploads\/2023\/09\/AB-Tyres-leva-CEAT-Specialty-a-Agroglobal-300x170.jpg 300w, https:\/\/revistadospneus.com\/pt\/wp-content\/uploads\/2023\/09\/AB-Tyres-leva-CEAT-Specialty-a-Agroglobal-150x85.jpg 150w, https:\/\/revistadospneus.com\/pt\/wp-content\/uploads\/2023\/09\/AB-Tyres-leva-CEAT-Specialty-a-Agroglobal-768x436.jpg 768w\" sizes=\"auto, (max-width: 1024px) 100vw, 1024px\" \/><\/strong><\/p>\n<p><strong>A\u00a0<a href=\"https:\/\/www.ceatspecialty.com\/pt\" target=\"_blank\" rel=\"noopener\">CEAT Specialty<\/a>,\u00a0marca de pneus agr\u00edcolas representada exclusivamente pela\u00a0AB Tyres,\u00a0vai marcar presen\u00e7a na Agroglobal,\u00a0como\u00a0Patrocinador Oficial, j\u00e1 nos pr\u00f3ximos dias 5 a 7 de setembro <\/strong><\/p>\n<p>A Agrobal j\u00e1 vai na IX edi\u00e7\u00e3o e continua a ser considerada uma das maiores feiras agr\u00edcolas da Pen\u00ednsula Ib\u00e9rica, este ano com uma novidade, vai realizar-se no <a href=\"https:\/\/www.cnema.pt\/\" target=\"_blank\" rel=\"noopener\">CNEMA \u2013 Centro Nacional de Exposi\u00e7\u00f5es<\/a>,\u00a0em Santar\u00e9m.<\/p>\n<p>Para a participa\u00e7\u00e3o neste certame, a AB Tyres vai apostar na apresenta\u00e7\u00e3o da gama de pneus agr\u00edcolas CEAT, pela voz do Administrador e Diretor Geral, Filipe Bandeira.<\/p>\n<div data-mode=\"normal\" data-oembed=\"1\" data-provider=\"youtube\" id=\"arve-youtube-0x_wk42s1g0\" style=\"max-width:800px;\" class=\"arve\">\n<div class=\"arve-inner\">\n<div class=\"arve-embed arve-embed--has-aspect-ratio\">\n<div class=\"arve-ar\" style=\"padding-top:56.250000%\"><\/div>\n<p>\t\t\t<iframe allow=\"accelerometer &apos;none&apos;;autoplay &apos;none&apos;;bluetooth &apos;none&apos;;browsing-topics &apos;none&apos;;camera &apos;none&apos;;clipboard-read &apos;none&apos;;clipboard-write;display-capture &apos;none&apos;;encrypted-media &apos;none&apos;;gamepad &apos;none&apos;;geolocation &apos;none&apos;;gyroscope &apos;none&apos;;hid &apos;none&apos;;identity-credentials-get &apos;none&apos;;idle-detection &apos;none&apos;;keyboard-map &apos;none&apos;;local-fonts;magnetometer &apos;none&apos;;microphone &apos;none&apos;;midi &apos;none&apos;;otp-credentials &apos;none&apos;;payment &apos;none&apos;;picture-in-picture;publickey-credentials-create &apos;none&apos;;publickey-credentials-get &apos;none&apos;;screen-wake-lock &apos;none&apos;;serial &apos;none&apos;;summarizer &apos;none&apos;;sync-xhr;usb &apos;none&apos;;web-share;window-management &apos;none&apos;;xr-spatial-tracking &apos;none&apos;;\" allowfullscreen=\"\" class=\"arve-iframe fitvidsignore\" credentialless data-arve=\"arve-youtube-0x_wk42s1g0\" data-lenis-prevent=\"\" data-src-no-ap=\"https:\/\/www.youtube-nocookie.com\/embed\/0X_Wk42S1G0?start=1&amp;iv_load_policy=3&amp;modestbranding=1&amp;rel=0&amp;autohide=1&amp;playsinline=0&amp;autoplay=0\" frameborder=\"0\" height=\"450\" loading=\"lazy\" name=\"\" referrerpolicy=\"strict-origin-when-cross-origin\" sandbox=\"allow-scripts allow-same-origin allow-presentation allow-popups allow-popups-to-escape-sandbox\" scrolling=\"no\" src=\"https:\/\/www.youtube-nocookie.com\/embed\/0X_Wk42S1G0?start=1&#038;iv_load_policy=3&#038;modestbranding=1&#038;rel=0&#038;autohide=1&#038;playsinline=0&#038;autoplay=0\" title=\"\" width=\"800\"><\/iframe><\/p><\/div>\n<\/p><\/div>\n<p>\t<script type=\"application\/ld+json\">{\"@context\":\"http:\\\/\\\/schema.org\\\/\",\"@id\":\"https:\\\/\\\/revistadospneus.com\\\/pt\\\/2023\\\/09\\\/01\\\/ab-tyres-leva-ceat-specialty-a-agroglobal\\\/#arve-youtube-0x_wk42s1g0\",\"type\":\"VideoObject\",\"embedURL\":\"https:\\\/\\\/www.youtube-nocookie.com\\\/embed\\\/0X_Wk42S1G0?start=1&iv_load_policy=3&modestbranding=1&rel=0&autohide=1&playsinline=0&autoplay=0\"}<\/script><\/p>\n<\/div>\n<!-- AddThis Advanced Settings generic via filter on the_content --><!-- AddThis Share Buttons generic via filter on the_content -->","protected":false},"excerpt":{"rendered":"<p>A\u00a0CEAT Specialty,\u00a0marca de pneus agr\u00edcolas representada exclusivamente pela\u00a0AB Tyres,\u00a0vai&#8230;<!-- AddThis Advanced Settings generic via filter on get_the_excerpt --><!-- AddThis Share Buttons generic via filter on get_the_excerpt --><\/p>\n","protected":false},"author":13,"featured_media":68585,"comment_status":"closed","ping_status":"closed","sticky":false,"template":"","format":"standard","meta":{"footnotes":""},"categories":[29],"tags":[922,2513,2514,2366],"class_list":["post-68584","post","type-post","status-publish","format-standard","has-post-thumbnail","hentry","category-empresas","tag-ab-tyres","tag-agroglobal","tag-ceat-specialty","tag-cnema"],"yoast_head":"<!-- This site is optimized with the Yoast SEO plugin v27.5 - https:\/\/yoast.com\/product\/yoast-seo-wordpress\/ -->\n<title>AB Tyres leva CEAT Specialty \u00e0 Agroglobal - Revista dos Pneus<\/title>\n<meta name=\"description\" content=\"A\u00a0CEAT Specialty,\u00a0marca de pneus agr\u00edcolas representada exclusivamente pela\u00a0AB Tyres,\u00a0vai marcar presen\u00e7a na Agroglobal\" \/>\n<meta name=\"robots\" content=\"index, follow, max-snippet:-1, max-image-preview:large, max-video-preview:-1\" \/>\n<link rel=\"canonical\" href=\"https:\/\/revistadospneus.com\/pt\/2023\/09\/01\/ab-tyres-leva-ceat-specialty-a-agroglobal\/\" \/>\n<meta property=\"og:locale\" content=\"pt_PT\" \/>\n<meta property=\"og:type\" content=\"article\" \/>\n<meta property=\"og:title\" content=\"AB Tyres leva CEAT Specialty \u00e0 Agroglobal - Revista dos Pneus\" \/>\n<meta property=\"og:description\" content=\"A\u00a0CEAT Specialty,\u00a0marca de pneus agr\u00edcolas representada exclusivamente pela\u00a0AB Tyres,\u00a0vai marcar presen\u00e7a na Agroglobal\" \/>\n<meta property=\"og:url\" content=\"https:\/\/revistadospneus.com\/pt\/2023\/09\/01\/ab-tyres-leva-ceat-specialty-a-agroglobal\/\" \/>\n<meta property=\"og:site_name\" content=\"Revista dos Pneus\" \/>\n<meta property=\"article:publisher\" content=\"https:\/\/www.facebook.com\/revistapneus\" \/>\n<meta property=\"article:published_time\" content=\"2023-09-01T10:00:08+00:00\" \/>\n<meta property=\"article:modified_time\" content=\"2023-09-01T10:01:34+00:00\" \/>\n<meta property=\"og:image\" content=\"https:\/\/revistadospneus.com\/pt\/wp-content\/uploads\/2023\/09\/AB-Tyres-leva-CEAT-Specialty-a-Agroglobal.jpg\" \/>\n\t<meta property=\"og:image:width\" content=\"1024\" \/>\n\t<meta property=\"og:image:height\" content=\"581\" \/>\n\t<meta property=\"og:image:type\" content=\"image\/jpeg\" \/>\n<meta name=\"author\" content=\"Reda\u00e7\u00e3o RP\" \/>\n<meta name=\"twitter:card\" content=\"summary_large_image\" \/>\n<meta name=\"twitter:creator\" content=\"@revistapneus\" \/>\n<meta name=\"twitter:site\" content=\"@revistapneus\" \/>\n<meta name=\"twitter:label1\" content=\"Escrito por\" \/>\n\t<meta name=\"twitter:data1\" content=\"Reda\u00e7\u00e3o RP\" \/>\n\t<meta name=\"twitter:label2\" content=\"Tempo estimado de leitura\" \/>\n\t<meta name=\"twitter:data2\" content=\"1 minuto\" \/>\n<script type=\"application\/ld+json\" class=\"yoast-schema-graph\">{\"@context\":\"https:\\\/\\\/schema.org\",\"@graph\":[{\"@type\":\"Article\",\"@id\":\"https:\\\/\\\/revistadospneus.com\\\/pt\\\/2023\\\/09\\\/01\\\/ab-tyres-leva-ceat-specialty-a-agroglobal\\\/#article\",\"isPartOf\":{\"@id\":\"https:\\\/\\\/revistadospneus.com\\\/pt\\\/2023\\\/09\\\/01\\\/ab-tyres-leva-ceat-specialty-a-agroglobal\\\/\"},\"author\":{\"name\":\"Reda\u00e7\u00e3o RP\",\"@id\":\"https:\\\/\\\/revistadospneus.com\\\/pt\\\/#\\\/schema\\\/person\\\/9c602809538a614c26e5569d14ed6442\"},\"headline\":\"AB Tyres leva CEAT Specialty \u00e0 Agroglobal\",\"datePublished\":\"2023-09-01T10:00:08+00:00\",\"dateModified\":\"2023-09-01T10:01:34+00:00\",\"mainEntityOfPage\":{\"@id\":\"https:\\\/\\\/revistadospneus.com\\\/pt\\\/2023\\\/09\\\/01\\\/ab-tyres-leva-ceat-specialty-a-agroglobal\\\/\"},\"wordCount\":120,\"publisher\":{\"@id\":\"https:\\\/\\\/revistadospneus.com\\\/pt\\\/#organization\"},\"image\":{\"@id\":\"https:\\\/\\\/revistadospneus.com\\\/pt\\\/2023\\\/09\\\/01\\\/ab-tyres-leva-ceat-specialty-a-agroglobal\\\/#primaryimage\"},\"thumbnailUrl\":\"https:\\\/\\\/revistadospneus.com\\\/pt\\\/wp-content\\\/uploads\\\/2023\\\/09\\\/AB-Tyres-leva-CEAT-Specialty-a-Agroglobal.jpg\",\"keywords\":[\"AB Tyres\",\"Agroglobal\",\"CEAT Specialty\",\"CNEMA\"],\"articleSection\":[\"Empresas\"],\"inLanguage\":\"pt-PT\"},{\"@type\":\"WebPage\",\"@id\":\"https:\\\/\\\/revistadospneus.com\\\/pt\\\/2023\\\/09\\\/01\\\/ab-tyres-leva-ceat-specialty-a-agroglobal\\\/\",\"url\":\"https:\\\/\\\/revistadospneus.com\\\/pt\\\/2023\\\/09\\\/01\\\/ab-tyres-leva-ceat-specialty-a-agroglobal\\\/\",\"name\":\"AB Tyres leva CEAT Specialty \u00e0 Agroglobal - Revista dos Pneus\",\"isPartOf\":{\"@id\":\"https:\\\/\\\/revistadospneus.com\\\/pt\\\/#website\"},\"primaryImageOfPage\":{\"@id\":\"https:\\\/\\\/revistadospneus.com\\\/pt\\\/2023\\\/09\\\/01\\\/ab-tyres-leva-ceat-specialty-a-agroglobal\\\/#primaryimage\"},\"image\":{\"@id\":\"https:\\\/\\\/revistadospneus.com\\\/pt\\\/2023\\\/09\\\/01\\\/ab-tyres-leva-ceat-specialty-a-agroglobal\\\/#primaryimage\"},\"thumbnailUrl\":\"https:\\\/\\\/revistadospneus.com\\\/pt\\\/wp-content\\\/uploads\\\/2023\\\/09\\\/AB-Tyres-leva-CEAT-Specialty-a-Agroglobal.jpg\",\"datePublished\":\"2023-09-01T10:00:08+00:00\",\"dateModified\":\"2023-09-01T10:01:34+00:00\",\"description\":\"A\u00a0CEAT Specialty,\u00a0marca de pneus agr\u00edcolas representada exclusivamente pela\u00a0AB Tyres,\u00a0vai marcar presen\u00e7a na Agroglobal\",\"breadcrumb\":{\"@id\":\"https:\\\/\\\/revistadospneus.com\\\/pt\\\/2023\\\/09\\\/01\\\/ab-tyres-leva-ceat-specialty-a-agroglobal\\\/#breadcrumb\"},\"inLanguage\":\"pt-PT\",\"potentialAction\":[{\"@type\":\"ReadAction\",\"target\":[\"https:\\\/\\\/revistadospneus.com\\\/pt\\\/2023\\\/09\\\/01\\\/ab-tyres-leva-ceat-specialty-a-agroglobal\\\/\"]}]},{\"@type\":\"ImageObject\",\"inLanguage\":\"pt-PT\",\"@id\":\"https:\\\/\\\/revistadospneus.com\\\/pt\\\/2023\\\/09\\\/01\\\/ab-tyres-leva-ceat-specialty-a-agroglobal\\\/#primaryimage\",\"url\":\"https:\\\/\\\/revistadospneus.com\\\/pt\\\/wp-content\\\/uploads\\\/2023\\\/09\\\/AB-Tyres-leva-CEAT-Specialty-a-Agroglobal.jpg\",\"contentUrl\":\"https:\\\/\\\/revistadospneus.com\\\/pt\\\/wp-content\\\/uploads\\\/2023\\\/09\\\/AB-Tyres-leva-CEAT-Specialty-a-Agroglobal.jpg\",\"width\":1024,\"height\":581,\"caption\":\"09 - AB Tyres leva CEAT Specialty a Agroglobal\"},{\"@type\":\"BreadcrumbList\",\"@id\":\"https:\\\/\\\/revistadospneus.com\\\/pt\\\/2023\\\/09\\\/01\\\/ab-tyres-leva-ceat-specialty-a-agroglobal\\\/#breadcrumb\",\"itemListElement\":[{\"@type\":\"ListItem\",\"position\":1,\"name\":\"In\u00edcio\",\"item\":\"https:\\\/\\\/revistadospneus.com\\\/pt\\\/\"},{\"@type\":\"ListItem\",\"position\":2,\"name\":\"AB Tyres leva CEAT Specialty \u00e0 Agroglobal\"}]},{\"@type\":\"WebSite\",\"@id\":\"https:\\\/\\\/revistadospneus.com\\\/pt\\\/#website\",\"url\":\"https:\\\/\\\/revistadospneus.com\\\/pt\\\/\",\"name\":\"Revista dos Pneus\",\"description\":\"Revista independente de pneus e servi\u00e7os r\u00e1pidos\",\"publisher\":{\"@id\":\"https:\\\/\\\/revistadospneus.com\\\/pt\\\/#organization\"},\"potentialAction\":[{\"@type\":\"SearchAction\",\"target\":{\"@type\":\"EntryPoint\",\"urlTemplate\":\"https:\\\/\\\/revistadospneus.com\\\/pt\\\/?s={search_term_string}\"},\"query-input\":{\"@type\":\"PropertyValueSpecification\",\"valueRequired\":true,\"valueName\":\"search_term_string\"}}],\"inLanguage\":\"pt-PT\"},{\"@type\":\"Organization\",\"@id\":\"https:\\\/\\\/revistadospneus.com\\\/pt\\\/#organization\",\"name\":\"Revista dos Pneus\",\"url\":\"https:\\\/\\\/revistadospneus.com\\\/pt\\\/\",\"logo\":{\"@type\":\"ImageObject\",\"inLanguage\":\"pt-PT\",\"@id\":\"https:\\\/\\\/revistadospneus.com\\\/pt\\\/#\\\/schema\\\/logo\\\/image\\\/\",\"url\":\"https:\\\/\\\/revistadospneus.com\\\/pt\\\/wp-content\\\/uploads\\\/logo2-1.png\",\"contentUrl\":\"https:\\\/\\\/revistadospneus.com\\\/pt\\\/wp-content\\\/uploads\\\/logo2-1.png\",\"width\":216,\"height\":70,\"caption\":\"Revista dos Pneus\"},\"image\":{\"@id\":\"https:\\\/\\\/revistadospneus.com\\\/pt\\\/#\\\/schema\\\/logo\\\/image\\\/\"},\"sameAs\":[\"https:\\\/\\\/www.facebook.com\\\/revistapneus\",\"https:\\\/\\\/x.com\\\/revistapneus\",\"https:\\\/\\\/www.linkedin.com\\\/company\\\/jornal-das-oficinas\\\/\",\"https:\\\/\\\/www.youtube.com\\\/channel\\\/UCbQZBqtcvV-oSQrr7RzINGg\"]},{\"@type\":\"Person\",\"@id\":\"https:\\\/\\\/revistadospneus.com\\\/pt\\\/#\\\/schema\\\/person\\\/9c602809538a614c26e5569d14ed6442\",\"name\":\"Reda\u00e7\u00e3o RP\",\"image\":{\"@type\":\"ImageObject\",\"inLanguage\":\"pt-PT\",\"@id\":\"https:\\\/\\\/secure.gravatar.com\\\/avatar\\\/71f2fa71737ad68a84fea94bc708ddac8ea5b0c4788dc2ad202f3ccb2887742f?s=96&d=wp_user_avatar&r=g\",\"url\":\"https:\\\/\\\/secure.gravatar.com\\\/avatar\\\/71f2fa71737ad68a84fea94bc708ddac8ea5b0c4788dc2ad202f3ccb2887742f?s=96&d=wp_user_avatar&r=g\",\"contentUrl\":\"https:\\\/\\\/secure.gravatar.com\\\/avatar\\\/71f2fa71737ad68a84fea94bc708ddac8ea5b0c4788dc2ad202f3ccb2887742f?s=96&d=wp_user_avatar&r=g\",\"caption\":\"Reda\u00e7\u00e3o RP\"},\"url\":\"https:\\\/\\\/revistadospneus.com\\\/pt\\\/author\\\/rpredacao\\\/\"}]}<\/script>\n<!-- \/ Yoast SEO plugin. -->","yoast_head_json":{"title":"AB Tyres leva CEAT Specialty \u00e0 Agroglobal - Revista dos Pneus","description":"A\u00a0CEAT Specialty,\u00a0marca de pneus agr\u00edcolas representada exclusivamente pela\u00a0AB Tyres,\u00a0vai marcar presen\u00e7a na Agroglobal","robots":{"index":"index","follow":"follow","max-snippet":"max-snippet:-1","max-image-preview":"max-image-preview:large","max-video-preview":"max-video-preview:-1"},"canonical":"https:\/\/revistadospneus.com\/pt\/2023\/09\/01\/ab-tyres-leva-ceat-specialty-a-agroglobal\/","og_locale":"pt_PT","og_type":"article","og_title":"AB Tyres leva CEAT Specialty \u00e0 Agroglobal - Revista dos Pneus","og_description":"A\u00a0CEAT Specialty,\u00a0marca de pneus agr\u00edcolas representada exclusivamente pela\u00a0AB Tyres,\u00a0vai marcar presen\u00e7a na Agroglobal","og_url":"https:\/\/revistadospneus.com\/pt\/2023\/09\/01\/ab-tyres-leva-ceat-specialty-a-agroglobal\/","og_site_name":"Revista dos Pneus","article_publisher":"https:\/\/www.facebook.com\/revistapneus","article_published_time":"2023-09-01T10:00:08+00:00","article_modified_time":"2023-09-01T10:01:34+00:00","og_image":[{"width":1024,"height":581,"url":"https:\/\/revistadospneus.com\/pt\/wp-content\/uploads\/2023\/09\/AB-Tyres-leva-CEAT-Specialty-a-Agroglobal.jpg","type":"image\/jpeg"}],"author":"Reda\u00e7\u00e3o RP","twitter_card":"summary_large_image","twitter_creator":"@revistapneus","twitter_site":"@revistapneus","twitter_misc":{"Escrito por":"Reda\u00e7\u00e3o RP","Tempo estimado de leitura":"1 minuto"},"schema":{"@context":"https:\/\/schema.org","@graph":[{"@type":"Article","@id":"https:\/\/revistadospneus.com\/pt\/2023\/09\/01\/ab-tyres-leva-ceat-specialty-a-agroglobal\/#article","isPartOf":{"@id":"https:\/\/revistadospneus.com\/pt\/2023\/09\/01\/ab-tyres-leva-ceat-specialty-a-agroglobal\/"},"author":{"name":"Reda\u00e7\u00e3o RP","@id":"https:\/\/revistadospneus.com\/pt\/#\/schema\/person\/9c602809538a614c26e5569d14ed6442"},"headline":"AB Tyres leva CEAT Specialty \u00e0 Agroglobal","datePublished":"2023-09-01T10:00:08+00:00","dateModified":"2023-09-01T10:01:34+00:00","mainEntityOfPage":{"@id":"https:\/\/revistadospneus.com\/pt\/2023\/09\/01\/ab-tyres-leva-ceat-specialty-a-agroglobal\/"},"wordCount":120,"publisher":{"@id":"https:\/\/revistadospneus.com\/pt\/#organization"},"image":{"@id":"https:\/\/revistadospneus.com\/pt\/2023\/09\/01\/ab-tyres-leva-ceat-specialty-a-agroglobal\/#primaryimage"},"thumbnailUrl":"https:\/\/revistadospneus.com\/pt\/wp-content\/uploads\/2023\/09\/AB-Tyres-leva-CEAT-Specialty-a-Agroglobal.jpg","keywords":["AB Tyres","Agroglobal","CEAT Specialty","CNEMA"],"articleSection":["Empresas"],"inLanguage":"pt-PT"},{"@type":"WebPage","@id":"https:\/\/revistadospneus.com\/pt\/2023\/09\/01\/ab-tyres-leva-ceat-specialty-a-agroglobal\/","url":"https:\/\/revistadospneus.com\/pt\/2023\/09\/01\/ab-tyres-leva-ceat-specialty-a-agroglobal\/","name":"AB Tyres leva CEAT Specialty \u00e0 Agroglobal - Revista dos Pneus","isPartOf":{"@id":"https:\/\/revistadospneus.com\/pt\/#website"},"primaryImageOfPage":{"@id":"https:\/\/revistadospneus.com\/pt\/2023\/09\/01\/ab-tyres-leva-ceat-specialty-a-agroglobal\/#primaryimage"},"image":{"@id":"https:\/\/revistadospneus.com\/pt\/2023\/09\/01\/ab-tyres-leva-ceat-specialty-a-agroglobal\/#primaryimage"},"thumbnailUrl":"https:\/\/revistadospneus.com\/pt\/wp-content\/uploads\/2023\/09\/AB-Tyres-leva-CEAT-Specialty-a-Agroglobal.jpg","datePublished":"2023-09-01T10:00:08+00:00","dateModified":"2023-09-01T10:01:34+00:00","description":"A\u00a0CEAT Specialty,\u00a0marca de pneus agr\u00edcolas representada exclusivamente pela\u00a0AB Tyres,\u00a0vai marcar presen\u00e7a na Agroglobal","breadcrumb":{"@id":"https:\/\/revistadospneus.com\/pt\/2023\/09\/01\/ab-tyres-leva-ceat-specialty-a-agroglobal\/#breadcrumb"},"inLanguage":"pt-PT","potentialAction":[{"@type":"ReadAction","target":["https:\/\/revistadospneus.com\/pt\/2023\/09\/01\/ab-tyres-leva-ceat-specialty-a-agroglobal\/"]}]},{"@type":"ImageObject","inLanguage":"pt-PT","@id":"https:\/\/revistadospneus.com\/pt\/2023\/09\/01\/ab-tyres-leva-ceat-specialty-a-agroglobal\/#primaryimage","url":"https:\/\/revistadospneus.com\/pt\/wp-content\/uploads\/2023\/09\/AB-Tyres-leva-CEAT-Specialty-a-Agroglobal.jpg","contentUrl":"https:\/\/revistadospneus.com\/pt\/wp-content\/uploads\/2023\/09\/AB-Tyres-leva-CEAT-Specialty-a-Agroglobal.jpg","width":1024,"height":581,"caption":"09 - AB Tyres leva CEAT Specialty a Agroglobal"},{"@type":"BreadcrumbList","@id":"https:\/\/revistadospneus.com\/pt\/2023\/09\/01\/ab-tyres-leva-ceat-specialty-a-agroglobal\/#breadcrumb","itemListElement":[{"@type":"ListItem","position":1,"name":"In\u00edcio","item":"https:\/\/revistadospneus.com\/pt\/"},{"@type":"ListItem","position":2,"name":"AB Tyres leva CEAT Specialty \u00e0 Agroglobal"}]},{"@type":"WebSite","@id":"https:\/\/revistadospneus.com\/pt\/#website","url":"https:\/\/revistadospneus.com\/pt\/","name":"Revista dos Pneus","description":"Revista independente de pneus e servi\u00e7os r\u00e1pidos","publisher":{"@id":"https:\/\/revistadospneus.com\/pt\/#organization"},"potentialAction":[{"@type":"SearchAction","target":{"@type":"EntryPoint","urlTemplate":"https:\/\/revistadospneus.com\/pt\/?s={search_term_string}"},"query-input":{"@type":"PropertyValueSpecification","valueRequired":true,"valueName":"search_term_string"}}],"inLanguage":"pt-PT"},{"@type":"Organization","@id":"https:\/\/revistadospneus.com\/pt\/#organization","name":"Revista dos Pneus","url":"https:\/\/revistadospneus.com\/pt\/","logo":{"@type":"ImageObject","inLanguage":"pt-PT","@id":"https:\/\/revistadospneus.com\/pt\/#\/schema\/logo\/image\/","url":"https:\/\/revistadospneus.com\/pt\/wp-content\/uploads\/logo2-1.png","contentUrl":"https:\/\/revistadospneus.com\/pt\/wp-content\/uploads\/logo2-1.png","width":216,"height":70,"caption":"Revista dos Pneus"},"image":{"@id":"https:\/\/revistadospneus.com\/pt\/#\/schema\/logo\/image\/"},"sameAs":["https:\/\/www.facebook.com\/revistapneus","https:\/\/x.com\/revistapneus","https:\/\/www.linkedin.com\/company\/jornal-das-oficinas\/","https:\/\/www.youtube.com\/channel\/UCbQZBqtcvV-oSQrr7RzINGg"]},{"@type":"Person","@id":"https:\/\/revistadospneus.com\/pt\/#\/schema\/person\/9c602809538a614c26e5569d14ed6442","name":"Reda\u00e7\u00e3o RP","image":{"@type":"ImageObject","inLanguage":"pt-PT","@id":"https:\/\/secure.gravatar.com\/avatar\/71f2fa71737ad68a84fea94bc708ddac8ea5b0c4788dc2ad202f3ccb2887742f?s=96&d=wp_user_avatar&r=g","url":"https:\/\/secure.gravatar.com\/avatar\/71f2fa71737ad68a84fea94bc708ddac8ea5b0c4788dc2ad202f3ccb2887742f?s=96&d=wp_user_avatar&r=g","contentUrl":"https:\/\/secure.gravatar.com\/avatar\/71f2fa71737ad68a84fea94bc708ddac8ea5b0c4788dc2ad202f3ccb2887742f?s=96&d=wp_user_avatar&r=g","caption":"Reda\u00e7\u00e3o RP"},"url":"https:\/\/revistadospneus.com\/pt\/author\/rpredacao\/"}]}},"_links":{"self":[{"href":"https:\/\/revistadospneus.com\/pt\/wp-json\/wp\/v2\/posts\/68584","targetHints":{"allow":["GET"]}}],"collection":[{"href":"https:\/\/revistadospneus.com\/pt\/wp-json\/wp\/v2\/posts"}],"about":[{"href":"https:\/\/revistadospneus.com\/pt\/wp-json\/wp\/v2\/types\/post"}],"author":[{"embeddable":true,"href":"https:\/\/revistadospneus.com\/pt\/wp-json\/wp\/v2\/users\/13"}],"replies":[{"embeddable":true,"href":"https:\/\/revistadospneus.com\/pt\/wp-json\/wp\/v2\/comments?post=68584"}],"version-history":[{"count":0,"href":"https:\/\/revistadospneus.com\/pt\/wp-json\/wp\/v2\/posts\/68584\/revisions"}],"wp:featuredmedia":[{"embeddable":true,"href":"https:\/\/revistadospneus.com\/pt\/wp-json\/wp\/v2\/media\/68585"}],"wp:attachment":[{"href":"https:\/\/revistadospneus.com\/pt\/wp-json\/wp\/v2\/media?parent=68584"}],"wp:term":[{"taxonomy":"category","embeddable":true,"href":"https:\/\/revistadospneus.com\/pt\/wp-json\/wp\/v2\/categories?post=68584"},{"taxonomy":"post_tag","embeddable":true,"href":"https:\/\/revistadospneus.com\/pt\/wp-json\/wp\/v2\/tags?post=68584"}],"curies":[{"name":"wp","href":"https:\/\/api.w.org\/{rel}","templated":true}]}}