{"id":69070,"date":"2023-10-11T14:00:21","date_gmt":"2023-10-11T13:00:21","guid":{"rendered":"https:\/\/revistadospneus.com\/pt\/?p=69070"},"modified":"2023-10-10T10:24:06","modified_gmt":"2023-10-10T09:24:06","slug":"valorpneu-distingue-desempenho-do-transportador-2023","status":"publish","type":"post","link":"https:\/\/revistadospneus.com\/pt\/2023\/10\/11\/valorpneu-distingue-desempenho-do-transportador-2023\/","title":{"rendered":"Valorpneu distingue \u201cDesempenho do Transportador 2023\u201d"},"content":{"rendered":"<p><img loading=\"lazy\" decoding=\"async\" class=\"alignnone size-full wp-image-69063\" src=\"https:\/\/revistadospneus.com\/pt\/wp-content\/uploads\/2023\/09\/Valorpneu-distingue-Desempenho-do-Transportador-2023.jpeg\" alt=\"09 - Valorpneu distingue Desempenho do Transportador 2023\" width=\"1024\" height=\"581\" srcset=\"https:\/\/revistadospneus.com\/pt\/wp-content\/uploads\/2023\/09\/Valorpneu-distingue-Desempenho-do-Transportador-2023.jpeg 1024w, https:\/\/revistadospneus.com\/pt\/wp-content\/uploads\/2023\/09\/Valorpneu-distingue-Desempenho-do-Transportador-2023-300x170.jpeg 300w, https:\/\/revistadospneus.com\/pt\/wp-content\/uploads\/2023\/09\/Valorpneu-distingue-Desempenho-do-Transportador-2023-150x85.jpeg 150w, https:\/\/revistadospneus.com\/pt\/wp-content\/uploads\/2023\/09\/Valorpneu-distingue-Desempenho-do-Transportador-2023-768x436.jpeg 768w\" sizes=\"auto, (max-width: 1024px) 100vw, 1024px\" \/><\/p>\n<p><strong>No \u00e2mbito do evento <a href=\"https:\/\/www.portugalms.com\/\" target=\"_blank\" rel=\"noopener\">Portugal Mobbi Summit<\/a>, onde a <a href=\"https:\/\/www.valorpneu.pt\/\" target=\"_blank\" rel=\"noopener\">Valorpneu<\/a> marcou presen\u00e7a no fim de semana de 23 e 24 de setembro, num stand conjunto com a <a href=\"https:\/\/www.facebook.com\/tudocontrolado\/?locale=pt_PT\" target=\"_blank\" rel=\"noopener\">ANIRP<\/a>, a entidade gestora de pneus usados em Portugal entregou a \u201cDistin\u00e7\u00e3o do Desempenho do Transportador 2023\u201d aos operadores da rede<\/strong><\/p>\n<p>A Palmires\u00edduos recebeu a distin\u00e7\u00e3o de \u201cMelhor Desempenho em 2022\u201d; a Valorizarpneu o \u201cMelhor Progresso entre 2020-2022\u201d e a Jocate e o Centro de Reciclagem de Palmela os 2\u00ba e 3\u00ba \u201cMelhor Progresso entre 2020-2022\u201d, respetivamente.<\/p>\n<p>Para al\u00e9m de representantes da Valorpneu e da ANIRP, o stand recebeu a visita do vice-presidente da C\u00e2mara Municipal de Lisboa (CML), Filipe Anacoreta Correia, empres\u00e1rios, especialistas e ativistas, que participaram em ativa\u00e7\u00f5es de marca, como o circuito com pneus telecomandados que foi a atra\u00e7\u00e3o principal do stand.<\/p>\n<p>No dia da entrega da distin\u00e7\u00e3o, dia 23 de setembro, H\u00e9lder Pedro, Secret\u00e1rio-geral da ACAP e Gerente da Valorpneu, fez um enquadramento sobre evento Portugal Mobi Summit e a sua import\u00e2ncia para a mobilidade sustent\u00e1vel, sendo um palco privilegiado para o encontro de <em>stakeholders<\/em> de todo o ecossistema de mobilidade, num debate de ideias disruptivas e solu\u00e7\u00f5es inovadoras numa edi\u00e7\u00e3o cujo tema central foi \u201cRumo a um Mundo Net Zero: Uma Oportunidade em Constru\u00e7\u00e3o\u201d.<\/p>\n<p>Clim\u00e9nia Silva, Diretora-geral da Valorpneu, falou sobre o objetivo da participa\u00e7\u00e3o da Valorpneu e da ANIRP na 6\u00aa edi\u00e7\u00e3o do Portugal Mobi Summit, mais concretamente na Feira da Mobilidade, dizendo que: \u201cO objetivo foi promover a mobilidade sustent\u00e1vel, potenciando maioritariamente o uso de pneus recauchutados e as suas vantagens, alertando o p\u00fablico em geral para estes pneus e para o contributo positivo que a recauchutagem tem para o ambiente e para a economia circular\u201d.<\/p>\n<p>Rita Marques, da ANIRP, acompanhada pelo presidente Joaquim Sei\u00e7a, destacou as vantagens dos pneus recauchutados junto n\u00e3o s\u00f3 dos transportadores, mas tamb\u00e9m de toda a comunidade.<br \/>\nAp\u00f3s a entrega das distin\u00e7\u00f5es, os distinguidos e convidados das entidades acima referidas participaram no cocktail e no momento de networking realizado no stand.<\/p>\n<!-- AddThis Advanced Settings generic via filter on the_content --><!-- AddThis Share Buttons generic via filter on the_content -->","protected":false},"excerpt":{"rendered":"<p>No \u00e2mbito do evento Portugal Mobbi Summit, onde a&#8230;<!-- AddThis Advanced Settings generic via filter on get_the_excerpt --><!-- AddThis Share Buttons generic via filter on get_the_excerpt --><\/p>\n","protected":false},"author":13,"featured_media":69063,"comment_status":"closed","ping_status":"closed","sticky":false,"template":"","format":"standard","meta":{"footnotes":""},"categories":[29],"tags":[2591,1049,2590,943],"class_list":["post-69070","post","type-post","status-publish","format-standard","has-post-thumbnail","hentry","category-empresas","tag-23-e-24-de-setembro","tag-anirp","tag-portugal-mobbi-summit","tag-valorpneu"],"yoast_head":"<!-- This site is optimized with the Yoast SEO plugin v27.5 - https:\/\/yoast.com\/product\/yoast-seo-wordpress\/ -->\n<title>Valorpneu distingue \u201cDesempenho do Transportador 2023\u201d - Revista dos Pneus<\/title>\n<meta name=\"description\" content=\"No \u00e2mbito do evento Portugal Mobbi Summit, onde a Valorpneu marcou presen\u00e7a no fim de semana de 23 e 24 de setembro\" \/>\n<meta name=\"robots\" content=\"index, follow, max-snippet:-1, max-image-preview:large, max-video-preview:-1\" \/>\n<link rel=\"canonical\" href=\"https:\/\/revistadospneus.com\/pt\/2023\/10\/11\/valorpneu-distingue-desempenho-do-transportador-2023\/\" \/>\n<meta property=\"og:locale\" content=\"pt_PT\" \/>\n<meta property=\"og:type\" content=\"article\" \/>\n<meta property=\"og:title\" content=\"Valorpneu distingue \u201cDesempenho do Transportador 2023\u201d - Revista dos Pneus\" \/>\n<meta property=\"og:description\" content=\"No \u00e2mbito do evento Portugal Mobbi Summit, onde a Valorpneu marcou presen\u00e7a no fim de semana de 23 e 24 de setembro\" \/>\n<meta property=\"og:url\" content=\"https:\/\/revistadospneus.com\/pt\/2023\/10\/11\/valorpneu-distingue-desempenho-do-transportador-2023\/\" \/>\n<meta property=\"og:site_name\" content=\"Revista dos Pneus\" \/>\n<meta property=\"article:publisher\" content=\"https:\/\/www.facebook.com\/revistapneus\" \/>\n<meta property=\"article:published_time\" content=\"2023-10-11T13:00:21+00:00\" \/>\n<meta property=\"og:image\" content=\"https:\/\/revistadospneus.com\/pt\/wp-content\/uploads\/2023\/09\/Valorpneu-distingue-Desempenho-do-Transportador-2023.jpeg\" \/>\n\t<meta property=\"og:image:width\" content=\"1024\" \/>\n\t<meta property=\"og:image:height\" content=\"581\" \/>\n\t<meta property=\"og:image:type\" content=\"image\/jpeg\" \/>\n<meta name=\"author\" content=\"Reda\u00e7\u00e3o RP\" \/>\n<meta name=\"twitter:card\" content=\"summary_large_image\" \/>\n<meta name=\"twitter:creator\" content=\"@revistapneus\" \/>\n<meta name=\"twitter:site\" content=\"@revistapneus\" \/>\n<meta name=\"twitter:label1\" content=\"Escrito por\" \/>\n\t<meta name=\"twitter:data1\" content=\"Reda\u00e7\u00e3o RP\" \/>\n\t<meta name=\"twitter:label2\" content=\"Tempo estimado de leitura\" \/>\n\t<meta name=\"twitter:data2\" content=\"3 minutos\" \/>\n<script type=\"application\/ld+json\" class=\"yoast-schema-graph\">{\"@context\":\"https:\\\/\\\/schema.org\",\"@graph\":[{\"@type\":\"Article\",\"@id\":\"https:\\\/\\\/revistadospneus.com\\\/pt\\\/2023\\\/10\\\/11\\\/valorpneu-distingue-desempenho-do-transportador-2023\\\/#article\",\"isPartOf\":{\"@id\":\"https:\\\/\\\/revistadospneus.com\\\/pt\\\/2023\\\/10\\\/11\\\/valorpneu-distingue-desempenho-do-transportador-2023\\\/\"},\"author\":{\"name\":\"Reda\u00e7\u00e3o RP\",\"@id\":\"https:\\\/\\\/revistadospneus.com\\\/pt\\\/#\\\/schema\\\/person\\\/9c602809538a614c26e5569d14ed6442\"},\"headline\":\"Valorpneu distingue \u201cDesempenho do Transportador 2023\u201d\",\"datePublished\":\"2023-10-11T13:00:21+00:00\",\"mainEntityOfPage\":{\"@id\":\"https:\\\/\\\/revistadospneus.com\\\/pt\\\/2023\\\/10\\\/11\\\/valorpneu-distingue-desempenho-do-transportador-2023\\\/\"},\"wordCount\":354,\"publisher\":{\"@id\":\"https:\\\/\\\/revistadospneus.com\\\/pt\\\/#organization\"},\"image\":{\"@id\":\"https:\\\/\\\/revistadospneus.com\\\/pt\\\/2023\\\/10\\\/11\\\/valorpneu-distingue-desempenho-do-transportador-2023\\\/#primaryimage\"},\"thumbnailUrl\":\"https:\\\/\\\/revistadospneus.com\\\/pt\\\/wp-content\\\/uploads\\\/2023\\\/09\\\/Valorpneu-distingue-Desempenho-do-Transportador-2023.jpeg\",\"keywords\":[\"23 e 24 de setembro\",\"ANIRP\",\"Portugal Mobbi Summit\",\"Valorpneu\"],\"articleSection\":[\"Empresas\"],\"inLanguage\":\"pt-PT\"},{\"@type\":\"WebPage\",\"@id\":\"https:\\\/\\\/revistadospneus.com\\\/pt\\\/2023\\\/10\\\/11\\\/valorpneu-distingue-desempenho-do-transportador-2023\\\/\",\"url\":\"https:\\\/\\\/revistadospneus.com\\\/pt\\\/2023\\\/10\\\/11\\\/valorpneu-distingue-desempenho-do-transportador-2023\\\/\",\"name\":\"Valorpneu distingue \u201cDesempenho do Transportador 2023\u201d - Revista dos Pneus\",\"isPartOf\":{\"@id\":\"https:\\\/\\\/revistadospneus.com\\\/pt\\\/#website\"},\"primaryImageOfPage\":{\"@id\":\"https:\\\/\\\/revistadospneus.com\\\/pt\\\/2023\\\/10\\\/11\\\/valorpneu-distingue-desempenho-do-transportador-2023\\\/#primaryimage\"},\"image\":{\"@id\":\"https:\\\/\\\/revistadospneus.com\\\/pt\\\/2023\\\/10\\\/11\\\/valorpneu-distingue-desempenho-do-transportador-2023\\\/#primaryimage\"},\"thumbnailUrl\":\"https:\\\/\\\/revistadospneus.com\\\/pt\\\/wp-content\\\/uploads\\\/2023\\\/09\\\/Valorpneu-distingue-Desempenho-do-Transportador-2023.jpeg\",\"datePublished\":\"2023-10-11T13:00:21+00:00\",\"description\":\"No \u00e2mbito do evento Portugal Mobbi Summit, onde a Valorpneu marcou presen\u00e7a no fim de semana de 23 e 24 de setembro\",\"breadcrumb\":{\"@id\":\"https:\\\/\\\/revistadospneus.com\\\/pt\\\/2023\\\/10\\\/11\\\/valorpneu-distingue-desempenho-do-transportador-2023\\\/#breadcrumb\"},\"inLanguage\":\"pt-PT\",\"potentialAction\":[{\"@type\":\"ReadAction\",\"target\":[\"https:\\\/\\\/revistadospneus.com\\\/pt\\\/2023\\\/10\\\/11\\\/valorpneu-distingue-desempenho-do-transportador-2023\\\/\"]}]},{\"@type\":\"ImageObject\",\"inLanguage\":\"pt-PT\",\"@id\":\"https:\\\/\\\/revistadospneus.com\\\/pt\\\/2023\\\/10\\\/11\\\/valorpneu-distingue-desempenho-do-transportador-2023\\\/#primaryimage\",\"url\":\"https:\\\/\\\/revistadospneus.com\\\/pt\\\/wp-content\\\/uploads\\\/2023\\\/09\\\/Valorpneu-distingue-Desempenho-do-Transportador-2023.jpeg\",\"contentUrl\":\"https:\\\/\\\/revistadospneus.com\\\/pt\\\/wp-content\\\/uploads\\\/2023\\\/09\\\/Valorpneu-distingue-Desempenho-do-Transportador-2023.jpeg\",\"width\":1024,\"height\":581,\"caption\":\"09 - Valorpneu distingue Desempenho do Transportador 2023\"},{\"@type\":\"BreadcrumbList\",\"@id\":\"https:\\\/\\\/revistadospneus.com\\\/pt\\\/2023\\\/10\\\/11\\\/valorpneu-distingue-desempenho-do-transportador-2023\\\/#breadcrumb\",\"itemListElement\":[{\"@type\":\"ListItem\",\"position\":1,\"name\":\"In\u00edcio\",\"item\":\"https:\\\/\\\/revistadospneus.com\\\/pt\\\/\"},{\"@type\":\"ListItem\",\"position\":2,\"name\":\"Valorpneu distingue \u201cDesempenho do Transportador 2023\u201d\"}]},{\"@type\":\"WebSite\",\"@id\":\"https:\\\/\\\/revistadospneus.com\\\/pt\\\/#website\",\"url\":\"https:\\\/\\\/revistadospneus.com\\\/pt\\\/\",\"name\":\"Revista dos Pneus\",\"description\":\"Revista independente de pneus e servi\u00e7os r\u00e1pidos\",\"publisher\":{\"@id\":\"https:\\\/\\\/revistadospneus.com\\\/pt\\\/#organization\"},\"potentialAction\":[{\"@type\":\"SearchAction\",\"target\":{\"@type\":\"EntryPoint\",\"urlTemplate\":\"https:\\\/\\\/revistadospneus.com\\\/pt\\\/?s={search_term_string}\"},\"query-input\":{\"@type\":\"PropertyValueSpecification\",\"valueRequired\":true,\"valueName\":\"search_term_string\"}}],\"inLanguage\":\"pt-PT\"},{\"@type\":\"Organization\",\"@id\":\"https:\\\/\\\/revistadospneus.com\\\/pt\\\/#organization\",\"name\":\"Revista dos Pneus\",\"url\":\"https:\\\/\\\/revistadospneus.com\\\/pt\\\/\",\"logo\":{\"@type\":\"ImageObject\",\"inLanguage\":\"pt-PT\",\"@id\":\"https:\\\/\\\/revistadospneus.com\\\/pt\\\/#\\\/schema\\\/logo\\\/image\\\/\",\"url\":\"https:\\\/\\\/revistadospneus.com\\\/pt\\\/wp-content\\\/uploads\\\/logo2-1.png\",\"contentUrl\":\"https:\\\/\\\/revistadospneus.com\\\/pt\\\/wp-content\\\/uploads\\\/logo2-1.png\",\"width\":216,\"height\":70,\"caption\":\"Revista dos Pneus\"},\"image\":{\"@id\":\"https:\\\/\\\/revistadospneus.com\\\/pt\\\/#\\\/schema\\\/logo\\\/image\\\/\"},\"sameAs\":[\"https:\\\/\\\/www.facebook.com\\\/revistapneus\",\"https:\\\/\\\/x.com\\\/revistapneus\",\"https:\\\/\\\/www.linkedin.com\\\/company\\\/jornal-das-oficinas\\\/\",\"https:\\\/\\\/www.youtube.com\\\/channel\\\/UCbQZBqtcvV-oSQrr7RzINGg\"]},{\"@type\":\"Person\",\"@id\":\"https:\\\/\\\/revistadospneus.com\\\/pt\\\/#\\\/schema\\\/person\\\/9c602809538a614c26e5569d14ed6442\",\"name\":\"Reda\u00e7\u00e3o RP\",\"image\":{\"@type\":\"ImageObject\",\"inLanguage\":\"pt-PT\",\"@id\":\"https:\\\/\\\/secure.gravatar.com\\\/avatar\\\/71f2fa71737ad68a84fea94bc708ddac8ea5b0c4788dc2ad202f3ccb2887742f?s=96&d=wp_user_avatar&r=g\",\"url\":\"https:\\\/\\\/secure.gravatar.com\\\/avatar\\\/71f2fa71737ad68a84fea94bc708ddac8ea5b0c4788dc2ad202f3ccb2887742f?s=96&d=wp_user_avatar&r=g\",\"contentUrl\":\"https:\\\/\\\/secure.gravatar.com\\\/avatar\\\/71f2fa71737ad68a84fea94bc708ddac8ea5b0c4788dc2ad202f3ccb2887742f?s=96&d=wp_user_avatar&r=g\",\"caption\":\"Reda\u00e7\u00e3o RP\"},\"url\":\"https:\\\/\\\/revistadospneus.com\\\/pt\\\/author\\\/rpredacao\\\/\"}]}<\/script>\n<!-- \/ Yoast SEO plugin. -->","yoast_head_json":{"title":"Valorpneu distingue \u201cDesempenho do Transportador 2023\u201d - Revista dos Pneus","description":"No \u00e2mbito do evento Portugal Mobbi Summit, onde a Valorpneu marcou presen\u00e7a no fim de semana de 23 e 24 de setembro","robots":{"index":"index","follow":"follow","max-snippet":"max-snippet:-1","max-image-preview":"max-image-preview:large","max-video-preview":"max-video-preview:-1"},"canonical":"https:\/\/revistadospneus.com\/pt\/2023\/10\/11\/valorpneu-distingue-desempenho-do-transportador-2023\/","og_locale":"pt_PT","og_type":"article","og_title":"Valorpneu distingue \u201cDesempenho do Transportador 2023\u201d - Revista dos Pneus","og_description":"No \u00e2mbito do evento Portugal Mobbi Summit, onde a Valorpneu marcou presen\u00e7a no fim de semana de 23 e 24 de setembro","og_url":"https:\/\/revistadospneus.com\/pt\/2023\/10\/11\/valorpneu-distingue-desempenho-do-transportador-2023\/","og_site_name":"Revista dos Pneus","article_publisher":"https:\/\/www.facebook.com\/revistapneus","article_published_time":"2023-10-11T13:00:21+00:00","og_image":[{"width":1024,"height":581,"url":"https:\/\/revistadospneus.com\/pt\/wp-content\/uploads\/2023\/09\/Valorpneu-distingue-Desempenho-do-Transportador-2023.jpeg","type":"image\/jpeg"}],"author":"Reda\u00e7\u00e3o RP","twitter_card":"summary_large_image","twitter_creator":"@revistapneus","twitter_site":"@revistapneus","twitter_misc":{"Escrito por":"Reda\u00e7\u00e3o RP","Tempo estimado de leitura":"3 minutos"},"schema":{"@context":"https:\/\/schema.org","@graph":[{"@type":"Article","@id":"https:\/\/revistadospneus.com\/pt\/2023\/10\/11\/valorpneu-distingue-desempenho-do-transportador-2023\/#article","isPartOf":{"@id":"https:\/\/revistadospneus.com\/pt\/2023\/10\/11\/valorpneu-distingue-desempenho-do-transportador-2023\/"},"author":{"name":"Reda\u00e7\u00e3o RP","@id":"https:\/\/revistadospneus.com\/pt\/#\/schema\/person\/9c602809538a614c26e5569d14ed6442"},"headline":"Valorpneu distingue \u201cDesempenho do Transportador 2023\u201d","datePublished":"2023-10-11T13:00:21+00:00","mainEntityOfPage":{"@id":"https:\/\/revistadospneus.com\/pt\/2023\/10\/11\/valorpneu-distingue-desempenho-do-transportador-2023\/"},"wordCount":354,"publisher":{"@id":"https:\/\/revistadospneus.com\/pt\/#organization"},"image":{"@id":"https:\/\/revistadospneus.com\/pt\/2023\/10\/11\/valorpneu-distingue-desempenho-do-transportador-2023\/#primaryimage"},"thumbnailUrl":"https:\/\/revistadospneus.com\/pt\/wp-content\/uploads\/2023\/09\/Valorpneu-distingue-Desempenho-do-Transportador-2023.jpeg","keywords":["23 e 24 de setembro","ANIRP","Portugal Mobbi Summit","Valorpneu"],"articleSection":["Empresas"],"inLanguage":"pt-PT"},{"@type":"WebPage","@id":"https:\/\/revistadospneus.com\/pt\/2023\/10\/11\/valorpneu-distingue-desempenho-do-transportador-2023\/","url":"https:\/\/revistadospneus.com\/pt\/2023\/10\/11\/valorpneu-distingue-desempenho-do-transportador-2023\/","name":"Valorpneu distingue \u201cDesempenho do Transportador 2023\u201d - Revista dos Pneus","isPartOf":{"@id":"https:\/\/revistadospneus.com\/pt\/#website"},"primaryImageOfPage":{"@id":"https:\/\/revistadospneus.com\/pt\/2023\/10\/11\/valorpneu-distingue-desempenho-do-transportador-2023\/#primaryimage"},"image":{"@id":"https:\/\/revistadospneus.com\/pt\/2023\/10\/11\/valorpneu-distingue-desempenho-do-transportador-2023\/#primaryimage"},"thumbnailUrl":"https:\/\/revistadospneus.com\/pt\/wp-content\/uploads\/2023\/09\/Valorpneu-distingue-Desempenho-do-Transportador-2023.jpeg","datePublished":"2023-10-11T13:00:21+00:00","description":"No \u00e2mbito do evento Portugal Mobbi Summit, onde a Valorpneu marcou presen\u00e7a no fim de semana de 23 e 24 de setembro","breadcrumb":{"@id":"https:\/\/revistadospneus.com\/pt\/2023\/10\/11\/valorpneu-distingue-desempenho-do-transportador-2023\/#breadcrumb"},"inLanguage":"pt-PT","potentialAction":[{"@type":"ReadAction","target":["https:\/\/revistadospneus.com\/pt\/2023\/10\/11\/valorpneu-distingue-desempenho-do-transportador-2023\/"]}]},{"@type":"ImageObject","inLanguage":"pt-PT","@id":"https:\/\/revistadospneus.com\/pt\/2023\/10\/11\/valorpneu-distingue-desempenho-do-transportador-2023\/#primaryimage","url":"https:\/\/revistadospneus.com\/pt\/wp-content\/uploads\/2023\/09\/Valorpneu-distingue-Desempenho-do-Transportador-2023.jpeg","contentUrl":"https:\/\/revistadospneus.com\/pt\/wp-content\/uploads\/2023\/09\/Valorpneu-distingue-Desempenho-do-Transportador-2023.jpeg","width":1024,"height":581,"caption":"09 - Valorpneu distingue Desempenho do Transportador 2023"},{"@type":"BreadcrumbList","@id":"https:\/\/revistadospneus.com\/pt\/2023\/10\/11\/valorpneu-distingue-desempenho-do-transportador-2023\/#breadcrumb","itemListElement":[{"@type":"ListItem","position":1,"name":"In\u00edcio","item":"https:\/\/revistadospneus.com\/pt\/"},{"@type":"ListItem","position":2,"name":"Valorpneu distingue \u201cDesempenho do Transportador 2023\u201d"}]},{"@type":"WebSite","@id":"https:\/\/revistadospneus.com\/pt\/#website","url":"https:\/\/revistadospneus.com\/pt\/","name":"Revista dos Pneus","description":"Revista independente de pneus e servi\u00e7os r\u00e1pidos","publisher":{"@id":"https:\/\/revistadospneus.com\/pt\/#organization"},"potentialAction":[{"@type":"SearchAction","target":{"@type":"EntryPoint","urlTemplate":"https:\/\/revistadospneus.com\/pt\/?s={search_term_string}"},"query-input":{"@type":"PropertyValueSpecification","valueRequired":true,"valueName":"search_term_string"}}],"inLanguage":"pt-PT"},{"@type":"Organization","@id":"https:\/\/revistadospneus.com\/pt\/#organization","name":"Revista dos Pneus","url":"https:\/\/revistadospneus.com\/pt\/","logo":{"@type":"ImageObject","inLanguage":"pt-PT","@id":"https:\/\/revistadospneus.com\/pt\/#\/schema\/logo\/image\/","url":"https:\/\/revistadospneus.com\/pt\/wp-content\/uploads\/logo2-1.png","contentUrl":"https:\/\/revistadospneus.com\/pt\/wp-content\/uploads\/logo2-1.png","width":216,"height":70,"caption":"Revista dos Pneus"},"image":{"@id":"https:\/\/revistadospneus.com\/pt\/#\/schema\/logo\/image\/"},"sameAs":["https:\/\/www.facebook.com\/revistapneus","https:\/\/x.com\/revistapneus","https:\/\/www.linkedin.com\/company\/jornal-das-oficinas\/","https:\/\/www.youtube.com\/channel\/UCbQZBqtcvV-oSQrr7RzINGg"]},{"@type":"Person","@id":"https:\/\/revistadospneus.com\/pt\/#\/schema\/person\/9c602809538a614c26e5569d14ed6442","name":"Reda\u00e7\u00e3o RP","image":{"@type":"ImageObject","inLanguage":"pt-PT","@id":"https:\/\/secure.gravatar.com\/avatar\/71f2fa71737ad68a84fea94bc708ddac8ea5b0c4788dc2ad202f3ccb2887742f?s=96&d=wp_user_avatar&r=g","url":"https:\/\/secure.gravatar.com\/avatar\/71f2fa71737ad68a84fea94bc708ddac8ea5b0c4788dc2ad202f3ccb2887742f?s=96&d=wp_user_avatar&r=g","contentUrl":"https:\/\/secure.gravatar.com\/avatar\/71f2fa71737ad68a84fea94bc708ddac8ea5b0c4788dc2ad202f3ccb2887742f?s=96&d=wp_user_avatar&r=g","caption":"Reda\u00e7\u00e3o RP"},"url":"https:\/\/revistadospneus.com\/pt\/author\/rpredacao\/"}]}},"_links":{"self":[{"href":"https:\/\/revistadospneus.com\/pt\/wp-json\/wp\/v2\/posts\/69070","targetHints":{"allow":["GET"]}}],"collection":[{"href":"https:\/\/revistadospneus.com\/pt\/wp-json\/wp\/v2\/posts"}],"about":[{"href":"https:\/\/revistadospneus.com\/pt\/wp-json\/wp\/v2\/types\/post"}],"author":[{"embeddable":true,"href":"https:\/\/revistadospneus.com\/pt\/wp-json\/wp\/v2\/users\/13"}],"replies":[{"embeddable":true,"href":"https:\/\/revistadospneus.com\/pt\/wp-json\/wp\/v2\/comments?post=69070"}],"version-history":[{"count":0,"href":"https:\/\/revistadospneus.com\/pt\/wp-json\/wp\/v2\/posts\/69070\/revisions"}],"wp:featuredmedia":[{"embeddable":true,"href":"https:\/\/revistadospneus.com\/pt\/wp-json\/wp\/v2\/media\/69063"}],"wp:attachment":[{"href":"https:\/\/revistadospneus.com\/pt\/wp-json\/wp\/v2\/media?parent=69070"}],"wp:term":[{"taxonomy":"category","embeddable":true,"href":"https:\/\/revistadospneus.com\/pt\/wp-json\/wp\/v2\/categories?post=69070"},{"taxonomy":"post_tag","embeddable":true,"href":"https:\/\/revistadospneus.com\/pt\/wp-json\/wp\/v2\/tags?post=69070"}],"curies":[{"name":"wp","href":"https:\/\/api.w.org\/{rel}","templated":true}]}}