{"id":69119,"date":"2023-10-17T12:30:37","date_gmt":"2023-10-17T11:30:37","guid":{"rendered":"https:\/\/revistadospneus.com\/pt\/?p=69119"},"modified":"2023-10-17T11:00:37","modified_gmt":"2023-10-17T10:00:37","slug":"gala-top-100-jose-costa-recebe-premio-personalidade-do-ano","status":"publish","type":"post","link":"https:\/\/revistadospneus.com\/pt\/2023\/10\/17\/gala-top-100-jose-costa-recebe-premio-personalidade-do-ano\/","title":{"rendered":"Gala TOP 100: Jos\u00e9 Costa recebe Pr\u00e9mio Personalidade do Ano"},"content":{"rendered":"<p><strong><img loading=\"lazy\" decoding=\"async\" class=\"alignnone size-full wp-image-69112\" src=\"https:\/\/revistadospneus.com\/pt\/wp-content\/uploads\/2023\/09\/TOP100-jose_Costa.jpg\" alt=\"09 - TOP100 jose_Costa\" width=\"1024\" height=\"581\" srcset=\"https:\/\/revistadospneus.com\/pt\/wp-content\/uploads\/2023\/09\/TOP100-jose_Costa.jpg 1024w, https:\/\/revistadospneus.com\/pt\/wp-content\/uploads\/2023\/09\/TOP100-jose_Costa-300x170.jpg 300w, https:\/\/revistadospneus.com\/pt\/wp-content\/uploads\/2023\/09\/TOP100-jose_Costa-150x85.jpg 150w, https:\/\/revistadospneus.com\/pt\/wp-content\/uploads\/2023\/09\/TOP100-jose_Costa-768x436.jpg 768w\" sizes=\"auto, (max-width: 1024px) 100vw, 1024px\" \/><\/strong><\/p>\n<p><strong>A<a href=\"https:\/\/www.apcomunicacao.com\/galatop100\" target=\"_blank\" rel=\"noopener\"> IX edi\u00e7\u00e3o da Gala TOP 100<\/a> teve como novidade o Pr\u00e9mio Personalidade do Ano, atrav\u00e9s do qual pretendemos homenagear e reconhecer o trabalho de uma personalidade no desenvolvimento e promo\u00e7\u00e3o do setor aftermarket em Portugal. Jos\u00e9 Costa, diretor da <a href=\"https:\/\/kikai.pt\/\" target=\"_blank\" rel=\"noopener\">Kikai Eventos<\/a>, e respons\u00e1vel pelo sal\u00e3o <a href=\"https:\/\/expomecanica.pt\/pt\/\" target=\"_blank\" rel=\"noopener\">expoMEC\u00c2NICA<\/a>, foi o premiado.<\/strong><\/p>\n<p>Nasceu h\u00e1 53 anos no Porto e vive atualmente entre esta cidade e S\u00e3o Paulo, no Brasil. Casado h\u00e1 18 anos, tem tr\u00eas filhos que s\u00e3o a express\u00e3o maior de um amor incondicional. A fam\u00edlia ocupa destacadamente uma posi\u00e7\u00e3o cimeira nas suas prioridades.<\/p>\n<p>Generoso, gosta de passar tempo de qualidade com a fam\u00edlia, brincar com os filhos, ler e estar com amigos.<\/p>\n<p>Tirou rela\u00e7\u00f5es internacionais na Universidade do Minho e tem 25 anos de experi\u00eancia como gestor em 3 continentes. \u201cTrope\u00e7ou\u201d numa oportunidade e apaixonou-se pelo mundo da organiza\u00e7\u00e3o de eventos, ao qual j\u00e1 dedicou mais de metade da sua vida.<\/p>\n<p>Tem por h\u00e1bito come\u00e7ar a trabalhar muito cedo, toma o pequeno almo\u00e7o em fam\u00edlia e vai a p\u00e9 para o escrit\u00f3rio.Prepara sempre as reuni\u00f5es com anteced\u00eancia, prima pela pontualidade e\u00a0procura sempre apresentar-se bem e com um sorriso!<\/p>\n<p>Gosta de conhecer pessoas inspiradoras e ao mesmo tempo partilhar experi\u00eancias e aprender, mas n\u00e3o lhe agrada o ritmo e a desmesurada press\u00e3o por resultados.<\/p>\n<p>A despeito de todas as mais recentes altera\u00e7\u00f5es tecnol\u00f3gicas, acredita que sendo o autom\u00f3vel um objeto de culto e de uso di\u00e1rio, os sal\u00f5es dedicados ao aftermarket continuar\u00e3o a ter o seu espa\u00e7o.<\/p>\n<p>Para Jos\u00e9 Costa \u201cO segredo do sucesso est\u00e1 no trabalho \u00e1rduo! Estar atento \u00e0s novidades e sempre em busca de como fazer a diferen\u00e7a. N\u00e3o prometer aquilo que sabe n\u00e3o pode cumprir, mas sim focado sempre em surpreender pela positiva!\u00a0 Est\u00e1 no acreditar e n\u00e3o desistir!\u201d.<\/p>\n<!-- AddThis Advanced Settings generic via filter on the_content --><!-- AddThis Share Buttons generic via filter on the_content -->","protected":false},"excerpt":{"rendered":"<p>A IX edi\u00e7\u00e3o da Gala TOP 100 teve como&#8230;<!-- AddThis Advanced Settings generic via filter on get_the_excerpt --><!-- AddThis Share Buttons generic via filter on get_the_excerpt --><\/p>\n","protected":false},"author":13,"featured_media":69112,"comment_status":"closed","ping_status":"closed","sticky":false,"template":"","format":"standard","meta":{"footnotes":""},"categories":[2412],"tags":[78,201,1954,79,2598],"class_list":["post-69119","post","type-post","status-publish","format-standard","has-post-thumbnail","hentry","category-gala-top-100","tag-expomecanica","tag-gala-top-100","tag-jose-costa","tag-kikai-eventos","tag-premio-personalidade-do-ano"],"yoast_head":"<!-- This site is optimized with the Yoast SEO plugin v27.5 - https:\/\/yoast.com\/product\/yoast-seo-wordpress\/ -->\n<title>Gala TOP 100: Jos\u00e9 Costa recebe Pr\u00e9mio Personalidade do Ano - Revista dos Pneus<\/title>\n<meta name=\"description\" content=\"A IX edi\u00e7\u00e3o da Gala TOP 100 teve como novidade o Pr\u00e9mio Personalidade do Ano, foi para Jos\u00e9 Costa, diretor da Kikai Eventos\" \/>\n<meta name=\"robots\" content=\"index, follow, max-snippet:-1, max-image-preview:large, max-video-preview:-1\" \/>\n<link rel=\"canonical\" href=\"https:\/\/revistadospneus.com\/pt\/2023\/10\/17\/gala-top-100-jose-costa-recebe-premio-personalidade-do-ano\/\" \/>\n<meta property=\"og:locale\" content=\"pt_PT\" \/>\n<meta property=\"og:type\" content=\"article\" \/>\n<meta property=\"og:title\" content=\"Gala TOP 100: Jos\u00e9 Costa recebe Pr\u00e9mio Personalidade do Ano - Revista dos Pneus\" \/>\n<meta property=\"og:description\" content=\"A IX edi\u00e7\u00e3o da Gala TOP 100 teve como novidade o Pr\u00e9mio Personalidade do Ano, foi para Jos\u00e9 Costa, diretor da Kikai Eventos\" \/>\n<meta property=\"og:url\" content=\"https:\/\/revistadospneus.com\/pt\/2023\/10\/17\/gala-top-100-jose-costa-recebe-premio-personalidade-do-ano\/\" \/>\n<meta property=\"og:site_name\" content=\"Revista dos Pneus\" \/>\n<meta property=\"article:publisher\" content=\"https:\/\/www.facebook.com\/revistapneus\" \/>\n<meta property=\"article:published_time\" content=\"2023-10-17T11:30:37+00:00\" \/>\n<meta property=\"og:image\" content=\"https:\/\/revistadospneus.com\/pt\/wp-content\/uploads\/2023\/09\/TOP100-jose_Costa.jpg\" \/>\n\t<meta property=\"og:image:width\" content=\"1024\" \/>\n\t<meta property=\"og:image:height\" content=\"581\" \/>\n\t<meta property=\"og:image:type\" content=\"image\/jpeg\" \/>\n<meta name=\"author\" content=\"Reda\u00e7\u00e3o RP\" \/>\n<meta name=\"twitter:card\" content=\"summary_large_image\" \/>\n<meta name=\"twitter:creator\" content=\"@revistapneus\" \/>\n<meta name=\"twitter:site\" content=\"@revistapneus\" \/>\n<meta name=\"twitter:label1\" content=\"Escrito por\" \/>\n\t<meta name=\"twitter:data1\" content=\"Reda\u00e7\u00e3o RP\" \/>\n\t<meta name=\"twitter:label2\" content=\"Tempo estimado de leitura\" \/>\n\t<meta name=\"twitter:data2\" content=\"2 minutos\" \/>\n<script type=\"application\/ld+json\" class=\"yoast-schema-graph\">{\"@context\":\"https:\\\/\\\/schema.org\",\"@graph\":[{\"@type\":\"Article\",\"@id\":\"https:\\\/\\\/revistadospneus.com\\\/pt\\\/2023\\\/10\\\/17\\\/gala-top-100-jose-costa-recebe-premio-personalidade-do-ano\\\/#article\",\"isPartOf\":{\"@id\":\"https:\\\/\\\/revistadospneus.com\\\/pt\\\/2023\\\/10\\\/17\\\/gala-top-100-jose-costa-recebe-premio-personalidade-do-ano\\\/\"},\"author\":{\"name\":\"Reda\u00e7\u00e3o RP\",\"@id\":\"https:\\\/\\\/revistadospneus.com\\\/pt\\\/#\\\/schema\\\/person\\\/9c602809538a614c26e5569d14ed6442\"},\"headline\":\"Gala TOP 100: Jos\u00e9 Costa recebe Pr\u00e9mio Personalidade do Ano\",\"datePublished\":\"2023-10-17T11:30:37+00:00\",\"mainEntityOfPage\":{\"@id\":\"https:\\\/\\\/revistadospneus.com\\\/pt\\\/2023\\\/10\\\/17\\\/gala-top-100-jose-costa-recebe-premio-personalidade-do-ano\\\/\"},\"wordCount\":338,\"publisher\":{\"@id\":\"https:\\\/\\\/revistadospneus.com\\\/pt\\\/#organization\"},\"image\":{\"@id\":\"https:\\\/\\\/revistadospneus.com\\\/pt\\\/2023\\\/10\\\/17\\\/gala-top-100-jose-costa-recebe-premio-personalidade-do-ano\\\/#primaryimage\"},\"thumbnailUrl\":\"https:\\\/\\\/revistadospneus.com\\\/pt\\\/wp-content\\\/uploads\\\/2023\\\/09\\\/TOP100-jose_Costa.jpg\",\"keywords\":[\"expoMEC\u00c2NICA\",\"Gala TOP 100\",\"Jos\u00e9 Costa\",\"Kikai Eventos\",\"Pr\u00e9mio Personalidade do Ano\"],\"articleSection\":[\"Gala Top 100\"],\"inLanguage\":\"pt-PT\"},{\"@type\":\"WebPage\",\"@id\":\"https:\\\/\\\/revistadospneus.com\\\/pt\\\/2023\\\/10\\\/17\\\/gala-top-100-jose-costa-recebe-premio-personalidade-do-ano\\\/\",\"url\":\"https:\\\/\\\/revistadospneus.com\\\/pt\\\/2023\\\/10\\\/17\\\/gala-top-100-jose-costa-recebe-premio-personalidade-do-ano\\\/\",\"name\":\"Gala TOP 100: Jos\u00e9 Costa recebe Pr\u00e9mio Personalidade do Ano - Revista dos Pneus\",\"isPartOf\":{\"@id\":\"https:\\\/\\\/revistadospneus.com\\\/pt\\\/#website\"},\"primaryImageOfPage\":{\"@id\":\"https:\\\/\\\/revistadospneus.com\\\/pt\\\/2023\\\/10\\\/17\\\/gala-top-100-jose-costa-recebe-premio-personalidade-do-ano\\\/#primaryimage\"},\"image\":{\"@id\":\"https:\\\/\\\/revistadospneus.com\\\/pt\\\/2023\\\/10\\\/17\\\/gala-top-100-jose-costa-recebe-premio-personalidade-do-ano\\\/#primaryimage\"},\"thumbnailUrl\":\"https:\\\/\\\/revistadospneus.com\\\/pt\\\/wp-content\\\/uploads\\\/2023\\\/09\\\/TOP100-jose_Costa.jpg\",\"datePublished\":\"2023-10-17T11:30:37+00:00\",\"description\":\"A IX edi\u00e7\u00e3o da Gala TOP 100 teve como novidade o Pr\u00e9mio Personalidade do Ano, foi para Jos\u00e9 Costa, diretor da Kikai Eventos\",\"breadcrumb\":{\"@id\":\"https:\\\/\\\/revistadospneus.com\\\/pt\\\/2023\\\/10\\\/17\\\/gala-top-100-jose-costa-recebe-premio-personalidade-do-ano\\\/#breadcrumb\"},\"inLanguage\":\"pt-PT\",\"potentialAction\":[{\"@type\":\"ReadAction\",\"target\":[\"https:\\\/\\\/revistadospneus.com\\\/pt\\\/2023\\\/10\\\/17\\\/gala-top-100-jose-costa-recebe-premio-personalidade-do-ano\\\/\"]}]},{\"@type\":\"ImageObject\",\"inLanguage\":\"pt-PT\",\"@id\":\"https:\\\/\\\/revistadospneus.com\\\/pt\\\/2023\\\/10\\\/17\\\/gala-top-100-jose-costa-recebe-premio-personalidade-do-ano\\\/#primaryimage\",\"url\":\"https:\\\/\\\/revistadospneus.com\\\/pt\\\/wp-content\\\/uploads\\\/2023\\\/09\\\/TOP100-jose_Costa.jpg\",\"contentUrl\":\"https:\\\/\\\/revistadospneus.com\\\/pt\\\/wp-content\\\/uploads\\\/2023\\\/09\\\/TOP100-jose_Costa.jpg\",\"width\":1024,\"height\":581,\"caption\":\"09 - TOP100 jose_Costa\"},{\"@type\":\"BreadcrumbList\",\"@id\":\"https:\\\/\\\/revistadospneus.com\\\/pt\\\/2023\\\/10\\\/17\\\/gala-top-100-jose-costa-recebe-premio-personalidade-do-ano\\\/#breadcrumb\",\"itemListElement\":[{\"@type\":\"ListItem\",\"position\":1,\"name\":\"In\u00edcio\",\"item\":\"https:\\\/\\\/revistadospneus.com\\\/pt\\\/\"},{\"@type\":\"ListItem\",\"position\":2,\"name\":\"Gala TOP 100: Jos\u00e9 Costa recebe Pr\u00e9mio Personalidade do Ano\"}]},{\"@type\":\"WebSite\",\"@id\":\"https:\\\/\\\/revistadospneus.com\\\/pt\\\/#website\",\"url\":\"https:\\\/\\\/revistadospneus.com\\\/pt\\\/\",\"name\":\"Revista dos Pneus\",\"description\":\"Revista independente de pneus e servi\u00e7os r\u00e1pidos\",\"publisher\":{\"@id\":\"https:\\\/\\\/revistadospneus.com\\\/pt\\\/#organization\"},\"potentialAction\":[{\"@type\":\"SearchAction\",\"target\":{\"@type\":\"EntryPoint\",\"urlTemplate\":\"https:\\\/\\\/revistadospneus.com\\\/pt\\\/?s={search_term_string}\"},\"query-input\":{\"@type\":\"PropertyValueSpecification\",\"valueRequired\":true,\"valueName\":\"search_term_string\"}}],\"inLanguage\":\"pt-PT\"},{\"@type\":\"Organization\",\"@id\":\"https:\\\/\\\/revistadospneus.com\\\/pt\\\/#organization\",\"name\":\"Revista dos Pneus\",\"url\":\"https:\\\/\\\/revistadospneus.com\\\/pt\\\/\",\"logo\":{\"@type\":\"ImageObject\",\"inLanguage\":\"pt-PT\",\"@id\":\"https:\\\/\\\/revistadospneus.com\\\/pt\\\/#\\\/schema\\\/logo\\\/image\\\/\",\"url\":\"https:\\\/\\\/revistadospneus.com\\\/pt\\\/wp-content\\\/uploads\\\/logo2-1.png\",\"contentUrl\":\"https:\\\/\\\/revistadospneus.com\\\/pt\\\/wp-content\\\/uploads\\\/logo2-1.png\",\"width\":216,\"height\":70,\"caption\":\"Revista dos Pneus\"},\"image\":{\"@id\":\"https:\\\/\\\/revistadospneus.com\\\/pt\\\/#\\\/schema\\\/logo\\\/image\\\/\"},\"sameAs\":[\"https:\\\/\\\/www.facebook.com\\\/revistapneus\",\"https:\\\/\\\/x.com\\\/revistapneus\",\"https:\\\/\\\/www.linkedin.com\\\/company\\\/jornal-das-oficinas\\\/\",\"https:\\\/\\\/www.youtube.com\\\/channel\\\/UCbQZBqtcvV-oSQrr7RzINGg\"]},{\"@type\":\"Person\",\"@id\":\"https:\\\/\\\/revistadospneus.com\\\/pt\\\/#\\\/schema\\\/person\\\/9c602809538a614c26e5569d14ed6442\",\"name\":\"Reda\u00e7\u00e3o RP\",\"image\":{\"@type\":\"ImageObject\",\"inLanguage\":\"pt-PT\",\"@id\":\"https:\\\/\\\/secure.gravatar.com\\\/avatar\\\/71f2fa71737ad68a84fea94bc708ddac8ea5b0c4788dc2ad202f3ccb2887742f?s=96&d=wp_user_avatar&r=g\",\"url\":\"https:\\\/\\\/secure.gravatar.com\\\/avatar\\\/71f2fa71737ad68a84fea94bc708ddac8ea5b0c4788dc2ad202f3ccb2887742f?s=96&d=wp_user_avatar&r=g\",\"contentUrl\":\"https:\\\/\\\/secure.gravatar.com\\\/avatar\\\/71f2fa71737ad68a84fea94bc708ddac8ea5b0c4788dc2ad202f3ccb2887742f?s=96&d=wp_user_avatar&r=g\",\"caption\":\"Reda\u00e7\u00e3o RP\"},\"url\":\"https:\\\/\\\/revistadospneus.com\\\/pt\\\/author\\\/rpredacao\\\/\"}]}<\/script>\n<!-- \/ Yoast SEO plugin. -->","yoast_head_json":{"title":"Gala TOP 100: Jos\u00e9 Costa recebe Pr\u00e9mio Personalidade do Ano - Revista dos Pneus","description":"A IX edi\u00e7\u00e3o da Gala TOP 100 teve como novidade o Pr\u00e9mio Personalidade do Ano, foi para Jos\u00e9 Costa, diretor da Kikai Eventos","robots":{"index":"index","follow":"follow","max-snippet":"max-snippet:-1","max-image-preview":"max-image-preview:large","max-video-preview":"max-video-preview:-1"},"canonical":"https:\/\/revistadospneus.com\/pt\/2023\/10\/17\/gala-top-100-jose-costa-recebe-premio-personalidade-do-ano\/","og_locale":"pt_PT","og_type":"article","og_title":"Gala TOP 100: Jos\u00e9 Costa recebe Pr\u00e9mio Personalidade do Ano - Revista dos Pneus","og_description":"A IX edi\u00e7\u00e3o da Gala TOP 100 teve como novidade o Pr\u00e9mio Personalidade do Ano, foi para Jos\u00e9 Costa, diretor da Kikai Eventos","og_url":"https:\/\/revistadospneus.com\/pt\/2023\/10\/17\/gala-top-100-jose-costa-recebe-premio-personalidade-do-ano\/","og_site_name":"Revista dos Pneus","article_publisher":"https:\/\/www.facebook.com\/revistapneus","article_published_time":"2023-10-17T11:30:37+00:00","og_image":[{"width":1024,"height":581,"url":"https:\/\/revistadospneus.com\/pt\/wp-content\/uploads\/2023\/09\/TOP100-jose_Costa.jpg","type":"image\/jpeg"}],"author":"Reda\u00e7\u00e3o RP","twitter_card":"summary_large_image","twitter_creator":"@revistapneus","twitter_site":"@revistapneus","twitter_misc":{"Escrito por":"Reda\u00e7\u00e3o RP","Tempo estimado de leitura":"2 minutos"},"schema":{"@context":"https:\/\/schema.org","@graph":[{"@type":"Article","@id":"https:\/\/revistadospneus.com\/pt\/2023\/10\/17\/gala-top-100-jose-costa-recebe-premio-personalidade-do-ano\/#article","isPartOf":{"@id":"https:\/\/revistadospneus.com\/pt\/2023\/10\/17\/gala-top-100-jose-costa-recebe-premio-personalidade-do-ano\/"},"author":{"name":"Reda\u00e7\u00e3o RP","@id":"https:\/\/revistadospneus.com\/pt\/#\/schema\/person\/9c602809538a614c26e5569d14ed6442"},"headline":"Gala TOP 100: Jos\u00e9 Costa recebe Pr\u00e9mio Personalidade do Ano","datePublished":"2023-10-17T11:30:37+00:00","mainEntityOfPage":{"@id":"https:\/\/revistadospneus.com\/pt\/2023\/10\/17\/gala-top-100-jose-costa-recebe-premio-personalidade-do-ano\/"},"wordCount":338,"publisher":{"@id":"https:\/\/revistadospneus.com\/pt\/#organization"},"image":{"@id":"https:\/\/revistadospneus.com\/pt\/2023\/10\/17\/gala-top-100-jose-costa-recebe-premio-personalidade-do-ano\/#primaryimage"},"thumbnailUrl":"https:\/\/revistadospneus.com\/pt\/wp-content\/uploads\/2023\/09\/TOP100-jose_Costa.jpg","keywords":["expoMEC\u00c2NICA","Gala TOP 100","Jos\u00e9 Costa","Kikai Eventos","Pr\u00e9mio Personalidade do Ano"],"articleSection":["Gala Top 100"],"inLanguage":"pt-PT"},{"@type":"WebPage","@id":"https:\/\/revistadospneus.com\/pt\/2023\/10\/17\/gala-top-100-jose-costa-recebe-premio-personalidade-do-ano\/","url":"https:\/\/revistadospneus.com\/pt\/2023\/10\/17\/gala-top-100-jose-costa-recebe-premio-personalidade-do-ano\/","name":"Gala TOP 100: Jos\u00e9 Costa recebe Pr\u00e9mio Personalidade do Ano - Revista dos Pneus","isPartOf":{"@id":"https:\/\/revistadospneus.com\/pt\/#website"},"primaryImageOfPage":{"@id":"https:\/\/revistadospneus.com\/pt\/2023\/10\/17\/gala-top-100-jose-costa-recebe-premio-personalidade-do-ano\/#primaryimage"},"image":{"@id":"https:\/\/revistadospneus.com\/pt\/2023\/10\/17\/gala-top-100-jose-costa-recebe-premio-personalidade-do-ano\/#primaryimage"},"thumbnailUrl":"https:\/\/revistadospneus.com\/pt\/wp-content\/uploads\/2023\/09\/TOP100-jose_Costa.jpg","datePublished":"2023-10-17T11:30:37+00:00","description":"A IX edi\u00e7\u00e3o da Gala TOP 100 teve como novidade o Pr\u00e9mio Personalidade do Ano, foi para Jos\u00e9 Costa, diretor da Kikai Eventos","breadcrumb":{"@id":"https:\/\/revistadospneus.com\/pt\/2023\/10\/17\/gala-top-100-jose-costa-recebe-premio-personalidade-do-ano\/#breadcrumb"},"inLanguage":"pt-PT","potentialAction":[{"@type":"ReadAction","target":["https:\/\/revistadospneus.com\/pt\/2023\/10\/17\/gala-top-100-jose-costa-recebe-premio-personalidade-do-ano\/"]}]},{"@type":"ImageObject","inLanguage":"pt-PT","@id":"https:\/\/revistadospneus.com\/pt\/2023\/10\/17\/gala-top-100-jose-costa-recebe-premio-personalidade-do-ano\/#primaryimage","url":"https:\/\/revistadospneus.com\/pt\/wp-content\/uploads\/2023\/09\/TOP100-jose_Costa.jpg","contentUrl":"https:\/\/revistadospneus.com\/pt\/wp-content\/uploads\/2023\/09\/TOP100-jose_Costa.jpg","width":1024,"height":581,"caption":"09 - TOP100 jose_Costa"},{"@type":"BreadcrumbList","@id":"https:\/\/revistadospneus.com\/pt\/2023\/10\/17\/gala-top-100-jose-costa-recebe-premio-personalidade-do-ano\/#breadcrumb","itemListElement":[{"@type":"ListItem","position":1,"name":"In\u00edcio","item":"https:\/\/revistadospneus.com\/pt\/"},{"@type":"ListItem","position":2,"name":"Gala TOP 100: Jos\u00e9 Costa recebe Pr\u00e9mio Personalidade do Ano"}]},{"@type":"WebSite","@id":"https:\/\/revistadospneus.com\/pt\/#website","url":"https:\/\/revistadospneus.com\/pt\/","name":"Revista dos Pneus","description":"Revista independente de pneus e servi\u00e7os r\u00e1pidos","publisher":{"@id":"https:\/\/revistadospneus.com\/pt\/#organization"},"potentialAction":[{"@type":"SearchAction","target":{"@type":"EntryPoint","urlTemplate":"https:\/\/revistadospneus.com\/pt\/?s={search_term_string}"},"query-input":{"@type":"PropertyValueSpecification","valueRequired":true,"valueName":"search_term_string"}}],"inLanguage":"pt-PT"},{"@type":"Organization","@id":"https:\/\/revistadospneus.com\/pt\/#organization","name":"Revista dos Pneus","url":"https:\/\/revistadospneus.com\/pt\/","logo":{"@type":"ImageObject","inLanguage":"pt-PT","@id":"https:\/\/revistadospneus.com\/pt\/#\/schema\/logo\/image\/","url":"https:\/\/revistadospneus.com\/pt\/wp-content\/uploads\/logo2-1.png","contentUrl":"https:\/\/revistadospneus.com\/pt\/wp-content\/uploads\/logo2-1.png","width":216,"height":70,"caption":"Revista dos Pneus"},"image":{"@id":"https:\/\/revistadospneus.com\/pt\/#\/schema\/logo\/image\/"},"sameAs":["https:\/\/www.facebook.com\/revistapneus","https:\/\/x.com\/revistapneus","https:\/\/www.linkedin.com\/company\/jornal-das-oficinas\/","https:\/\/www.youtube.com\/channel\/UCbQZBqtcvV-oSQrr7RzINGg"]},{"@type":"Person","@id":"https:\/\/revistadospneus.com\/pt\/#\/schema\/person\/9c602809538a614c26e5569d14ed6442","name":"Reda\u00e7\u00e3o RP","image":{"@type":"ImageObject","inLanguage":"pt-PT","@id":"https:\/\/secure.gravatar.com\/avatar\/71f2fa71737ad68a84fea94bc708ddac8ea5b0c4788dc2ad202f3ccb2887742f?s=96&d=wp_user_avatar&r=g","url":"https:\/\/secure.gravatar.com\/avatar\/71f2fa71737ad68a84fea94bc708ddac8ea5b0c4788dc2ad202f3ccb2887742f?s=96&d=wp_user_avatar&r=g","contentUrl":"https:\/\/secure.gravatar.com\/avatar\/71f2fa71737ad68a84fea94bc708ddac8ea5b0c4788dc2ad202f3ccb2887742f?s=96&d=wp_user_avatar&r=g","caption":"Reda\u00e7\u00e3o RP"},"url":"https:\/\/revistadospneus.com\/pt\/author\/rpredacao\/"}]}},"_links":{"self":[{"href":"https:\/\/revistadospneus.com\/pt\/wp-json\/wp\/v2\/posts\/69119","targetHints":{"allow":["GET"]}}],"collection":[{"href":"https:\/\/revistadospneus.com\/pt\/wp-json\/wp\/v2\/posts"}],"about":[{"href":"https:\/\/revistadospneus.com\/pt\/wp-json\/wp\/v2\/types\/post"}],"author":[{"embeddable":true,"href":"https:\/\/revistadospneus.com\/pt\/wp-json\/wp\/v2\/users\/13"}],"replies":[{"embeddable":true,"href":"https:\/\/revistadospneus.com\/pt\/wp-json\/wp\/v2\/comments?post=69119"}],"version-history":[{"count":0,"href":"https:\/\/revistadospneus.com\/pt\/wp-json\/wp\/v2\/posts\/69119\/revisions"}],"wp:featuredmedia":[{"embeddable":true,"href":"https:\/\/revistadospneus.com\/pt\/wp-json\/wp\/v2\/media\/69112"}],"wp:attachment":[{"href":"https:\/\/revistadospneus.com\/pt\/wp-json\/wp\/v2\/media?parent=69119"}],"wp:term":[{"taxonomy":"category","embeddable":true,"href":"https:\/\/revistadospneus.com\/pt\/wp-json\/wp\/v2\/categories?post=69119"},{"taxonomy":"post_tag","embeddable":true,"href":"https:\/\/revistadospneus.com\/pt\/wp-json\/wp\/v2\/tags?post=69119"}],"curies":[{"name":"wp","href":"https:\/\/api.w.org\/{rel}","templated":true}]}}