{"id":69235,"date":"2023-11-02T10:00:37","date_gmt":"2023-11-02T10:00:37","guid":{"rendered":"https:\/\/revistadospneus.com\/pt\/?p=69235"},"modified":"2023-11-02T08:43:53","modified_gmt":"2023-11-02T08:43:53","slug":"bkt-anuncia-mudanca-significativa-na-estrategia-de-comunicacao","status":"publish","type":"post","link":"https:\/\/revistadospneus.com\/pt\/2023\/11\/02\/bkt-anuncia-mudanca-significativa-na-estrategia-de-comunicacao\/","title":{"rendered":"BKT anuncia mudan\u00e7a significativa na estrat\u00e9gia de comunica\u00e7\u00e3o"},"content":{"rendered":"<p><strong><img loading=\"lazy\" decoding=\"async\" class=\"alignnone size-full wp-image-69236\" src=\"https:\/\/revistadospneus.com\/pt\/wp-content\/uploads\/2023\/09\/BKT-anuncia-mudanca-significativa-na-estrategia-de-comunicacao-1.jpeg\" alt=\"09 - BKT anuncia mudanca significativa na estrategia de comunicacao 1\" width=\"1024\" height=\"581\" srcset=\"https:\/\/revistadospneus.com\/pt\/wp-content\/uploads\/2023\/09\/BKT-anuncia-mudanca-significativa-na-estrategia-de-comunicacao-1.jpeg 1024w, https:\/\/revistadospneus.com\/pt\/wp-content\/uploads\/2023\/09\/BKT-anuncia-mudanca-significativa-na-estrategia-de-comunicacao-1-300x170.jpeg 300w, https:\/\/revistadospneus.com\/pt\/wp-content\/uploads\/2023\/09\/BKT-anuncia-mudanca-significativa-na-estrategia-de-comunicacao-1-150x85.jpeg 150w, https:\/\/revistadospneus.com\/pt\/wp-content\/uploads\/2023\/09\/BKT-anuncia-mudanca-significativa-na-estrategia-de-comunicacao-1-768x436.jpeg 768w\" sizes=\"auto, (max-width: 1024px) 100vw, 1024px\" \/>\u00a0<\/strong><\/p>\n<p><strong>Num esfor\u00e7o para consolidar e otimizar as suas iniciativas de marketing e comunica\u00e7\u00e3o, a <a href=\"https:\/\/www.bkt-tires.com\/pt\/pt\/\" target=\"_blank\" rel=\"noopener\">BKT<\/a> anunciou a internaliza\u00e7\u00e3o de atividades de rela\u00e7\u00f5es p\u00fablicas e gabinete de imprensa<\/strong><\/p>\n<p>Para o fabricante l\u00edder de pneus off-highway com clientes numa ampla gama de ind\u00fastrias, esta transi\u00e7\u00e3o assinala uma escolha estrat\u00e9gica. Com efeito, a BKT pretende refor\u00e7ar ainda mais a sua capacidade de responder com prontid\u00e3o \u00e0s necessidades de um mercado em constante evolu\u00e7\u00e3o, a come\u00e7ar no setor agr\u00edcola. Esta mudan\u00e7a permitir\u00e1 \u00e0 BKT ter um controlo mais direto e imediato sobre a sua estrat\u00e9gia de comunica\u00e7\u00e3o &#8211; em linha com a vis\u00e3o, valores e objetivos da empresa.<\/p>\n<p><strong>\u00a0<\/strong>\u201cAo longo dos anos, cri\u00e1mos uma reputa\u00e7\u00e3o s\u00f3lida a n\u00edvel global, por isso acreditamos que est\u00e1 na altura de gerir diretamente as nossas comunica\u00e7\u00f5es e rela\u00e7\u00f5es com os m\u00e9dia, tirando partido de uma abordagem mais integrada e orientada para o futuro&#8221;, referiu Lucia Salmaso, diretora gerente da BKT Europa. \u00a0&#8220;Estamos entusiasmados em rela\u00e7\u00e3o a esta nova fase: a decis\u00e3o de internalizar as atividades de rela\u00e7\u00f5es p\u00fablicas e de gabinete de imprensa \u00e9 um passo natural no contexto de crescimento da BKT que simboliza o nosso desejo de melhorar e de nos adaptarmos num ambiente cada vez mais din\u00e2mico&#8221;, concluiu.<\/p>\n<!-- AddThis Advanced Settings generic via filter on the_content --><!-- AddThis Share Buttons generic via filter on the_content -->","protected":false},"excerpt":{"rendered":"<p>\u00a0 Num esfor\u00e7o para consolidar e otimizar as suas&#8230;<!-- AddThis Advanced Settings generic via filter on get_the_excerpt --><!-- AddThis Share Buttons generic via filter on get_the_excerpt --><\/p>\n","protected":false},"author":13,"featured_media":69236,"comment_status":"closed","ping_status":"closed","sticky":false,"template":"","format":"standard","meta":{"footnotes":""},"categories":[29],"tags":[989,2619,2621,2620],"class_list":["post-69235","post","type-post","status-publish","format-standard","has-post-thumbnail","hentry","category-empresas","tag-bkt","tag-estrategia-de-comunicacao","tag-gabinete-de-imprensa","tag-relacoes-publicas"],"yoast_head":"<!-- This site is optimized with the Yoast SEO plugin v27.4 - https:\/\/yoast.com\/product\/yoast-seo-wordpress\/ -->\n<title>BKT anuncia mudan\u00e7a significativa na estrat\u00e9gia de comunica\u00e7\u00e3o - Revista dos Pneus<\/title>\n<meta name=\"description\" content=\"Num esfor\u00e7o para consolidar e otimizar as suas iniciativas de marketing e comunica\u00e7\u00e3o, a BKT anunciou a internaliza\u00e7\u00e3o de atividades\" \/>\n<meta name=\"robots\" content=\"index, follow, max-snippet:-1, max-image-preview:large, max-video-preview:-1\" \/>\n<link rel=\"canonical\" href=\"https:\/\/revistadospneus.com\/pt\/2023\/11\/02\/bkt-anuncia-mudanca-significativa-na-estrategia-de-comunicacao\/\" \/>\n<meta property=\"og:locale\" content=\"pt_PT\" \/>\n<meta property=\"og:type\" content=\"article\" \/>\n<meta property=\"og:title\" content=\"BKT anuncia mudan\u00e7a significativa na estrat\u00e9gia de comunica\u00e7\u00e3o - Revista dos Pneus\" \/>\n<meta property=\"og:description\" content=\"Num esfor\u00e7o para consolidar e otimizar as suas iniciativas de marketing e comunica\u00e7\u00e3o, a BKT anunciou a internaliza\u00e7\u00e3o de atividades\" \/>\n<meta property=\"og:url\" content=\"https:\/\/revistadospneus.com\/pt\/2023\/11\/02\/bkt-anuncia-mudanca-significativa-na-estrategia-de-comunicacao\/\" \/>\n<meta property=\"og:site_name\" content=\"Revista dos Pneus\" \/>\n<meta property=\"article:publisher\" content=\"https:\/\/www.facebook.com\/revistapneus\" \/>\n<meta property=\"article:published_time\" content=\"2023-11-02T10:00:37+00:00\" \/>\n<meta property=\"og:image\" content=\"https:\/\/revistadospneus.com\/pt\/wp-content\/uploads\/2023\/09\/BKT-anuncia-mudanca-significativa-na-estrategia-de-comunicacao-1.jpeg\" \/>\n\t<meta property=\"og:image:width\" content=\"1024\" \/>\n\t<meta property=\"og:image:height\" content=\"581\" \/>\n\t<meta property=\"og:image:type\" content=\"image\/jpeg\" \/>\n<meta name=\"author\" content=\"Reda\u00e7\u00e3o RP\" \/>\n<meta name=\"twitter:card\" content=\"summary_large_image\" \/>\n<meta name=\"twitter:creator\" content=\"@revistapneus\" \/>\n<meta name=\"twitter:site\" content=\"@revistapneus\" \/>\n<meta name=\"twitter:label1\" content=\"Escrito por\" \/>\n\t<meta name=\"twitter:data1\" content=\"Reda\u00e7\u00e3o RP\" \/>\n\t<meta name=\"twitter:label2\" content=\"Tempo estimado de leitura\" \/>\n\t<meta name=\"twitter:data2\" content=\"2 minutos\" \/>\n<script type=\"application\/ld+json\" class=\"yoast-schema-graph\">{\"@context\":\"https:\\\/\\\/schema.org\",\"@graph\":[{\"@type\":\"Article\",\"@id\":\"https:\\\/\\\/revistadospneus.com\\\/pt\\\/2023\\\/11\\\/02\\\/bkt-anuncia-mudanca-significativa-na-estrategia-de-comunicacao\\\/#article\",\"isPartOf\":{\"@id\":\"https:\\\/\\\/revistadospneus.com\\\/pt\\\/2023\\\/11\\\/02\\\/bkt-anuncia-mudanca-significativa-na-estrategia-de-comunicacao\\\/\"},\"author\":{\"name\":\"Reda\u00e7\u00e3o RP\",\"@id\":\"https:\\\/\\\/revistadospneus.com\\\/pt\\\/#\\\/schema\\\/person\\\/9c602809538a614c26e5569d14ed6442\"},\"headline\":\"BKT anuncia mudan\u00e7a significativa na estrat\u00e9gia de comunica\u00e7\u00e3o\",\"datePublished\":\"2023-11-02T10:00:37+00:00\",\"mainEntityOfPage\":{\"@id\":\"https:\\\/\\\/revistadospneus.com\\\/pt\\\/2023\\\/11\\\/02\\\/bkt-anuncia-mudanca-significativa-na-estrategia-de-comunicacao\\\/\"},\"wordCount\":242,\"publisher\":{\"@id\":\"https:\\\/\\\/revistadospneus.com\\\/pt\\\/#organization\"},\"image\":{\"@id\":\"https:\\\/\\\/revistadospneus.com\\\/pt\\\/2023\\\/11\\\/02\\\/bkt-anuncia-mudanca-significativa-na-estrategia-de-comunicacao\\\/#primaryimage\"},\"thumbnailUrl\":\"https:\\\/\\\/revistadospneus.com\\\/pt\\\/wp-content\\\/uploads\\\/2023\\\/09\\\/BKT-anuncia-mudanca-significativa-na-estrategia-de-comunicacao-1.jpeg\",\"keywords\":[\"BKT\",\"Estrat\u00e9gia de comunica\u00e7\u00e3o\",\"gabinete de imprensa\",\"rela\u00e7\u00f5es p\u00fablicas\"],\"articleSection\":[\"Empresas\"],\"inLanguage\":\"pt-PT\"},{\"@type\":\"WebPage\",\"@id\":\"https:\\\/\\\/revistadospneus.com\\\/pt\\\/2023\\\/11\\\/02\\\/bkt-anuncia-mudanca-significativa-na-estrategia-de-comunicacao\\\/\",\"url\":\"https:\\\/\\\/revistadospneus.com\\\/pt\\\/2023\\\/11\\\/02\\\/bkt-anuncia-mudanca-significativa-na-estrategia-de-comunicacao\\\/\",\"name\":\"BKT anuncia mudan\u00e7a significativa na estrat\u00e9gia de comunica\u00e7\u00e3o - Revista dos Pneus\",\"isPartOf\":{\"@id\":\"https:\\\/\\\/revistadospneus.com\\\/pt\\\/#website\"},\"primaryImageOfPage\":{\"@id\":\"https:\\\/\\\/revistadospneus.com\\\/pt\\\/2023\\\/11\\\/02\\\/bkt-anuncia-mudanca-significativa-na-estrategia-de-comunicacao\\\/#primaryimage\"},\"image\":{\"@id\":\"https:\\\/\\\/revistadospneus.com\\\/pt\\\/2023\\\/11\\\/02\\\/bkt-anuncia-mudanca-significativa-na-estrategia-de-comunicacao\\\/#primaryimage\"},\"thumbnailUrl\":\"https:\\\/\\\/revistadospneus.com\\\/pt\\\/wp-content\\\/uploads\\\/2023\\\/09\\\/BKT-anuncia-mudanca-significativa-na-estrategia-de-comunicacao-1.jpeg\",\"datePublished\":\"2023-11-02T10:00:37+00:00\",\"description\":\"Num esfor\u00e7o para consolidar e otimizar as suas iniciativas de marketing e comunica\u00e7\u00e3o, a BKT anunciou a internaliza\u00e7\u00e3o de atividades\",\"breadcrumb\":{\"@id\":\"https:\\\/\\\/revistadospneus.com\\\/pt\\\/2023\\\/11\\\/02\\\/bkt-anuncia-mudanca-significativa-na-estrategia-de-comunicacao\\\/#breadcrumb\"},\"inLanguage\":\"pt-PT\",\"potentialAction\":[{\"@type\":\"ReadAction\",\"target\":[\"https:\\\/\\\/revistadospneus.com\\\/pt\\\/2023\\\/11\\\/02\\\/bkt-anuncia-mudanca-significativa-na-estrategia-de-comunicacao\\\/\"]}]},{\"@type\":\"ImageObject\",\"inLanguage\":\"pt-PT\",\"@id\":\"https:\\\/\\\/revistadospneus.com\\\/pt\\\/2023\\\/11\\\/02\\\/bkt-anuncia-mudanca-significativa-na-estrategia-de-comunicacao\\\/#primaryimage\",\"url\":\"https:\\\/\\\/revistadospneus.com\\\/pt\\\/wp-content\\\/uploads\\\/2023\\\/09\\\/BKT-anuncia-mudanca-significativa-na-estrategia-de-comunicacao-1.jpeg\",\"contentUrl\":\"https:\\\/\\\/revistadospneus.com\\\/pt\\\/wp-content\\\/uploads\\\/2023\\\/09\\\/BKT-anuncia-mudanca-significativa-na-estrategia-de-comunicacao-1.jpeg\",\"width\":1024,\"height\":581,\"caption\":\"09 - BKT anuncia mudanca significativa na estrategia de comunicacao 1\"},{\"@type\":\"BreadcrumbList\",\"@id\":\"https:\\\/\\\/revistadospneus.com\\\/pt\\\/2023\\\/11\\\/02\\\/bkt-anuncia-mudanca-significativa-na-estrategia-de-comunicacao\\\/#breadcrumb\",\"itemListElement\":[{\"@type\":\"ListItem\",\"position\":1,\"name\":\"In\u00edcio\",\"item\":\"https:\\\/\\\/revistadospneus.com\\\/pt\\\/\"},{\"@type\":\"ListItem\",\"position\":2,\"name\":\"BKT anuncia mudan\u00e7a significativa na estrat\u00e9gia de comunica\u00e7\u00e3o\"}]},{\"@type\":\"WebSite\",\"@id\":\"https:\\\/\\\/revistadospneus.com\\\/pt\\\/#website\",\"url\":\"https:\\\/\\\/revistadospneus.com\\\/pt\\\/\",\"name\":\"Revista dos Pneus\",\"description\":\"Revista independente de pneus e servi\u00e7os r\u00e1pidos\",\"publisher\":{\"@id\":\"https:\\\/\\\/revistadospneus.com\\\/pt\\\/#organization\"},\"potentialAction\":[{\"@type\":\"SearchAction\",\"target\":{\"@type\":\"EntryPoint\",\"urlTemplate\":\"https:\\\/\\\/revistadospneus.com\\\/pt\\\/?s={search_term_string}\"},\"query-input\":{\"@type\":\"PropertyValueSpecification\",\"valueRequired\":true,\"valueName\":\"search_term_string\"}}],\"inLanguage\":\"pt-PT\"},{\"@type\":\"Organization\",\"@id\":\"https:\\\/\\\/revistadospneus.com\\\/pt\\\/#organization\",\"name\":\"Revista dos Pneus\",\"url\":\"https:\\\/\\\/revistadospneus.com\\\/pt\\\/\",\"logo\":{\"@type\":\"ImageObject\",\"inLanguage\":\"pt-PT\",\"@id\":\"https:\\\/\\\/revistadospneus.com\\\/pt\\\/#\\\/schema\\\/logo\\\/image\\\/\",\"url\":\"https:\\\/\\\/revistadospneus.com\\\/pt\\\/wp-content\\\/uploads\\\/logo2-1.png\",\"contentUrl\":\"https:\\\/\\\/revistadospneus.com\\\/pt\\\/wp-content\\\/uploads\\\/logo2-1.png\",\"width\":216,\"height\":70,\"caption\":\"Revista dos Pneus\"},\"image\":{\"@id\":\"https:\\\/\\\/revistadospneus.com\\\/pt\\\/#\\\/schema\\\/logo\\\/image\\\/\"},\"sameAs\":[\"https:\\\/\\\/www.facebook.com\\\/revistapneus\",\"https:\\\/\\\/x.com\\\/revistapneus\",\"https:\\\/\\\/www.linkedin.com\\\/company\\\/jornal-das-oficinas\\\/\",\"https:\\\/\\\/www.youtube.com\\\/channel\\\/UCbQZBqtcvV-oSQrr7RzINGg\"]},{\"@type\":\"Person\",\"@id\":\"https:\\\/\\\/revistadospneus.com\\\/pt\\\/#\\\/schema\\\/person\\\/9c602809538a614c26e5569d14ed6442\",\"name\":\"Reda\u00e7\u00e3o RP\",\"image\":{\"@type\":\"ImageObject\",\"inLanguage\":\"pt-PT\",\"@id\":\"https:\\\/\\\/secure.gravatar.com\\\/avatar\\\/71f2fa71737ad68a84fea94bc708ddac8ea5b0c4788dc2ad202f3ccb2887742f?s=96&d=wp_user_avatar&r=g\",\"url\":\"https:\\\/\\\/secure.gravatar.com\\\/avatar\\\/71f2fa71737ad68a84fea94bc708ddac8ea5b0c4788dc2ad202f3ccb2887742f?s=96&d=wp_user_avatar&r=g\",\"contentUrl\":\"https:\\\/\\\/secure.gravatar.com\\\/avatar\\\/71f2fa71737ad68a84fea94bc708ddac8ea5b0c4788dc2ad202f3ccb2887742f?s=96&d=wp_user_avatar&r=g\",\"caption\":\"Reda\u00e7\u00e3o RP\"},\"url\":\"https:\\\/\\\/revistadospneus.com\\\/pt\\\/author\\\/rpredacao\\\/\"}]}<\/script>\n<!-- \/ Yoast SEO plugin. -->","yoast_head_json":{"title":"BKT anuncia mudan\u00e7a significativa na estrat\u00e9gia de comunica\u00e7\u00e3o - Revista dos Pneus","description":"Num esfor\u00e7o para consolidar e otimizar as suas iniciativas de marketing e comunica\u00e7\u00e3o, a BKT anunciou a internaliza\u00e7\u00e3o de atividades","robots":{"index":"index","follow":"follow","max-snippet":"max-snippet:-1","max-image-preview":"max-image-preview:large","max-video-preview":"max-video-preview:-1"},"canonical":"https:\/\/revistadospneus.com\/pt\/2023\/11\/02\/bkt-anuncia-mudanca-significativa-na-estrategia-de-comunicacao\/","og_locale":"pt_PT","og_type":"article","og_title":"BKT anuncia mudan\u00e7a significativa na estrat\u00e9gia de comunica\u00e7\u00e3o - Revista dos Pneus","og_description":"Num esfor\u00e7o para consolidar e otimizar as suas iniciativas de marketing e comunica\u00e7\u00e3o, a BKT anunciou a internaliza\u00e7\u00e3o de atividades","og_url":"https:\/\/revistadospneus.com\/pt\/2023\/11\/02\/bkt-anuncia-mudanca-significativa-na-estrategia-de-comunicacao\/","og_site_name":"Revista dos Pneus","article_publisher":"https:\/\/www.facebook.com\/revistapneus","article_published_time":"2023-11-02T10:00:37+00:00","og_image":[{"width":1024,"height":581,"url":"https:\/\/revistadospneus.com\/pt\/wp-content\/uploads\/2023\/09\/BKT-anuncia-mudanca-significativa-na-estrategia-de-comunicacao-1.jpeg","type":"image\/jpeg"}],"author":"Reda\u00e7\u00e3o RP","twitter_card":"summary_large_image","twitter_creator":"@revistapneus","twitter_site":"@revistapneus","twitter_misc":{"Escrito por":"Reda\u00e7\u00e3o RP","Tempo estimado de leitura":"2 minutos"},"schema":{"@context":"https:\/\/schema.org","@graph":[{"@type":"Article","@id":"https:\/\/revistadospneus.com\/pt\/2023\/11\/02\/bkt-anuncia-mudanca-significativa-na-estrategia-de-comunicacao\/#article","isPartOf":{"@id":"https:\/\/revistadospneus.com\/pt\/2023\/11\/02\/bkt-anuncia-mudanca-significativa-na-estrategia-de-comunicacao\/"},"author":{"name":"Reda\u00e7\u00e3o RP","@id":"https:\/\/revistadospneus.com\/pt\/#\/schema\/person\/9c602809538a614c26e5569d14ed6442"},"headline":"BKT anuncia mudan\u00e7a significativa na estrat\u00e9gia de comunica\u00e7\u00e3o","datePublished":"2023-11-02T10:00:37+00:00","mainEntityOfPage":{"@id":"https:\/\/revistadospneus.com\/pt\/2023\/11\/02\/bkt-anuncia-mudanca-significativa-na-estrategia-de-comunicacao\/"},"wordCount":242,"publisher":{"@id":"https:\/\/revistadospneus.com\/pt\/#organization"},"image":{"@id":"https:\/\/revistadospneus.com\/pt\/2023\/11\/02\/bkt-anuncia-mudanca-significativa-na-estrategia-de-comunicacao\/#primaryimage"},"thumbnailUrl":"https:\/\/revistadospneus.com\/pt\/wp-content\/uploads\/2023\/09\/BKT-anuncia-mudanca-significativa-na-estrategia-de-comunicacao-1.jpeg","keywords":["BKT","Estrat\u00e9gia de comunica\u00e7\u00e3o","gabinete de imprensa","rela\u00e7\u00f5es p\u00fablicas"],"articleSection":["Empresas"],"inLanguage":"pt-PT"},{"@type":"WebPage","@id":"https:\/\/revistadospneus.com\/pt\/2023\/11\/02\/bkt-anuncia-mudanca-significativa-na-estrategia-de-comunicacao\/","url":"https:\/\/revistadospneus.com\/pt\/2023\/11\/02\/bkt-anuncia-mudanca-significativa-na-estrategia-de-comunicacao\/","name":"BKT anuncia mudan\u00e7a significativa na estrat\u00e9gia de comunica\u00e7\u00e3o - Revista dos Pneus","isPartOf":{"@id":"https:\/\/revistadospneus.com\/pt\/#website"},"primaryImageOfPage":{"@id":"https:\/\/revistadospneus.com\/pt\/2023\/11\/02\/bkt-anuncia-mudanca-significativa-na-estrategia-de-comunicacao\/#primaryimage"},"image":{"@id":"https:\/\/revistadospneus.com\/pt\/2023\/11\/02\/bkt-anuncia-mudanca-significativa-na-estrategia-de-comunicacao\/#primaryimage"},"thumbnailUrl":"https:\/\/revistadospneus.com\/pt\/wp-content\/uploads\/2023\/09\/BKT-anuncia-mudanca-significativa-na-estrategia-de-comunicacao-1.jpeg","datePublished":"2023-11-02T10:00:37+00:00","description":"Num esfor\u00e7o para consolidar e otimizar as suas iniciativas de marketing e comunica\u00e7\u00e3o, a BKT anunciou a internaliza\u00e7\u00e3o de atividades","breadcrumb":{"@id":"https:\/\/revistadospneus.com\/pt\/2023\/11\/02\/bkt-anuncia-mudanca-significativa-na-estrategia-de-comunicacao\/#breadcrumb"},"inLanguage":"pt-PT","potentialAction":[{"@type":"ReadAction","target":["https:\/\/revistadospneus.com\/pt\/2023\/11\/02\/bkt-anuncia-mudanca-significativa-na-estrategia-de-comunicacao\/"]}]},{"@type":"ImageObject","inLanguage":"pt-PT","@id":"https:\/\/revistadospneus.com\/pt\/2023\/11\/02\/bkt-anuncia-mudanca-significativa-na-estrategia-de-comunicacao\/#primaryimage","url":"https:\/\/revistadospneus.com\/pt\/wp-content\/uploads\/2023\/09\/BKT-anuncia-mudanca-significativa-na-estrategia-de-comunicacao-1.jpeg","contentUrl":"https:\/\/revistadospneus.com\/pt\/wp-content\/uploads\/2023\/09\/BKT-anuncia-mudanca-significativa-na-estrategia-de-comunicacao-1.jpeg","width":1024,"height":581,"caption":"09 - BKT anuncia mudanca significativa na estrategia de comunicacao 1"},{"@type":"BreadcrumbList","@id":"https:\/\/revistadospneus.com\/pt\/2023\/11\/02\/bkt-anuncia-mudanca-significativa-na-estrategia-de-comunicacao\/#breadcrumb","itemListElement":[{"@type":"ListItem","position":1,"name":"In\u00edcio","item":"https:\/\/revistadospneus.com\/pt\/"},{"@type":"ListItem","position":2,"name":"BKT anuncia mudan\u00e7a significativa na estrat\u00e9gia de comunica\u00e7\u00e3o"}]},{"@type":"WebSite","@id":"https:\/\/revistadospneus.com\/pt\/#website","url":"https:\/\/revistadospneus.com\/pt\/","name":"Revista dos Pneus","description":"Revista independente de pneus e servi\u00e7os r\u00e1pidos","publisher":{"@id":"https:\/\/revistadospneus.com\/pt\/#organization"},"potentialAction":[{"@type":"SearchAction","target":{"@type":"EntryPoint","urlTemplate":"https:\/\/revistadospneus.com\/pt\/?s={search_term_string}"},"query-input":{"@type":"PropertyValueSpecification","valueRequired":true,"valueName":"search_term_string"}}],"inLanguage":"pt-PT"},{"@type":"Organization","@id":"https:\/\/revistadospneus.com\/pt\/#organization","name":"Revista dos Pneus","url":"https:\/\/revistadospneus.com\/pt\/","logo":{"@type":"ImageObject","inLanguage":"pt-PT","@id":"https:\/\/revistadospneus.com\/pt\/#\/schema\/logo\/image\/","url":"https:\/\/revistadospneus.com\/pt\/wp-content\/uploads\/logo2-1.png","contentUrl":"https:\/\/revistadospneus.com\/pt\/wp-content\/uploads\/logo2-1.png","width":216,"height":70,"caption":"Revista dos Pneus"},"image":{"@id":"https:\/\/revistadospneus.com\/pt\/#\/schema\/logo\/image\/"},"sameAs":["https:\/\/www.facebook.com\/revistapneus","https:\/\/x.com\/revistapneus","https:\/\/www.linkedin.com\/company\/jornal-das-oficinas\/","https:\/\/www.youtube.com\/channel\/UCbQZBqtcvV-oSQrr7RzINGg"]},{"@type":"Person","@id":"https:\/\/revistadospneus.com\/pt\/#\/schema\/person\/9c602809538a614c26e5569d14ed6442","name":"Reda\u00e7\u00e3o RP","image":{"@type":"ImageObject","inLanguage":"pt-PT","@id":"https:\/\/secure.gravatar.com\/avatar\/71f2fa71737ad68a84fea94bc708ddac8ea5b0c4788dc2ad202f3ccb2887742f?s=96&d=wp_user_avatar&r=g","url":"https:\/\/secure.gravatar.com\/avatar\/71f2fa71737ad68a84fea94bc708ddac8ea5b0c4788dc2ad202f3ccb2887742f?s=96&d=wp_user_avatar&r=g","contentUrl":"https:\/\/secure.gravatar.com\/avatar\/71f2fa71737ad68a84fea94bc708ddac8ea5b0c4788dc2ad202f3ccb2887742f?s=96&d=wp_user_avatar&r=g","caption":"Reda\u00e7\u00e3o RP"},"url":"https:\/\/revistadospneus.com\/pt\/author\/rpredacao\/"}]}},"_links":{"self":[{"href":"https:\/\/revistadospneus.com\/pt\/wp-json\/wp\/v2\/posts\/69235","targetHints":{"allow":["GET"]}}],"collection":[{"href":"https:\/\/revistadospneus.com\/pt\/wp-json\/wp\/v2\/posts"}],"about":[{"href":"https:\/\/revistadospneus.com\/pt\/wp-json\/wp\/v2\/types\/post"}],"author":[{"embeddable":true,"href":"https:\/\/revistadospneus.com\/pt\/wp-json\/wp\/v2\/users\/13"}],"replies":[{"embeddable":true,"href":"https:\/\/revistadospneus.com\/pt\/wp-json\/wp\/v2\/comments?post=69235"}],"version-history":[{"count":0,"href":"https:\/\/revistadospneus.com\/pt\/wp-json\/wp\/v2\/posts\/69235\/revisions"}],"wp:featuredmedia":[{"embeddable":true,"href":"https:\/\/revistadospneus.com\/pt\/wp-json\/wp\/v2\/media\/69236"}],"wp:attachment":[{"href":"https:\/\/revistadospneus.com\/pt\/wp-json\/wp\/v2\/media?parent=69235"}],"wp:term":[{"taxonomy":"category","embeddable":true,"href":"https:\/\/revistadospneus.com\/pt\/wp-json\/wp\/v2\/categories?post=69235"},{"taxonomy":"post_tag","embeddable":true,"href":"https:\/\/revistadospneus.com\/pt\/wp-json\/wp\/v2\/tags?post=69235"}],"curies":[{"name":"wp","href":"https:\/\/api.w.org\/{rel}","templated":true}]}}