{"id":69348,"date":"2023-11-09T12:00:13","date_gmt":"2023-11-09T12:00:13","guid":{"rendered":"https:\/\/revistadospneus.com\/pt\/?p=69348"},"modified":"2023-11-09T11:55:14","modified_gmt":"2023-11-09T11:55:14","slug":"avon-tyres-lado-a-lado-com-a-dunlop-no-eicma","status":"publish","type":"post","link":"https:\/\/revistadospneus.com\/pt\/2023\/11\/09\/avon-tyres-lado-a-lado-com-a-dunlop-no-eicma\/","title":{"rendered":"Avon Tyres lado a lado com a Dunlop no EICMA"},"content":{"rendered":"<p><img loading=\"lazy\" decoding=\"async\" class=\"alignnone size-full wp-image-69314\" src=\"https:\/\/revistadospneus.com\/pt\/wp-content\/uploads\/2023\/10\/Avon-Tyres-lado-a-lado-com-a-Dunlop-no-EICMA-.png\" alt=\"10 - Avon Tyres lado a lado com a Dunlop no EICMA \" width=\"1024\" height=\"581\" srcset=\"https:\/\/revistadospneus.com\/pt\/wp-content\/uploads\/2023\/10\/Avon-Tyres-lado-a-lado-com-a-Dunlop-no-EICMA-.png 1024w, https:\/\/revistadospneus.com\/pt\/wp-content\/uploads\/2023\/10\/Avon-Tyres-lado-a-lado-com-a-Dunlop-no-EICMA--300x170.png 300w, https:\/\/revistadospneus.com\/pt\/wp-content\/uploads\/2023\/10\/Avon-Tyres-lado-a-lado-com-a-Dunlop-no-EICMA--150x85.png 150w, https:\/\/revistadospneus.com\/pt\/wp-content\/uploads\/2023\/10\/Avon-Tyres-lado-a-lado-com-a-Dunlop-no-EICMA--768x436.png 768w\" sizes=\"auto, (max-width: 1024px) 100vw, 1024px\" \/><\/p>\n<p><strong>A <a href=\"https:\/\/www.avontyres.com\/en-gb\/\" target=\"_blank\" rel=\"noopener\">Avon Tyres<\/a>, uma das marcas de pneus com mais tradi\u00e7\u00e3o na ind\u00fastria das motos, vai marcar presen\u00e7a no <a href=\"https:\/\/www.eicma.it\/en\/\" target=\"_blank\" rel=\"noopener\">EICMA<\/a>, de 7 a 12 de novembro, no <\/strong><strong>pavilh\u00e3o 24, stand Q68<\/strong><\/p>\n<p>Com os olhos postos num emocionante futuro, enquanto parte da fam\u00edlia de marcas da Goodyear, a Avon estar\u00e1 presente no maior sal\u00e3o de motos do mundo para debater os seus planos para 2024, e mais al\u00e9m, com motociclistas e parceiros de todos os cantos da ind\u00fastria das motos. Esta ser\u00e1, tamb\u00e9m, a primeira ocasi\u00e3o em que a Avon e a Dunlop se apresentar\u00e3o lado a lado num grande sal\u00e3o internacional enquanto duas das marcas de motos da Goodyear.<\/p>\n<p>A gama de produtos para motos da Avon \u00e9 impressionante, e abarca desde pneus hiperdesportivos a pneus custom. A Avon ir\u00e1 exibir o seu amplo portf\u00f3lio de pneus no sal\u00e3o, entre os quais se destacam o Roadrider MKII, o Speedmaster MKII, o TrekRider e o 3D SUPERSPORT.<\/p>\n<p>A oferta da Avon tamb\u00e9m inclui o popular Cobra Chrome, concebido para o mercado das power cruiser, touring e custom. O Cobra Chrome oferece uma performance, e uma travagem, em piso molhado not\u00e1veis, garantindo um comportamento preciso e um excelente feedback do pneu.<\/p>\n<p>Este enfoque em modelos chave assegura que a marca Avon continua a oferecer os seus produtos mais populares, estabelecendo-se como um s\u00f3lido parceiro juntamente com a gama Dunlop.<\/p>\n<p>Ben Hoge, Diretor Geral de Moto da Goodyear Europa, declarou: &#8220;Estamos ansiosos por falar com motociclistas, distribuidores e parceiros no EICMA sobre os empolgantes planos da Avon para o pr\u00f3ximo ano, e mais al\u00e9m. A gama de pneus para motos da Avon \u00e9 testemunho do seu compromisso com a qualidade e com a inova\u00e7\u00e3o, e a sua presen\u00e7a, juntamente com a da Dunlop, no EICMA simboliza a for\u00e7a da uni\u00e3o das marcas de moto da Goodyear&#8221;.<\/p>\n<!-- AddThis Advanced Settings generic via filter on the_content --><!-- AddThis Share Buttons generic via filter on the_content -->","protected":false},"excerpt":{"rendered":"<p>A Avon Tyres, uma das marcas de pneus com&#8230;<!-- AddThis Advanced Settings generic via filter on get_the_excerpt --><!-- AddThis Share Buttons generic via filter on get_the_excerpt --><\/p>\n","protected":false},"author":13,"featured_media":69314,"comment_status":"closed","ping_status":"closed","sticky":false,"template":"","format":"standard","meta":{"footnotes":""},"categories":[29],"tags":[944,590],"class_list":["post-69348","post","type-post","status-publish","format-standard","has-post-thumbnail","hentry","category-empresas","tag-avon-tyres","tag-eicma"],"yoast_head":"<!-- This site is optimized with the Yoast SEO plugin v27.5 - https:\/\/yoast.com\/product\/yoast-seo-wordpress\/ -->\n<title>Avon Tyres lado a lado com a Dunlop no EICMA - Revista dos Pneus<\/title>\n<meta name=\"description\" content=\"A Avon Tyres, uma das marcas de pneus com mais tradi\u00e7\u00e3o na ind\u00fastria das motos, vai marcar presen\u00e7a no EICMA, de 7 a 12 de novembro\" \/>\n<meta name=\"robots\" content=\"index, follow, max-snippet:-1, max-image-preview:large, max-video-preview:-1\" \/>\n<link rel=\"canonical\" href=\"https:\/\/revistadospneus.com\/pt\/2023\/11\/09\/avon-tyres-lado-a-lado-com-a-dunlop-no-eicma\/\" \/>\n<meta property=\"og:locale\" content=\"pt_PT\" \/>\n<meta property=\"og:type\" content=\"article\" \/>\n<meta property=\"og:title\" content=\"Avon Tyres lado a lado com a Dunlop no EICMA - Revista dos Pneus\" \/>\n<meta property=\"og:description\" content=\"A Avon Tyres, uma das marcas de pneus com mais tradi\u00e7\u00e3o na ind\u00fastria das motos, vai marcar presen\u00e7a no EICMA, de 7 a 12 de novembro\" \/>\n<meta property=\"og:url\" content=\"https:\/\/revistadospneus.com\/pt\/2023\/11\/09\/avon-tyres-lado-a-lado-com-a-dunlop-no-eicma\/\" \/>\n<meta property=\"og:site_name\" content=\"Revista dos Pneus\" \/>\n<meta property=\"article:publisher\" content=\"https:\/\/www.facebook.com\/revistapneus\" \/>\n<meta property=\"article:published_time\" content=\"2023-11-09T12:00:13+00:00\" \/>\n<meta property=\"og:image\" content=\"https:\/\/revistadospneus.com\/pt\/wp-content\/uploads\/2023\/10\/Avon-Tyres-lado-a-lado-com-a-Dunlop-no-EICMA-.png\" \/>\n\t<meta property=\"og:image:width\" content=\"1024\" \/>\n\t<meta property=\"og:image:height\" content=\"581\" \/>\n\t<meta property=\"og:image:type\" content=\"image\/png\" \/>\n<meta name=\"author\" content=\"Reda\u00e7\u00e3o RP\" \/>\n<meta name=\"twitter:card\" content=\"summary_large_image\" \/>\n<meta name=\"twitter:creator\" content=\"@revistapneus\" \/>\n<meta name=\"twitter:site\" content=\"@revistapneus\" \/>\n<meta name=\"twitter:label1\" content=\"Escrito por\" \/>\n\t<meta name=\"twitter:data1\" content=\"Reda\u00e7\u00e3o RP\" \/>\n\t<meta name=\"twitter:label2\" content=\"Tempo estimado de leitura\" \/>\n\t<meta name=\"twitter:data2\" content=\"2 minutos\" \/>\n<script type=\"application\/ld+json\" class=\"yoast-schema-graph\">{\"@context\":\"https:\\\/\\\/schema.org\",\"@graph\":[{\"@type\":\"Article\",\"@id\":\"https:\\\/\\\/revistadospneus.com\\\/pt\\\/2023\\\/11\\\/09\\\/avon-tyres-lado-a-lado-com-a-dunlop-no-eicma\\\/#article\",\"isPartOf\":{\"@id\":\"https:\\\/\\\/revistadospneus.com\\\/pt\\\/2023\\\/11\\\/09\\\/avon-tyres-lado-a-lado-com-a-dunlop-no-eicma\\\/\"},\"author\":{\"name\":\"Reda\u00e7\u00e3o RP\",\"@id\":\"https:\\\/\\\/revistadospneus.com\\\/pt\\\/#\\\/schema\\\/person\\\/9c602809538a614c26e5569d14ed6442\"},\"headline\":\"Avon Tyres lado a lado com a Dunlop no EICMA\",\"datePublished\":\"2023-11-09T12:00:13+00:00\",\"mainEntityOfPage\":{\"@id\":\"https:\\\/\\\/revistadospneus.com\\\/pt\\\/2023\\\/11\\\/09\\\/avon-tyres-lado-a-lado-com-a-dunlop-no-eicma\\\/\"},\"wordCount\":330,\"publisher\":{\"@id\":\"https:\\\/\\\/revistadospneus.com\\\/pt\\\/#organization\"},\"image\":{\"@id\":\"https:\\\/\\\/revistadospneus.com\\\/pt\\\/2023\\\/11\\\/09\\\/avon-tyres-lado-a-lado-com-a-dunlop-no-eicma\\\/#primaryimage\"},\"thumbnailUrl\":\"https:\\\/\\\/revistadospneus.com\\\/pt\\\/wp-content\\\/uploads\\\/2023\\\/10\\\/Avon-Tyres-lado-a-lado-com-a-Dunlop-no-EICMA-.png\",\"keywords\":[\"Avon Tyres\",\"EICMA\"],\"articleSection\":[\"Empresas\"],\"inLanguage\":\"pt-PT\"},{\"@type\":\"WebPage\",\"@id\":\"https:\\\/\\\/revistadospneus.com\\\/pt\\\/2023\\\/11\\\/09\\\/avon-tyres-lado-a-lado-com-a-dunlop-no-eicma\\\/\",\"url\":\"https:\\\/\\\/revistadospneus.com\\\/pt\\\/2023\\\/11\\\/09\\\/avon-tyres-lado-a-lado-com-a-dunlop-no-eicma\\\/\",\"name\":\"Avon Tyres lado a lado com a Dunlop no EICMA - Revista dos Pneus\",\"isPartOf\":{\"@id\":\"https:\\\/\\\/revistadospneus.com\\\/pt\\\/#website\"},\"primaryImageOfPage\":{\"@id\":\"https:\\\/\\\/revistadospneus.com\\\/pt\\\/2023\\\/11\\\/09\\\/avon-tyres-lado-a-lado-com-a-dunlop-no-eicma\\\/#primaryimage\"},\"image\":{\"@id\":\"https:\\\/\\\/revistadospneus.com\\\/pt\\\/2023\\\/11\\\/09\\\/avon-tyres-lado-a-lado-com-a-dunlop-no-eicma\\\/#primaryimage\"},\"thumbnailUrl\":\"https:\\\/\\\/revistadospneus.com\\\/pt\\\/wp-content\\\/uploads\\\/2023\\\/10\\\/Avon-Tyres-lado-a-lado-com-a-Dunlop-no-EICMA-.png\",\"datePublished\":\"2023-11-09T12:00:13+00:00\",\"description\":\"A Avon Tyres, uma das marcas de pneus com mais tradi\u00e7\u00e3o na ind\u00fastria das motos, vai marcar presen\u00e7a no EICMA, de 7 a 12 de novembro\",\"breadcrumb\":{\"@id\":\"https:\\\/\\\/revistadospneus.com\\\/pt\\\/2023\\\/11\\\/09\\\/avon-tyres-lado-a-lado-com-a-dunlop-no-eicma\\\/#breadcrumb\"},\"inLanguage\":\"pt-PT\",\"potentialAction\":[{\"@type\":\"ReadAction\",\"target\":[\"https:\\\/\\\/revistadospneus.com\\\/pt\\\/2023\\\/11\\\/09\\\/avon-tyres-lado-a-lado-com-a-dunlop-no-eicma\\\/\"]}]},{\"@type\":\"ImageObject\",\"inLanguage\":\"pt-PT\",\"@id\":\"https:\\\/\\\/revistadospneus.com\\\/pt\\\/2023\\\/11\\\/09\\\/avon-tyres-lado-a-lado-com-a-dunlop-no-eicma\\\/#primaryimage\",\"url\":\"https:\\\/\\\/revistadospneus.com\\\/pt\\\/wp-content\\\/uploads\\\/2023\\\/10\\\/Avon-Tyres-lado-a-lado-com-a-Dunlop-no-EICMA-.png\",\"contentUrl\":\"https:\\\/\\\/revistadospneus.com\\\/pt\\\/wp-content\\\/uploads\\\/2023\\\/10\\\/Avon-Tyres-lado-a-lado-com-a-Dunlop-no-EICMA-.png\",\"width\":1024,\"height\":581,\"caption\":\"10 - Avon Tyres lado a lado com a Dunlop no EICMA\"},{\"@type\":\"BreadcrumbList\",\"@id\":\"https:\\\/\\\/revistadospneus.com\\\/pt\\\/2023\\\/11\\\/09\\\/avon-tyres-lado-a-lado-com-a-dunlop-no-eicma\\\/#breadcrumb\",\"itemListElement\":[{\"@type\":\"ListItem\",\"position\":1,\"name\":\"In\u00edcio\",\"item\":\"https:\\\/\\\/revistadospneus.com\\\/pt\\\/\"},{\"@type\":\"ListItem\",\"position\":2,\"name\":\"Avon Tyres lado a lado com a Dunlop no EICMA\"}]},{\"@type\":\"WebSite\",\"@id\":\"https:\\\/\\\/revistadospneus.com\\\/pt\\\/#website\",\"url\":\"https:\\\/\\\/revistadospneus.com\\\/pt\\\/\",\"name\":\"Revista dos Pneus\",\"description\":\"Revista independente de pneus e servi\u00e7os r\u00e1pidos\",\"publisher\":{\"@id\":\"https:\\\/\\\/revistadospneus.com\\\/pt\\\/#organization\"},\"potentialAction\":[{\"@type\":\"SearchAction\",\"target\":{\"@type\":\"EntryPoint\",\"urlTemplate\":\"https:\\\/\\\/revistadospneus.com\\\/pt\\\/?s={search_term_string}\"},\"query-input\":{\"@type\":\"PropertyValueSpecification\",\"valueRequired\":true,\"valueName\":\"search_term_string\"}}],\"inLanguage\":\"pt-PT\"},{\"@type\":\"Organization\",\"@id\":\"https:\\\/\\\/revistadospneus.com\\\/pt\\\/#organization\",\"name\":\"Revista dos Pneus\",\"url\":\"https:\\\/\\\/revistadospneus.com\\\/pt\\\/\",\"logo\":{\"@type\":\"ImageObject\",\"inLanguage\":\"pt-PT\",\"@id\":\"https:\\\/\\\/revistadospneus.com\\\/pt\\\/#\\\/schema\\\/logo\\\/image\\\/\",\"url\":\"https:\\\/\\\/revistadospneus.com\\\/pt\\\/wp-content\\\/uploads\\\/logo2-1.png\",\"contentUrl\":\"https:\\\/\\\/revistadospneus.com\\\/pt\\\/wp-content\\\/uploads\\\/logo2-1.png\",\"width\":216,\"height\":70,\"caption\":\"Revista dos Pneus\"},\"image\":{\"@id\":\"https:\\\/\\\/revistadospneus.com\\\/pt\\\/#\\\/schema\\\/logo\\\/image\\\/\"},\"sameAs\":[\"https:\\\/\\\/www.facebook.com\\\/revistapneus\",\"https:\\\/\\\/x.com\\\/revistapneus\",\"https:\\\/\\\/www.linkedin.com\\\/company\\\/jornal-das-oficinas\\\/\",\"https:\\\/\\\/www.youtube.com\\\/channel\\\/UCbQZBqtcvV-oSQrr7RzINGg\"]},{\"@type\":\"Person\",\"@id\":\"https:\\\/\\\/revistadospneus.com\\\/pt\\\/#\\\/schema\\\/person\\\/9c602809538a614c26e5569d14ed6442\",\"name\":\"Reda\u00e7\u00e3o RP\",\"image\":{\"@type\":\"ImageObject\",\"inLanguage\":\"pt-PT\",\"@id\":\"https:\\\/\\\/secure.gravatar.com\\\/avatar\\\/71f2fa71737ad68a84fea94bc708ddac8ea5b0c4788dc2ad202f3ccb2887742f?s=96&d=wp_user_avatar&r=g\",\"url\":\"https:\\\/\\\/secure.gravatar.com\\\/avatar\\\/71f2fa71737ad68a84fea94bc708ddac8ea5b0c4788dc2ad202f3ccb2887742f?s=96&d=wp_user_avatar&r=g\",\"contentUrl\":\"https:\\\/\\\/secure.gravatar.com\\\/avatar\\\/71f2fa71737ad68a84fea94bc708ddac8ea5b0c4788dc2ad202f3ccb2887742f?s=96&d=wp_user_avatar&r=g\",\"caption\":\"Reda\u00e7\u00e3o RP\"},\"url\":\"https:\\\/\\\/revistadospneus.com\\\/pt\\\/author\\\/rpredacao\\\/\"}]}<\/script>\n<!-- \/ Yoast SEO plugin. -->","yoast_head_json":{"title":"Avon Tyres lado a lado com a Dunlop no EICMA - Revista dos Pneus","description":"A Avon Tyres, uma das marcas de pneus com mais tradi\u00e7\u00e3o na ind\u00fastria das motos, vai marcar presen\u00e7a no EICMA, de 7 a 12 de novembro","robots":{"index":"index","follow":"follow","max-snippet":"max-snippet:-1","max-image-preview":"max-image-preview:large","max-video-preview":"max-video-preview:-1"},"canonical":"https:\/\/revistadospneus.com\/pt\/2023\/11\/09\/avon-tyres-lado-a-lado-com-a-dunlop-no-eicma\/","og_locale":"pt_PT","og_type":"article","og_title":"Avon Tyres lado a lado com a Dunlop no EICMA - Revista dos Pneus","og_description":"A Avon Tyres, uma das marcas de pneus com mais tradi\u00e7\u00e3o na ind\u00fastria das motos, vai marcar presen\u00e7a no EICMA, de 7 a 12 de novembro","og_url":"https:\/\/revistadospneus.com\/pt\/2023\/11\/09\/avon-tyres-lado-a-lado-com-a-dunlop-no-eicma\/","og_site_name":"Revista dos Pneus","article_publisher":"https:\/\/www.facebook.com\/revistapneus","article_published_time":"2023-11-09T12:00:13+00:00","og_image":[{"width":1024,"height":581,"url":"https:\/\/revistadospneus.com\/pt\/wp-content\/uploads\/2023\/10\/Avon-Tyres-lado-a-lado-com-a-Dunlop-no-EICMA-.png","type":"image\/png"}],"author":"Reda\u00e7\u00e3o RP","twitter_card":"summary_large_image","twitter_creator":"@revistapneus","twitter_site":"@revistapneus","twitter_misc":{"Escrito por":"Reda\u00e7\u00e3o RP","Tempo estimado de leitura":"2 minutos"},"schema":{"@context":"https:\/\/schema.org","@graph":[{"@type":"Article","@id":"https:\/\/revistadospneus.com\/pt\/2023\/11\/09\/avon-tyres-lado-a-lado-com-a-dunlop-no-eicma\/#article","isPartOf":{"@id":"https:\/\/revistadospneus.com\/pt\/2023\/11\/09\/avon-tyres-lado-a-lado-com-a-dunlop-no-eicma\/"},"author":{"name":"Reda\u00e7\u00e3o RP","@id":"https:\/\/revistadospneus.com\/pt\/#\/schema\/person\/9c602809538a614c26e5569d14ed6442"},"headline":"Avon Tyres lado a lado com a Dunlop no EICMA","datePublished":"2023-11-09T12:00:13+00:00","mainEntityOfPage":{"@id":"https:\/\/revistadospneus.com\/pt\/2023\/11\/09\/avon-tyres-lado-a-lado-com-a-dunlop-no-eicma\/"},"wordCount":330,"publisher":{"@id":"https:\/\/revistadospneus.com\/pt\/#organization"},"image":{"@id":"https:\/\/revistadospneus.com\/pt\/2023\/11\/09\/avon-tyres-lado-a-lado-com-a-dunlop-no-eicma\/#primaryimage"},"thumbnailUrl":"https:\/\/revistadospneus.com\/pt\/wp-content\/uploads\/2023\/10\/Avon-Tyres-lado-a-lado-com-a-Dunlop-no-EICMA-.png","keywords":["Avon Tyres","EICMA"],"articleSection":["Empresas"],"inLanguage":"pt-PT"},{"@type":"WebPage","@id":"https:\/\/revistadospneus.com\/pt\/2023\/11\/09\/avon-tyres-lado-a-lado-com-a-dunlop-no-eicma\/","url":"https:\/\/revistadospneus.com\/pt\/2023\/11\/09\/avon-tyres-lado-a-lado-com-a-dunlop-no-eicma\/","name":"Avon Tyres lado a lado com a Dunlop no EICMA - Revista dos Pneus","isPartOf":{"@id":"https:\/\/revistadospneus.com\/pt\/#website"},"primaryImageOfPage":{"@id":"https:\/\/revistadospneus.com\/pt\/2023\/11\/09\/avon-tyres-lado-a-lado-com-a-dunlop-no-eicma\/#primaryimage"},"image":{"@id":"https:\/\/revistadospneus.com\/pt\/2023\/11\/09\/avon-tyres-lado-a-lado-com-a-dunlop-no-eicma\/#primaryimage"},"thumbnailUrl":"https:\/\/revistadospneus.com\/pt\/wp-content\/uploads\/2023\/10\/Avon-Tyres-lado-a-lado-com-a-Dunlop-no-EICMA-.png","datePublished":"2023-11-09T12:00:13+00:00","description":"A Avon Tyres, uma das marcas de pneus com mais tradi\u00e7\u00e3o na ind\u00fastria das motos, vai marcar presen\u00e7a no EICMA, de 7 a 12 de novembro","breadcrumb":{"@id":"https:\/\/revistadospneus.com\/pt\/2023\/11\/09\/avon-tyres-lado-a-lado-com-a-dunlop-no-eicma\/#breadcrumb"},"inLanguage":"pt-PT","potentialAction":[{"@type":"ReadAction","target":["https:\/\/revistadospneus.com\/pt\/2023\/11\/09\/avon-tyres-lado-a-lado-com-a-dunlop-no-eicma\/"]}]},{"@type":"ImageObject","inLanguage":"pt-PT","@id":"https:\/\/revistadospneus.com\/pt\/2023\/11\/09\/avon-tyres-lado-a-lado-com-a-dunlop-no-eicma\/#primaryimage","url":"https:\/\/revistadospneus.com\/pt\/wp-content\/uploads\/2023\/10\/Avon-Tyres-lado-a-lado-com-a-Dunlop-no-EICMA-.png","contentUrl":"https:\/\/revistadospneus.com\/pt\/wp-content\/uploads\/2023\/10\/Avon-Tyres-lado-a-lado-com-a-Dunlop-no-EICMA-.png","width":1024,"height":581,"caption":"10 - Avon Tyres lado a lado com a Dunlop no EICMA"},{"@type":"BreadcrumbList","@id":"https:\/\/revistadospneus.com\/pt\/2023\/11\/09\/avon-tyres-lado-a-lado-com-a-dunlop-no-eicma\/#breadcrumb","itemListElement":[{"@type":"ListItem","position":1,"name":"In\u00edcio","item":"https:\/\/revistadospneus.com\/pt\/"},{"@type":"ListItem","position":2,"name":"Avon Tyres lado a lado com a Dunlop no EICMA"}]},{"@type":"WebSite","@id":"https:\/\/revistadospneus.com\/pt\/#website","url":"https:\/\/revistadospneus.com\/pt\/","name":"Revista dos Pneus","description":"Revista independente de pneus e servi\u00e7os r\u00e1pidos","publisher":{"@id":"https:\/\/revistadospneus.com\/pt\/#organization"},"potentialAction":[{"@type":"SearchAction","target":{"@type":"EntryPoint","urlTemplate":"https:\/\/revistadospneus.com\/pt\/?s={search_term_string}"},"query-input":{"@type":"PropertyValueSpecification","valueRequired":true,"valueName":"search_term_string"}}],"inLanguage":"pt-PT"},{"@type":"Organization","@id":"https:\/\/revistadospneus.com\/pt\/#organization","name":"Revista dos Pneus","url":"https:\/\/revistadospneus.com\/pt\/","logo":{"@type":"ImageObject","inLanguage":"pt-PT","@id":"https:\/\/revistadospneus.com\/pt\/#\/schema\/logo\/image\/","url":"https:\/\/revistadospneus.com\/pt\/wp-content\/uploads\/logo2-1.png","contentUrl":"https:\/\/revistadospneus.com\/pt\/wp-content\/uploads\/logo2-1.png","width":216,"height":70,"caption":"Revista dos Pneus"},"image":{"@id":"https:\/\/revistadospneus.com\/pt\/#\/schema\/logo\/image\/"},"sameAs":["https:\/\/www.facebook.com\/revistapneus","https:\/\/x.com\/revistapneus","https:\/\/www.linkedin.com\/company\/jornal-das-oficinas\/","https:\/\/www.youtube.com\/channel\/UCbQZBqtcvV-oSQrr7RzINGg"]},{"@type":"Person","@id":"https:\/\/revistadospneus.com\/pt\/#\/schema\/person\/9c602809538a614c26e5569d14ed6442","name":"Reda\u00e7\u00e3o RP","image":{"@type":"ImageObject","inLanguage":"pt-PT","@id":"https:\/\/secure.gravatar.com\/avatar\/71f2fa71737ad68a84fea94bc708ddac8ea5b0c4788dc2ad202f3ccb2887742f?s=96&d=wp_user_avatar&r=g","url":"https:\/\/secure.gravatar.com\/avatar\/71f2fa71737ad68a84fea94bc708ddac8ea5b0c4788dc2ad202f3ccb2887742f?s=96&d=wp_user_avatar&r=g","contentUrl":"https:\/\/secure.gravatar.com\/avatar\/71f2fa71737ad68a84fea94bc708ddac8ea5b0c4788dc2ad202f3ccb2887742f?s=96&d=wp_user_avatar&r=g","caption":"Reda\u00e7\u00e3o RP"},"url":"https:\/\/revistadospneus.com\/pt\/author\/rpredacao\/"}]}},"_links":{"self":[{"href":"https:\/\/revistadospneus.com\/pt\/wp-json\/wp\/v2\/posts\/69348","targetHints":{"allow":["GET"]}}],"collection":[{"href":"https:\/\/revistadospneus.com\/pt\/wp-json\/wp\/v2\/posts"}],"about":[{"href":"https:\/\/revistadospneus.com\/pt\/wp-json\/wp\/v2\/types\/post"}],"author":[{"embeddable":true,"href":"https:\/\/revistadospneus.com\/pt\/wp-json\/wp\/v2\/users\/13"}],"replies":[{"embeddable":true,"href":"https:\/\/revistadospneus.com\/pt\/wp-json\/wp\/v2\/comments?post=69348"}],"version-history":[{"count":0,"href":"https:\/\/revistadospneus.com\/pt\/wp-json\/wp\/v2\/posts\/69348\/revisions"}],"wp:featuredmedia":[{"embeddable":true,"href":"https:\/\/revistadospneus.com\/pt\/wp-json\/wp\/v2\/media\/69314"}],"wp:attachment":[{"href":"https:\/\/revistadospneus.com\/pt\/wp-json\/wp\/v2\/media?parent=69348"}],"wp:term":[{"taxonomy":"category","embeddable":true,"href":"https:\/\/revistadospneus.com\/pt\/wp-json\/wp\/v2\/categories?post=69348"},{"taxonomy":"post_tag","embeddable":true,"href":"https:\/\/revistadospneus.com\/pt\/wp-json\/wp\/v2\/tags?post=69348"}],"curies":[{"name":"wp","href":"https:\/\/api.w.org\/{rel}","templated":true}]}}