{"id":69671,"date":"2023-12-06T16:00:43","date_gmt":"2023-12-06T16:00:43","guid":{"rendered":"https:\/\/revistadospneus.com\/pt\/?p=69671"},"modified":"2023-12-06T14:00:59","modified_gmt":"2023-12-06T14:00:59","slug":"calendario-pirelli-2024-tem-assinatura-do-artista-prince-gyasi","status":"publish","type":"post","link":"https:\/\/revistadospneus.com\/pt\/2023\/12\/06\/calendario-pirelli-2024-tem-assinatura-do-artista-prince-gyasi\/","title":{"rendered":"Calend\u00e1rio Pirelli 2024 tem assinatura do artista Prince Gyasi"},"content":{"rendered":"<p><img loading=\"lazy\" decoding=\"async\" class=\"alignnone size-full wp-image-69656\" src=\"https:\/\/revistadospneus.com\/pt\/wp-content\/uploads\/2023\/12\/Calendario-Pirelli-2024-tem-assinatura-do-artista-Prince-Gyasi.jpg\" alt=\"12 - Calendario Pirelli 2024 tem assinatura do artista Prince Gyasi\" width=\"1024\" height=\"581\" srcset=\"https:\/\/revistadospneus.com\/pt\/wp-content\/uploads\/2023\/12\/Calendario-Pirelli-2024-tem-assinatura-do-artista-Prince-Gyasi.jpg 1024w, https:\/\/revistadospneus.com\/pt\/wp-content\/uploads\/2023\/12\/Calendario-Pirelli-2024-tem-assinatura-do-artista-Prince-Gyasi-300x170.jpg 300w, https:\/\/revistadospneus.com\/pt\/wp-content\/uploads\/2023\/12\/Calendario-Pirelli-2024-tem-assinatura-do-artista-Prince-Gyasi-150x85.jpg 150w, https:\/\/revistadospneus.com\/pt\/wp-content\/uploads\/2023\/12\/Calendario-Pirelli-2024-tem-assinatura-do-artista-Prince-Gyasi-768x436.jpg 768w\" sizes=\"auto, (max-width: 1024px) 100vw, 1024px\" \/><\/p>\n<p><strong>O <a href=\"https:\/\/pirellicalendar.pirelli.com\/pt-pt\/home\" target=\"_blank\" rel=\"noopener\">Calend\u00e1rio Pirelli 2024<\/a>, j\u00e1 foi apresentado e ser\u00e1 composto por uma obra de Prince Gyasi, denominado por Timeless (Atemporal), homenageia aquelas pessoas que deixaram a sua marca e que inspiram as novas gera\u00e7\u00f5es<\/strong><\/p>\n<p>\u201cN\u00e3o nascemos sem tempo, mas acabamos por ser o tempo\u201d, afirmou o artista visual gan\u00eas, que acrescenta que os seus protagonistas, todos retratados com as mesmas cores vivas e contrastes n\u00edtidos que o tornaram internacionalmente famoso, s\u00e3o, para si, &#8220;uma esp\u00e9cie de super-her\u00f3is, mas, ao mesmo tempo, identific\u00e1veis.\u201d<\/p>\n<p>Prince Gyasi \u00e9 o \u00faltimo dos 39 artistas a criar um Calend\u00e1rio Pirelli nos\u00a0\u00a060 anos de hist\u00f3ria do The Cal (1964-2024), sendo que o seu trabalho representa a 50\u00aa edi\u00e7\u00e3o do almanaque.<\/p>\n<p>Quando Prince Gyasi recebeu este encargo, come\u00e7ou imediatamente a pensar nos protagonistas das suas p\u00e1ginas e no que representam para si. Ser um dos artistas mais jovens de sempre escolhidos para assumir a autoria do The Cal levou-o a regressar \u00e0 inf\u00e2ncia e a pensar nas pessoas que o inspiraram ao longo dos seus 28 anos de vida.<\/p>\n<p>O resultado \u00e9 a hist\u00f3ria daquilo que, pelo prisma do artista, faz com que as pessoas se tornem \u201ceternas\u201d. Nesse sentido, Gyasi acredita que, acima de tudo, as duas chaves da equa\u00e7\u00e3o s\u00e3o a perseveran\u00e7a e a integridade. Um dos melhores exemplos \u00e9 a supermodelo Naomi Campbell, retratada sob o t\u00edtulo \u201cAquela que Para o Tempo\u201d, sobre quem o fot\u00f3grafo gan\u00eas deixou as seguintes palavras: \u201cA Naomi \u00e9 uma figura que n\u00e3o pertence \u00e0 minha gera\u00e7\u00e3o, mas tem sido uma refer\u00eancia para todos os meus contempor\u00e2neos. Isso s\u00f3 pode acontecer quando algu\u00e9m est\u00e1 totalmente comprometido com o seu trabalho e as suas cren\u00e7as.\u201d<\/p>\n<p>O artista gan\u00eas capturou estas ideias num manifesto dedicado a \u201ctodos aqueles que deveriam ser intemporais\u201d. O seu objetivo \u00e9 encorajar todos, especialmente os jovens, a aprender, criar e, por sua vez, a inspirar-se: \u201cEspero faz\u00ea-los compreender que podem fazer tudo o que quiserem se se empenharem e forem suficientemente persistentes\u201d, explicou Gyasi.<\/p>\n<p>\u201cTodas as pessoas que fotografei souberam reconhecer as suas capacidades e estabelecer a sua posi\u00e7\u00e3o. Encontraram o seu poder mudando os seus destinos. Isto \u00e9 o que significa ser atemporal. S\u00e3o aquelas pessoas que colocam desafios a si mesmas, rebelam-se contra a corrente da sociedade, n\u00e3o se importam com a idade, a fama ou o dinheiro e desenvolvem o seu pr\u00f3prio talento de forma aut\u00eantica. Essas pessoas fazem coisas que podem parecer extraordin\u00e1rias para muitos, mas que s\u00e3o normais para todos, e podem mudar o seu destino. Mesmo sem estar em primeiro plano, s\u00e3o capazes de perturbar a narrativa nas suas \u00e1reas ou fazer algo diferente e, nesse processo, inspirar outros.\u201d<\/p>\n<p>A lista de protagonistas do Calend\u00e1rio de 2024 inclui sua Majestade Otumfuo Osei Tutu II,\u00a0\u00a0Rei do hist\u00f3rico imp\u00e9rio Ashanti, da \u00c1frica Ocidental, e a sua corte real, retratada no Pal\u00e1cio Manhyia sob o t\u00edtulo de \u201cA Realeza\u201d. A atriz Angela Bassett representa \u201cA Altru\u00edsta\u201d; a escritora Margot Lee Shetterly e a poetisa Amanda Gorman s\u00e3o \u201cO Projeto\u201d, e a artista ganense Amoako Boafo \u00e9 \u201cA Escolhida\u201d.<\/p>\n<p>Gyasi dedicou um m\u00eas a si mesmo com o t\u00edtulo \u201cDetalhes\u201d. A imagem escolhida para a capa \u2013 e tamb\u00e9m para um dos meses \u2013 evoca um \u201cEstudioso\u201d jovem\u00a0\u00a0Gyasi, representado por uma crian\u00e7a, Abul Faid Yussif. Contra um fundo turquesa brilhante, Yussif \u00e9 aparece a brincar com vers\u00f5es em miniatura de alguns dos itens que aparecem noutras p\u00e1ginas do Calend\u00e1rio como a chave que Bassett segura; os peda\u00e7os de um rel\u00f3gio do set de Campbell, as escadas rosa que Gorman sobe ou a mala azul transportada pelo ator, diretor, DJ e produtor Idris Elba, &#8220;O Homem Honrado\u201d.<\/p>\n<p>A superestrela e atriz global Tiwa Savage representa \u201cA Resili\u00eancia\u201d; o escritor, diretor e produtor Jeymes Samuel \u00e9 \u201cO Vision\u00e1rio\u201d; o ex-jogador de futebol e empres\u00e1rio Marcel Desailly \u00e9 \u201cO Foco\u201d, e a cantora, atriz e artista Teyana Taylor representa \u201cO Futuro Pr\u00f3ximo\u201d.<strong><em>\u00a0<\/em><\/strong><\/p>\n<p><strong>A rodagem<br \/>\n<\/strong>Gyasi planeia meticulosamente cada uma das suas sess\u00f5es, compondo imagens que se assemelham mais a pinturas do que a fotografias. Escolhe cada protagonista com cuidado, desenvolvendo primeiro a ideia do desenho de cada cen\u00e1rio e depois desenhando-o, criando um esbo\u00e7o antes da constru\u00e7\u00e3o do palco. Durante as filmagens do Calend\u00e1rio Pirelli 2024, o processo incluiu a cria\u00e7\u00e3o de diversos elementos, desde um rel\u00f3gio derretido at\u00e9 um cora\u00e7\u00e3o vermelho gigante. \u201cSei como vou colocar o talento na minha tela\u201d, afirmou Gyasi. \u201cTudo deve ser preparado com anteced\u00eancia. H\u00e1 que pensar sempre num plano B, n\u00e3o gosto de fazer as coisas no momento porque complica um pouco as coisas para mim.\u201d<\/p>\n<p>Ap\u00f3s um dia de rodagem em Londres, Gyasi viajou para Gana com a ideia de retratar a cultura do seu pa\u00eds e os seus recursos naturais: \u201cGana \u00e9 uma terra especial. \u00c9 a porta para \u00c1frica, um lugar onde se encontra de tudo: cacau, ouro, bauxita, petr\u00f3leo. Queria levar a Pirelli at\u00e9 l\u00e1 e revelar, nas p\u00e1ginas do Calend\u00e1rio, um mundo novo que duraria para sempre, criando, talvez, novas oportunidades de desenvolvimento\u201d.<\/p>\n<p>\u201cDepois de Botsuana, cen\u00e1rio do Calend\u00e1rio Pirelli 2008, \u00e9 bom mostrar mais uma vez outro pa\u00eds africano, descobrir a sua cultura e o seu povo. Gana \u00e9 o pa\u00eds mais pac\u00edfico da \u00c1frica. Acho que \u00e9 um lugar especial e quem decidir viajar para l\u00e1 sentir\u00e1 a sua energia. Foi muito inspirador tirar fotografias no Gana e poder transmitir o funcionamento do pa\u00eds.\u201d<\/p>\n<p><strong>Prince Gyasi<br \/>\n<\/strong>A descrever o seu percurso at\u00e9 se tornar artista visual, Gyasi relata um conjunto de mem\u00f3rias e experi\u00eancias da sua inf\u00e2ncia no Gana. Dos dias que passou com o av\u00f4, m\u00fasico de profiss\u00e3o, ao trabalho como assistente de fotografia de retratos nos mercados de Acra. Tamb\u00e9m as visitas a est\u00fadios de grava\u00e7\u00e3o e emissoras de televis\u00e3o e r\u00e1dio com os seus pais, ambos cantores gospel.<\/p>\n<p>N\u00e3o estudou fotografia, mas estudou arte, nomeadamente pintura, cria\u00e7\u00e3o de imagens, escultura e gravura. Passou muito tempo a experimentar com o primeiro programa de desenho no seu computador \u00e0 procura de modos de cria\u00e7\u00e3o infinitos. O seu objetivo era construir um estilo rapidamente identific\u00e1vel: \u201cConstru\u00ed uma ponte entre a pintura e a fotografia. Desta forma satisfa\u00e7o os amantes da fotografia e os devotos da pintura, por isso n\u00e3o vou chamar a esta ponte simplesmente de fotografia, mas de arte.\u201d<\/p>\n<p>Embora tenha experimentado com c\u00e2maras no in\u00edcio da sua carreira, Gyasi percebeu rapidamente que um smartphone seria a melhor maneira de capturar as suas primeiras imagens. Tirou fotos de jovens moradores do modesto bairro de Jamestown, onde a sua m\u00e3e nasceu e onde fundou uma ONG dedicada \u00e0 educa\u00e7\u00e3o chamada Boxes Kids. As suas imagens contam hist\u00f3rias visuais que captam a atmosfera e a vitalidade da sua comunidade, propondo a sua pr\u00f3pria narrativa das tradi\u00e7\u00f5es da \u00c1frica Ocidental.<\/p>\n<p>A cor \u00e9 outra das chaves do trabalho de Gyasi, empregando, nas suas fotografias, s\u00e9ries de tons brilhantes com contrastes n\u00edtidos, muitas vezes \u00e0 base de vermelhos, azuis ou rosas brilhantes, ao lado das pessoas retratadas. Esta est\u00e9tica ousada presenteia os espectadores com uma realidade multicolorida, muitas vezes melhorada digitalmente, refletindo as suas experi\u00eancias de um mundo visto atrav\u00e9s do filtro do fen\u00f3meno neurol\u00f3gico da sinestesia. Desta forma, cria-se uma intera\u00e7\u00e3o pouco convencional entre as cenas, j\u00e1 que \u00e9 poss\u00edvel \u201cexperimentar\u201d uma forma ou \u201couvir\u201d uma cor. Esse fen\u00f3meno permite que Gyasi associe palavras a cores: ele v\u00ea as quartas-feiras como \u00e1gua-marinha. O artista tamb\u00e9m considera o seu trabalho uma esp\u00e9cie de \u201cterapia das cores\u201d e acredita que as cores podem ter efeitos positivos na felicidade e na sa\u00fade mental das pessoas.<\/p>\n<p>Gyasi adora arte, mas nutre uma paix\u00e3o ainda mais profunda pela m\u00fasica e pelos desportos, come\u00e7ando pelo futebol. No passado, foi DJ e jogador de futebol.<\/p>\n<!-- AddThis Advanced Settings generic via filter on the_content --><!-- AddThis Share Buttons generic via filter on the_content -->","protected":false},"excerpt":{"rendered":"<p>O Calend\u00e1rio Pirelli 2024, j\u00e1 foi apresentado e ser\u00e1&#8230;<!-- AddThis Advanced Settings generic via filter on get_the_excerpt --><!-- AddThis Share Buttons generic via filter on get_the_excerpt --><\/p>\n","protected":false},"author":13,"featured_media":69656,"comment_status":"closed","ping_status":"closed","sticky":false,"template":"","format":"standard","meta":{"footnotes":""},"categories":[29],"tags":[2717,109,2718],"class_list":["post-69671","post","type-post","status-publish","format-standard","has-post-thumbnail","hentry","category-empresas","tag-calendario-pirelli-2024","tag-pirelli","tag-prince-gyasi"],"yoast_head":"<!-- This site is optimized with the Yoast SEO plugin v27.5 - https:\/\/yoast.com\/product\/yoast-seo-wordpress\/ -->\n<title>Calend\u00e1rio Pirelli 2024 tem assinatura do artista Prince Gyasi - Revista dos Pneus<\/title>\n<meta name=\"description\" content=\"O Calend\u00e1rio Pirelli 2024, j\u00e1 foi apresentado e ser\u00e1 composto por uma obra de Prince Gyasi, denominado por Timeless (Atemporal)\" \/>\n<meta name=\"robots\" content=\"index, follow, max-snippet:-1, max-image-preview:large, max-video-preview:-1\" \/>\n<link rel=\"canonical\" href=\"https:\/\/revistadospneus.com\/pt\/2023\/12\/06\/calendario-pirelli-2024-tem-assinatura-do-artista-prince-gyasi\/\" \/>\n<meta property=\"og:locale\" content=\"pt_PT\" \/>\n<meta property=\"og:type\" content=\"article\" \/>\n<meta property=\"og:title\" content=\"Calend\u00e1rio Pirelli 2024 tem assinatura do artista Prince Gyasi - Revista dos Pneus\" \/>\n<meta property=\"og:description\" content=\"O Calend\u00e1rio Pirelli 2024, j\u00e1 foi apresentado e ser\u00e1 composto por uma obra de Prince Gyasi, denominado por Timeless (Atemporal)\" \/>\n<meta property=\"og:url\" content=\"https:\/\/revistadospneus.com\/pt\/2023\/12\/06\/calendario-pirelli-2024-tem-assinatura-do-artista-prince-gyasi\/\" \/>\n<meta property=\"og:site_name\" content=\"Revista dos Pneus\" \/>\n<meta property=\"article:publisher\" content=\"https:\/\/www.facebook.com\/revistapneus\" \/>\n<meta property=\"article:published_time\" content=\"2023-12-06T16:00:43+00:00\" \/>\n<meta property=\"og:image\" content=\"https:\/\/revistadospneus.com\/pt\/wp-content\/uploads\/2023\/12\/Calendario-Pirelli-2024-tem-assinatura-do-artista-Prince-Gyasi.jpg\" \/>\n\t<meta property=\"og:image:width\" content=\"1024\" \/>\n\t<meta property=\"og:image:height\" content=\"581\" \/>\n\t<meta property=\"og:image:type\" content=\"image\/jpeg\" \/>\n<meta name=\"author\" content=\"Reda\u00e7\u00e3o RP\" \/>\n<meta name=\"twitter:card\" content=\"summary_large_image\" \/>\n<meta name=\"twitter:creator\" content=\"@revistapneus\" \/>\n<meta name=\"twitter:site\" content=\"@revistapneus\" \/>\n<meta name=\"twitter:label1\" content=\"Escrito por\" \/>\n\t<meta name=\"twitter:data1\" content=\"Reda\u00e7\u00e3o RP\" \/>\n\t<meta name=\"twitter:label2\" content=\"Tempo estimado de leitura\" \/>\n\t<meta name=\"twitter:data2\" content=\"8 minutos\" \/>\n<script type=\"application\/ld+json\" class=\"yoast-schema-graph\">{\"@context\":\"https:\\\/\\\/schema.org\",\"@graph\":[{\"@type\":\"Article\",\"@id\":\"https:\\\/\\\/revistadospneus.com\\\/pt\\\/2023\\\/12\\\/06\\\/calendario-pirelli-2024-tem-assinatura-do-artista-prince-gyasi\\\/#article\",\"isPartOf\":{\"@id\":\"https:\\\/\\\/revistadospneus.com\\\/pt\\\/2023\\\/12\\\/06\\\/calendario-pirelli-2024-tem-assinatura-do-artista-prince-gyasi\\\/\"},\"author\":{\"name\":\"Reda\u00e7\u00e3o RP\",\"@id\":\"https:\\\/\\\/revistadospneus.com\\\/pt\\\/#\\\/schema\\\/person\\\/9c602809538a614c26e5569d14ed6442\"},\"headline\":\"Calend\u00e1rio Pirelli 2024 tem assinatura do artista Prince Gyasi\",\"datePublished\":\"2023-12-06T16:00:43+00:00\",\"mainEntityOfPage\":{\"@id\":\"https:\\\/\\\/revistadospneus.com\\\/pt\\\/2023\\\/12\\\/06\\\/calendario-pirelli-2024-tem-assinatura-do-artista-prince-gyasi\\\/\"},\"wordCount\":1371,\"publisher\":{\"@id\":\"https:\\\/\\\/revistadospneus.com\\\/pt\\\/#organization\"},\"image\":{\"@id\":\"https:\\\/\\\/revistadospneus.com\\\/pt\\\/2023\\\/12\\\/06\\\/calendario-pirelli-2024-tem-assinatura-do-artista-prince-gyasi\\\/#primaryimage\"},\"thumbnailUrl\":\"https:\\\/\\\/revistadospneus.com\\\/pt\\\/wp-content\\\/uploads\\\/2023\\\/12\\\/Calendario-Pirelli-2024-tem-assinatura-do-artista-Prince-Gyasi.jpg\",\"keywords\":[\"Calend\u00e1rio Pirelli 2024\",\"Pirelli\",\"Prince Gyasi\"],\"articleSection\":[\"Empresas\"],\"inLanguage\":\"pt-PT\"},{\"@type\":\"WebPage\",\"@id\":\"https:\\\/\\\/revistadospneus.com\\\/pt\\\/2023\\\/12\\\/06\\\/calendario-pirelli-2024-tem-assinatura-do-artista-prince-gyasi\\\/\",\"url\":\"https:\\\/\\\/revistadospneus.com\\\/pt\\\/2023\\\/12\\\/06\\\/calendario-pirelli-2024-tem-assinatura-do-artista-prince-gyasi\\\/\",\"name\":\"Calend\u00e1rio Pirelli 2024 tem assinatura do artista Prince Gyasi - Revista dos Pneus\",\"isPartOf\":{\"@id\":\"https:\\\/\\\/revistadospneus.com\\\/pt\\\/#website\"},\"primaryImageOfPage\":{\"@id\":\"https:\\\/\\\/revistadospneus.com\\\/pt\\\/2023\\\/12\\\/06\\\/calendario-pirelli-2024-tem-assinatura-do-artista-prince-gyasi\\\/#primaryimage\"},\"image\":{\"@id\":\"https:\\\/\\\/revistadospneus.com\\\/pt\\\/2023\\\/12\\\/06\\\/calendario-pirelli-2024-tem-assinatura-do-artista-prince-gyasi\\\/#primaryimage\"},\"thumbnailUrl\":\"https:\\\/\\\/revistadospneus.com\\\/pt\\\/wp-content\\\/uploads\\\/2023\\\/12\\\/Calendario-Pirelli-2024-tem-assinatura-do-artista-Prince-Gyasi.jpg\",\"datePublished\":\"2023-12-06T16:00:43+00:00\",\"description\":\"O Calend\u00e1rio Pirelli 2024, j\u00e1 foi apresentado e ser\u00e1 composto por uma obra de Prince Gyasi, denominado por Timeless (Atemporal)\",\"breadcrumb\":{\"@id\":\"https:\\\/\\\/revistadospneus.com\\\/pt\\\/2023\\\/12\\\/06\\\/calendario-pirelli-2024-tem-assinatura-do-artista-prince-gyasi\\\/#breadcrumb\"},\"inLanguage\":\"pt-PT\",\"potentialAction\":[{\"@type\":\"ReadAction\",\"target\":[\"https:\\\/\\\/revistadospneus.com\\\/pt\\\/2023\\\/12\\\/06\\\/calendario-pirelli-2024-tem-assinatura-do-artista-prince-gyasi\\\/\"]}]},{\"@type\":\"ImageObject\",\"inLanguage\":\"pt-PT\",\"@id\":\"https:\\\/\\\/revistadospneus.com\\\/pt\\\/2023\\\/12\\\/06\\\/calendario-pirelli-2024-tem-assinatura-do-artista-prince-gyasi\\\/#primaryimage\",\"url\":\"https:\\\/\\\/revistadospneus.com\\\/pt\\\/wp-content\\\/uploads\\\/2023\\\/12\\\/Calendario-Pirelli-2024-tem-assinatura-do-artista-Prince-Gyasi.jpg\",\"contentUrl\":\"https:\\\/\\\/revistadospneus.com\\\/pt\\\/wp-content\\\/uploads\\\/2023\\\/12\\\/Calendario-Pirelli-2024-tem-assinatura-do-artista-Prince-Gyasi.jpg\",\"width\":1024,\"height\":581,\"caption\":\"12 - Calendario Pirelli 2024 tem assinatura do artista Prince Gyasi\"},{\"@type\":\"BreadcrumbList\",\"@id\":\"https:\\\/\\\/revistadospneus.com\\\/pt\\\/2023\\\/12\\\/06\\\/calendario-pirelli-2024-tem-assinatura-do-artista-prince-gyasi\\\/#breadcrumb\",\"itemListElement\":[{\"@type\":\"ListItem\",\"position\":1,\"name\":\"In\u00edcio\",\"item\":\"https:\\\/\\\/revistadospneus.com\\\/pt\\\/\"},{\"@type\":\"ListItem\",\"position\":2,\"name\":\"Calend\u00e1rio Pirelli 2024 tem assinatura do artista Prince Gyasi\"}]},{\"@type\":\"WebSite\",\"@id\":\"https:\\\/\\\/revistadospneus.com\\\/pt\\\/#website\",\"url\":\"https:\\\/\\\/revistadospneus.com\\\/pt\\\/\",\"name\":\"Revista dos Pneus\",\"description\":\"Revista independente de pneus e servi\u00e7os r\u00e1pidos\",\"publisher\":{\"@id\":\"https:\\\/\\\/revistadospneus.com\\\/pt\\\/#organization\"},\"potentialAction\":[{\"@type\":\"SearchAction\",\"target\":{\"@type\":\"EntryPoint\",\"urlTemplate\":\"https:\\\/\\\/revistadospneus.com\\\/pt\\\/?s={search_term_string}\"},\"query-input\":{\"@type\":\"PropertyValueSpecification\",\"valueRequired\":true,\"valueName\":\"search_term_string\"}}],\"inLanguage\":\"pt-PT\"},{\"@type\":\"Organization\",\"@id\":\"https:\\\/\\\/revistadospneus.com\\\/pt\\\/#organization\",\"name\":\"Revista dos Pneus\",\"url\":\"https:\\\/\\\/revistadospneus.com\\\/pt\\\/\",\"logo\":{\"@type\":\"ImageObject\",\"inLanguage\":\"pt-PT\",\"@id\":\"https:\\\/\\\/revistadospneus.com\\\/pt\\\/#\\\/schema\\\/logo\\\/image\\\/\",\"url\":\"https:\\\/\\\/revistadospneus.com\\\/pt\\\/wp-content\\\/uploads\\\/logo2-1.png\",\"contentUrl\":\"https:\\\/\\\/revistadospneus.com\\\/pt\\\/wp-content\\\/uploads\\\/logo2-1.png\",\"width\":216,\"height\":70,\"caption\":\"Revista dos Pneus\"},\"image\":{\"@id\":\"https:\\\/\\\/revistadospneus.com\\\/pt\\\/#\\\/schema\\\/logo\\\/image\\\/\"},\"sameAs\":[\"https:\\\/\\\/www.facebook.com\\\/revistapneus\",\"https:\\\/\\\/x.com\\\/revistapneus\",\"https:\\\/\\\/www.linkedin.com\\\/company\\\/jornal-das-oficinas\\\/\",\"https:\\\/\\\/www.youtube.com\\\/channel\\\/UCbQZBqtcvV-oSQrr7RzINGg\"]},{\"@type\":\"Person\",\"@id\":\"https:\\\/\\\/revistadospneus.com\\\/pt\\\/#\\\/schema\\\/person\\\/9c602809538a614c26e5569d14ed6442\",\"name\":\"Reda\u00e7\u00e3o RP\",\"image\":{\"@type\":\"ImageObject\",\"inLanguage\":\"pt-PT\",\"@id\":\"https:\\\/\\\/secure.gravatar.com\\\/avatar\\\/71f2fa71737ad68a84fea94bc708ddac8ea5b0c4788dc2ad202f3ccb2887742f?s=96&d=wp_user_avatar&r=g\",\"url\":\"https:\\\/\\\/secure.gravatar.com\\\/avatar\\\/71f2fa71737ad68a84fea94bc708ddac8ea5b0c4788dc2ad202f3ccb2887742f?s=96&d=wp_user_avatar&r=g\",\"contentUrl\":\"https:\\\/\\\/secure.gravatar.com\\\/avatar\\\/71f2fa71737ad68a84fea94bc708ddac8ea5b0c4788dc2ad202f3ccb2887742f?s=96&d=wp_user_avatar&r=g\",\"caption\":\"Reda\u00e7\u00e3o RP\"},\"url\":\"https:\\\/\\\/revistadospneus.com\\\/pt\\\/author\\\/rpredacao\\\/\"}]}<\/script>\n<!-- \/ Yoast SEO plugin. -->","yoast_head_json":{"title":"Calend\u00e1rio Pirelli 2024 tem assinatura do artista Prince Gyasi - Revista dos Pneus","description":"O Calend\u00e1rio Pirelli 2024, j\u00e1 foi apresentado e ser\u00e1 composto por uma obra de Prince Gyasi, denominado por Timeless (Atemporal)","robots":{"index":"index","follow":"follow","max-snippet":"max-snippet:-1","max-image-preview":"max-image-preview:large","max-video-preview":"max-video-preview:-1"},"canonical":"https:\/\/revistadospneus.com\/pt\/2023\/12\/06\/calendario-pirelli-2024-tem-assinatura-do-artista-prince-gyasi\/","og_locale":"pt_PT","og_type":"article","og_title":"Calend\u00e1rio Pirelli 2024 tem assinatura do artista Prince Gyasi - Revista dos Pneus","og_description":"O Calend\u00e1rio Pirelli 2024, j\u00e1 foi apresentado e ser\u00e1 composto por uma obra de Prince Gyasi, denominado por Timeless (Atemporal)","og_url":"https:\/\/revistadospneus.com\/pt\/2023\/12\/06\/calendario-pirelli-2024-tem-assinatura-do-artista-prince-gyasi\/","og_site_name":"Revista dos Pneus","article_publisher":"https:\/\/www.facebook.com\/revistapneus","article_published_time":"2023-12-06T16:00:43+00:00","og_image":[{"width":1024,"height":581,"url":"https:\/\/revistadospneus.com\/pt\/wp-content\/uploads\/2023\/12\/Calendario-Pirelli-2024-tem-assinatura-do-artista-Prince-Gyasi.jpg","type":"image\/jpeg"}],"author":"Reda\u00e7\u00e3o RP","twitter_card":"summary_large_image","twitter_creator":"@revistapneus","twitter_site":"@revistapneus","twitter_misc":{"Escrito por":"Reda\u00e7\u00e3o RP","Tempo estimado de leitura":"8 minutos"},"schema":{"@context":"https:\/\/schema.org","@graph":[{"@type":"Article","@id":"https:\/\/revistadospneus.com\/pt\/2023\/12\/06\/calendario-pirelli-2024-tem-assinatura-do-artista-prince-gyasi\/#article","isPartOf":{"@id":"https:\/\/revistadospneus.com\/pt\/2023\/12\/06\/calendario-pirelli-2024-tem-assinatura-do-artista-prince-gyasi\/"},"author":{"name":"Reda\u00e7\u00e3o RP","@id":"https:\/\/revistadospneus.com\/pt\/#\/schema\/person\/9c602809538a614c26e5569d14ed6442"},"headline":"Calend\u00e1rio Pirelli 2024 tem assinatura do artista Prince Gyasi","datePublished":"2023-12-06T16:00:43+00:00","mainEntityOfPage":{"@id":"https:\/\/revistadospneus.com\/pt\/2023\/12\/06\/calendario-pirelli-2024-tem-assinatura-do-artista-prince-gyasi\/"},"wordCount":1371,"publisher":{"@id":"https:\/\/revistadospneus.com\/pt\/#organization"},"image":{"@id":"https:\/\/revistadospneus.com\/pt\/2023\/12\/06\/calendario-pirelli-2024-tem-assinatura-do-artista-prince-gyasi\/#primaryimage"},"thumbnailUrl":"https:\/\/revistadospneus.com\/pt\/wp-content\/uploads\/2023\/12\/Calendario-Pirelli-2024-tem-assinatura-do-artista-Prince-Gyasi.jpg","keywords":["Calend\u00e1rio Pirelli 2024","Pirelli","Prince Gyasi"],"articleSection":["Empresas"],"inLanguage":"pt-PT"},{"@type":"WebPage","@id":"https:\/\/revistadospneus.com\/pt\/2023\/12\/06\/calendario-pirelli-2024-tem-assinatura-do-artista-prince-gyasi\/","url":"https:\/\/revistadospneus.com\/pt\/2023\/12\/06\/calendario-pirelli-2024-tem-assinatura-do-artista-prince-gyasi\/","name":"Calend\u00e1rio Pirelli 2024 tem assinatura do artista Prince Gyasi - Revista dos Pneus","isPartOf":{"@id":"https:\/\/revistadospneus.com\/pt\/#website"},"primaryImageOfPage":{"@id":"https:\/\/revistadospneus.com\/pt\/2023\/12\/06\/calendario-pirelli-2024-tem-assinatura-do-artista-prince-gyasi\/#primaryimage"},"image":{"@id":"https:\/\/revistadospneus.com\/pt\/2023\/12\/06\/calendario-pirelli-2024-tem-assinatura-do-artista-prince-gyasi\/#primaryimage"},"thumbnailUrl":"https:\/\/revistadospneus.com\/pt\/wp-content\/uploads\/2023\/12\/Calendario-Pirelli-2024-tem-assinatura-do-artista-Prince-Gyasi.jpg","datePublished":"2023-12-06T16:00:43+00:00","description":"O Calend\u00e1rio Pirelli 2024, j\u00e1 foi apresentado e ser\u00e1 composto por uma obra de Prince Gyasi, denominado por Timeless (Atemporal)","breadcrumb":{"@id":"https:\/\/revistadospneus.com\/pt\/2023\/12\/06\/calendario-pirelli-2024-tem-assinatura-do-artista-prince-gyasi\/#breadcrumb"},"inLanguage":"pt-PT","potentialAction":[{"@type":"ReadAction","target":["https:\/\/revistadospneus.com\/pt\/2023\/12\/06\/calendario-pirelli-2024-tem-assinatura-do-artista-prince-gyasi\/"]}]},{"@type":"ImageObject","inLanguage":"pt-PT","@id":"https:\/\/revistadospneus.com\/pt\/2023\/12\/06\/calendario-pirelli-2024-tem-assinatura-do-artista-prince-gyasi\/#primaryimage","url":"https:\/\/revistadospneus.com\/pt\/wp-content\/uploads\/2023\/12\/Calendario-Pirelli-2024-tem-assinatura-do-artista-Prince-Gyasi.jpg","contentUrl":"https:\/\/revistadospneus.com\/pt\/wp-content\/uploads\/2023\/12\/Calendario-Pirelli-2024-tem-assinatura-do-artista-Prince-Gyasi.jpg","width":1024,"height":581,"caption":"12 - Calendario Pirelli 2024 tem assinatura do artista Prince Gyasi"},{"@type":"BreadcrumbList","@id":"https:\/\/revistadospneus.com\/pt\/2023\/12\/06\/calendario-pirelli-2024-tem-assinatura-do-artista-prince-gyasi\/#breadcrumb","itemListElement":[{"@type":"ListItem","position":1,"name":"In\u00edcio","item":"https:\/\/revistadospneus.com\/pt\/"},{"@type":"ListItem","position":2,"name":"Calend\u00e1rio Pirelli 2024 tem assinatura do artista Prince Gyasi"}]},{"@type":"WebSite","@id":"https:\/\/revistadospneus.com\/pt\/#website","url":"https:\/\/revistadospneus.com\/pt\/","name":"Revista dos Pneus","description":"Revista independente de pneus e servi\u00e7os r\u00e1pidos","publisher":{"@id":"https:\/\/revistadospneus.com\/pt\/#organization"},"potentialAction":[{"@type":"SearchAction","target":{"@type":"EntryPoint","urlTemplate":"https:\/\/revistadospneus.com\/pt\/?s={search_term_string}"},"query-input":{"@type":"PropertyValueSpecification","valueRequired":true,"valueName":"search_term_string"}}],"inLanguage":"pt-PT"},{"@type":"Organization","@id":"https:\/\/revistadospneus.com\/pt\/#organization","name":"Revista dos Pneus","url":"https:\/\/revistadospneus.com\/pt\/","logo":{"@type":"ImageObject","inLanguage":"pt-PT","@id":"https:\/\/revistadospneus.com\/pt\/#\/schema\/logo\/image\/","url":"https:\/\/revistadospneus.com\/pt\/wp-content\/uploads\/logo2-1.png","contentUrl":"https:\/\/revistadospneus.com\/pt\/wp-content\/uploads\/logo2-1.png","width":216,"height":70,"caption":"Revista dos Pneus"},"image":{"@id":"https:\/\/revistadospneus.com\/pt\/#\/schema\/logo\/image\/"},"sameAs":["https:\/\/www.facebook.com\/revistapneus","https:\/\/x.com\/revistapneus","https:\/\/www.linkedin.com\/company\/jornal-das-oficinas\/","https:\/\/www.youtube.com\/channel\/UCbQZBqtcvV-oSQrr7RzINGg"]},{"@type":"Person","@id":"https:\/\/revistadospneus.com\/pt\/#\/schema\/person\/9c602809538a614c26e5569d14ed6442","name":"Reda\u00e7\u00e3o RP","image":{"@type":"ImageObject","inLanguage":"pt-PT","@id":"https:\/\/secure.gravatar.com\/avatar\/71f2fa71737ad68a84fea94bc708ddac8ea5b0c4788dc2ad202f3ccb2887742f?s=96&d=wp_user_avatar&r=g","url":"https:\/\/secure.gravatar.com\/avatar\/71f2fa71737ad68a84fea94bc708ddac8ea5b0c4788dc2ad202f3ccb2887742f?s=96&d=wp_user_avatar&r=g","contentUrl":"https:\/\/secure.gravatar.com\/avatar\/71f2fa71737ad68a84fea94bc708ddac8ea5b0c4788dc2ad202f3ccb2887742f?s=96&d=wp_user_avatar&r=g","caption":"Reda\u00e7\u00e3o RP"},"url":"https:\/\/revistadospneus.com\/pt\/author\/rpredacao\/"}]}},"_links":{"self":[{"href":"https:\/\/revistadospneus.com\/pt\/wp-json\/wp\/v2\/posts\/69671","targetHints":{"allow":["GET"]}}],"collection":[{"href":"https:\/\/revistadospneus.com\/pt\/wp-json\/wp\/v2\/posts"}],"about":[{"href":"https:\/\/revistadospneus.com\/pt\/wp-json\/wp\/v2\/types\/post"}],"author":[{"embeddable":true,"href":"https:\/\/revistadospneus.com\/pt\/wp-json\/wp\/v2\/users\/13"}],"replies":[{"embeddable":true,"href":"https:\/\/revistadospneus.com\/pt\/wp-json\/wp\/v2\/comments?post=69671"}],"version-history":[{"count":0,"href":"https:\/\/revistadospneus.com\/pt\/wp-json\/wp\/v2\/posts\/69671\/revisions"}],"wp:featuredmedia":[{"embeddable":true,"href":"https:\/\/revistadospneus.com\/pt\/wp-json\/wp\/v2\/media\/69656"}],"wp:attachment":[{"href":"https:\/\/revistadospneus.com\/pt\/wp-json\/wp\/v2\/media?parent=69671"}],"wp:term":[{"taxonomy":"category","embeddable":true,"href":"https:\/\/revistadospneus.com\/pt\/wp-json\/wp\/v2\/categories?post=69671"},{"taxonomy":"post_tag","embeddable":true,"href":"https:\/\/revistadospneus.com\/pt\/wp-json\/wp\/v2\/tags?post=69671"}],"curies":[{"name":"wp","href":"https:\/\/api.w.org\/{rel}","templated":true}]}}