{"id":69951,"date":"2023-12-27T18:00:41","date_gmt":"2023-12-27T18:00:41","guid":{"rendered":"https:\/\/revistadospneus.com\/pt\/?p=69951"},"modified":"2023-12-27T16:01:24","modified_gmt":"2023-12-27T16:01:24","slug":"frio-e-pneus-carecas-podem-dar-mau-resultado","status":"publish","type":"post","link":"https:\/\/revistadospneus.com\/pt\/2023\/12\/27\/frio-e-pneus-carecas-podem-dar-mau-resultado\/","title":{"rendered":"Frio e pneus \u2018carecas\u2019 podem dar mau resultado"},"content":{"rendered":"<p><strong> <img loading=\"lazy\" decoding=\"async\" class=\"alignnone size-full wp-image-69953\" src=\"https:\/\/revistadospneus.com\/pt\/wp-content\/uploads\/2023\/12\/Frio-e-pneus-\u2018carecas-podem-dar-mau-resultado.jpg\" alt=\"12 - Frio e pneus \u2018carecas podem dar mau resultado\" width=\"1024\" height=\"581\" srcset=\"https:\/\/revistadospneus.com\/pt\/wp-content\/uploads\/2023\/12\/Frio-e-pneus-\u2018carecas-podem-dar-mau-resultado.jpg 1024w, https:\/\/revistadospneus.com\/pt\/wp-content\/uploads\/2023\/12\/Frio-e-pneus-\u2018carecas-podem-dar-mau-resultado-300x170.jpg 300w, https:\/\/revistadospneus.com\/pt\/wp-content\/uploads\/2023\/12\/Frio-e-pneus-\u2018carecas-podem-dar-mau-resultado-150x85.jpg 150w, https:\/\/revistadospneus.com\/pt\/wp-content\/uploads\/2023\/12\/Frio-e-pneus-\u2018carecas-podem-dar-mau-resultado-768x436.jpg 768w\" sizes=\"auto, (max-width: 1024px) 100vw, 1024px\" \/><\/strong><\/p>\n<p><strong>O frio intenso, e tamb\u00e9m as chuvas fortes, est\u00e3o na origem de uma boa parte dos problemas mec\u00e2nicos e dos acidentes nesta \u00e9poca do ano. Segundo a <a href=\"https:\/\/www.euromaster.pt\/\" target=\"_blank\" rel=\"noopener\">Euromaster<\/a>, rede de oficinas especialista em manuten\u00e7\u00e3o integral de ve\u00edculos, s\u00e3o os pneus os que mais dores de cabe\u00e7a d\u00e3o aos gestores de frota, com 30% dos incidentes<\/strong><\/p>\n<p>Por isso, uma manuten\u00e7\u00e3o correta dos pneus, com especial aten\u00e7\u00e3o \u00e0 profundidade, \u00e9 essencial, uma vez que \u00e9 a chave para uma boa evacua\u00e7\u00e3o de toda a \u00e1gua que um condutor possa encontrar na estrada. Embora a lei n\u00e3o estipule uma profundidade m\u00ednima do piso para os pneus de cami\u00e3o, na pr\u00e1tica, a evacua\u00e7\u00e3o adequada s\u00f3 pode ser garantida abaixo de 3-4 mm.<\/p>\n<p>A Euromaster relembrou a import\u00e2ncia de optar por um pneu de inverno, ou seja, com carater\u00edsticas espec\u00edficas para condi\u00e7\u00f5es de frio &#8211; recomendado abaixo dos 8oC -, chuva e at\u00e9 neve. Esta \u00e9 uma parte essencial dos cuidados a ter com todos os tipos de ve\u00edculos, mas \u00e9 ainda mais importante no caso dos cami\u00f5es devido \u00e0 intensidade de circula\u00e7\u00e3o.<\/p>\n<p>Assim, a recomenda\u00e7\u00e3o \u00e9 que o transportador opte por este tipo de pneu, dirigindo-se a uma oficina da rede e pedindo a substitui\u00e7\u00e3o dos pneus menos preparados para o inverno e com maior risco de acidente. Pequenos atos podem ter grandes consequ\u00eancias.<\/p>\n<p>Outro bom exemplo s\u00e3o os limpa para-brisas, que devem fazer uma boa limpeza dos vidros quando chove. Caso contr\u00e1rio, por muito que o sistema de travagem do ve\u00edculo esteja intacto, se o condutor n\u00e3o tiver uma visibilidade adequada, n\u00e3o h\u00e1 trav\u00f5es que valham. Trata-se de uma opera\u00e7\u00e3o de manuten\u00e7\u00e3o com um custo que pode ir dos 30 aos 60 euros.<\/p>\n<p>Mais um dos componentes do ve\u00edculo a verificar com a chegada do tempo frio s\u00e3o as luzes, sendo crucial regular o farol dianteiro numa altura do ano em que h\u00e1 menos horas de sol e, por isso, a ilumina\u00e7\u00e3o \u00e9 ativada durante mais tempo. Um farol demasiado baixo pode reduzir a visibilidade da estrada ou, se estiver demasiado alto, encandear o tr\u00e2nsito em sentido contr\u00e1rio.<\/p>\n<p>&nbsp;<\/p>\n<!-- AddThis Advanced Settings generic via filter on the_content --><!-- AddThis Share Buttons generic via filter on the_content -->","protected":false},"excerpt":{"rendered":"<p>O frio intenso, e tamb\u00e9m as chuvas fortes, est\u00e3o&#8230;<!-- AddThis Advanced Settings generic via filter on get_the_excerpt --><!-- AddThis Share Buttons generic via filter on get_the_excerpt --><\/p>\n","protected":false},"author":13,"featured_media":69953,"comment_status":"closed","ping_status":"closed","sticky":false,"template":"","format":"standard","meta":{"footnotes":""},"categories":[37],"tags":[2798,2797,555,2796,2795],"class_list":["post-69951","post","type-post","status-publish","format-standard","has-post-thumbnail","hentry","category-mercado","tag-acidentes","tag-chuvas-fortes","tag-euromaster","tag-mau-tempo","tag-pneus-carecas"],"yoast_head":"<!-- This site is optimized with the Yoast SEO plugin v27.5 - https:\/\/yoast.com\/product\/yoast-seo-wordpress\/ -->\n<title>Frio e pneus \u2018carecas\u2019 podem dar mau resultado - Revista dos Pneus<\/title>\n<meta name=\"description\" content=\"O frio intenso, e tamb\u00e9m as chuvas fortes, est\u00e3o na origem de uma boa parte dos problemas mec\u00e2nicos e dos acidentes nesta \u00e9poca do ano\" \/>\n<meta name=\"robots\" content=\"index, follow, max-snippet:-1, max-image-preview:large, max-video-preview:-1\" \/>\n<link rel=\"canonical\" href=\"https:\/\/revistadospneus.com\/pt\/2023\/12\/27\/frio-e-pneus-carecas-podem-dar-mau-resultado\/\" \/>\n<meta property=\"og:locale\" content=\"pt_PT\" \/>\n<meta property=\"og:type\" content=\"article\" \/>\n<meta property=\"og:title\" content=\"Frio e pneus \u2018carecas\u2019 podem dar mau resultado - Revista dos Pneus\" \/>\n<meta property=\"og:description\" content=\"O frio intenso, e tamb\u00e9m as chuvas fortes, est\u00e3o na origem de uma boa parte dos problemas mec\u00e2nicos e dos acidentes nesta \u00e9poca do ano\" \/>\n<meta property=\"og:url\" content=\"https:\/\/revistadospneus.com\/pt\/2023\/12\/27\/frio-e-pneus-carecas-podem-dar-mau-resultado\/\" \/>\n<meta property=\"og:site_name\" content=\"Revista dos Pneus\" \/>\n<meta property=\"article:publisher\" content=\"https:\/\/www.facebook.com\/revistapneus\" \/>\n<meta property=\"article:published_time\" content=\"2023-12-27T18:00:41+00:00\" \/>\n<meta property=\"og:image\" content=\"https:\/\/revistadospneus.com\/pt\/wp-content\/uploads\/2023\/12\/Frio-e-pneus-\u2018carecas-podem-dar-mau-resultado.jpg\" \/>\n\t<meta property=\"og:image:width\" content=\"1024\" \/>\n\t<meta property=\"og:image:height\" content=\"581\" \/>\n\t<meta property=\"og:image:type\" content=\"image\/jpeg\" \/>\n<meta name=\"author\" content=\"Reda\u00e7\u00e3o RP\" \/>\n<meta name=\"twitter:card\" content=\"summary_large_image\" \/>\n<meta name=\"twitter:creator\" content=\"@revistapneus\" \/>\n<meta name=\"twitter:site\" content=\"@revistapneus\" \/>\n<meta name=\"twitter:label1\" content=\"Escrito por\" \/>\n\t<meta name=\"twitter:data1\" content=\"Reda\u00e7\u00e3o RP\" \/>\n\t<meta name=\"twitter:label2\" content=\"Tempo estimado de leitura\" \/>\n\t<meta name=\"twitter:data2\" content=\"3 minutos\" \/>\n<script type=\"application\/ld+json\" class=\"yoast-schema-graph\">{\"@context\":\"https:\\\/\\\/schema.org\",\"@graph\":[{\"@type\":\"Article\",\"@id\":\"https:\\\/\\\/revistadospneus.com\\\/pt\\\/2023\\\/12\\\/27\\\/frio-e-pneus-carecas-podem-dar-mau-resultado\\\/#article\",\"isPartOf\":{\"@id\":\"https:\\\/\\\/revistadospneus.com\\\/pt\\\/2023\\\/12\\\/27\\\/frio-e-pneus-carecas-podem-dar-mau-resultado\\\/\"},\"author\":{\"name\":\"Reda\u00e7\u00e3o RP\",\"@id\":\"https:\\\/\\\/revistadospneus.com\\\/pt\\\/#\\\/schema\\\/person\\\/9c602809538a614c26e5569d14ed6442\"},\"headline\":\"Frio e pneus \u2018carecas\u2019 podem dar mau resultado\",\"datePublished\":\"2023-12-27T18:00:41+00:00\",\"mainEntityOfPage\":{\"@id\":\"https:\\\/\\\/revistadospneus.com\\\/pt\\\/2023\\\/12\\\/27\\\/frio-e-pneus-carecas-podem-dar-mau-resultado\\\/\"},\"wordCount\":382,\"publisher\":{\"@id\":\"https:\\\/\\\/revistadospneus.com\\\/pt\\\/#organization\"},\"image\":{\"@id\":\"https:\\\/\\\/revistadospneus.com\\\/pt\\\/2023\\\/12\\\/27\\\/frio-e-pneus-carecas-podem-dar-mau-resultado\\\/#primaryimage\"},\"thumbnailUrl\":\"https:\\\/\\\/revistadospneus.com\\\/pt\\\/wp-content\\\/uploads\\\/2023\\\/12\\\/Frio-e-pneus-\u2018carecas-podem-dar-mau-resultado.jpg\",\"keywords\":[\"Acidentes\",\"chuvas fortes\",\"Euromaster\",\"Mau tempo\",\"Pneus \\\"carecas\\\"\"],\"articleSection\":[\"Mercado\"],\"inLanguage\":\"pt-PT\"},{\"@type\":\"WebPage\",\"@id\":\"https:\\\/\\\/revistadospneus.com\\\/pt\\\/2023\\\/12\\\/27\\\/frio-e-pneus-carecas-podem-dar-mau-resultado\\\/\",\"url\":\"https:\\\/\\\/revistadospneus.com\\\/pt\\\/2023\\\/12\\\/27\\\/frio-e-pneus-carecas-podem-dar-mau-resultado\\\/\",\"name\":\"Frio e pneus \u2018carecas\u2019 podem dar mau resultado - Revista dos Pneus\",\"isPartOf\":{\"@id\":\"https:\\\/\\\/revistadospneus.com\\\/pt\\\/#website\"},\"primaryImageOfPage\":{\"@id\":\"https:\\\/\\\/revistadospneus.com\\\/pt\\\/2023\\\/12\\\/27\\\/frio-e-pneus-carecas-podem-dar-mau-resultado\\\/#primaryimage\"},\"image\":{\"@id\":\"https:\\\/\\\/revistadospneus.com\\\/pt\\\/2023\\\/12\\\/27\\\/frio-e-pneus-carecas-podem-dar-mau-resultado\\\/#primaryimage\"},\"thumbnailUrl\":\"https:\\\/\\\/revistadospneus.com\\\/pt\\\/wp-content\\\/uploads\\\/2023\\\/12\\\/Frio-e-pneus-\u2018carecas-podem-dar-mau-resultado.jpg\",\"datePublished\":\"2023-12-27T18:00:41+00:00\",\"description\":\"O frio intenso, e tamb\u00e9m as chuvas fortes, est\u00e3o na origem de uma boa parte dos problemas mec\u00e2nicos e dos acidentes nesta \u00e9poca do ano\",\"breadcrumb\":{\"@id\":\"https:\\\/\\\/revistadospneus.com\\\/pt\\\/2023\\\/12\\\/27\\\/frio-e-pneus-carecas-podem-dar-mau-resultado\\\/#breadcrumb\"},\"inLanguage\":\"pt-PT\",\"potentialAction\":[{\"@type\":\"ReadAction\",\"target\":[\"https:\\\/\\\/revistadospneus.com\\\/pt\\\/2023\\\/12\\\/27\\\/frio-e-pneus-carecas-podem-dar-mau-resultado\\\/\"]}]},{\"@type\":\"ImageObject\",\"inLanguage\":\"pt-PT\",\"@id\":\"https:\\\/\\\/revistadospneus.com\\\/pt\\\/2023\\\/12\\\/27\\\/frio-e-pneus-carecas-podem-dar-mau-resultado\\\/#primaryimage\",\"url\":\"https:\\\/\\\/revistadospneus.com\\\/pt\\\/wp-content\\\/uploads\\\/2023\\\/12\\\/Frio-e-pneus-\u2018carecas-podem-dar-mau-resultado.jpg\",\"contentUrl\":\"https:\\\/\\\/revistadospneus.com\\\/pt\\\/wp-content\\\/uploads\\\/2023\\\/12\\\/Frio-e-pneus-\u2018carecas-podem-dar-mau-resultado.jpg\",\"width\":1024,\"height\":581,\"caption\":\"12 - Frio e pneus \u2018carecas podem dar mau resultado\"},{\"@type\":\"BreadcrumbList\",\"@id\":\"https:\\\/\\\/revistadospneus.com\\\/pt\\\/2023\\\/12\\\/27\\\/frio-e-pneus-carecas-podem-dar-mau-resultado\\\/#breadcrumb\",\"itemListElement\":[{\"@type\":\"ListItem\",\"position\":1,\"name\":\"In\u00edcio\",\"item\":\"https:\\\/\\\/revistadospneus.com\\\/pt\\\/\"},{\"@type\":\"ListItem\",\"position\":2,\"name\":\"Frio e pneus \u2018carecas\u2019 podem dar mau resultado\"}]},{\"@type\":\"WebSite\",\"@id\":\"https:\\\/\\\/revistadospneus.com\\\/pt\\\/#website\",\"url\":\"https:\\\/\\\/revistadospneus.com\\\/pt\\\/\",\"name\":\"Revista dos Pneus\",\"description\":\"Revista independente de pneus e servi\u00e7os r\u00e1pidos\",\"publisher\":{\"@id\":\"https:\\\/\\\/revistadospneus.com\\\/pt\\\/#organization\"},\"potentialAction\":[{\"@type\":\"SearchAction\",\"target\":{\"@type\":\"EntryPoint\",\"urlTemplate\":\"https:\\\/\\\/revistadospneus.com\\\/pt\\\/?s={search_term_string}\"},\"query-input\":{\"@type\":\"PropertyValueSpecification\",\"valueRequired\":true,\"valueName\":\"search_term_string\"}}],\"inLanguage\":\"pt-PT\"},{\"@type\":\"Organization\",\"@id\":\"https:\\\/\\\/revistadospneus.com\\\/pt\\\/#organization\",\"name\":\"Revista dos Pneus\",\"url\":\"https:\\\/\\\/revistadospneus.com\\\/pt\\\/\",\"logo\":{\"@type\":\"ImageObject\",\"inLanguage\":\"pt-PT\",\"@id\":\"https:\\\/\\\/revistadospneus.com\\\/pt\\\/#\\\/schema\\\/logo\\\/image\\\/\",\"url\":\"https:\\\/\\\/revistadospneus.com\\\/pt\\\/wp-content\\\/uploads\\\/logo2-1.png\",\"contentUrl\":\"https:\\\/\\\/revistadospneus.com\\\/pt\\\/wp-content\\\/uploads\\\/logo2-1.png\",\"width\":216,\"height\":70,\"caption\":\"Revista dos Pneus\"},\"image\":{\"@id\":\"https:\\\/\\\/revistadospneus.com\\\/pt\\\/#\\\/schema\\\/logo\\\/image\\\/\"},\"sameAs\":[\"https:\\\/\\\/www.facebook.com\\\/revistapneus\",\"https:\\\/\\\/x.com\\\/revistapneus\",\"https:\\\/\\\/www.linkedin.com\\\/company\\\/jornal-das-oficinas\\\/\",\"https:\\\/\\\/www.youtube.com\\\/channel\\\/UCbQZBqtcvV-oSQrr7RzINGg\"]},{\"@type\":\"Person\",\"@id\":\"https:\\\/\\\/revistadospneus.com\\\/pt\\\/#\\\/schema\\\/person\\\/9c602809538a614c26e5569d14ed6442\",\"name\":\"Reda\u00e7\u00e3o RP\",\"image\":{\"@type\":\"ImageObject\",\"inLanguage\":\"pt-PT\",\"@id\":\"https:\\\/\\\/secure.gravatar.com\\\/avatar\\\/71f2fa71737ad68a84fea94bc708ddac8ea5b0c4788dc2ad202f3ccb2887742f?s=96&d=wp_user_avatar&r=g\",\"url\":\"https:\\\/\\\/secure.gravatar.com\\\/avatar\\\/71f2fa71737ad68a84fea94bc708ddac8ea5b0c4788dc2ad202f3ccb2887742f?s=96&d=wp_user_avatar&r=g\",\"contentUrl\":\"https:\\\/\\\/secure.gravatar.com\\\/avatar\\\/71f2fa71737ad68a84fea94bc708ddac8ea5b0c4788dc2ad202f3ccb2887742f?s=96&d=wp_user_avatar&r=g\",\"caption\":\"Reda\u00e7\u00e3o RP\"},\"url\":\"https:\\\/\\\/revistadospneus.com\\\/pt\\\/author\\\/rpredacao\\\/\"}]}<\/script>\n<!-- \/ Yoast SEO plugin. -->","yoast_head_json":{"title":"Frio e pneus \u2018carecas\u2019 podem dar mau resultado - Revista dos Pneus","description":"O frio intenso, e tamb\u00e9m as chuvas fortes, est\u00e3o na origem de uma boa parte dos problemas mec\u00e2nicos e dos acidentes nesta \u00e9poca do ano","robots":{"index":"index","follow":"follow","max-snippet":"max-snippet:-1","max-image-preview":"max-image-preview:large","max-video-preview":"max-video-preview:-1"},"canonical":"https:\/\/revistadospneus.com\/pt\/2023\/12\/27\/frio-e-pneus-carecas-podem-dar-mau-resultado\/","og_locale":"pt_PT","og_type":"article","og_title":"Frio e pneus \u2018carecas\u2019 podem dar mau resultado - Revista dos Pneus","og_description":"O frio intenso, e tamb\u00e9m as chuvas fortes, est\u00e3o na origem de uma boa parte dos problemas mec\u00e2nicos e dos acidentes nesta \u00e9poca do ano","og_url":"https:\/\/revistadospneus.com\/pt\/2023\/12\/27\/frio-e-pneus-carecas-podem-dar-mau-resultado\/","og_site_name":"Revista dos Pneus","article_publisher":"https:\/\/www.facebook.com\/revistapneus","article_published_time":"2023-12-27T18:00:41+00:00","og_image":[{"width":1024,"height":581,"url":"https:\/\/revistadospneus.com\/pt\/wp-content\/uploads\/2023\/12\/Frio-e-pneus-\u2018carecas-podem-dar-mau-resultado.jpg","type":"image\/jpeg"}],"author":"Reda\u00e7\u00e3o RP","twitter_card":"summary_large_image","twitter_creator":"@revistapneus","twitter_site":"@revistapneus","twitter_misc":{"Escrito por":"Reda\u00e7\u00e3o RP","Tempo estimado de leitura":"3 minutos"},"schema":{"@context":"https:\/\/schema.org","@graph":[{"@type":"Article","@id":"https:\/\/revistadospneus.com\/pt\/2023\/12\/27\/frio-e-pneus-carecas-podem-dar-mau-resultado\/#article","isPartOf":{"@id":"https:\/\/revistadospneus.com\/pt\/2023\/12\/27\/frio-e-pneus-carecas-podem-dar-mau-resultado\/"},"author":{"name":"Reda\u00e7\u00e3o RP","@id":"https:\/\/revistadospneus.com\/pt\/#\/schema\/person\/9c602809538a614c26e5569d14ed6442"},"headline":"Frio e pneus \u2018carecas\u2019 podem dar mau resultado","datePublished":"2023-12-27T18:00:41+00:00","mainEntityOfPage":{"@id":"https:\/\/revistadospneus.com\/pt\/2023\/12\/27\/frio-e-pneus-carecas-podem-dar-mau-resultado\/"},"wordCount":382,"publisher":{"@id":"https:\/\/revistadospneus.com\/pt\/#organization"},"image":{"@id":"https:\/\/revistadospneus.com\/pt\/2023\/12\/27\/frio-e-pneus-carecas-podem-dar-mau-resultado\/#primaryimage"},"thumbnailUrl":"https:\/\/revistadospneus.com\/pt\/wp-content\/uploads\/2023\/12\/Frio-e-pneus-\u2018carecas-podem-dar-mau-resultado.jpg","keywords":["Acidentes","chuvas fortes","Euromaster","Mau tempo","Pneus \"carecas\""],"articleSection":["Mercado"],"inLanguage":"pt-PT"},{"@type":"WebPage","@id":"https:\/\/revistadospneus.com\/pt\/2023\/12\/27\/frio-e-pneus-carecas-podem-dar-mau-resultado\/","url":"https:\/\/revistadospneus.com\/pt\/2023\/12\/27\/frio-e-pneus-carecas-podem-dar-mau-resultado\/","name":"Frio e pneus \u2018carecas\u2019 podem dar mau resultado - Revista dos Pneus","isPartOf":{"@id":"https:\/\/revistadospneus.com\/pt\/#website"},"primaryImageOfPage":{"@id":"https:\/\/revistadospneus.com\/pt\/2023\/12\/27\/frio-e-pneus-carecas-podem-dar-mau-resultado\/#primaryimage"},"image":{"@id":"https:\/\/revistadospneus.com\/pt\/2023\/12\/27\/frio-e-pneus-carecas-podem-dar-mau-resultado\/#primaryimage"},"thumbnailUrl":"https:\/\/revistadospneus.com\/pt\/wp-content\/uploads\/2023\/12\/Frio-e-pneus-\u2018carecas-podem-dar-mau-resultado.jpg","datePublished":"2023-12-27T18:00:41+00:00","description":"O frio intenso, e tamb\u00e9m as chuvas fortes, est\u00e3o na origem de uma boa parte dos problemas mec\u00e2nicos e dos acidentes nesta \u00e9poca do ano","breadcrumb":{"@id":"https:\/\/revistadospneus.com\/pt\/2023\/12\/27\/frio-e-pneus-carecas-podem-dar-mau-resultado\/#breadcrumb"},"inLanguage":"pt-PT","potentialAction":[{"@type":"ReadAction","target":["https:\/\/revistadospneus.com\/pt\/2023\/12\/27\/frio-e-pneus-carecas-podem-dar-mau-resultado\/"]}]},{"@type":"ImageObject","inLanguage":"pt-PT","@id":"https:\/\/revistadospneus.com\/pt\/2023\/12\/27\/frio-e-pneus-carecas-podem-dar-mau-resultado\/#primaryimage","url":"https:\/\/revistadospneus.com\/pt\/wp-content\/uploads\/2023\/12\/Frio-e-pneus-\u2018carecas-podem-dar-mau-resultado.jpg","contentUrl":"https:\/\/revistadospneus.com\/pt\/wp-content\/uploads\/2023\/12\/Frio-e-pneus-\u2018carecas-podem-dar-mau-resultado.jpg","width":1024,"height":581,"caption":"12 - Frio e pneus \u2018carecas podem dar mau resultado"},{"@type":"BreadcrumbList","@id":"https:\/\/revistadospneus.com\/pt\/2023\/12\/27\/frio-e-pneus-carecas-podem-dar-mau-resultado\/#breadcrumb","itemListElement":[{"@type":"ListItem","position":1,"name":"In\u00edcio","item":"https:\/\/revistadospneus.com\/pt\/"},{"@type":"ListItem","position":2,"name":"Frio e pneus \u2018carecas\u2019 podem dar mau resultado"}]},{"@type":"WebSite","@id":"https:\/\/revistadospneus.com\/pt\/#website","url":"https:\/\/revistadospneus.com\/pt\/","name":"Revista dos Pneus","description":"Revista independente de pneus e servi\u00e7os r\u00e1pidos","publisher":{"@id":"https:\/\/revistadospneus.com\/pt\/#organization"},"potentialAction":[{"@type":"SearchAction","target":{"@type":"EntryPoint","urlTemplate":"https:\/\/revistadospneus.com\/pt\/?s={search_term_string}"},"query-input":{"@type":"PropertyValueSpecification","valueRequired":true,"valueName":"search_term_string"}}],"inLanguage":"pt-PT"},{"@type":"Organization","@id":"https:\/\/revistadospneus.com\/pt\/#organization","name":"Revista dos Pneus","url":"https:\/\/revistadospneus.com\/pt\/","logo":{"@type":"ImageObject","inLanguage":"pt-PT","@id":"https:\/\/revistadospneus.com\/pt\/#\/schema\/logo\/image\/","url":"https:\/\/revistadospneus.com\/pt\/wp-content\/uploads\/logo2-1.png","contentUrl":"https:\/\/revistadospneus.com\/pt\/wp-content\/uploads\/logo2-1.png","width":216,"height":70,"caption":"Revista dos Pneus"},"image":{"@id":"https:\/\/revistadospneus.com\/pt\/#\/schema\/logo\/image\/"},"sameAs":["https:\/\/www.facebook.com\/revistapneus","https:\/\/x.com\/revistapneus","https:\/\/www.linkedin.com\/company\/jornal-das-oficinas\/","https:\/\/www.youtube.com\/channel\/UCbQZBqtcvV-oSQrr7RzINGg"]},{"@type":"Person","@id":"https:\/\/revistadospneus.com\/pt\/#\/schema\/person\/9c602809538a614c26e5569d14ed6442","name":"Reda\u00e7\u00e3o RP","image":{"@type":"ImageObject","inLanguage":"pt-PT","@id":"https:\/\/secure.gravatar.com\/avatar\/71f2fa71737ad68a84fea94bc708ddac8ea5b0c4788dc2ad202f3ccb2887742f?s=96&d=wp_user_avatar&r=g","url":"https:\/\/secure.gravatar.com\/avatar\/71f2fa71737ad68a84fea94bc708ddac8ea5b0c4788dc2ad202f3ccb2887742f?s=96&d=wp_user_avatar&r=g","contentUrl":"https:\/\/secure.gravatar.com\/avatar\/71f2fa71737ad68a84fea94bc708ddac8ea5b0c4788dc2ad202f3ccb2887742f?s=96&d=wp_user_avatar&r=g","caption":"Reda\u00e7\u00e3o RP"},"url":"https:\/\/revistadospneus.com\/pt\/author\/rpredacao\/"}]}},"_links":{"self":[{"href":"https:\/\/revistadospneus.com\/pt\/wp-json\/wp\/v2\/posts\/69951","targetHints":{"allow":["GET"]}}],"collection":[{"href":"https:\/\/revistadospneus.com\/pt\/wp-json\/wp\/v2\/posts"}],"about":[{"href":"https:\/\/revistadospneus.com\/pt\/wp-json\/wp\/v2\/types\/post"}],"author":[{"embeddable":true,"href":"https:\/\/revistadospneus.com\/pt\/wp-json\/wp\/v2\/users\/13"}],"replies":[{"embeddable":true,"href":"https:\/\/revistadospneus.com\/pt\/wp-json\/wp\/v2\/comments?post=69951"}],"version-history":[{"count":0,"href":"https:\/\/revistadospneus.com\/pt\/wp-json\/wp\/v2\/posts\/69951\/revisions"}],"wp:featuredmedia":[{"embeddable":true,"href":"https:\/\/revistadospneus.com\/pt\/wp-json\/wp\/v2\/media\/69953"}],"wp:attachment":[{"href":"https:\/\/revistadospneus.com\/pt\/wp-json\/wp\/v2\/media?parent=69951"}],"wp:term":[{"taxonomy":"category","embeddable":true,"href":"https:\/\/revistadospneus.com\/pt\/wp-json\/wp\/v2\/categories?post=69951"},{"taxonomy":"post_tag","embeddable":true,"href":"https:\/\/revistadospneus.com\/pt\/wp-json\/wp\/v2\/tags?post=69951"}],"curies":[{"name":"wp","href":"https:\/\/api.w.org\/{rel}","templated":true}]}}