{"id":71324,"date":"2024-04-19T12:46:58","date_gmt":"2024-04-19T11:46:58","guid":{"rendered":"https:\/\/revistadospneus.com\/pt\/?p=71324"},"modified":"2024-04-19T12:46:58","modified_gmt":"2024-04-19T11:46:58","slug":"etrma-divulga-manifesto-para-o-proximo-mandato-europeu","status":"publish","type":"post","link":"https:\/\/revistadospneus.com\/pt\/2024\/04\/19\/etrma-divulga-manifesto-para-o-proximo-mandato-europeu\/","title":{"rendered":"ETRMA divulga manifesto para o pr\u00f3ximo mandato europeu"},"content":{"rendered":"<p><img loading=\"lazy\" decoding=\"async\" class=\"alignnone size-full wp-image-71326\" src=\"https:\/\/revistadospneus.com\/pt\/wp-content\/uploads\/2024\/04\/ETRMA-divulga-manifesto-para-o-proximo-mandado-europeu.png\" alt=\"04 - ETRMA divulga manifesto para o proximo mandado europeu\" width=\"1024\" height=\"581\" srcset=\"https:\/\/revistadospneus.com\/pt\/wp-content\/uploads\/2024\/04\/ETRMA-divulga-manifesto-para-o-proximo-mandado-europeu.png 1024w, https:\/\/revistadospneus.com\/pt\/wp-content\/uploads\/2024\/04\/ETRMA-divulga-manifesto-para-o-proximo-mandado-europeu-300x170.png 300w, https:\/\/revistadospneus.com\/pt\/wp-content\/uploads\/2024\/04\/ETRMA-divulga-manifesto-para-o-proximo-mandado-europeu-150x85.png 150w, https:\/\/revistadospneus.com\/pt\/wp-content\/uploads\/2024\/04\/ETRMA-divulga-manifesto-para-o-proximo-mandado-europeu-768x436.png 768w\" sizes=\"auto, (max-width: 1024px) 100vw, 1024px\" \/><\/p>\n<p><strong>A <a href=\"https:\/\/www.etrma.org\/\" target=\"_blank\" rel=\"noopener\">Associa\u00e7\u00e3o Europeia dos Fabricantes de Pneus (ETRMA)<\/a>, publicou o seu manifesto para o per\u00edodo legislativo 2024-2029 &#8220;TRACTION4CHANGE: Uma agenda partilhada para uma Europa competitiva, segura e inclusiva&#8221;<\/strong><\/p>\n<p>O manifesto defende medidas estrat\u00e9gicas para aumentar a competitividade industrial do setor e apoiar o seu papel fundamental na promo\u00e7\u00e3o da mobilidade, circularidade e sustentabilidade com emiss\u00f5es zero, ao mesmo tempo que fornece solu\u00e7\u00f5es digitais para elevar a seguran\u00e7a, a efici\u00eancia e o desempenho ambiental dos ve\u00edculos.<\/p>\n<p>&#8220;Para permitir que a Uni\u00e3o Europeia continue a sua lideran\u00e7a nas transi\u00e7\u00f5es digital e verde, \u00e9 necess\u00e1rio um foco renovado na ind\u00fastria e na sua competitividade&#8221;, afirmou o presidente da ETRMA, Chris Delaney.<\/p>\n<p>&#8220;A ind\u00fastria europeia de pneus \u00e9 uma parte essencial para permitir uma mobilidade segura e sustent\u00e1vel e tenho o prazer de apresentar a nossa vis\u00e3o para o pr\u00f3ximo ciclo institucional da UE&#8221;, acrescentou.<\/p>\n<p>&#8220;A ind\u00fastria europeia de pneus e borracha fornece a for\u00e7a motriz para a economia e a sociedade europeias&#8221;, repetiu Adam McCarthy, secret\u00e1rio geral da ETRMA.<\/p>\n<p>&#8220;Instamos os decisores pol\u00edticos europeus a juntarem-se a n\u00f3s na defini\u00e7\u00e3o de uma agenda para uma Europa competitiva que cumpra tanto a transi\u00e7\u00e3o digital como a transi\u00e7\u00e3o verde&#8221;, destacou ainda.<\/p>\n<p><strong>O Manifesto da ETRMA apela aos decisores pol\u00edticos europeus para que se juntem \u00e0 ind\u00fastria dos pneus na defini\u00e7\u00e3o de uma agenda para uma Europa competitiva que:<\/strong><\/p>\n<p>1. Reconhe\u00e7a o papel estrat\u00e9gico da ind\u00fastria europeia de pneus e aumente a sua competitividade;<br \/>\n2. Salvaguarda o mercado \u00fanico atrav\u00e9s da implementa\u00e7\u00e3o e aplica\u00e7\u00e3o eficaz da legisla\u00e7\u00e3o;<br \/>\n3. Incentiva o investimento na Europa atrav\u00e9s de regulamenta\u00e7\u00e3o futura consistente e proporcional;<br \/>\n4. Aumenta a sustentabilidade da Europa atrav\u00e9s da concep\u00e7\u00e3o e fabrico de produtos circulares e renov\u00e1veis;<br \/>\n5. Aumenta a escolha do consumidor, melhora a mobilidade sustent\u00e1vel e torna as estradas mais seguras, permitindo sistemas de mobilidade digital.<\/p>\n<p>&#8220;A ETRMA espera continuar a sua colabora\u00e7\u00e3o frut\u00edfera com os decisores pol\u00edticos e todas as partes interessadas para ajudar a desenvolver pol\u00edticas eficazes, equilibradas e baseadas na ci\u00eancia que produzam benef\u00edcios para o ambiente, os consumidores e as empresas&#8221;, concluiu.<\/p>\n<!-- AddThis Advanced Settings generic via filter on the_content --><!-- AddThis Share Buttons generic via filter on the_content -->","protected":false},"excerpt":{"rendered":"<p>A Associa\u00e7\u00e3o Europeia dos Fabricantes de Pneus (ETRMA), publicou&#8230;<!-- AddThis Advanced Settings generic via filter on get_the_excerpt --><!-- AddThis Share Buttons generic via filter on get_the_excerpt --><\/p>\n","protected":false},"author":13,"featured_media":71326,"comment_status":"closed","ping_status":"closed","sticky":false,"template":"","format":"standard","meta":{"footnotes":""},"categories":[37],"tags":[1624,3231,1100,3233,3232],"class_list":["post-71324","post","type-post","status-publish","format-standard","has-post-thumbnail","hentry","category-mercado","tag-etrma","tag-manifesto","tag-medidas","tag-periodo-legislativo-2024-2029","tag-politicas-europeias"],"yoast_head":"<!-- This site is optimized with the Yoast SEO plugin v27.5 - https:\/\/yoast.com\/product\/yoast-seo-wordpress\/ -->\n<title>ETRMA divulga manifesto para o pr\u00f3ximo mandato europeu - Revista dos Pneus<\/title>\n<meta name=\"description\" content=\"A ETRMA publicou o manifesto para o per\u00edodo legislativo 2024-2029 com uma agenda dedicada a uma Europa mais competitiva, segura e inclusiva\" \/>\n<meta name=\"robots\" content=\"index, follow, max-snippet:-1, max-image-preview:large, max-video-preview:-1\" \/>\n<link rel=\"canonical\" href=\"https:\/\/revistadospneus.com\/pt\/2024\/04\/19\/etrma-divulga-manifesto-para-o-proximo-mandato-europeu\/\" \/>\n<meta property=\"og:locale\" content=\"pt_PT\" \/>\n<meta property=\"og:type\" content=\"article\" \/>\n<meta property=\"og:title\" content=\"ETRMA divulga manifesto para o pr\u00f3ximo mandato europeu - Revista dos Pneus\" \/>\n<meta property=\"og:description\" content=\"A ETRMA publicou o manifesto para o per\u00edodo legislativo 2024-2029 com uma agenda dedicada a uma Europa mais competitiva, segura e inclusiva\" \/>\n<meta property=\"og:url\" content=\"https:\/\/revistadospneus.com\/pt\/2024\/04\/19\/etrma-divulga-manifesto-para-o-proximo-mandato-europeu\/\" \/>\n<meta property=\"og:site_name\" content=\"Revista dos Pneus\" \/>\n<meta property=\"article:publisher\" content=\"https:\/\/www.facebook.com\/revistapneus\" \/>\n<meta property=\"article:published_time\" content=\"2024-04-19T11:46:58+00:00\" \/>\n<meta property=\"og:image\" content=\"https:\/\/revistadospneus.com\/pt\/wp-content\/uploads\/2024\/04\/ETRMA-divulga-manifesto-para-o-proximo-mandado-europeu.png\" \/>\n\t<meta property=\"og:image:width\" content=\"1024\" \/>\n\t<meta property=\"og:image:height\" content=\"581\" \/>\n\t<meta property=\"og:image:type\" content=\"image\/png\" \/>\n<meta name=\"author\" content=\"Reda\u00e7\u00e3o RP\" \/>\n<meta name=\"twitter:card\" content=\"summary_large_image\" \/>\n<meta name=\"twitter:creator\" content=\"@revistapneus\" \/>\n<meta name=\"twitter:site\" content=\"@revistapneus\" \/>\n<meta name=\"twitter:label1\" content=\"Escrito por\" \/>\n\t<meta name=\"twitter:data1\" content=\"Reda\u00e7\u00e3o RP\" \/>\n\t<meta name=\"twitter:label2\" content=\"Tempo estimado de leitura\" \/>\n\t<meta name=\"twitter:data2\" content=\"3 minutos\" \/>\n<script type=\"application\/ld+json\" class=\"yoast-schema-graph\">{\"@context\":\"https:\\\/\\\/schema.org\",\"@graph\":[{\"@type\":\"Article\",\"@id\":\"https:\\\/\\\/revistadospneus.com\\\/pt\\\/2024\\\/04\\\/19\\\/etrma-divulga-manifesto-para-o-proximo-mandato-europeu\\\/#article\",\"isPartOf\":{\"@id\":\"https:\\\/\\\/revistadospneus.com\\\/pt\\\/2024\\\/04\\\/19\\\/etrma-divulga-manifesto-para-o-proximo-mandato-europeu\\\/\"},\"author\":{\"name\":\"Reda\u00e7\u00e3o RP\",\"@id\":\"https:\\\/\\\/revistadospneus.com\\\/pt\\\/#\\\/schema\\\/person\\\/9c602809538a614c26e5569d14ed6442\"},\"headline\":\"ETRMA divulga manifesto para o pr\u00f3ximo mandato europeu\",\"datePublished\":\"2024-04-19T11:46:58+00:00\",\"mainEntityOfPage\":{\"@id\":\"https:\\\/\\\/revistadospneus.com\\\/pt\\\/2024\\\/04\\\/19\\\/etrma-divulga-manifesto-para-o-proximo-mandato-europeu\\\/\"},\"wordCount\":391,\"publisher\":{\"@id\":\"https:\\\/\\\/revistadospneus.com\\\/pt\\\/#organization\"},\"image\":{\"@id\":\"https:\\\/\\\/revistadospneus.com\\\/pt\\\/2024\\\/04\\\/19\\\/etrma-divulga-manifesto-para-o-proximo-mandato-europeu\\\/#primaryimage\"},\"thumbnailUrl\":\"https:\\\/\\\/revistadospneus.com\\\/pt\\\/wp-content\\\/uploads\\\/2024\\\/04\\\/ETRMA-divulga-manifesto-para-o-proximo-mandado-europeu.png\",\"keywords\":[\"ETRMA\",\"manifesto\",\"Medidas\",\"per\u00edodo legislativo 2024-2029\",\"pol\u00edticas europeias\"],\"articleSection\":[\"Mercado\"],\"inLanguage\":\"pt-PT\"},{\"@type\":\"WebPage\",\"@id\":\"https:\\\/\\\/revistadospneus.com\\\/pt\\\/2024\\\/04\\\/19\\\/etrma-divulga-manifesto-para-o-proximo-mandato-europeu\\\/\",\"url\":\"https:\\\/\\\/revistadospneus.com\\\/pt\\\/2024\\\/04\\\/19\\\/etrma-divulga-manifesto-para-o-proximo-mandato-europeu\\\/\",\"name\":\"ETRMA divulga manifesto para o pr\u00f3ximo mandato europeu - Revista dos Pneus\",\"isPartOf\":{\"@id\":\"https:\\\/\\\/revistadospneus.com\\\/pt\\\/#website\"},\"primaryImageOfPage\":{\"@id\":\"https:\\\/\\\/revistadospneus.com\\\/pt\\\/2024\\\/04\\\/19\\\/etrma-divulga-manifesto-para-o-proximo-mandato-europeu\\\/#primaryimage\"},\"image\":{\"@id\":\"https:\\\/\\\/revistadospneus.com\\\/pt\\\/2024\\\/04\\\/19\\\/etrma-divulga-manifesto-para-o-proximo-mandato-europeu\\\/#primaryimage\"},\"thumbnailUrl\":\"https:\\\/\\\/revistadospneus.com\\\/pt\\\/wp-content\\\/uploads\\\/2024\\\/04\\\/ETRMA-divulga-manifesto-para-o-proximo-mandado-europeu.png\",\"datePublished\":\"2024-04-19T11:46:58+00:00\",\"description\":\"A ETRMA publicou o manifesto para o per\u00edodo legislativo 2024-2029 com uma agenda dedicada a uma Europa mais competitiva, segura e inclusiva\",\"breadcrumb\":{\"@id\":\"https:\\\/\\\/revistadospneus.com\\\/pt\\\/2024\\\/04\\\/19\\\/etrma-divulga-manifesto-para-o-proximo-mandato-europeu\\\/#breadcrumb\"},\"inLanguage\":\"pt-PT\",\"potentialAction\":[{\"@type\":\"ReadAction\",\"target\":[\"https:\\\/\\\/revistadospneus.com\\\/pt\\\/2024\\\/04\\\/19\\\/etrma-divulga-manifesto-para-o-proximo-mandato-europeu\\\/\"]}]},{\"@type\":\"ImageObject\",\"inLanguage\":\"pt-PT\",\"@id\":\"https:\\\/\\\/revistadospneus.com\\\/pt\\\/2024\\\/04\\\/19\\\/etrma-divulga-manifesto-para-o-proximo-mandato-europeu\\\/#primaryimage\",\"url\":\"https:\\\/\\\/revistadospneus.com\\\/pt\\\/wp-content\\\/uploads\\\/2024\\\/04\\\/ETRMA-divulga-manifesto-para-o-proximo-mandado-europeu.png\",\"contentUrl\":\"https:\\\/\\\/revistadospneus.com\\\/pt\\\/wp-content\\\/uploads\\\/2024\\\/04\\\/ETRMA-divulga-manifesto-para-o-proximo-mandado-europeu.png\",\"width\":1024,\"height\":581,\"caption\":\"04 - ETRMA divulga manifesto para o proximo mandado europeu\"},{\"@type\":\"BreadcrumbList\",\"@id\":\"https:\\\/\\\/revistadospneus.com\\\/pt\\\/2024\\\/04\\\/19\\\/etrma-divulga-manifesto-para-o-proximo-mandato-europeu\\\/#breadcrumb\",\"itemListElement\":[{\"@type\":\"ListItem\",\"position\":1,\"name\":\"In\u00edcio\",\"item\":\"https:\\\/\\\/revistadospneus.com\\\/pt\\\/\"},{\"@type\":\"ListItem\",\"position\":2,\"name\":\"ETRMA divulga manifesto para o pr\u00f3ximo mandato europeu\"}]},{\"@type\":\"WebSite\",\"@id\":\"https:\\\/\\\/revistadospneus.com\\\/pt\\\/#website\",\"url\":\"https:\\\/\\\/revistadospneus.com\\\/pt\\\/\",\"name\":\"Revista dos Pneus\",\"description\":\"Revista independente de pneus e servi\u00e7os r\u00e1pidos\",\"publisher\":{\"@id\":\"https:\\\/\\\/revistadospneus.com\\\/pt\\\/#organization\"},\"potentialAction\":[{\"@type\":\"SearchAction\",\"target\":{\"@type\":\"EntryPoint\",\"urlTemplate\":\"https:\\\/\\\/revistadospneus.com\\\/pt\\\/?s={search_term_string}\"},\"query-input\":{\"@type\":\"PropertyValueSpecification\",\"valueRequired\":true,\"valueName\":\"search_term_string\"}}],\"inLanguage\":\"pt-PT\"},{\"@type\":\"Organization\",\"@id\":\"https:\\\/\\\/revistadospneus.com\\\/pt\\\/#organization\",\"name\":\"Revista dos Pneus\",\"url\":\"https:\\\/\\\/revistadospneus.com\\\/pt\\\/\",\"logo\":{\"@type\":\"ImageObject\",\"inLanguage\":\"pt-PT\",\"@id\":\"https:\\\/\\\/revistadospneus.com\\\/pt\\\/#\\\/schema\\\/logo\\\/image\\\/\",\"url\":\"https:\\\/\\\/revistadospneus.com\\\/pt\\\/wp-content\\\/uploads\\\/logo2-1.png\",\"contentUrl\":\"https:\\\/\\\/revistadospneus.com\\\/pt\\\/wp-content\\\/uploads\\\/logo2-1.png\",\"width\":216,\"height\":70,\"caption\":\"Revista dos Pneus\"},\"image\":{\"@id\":\"https:\\\/\\\/revistadospneus.com\\\/pt\\\/#\\\/schema\\\/logo\\\/image\\\/\"},\"sameAs\":[\"https:\\\/\\\/www.facebook.com\\\/revistapneus\",\"https:\\\/\\\/x.com\\\/revistapneus\",\"https:\\\/\\\/www.linkedin.com\\\/company\\\/jornal-das-oficinas\\\/\",\"https:\\\/\\\/www.youtube.com\\\/channel\\\/UCbQZBqtcvV-oSQrr7RzINGg\"]},{\"@type\":\"Person\",\"@id\":\"https:\\\/\\\/revistadospneus.com\\\/pt\\\/#\\\/schema\\\/person\\\/9c602809538a614c26e5569d14ed6442\",\"name\":\"Reda\u00e7\u00e3o RP\",\"image\":{\"@type\":\"ImageObject\",\"inLanguage\":\"pt-PT\",\"@id\":\"https:\\\/\\\/secure.gravatar.com\\\/avatar\\\/71f2fa71737ad68a84fea94bc708ddac8ea5b0c4788dc2ad202f3ccb2887742f?s=96&d=wp_user_avatar&r=g\",\"url\":\"https:\\\/\\\/secure.gravatar.com\\\/avatar\\\/71f2fa71737ad68a84fea94bc708ddac8ea5b0c4788dc2ad202f3ccb2887742f?s=96&d=wp_user_avatar&r=g\",\"contentUrl\":\"https:\\\/\\\/secure.gravatar.com\\\/avatar\\\/71f2fa71737ad68a84fea94bc708ddac8ea5b0c4788dc2ad202f3ccb2887742f?s=96&d=wp_user_avatar&r=g\",\"caption\":\"Reda\u00e7\u00e3o RP\"},\"url\":\"https:\\\/\\\/revistadospneus.com\\\/pt\\\/author\\\/rpredacao\\\/\"}]}<\/script>\n<!-- \/ Yoast SEO plugin. -->","yoast_head_json":{"title":"ETRMA divulga manifesto para o pr\u00f3ximo mandato europeu - Revista dos Pneus","description":"A ETRMA publicou o manifesto para o per\u00edodo legislativo 2024-2029 com uma agenda dedicada a uma Europa mais competitiva, segura e inclusiva","robots":{"index":"index","follow":"follow","max-snippet":"max-snippet:-1","max-image-preview":"max-image-preview:large","max-video-preview":"max-video-preview:-1"},"canonical":"https:\/\/revistadospneus.com\/pt\/2024\/04\/19\/etrma-divulga-manifesto-para-o-proximo-mandato-europeu\/","og_locale":"pt_PT","og_type":"article","og_title":"ETRMA divulga manifesto para o pr\u00f3ximo mandato europeu - Revista dos Pneus","og_description":"A ETRMA publicou o manifesto para o per\u00edodo legislativo 2024-2029 com uma agenda dedicada a uma Europa mais competitiva, segura e inclusiva","og_url":"https:\/\/revistadospneus.com\/pt\/2024\/04\/19\/etrma-divulga-manifesto-para-o-proximo-mandato-europeu\/","og_site_name":"Revista dos Pneus","article_publisher":"https:\/\/www.facebook.com\/revistapneus","article_published_time":"2024-04-19T11:46:58+00:00","og_image":[{"width":1024,"height":581,"url":"https:\/\/revistadospneus.com\/pt\/wp-content\/uploads\/2024\/04\/ETRMA-divulga-manifesto-para-o-proximo-mandado-europeu.png","type":"image\/png"}],"author":"Reda\u00e7\u00e3o RP","twitter_card":"summary_large_image","twitter_creator":"@revistapneus","twitter_site":"@revistapneus","twitter_misc":{"Escrito por":"Reda\u00e7\u00e3o RP","Tempo estimado de leitura":"3 minutos"},"schema":{"@context":"https:\/\/schema.org","@graph":[{"@type":"Article","@id":"https:\/\/revistadospneus.com\/pt\/2024\/04\/19\/etrma-divulga-manifesto-para-o-proximo-mandato-europeu\/#article","isPartOf":{"@id":"https:\/\/revistadospneus.com\/pt\/2024\/04\/19\/etrma-divulga-manifesto-para-o-proximo-mandato-europeu\/"},"author":{"name":"Reda\u00e7\u00e3o RP","@id":"https:\/\/revistadospneus.com\/pt\/#\/schema\/person\/9c602809538a614c26e5569d14ed6442"},"headline":"ETRMA divulga manifesto para o pr\u00f3ximo mandato europeu","datePublished":"2024-04-19T11:46:58+00:00","mainEntityOfPage":{"@id":"https:\/\/revistadospneus.com\/pt\/2024\/04\/19\/etrma-divulga-manifesto-para-o-proximo-mandato-europeu\/"},"wordCount":391,"publisher":{"@id":"https:\/\/revistadospneus.com\/pt\/#organization"},"image":{"@id":"https:\/\/revistadospneus.com\/pt\/2024\/04\/19\/etrma-divulga-manifesto-para-o-proximo-mandato-europeu\/#primaryimage"},"thumbnailUrl":"https:\/\/revistadospneus.com\/pt\/wp-content\/uploads\/2024\/04\/ETRMA-divulga-manifesto-para-o-proximo-mandado-europeu.png","keywords":["ETRMA","manifesto","Medidas","per\u00edodo legislativo 2024-2029","pol\u00edticas europeias"],"articleSection":["Mercado"],"inLanguage":"pt-PT"},{"@type":"WebPage","@id":"https:\/\/revistadospneus.com\/pt\/2024\/04\/19\/etrma-divulga-manifesto-para-o-proximo-mandato-europeu\/","url":"https:\/\/revistadospneus.com\/pt\/2024\/04\/19\/etrma-divulga-manifesto-para-o-proximo-mandato-europeu\/","name":"ETRMA divulga manifesto para o pr\u00f3ximo mandato europeu - Revista dos Pneus","isPartOf":{"@id":"https:\/\/revistadospneus.com\/pt\/#website"},"primaryImageOfPage":{"@id":"https:\/\/revistadospneus.com\/pt\/2024\/04\/19\/etrma-divulga-manifesto-para-o-proximo-mandato-europeu\/#primaryimage"},"image":{"@id":"https:\/\/revistadospneus.com\/pt\/2024\/04\/19\/etrma-divulga-manifesto-para-o-proximo-mandato-europeu\/#primaryimage"},"thumbnailUrl":"https:\/\/revistadospneus.com\/pt\/wp-content\/uploads\/2024\/04\/ETRMA-divulga-manifesto-para-o-proximo-mandado-europeu.png","datePublished":"2024-04-19T11:46:58+00:00","description":"A ETRMA publicou o manifesto para o per\u00edodo legislativo 2024-2029 com uma agenda dedicada a uma Europa mais competitiva, segura e inclusiva","breadcrumb":{"@id":"https:\/\/revistadospneus.com\/pt\/2024\/04\/19\/etrma-divulga-manifesto-para-o-proximo-mandato-europeu\/#breadcrumb"},"inLanguage":"pt-PT","potentialAction":[{"@type":"ReadAction","target":["https:\/\/revistadospneus.com\/pt\/2024\/04\/19\/etrma-divulga-manifesto-para-o-proximo-mandato-europeu\/"]}]},{"@type":"ImageObject","inLanguage":"pt-PT","@id":"https:\/\/revistadospneus.com\/pt\/2024\/04\/19\/etrma-divulga-manifesto-para-o-proximo-mandato-europeu\/#primaryimage","url":"https:\/\/revistadospneus.com\/pt\/wp-content\/uploads\/2024\/04\/ETRMA-divulga-manifesto-para-o-proximo-mandado-europeu.png","contentUrl":"https:\/\/revistadospneus.com\/pt\/wp-content\/uploads\/2024\/04\/ETRMA-divulga-manifesto-para-o-proximo-mandado-europeu.png","width":1024,"height":581,"caption":"04 - ETRMA divulga manifesto para o proximo mandado europeu"},{"@type":"BreadcrumbList","@id":"https:\/\/revistadospneus.com\/pt\/2024\/04\/19\/etrma-divulga-manifesto-para-o-proximo-mandato-europeu\/#breadcrumb","itemListElement":[{"@type":"ListItem","position":1,"name":"In\u00edcio","item":"https:\/\/revistadospneus.com\/pt\/"},{"@type":"ListItem","position":2,"name":"ETRMA divulga manifesto para o pr\u00f3ximo mandato europeu"}]},{"@type":"WebSite","@id":"https:\/\/revistadospneus.com\/pt\/#website","url":"https:\/\/revistadospneus.com\/pt\/","name":"Revista dos Pneus","description":"Revista independente de pneus e servi\u00e7os r\u00e1pidos","publisher":{"@id":"https:\/\/revistadospneus.com\/pt\/#organization"},"potentialAction":[{"@type":"SearchAction","target":{"@type":"EntryPoint","urlTemplate":"https:\/\/revistadospneus.com\/pt\/?s={search_term_string}"},"query-input":{"@type":"PropertyValueSpecification","valueRequired":true,"valueName":"search_term_string"}}],"inLanguage":"pt-PT"},{"@type":"Organization","@id":"https:\/\/revistadospneus.com\/pt\/#organization","name":"Revista dos Pneus","url":"https:\/\/revistadospneus.com\/pt\/","logo":{"@type":"ImageObject","inLanguage":"pt-PT","@id":"https:\/\/revistadospneus.com\/pt\/#\/schema\/logo\/image\/","url":"https:\/\/revistadospneus.com\/pt\/wp-content\/uploads\/logo2-1.png","contentUrl":"https:\/\/revistadospneus.com\/pt\/wp-content\/uploads\/logo2-1.png","width":216,"height":70,"caption":"Revista dos Pneus"},"image":{"@id":"https:\/\/revistadospneus.com\/pt\/#\/schema\/logo\/image\/"},"sameAs":["https:\/\/www.facebook.com\/revistapneus","https:\/\/x.com\/revistapneus","https:\/\/www.linkedin.com\/company\/jornal-das-oficinas\/","https:\/\/www.youtube.com\/channel\/UCbQZBqtcvV-oSQrr7RzINGg"]},{"@type":"Person","@id":"https:\/\/revistadospneus.com\/pt\/#\/schema\/person\/9c602809538a614c26e5569d14ed6442","name":"Reda\u00e7\u00e3o RP","image":{"@type":"ImageObject","inLanguage":"pt-PT","@id":"https:\/\/secure.gravatar.com\/avatar\/71f2fa71737ad68a84fea94bc708ddac8ea5b0c4788dc2ad202f3ccb2887742f?s=96&d=wp_user_avatar&r=g","url":"https:\/\/secure.gravatar.com\/avatar\/71f2fa71737ad68a84fea94bc708ddac8ea5b0c4788dc2ad202f3ccb2887742f?s=96&d=wp_user_avatar&r=g","contentUrl":"https:\/\/secure.gravatar.com\/avatar\/71f2fa71737ad68a84fea94bc708ddac8ea5b0c4788dc2ad202f3ccb2887742f?s=96&d=wp_user_avatar&r=g","caption":"Reda\u00e7\u00e3o RP"},"url":"https:\/\/revistadospneus.com\/pt\/author\/rpredacao\/"}]}},"_links":{"self":[{"href":"https:\/\/revistadospneus.com\/pt\/wp-json\/wp\/v2\/posts\/71324","targetHints":{"allow":["GET"]}}],"collection":[{"href":"https:\/\/revistadospneus.com\/pt\/wp-json\/wp\/v2\/posts"}],"about":[{"href":"https:\/\/revistadospneus.com\/pt\/wp-json\/wp\/v2\/types\/post"}],"author":[{"embeddable":true,"href":"https:\/\/revistadospneus.com\/pt\/wp-json\/wp\/v2\/users\/13"}],"replies":[{"embeddable":true,"href":"https:\/\/revistadospneus.com\/pt\/wp-json\/wp\/v2\/comments?post=71324"}],"version-history":[{"count":7,"href":"https:\/\/revistadospneus.com\/pt\/wp-json\/wp\/v2\/posts\/71324\/revisions"}],"predecessor-version":[{"id":71332,"href":"https:\/\/revistadospneus.com\/pt\/wp-json\/wp\/v2\/posts\/71324\/revisions\/71332"}],"wp:featuredmedia":[{"embeddable":true,"href":"https:\/\/revistadospneus.com\/pt\/wp-json\/wp\/v2\/media\/71326"}],"wp:attachment":[{"href":"https:\/\/revistadospneus.com\/pt\/wp-json\/wp\/v2\/media?parent=71324"}],"wp:term":[{"taxonomy":"category","embeddable":true,"href":"https:\/\/revistadospneus.com\/pt\/wp-json\/wp\/v2\/categories?post=71324"},{"taxonomy":"post_tag","embeddable":true,"href":"https:\/\/revistadospneus.com\/pt\/wp-json\/wp\/v2\/tags?post=71324"}],"curies":[{"name":"wp","href":"https:\/\/api.w.org\/{rel}","templated":true}]}}