{"id":71487,"date":"2024-05-06T08:00:32","date_gmt":"2024-05-06T07:00:32","guid":{"rendered":"https:\/\/revistadospneus.com\/pt\/?p=71487"},"modified":"2024-05-02T20:06:27","modified_gmt":"2024-05-02T19:06:27","slug":"novo-decreto-lei-altera-medidas-de-gestao-de-residuos","status":"publish","type":"post","link":"https:\/\/revistadospneus.com\/pt\/2024\/05\/06\/novo-decreto-lei-altera-medidas-de-gestao-de-residuos\/","title":{"rendered":"Novo Decreto-Lei altera medidas de gest\u00e3o de res\u00edduos"},"content":{"rendered":"<p><img loading=\"lazy\" decoding=\"async\" class=\"alignnone size-full wp-image-71489\" src=\"https:\/\/revistadospneus.com\/pt\/wp-content\/uploads\/2024\/05\/Novo-Decreto-Lei-altera-medidas-de-gestao-de-residuos.jpeg\" alt=\"05 - Novo Decreto Lei altera medidas de gestao de residuos\" width=\"1024\" height=\"581\" srcset=\"https:\/\/revistadospneus.com\/pt\/wp-content\/uploads\/2024\/05\/Novo-Decreto-Lei-altera-medidas-de-gestao-de-residuos.jpeg 1024w, https:\/\/revistadospneus.com\/pt\/wp-content\/uploads\/2024\/05\/Novo-Decreto-Lei-altera-medidas-de-gestao-de-residuos-300x170.jpeg 300w, https:\/\/revistadospneus.com\/pt\/wp-content\/uploads\/2024\/05\/Novo-Decreto-Lei-altera-medidas-de-gestao-de-residuos-150x85.jpeg 150w, https:\/\/revistadospneus.com\/pt\/wp-content\/uploads\/2024\/05\/Novo-Decreto-Lei-altera-medidas-de-gestao-de-residuos-768x436.jpeg 768w\" sizes=\"auto, (max-width: 1024px) 100vw, 1024px\" \/><\/p>\n<p><strong>O novo <a href=\"https:\/\/diariodarepublica.pt\/dr\/detalhe\/decreto-lei\/24-2024-857366010\" target=\"_blank\" rel=\"noopener\">Decreto-Lei n.\u00ba 24\/2024<\/a>, de 26 de mar\u00e7o, procedeu \u00e0 altera\u00e7\u00e3o do Regime Geral da Gest\u00e3o de Res\u00edduos (RGGR) e do Regime Jur\u00eddico de Deposi\u00e7\u00e3o de Res\u00edduos em Aterro (RJDRA), aprovados pelo Decreto-Lei 102-D\/2020, de 10 de dezembro<\/strong><\/p>\n<p>O alcance das metas nacionais assumidas junto da Uni\u00e3o Europeia \u00e9 uma prioridade para todos os setores, e o dos res\u00edduos n\u00e3o \u00e9 exce\u00e7\u00e3o. Para a concretiza\u00e7\u00e3o deste objetivo foi aprovado o Decreto-Lei n.\u00ba 24\/2024, de 26 de mar\u00e7o, que altera os regimes da gest\u00e3o de res\u00edduos, de deposi\u00e7\u00e3o de res\u00edduos em aterro e de gest\u00e3o de fluxos espec\u00edficos de res\u00edduos sujeitos ao princ\u00edpio da responsabilidade alargada do produtor (UNILEX).<\/p>\n<p>Esta diretiva poder\u00e1 abrir caminho para um novo modelo que permita quebrar fronteiras entre sistemas atrav\u00e9s de uma gest\u00e3o transversal e integrada e uma estrat\u00e9gia colaborativa, privilegiando aqueles que adquirem comportamentos mais sustent\u00e1veis, que reduzem a produ\u00e7\u00e3o de res\u00edduos, valorizam, reutilizam e reciclam.<\/p>\n<p>O novo Decreto-Lei n.\u00ba 24\/2024, de 26 de mar\u00e7o, procedeu \u00e0 altera\u00e7\u00e3o do Regime Geral da Gest\u00e3o de Res\u00edduos (RGGR) e do Regime Jur\u00eddico de Deposi\u00e7\u00e3o de Res\u00edduos em Aterro (RJDRA), aprovados pelo Decreto-Lei 102-D\/2020, de 10 de dezembro, bem como do Regime Unificado de Fluxos Espec\u00edficos, ou regime da gest\u00e3o de fluxos espec\u00edficos de res\u00edduos sujeitos ao princ\u00edpio da responsabilidade alargada do produtor (UNILEX), aprovado pelo Decreto-Lei 152-D\/2017, de 11 de dezembro.<\/p>\n<p>Os dados do <a href=\"https:\/\/apambiente.pt\/sites\/default\/files\/_Residuos\/Producao_Gest%C3%A3o_Residuos\/Dados%20RU\/RARU_2022_V1.pdf\" target=\"_blank\" rel=\"noopener\">Relat\u00f3rio Anual de Res\u00edduos Urbanos<\/a> relativos a 2022 referem que Portugal recicla apenas 33% dos res\u00edduos urbanos que produz. Para melhorar os resultados nacionais, \u00e9 essencial que o quadro legal aplic\u00e1vel da gest\u00e3o de res\u00edduos contribua para apoiar e promover a inova\u00e7\u00e3o e o desenvolvimento de novos produtos a partir de res\u00edduos e, bem assim, para a simplifica\u00e7\u00e3o dos procedimentos de licenciamento, n\u00e3o descurando a prote\u00e7\u00e3o e a preserva\u00e7\u00e3o do ambiente.<\/p>\n<p>As novas medidas recaem sobre v\u00e1rios tipos de res\u00edduos, desde a extens\u00e3o da responsabilidade alargado do produtor a novos fluxos de res\u00edduos \u00e0 inclus\u00e3o no Regime Unificado de Fluxos Espec\u00edficos de uma se\u00e7\u00e3o espec\u00edfica dedicada \u00e0 regula\u00e7\u00e3o do sistema de dep\u00f3sito e reembolso de embalagens de bebidas n\u00e3o reutiliz\u00e1veis de pl\u00e1stico e metal, ambas para entrarem em vigor em 2025.<\/p>\n<p>No que \u00e0 <a href=\"https:\/\/www.valorpneu.pt\/\" target=\"_blank\" rel=\"noopener\">Valorpneu<\/a> diz respeito, enquanto entidade gestora do sistema de gest\u00e3o de pneus usados em Portugal, o diploma refere que vai ser alargado de 5 para 10 anos o prazo das licen\u00e7as atribu\u00eddas \u00e0s entidades gestoras de sistemas integrados de gest\u00e3o de fluxos espec\u00edficos. \u00c9 igualmente revista a metodologia de determina\u00e7\u00e3o da Taxa de Gest\u00e3o de Res\u00edduos (TGR) a aplicar \u00e0s entidades gestoras que passa a ser determinada em fun\u00e7\u00e3o do custo m\u00e9dio associado \u00e0 recolha e\/ou \u00e0 recolha e tratamento dos fluxos de materiais abrangidos, procurando por esta via criar maiores incentivos \u00e0 recolha e reciclagem e garantir uma menor deposi\u00e7\u00e3o de res\u00edduos em aterro.<\/p>\n<p>Uma outra altera\u00e7\u00f5es refere-se \u00e0s obriga\u00e7\u00f5es imput\u00e1veis aos produtores de produtos abrangidos pelo regime de responsabilidade alargada ao produtor (RAP), designadamente a obriga\u00e7\u00e3o de identificarem o n\u00famero de registo no SIRER nas faturas, nos documentos de transporte ou nos demais documentos equivalentes por eles emitidos. S\u00e3o tamb\u00e9m clarificadas neste documento as obriga\u00e7\u00f5es que impendem sobre os produtores de produtos de suportar os custos necess\u00e1rios para cumprir as metas de gest\u00e3o de res\u00edduos e outras metas e objetivos, sendo que, s\u00f3 em condi\u00e7\u00f5es muito espec\u00edficas, caso se justifique pela necessidade de assegurar a gest\u00e3o adequada dos res\u00edduos e a viabilidade econ\u00f3mica do regime de RAP, \u00e9 que tais custos poder\u00e3o ser partilhados com os produtores iniciais dos res\u00edduos ou com os distribuidores.<\/p>\n<p>Destaca-se ainda uma outra medida relativamente \u00e0 aplica\u00e7\u00e3o dos resultados l\u00edquidos positivos do exerc\u00edcio da atividade das entidades licenciadas respons\u00e1veis por sistemas de gest\u00e3o de fluxos espec\u00edficos de res\u00edduos que ultrapassem os limites das reservas previstas na respetiva licen\u00e7a, que devem ser usados no ajustamento das presta\u00e7\u00f5es com vista a assegurar a sustentabilidade econ\u00f3mica e financeira dos sistemas de gest\u00e3o de fluxos espec\u00edficos de res\u00edduos.<\/p>\n<!-- AddThis Advanced Settings generic via filter on the_content --><!-- AddThis Share Buttons generic via filter on the_content -->","protected":false},"excerpt":{"rendered":"<p>O novo Decreto-Lei n.\u00ba 24\/2024, de 26 de mar\u00e7o,&#8230;<!-- AddThis Advanced Settings generic via filter on get_the_excerpt --><!-- AddThis Share Buttons generic via filter on get_the_excerpt --><\/p>\n","protected":false},"author":13,"featured_media":71489,"comment_status":"closed","ping_status":"closed","sticky":false,"template":"","format":"standard","meta":{"footnotes":""},"categories":[37],"tags":[3288,3286,3285,1256,3289,3287,943],"class_list":["post-71487","post","type-post","status-publish","format-standard","has-post-thumbnail","hentry","category-mercado","tag-alteracao-de-medidas","tag-aterro","tag-decreto-lei","tag-gestao-de-residuos","tag-reducao-de-residuos","tag-relatorio-anual-de-residuos-urbanos","tag-valorpneu"],"yoast_head":"<!-- This site is optimized with the Yoast SEO plugin v27.5 - https:\/\/yoast.com\/product\/yoast-seo-wordpress\/ -->\n<title>Novo Decreto-Lei altera medidas de gest\u00e3o de res\u00edduos - Revista dos Pneus<\/title>\n<meta name=\"description\" content=\"O novo Decreto-Lei n.\u00ba 24\/2024, de 26 de mar\u00e7o, procedeu \u00e0 altera\u00e7\u00e3o do Regime Geral da Gest\u00e3o de Res\u00edduos (RGGR) e n\u00e3o s\u00f3\" \/>\n<meta name=\"robots\" content=\"index, follow, max-snippet:-1, max-image-preview:large, max-video-preview:-1\" \/>\n<link rel=\"canonical\" href=\"https:\/\/revistadospneus.com\/pt\/2024\/05\/06\/novo-decreto-lei-altera-medidas-de-gestao-de-residuos\/\" \/>\n<meta property=\"og:locale\" content=\"pt_PT\" \/>\n<meta property=\"og:type\" content=\"article\" \/>\n<meta property=\"og:title\" content=\"Novo Decreto-Lei altera medidas de gest\u00e3o de res\u00edduos - Revista dos Pneus\" \/>\n<meta property=\"og:description\" content=\"O novo Decreto-Lei n.\u00ba 24\/2024, de 26 de mar\u00e7o, procedeu \u00e0 altera\u00e7\u00e3o do Regime Geral da Gest\u00e3o de Res\u00edduos (RGGR) e n\u00e3o s\u00f3\" \/>\n<meta property=\"og:url\" content=\"https:\/\/revistadospneus.com\/pt\/2024\/05\/06\/novo-decreto-lei-altera-medidas-de-gestao-de-residuos\/\" \/>\n<meta property=\"og:site_name\" content=\"Revista dos Pneus\" \/>\n<meta property=\"article:publisher\" content=\"https:\/\/www.facebook.com\/revistapneus\" \/>\n<meta property=\"article:published_time\" content=\"2024-05-06T07:00:32+00:00\" \/>\n<meta property=\"og:image\" content=\"https:\/\/revistadospneus.com\/pt\/wp-content\/uploads\/2024\/05\/Novo-Decreto-Lei-altera-medidas-de-gestao-de-residuos.jpeg\" \/>\n\t<meta property=\"og:image:width\" content=\"1024\" \/>\n\t<meta property=\"og:image:height\" content=\"581\" \/>\n\t<meta property=\"og:image:type\" content=\"image\/jpeg\" \/>\n<meta name=\"author\" content=\"Reda\u00e7\u00e3o RP\" \/>\n<meta name=\"twitter:card\" content=\"summary_large_image\" \/>\n<meta name=\"twitter:creator\" content=\"@revistapneus\" \/>\n<meta name=\"twitter:site\" content=\"@revistapneus\" \/>\n<meta name=\"twitter:label1\" content=\"Escrito por\" \/>\n\t<meta name=\"twitter:data1\" content=\"Reda\u00e7\u00e3o RP\" \/>\n\t<meta name=\"twitter:label2\" content=\"Tempo estimado de leitura\" \/>\n\t<meta name=\"twitter:data2\" content=\"5 minutos\" \/>\n<script type=\"application\/ld+json\" class=\"yoast-schema-graph\">{\"@context\":\"https:\\\/\\\/schema.org\",\"@graph\":[{\"@type\":\"Article\",\"@id\":\"https:\\\/\\\/revistadospneus.com\\\/pt\\\/2024\\\/05\\\/06\\\/novo-decreto-lei-altera-medidas-de-gestao-de-residuos\\\/#article\",\"isPartOf\":{\"@id\":\"https:\\\/\\\/revistadospneus.com\\\/pt\\\/2024\\\/05\\\/06\\\/novo-decreto-lei-altera-medidas-de-gestao-de-residuos\\\/\"},\"author\":{\"name\":\"Reda\u00e7\u00e3o RP\",\"@id\":\"https:\\\/\\\/revistadospneus.com\\\/pt\\\/#\\\/schema\\\/person\\\/9c602809538a614c26e5569d14ed6442\"},\"headline\":\"Novo Decreto-Lei altera medidas de gest\u00e3o de res\u00edduos\",\"datePublished\":\"2024-05-06T07:00:32+00:00\",\"mainEntityOfPage\":{\"@id\":\"https:\\\/\\\/revistadospneus.com\\\/pt\\\/2024\\\/05\\\/06\\\/novo-decreto-lei-altera-medidas-de-gestao-de-residuos\\\/\"},\"wordCount\":743,\"publisher\":{\"@id\":\"https:\\\/\\\/revistadospneus.com\\\/pt\\\/#organization\"},\"image\":{\"@id\":\"https:\\\/\\\/revistadospneus.com\\\/pt\\\/2024\\\/05\\\/06\\\/novo-decreto-lei-altera-medidas-de-gestao-de-residuos\\\/#primaryimage\"},\"thumbnailUrl\":\"https:\\\/\\\/revistadospneus.com\\\/pt\\\/wp-content\\\/uploads\\\/2024\\\/05\\\/Novo-Decreto-Lei-altera-medidas-de-gestao-de-residuos.jpeg\",\"keywords\":[\"altera\u00e7\u00e3o de medidas\",\"aterro\",\"Decreto-Lei\",\"Gest\u00e3o de Res\u00edduos\",\"redu\u00e7\u00e3o de res\u00edduos\",\"Relat\u00f3rio Anual de Res\u00edduos Urbanos\",\"Valorpneu\"],\"articleSection\":[\"Mercado\"],\"inLanguage\":\"pt-PT\"},{\"@type\":\"WebPage\",\"@id\":\"https:\\\/\\\/revistadospneus.com\\\/pt\\\/2024\\\/05\\\/06\\\/novo-decreto-lei-altera-medidas-de-gestao-de-residuos\\\/\",\"url\":\"https:\\\/\\\/revistadospneus.com\\\/pt\\\/2024\\\/05\\\/06\\\/novo-decreto-lei-altera-medidas-de-gestao-de-residuos\\\/\",\"name\":\"Novo Decreto-Lei altera medidas de gest\u00e3o de res\u00edduos - Revista dos Pneus\",\"isPartOf\":{\"@id\":\"https:\\\/\\\/revistadospneus.com\\\/pt\\\/#website\"},\"primaryImageOfPage\":{\"@id\":\"https:\\\/\\\/revistadospneus.com\\\/pt\\\/2024\\\/05\\\/06\\\/novo-decreto-lei-altera-medidas-de-gestao-de-residuos\\\/#primaryimage\"},\"image\":{\"@id\":\"https:\\\/\\\/revistadospneus.com\\\/pt\\\/2024\\\/05\\\/06\\\/novo-decreto-lei-altera-medidas-de-gestao-de-residuos\\\/#primaryimage\"},\"thumbnailUrl\":\"https:\\\/\\\/revistadospneus.com\\\/pt\\\/wp-content\\\/uploads\\\/2024\\\/05\\\/Novo-Decreto-Lei-altera-medidas-de-gestao-de-residuos.jpeg\",\"datePublished\":\"2024-05-06T07:00:32+00:00\",\"description\":\"O novo Decreto-Lei n.\u00ba 24\\\/2024, de 26 de mar\u00e7o, procedeu \u00e0 altera\u00e7\u00e3o do Regime Geral da Gest\u00e3o de Res\u00edduos (RGGR) e n\u00e3o s\u00f3\",\"breadcrumb\":{\"@id\":\"https:\\\/\\\/revistadospneus.com\\\/pt\\\/2024\\\/05\\\/06\\\/novo-decreto-lei-altera-medidas-de-gestao-de-residuos\\\/#breadcrumb\"},\"inLanguage\":\"pt-PT\",\"potentialAction\":[{\"@type\":\"ReadAction\",\"target\":[\"https:\\\/\\\/revistadospneus.com\\\/pt\\\/2024\\\/05\\\/06\\\/novo-decreto-lei-altera-medidas-de-gestao-de-residuos\\\/\"]}]},{\"@type\":\"ImageObject\",\"inLanguage\":\"pt-PT\",\"@id\":\"https:\\\/\\\/revistadospneus.com\\\/pt\\\/2024\\\/05\\\/06\\\/novo-decreto-lei-altera-medidas-de-gestao-de-residuos\\\/#primaryimage\",\"url\":\"https:\\\/\\\/revistadospneus.com\\\/pt\\\/wp-content\\\/uploads\\\/2024\\\/05\\\/Novo-Decreto-Lei-altera-medidas-de-gestao-de-residuos.jpeg\",\"contentUrl\":\"https:\\\/\\\/revistadospneus.com\\\/pt\\\/wp-content\\\/uploads\\\/2024\\\/05\\\/Novo-Decreto-Lei-altera-medidas-de-gestao-de-residuos.jpeg\",\"width\":1024,\"height\":581,\"caption\":\"05 - Novo Decreto Lei altera medidas de gestao de residuos\"},{\"@type\":\"BreadcrumbList\",\"@id\":\"https:\\\/\\\/revistadospneus.com\\\/pt\\\/2024\\\/05\\\/06\\\/novo-decreto-lei-altera-medidas-de-gestao-de-residuos\\\/#breadcrumb\",\"itemListElement\":[{\"@type\":\"ListItem\",\"position\":1,\"name\":\"In\u00edcio\",\"item\":\"https:\\\/\\\/revistadospneus.com\\\/pt\\\/\"},{\"@type\":\"ListItem\",\"position\":2,\"name\":\"Novo Decreto-Lei altera medidas de gest\u00e3o de res\u00edduos\"}]},{\"@type\":\"WebSite\",\"@id\":\"https:\\\/\\\/revistadospneus.com\\\/pt\\\/#website\",\"url\":\"https:\\\/\\\/revistadospneus.com\\\/pt\\\/\",\"name\":\"Revista dos Pneus\",\"description\":\"Revista independente de pneus e servi\u00e7os r\u00e1pidos\",\"publisher\":{\"@id\":\"https:\\\/\\\/revistadospneus.com\\\/pt\\\/#organization\"},\"potentialAction\":[{\"@type\":\"SearchAction\",\"target\":{\"@type\":\"EntryPoint\",\"urlTemplate\":\"https:\\\/\\\/revistadospneus.com\\\/pt\\\/?s={search_term_string}\"},\"query-input\":{\"@type\":\"PropertyValueSpecification\",\"valueRequired\":true,\"valueName\":\"search_term_string\"}}],\"inLanguage\":\"pt-PT\"},{\"@type\":\"Organization\",\"@id\":\"https:\\\/\\\/revistadospneus.com\\\/pt\\\/#organization\",\"name\":\"Revista dos Pneus\",\"url\":\"https:\\\/\\\/revistadospneus.com\\\/pt\\\/\",\"logo\":{\"@type\":\"ImageObject\",\"inLanguage\":\"pt-PT\",\"@id\":\"https:\\\/\\\/revistadospneus.com\\\/pt\\\/#\\\/schema\\\/logo\\\/image\\\/\",\"url\":\"https:\\\/\\\/revistadospneus.com\\\/pt\\\/wp-content\\\/uploads\\\/logo2-1.png\",\"contentUrl\":\"https:\\\/\\\/revistadospneus.com\\\/pt\\\/wp-content\\\/uploads\\\/logo2-1.png\",\"width\":216,\"height\":70,\"caption\":\"Revista dos Pneus\"},\"image\":{\"@id\":\"https:\\\/\\\/revistadospneus.com\\\/pt\\\/#\\\/schema\\\/logo\\\/image\\\/\"},\"sameAs\":[\"https:\\\/\\\/www.facebook.com\\\/revistapneus\",\"https:\\\/\\\/x.com\\\/revistapneus\",\"https:\\\/\\\/www.linkedin.com\\\/company\\\/jornal-das-oficinas\\\/\",\"https:\\\/\\\/www.youtube.com\\\/channel\\\/UCbQZBqtcvV-oSQrr7RzINGg\"]},{\"@type\":\"Person\",\"@id\":\"https:\\\/\\\/revistadospneus.com\\\/pt\\\/#\\\/schema\\\/person\\\/9c602809538a614c26e5569d14ed6442\",\"name\":\"Reda\u00e7\u00e3o RP\",\"image\":{\"@type\":\"ImageObject\",\"inLanguage\":\"pt-PT\",\"@id\":\"https:\\\/\\\/secure.gravatar.com\\\/avatar\\\/71f2fa71737ad68a84fea94bc708ddac8ea5b0c4788dc2ad202f3ccb2887742f?s=96&d=wp_user_avatar&r=g\",\"url\":\"https:\\\/\\\/secure.gravatar.com\\\/avatar\\\/71f2fa71737ad68a84fea94bc708ddac8ea5b0c4788dc2ad202f3ccb2887742f?s=96&d=wp_user_avatar&r=g\",\"contentUrl\":\"https:\\\/\\\/secure.gravatar.com\\\/avatar\\\/71f2fa71737ad68a84fea94bc708ddac8ea5b0c4788dc2ad202f3ccb2887742f?s=96&d=wp_user_avatar&r=g\",\"caption\":\"Reda\u00e7\u00e3o RP\"},\"url\":\"https:\\\/\\\/revistadospneus.com\\\/pt\\\/author\\\/rpredacao\\\/\"}]}<\/script>\n<!-- \/ Yoast SEO plugin. -->","yoast_head_json":{"title":"Novo Decreto-Lei altera medidas de gest\u00e3o de res\u00edduos - Revista dos Pneus","description":"O novo Decreto-Lei n.\u00ba 24\/2024, de 26 de mar\u00e7o, procedeu \u00e0 altera\u00e7\u00e3o do Regime Geral da Gest\u00e3o de Res\u00edduos (RGGR) e n\u00e3o s\u00f3","robots":{"index":"index","follow":"follow","max-snippet":"max-snippet:-1","max-image-preview":"max-image-preview:large","max-video-preview":"max-video-preview:-1"},"canonical":"https:\/\/revistadospneus.com\/pt\/2024\/05\/06\/novo-decreto-lei-altera-medidas-de-gestao-de-residuos\/","og_locale":"pt_PT","og_type":"article","og_title":"Novo Decreto-Lei altera medidas de gest\u00e3o de res\u00edduos - Revista dos Pneus","og_description":"O novo Decreto-Lei n.\u00ba 24\/2024, de 26 de mar\u00e7o, procedeu \u00e0 altera\u00e7\u00e3o do Regime Geral da Gest\u00e3o de Res\u00edduos (RGGR) e n\u00e3o s\u00f3","og_url":"https:\/\/revistadospneus.com\/pt\/2024\/05\/06\/novo-decreto-lei-altera-medidas-de-gestao-de-residuos\/","og_site_name":"Revista dos Pneus","article_publisher":"https:\/\/www.facebook.com\/revistapneus","article_published_time":"2024-05-06T07:00:32+00:00","og_image":[{"width":1024,"height":581,"url":"https:\/\/revistadospneus.com\/pt\/wp-content\/uploads\/2024\/05\/Novo-Decreto-Lei-altera-medidas-de-gestao-de-residuos.jpeg","type":"image\/jpeg"}],"author":"Reda\u00e7\u00e3o RP","twitter_card":"summary_large_image","twitter_creator":"@revistapneus","twitter_site":"@revistapneus","twitter_misc":{"Escrito por":"Reda\u00e7\u00e3o RP","Tempo estimado de leitura":"5 minutos"},"schema":{"@context":"https:\/\/schema.org","@graph":[{"@type":"Article","@id":"https:\/\/revistadospneus.com\/pt\/2024\/05\/06\/novo-decreto-lei-altera-medidas-de-gestao-de-residuos\/#article","isPartOf":{"@id":"https:\/\/revistadospneus.com\/pt\/2024\/05\/06\/novo-decreto-lei-altera-medidas-de-gestao-de-residuos\/"},"author":{"name":"Reda\u00e7\u00e3o RP","@id":"https:\/\/revistadospneus.com\/pt\/#\/schema\/person\/9c602809538a614c26e5569d14ed6442"},"headline":"Novo Decreto-Lei altera medidas de gest\u00e3o de res\u00edduos","datePublished":"2024-05-06T07:00:32+00:00","mainEntityOfPage":{"@id":"https:\/\/revistadospneus.com\/pt\/2024\/05\/06\/novo-decreto-lei-altera-medidas-de-gestao-de-residuos\/"},"wordCount":743,"publisher":{"@id":"https:\/\/revistadospneus.com\/pt\/#organization"},"image":{"@id":"https:\/\/revistadospneus.com\/pt\/2024\/05\/06\/novo-decreto-lei-altera-medidas-de-gestao-de-residuos\/#primaryimage"},"thumbnailUrl":"https:\/\/revistadospneus.com\/pt\/wp-content\/uploads\/2024\/05\/Novo-Decreto-Lei-altera-medidas-de-gestao-de-residuos.jpeg","keywords":["altera\u00e7\u00e3o de medidas","aterro","Decreto-Lei","Gest\u00e3o de Res\u00edduos","redu\u00e7\u00e3o de res\u00edduos","Relat\u00f3rio Anual de Res\u00edduos Urbanos","Valorpneu"],"articleSection":["Mercado"],"inLanguage":"pt-PT"},{"@type":"WebPage","@id":"https:\/\/revistadospneus.com\/pt\/2024\/05\/06\/novo-decreto-lei-altera-medidas-de-gestao-de-residuos\/","url":"https:\/\/revistadospneus.com\/pt\/2024\/05\/06\/novo-decreto-lei-altera-medidas-de-gestao-de-residuos\/","name":"Novo Decreto-Lei altera medidas de gest\u00e3o de res\u00edduos - Revista dos Pneus","isPartOf":{"@id":"https:\/\/revistadospneus.com\/pt\/#website"},"primaryImageOfPage":{"@id":"https:\/\/revistadospneus.com\/pt\/2024\/05\/06\/novo-decreto-lei-altera-medidas-de-gestao-de-residuos\/#primaryimage"},"image":{"@id":"https:\/\/revistadospneus.com\/pt\/2024\/05\/06\/novo-decreto-lei-altera-medidas-de-gestao-de-residuos\/#primaryimage"},"thumbnailUrl":"https:\/\/revistadospneus.com\/pt\/wp-content\/uploads\/2024\/05\/Novo-Decreto-Lei-altera-medidas-de-gestao-de-residuos.jpeg","datePublished":"2024-05-06T07:00:32+00:00","description":"O novo Decreto-Lei n.\u00ba 24\/2024, de 26 de mar\u00e7o, procedeu \u00e0 altera\u00e7\u00e3o do Regime Geral da Gest\u00e3o de Res\u00edduos (RGGR) e n\u00e3o s\u00f3","breadcrumb":{"@id":"https:\/\/revistadospneus.com\/pt\/2024\/05\/06\/novo-decreto-lei-altera-medidas-de-gestao-de-residuos\/#breadcrumb"},"inLanguage":"pt-PT","potentialAction":[{"@type":"ReadAction","target":["https:\/\/revistadospneus.com\/pt\/2024\/05\/06\/novo-decreto-lei-altera-medidas-de-gestao-de-residuos\/"]}]},{"@type":"ImageObject","inLanguage":"pt-PT","@id":"https:\/\/revistadospneus.com\/pt\/2024\/05\/06\/novo-decreto-lei-altera-medidas-de-gestao-de-residuos\/#primaryimage","url":"https:\/\/revistadospneus.com\/pt\/wp-content\/uploads\/2024\/05\/Novo-Decreto-Lei-altera-medidas-de-gestao-de-residuos.jpeg","contentUrl":"https:\/\/revistadospneus.com\/pt\/wp-content\/uploads\/2024\/05\/Novo-Decreto-Lei-altera-medidas-de-gestao-de-residuos.jpeg","width":1024,"height":581,"caption":"05 - Novo Decreto Lei altera medidas de gestao de residuos"},{"@type":"BreadcrumbList","@id":"https:\/\/revistadospneus.com\/pt\/2024\/05\/06\/novo-decreto-lei-altera-medidas-de-gestao-de-residuos\/#breadcrumb","itemListElement":[{"@type":"ListItem","position":1,"name":"In\u00edcio","item":"https:\/\/revistadospneus.com\/pt\/"},{"@type":"ListItem","position":2,"name":"Novo Decreto-Lei altera medidas de gest\u00e3o de res\u00edduos"}]},{"@type":"WebSite","@id":"https:\/\/revistadospneus.com\/pt\/#website","url":"https:\/\/revistadospneus.com\/pt\/","name":"Revista dos Pneus","description":"Revista independente de pneus e servi\u00e7os r\u00e1pidos","publisher":{"@id":"https:\/\/revistadospneus.com\/pt\/#organization"},"potentialAction":[{"@type":"SearchAction","target":{"@type":"EntryPoint","urlTemplate":"https:\/\/revistadospneus.com\/pt\/?s={search_term_string}"},"query-input":{"@type":"PropertyValueSpecification","valueRequired":true,"valueName":"search_term_string"}}],"inLanguage":"pt-PT"},{"@type":"Organization","@id":"https:\/\/revistadospneus.com\/pt\/#organization","name":"Revista dos Pneus","url":"https:\/\/revistadospneus.com\/pt\/","logo":{"@type":"ImageObject","inLanguage":"pt-PT","@id":"https:\/\/revistadospneus.com\/pt\/#\/schema\/logo\/image\/","url":"https:\/\/revistadospneus.com\/pt\/wp-content\/uploads\/logo2-1.png","contentUrl":"https:\/\/revistadospneus.com\/pt\/wp-content\/uploads\/logo2-1.png","width":216,"height":70,"caption":"Revista dos Pneus"},"image":{"@id":"https:\/\/revistadospneus.com\/pt\/#\/schema\/logo\/image\/"},"sameAs":["https:\/\/www.facebook.com\/revistapneus","https:\/\/x.com\/revistapneus","https:\/\/www.linkedin.com\/company\/jornal-das-oficinas\/","https:\/\/www.youtube.com\/channel\/UCbQZBqtcvV-oSQrr7RzINGg"]},{"@type":"Person","@id":"https:\/\/revistadospneus.com\/pt\/#\/schema\/person\/9c602809538a614c26e5569d14ed6442","name":"Reda\u00e7\u00e3o RP","image":{"@type":"ImageObject","inLanguage":"pt-PT","@id":"https:\/\/secure.gravatar.com\/avatar\/71f2fa71737ad68a84fea94bc708ddac8ea5b0c4788dc2ad202f3ccb2887742f?s=96&d=wp_user_avatar&r=g","url":"https:\/\/secure.gravatar.com\/avatar\/71f2fa71737ad68a84fea94bc708ddac8ea5b0c4788dc2ad202f3ccb2887742f?s=96&d=wp_user_avatar&r=g","contentUrl":"https:\/\/secure.gravatar.com\/avatar\/71f2fa71737ad68a84fea94bc708ddac8ea5b0c4788dc2ad202f3ccb2887742f?s=96&d=wp_user_avatar&r=g","caption":"Reda\u00e7\u00e3o RP"},"url":"https:\/\/revistadospneus.com\/pt\/author\/rpredacao\/"}]}},"_links":{"self":[{"href":"https:\/\/revistadospneus.com\/pt\/wp-json\/wp\/v2\/posts\/71487","targetHints":{"allow":["GET"]}}],"collection":[{"href":"https:\/\/revistadospneus.com\/pt\/wp-json\/wp\/v2\/posts"}],"about":[{"href":"https:\/\/revistadospneus.com\/pt\/wp-json\/wp\/v2\/types\/post"}],"author":[{"embeddable":true,"href":"https:\/\/revistadospneus.com\/pt\/wp-json\/wp\/v2\/users\/13"}],"replies":[{"embeddable":true,"href":"https:\/\/revistadospneus.com\/pt\/wp-json\/wp\/v2\/comments?post=71487"}],"version-history":[{"count":4,"href":"https:\/\/revistadospneus.com\/pt\/wp-json\/wp\/v2\/posts\/71487\/revisions"}],"predecessor-version":[{"id":71493,"href":"https:\/\/revistadospneus.com\/pt\/wp-json\/wp\/v2\/posts\/71487\/revisions\/71493"}],"wp:featuredmedia":[{"embeddable":true,"href":"https:\/\/revistadospneus.com\/pt\/wp-json\/wp\/v2\/media\/71489"}],"wp:attachment":[{"href":"https:\/\/revistadospneus.com\/pt\/wp-json\/wp\/v2\/media?parent=71487"}],"wp:term":[{"taxonomy":"category","embeddable":true,"href":"https:\/\/revistadospneus.com\/pt\/wp-json\/wp\/v2\/categories?post=71487"},{"taxonomy":"post_tag","embeddable":true,"href":"https:\/\/revistadospneus.com\/pt\/wp-json\/wp\/v2\/tags?post=71487"}],"curies":[{"name":"wp","href":"https:\/\/api.w.org\/{rel}","templated":true}]}}