{"id":71556,"date":"2024-05-09T18:00:09","date_gmt":"2024-05-09T17:00:09","guid":{"rendered":"https:\/\/revistadospneus.com\/pt\/?p=71556"},"modified":"2024-05-15T16:06:25","modified_gmt":"2024-05-15T15:06:25","slug":"vipal-borrachas-reforca-equipa-comercial-na-europa","status":"publish","type":"post","link":"https:\/\/revistadospneus.com\/pt\/2024\/05\/09\/vipal-borrachas-reforca-equipa-comercial-na-europa\/","title":{"rendered":"Vipal Borrachas refor\u00e7a equipa comercial na Europa"},"content":{"rendered":"<p><img loading=\"lazy\" decoding=\"async\" class=\"alignnone size-full wp-image-71557\" src=\"https:\/\/revistadospneus.com\/pt\/wp-content\/uploads\/2024\/05\/Vipal-Borrachas-reforca-equipa-comercial-na-Europa.jpg\" alt=\"05 - Vipal Borrachas reforca equipa comercial na Europa\" width=\"1024\" height=\"581\" srcset=\"https:\/\/revistadospneus.com\/pt\/wp-content\/uploads\/2024\/05\/Vipal-Borrachas-reforca-equipa-comercial-na-Europa.jpg 1024w, https:\/\/revistadospneus.com\/pt\/wp-content\/uploads\/2024\/05\/Vipal-Borrachas-reforca-equipa-comercial-na-Europa-300x170.jpg 300w, https:\/\/revistadospneus.com\/pt\/wp-content\/uploads\/2024\/05\/Vipal-Borrachas-reforca-equipa-comercial-na-Europa-150x85.jpg 150w, https:\/\/revistadospneus.com\/pt\/wp-content\/uploads\/2024\/05\/Vipal-Borrachas-reforca-equipa-comercial-na-Europa-768x436.jpg 768w\" sizes=\"auto, (max-width: 1024px) 100vw, 1024px\" \/><\/p>\n<p><strong>Alfonso Iba\u00f1ez passa a integrar a equipa comercial da <a href=\"https:\/\/vipal.com\/\" target=\"_blank\" rel=\"noopener\">Vipal Borrachas<\/a> para atender aos mercados de \u00c1frica e do Oriente M\u00e9dio<\/strong><\/p>\n<p>Como parte dos esfor\u00e7os para expandir a presen\u00e7a comercial da Vipal em territ\u00f3rio africano e no m\u00e9dio oriente, consolidando a sua posi\u00e7\u00e3o como uma refer\u00eancia no mercado, a empresa anunciou a sua mais recente contrata\u00e7\u00e3o, o espanhol Alfonso Iba\u00f1ez. O profissional \u00e9 fluente em tr\u00eas l\u00ednguas \u2013 espanhol, ingl\u00eas e franc\u00eas \u2013 e ingressa na equipa de colaboradores da subsidi\u00e1ria europeia para atender aos clientes e ao mercado dessas regi\u00f5es que s\u00e3o estrat\u00e9gicas para a expans\u00e3o e consolida\u00e7\u00e3o dos neg\u00f3cios da companhia.<\/p>\n<p>Nos \u00faltimos oito anos, Alfonso Iba\u00f1ez acumulou uma s\u00f3lida experi\u00eancia em marketing internacional na regi\u00e3o do M\u00e9dio Oriente e \u00c1frica (MEA). Durante os primeiros cinco anos, integrou o departamento de exporta\u00e7\u00e3o de uma multinacional do setor qu\u00edmico, com foco em pa\u00edses como Marrocos, Arg\u00e9lia, Tun\u00edsia, Nig\u00e9ria, Egito, Paquist\u00e3o, Ir\u00e3, Costa do Marfim e Gana.<\/p>\n<p>&#8220;Estou entusiasmado com a oportunidade de ingressar na Vipal, uma das maiores fabricantes mundiais de borracha de pneus, com uma hist\u00f3ria consolidada de 50 anos. O foco em inova\u00e7\u00e3o, sustentabilidade e compromisso com solu\u00e7\u00f5es abrangentes atrai-me profundamente. Estou ansioso por contribuir, com minhas habilidades e experi\u00eancia, para o sucesso cont\u00ednuo da companhia, para que siga a sua expans\u00e3o em toda a \u00e1rea MEA e por trabalhar com a equipa que j\u00e1 compartilhou comigo a sua paix\u00e3o pela excel\u00eancia e impacto positivo na ind\u00fastria da borracha a um n\u00edvel global&#8221;, afirmou Alfonso Iba\u00f1ez.<\/p>\n<p>Nos \u00faltimos quatro anos, o espanhol dedicou os seus esfor\u00e7os especialmente ao Magrebe, regi\u00e3o Noroeste da \u00c1frica, onde foi simultaneamente gestor em duas filiais, Marrocos e Arg\u00e9lia. &#8220;Durante esse per\u00edodo, meu principal objetivo foi aprofundar a nossa rede de neg\u00f3cios na regi\u00e3o e o desenvolvimento de uma equipe local, implementando estrat\u00e9gias eficazes de crescimento e sucesso sustentado no mercado do Magrebe&#8221;, contou.<\/p>\n<p>Para Frederico Schmidt, Gerente Geral da Vipal na Europa, a contrata\u00e7\u00e3o de Iba\u00f1ez refor\u00e7a a convic\u00e7\u00e3o da companhia de ampliar e fortalecer a sua presen\u00e7a nos mercados em que atua, consolidando sua posi\u00e7\u00e3o como uma refer\u00eancia no mercado.<\/p>\n<p>&#8220;Damos as boas-vindas ao Alfonso em nossa equipa com grande entusiasmo. Com o seu profissionalismo e riqueza de experi\u00eancia, estamos bem-posicionados para nos destacarmos continuamente no fornecimento de produtos e servi\u00e7os de primeira linha&#8221;, declarou Frederico Schmidt.<\/p>\n<!-- AddThis Advanced Settings generic via filter on the_content --><!-- AddThis Share Buttons generic via filter on the_content -->","protected":false},"excerpt":{"rendered":"<p>Alfonso Iba\u00f1ez passa a integrar a equipa comercial da&#8230;<!-- AddThis Advanced Settings generic via filter on get_the_excerpt --><!-- AddThis Share Buttons generic via filter on get_the_excerpt --><\/p>\n","protected":false},"author":13,"featured_media":71557,"comment_status":"closed","ping_status":"closed","sticky":false,"template":"","format":"standard","meta":{"footnotes":""},"categories":[29],"tags":[3312,2561,3315,3314,3313,1088],"class_list":["post-71556","post","type-post","status-publish","format-standard","has-post-thumbnail","hentry","category-empresas","tag-alfonso-ibanez","tag-equipa-comercial","tag-frederico-schmidt","tag-medio-oriente","tag-mercado-em-africa","tag-vipal-borrachas"],"yoast_head":"<!-- This site is optimized with the Yoast SEO plugin v27.5 - https:\/\/yoast.com\/product\/yoast-seo-wordpress\/ -->\n<title>Vipal Borrachas refor\u00e7a equipa comercial na Europa - Revista dos Pneus<\/title>\n<meta name=\"description\" content=\"Alfonso Iba\u00f1ez passa a integrar a equipa comercial da Vipal Borrachas para atender aos mercados de \u00c1frica e do Oriente M\u00e9dio\" \/>\n<meta name=\"robots\" content=\"index, follow, max-snippet:-1, max-image-preview:large, max-video-preview:-1\" \/>\n<link rel=\"canonical\" href=\"https:\/\/revistadospneus.com\/pt\/2024\/05\/09\/vipal-borrachas-reforca-equipa-comercial-na-europa\/\" \/>\n<meta property=\"og:locale\" content=\"pt_PT\" \/>\n<meta property=\"og:type\" content=\"article\" \/>\n<meta property=\"og:title\" content=\"Vipal Borrachas refor\u00e7a equipa comercial na Europa - Revista dos Pneus\" \/>\n<meta property=\"og:description\" content=\"Alfonso Iba\u00f1ez passa a integrar a equipa comercial da Vipal Borrachas para atender aos mercados de \u00c1frica e do Oriente M\u00e9dio\" \/>\n<meta property=\"og:url\" content=\"https:\/\/revistadospneus.com\/pt\/2024\/05\/09\/vipal-borrachas-reforca-equipa-comercial-na-europa\/\" \/>\n<meta property=\"og:site_name\" content=\"Revista dos Pneus\" \/>\n<meta property=\"article:publisher\" content=\"https:\/\/www.facebook.com\/revistapneus\" \/>\n<meta property=\"article:published_time\" content=\"2024-05-09T17:00:09+00:00\" \/>\n<meta property=\"article:modified_time\" content=\"2024-05-15T15:06:25+00:00\" \/>\n<meta property=\"og:image\" content=\"https:\/\/revistadospneus.com\/pt\/wp-content\/uploads\/2024\/05\/Vipal-Borrachas-reforca-equipa-comercial-na-Europa.jpg\" \/>\n\t<meta property=\"og:image:width\" content=\"1024\" \/>\n\t<meta property=\"og:image:height\" content=\"581\" \/>\n\t<meta property=\"og:image:type\" content=\"image\/jpeg\" \/>\n<meta name=\"author\" content=\"Reda\u00e7\u00e3o RP\" \/>\n<meta name=\"twitter:card\" content=\"summary_large_image\" \/>\n<meta name=\"twitter:creator\" content=\"@revistapneus\" \/>\n<meta name=\"twitter:site\" content=\"@revistapneus\" \/>\n<meta name=\"twitter:label1\" content=\"Escrito por\" \/>\n\t<meta name=\"twitter:data1\" content=\"Reda\u00e7\u00e3o RP\" \/>\n\t<meta name=\"twitter:label2\" content=\"Tempo estimado de leitura\" \/>\n\t<meta name=\"twitter:data2\" content=\"3 minutos\" \/>\n<script type=\"application\/ld+json\" class=\"yoast-schema-graph\">{\"@context\":\"https:\\\/\\\/schema.org\",\"@graph\":[{\"@type\":\"Article\",\"@id\":\"https:\\\/\\\/revistadospneus.com\\\/pt\\\/2024\\\/05\\\/09\\\/vipal-borrachas-reforca-equipa-comercial-na-europa\\\/#article\",\"isPartOf\":{\"@id\":\"https:\\\/\\\/revistadospneus.com\\\/pt\\\/2024\\\/05\\\/09\\\/vipal-borrachas-reforca-equipa-comercial-na-europa\\\/\"},\"author\":{\"name\":\"Reda\u00e7\u00e3o RP\",\"@id\":\"https:\\\/\\\/revistadospneus.com\\\/pt\\\/#\\\/schema\\\/person\\\/9c602809538a614c26e5569d14ed6442\"},\"headline\":\"Vipal Borrachas refor\u00e7a equipa comercial na Europa\",\"datePublished\":\"2024-05-09T17:00:09+00:00\",\"dateModified\":\"2024-05-15T15:06:25+00:00\",\"mainEntityOfPage\":{\"@id\":\"https:\\\/\\\/revistadospneus.com\\\/pt\\\/2024\\\/05\\\/09\\\/vipal-borrachas-reforca-equipa-comercial-na-europa\\\/\"},\"wordCount\":450,\"publisher\":{\"@id\":\"https:\\\/\\\/revistadospneus.com\\\/pt\\\/#organization\"},\"image\":{\"@id\":\"https:\\\/\\\/revistadospneus.com\\\/pt\\\/2024\\\/05\\\/09\\\/vipal-borrachas-reforca-equipa-comercial-na-europa\\\/#primaryimage\"},\"thumbnailUrl\":\"https:\\\/\\\/revistadospneus.com\\\/pt\\\/wp-content\\\/uploads\\\/2024\\\/05\\\/Vipal-Borrachas-reforca-equipa-comercial-na-Europa.jpg\",\"keywords\":[\"Alfonso Iba\u00f1ez\",\"Equipa comercial\",\"Frederico Schmidt\",\"M\u00e9dio Oriente\",\"mercado em \u00c1frica\",\"Vipal Borrachas\"],\"articleSection\":[\"Empresas\"],\"inLanguage\":\"pt-PT\"},{\"@type\":\"WebPage\",\"@id\":\"https:\\\/\\\/revistadospneus.com\\\/pt\\\/2024\\\/05\\\/09\\\/vipal-borrachas-reforca-equipa-comercial-na-europa\\\/\",\"url\":\"https:\\\/\\\/revistadospneus.com\\\/pt\\\/2024\\\/05\\\/09\\\/vipal-borrachas-reforca-equipa-comercial-na-europa\\\/\",\"name\":\"Vipal Borrachas refor\u00e7a equipa comercial na Europa - Revista dos Pneus\",\"isPartOf\":{\"@id\":\"https:\\\/\\\/revistadospneus.com\\\/pt\\\/#website\"},\"primaryImageOfPage\":{\"@id\":\"https:\\\/\\\/revistadospneus.com\\\/pt\\\/2024\\\/05\\\/09\\\/vipal-borrachas-reforca-equipa-comercial-na-europa\\\/#primaryimage\"},\"image\":{\"@id\":\"https:\\\/\\\/revistadospneus.com\\\/pt\\\/2024\\\/05\\\/09\\\/vipal-borrachas-reforca-equipa-comercial-na-europa\\\/#primaryimage\"},\"thumbnailUrl\":\"https:\\\/\\\/revistadospneus.com\\\/pt\\\/wp-content\\\/uploads\\\/2024\\\/05\\\/Vipal-Borrachas-reforca-equipa-comercial-na-Europa.jpg\",\"datePublished\":\"2024-05-09T17:00:09+00:00\",\"dateModified\":\"2024-05-15T15:06:25+00:00\",\"description\":\"Alfonso Iba\u00f1ez passa a integrar a equipa comercial da Vipal Borrachas para atender aos mercados de \u00c1frica e do Oriente M\u00e9dio\",\"breadcrumb\":{\"@id\":\"https:\\\/\\\/revistadospneus.com\\\/pt\\\/2024\\\/05\\\/09\\\/vipal-borrachas-reforca-equipa-comercial-na-europa\\\/#breadcrumb\"},\"inLanguage\":\"pt-PT\",\"potentialAction\":[{\"@type\":\"ReadAction\",\"target\":[\"https:\\\/\\\/revistadospneus.com\\\/pt\\\/2024\\\/05\\\/09\\\/vipal-borrachas-reforca-equipa-comercial-na-europa\\\/\"]}]},{\"@type\":\"ImageObject\",\"inLanguage\":\"pt-PT\",\"@id\":\"https:\\\/\\\/revistadospneus.com\\\/pt\\\/2024\\\/05\\\/09\\\/vipal-borrachas-reforca-equipa-comercial-na-europa\\\/#primaryimage\",\"url\":\"https:\\\/\\\/revistadospneus.com\\\/pt\\\/wp-content\\\/uploads\\\/2024\\\/05\\\/Vipal-Borrachas-reforca-equipa-comercial-na-Europa.jpg\",\"contentUrl\":\"https:\\\/\\\/revistadospneus.com\\\/pt\\\/wp-content\\\/uploads\\\/2024\\\/05\\\/Vipal-Borrachas-reforca-equipa-comercial-na-Europa.jpg\",\"width\":1024,\"height\":581,\"caption\":\"05 - Vipal Borrachas reforca equipa comercial na Europa\"},{\"@type\":\"BreadcrumbList\",\"@id\":\"https:\\\/\\\/revistadospneus.com\\\/pt\\\/2024\\\/05\\\/09\\\/vipal-borrachas-reforca-equipa-comercial-na-europa\\\/#breadcrumb\",\"itemListElement\":[{\"@type\":\"ListItem\",\"position\":1,\"name\":\"In\u00edcio\",\"item\":\"https:\\\/\\\/revistadospneus.com\\\/pt\\\/\"},{\"@type\":\"ListItem\",\"position\":2,\"name\":\"Vipal Borrachas refor\u00e7a equipa comercial na Europa\"}]},{\"@type\":\"WebSite\",\"@id\":\"https:\\\/\\\/revistadospneus.com\\\/pt\\\/#website\",\"url\":\"https:\\\/\\\/revistadospneus.com\\\/pt\\\/\",\"name\":\"Revista dos Pneus\",\"description\":\"Revista independente de pneus e servi\u00e7os r\u00e1pidos\",\"publisher\":{\"@id\":\"https:\\\/\\\/revistadospneus.com\\\/pt\\\/#organization\"},\"potentialAction\":[{\"@type\":\"SearchAction\",\"target\":{\"@type\":\"EntryPoint\",\"urlTemplate\":\"https:\\\/\\\/revistadospneus.com\\\/pt\\\/?s={search_term_string}\"},\"query-input\":{\"@type\":\"PropertyValueSpecification\",\"valueRequired\":true,\"valueName\":\"search_term_string\"}}],\"inLanguage\":\"pt-PT\"},{\"@type\":\"Organization\",\"@id\":\"https:\\\/\\\/revistadospneus.com\\\/pt\\\/#organization\",\"name\":\"Revista dos Pneus\",\"url\":\"https:\\\/\\\/revistadospneus.com\\\/pt\\\/\",\"logo\":{\"@type\":\"ImageObject\",\"inLanguage\":\"pt-PT\",\"@id\":\"https:\\\/\\\/revistadospneus.com\\\/pt\\\/#\\\/schema\\\/logo\\\/image\\\/\",\"url\":\"https:\\\/\\\/revistadospneus.com\\\/pt\\\/wp-content\\\/uploads\\\/logo2-1.png\",\"contentUrl\":\"https:\\\/\\\/revistadospneus.com\\\/pt\\\/wp-content\\\/uploads\\\/logo2-1.png\",\"width\":216,\"height\":70,\"caption\":\"Revista dos Pneus\"},\"image\":{\"@id\":\"https:\\\/\\\/revistadospneus.com\\\/pt\\\/#\\\/schema\\\/logo\\\/image\\\/\"},\"sameAs\":[\"https:\\\/\\\/www.facebook.com\\\/revistapneus\",\"https:\\\/\\\/x.com\\\/revistapneus\",\"https:\\\/\\\/www.linkedin.com\\\/company\\\/jornal-das-oficinas\\\/\",\"https:\\\/\\\/www.youtube.com\\\/channel\\\/UCbQZBqtcvV-oSQrr7RzINGg\"]},{\"@type\":\"Person\",\"@id\":\"https:\\\/\\\/revistadospneus.com\\\/pt\\\/#\\\/schema\\\/person\\\/9c602809538a614c26e5569d14ed6442\",\"name\":\"Reda\u00e7\u00e3o RP\",\"image\":{\"@type\":\"ImageObject\",\"inLanguage\":\"pt-PT\",\"@id\":\"https:\\\/\\\/secure.gravatar.com\\\/avatar\\\/71f2fa71737ad68a84fea94bc708ddac8ea5b0c4788dc2ad202f3ccb2887742f?s=96&d=wp_user_avatar&r=g\",\"url\":\"https:\\\/\\\/secure.gravatar.com\\\/avatar\\\/71f2fa71737ad68a84fea94bc708ddac8ea5b0c4788dc2ad202f3ccb2887742f?s=96&d=wp_user_avatar&r=g\",\"contentUrl\":\"https:\\\/\\\/secure.gravatar.com\\\/avatar\\\/71f2fa71737ad68a84fea94bc708ddac8ea5b0c4788dc2ad202f3ccb2887742f?s=96&d=wp_user_avatar&r=g\",\"caption\":\"Reda\u00e7\u00e3o RP\"},\"url\":\"https:\\\/\\\/revistadospneus.com\\\/pt\\\/author\\\/rpredacao\\\/\"}]}<\/script>\n<!-- \/ Yoast SEO plugin. -->","yoast_head_json":{"title":"Vipal Borrachas refor\u00e7a equipa comercial na Europa - Revista dos Pneus","description":"Alfonso Iba\u00f1ez passa a integrar a equipa comercial da Vipal Borrachas para atender aos mercados de \u00c1frica e do Oriente M\u00e9dio","robots":{"index":"index","follow":"follow","max-snippet":"max-snippet:-1","max-image-preview":"max-image-preview:large","max-video-preview":"max-video-preview:-1"},"canonical":"https:\/\/revistadospneus.com\/pt\/2024\/05\/09\/vipal-borrachas-reforca-equipa-comercial-na-europa\/","og_locale":"pt_PT","og_type":"article","og_title":"Vipal Borrachas refor\u00e7a equipa comercial na Europa - Revista dos Pneus","og_description":"Alfonso Iba\u00f1ez passa a integrar a equipa comercial da Vipal Borrachas para atender aos mercados de \u00c1frica e do Oriente M\u00e9dio","og_url":"https:\/\/revistadospneus.com\/pt\/2024\/05\/09\/vipal-borrachas-reforca-equipa-comercial-na-europa\/","og_site_name":"Revista dos Pneus","article_publisher":"https:\/\/www.facebook.com\/revistapneus","article_published_time":"2024-05-09T17:00:09+00:00","article_modified_time":"2024-05-15T15:06:25+00:00","og_image":[{"width":1024,"height":581,"url":"https:\/\/revistadospneus.com\/pt\/wp-content\/uploads\/2024\/05\/Vipal-Borrachas-reforca-equipa-comercial-na-Europa.jpg","type":"image\/jpeg"}],"author":"Reda\u00e7\u00e3o RP","twitter_card":"summary_large_image","twitter_creator":"@revistapneus","twitter_site":"@revistapneus","twitter_misc":{"Escrito por":"Reda\u00e7\u00e3o RP","Tempo estimado de leitura":"3 minutos"},"schema":{"@context":"https:\/\/schema.org","@graph":[{"@type":"Article","@id":"https:\/\/revistadospneus.com\/pt\/2024\/05\/09\/vipal-borrachas-reforca-equipa-comercial-na-europa\/#article","isPartOf":{"@id":"https:\/\/revistadospneus.com\/pt\/2024\/05\/09\/vipal-borrachas-reforca-equipa-comercial-na-europa\/"},"author":{"name":"Reda\u00e7\u00e3o RP","@id":"https:\/\/revistadospneus.com\/pt\/#\/schema\/person\/9c602809538a614c26e5569d14ed6442"},"headline":"Vipal Borrachas refor\u00e7a equipa comercial na Europa","datePublished":"2024-05-09T17:00:09+00:00","dateModified":"2024-05-15T15:06:25+00:00","mainEntityOfPage":{"@id":"https:\/\/revistadospneus.com\/pt\/2024\/05\/09\/vipal-borrachas-reforca-equipa-comercial-na-europa\/"},"wordCount":450,"publisher":{"@id":"https:\/\/revistadospneus.com\/pt\/#organization"},"image":{"@id":"https:\/\/revistadospneus.com\/pt\/2024\/05\/09\/vipal-borrachas-reforca-equipa-comercial-na-europa\/#primaryimage"},"thumbnailUrl":"https:\/\/revistadospneus.com\/pt\/wp-content\/uploads\/2024\/05\/Vipal-Borrachas-reforca-equipa-comercial-na-Europa.jpg","keywords":["Alfonso Iba\u00f1ez","Equipa comercial","Frederico Schmidt","M\u00e9dio Oriente","mercado em \u00c1frica","Vipal Borrachas"],"articleSection":["Empresas"],"inLanguage":"pt-PT"},{"@type":"WebPage","@id":"https:\/\/revistadospneus.com\/pt\/2024\/05\/09\/vipal-borrachas-reforca-equipa-comercial-na-europa\/","url":"https:\/\/revistadospneus.com\/pt\/2024\/05\/09\/vipal-borrachas-reforca-equipa-comercial-na-europa\/","name":"Vipal Borrachas refor\u00e7a equipa comercial na Europa - Revista dos Pneus","isPartOf":{"@id":"https:\/\/revistadospneus.com\/pt\/#website"},"primaryImageOfPage":{"@id":"https:\/\/revistadospneus.com\/pt\/2024\/05\/09\/vipal-borrachas-reforca-equipa-comercial-na-europa\/#primaryimage"},"image":{"@id":"https:\/\/revistadospneus.com\/pt\/2024\/05\/09\/vipal-borrachas-reforca-equipa-comercial-na-europa\/#primaryimage"},"thumbnailUrl":"https:\/\/revistadospneus.com\/pt\/wp-content\/uploads\/2024\/05\/Vipal-Borrachas-reforca-equipa-comercial-na-Europa.jpg","datePublished":"2024-05-09T17:00:09+00:00","dateModified":"2024-05-15T15:06:25+00:00","description":"Alfonso Iba\u00f1ez passa a integrar a equipa comercial da Vipal Borrachas para atender aos mercados de \u00c1frica e do Oriente M\u00e9dio","breadcrumb":{"@id":"https:\/\/revistadospneus.com\/pt\/2024\/05\/09\/vipal-borrachas-reforca-equipa-comercial-na-europa\/#breadcrumb"},"inLanguage":"pt-PT","potentialAction":[{"@type":"ReadAction","target":["https:\/\/revistadospneus.com\/pt\/2024\/05\/09\/vipal-borrachas-reforca-equipa-comercial-na-europa\/"]}]},{"@type":"ImageObject","inLanguage":"pt-PT","@id":"https:\/\/revistadospneus.com\/pt\/2024\/05\/09\/vipal-borrachas-reforca-equipa-comercial-na-europa\/#primaryimage","url":"https:\/\/revistadospneus.com\/pt\/wp-content\/uploads\/2024\/05\/Vipal-Borrachas-reforca-equipa-comercial-na-Europa.jpg","contentUrl":"https:\/\/revistadospneus.com\/pt\/wp-content\/uploads\/2024\/05\/Vipal-Borrachas-reforca-equipa-comercial-na-Europa.jpg","width":1024,"height":581,"caption":"05 - Vipal Borrachas reforca equipa comercial na Europa"},{"@type":"BreadcrumbList","@id":"https:\/\/revistadospneus.com\/pt\/2024\/05\/09\/vipal-borrachas-reforca-equipa-comercial-na-europa\/#breadcrumb","itemListElement":[{"@type":"ListItem","position":1,"name":"In\u00edcio","item":"https:\/\/revistadospneus.com\/pt\/"},{"@type":"ListItem","position":2,"name":"Vipal Borrachas refor\u00e7a equipa comercial na Europa"}]},{"@type":"WebSite","@id":"https:\/\/revistadospneus.com\/pt\/#website","url":"https:\/\/revistadospneus.com\/pt\/","name":"Revista dos Pneus","description":"Revista independente de pneus e servi\u00e7os r\u00e1pidos","publisher":{"@id":"https:\/\/revistadospneus.com\/pt\/#organization"},"potentialAction":[{"@type":"SearchAction","target":{"@type":"EntryPoint","urlTemplate":"https:\/\/revistadospneus.com\/pt\/?s={search_term_string}"},"query-input":{"@type":"PropertyValueSpecification","valueRequired":true,"valueName":"search_term_string"}}],"inLanguage":"pt-PT"},{"@type":"Organization","@id":"https:\/\/revistadospneus.com\/pt\/#organization","name":"Revista dos Pneus","url":"https:\/\/revistadospneus.com\/pt\/","logo":{"@type":"ImageObject","inLanguage":"pt-PT","@id":"https:\/\/revistadospneus.com\/pt\/#\/schema\/logo\/image\/","url":"https:\/\/revistadospneus.com\/pt\/wp-content\/uploads\/logo2-1.png","contentUrl":"https:\/\/revistadospneus.com\/pt\/wp-content\/uploads\/logo2-1.png","width":216,"height":70,"caption":"Revista dos Pneus"},"image":{"@id":"https:\/\/revistadospneus.com\/pt\/#\/schema\/logo\/image\/"},"sameAs":["https:\/\/www.facebook.com\/revistapneus","https:\/\/x.com\/revistapneus","https:\/\/www.linkedin.com\/company\/jornal-das-oficinas\/","https:\/\/www.youtube.com\/channel\/UCbQZBqtcvV-oSQrr7RzINGg"]},{"@type":"Person","@id":"https:\/\/revistadospneus.com\/pt\/#\/schema\/person\/9c602809538a614c26e5569d14ed6442","name":"Reda\u00e7\u00e3o RP","image":{"@type":"ImageObject","inLanguage":"pt-PT","@id":"https:\/\/secure.gravatar.com\/avatar\/71f2fa71737ad68a84fea94bc708ddac8ea5b0c4788dc2ad202f3ccb2887742f?s=96&d=wp_user_avatar&r=g","url":"https:\/\/secure.gravatar.com\/avatar\/71f2fa71737ad68a84fea94bc708ddac8ea5b0c4788dc2ad202f3ccb2887742f?s=96&d=wp_user_avatar&r=g","contentUrl":"https:\/\/secure.gravatar.com\/avatar\/71f2fa71737ad68a84fea94bc708ddac8ea5b0c4788dc2ad202f3ccb2887742f?s=96&d=wp_user_avatar&r=g","caption":"Reda\u00e7\u00e3o RP"},"url":"https:\/\/revistadospneus.com\/pt\/author\/rpredacao\/"}]}},"_links":{"self":[{"href":"https:\/\/revistadospneus.com\/pt\/wp-json\/wp\/v2\/posts\/71556","targetHints":{"allow":["GET"]}}],"collection":[{"href":"https:\/\/revistadospneus.com\/pt\/wp-json\/wp\/v2\/posts"}],"about":[{"href":"https:\/\/revistadospneus.com\/pt\/wp-json\/wp\/v2\/types\/post"}],"author":[{"embeddable":true,"href":"https:\/\/revistadospneus.com\/pt\/wp-json\/wp\/v2\/users\/13"}],"replies":[{"embeddable":true,"href":"https:\/\/revistadospneus.com\/pt\/wp-json\/wp\/v2\/comments?post=71556"}],"version-history":[{"count":1,"href":"https:\/\/revistadospneus.com\/pt\/wp-json\/wp\/v2\/posts\/71556\/revisions"}],"predecessor-version":[{"id":71558,"href":"https:\/\/revistadospneus.com\/pt\/wp-json\/wp\/v2\/posts\/71556\/revisions\/71558"}],"wp:featuredmedia":[{"embeddable":true,"href":"https:\/\/revistadospneus.com\/pt\/wp-json\/wp\/v2\/media\/71557"}],"wp:attachment":[{"href":"https:\/\/revistadospneus.com\/pt\/wp-json\/wp\/v2\/media?parent=71556"}],"wp:term":[{"taxonomy":"category","embeddable":true,"href":"https:\/\/revistadospneus.com\/pt\/wp-json\/wp\/v2\/categories?post=71556"},{"taxonomy":"post_tag","embeddable":true,"href":"https:\/\/revistadospneus.com\/pt\/wp-json\/wp\/v2\/tags?post=71556"}],"curies":[{"name":"wp","href":"https:\/\/api.w.org\/{rel}","templated":true}]}}