{"id":71887,"date":"2024-06-04T18:00:11","date_gmt":"2024-06-04T17:00:11","guid":{"rendered":"https:\/\/revistadospneus.com\/pt\/?p=71887"},"modified":"2024-06-04T12:17:58","modified_gmt":"2024-06-04T11:17:58","slug":"vipal-volta-a-marcar-presenca-na-the-tire-cologne","status":"publish","type":"post","link":"https:\/\/revistadospneus.com\/pt\/2024\/06\/04\/vipal-volta-a-marcar-presenca-na-the-tire-cologne\/","title":{"rendered":"Vipal volta a marcar presen\u00e7a na The Tire Cologne"},"content":{"rendered":"<p><strong><img loading=\"lazy\" decoding=\"async\" class=\"alignnone size-full wp-image-71889\" src=\"https:\/\/revistadospneus.com\/pt\/wp-content\/uploads\/2024\/05\/Vipal-volta-a-marcar-presenca-na-The-Tire-Cologne.png\" alt=\"05 - Vipal volta a marcar presenca na The Tire Cologne\" width=\"1024\" height=\"581\" srcset=\"https:\/\/revistadospneus.com\/pt\/wp-content\/uploads\/2024\/05\/Vipal-volta-a-marcar-presenca-na-The-Tire-Cologne.png 1024w, https:\/\/revistadospneus.com\/pt\/wp-content\/uploads\/2024\/05\/Vipal-volta-a-marcar-presenca-na-The-Tire-Cologne-300x170.png 300w, https:\/\/revistadospneus.com\/pt\/wp-content\/uploads\/2024\/05\/Vipal-volta-a-marcar-presenca-na-The-Tire-Cologne-150x85.png 150w, https:\/\/revistadospneus.com\/pt\/wp-content\/uploads\/2024\/05\/Vipal-volta-a-marcar-presenca-na-The-Tire-Cologne-768x436.png 768w\" sizes=\"auto, (max-width: 1024px) 100vw, 1024px\" \/><\/strong><\/p>\n<p><strong>A<a href=\"https:\/\/vipal.com\/\">\u00a0Vipal<\/a>\u00a0participa\u00a0mais uma vez\u00a0na\u00a0<a href=\"https:\/\/www.thetire-cologne.com\/\">The\u00a0Tire\u00a0Cologne<\/a>, feira internacional l\u00edder mundial para a ind\u00fastria de pneus, que acontece\u00a0de 4 a 6 de junho\u00a0na cidade de Col\u00f3nia, na Alemanha<\/strong><\/p>\n<p>Leandro Rigon, Diretor de Neg\u00f3cios Internacionais da Vipal, afirmou que \u201ca presen\u00e7a da Vipal na The Tire Cologne \u00e9 fundamental para demonstrar o compromisso cont\u00ednuo da companhia com a sustentabilidade e a inova\u00e7\u00e3o, al\u00e9m de fortalecer os nossos la\u00e7os com clientes e parceiros, queremos apresentar solu\u00e7\u00f5es que contribuam para a economia circular e para um futuro mais sustent\u00e1vel\u201d. Gilson Dugno, Gerente Comercial de Neg\u00f3cios Internacionais da Vipal, complementou: \u201cEstamos orgulhosos em participar mais uma vez no evento, apresentando os nossos produtos e servi\u00e7os que n\u00e3o s\u00f3 atendem as necessidades do mercado, mas tamb\u00e9m contribuem significativamente para a preserva\u00e7\u00e3o ambiental\u201d.<\/p>\n<p>A\u00a0\u00faltima edi\u00e7\u00e3o\u00a0do evento, em 2022, recebeu mais de 300 expositores e 11.438 visitantes.\u00a0Este\u00a0ano, a\u00a0Vipal\u00a0participa com um stand localizado na parte tem\u00e1tica da\u00a0The\u00a0Tire\u00a0Cologne\u00a0voltada\u00a0\u00e0 economia circular\u00a0(sal\u00e3o\u00a07,\u00a0stand C045-C047), apresentando a sua linha de\u00a0pisos\u00a0pr\u00e9-curados, com destaque para\u00a0DV-RT5, VM310 e VT540, al\u00e9m de uma ampla sele\u00e7\u00e3o de produtos da linha de reparos.<\/p>\n<p><strong>Carater\u00edsticas Linha Pisos Pr\u00e9-Curados<\/strong><\/p>\n<p>Desenho exclusivo\u00a0Vipal,\u00a0o piso\u00a0de rodagem\u00a0DV-RT5\u00a0foi\u00a0desenvolvido\u00a0com alta tecnologia para o segmento rodovi\u00e1rio, com composto mais resistente, compat\u00edvel com aplica\u00e7\u00f5es extremas de uso, e desempenho quilom\u00e9trico superior comprovado em testes. Os seus blocos transversais proporcionam excelente poder de tra\u00e7\u00e3o e favorecem a distribui\u00e7\u00e3o do torque. A DV-RT5 conta com amarra\u00e7\u00f5es especiais entre os blocos para gerar maior equil\u00edbrio e estabilidade, raia central fechada que resulta em maior \u00e1rea de contato com o solo e maior prote\u00e7\u00e3o \u00e0 carca\u00e7a, al\u00e9m de selo M+S, que garante bom desempenho em lama e neve.<\/p>\n<p>Indicada para utiliza\u00e7\u00e3o em eixos livres e de tra\u00e7\u00e3o para uso em \u00e1reas urbanas, a VM310 possui desenho que oferece melhor poder de tra\u00e7\u00e3o enquanto os blocos favorecem a distribui\u00e7\u00e3o do torque, maximizando o seu desempenho.<\/p>\n<p>Enquanto as aletas proporcionam melhor ader\u00eancia ao solo em condi\u00e7\u00f5es de neve e reduzem o desgaste irregular, a escultura dos sulcos foi concebida para minimizar a reten\u00e7\u00e3o de pedras e objetos e proporcionar uma melhor evas\u00e3o de \u00e1gua. Com maior equil\u00edbrio e estabilidade devido \u00e0s suas amarra\u00e7\u00f5es entre os blocos, a VM310 oferece um bom desempenho quilom\u00e9trico e excelente resist\u00eancia ao desgaste por abras\u00e3o.<\/p>\n<p>Com excelente poder de tra\u00e7\u00e3o em condi\u00e7\u00f5es severas de uso, a\u00a0VT540\u00a0\u00e9 indicada para uso em estradas pavimentadas e n\u00e3o pavimentadas. O seu desenho caracter\u00edstico permite a autolimpeza do piso\u00a0(lama, areia\u00a0e\u00a0pedras) e, assim como a VM310, conta com\u00a0a\u00a0exclusiva tecnologia\u00a0Eye\u00a0Control, que facilita o controle do n\u00edvel de desgaste e\u00a0sinaliza o momento adequado para a\u00a0sua substitui\u00e7\u00e3o, preservando a integridade da carca\u00e7a e o gerenciamento dos pneus em frotas.<\/p>\n<p>Al\u00e9m dos\u00a0pisos\u00a0de rodagem\u00a0mencionados, a\u00a0companhia\u00a0tamb\u00e9m levar\u00e1 para a\u00a0The\u00a0Tire\u00a0Cologne\u00a0alguns produtos da linha\u00a0de reparos,\u00a0incluindo a sua\u00a0linha de remendos. \u201cA nossa participa\u00e7\u00e3o na feira ter\u00e1 como objetivo principal\u00a0refor\u00e7ar\u00a0a\u00a0nossa presen\u00e7a em\u00a0territ\u00f3rio\u00a0europeu, com atendimento e stock local, consolidando a\u00a0Vipal\u00a0como uma refer\u00eancia em excel\u00eancia no mercado\u201d, destacou Frederico Schmidt, Gerente Geral da subsidi\u00e1ria europeia.<\/p>\n<p>Com atua\u00e7\u00e3o na Europa desde 2006, a\u00a0Vipal\u00a0Borrachas conta com um escrit\u00f3rio localizado em Espanha e centros de distribui\u00e7\u00e3o em Inglaterra, Espanha e Eslov\u00eania, respons\u00e1veis por atender tamb\u00e9m os pa\u00edses\u00a0da \u00c1frica e do Oriente M\u00e9dio. Com uma equipa experiente e apta a atender os clientes de forma \u00e1gil e personalizada, a subsidi\u00e1ria oferece solu\u00e7\u00f5es para o mercado de\u00a0renovado\u00a0de pneus, trazendo qualidade, inova\u00e7\u00e3o e sustentabilidade ao servi\u00e7o ofertado.<\/p>\n<p>Com quase duas d\u00e9cadas, a\u00a0Vipal\u00a0consolidou a sua posi\u00e7\u00e3o entre as cinco maiores\u00a0companhias do segmento na regi\u00e3o, destacando-se pela excel\u00eancia em produtos e servi\u00e7os t\u00e9cnicos.<\/p>\n<p>&nbsp;<\/p>\n<p>&nbsp;<\/p>\n<p>&nbsp;<\/p>\n<p>&nbsp;<\/p>\n<!-- AddThis Advanced Settings generic via filter on the_content --><!-- AddThis Share Buttons generic via filter on the_content -->","protected":false},"excerpt":{"rendered":"<p>A\u00a0Vipal\u00a0participa\u00a0mais uma vez\u00a0na\u00a0The\u00a0Tire\u00a0Cologne, feira internacional l\u00edder mundial para a&#8230;<!-- AddThis Advanced Settings generic via filter on get_the_excerpt --><!-- AddThis Share Buttons generic via filter on get_the_excerpt --><\/p>\n","protected":false},"author":13,"featured_media":71889,"comment_status":"closed","ping_status":"closed","sticky":false,"template":"","format":"standard","meta":{"footnotes":""},"categories":[29],"tags":[3434,3355,3432,3433,950,1051,3435,3436],"class_list":["post-71887","post","type-post","status-publish","format-standard","has-post-thumbnail","hentry","category-empresas","tag-dv-rt5","tag-gilson-dugno","tag-industria-de-pneus","tag-leandro-rigon","tag-the-tire-cologne","tag-vipal","tag-vm310","tag-vt540"],"yoast_head":"<!-- This site is optimized with the Yoast SEO plugin v27.5 - https:\/\/yoast.com\/product\/yoast-seo-wordpress\/ -->\n<title>Vipal volta a marcar presen\u00e7a na The Tire Cologne - Revista dos Pneus<\/title>\n<meta name=\"description\" content=\"A\u00a0Vipal\u00a0participa\u00a0mais uma vez\u00a0na\u00a0The\u00a0Tire\u00a0Cologne, feira internacional l\u00edder mundial para a ind\u00fastria de pneus, que acontece\u00a0na Col\u00f3nia\" \/>\n<meta name=\"robots\" content=\"index, follow, max-snippet:-1, max-image-preview:large, max-video-preview:-1\" \/>\n<link rel=\"canonical\" href=\"https:\/\/revistadospneus.com\/pt\/2024\/06\/04\/vipal-volta-a-marcar-presenca-na-the-tire-cologne\/\" \/>\n<meta property=\"og:locale\" content=\"pt_PT\" \/>\n<meta property=\"og:type\" content=\"article\" \/>\n<meta property=\"og:title\" content=\"Vipal volta a marcar presen\u00e7a na The Tire Cologne - Revista dos Pneus\" \/>\n<meta property=\"og:description\" content=\"A\u00a0Vipal\u00a0participa\u00a0mais uma vez\u00a0na\u00a0The\u00a0Tire\u00a0Cologne, feira internacional l\u00edder mundial para a ind\u00fastria de pneus, que acontece\u00a0na Col\u00f3nia\" \/>\n<meta property=\"og:url\" content=\"https:\/\/revistadospneus.com\/pt\/2024\/06\/04\/vipal-volta-a-marcar-presenca-na-the-tire-cologne\/\" \/>\n<meta property=\"og:site_name\" content=\"Revista dos Pneus\" \/>\n<meta property=\"article:publisher\" content=\"https:\/\/www.facebook.com\/revistapneus\" \/>\n<meta property=\"article:published_time\" content=\"2024-06-04T17:00:11+00:00\" \/>\n<meta property=\"og:image\" content=\"https:\/\/revistadospneus.com\/pt\/wp-content\/uploads\/2024\/05\/Vipal-volta-a-marcar-presenca-na-The-Tire-Cologne.png\" \/>\n\t<meta property=\"og:image:width\" content=\"1024\" \/>\n\t<meta property=\"og:image:height\" content=\"581\" \/>\n\t<meta property=\"og:image:type\" content=\"image\/png\" \/>\n<meta name=\"author\" content=\"Reda\u00e7\u00e3o RP\" \/>\n<meta name=\"twitter:card\" content=\"summary_large_image\" \/>\n<meta name=\"twitter:creator\" content=\"@revistapneus\" \/>\n<meta name=\"twitter:site\" content=\"@revistapneus\" \/>\n<meta name=\"twitter:label1\" content=\"Escrito por\" \/>\n\t<meta name=\"twitter:data1\" content=\"Reda\u00e7\u00e3o RP\" \/>\n\t<meta name=\"twitter:label2\" content=\"Tempo estimado de leitura\" \/>\n\t<meta name=\"twitter:data2\" content=\"4 minutos\" \/>\n<script type=\"application\/ld+json\" class=\"yoast-schema-graph\">{\"@context\":\"https:\\\/\\\/schema.org\",\"@graph\":[{\"@type\":\"Article\",\"@id\":\"https:\\\/\\\/revistadospneus.com\\\/pt\\\/2024\\\/06\\\/04\\\/vipal-volta-a-marcar-presenca-na-the-tire-cologne\\\/#article\",\"isPartOf\":{\"@id\":\"https:\\\/\\\/revistadospneus.com\\\/pt\\\/2024\\\/06\\\/04\\\/vipal-volta-a-marcar-presenca-na-the-tire-cologne\\\/\"},\"author\":{\"name\":\"Reda\u00e7\u00e3o RP\",\"@id\":\"https:\\\/\\\/revistadospneus.com\\\/pt\\\/#\\\/schema\\\/person\\\/9c602809538a614c26e5569d14ed6442\"},\"headline\":\"Vipal volta a marcar presen\u00e7a na The Tire Cologne\",\"datePublished\":\"2024-06-04T17:00:11+00:00\",\"mainEntityOfPage\":{\"@id\":\"https:\\\/\\\/revistadospneus.com\\\/pt\\\/2024\\\/06\\\/04\\\/vipal-volta-a-marcar-presenca-na-the-tire-cologne\\\/\"},\"wordCount\":721,\"publisher\":{\"@id\":\"https:\\\/\\\/revistadospneus.com\\\/pt\\\/#organization\"},\"image\":{\"@id\":\"https:\\\/\\\/revistadospneus.com\\\/pt\\\/2024\\\/06\\\/04\\\/vipal-volta-a-marcar-presenca-na-the-tire-cologne\\\/#primaryimage\"},\"thumbnailUrl\":\"https:\\\/\\\/revistadospneus.com\\\/pt\\\/wp-content\\\/uploads\\\/2024\\\/05\\\/Vipal-volta-a-marcar-presenca-na-The-Tire-Cologne.png\",\"keywords\":[\"DV-RT5\",\"Gilson Dugno\",\"ind\u00fastria de pneus\",\"Leandro Rigon\",\"The Tire Cologne\",\"Vipal\",\"VM310\",\"VT540\"],\"articleSection\":[\"Empresas\"],\"inLanguage\":\"pt-PT\"},{\"@type\":\"WebPage\",\"@id\":\"https:\\\/\\\/revistadospneus.com\\\/pt\\\/2024\\\/06\\\/04\\\/vipal-volta-a-marcar-presenca-na-the-tire-cologne\\\/\",\"url\":\"https:\\\/\\\/revistadospneus.com\\\/pt\\\/2024\\\/06\\\/04\\\/vipal-volta-a-marcar-presenca-na-the-tire-cologne\\\/\",\"name\":\"Vipal volta a marcar presen\u00e7a na The Tire Cologne - Revista dos Pneus\",\"isPartOf\":{\"@id\":\"https:\\\/\\\/revistadospneus.com\\\/pt\\\/#website\"},\"primaryImageOfPage\":{\"@id\":\"https:\\\/\\\/revistadospneus.com\\\/pt\\\/2024\\\/06\\\/04\\\/vipal-volta-a-marcar-presenca-na-the-tire-cologne\\\/#primaryimage\"},\"image\":{\"@id\":\"https:\\\/\\\/revistadospneus.com\\\/pt\\\/2024\\\/06\\\/04\\\/vipal-volta-a-marcar-presenca-na-the-tire-cologne\\\/#primaryimage\"},\"thumbnailUrl\":\"https:\\\/\\\/revistadospneus.com\\\/pt\\\/wp-content\\\/uploads\\\/2024\\\/05\\\/Vipal-volta-a-marcar-presenca-na-The-Tire-Cologne.png\",\"datePublished\":\"2024-06-04T17:00:11+00:00\",\"description\":\"A\u00a0Vipal\u00a0participa\u00a0mais uma vez\u00a0na\u00a0The\u00a0Tire\u00a0Cologne, feira internacional l\u00edder mundial para a ind\u00fastria de pneus, que acontece\u00a0na Col\u00f3nia\",\"breadcrumb\":{\"@id\":\"https:\\\/\\\/revistadospneus.com\\\/pt\\\/2024\\\/06\\\/04\\\/vipal-volta-a-marcar-presenca-na-the-tire-cologne\\\/#breadcrumb\"},\"inLanguage\":\"pt-PT\",\"potentialAction\":[{\"@type\":\"ReadAction\",\"target\":[\"https:\\\/\\\/revistadospneus.com\\\/pt\\\/2024\\\/06\\\/04\\\/vipal-volta-a-marcar-presenca-na-the-tire-cologne\\\/\"]}]},{\"@type\":\"ImageObject\",\"inLanguage\":\"pt-PT\",\"@id\":\"https:\\\/\\\/revistadospneus.com\\\/pt\\\/2024\\\/06\\\/04\\\/vipal-volta-a-marcar-presenca-na-the-tire-cologne\\\/#primaryimage\",\"url\":\"https:\\\/\\\/revistadospneus.com\\\/pt\\\/wp-content\\\/uploads\\\/2024\\\/05\\\/Vipal-volta-a-marcar-presenca-na-The-Tire-Cologne.png\",\"contentUrl\":\"https:\\\/\\\/revistadospneus.com\\\/pt\\\/wp-content\\\/uploads\\\/2024\\\/05\\\/Vipal-volta-a-marcar-presenca-na-The-Tire-Cologne.png\",\"width\":1024,\"height\":581,\"caption\":\"05 - Vipal volta a marcar presenca na The Tire Cologne\"},{\"@type\":\"BreadcrumbList\",\"@id\":\"https:\\\/\\\/revistadospneus.com\\\/pt\\\/2024\\\/06\\\/04\\\/vipal-volta-a-marcar-presenca-na-the-tire-cologne\\\/#breadcrumb\",\"itemListElement\":[{\"@type\":\"ListItem\",\"position\":1,\"name\":\"In\u00edcio\",\"item\":\"https:\\\/\\\/revistadospneus.com\\\/pt\\\/\"},{\"@type\":\"ListItem\",\"position\":2,\"name\":\"Vipal volta a marcar presen\u00e7a na The Tire Cologne\"}]},{\"@type\":\"WebSite\",\"@id\":\"https:\\\/\\\/revistadospneus.com\\\/pt\\\/#website\",\"url\":\"https:\\\/\\\/revistadospneus.com\\\/pt\\\/\",\"name\":\"Revista dos Pneus\",\"description\":\"Revista independente de pneus e servi\u00e7os r\u00e1pidos\",\"publisher\":{\"@id\":\"https:\\\/\\\/revistadospneus.com\\\/pt\\\/#organization\"},\"potentialAction\":[{\"@type\":\"SearchAction\",\"target\":{\"@type\":\"EntryPoint\",\"urlTemplate\":\"https:\\\/\\\/revistadospneus.com\\\/pt\\\/?s={search_term_string}\"},\"query-input\":{\"@type\":\"PropertyValueSpecification\",\"valueRequired\":true,\"valueName\":\"search_term_string\"}}],\"inLanguage\":\"pt-PT\"},{\"@type\":\"Organization\",\"@id\":\"https:\\\/\\\/revistadospneus.com\\\/pt\\\/#organization\",\"name\":\"Revista dos Pneus\",\"url\":\"https:\\\/\\\/revistadospneus.com\\\/pt\\\/\",\"logo\":{\"@type\":\"ImageObject\",\"inLanguage\":\"pt-PT\",\"@id\":\"https:\\\/\\\/revistadospneus.com\\\/pt\\\/#\\\/schema\\\/logo\\\/image\\\/\",\"url\":\"https:\\\/\\\/revistadospneus.com\\\/pt\\\/wp-content\\\/uploads\\\/logo2-1.png\",\"contentUrl\":\"https:\\\/\\\/revistadospneus.com\\\/pt\\\/wp-content\\\/uploads\\\/logo2-1.png\",\"width\":216,\"height\":70,\"caption\":\"Revista dos Pneus\"},\"image\":{\"@id\":\"https:\\\/\\\/revistadospneus.com\\\/pt\\\/#\\\/schema\\\/logo\\\/image\\\/\"},\"sameAs\":[\"https:\\\/\\\/www.facebook.com\\\/revistapneus\",\"https:\\\/\\\/x.com\\\/revistapneus\",\"https:\\\/\\\/www.linkedin.com\\\/company\\\/jornal-das-oficinas\\\/\",\"https:\\\/\\\/www.youtube.com\\\/channel\\\/UCbQZBqtcvV-oSQrr7RzINGg\"]},{\"@type\":\"Person\",\"@id\":\"https:\\\/\\\/revistadospneus.com\\\/pt\\\/#\\\/schema\\\/person\\\/9c602809538a614c26e5569d14ed6442\",\"name\":\"Reda\u00e7\u00e3o RP\",\"image\":{\"@type\":\"ImageObject\",\"inLanguage\":\"pt-PT\",\"@id\":\"https:\\\/\\\/secure.gravatar.com\\\/avatar\\\/71f2fa71737ad68a84fea94bc708ddac8ea5b0c4788dc2ad202f3ccb2887742f?s=96&d=wp_user_avatar&r=g\",\"url\":\"https:\\\/\\\/secure.gravatar.com\\\/avatar\\\/71f2fa71737ad68a84fea94bc708ddac8ea5b0c4788dc2ad202f3ccb2887742f?s=96&d=wp_user_avatar&r=g\",\"contentUrl\":\"https:\\\/\\\/secure.gravatar.com\\\/avatar\\\/71f2fa71737ad68a84fea94bc708ddac8ea5b0c4788dc2ad202f3ccb2887742f?s=96&d=wp_user_avatar&r=g\",\"caption\":\"Reda\u00e7\u00e3o RP\"},\"url\":\"https:\\\/\\\/revistadospneus.com\\\/pt\\\/author\\\/rpredacao\\\/\"}]}<\/script>\n<!-- \/ Yoast SEO plugin. -->","yoast_head_json":{"title":"Vipal volta a marcar presen\u00e7a na The Tire Cologne - Revista dos Pneus","description":"A\u00a0Vipal\u00a0participa\u00a0mais uma vez\u00a0na\u00a0The\u00a0Tire\u00a0Cologne, feira internacional l\u00edder mundial para a ind\u00fastria de pneus, que acontece\u00a0na Col\u00f3nia","robots":{"index":"index","follow":"follow","max-snippet":"max-snippet:-1","max-image-preview":"max-image-preview:large","max-video-preview":"max-video-preview:-1"},"canonical":"https:\/\/revistadospneus.com\/pt\/2024\/06\/04\/vipal-volta-a-marcar-presenca-na-the-tire-cologne\/","og_locale":"pt_PT","og_type":"article","og_title":"Vipal volta a marcar presen\u00e7a na The Tire Cologne - Revista dos Pneus","og_description":"A\u00a0Vipal\u00a0participa\u00a0mais uma vez\u00a0na\u00a0The\u00a0Tire\u00a0Cologne, feira internacional l\u00edder mundial para a ind\u00fastria de pneus, que acontece\u00a0na Col\u00f3nia","og_url":"https:\/\/revistadospneus.com\/pt\/2024\/06\/04\/vipal-volta-a-marcar-presenca-na-the-tire-cologne\/","og_site_name":"Revista dos Pneus","article_publisher":"https:\/\/www.facebook.com\/revistapneus","article_published_time":"2024-06-04T17:00:11+00:00","og_image":[{"width":1024,"height":581,"url":"https:\/\/revistadospneus.com\/pt\/wp-content\/uploads\/2024\/05\/Vipal-volta-a-marcar-presenca-na-The-Tire-Cologne.png","type":"image\/png"}],"author":"Reda\u00e7\u00e3o RP","twitter_card":"summary_large_image","twitter_creator":"@revistapneus","twitter_site":"@revistapneus","twitter_misc":{"Escrito por":"Reda\u00e7\u00e3o RP","Tempo estimado de leitura":"4 minutos"},"schema":{"@context":"https:\/\/schema.org","@graph":[{"@type":"Article","@id":"https:\/\/revistadospneus.com\/pt\/2024\/06\/04\/vipal-volta-a-marcar-presenca-na-the-tire-cologne\/#article","isPartOf":{"@id":"https:\/\/revistadospneus.com\/pt\/2024\/06\/04\/vipal-volta-a-marcar-presenca-na-the-tire-cologne\/"},"author":{"name":"Reda\u00e7\u00e3o RP","@id":"https:\/\/revistadospneus.com\/pt\/#\/schema\/person\/9c602809538a614c26e5569d14ed6442"},"headline":"Vipal volta a marcar presen\u00e7a na The Tire Cologne","datePublished":"2024-06-04T17:00:11+00:00","mainEntityOfPage":{"@id":"https:\/\/revistadospneus.com\/pt\/2024\/06\/04\/vipal-volta-a-marcar-presenca-na-the-tire-cologne\/"},"wordCount":721,"publisher":{"@id":"https:\/\/revistadospneus.com\/pt\/#organization"},"image":{"@id":"https:\/\/revistadospneus.com\/pt\/2024\/06\/04\/vipal-volta-a-marcar-presenca-na-the-tire-cologne\/#primaryimage"},"thumbnailUrl":"https:\/\/revistadospneus.com\/pt\/wp-content\/uploads\/2024\/05\/Vipal-volta-a-marcar-presenca-na-The-Tire-Cologne.png","keywords":["DV-RT5","Gilson Dugno","ind\u00fastria de pneus","Leandro Rigon","The Tire Cologne","Vipal","VM310","VT540"],"articleSection":["Empresas"],"inLanguage":"pt-PT"},{"@type":"WebPage","@id":"https:\/\/revistadospneus.com\/pt\/2024\/06\/04\/vipal-volta-a-marcar-presenca-na-the-tire-cologne\/","url":"https:\/\/revistadospneus.com\/pt\/2024\/06\/04\/vipal-volta-a-marcar-presenca-na-the-tire-cologne\/","name":"Vipal volta a marcar presen\u00e7a na The Tire Cologne - Revista dos Pneus","isPartOf":{"@id":"https:\/\/revistadospneus.com\/pt\/#website"},"primaryImageOfPage":{"@id":"https:\/\/revistadospneus.com\/pt\/2024\/06\/04\/vipal-volta-a-marcar-presenca-na-the-tire-cologne\/#primaryimage"},"image":{"@id":"https:\/\/revistadospneus.com\/pt\/2024\/06\/04\/vipal-volta-a-marcar-presenca-na-the-tire-cologne\/#primaryimage"},"thumbnailUrl":"https:\/\/revistadospneus.com\/pt\/wp-content\/uploads\/2024\/05\/Vipal-volta-a-marcar-presenca-na-The-Tire-Cologne.png","datePublished":"2024-06-04T17:00:11+00:00","description":"A\u00a0Vipal\u00a0participa\u00a0mais uma vez\u00a0na\u00a0The\u00a0Tire\u00a0Cologne, feira internacional l\u00edder mundial para a ind\u00fastria de pneus, que acontece\u00a0na Col\u00f3nia","breadcrumb":{"@id":"https:\/\/revistadospneus.com\/pt\/2024\/06\/04\/vipal-volta-a-marcar-presenca-na-the-tire-cologne\/#breadcrumb"},"inLanguage":"pt-PT","potentialAction":[{"@type":"ReadAction","target":["https:\/\/revistadospneus.com\/pt\/2024\/06\/04\/vipal-volta-a-marcar-presenca-na-the-tire-cologne\/"]}]},{"@type":"ImageObject","inLanguage":"pt-PT","@id":"https:\/\/revistadospneus.com\/pt\/2024\/06\/04\/vipal-volta-a-marcar-presenca-na-the-tire-cologne\/#primaryimage","url":"https:\/\/revistadospneus.com\/pt\/wp-content\/uploads\/2024\/05\/Vipal-volta-a-marcar-presenca-na-The-Tire-Cologne.png","contentUrl":"https:\/\/revistadospneus.com\/pt\/wp-content\/uploads\/2024\/05\/Vipal-volta-a-marcar-presenca-na-The-Tire-Cologne.png","width":1024,"height":581,"caption":"05 - Vipal volta a marcar presenca na The Tire Cologne"},{"@type":"BreadcrumbList","@id":"https:\/\/revistadospneus.com\/pt\/2024\/06\/04\/vipal-volta-a-marcar-presenca-na-the-tire-cologne\/#breadcrumb","itemListElement":[{"@type":"ListItem","position":1,"name":"In\u00edcio","item":"https:\/\/revistadospneus.com\/pt\/"},{"@type":"ListItem","position":2,"name":"Vipal volta a marcar presen\u00e7a na The Tire Cologne"}]},{"@type":"WebSite","@id":"https:\/\/revistadospneus.com\/pt\/#website","url":"https:\/\/revistadospneus.com\/pt\/","name":"Revista dos Pneus","description":"Revista independente de pneus e servi\u00e7os r\u00e1pidos","publisher":{"@id":"https:\/\/revistadospneus.com\/pt\/#organization"},"potentialAction":[{"@type":"SearchAction","target":{"@type":"EntryPoint","urlTemplate":"https:\/\/revistadospneus.com\/pt\/?s={search_term_string}"},"query-input":{"@type":"PropertyValueSpecification","valueRequired":true,"valueName":"search_term_string"}}],"inLanguage":"pt-PT"},{"@type":"Organization","@id":"https:\/\/revistadospneus.com\/pt\/#organization","name":"Revista dos Pneus","url":"https:\/\/revistadospneus.com\/pt\/","logo":{"@type":"ImageObject","inLanguage":"pt-PT","@id":"https:\/\/revistadospneus.com\/pt\/#\/schema\/logo\/image\/","url":"https:\/\/revistadospneus.com\/pt\/wp-content\/uploads\/logo2-1.png","contentUrl":"https:\/\/revistadospneus.com\/pt\/wp-content\/uploads\/logo2-1.png","width":216,"height":70,"caption":"Revista dos Pneus"},"image":{"@id":"https:\/\/revistadospneus.com\/pt\/#\/schema\/logo\/image\/"},"sameAs":["https:\/\/www.facebook.com\/revistapneus","https:\/\/x.com\/revistapneus","https:\/\/www.linkedin.com\/company\/jornal-das-oficinas\/","https:\/\/www.youtube.com\/channel\/UCbQZBqtcvV-oSQrr7RzINGg"]},{"@type":"Person","@id":"https:\/\/revistadospneus.com\/pt\/#\/schema\/person\/9c602809538a614c26e5569d14ed6442","name":"Reda\u00e7\u00e3o RP","image":{"@type":"ImageObject","inLanguage":"pt-PT","@id":"https:\/\/secure.gravatar.com\/avatar\/71f2fa71737ad68a84fea94bc708ddac8ea5b0c4788dc2ad202f3ccb2887742f?s=96&d=wp_user_avatar&r=g","url":"https:\/\/secure.gravatar.com\/avatar\/71f2fa71737ad68a84fea94bc708ddac8ea5b0c4788dc2ad202f3ccb2887742f?s=96&d=wp_user_avatar&r=g","contentUrl":"https:\/\/secure.gravatar.com\/avatar\/71f2fa71737ad68a84fea94bc708ddac8ea5b0c4788dc2ad202f3ccb2887742f?s=96&d=wp_user_avatar&r=g","caption":"Reda\u00e7\u00e3o RP"},"url":"https:\/\/revistadospneus.com\/pt\/author\/rpredacao\/"}]}},"_links":{"self":[{"href":"https:\/\/revistadospneus.com\/pt\/wp-json\/wp\/v2\/posts\/71887","targetHints":{"allow":["GET"]}}],"collection":[{"href":"https:\/\/revistadospneus.com\/pt\/wp-json\/wp\/v2\/posts"}],"about":[{"href":"https:\/\/revistadospneus.com\/pt\/wp-json\/wp\/v2\/types\/post"}],"author":[{"embeddable":true,"href":"https:\/\/revistadospneus.com\/pt\/wp-json\/wp\/v2\/users\/13"}],"replies":[{"embeddable":true,"href":"https:\/\/revistadospneus.com\/pt\/wp-json\/wp\/v2\/comments?post=71887"}],"version-history":[{"count":2,"href":"https:\/\/revistadospneus.com\/pt\/wp-json\/wp\/v2\/posts\/71887\/revisions"}],"predecessor-version":[{"id":71890,"href":"https:\/\/revistadospneus.com\/pt\/wp-json\/wp\/v2\/posts\/71887\/revisions\/71890"}],"wp:featuredmedia":[{"embeddable":true,"href":"https:\/\/revistadospneus.com\/pt\/wp-json\/wp\/v2\/media\/71889"}],"wp:attachment":[{"href":"https:\/\/revistadospneus.com\/pt\/wp-json\/wp\/v2\/media?parent=71887"}],"wp:term":[{"taxonomy":"category","embeddable":true,"href":"https:\/\/revistadospneus.com\/pt\/wp-json\/wp\/v2\/categories?post=71887"},{"taxonomy":"post_tag","embeddable":true,"href":"https:\/\/revistadospneus.com\/pt\/wp-json\/wp\/v2\/tags?post=71887"}],"curies":[{"name":"wp","href":"https:\/\/api.w.org\/{rel}","templated":true}]}}