{"id":72190,"date":"2024-06-28T14:04:46","date_gmt":"2024-06-28T13:04:46","guid":{"rendered":"https:\/\/revistadospneus.com\/pt\/?p=72190"},"modified":"2024-06-28T14:04:46","modified_gmt":"2024-06-28T13:04:46","slug":"ford-trucks-cria-design-proprio-do-seu-multicilindrico-h2-ecotorq","status":"publish","type":"post","link":"https:\/\/revistadospneus.com\/pt\/2024\/06\/28\/ford-trucks-cria-design-proprio-do-seu-multicilindrico-h2-ecotorq\/","title":{"rendered":"Ford Trucks cria design pr\u00f3prio do seu multicil\u00edndrico H2-Ecotorq"},"content":{"rendered":"<p><strong><img loading=\"lazy\" decoding=\"async\" class=\"alignnone size-full wp-image-72192\" src=\"https:\/\/revistadospneus.com\/pt\/wp-content\/uploads\/2024\/05\/Ford-Trucks-cria-design-proprio-do-seu-multicilindrico-H2-Ecotorq.jpg\" alt=\"05 - Ford Trucks cria design proprio do seu multicilindrico H2 Ecotorq\" width=\"1024\" height=\"581\" srcset=\"https:\/\/revistadospneus.com\/pt\/wp-content\/uploads\/2024\/05\/Ford-Trucks-cria-design-proprio-do-seu-multicilindrico-H2-Ecotorq.jpg 1024w, https:\/\/revistadospneus.com\/pt\/wp-content\/uploads\/2024\/05\/Ford-Trucks-cria-design-proprio-do-seu-multicilindrico-H2-Ecotorq-300x170.jpg 300w, https:\/\/revistadospneus.com\/pt\/wp-content\/uploads\/2024\/05\/Ford-Trucks-cria-design-proprio-do-seu-multicilindrico-H2-Ecotorq-150x85.jpg 150w, https:\/\/revistadospneus.com\/pt\/wp-content\/uploads\/2024\/05\/Ford-Trucks-cria-design-proprio-do-seu-multicilindrico-H2-Ecotorq-768x436.jpg 768w\" sizes=\"auto, (max-width: 1024px) 100vw, 1024px\" \/><\/strong><\/p>\n<p><strong>A <a href=\"https:\/\/www.fordtrucks.pt\/\" target=\"_blank\" rel=\"noopener\">Ford Trucks<\/a> assinalou mais um projeto significativo no dom\u00ednio das tecnologias de transporte sustent\u00e1veis, progredindo de forma constante em dire\u00e7\u00e3o ao seu objetivo de neutralidade carb\u00f3nica<\/strong><\/p>\n<p>Acelerando os seus esfor\u00e7os de I&amp;D, em linha com a sua vis\u00e3o de &#8220;criar valor com as solu\u00e7\u00f5es de transporte mais eficientes&#8221; e com o seu objetivo de um futuro de emiss\u00f5es zero, a Ford Trucks levou os seus esfor\u00e7os em tecnologias de combust\u00edveis alternativos a outro n\u00edvel.<\/p>\n<p>Dando continuidade \u00e0s suas opera\u00e7\u00f5es de motores a hidrog\u00e9nio, que tiveram in\u00edcio no ano passado com um motor de investiga\u00e7\u00e3o monocil\u00edndrico, a Ford Trucks foi mais al\u00e9m, tendo agora conseguido a primeira igni\u00e7\u00e3o do motor multicil\u00edndrico H2-Ecotorq, que \u00e9 tamb\u00e9m um design pr\u00f3prio da Ford Trucks.<\/p>\n<p>&#8220;Os engenheiros da Ford Trucks continuar\u00e3o a trabalhar na otimiza\u00e7\u00e3o dos sistemas e desenvolvimento do motor, que apresentou resultados positivos nos primeiros testes&#8221;, revelou a empresa.<\/p>\n<p>&#8220;Este marco representa um importante passo na expans\u00e3o do portf\u00f3lio de produtos neutros em carbono da Ford Trucks como solu\u00e7\u00e3o de ve\u00edculos emiss\u00e3o zero. Com este desenvolvimento a marca d\u00e1 tamb\u00e9m um passo relevante no seu objetivo de emiss\u00f5es zero para ve\u00edculos comerciais pesados at\u00e9 2040&#8221;, sublinhou.<\/p>\n<p><strong>Investimento em emiss\u00f5es zero<\/strong><\/p>\n<p>&#8220;Em linha com a sua vis\u00e3o de sustentabilidade, a Ford Trucks lidera as tecnologias de transporte do futuro no setor dos ve\u00edculos comerciais pesados&#8221;, frisou.<\/p>\n<p>A iniciar uma jornada de transforma\u00e7\u00e3o significativa com o movimento &#8220;Gera\u00e7\u00e3o F&#8221; focado em tecnologias de emiss\u00f5es zero, conectadas e aut\u00f3nomas, a Ford Trucks trabalha para lan\u00e7ar nas estradas, em 2025, o seu primeiro cami\u00e3o totalmente el\u00e9trico.<\/p>\n<p>Centrando-se em tecnologias de combust\u00edveis alternativos paralelamente \u00e0 eletrifica\u00e7\u00e3o, a marca est\u00e1 a desenvolver o primeiro ve\u00edculo de c\u00e9lulas de combust\u00edvel de hidrog\u00e9nio (FCEV) F-MAX no \u00e2mbito do projeto da Uni\u00e3o Europeia &#8220;Ecossistema de Transporte de Emiss\u00f5es Zero&#8221;, com uma vis\u00e3o de contribuir para o futuro das solu\u00e7\u00f5es de mobilidade.<\/p>\n<!-- AddThis Advanced Settings generic via filter on the_content --><!-- AddThis Share Buttons generic via filter on the_content -->","protected":false},"excerpt":{"rendered":"<p>A Ford Trucks assinalou mais um projeto significativo no&#8230;<!-- AddThis Advanced Settings generic via filter on get_the_excerpt --><!-- AddThis Share Buttons generic via filter on get_the_excerpt --><\/p>\n","protected":false},"author":13,"featured_media":72192,"comment_status":"closed","ping_status":"closed","sticky":false,"template":"","format":"standard","meta":{"footnotes":""},"categories":[29],"tags":[3539,3541,320,3109,3540,3538],"class_list":["post-72190","post","type-post","status-publish","format-standard","has-post-thumbnail","hentry","category-empresas","tag-design-proprio","tag-emissoes-zero","tag-ford-trucks","tag-neutralidade-carbonica","tag-solucoes-de-transporte","tag-tecnologias-sustentaveis"],"yoast_head":"<!-- This site is optimized with the Yoast SEO plugin v27.6 - https:\/\/yoast.com\/product\/yoast-seo-wordpress\/ -->\n<title>Ford Trucks cria design pr\u00f3prio do seu multicil\u00edndrico H2-Ecotorq - Revista dos Pneus<\/title>\n<meta name=\"description\" content=\"A Ford Trucks assinalou mais um projeto significativo no dom\u00ednio das tecnologias de transporte sustent\u00e1veis\" \/>\n<meta name=\"robots\" content=\"index, follow, max-snippet:-1, max-image-preview:large, max-video-preview:-1\" \/>\n<link rel=\"canonical\" href=\"https:\/\/revistadospneus.com\/pt\/2024\/06\/28\/ford-trucks-cria-design-proprio-do-seu-multicilindrico-h2-ecotorq\/\" \/>\n<meta property=\"og:locale\" content=\"pt_PT\" \/>\n<meta property=\"og:type\" content=\"article\" \/>\n<meta property=\"og:title\" content=\"Ford Trucks cria design pr\u00f3prio do seu multicil\u00edndrico H2-Ecotorq - Revista dos Pneus\" \/>\n<meta property=\"og:description\" content=\"A Ford Trucks assinalou mais um projeto significativo no dom\u00ednio das tecnologias de transporte sustent\u00e1veis\" \/>\n<meta property=\"og:url\" content=\"https:\/\/revistadospneus.com\/pt\/2024\/06\/28\/ford-trucks-cria-design-proprio-do-seu-multicilindrico-h2-ecotorq\/\" \/>\n<meta property=\"og:site_name\" content=\"Revista dos Pneus\" \/>\n<meta property=\"article:publisher\" content=\"https:\/\/www.facebook.com\/revistapneus\" \/>\n<meta property=\"article:published_time\" content=\"2024-06-28T13:04:46+00:00\" \/>\n<meta property=\"og:image\" content=\"https:\/\/revistadospneus.com\/pt\/wp-content\/uploads\/2024\/05\/Ford-Trucks-cria-design-proprio-do-seu-multicilindrico-H2-Ecotorq.jpg\" \/>\n\t<meta property=\"og:image:width\" content=\"1024\" \/>\n\t<meta property=\"og:image:height\" content=\"581\" \/>\n\t<meta property=\"og:image:type\" content=\"image\/jpeg\" \/>\n<meta name=\"author\" content=\"Reda\u00e7\u00e3o RP\" \/>\n<meta name=\"twitter:card\" content=\"summary_large_image\" \/>\n<meta name=\"twitter:creator\" content=\"@revistapneus\" \/>\n<meta name=\"twitter:site\" content=\"@revistapneus\" \/>\n<meta name=\"twitter:label1\" content=\"Escrito por\" \/>\n\t<meta name=\"twitter:data1\" content=\"Reda\u00e7\u00e3o RP\" \/>\n\t<meta name=\"twitter:label2\" content=\"Tempo estimado de leitura\" \/>\n\t<meta name=\"twitter:data2\" content=\"3 minutos\" \/>\n<script type=\"application\/ld+json\" class=\"yoast-schema-graph\">{\"@context\":\"https:\\\/\\\/schema.org\",\"@graph\":[{\"@type\":\"Article\",\"@id\":\"https:\\\/\\\/revistadospneus.com\\\/pt\\\/2024\\\/06\\\/28\\\/ford-trucks-cria-design-proprio-do-seu-multicilindrico-h2-ecotorq\\\/#article\",\"isPartOf\":{\"@id\":\"https:\\\/\\\/revistadospneus.com\\\/pt\\\/2024\\\/06\\\/28\\\/ford-trucks-cria-design-proprio-do-seu-multicilindrico-h2-ecotorq\\\/\"},\"author\":{\"name\":\"Reda\u00e7\u00e3o RP\",\"@id\":\"https:\\\/\\\/revistadospneus.com\\\/pt\\\/#\\\/schema\\\/person\\\/9c602809538a614c26e5569d14ed6442\"},\"headline\":\"Ford Trucks cria design pr\u00f3prio do seu multicil\u00edndrico H2-Ecotorq\",\"datePublished\":\"2024-06-28T13:04:46+00:00\",\"mainEntityOfPage\":{\"@id\":\"https:\\\/\\\/revistadospneus.com\\\/pt\\\/2024\\\/06\\\/28\\\/ford-trucks-cria-design-proprio-do-seu-multicilindrico-h2-ecotorq\\\/\"},\"wordCount\":372,\"publisher\":{\"@id\":\"https:\\\/\\\/revistadospneus.com\\\/pt\\\/#organization\"},\"image\":{\"@id\":\"https:\\\/\\\/revistadospneus.com\\\/pt\\\/2024\\\/06\\\/28\\\/ford-trucks-cria-design-proprio-do-seu-multicilindrico-h2-ecotorq\\\/#primaryimage\"},\"thumbnailUrl\":\"https:\\\/\\\/revistadospneus.com\\\/pt\\\/wp-content\\\/uploads\\\/2024\\\/05\\\/Ford-Trucks-cria-design-proprio-do-seu-multicilindrico-H2-Ecotorq.jpg\",\"keywords\":[\"design pr\u00f3prio\",\"emiss\u00f5es zero\",\"Ford Trucks\",\"neutralidade carb\u00f3nica\",\"solu\u00e7\u00f5es de transporte\",\"tecnologias sustent\u00e1veis\"],\"articleSection\":[\"Empresas\"],\"inLanguage\":\"pt-PT\"},{\"@type\":\"WebPage\",\"@id\":\"https:\\\/\\\/revistadospneus.com\\\/pt\\\/2024\\\/06\\\/28\\\/ford-trucks-cria-design-proprio-do-seu-multicilindrico-h2-ecotorq\\\/\",\"url\":\"https:\\\/\\\/revistadospneus.com\\\/pt\\\/2024\\\/06\\\/28\\\/ford-trucks-cria-design-proprio-do-seu-multicilindrico-h2-ecotorq\\\/\",\"name\":\"Ford Trucks cria design pr\u00f3prio do seu multicil\u00edndrico H2-Ecotorq - Revista dos Pneus\",\"isPartOf\":{\"@id\":\"https:\\\/\\\/revistadospneus.com\\\/pt\\\/#website\"},\"primaryImageOfPage\":{\"@id\":\"https:\\\/\\\/revistadospneus.com\\\/pt\\\/2024\\\/06\\\/28\\\/ford-trucks-cria-design-proprio-do-seu-multicilindrico-h2-ecotorq\\\/#primaryimage\"},\"image\":{\"@id\":\"https:\\\/\\\/revistadospneus.com\\\/pt\\\/2024\\\/06\\\/28\\\/ford-trucks-cria-design-proprio-do-seu-multicilindrico-h2-ecotorq\\\/#primaryimage\"},\"thumbnailUrl\":\"https:\\\/\\\/revistadospneus.com\\\/pt\\\/wp-content\\\/uploads\\\/2024\\\/05\\\/Ford-Trucks-cria-design-proprio-do-seu-multicilindrico-H2-Ecotorq.jpg\",\"datePublished\":\"2024-06-28T13:04:46+00:00\",\"description\":\"A Ford Trucks assinalou mais um projeto significativo no dom\u00ednio das tecnologias de transporte sustent\u00e1veis\",\"breadcrumb\":{\"@id\":\"https:\\\/\\\/revistadospneus.com\\\/pt\\\/2024\\\/06\\\/28\\\/ford-trucks-cria-design-proprio-do-seu-multicilindrico-h2-ecotorq\\\/#breadcrumb\"},\"inLanguage\":\"pt-PT\",\"potentialAction\":[{\"@type\":\"ReadAction\",\"target\":[\"https:\\\/\\\/revistadospneus.com\\\/pt\\\/2024\\\/06\\\/28\\\/ford-trucks-cria-design-proprio-do-seu-multicilindrico-h2-ecotorq\\\/\"]}]},{\"@type\":\"ImageObject\",\"inLanguage\":\"pt-PT\",\"@id\":\"https:\\\/\\\/revistadospneus.com\\\/pt\\\/2024\\\/06\\\/28\\\/ford-trucks-cria-design-proprio-do-seu-multicilindrico-h2-ecotorq\\\/#primaryimage\",\"url\":\"https:\\\/\\\/revistadospneus.com\\\/pt\\\/wp-content\\\/uploads\\\/2024\\\/05\\\/Ford-Trucks-cria-design-proprio-do-seu-multicilindrico-H2-Ecotorq.jpg\",\"contentUrl\":\"https:\\\/\\\/revistadospneus.com\\\/pt\\\/wp-content\\\/uploads\\\/2024\\\/05\\\/Ford-Trucks-cria-design-proprio-do-seu-multicilindrico-H2-Ecotorq.jpg\",\"width\":1024,\"height\":581,\"caption\":\"05 - Ford Trucks cria design proprio do seu multicilindrico H2 Ecotorq\"},{\"@type\":\"BreadcrumbList\",\"@id\":\"https:\\\/\\\/revistadospneus.com\\\/pt\\\/2024\\\/06\\\/28\\\/ford-trucks-cria-design-proprio-do-seu-multicilindrico-h2-ecotorq\\\/#breadcrumb\",\"itemListElement\":[{\"@type\":\"ListItem\",\"position\":1,\"name\":\"In\u00edcio\",\"item\":\"https:\\\/\\\/revistadospneus.com\\\/pt\\\/\"},{\"@type\":\"ListItem\",\"position\":2,\"name\":\"Ford Trucks cria design pr\u00f3prio do seu multicil\u00edndrico H2-Ecotorq\"}]},{\"@type\":\"WebSite\",\"@id\":\"https:\\\/\\\/revistadospneus.com\\\/pt\\\/#website\",\"url\":\"https:\\\/\\\/revistadospneus.com\\\/pt\\\/\",\"name\":\"Revista dos Pneus\",\"description\":\"Revista independente de pneus e servi\u00e7os r\u00e1pidos\",\"publisher\":{\"@id\":\"https:\\\/\\\/revistadospneus.com\\\/pt\\\/#organization\"},\"potentialAction\":[{\"@type\":\"SearchAction\",\"target\":{\"@type\":\"EntryPoint\",\"urlTemplate\":\"https:\\\/\\\/revistadospneus.com\\\/pt\\\/?s={search_term_string}\"},\"query-input\":{\"@type\":\"PropertyValueSpecification\",\"valueRequired\":true,\"valueName\":\"search_term_string\"}}],\"inLanguage\":\"pt-PT\"},{\"@type\":\"Organization\",\"@id\":\"https:\\\/\\\/revistadospneus.com\\\/pt\\\/#organization\",\"name\":\"Revista dos Pneus\",\"url\":\"https:\\\/\\\/revistadospneus.com\\\/pt\\\/\",\"logo\":{\"@type\":\"ImageObject\",\"inLanguage\":\"pt-PT\",\"@id\":\"https:\\\/\\\/revistadospneus.com\\\/pt\\\/#\\\/schema\\\/logo\\\/image\\\/\",\"url\":\"https:\\\/\\\/revistadospneus.com\\\/pt\\\/wp-content\\\/uploads\\\/logo2-1.png\",\"contentUrl\":\"https:\\\/\\\/revistadospneus.com\\\/pt\\\/wp-content\\\/uploads\\\/logo2-1.png\",\"width\":216,\"height\":70,\"caption\":\"Revista dos Pneus\"},\"image\":{\"@id\":\"https:\\\/\\\/revistadospneus.com\\\/pt\\\/#\\\/schema\\\/logo\\\/image\\\/\"},\"sameAs\":[\"https:\\\/\\\/www.facebook.com\\\/revistapneus\",\"https:\\\/\\\/x.com\\\/revistapneus\",\"https:\\\/\\\/www.linkedin.com\\\/company\\\/jornal-das-oficinas\\\/\",\"https:\\\/\\\/www.youtube.com\\\/channel\\\/UCbQZBqtcvV-oSQrr7RzINGg\"]},{\"@type\":\"Person\",\"@id\":\"https:\\\/\\\/revistadospneus.com\\\/pt\\\/#\\\/schema\\\/person\\\/9c602809538a614c26e5569d14ed6442\",\"name\":\"Reda\u00e7\u00e3o RP\",\"image\":{\"@type\":\"ImageObject\",\"inLanguage\":\"pt-PT\",\"@id\":\"https:\\\/\\\/secure.gravatar.com\\\/avatar\\\/71f2fa71737ad68a84fea94bc708ddac8ea5b0c4788dc2ad202f3ccb2887742f?s=96&d=wp_user_avatar&r=g\",\"url\":\"https:\\\/\\\/secure.gravatar.com\\\/avatar\\\/71f2fa71737ad68a84fea94bc708ddac8ea5b0c4788dc2ad202f3ccb2887742f?s=96&d=wp_user_avatar&r=g\",\"contentUrl\":\"https:\\\/\\\/secure.gravatar.com\\\/avatar\\\/71f2fa71737ad68a84fea94bc708ddac8ea5b0c4788dc2ad202f3ccb2887742f?s=96&d=wp_user_avatar&r=g\",\"caption\":\"Reda\u00e7\u00e3o RP\"},\"url\":\"https:\\\/\\\/revistadospneus.com\\\/pt\\\/author\\\/rpredacao\\\/\"}]}<\/script>\n<!-- \/ Yoast SEO plugin. -->","yoast_head_json":{"title":"Ford Trucks cria design pr\u00f3prio do seu multicil\u00edndrico H2-Ecotorq - Revista dos Pneus","description":"A Ford Trucks assinalou mais um projeto significativo no dom\u00ednio das tecnologias de transporte sustent\u00e1veis","robots":{"index":"index","follow":"follow","max-snippet":"max-snippet:-1","max-image-preview":"max-image-preview:large","max-video-preview":"max-video-preview:-1"},"canonical":"https:\/\/revistadospneus.com\/pt\/2024\/06\/28\/ford-trucks-cria-design-proprio-do-seu-multicilindrico-h2-ecotorq\/","og_locale":"pt_PT","og_type":"article","og_title":"Ford Trucks cria design pr\u00f3prio do seu multicil\u00edndrico H2-Ecotorq - Revista dos Pneus","og_description":"A Ford Trucks assinalou mais um projeto significativo no dom\u00ednio das tecnologias de transporte sustent\u00e1veis","og_url":"https:\/\/revistadospneus.com\/pt\/2024\/06\/28\/ford-trucks-cria-design-proprio-do-seu-multicilindrico-h2-ecotorq\/","og_site_name":"Revista dos Pneus","article_publisher":"https:\/\/www.facebook.com\/revistapneus","article_published_time":"2024-06-28T13:04:46+00:00","og_image":[{"width":1024,"height":581,"url":"https:\/\/revistadospneus.com\/pt\/wp-content\/uploads\/2024\/05\/Ford-Trucks-cria-design-proprio-do-seu-multicilindrico-H2-Ecotorq.jpg","type":"image\/jpeg"}],"author":"Reda\u00e7\u00e3o RP","twitter_card":"summary_large_image","twitter_creator":"@revistapneus","twitter_site":"@revistapneus","twitter_misc":{"Escrito por":"Reda\u00e7\u00e3o RP","Tempo estimado de leitura":"3 minutos"},"schema":{"@context":"https:\/\/schema.org","@graph":[{"@type":"Article","@id":"https:\/\/revistadospneus.com\/pt\/2024\/06\/28\/ford-trucks-cria-design-proprio-do-seu-multicilindrico-h2-ecotorq\/#article","isPartOf":{"@id":"https:\/\/revistadospneus.com\/pt\/2024\/06\/28\/ford-trucks-cria-design-proprio-do-seu-multicilindrico-h2-ecotorq\/"},"author":{"name":"Reda\u00e7\u00e3o RP","@id":"https:\/\/revistadospneus.com\/pt\/#\/schema\/person\/9c602809538a614c26e5569d14ed6442"},"headline":"Ford Trucks cria design pr\u00f3prio do seu multicil\u00edndrico H2-Ecotorq","datePublished":"2024-06-28T13:04:46+00:00","mainEntityOfPage":{"@id":"https:\/\/revistadospneus.com\/pt\/2024\/06\/28\/ford-trucks-cria-design-proprio-do-seu-multicilindrico-h2-ecotorq\/"},"wordCount":372,"publisher":{"@id":"https:\/\/revistadospneus.com\/pt\/#organization"},"image":{"@id":"https:\/\/revistadospneus.com\/pt\/2024\/06\/28\/ford-trucks-cria-design-proprio-do-seu-multicilindrico-h2-ecotorq\/#primaryimage"},"thumbnailUrl":"https:\/\/revistadospneus.com\/pt\/wp-content\/uploads\/2024\/05\/Ford-Trucks-cria-design-proprio-do-seu-multicilindrico-H2-Ecotorq.jpg","keywords":["design pr\u00f3prio","emiss\u00f5es zero","Ford Trucks","neutralidade carb\u00f3nica","solu\u00e7\u00f5es de transporte","tecnologias sustent\u00e1veis"],"articleSection":["Empresas"],"inLanguage":"pt-PT"},{"@type":"WebPage","@id":"https:\/\/revistadospneus.com\/pt\/2024\/06\/28\/ford-trucks-cria-design-proprio-do-seu-multicilindrico-h2-ecotorq\/","url":"https:\/\/revistadospneus.com\/pt\/2024\/06\/28\/ford-trucks-cria-design-proprio-do-seu-multicilindrico-h2-ecotorq\/","name":"Ford Trucks cria design pr\u00f3prio do seu multicil\u00edndrico H2-Ecotorq - Revista dos Pneus","isPartOf":{"@id":"https:\/\/revistadospneus.com\/pt\/#website"},"primaryImageOfPage":{"@id":"https:\/\/revistadospneus.com\/pt\/2024\/06\/28\/ford-trucks-cria-design-proprio-do-seu-multicilindrico-h2-ecotorq\/#primaryimage"},"image":{"@id":"https:\/\/revistadospneus.com\/pt\/2024\/06\/28\/ford-trucks-cria-design-proprio-do-seu-multicilindrico-h2-ecotorq\/#primaryimage"},"thumbnailUrl":"https:\/\/revistadospneus.com\/pt\/wp-content\/uploads\/2024\/05\/Ford-Trucks-cria-design-proprio-do-seu-multicilindrico-H2-Ecotorq.jpg","datePublished":"2024-06-28T13:04:46+00:00","description":"A Ford Trucks assinalou mais um projeto significativo no dom\u00ednio das tecnologias de transporte sustent\u00e1veis","breadcrumb":{"@id":"https:\/\/revistadospneus.com\/pt\/2024\/06\/28\/ford-trucks-cria-design-proprio-do-seu-multicilindrico-h2-ecotorq\/#breadcrumb"},"inLanguage":"pt-PT","potentialAction":[{"@type":"ReadAction","target":["https:\/\/revistadospneus.com\/pt\/2024\/06\/28\/ford-trucks-cria-design-proprio-do-seu-multicilindrico-h2-ecotorq\/"]}]},{"@type":"ImageObject","inLanguage":"pt-PT","@id":"https:\/\/revistadospneus.com\/pt\/2024\/06\/28\/ford-trucks-cria-design-proprio-do-seu-multicilindrico-h2-ecotorq\/#primaryimage","url":"https:\/\/revistadospneus.com\/pt\/wp-content\/uploads\/2024\/05\/Ford-Trucks-cria-design-proprio-do-seu-multicilindrico-H2-Ecotorq.jpg","contentUrl":"https:\/\/revistadospneus.com\/pt\/wp-content\/uploads\/2024\/05\/Ford-Trucks-cria-design-proprio-do-seu-multicilindrico-H2-Ecotorq.jpg","width":1024,"height":581,"caption":"05 - Ford Trucks cria design proprio do seu multicilindrico H2 Ecotorq"},{"@type":"BreadcrumbList","@id":"https:\/\/revistadospneus.com\/pt\/2024\/06\/28\/ford-trucks-cria-design-proprio-do-seu-multicilindrico-h2-ecotorq\/#breadcrumb","itemListElement":[{"@type":"ListItem","position":1,"name":"In\u00edcio","item":"https:\/\/revistadospneus.com\/pt\/"},{"@type":"ListItem","position":2,"name":"Ford Trucks cria design pr\u00f3prio do seu multicil\u00edndrico H2-Ecotorq"}]},{"@type":"WebSite","@id":"https:\/\/revistadospneus.com\/pt\/#website","url":"https:\/\/revistadospneus.com\/pt\/","name":"Revista dos Pneus","description":"Revista independente de pneus e servi\u00e7os r\u00e1pidos","publisher":{"@id":"https:\/\/revistadospneus.com\/pt\/#organization"},"potentialAction":[{"@type":"SearchAction","target":{"@type":"EntryPoint","urlTemplate":"https:\/\/revistadospneus.com\/pt\/?s={search_term_string}"},"query-input":{"@type":"PropertyValueSpecification","valueRequired":true,"valueName":"search_term_string"}}],"inLanguage":"pt-PT"},{"@type":"Organization","@id":"https:\/\/revistadospneus.com\/pt\/#organization","name":"Revista dos Pneus","url":"https:\/\/revistadospneus.com\/pt\/","logo":{"@type":"ImageObject","inLanguage":"pt-PT","@id":"https:\/\/revistadospneus.com\/pt\/#\/schema\/logo\/image\/","url":"https:\/\/revistadospneus.com\/pt\/wp-content\/uploads\/logo2-1.png","contentUrl":"https:\/\/revistadospneus.com\/pt\/wp-content\/uploads\/logo2-1.png","width":216,"height":70,"caption":"Revista dos Pneus"},"image":{"@id":"https:\/\/revistadospneus.com\/pt\/#\/schema\/logo\/image\/"},"sameAs":["https:\/\/www.facebook.com\/revistapneus","https:\/\/x.com\/revistapneus","https:\/\/www.linkedin.com\/company\/jornal-das-oficinas\/","https:\/\/www.youtube.com\/channel\/UCbQZBqtcvV-oSQrr7RzINGg"]},{"@type":"Person","@id":"https:\/\/revistadospneus.com\/pt\/#\/schema\/person\/9c602809538a614c26e5569d14ed6442","name":"Reda\u00e7\u00e3o RP","image":{"@type":"ImageObject","inLanguage":"pt-PT","@id":"https:\/\/secure.gravatar.com\/avatar\/71f2fa71737ad68a84fea94bc708ddac8ea5b0c4788dc2ad202f3ccb2887742f?s=96&d=wp_user_avatar&r=g","url":"https:\/\/secure.gravatar.com\/avatar\/71f2fa71737ad68a84fea94bc708ddac8ea5b0c4788dc2ad202f3ccb2887742f?s=96&d=wp_user_avatar&r=g","contentUrl":"https:\/\/secure.gravatar.com\/avatar\/71f2fa71737ad68a84fea94bc708ddac8ea5b0c4788dc2ad202f3ccb2887742f?s=96&d=wp_user_avatar&r=g","caption":"Reda\u00e7\u00e3o RP"},"url":"https:\/\/revistadospneus.com\/pt\/author\/rpredacao\/"}]}},"_links":{"self":[{"href":"https:\/\/revistadospneus.com\/pt\/wp-json\/wp\/v2\/posts\/72190","targetHints":{"allow":["GET"]}}],"collection":[{"href":"https:\/\/revistadospneus.com\/pt\/wp-json\/wp\/v2\/posts"}],"about":[{"href":"https:\/\/revistadospneus.com\/pt\/wp-json\/wp\/v2\/types\/post"}],"author":[{"embeddable":true,"href":"https:\/\/revistadospneus.com\/pt\/wp-json\/wp\/v2\/users\/13"}],"replies":[{"embeddable":true,"href":"https:\/\/revistadospneus.com\/pt\/wp-json\/wp\/v2\/comments?post=72190"}],"version-history":[{"count":2,"href":"https:\/\/revistadospneus.com\/pt\/wp-json\/wp\/v2\/posts\/72190\/revisions"}],"predecessor-version":[{"id":72193,"href":"https:\/\/revistadospneus.com\/pt\/wp-json\/wp\/v2\/posts\/72190\/revisions\/72193"}],"wp:featuredmedia":[{"embeddable":true,"href":"https:\/\/revistadospneus.com\/pt\/wp-json\/wp\/v2\/media\/72192"}],"wp:attachment":[{"href":"https:\/\/revistadospneus.com\/pt\/wp-json\/wp\/v2\/media?parent=72190"}],"wp:term":[{"taxonomy":"category","embeddable":true,"href":"https:\/\/revistadospneus.com\/pt\/wp-json\/wp\/v2\/categories?post=72190"},{"taxonomy":"post_tag","embeddable":true,"href":"https:\/\/revistadospneus.com\/pt\/wp-json\/wp\/v2\/tags?post=72190"}],"curies":[{"name":"wp","href":"https:\/\/api.w.org\/{rel}","templated":true}]}}