{"id":72277,"date":"2024-07-05T13:56:21","date_gmt":"2024-07-05T12:56:21","guid":{"rendered":"https:\/\/revistadospneus.com\/pt\/?p=72277"},"modified":"2024-07-05T13:56:21","modified_gmt":"2024-07-05T12:56:21","slug":"tiresur-celebra-inauguracao-das-novas-instalacoes-em-burgos","status":"publish","type":"post","link":"https:\/\/revistadospneus.com\/pt\/2024\/07\/05\/tiresur-celebra-inauguracao-das-novas-instalacoes-em-burgos\/","title":{"rendered":"Tiresur celebra inaugura\u00e7\u00e3o das novas instala\u00e7\u00f5es em Burgos"},"content":{"rendered":"<p><strong><img loading=\"lazy\" decoding=\"async\" class=\"alignnone size-full wp-image-72279\" src=\"https:\/\/revistadospneus.com\/pt\/wp-content\/uploads\/2024\/07\/Tiresur-celebra-inauguracao-das-novas-instalacoes-em-Burgos.png\" alt=\"07 - Tiresur celebra inauguracao das novas instalacoes em Burgos\" width=\"1024\" height=\"581\" srcset=\"https:\/\/revistadospneus.com\/pt\/wp-content\/uploads\/2024\/07\/Tiresur-celebra-inauguracao-das-novas-instalacoes-em-Burgos.png 1024w, https:\/\/revistadospneus.com\/pt\/wp-content\/uploads\/2024\/07\/Tiresur-celebra-inauguracao-das-novas-instalacoes-em-Burgos-300x170.png 300w, https:\/\/revistadospneus.com\/pt\/wp-content\/uploads\/2024\/07\/Tiresur-celebra-inauguracao-das-novas-instalacoes-em-Burgos-150x85.png 150w, https:\/\/revistadospneus.com\/pt\/wp-content\/uploads\/2024\/07\/Tiresur-celebra-inauguracao-das-novas-instalacoes-em-Burgos-768x436.png 768w\" sizes=\"auto, (max-width: 1024px) 100vw, 1024px\" \/><\/strong><\/p>\n<p><strong>O evento organizado pela <a href=\"https:\/\/www.tiresur.com.pt\/\" target=\"_blank\" rel=\"noopener\">Tiresur<\/a>, que teve lugar no dia 25 de junho, contou com a presen\u00e7a de profissionais de renome do setor dos pneus<\/strong><\/p>\n<p>A Tiresur, l\u00edder na distribui\u00e7\u00e3o de pneus em Espanha e Portugal, celebrou na passada semana a inaugura\u00e7\u00e3o oficial do seu novo armaz\u00e9m, o sexto do distribuidor na Pen\u00ednsula Ib\u00e9rica, situado no Parque Industrial de Villanq\u00faejar. O evento, teve lugar no dia 25 de junho, reuniu importantes autoridades locais e regionais, bem como profissionais do setor dos pneus.<\/p>\n<p>Entre os convidados encontravam-se o vice-ministro da Economia e Competitividade da Junta de Castilla y Leon, Carlos Mart\u00edn Tobalina; o deputado Jes\u00fas M\u00aa Sendino Pedrosa e a presidente da C\u00e2mara de Burgos, Cristina Ayala. Al\u00e9m disso, o evento contou com a presen\u00e7a dos principais parceiros e fabricantes de pneus, para al\u00e9m dos meios de comunica\u00e7\u00e3o especializados do setor.<\/p>\n<p>A cerim\u00f3nia foi presidida pelo Diretor Geral Ib\u00e9rico da Tiresur, Marcos Fern\u00e1ndez, e incluiu o tradicional corte da fita, marcando oficialmente a abertura das instala\u00e7\u00f5es. Posteriormente, os convidados participaram numa visita guiada \u00e0 plataforma log\u00edstica, onde lhes foram apresentadas as inova\u00e7\u00f5es tecnol\u00f3gicas e operacionais implementadas para otimizar os processos log\u00edsticos da Tiresur.<\/p>\n<p>&#8220;O novo centro log\u00edstico, no qual a constru\u00e7\u00e3o come\u00e7ou em setembro de 2023, representa um marco estrat\u00e9gico para a Tiresur, expandindo significativamente a sua capacidade operacional e refor\u00e7ando o seu compromisso com a efici\u00eancia e a qualidade na distribui\u00e7\u00e3o de pneus&#8221;, referiu a Tiresur em comunicado.<\/p>\n<p>Esta moderna instala\u00e7\u00e3o demonstra o compromisso do distribuidor para com o ambiente ao incorporar 205 pain\u00e9is solares, bem como um sistema de energia aerot\u00e9rmica, garantia uma maior efici\u00eancia energ\u00e9tica. Com 16 metros de altura e 12 sectores, estas novas instala\u00e7\u00f5es ir\u00e3o permitir ao distribuidor melhorar o seu servi\u00e7o ao cliente, principalmente no Norte de Espanha e Portugal, consolidando a sua &#8220;posi\u00e7\u00e3o competitiva no mercado&#8221;.<\/p>\n<p>A Tiresur, presidida por Antonio Ma\u00f1as, continua a avan\u00e7ar na sua estrat\u00e9gia de expans\u00e3o e crescimento. Este novo investimento permitir\u00e1 ultrapassar um milh\u00e3o de pneus em stock.<\/p>\n<p>&nbsp;<\/p>\n<!-- AddThis Advanced Settings generic via filter on the_content --><!-- AddThis Share Buttons generic via filter on the_content -->","protected":false},"excerpt":{"rendered":"<p>O evento organizado pela Tiresur, que teve lugar no&#8230;<!-- AddThis Advanced Settings generic via filter on get_the_excerpt --><!-- AddThis Share Buttons generic via filter on get_the_excerpt --><\/p>\n","protected":false},"author":13,"featured_media":72279,"comment_status":"closed","ping_status":"closed","sticky":false,"template":"","format":"standard","meta":{"footnotes":""},"categories":[29],"tags":[1787,3101,2093,3575,3574,2810,1039],"class_list":["post-72277","post","type-post","status-publish","format-standard","has-post-thumbnail","hentry","category-empresas","tag-burgos","tag-evento","tag-inauguracao","tag-marco-estrategico","tag-novas-instalacoes","tag-novo-armazem","tag-tiresur"],"yoast_head":"<!-- This site is optimized with the Yoast SEO plugin v27.5 - https:\/\/yoast.com\/product\/yoast-seo-wordpress\/ -->\n<title>Tiresur celebra inaugura\u00e7\u00e3o das novas instala\u00e7\u00f5es em Burgos - Revista dos Pneus<\/title>\n<meta name=\"description\" content=\"O evento organizado pela Tiresur, que teve lugar no dia 25 de junho, contou com a presen\u00e7a de profissionais de renome do setor dos pneus\" \/>\n<meta name=\"robots\" content=\"index, follow, max-snippet:-1, max-image-preview:large, max-video-preview:-1\" \/>\n<link rel=\"canonical\" href=\"https:\/\/revistadospneus.com\/pt\/2024\/07\/05\/tiresur-celebra-inauguracao-das-novas-instalacoes-em-burgos\/\" \/>\n<meta property=\"og:locale\" content=\"pt_PT\" \/>\n<meta property=\"og:type\" content=\"article\" \/>\n<meta property=\"og:title\" content=\"Tiresur celebra inaugura\u00e7\u00e3o das novas instala\u00e7\u00f5es em Burgos - Revista dos Pneus\" \/>\n<meta property=\"og:description\" content=\"O evento organizado pela Tiresur, que teve lugar no dia 25 de junho, contou com a presen\u00e7a de profissionais de renome do setor dos pneus\" \/>\n<meta property=\"og:url\" content=\"https:\/\/revistadospneus.com\/pt\/2024\/07\/05\/tiresur-celebra-inauguracao-das-novas-instalacoes-em-burgos\/\" \/>\n<meta property=\"og:site_name\" content=\"Revista dos Pneus\" \/>\n<meta property=\"article:publisher\" content=\"https:\/\/www.facebook.com\/revistapneus\" \/>\n<meta property=\"article:published_time\" content=\"2024-07-05T12:56:21+00:00\" \/>\n<meta property=\"og:image\" content=\"https:\/\/revistadospneus.com\/pt\/wp-content\/uploads\/2024\/07\/Tiresur-celebra-inauguracao-das-novas-instalacoes-em-Burgos.png\" \/>\n\t<meta property=\"og:image:width\" content=\"1024\" \/>\n\t<meta property=\"og:image:height\" content=\"581\" \/>\n\t<meta property=\"og:image:type\" content=\"image\/png\" \/>\n<meta name=\"author\" content=\"Reda\u00e7\u00e3o RP\" \/>\n<meta name=\"twitter:card\" content=\"summary_large_image\" \/>\n<meta name=\"twitter:creator\" content=\"@revistapneus\" \/>\n<meta name=\"twitter:site\" content=\"@revistapneus\" \/>\n<meta name=\"twitter:label1\" content=\"Escrito por\" \/>\n\t<meta name=\"twitter:data1\" content=\"Reda\u00e7\u00e3o RP\" \/>\n\t<meta name=\"twitter:label2\" content=\"Tempo estimado de leitura\" \/>\n\t<meta name=\"twitter:data2\" content=\"3 minutos\" \/>\n<script type=\"application\/ld+json\" class=\"yoast-schema-graph\">{\"@context\":\"https:\\\/\\\/schema.org\",\"@graph\":[{\"@type\":\"Article\",\"@id\":\"https:\\\/\\\/revistadospneus.com\\\/pt\\\/2024\\\/07\\\/05\\\/tiresur-celebra-inauguracao-das-novas-instalacoes-em-burgos\\\/#article\",\"isPartOf\":{\"@id\":\"https:\\\/\\\/revistadospneus.com\\\/pt\\\/2024\\\/07\\\/05\\\/tiresur-celebra-inauguracao-das-novas-instalacoes-em-burgos\\\/\"},\"author\":{\"name\":\"Reda\u00e7\u00e3o RP\",\"@id\":\"https:\\\/\\\/revistadospneus.com\\\/pt\\\/#\\\/schema\\\/person\\\/9c602809538a614c26e5569d14ed6442\"},\"headline\":\"Tiresur celebra inaugura\u00e7\u00e3o das novas instala\u00e7\u00f5es em Burgos\",\"datePublished\":\"2024-07-05T12:56:21+00:00\",\"mainEntityOfPage\":{\"@id\":\"https:\\\/\\\/revistadospneus.com\\\/pt\\\/2024\\\/07\\\/05\\\/tiresur-celebra-inauguracao-das-novas-instalacoes-em-burgos\\\/\"},\"wordCount\":377,\"publisher\":{\"@id\":\"https:\\\/\\\/revistadospneus.com\\\/pt\\\/#organization\"},\"image\":{\"@id\":\"https:\\\/\\\/revistadospneus.com\\\/pt\\\/2024\\\/07\\\/05\\\/tiresur-celebra-inauguracao-das-novas-instalacoes-em-burgos\\\/#primaryimage\"},\"thumbnailUrl\":\"https:\\\/\\\/revistadospneus.com\\\/pt\\\/wp-content\\\/uploads\\\/2024\\\/07\\\/Tiresur-celebra-inauguracao-das-novas-instalacoes-em-Burgos.png\",\"keywords\":[\"Burgos\",\"evento\",\"Inaugura\u00e7\u00e3o\",\"marco estrat\u00e9gico\",\"novas instala\u00e7\u00f5es\",\"Novo armaz\u00e9m\",\"Tiresur\"],\"articleSection\":[\"Empresas\"],\"inLanguage\":\"pt-PT\"},{\"@type\":\"WebPage\",\"@id\":\"https:\\\/\\\/revistadospneus.com\\\/pt\\\/2024\\\/07\\\/05\\\/tiresur-celebra-inauguracao-das-novas-instalacoes-em-burgos\\\/\",\"url\":\"https:\\\/\\\/revistadospneus.com\\\/pt\\\/2024\\\/07\\\/05\\\/tiresur-celebra-inauguracao-das-novas-instalacoes-em-burgos\\\/\",\"name\":\"Tiresur celebra inaugura\u00e7\u00e3o das novas instala\u00e7\u00f5es em Burgos - Revista dos Pneus\",\"isPartOf\":{\"@id\":\"https:\\\/\\\/revistadospneus.com\\\/pt\\\/#website\"},\"primaryImageOfPage\":{\"@id\":\"https:\\\/\\\/revistadospneus.com\\\/pt\\\/2024\\\/07\\\/05\\\/tiresur-celebra-inauguracao-das-novas-instalacoes-em-burgos\\\/#primaryimage\"},\"image\":{\"@id\":\"https:\\\/\\\/revistadospneus.com\\\/pt\\\/2024\\\/07\\\/05\\\/tiresur-celebra-inauguracao-das-novas-instalacoes-em-burgos\\\/#primaryimage\"},\"thumbnailUrl\":\"https:\\\/\\\/revistadospneus.com\\\/pt\\\/wp-content\\\/uploads\\\/2024\\\/07\\\/Tiresur-celebra-inauguracao-das-novas-instalacoes-em-Burgos.png\",\"datePublished\":\"2024-07-05T12:56:21+00:00\",\"description\":\"O evento organizado pela Tiresur, que teve lugar no dia 25 de junho, contou com a presen\u00e7a de profissionais de renome do setor dos pneus\",\"breadcrumb\":{\"@id\":\"https:\\\/\\\/revistadospneus.com\\\/pt\\\/2024\\\/07\\\/05\\\/tiresur-celebra-inauguracao-das-novas-instalacoes-em-burgos\\\/#breadcrumb\"},\"inLanguage\":\"pt-PT\",\"potentialAction\":[{\"@type\":\"ReadAction\",\"target\":[\"https:\\\/\\\/revistadospneus.com\\\/pt\\\/2024\\\/07\\\/05\\\/tiresur-celebra-inauguracao-das-novas-instalacoes-em-burgos\\\/\"]}]},{\"@type\":\"ImageObject\",\"inLanguage\":\"pt-PT\",\"@id\":\"https:\\\/\\\/revistadospneus.com\\\/pt\\\/2024\\\/07\\\/05\\\/tiresur-celebra-inauguracao-das-novas-instalacoes-em-burgos\\\/#primaryimage\",\"url\":\"https:\\\/\\\/revistadospneus.com\\\/pt\\\/wp-content\\\/uploads\\\/2024\\\/07\\\/Tiresur-celebra-inauguracao-das-novas-instalacoes-em-Burgos.png\",\"contentUrl\":\"https:\\\/\\\/revistadospneus.com\\\/pt\\\/wp-content\\\/uploads\\\/2024\\\/07\\\/Tiresur-celebra-inauguracao-das-novas-instalacoes-em-Burgos.png\",\"width\":1024,\"height\":581,\"caption\":\"07 - Tiresur celebra inauguracao das novas instalacoes em Burgos\"},{\"@type\":\"BreadcrumbList\",\"@id\":\"https:\\\/\\\/revistadospneus.com\\\/pt\\\/2024\\\/07\\\/05\\\/tiresur-celebra-inauguracao-das-novas-instalacoes-em-burgos\\\/#breadcrumb\",\"itemListElement\":[{\"@type\":\"ListItem\",\"position\":1,\"name\":\"In\u00edcio\",\"item\":\"https:\\\/\\\/revistadospneus.com\\\/pt\\\/\"},{\"@type\":\"ListItem\",\"position\":2,\"name\":\"Tiresur celebra inaugura\u00e7\u00e3o das novas instala\u00e7\u00f5es em Burgos\"}]},{\"@type\":\"WebSite\",\"@id\":\"https:\\\/\\\/revistadospneus.com\\\/pt\\\/#website\",\"url\":\"https:\\\/\\\/revistadospneus.com\\\/pt\\\/\",\"name\":\"Revista dos Pneus\",\"description\":\"Revista independente de pneus e servi\u00e7os r\u00e1pidos\",\"publisher\":{\"@id\":\"https:\\\/\\\/revistadospneus.com\\\/pt\\\/#organization\"},\"potentialAction\":[{\"@type\":\"SearchAction\",\"target\":{\"@type\":\"EntryPoint\",\"urlTemplate\":\"https:\\\/\\\/revistadospneus.com\\\/pt\\\/?s={search_term_string}\"},\"query-input\":{\"@type\":\"PropertyValueSpecification\",\"valueRequired\":true,\"valueName\":\"search_term_string\"}}],\"inLanguage\":\"pt-PT\"},{\"@type\":\"Organization\",\"@id\":\"https:\\\/\\\/revistadospneus.com\\\/pt\\\/#organization\",\"name\":\"Revista dos Pneus\",\"url\":\"https:\\\/\\\/revistadospneus.com\\\/pt\\\/\",\"logo\":{\"@type\":\"ImageObject\",\"inLanguage\":\"pt-PT\",\"@id\":\"https:\\\/\\\/revistadospneus.com\\\/pt\\\/#\\\/schema\\\/logo\\\/image\\\/\",\"url\":\"https:\\\/\\\/revistadospneus.com\\\/pt\\\/wp-content\\\/uploads\\\/logo2-1.png\",\"contentUrl\":\"https:\\\/\\\/revistadospneus.com\\\/pt\\\/wp-content\\\/uploads\\\/logo2-1.png\",\"width\":216,\"height\":70,\"caption\":\"Revista dos Pneus\"},\"image\":{\"@id\":\"https:\\\/\\\/revistadospneus.com\\\/pt\\\/#\\\/schema\\\/logo\\\/image\\\/\"},\"sameAs\":[\"https:\\\/\\\/www.facebook.com\\\/revistapneus\",\"https:\\\/\\\/x.com\\\/revistapneus\",\"https:\\\/\\\/www.linkedin.com\\\/company\\\/jornal-das-oficinas\\\/\",\"https:\\\/\\\/www.youtube.com\\\/channel\\\/UCbQZBqtcvV-oSQrr7RzINGg\"]},{\"@type\":\"Person\",\"@id\":\"https:\\\/\\\/revistadospneus.com\\\/pt\\\/#\\\/schema\\\/person\\\/9c602809538a614c26e5569d14ed6442\",\"name\":\"Reda\u00e7\u00e3o RP\",\"image\":{\"@type\":\"ImageObject\",\"inLanguage\":\"pt-PT\",\"@id\":\"https:\\\/\\\/secure.gravatar.com\\\/avatar\\\/71f2fa71737ad68a84fea94bc708ddac8ea5b0c4788dc2ad202f3ccb2887742f?s=96&d=wp_user_avatar&r=g\",\"url\":\"https:\\\/\\\/secure.gravatar.com\\\/avatar\\\/71f2fa71737ad68a84fea94bc708ddac8ea5b0c4788dc2ad202f3ccb2887742f?s=96&d=wp_user_avatar&r=g\",\"contentUrl\":\"https:\\\/\\\/secure.gravatar.com\\\/avatar\\\/71f2fa71737ad68a84fea94bc708ddac8ea5b0c4788dc2ad202f3ccb2887742f?s=96&d=wp_user_avatar&r=g\",\"caption\":\"Reda\u00e7\u00e3o RP\"},\"url\":\"https:\\\/\\\/revistadospneus.com\\\/pt\\\/author\\\/rpredacao\\\/\"}]}<\/script>\n<!-- \/ Yoast SEO plugin. -->","yoast_head_json":{"title":"Tiresur celebra inaugura\u00e7\u00e3o das novas instala\u00e7\u00f5es em Burgos - Revista dos Pneus","description":"O evento organizado pela Tiresur, que teve lugar no dia 25 de junho, contou com a presen\u00e7a de profissionais de renome do setor dos pneus","robots":{"index":"index","follow":"follow","max-snippet":"max-snippet:-1","max-image-preview":"max-image-preview:large","max-video-preview":"max-video-preview:-1"},"canonical":"https:\/\/revistadospneus.com\/pt\/2024\/07\/05\/tiresur-celebra-inauguracao-das-novas-instalacoes-em-burgos\/","og_locale":"pt_PT","og_type":"article","og_title":"Tiresur celebra inaugura\u00e7\u00e3o das novas instala\u00e7\u00f5es em Burgos - Revista dos Pneus","og_description":"O evento organizado pela Tiresur, que teve lugar no dia 25 de junho, contou com a presen\u00e7a de profissionais de renome do setor dos pneus","og_url":"https:\/\/revistadospneus.com\/pt\/2024\/07\/05\/tiresur-celebra-inauguracao-das-novas-instalacoes-em-burgos\/","og_site_name":"Revista dos Pneus","article_publisher":"https:\/\/www.facebook.com\/revistapneus","article_published_time":"2024-07-05T12:56:21+00:00","og_image":[{"width":1024,"height":581,"url":"https:\/\/revistadospneus.com\/pt\/wp-content\/uploads\/2024\/07\/Tiresur-celebra-inauguracao-das-novas-instalacoes-em-Burgos.png","type":"image\/png"}],"author":"Reda\u00e7\u00e3o RP","twitter_card":"summary_large_image","twitter_creator":"@revistapneus","twitter_site":"@revistapneus","twitter_misc":{"Escrito por":"Reda\u00e7\u00e3o RP","Tempo estimado de leitura":"3 minutos"},"schema":{"@context":"https:\/\/schema.org","@graph":[{"@type":"Article","@id":"https:\/\/revistadospneus.com\/pt\/2024\/07\/05\/tiresur-celebra-inauguracao-das-novas-instalacoes-em-burgos\/#article","isPartOf":{"@id":"https:\/\/revistadospneus.com\/pt\/2024\/07\/05\/tiresur-celebra-inauguracao-das-novas-instalacoes-em-burgos\/"},"author":{"name":"Reda\u00e7\u00e3o RP","@id":"https:\/\/revistadospneus.com\/pt\/#\/schema\/person\/9c602809538a614c26e5569d14ed6442"},"headline":"Tiresur celebra inaugura\u00e7\u00e3o das novas instala\u00e7\u00f5es em Burgos","datePublished":"2024-07-05T12:56:21+00:00","mainEntityOfPage":{"@id":"https:\/\/revistadospneus.com\/pt\/2024\/07\/05\/tiresur-celebra-inauguracao-das-novas-instalacoes-em-burgos\/"},"wordCount":377,"publisher":{"@id":"https:\/\/revistadospneus.com\/pt\/#organization"},"image":{"@id":"https:\/\/revistadospneus.com\/pt\/2024\/07\/05\/tiresur-celebra-inauguracao-das-novas-instalacoes-em-burgos\/#primaryimage"},"thumbnailUrl":"https:\/\/revistadospneus.com\/pt\/wp-content\/uploads\/2024\/07\/Tiresur-celebra-inauguracao-das-novas-instalacoes-em-Burgos.png","keywords":["Burgos","evento","Inaugura\u00e7\u00e3o","marco estrat\u00e9gico","novas instala\u00e7\u00f5es","Novo armaz\u00e9m","Tiresur"],"articleSection":["Empresas"],"inLanguage":"pt-PT"},{"@type":"WebPage","@id":"https:\/\/revistadospneus.com\/pt\/2024\/07\/05\/tiresur-celebra-inauguracao-das-novas-instalacoes-em-burgos\/","url":"https:\/\/revistadospneus.com\/pt\/2024\/07\/05\/tiresur-celebra-inauguracao-das-novas-instalacoes-em-burgos\/","name":"Tiresur celebra inaugura\u00e7\u00e3o das novas instala\u00e7\u00f5es em Burgos - Revista dos Pneus","isPartOf":{"@id":"https:\/\/revistadospneus.com\/pt\/#website"},"primaryImageOfPage":{"@id":"https:\/\/revistadospneus.com\/pt\/2024\/07\/05\/tiresur-celebra-inauguracao-das-novas-instalacoes-em-burgos\/#primaryimage"},"image":{"@id":"https:\/\/revistadospneus.com\/pt\/2024\/07\/05\/tiresur-celebra-inauguracao-das-novas-instalacoes-em-burgos\/#primaryimage"},"thumbnailUrl":"https:\/\/revistadospneus.com\/pt\/wp-content\/uploads\/2024\/07\/Tiresur-celebra-inauguracao-das-novas-instalacoes-em-Burgos.png","datePublished":"2024-07-05T12:56:21+00:00","description":"O evento organizado pela Tiresur, que teve lugar no dia 25 de junho, contou com a presen\u00e7a de profissionais de renome do setor dos pneus","breadcrumb":{"@id":"https:\/\/revistadospneus.com\/pt\/2024\/07\/05\/tiresur-celebra-inauguracao-das-novas-instalacoes-em-burgos\/#breadcrumb"},"inLanguage":"pt-PT","potentialAction":[{"@type":"ReadAction","target":["https:\/\/revistadospneus.com\/pt\/2024\/07\/05\/tiresur-celebra-inauguracao-das-novas-instalacoes-em-burgos\/"]}]},{"@type":"ImageObject","inLanguage":"pt-PT","@id":"https:\/\/revistadospneus.com\/pt\/2024\/07\/05\/tiresur-celebra-inauguracao-das-novas-instalacoes-em-burgos\/#primaryimage","url":"https:\/\/revistadospneus.com\/pt\/wp-content\/uploads\/2024\/07\/Tiresur-celebra-inauguracao-das-novas-instalacoes-em-Burgos.png","contentUrl":"https:\/\/revistadospneus.com\/pt\/wp-content\/uploads\/2024\/07\/Tiresur-celebra-inauguracao-das-novas-instalacoes-em-Burgos.png","width":1024,"height":581,"caption":"07 - Tiresur celebra inauguracao das novas instalacoes em Burgos"},{"@type":"BreadcrumbList","@id":"https:\/\/revistadospneus.com\/pt\/2024\/07\/05\/tiresur-celebra-inauguracao-das-novas-instalacoes-em-burgos\/#breadcrumb","itemListElement":[{"@type":"ListItem","position":1,"name":"In\u00edcio","item":"https:\/\/revistadospneus.com\/pt\/"},{"@type":"ListItem","position":2,"name":"Tiresur celebra inaugura\u00e7\u00e3o das novas instala\u00e7\u00f5es em Burgos"}]},{"@type":"WebSite","@id":"https:\/\/revistadospneus.com\/pt\/#website","url":"https:\/\/revistadospneus.com\/pt\/","name":"Revista dos Pneus","description":"Revista independente de pneus e servi\u00e7os r\u00e1pidos","publisher":{"@id":"https:\/\/revistadospneus.com\/pt\/#organization"},"potentialAction":[{"@type":"SearchAction","target":{"@type":"EntryPoint","urlTemplate":"https:\/\/revistadospneus.com\/pt\/?s={search_term_string}"},"query-input":{"@type":"PropertyValueSpecification","valueRequired":true,"valueName":"search_term_string"}}],"inLanguage":"pt-PT"},{"@type":"Organization","@id":"https:\/\/revistadospneus.com\/pt\/#organization","name":"Revista dos Pneus","url":"https:\/\/revistadospneus.com\/pt\/","logo":{"@type":"ImageObject","inLanguage":"pt-PT","@id":"https:\/\/revistadospneus.com\/pt\/#\/schema\/logo\/image\/","url":"https:\/\/revistadospneus.com\/pt\/wp-content\/uploads\/logo2-1.png","contentUrl":"https:\/\/revistadospneus.com\/pt\/wp-content\/uploads\/logo2-1.png","width":216,"height":70,"caption":"Revista dos Pneus"},"image":{"@id":"https:\/\/revistadospneus.com\/pt\/#\/schema\/logo\/image\/"},"sameAs":["https:\/\/www.facebook.com\/revistapneus","https:\/\/x.com\/revistapneus","https:\/\/www.linkedin.com\/company\/jornal-das-oficinas\/","https:\/\/www.youtube.com\/channel\/UCbQZBqtcvV-oSQrr7RzINGg"]},{"@type":"Person","@id":"https:\/\/revistadospneus.com\/pt\/#\/schema\/person\/9c602809538a614c26e5569d14ed6442","name":"Reda\u00e7\u00e3o RP","image":{"@type":"ImageObject","inLanguage":"pt-PT","@id":"https:\/\/secure.gravatar.com\/avatar\/71f2fa71737ad68a84fea94bc708ddac8ea5b0c4788dc2ad202f3ccb2887742f?s=96&d=wp_user_avatar&r=g","url":"https:\/\/secure.gravatar.com\/avatar\/71f2fa71737ad68a84fea94bc708ddac8ea5b0c4788dc2ad202f3ccb2887742f?s=96&d=wp_user_avatar&r=g","contentUrl":"https:\/\/secure.gravatar.com\/avatar\/71f2fa71737ad68a84fea94bc708ddac8ea5b0c4788dc2ad202f3ccb2887742f?s=96&d=wp_user_avatar&r=g","caption":"Reda\u00e7\u00e3o RP"},"url":"https:\/\/revistadospneus.com\/pt\/author\/rpredacao\/"}]}},"_links":{"self":[{"href":"https:\/\/revistadospneus.com\/pt\/wp-json\/wp\/v2\/posts\/72277","targetHints":{"allow":["GET"]}}],"collection":[{"href":"https:\/\/revistadospneus.com\/pt\/wp-json\/wp\/v2\/posts"}],"about":[{"href":"https:\/\/revistadospneus.com\/pt\/wp-json\/wp\/v2\/types\/post"}],"author":[{"embeddable":true,"href":"https:\/\/revistadospneus.com\/pt\/wp-json\/wp\/v2\/users\/13"}],"replies":[{"embeddable":true,"href":"https:\/\/revistadospneus.com\/pt\/wp-json\/wp\/v2\/comments?post=72277"}],"version-history":[{"count":2,"href":"https:\/\/revistadospneus.com\/pt\/wp-json\/wp\/v2\/posts\/72277\/revisions"}],"predecessor-version":[{"id":72280,"href":"https:\/\/revistadospneus.com\/pt\/wp-json\/wp\/v2\/posts\/72277\/revisions\/72280"}],"wp:featuredmedia":[{"embeddable":true,"href":"https:\/\/revistadospneus.com\/pt\/wp-json\/wp\/v2\/media\/72279"}],"wp:attachment":[{"href":"https:\/\/revistadospneus.com\/pt\/wp-json\/wp\/v2\/media?parent=72277"}],"wp:term":[{"taxonomy":"category","embeddable":true,"href":"https:\/\/revistadospneus.com\/pt\/wp-json\/wp\/v2\/categories?post=72277"},{"taxonomy":"post_tag","embeddable":true,"href":"https:\/\/revistadospneus.com\/pt\/wp-json\/wp\/v2\/tags?post=72277"}],"curies":[{"name":"wp","href":"https:\/\/api.w.org\/{rel}","templated":true}]}}