{"id":72286,"date":"2024-07-08T14:57:23","date_gmt":"2024-07-08T13:57:23","guid":{"rendered":"https:\/\/revistadospneus.com\/pt\/?p=72286"},"modified":"2024-07-08T14:57:23","modified_gmt":"2024-07-08T13:57:23","slug":"carpneu-porto-muda-de-instalacoes","status":"publish","type":"post","link":"https:\/\/revistadospneus.com\/pt\/2024\/07\/08\/carpneu-porto-muda-de-instalacoes\/","title":{"rendered":"Carpneu Porto muda de instala\u00e7\u00f5es"},"content":{"rendered":"<p><strong><img loading=\"lazy\" decoding=\"async\" class=\"alignnone size-full wp-image-72288\" src=\"https:\/\/revistadospneus.com\/pt\/wp-content\/uploads\/2024\/07\/Carpneu-Porto-muda-de-instalacoes.jpg\" alt=\"07 - Carpneu Porto muda de instalacoes\" width=\"1024\" height=\"581\" srcset=\"https:\/\/revistadospneus.com\/pt\/wp-content\/uploads\/2024\/07\/Carpneu-Porto-muda-de-instalacoes.jpg 1024w, https:\/\/revistadospneus.com\/pt\/wp-content\/uploads\/2024\/07\/Carpneu-Porto-muda-de-instalacoes-300x170.jpg 300w, https:\/\/revistadospneus.com\/pt\/wp-content\/uploads\/2024\/07\/Carpneu-Porto-muda-de-instalacoes-150x85.jpg 150w, https:\/\/revistadospneus.com\/pt\/wp-content\/uploads\/2024\/07\/Carpneu-Porto-muda-de-instalacoes-768x436.jpg 768w\" sizes=\"auto, (max-width: 1024px) 100vw, 1024px\" \/><\/strong><\/p>\n<p><strong>Fruto de uma crescente procura pela oficina da zona industrial do Porto, a <a href=\"https:\/\/carpneu.net\/\" target=\"_blank\" rel=\"noopener\">Carpneu<\/a> investiu em novas instala\u00e7\u00f5es de forma a melhor servir os clientes<\/strong><\/p>\n<p>&#8220;A Carpneu est\u00e1 presente na cidade do Porto desde 2016 e abriu agora as novas instala\u00e7\u00f5es, com o dobro da \u00e1rea das anteriores para assegurar qualidade de servi\u00e7o, rapidez e efici\u00eancia&#8221;, avan\u00e7ou a empresa em comunicado.<\/p>\n<p>&#8220;Ao investir nas novas instala\u00e7\u00f5es, mais modernas e mais eficientes, a Carpneu fortalece a sua posi\u00e7\u00e3o no mercado, de forma a enfrentar os desafios do futuro para continuar a oferecer produtos e servi\u00e7os da mais alta qualidade aos seus clientes&#8221;, salientou.<\/p>\n<p>A nova localiza\u00e7\u00e3o da Carpneu no Porto \u00e9 na Rua Ant\u00f3nio da Silva Marinho n\u00ba171 4100-064, Ramalde, Porto apenas a 1km das antigas instala\u00e7\u00f5es.<\/p>\n<p>Recorde-se que a Carpneu disp\u00f5e de oficinas em Famalic\u00e3o, Ponte de Lima, Braga, Porto e carrinhas de assist\u00eancia para ve\u00edculos pesados e industriais. Disp\u00f5e tamb\u00e9m de uma rede de parceiros nacional, que permite proporcionar assist\u00eancia a frotas autom\u00f3veis em v\u00e1rios pontos do Pa\u00eds.<\/p>\n<!-- AddThis Advanced Settings generic via filter on the_content --><!-- AddThis Share Buttons generic via filter on the_content -->","protected":false},"excerpt":{"rendered":"<p>Fruto de uma crescente procura pela oficina da zona&#8230;<!-- AddThis Advanced Settings generic via filter on get_the_excerpt --><!-- AddThis Share Buttons generic via filter on get_the_excerpt --><\/p>\n","protected":false},"author":13,"featured_media":72288,"comment_status":"closed","ping_status":"closed","sticky":false,"template":"","format":"standard","meta":{"footnotes":""},"categories":[29],"tags":[3577,3578,3576,386,3579],"class_list":["post-72286","post","type-post","status-publish","format-standard","has-post-thumbnail","hentry","category-empresas","tag-carpneu-porto","tag-crescente-procura","tag-mudanca-de-instalacoes","tag-oficinas","tag-zona-industrial-do-porto"],"yoast_head":"<!-- This site is optimized with the Yoast SEO plugin v27.5 - https:\/\/yoast.com\/product\/yoast-seo-wordpress\/ -->\n<title>Carpneu Porto muda de instala\u00e7\u00f5es - Revista dos Pneus<\/title>\n<meta name=\"description\" content=\"Devido ao aumento da procura pela oficina da zona industrial do Porto, a Carpneu investiu em novas instala\u00e7\u00f5es\" \/>\n<meta name=\"robots\" content=\"index, follow, max-snippet:-1, max-image-preview:large, max-video-preview:-1\" \/>\n<link rel=\"canonical\" href=\"https:\/\/revistadospneus.com\/pt\/2024\/07\/08\/carpneu-porto-muda-de-instalacoes\/\" \/>\n<meta property=\"og:locale\" content=\"pt_PT\" \/>\n<meta property=\"og:type\" content=\"article\" \/>\n<meta property=\"og:title\" content=\"Carpneu Porto muda de instala\u00e7\u00f5es - Revista dos Pneus\" \/>\n<meta property=\"og:description\" content=\"Devido ao aumento da procura pela oficina da zona industrial do Porto, a Carpneu investiu em novas instala\u00e7\u00f5es\" \/>\n<meta property=\"og:url\" content=\"https:\/\/revistadospneus.com\/pt\/2024\/07\/08\/carpneu-porto-muda-de-instalacoes\/\" \/>\n<meta property=\"og:site_name\" content=\"Revista dos Pneus\" \/>\n<meta property=\"article:publisher\" content=\"https:\/\/www.facebook.com\/revistapneus\" \/>\n<meta property=\"article:published_time\" content=\"2024-07-08T13:57:23+00:00\" \/>\n<meta property=\"og:image\" content=\"https:\/\/revistadospneus.com\/pt\/wp-content\/uploads\/2024\/07\/Carpneu-Porto-muda-de-instalacoes.jpg\" \/>\n\t<meta property=\"og:image:width\" content=\"1024\" \/>\n\t<meta property=\"og:image:height\" content=\"581\" \/>\n\t<meta property=\"og:image:type\" content=\"image\/jpeg\" \/>\n<meta name=\"author\" content=\"Reda\u00e7\u00e3o RP\" \/>\n<meta name=\"twitter:card\" content=\"summary_large_image\" \/>\n<meta name=\"twitter:creator\" content=\"@revistapneus\" \/>\n<meta name=\"twitter:site\" content=\"@revistapneus\" \/>\n<meta name=\"twitter:label1\" content=\"Escrito por\" \/>\n\t<meta name=\"twitter:data1\" content=\"Reda\u00e7\u00e3o RP\" \/>\n\t<meta name=\"twitter:label2\" content=\"Tempo estimado de leitura\" \/>\n\t<meta name=\"twitter:data2\" content=\"2 minutos\" \/>\n<script type=\"application\/ld+json\" class=\"yoast-schema-graph\">{\"@context\":\"https:\\\/\\\/schema.org\",\"@graph\":[{\"@type\":\"Article\",\"@id\":\"https:\\\/\\\/revistadospneus.com\\\/pt\\\/2024\\\/07\\\/08\\\/carpneu-porto-muda-de-instalacoes\\\/#article\",\"isPartOf\":{\"@id\":\"https:\\\/\\\/revistadospneus.com\\\/pt\\\/2024\\\/07\\\/08\\\/carpneu-porto-muda-de-instalacoes\\\/\"},\"author\":{\"name\":\"Reda\u00e7\u00e3o RP\",\"@id\":\"https:\\\/\\\/revistadospneus.com\\\/pt\\\/#\\\/schema\\\/person\\\/9c602809538a614c26e5569d14ed6442\"},\"headline\":\"Carpneu Porto muda de instala\u00e7\u00f5es\",\"datePublished\":\"2024-07-08T13:57:23+00:00\",\"mainEntityOfPage\":{\"@id\":\"https:\\\/\\\/revistadospneus.com\\\/pt\\\/2024\\\/07\\\/08\\\/carpneu-porto-muda-de-instalacoes\\\/\"},\"wordCount\":194,\"publisher\":{\"@id\":\"https:\\\/\\\/revistadospneus.com\\\/pt\\\/#organization\"},\"image\":{\"@id\":\"https:\\\/\\\/revistadospneus.com\\\/pt\\\/2024\\\/07\\\/08\\\/carpneu-porto-muda-de-instalacoes\\\/#primaryimage\"},\"thumbnailUrl\":\"https:\\\/\\\/revistadospneus.com\\\/pt\\\/wp-content\\\/uploads\\\/2024\\\/07\\\/Carpneu-Porto-muda-de-instalacoes.jpg\",\"keywords\":[\"Carpneu Porto\",\"crescente procura\",\"mudan\u00e7a de instala\u00e7\u00f5es\",\"Oficinas\",\"Zona Industrial do Porto\"],\"articleSection\":[\"Empresas\"],\"inLanguage\":\"pt-PT\"},{\"@type\":\"WebPage\",\"@id\":\"https:\\\/\\\/revistadospneus.com\\\/pt\\\/2024\\\/07\\\/08\\\/carpneu-porto-muda-de-instalacoes\\\/\",\"url\":\"https:\\\/\\\/revistadospneus.com\\\/pt\\\/2024\\\/07\\\/08\\\/carpneu-porto-muda-de-instalacoes\\\/\",\"name\":\"Carpneu Porto muda de instala\u00e7\u00f5es - Revista dos Pneus\",\"isPartOf\":{\"@id\":\"https:\\\/\\\/revistadospneus.com\\\/pt\\\/#website\"},\"primaryImageOfPage\":{\"@id\":\"https:\\\/\\\/revistadospneus.com\\\/pt\\\/2024\\\/07\\\/08\\\/carpneu-porto-muda-de-instalacoes\\\/#primaryimage\"},\"image\":{\"@id\":\"https:\\\/\\\/revistadospneus.com\\\/pt\\\/2024\\\/07\\\/08\\\/carpneu-porto-muda-de-instalacoes\\\/#primaryimage\"},\"thumbnailUrl\":\"https:\\\/\\\/revistadospneus.com\\\/pt\\\/wp-content\\\/uploads\\\/2024\\\/07\\\/Carpneu-Porto-muda-de-instalacoes.jpg\",\"datePublished\":\"2024-07-08T13:57:23+00:00\",\"description\":\"Devido ao aumento da procura pela oficina da zona industrial do Porto, a Carpneu investiu em novas instala\u00e7\u00f5es\",\"breadcrumb\":{\"@id\":\"https:\\\/\\\/revistadospneus.com\\\/pt\\\/2024\\\/07\\\/08\\\/carpneu-porto-muda-de-instalacoes\\\/#breadcrumb\"},\"inLanguage\":\"pt-PT\",\"potentialAction\":[{\"@type\":\"ReadAction\",\"target\":[\"https:\\\/\\\/revistadospneus.com\\\/pt\\\/2024\\\/07\\\/08\\\/carpneu-porto-muda-de-instalacoes\\\/\"]}]},{\"@type\":\"ImageObject\",\"inLanguage\":\"pt-PT\",\"@id\":\"https:\\\/\\\/revistadospneus.com\\\/pt\\\/2024\\\/07\\\/08\\\/carpneu-porto-muda-de-instalacoes\\\/#primaryimage\",\"url\":\"https:\\\/\\\/revistadospneus.com\\\/pt\\\/wp-content\\\/uploads\\\/2024\\\/07\\\/Carpneu-Porto-muda-de-instalacoes.jpg\",\"contentUrl\":\"https:\\\/\\\/revistadospneus.com\\\/pt\\\/wp-content\\\/uploads\\\/2024\\\/07\\\/Carpneu-Porto-muda-de-instalacoes.jpg\",\"width\":1024,\"height\":581,\"caption\":\"07 - Carpneu Porto muda de instalacoes\"},{\"@type\":\"BreadcrumbList\",\"@id\":\"https:\\\/\\\/revistadospneus.com\\\/pt\\\/2024\\\/07\\\/08\\\/carpneu-porto-muda-de-instalacoes\\\/#breadcrumb\",\"itemListElement\":[{\"@type\":\"ListItem\",\"position\":1,\"name\":\"In\u00edcio\",\"item\":\"https:\\\/\\\/revistadospneus.com\\\/pt\\\/\"},{\"@type\":\"ListItem\",\"position\":2,\"name\":\"Carpneu Porto muda de instala\u00e7\u00f5es\"}]},{\"@type\":\"WebSite\",\"@id\":\"https:\\\/\\\/revistadospneus.com\\\/pt\\\/#website\",\"url\":\"https:\\\/\\\/revistadospneus.com\\\/pt\\\/\",\"name\":\"Revista dos Pneus\",\"description\":\"Revista independente de pneus e servi\u00e7os r\u00e1pidos\",\"publisher\":{\"@id\":\"https:\\\/\\\/revistadospneus.com\\\/pt\\\/#organization\"},\"potentialAction\":[{\"@type\":\"SearchAction\",\"target\":{\"@type\":\"EntryPoint\",\"urlTemplate\":\"https:\\\/\\\/revistadospneus.com\\\/pt\\\/?s={search_term_string}\"},\"query-input\":{\"@type\":\"PropertyValueSpecification\",\"valueRequired\":true,\"valueName\":\"search_term_string\"}}],\"inLanguage\":\"pt-PT\"},{\"@type\":\"Organization\",\"@id\":\"https:\\\/\\\/revistadospneus.com\\\/pt\\\/#organization\",\"name\":\"Revista dos Pneus\",\"url\":\"https:\\\/\\\/revistadospneus.com\\\/pt\\\/\",\"logo\":{\"@type\":\"ImageObject\",\"inLanguage\":\"pt-PT\",\"@id\":\"https:\\\/\\\/revistadospneus.com\\\/pt\\\/#\\\/schema\\\/logo\\\/image\\\/\",\"url\":\"https:\\\/\\\/revistadospneus.com\\\/pt\\\/wp-content\\\/uploads\\\/logo2-1.png\",\"contentUrl\":\"https:\\\/\\\/revistadospneus.com\\\/pt\\\/wp-content\\\/uploads\\\/logo2-1.png\",\"width\":216,\"height\":70,\"caption\":\"Revista dos Pneus\"},\"image\":{\"@id\":\"https:\\\/\\\/revistadospneus.com\\\/pt\\\/#\\\/schema\\\/logo\\\/image\\\/\"},\"sameAs\":[\"https:\\\/\\\/www.facebook.com\\\/revistapneus\",\"https:\\\/\\\/x.com\\\/revistapneus\",\"https:\\\/\\\/www.linkedin.com\\\/company\\\/jornal-das-oficinas\\\/\",\"https:\\\/\\\/www.youtube.com\\\/channel\\\/UCbQZBqtcvV-oSQrr7RzINGg\"]},{\"@type\":\"Person\",\"@id\":\"https:\\\/\\\/revistadospneus.com\\\/pt\\\/#\\\/schema\\\/person\\\/9c602809538a614c26e5569d14ed6442\",\"name\":\"Reda\u00e7\u00e3o RP\",\"image\":{\"@type\":\"ImageObject\",\"inLanguage\":\"pt-PT\",\"@id\":\"https:\\\/\\\/secure.gravatar.com\\\/avatar\\\/71f2fa71737ad68a84fea94bc708ddac8ea5b0c4788dc2ad202f3ccb2887742f?s=96&d=wp_user_avatar&r=g\",\"url\":\"https:\\\/\\\/secure.gravatar.com\\\/avatar\\\/71f2fa71737ad68a84fea94bc708ddac8ea5b0c4788dc2ad202f3ccb2887742f?s=96&d=wp_user_avatar&r=g\",\"contentUrl\":\"https:\\\/\\\/secure.gravatar.com\\\/avatar\\\/71f2fa71737ad68a84fea94bc708ddac8ea5b0c4788dc2ad202f3ccb2887742f?s=96&d=wp_user_avatar&r=g\",\"caption\":\"Reda\u00e7\u00e3o RP\"},\"url\":\"https:\\\/\\\/revistadospneus.com\\\/pt\\\/author\\\/rpredacao\\\/\"}]}<\/script>\n<!-- \/ Yoast SEO plugin. -->","yoast_head_json":{"title":"Carpneu Porto muda de instala\u00e7\u00f5es - Revista dos Pneus","description":"Devido ao aumento da procura pela oficina da zona industrial do Porto, a Carpneu investiu em novas instala\u00e7\u00f5es","robots":{"index":"index","follow":"follow","max-snippet":"max-snippet:-1","max-image-preview":"max-image-preview:large","max-video-preview":"max-video-preview:-1"},"canonical":"https:\/\/revistadospneus.com\/pt\/2024\/07\/08\/carpneu-porto-muda-de-instalacoes\/","og_locale":"pt_PT","og_type":"article","og_title":"Carpneu Porto muda de instala\u00e7\u00f5es - Revista dos Pneus","og_description":"Devido ao aumento da procura pela oficina da zona industrial do Porto, a Carpneu investiu em novas instala\u00e7\u00f5es","og_url":"https:\/\/revistadospneus.com\/pt\/2024\/07\/08\/carpneu-porto-muda-de-instalacoes\/","og_site_name":"Revista dos Pneus","article_publisher":"https:\/\/www.facebook.com\/revistapneus","article_published_time":"2024-07-08T13:57:23+00:00","og_image":[{"width":1024,"height":581,"url":"https:\/\/revistadospneus.com\/pt\/wp-content\/uploads\/2024\/07\/Carpneu-Porto-muda-de-instalacoes.jpg","type":"image\/jpeg"}],"author":"Reda\u00e7\u00e3o RP","twitter_card":"summary_large_image","twitter_creator":"@revistapneus","twitter_site":"@revistapneus","twitter_misc":{"Escrito por":"Reda\u00e7\u00e3o RP","Tempo estimado de leitura":"2 minutos"},"schema":{"@context":"https:\/\/schema.org","@graph":[{"@type":"Article","@id":"https:\/\/revistadospneus.com\/pt\/2024\/07\/08\/carpneu-porto-muda-de-instalacoes\/#article","isPartOf":{"@id":"https:\/\/revistadospneus.com\/pt\/2024\/07\/08\/carpneu-porto-muda-de-instalacoes\/"},"author":{"name":"Reda\u00e7\u00e3o RP","@id":"https:\/\/revistadospneus.com\/pt\/#\/schema\/person\/9c602809538a614c26e5569d14ed6442"},"headline":"Carpneu Porto muda de instala\u00e7\u00f5es","datePublished":"2024-07-08T13:57:23+00:00","mainEntityOfPage":{"@id":"https:\/\/revistadospneus.com\/pt\/2024\/07\/08\/carpneu-porto-muda-de-instalacoes\/"},"wordCount":194,"publisher":{"@id":"https:\/\/revistadospneus.com\/pt\/#organization"},"image":{"@id":"https:\/\/revistadospneus.com\/pt\/2024\/07\/08\/carpneu-porto-muda-de-instalacoes\/#primaryimage"},"thumbnailUrl":"https:\/\/revistadospneus.com\/pt\/wp-content\/uploads\/2024\/07\/Carpneu-Porto-muda-de-instalacoes.jpg","keywords":["Carpneu Porto","crescente procura","mudan\u00e7a de instala\u00e7\u00f5es","Oficinas","Zona Industrial do Porto"],"articleSection":["Empresas"],"inLanguage":"pt-PT"},{"@type":"WebPage","@id":"https:\/\/revistadospneus.com\/pt\/2024\/07\/08\/carpneu-porto-muda-de-instalacoes\/","url":"https:\/\/revistadospneus.com\/pt\/2024\/07\/08\/carpneu-porto-muda-de-instalacoes\/","name":"Carpneu Porto muda de instala\u00e7\u00f5es - Revista dos Pneus","isPartOf":{"@id":"https:\/\/revistadospneus.com\/pt\/#website"},"primaryImageOfPage":{"@id":"https:\/\/revistadospneus.com\/pt\/2024\/07\/08\/carpneu-porto-muda-de-instalacoes\/#primaryimage"},"image":{"@id":"https:\/\/revistadospneus.com\/pt\/2024\/07\/08\/carpneu-porto-muda-de-instalacoes\/#primaryimage"},"thumbnailUrl":"https:\/\/revistadospneus.com\/pt\/wp-content\/uploads\/2024\/07\/Carpneu-Porto-muda-de-instalacoes.jpg","datePublished":"2024-07-08T13:57:23+00:00","description":"Devido ao aumento da procura pela oficina da zona industrial do Porto, a Carpneu investiu em novas instala\u00e7\u00f5es","breadcrumb":{"@id":"https:\/\/revistadospneus.com\/pt\/2024\/07\/08\/carpneu-porto-muda-de-instalacoes\/#breadcrumb"},"inLanguage":"pt-PT","potentialAction":[{"@type":"ReadAction","target":["https:\/\/revistadospneus.com\/pt\/2024\/07\/08\/carpneu-porto-muda-de-instalacoes\/"]}]},{"@type":"ImageObject","inLanguage":"pt-PT","@id":"https:\/\/revistadospneus.com\/pt\/2024\/07\/08\/carpneu-porto-muda-de-instalacoes\/#primaryimage","url":"https:\/\/revistadospneus.com\/pt\/wp-content\/uploads\/2024\/07\/Carpneu-Porto-muda-de-instalacoes.jpg","contentUrl":"https:\/\/revistadospneus.com\/pt\/wp-content\/uploads\/2024\/07\/Carpneu-Porto-muda-de-instalacoes.jpg","width":1024,"height":581,"caption":"07 - Carpneu Porto muda de instalacoes"},{"@type":"BreadcrumbList","@id":"https:\/\/revistadospneus.com\/pt\/2024\/07\/08\/carpneu-porto-muda-de-instalacoes\/#breadcrumb","itemListElement":[{"@type":"ListItem","position":1,"name":"In\u00edcio","item":"https:\/\/revistadospneus.com\/pt\/"},{"@type":"ListItem","position":2,"name":"Carpneu Porto muda de instala\u00e7\u00f5es"}]},{"@type":"WebSite","@id":"https:\/\/revistadospneus.com\/pt\/#website","url":"https:\/\/revistadospneus.com\/pt\/","name":"Revista dos Pneus","description":"Revista independente de pneus e servi\u00e7os r\u00e1pidos","publisher":{"@id":"https:\/\/revistadospneus.com\/pt\/#organization"},"potentialAction":[{"@type":"SearchAction","target":{"@type":"EntryPoint","urlTemplate":"https:\/\/revistadospneus.com\/pt\/?s={search_term_string}"},"query-input":{"@type":"PropertyValueSpecification","valueRequired":true,"valueName":"search_term_string"}}],"inLanguage":"pt-PT"},{"@type":"Organization","@id":"https:\/\/revistadospneus.com\/pt\/#organization","name":"Revista dos Pneus","url":"https:\/\/revistadospneus.com\/pt\/","logo":{"@type":"ImageObject","inLanguage":"pt-PT","@id":"https:\/\/revistadospneus.com\/pt\/#\/schema\/logo\/image\/","url":"https:\/\/revistadospneus.com\/pt\/wp-content\/uploads\/logo2-1.png","contentUrl":"https:\/\/revistadospneus.com\/pt\/wp-content\/uploads\/logo2-1.png","width":216,"height":70,"caption":"Revista dos Pneus"},"image":{"@id":"https:\/\/revistadospneus.com\/pt\/#\/schema\/logo\/image\/"},"sameAs":["https:\/\/www.facebook.com\/revistapneus","https:\/\/x.com\/revistapneus","https:\/\/www.linkedin.com\/company\/jornal-das-oficinas\/","https:\/\/www.youtube.com\/channel\/UCbQZBqtcvV-oSQrr7RzINGg"]},{"@type":"Person","@id":"https:\/\/revistadospneus.com\/pt\/#\/schema\/person\/9c602809538a614c26e5569d14ed6442","name":"Reda\u00e7\u00e3o RP","image":{"@type":"ImageObject","inLanguage":"pt-PT","@id":"https:\/\/secure.gravatar.com\/avatar\/71f2fa71737ad68a84fea94bc708ddac8ea5b0c4788dc2ad202f3ccb2887742f?s=96&d=wp_user_avatar&r=g","url":"https:\/\/secure.gravatar.com\/avatar\/71f2fa71737ad68a84fea94bc708ddac8ea5b0c4788dc2ad202f3ccb2887742f?s=96&d=wp_user_avatar&r=g","contentUrl":"https:\/\/secure.gravatar.com\/avatar\/71f2fa71737ad68a84fea94bc708ddac8ea5b0c4788dc2ad202f3ccb2887742f?s=96&d=wp_user_avatar&r=g","caption":"Reda\u00e7\u00e3o RP"},"url":"https:\/\/revistadospneus.com\/pt\/author\/rpredacao\/"}]}},"_links":{"self":[{"href":"https:\/\/revistadospneus.com\/pt\/wp-json\/wp\/v2\/posts\/72286","targetHints":{"allow":["GET"]}}],"collection":[{"href":"https:\/\/revistadospneus.com\/pt\/wp-json\/wp\/v2\/posts"}],"about":[{"href":"https:\/\/revistadospneus.com\/pt\/wp-json\/wp\/v2\/types\/post"}],"author":[{"embeddable":true,"href":"https:\/\/revistadospneus.com\/pt\/wp-json\/wp\/v2\/users\/13"}],"replies":[{"embeddable":true,"href":"https:\/\/revistadospneus.com\/pt\/wp-json\/wp\/v2\/comments?post=72286"}],"version-history":[{"count":2,"href":"https:\/\/revistadospneus.com\/pt\/wp-json\/wp\/v2\/posts\/72286\/revisions"}],"predecessor-version":[{"id":72289,"href":"https:\/\/revistadospneus.com\/pt\/wp-json\/wp\/v2\/posts\/72286\/revisions\/72289"}],"wp:featuredmedia":[{"embeddable":true,"href":"https:\/\/revistadospneus.com\/pt\/wp-json\/wp\/v2\/media\/72288"}],"wp:attachment":[{"href":"https:\/\/revistadospneus.com\/pt\/wp-json\/wp\/v2\/media?parent=72286"}],"wp:term":[{"taxonomy":"category","embeddable":true,"href":"https:\/\/revistadospneus.com\/pt\/wp-json\/wp\/v2\/categories?post=72286"},{"taxonomy":"post_tag","embeddable":true,"href":"https:\/\/revistadospneus.com\/pt\/wp-json\/wp\/v2\/tags?post=72286"}],"curies":[{"name":"wp","href":"https:\/\/api.w.org\/{rel}","templated":true}]}}