{"id":72339,"date":"2024-07-12T18:00:44","date_gmt":"2024-07-12T17:00:44","guid":{"rendered":"https:\/\/revistadospneus.com\/pt\/?p=72339"},"modified":"2024-07-12T16:56:08","modified_gmt":"2024-07-12T15:56:08","slug":"vipal-avalia-grande-sucesso-na-the-tire-cologne-2024","status":"publish","type":"post","link":"https:\/\/revistadospneus.com\/pt\/2024\/07\/12\/vipal-avalia-grande-sucesso-na-the-tire-cologne-2024\/","title":{"rendered":"Vipal avalia \u201cgrande sucesso\u201d na The Tire Cologne 2024"},"content":{"rendered":"<p><strong><img loading=\"lazy\" decoding=\"async\" class=\"alignnone size-full wp-image-72341\" src=\"https:\/\/revistadospneus.com\/pt\/wp-content\/uploads\/2024\/07\/Vipal-avalia-grande-sucesso-na-The-Tire-Cologne-2024.jpg\" alt=\"07 - Vipal avalia grande sucesso na The Tire Cologne 2024\" width=\"1024\" height=\"581\" srcset=\"https:\/\/revistadospneus.com\/pt\/wp-content\/uploads\/2024\/07\/Vipal-avalia-grande-sucesso-na-The-Tire-Cologne-2024.jpg 1024w, https:\/\/revistadospneus.com\/pt\/wp-content\/uploads\/2024\/07\/Vipal-avalia-grande-sucesso-na-The-Tire-Cologne-2024-300x170.jpg 300w, https:\/\/revistadospneus.com\/pt\/wp-content\/uploads\/2024\/07\/Vipal-avalia-grande-sucesso-na-The-Tire-Cologne-2024-150x85.jpg 150w, https:\/\/revistadospneus.com\/pt\/wp-content\/uploads\/2024\/07\/Vipal-avalia-grande-sucesso-na-The-Tire-Cologne-2024-768x436.jpg 768w\" sizes=\"auto, (max-width: 1024px) 100vw, 1024px\" \/><\/strong><\/p>\n<p><strong>Presente na Europa desde 2006, a <a href=\"https:\/\/vipal.com\/\" target=\"_blank\" rel=\"noopener\">Vipal<\/a> refor\u00e7ou o seu compromisso com a sustentabilidade junto dos aproximadamente 14 mil visitantes presentes durante os tr\u00eas dias de feira<\/strong><\/p>\n<p>Com atividade na Europa desde 2006, a Vipal Borrachas consolidou-se como uma das empresas de pneus com maior capacidade produtiva do mundo, reconhecida pela excel\u00eancia em produtos e servi\u00e7os t\u00e9cnicos.<\/p>\n<p>Com o objetivo de fortalecer la\u00e7os com parceiros locais e consolidar a sua posi\u00e7\u00e3o como uma das principais fornecedoras de solu\u00e7\u00f5es para a renova\u00e7\u00e3o de pneus, a companhia marcou presen\u00e7a na The Tire Cologne (TTC) 2024, realizada entre os dias 4 e 6 de junho na cidade de Col\u00f3nia, na Alemanha.<\/p>\n<p>&#8220;O resultado da participa\u00e7\u00e3o foi excelente, quer no refor\u00e7o dos la\u00e7os com clientes e parceiros, quer na prospe\u00e7\u00e3o de novos neg\u00f3cios&#8221;, avaliou Frederico Schmidt, Diretor Geral da Vipal na Europa.<\/p>\n<p>Al\u00e9m disso, a companhia partilhou conhecimento e vis\u00e3o estrat\u00e9gica sobre o mercado de pneus renovados e a sua relev\u00e2ncia para o ambiente em dois momentos do programa oficial do evento. Primeiro, na palestra Retreading is the Future: Sustainability and Innovation, proferida por Frederico Schmidt, que abordou a import\u00e2ncia da renova\u00e7\u00e3o de pneus para o ambiente e para a ind\u00fastria dos transportes. De seguida, na participa\u00e7\u00e3o no painel The Future for Independent Retreaders, promovido pela Retreading Business, onde foram discutidos os desafios enfrentados pelas renovadoras independentes nos \u00faltimos anos.<\/p>\n<p>&#8220;A sustentabilidade foi um tema central do evento e a Vipal aproveitou para reafirmar que a renova\u00e7\u00e3o de pneus contribui para a economia circular e para um futuro mais sustent\u00e1vel&#8221;, completou.<\/p>\n<p>No stand localizado na parte tem\u00e1tica orientada para a economia circular, os visitantes puderam ver n\u00e3o s\u00f3 a nova linha de pavimentos pr\u00e9-curados, com destaque para o DV-RT5, VM310 e VT540, e produtos da linha de repara\u00e7\u00e3o, incluindo remendos, mas tamb\u00e9m um pr\u00e9-lan\u00e7amento exibido em primeira m\u00e3o ao p\u00fablico da feira &#8211; a DV-UMe, um novo piso dirigido especialmente \u00e0s frotas el\u00e9tricas.<\/p>\n<p>&#8220;Notamos um maior volume de visitantes, comparativamente com o ano passado, o que nos deixa felizes em rela\u00e7\u00e3o \u00e0 nossa decis\u00e3o de regressar como expositores, ap\u00f3s a pausa de 2020 e 2021. Fic\u00e1mos tamb\u00e9m satisfeitos com as adapta\u00e7\u00f5es da organiza\u00e7\u00e3o em rela\u00e7\u00e3o ao layout da feira e ao restabelecimento do evento em anos pares, como no passado. No nosso mercado, continua a ser muito importante o contacto e as rela\u00e7\u00f5es interpessoais, sendo importante facilitar as condi\u00e7\u00f5es de acesso ao p\u00fablico interessado. Al\u00e9m disso, a \u00eanfase dada \u00e0 sustentabilidade reafirma e consolida o papel do renovado pneu como uma atividade naturalmente forjada na economia circular&#8221;, afirmou Leandro Rigon, Diretor de Neg\u00f3cios Internacionais da Vipal.<\/p>\n<p>Gilson Dugno, Respons\u00e1vel Comercial de Neg\u00f3cios Internacionais da Vipal, acrescenta que, para al\u00e9m da Europa, o evento reuniu pessoas de mercados estrat\u00e9gicos onde a empresa j\u00e1 opera, como a Am\u00e9rica do Norte, \u00c1frica e M\u00e9dio Oriente. Em 2024, a TTC reuniu mais de 14 mil participantes de 109 pa\u00edses, de acordo com a organiza\u00e7\u00e3o, e &#8220;com certeza seguir\u00e1 a refletir-se em boas oportunidades para expandirmos a nossa atua\u00e7\u00e3o nestas regi\u00f5es&#8221;, apontou.<\/p>\n<p>A Vipal Borrachas est\u00e1 presente no continente europeu h\u00e1 quase duas d\u00e9cadas e conta com um escrit\u00f3rio localizado em Espanha e centros de distribui\u00e7\u00e3o em Inglaterra, Espanha e Eslov\u00e9nia, respons\u00e1veis por servir tamb\u00e9m os pa\u00edses de \u00c1frica e do M\u00e9dio Oriente.<\/p>\n<p>&#8220;Com uma equipa experiente e apta a servir os clientes de forma \u00e1gil e personalizada, a subsidi\u00e1ria oferece solu\u00e7\u00f5es para o mercado de pneus renovados, trazendo qualidade, inova\u00e7\u00e3o e sustentabilidade ao servi\u00e7o oferecido&#8221;, concluiu.<\/p>\n<!-- AddThis Advanced Settings generic via filter on the_content --><!-- AddThis Share Buttons generic via filter on the_content -->","protected":false},"excerpt":{"rendered":"<p>Presente na Europa desde 2006, a Vipal refor\u00e7ou o&#8230;<!-- AddThis Advanced Settings generic via filter on get_the_excerpt --><!-- AddThis Share Buttons generic via filter on get_the_excerpt --><\/p>\n","protected":false},"author":13,"featured_media":72341,"comment_status":"closed","ping_status":"closed","sticky":false,"template":"","format":"standard","meta":{"footnotes":""},"categories":[29],"tags":[3591,387,1659,2910,1051],"class_list":["post-72339","post","type-post","status-publish","format-standard","has-post-thumbnail","hentry","category-empresas","tag-14-mil-visitantes","tag-economia-circular","tag-sustentabilidade","tag-the-tire-cologne-2024","tag-vipal"],"yoast_head":"<!-- This site is optimized with the Yoast SEO plugin v27.5 - https:\/\/yoast.com\/product\/yoast-seo-wordpress\/ -->\n<title>Vipal avalia \u201cgrande sucesso\u201d na The Tire Cologne 2024 - Revista dos Pneus<\/title>\n<meta name=\"description\" content=\"A Vipal refor\u00e7ou o seu compromisso com a sustentabilidade junto dos aproximadamente 14 mil visitantes presentes durante os tr\u00eas dias de feira\" \/>\n<meta name=\"robots\" content=\"index, follow, max-snippet:-1, max-image-preview:large, max-video-preview:-1\" \/>\n<link rel=\"canonical\" href=\"https:\/\/revistadospneus.com\/pt\/2024\/07\/12\/vipal-avalia-grande-sucesso-na-the-tire-cologne-2024\/\" \/>\n<meta property=\"og:locale\" content=\"pt_PT\" \/>\n<meta property=\"og:type\" content=\"article\" \/>\n<meta property=\"og:title\" content=\"Vipal avalia \u201cgrande sucesso\u201d na The Tire Cologne 2024 - Revista dos Pneus\" \/>\n<meta property=\"og:description\" content=\"A Vipal refor\u00e7ou o seu compromisso com a sustentabilidade junto dos aproximadamente 14 mil visitantes presentes durante os tr\u00eas dias de feira\" \/>\n<meta property=\"og:url\" content=\"https:\/\/revistadospneus.com\/pt\/2024\/07\/12\/vipal-avalia-grande-sucesso-na-the-tire-cologne-2024\/\" \/>\n<meta property=\"og:site_name\" content=\"Revista dos Pneus\" \/>\n<meta property=\"article:publisher\" content=\"https:\/\/www.facebook.com\/revistapneus\" \/>\n<meta property=\"article:published_time\" content=\"2024-07-12T17:00:44+00:00\" \/>\n<meta property=\"og:image\" content=\"https:\/\/revistadospneus.com\/pt\/wp-content\/uploads\/2024\/07\/Vipal-avalia-grande-sucesso-na-The-Tire-Cologne-2024.jpg\" \/>\n\t<meta property=\"og:image:width\" content=\"1024\" \/>\n\t<meta property=\"og:image:height\" content=\"581\" \/>\n\t<meta property=\"og:image:type\" content=\"image\/jpeg\" \/>\n<meta name=\"author\" content=\"Reda\u00e7\u00e3o RP\" \/>\n<meta name=\"twitter:card\" content=\"summary_large_image\" \/>\n<meta name=\"twitter:creator\" content=\"@revistapneus\" \/>\n<meta name=\"twitter:site\" content=\"@revistapneus\" \/>\n<meta name=\"twitter:label1\" content=\"Escrito por\" \/>\n\t<meta name=\"twitter:data1\" content=\"Reda\u00e7\u00e3o RP\" \/>\n\t<meta name=\"twitter:label2\" content=\"Tempo estimado de leitura\" \/>\n\t<meta name=\"twitter:data2\" content=\"4 minutos\" \/>\n<script type=\"application\/ld+json\" class=\"yoast-schema-graph\">{\"@context\":\"https:\\\/\\\/schema.org\",\"@graph\":[{\"@type\":\"Article\",\"@id\":\"https:\\\/\\\/revistadospneus.com\\\/pt\\\/2024\\\/07\\\/12\\\/vipal-avalia-grande-sucesso-na-the-tire-cologne-2024\\\/#article\",\"isPartOf\":{\"@id\":\"https:\\\/\\\/revistadospneus.com\\\/pt\\\/2024\\\/07\\\/12\\\/vipal-avalia-grande-sucesso-na-the-tire-cologne-2024\\\/\"},\"author\":{\"name\":\"Reda\u00e7\u00e3o RP\",\"@id\":\"https:\\\/\\\/revistadospneus.com\\\/pt\\\/#\\\/schema\\\/person\\\/9c602809538a614c26e5569d14ed6442\"},\"headline\":\"Vipal avalia \u201cgrande sucesso\u201d na The Tire Cologne 2024\",\"datePublished\":\"2024-07-12T17:00:44+00:00\",\"mainEntityOfPage\":{\"@id\":\"https:\\\/\\\/revistadospneus.com\\\/pt\\\/2024\\\/07\\\/12\\\/vipal-avalia-grande-sucesso-na-the-tire-cologne-2024\\\/\"},\"wordCount\":644,\"publisher\":{\"@id\":\"https:\\\/\\\/revistadospneus.com\\\/pt\\\/#organization\"},\"image\":{\"@id\":\"https:\\\/\\\/revistadospneus.com\\\/pt\\\/2024\\\/07\\\/12\\\/vipal-avalia-grande-sucesso-na-the-tire-cologne-2024\\\/#primaryimage\"},\"thumbnailUrl\":\"https:\\\/\\\/revistadospneus.com\\\/pt\\\/wp-content\\\/uploads\\\/2024\\\/07\\\/Vipal-avalia-grande-sucesso-na-The-Tire-Cologne-2024.jpg\",\"keywords\":[\"14 mil visitantes\",\"Economia Circular\",\"Sustentabilidade\",\"THE TIRE COLOGNE 2024\",\"Vipal\"],\"articleSection\":[\"Empresas\"],\"inLanguage\":\"pt-PT\"},{\"@type\":\"WebPage\",\"@id\":\"https:\\\/\\\/revistadospneus.com\\\/pt\\\/2024\\\/07\\\/12\\\/vipal-avalia-grande-sucesso-na-the-tire-cologne-2024\\\/\",\"url\":\"https:\\\/\\\/revistadospneus.com\\\/pt\\\/2024\\\/07\\\/12\\\/vipal-avalia-grande-sucesso-na-the-tire-cologne-2024\\\/\",\"name\":\"Vipal avalia \u201cgrande sucesso\u201d na The Tire Cologne 2024 - Revista dos Pneus\",\"isPartOf\":{\"@id\":\"https:\\\/\\\/revistadospneus.com\\\/pt\\\/#website\"},\"primaryImageOfPage\":{\"@id\":\"https:\\\/\\\/revistadospneus.com\\\/pt\\\/2024\\\/07\\\/12\\\/vipal-avalia-grande-sucesso-na-the-tire-cologne-2024\\\/#primaryimage\"},\"image\":{\"@id\":\"https:\\\/\\\/revistadospneus.com\\\/pt\\\/2024\\\/07\\\/12\\\/vipal-avalia-grande-sucesso-na-the-tire-cologne-2024\\\/#primaryimage\"},\"thumbnailUrl\":\"https:\\\/\\\/revistadospneus.com\\\/pt\\\/wp-content\\\/uploads\\\/2024\\\/07\\\/Vipal-avalia-grande-sucesso-na-The-Tire-Cologne-2024.jpg\",\"datePublished\":\"2024-07-12T17:00:44+00:00\",\"description\":\"A Vipal refor\u00e7ou o seu compromisso com a sustentabilidade junto dos aproximadamente 14 mil visitantes presentes durante os tr\u00eas dias de feira\",\"breadcrumb\":{\"@id\":\"https:\\\/\\\/revistadospneus.com\\\/pt\\\/2024\\\/07\\\/12\\\/vipal-avalia-grande-sucesso-na-the-tire-cologne-2024\\\/#breadcrumb\"},\"inLanguage\":\"pt-PT\",\"potentialAction\":[{\"@type\":\"ReadAction\",\"target\":[\"https:\\\/\\\/revistadospneus.com\\\/pt\\\/2024\\\/07\\\/12\\\/vipal-avalia-grande-sucesso-na-the-tire-cologne-2024\\\/\"]}]},{\"@type\":\"ImageObject\",\"inLanguage\":\"pt-PT\",\"@id\":\"https:\\\/\\\/revistadospneus.com\\\/pt\\\/2024\\\/07\\\/12\\\/vipal-avalia-grande-sucesso-na-the-tire-cologne-2024\\\/#primaryimage\",\"url\":\"https:\\\/\\\/revistadospneus.com\\\/pt\\\/wp-content\\\/uploads\\\/2024\\\/07\\\/Vipal-avalia-grande-sucesso-na-The-Tire-Cologne-2024.jpg\",\"contentUrl\":\"https:\\\/\\\/revistadospneus.com\\\/pt\\\/wp-content\\\/uploads\\\/2024\\\/07\\\/Vipal-avalia-grande-sucesso-na-The-Tire-Cologne-2024.jpg\",\"width\":1024,\"height\":581,\"caption\":\"07 - Vipal avalia grande sucesso na The Tire Cologne 2024\"},{\"@type\":\"BreadcrumbList\",\"@id\":\"https:\\\/\\\/revistadospneus.com\\\/pt\\\/2024\\\/07\\\/12\\\/vipal-avalia-grande-sucesso-na-the-tire-cologne-2024\\\/#breadcrumb\",\"itemListElement\":[{\"@type\":\"ListItem\",\"position\":1,\"name\":\"In\u00edcio\",\"item\":\"https:\\\/\\\/revistadospneus.com\\\/pt\\\/\"},{\"@type\":\"ListItem\",\"position\":2,\"name\":\"Vipal avalia \u201cgrande sucesso\u201d na The Tire Cologne 2024\"}]},{\"@type\":\"WebSite\",\"@id\":\"https:\\\/\\\/revistadospneus.com\\\/pt\\\/#website\",\"url\":\"https:\\\/\\\/revistadospneus.com\\\/pt\\\/\",\"name\":\"Revista dos Pneus\",\"description\":\"Revista independente de pneus e servi\u00e7os r\u00e1pidos\",\"publisher\":{\"@id\":\"https:\\\/\\\/revistadospneus.com\\\/pt\\\/#organization\"},\"potentialAction\":[{\"@type\":\"SearchAction\",\"target\":{\"@type\":\"EntryPoint\",\"urlTemplate\":\"https:\\\/\\\/revistadospneus.com\\\/pt\\\/?s={search_term_string}\"},\"query-input\":{\"@type\":\"PropertyValueSpecification\",\"valueRequired\":true,\"valueName\":\"search_term_string\"}}],\"inLanguage\":\"pt-PT\"},{\"@type\":\"Organization\",\"@id\":\"https:\\\/\\\/revistadospneus.com\\\/pt\\\/#organization\",\"name\":\"Revista dos Pneus\",\"url\":\"https:\\\/\\\/revistadospneus.com\\\/pt\\\/\",\"logo\":{\"@type\":\"ImageObject\",\"inLanguage\":\"pt-PT\",\"@id\":\"https:\\\/\\\/revistadospneus.com\\\/pt\\\/#\\\/schema\\\/logo\\\/image\\\/\",\"url\":\"https:\\\/\\\/revistadospneus.com\\\/pt\\\/wp-content\\\/uploads\\\/logo2-1.png\",\"contentUrl\":\"https:\\\/\\\/revistadospneus.com\\\/pt\\\/wp-content\\\/uploads\\\/logo2-1.png\",\"width\":216,\"height\":70,\"caption\":\"Revista dos Pneus\"},\"image\":{\"@id\":\"https:\\\/\\\/revistadospneus.com\\\/pt\\\/#\\\/schema\\\/logo\\\/image\\\/\"},\"sameAs\":[\"https:\\\/\\\/www.facebook.com\\\/revistapneus\",\"https:\\\/\\\/x.com\\\/revistapneus\",\"https:\\\/\\\/www.linkedin.com\\\/company\\\/jornal-das-oficinas\\\/\",\"https:\\\/\\\/www.youtube.com\\\/channel\\\/UCbQZBqtcvV-oSQrr7RzINGg\"]},{\"@type\":\"Person\",\"@id\":\"https:\\\/\\\/revistadospneus.com\\\/pt\\\/#\\\/schema\\\/person\\\/9c602809538a614c26e5569d14ed6442\",\"name\":\"Reda\u00e7\u00e3o RP\",\"image\":{\"@type\":\"ImageObject\",\"inLanguage\":\"pt-PT\",\"@id\":\"https:\\\/\\\/secure.gravatar.com\\\/avatar\\\/71f2fa71737ad68a84fea94bc708ddac8ea5b0c4788dc2ad202f3ccb2887742f?s=96&d=wp_user_avatar&r=g\",\"url\":\"https:\\\/\\\/secure.gravatar.com\\\/avatar\\\/71f2fa71737ad68a84fea94bc708ddac8ea5b0c4788dc2ad202f3ccb2887742f?s=96&d=wp_user_avatar&r=g\",\"contentUrl\":\"https:\\\/\\\/secure.gravatar.com\\\/avatar\\\/71f2fa71737ad68a84fea94bc708ddac8ea5b0c4788dc2ad202f3ccb2887742f?s=96&d=wp_user_avatar&r=g\",\"caption\":\"Reda\u00e7\u00e3o RP\"},\"url\":\"https:\\\/\\\/revistadospneus.com\\\/pt\\\/author\\\/rpredacao\\\/\"}]}<\/script>\n<!-- \/ Yoast SEO plugin. -->","yoast_head_json":{"title":"Vipal avalia \u201cgrande sucesso\u201d na The Tire Cologne 2024 - Revista dos Pneus","description":"A Vipal refor\u00e7ou o seu compromisso com a sustentabilidade junto dos aproximadamente 14 mil visitantes presentes durante os tr\u00eas dias de feira","robots":{"index":"index","follow":"follow","max-snippet":"max-snippet:-1","max-image-preview":"max-image-preview:large","max-video-preview":"max-video-preview:-1"},"canonical":"https:\/\/revistadospneus.com\/pt\/2024\/07\/12\/vipal-avalia-grande-sucesso-na-the-tire-cologne-2024\/","og_locale":"pt_PT","og_type":"article","og_title":"Vipal avalia \u201cgrande sucesso\u201d na The Tire Cologne 2024 - Revista dos Pneus","og_description":"A Vipal refor\u00e7ou o seu compromisso com a sustentabilidade junto dos aproximadamente 14 mil visitantes presentes durante os tr\u00eas dias de feira","og_url":"https:\/\/revistadospneus.com\/pt\/2024\/07\/12\/vipal-avalia-grande-sucesso-na-the-tire-cologne-2024\/","og_site_name":"Revista dos Pneus","article_publisher":"https:\/\/www.facebook.com\/revistapneus","article_published_time":"2024-07-12T17:00:44+00:00","og_image":[{"width":1024,"height":581,"url":"https:\/\/revistadospneus.com\/pt\/wp-content\/uploads\/2024\/07\/Vipal-avalia-grande-sucesso-na-The-Tire-Cologne-2024.jpg","type":"image\/jpeg"}],"author":"Reda\u00e7\u00e3o RP","twitter_card":"summary_large_image","twitter_creator":"@revistapneus","twitter_site":"@revistapneus","twitter_misc":{"Escrito por":"Reda\u00e7\u00e3o RP","Tempo estimado de leitura":"4 minutos"},"schema":{"@context":"https:\/\/schema.org","@graph":[{"@type":"Article","@id":"https:\/\/revistadospneus.com\/pt\/2024\/07\/12\/vipal-avalia-grande-sucesso-na-the-tire-cologne-2024\/#article","isPartOf":{"@id":"https:\/\/revistadospneus.com\/pt\/2024\/07\/12\/vipal-avalia-grande-sucesso-na-the-tire-cologne-2024\/"},"author":{"name":"Reda\u00e7\u00e3o RP","@id":"https:\/\/revistadospneus.com\/pt\/#\/schema\/person\/9c602809538a614c26e5569d14ed6442"},"headline":"Vipal avalia \u201cgrande sucesso\u201d na The Tire Cologne 2024","datePublished":"2024-07-12T17:00:44+00:00","mainEntityOfPage":{"@id":"https:\/\/revistadospneus.com\/pt\/2024\/07\/12\/vipal-avalia-grande-sucesso-na-the-tire-cologne-2024\/"},"wordCount":644,"publisher":{"@id":"https:\/\/revistadospneus.com\/pt\/#organization"},"image":{"@id":"https:\/\/revistadospneus.com\/pt\/2024\/07\/12\/vipal-avalia-grande-sucesso-na-the-tire-cologne-2024\/#primaryimage"},"thumbnailUrl":"https:\/\/revistadospneus.com\/pt\/wp-content\/uploads\/2024\/07\/Vipal-avalia-grande-sucesso-na-The-Tire-Cologne-2024.jpg","keywords":["14 mil visitantes","Economia Circular","Sustentabilidade","THE TIRE COLOGNE 2024","Vipal"],"articleSection":["Empresas"],"inLanguage":"pt-PT"},{"@type":"WebPage","@id":"https:\/\/revistadospneus.com\/pt\/2024\/07\/12\/vipal-avalia-grande-sucesso-na-the-tire-cologne-2024\/","url":"https:\/\/revistadospneus.com\/pt\/2024\/07\/12\/vipal-avalia-grande-sucesso-na-the-tire-cologne-2024\/","name":"Vipal avalia \u201cgrande sucesso\u201d na The Tire Cologne 2024 - Revista dos Pneus","isPartOf":{"@id":"https:\/\/revistadospneus.com\/pt\/#website"},"primaryImageOfPage":{"@id":"https:\/\/revistadospneus.com\/pt\/2024\/07\/12\/vipal-avalia-grande-sucesso-na-the-tire-cologne-2024\/#primaryimage"},"image":{"@id":"https:\/\/revistadospneus.com\/pt\/2024\/07\/12\/vipal-avalia-grande-sucesso-na-the-tire-cologne-2024\/#primaryimage"},"thumbnailUrl":"https:\/\/revistadospneus.com\/pt\/wp-content\/uploads\/2024\/07\/Vipal-avalia-grande-sucesso-na-The-Tire-Cologne-2024.jpg","datePublished":"2024-07-12T17:00:44+00:00","description":"A Vipal refor\u00e7ou o seu compromisso com a sustentabilidade junto dos aproximadamente 14 mil visitantes presentes durante os tr\u00eas dias de feira","breadcrumb":{"@id":"https:\/\/revistadospneus.com\/pt\/2024\/07\/12\/vipal-avalia-grande-sucesso-na-the-tire-cologne-2024\/#breadcrumb"},"inLanguage":"pt-PT","potentialAction":[{"@type":"ReadAction","target":["https:\/\/revistadospneus.com\/pt\/2024\/07\/12\/vipal-avalia-grande-sucesso-na-the-tire-cologne-2024\/"]}]},{"@type":"ImageObject","inLanguage":"pt-PT","@id":"https:\/\/revistadospneus.com\/pt\/2024\/07\/12\/vipal-avalia-grande-sucesso-na-the-tire-cologne-2024\/#primaryimage","url":"https:\/\/revistadospneus.com\/pt\/wp-content\/uploads\/2024\/07\/Vipal-avalia-grande-sucesso-na-The-Tire-Cologne-2024.jpg","contentUrl":"https:\/\/revistadospneus.com\/pt\/wp-content\/uploads\/2024\/07\/Vipal-avalia-grande-sucesso-na-The-Tire-Cologne-2024.jpg","width":1024,"height":581,"caption":"07 - Vipal avalia grande sucesso na The Tire Cologne 2024"},{"@type":"BreadcrumbList","@id":"https:\/\/revistadospneus.com\/pt\/2024\/07\/12\/vipal-avalia-grande-sucesso-na-the-tire-cologne-2024\/#breadcrumb","itemListElement":[{"@type":"ListItem","position":1,"name":"In\u00edcio","item":"https:\/\/revistadospneus.com\/pt\/"},{"@type":"ListItem","position":2,"name":"Vipal avalia \u201cgrande sucesso\u201d na The Tire Cologne 2024"}]},{"@type":"WebSite","@id":"https:\/\/revistadospneus.com\/pt\/#website","url":"https:\/\/revistadospneus.com\/pt\/","name":"Revista dos Pneus","description":"Revista independente de pneus e servi\u00e7os r\u00e1pidos","publisher":{"@id":"https:\/\/revistadospneus.com\/pt\/#organization"},"potentialAction":[{"@type":"SearchAction","target":{"@type":"EntryPoint","urlTemplate":"https:\/\/revistadospneus.com\/pt\/?s={search_term_string}"},"query-input":{"@type":"PropertyValueSpecification","valueRequired":true,"valueName":"search_term_string"}}],"inLanguage":"pt-PT"},{"@type":"Organization","@id":"https:\/\/revistadospneus.com\/pt\/#organization","name":"Revista dos Pneus","url":"https:\/\/revistadospneus.com\/pt\/","logo":{"@type":"ImageObject","inLanguage":"pt-PT","@id":"https:\/\/revistadospneus.com\/pt\/#\/schema\/logo\/image\/","url":"https:\/\/revistadospneus.com\/pt\/wp-content\/uploads\/logo2-1.png","contentUrl":"https:\/\/revistadospneus.com\/pt\/wp-content\/uploads\/logo2-1.png","width":216,"height":70,"caption":"Revista dos Pneus"},"image":{"@id":"https:\/\/revistadospneus.com\/pt\/#\/schema\/logo\/image\/"},"sameAs":["https:\/\/www.facebook.com\/revistapneus","https:\/\/x.com\/revistapneus","https:\/\/www.linkedin.com\/company\/jornal-das-oficinas\/","https:\/\/www.youtube.com\/channel\/UCbQZBqtcvV-oSQrr7RzINGg"]},{"@type":"Person","@id":"https:\/\/revistadospneus.com\/pt\/#\/schema\/person\/9c602809538a614c26e5569d14ed6442","name":"Reda\u00e7\u00e3o RP","image":{"@type":"ImageObject","inLanguage":"pt-PT","@id":"https:\/\/secure.gravatar.com\/avatar\/71f2fa71737ad68a84fea94bc708ddac8ea5b0c4788dc2ad202f3ccb2887742f?s=96&d=wp_user_avatar&r=g","url":"https:\/\/secure.gravatar.com\/avatar\/71f2fa71737ad68a84fea94bc708ddac8ea5b0c4788dc2ad202f3ccb2887742f?s=96&d=wp_user_avatar&r=g","contentUrl":"https:\/\/secure.gravatar.com\/avatar\/71f2fa71737ad68a84fea94bc708ddac8ea5b0c4788dc2ad202f3ccb2887742f?s=96&d=wp_user_avatar&r=g","caption":"Reda\u00e7\u00e3o RP"},"url":"https:\/\/revistadospneus.com\/pt\/author\/rpredacao\/"}]}},"_links":{"self":[{"href":"https:\/\/revistadospneus.com\/pt\/wp-json\/wp\/v2\/posts\/72339","targetHints":{"allow":["GET"]}}],"collection":[{"href":"https:\/\/revistadospneus.com\/pt\/wp-json\/wp\/v2\/posts"}],"about":[{"href":"https:\/\/revistadospneus.com\/pt\/wp-json\/wp\/v2\/types\/post"}],"author":[{"embeddable":true,"href":"https:\/\/revistadospneus.com\/pt\/wp-json\/wp\/v2\/users\/13"}],"replies":[{"embeddable":true,"href":"https:\/\/revistadospneus.com\/pt\/wp-json\/wp\/v2\/comments?post=72339"}],"version-history":[{"count":2,"href":"https:\/\/revistadospneus.com\/pt\/wp-json\/wp\/v2\/posts\/72339\/revisions"}],"predecessor-version":[{"id":72342,"href":"https:\/\/revistadospneus.com\/pt\/wp-json\/wp\/v2\/posts\/72339\/revisions\/72342"}],"wp:featuredmedia":[{"embeddable":true,"href":"https:\/\/revistadospneus.com\/pt\/wp-json\/wp\/v2\/media\/72341"}],"wp:attachment":[{"href":"https:\/\/revistadospneus.com\/pt\/wp-json\/wp\/v2\/media?parent=72339"}],"wp:term":[{"taxonomy":"category","embeddable":true,"href":"https:\/\/revistadospneus.com\/pt\/wp-json\/wp\/v2\/categories?post=72339"},{"taxonomy":"post_tag","embeddable":true,"href":"https:\/\/revistadospneus.com\/pt\/wp-json\/wp\/v2\/tags?post=72339"}],"curies":[{"name":"wp","href":"https:\/\/api.w.org\/{rel}","templated":true}]}}