{"id":7371,"date":"2019-12-11T15:17:14","date_gmt":"2019-12-11T15:17:14","guid":{"rendered":"http:\/\/revistadospneus.com\/wp\/?p=7371"},"modified":"2020-01-10T15:17:47","modified_gmt":"2020-01-10T15:17:47","slug":"continental-lanca-edicao-limitada-do-calendario-mabor","status":"publish","type":"post","link":"https:\/\/revistadospneus.com\/pt\/2019\/12\/11\/continental-lanca-edicao-limitada-do-calendario-mabor\/","title":{"rendered":"Continental lan\u00e7a edi\u00e7\u00e3o limitada do Calend\u00e1rio Mabor"},"content":{"rendered":"<p><strong><img loading=\"lazy\" decoding=\"async\" class=\"alignnone wp-image-7372 size-full\" src=\"http:\/\/revistadospneus.com\/wp\/wp-content\/uploads\/2019\/12\/Continental-lanc\u0327a-edic\u0327a\u0303o-limitada-do-Calenda\u0301rio-Mabor.jpg\" alt=\"12 - Continental-lanc\u0327a-edic\u0327a\u0303o-limitada-do-Calenda\u0301rio-Mabor\" width=\"1024\" height=\"581\" srcset=\"https:\/\/revistadospneus.com\/pt\/wp-content\/uploads\/2019\/12\/Continental-lanc\u0327a-edic\u0327a\u0303o-limitada-do-Calenda\u0301rio-Mabor.jpg 1024w, https:\/\/revistadospneus.com\/pt\/wp-content\/uploads\/2019\/12\/Continental-lanc\u0327a-edic\u0327a\u0303o-limitada-do-Calenda\u0301rio-Mabor-300x170.jpg 300w, https:\/\/revistadospneus.com\/pt\/wp-content\/uploads\/2019\/12\/Continental-lanc\u0327a-edic\u0327a\u0303o-limitada-do-Calenda\u0301rio-Mabor-150x85.jpg 150w, https:\/\/revistadospneus.com\/pt\/wp-content\/uploads\/2019\/12\/Continental-lanc\u0327a-edic\u0327a\u0303o-limitada-do-Calenda\u0301rio-Mabor-768x436.jpg 768w\" sizes=\"auto, (max-width: 1024px) 100vw, 1024px\" \/><\/strong><\/p>\n<p><strong>A Continental lan\u00e7ou recentemente, numa edi\u00e7\u00e3o especial limitada a duas mil unidades, o m\u00edtico calend\u00e1rio Mabor, que far\u00e1 as del\u00edcias dos apaixonados pelo automobilismo.<\/strong><\/p>\n<p>Janeiro e fevereiro s\u00e3o dedicados ao m\u00edtico Alba. Mar\u00e7o e abril ao primeiro carro portugu\u00eas constru\u00eddo em s\u00e9rie, o Sado 550. Em maio e junho, o UMM assume o protagonismo, bem como a presta\u00e7\u00e3o do piloto portugu\u00eas Jos\u00e9 Megre no Paris-Argel-Dakar.<\/p>\n<p>Nos meses de julho e agosto, as cinco unidades revolucion\u00e1rias do AGB IPA s\u00e3o as vedetas. Em setembro e outubro, \u00e9 o MG Canelas. O sucesso do todo-o-terreno Portaro encerra o ano de 2020 numa edi\u00e7\u00e3o limitada do calend\u00e1rio Mabor.<\/p>\n<p>Em 1938, nasce, em Lousado, a marca <a href=\"https:\/\/www.mabor.pt\/ligeiros\" target=\"_blank\" rel=\"noopener noreferrer\">Mabor<\/a>, pioneira no fabrico de pneus em Portugal. Em 1946, inaugura a sua primeira f\u00e1brica e, no pr\u00f3prio dia da inaugura\u00e7\u00e3o, apresenta o primeiro pneu da marca, que foi, tamb\u00e9m, o primeiro pneu produzido em Portugal.<\/p>\n<p>\u00c9 durante a d\u00e9cada de 50 que a Mabor inicia a sua aposta no mundo dos desportos motorizados, tornando-se numa importante refer\u00eancia nacional nesta \u00e1rea.<\/p>\n<p>A Mabor destaca-se nas competi\u00e7\u00f5es autom\u00f3veis, n\u00e3o s\u00f3 a n\u00edvel t\u00e9cnico, mas, tamb\u00e9m, enquanto marca, publicitando os maiores circuitos e competi\u00e7\u00f5es da altura.<\/p>\n<p>A partir daqui, passa a ser imposs\u00edvel dissociar a marca do meio automobil\u00edstico portugu\u00eas. Os maiores pilotos da altura, como era o caso de Vasco Sameiro, corriam com pneus Mabor.<\/p>\n<p>Em 1990, a <a href=\"https:\/\/www.continental.com\/pt-pt\" target=\"_blank\" rel=\"noopener noreferrer\">Continental AG<\/a> adquire participa\u00e7\u00e3o maiorit\u00e1ria na Mabor.<\/p>\n<!-- AddThis Advanced Settings generic via filter on the_content --><!-- AddThis Share Buttons generic via filter on the_content -->","protected":false},"excerpt":{"rendered":"<p>A Continental lan\u00e7ou recentemente, numa edi\u00e7\u00e3o especial limitada a&#8230;<!-- AddThis Advanced Settings generic via filter on get_the_excerpt --><!-- AddThis Share Buttons generic via filter on get_the_excerpt --><\/p>\n","protected":false},"author":13,"featured_media":7372,"comment_status":"closed","ping_status":"closed","sticky":false,"template":"","format":"standard","meta":{"footnotes":""},"categories":[29],"tags":[940,58,939,912],"class_list":["post-7371","post","type-post","status-publish","format-standard","has-post-thumbnail","hentry","category-empresas","tag-calendario-2020","tag-continental","tag-mabor","tag-revista-dos-pneus"],"yoast_head":"<!-- This site is optimized with the Yoast SEO plugin v27.5 - https:\/\/yoast.com\/product\/yoast-seo-wordpress\/ -->\n<title>Continental lan\u00e7a edi\u00e7\u00e3o limitada do Calend\u00e1rio Mabor - Revista dos Pneus<\/title>\n<meta name=\"robots\" content=\"index, follow, max-snippet:-1, max-image-preview:large, max-video-preview:-1\" \/>\n<link rel=\"canonical\" href=\"https:\/\/revistadospneus.com\/pt\/2019\/12\/11\/continental-lanca-edicao-limitada-do-calendario-mabor\/\" \/>\n<meta property=\"og:locale\" content=\"pt_PT\" \/>\n<meta property=\"og:type\" content=\"article\" \/>\n<meta property=\"og:title\" content=\"Continental lan\u00e7a edi\u00e7\u00e3o limitada do Calend\u00e1rio Mabor - Revista dos Pneus\" \/>\n<meta property=\"og:description\" content=\"A Continental lan\u00e7ou recentemente, numa edi\u00e7\u00e3o especial limitada a...\" \/>\n<meta property=\"og:url\" content=\"https:\/\/revistadospneus.com\/pt\/2019\/12\/11\/continental-lanca-edicao-limitada-do-calendario-mabor\/\" \/>\n<meta property=\"og:site_name\" content=\"Revista dos Pneus\" \/>\n<meta property=\"article:publisher\" content=\"https:\/\/www.facebook.com\/revistapneus\" \/>\n<meta property=\"article:published_time\" content=\"2019-12-11T15:17:14+00:00\" \/>\n<meta property=\"article:modified_time\" content=\"2020-01-10T15:17:47+00:00\" \/>\n<meta property=\"og:image\" content=\"https:\/\/revistadospneus.com\/pt\/wp-content\/uploads\/2019\/12\/Continental-lanc\u0327a-edic\u0327a\u0303o-limitada-do-Calenda\u0301rio-Mabor.jpg\" \/>\n\t<meta property=\"og:image:width\" content=\"1024\" \/>\n\t<meta property=\"og:image:height\" content=\"581\" \/>\n\t<meta property=\"og:image:type\" content=\"image\/jpeg\" \/>\n<meta name=\"author\" content=\"Reda\u00e7\u00e3o RP\" \/>\n<meta name=\"twitter:card\" content=\"summary_large_image\" \/>\n<meta name=\"twitter:creator\" content=\"@revistapneus\" \/>\n<meta name=\"twitter:site\" content=\"@revistapneus\" \/>\n<meta name=\"twitter:label1\" content=\"Escrito por\" \/>\n\t<meta name=\"twitter:data1\" content=\"Reda\u00e7\u00e3o RP\" \/>\n\t<meta name=\"twitter:label2\" content=\"Tempo estimado de leitura\" \/>\n\t<meta name=\"twitter:data2\" content=\"1 minuto\" \/>\n<script type=\"application\/ld+json\" class=\"yoast-schema-graph\">{\"@context\":\"https:\\\/\\\/schema.org\",\"@graph\":[{\"@type\":\"Article\",\"@id\":\"https:\\\/\\\/revistadospneus.com\\\/pt\\\/2019\\\/12\\\/11\\\/continental-lanca-edicao-limitada-do-calendario-mabor\\\/#article\",\"isPartOf\":{\"@id\":\"https:\\\/\\\/revistadospneus.com\\\/pt\\\/2019\\\/12\\\/11\\\/continental-lanca-edicao-limitada-do-calendario-mabor\\\/\"},\"author\":{\"name\":\"Reda\u00e7\u00e3o RP\",\"@id\":\"https:\\\/\\\/revistadospneus.com\\\/pt\\\/#\\\/schema\\\/person\\\/9c602809538a614c26e5569d14ed6442\"},\"headline\":\"Continental lan\u00e7a edi\u00e7\u00e3o limitada do Calend\u00e1rio Mabor\",\"datePublished\":\"2019-12-11T15:17:14+00:00\",\"dateModified\":\"2020-01-10T15:17:47+00:00\",\"mainEntityOfPage\":{\"@id\":\"https:\\\/\\\/revistadospneus.com\\\/pt\\\/2019\\\/12\\\/11\\\/continental-lanca-edicao-limitada-do-calendario-mabor\\\/\"},\"wordCount\":273,\"publisher\":{\"@id\":\"https:\\\/\\\/revistadospneus.com\\\/pt\\\/#organization\"},\"image\":{\"@id\":\"https:\\\/\\\/revistadospneus.com\\\/pt\\\/2019\\\/12\\\/11\\\/continental-lanca-edicao-limitada-do-calendario-mabor\\\/#primaryimage\"},\"thumbnailUrl\":\"https:\\\/\\\/revistadospneus.com\\\/pt\\\/wp-content\\\/uploads\\\/2019\\\/12\\\/Continental-lanc\u0327a-edic\u0327a\u0303o-limitada-do-Calenda\u0301rio-Mabor.jpg\",\"keywords\":[\"Calend\u00e1rio 2020\",\"Continental\",\"Mabor\",\"Revista dos Pneus\"],\"articleSection\":[\"Empresas\"],\"inLanguage\":\"pt-PT\"},{\"@type\":\"WebPage\",\"@id\":\"https:\\\/\\\/revistadospneus.com\\\/pt\\\/2019\\\/12\\\/11\\\/continental-lanca-edicao-limitada-do-calendario-mabor\\\/\",\"url\":\"https:\\\/\\\/revistadospneus.com\\\/pt\\\/2019\\\/12\\\/11\\\/continental-lanca-edicao-limitada-do-calendario-mabor\\\/\",\"name\":\"Continental lan\u00e7a edi\u00e7\u00e3o limitada do Calend\u00e1rio Mabor - Revista dos Pneus\",\"isPartOf\":{\"@id\":\"https:\\\/\\\/revistadospneus.com\\\/pt\\\/#website\"},\"primaryImageOfPage\":{\"@id\":\"https:\\\/\\\/revistadospneus.com\\\/pt\\\/2019\\\/12\\\/11\\\/continental-lanca-edicao-limitada-do-calendario-mabor\\\/#primaryimage\"},\"image\":{\"@id\":\"https:\\\/\\\/revistadospneus.com\\\/pt\\\/2019\\\/12\\\/11\\\/continental-lanca-edicao-limitada-do-calendario-mabor\\\/#primaryimage\"},\"thumbnailUrl\":\"https:\\\/\\\/revistadospneus.com\\\/pt\\\/wp-content\\\/uploads\\\/2019\\\/12\\\/Continental-lanc\u0327a-edic\u0327a\u0303o-limitada-do-Calenda\u0301rio-Mabor.jpg\",\"datePublished\":\"2019-12-11T15:17:14+00:00\",\"dateModified\":\"2020-01-10T15:17:47+00:00\",\"breadcrumb\":{\"@id\":\"https:\\\/\\\/revistadospneus.com\\\/pt\\\/2019\\\/12\\\/11\\\/continental-lanca-edicao-limitada-do-calendario-mabor\\\/#breadcrumb\"},\"inLanguage\":\"pt-PT\",\"potentialAction\":[{\"@type\":\"ReadAction\",\"target\":[\"https:\\\/\\\/revistadospneus.com\\\/pt\\\/2019\\\/12\\\/11\\\/continental-lanca-edicao-limitada-do-calendario-mabor\\\/\"]}]},{\"@type\":\"ImageObject\",\"inLanguage\":\"pt-PT\",\"@id\":\"https:\\\/\\\/revistadospneus.com\\\/pt\\\/2019\\\/12\\\/11\\\/continental-lanca-edicao-limitada-do-calendario-mabor\\\/#primaryimage\",\"url\":\"https:\\\/\\\/revistadospneus.com\\\/pt\\\/wp-content\\\/uploads\\\/2019\\\/12\\\/Continental-lanc\u0327a-edic\u0327a\u0303o-limitada-do-Calenda\u0301rio-Mabor.jpg\",\"contentUrl\":\"https:\\\/\\\/revistadospneus.com\\\/pt\\\/wp-content\\\/uploads\\\/2019\\\/12\\\/Continental-lanc\u0327a-edic\u0327a\u0303o-limitada-do-Calenda\u0301rio-Mabor.jpg\",\"width\":1024,\"height\":581,\"caption\":\"12 - Continental-lanc\u0327a-edic\u0327a\u0303o-limitada-do-Calenda\u0301rio-Mabor\"},{\"@type\":\"BreadcrumbList\",\"@id\":\"https:\\\/\\\/revistadospneus.com\\\/pt\\\/2019\\\/12\\\/11\\\/continental-lanca-edicao-limitada-do-calendario-mabor\\\/#breadcrumb\",\"itemListElement\":[{\"@type\":\"ListItem\",\"position\":1,\"name\":\"In\u00edcio\",\"item\":\"https:\\\/\\\/revistadospneus.com\\\/pt\\\/\"},{\"@type\":\"ListItem\",\"position\":2,\"name\":\"Continental lan\u00e7a edi\u00e7\u00e3o limitada do Calend\u00e1rio Mabor\"}]},{\"@type\":\"WebSite\",\"@id\":\"https:\\\/\\\/revistadospneus.com\\\/pt\\\/#website\",\"url\":\"https:\\\/\\\/revistadospneus.com\\\/pt\\\/\",\"name\":\"Revista dos Pneus\",\"description\":\"Revista independente de pneus e servi\u00e7os r\u00e1pidos\",\"publisher\":{\"@id\":\"https:\\\/\\\/revistadospneus.com\\\/pt\\\/#organization\"},\"potentialAction\":[{\"@type\":\"SearchAction\",\"target\":{\"@type\":\"EntryPoint\",\"urlTemplate\":\"https:\\\/\\\/revistadospneus.com\\\/pt\\\/?s={search_term_string}\"},\"query-input\":{\"@type\":\"PropertyValueSpecification\",\"valueRequired\":true,\"valueName\":\"search_term_string\"}}],\"inLanguage\":\"pt-PT\"},{\"@type\":\"Organization\",\"@id\":\"https:\\\/\\\/revistadospneus.com\\\/pt\\\/#organization\",\"name\":\"Revista dos Pneus\",\"url\":\"https:\\\/\\\/revistadospneus.com\\\/pt\\\/\",\"logo\":{\"@type\":\"ImageObject\",\"inLanguage\":\"pt-PT\",\"@id\":\"https:\\\/\\\/revistadospneus.com\\\/pt\\\/#\\\/schema\\\/logo\\\/image\\\/\",\"url\":\"https:\\\/\\\/revistadospneus.com\\\/pt\\\/wp-content\\\/uploads\\\/logo2-1.png\",\"contentUrl\":\"https:\\\/\\\/revistadospneus.com\\\/pt\\\/wp-content\\\/uploads\\\/logo2-1.png\",\"width\":216,\"height\":70,\"caption\":\"Revista dos Pneus\"},\"image\":{\"@id\":\"https:\\\/\\\/revistadospneus.com\\\/pt\\\/#\\\/schema\\\/logo\\\/image\\\/\"},\"sameAs\":[\"https:\\\/\\\/www.facebook.com\\\/revistapneus\",\"https:\\\/\\\/x.com\\\/revistapneus\",\"https:\\\/\\\/www.linkedin.com\\\/company\\\/jornal-das-oficinas\\\/\",\"https:\\\/\\\/www.youtube.com\\\/channel\\\/UCbQZBqtcvV-oSQrr7RzINGg\"]},{\"@type\":\"Person\",\"@id\":\"https:\\\/\\\/revistadospneus.com\\\/pt\\\/#\\\/schema\\\/person\\\/9c602809538a614c26e5569d14ed6442\",\"name\":\"Reda\u00e7\u00e3o RP\",\"image\":{\"@type\":\"ImageObject\",\"inLanguage\":\"pt-PT\",\"@id\":\"https:\\\/\\\/secure.gravatar.com\\\/avatar\\\/71f2fa71737ad68a84fea94bc708ddac8ea5b0c4788dc2ad202f3ccb2887742f?s=96&d=wp_user_avatar&r=g\",\"url\":\"https:\\\/\\\/secure.gravatar.com\\\/avatar\\\/71f2fa71737ad68a84fea94bc708ddac8ea5b0c4788dc2ad202f3ccb2887742f?s=96&d=wp_user_avatar&r=g\",\"contentUrl\":\"https:\\\/\\\/secure.gravatar.com\\\/avatar\\\/71f2fa71737ad68a84fea94bc708ddac8ea5b0c4788dc2ad202f3ccb2887742f?s=96&d=wp_user_avatar&r=g\",\"caption\":\"Reda\u00e7\u00e3o RP\"},\"url\":\"https:\\\/\\\/revistadospneus.com\\\/pt\\\/author\\\/rpredacao\\\/\"}]}<\/script>\n<!-- \/ Yoast SEO plugin. -->","yoast_head_json":{"title":"Continental lan\u00e7a edi\u00e7\u00e3o limitada do Calend\u00e1rio Mabor - Revista dos Pneus","robots":{"index":"index","follow":"follow","max-snippet":"max-snippet:-1","max-image-preview":"max-image-preview:large","max-video-preview":"max-video-preview:-1"},"canonical":"https:\/\/revistadospneus.com\/pt\/2019\/12\/11\/continental-lanca-edicao-limitada-do-calendario-mabor\/","og_locale":"pt_PT","og_type":"article","og_title":"Continental lan\u00e7a edi\u00e7\u00e3o limitada do Calend\u00e1rio Mabor - Revista dos Pneus","og_description":"A Continental lan\u00e7ou recentemente, numa edi\u00e7\u00e3o especial limitada a...","og_url":"https:\/\/revistadospneus.com\/pt\/2019\/12\/11\/continental-lanca-edicao-limitada-do-calendario-mabor\/","og_site_name":"Revista dos Pneus","article_publisher":"https:\/\/www.facebook.com\/revistapneus","article_published_time":"2019-12-11T15:17:14+00:00","article_modified_time":"2020-01-10T15:17:47+00:00","og_image":[{"width":1024,"height":581,"url":"https:\/\/revistadospneus.com\/pt\/wp-content\/uploads\/2019\/12\/Continental-lanc\u0327a-edic\u0327a\u0303o-limitada-do-Calenda\u0301rio-Mabor.jpg","type":"image\/jpeg"}],"author":"Reda\u00e7\u00e3o RP","twitter_card":"summary_large_image","twitter_creator":"@revistapneus","twitter_site":"@revistapneus","twitter_misc":{"Escrito por":"Reda\u00e7\u00e3o RP","Tempo estimado de leitura":"1 minuto"},"schema":{"@context":"https:\/\/schema.org","@graph":[{"@type":"Article","@id":"https:\/\/revistadospneus.com\/pt\/2019\/12\/11\/continental-lanca-edicao-limitada-do-calendario-mabor\/#article","isPartOf":{"@id":"https:\/\/revistadospneus.com\/pt\/2019\/12\/11\/continental-lanca-edicao-limitada-do-calendario-mabor\/"},"author":{"name":"Reda\u00e7\u00e3o RP","@id":"https:\/\/revistadospneus.com\/pt\/#\/schema\/person\/9c602809538a614c26e5569d14ed6442"},"headline":"Continental lan\u00e7a edi\u00e7\u00e3o limitada do Calend\u00e1rio Mabor","datePublished":"2019-12-11T15:17:14+00:00","dateModified":"2020-01-10T15:17:47+00:00","mainEntityOfPage":{"@id":"https:\/\/revistadospneus.com\/pt\/2019\/12\/11\/continental-lanca-edicao-limitada-do-calendario-mabor\/"},"wordCount":273,"publisher":{"@id":"https:\/\/revistadospneus.com\/pt\/#organization"},"image":{"@id":"https:\/\/revistadospneus.com\/pt\/2019\/12\/11\/continental-lanca-edicao-limitada-do-calendario-mabor\/#primaryimage"},"thumbnailUrl":"https:\/\/revistadospneus.com\/pt\/wp-content\/uploads\/2019\/12\/Continental-lanc\u0327a-edic\u0327a\u0303o-limitada-do-Calenda\u0301rio-Mabor.jpg","keywords":["Calend\u00e1rio 2020","Continental","Mabor","Revista dos Pneus"],"articleSection":["Empresas"],"inLanguage":"pt-PT"},{"@type":"WebPage","@id":"https:\/\/revistadospneus.com\/pt\/2019\/12\/11\/continental-lanca-edicao-limitada-do-calendario-mabor\/","url":"https:\/\/revistadospneus.com\/pt\/2019\/12\/11\/continental-lanca-edicao-limitada-do-calendario-mabor\/","name":"Continental lan\u00e7a edi\u00e7\u00e3o limitada do Calend\u00e1rio Mabor - Revista dos Pneus","isPartOf":{"@id":"https:\/\/revistadospneus.com\/pt\/#website"},"primaryImageOfPage":{"@id":"https:\/\/revistadospneus.com\/pt\/2019\/12\/11\/continental-lanca-edicao-limitada-do-calendario-mabor\/#primaryimage"},"image":{"@id":"https:\/\/revistadospneus.com\/pt\/2019\/12\/11\/continental-lanca-edicao-limitada-do-calendario-mabor\/#primaryimage"},"thumbnailUrl":"https:\/\/revistadospneus.com\/pt\/wp-content\/uploads\/2019\/12\/Continental-lanc\u0327a-edic\u0327a\u0303o-limitada-do-Calenda\u0301rio-Mabor.jpg","datePublished":"2019-12-11T15:17:14+00:00","dateModified":"2020-01-10T15:17:47+00:00","breadcrumb":{"@id":"https:\/\/revistadospneus.com\/pt\/2019\/12\/11\/continental-lanca-edicao-limitada-do-calendario-mabor\/#breadcrumb"},"inLanguage":"pt-PT","potentialAction":[{"@type":"ReadAction","target":["https:\/\/revistadospneus.com\/pt\/2019\/12\/11\/continental-lanca-edicao-limitada-do-calendario-mabor\/"]}]},{"@type":"ImageObject","inLanguage":"pt-PT","@id":"https:\/\/revistadospneus.com\/pt\/2019\/12\/11\/continental-lanca-edicao-limitada-do-calendario-mabor\/#primaryimage","url":"https:\/\/revistadospneus.com\/pt\/wp-content\/uploads\/2019\/12\/Continental-lanc\u0327a-edic\u0327a\u0303o-limitada-do-Calenda\u0301rio-Mabor.jpg","contentUrl":"https:\/\/revistadospneus.com\/pt\/wp-content\/uploads\/2019\/12\/Continental-lanc\u0327a-edic\u0327a\u0303o-limitada-do-Calenda\u0301rio-Mabor.jpg","width":1024,"height":581,"caption":"12 - Continental-lanc\u0327a-edic\u0327a\u0303o-limitada-do-Calenda\u0301rio-Mabor"},{"@type":"BreadcrumbList","@id":"https:\/\/revistadospneus.com\/pt\/2019\/12\/11\/continental-lanca-edicao-limitada-do-calendario-mabor\/#breadcrumb","itemListElement":[{"@type":"ListItem","position":1,"name":"In\u00edcio","item":"https:\/\/revistadospneus.com\/pt\/"},{"@type":"ListItem","position":2,"name":"Continental lan\u00e7a edi\u00e7\u00e3o limitada do Calend\u00e1rio Mabor"}]},{"@type":"WebSite","@id":"https:\/\/revistadospneus.com\/pt\/#website","url":"https:\/\/revistadospneus.com\/pt\/","name":"Revista dos Pneus","description":"Revista independente de pneus e servi\u00e7os r\u00e1pidos","publisher":{"@id":"https:\/\/revistadospneus.com\/pt\/#organization"},"potentialAction":[{"@type":"SearchAction","target":{"@type":"EntryPoint","urlTemplate":"https:\/\/revistadospneus.com\/pt\/?s={search_term_string}"},"query-input":{"@type":"PropertyValueSpecification","valueRequired":true,"valueName":"search_term_string"}}],"inLanguage":"pt-PT"},{"@type":"Organization","@id":"https:\/\/revistadospneus.com\/pt\/#organization","name":"Revista dos Pneus","url":"https:\/\/revistadospneus.com\/pt\/","logo":{"@type":"ImageObject","inLanguage":"pt-PT","@id":"https:\/\/revistadospneus.com\/pt\/#\/schema\/logo\/image\/","url":"https:\/\/revistadospneus.com\/pt\/wp-content\/uploads\/logo2-1.png","contentUrl":"https:\/\/revistadospneus.com\/pt\/wp-content\/uploads\/logo2-1.png","width":216,"height":70,"caption":"Revista dos Pneus"},"image":{"@id":"https:\/\/revistadospneus.com\/pt\/#\/schema\/logo\/image\/"},"sameAs":["https:\/\/www.facebook.com\/revistapneus","https:\/\/x.com\/revistapneus","https:\/\/www.linkedin.com\/company\/jornal-das-oficinas\/","https:\/\/www.youtube.com\/channel\/UCbQZBqtcvV-oSQrr7RzINGg"]},{"@type":"Person","@id":"https:\/\/revistadospneus.com\/pt\/#\/schema\/person\/9c602809538a614c26e5569d14ed6442","name":"Reda\u00e7\u00e3o RP","image":{"@type":"ImageObject","inLanguage":"pt-PT","@id":"https:\/\/secure.gravatar.com\/avatar\/71f2fa71737ad68a84fea94bc708ddac8ea5b0c4788dc2ad202f3ccb2887742f?s=96&d=wp_user_avatar&r=g","url":"https:\/\/secure.gravatar.com\/avatar\/71f2fa71737ad68a84fea94bc708ddac8ea5b0c4788dc2ad202f3ccb2887742f?s=96&d=wp_user_avatar&r=g","contentUrl":"https:\/\/secure.gravatar.com\/avatar\/71f2fa71737ad68a84fea94bc708ddac8ea5b0c4788dc2ad202f3ccb2887742f?s=96&d=wp_user_avatar&r=g","caption":"Reda\u00e7\u00e3o RP"},"url":"https:\/\/revistadospneus.com\/pt\/author\/rpredacao\/"}]}},"_links":{"self":[{"href":"https:\/\/revistadospneus.com\/pt\/wp-json\/wp\/v2\/posts\/7371","targetHints":{"allow":["GET"]}}],"collection":[{"href":"https:\/\/revistadospneus.com\/pt\/wp-json\/wp\/v2\/posts"}],"about":[{"href":"https:\/\/revistadospneus.com\/pt\/wp-json\/wp\/v2\/types\/post"}],"author":[{"embeddable":true,"href":"https:\/\/revistadospneus.com\/pt\/wp-json\/wp\/v2\/users\/13"}],"replies":[{"embeddable":true,"href":"https:\/\/revistadospneus.com\/pt\/wp-json\/wp\/v2\/comments?post=7371"}],"version-history":[{"count":0,"href":"https:\/\/revistadospneus.com\/pt\/wp-json\/wp\/v2\/posts\/7371\/revisions"}],"wp:featuredmedia":[{"embeddable":true,"href":"https:\/\/revistadospneus.com\/pt\/wp-json\/wp\/v2\/media\/7372"}],"wp:attachment":[{"href":"https:\/\/revistadospneus.com\/pt\/wp-json\/wp\/v2\/media?parent=7371"}],"wp:term":[{"taxonomy":"category","embeddable":true,"href":"https:\/\/revistadospneus.com\/pt\/wp-json\/wp\/v2\/categories?post=7371"},{"taxonomy":"post_tag","embeddable":true,"href":"https:\/\/revistadospneus.com\/pt\/wp-json\/wp\/v2\/tags?post=7371"}],"curies":[{"name":"wp","href":"https:\/\/api.w.org\/{rel}","templated":true}]}}