{"id":74049,"date":"2025-01-16T08:00:59","date_gmt":"2025-01-16T08:00:59","guid":{"rendered":"https:\/\/revistadospneus.com\/pt\/?p=74049"},"modified":"2025-01-15T17:38:37","modified_gmt":"2025-01-15T17:38:37","slug":"continental-eleita-escolha-do-consumidor-pela-segunda-vez","status":"publish","type":"post","link":"https:\/\/revistadospneus.com\/pt\/2025\/01\/16\/continental-eleita-escolha-do-consumidor-pela-segunda-vez\/","title":{"rendered":"Continental eleita \u201cEscolha do Consumidor\u201d pela segunda vez"},"content":{"rendered":"<p><img loading=\"lazy\" decoding=\"async\" class=\"size-full wp-image-74051\" src=\"https:\/\/revistadospneus.com\/pt\/wp-content\/uploads\/2025\/01\/Continental-eleita-Escolha-do-Consumidor-pela-segunda-vez.jpg\" alt=\"01 - Continental eleita Escolha do Consumidor pela segunda vez\" width=\"1024\" height=\"581\" srcset=\"https:\/\/revistadospneus.com\/pt\/wp-content\/uploads\/2025\/01\/Continental-eleita-Escolha-do-Consumidor-pela-segunda-vez.jpg 1024w, https:\/\/revistadospneus.com\/pt\/wp-content\/uploads\/2025\/01\/Continental-eleita-Escolha-do-Consumidor-pela-segunda-vez-300x170.jpg 300w, https:\/\/revistadospneus.com\/pt\/wp-content\/uploads\/2025\/01\/Continental-eleita-Escolha-do-Consumidor-pela-segunda-vez-150x85.jpg 150w, https:\/\/revistadospneus.com\/pt\/wp-content\/uploads\/2025\/01\/Continental-eleita-Escolha-do-Consumidor-pela-segunda-vez-768x436.jpg 768w\" sizes=\"auto, (max-width: 1024px) 100vw, 1024px\" \/><\/p>\n<p><strong>A<a href=\"https:\/\/www.continental-tires.com\/\" target=\"_blank\" rel=\"noopener\"> Continental<\/a> foi distinguida pelo segundo ano consecutivo &#8220;Escolha do Consumidor&#8221; na categoria de pneus pelos portugueses<\/strong><\/p>\n<p>&#8220;Este pr\u00e9mio refor\u00e7a a confian\u00e7a e a prefer\u00eancia dos consumidores na marca, valorizando o compromisso di\u00e1rio da Continental em oferecer produtos e servi\u00e7os de excel\u00eancia, essenciais para a seguran\u00e7a rodovi\u00e1ria e para a promo\u00e7\u00e3o da mobilidade sustent\u00e1vel a n\u00edvel global&#8221;, come\u00e7ou por destacar a Continental em comunicado.<\/p>\n<p>A &#8220;Escolha do Consumidor&#8221; reflete a dedica\u00e7\u00e3o e o compromisso cont\u00ednuo da Continental com a excel\u00eancia, a inova\u00e7\u00e3o e a satisfa\u00e7\u00e3o dos seus clientes. &#8220;Ao longo dos anos, temos investido consistentemente na oferta de produtos e servi\u00e7os de m\u00e1xima qualidade, caracterizados por uma forte componente de inova\u00e7\u00e3o e avan\u00e7os tecnol\u00f3gicos, definindo padr\u00f5es excecionais de seguran\u00e7a. Estamos extremamente orgulhosos do percurso que temos trilhado no mercado nacional e agradecemos a confian\u00e7a dos portugueses nos nossos produtos&#8221;, afirmou Pedro Teixeira, diretor geral da Continental Pneus Portugal.<\/p>\n<p>Este ano, o sistema de avalia\u00e7\u00e3o de marcas, l\u00edder em Portugal, envolveu no seu processo de avalia\u00e7\u00e3o mais de 250 000 avalia\u00e7\u00f5es, junto de 2 000 marcas de setores t\u00e3o distintos como Comunica\u00e7\u00e3o Social, Alimenta\u00e7\u00e3o, Viagens e Lazer, Equipamentos e Higiene para o Lar, Cuidados Pessoais, Servi\u00e7os e Com\u00e9rcio Especializado, Produtos e Servi\u00e7os de Beleza, Cuidados Infantis, Financeiro, Autom\u00f3vel e Transporte Ferrovi\u00e1rio.<\/p>\n<p>A avalia\u00e7\u00e3o \u00e9 realizada numa primeira fase pelos consumidores que identificam os atributos que consideram mais importantes na sua rela\u00e7\u00e3o com as marcas, e posteriormente, fazem a avalia\u00e7\u00e3o dessas marcas utilizando metodologias mais apropriadas, como a experimenta\u00e7\u00e3o de produtos, cliente mist\u00e9rio, auditorias online, entre outros. As marcas que melhor completaram os atributos exigidos e valorizados pelos consumidores durante 2024, e que ap\u00f3s avalia\u00e7\u00e3o atingiram os mais altos n\u00edveis de satisfa\u00e7\u00e3o, s\u00e3o as premiadas.<\/p>\n<p>&nbsp;<\/p>\n<!-- AddThis Advanced Settings generic via filter on the_content --><!-- AddThis Share Buttons generic via filter on the_content -->","protected":false},"excerpt":{"rendered":"<p>A Continental foi distinguida pelo segundo ano consecutivo &#8220;Escolha&#8230;<!-- AddThis Advanced Settings generic via filter on get_the_excerpt --><!-- AddThis Share Buttons generic via filter on get_the_excerpt --><\/p>\n","protected":false},"author":13,"featured_media":74051,"comment_status":"closed","ping_status":"closed","sticky":false,"template":"","format":"standard","meta":{"footnotes":""},"categories":[29],"tags":[4087,58,2817,4032,3226],"class_list":["post-74049","post","type-post","status-publish","format-standard","has-post-thumbnail","hentry","category-empresas","tag-categoria-de-pneus","tag-continental","tag-escolha-do-consumidor","tag-premiada","tag-segundo-ano-consecutivo"],"yoast_head":"<!-- This site is optimized with the Yoast SEO plugin v27.5 - https:\/\/yoast.com\/product\/yoast-seo-wordpress\/ -->\n<title>Continental eleita \u201cEscolha do Consumidor\u201d pela segunda vez - Revista dos Pneus<\/title>\n<meta name=\"description\" content=\"A Continental foi distinguida pelo segundo ano consecutivo &quot;Escolha do Consumidor&quot; na categoria de pneus pelos portugueses\" \/>\n<meta name=\"robots\" content=\"index, follow, max-snippet:-1, max-image-preview:large, max-video-preview:-1\" \/>\n<link rel=\"canonical\" href=\"https:\/\/revistadospneus.com\/pt\/2025\/01\/16\/continental-eleita-escolha-do-consumidor-pela-segunda-vez\/\" \/>\n<meta property=\"og:locale\" content=\"pt_PT\" \/>\n<meta property=\"og:type\" content=\"article\" \/>\n<meta property=\"og:title\" content=\"Continental eleita \u201cEscolha do Consumidor\u201d pela segunda vez - Revista dos Pneus\" \/>\n<meta property=\"og:description\" content=\"A Continental foi distinguida pelo segundo ano consecutivo &quot;Escolha do Consumidor&quot; na categoria de pneus pelos portugueses\" \/>\n<meta property=\"og:url\" content=\"https:\/\/revistadospneus.com\/pt\/2025\/01\/16\/continental-eleita-escolha-do-consumidor-pela-segunda-vez\/\" \/>\n<meta property=\"og:site_name\" content=\"Revista dos Pneus\" \/>\n<meta property=\"article:publisher\" content=\"https:\/\/www.facebook.com\/revistapneus\" \/>\n<meta property=\"article:published_time\" content=\"2025-01-16T08:00:59+00:00\" \/>\n<meta property=\"og:image\" content=\"https:\/\/revistadospneus.com\/pt\/wp-content\/uploads\/2025\/01\/Continental-eleita-Escolha-do-Consumidor-pela-segunda-vez.jpg\" \/>\n\t<meta property=\"og:image:width\" content=\"1024\" \/>\n\t<meta property=\"og:image:height\" content=\"581\" \/>\n\t<meta property=\"og:image:type\" content=\"image\/jpeg\" \/>\n<meta name=\"author\" content=\"Reda\u00e7\u00e3o RP\" \/>\n<meta name=\"twitter:card\" content=\"summary_large_image\" \/>\n<meta name=\"twitter:creator\" content=\"@revistapneus\" \/>\n<meta name=\"twitter:site\" content=\"@revistapneus\" \/>\n<meta name=\"twitter:label1\" content=\"Escrito por\" \/>\n\t<meta name=\"twitter:data1\" content=\"Reda\u00e7\u00e3o RP\" \/>\n\t<meta name=\"twitter:label2\" content=\"Tempo estimado de leitura\" \/>\n\t<meta name=\"twitter:data2\" content=\"2 minutos\" \/>\n<script type=\"application\/ld+json\" class=\"yoast-schema-graph\">{\"@context\":\"https:\\\/\\\/schema.org\",\"@graph\":[{\"@type\":\"Article\",\"@id\":\"https:\\\/\\\/revistadospneus.com\\\/pt\\\/2025\\\/01\\\/16\\\/continental-eleita-escolha-do-consumidor-pela-segunda-vez\\\/#article\",\"isPartOf\":{\"@id\":\"https:\\\/\\\/revistadospneus.com\\\/pt\\\/2025\\\/01\\\/16\\\/continental-eleita-escolha-do-consumidor-pela-segunda-vez\\\/\"},\"author\":{\"name\":\"Reda\u00e7\u00e3o RP\",\"@id\":\"https:\\\/\\\/revistadospneus.com\\\/pt\\\/#\\\/schema\\\/person\\\/9c602809538a614c26e5569d14ed6442\"},\"headline\":\"Continental eleita \u201cEscolha do Consumidor\u201d pela segunda vez\",\"datePublished\":\"2025-01-16T08:00:59+00:00\",\"mainEntityOfPage\":{\"@id\":\"https:\\\/\\\/revistadospneus.com\\\/pt\\\/2025\\\/01\\\/16\\\/continental-eleita-escolha-do-consumidor-pela-segunda-vez\\\/\"},\"wordCount\":334,\"publisher\":{\"@id\":\"https:\\\/\\\/revistadospneus.com\\\/pt\\\/#organization\"},\"image\":{\"@id\":\"https:\\\/\\\/revistadospneus.com\\\/pt\\\/2025\\\/01\\\/16\\\/continental-eleita-escolha-do-consumidor-pela-segunda-vez\\\/#primaryimage\"},\"thumbnailUrl\":\"https:\\\/\\\/revistadospneus.com\\\/pt\\\/wp-content\\\/uploads\\\/2025\\\/01\\\/Continental-eleita-Escolha-do-Consumidor-pela-segunda-vez.jpg\",\"keywords\":[\"categoria de pneus\",\"Continental\",\"Escolha do Consumidor\",\"premiada\",\"segundo ano consecutivo\"],\"articleSection\":[\"Empresas\"],\"inLanguage\":\"pt-PT\"},{\"@type\":\"WebPage\",\"@id\":\"https:\\\/\\\/revistadospneus.com\\\/pt\\\/2025\\\/01\\\/16\\\/continental-eleita-escolha-do-consumidor-pela-segunda-vez\\\/\",\"url\":\"https:\\\/\\\/revistadospneus.com\\\/pt\\\/2025\\\/01\\\/16\\\/continental-eleita-escolha-do-consumidor-pela-segunda-vez\\\/\",\"name\":\"Continental eleita \u201cEscolha do Consumidor\u201d pela segunda vez - Revista dos Pneus\",\"isPartOf\":{\"@id\":\"https:\\\/\\\/revistadospneus.com\\\/pt\\\/#website\"},\"primaryImageOfPage\":{\"@id\":\"https:\\\/\\\/revistadospneus.com\\\/pt\\\/2025\\\/01\\\/16\\\/continental-eleita-escolha-do-consumidor-pela-segunda-vez\\\/#primaryimage\"},\"image\":{\"@id\":\"https:\\\/\\\/revistadospneus.com\\\/pt\\\/2025\\\/01\\\/16\\\/continental-eleita-escolha-do-consumidor-pela-segunda-vez\\\/#primaryimage\"},\"thumbnailUrl\":\"https:\\\/\\\/revistadospneus.com\\\/pt\\\/wp-content\\\/uploads\\\/2025\\\/01\\\/Continental-eleita-Escolha-do-Consumidor-pela-segunda-vez.jpg\",\"datePublished\":\"2025-01-16T08:00:59+00:00\",\"description\":\"A Continental foi distinguida pelo segundo ano consecutivo \\\"Escolha do Consumidor\\\" na categoria de pneus pelos portugueses\",\"breadcrumb\":{\"@id\":\"https:\\\/\\\/revistadospneus.com\\\/pt\\\/2025\\\/01\\\/16\\\/continental-eleita-escolha-do-consumidor-pela-segunda-vez\\\/#breadcrumb\"},\"inLanguage\":\"pt-PT\",\"potentialAction\":[{\"@type\":\"ReadAction\",\"target\":[\"https:\\\/\\\/revistadospneus.com\\\/pt\\\/2025\\\/01\\\/16\\\/continental-eleita-escolha-do-consumidor-pela-segunda-vez\\\/\"]}]},{\"@type\":\"ImageObject\",\"inLanguage\":\"pt-PT\",\"@id\":\"https:\\\/\\\/revistadospneus.com\\\/pt\\\/2025\\\/01\\\/16\\\/continental-eleita-escolha-do-consumidor-pela-segunda-vez\\\/#primaryimage\",\"url\":\"https:\\\/\\\/revistadospneus.com\\\/pt\\\/wp-content\\\/uploads\\\/2025\\\/01\\\/Continental-eleita-Escolha-do-Consumidor-pela-segunda-vez.jpg\",\"contentUrl\":\"https:\\\/\\\/revistadospneus.com\\\/pt\\\/wp-content\\\/uploads\\\/2025\\\/01\\\/Continental-eleita-Escolha-do-Consumidor-pela-segunda-vez.jpg\",\"width\":1024,\"height\":581,\"caption\":\"Escolha Consumidor, no Espa\u00e7o Suspenso, em Lisboa.\"},{\"@type\":\"BreadcrumbList\",\"@id\":\"https:\\\/\\\/revistadospneus.com\\\/pt\\\/2025\\\/01\\\/16\\\/continental-eleita-escolha-do-consumidor-pela-segunda-vez\\\/#breadcrumb\",\"itemListElement\":[{\"@type\":\"ListItem\",\"position\":1,\"name\":\"In\u00edcio\",\"item\":\"https:\\\/\\\/revistadospneus.com\\\/pt\\\/\"},{\"@type\":\"ListItem\",\"position\":2,\"name\":\"Continental eleita \u201cEscolha do Consumidor\u201d pela segunda vez\"}]},{\"@type\":\"WebSite\",\"@id\":\"https:\\\/\\\/revistadospneus.com\\\/pt\\\/#website\",\"url\":\"https:\\\/\\\/revistadospneus.com\\\/pt\\\/\",\"name\":\"Revista dos Pneus\",\"description\":\"Revista independente de pneus e servi\u00e7os r\u00e1pidos\",\"publisher\":{\"@id\":\"https:\\\/\\\/revistadospneus.com\\\/pt\\\/#organization\"},\"potentialAction\":[{\"@type\":\"SearchAction\",\"target\":{\"@type\":\"EntryPoint\",\"urlTemplate\":\"https:\\\/\\\/revistadospneus.com\\\/pt\\\/?s={search_term_string}\"},\"query-input\":{\"@type\":\"PropertyValueSpecification\",\"valueRequired\":true,\"valueName\":\"search_term_string\"}}],\"inLanguage\":\"pt-PT\"},{\"@type\":\"Organization\",\"@id\":\"https:\\\/\\\/revistadospneus.com\\\/pt\\\/#organization\",\"name\":\"Revista dos Pneus\",\"url\":\"https:\\\/\\\/revistadospneus.com\\\/pt\\\/\",\"logo\":{\"@type\":\"ImageObject\",\"inLanguage\":\"pt-PT\",\"@id\":\"https:\\\/\\\/revistadospneus.com\\\/pt\\\/#\\\/schema\\\/logo\\\/image\\\/\",\"url\":\"https:\\\/\\\/revistadospneus.com\\\/pt\\\/wp-content\\\/uploads\\\/logo2-1.png\",\"contentUrl\":\"https:\\\/\\\/revistadospneus.com\\\/pt\\\/wp-content\\\/uploads\\\/logo2-1.png\",\"width\":216,\"height\":70,\"caption\":\"Revista dos Pneus\"},\"image\":{\"@id\":\"https:\\\/\\\/revistadospneus.com\\\/pt\\\/#\\\/schema\\\/logo\\\/image\\\/\"},\"sameAs\":[\"https:\\\/\\\/www.facebook.com\\\/revistapneus\",\"https:\\\/\\\/x.com\\\/revistapneus\",\"https:\\\/\\\/www.linkedin.com\\\/company\\\/jornal-das-oficinas\\\/\",\"https:\\\/\\\/www.youtube.com\\\/channel\\\/UCbQZBqtcvV-oSQrr7RzINGg\"]},{\"@type\":\"Person\",\"@id\":\"https:\\\/\\\/revistadospneus.com\\\/pt\\\/#\\\/schema\\\/person\\\/9c602809538a614c26e5569d14ed6442\",\"name\":\"Reda\u00e7\u00e3o RP\",\"image\":{\"@type\":\"ImageObject\",\"inLanguage\":\"pt-PT\",\"@id\":\"https:\\\/\\\/secure.gravatar.com\\\/avatar\\\/71f2fa71737ad68a84fea94bc708ddac8ea5b0c4788dc2ad202f3ccb2887742f?s=96&d=wp_user_avatar&r=g\",\"url\":\"https:\\\/\\\/secure.gravatar.com\\\/avatar\\\/71f2fa71737ad68a84fea94bc708ddac8ea5b0c4788dc2ad202f3ccb2887742f?s=96&d=wp_user_avatar&r=g\",\"contentUrl\":\"https:\\\/\\\/secure.gravatar.com\\\/avatar\\\/71f2fa71737ad68a84fea94bc708ddac8ea5b0c4788dc2ad202f3ccb2887742f?s=96&d=wp_user_avatar&r=g\",\"caption\":\"Reda\u00e7\u00e3o RP\"},\"url\":\"https:\\\/\\\/revistadospneus.com\\\/pt\\\/author\\\/rpredacao\\\/\"}]}<\/script>\n<!-- \/ Yoast SEO plugin. -->","yoast_head_json":{"title":"Continental eleita \u201cEscolha do Consumidor\u201d pela segunda vez - Revista dos Pneus","description":"A Continental foi distinguida pelo segundo ano consecutivo \"Escolha do Consumidor\" na categoria de pneus pelos portugueses","robots":{"index":"index","follow":"follow","max-snippet":"max-snippet:-1","max-image-preview":"max-image-preview:large","max-video-preview":"max-video-preview:-1"},"canonical":"https:\/\/revistadospneus.com\/pt\/2025\/01\/16\/continental-eleita-escolha-do-consumidor-pela-segunda-vez\/","og_locale":"pt_PT","og_type":"article","og_title":"Continental eleita \u201cEscolha do Consumidor\u201d pela segunda vez - Revista dos Pneus","og_description":"A Continental foi distinguida pelo segundo ano consecutivo \"Escolha do Consumidor\" na categoria de pneus pelos portugueses","og_url":"https:\/\/revistadospneus.com\/pt\/2025\/01\/16\/continental-eleita-escolha-do-consumidor-pela-segunda-vez\/","og_site_name":"Revista dos Pneus","article_publisher":"https:\/\/www.facebook.com\/revistapneus","article_published_time":"2025-01-16T08:00:59+00:00","og_image":[{"width":1024,"height":581,"url":"https:\/\/revistadospneus.com\/pt\/wp-content\/uploads\/2025\/01\/Continental-eleita-Escolha-do-Consumidor-pela-segunda-vez.jpg","type":"image\/jpeg"}],"author":"Reda\u00e7\u00e3o RP","twitter_card":"summary_large_image","twitter_creator":"@revistapneus","twitter_site":"@revistapneus","twitter_misc":{"Escrito por":"Reda\u00e7\u00e3o RP","Tempo estimado de leitura":"2 minutos"},"schema":{"@context":"https:\/\/schema.org","@graph":[{"@type":"Article","@id":"https:\/\/revistadospneus.com\/pt\/2025\/01\/16\/continental-eleita-escolha-do-consumidor-pela-segunda-vez\/#article","isPartOf":{"@id":"https:\/\/revistadospneus.com\/pt\/2025\/01\/16\/continental-eleita-escolha-do-consumidor-pela-segunda-vez\/"},"author":{"name":"Reda\u00e7\u00e3o RP","@id":"https:\/\/revistadospneus.com\/pt\/#\/schema\/person\/9c602809538a614c26e5569d14ed6442"},"headline":"Continental eleita \u201cEscolha do Consumidor\u201d pela segunda vez","datePublished":"2025-01-16T08:00:59+00:00","mainEntityOfPage":{"@id":"https:\/\/revistadospneus.com\/pt\/2025\/01\/16\/continental-eleita-escolha-do-consumidor-pela-segunda-vez\/"},"wordCount":334,"publisher":{"@id":"https:\/\/revistadospneus.com\/pt\/#organization"},"image":{"@id":"https:\/\/revistadospneus.com\/pt\/2025\/01\/16\/continental-eleita-escolha-do-consumidor-pela-segunda-vez\/#primaryimage"},"thumbnailUrl":"https:\/\/revistadospneus.com\/pt\/wp-content\/uploads\/2025\/01\/Continental-eleita-Escolha-do-Consumidor-pela-segunda-vez.jpg","keywords":["categoria de pneus","Continental","Escolha do Consumidor","premiada","segundo ano consecutivo"],"articleSection":["Empresas"],"inLanguage":"pt-PT"},{"@type":"WebPage","@id":"https:\/\/revistadospneus.com\/pt\/2025\/01\/16\/continental-eleita-escolha-do-consumidor-pela-segunda-vez\/","url":"https:\/\/revistadospneus.com\/pt\/2025\/01\/16\/continental-eleita-escolha-do-consumidor-pela-segunda-vez\/","name":"Continental eleita \u201cEscolha do Consumidor\u201d pela segunda vez - Revista dos Pneus","isPartOf":{"@id":"https:\/\/revistadospneus.com\/pt\/#website"},"primaryImageOfPage":{"@id":"https:\/\/revistadospneus.com\/pt\/2025\/01\/16\/continental-eleita-escolha-do-consumidor-pela-segunda-vez\/#primaryimage"},"image":{"@id":"https:\/\/revistadospneus.com\/pt\/2025\/01\/16\/continental-eleita-escolha-do-consumidor-pela-segunda-vez\/#primaryimage"},"thumbnailUrl":"https:\/\/revistadospneus.com\/pt\/wp-content\/uploads\/2025\/01\/Continental-eleita-Escolha-do-Consumidor-pela-segunda-vez.jpg","datePublished":"2025-01-16T08:00:59+00:00","description":"A Continental foi distinguida pelo segundo ano consecutivo \"Escolha do Consumidor\" na categoria de pneus pelos portugueses","breadcrumb":{"@id":"https:\/\/revistadospneus.com\/pt\/2025\/01\/16\/continental-eleita-escolha-do-consumidor-pela-segunda-vez\/#breadcrumb"},"inLanguage":"pt-PT","potentialAction":[{"@type":"ReadAction","target":["https:\/\/revistadospneus.com\/pt\/2025\/01\/16\/continental-eleita-escolha-do-consumidor-pela-segunda-vez\/"]}]},{"@type":"ImageObject","inLanguage":"pt-PT","@id":"https:\/\/revistadospneus.com\/pt\/2025\/01\/16\/continental-eleita-escolha-do-consumidor-pela-segunda-vez\/#primaryimage","url":"https:\/\/revistadospneus.com\/pt\/wp-content\/uploads\/2025\/01\/Continental-eleita-Escolha-do-Consumidor-pela-segunda-vez.jpg","contentUrl":"https:\/\/revistadospneus.com\/pt\/wp-content\/uploads\/2025\/01\/Continental-eleita-Escolha-do-Consumidor-pela-segunda-vez.jpg","width":1024,"height":581,"caption":"Escolha Consumidor, no Espa\u00e7o Suspenso, em Lisboa."},{"@type":"BreadcrumbList","@id":"https:\/\/revistadospneus.com\/pt\/2025\/01\/16\/continental-eleita-escolha-do-consumidor-pela-segunda-vez\/#breadcrumb","itemListElement":[{"@type":"ListItem","position":1,"name":"In\u00edcio","item":"https:\/\/revistadospneus.com\/pt\/"},{"@type":"ListItem","position":2,"name":"Continental eleita \u201cEscolha do Consumidor\u201d pela segunda vez"}]},{"@type":"WebSite","@id":"https:\/\/revistadospneus.com\/pt\/#website","url":"https:\/\/revistadospneus.com\/pt\/","name":"Revista dos Pneus","description":"Revista independente de pneus e servi\u00e7os r\u00e1pidos","publisher":{"@id":"https:\/\/revistadospneus.com\/pt\/#organization"},"potentialAction":[{"@type":"SearchAction","target":{"@type":"EntryPoint","urlTemplate":"https:\/\/revistadospneus.com\/pt\/?s={search_term_string}"},"query-input":{"@type":"PropertyValueSpecification","valueRequired":true,"valueName":"search_term_string"}}],"inLanguage":"pt-PT"},{"@type":"Organization","@id":"https:\/\/revistadospneus.com\/pt\/#organization","name":"Revista dos Pneus","url":"https:\/\/revistadospneus.com\/pt\/","logo":{"@type":"ImageObject","inLanguage":"pt-PT","@id":"https:\/\/revistadospneus.com\/pt\/#\/schema\/logo\/image\/","url":"https:\/\/revistadospneus.com\/pt\/wp-content\/uploads\/logo2-1.png","contentUrl":"https:\/\/revistadospneus.com\/pt\/wp-content\/uploads\/logo2-1.png","width":216,"height":70,"caption":"Revista dos Pneus"},"image":{"@id":"https:\/\/revistadospneus.com\/pt\/#\/schema\/logo\/image\/"},"sameAs":["https:\/\/www.facebook.com\/revistapneus","https:\/\/x.com\/revistapneus","https:\/\/www.linkedin.com\/company\/jornal-das-oficinas\/","https:\/\/www.youtube.com\/channel\/UCbQZBqtcvV-oSQrr7RzINGg"]},{"@type":"Person","@id":"https:\/\/revistadospneus.com\/pt\/#\/schema\/person\/9c602809538a614c26e5569d14ed6442","name":"Reda\u00e7\u00e3o RP","image":{"@type":"ImageObject","inLanguage":"pt-PT","@id":"https:\/\/secure.gravatar.com\/avatar\/71f2fa71737ad68a84fea94bc708ddac8ea5b0c4788dc2ad202f3ccb2887742f?s=96&d=wp_user_avatar&r=g","url":"https:\/\/secure.gravatar.com\/avatar\/71f2fa71737ad68a84fea94bc708ddac8ea5b0c4788dc2ad202f3ccb2887742f?s=96&d=wp_user_avatar&r=g","contentUrl":"https:\/\/secure.gravatar.com\/avatar\/71f2fa71737ad68a84fea94bc708ddac8ea5b0c4788dc2ad202f3ccb2887742f?s=96&d=wp_user_avatar&r=g","caption":"Reda\u00e7\u00e3o RP"},"url":"https:\/\/revistadospneus.com\/pt\/author\/rpredacao\/"}]}},"_links":{"self":[{"href":"https:\/\/revistadospneus.com\/pt\/wp-json\/wp\/v2\/posts\/74049","targetHints":{"allow":["GET"]}}],"collection":[{"href":"https:\/\/revistadospneus.com\/pt\/wp-json\/wp\/v2\/posts"}],"about":[{"href":"https:\/\/revistadospneus.com\/pt\/wp-json\/wp\/v2\/types\/post"}],"author":[{"embeddable":true,"href":"https:\/\/revistadospneus.com\/pt\/wp-json\/wp\/v2\/users\/13"}],"replies":[{"embeddable":true,"href":"https:\/\/revistadospneus.com\/pt\/wp-json\/wp\/v2\/comments?post=74049"}],"version-history":[{"count":2,"href":"https:\/\/revistadospneus.com\/pt\/wp-json\/wp\/v2\/posts\/74049\/revisions"}],"predecessor-version":[{"id":74052,"href":"https:\/\/revistadospneus.com\/pt\/wp-json\/wp\/v2\/posts\/74049\/revisions\/74052"}],"wp:featuredmedia":[{"embeddable":true,"href":"https:\/\/revistadospneus.com\/pt\/wp-json\/wp\/v2\/media\/74051"}],"wp:attachment":[{"href":"https:\/\/revistadospneus.com\/pt\/wp-json\/wp\/v2\/media?parent=74049"}],"wp:term":[{"taxonomy":"category","embeddable":true,"href":"https:\/\/revistadospneus.com\/pt\/wp-json\/wp\/v2\/categories?post=74049"},{"taxonomy":"post_tag","embeddable":true,"href":"https:\/\/revistadospneus.com\/pt\/wp-json\/wp\/v2\/tags?post=74049"}],"curies":[{"name":"wp","href":"https:\/\/api.w.org\/{rel}","templated":true}]}}