{"id":74377,"date":"2025-02-25T08:00:01","date_gmt":"2025-02-25T08:00:01","guid":{"rendered":"https:\/\/revistadospneus.com\/pt\/?p=74377"},"modified":"2025-02-24T18:59:00","modified_gmt":"2025-02-24T18:59:00","slug":"ab-tyres-e-matrax-ganham-forca-nos-mercados-internacionais","status":"publish","type":"post","link":"https:\/\/revistadospneus.com\/pt\/2025\/02\/25\/ab-tyres-e-matrax-ganham-forca-nos-mercados-internacionais\/","title":{"rendered":"AB Tyres e Matrax ganham for\u00e7a nos mercados internacionais"},"content":{"rendered":"<p><strong><img loading=\"lazy\" decoding=\"async\" class=\"alignnone size-full wp-image-74381\" src=\"https:\/\/revistadospneus.com\/pt\/wp-content\/uploads\/2025\/02\/AB-Tyres-e-Matrax-ganham-forca-nos-mercados-internacionais.jpeg\" alt=\"02 - AB Tyres e Matrax ganham forca nos mercados internacionais\" width=\"1024\" height=\"581\" srcset=\"https:\/\/revistadospneus.com\/pt\/wp-content\/uploads\/2025\/02\/AB-Tyres-e-Matrax-ganham-forca-nos-mercados-internacionais.jpeg 1024w, https:\/\/revistadospneus.com\/pt\/wp-content\/uploads\/2025\/02\/AB-Tyres-e-Matrax-ganham-forca-nos-mercados-internacionais-300x170.jpeg 300w, https:\/\/revistadospneus.com\/pt\/wp-content\/uploads\/2025\/02\/AB-Tyres-e-Matrax-ganham-forca-nos-mercados-internacionais-150x85.jpeg 150w, https:\/\/revistadospneus.com\/pt\/wp-content\/uploads\/2025\/02\/AB-Tyres-e-Matrax-ganham-forca-nos-mercados-internacionais-768x436.jpeg 768w\" sizes=\"auto, (max-width: 1024px) 100vw, 1024px\" \/><\/strong><\/p>\n<p><strong>A <a href=\"https:\/\/www.abtyres.pt\/\" target=\"_blank\" rel=\"noopener\">AB Tyres<\/a>, empresa do <a href=\"https:\/\/www.grupoalvesbandeira.com\/pt\/\" target=\"_blank\" rel=\"noopener\">Grupo Alves Bandeira<\/a>, tem investido na marca pr\u00f3pria, Matrax, elevando-a a novos patamares, especialmente nos mercados do M\u00e9dio Oriente, \u00c1frica e \u00c1sia<\/strong><\/p>\n<p>A AB Tyres continua a consolidar o seu crescimento, refor\u00e7ando cada vez mais a sua presen\u00e7a nos mercados internacionais e a sua posi\u00e7\u00e3o como uma marca de refer\u00eancia no setor do aftermarket, em especial no que diz respeito \u00e0 distribui\u00e7\u00e3o e comercializa\u00e7\u00e3o de pneus.<\/p>\n<p>Com uma trajet\u00f3ria de mais de 25 anos, a empresa pertencente ao Grupo Alves Bandeira, tem vindo a investir especialmente nos mercados do M\u00e9dio Oriente, \u00c1frica e \u00c1sia, onde tem registado um crescimento significativo.<\/p>\n<p>Atualmente e desde o \u00faltimo ano, a estrat\u00e9gia da empresa tem tamb\u00e9m estado mais orientada para a entrada em novos mercados, nomeadamente, na Europa, Estados Unidos da Am\u00e9rica e Austr\u00e1lia, com o intuito de refor\u00e7ar a sua posi\u00e7\u00e3o global e dar continuidade a uma trajet\u00f3ria de crescimento sustent\u00e1vel e estruturada a n\u00edvel internacional.<\/p>\n<p>Um dos principais marcos desta expans\u00e3o resultou da vis\u00e3o do grupo econ\u00f3mico portugu\u00eas em fabricar uma marca pr\u00f3pria de pneus. Com uma presen\u00e7a em mais de 60 pa\u00edses, a marca Matrax Tyres tem vindo a crescer em notoriedade e a conquistar cada vez mais mercados a n\u00edvel internacional.<\/p>\n<p>A gama de pneus e o pr\u00f3prio portf\u00f3lio de produtos da marca Matrax t\u00eam sido continuamente expandidos, incluindo tamb\u00e9m na sua oferta pneus de pesados (Matoro) baterias auto (Matrax Energy), lubrificantes (Matrax Lubricants) e aditivos (Matrax Additives). A aposta na oferta de uma solu\u00e7\u00e3o global, tem sido determinante para o fortalecimento da marca e para garantir um maior grau de competitividade e diferencia\u00e7\u00e3o face \u00e0 concorr\u00eancia.<\/p>\n<p>Para Filipe Bandeira, managing director da AB Tyres: &#8220;O crescimento sustentado da internacionaliza\u00e7\u00e3o do neg\u00f3cio tem sido fundamental, n\u00e3o s\u00f3 para incrementar o volume de neg\u00f3cios, mas tamb\u00e9m para reduzir a depend\u00eancia de algumas economias espec\u00edficas e, consequentemente, diversificar o risco do neg\u00f3cio. \u00c9 com base neste equil\u00edbrio estrat\u00e9gico, que pretendemos continuar a crescer de forma s\u00f3lida e sustentada em todo o mundo&#8221;.<\/p>\n<p>A expans\u00e3o internacional \u00e9, sem d\u00favida, um dos grandes desafios empresariais. Neste cap\u00edtulo o investimento em estudar cada mercado, a concorr\u00eancia internacional e local, a cultura, o modo de funcionamento e enquadramento legal e fiscal, associado a uma capacidade de adapta\u00e7\u00e3o da oferta a cada mercado, t\u00eam sido fatores estruturantes para o sucesso da internacionaliza\u00e7\u00e3o da AB Tyres.<\/p>\n<p>N\u00e3o obstante, a imprevisibilidade e volatilidade dos custos log\u00edsticos e dos tempos de tr\u00e2nsito do transporte mar\u00edtimo s\u00e3o desafios que se mant\u00eam presentes e constantes. Neste ponto, apesar de ser algo fora do controlo da empresa, esta tem vindo a desenvolver estrat\u00e9gias para mitigar o seu eventual impacto negativo na rentabilidade do neg\u00f3cio.<\/p>\n<p>Para os pr\u00f3ximos anos, a AB Tyres mant\u00e9m a aposta em continuar a crescer de forma sustentada, assente nos pilares de diferencia\u00e7\u00e3o, inova\u00e7\u00e3o e proximidade aos distribuidores, com especial foco nas marcas Matrax Tyres e Matoro sempre tendo como base elevados padr\u00f5es de qualidade, fiabilidade e desempenho.<\/p>\n<!-- AddThis Advanced Settings generic via filter on the_content --><!-- AddThis Share Buttons generic via filter on the_content -->","protected":false},"excerpt":{"rendered":"<p>A AB Tyres, empresa do Grupo Alves Bandeira, tem&#8230;<!-- AddThis Advanced Settings generic via filter on get_the_excerpt --><!-- AddThis Share Buttons generic via filter on get_the_excerpt --><\/p>\n","protected":false},"author":13,"featured_media":74381,"comment_status":"closed","ping_status":"closed","sticky":false,"template":"","format":"standard","meta":{"footnotes":""},"categories":[29],"tags":[922,1450,2704,2928,1699,4161],"class_list":["post-74377","post","type-post","status-publish","format-standard","has-post-thumbnail","hentry","category-empresas","tag-ab-tyres","tag-grupo-alves-bandeira","tag-investimento","tag-marca-propria","tag-matrax","tag-mercados-internacionais"],"yoast_head":"<!-- This site is optimized with the Yoast SEO plugin v27.5 - https:\/\/yoast.com\/product\/yoast-seo-wordpress\/ -->\n<title>AB Tyres e Matrax ganham for\u00e7a nos mercados internacionais - Revista dos Pneus<\/title>\n<meta name=\"description\" content=\"A AB Tyres tem investido na marca pr\u00f3pria, Matrax elevando-a novos patamares, especialmente nos mercados do M\u00e9dio Oriente, \u00c1frica e \u00c1sia\" \/>\n<meta name=\"robots\" content=\"index, follow, max-snippet:-1, max-image-preview:large, max-video-preview:-1\" \/>\n<link rel=\"canonical\" href=\"https:\/\/revistadospneus.com\/pt\/2025\/02\/25\/ab-tyres-e-matrax-ganham-forca-nos-mercados-internacionais\/\" \/>\n<meta property=\"og:locale\" content=\"pt_PT\" \/>\n<meta property=\"og:type\" content=\"article\" \/>\n<meta property=\"og:title\" content=\"AB Tyres e Matrax ganham for\u00e7a nos mercados internacionais - Revista dos Pneus\" \/>\n<meta property=\"og:description\" content=\"A AB Tyres tem investido na marca pr\u00f3pria, Matrax elevando-a novos patamares, especialmente nos mercados do M\u00e9dio Oriente, \u00c1frica e \u00c1sia\" \/>\n<meta property=\"og:url\" content=\"https:\/\/revistadospneus.com\/pt\/2025\/02\/25\/ab-tyres-e-matrax-ganham-forca-nos-mercados-internacionais\/\" \/>\n<meta property=\"og:site_name\" content=\"Revista dos Pneus\" \/>\n<meta property=\"article:publisher\" content=\"https:\/\/www.facebook.com\/revistapneus\" \/>\n<meta property=\"article:published_time\" content=\"2025-02-25T08:00:01+00:00\" \/>\n<meta property=\"og:image\" content=\"https:\/\/revistadospneus.com\/pt\/wp-content\/uploads\/2025\/02\/AB-Tyres-e-Matrax-ganham-forca-nos-mercados-internacionais.jpeg\" \/>\n\t<meta property=\"og:image:width\" content=\"1024\" \/>\n\t<meta property=\"og:image:height\" content=\"581\" \/>\n\t<meta property=\"og:image:type\" content=\"image\/jpeg\" \/>\n<meta name=\"author\" content=\"Reda\u00e7\u00e3o RP\" \/>\n<meta name=\"twitter:card\" content=\"summary_large_image\" \/>\n<meta name=\"twitter:creator\" content=\"@revistapneus\" \/>\n<meta name=\"twitter:site\" content=\"@revistapneus\" \/>\n<meta name=\"twitter:label1\" content=\"Escrito por\" \/>\n\t<meta name=\"twitter:data1\" content=\"Reda\u00e7\u00e3o RP\" \/>\n\t<meta name=\"twitter:label2\" content=\"Tempo estimado de leitura\" \/>\n\t<meta name=\"twitter:data2\" content=\"4 minutos\" \/>\n<script type=\"application\/ld+json\" class=\"yoast-schema-graph\">{\"@context\":\"https:\\\/\\\/schema.org\",\"@graph\":[{\"@type\":\"Article\",\"@id\":\"https:\\\/\\\/revistadospneus.com\\\/pt\\\/2025\\\/02\\\/25\\\/ab-tyres-e-matrax-ganham-forca-nos-mercados-internacionais\\\/#article\",\"isPartOf\":{\"@id\":\"https:\\\/\\\/revistadospneus.com\\\/pt\\\/2025\\\/02\\\/25\\\/ab-tyres-e-matrax-ganham-forca-nos-mercados-internacionais\\\/\"},\"author\":{\"name\":\"Reda\u00e7\u00e3o RP\",\"@id\":\"https:\\\/\\\/revistadospneus.com\\\/pt\\\/#\\\/schema\\\/person\\\/9c602809538a614c26e5569d14ed6442\"},\"headline\":\"AB Tyres e Matrax ganham for\u00e7a nos mercados internacionais\",\"datePublished\":\"2025-02-25T08:00:01+00:00\",\"mainEntityOfPage\":{\"@id\":\"https:\\\/\\\/revistadospneus.com\\\/pt\\\/2025\\\/02\\\/25\\\/ab-tyres-e-matrax-ganham-forca-nos-mercados-internacionais\\\/\"},\"wordCount\":562,\"publisher\":{\"@id\":\"https:\\\/\\\/revistadospneus.com\\\/pt\\\/#organization\"},\"image\":{\"@id\":\"https:\\\/\\\/revistadospneus.com\\\/pt\\\/2025\\\/02\\\/25\\\/ab-tyres-e-matrax-ganham-forca-nos-mercados-internacionais\\\/#primaryimage\"},\"thumbnailUrl\":\"https:\\\/\\\/revistadospneus.com\\\/pt\\\/wp-content\\\/uploads\\\/2025\\\/02\\\/AB-Tyres-e-Matrax-ganham-forca-nos-mercados-internacionais.jpeg\",\"keywords\":[\"AB Tyres\",\"Grupo Alves Bandeira\",\"Investimento\",\"marca pr\u00f3pria\",\"Matrax\",\"mercados internacionais\"],\"articleSection\":[\"Empresas\"],\"inLanguage\":\"pt-PT\"},{\"@type\":\"WebPage\",\"@id\":\"https:\\\/\\\/revistadospneus.com\\\/pt\\\/2025\\\/02\\\/25\\\/ab-tyres-e-matrax-ganham-forca-nos-mercados-internacionais\\\/\",\"url\":\"https:\\\/\\\/revistadospneus.com\\\/pt\\\/2025\\\/02\\\/25\\\/ab-tyres-e-matrax-ganham-forca-nos-mercados-internacionais\\\/\",\"name\":\"AB Tyres e Matrax ganham for\u00e7a nos mercados internacionais - Revista dos Pneus\",\"isPartOf\":{\"@id\":\"https:\\\/\\\/revistadospneus.com\\\/pt\\\/#website\"},\"primaryImageOfPage\":{\"@id\":\"https:\\\/\\\/revistadospneus.com\\\/pt\\\/2025\\\/02\\\/25\\\/ab-tyres-e-matrax-ganham-forca-nos-mercados-internacionais\\\/#primaryimage\"},\"image\":{\"@id\":\"https:\\\/\\\/revistadospneus.com\\\/pt\\\/2025\\\/02\\\/25\\\/ab-tyres-e-matrax-ganham-forca-nos-mercados-internacionais\\\/#primaryimage\"},\"thumbnailUrl\":\"https:\\\/\\\/revistadospneus.com\\\/pt\\\/wp-content\\\/uploads\\\/2025\\\/02\\\/AB-Tyres-e-Matrax-ganham-forca-nos-mercados-internacionais.jpeg\",\"datePublished\":\"2025-02-25T08:00:01+00:00\",\"description\":\"A AB Tyres tem investido na marca pr\u00f3pria, Matrax elevando-a novos patamares, especialmente nos mercados do M\u00e9dio Oriente, \u00c1frica e \u00c1sia\",\"breadcrumb\":{\"@id\":\"https:\\\/\\\/revistadospneus.com\\\/pt\\\/2025\\\/02\\\/25\\\/ab-tyres-e-matrax-ganham-forca-nos-mercados-internacionais\\\/#breadcrumb\"},\"inLanguage\":\"pt-PT\",\"potentialAction\":[{\"@type\":\"ReadAction\",\"target\":[\"https:\\\/\\\/revistadospneus.com\\\/pt\\\/2025\\\/02\\\/25\\\/ab-tyres-e-matrax-ganham-forca-nos-mercados-internacionais\\\/\"]}]},{\"@type\":\"ImageObject\",\"inLanguage\":\"pt-PT\",\"@id\":\"https:\\\/\\\/revistadospneus.com\\\/pt\\\/2025\\\/02\\\/25\\\/ab-tyres-e-matrax-ganham-forca-nos-mercados-internacionais\\\/#primaryimage\",\"url\":\"https:\\\/\\\/revistadospneus.com\\\/pt\\\/wp-content\\\/uploads\\\/2025\\\/02\\\/AB-Tyres-e-Matrax-ganham-forca-nos-mercados-internacionais.jpeg\",\"contentUrl\":\"https:\\\/\\\/revistadospneus.com\\\/pt\\\/wp-content\\\/uploads\\\/2025\\\/02\\\/AB-Tyres-e-Matrax-ganham-forca-nos-mercados-internacionais.jpeg\",\"width\":1024,\"height\":581,\"caption\":\"02 - AB Tyres e Matrax ganham forca nos mercados internacionais\"},{\"@type\":\"BreadcrumbList\",\"@id\":\"https:\\\/\\\/revistadospneus.com\\\/pt\\\/2025\\\/02\\\/25\\\/ab-tyres-e-matrax-ganham-forca-nos-mercados-internacionais\\\/#breadcrumb\",\"itemListElement\":[{\"@type\":\"ListItem\",\"position\":1,\"name\":\"In\u00edcio\",\"item\":\"https:\\\/\\\/revistadospneus.com\\\/pt\\\/\"},{\"@type\":\"ListItem\",\"position\":2,\"name\":\"AB Tyres e Matrax ganham for\u00e7a nos mercados internacionais\"}]},{\"@type\":\"WebSite\",\"@id\":\"https:\\\/\\\/revistadospneus.com\\\/pt\\\/#website\",\"url\":\"https:\\\/\\\/revistadospneus.com\\\/pt\\\/\",\"name\":\"Revista dos Pneus\",\"description\":\"Revista independente de pneus e servi\u00e7os r\u00e1pidos\",\"publisher\":{\"@id\":\"https:\\\/\\\/revistadospneus.com\\\/pt\\\/#organization\"},\"potentialAction\":[{\"@type\":\"SearchAction\",\"target\":{\"@type\":\"EntryPoint\",\"urlTemplate\":\"https:\\\/\\\/revistadospneus.com\\\/pt\\\/?s={search_term_string}\"},\"query-input\":{\"@type\":\"PropertyValueSpecification\",\"valueRequired\":true,\"valueName\":\"search_term_string\"}}],\"inLanguage\":\"pt-PT\"},{\"@type\":\"Organization\",\"@id\":\"https:\\\/\\\/revistadospneus.com\\\/pt\\\/#organization\",\"name\":\"Revista dos Pneus\",\"url\":\"https:\\\/\\\/revistadospneus.com\\\/pt\\\/\",\"logo\":{\"@type\":\"ImageObject\",\"inLanguage\":\"pt-PT\",\"@id\":\"https:\\\/\\\/revistadospneus.com\\\/pt\\\/#\\\/schema\\\/logo\\\/image\\\/\",\"url\":\"https:\\\/\\\/revistadospneus.com\\\/pt\\\/wp-content\\\/uploads\\\/logo2-1.png\",\"contentUrl\":\"https:\\\/\\\/revistadospneus.com\\\/pt\\\/wp-content\\\/uploads\\\/logo2-1.png\",\"width\":216,\"height\":70,\"caption\":\"Revista dos Pneus\"},\"image\":{\"@id\":\"https:\\\/\\\/revistadospneus.com\\\/pt\\\/#\\\/schema\\\/logo\\\/image\\\/\"},\"sameAs\":[\"https:\\\/\\\/www.facebook.com\\\/revistapneus\",\"https:\\\/\\\/x.com\\\/revistapneus\",\"https:\\\/\\\/www.linkedin.com\\\/company\\\/jornal-das-oficinas\\\/\",\"https:\\\/\\\/www.youtube.com\\\/channel\\\/UCbQZBqtcvV-oSQrr7RzINGg\"]},{\"@type\":\"Person\",\"@id\":\"https:\\\/\\\/revistadospneus.com\\\/pt\\\/#\\\/schema\\\/person\\\/9c602809538a614c26e5569d14ed6442\",\"name\":\"Reda\u00e7\u00e3o RP\",\"image\":{\"@type\":\"ImageObject\",\"inLanguage\":\"pt-PT\",\"@id\":\"https:\\\/\\\/secure.gravatar.com\\\/avatar\\\/71f2fa71737ad68a84fea94bc708ddac8ea5b0c4788dc2ad202f3ccb2887742f?s=96&d=wp_user_avatar&r=g\",\"url\":\"https:\\\/\\\/secure.gravatar.com\\\/avatar\\\/71f2fa71737ad68a84fea94bc708ddac8ea5b0c4788dc2ad202f3ccb2887742f?s=96&d=wp_user_avatar&r=g\",\"contentUrl\":\"https:\\\/\\\/secure.gravatar.com\\\/avatar\\\/71f2fa71737ad68a84fea94bc708ddac8ea5b0c4788dc2ad202f3ccb2887742f?s=96&d=wp_user_avatar&r=g\",\"caption\":\"Reda\u00e7\u00e3o RP\"},\"url\":\"https:\\\/\\\/revistadospneus.com\\\/pt\\\/author\\\/rpredacao\\\/\"}]}<\/script>\n<!-- \/ Yoast SEO plugin. -->","yoast_head_json":{"title":"AB Tyres e Matrax ganham for\u00e7a nos mercados internacionais - Revista dos Pneus","description":"A AB Tyres tem investido na marca pr\u00f3pria, Matrax elevando-a novos patamares, especialmente nos mercados do M\u00e9dio Oriente, \u00c1frica e \u00c1sia","robots":{"index":"index","follow":"follow","max-snippet":"max-snippet:-1","max-image-preview":"max-image-preview:large","max-video-preview":"max-video-preview:-1"},"canonical":"https:\/\/revistadospneus.com\/pt\/2025\/02\/25\/ab-tyres-e-matrax-ganham-forca-nos-mercados-internacionais\/","og_locale":"pt_PT","og_type":"article","og_title":"AB Tyres e Matrax ganham for\u00e7a nos mercados internacionais - Revista dos Pneus","og_description":"A AB Tyres tem investido na marca pr\u00f3pria, Matrax elevando-a novos patamares, especialmente nos mercados do M\u00e9dio Oriente, \u00c1frica e \u00c1sia","og_url":"https:\/\/revistadospneus.com\/pt\/2025\/02\/25\/ab-tyres-e-matrax-ganham-forca-nos-mercados-internacionais\/","og_site_name":"Revista dos Pneus","article_publisher":"https:\/\/www.facebook.com\/revistapneus","article_published_time":"2025-02-25T08:00:01+00:00","og_image":[{"width":1024,"height":581,"url":"https:\/\/revistadospneus.com\/pt\/wp-content\/uploads\/2025\/02\/AB-Tyres-e-Matrax-ganham-forca-nos-mercados-internacionais.jpeg","type":"image\/jpeg"}],"author":"Reda\u00e7\u00e3o RP","twitter_card":"summary_large_image","twitter_creator":"@revistapneus","twitter_site":"@revistapneus","twitter_misc":{"Escrito por":"Reda\u00e7\u00e3o RP","Tempo estimado de leitura":"4 minutos"},"schema":{"@context":"https:\/\/schema.org","@graph":[{"@type":"Article","@id":"https:\/\/revistadospneus.com\/pt\/2025\/02\/25\/ab-tyres-e-matrax-ganham-forca-nos-mercados-internacionais\/#article","isPartOf":{"@id":"https:\/\/revistadospneus.com\/pt\/2025\/02\/25\/ab-tyres-e-matrax-ganham-forca-nos-mercados-internacionais\/"},"author":{"name":"Reda\u00e7\u00e3o RP","@id":"https:\/\/revistadospneus.com\/pt\/#\/schema\/person\/9c602809538a614c26e5569d14ed6442"},"headline":"AB Tyres e Matrax ganham for\u00e7a nos mercados internacionais","datePublished":"2025-02-25T08:00:01+00:00","mainEntityOfPage":{"@id":"https:\/\/revistadospneus.com\/pt\/2025\/02\/25\/ab-tyres-e-matrax-ganham-forca-nos-mercados-internacionais\/"},"wordCount":562,"publisher":{"@id":"https:\/\/revistadospneus.com\/pt\/#organization"},"image":{"@id":"https:\/\/revistadospneus.com\/pt\/2025\/02\/25\/ab-tyres-e-matrax-ganham-forca-nos-mercados-internacionais\/#primaryimage"},"thumbnailUrl":"https:\/\/revistadospneus.com\/pt\/wp-content\/uploads\/2025\/02\/AB-Tyres-e-Matrax-ganham-forca-nos-mercados-internacionais.jpeg","keywords":["AB Tyres","Grupo Alves Bandeira","Investimento","marca pr\u00f3pria","Matrax","mercados internacionais"],"articleSection":["Empresas"],"inLanguage":"pt-PT"},{"@type":"WebPage","@id":"https:\/\/revistadospneus.com\/pt\/2025\/02\/25\/ab-tyres-e-matrax-ganham-forca-nos-mercados-internacionais\/","url":"https:\/\/revistadospneus.com\/pt\/2025\/02\/25\/ab-tyres-e-matrax-ganham-forca-nos-mercados-internacionais\/","name":"AB Tyres e Matrax ganham for\u00e7a nos mercados internacionais - Revista dos Pneus","isPartOf":{"@id":"https:\/\/revistadospneus.com\/pt\/#website"},"primaryImageOfPage":{"@id":"https:\/\/revistadospneus.com\/pt\/2025\/02\/25\/ab-tyres-e-matrax-ganham-forca-nos-mercados-internacionais\/#primaryimage"},"image":{"@id":"https:\/\/revistadospneus.com\/pt\/2025\/02\/25\/ab-tyres-e-matrax-ganham-forca-nos-mercados-internacionais\/#primaryimage"},"thumbnailUrl":"https:\/\/revistadospneus.com\/pt\/wp-content\/uploads\/2025\/02\/AB-Tyres-e-Matrax-ganham-forca-nos-mercados-internacionais.jpeg","datePublished":"2025-02-25T08:00:01+00:00","description":"A AB Tyres tem investido na marca pr\u00f3pria, Matrax elevando-a novos patamares, especialmente nos mercados do M\u00e9dio Oriente, \u00c1frica e \u00c1sia","breadcrumb":{"@id":"https:\/\/revistadospneus.com\/pt\/2025\/02\/25\/ab-tyres-e-matrax-ganham-forca-nos-mercados-internacionais\/#breadcrumb"},"inLanguage":"pt-PT","potentialAction":[{"@type":"ReadAction","target":["https:\/\/revistadospneus.com\/pt\/2025\/02\/25\/ab-tyres-e-matrax-ganham-forca-nos-mercados-internacionais\/"]}]},{"@type":"ImageObject","inLanguage":"pt-PT","@id":"https:\/\/revistadospneus.com\/pt\/2025\/02\/25\/ab-tyres-e-matrax-ganham-forca-nos-mercados-internacionais\/#primaryimage","url":"https:\/\/revistadospneus.com\/pt\/wp-content\/uploads\/2025\/02\/AB-Tyres-e-Matrax-ganham-forca-nos-mercados-internacionais.jpeg","contentUrl":"https:\/\/revistadospneus.com\/pt\/wp-content\/uploads\/2025\/02\/AB-Tyres-e-Matrax-ganham-forca-nos-mercados-internacionais.jpeg","width":1024,"height":581,"caption":"02 - AB Tyres e Matrax ganham forca nos mercados internacionais"},{"@type":"BreadcrumbList","@id":"https:\/\/revistadospneus.com\/pt\/2025\/02\/25\/ab-tyres-e-matrax-ganham-forca-nos-mercados-internacionais\/#breadcrumb","itemListElement":[{"@type":"ListItem","position":1,"name":"In\u00edcio","item":"https:\/\/revistadospneus.com\/pt\/"},{"@type":"ListItem","position":2,"name":"AB Tyres e Matrax ganham for\u00e7a nos mercados internacionais"}]},{"@type":"WebSite","@id":"https:\/\/revistadospneus.com\/pt\/#website","url":"https:\/\/revistadospneus.com\/pt\/","name":"Revista dos Pneus","description":"Revista independente de pneus e servi\u00e7os r\u00e1pidos","publisher":{"@id":"https:\/\/revistadospneus.com\/pt\/#organization"},"potentialAction":[{"@type":"SearchAction","target":{"@type":"EntryPoint","urlTemplate":"https:\/\/revistadospneus.com\/pt\/?s={search_term_string}"},"query-input":{"@type":"PropertyValueSpecification","valueRequired":true,"valueName":"search_term_string"}}],"inLanguage":"pt-PT"},{"@type":"Organization","@id":"https:\/\/revistadospneus.com\/pt\/#organization","name":"Revista dos Pneus","url":"https:\/\/revistadospneus.com\/pt\/","logo":{"@type":"ImageObject","inLanguage":"pt-PT","@id":"https:\/\/revistadospneus.com\/pt\/#\/schema\/logo\/image\/","url":"https:\/\/revistadospneus.com\/pt\/wp-content\/uploads\/logo2-1.png","contentUrl":"https:\/\/revistadospneus.com\/pt\/wp-content\/uploads\/logo2-1.png","width":216,"height":70,"caption":"Revista dos Pneus"},"image":{"@id":"https:\/\/revistadospneus.com\/pt\/#\/schema\/logo\/image\/"},"sameAs":["https:\/\/www.facebook.com\/revistapneus","https:\/\/x.com\/revistapneus","https:\/\/www.linkedin.com\/company\/jornal-das-oficinas\/","https:\/\/www.youtube.com\/channel\/UCbQZBqtcvV-oSQrr7RzINGg"]},{"@type":"Person","@id":"https:\/\/revistadospneus.com\/pt\/#\/schema\/person\/9c602809538a614c26e5569d14ed6442","name":"Reda\u00e7\u00e3o RP","image":{"@type":"ImageObject","inLanguage":"pt-PT","@id":"https:\/\/secure.gravatar.com\/avatar\/71f2fa71737ad68a84fea94bc708ddac8ea5b0c4788dc2ad202f3ccb2887742f?s=96&d=wp_user_avatar&r=g","url":"https:\/\/secure.gravatar.com\/avatar\/71f2fa71737ad68a84fea94bc708ddac8ea5b0c4788dc2ad202f3ccb2887742f?s=96&d=wp_user_avatar&r=g","contentUrl":"https:\/\/secure.gravatar.com\/avatar\/71f2fa71737ad68a84fea94bc708ddac8ea5b0c4788dc2ad202f3ccb2887742f?s=96&d=wp_user_avatar&r=g","caption":"Reda\u00e7\u00e3o RP"},"url":"https:\/\/revistadospneus.com\/pt\/author\/rpredacao\/"}]}},"_links":{"self":[{"href":"https:\/\/revistadospneus.com\/pt\/wp-json\/wp\/v2\/posts\/74377","targetHints":{"allow":["GET"]}}],"collection":[{"href":"https:\/\/revistadospneus.com\/pt\/wp-json\/wp\/v2\/posts"}],"about":[{"href":"https:\/\/revistadospneus.com\/pt\/wp-json\/wp\/v2\/types\/post"}],"author":[{"embeddable":true,"href":"https:\/\/revistadospneus.com\/pt\/wp-json\/wp\/v2\/users\/13"}],"replies":[{"embeddable":true,"href":"https:\/\/revistadospneus.com\/pt\/wp-json\/wp\/v2\/comments?post=74377"}],"version-history":[{"count":4,"href":"https:\/\/revistadospneus.com\/pt\/wp-json\/wp\/v2\/posts\/74377\/revisions"}],"predecessor-version":[{"id":74382,"href":"https:\/\/revistadospneus.com\/pt\/wp-json\/wp\/v2\/posts\/74377\/revisions\/74382"}],"wp:featuredmedia":[{"embeddable":true,"href":"https:\/\/revistadospneus.com\/pt\/wp-json\/wp\/v2\/media\/74381"}],"wp:attachment":[{"href":"https:\/\/revistadospneus.com\/pt\/wp-json\/wp\/v2\/media?parent=74377"}],"wp:term":[{"taxonomy":"category","embeddable":true,"href":"https:\/\/revistadospneus.com\/pt\/wp-json\/wp\/v2\/categories?post=74377"},{"taxonomy":"post_tag","embeddable":true,"href":"https:\/\/revistadospneus.com\/pt\/wp-json\/wp\/v2\/tags?post=74377"}],"curies":[{"name":"wp","href":"https:\/\/api.w.org\/{rel}","templated":true}]}}